{"id":151536,"date":"2021-02-16T11:19:19","date_gmt":"2021-02-16T11:19:19","guid":{"rendered":"http:\/\/candas365.es\/noticias\/?p=151536"},"modified":"2021-02-16T11:19:19","modified_gmt":"2021-02-16T11:19:19","slug":"enprendes-al-100-de-su-ocupacion","status":"publish","type":"post","link":"https:\/\/candas365.es\/noticias\/enprendes-al-100-de-su-ocupacion\/","title":{"rendered":"\u201cEnPrendes\u201d al 100% de su ocupaci\u00f3n"},"content":{"rendered":"<p><img fetchpriority=\"high\" decoding=\"async\" class=\"alignleft size-medium wp-image-151537\" src=\"https:\/\/candas365.es\/noticias\/wp-content\/uploads\/2021\/02\/EnPrendes-360x255.jpg\" alt=\"EnPrendes\" width=\"360\" height=\"255\" srcset=\"https:\/\/candas365.es\/noticias\/wp-content\/uploads\/2021\/02\/EnPrendes-360x255.jpg 360w, https:\/\/candas365.es\/noticias\/wp-content\/uploads\/2021\/02\/EnPrendes-650x461.jpg 650w, https:\/\/candas365.es\/noticias\/wp-content\/uploads\/2021\/02\/EnPrendes-768x544.jpg 768w, https:\/\/candas365.es\/noticias\/wp-content\/uploads\/2021\/02\/EnPrendes.jpg 933w\" sizes=\"(max-width: 360px) 100vw, 360px\" \/>La Residencia Empresarial <strong>\u201cEnPrendes\u201d llega al 100% de su ocupaci\u00f3n<\/strong>. De esta forma todos los espacios disponibles pasar\u00e1n a estar ocupados por empresas cuyo domicilio fiscal es el <strong>concejo de Carre\u00f1o<\/strong>.<\/p>\n<p>Se trata de Ewalait Services, S.L., una empresa, de reciente creaci\u00f3n, que se dedica a la asesor\u00eda sobre ciberseguridad y protecci\u00f3n de datos y que pasar\u00e1 a engrosar el listado de las compa\u00f1\u00edas que llevan a cabo su actividad empresarial desde este vivero de empresas ubicado en la parroquia de PrIendes.<\/p>\n<p>Situada en el edificio de las Antiguas Escuelas de Priendes, la Residencia Empresarial \u201cEnPrendes\u201d se cre\u00f3 en el a\u00f1o 2013 persiguiendo facilitar la puesta en marhca de nuevas microempresas, as\u00ed como ayudar econ\u00f3micamente a la consolidaci\u00f3n de empresas existentes en sus primeros a\u00f1os de andadura. Ofreciendo, alojamiento temporal de empresas a bajo coste en sus oficinas y espacios comunes.<\/p>\n<p>La Residencia cuenta con nueve oficinas con una superficie desde 9,70 a 21,30 metros cuadrados, en las que se pueden permanecer por un per\u00edodo de 5 a\u00f1os, aunque este per\u00edodo de tiempo puede ser superior al ser renovable. En funci\u00f3n de la dimensi\u00f3n del local asignado, los\/as empresarios\/as abonan al mes una cuota que va desde los 18,43 \u20ac a los 40,47 \u20ac durante el primer a\u00f1o.<\/p>\n<p>Esta cantidad ir\u00e1 increment\u00e1ndose progresivamente durante esos 5 a\u00f1os hasta situarse entre los 92,15 \u20ac al mes para la oficina m\u00e1s peque\u00f1a y los 202,35 \u20ac al mes para la oficina de mayor superficie en el quinto a\u00f1o de estancia en el Vivero de Empresas Municipal.<\/p>\n<p>&nbsp;<\/p>\n","protected":false},"excerpt":{"rendered":"<p>La Residencia Empresarial \u201cEnPrendes\u201d llega al 100% de su ocupaci\u00f3n. De esta forma todos los espacios disponibles pasar\u00e1n a estar ocupados por empresas cuyo domicilio fiscal es el concejo de Carre\u00f1o. Se trata de Ewalait Services, S.L., una empresa, de reciente creaci\u00f3n, que se dedica a la asesor\u00eda sobre ciberseguridad y protecci\u00f3n de datos y<\/p>\n","protected":false},"author":1,"featured_media":151537,"comment_status":"closed","ping_status":"closed","sticky":false,"template":"","format":"standard","meta":{"footnotes":""},"categories":[2],"tags":[],"class_list":{"0":"post-151536","1":"post","2":"type-post","3":"status-publish","4":"format-standard","5":"has-post-thumbnail","7":"category-noticias-carreno"},"aioseo_notices":[],"aioseo_head":"\n\t\t<!-- All in One SEO Pro 4.9.6.2 - aioseo.com -->\n\t<meta name=\"description\" content=\"Situada en el edificio de las Antiguas Escuelas de Priendes, la Residencia Empresarial \u201cEnPrendes\u201d se cre\u00f3 en el a\u00f1o 2013La Residencia Empresarial \u201cEnPrendes\u201d llega al 100% de su ocupaci\u00f3n. De esta forma todos los espacios disponibles pasar\u00e1n a estar ocupados por empresas cuyo domicilio fiscal es el concejo de Carre\u00f1o. Se trata de Ewalait Services, S.L., una empresa, de reciente creaci\u00f3n, que se dedica a la asesor\u00eda sobre ciberseguridad y protecci\u00f3n de datos y\" \/>\n\t<meta name=\"robots\" content=\"max-image-preview:large\" \/>\n\t<meta name=\"author\" content=\"Cand\u00e1s 365\"\/>\n\t<meta name=\"google-site-verification\" content=\"UA-32230408-1\" \/>\n\t<meta name=\"msvalidate.01\" content=\"354F3CDFB2DA171B47FBE9ABF1F88D5\" \/>\n\t<meta name=\"keywords\" content=\"noticias carre\u00f1o\" \/>\n\t<link rel=\"canonical\" href=\"https:\/\/candas365.es\/noticias\/enprendes-al-100-de-su-ocupacion\/\" \/>\n\t<meta name=\"generator\" content=\"All in One SEO Pro (AIOSEO) 4.9.6.2\" \/>\n\t\t<meta property=\"og:locale\" content=\"es_ES\" \/>\n\t\t<meta property=\"og:site_name\" content=\"Cand\u00e1s 365\" \/>\n\t\t<meta property=\"og:type\" content=\"article\" \/>\n\t\t<meta property=\"og:title\" content=\"\u201cEnPrendes\u201d al 100% de su ocupaci\u00f3n | Cand\u00e1s 365\" \/>\n\t\t<meta property=\"og:description\" content=\"Situada en el edificio de las Antiguas Escuelas de Priendes, la Residencia Empresarial \u201cEnPrendes\u201d se cre\u00f3 en el a\u00f1o 2013La Residencia Empresarial \u201cEnPrendes\u201d llega al 100% de su ocupaci\u00f3n. De esta forma todos los espacios disponibles pasar\u00e1n a estar ocupados por empresas cuyo domicilio fiscal es el concejo de Carre\u00f1o. Se trata de Ewalait Services, S.L., una empresa, de reciente creaci\u00f3n, que se dedica a la asesor\u00eda sobre ciberseguridad y protecci\u00f3n de datos y\" \/>\n\t\t<meta property=\"og:url\" content=\"https:\/\/candas365.es\/noticias\/enprendes-al-100-de-su-ocupacion\/\" \/>\n\t\t<meta property=\"og:image\" content=\"https:\/\/candas365.es\/noticias\/wp-content\/uploads\/2021\/02\/EnPrendes.jpg\" \/>\n\t\t<meta property=\"og:image:secure_url\" content=\"https:\/\/candas365.es\/noticias\/wp-content\/uploads\/2021\/02\/EnPrendes.jpg\" \/>\n\t\t<meta property=\"og:image:width\" content=\"933\" \/>\n\t\t<meta property=\"og:image:height\" content=\"661\" \/>\n\t\t<meta property=\"article:published_time\" content=\"2021-02-16T11:19:19+00:00\" \/>\n\t\t<meta property=\"article:modified_time\" content=\"2021-02-16T11:19:19+00:00\" \/>\n\t\t<meta property=\"article:publisher\" content=\"https:\/\/www.facebook.com\/Nachofdezber\" \/>\n\t\t<meta property=\"article:author\" content=\"https:\/\/www.facebook.com\/carrenoactualidad\" \/>\n\t\t<meta name=\"twitter:card\" content=\"summary_large_image\" \/>\n\t\t<meta name=\"twitter:site\" content=\"@NabercoDigital\" \/>\n\t\t<meta name=\"twitter:title\" content=\"\u201cEnPrendes\u201d al 100% de su ocupaci\u00f3n | Cand\u00e1s 365\" \/>\n\t\t<meta name=\"twitter:description\" content=\"Situada en el edificio de las Antiguas Escuelas de Priendes, la Residencia Empresarial \u201cEnPrendes\u201d se cre\u00f3 en el a\u00f1o 2013La Residencia Empresarial \u201cEnPrendes\u201d llega al 100% de su ocupaci\u00f3n. De esta forma todos los espacios disponibles pasar\u00e1n a estar ocupados por empresas cuyo domicilio fiscal es el concejo de Carre\u00f1o. Se trata de Ewalait Services, S.L., una empresa, de reciente creaci\u00f3n, que se dedica a la asesor\u00eda sobre ciberseguridad y protecci\u00f3n de datos y\" \/>\n\t\t<meta name=\"twitter:creator\" content=\"@nbasturias\" \/>\n\t\t<meta name=\"twitter:image\" content=\"https:\/\/candas365.es\/noticias\/wp-content\/uploads\/2021\/02\/EnPrendes.jpg\" \/>\n\t\t<meta name=\"twitter:label1\" content=\"Escrito por\" \/>\n\t\t<meta name=\"twitter:data1\" content=\"Cand\u00e1s 365\" \/>\n\t\t<meta name=\"twitter:label2\" content=\"Tiempo de lectura estimado\" \/>\n\t\t<meta name=\"twitter:data2\" content=\"1 minuto\" \/>\n\t\t<script type=\"application\/ld+json\" class=\"aioseo-schema\">\n\t\t\t{\"@context\":\"https:\\\/\\\/schema.org\",\"@graph\":[{\"@type\":\"BreadcrumbList\",\"@id\":\"https:\\\/\\\/candas365.es\\\/noticias\\\/enprendes-al-100-de-su-ocupacion\\\/#breadcrumblist\",\"itemListElement\":[{\"@type\":\"ListItem\",\"@id\":\"https:\\\/\\\/candas365.es\\\/noticias#listItem\",\"position\":1,\"name\":\"Home\",\"item\":\"https:\\\/\\\/candas365.es\\\/noticias\",\"nextItem\":{\"@type\":\"ListItem\",\"@id\":\"https:\\\/\\\/candas365.es\\\/noticias\\\/category\\\/noticias-carreno\\\/#listItem\",\"name\":\"Noticias Carre\\u00f1o\"}},{\"@type\":\"ListItem\",\"@id\":\"https:\\\/\\\/candas365.es\\\/noticias\\\/category\\\/noticias-carreno\\\/#listItem\",\"position\":2,\"name\":\"Noticias Carre\\u00f1o\",\"item\":\"https:\\\/\\\/candas365.es\\\/noticias\\\/category\\\/noticias-carreno\\\/\",\"nextItem\":{\"@type\":\"ListItem\",\"@id\":\"https:\\\/\\\/candas365.es\\\/noticias\\\/enprendes-al-100-de-su-ocupacion\\\/#listItem\",\"name\":\"\\u201cEnPrendes\\u201d al 100% de su ocupaci\\u00f3n\"},\"previousItem\":{\"@type\":\"ListItem\",\"@id\":\"https:\\\/\\\/candas365.es\\\/noticias#listItem\",\"name\":\"Home\"}},{\"@type\":\"ListItem\",\"@id\":\"https:\\\/\\\/candas365.es\\\/noticias\\\/enprendes-al-100-de-su-ocupacion\\\/#listItem\",\"position\":3,\"name\":\"\\u201cEnPrendes\\u201d al 100% de su ocupaci\\u00f3n\",\"previousItem\":{\"@type\":\"ListItem\",\"@id\":\"https:\\\/\\\/candas365.es\\\/noticias\\\/category\\\/noticias-carreno\\\/#listItem\",\"name\":\"Noticias Carre\\u00f1o\"}}]},{\"@type\":\"NewsArticle\",\"@id\":\"https:\\\/\\\/candas365.es\\\/noticias\\\/enprendes-al-100-de-su-ocupacion\\\/#newsarticle\",\"name\":\"\\u201cEnPrendes\\u201d al 100% de su ocupaci\\u00f3n | Cand\\u00e1s 365\",\"headline\":\"\\u201cEnPrendes\\u201d al 100% de su ocupaci\\u00f3n\",\"author\":{\"@id\":\"https:\\\/\\\/candas365.es\\\/noticias\\\/author\\\/admin\\\/#author\"},\"publisher\":{\"@id\":\"https:\\\/\\\/candas365.es\\\/noticias\\\/#organization\"},\"image\":{\"@type\":\"ImageObject\",\"url\":\"https:\\\/\\\/candas365.es\\\/noticias\\\/wp-content\\\/uploads\\\/2021\\\/02\\\/EnPrendes.jpg\",\"width\":933,\"height\":661,\"caption\":\"EnPrendes\"},\"datePublished\":\"2021-02-16T11:19:19+01:00\",\"dateModified\":\"2021-02-16T11:19:19+01:00\",\"inLanguage\":\"es-ES\",\"mainEntityOfPage\":{\"@id\":\"https:\\\/\\\/candas365.es\\\/noticias\\\/enprendes-al-100-de-su-ocupacion\\\/#webpage\"},\"isPartOf\":{\"@id\":\"https:\\\/\\\/candas365.es\\\/noticias\\\/enprendes-al-100-de-su-ocupacion\\\/#webpage\"},\"articleSection\":\"Noticias Carre\\u00f1o\",\"dateline\":\"Publicado el febrero 16, 2021.\"},{\"@type\":\"Organization\",\"@id\":\"https:\\\/\\\/candas365.es\\\/noticias\\\/#organization\",\"name\":\"Cand\\u00e1s 365\",\"description\":\"Cand\\u00e1s 365 es un diario digital independiente, fundado en 2012, con base en Asturias. Informamos con rigor sobre actualidad, sociedad, cultura y ocio, con una mirada local y global.\",\"url\":\"https:\\\/\\\/candas365.es\\\/noticias\\\/\",\"email\":\"info@candas365.es\",\"telephone\":\"+34652131393\",\"foundingDate\":\"2012-06-10\",\"logo\":{\"@type\":\"ImageObject\",\"url\":\"https:\\\/\\\/candas365.es\\\/noticias\\\/wp-content\\\/uploads\\\/2024\\\/09\\\/Candas-365-Redes.jpg\",\"@id\":\"https:\\\/\\\/candas365.es\\\/noticias\\\/enprendes-al-100-de-su-ocupacion\\\/#organizationLogo\",\"width\":1152,\"height\":864,\"caption\":\"Cand\\u00e1s 365 Redes\"},\"image\":{\"@id\":\"https:\\\/\\\/candas365.es\\\/noticias\\\/enprendes-al-100-de-su-ocupacion\\\/#organizationLogo\"},\"sameAs\":[\"https:\\\/\\\/www.facebook.com\\\/Nachofdezber\",\"https:\\\/\\\/x.com\\\/NabercoDigital\",\"https:\\\/\\\/www.instagram.com\\\/nachofdezber\\\/\",\"https:\\\/\\\/www.youtube.com\\\/channel\\\/UCZP-2wLEB9Rv6erhFmqVnvg\"],\"address\":{\"@id\":\"https:\\\/\\\/candas365.es\\\/noticias\\\/#postaladdress\",\"@type\":\"PostalAddress\",\"streetAddress\":\"san antonio 4, san antonio 4\",\"postalCode\":\"33430\",\"addressLocality\":\"Cand\\u00e1s\",\"addressRegion\":\"Asturias\",\"addressCountry\":\"ES\"}},{\"@type\":\"Person\",\"@id\":\"https:\\\/\\\/candas365.es\\\/noticias\\\/author\\\/admin\\\/#author\",\"url\":\"https:\\\/\\\/candas365.es\\\/noticias\\\/author\\\/admin\\\/\",\"name\":\"Cand\\u00e1s 365\",\"image\":{\"@type\":\"ImageObject\",\"@id\":\"https:\\\/\\\/candas365.es\\\/noticias\\\/enprendes-al-100-de-su-ocupacion\\\/#authorImage\",\"url\":\"https:\\\/\\\/secure.gravatar.com\\\/avatar\\\/496a8e03d0c493ede1718b7934145dbdf8d89be1036b0eec9544e1094c9de390?s=96&d=mm&r=g\",\"width\":96,\"height\":96,\"caption\":\"Cand\\u00e1s 365\"},\"sameAs\":[\"https:\\\/\\\/www.facebook.com\\\/carrenoactualidad\",\"https:\\\/\\\/twitter.com\\\/nbasturias\",\"https:\\\/\\\/www.instagram.com\\\/nachofdezber\\\/\",\"https:\\\/\\\/www.youtube.com\\\/channel\\\/UCZP-2wLEB9Rv6erhFmqVnvg\"]},{\"@type\":\"WebPage\",\"@id\":\"https:\\\/\\\/candas365.es\\\/noticias\\\/enprendes-al-100-de-su-ocupacion\\\/#webpage\",\"url\":\"https:\\\/\\\/candas365.es\\\/noticias\\\/enprendes-al-100-de-su-ocupacion\\\/\",\"name\":\"\\u201cEnPrendes\\u201d al 100% de su ocupaci\\u00f3n | Cand\\u00e1s 365\",\"description\":\"Situada en el edificio de las Antiguas Escuelas de Priendes, la Residencia Empresarial \\u201cEnPrendes\\u201d se cre\\u00f3 en el a\\u00f1o 2013La Residencia Empresarial \\u201cEnPrendes\\u201d llega al 100% de su ocupaci\\u00f3n. De esta forma todos los espacios disponibles pasar\\u00e1n a estar ocupados por empresas cuyo domicilio fiscal es el concejo de Carre\\u00f1o. Se trata de Ewalait Services, S.L., una empresa, de reciente creaci\\u00f3n, que se dedica a la asesor\\u00eda sobre ciberseguridad y protecci\\u00f3n de datos y\",\"inLanguage\":\"es-ES\",\"isPartOf\":{\"@id\":\"https:\\\/\\\/candas365.es\\\/noticias\\\/#website\"},\"breadcrumb\":{\"@id\":\"https:\\\/\\\/candas365.es\\\/noticias\\\/enprendes-al-100-de-su-ocupacion\\\/#breadcrumblist\"},\"author\":{\"@id\":\"https:\\\/\\\/candas365.es\\\/noticias\\\/author\\\/admin\\\/#author\"},\"creator\":{\"@id\":\"https:\\\/\\\/candas365.es\\\/noticias\\\/author\\\/admin\\\/#author\"},\"image\":{\"@type\":\"ImageObject\",\"url\":\"https:\\\/\\\/candas365.es\\\/noticias\\\/wp-content\\\/uploads\\\/2021\\\/02\\\/EnPrendes.jpg\",\"@id\":\"https:\\\/\\\/candas365.es\\\/noticias\\\/enprendes-al-100-de-su-ocupacion\\\/#mainImage\",\"width\":933,\"height\":661,\"caption\":\"EnPrendes\"},\"primaryImageOfPage\":{\"@id\":\"https:\\\/\\\/candas365.es\\\/noticias\\\/enprendes-al-100-de-su-ocupacion\\\/#mainImage\"},\"datePublished\":\"2021-02-16T11:19:19+01:00\",\"dateModified\":\"2021-02-16T11:19:19+01:00\"},{\"@type\":\"WebSite\",\"@id\":\"https:\\\/\\\/candas365.es\\\/noticias\\\/#website\",\"url\":\"https:\\\/\\\/candas365.es\\\/noticias\\\/\",\"name\":\"Cand\\u00e1s 365\",\"alternateName\":\"Cand\\u00e1s 365 Noticias\",\"description\":\"Actualidad desde Carre\\u00f1o para el mundo\",\"inLanguage\":\"es-ES\",\"publisher\":{\"@id\":\"https:\\\/\\\/candas365.es\\\/noticias\\\/#organization\"}}]}\n\t\t<\/script>\n\t\t<!-- All in One SEO Pro -->\r\n\t\t<title>\u201cEnPrendes\u201d al 100% de su ocupaci\u00f3n | Cand\u00e1s 365<\/title>\n\n","aioseo_head_json":{"title":"\u201cEnPrendes\u201d al 100% de su ocupaci\u00f3n | Cand\u00e1s 365","description":"Situada en el edificio de las Antiguas Escuelas de Priendes, la Residencia Empresarial \u201cEnPrendes\u201d se cre\u00f3 en el a\u00f1o 2013La Residencia Empresarial \u201cEnPrendes\u201d llega al 100% de su ocupaci\u00f3n. De esta forma todos los espacios disponibles pasar\u00e1n a estar ocupados por empresas cuyo domicilio fiscal es el concejo de Carre\u00f1o. Se trata de Ewalait Services, S.L., una empresa, de reciente creaci\u00f3n, que se dedica a la asesor\u00eda sobre ciberseguridad y protecci\u00f3n de datos y","canonical_url":"https:\/\/candas365.es\/noticias\/enprendes-al-100-de-su-ocupacion\/","robots":"max-image-preview:large","keywords":"noticias carre\u00f1o","webmasterTools":{"google-site-verification":"UA-32230408-1","msvalidate.01":"354F3CDFB2DA171B47FBE9ABF1F88D5","miscellaneous":""},"schema":{"@context":"https:\/\/schema.org","@graph":[{"@type":"BreadcrumbList","@id":"https:\/\/candas365.es\/noticias\/enprendes-al-100-de-su-ocupacion\/#breadcrumblist","itemListElement":[{"@type":"ListItem","@id":"https:\/\/candas365.es\/noticias#listItem","position":1,"name":"Home","item":"https:\/\/candas365.es\/noticias","nextItem":{"@type":"ListItem","@id":"https:\/\/candas365.es\/noticias\/category\/noticias-carreno\/#listItem","name":"Noticias Carre\u00f1o"}},{"@type":"ListItem","@id":"https:\/\/candas365.es\/noticias\/category\/noticias-carreno\/#listItem","position":2,"name":"Noticias Carre\u00f1o","item":"https:\/\/candas365.es\/noticias\/category\/noticias-carreno\/","nextItem":{"@type":"ListItem","@id":"https:\/\/candas365.es\/noticias\/enprendes-al-100-de-su-ocupacion\/#listItem","name":"\u201cEnPrendes\u201d al 100% de su ocupaci\u00f3n"},"previousItem":{"@type":"ListItem","@id":"https:\/\/candas365.es\/noticias#listItem","name":"Home"}},{"@type":"ListItem","@id":"https:\/\/candas365.es\/noticias\/enprendes-al-100-de-su-ocupacion\/#listItem","position":3,"name":"\u201cEnPrendes\u201d al 100% de su ocupaci\u00f3n","previousItem":{"@type":"ListItem","@id":"https:\/\/candas365.es\/noticias\/category\/noticias-carreno\/#listItem","name":"Noticias Carre\u00f1o"}}]},{"@type":"NewsArticle","@id":"https:\/\/candas365.es\/noticias\/enprendes-al-100-de-su-ocupacion\/#newsarticle","name":"\u201cEnPrendes\u201d al 100% de su ocupaci\u00f3n | Cand\u00e1s 365","headline":"\u201cEnPrendes\u201d al 100% de su ocupaci\u00f3n","author":{"@id":"https:\/\/candas365.es\/noticias\/author\/admin\/#author"},"publisher":{"@id":"https:\/\/candas365.es\/noticias\/#organization"},"image":{"@type":"ImageObject","url":"https:\/\/candas365.es\/noticias\/wp-content\/uploads\/2021\/02\/EnPrendes.jpg","width":933,"height":661,"caption":"EnPrendes"},"datePublished":"2021-02-16T11:19:19+01:00","dateModified":"2021-02-16T11:19:19+01:00","inLanguage":"es-ES","mainEntityOfPage":{"@id":"https:\/\/candas365.es\/noticias\/enprendes-al-100-de-su-ocupacion\/#webpage"},"isPartOf":{"@id":"https:\/\/candas365.es\/noticias\/enprendes-al-100-de-su-ocupacion\/#webpage"},"articleSection":"Noticias Carre\u00f1o","dateline":"Publicado el febrero 16, 2021."},{"@type":"Organization","@id":"https:\/\/candas365.es\/noticias\/#organization","name":"Cand\u00e1s 365","description":"Cand\u00e1s 365 es un diario digital independiente, fundado en 2012, con base en Asturias. Informamos con rigor sobre actualidad, sociedad, cultura y ocio, con una mirada local y global.","url":"https:\/\/candas365.es\/noticias\/","email":"info@candas365.es","telephone":"+34652131393","foundingDate":"2012-06-10","logo":{"@type":"ImageObject","url":"https:\/\/candas365.es\/noticias\/wp-content\/uploads\/2024\/09\/Candas-365-Redes.jpg","@id":"https:\/\/candas365.es\/noticias\/enprendes-al-100-de-su-ocupacion\/#organizationLogo","width":1152,"height":864,"caption":"Cand\u00e1s 365 Redes"},"image":{"@id":"https:\/\/candas365.es\/noticias\/enprendes-al-100-de-su-ocupacion\/#organizationLogo"},"sameAs":["https:\/\/www.facebook.com\/Nachofdezber","https:\/\/x.com\/NabercoDigital","https:\/\/www.instagram.com\/nachofdezber\/","https:\/\/www.youtube.com\/channel\/UCZP-2wLEB9Rv6erhFmqVnvg"],"address":{"@id":"https:\/\/candas365.es\/noticias\/#postaladdress","@type":"PostalAddress","streetAddress":"san antonio 4, san antonio 4","postalCode":"33430","addressLocality":"Cand\u00e1s","addressRegion":"Asturias","addressCountry":"ES"}},{"@type":"Person","@id":"https:\/\/candas365.es\/noticias\/author\/admin\/#author","url":"https:\/\/candas365.es\/noticias\/author\/admin\/","name":"Cand\u00e1s 365","image":{"@type":"ImageObject","@id":"https:\/\/candas365.es\/noticias\/enprendes-al-100-de-su-ocupacion\/#authorImage","url":"https:\/\/secure.gravatar.com\/avatar\/496a8e03d0c493ede1718b7934145dbdf8d89be1036b0eec9544e1094c9de390?s=96&d=mm&r=g","width":96,"height":96,"caption":"Cand\u00e1s 365"},"sameAs":["https:\/\/www.facebook.com\/carrenoactualidad","https:\/\/twitter.com\/nbasturias","https:\/\/www.instagram.com\/nachofdezber\/","https:\/\/www.youtube.com\/channel\/UCZP-2wLEB9Rv6erhFmqVnvg"]},{"@type":"WebPage","@id":"https:\/\/candas365.es\/noticias\/enprendes-al-100-de-su-ocupacion\/#webpage","url":"https:\/\/candas365.es\/noticias\/enprendes-al-100-de-su-ocupacion\/","name":"\u201cEnPrendes\u201d al 100% de su ocupaci\u00f3n | Cand\u00e1s 365","description":"Situada en el edificio de las Antiguas Escuelas de Priendes, la Residencia Empresarial \u201cEnPrendes\u201d se cre\u00f3 en el a\u00f1o 2013La Residencia Empresarial \u201cEnPrendes\u201d llega al 100% de su ocupaci\u00f3n. De esta forma todos los espacios disponibles pasar\u00e1n a estar ocupados por empresas cuyo domicilio fiscal es el concejo de Carre\u00f1o. Se trata de Ewalait Services, S.L., una empresa, de reciente creaci\u00f3n, que se dedica a la asesor\u00eda sobre ciberseguridad y protecci\u00f3n de datos y","inLanguage":"es-ES","isPartOf":{"@id":"https:\/\/candas365.es\/noticias\/#website"},"breadcrumb":{"@id":"https:\/\/candas365.es\/noticias\/enprendes-al-100-de-su-ocupacion\/#breadcrumblist"},"author":{"@id":"https:\/\/candas365.es\/noticias\/author\/admin\/#author"},"creator":{"@id":"https:\/\/candas365.es\/noticias\/author\/admin\/#author"},"image":{"@type":"ImageObject","url":"https:\/\/candas365.es\/noticias\/wp-content\/uploads\/2021\/02\/EnPrendes.jpg","@id":"https:\/\/candas365.es\/noticias\/enprendes-al-100-de-su-ocupacion\/#mainImage","width":933,"height":661,"caption":"EnPrendes"},"primaryImageOfPage":{"@id":"https:\/\/candas365.es\/noticias\/enprendes-al-100-de-su-ocupacion\/#mainImage"},"datePublished":"2021-02-16T11:19:19+01:00","dateModified":"2021-02-16T11:19:19+01:00"},{"@type":"WebSite","@id":"https:\/\/candas365.es\/noticias\/#website","url":"https:\/\/candas365.es\/noticias\/","name":"Cand\u00e1s 365","alternateName":"Cand\u00e1s 365 Noticias","description":"Actualidad desde Carre\u00f1o para el mundo","inLanguage":"es-ES","publisher":{"@id":"https:\/\/candas365.es\/noticias\/#organization"}}]},"og:locale":"es_ES","og:site_name":"Cand\u00e1s 365","og:type":"article","og:title":"\u201cEnPrendes\u201d al 100% de su ocupaci\u00f3n | Cand\u00e1s 365","og:description":"Situada en el edificio de las Antiguas Escuelas de Priendes, la Residencia Empresarial \u201cEnPrendes\u201d se cre\u00f3 en el a\u00f1o 2013La Residencia Empresarial \u201cEnPrendes\u201d llega al 100% de su ocupaci\u00f3n. De esta forma todos los espacios disponibles pasar\u00e1n a estar ocupados por empresas cuyo domicilio fiscal es el concejo de Carre\u00f1o. Se trata de Ewalait Services, S.L., una empresa, de reciente creaci\u00f3n, que se dedica a la asesor\u00eda sobre ciberseguridad y protecci\u00f3n de datos y","og:url":"https:\/\/candas365.es\/noticias\/enprendes-al-100-de-su-ocupacion\/","og:image":"https:\/\/candas365.es\/noticias\/wp-content\/uploads\/2021\/02\/EnPrendes.jpg","og:image:secure_url":"https:\/\/candas365.es\/noticias\/wp-content\/uploads\/2021\/02\/EnPrendes.jpg","og:image:width":933,"og:image:height":661,"article:published_time":"2021-02-16T11:19:19+00:00","article:modified_time":"2021-02-16T11:19:19+00:00","article:publisher":"https:\/\/www.facebook.com\/Nachofdezber","article:author":"https:\/\/www.facebook.com\/carrenoactualidad","twitter:card":"summary_large_image","twitter:site":"@NabercoDigital","twitter:title":"\u201cEnPrendes\u201d al 100% de su ocupaci\u00f3n | Cand\u00e1s 365","twitter:description":"Situada en el edificio de las Antiguas Escuelas de Priendes, la Residencia Empresarial \u201cEnPrendes\u201d se cre\u00f3 en el a\u00f1o 2013La Residencia Empresarial \u201cEnPrendes\u201d llega al 100% de su ocupaci\u00f3n. De esta forma todos los espacios disponibles pasar\u00e1n a estar ocupados por empresas cuyo domicilio fiscal es el concejo de Carre\u00f1o. Se trata de Ewalait Services, S.L., una empresa, de reciente creaci\u00f3n, que se dedica a la asesor\u00eda sobre ciberseguridad y protecci\u00f3n de datos y","twitter:creator":"@nbasturias","twitter:image":"https:\/\/candas365.es\/noticias\/wp-content\/uploads\/2021\/02\/EnPrendes.jpg","twitter:label1":"Escrito por","twitter:data1":"Cand\u00e1s 365","twitter:label2":"Tiempo de lectura estimado","twitter:data2":"1 minuto"},"aioseo_meta_data":{"post_id":"151536","title":null,"description":"Situada en el edificio de las Antiguas Escuelas de Priendes, la Residencia Empresarial \u201cEnPrendes\u201d se cre\u00f3 en el a\u00f1o 2013#post_excerpt","keywords":[{"label":"Noticias Carre\u00f1o","value":"Noticias Carre\u00f1o"}],"keyphrases":{"focus":[],"additional":[]},"primary_term":null,"canonical_url":null,"og_title":null,"og_description":null,"og_object_type":"default","og_image_type":"default","og_image_url":null,"og_image_width":null,"og_image_height":null,"og_image_custom_url":null,"og_image_custom_fields":null,"og_video":"","og_custom_url":null,"og_article_section":null,"og_article_tags":[],"twitter_use_og":false,"twitter_card":"default","twitter_image_type":"default","twitter_image_url":null,"twitter_image_custom_url":null,"twitter_image_custom_fields":null,"twitter_title":null,"twitter_description":null,"schema":{"blockGraphs":[],"customGraphs":[],"default":{"data":{"Article":[],"Course":[],"Dataset":[],"FAQPage":[],"Movie":[],"Person":[],"Product":[],"ProductReview":[],"Car":[],"Recipe":[],"Service":[],"SoftwareApplication":[],"WebPage":[]},"graphName":"","isEnabled":true},"graphs":[],"defaultGraph":"Article","defaultPostTypeGraph":""},"schema_type":"default","schema_type_options":"{\"article\":{\"articleType\":\"BlogPosting\"},\"course\":{\"name\":\"\",\"description\":\"\",\"provider\":\"\"},\"faq\":{\"pages\":[]},\"product\":{\"reviews\":[]},\"recipe\":{\"ingredients\":[],\"instructions\":[],\"keywords\":[]},\"software\":{\"reviews\":[],\"operatingSystems\":[]},\"webPage\":{\"webPageType\":\"WebPage\"}}","pillar_content":false,"robots_default":true,"robots_noindex":false,"robots_noarchive":false,"robots_nosnippet":false,"robots_nofollow":false,"robots_noimageindex":false,"robots_noodp":false,"robots_notranslate":false,"robots_max_snippet":"-1","robots_max_videopreview":"-1","robots_max_imagepreview":"large","priority":null,"frequency":"default","location":null,"local_seo":{"businessInfo":{"name":"","urls":{"website":"","aboutPage":"","contactPage":""},"address":{"line1":"","line2":"","zip":"","city":"","state":"","country":""},"contact":{"email":"","phone":"","fax":""},"ids":{"vatID":"","taxID":"","chamberID":""},"payment":{"priceIndication":"","currenciesAccepted":"","methodsAccepted":""},"areaServed":""},"openingHours":{"show":false,"closedLabel":"","open24h":false,"open24hLabel":"","open247":false,"use24hFormat":false,"twoSets":false,"timezone":"","hours":[]}},"seo_analyzer_scan_date":"2025-08-31 17:21:20","breadcrumb_settings":null,"limit_modified_date":false,"reviewed_by":null,"open_ai":null,"ai":null,"created":"2021-02-16 11:15:53","updated":"2025-08-31 17:21:20"},"aioseo_breadcrumb":"<div class=\"aioseo-breadcrumbs\"><span class=\"aioseo-breadcrumb\">\n\t<a href=\"https:\/\/candas365.es\/noticias\" title=\"Home\">Home<\/a>\n<\/span><span class=\"aioseo-breadcrumb-separator\">&ndash;<\/span><span class=\"aioseo-breadcrumb\">\n\t<a href=\"https:\/\/candas365.es\/noticias\/category\/noticias-carreno\/\" title=\"Noticias Carre\u00f1o\">Noticias Carre\u00f1o<\/a>\n<\/span><span class=\"aioseo-breadcrumb-separator\">&ndash;<\/span><span class=\"aioseo-breadcrumb\">\n\t\u201cEnPrendes\u201d al 100% de su ocupaci\u00f3n\n<\/span><\/div>","aioseo_breadcrumb_json":[{"label":"Home","link":"https:\/\/candas365.es\/noticias"},{"label":"Noticias Carre\u00f1o","link":"https:\/\/candas365.es\/noticias\/category\/noticias-carreno\/"},{"label":"\u201cEnPrendes\u201d al 100% de su ocupaci\u00f3n","link":"https:\/\/candas365.es\/noticias\/enprendes-al-100-de-su-ocupacion\/"}],"_links":{"self":[{"href":"https:\/\/candas365.es\/noticias\/wp-json\/wp\/v2\/posts\/151536","targetHints":{"allow":["GET"]}}],"collection":[{"href":"https:\/\/candas365.es\/noticias\/wp-json\/wp\/v2\/posts"}],"about":[{"href":"https:\/\/candas365.es\/noticias\/wp-json\/wp\/v2\/types\/post"}],"author":[{"embeddable":true,"href":"https:\/\/candas365.es\/noticias\/wp-json\/wp\/v2\/users\/1"}],"replies":[{"embeddable":true,"href":"https:\/\/candas365.es\/noticias\/wp-json\/wp\/v2\/comments?post=151536"}],"version-history":[{"count":0,"href":"https:\/\/candas365.es\/noticias\/wp-json\/wp\/v2\/posts\/151536\/revisions"}],"wp:featuredmedia":[{"embeddable":true,"href":"https:\/\/candas365.es\/noticias\/wp-json\/wp\/v2\/media\/151537"}],"wp:attachment":[{"href":"https:\/\/candas365.es\/noticias\/wp-json\/wp\/v2\/media?parent=151536"}],"wp:term":[{"taxonomy":"category","embeddable":true,"href":"https:\/\/candas365.es\/noticias\/wp-json\/wp\/v2\/categories?post=151536"},{"taxonomy":"post_tag","embeddable":true,"href":"https:\/\/candas365.es\/noticias\/wp-json\/wp\/v2\/tags?post=151536"}],"curies":[{"name":"wp","href":"https:\/\/api.w.org\/{rel}","templated":true}]}}