{"id":151351,"date":"2021-02-09T11:31:04","date_gmt":"2021-02-09T11:31:04","guid":{"rendered":"http:\/\/candas365.es\/noticias\/?p=151351"},"modified":"2021-02-09T11:31:04","modified_gmt":"2021-02-09T11:31:04","slug":"abierto-de-australia-nadal-arrasa","status":"publish","type":"post","link":"https:\/\/candas365.es\/noticias\/abierto-de-australia-nadal-arrasa\/","title":{"rendered":"Abierto de Australia: Nadal arrasa"},"content":{"rendered":"<p><img fetchpriority=\"high\" decoding=\"async\" class=\"alignleft size-medium wp-image-144500\" src=\"https:\/\/candas365.es\/noticias\/wp-content\/uploads\/2020\/07\/tennis-923659_640-360x270.jpg\" alt=\"\" width=\"360\" height=\"270\" srcset=\"https:\/\/candas365.es\/noticias\/wp-content\/uploads\/2020\/07\/tennis-923659_640-360x270.jpg 360w, https:\/\/candas365.es\/noticias\/wp-content\/uploads\/2020\/07\/tennis-923659_640-560x420.jpg 560w, https:\/\/candas365.es\/noticias\/wp-content\/uploads\/2020\/07\/tennis-923659_640-80x60.jpg 80w, https:\/\/candas365.es\/noticias\/wp-content\/uploads\/2020\/07\/tennis-923659_640-265x198.jpg 265w, https:\/\/candas365.es\/noticias\/wp-content\/uploads\/2020\/07\/tennis-923659_640.jpg 640w\" sizes=\"(max-width: 360px) 100vw, 360px\" \/>(EP) &#8211; El tenista espa\u00f1ol Rafa Nadal, n\u00famero dos del mundo, ha superado su estreno en el Abierto de Australia, primer &#8216;Grand Slam&#8217; de la temporada y que se disputa en Melbourne, al vencer con solvencia al serbio Laslo Djere en tres sets (6-3, 6-4, 6-1) en un partido en el que, sin embargo, acus\u00f3 molestias en la espalda que le obligaron incluso a cambiar el saque.<\/p>\n<p>El rotundo resultado ante el tenista balc\u00e1nico, que le dio el pase a una segunda ronda donde se enfrentar\u00e1 el pr\u00f3ximo jueves al estadounidense Michael Mmoh, dej\u00f3 en un segundo plano los dolores que el balear sufri\u00f3 durante el encuentro, que ya le impidieron participar en la pasada Copa ATP.<\/p>\n<p>Aun as\u00ed, el ganador del &#8216;grande oce\u00e1nico&#8217; en 2009 arranc\u00f3 con fuerza con un 3-0 y avanz\u00f3 hasta el 5-1 en el primer set, momento en el cual Djere materializ\u00f3 su \u00fanico &#8216;break&#8217; del duelo; ni eso fren\u00f3 a un Nadal lanzado a por la victoria en la Rod Laver Arena, donde aspira a convertirse en el hombre con m\u00e1s t\u00edtulos de &#8216;Grand Slam&#8217;.<\/p>\n<p>Un quiebre al comienzo de la segunda manga permiti\u00f3 al de Manacor afrontar con tranquilidad el parcial. Cuando sacaba con 5-4 para cerrar el set, el serbio dispuso de tres pelotas de rotura para alargar la lucha, pero Nadal evit\u00f3 la reacci\u00f3n.<\/p>\n<p>Ya en el tercer set, el espa\u00f1ol meti\u00f3 una marcha m\u00e1s y solo permiti\u00f3 a Djere ganar uno de sus servicios, poniendo fin a la contienda en menos de dos horas de juego. Ahora, se ver\u00e1 las caras en la siguiente ronda con el estadounidense Michael Mmoh, que super\u00f3 al serbio Viktor Troicki en un apretad\u00edsimo choque (7-6(3), 6-7(3), 3-6, 7-6(3), 7-5).<\/p>\n<h2><strong>ALCARAZ, FELICIANO, CARBALL\u00c9S Y AND\u00daJAR SIGUEN ADELANTE<\/strong><\/h2>\n<p>En cuanto al resto de la &#8216;Armada&#8217;, Carlos Alcaraz, Pablo And\u00fajar, Feliciano L\u00f3pez y Roberto Carball\u00e9s han conseguido avanzar a segunda ronda, mientras que Roberto Bautista y Mario Vilella se han despedido del &#8216;grande&#8217; oce\u00e1nico.<\/p>\n<p>Con solo 17 a\u00f1os y 19 d\u00edas, Carlos Alcaraz ha logrado este martes su primera victoria en un cuadro principal de &#8216;Grand Slam&#8217;, despu\u00e9s de apabullar al holand\u00e9s Botic Van de Zandschulp en solo tres sets (6-1, 6-4, 6-4) en solo una hora y 54 minutos de juego. Con ello, se ha convertido en el jugador m\u00e1s joven en ganar un partido de un &#8216;grande&#8217; desde que el australiano Thanasi Kokkinakis venci\u00f3 a Igor Sijsling en el Abierto de Australia 2014.<\/p>\n<p>El pupilo de Juan Carlos Ferrero inici\u00f3 con solvencia el primer parcial, en el que no se enfrent\u00f3 a puntos de &#8216;break&#8217; y en el que se vali\u00f3 de dos quiebres para adelantarse en el partido, y en el segundo no dej\u00f3 a su rival confirmar su primer quiebre con 3-3 y respondi\u00f3 con un &#8216;contrabreak&#8217; para llevarse la manga.<\/p>\n<p>En el tercer y definitivo set, el murciano tuvo que esperar hasta el noveno juego para firmar el vital &#8216;break&#8217; que facilit\u00f3 su victoria, en el tercer punto de partido, y su pase de ronda, en la que se enfrentar\u00e1 al sueco Mikael Ymer.<\/p>\n<p>Tambi\u00e9n se estren\u00f3 con triunfo Feliciano L\u00f3pez, que tuvo que remontar un primer set adverso ante el australiano Li Tu (6-7(1), 6-4, 7-6(4), 6-4). El toledano cay\u00f3 en el &#8216;tie-break&#8217; del parcial inaugural despu\u00e9s de que ninguno de los contendientes consiguiese romper el saque rival, pero igual\u00f3 la contienda al materializar dos roturas en el segundo.<\/p>\n<p>La muerte s\u00fabita cay\u00f3 esta vez a su favor en la tercera manga, y en la cuarta, supo reaccionar a un &#8216;break&#8217; en contra para sellar dos nuevos quiebres que le dieron la victoria y le citar\u00e1n con el italiano Lorenzo Sonego, que elimin\u00f3 al estadounidense Sam Querrey.<\/p>\n<p>Por su parte, Pablo And\u00fajar solvent\u00f3 su estreno ante el franc\u00e9s Quentin Halys (6-4, 7-5, 7-5) y se enfrentar\u00e1 en la segunda ronda con el serbio Filip Krajinovic. El conquense sali\u00f3 victorioso del intercambio de roturas que domin\u00f3 el primer set, y solo necesit\u00f3 dos &#8216;breaks&#8217; en los dos parciales restantes, ambos en el und\u00e9cimo juego, para poner fin al partido tras dos horas y cuarto.<\/p>\n<p>Adem\u00e1s, tambi\u00e9n est\u00e1 en la siguiente ronda Roberto Carball\u00e9s, al que tras vencer al h\u00fangaro Attila Balazs (7-5, 3-6, 6-2, 6-3) le espera un duro compromiso ante el n\u00famero cuatro del mundo, el ruso Daniil Medvedev. A pesar de encontrarse con un 5-2 en contra, el tinerfe\u00f1o dio la vuelta a la primera manga ganando cinco juegos consecutivos.<\/p>\n<p>Una solitaria rotura le hizo caer en el segundo set, pero ya no volvi\u00f3 a ceder al servicio; con dos quiebres en el cuarto y uno en el quinto, solvent\u00f3 con \u00e9xito su estreno en Melbourne.<\/p>\n<p>Menos fortuna tuvieron el castellonense Roberto Bautista, n\u00famero 13 del mundo y que no pudo defender su ventaja ante el moldavo Radu Albot (6-7(1), 6-0, 6-4, 7-6(5)), y el ilicitano Mario Vilella, que tuvo que retirarse por lesi\u00f3n en su partido ante el checo Tomas Machac (6-7(5), 7-5, 6-0, 3-0).<\/p>\n<p>&nbsp;<\/p>\n","protected":false},"excerpt":{"rendered":"<p>(EP) &#8211; El tenista espa\u00f1ol Rafa Nadal, n\u00famero dos del mundo, ha superado su estreno en el Abierto de Australia, primer &#8216;Grand Slam&#8217; de la temporada y que se disputa en Melbourne, al vencer con solvencia al serbio Laslo Djere en tres sets (6-3, 6-4, 6-1) en un partido en el que, sin embargo, acus\u00f3<\/p>\n","protected":false},"author":1,"featured_media":144500,"comment_status":"closed","ping_status":"closed","sticky":false,"template":"","format":"standard","meta":{"footnotes":""},"categories":[319],"tags":[],"class_list":{"0":"post-151351","1":"post","2":"type-post","3":"status-publish","4":"format-standard","5":"has-post-thumbnail","7":"category-deporte"},"aioseo_notices":[],"aioseo_head":"\n\t\t<!-- All in One SEO Pro 4.9.6.2 - aioseo.com -->\n\t<meta name=\"description\" content=\"El tenista espa\u00f1ol Rafa Nadal, n\u00famero dos del mundo, ha superado su estreno en el Abierto de Australia, primer &#039;Grand Slam&#039; de la temporada\" \/>\n\t<meta name=\"robots\" content=\"max-image-preview:large\" \/>\n\t<meta name=\"author\" content=\"Cand\u00e1s 365\"\/>\n\t<meta name=\"google-site-verification\" content=\"UA-32230408-1\" \/>\n\t<meta name=\"msvalidate.01\" content=\"354F3CDFB2DA171B47FBE9ABF1F88D5\" \/>\n\t<meta name=\"keywords\" content=\"nadal,tenis,deporte\" \/>\n\t<link rel=\"canonical\" href=\"https:\/\/candas365.es\/noticias\/abierto-de-australia-nadal-arrasa\/\" \/>\n\t<meta name=\"generator\" content=\"All in One SEO Pro (AIOSEO) 4.9.6.2\" \/>\n\t\t<meta property=\"og:locale\" content=\"es_ES\" \/>\n\t\t<meta property=\"og:site_name\" content=\"Cand\u00e1s 365\" \/>\n\t\t<meta property=\"og:type\" content=\"article\" \/>\n\t\t<meta property=\"og:title\" content=\"Abierto de Australia: Nadal arrasa | Cand\u00e1s 365\" \/>\n\t\t<meta property=\"og:description\" content=\"El tenista espa\u00f1ol Rafa Nadal, n\u00famero dos del mundo, ha superado su estreno en el Abierto de Australia, primer &#039;Grand Slam&#039; de la temporada\" \/>\n\t\t<meta property=\"og:url\" content=\"https:\/\/candas365.es\/noticias\/abierto-de-australia-nadal-arrasa\/\" \/>\n\t\t<meta property=\"og:image\" content=\"https:\/\/candas365.es\/noticias\/wp-content\/uploads\/2020\/07\/tennis-923659_640.jpg\" \/>\n\t\t<meta property=\"og:image:secure_url\" content=\"https:\/\/candas365.es\/noticias\/wp-content\/uploads\/2020\/07\/tennis-923659_640.jpg\" \/>\n\t\t<meta property=\"og:image:width\" content=\"640\" \/>\n\t\t<meta property=\"og:image:height\" content=\"480\" \/>\n\t\t<meta property=\"article:published_time\" content=\"2021-02-09T11:31:04+00:00\" \/>\n\t\t<meta property=\"article:modified_time\" content=\"2021-02-09T11:31:04+00:00\" \/>\n\t\t<meta property=\"article:publisher\" content=\"https:\/\/www.facebook.com\/Nachofdezber\" \/>\n\t\t<meta property=\"article:author\" content=\"https:\/\/www.facebook.com\/carrenoactualidad\" \/>\n\t\t<meta name=\"twitter:card\" content=\"summary_large_image\" \/>\n\t\t<meta name=\"twitter:site\" content=\"@NabercoDigital\" \/>\n\t\t<meta name=\"twitter:title\" content=\"Abierto de Australia: Nadal arrasa | Cand\u00e1s 365\" \/>\n\t\t<meta name=\"twitter:description\" content=\"El tenista espa\u00f1ol Rafa Nadal, n\u00famero dos del mundo, ha superado su estreno en el Abierto de Australia, primer &#039;Grand Slam&#039; de la temporada\" \/>\n\t\t<meta name=\"twitter:creator\" content=\"@nbasturias\" \/>\n\t\t<meta name=\"twitter:image\" content=\"https:\/\/candas365.es\/noticias\/wp-content\/uploads\/2020\/07\/tennis-923659_640.jpg\" \/>\n\t\t<meta name=\"twitter:label1\" content=\"Escrito por\" \/>\n\t\t<meta name=\"twitter:data1\" content=\"Cand\u00e1s 365\" \/>\n\t\t<meta name=\"twitter:label2\" content=\"Tiempo de lectura estimado\" \/>\n\t\t<meta name=\"twitter:data2\" content=\"4 minutos\" \/>\n\t\t<script type=\"application\/ld+json\" class=\"aioseo-schema\">\n\t\t\t{\"@context\":\"https:\\\/\\\/schema.org\",\"@graph\":[{\"@type\":\"BreadcrumbList\",\"@id\":\"https:\\\/\\\/candas365.es\\\/noticias\\\/abierto-de-australia-nadal-arrasa\\\/#breadcrumblist\",\"itemListElement\":[{\"@type\":\"ListItem\",\"@id\":\"https:\\\/\\\/candas365.es\\\/noticias#listItem\",\"position\":1,\"name\":\"Home\",\"item\":\"https:\\\/\\\/candas365.es\\\/noticias\",\"nextItem\":{\"@type\":\"ListItem\",\"@id\":\"https:\\\/\\\/candas365.es\\\/noticias\\\/category\\\/deporte\\\/#listItem\",\"name\":\"Deporte\"}},{\"@type\":\"ListItem\",\"@id\":\"https:\\\/\\\/candas365.es\\\/noticias\\\/category\\\/deporte\\\/#listItem\",\"position\":2,\"name\":\"Deporte\",\"item\":\"https:\\\/\\\/candas365.es\\\/noticias\\\/category\\\/deporte\\\/\",\"nextItem\":{\"@type\":\"ListItem\",\"@id\":\"https:\\\/\\\/candas365.es\\\/noticias\\\/abierto-de-australia-nadal-arrasa\\\/#listItem\",\"name\":\"Abierto de Australia: Nadal arrasa\"},\"previousItem\":{\"@type\":\"ListItem\",\"@id\":\"https:\\\/\\\/candas365.es\\\/noticias#listItem\",\"name\":\"Home\"}},{\"@type\":\"ListItem\",\"@id\":\"https:\\\/\\\/candas365.es\\\/noticias\\\/abierto-de-australia-nadal-arrasa\\\/#listItem\",\"position\":3,\"name\":\"Abierto de Australia: Nadal arrasa\",\"previousItem\":{\"@type\":\"ListItem\",\"@id\":\"https:\\\/\\\/candas365.es\\\/noticias\\\/category\\\/deporte\\\/#listItem\",\"name\":\"Deporte\"}}]},{\"@type\":\"NewsArticle\",\"@id\":\"https:\\\/\\\/candas365.es\\\/noticias\\\/abierto-de-australia-nadal-arrasa\\\/#newsarticle\",\"name\":\"Abierto de Australia: Nadal arrasa | Cand\\u00e1s 365\",\"headline\":\"Abierto de Australia: Nadal arrasa\",\"author\":{\"@id\":\"https:\\\/\\\/candas365.es\\\/noticias\\\/author\\\/admin\\\/#author\"},\"publisher\":{\"@id\":\"https:\\\/\\\/candas365.es\\\/noticias\\\/#organization\"},\"image\":{\"@type\":\"ImageObject\",\"url\":\"https:\\\/\\\/candas365.es\\\/noticias\\\/wp-content\\\/uploads\\\/2020\\\/07\\\/tennis-923659_640.jpg\",\"width\":640,\"height\":480,\"caption\":\"tennis\"},\"datePublished\":\"2021-02-09T11:31:04+01:00\",\"dateModified\":\"2021-02-09T11:31:04+01:00\",\"inLanguage\":\"es-ES\",\"mainEntityOfPage\":{\"@id\":\"https:\\\/\\\/candas365.es\\\/noticias\\\/abierto-de-australia-nadal-arrasa\\\/#webpage\"},\"isPartOf\":{\"@id\":\"https:\\\/\\\/candas365.es\\\/noticias\\\/abierto-de-australia-nadal-arrasa\\\/#webpage\"},\"articleSection\":\"Deporte\",\"dateline\":\"Publicado el febrero 9, 2021.\"},{\"@type\":\"Organization\",\"@id\":\"https:\\\/\\\/candas365.es\\\/noticias\\\/#organization\",\"name\":\"Cand\\u00e1s 365\",\"description\":\"Cand\\u00e1s 365 es un diario digital independiente, fundado en 2012, con base en Asturias. Informamos con rigor sobre actualidad, sociedad, cultura y ocio, con una mirada local y global.\",\"url\":\"https:\\\/\\\/candas365.es\\\/noticias\\\/\",\"email\":\"info@candas365.es\",\"telephone\":\"+34652131393\",\"foundingDate\":\"2012-06-10\",\"logo\":{\"@type\":\"ImageObject\",\"url\":\"https:\\\/\\\/candas365.es\\\/noticias\\\/wp-content\\\/uploads\\\/2024\\\/09\\\/Candas-365-Redes.jpg\",\"@id\":\"https:\\\/\\\/candas365.es\\\/noticias\\\/abierto-de-australia-nadal-arrasa\\\/#organizationLogo\",\"width\":1152,\"height\":864,\"caption\":\"Cand\\u00e1s 365 Redes\"},\"image\":{\"@id\":\"https:\\\/\\\/candas365.es\\\/noticias\\\/abierto-de-australia-nadal-arrasa\\\/#organizationLogo\"},\"sameAs\":[\"https:\\\/\\\/www.facebook.com\\\/Nachofdezber\",\"https:\\\/\\\/x.com\\\/NabercoDigital\",\"https:\\\/\\\/www.instagram.com\\\/nachofdezber\\\/\",\"https:\\\/\\\/www.youtube.com\\\/channel\\\/UCZP-2wLEB9Rv6erhFmqVnvg\"],\"address\":{\"@id\":\"https:\\\/\\\/candas365.es\\\/noticias\\\/#postaladdress\",\"@type\":\"PostalAddress\",\"streetAddress\":\"san antonio 4, san antonio 4\",\"postalCode\":\"33430\",\"addressLocality\":\"Cand\\u00e1s\",\"addressRegion\":\"Asturias\",\"addressCountry\":\"ES\"}},{\"@type\":\"Person\",\"@id\":\"https:\\\/\\\/candas365.es\\\/noticias\\\/author\\\/admin\\\/#author\",\"url\":\"https:\\\/\\\/candas365.es\\\/noticias\\\/author\\\/admin\\\/\",\"name\":\"Cand\\u00e1s 365\",\"image\":{\"@type\":\"ImageObject\",\"@id\":\"https:\\\/\\\/candas365.es\\\/noticias\\\/abierto-de-australia-nadal-arrasa\\\/#authorImage\",\"url\":\"https:\\\/\\\/secure.gravatar.com\\\/avatar\\\/496a8e03d0c493ede1718b7934145dbdf8d89be1036b0eec9544e1094c9de390?s=96&d=mm&r=g\",\"width\":96,\"height\":96,\"caption\":\"Cand\\u00e1s 365\"},\"sameAs\":[\"https:\\\/\\\/www.facebook.com\\\/carrenoactualidad\",\"https:\\\/\\\/twitter.com\\\/nbasturias\",\"https:\\\/\\\/www.instagram.com\\\/nachofdezber\\\/\",\"https:\\\/\\\/www.youtube.com\\\/channel\\\/UCZP-2wLEB9Rv6erhFmqVnvg\"]},{\"@type\":\"WebPage\",\"@id\":\"https:\\\/\\\/candas365.es\\\/noticias\\\/abierto-de-australia-nadal-arrasa\\\/#webpage\",\"url\":\"https:\\\/\\\/candas365.es\\\/noticias\\\/abierto-de-australia-nadal-arrasa\\\/\",\"name\":\"Abierto de Australia: Nadal arrasa | Cand\\u00e1s 365\",\"description\":\"El tenista espa\\u00f1ol Rafa Nadal, n\\u00famero dos del mundo, ha superado su estreno en el Abierto de Australia, primer 'Grand Slam' de la temporada\",\"inLanguage\":\"es-ES\",\"isPartOf\":{\"@id\":\"https:\\\/\\\/candas365.es\\\/noticias\\\/#website\"},\"breadcrumb\":{\"@id\":\"https:\\\/\\\/candas365.es\\\/noticias\\\/abierto-de-australia-nadal-arrasa\\\/#breadcrumblist\"},\"author\":{\"@id\":\"https:\\\/\\\/candas365.es\\\/noticias\\\/author\\\/admin\\\/#author\"},\"creator\":{\"@id\":\"https:\\\/\\\/candas365.es\\\/noticias\\\/author\\\/admin\\\/#author\"},\"image\":{\"@type\":\"ImageObject\",\"url\":\"https:\\\/\\\/candas365.es\\\/noticias\\\/wp-content\\\/uploads\\\/2020\\\/07\\\/tennis-923659_640.jpg\",\"@id\":\"https:\\\/\\\/candas365.es\\\/noticias\\\/abierto-de-australia-nadal-arrasa\\\/#mainImage\",\"width\":640,\"height\":480,\"caption\":\"tennis\"},\"primaryImageOfPage\":{\"@id\":\"https:\\\/\\\/candas365.es\\\/noticias\\\/abierto-de-australia-nadal-arrasa\\\/#mainImage\"},\"datePublished\":\"2021-02-09T11:31:04+01:00\",\"dateModified\":\"2021-02-09T11:31:04+01:00\"},{\"@type\":\"WebSite\",\"@id\":\"https:\\\/\\\/candas365.es\\\/noticias\\\/#website\",\"url\":\"https:\\\/\\\/candas365.es\\\/noticias\\\/\",\"name\":\"Cand\\u00e1s 365\",\"alternateName\":\"Cand\\u00e1s 365 Noticias\",\"description\":\"Actualidad desde Carre\\u00f1o para el mundo\",\"inLanguage\":\"es-ES\",\"publisher\":{\"@id\":\"https:\\\/\\\/candas365.es\\\/noticias\\\/#organization\"}}]}\n\t\t<\/script>\n\t\t<!-- All in One SEO Pro -->\r\n\t\t<title>Abierto de Australia: Nadal arrasa | Cand\u00e1s 365<\/title>\n\n","aioseo_head_json":{"title":"Abierto de Australia: Nadal arrasa | Cand\u00e1s 365","description":"El tenista espa\u00f1ol Rafa Nadal, n\u00famero dos del mundo, ha superado su estreno en el Abierto de Australia, primer 'Grand Slam' de la temporada","canonical_url":"https:\/\/candas365.es\/noticias\/abierto-de-australia-nadal-arrasa\/","robots":"max-image-preview:large","keywords":"nadal,tenis,deporte","webmasterTools":{"google-site-verification":"UA-32230408-1","msvalidate.01":"354F3CDFB2DA171B47FBE9ABF1F88D5","miscellaneous":""},"schema":{"@context":"https:\/\/schema.org","@graph":[{"@type":"BreadcrumbList","@id":"https:\/\/candas365.es\/noticias\/abierto-de-australia-nadal-arrasa\/#breadcrumblist","itemListElement":[{"@type":"ListItem","@id":"https:\/\/candas365.es\/noticias#listItem","position":1,"name":"Home","item":"https:\/\/candas365.es\/noticias","nextItem":{"@type":"ListItem","@id":"https:\/\/candas365.es\/noticias\/category\/deporte\/#listItem","name":"Deporte"}},{"@type":"ListItem","@id":"https:\/\/candas365.es\/noticias\/category\/deporte\/#listItem","position":2,"name":"Deporte","item":"https:\/\/candas365.es\/noticias\/category\/deporte\/","nextItem":{"@type":"ListItem","@id":"https:\/\/candas365.es\/noticias\/abierto-de-australia-nadal-arrasa\/#listItem","name":"Abierto de Australia: Nadal arrasa"},"previousItem":{"@type":"ListItem","@id":"https:\/\/candas365.es\/noticias#listItem","name":"Home"}},{"@type":"ListItem","@id":"https:\/\/candas365.es\/noticias\/abierto-de-australia-nadal-arrasa\/#listItem","position":3,"name":"Abierto de Australia: Nadal arrasa","previousItem":{"@type":"ListItem","@id":"https:\/\/candas365.es\/noticias\/category\/deporte\/#listItem","name":"Deporte"}}]},{"@type":"NewsArticle","@id":"https:\/\/candas365.es\/noticias\/abierto-de-australia-nadal-arrasa\/#newsarticle","name":"Abierto de Australia: Nadal arrasa | Cand\u00e1s 365","headline":"Abierto de Australia: Nadal arrasa","author":{"@id":"https:\/\/candas365.es\/noticias\/author\/admin\/#author"},"publisher":{"@id":"https:\/\/candas365.es\/noticias\/#organization"},"image":{"@type":"ImageObject","url":"https:\/\/candas365.es\/noticias\/wp-content\/uploads\/2020\/07\/tennis-923659_640.jpg","width":640,"height":480,"caption":"tennis"},"datePublished":"2021-02-09T11:31:04+01:00","dateModified":"2021-02-09T11:31:04+01:00","inLanguage":"es-ES","mainEntityOfPage":{"@id":"https:\/\/candas365.es\/noticias\/abierto-de-australia-nadal-arrasa\/#webpage"},"isPartOf":{"@id":"https:\/\/candas365.es\/noticias\/abierto-de-australia-nadal-arrasa\/#webpage"},"articleSection":"Deporte","dateline":"Publicado el febrero 9, 2021."},{"@type":"Organization","@id":"https:\/\/candas365.es\/noticias\/#organization","name":"Cand\u00e1s 365","description":"Cand\u00e1s 365 es un diario digital independiente, fundado en 2012, con base en Asturias. Informamos con rigor sobre actualidad, sociedad, cultura y ocio, con una mirada local y global.","url":"https:\/\/candas365.es\/noticias\/","email":"info@candas365.es","telephone":"+34652131393","foundingDate":"2012-06-10","logo":{"@type":"ImageObject","url":"https:\/\/candas365.es\/noticias\/wp-content\/uploads\/2024\/09\/Candas-365-Redes.jpg","@id":"https:\/\/candas365.es\/noticias\/abierto-de-australia-nadal-arrasa\/#organizationLogo","width":1152,"height":864,"caption":"Cand\u00e1s 365 Redes"},"image":{"@id":"https:\/\/candas365.es\/noticias\/abierto-de-australia-nadal-arrasa\/#organizationLogo"},"sameAs":["https:\/\/www.facebook.com\/Nachofdezber","https:\/\/x.com\/NabercoDigital","https:\/\/www.instagram.com\/nachofdezber\/","https:\/\/www.youtube.com\/channel\/UCZP-2wLEB9Rv6erhFmqVnvg"],"address":{"@id":"https:\/\/candas365.es\/noticias\/#postaladdress","@type":"PostalAddress","streetAddress":"san antonio 4, san antonio 4","postalCode":"33430","addressLocality":"Cand\u00e1s","addressRegion":"Asturias","addressCountry":"ES"}},{"@type":"Person","@id":"https:\/\/candas365.es\/noticias\/author\/admin\/#author","url":"https:\/\/candas365.es\/noticias\/author\/admin\/","name":"Cand\u00e1s 365","image":{"@type":"ImageObject","@id":"https:\/\/candas365.es\/noticias\/abierto-de-australia-nadal-arrasa\/#authorImage","url":"https:\/\/secure.gravatar.com\/avatar\/496a8e03d0c493ede1718b7934145dbdf8d89be1036b0eec9544e1094c9de390?s=96&d=mm&r=g","width":96,"height":96,"caption":"Cand\u00e1s 365"},"sameAs":["https:\/\/www.facebook.com\/carrenoactualidad","https:\/\/twitter.com\/nbasturias","https:\/\/www.instagram.com\/nachofdezber\/","https:\/\/www.youtube.com\/channel\/UCZP-2wLEB9Rv6erhFmqVnvg"]},{"@type":"WebPage","@id":"https:\/\/candas365.es\/noticias\/abierto-de-australia-nadal-arrasa\/#webpage","url":"https:\/\/candas365.es\/noticias\/abierto-de-australia-nadal-arrasa\/","name":"Abierto de Australia: Nadal arrasa | Cand\u00e1s 365","description":"El tenista espa\u00f1ol Rafa Nadal, n\u00famero dos del mundo, ha superado su estreno en el Abierto de Australia, primer 'Grand Slam' de la temporada","inLanguage":"es-ES","isPartOf":{"@id":"https:\/\/candas365.es\/noticias\/#website"},"breadcrumb":{"@id":"https:\/\/candas365.es\/noticias\/abierto-de-australia-nadal-arrasa\/#breadcrumblist"},"author":{"@id":"https:\/\/candas365.es\/noticias\/author\/admin\/#author"},"creator":{"@id":"https:\/\/candas365.es\/noticias\/author\/admin\/#author"},"image":{"@type":"ImageObject","url":"https:\/\/candas365.es\/noticias\/wp-content\/uploads\/2020\/07\/tennis-923659_640.jpg","@id":"https:\/\/candas365.es\/noticias\/abierto-de-australia-nadal-arrasa\/#mainImage","width":640,"height":480,"caption":"tennis"},"primaryImageOfPage":{"@id":"https:\/\/candas365.es\/noticias\/abierto-de-australia-nadal-arrasa\/#mainImage"},"datePublished":"2021-02-09T11:31:04+01:00","dateModified":"2021-02-09T11:31:04+01:00"},{"@type":"WebSite","@id":"https:\/\/candas365.es\/noticias\/#website","url":"https:\/\/candas365.es\/noticias\/","name":"Cand\u00e1s 365","alternateName":"Cand\u00e1s 365 Noticias","description":"Actualidad desde Carre\u00f1o para el mundo","inLanguage":"es-ES","publisher":{"@id":"https:\/\/candas365.es\/noticias\/#organization"}}]},"og:locale":"es_ES","og:site_name":"Cand\u00e1s 365","og:type":"article","og:title":"Abierto de Australia: Nadal arrasa | Cand\u00e1s 365","og:description":"El tenista espa\u00f1ol Rafa Nadal, n\u00famero dos del mundo, ha superado su estreno en el Abierto de Australia, primer 'Grand Slam' de la temporada","og:url":"https:\/\/candas365.es\/noticias\/abierto-de-australia-nadal-arrasa\/","og:image":"https:\/\/candas365.es\/noticias\/wp-content\/uploads\/2020\/07\/tennis-923659_640.jpg","og:image:secure_url":"https:\/\/candas365.es\/noticias\/wp-content\/uploads\/2020\/07\/tennis-923659_640.jpg","og:image:width":640,"og:image:height":480,"article:published_time":"2021-02-09T11:31:04+00:00","article:modified_time":"2021-02-09T11:31:04+00:00","article:publisher":"https:\/\/www.facebook.com\/Nachofdezber","article:author":"https:\/\/www.facebook.com\/carrenoactualidad","twitter:card":"summary_large_image","twitter:site":"@NabercoDigital","twitter:title":"Abierto de Australia: Nadal arrasa | Cand\u00e1s 365","twitter:description":"El tenista espa\u00f1ol Rafa Nadal, n\u00famero dos del mundo, ha superado su estreno en el Abierto de Australia, primer 'Grand Slam' de la temporada","twitter:creator":"@nbasturias","twitter:image":"https:\/\/candas365.es\/noticias\/wp-content\/uploads\/2020\/07\/tennis-923659_640.jpg","twitter:label1":"Escrito por","twitter:data1":"Cand\u00e1s 365","twitter:label2":"Tiempo de lectura estimado","twitter:data2":"4 minutos"},"aioseo_meta_data":{"post_id":"151351","title":null,"description":"El tenista espa\u00f1ol Rafa Nadal, n\u00famero dos del mundo, ha superado su estreno en el Abierto de Australia, primer 'Grand Slam' de la temporada","keywords":[{"label":"Nadal","value":"Nadal"},{"label":" Tenis","value":" Tenis"},{"label":" Deporte","value":" Deporte"}],"keyphrases":{"focus":[],"additional":[]},"primary_term":null,"canonical_url":null,"og_title":null,"og_description":null,"og_object_type":"default","og_image_type":"default","og_image_url":null,"og_image_width":null,"og_image_height":null,"og_image_custom_url":null,"og_image_custom_fields":null,"og_video":"","og_custom_url":null,"og_article_section":null,"og_article_tags":[],"twitter_use_og":false,"twitter_card":"default","twitter_image_type":"default","twitter_image_url":null,"twitter_image_custom_url":null,"twitter_image_custom_fields":null,"twitter_title":null,"twitter_description":null,"schema":{"blockGraphs":[],"customGraphs":[],"default":{"data":{"Article":[],"Course":[],"Dataset":[],"FAQPage":[],"Movie":[],"Person":[],"Product":[],"ProductReview":[],"Car":[],"Recipe":[],"Service":[],"SoftwareApplication":[],"WebPage":[]},"graphName":"","isEnabled":true},"graphs":[],"defaultGraph":"Article","defaultPostTypeGraph":""},"schema_type":"default","schema_type_options":"{\"article\":{\"articleType\":\"BlogPosting\"},\"course\":{\"name\":\"\",\"description\":\"\",\"provider\":\"\"},\"faq\":{\"pages\":[]},\"product\":{\"reviews\":[]},\"recipe\":{\"ingredients\":[],\"instructions\":[],\"keywords\":[]},\"software\":{\"reviews\":[],\"operatingSystems\":[]},\"webPage\":{\"webPageType\":\"WebPage\"}}","pillar_content":false,"robots_default":true,"robots_noindex":false,"robots_noarchive":false,"robots_nosnippet":false,"robots_nofollow":false,"robots_noimageindex":false,"robots_noodp":false,"robots_notranslate":false,"robots_max_snippet":"-1","robots_max_videopreview":"-1","robots_max_imagepreview":"large","priority":null,"frequency":"default","location":null,"local_seo":{"businessInfo":{"name":"","urls":{"website":"","aboutPage":"","contactPage":""},"address":{"line1":"","line2":"","zip":"","city":"","state":"","country":""},"contact":{"email":"","phone":"","fax":""},"ids":{"vatID":"","taxID":"","chamberID":""},"payment":{"priceIndication":"","currenciesAccepted":"","methodsAccepted":""},"areaServed":""},"openingHours":{"show":false,"closedLabel":"","open24h":false,"open24hLabel":"","open247":false,"use24hFormat":false,"twoSets":false,"timezone":"","hours":[]}},"seo_analyzer_scan_date":"2025-08-31 17:07:21","breadcrumb_settings":null,"limit_modified_date":false,"reviewed_by":null,"open_ai":null,"ai":null,"created":"2021-02-09 11:29:03","updated":"2025-08-31 17:07:21"},"aioseo_breadcrumb":"<div class=\"aioseo-breadcrumbs\"><span class=\"aioseo-breadcrumb\">\n\t<a href=\"https:\/\/candas365.es\/noticias\" title=\"Home\">Home<\/a>\n<\/span><span class=\"aioseo-breadcrumb-separator\">&ndash;<\/span><span class=\"aioseo-breadcrumb\">\n\t<a href=\"https:\/\/candas365.es\/noticias\/category\/deporte\/\" title=\"Deporte\">Deporte<\/a>\n<\/span><span class=\"aioseo-breadcrumb-separator\">&ndash;<\/span><span class=\"aioseo-breadcrumb\">\n\tAbierto de Australia: Nadal arrasa\n<\/span><\/div>","aioseo_breadcrumb_json":[{"label":"Home","link":"https:\/\/candas365.es\/noticias"},{"label":"Deporte","link":"https:\/\/candas365.es\/noticias\/category\/deporte\/"},{"label":"Abierto de Australia: Nadal arrasa","link":"https:\/\/candas365.es\/noticias\/abierto-de-australia-nadal-arrasa\/"}],"_links":{"self":[{"href":"https:\/\/candas365.es\/noticias\/wp-json\/wp\/v2\/posts\/151351","targetHints":{"allow":["GET"]}}],"collection":[{"href":"https:\/\/candas365.es\/noticias\/wp-json\/wp\/v2\/posts"}],"about":[{"href":"https:\/\/candas365.es\/noticias\/wp-json\/wp\/v2\/types\/post"}],"author":[{"embeddable":true,"href":"https:\/\/candas365.es\/noticias\/wp-json\/wp\/v2\/users\/1"}],"replies":[{"embeddable":true,"href":"https:\/\/candas365.es\/noticias\/wp-json\/wp\/v2\/comments?post=151351"}],"version-history":[{"count":0,"href":"https:\/\/candas365.es\/noticias\/wp-json\/wp\/v2\/posts\/151351\/revisions"}],"wp:featuredmedia":[{"embeddable":true,"href":"https:\/\/candas365.es\/noticias\/wp-json\/wp\/v2\/media\/144500"}],"wp:attachment":[{"href":"https:\/\/candas365.es\/noticias\/wp-json\/wp\/v2\/media?parent=151351"}],"wp:term":[{"taxonomy":"category","embeddable":true,"href":"https:\/\/candas365.es\/noticias\/wp-json\/wp\/v2\/categories?post=151351"},{"taxonomy":"post_tag","embeddable":true,"href":"https:\/\/candas365.es\/noticias\/wp-json\/wp\/v2\/tags?post=151351"}],"curies":[{"name":"wp","href":"https:\/\/api.w.org\/{rel}","templated":true}]}}