{"id":151348,"date":"2021-02-09T11:21:29","date_gmt":"2021-02-09T11:21:29","guid":{"rendered":"http:\/\/candas365.es\/noticias\/?p=151348"},"modified":"2021-02-09T11:21:29","modified_gmt":"2021-02-09T11:21:29","slug":"el-rcd-espanyol-no-pudo-seguir-la-estela-del-rcd-mallorca","status":"publish","type":"post","link":"https:\/\/candas365.es\/noticias\/el-rcd-espanyol-no-pudo-seguir-la-estela-del-rcd-mallorca\/","title":{"rendered":"El RCD Espanyol no pudo seguir la estela del RCD Mallorca"},"content":{"rendered":"<figure id=\"attachment_151349\" aria-describedby=\"caption-attachment-151349\" style=\"width: 360px\" class=\"wp-caption alignleft\"><img fetchpriority=\"high\" decoding=\"async\" class=\"wp-image-151349 size-medium\" src=\"https:\/\/candas365.es\/noticias\/wp-content\/uploads\/2021\/02\/Espanol-360x237.jpg\" alt=\"Espa\u00f1ol\" width=\"360\" height=\"237\" srcset=\"https:\/\/candas365.es\/noticias\/wp-content\/uploads\/2021\/02\/Espanol-360x237.jpg 360w, https:\/\/candas365.es\/noticias\/wp-content\/uploads\/2021\/02\/Espanol-650x428.jpg 650w, https:\/\/candas365.es\/noticias\/wp-content\/uploads\/2021\/02\/Espanol.jpg 746w\" sizes=\"(max-width: 360px) 100vw, 360px\" \/><figcaption id=\"caption-attachment-151349\" class=\"wp-caption-text\">Foto: LALIGA \/ Europa Press<\/figcaption><\/figure>\n<p>(EP) &#8211; El RCD Espanyol no pudo seguir la estela del RCD Mallorca en LaLiga SmartBank despu\u00e9s de <strong>alargar su mala racha de resultados este lunes en el Anxo Carro de Lugo<\/strong> donde s\u00f3lo pudo ara\u00f1ar un empate (1-1), en uno de los dos partidos que cerr\u00f3 la vigesimocuarta jornada.<\/p>\n<p>El conjunto de Pablo Moreno est\u00e1 ya a cinco puntos del bermell\u00f3n despu\u00e9s de encadenar su tercer partido sin ganar, aunque esta vez Ra\u00fal de Tom\u00e1s salv\u00f3 al menos un punto para los espanyolistas, ya alcanzados en la tabla tambi\u00e9n por el Almer\u00eda, con el que est\u00e1 empatado a 46 puntos.<\/p>\n<p><strong>El Lugo fue mejor en la primera parte y se fue al descanso por delante gracias a un gol de Campabadal a los nueve minutos<\/strong> y ante el que no tuvo reacci\u00f3n el Espanyol, aunque el VAR le anul\u00f3 por fuera de juego el empate de Puado.<\/p>\n<p>Tras el descanso, el equipo catal\u00e1n mejor\u00f3 algo y se aferr\u00f3 a su goleador De Tom\u00e1s para empatar tras una gran jugada de Puado. Los locales jugaron con diez los minutos finales por expulsi\u00f3n de Marcelo, pero los &#8216;pericos&#8217; no pudieron sacar partido a esa situaci\u00f3n.<\/p>\n<p>Adem\u00e1s, en el otro partido de este lunes, la Ponferradina sigue cerca del tren del &#8216;playoff&#8217; tras batir en El Toral\u00edn por 2-0 al Alcorc\u00f3n, que se hunde tras encadenar su quinta jornada sin ganar y s\u00f3lo un punto de los \u00faltimos 15. Yuri da Souza hizo los dos goles, el segundo de penalti, de los locales.<\/p>\n","protected":false},"excerpt":{"rendered":"<p>(EP) &#8211; El RCD Espanyol no pudo seguir la estela del RCD Mallorca en LaLiga SmartBank despu\u00e9s de alargar su mala racha de resultados este lunes en el Anxo Carro de Lugo donde s\u00f3lo pudo ara\u00f1ar un empate (1-1), en uno de los dos partidos que cerr\u00f3 la vigesimocuarta jornada. El conjunto de Pablo Moreno<\/p>\n","protected":false},"author":1,"featured_media":151349,"comment_status":"closed","ping_status":"closed","sticky":false,"template":"","format":"standard","meta":{"footnotes":""},"categories":[319],"tags":[],"class_list":{"0":"post-151348","1":"post","2":"type-post","3":"status-publish","4":"format-standard","5":"has-post-thumbnail","7":"category-deporte"},"aioseo_notices":[],"aioseo_head":"\n\t\t<!-- All in One SEO Pro 4.9.6.2 - aioseo.com -->\n\t<meta name=\"description\" content=\"El RCD Espanyol no pudo seguir la estela del RCD Mallorca en LaLiga SmartBank despu\u00e9s de alargar su mala racha de resultados(EP) - El RCD Espanyol no pudo seguir la estela del RCD Mallorca en LaLiga SmartBank despu\u00e9s de alargar su mala racha de resultados este lunes en el Anxo Carro de Lugo donde s\u00f3lo pudo ara\u00f1ar un empate (1-1), en uno de los dos partidos que cerr\u00f3 la vigesimocuarta jornada. El conjunto de Pablo Moreno\" \/>\n\t<meta name=\"robots\" content=\"max-image-preview:large\" \/>\n\t<meta name=\"author\" content=\"Cand\u00e1s 365\"\/>\n\t<meta name=\"google-site-verification\" content=\"UA-32230408-1\" \/>\n\t<meta name=\"msvalidate.01\" content=\"354F3CDFB2DA171B47FBE9ABF1F88D5\" \/>\n\t<meta name=\"keywords\" content=\"deporte,f\u00fatbol\" \/>\n\t<link rel=\"canonical\" href=\"https:\/\/candas365.es\/noticias\/el-rcd-espanyol-no-pudo-seguir-la-estela-del-rcd-mallorca\/\" \/>\n\t<meta name=\"generator\" content=\"All in One SEO Pro (AIOSEO) 4.9.6.2\" \/>\n\t\t<meta property=\"og:locale\" content=\"es_ES\" \/>\n\t\t<meta property=\"og:site_name\" content=\"Cand\u00e1s 365\" \/>\n\t\t<meta property=\"og:type\" content=\"article\" \/>\n\t\t<meta property=\"og:title\" content=\"El RCD Espanyol no pudo seguir la estela del RCD Mallorca | Cand\u00e1s 365\" \/>\n\t\t<meta property=\"og:description\" content=\"El RCD Espanyol no pudo seguir la estela del RCD Mallorca en LaLiga SmartBank despu\u00e9s de alargar su mala racha de resultados(EP) - El RCD Espanyol no pudo seguir la estela del RCD Mallorca en LaLiga SmartBank despu\u00e9s de alargar su mala racha de resultados este lunes en el Anxo Carro de Lugo donde s\u00f3lo pudo ara\u00f1ar un empate (1-1), en uno de los dos partidos que cerr\u00f3 la vigesimocuarta jornada. El conjunto de Pablo Moreno\" \/>\n\t\t<meta property=\"og:url\" content=\"https:\/\/candas365.es\/noticias\/el-rcd-espanyol-no-pudo-seguir-la-estela-del-rcd-mallorca\/\" \/>\n\t\t<meta property=\"og:image\" content=\"https:\/\/candas365.es\/noticias\/wp-content\/uploads\/2021\/02\/Espanol.jpg\" \/>\n\t\t<meta property=\"og:image:secure_url\" content=\"https:\/\/candas365.es\/noticias\/wp-content\/uploads\/2021\/02\/Espanol.jpg\" \/>\n\t\t<meta property=\"og:image:width\" content=\"746\" \/>\n\t\t<meta property=\"og:image:height\" content=\"491\" \/>\n\t\t<meta property=\"article:published_time\" content=\"2021-02-09T11:21:29+00:00\" \/>\n\t\t<meta property=\"article:modified_time\" content=\"2021-02-09T11:21:29+00:00\" \/>\n\t\t<meta property=\"article:publisher\" content=\"https:\/\/www.facebook.com\/Nachofdezber\" \/>\n\t\t<meta property=\"article:author\" content=\"https:\/\/www.facebook.com\/carrenoactualidad\" \/>\n\t\t<meta name=\"twitter:card\" content=\"summary_large_image\" \/>\n\t\t<meta name=\"twitter:site\" content=\"@NabercoDigital\" \/>\n\t\t<meta name=\"twitter:title\" content=\"El RCD Espanyol no pudo seguir la estela del RCD Mallorca | Cand\u00e1s 365\" \/>\n\t\t<meta name=\"twitter:description\" content=\"El RCD Espanyol no pudo seguir la estela del RCD Mallorca en LaLiga SmartBank despu\u00e9s de alargar su mala racha de resultados(EP) - El RCD Espanyol no pudo seguir la estela del RCD Mallorca en LaLiga SmartBank despu\u00e9s de alargar su mala racha de resultados este lunes en el Anxo Carro de Lugo donde s\u00f3lo pudo ara\u00f1ar un empate (1-1), en uno de los dos partidos que cerr\u00f3 la vigesimocuarta jornada. El conjunto de Pablo Moreno\" \/>\n\t\t<meta name=\"twitter:creator\" content=\"@nbasturias\" \/>\n\t\t<meta name=\"twitter:image\" content=\"https:\/\/candas365.es\/noticias\/wp-content\/uploads\/2021\/02\/Espanol.jpg\" \/>\n\t\t<meta name=\"twitter:label1\" content=\"Escrito por\" \/>\n\t\t<meta name=\"twitter:data1\" content=\"Cand\u00e1s 365\" \/>\n\t\t<meta name=\"twitter:label2\" content=\"Tiempo de lectura estimado\" \/>\n\t\t<meta name=\"twitter:data2\" content=\"1 minuto\" \/>\n\t\t<script type=\"application\/ld+json\" class=\"aioseo-schema\">\n\t\t\t{\"@context\":\"https:\\\/\\\/schema.org\",\"@graph\":[{\"@type\":\"BreadcrumbList\",\"@id\":\"https:\\\/\\\/candas365.es\\\/noticias\\\/el-rcd-espanyol-no-pudo-seguir-la-estela-del-rcd-mallorca\\\/#breadcrumblist\",\"itemListElement\":[{\"@type\":\"ListItem\",\"@id\":\"https:\\\/\\\/candas365.es\\\/noticias#listItem\",\"position\":1,\"name\":\"Home\",\"item\":\"https:\\\/\\\/candas365.es\\\/noticias\",\"nextItem\":{\"@type\":\"ListItem\",\"@id\":\"https:\\\/\\\/candas365.es\\\/noticias\\\/category\\\/deporte\\\/#listItem\",\"name\":\"Deporte\"}},{\"@type\":\"ListItem\",\"@id\":\"https:\\\/\\\/candas365.es\\\/noticias\\\/category\\\/deporte\\\/#listItem\",\"position\":2,\"name\":\"Deporte\",\"item\":\"https:\\\/\\\/candas365.es\\\/noticias\\\/category\\\/deporte\\\/\",\"nextItem\":{\"@type\":\"ListItem\",\"@id\":\"https:\\\/\\\/candas365.es\\\/noticias\\\/el-rcd-espanyol-no-pudo-seguir-la-estela-del-rcd-mallorca\\\/#listItem\",\"name\":\"El RCD Espanyol no pudo seguir la estela del RCD Mallorca\"},\"previousItem\":{\"@type\":\"ListItem\",\"@id\":\"https:\\\/\\\/candas365.es\\\/noticias#listItem\",\"name\":\"Home\"}},{\"@type\":\"ListItem\",\"@id\":\"https:\\\/\\\/candas365.es\\\/noticias\\\/el-rcd-espanyol-no-pudo-seguir-la-estela-del-rcd-mallorca\\\/#listItem\",\"position\":3,\"name\":\"El RCD Espanyol no pudo seguir la estela del RCD Mallorca\",\"previousItem\":{\"@type\":\"ListItem\",\"@id\":\"https:\\\/\\\/candas365.es\\\/noticias\\\/category\\\/deporte\\\/#listItem\",\"name\":\"Deporte\"}}]},{\"@type\":\"NewsArticle\",\"@id\":\"https:\\\/\\\/candas365.es\\\/noticias\\\/el-rcd-espanyol-no-pudo-seguir-la-estela-del-rcd-mallorca\\\/#newsarticle\",\"name\":\"El RCD Espanyol no pudo seguir la estela del RCD Mallorca | Cand\\u00e1s 365\",\"headline\":\"El RCD Espanyol no pudo seguir la estela del RCD Mallorca\",\"author\":{\"@id\":\"https:\\\/\\\/candas365.es\\\/noticias\\\/author\\\/admin\\\/#author\"},\"publisher\":{\"@id\":\"https:\\\/\\\/candas365.es\\\/noticias\\\/#organization\"},\"image\":{\"@type\":\"ImageObject\",\"url\":\"https:\\\/\\\/candas365.es\\\/noticias\\\/wp-content\\\/uploads\\\/2021\\\/02\\\/Espanol.jpg\",\"width\":746,\"height\":491,\"caption\":\"Espa\\u00f1ol\"},\"datePublished\":\"2021-02-09T11:21:29+01:00\",\"dateModified\":\"2021-02-09T11:21:29+01:00\",\"inLanguage\":\"es-ES\",\"mainEntityOfPage\":{\"@id\":\"https:\\\/\\\/candas365.es\\\/noticias\\\/el-rcd-espanyol-no-pudo-seguir-la-estela-del-rcd-mallorca\\\/#webpage\"},\"isPartOf\":{\"@id\":\"https:\\\/\\\/candas365.es\\\/noticias\\\/el-rcd-espanyol-no-pudo-seguir-la-estela-del-rcd-mallorca\\\/#webpage\"},\"articleSection\":\"Deporte\",\"dateline\":\"Publicado el febrero 9, 2021.\"},{\"@type\":\"Organization\",\"@id\":\"https:\\\/\\\/candas365.es\\\/noticias\\\/#organization\",\"name\":\"Cand\\u00e1s 365\",\"description\":\"Cand\\u00e1s 365 es un diario digital independiente, fundado en 2012, con base en Asturias. Informamos con rigor sobre actualidad, sociedad, cultura y ocio, con una mirada local y global.\",\"url\":\"https:\\\/\\\/candas365.es\\\/noticias\\\/\",\"email\":\"info@candas365.es\",\"telephone\":\"+34652131393\",\"foundingDate\":\"2012-06-10\",\"logo\":{\"@type\":\"ImageObject\",\"url\":\"https:\\\/\\\/candas365.es\\\/noticias\\\/wp-content\\\/uploads\\\/2024\\\/09\\\/Candas-365-Redes.jpg\",\"@id\":\"https:\\\/\\\/candas365.es\\\/noticias\\\/el-rcd-espanyol-no-pudo-seguir-la-estela-del-rcd-mallorca\\\/#organizationLogo\",\"width\":1152,\"height\":864,\"caption\":\"Cand\\u00e1s 365 Redes\"},\"image\":{\"@id\":\"https:\\\/\\\/candas365.es\\\/noticias\\\/el-rcd-espanyol-no-pudo-seguir-la-estela-del-rcd-mallorca\\\/#organizationLogo\"},\"sameAs\":[\"https:\\\/\\\/www.facebook.com\\\/Nachofdezber\",\"https:\\\/\\\/x.com\\\/NabercoDigital\",\"https:\\\/\\\/www.instagram.com\\\/nachofdezber\\\/\",\"https:\\\/\\\/www.youtube.com\\\/channel\\\/UCZP-2wLEB9Rv6erhFmqVnvg\"],\"address\":{\"@id\":\"https:\\\/\\\/candas365.es\\\/noticias\\\/#postaladdress\",\"@type\":\"PostalAddress\",\"streetAddress\":\"san antonio 4, san antonio 4\",\"postalCode\":\"33430\",\"addressLocality\":\"Cand\\u00e1s\",\"addressRegion\":\"Asturias\",\"addressCountry\":\"ES\"}},{\"@type\":\"Person\",\"@id\":\"https:\\\/\\\/candas365.es\\\/noticias\\\/author\\\/admin\\\/#author\",\"url\":\"https:\\\/\\\/candas365.es\\\/noticias\\\/author\\\/admin\\\/\",\"name\":\"Cand\\u00e1s 365\",\"image\":{\"@type\":\"ImageObject\",\"@id\":\"https:\\\/\\\/candas365.es\\\/noticias\\\/el-rcd-espanyol-no-pudo-seguir-la-estela-del-rcd-mallorca\\\/#authorImage\",\"url\":\"https:\\\/\\\/secure.gravatar.com\\\/avatar\\\/496a8e03d0c493ede1718b7934145dbdf8d89be1036b0eec9544e1094c9de390?s=96&d=mm&r=g\",\"width\":96,\"height\":96,\"caption\":\"Cand\\u00e1s 365\"},\"sameAs\":[\"https:\\\/\\\/www.facebook.com\\\/carrenoactualidad\",\"https:\\\/\\\/twitter.com\\\/nbasturias\",\"https:\\\/\\\/www.instagram.com\\\/nachofdezber\\\/\",\"https:\\\/\\\/www.youtube.com\\\/channel\\\/UCZP-2wLEB9Rv6erhFmqVnvg\"]},{\"@type\":\"WebPage\",\"@id\":\"https:\\\/\\\/candas365.es\\\/noticias\\\/el-rcd-espanyol-no-pudo-seguir-la-estela-del-rcd-mallorca\\\/#webpage\",\"url\":\"https:\\\/\\\/candas365.es\\\/noticias\\\/el-rcd-espanyol-no-pudo-seguir-la-estela-del-rcd-mallorca\\\/\",\"name\":\"El RCD Espanyol no pudo seguir la estela del RCD Mallorca | Cand\\u00e1s 365\",\"description\":\"El RCD Espanyol no pudo seguir la estela del RCD Mallorca en LaLiga SmartBank despu\\u00e9s de alargar su mala racha de resultados(EP) - El RCD Espanyol no pudo seguir la estela del RCD Mallorca en LaLiga SmartBank despu\\u00e9s de alargar su mala racha de resultados este lunes en el Anxo Carro de Lugo donde s\\u00f3lo pudo ara\\u00f1ar un empate (1-1), en uno de los dos partidos que cerr\\u00f3 la vigesimocuarta jornada. El conjunto de Pablo Moreno\",\"inLanguage\":\"es-ES\",\"isPartOf\":{\"@id\":\"https:\\\/\\\/candas365.es\\\/noticias\\\/#website\"},\"breadcrumb\":{\"@id\":\"https:\\\/\\\/candas365.es\\\/noticias\\\/el-rcd-espanyol-no-pudo-seguir-la-estela-del-rcd-mallorca\\\/#breadcrumblist\"},\"author\":{\"@id\":\"https:\\\/\\\/candas365.es\\\/noticias\\\/author\\\/admin\\\/#author\"},\"creator\":{\"@id\":\"https:\\\/\\\/candas365.es\\\/noticias\\\/author\\\/admin\\\/#author\"},\"image\":{\"@type\":\"ImageObject\",\"url\":\"https:\\\/\\\/candas365.es\\\/noticias\\\/wp-content\\\/uploads\\\/2021\\\/02\\\/Espanol.jpg\",\"@id\":\"https:\\\/\\\/candas365.es\\\/noticias\\\/el-rcd-espanyol-no-pudo-seguir-la-estela-del-rcd-mallorca\\\/#mainImage\",\"width\":746,\"height\":491,\"caption\":\"Espa\\u00f1ol\"},\"primaryImageOfPage\":{\"@id\":\"https:\\\/\\\/candas365.es\\\/noticias\\\/el-rcd-espanyol-no-pudo-seguir-la-estela-del-rcd-mallorca\\\/#mainImage\"},\"datePublished\":\"2021-02-09T11:21:29+01:00\",\"dateModified\":\"2021-02-09T11:21:29+01:00\"},{\"@type\":\"WebSite\",\"@id\":\"https:\\\/\\\/candas365.es\\\/noticias\\\/#website\",\"url\":\"https:\\\/\\\/candas365.es\\\/noticias\\\/\",\"name\":\"Cand\\u00e1s 365\",\"alternateName\":\"Cand\\u00e1s 365 Noticias\",\"description\":\"Actualidad desde Carre\\u00f1o para el mundo\",\"inLanguage\":\"es-ES\",\"publisher\":{\"@id\":\"https:\\\/\\\/candas365.es\\\/noticias\\\/#organization\"}}]}\n\t\t<\/script>\n\t\t<!-- All in One SEO Pro -->\r\n\t\t<title>El RCD Espanyol no pudo seguir la estela del RCD Mallorca | Cand\u00e1s 365<\/title>\n\n","aioseo_head_json":{"title":"El RCD Espanyol no pudo seguir la estela del RCD Mallorca | Cand\u00e1s 365","description":"El RCD Espanyol no pudo seguir la estela del RCD Mallorca en LaLiga SmartBank despu\u00e9s de alargar su mala racha de resultados(EP) - El RCD Espanyol no pudo seguir la estela del RCD Mallorca en LaLiga SmartBank despu\u00e9s de alargar su mala racha de resultados este lunes en el Anxo Carro de Lugo donde s\u00f3lo pudo ara\u00f1ar un empate (1-1), en uno de los dos partidos que cerr\u00f3 la vigesimocuarta jornada. El conjunto de Pablo Moreno","canonical_url":"https:\/\/candas365.es\/noticias\/el-rcd-espanyol-no-pudo-seguir-la-estela-del-rcd-mallorca\/","robots":"max-image-preview:large","keywords":"deporte,f\u00fatbol","webmasterTools":{"google-site-verification":"UA-32230408-1","msvalidate.01":"354F3CDFB2DA171B47FBE9ABF1F88D5","miscellaneous":""},"schema":{"@context":"https:\/\/schema.org","@graph":[{"@type":"BreadcrumbList","@id":"https:\/\/candas365.es\/noticias\/el-rcd-espanyol-no-pudo-seguir-la-estela-del-rcd-mallorca\/#breadcrumblist","itemListElement":[{"@type":"ListItem","@id":"https:\/\/candas365.es\/noticias#listItem","position":1,"name":"Home","item":"https:\/\/candas365.es\/noticias","nextItem":{"@type":"ListItem","@id":"https:\/\/candas365.es\/noticias\/category\/deporte\/#listItem","name":"Deporte"}},{"@type":"ListItem","@id":"https:\/\/candas365.es\/noticias\/category\/deporte\/#listItem","position":2,"name":"Deporte","item":"https:\/\/candas365.es\/noticias\/category\/deporte\/","nextItem":{"@type":"ListItem","@id":"https:\/\/candas365.es\/noticias\/el-rcd-espanyol-no-pudo-seguir-la-estela-del-rcd-mallorca\/#listItem","name":"El RCD Espanyol no pudo seguir la estela del RCD Mallorca"},"previousItem":{"@type":"ListItem","@id":"https:\/\/candas365.es\/noticias#listItem","name":"Home"}},{"@type":"ListItem","@id":"https:\/\/candas365.es\/noticias\/el-rcd-espanyol-no-pudo-seguir-la-estela-del-rcd-mallorca\/#listItem","position":3,"name":"El RCD Espanyol no pudo seguir la estela del RCD Mallorca","previousItem":{"@type":"ListItem","@id":"https:\/\/candas365.es\/noticias\/category\/deporte\/#listItem","name":"Deporte"}}]},{"@type":"NewsArticle","@id":"https:\/\/candas365.es\/noticias\/el-rcd-espanyol-no-pudo-seguir-la-estela-del-rcd-mallorca\/#newsarticle","name":"El RCD Espanyol no pudo seguir la estela del RCD Mallorca | Cand\u00e1s 365","headline":"El RCD Espanyol no pudo seguir la estela del RCD Mallorca","author":{"@id":"https:\/\/candas365.es\/noticias\/author\/admin\/#author"},"publisher":{"@id":"https:\/\/candas365.es\/noticias\/#organization"},"image":{"@type":"ImageObject","url":"https:\/\/candas365.es\/noticias\/wp-content\/uploads\/2021\/02\/Espanol.jpg","width":746,"height":491,"caption":"Espa\u00f1ol"},"datePublished":"2021-02-09T11:21:29+01:00","dateModified":"2021-02-09T11:21:29+01:00","inLanguage":"es-ES","mainEntityOfPage":{"@id":"https:\/\/candas365.es\/noticias\/el-rcd-espanyol-no-pudo-seguir-la-estela-del-rcd-mallorca\/#webpage"},"isPartOf":{"@id":"https:\/\/candas365.es\/noticias\/el-rcd-espanyol-no-pudo-seguir-la-estela-del-rcd-mallorca\/#webpage"},"articleSection":"Deporte","dateline":"Publicado el febrero 9, 2021."},{"@type":"Organization","@id":"https:\/\/candas365.es\/noticias\/#organization","name":"Cand\u00e1s 365","description":"Cand\u00e1s 365 es un diario digital independiente, fundado en 2012, con base en Asturias. Informamos con rigor sobre actualidad, sociedad, cultura y ocio, con una mirada local y global.","url":"https:\/\/candas365.es\/noticias\/","email":"info@candas365.es","telephone":"+34652131393","foundingDate":"2012-06-10","logo":{"@type":"ImageObject","url":"https:\/\/candas365.es\/noticias\/wp-content\/uploads\/2024\/09\/Candas-365-Redes.jpg","@id":"https:\/\/candas365.es\/noticias\/el-rcd-espanyol-no-pudo-seguir-la-estela-del-rcd-mallorca\/#organizationLogo","width":1152,"height":864,"caption":"Cand\u00e1s 365 Redes"},"image":{"@id":"https:\/\/candas365.es\/noticias\/el-rcd-espanyol-no-pudo-seguir-la-estela-del-rcd-mallorca\/#organizationLogo"},"sameAs":["https:\/\/www.facebook.com\/Nachofdezber","https:\/\/x.com\/NabercoDigital","https:\/\/www.instagram.com\/nachofdezber\/","https:\/\/www.youtube.com\/channel\/UCZP-2wLEB9Rv6erhFmqVnvg"],"address":{"@id":"https:\/\/candas365.es\/noticias\/#postaladdress","@type":"PostalAddress","streetAddress":"san antonio 4, san antonio 4","postalCode":"33430","addressLocality":"Cand\u00e1s","addressRegion":"Asturias","addressCountry":"ES"}},{"@type":"Person","@id":"https:\/\/candas365.es\/noticias\/author\/admin\/#author","url":"https:\/\/candas365.es\/noticias\/author\/admin\/","name":"Cand\u00e1s 365","image":{"@type":"ImageObject","@id":"https:\/\/candas365.es\/noticias\/el-rcd-espanyol-no-pudo-seguir-la-estela-del-rcd-mallorca\/#authorImage","url":"https:\/\/secure.gravatar.com\/avatar\/496a8e03d0c493ede1718b7934145dbdf8d89be1036b0eec9544e1094c9de390?s=96&d=mm&r=g","width":96,"height":96,"caption":"Cand\u00e1s 365"},"sameAs":["https:\/\/www.facebook.com\/carrenoactualidad","https:\/\/twitter.com\/nbasturias","https:\/\/www.instagram.com\/nachofdezber\/","https:\/\/www.youtube.com\/channel\/UCZP-2wLEB9Rv6erhFmqVnvg"]},{"@type":"WebPage","@id":"https:\/\/candas365.es\/noticias\/el-rcd-espanyol-no-pudo-seguir-la-estela-del-rcd-mallorca\/#webpage","url":"https:\/\/candas365.es\/noticias\/el-rcd-espanyol-no-pudo-seguir-la-estela-del-rcd-mallorca\/","name":"El RCD Espanyol no pudo seguir la estela del RCD Mallorca | Cand\u00e1s 365","description":"El RCD Espanyol no pudo seguir la estela del RCD Mallorca en LaLiga SmartBank despu\u00e9s de alargar su mala racha de resultados(EP) - El RCD Espanyol no pudo seguir la estela del RCD Mallorca en LaLiga SmartBank despu\u00e9s de alargar su mala racha de resultados este lunes en el Anxo Carro de Lugo donde s\u00f3lo pudo ara\u00f1ar un empate (1-1), en uno de los dos partidos que cerr\u00f3 la vigesimocuarta jornada. El conjunto de Pablo Moreno","inLanguage":"es-ES","isPartOf":{"@id":"https:\/\/candas365.es\/noticias\/#website"},"breadcrumb":{"@id":"https:\/\/candas365.es\/noticias\/el-rcd-espanyol-no-pudo-seguir-la-estela-del-rcd-mallorca\/#breadcrumblist"},"author":{"@id":"https:\/\/candas365.es\/noticias\/author\/admin\/#author"},"creator":{"@id":"https:\/\/candas365.es\/noticias\/author\/admin\/#author"},"image":{"@type":"ImageObject","url":"https:\/\/candas365.es\/noticias\/wp-content\/uploads\/2021\/02\/Espanol.jpg","@id":"https:\/\/candas365.es\/noticias\/el-rcd-espanyol-no-pudo-seguir-la-estela-del-rcd-mallorca\/#mainImage","width":746,"height":491,"caption":"Espa\u00f1ol"},"primaryImageOfPage":{"@id":"https:\/\/candas365.es\/noticias\/el-rcd-espanyol-no-pudo-seguir-la-estela-del-rcd-mallorca\/#mainImage"},"datePublished":"2021-02-09T11:21:29+01:00","dateModified":"2021-02-09T11:21:29+01:00"},{"@type":"WebSite","@id":"https:\/\/candas365.es\/noticias\/#website","url":"https:\/\/candas365.es\/noticias\/","name":"Cand\u00e1s 365","alternateName":"Cand\u00e1s 365 Noticias","description":"Actualidad desde Carre\u00f1o para el mundo","inLanguage":"es-ES","publisher":{"@id":"https:\/\/candas365.es\/noticias\/#organization"}}]},"og:locale":"es_ES","og:site_name":"Cand\u00e1s 365","og:type":"article","og:title":"El RCD Espanyol no pudo seguir la estela del RCD Mallorca | Cand\u00e1s 365","og:description":"El RCD Espanyol no pudo seguir la estela del RCD Mallorca en LaLiga SmartBank despu\u00e9s de alargar su mala racha de resultados(EP) - El RCD Espanyol no pudo seguir la estela del RCD Mallorca en LaLiga SmartBank despu\u00e9s de alargar su mala racha de resultados este lunes en el Anxo Carro de Lugo donde s\u00f3lo pudo ara\u00f1ar un empate (1-1), en uno de los dos partidos que cerr\u00f3 la vigesimocuarta jornada. El conjunto de Pablo Moreno","og:url":"https:\/\/candas365.es\/noticias\/el-rcd-espanyol-no-pudo-seguir-la-estela-del-rcd-mallorca\/","og:image":"https:\/\/candas365.es\/noticias\/wp-content\/uploads\/2021\/02\/Espanol.jpg","og:image:secure_url":"https:\/\/candas365.es\/noticias\/wp-content\/uploads\/2021\/02\/Espanol.jpg","og:image:width":746,"og:image:height":491,"article:published_time":"2021-02-09T11:21:29+00:00","article:modified_time":"2021-02-09T11:21:29+00:00","article:publisher":"https:\/\/www.facebook.com\/Nachofdezber","article:author":"https:\/\/www.facebook.com\/carrenoactualidad","twitter:card":"summary_large_image","twitter:site":"@NabercoDigital","twitter:title":"El RCD Espanyol no pudo seguir la estela del RCD Mallorca | Cand\u00e1s 365","twitter:description":"El RCD Espanyol no pudo seguir la estela del RCD Mallorca en LaLiga SmartBank despu\u00e9s de alargar su mala racha de resultados(EP) - El RCD Espanyol no pudo seguir la estela del RCD Mallorca en LaLiga SmartBank despu\u00e9s de alargar su mala racha de resultados este lunes en el Anxo Carro de Lugo donde s\u00f3lo pudo ara\u00f1ar un empate (1-1), en uno de los dos partidos que cerr\u00f3 la vigesimocuarta jornada. El conjunto de Pablo Moreno","twitter:creator":"@nbasturias","twitter:image":"https:\/\/candas365.es\/noticias\/wp-content\/uploads\/2021\/02\/Espanol.jpg","twitter:label1":"Escrito por","twitter:data1":"Cand\u00e1s 365","twitter:label2":"Tiempo de lectura estimado","twitter:data2":"1 minuto"},"aioseo_meta_data":{"post_id":"151348","title":null,"description":"El RCD Espanyol no pudo seguir la estela del RCD Mallorca en LaLiga SmartBank despu\u00e9s de alargar su mala racha de resultados#post_excerpt","keywords":[{"label":"Deporte","value":"Deporte"},{"label":" f\u00fatbol","value":" f\u00fatbol"}],"keyphrases":{"focus":[],"additional":[]},"primary_term":null,"canonical_url":null,"og_title":null,"og_description":null,"og_object_type":"default","og_image_type":"default","og_image_url":null,"og_image_width":null,"og_image_height":null,"og_image_custom_url":null,"og_image_custom_fields":null,"og_video":"","og_custom_url":null,"og_article_section":null,"og_article_tags":[],"twitter_use_og":false,"twitter_card":"default","twitter_image_type":"default","twitter_image_url":null,"twitter_image_custom_url":null,"twitter_image_custom_fields":null,"twitter_title":null,"twitter_description":null,"schema":{"blockGraphs":[],"customGraphs":[],"default":{"data":{"Article":[],"Course":[],"Dataset":[],"FAQPage":[],"Movie":[],"Person":[],"Product":[],"ProductReview":[],"Car":[],"Recipe":[],"Service":[],"SoftwareApplication":[],"WebPage":[]},"graphName":"","isEnabled":true},"graphs":[],"defaultGraph":"Article","defaultPostTypeGraph":""},"schema_type":"default","schema_type_options":"{\"article\":{\"articleType\":\"BlogPosting\"},\"course\":{\"name\":\"\",\"description\":\"\",\"provider\":\"\"},\"faq\":{\"pages\":[]},\"product\":{\"reviews\":[]},\"recipe\":{\"ingredients\":[],\"instructions\":[],\"keywords\":[]},\"software\":{\"reviews\":[],\"operatingSystems\":[]},\"webPage\":{\"webPageType\":\"WebPage\"}}","pillar_content":false,"robots_default":true,"robots_noindex":false,"robots_noarchive":false,"robots_nosnippet":false,"robots_nofollow":false,"robots_noimageindex":false,"robots_noodp":false,"robots_notranslate":false,"robots_max_snippet":"-1","robots_max_videopreview":"-1","robots_max_imagepreview":"large","priority":null,"frequency":"default","location":null,"local_seo":{"businessInfo":{"name":"","urls":{"website":"","aboutPage":"","contactPage":""},"address":{"line1":"","line2":"","zip":"","city":"","state":"","country":""},"contact":{"email":"","phone":"","fax":""},"ids":{"vatID":"","taxID":"","chamberID":""},"payment":{"priceIndication":"","currenciesAccepted":"","methodsAccepted":""},"areaServed":""},"openingHours":{"show":false,"closedLabel":"","open24h":false,"open24hLabel":"","open247":false,"use24hFormat":false,"twoSets":false,"timezone":"","hours":[]}},"seo_analyzer_scan_date":"2025-08-31 17:07:20","breadcrumb_settings":null,"limit_modified_date":false,"reviewed_by":null,"open_ai":null,"ai":null,"created":"2021-02-09 11:18:22","updated":"2025-08-31 17:07:20"},"aioseo_breadcrumb":"<div class=\"aioseo-breadcrumbs\"><span class=\"aioseo-breadcrumb\">\n\t<a href=\"https:\/\/candas365.es\/noticias\" title=\"Home\">Home<\/a>\n<\/span><span class=\"aioseo-breadcrumb-separator\">&ndash;<\/span><span class=\"aioseo-breadcrumb\">\n\t<a href=\"https:\/\/candas365.es\/noticias\/category\/deporte\/\" title=\"Deporte\">Deporte<\/a>\n<\/span><span class=\"aioseo-breadcrumb-separator\">&ndash;<\/span><span class=\"aioseo-breadcrumb\">\n\tEl RCD Espanyol no pudo seguir la estela del RCD Mallorca\n<\/span><\/div>","aioseo_breadcrumb_json":[{"label":"Home","link":"https:\/\/candas365.es\/noticias"},{"label":"Deporte","link":"https:\/\/candas365.es\/noticias\/category\/deporte\/"},{"label":"El RCD Espanyol no pudo seguir la estela del RCD Mallorca","link":"https:\/\/candas365.es\/noticias\/el-rcd-espanyol-no-pudo-seguir-la-estela-del-rcd-mallorca\/"}],"_links":{"self":[{"href":"https:\/\/candas365.es\/noticias\/wp-json\/wp\/v2\/posts\/151348","targetHints":{"allow":["GET"]}}],"collection":[{"href":"https:\/\/candas365.es\/noticias\/wp-json\/wp\/v2\/posts"}],"about":[{"href":"https:\/\/candas365.es\/noticias\/wp-json\/wp\/v2\/types\/post"}],"author":[{"embeddable":true,"href":"https:\/\/candas365.es\/noticias\/wp-json\/wp\/v2\/users\/1"}],"replies":[{"embeddable":true,"href":"https:\/\/candas365.es\/noticias\/wp-json\/wp\/v2\/comments?post=151348"}],"version-history":[{"count":0,"href":"https:\/\/candas365.es\/noticias\/wp-json\/wp\/v2\/posts\/151348\/revisions"}],"wp:featuredmedia":[{"embeddable":true,"href":"https:\/\/candas365.es\/noticias\/wp-json\/wp\/v2\/media\/151349"}],"wp:attachment":[{"href":"https:\/\/candas365.es\/noticias\/wp-json\/wp\/v2\/media?parent=151348"}],"wp:term":[{"taxonomy":"category","embeddable":true,"href":"https:\/\/candas365.es\/noticias\/wp-json\/wp\/v2\/categories?post=151348"},{"taxonomy":"post_tag","embeddable":true,"href":"https:\/\/candas365.es\/noticias\/wp-json\/wp\/v2\/tags?post=151348"}],"curies":[{"name":"wp","href":"https:\/\/api.w.org\/{rel}","templated":true}]}}