{"id":151346,"date":"2021-02-09T11:17:56","date_gmt":"2021-02-09T11:17:56","guid":{"rendered":"http:\/\/candas365.es\/noticias\/?p=151346"},"modified":"2021-02-09T11:17:56","modified_gmt":"2021-02-09T11:17:56","slug":"atletico-de-madrid-vs-celta-2-a-2","status":"publish","type":"post","link":"https:\/\/candas365.es\/noticias\/atletico-de-madrid-vs-celta-2-a-2\/","title":{"rendered":"Atl\u00e9tico de Madrid vs Celta: 2 a 2"},"content":{"rendered":"<p><img fetchpriority=\"high\" decoding=\"async\" class=\"alignleft size-medium wp-image-98026\" src=\"https:\/\/candas365.es\/noticias\/wp-content\/uploads\/2018\/06\/football-1406106_960_720-1-360x241.jpg\" alt=\"\" width=\"360\" height=\"241\" srcset=\"https:\/\/candas365.es\/noticias\/wp-content\/uploads\/2018\/06\/football-1406106_960_720-1-360x241.jpg 360w, https:\/\/candas365.es\/noticias\/wp-content\/uploads\/2018\/06\/football-1406106_960_720-1-768x514.jpg 768w, https:\/\/candas365.es\/noticias\/wp-content\/uploads\/2018\/06\/football-1406106_960_720-1-655x439.jpg 655w, https:\/\/candas365.es\/noticias\/wp-content\/uploads\/2018\/06\/football-1406106_960_720-1-696x466.jpg 696w, https:\/\/candas365.es\/noticias\/wp-content\/uploads\/2018\/06\/football-1406106_960_720-1-627x420.jpg 627w, https:\/\/candas365.es\/noticias\/wp-content\/uploads\/2018\/06\/football-1406106_960_720-1.jpg 960w\" sizes=\"(max-width: 360px) 100vw, 360px\" \/>(Europa Press) &#8211;\u00a0<strong>El Atl\u00e9tico de Madrid vio frenada su gran racha en LaLiga Santander 2020-2021<\/strong> y no pudo afianzar su liderato tras empatar este lunes a dos goles ante el Celta, en un partido que volvi\u00f3 a dejar a Luis Su\u00e1rez como gran protagonista con otro doblete, finalmente est\u00e9ril porque el conjunto gallego ara\u00f1\u00f3 un punto en el \u00faltimo suspiro.<\/p>\n<p>En un duelo marcado tanto en los d\u00edas previos como horas antes por el coronavirus, con dos nuevos positivos (Lemar y Herrera) conocidos el mismo d\u00eda del choque para un total de seis, el de Salto estuvo cerca de dar la novena victoria seguida y erigirse en la mejor vacuna para un equipo que parece tener el dep\u00f3sito lleno de confianza en este momento, pero no pudo evitar el tropiezo.<\/p>\n<p>16 goles suma ya el &#8216;9&#8217; rojiblanco, otro encuentro m\u00e1s en el sitio adecuado para culminar los dos mejores &#8216;chispazos&#8217; futbol\u00edsticos de los de Diego Pablo Simeone, superados en la primera parte, pero mejor en la segunda gracias en buena parte al psicol\u00f3gico empate y tambi\u00e9n a las modificaciones realizadas por el t\u00e9cnico argentino. Cerca estuvo el Atl\u00e9tico de seguir su marcha imperial, pero Facundo Ferreyra, uno de los refuerzos invernales c\u00e9lticos, se encarg\u00f3 de borrarle la sonrisa.<\/p>\n<p>El l\u00edder se top\u00f3 desde el pitido inicial con un partido muy complejo, sobre todo por m\u00e9rito de un Celta que fue atrevido y apret\u00f3 desde el principio a un equipo rojiblanco que not\u00f3 las bajas por el coronavirus. Los locales no encontraron la forma de mandar, maniatados sus principales jugadores y con Luis Su\u00e1rez desconectado.<\/p>\n<p>El conjunto de Eduardo Coudet fue muy agresivo y siempre mir\u00f3 hacia la porter\u00eda de Oblak, bien impulsado tanto por Hugo Mallo y Aar\u00f3n Mart\u00edn que no se cansaron de estirarse. Y en una de esas internadas, el capit\u00e1n envi\u00f3 un pase &#8216;envenenado&#8217; entre los centrales que remat\u00f3 con habilidad Santi Mina para premiar el buen comienzo c\u00e9ltico.<\/p>\n<p>El 0-1 no despert\u00f3 a los de Diego Pablo Simeone, cuyo novedoso once no terminaba de funcionar, con Kondogbia sin cuajar con Koke y Sa\u00fal, y con Llorente y Lodi sin replicar a sus pares rivales a la hora de dar la profundidad deseada por el costado. El Celta sigui\u00f3 teniendo el control, pero tampoco termin\u00f3 de ser una mayor amenaza para los colchoneros.<\/p>\n<p>El Atl\u00e9tico no pod\u00eda hacerse con la pelota, pero demostr\u00f3 que su confianza parece ahora irrompible y fue capaz de marcharse al descanso con el duelo igualado. El l\u00edder encontr\u00f3 por fin la forma de darle velocidad a su ataque y Correa conect\u00f3 con la primera aparici\u00f3n de un Llorente que encontr\u00f3 en su pase a un Luis Su\u00e1rez que sigue de &#8216;dulce&#8217; y que empuj\u00f3 a la red un bal\u00f3n que se pase\u00f3 ante la defensa visitante.<\/p>\n<p>Simeone reaccion\u00f3 durante el descanso y meti\u00f3 a Torreira por un nervioso Felipe para tratar de frenar el dominio del Celta. El efecto del cambio fue inmediato porque al poco de la reanudaci\u00f3n mandaba en el marcador con otro aparici\u00f3n de &#8216;9&#8217; de su &#8216;pichichi&#8217;, de nuevo en el lugar adecuado para &#8216;cazar&#8217; un buen pase al primer toque de Lodi.<\/p>\n<p>El Celta intent\u00f3 encajar este golpe y Aspas tuvo una gran opci\u00f3n de empatar, pero Kondogbia realiz\u00f3 un cruce magistral para evitarlo. Los de Coudet se animaron y se desplegaron con m\u00e1s alegr\u00eda hacia el \u00e1rea local, con el Atl\u00e9tico encontr\u00e1ndose ahora m\u00e1s a gusto con la ventaja y dejando la iniciativa a su rival.<\/p>\n<p>Pero los c\u00e9lticos, pese a los cambios introducidos, fueron incapaces de inquietar a Oblak y el Atl\u00e9tico parec\u00eda tener en su mano la novena victoria consecutiva y mantener su distancia con FC Barcelona y Real Madrid. Sin embargo, recul\u00f3 en exceso y Aspas meti\u00f3 un buen pase a Denis Su\u00e1rez para que est\u00e9 le sirviese en bandeja el empate final a Ferreyra.<\/p>\n<h2>FICHA T\u00c9CNICA.<\/h2>\n<p>RESULTADO: ATL\u00c9TICO DE MADRID, 2 &#8211; CELTA, 2 (1-1, al descanso).<\/p>\n<p>ALINEACIONES.<\/p>\n<p>ATL\u00c9TICO DE MADRID: Oblak; Llorente, Savic, Gim\u00e9nez, Felipe (Torreira, min.46), Lodi; Koke, Kondogbia, Sa\u00fal; Correa y Luis Su\u00e1rez.<\/p>\n<p>RC CELTA: Rub\u00e9n Blanco; Mallo, Araujo, Murillo, Aar\u00f3n; Tapia, Brais M\u00e9ndez, Denis Su\u00e1rez, Nolito (Solari, min.69); Aspas y Santi Mina (Ferreyra, min.76).<\/p>\n<p>GOLES.<\/p>\n<p>0-1, minuto 13. Santi Mina.<\/p>\n<p>1-1, minuto 45. Luis Su\u00e1rez.<\/p>\n<p>2-1, minuto 50. Luis Su\u00e1rez.<\/p>\n<p>2-2, minuto 89. Ferreyra.<\/p>\n<p>\u00c1RBITRO: Cuadra Fern\u00e1ndez (C.Balear). Amonest\u00f3 a Felipe (min.23) y Gim\u00e9nez (min.67), por el Atl\u00e9tico, y a Tapia (min.5), Denis Su\u00e1rez (min.78) y al t\u00e9cnico Eduardo Coudet (min.80), por el Celta.<\/p>\n<p>ESTADIO: Wanda Metropolitano.<\/p>\n<p>&nbsp;<\/p>\n","protected":false},"excerpt":{"rendered":"<p>(Europa Press) &#8211;\u00a0El Atl\u00e9tico de Madrid vio frenada su gran racha en LaLiga Santander 2020-2021 y no pudo afianzar su liderato tras empatar este lunes a dos goles ante el Celta, en un partido que volvi\u00f3 a dejar a Luis Su\u00e1rez como gran protagonista con otro doblete, finalmente est\u00e9ril porque el conjunto gallego ara\u00f1\u00f3 un<\/p>\n","protected":false},"author":1,"featured_media":98026,"comment_status":"closed","ping_status":"closed","sticky":false,"template":"","format":"standard","meta":{"footnotes":""},"categories":[319],"tags":[],"class_list":{"0":"post-151346","1":"post","2":"type-post","3":"status-publish","4":"format-standard","5":"has-post-thumbnail","7":"category-deporte"},"aioseo_notices":[],"aioseo_head":"\n\t\t<!-- All in One SEO Pro 4.9.6.2 - aioseo.com -->\n\t<meta name=\"description\" content=\"El Atl\u00e9tico de Madrid vio frenada su gran racha en LaLiga Santander 2020-2021 y no pudo afianzar su liderato tras empatar este lunes a dos goles ante el Celta(Europa Press) - El Atl\u00e9tico de Madrid vio frenada su gran racha en LaLiga Santander 2020-2021 y no pudo afianzar su liderato tras empatar este lunes a dos goles ante el Celta, en un partido que volvi\u00f3 a dejar a Luis Su\u00e1rez como gran protagonista con otro doblete, finalmente est\u00e9ril porque el conjunto gallego ara\u00f1\u00f3 un\" \/>\n\t<meta name=\"robots\" content=\"max-image-preview:large\" \/>\n\t<meta name=\"author\" content=\"Cand\u00e1s 365\"\/>\n\t<meta name=\"google-site-verification\" content=\"UA-32230408-1\" \/>\n\t<meta name=\"msvalidate.01\" content=\"354F3CDFB2DA171B47FBE9ABF1F88D5\" \/>\n\t<meta name=\"keywords\" content=\"deporte,f\u00fatbol\" \/>\n\t<link rel=\"canonical\" href=\"https:\/\/candas365.es\/noticias\/atletico-de-madrid-vs-celta-2-a-2\/\" \/>\n\t<meta name=\"generator\" content=\"All in One SEO Pro (AIOSEO) 4.9.6.2\" \/>\n\t\t<meta property=\"og:locale\" content=\"es_ES\" \/>\n\t\t<meta property=\"og:site_name\" content=\"Cand\u00e1s 365\" \/>\n\t\t<meta property=\"og:type\" content=\"article\" \/>\n\t\t<meta property=\"og:title\" content=\"Atl\u00e9tico de Madrid vs Celta: 2 a 2 | Cand\u00e1s 365\" \/>\n\t\t<meta property=\"og:description\" content=\"El Atl\u00e9tico de Madrid vio frenada su gran racha en LaLiga Santander 2020-2021 y no pudo afianzar su liderato tras empatar este lunes a dos goles ante el Celta(Europa Press) - El Atl\u00e9tico de Madrid vio frenada su gran racha en LaLiga Santander 2020-2021 y no pudo afianzar su liderato tras empatar este lunes a dos goles ante el Celta, en un partido que volvi\u00f3 a dejar a Luis Su\u00e1rez como gran protagonista con otro doblete, finalmente est\u00e9ril porque el conjunto gallego ara\u00f1\u00f3 un\" \/>\n\t\t<meta property=\"og:url\" content=\"https:\/\/candas365.es\/noticias\/atletico-de-madrid-vs-celta-2-a-2\/\" \/>\n\t\t<meta property=\"og:image\" content=\"https:\/\/candas365.es\/noticias\/wp-content\/uploads\/2018\/06\/football-1406106_960_720-1.jpg\" \/>\n\t\t<meta property=\"og:image:secure_url\" content=\"https:\/\/candas365.es\/noticias\/wp-content\/uploads\/2018\/06\/football-1406106_960_720-1.jpg\" \/>\n\t\t<meta property=\"og:image:width\" content=\"960\" \/>\n\t\t<meta property=\"og:image:height\" content=\"643\" \/>\n\t\t<meta property=\"article:published_time\" content=\"2021-02-09T11:17:56+00:00\" \/>\n\t\t<meta property=\"article:modified_time\" content=\"2021-02-09T11:17:56+00:00\" \/>\n\t\t<meta property=\"article:publisher\" content=\"https:\/\/www.facebook.com\/Nachofdezber\" \/>\n\t\t<meta property=\"article:author\" content=\"https:\/\/www.facebook.com\/carrenoactualidad\" \/>\n\t\t<meta name=\"twitter:card\" content=\"summary_large_image\" \/>\n\t\t<meta name=\"twitter:site\" content=\"@NabercoDigital\" \/>\n\t\t<meta name=\"twitter:title\" content=\"Atl\u00e9tico de Madrid vs Celta: 2 a 2 | Cand\u00e1s 365\" \/>\n\t\t<meta name=\"twitter:description\" content=\"El Atl\u00e9tico de Madrid vio frenada su gran racha en LaLiga Santander 2020-2021 y no pudo afianzar su liderato tras empatar este lunes a dos goles ante el Celta(Europa Press) - El Atl\u00e9tico de Madrid vio frenada su gran racha en LaLiga Santander 2020-2021 y no pudo afianzar su liderato tras empatar este lunes a dos goles ante el Celta, en un partido que volvi\u00f3 a dejar a Luis Su\u00e1rez como gran protagonista con otro doblete, finalmente est\u00e9ril porque el conjunto gallego ara\u00f1\u00f3 un\" \/>\n\t\t<meta name=\"twitter:creator\" content=\"@nbasturias\" \/>\n\t\t<meta name=\"twitter:image\" content=\"https:\/\/candas365.es\/noticias\/wp-content\/uploads\/2018\/06\/football-1406106_960_720-1.jpg\" \/>\n\t\t<meta name=\"twitter:label1\" content=\"Escrito por\" \/>\n\t\t<meta name=\"twitter:data1\" content=\"Cand\u00e1s 365\" \/>\n\t\t<meta name=\"twitter:label2\" content=\"Tiempo de lectura estimado\" \/>\n\t\t<meta name=\"twitter:data2\" content=\"4 minutos\" \/>\n\t\t<script type=\"application\/ld+json\" class=\"aioseo-schema\">\n\t\t\t{\"@context\":\"https:\\\/\\\/schema.org\",\"@graph\":[{\"@type\":\"BreadcrumbList\",\"@id\":\"https:\\\/\\\/candas365.es\\\/noticias\\\/atletico-de-madrid-vs-celta-2-a-2\\\/#breadcrumblist\",\"itemListElement\":[{\"@type\":\"ListItem\",\"@id\":\"https:\\\/\\\/candas365.es\\\/noticias#listItem\",\"position\":1,\"name\":\"Home\",\"item\":\"https:\\\/\\\/candas365.es\\\/noticias\",\"nextItem\":{\"@type\":\"ListItem\",\"@id\":\"https:\\\/\\\/candas365.es\\\/noticias\\\/category\\\/deporte\\\/#listItem\",\"name\":\"Deporte\"}},{\"@type\":\"ListItem\",\"@id\":\"https:\\\/\\\/candas365.es\\\/noticias\\\/category\\\/deporte\\\/#listItem\",\"position\":2,\"name\":\"Deporte\",\"item\":\"https:\\\/\\\/candas365.es\\\/noticias\\\/category\\\/deporte\\\/\",\"nextItem\":{\"@type\":\"ListItem\",\"@id\":\"https:\\\/\\\/candas365.es\\\/noticias\\\/atletico-de-madrid-vs-celta-2-a-2\\\/#listItem\",\"name\":\"Atl\\u00e9tico de Madrid vs Celta: 2 a 2\"},\"previousItem\":{\"@type\":\"ListItem\",\"@id\":\"https:\\\/\\\/candas365.es\\\/noticias#listItem\",\"name\":\"Home\"}},{\"@type\":\"ListItem\",\"@id\":\"https:\\\/\\\/candas365.es\\\/noticias\\\/atletico-de-madrid-vs-celta-2-a-2\\\/#listItem\",\"position\":3,\"name\":\"Atl\\u00e9tico de Madrid vs Celta: 2 a 2\",\"previousItem\":{\"@type\":\"ListItem\",\"@id\":\"https:\\\/\\\/candas365.es\\\/noticias\\\/category\\\/deporte\\\/#listItem\",\"name\":\"Deporte\"}}]},{\"@type\":\"NewsArticle\",\"@id\":\"https:\\\/\\\/candas365.es\\\/noticias\\\/atletico-de-madrid-vs-celta-2-a-2\\\/#newsarticle\",\"name\":\"Atl\\u00e9tico de Madrid vs Celta: 2 a 2 | Cand\\u00e1s 365\",\"headline\":\"Atl\\u00e9tico de Madrid vs Celta: 2 a 2\",\"author\":{\"@id\":\"https:\\\/\\\/candas365.es\\\/noticias\\\/author\\\/admin\\\/#author\"},\"publisher\":{\"@id\":\"https:\\\/\\\/candas365.es\\\/noticias\\\/#organization\"},\"image\":{\"@type\":\"ImageObject\",\"url\":\"https:\\\/\\\/candas365.es\\\/noticias\\\/wp-content\\\/uploads\\\/2018\\\/06\\\/football-1406106_960_720-1.jpg\",\"width\":960,\"height\":643},\"datePublished\":\"2021-02-09T11:17:56+01:00\",\"dateModified\":\"2021-02-09T11:17:56+01:00\",\"inLanguage\":\"es-ES\",\"mainEntityOfPage\":{\"@id\":\"https:\\\/\\\/candas365.es\\\/noticias\\\/atletico-de-madrid-vs-celta-2-a-2\\\/#webpage\"},\"isPartOf\":{\"@id\":\"https:\\\/\\\/candas365.es\\\/noticias\\\/atletico-de-madrid-vs-celta-2-a-2\\\/#webpage\"},\"articleSection\":\"Deporte\",\"dateline\":\"Publicado el febrero 9, 2021.\"},{\"@type\":\"Organization\",\"@id\":\"https:\\\/\\\/candas365.es\\\/noticias\\\/#organization\",\"name\":\"Cand\\u00e1s 365\",\"description\":\"Cand\\u00e1s 365 es un diario digital independiente, fundado en 2012, con base en Asturias. Informamos con rigor sobre actualidad, sociedad, cultura y ocio, con una mirada local y global.\",\"url\":\"https:\\\/\\\/candas365.es\\\/noticias\\\/\",\"email\":\"info@candas365.es\",\"telephone\":\"+34652131393\",\"foundingDate\":\"2012-06-10\",\"logo\":{\"@type\":\"ImageObject\",\"url\":\"https:\\\/\\\/candas365.es\\\/noticias\\\/wp-content\\\/uploads\\\/2024\\\/09\\\/Candas-365-Redes.jpg\",\"@id\":\"https:\\\/\\\/candas365.es\\\/noticias\\\/atletico-de-madrid-vs-celta-2-a-2\\\/#organizationLogo\",\"width\":1152,\"height\":864,\"caption\":\"Cand\\u00e1s 365 Redes\"},\"image\":{\"@id\":\"https:\\\/\\\/candas365.es\\\/noticias\\\/atletico-de-madrid-vs-celta-2-a-2\\\/#organizationLogo\"},\"sameAs\":[\"https:\\\/\\\/www.facebook.com\\\/Nachofdezber\",\"https:\\\/\\\/x.com\\\/NabercoDigital\",\"https:\\\/\\\/www.instagram.com\\\/nachofdezber\\\/\",\"https:\\\/\\\/www.youtube.com\\\/channel\\\/UCZP-2wLEB9Rv6erhFmqVnvg\"],\"address\":{\"@id\":\"https:\\\/\\\/candas365.es\\\/noticias\\\/#postaladdress\",\"@type\":\"PostalAddress\",\"streetAddress\":\"san antonio 4, san antonio 4\",\"postalCode\":\"33430\",\"addressLocality\":\"Cand\\u00e1s\",\"addressRegion\":\"Asturias\",\"addressCountry\":\"ES\"}},{\"@type\":\"Person\",\"@id\":\"https:\\\/\\\/candas365.es\\\/noticias\\\/author\\\/admin\\\/#author\",\"url\":\"https:\\\/\\\/candas365.es\\\/noticias\\\/author\\\/admin\\\/\",\"name\":\"Cand\\u00e1s 365\",\"image\":{\"@type\":\"ImageObject\",\"@id\":\"https:\\\/\\\/candas365.es\\\/noticias\\\/atletico-de-madrid-vs-celta-2-a-2\\\/#authorImage\",\"url\":\"https:\\\/\\\/secure.gravatar.com\\\/avatar\\\/496a8e03d0c493ede1718b7934145dbdf8d89be1036b0eec9544e1094c9de390?s=96&d=mm&r=g\",\"width\":96,\"height\":96,\"caption\":\"Cand\\u00e1s 365\"},\"sameAs\":[\"https:\\\/\\\/www.facebook.com\\\/carrenoactualidad\",\"https:\\\/\\\/twitter.com\\\/nbasturias\",\"https:\\\/\\\/www.instagram.com\\\/nachofdezber\\\/\",\"https:\\\/\\\/www.youtube.com\\\/channel\\\/UCZP-2wLEB9Rv6erhFmqVnvg\"]},{\"@type\":\"WebPage\",\"@id\":\"https:\\\/\\\/candas365.es\\\/noticias\\\/atletico-de-madrid-vs-celta-2-a-2\\\/#webpage\",\"url\":\"https:\\\/\\\/candas365.es\\\/noticias\\\/atletico-de-madrid-vs-celta-2-a-2\\\/\",\"name\":\"Atl\\u00e9tico de Madrid vs Celta: 2 a 2 | Cand\\u00e1s 365\",\"description\":\"El Atl\\u00e9tico de Madrid vio frenada su gran racha en LaLiga Santander 2020-2021 y no pudo afianzar su liderato tras empatar este lunes a dos goles ante el Celta(Europa Press) - El Atl\\u00e9tico de Madrid vio frenada su gran racha en LaLiga Santander 2020-2021 y no pudo afianzar su liderato tras empatar este lunes a dos goles ante el Celta, en un partido que volvi\\u00f3 a dejar a Luis Su\\u00e1rez como gran protagonista con otro doblete, finalmente est\\u00e9ril porque el conjunto gallego ara\\u00f1\\u00f3 un\",\"inLanguage\":\"es-ES\",\"isPartOf\":{\"@id\":\"https:\\\/\\\/candas365.es\\\/noticias\\\/#website\"},\"breadcrumb\":{\"@id\":\"https:\\\/\\\/candas365.es\\\/noticias\\\/atletico-de-madrid-vs-celta-2-a-2\\\/#breadcrumblist\"},\"author\":{\"@id\":\"https:\\\/\\\/candas365.es\\\/noticias\\\/author\\\/admin\\\/#author\"},\"creator\":{\"@id\":\"https:\\\/\\\/candas365.es\\\/noticias\\\/author\\\/admin\\\/#author\"},\"image\":{\"@type\":\"ImageObject\",\"url\":\"https:\\\/\\\/candas365.es\\\/noticias\\\/wp-content\\\/uploads\\\/2018\\\/06\\\/football-1406106_960_720-1.jpg\",\"@id\":\"https:\\\/\\\/candas365.es\\\/noticias\\\/atletico-de-madrid-vs-celta-2-a-2\\\/#mainImage\",\"width\":960,\"height\":643},\"primaryImageOfPage\":{\"@id\":\"https:\\\/\\\/candas365.es\\\/noticias\\\/atletico-de-madrid-vs-celta-2-a-2\\\/#mainImage\"},\"datePublished\":\"2021-02-09T11:17:56+01:00\",\"dateModified\":\"2021-02-09T11:17:56+01:00\"},{\"@type\":\"WebSite\",\"@id\":\"https:\\\/\\\/candas365.es\\\/noticias\\\/#website\",\"url\":\"https:\\\/\\\/candas365.es\\\/noticias\\\/\",\"name\":\"Cand\\u00e1s 365\",\"alternateName\":\"Cand\\u00e1s 365 Noticias\",\"description\":\"Actualidad desde Carre\\u00f1o para el mundo\",\"inLanguage\":\"es-ES\",\"publisher\":{\"@id\":\"https:\\\/\\\/candas365.es\\\/noticias\\\/#organization\"}}]}\n\t\t<\/script>\n\t\t<!-- All in One SEO Pro -->\r\n\t\t<title>Atl\u00e9tico de Madrid vs Celta: 2 a 2 | Cand\u00e1s 365<\/title>\n\n","aioseo_head_json":{"title":"Atl\u00e9tico de Madrid vs Celta: 2 a 2 | Cand\u00e1s 365","description":"El Atl\u00e9tico de Madrid vio frenada su gran racha en LaLiga Santander 2020-2021 y no pudo afianzar su liderato tras empatar este lunes a dos goles ante el Celta(Europa Press) - El Atl\u00e9tico de Madrid vio frenada su gran racha en LaLiga Santander 2020-2021 y no pudo afianzar su liderato tras empatar este lunes a dos goles ante el Celta, en un partido que volvi\u00f3 a dejar a Luis Su\u00e1rez como gran protagonista con otro doblete, finalmente est\u00e9ril porque el conjunto gallego ara\u00f1\u00f3 un","canonical_url":"https:\/\/candas365.es\/noticias\/atletico-de-madrid-vs-celta-2-a-2\/","robots":"max-image-preview:large","keywords":"deporte,f\u00fatbol","webmasterTools":{"google-site-verification":"UA-32230408-1","msvalidate.01":"354F3CDFB2DA171B47FBE9ABF1F88D5","miscellaneous":""},"schema":{"@context":"https:\/\/schema.org","@graph":[{"@type":"BreadcrumbList","@id":"https:\/\/candas365.es\/noticias\/atletico-de-madrid-vs-celta-2-a-2\/#breadcrumblist","itemListElement":[{"@type":"ListItem","@id":"https:\/\/candas365.es\/noticias#listItem","position":1,"name":"Home","item":"https:\/\/candas365.es\/noticias","nextItem":{"@type":"ListItem","@id":"https:\/\/candas365.es\/noticias\/category\/deporte\/#listItem","name":"Deporte"}},{"@type":"ListItem","@id":"https:\/\/candas365.es\/noticias\/category\/deporte\/#listItem","position":2,"name":"Deporte","item":"https:\/\/candas365.es\/noticias\/category\/deporte\/","nextItem":{"@type":"ListItem","@id":"https:\/\/candas365.es\/noticias\/atletico-de-madrid-vs-celta-2-a-2\/#listItem","name":"Atl\u00e9tico de Madrid vs Celta: 2 a 2"},"previousItem":{"@type":"ListItem","@id":"https:\/\/candas365.es\/noticias#listItem","name":"Home"}},{"@type":"ListItem","@id":"https:\/\/candas365.es\/noticias\/atletico-de-madrid-vs-celta-2-a-2\/#listItem","position":3,"name":"Atl\u00e9tico de Madrid vs Celta: 2 a 2","previousItem":{"@type":"ListItem","@id":"https:\/\/candas365.es\/noticias\/category\/deporte\/#listItem","name":"Deporte"}}]},{"@type":"NewsArticle","@id":"https:\/\/candas365.es\/noticias\/atletico-de-madrid-vs-celta-2-a-2\/#newsarticle","name":"Atl\u00e9tico de Madrid vs Celta: 2 a 2 | Cand\u00e1s 365","headline":"Atl\u00e9tico de Madrid vs Celta: 2 a 2","author":{"@id":"https:\/\/candas365.es\/noticias\/author\/admin\/#author"},"publisher":{"@id":"https:\/\/candas365.es\/noticias\/#organization"},"image":{"@type":"ImageObject","url":"https:\/\/candas365.es\/noticias\/wp-content\/uploads\/2018\/06\/football-1406106_960_720-1.jpg","width":960,"height":643},"datePublished":"2021-02-09T11:17:56+01:00","dateModified":"2021-02-09T11:17:56+01:00","inLanguage":"es-ES","mainEntityOfPage":{"@id":"https:\/\/candas365.es\/noticias\/atletico-de-madrid-vs-celta-2-a-2\/#webpage"},"isPartOf":{"@id":"https:\/\/candas365.es\/noticias\/atletico-de-madrid-vs-celta-2-a-2\/#webpage"},"articleSection":"Deporte","dateline":"Publicado el febrero 9, 2021."},{"@type":"Organization","@id":"https:\/\/candas365.es\/noticias\/#organization","name":"Cand\u00e1s 365","description":"Cand\u00e1s 365 es un diario digital independiente, fundado en 2012, con base en Asturias. Informamos con rigor sobre actualidad, sociedad, cultura y ocio, con una mirada local y global.","url":"https:\/\/candas365.es\/noticias\/","email":"info@candas365.es","telephone":"+34652131393","foundingDate":"2012-06-10","logo":{"@type":"ImageObject","url":"https:\/\/candas365.es\/noticias\/wp-content\/uploads\/2024\/09\/Candas-365-Redes.jpg","@id":"https:\/\/candas365.es\/noticias\/atletico-de-madrid-vs-celta-2-a-2\/#organizationLogo","width":1152,"height":864,"caption":"Cand\u00e1s 365 Redes"},"image":{"@id":"https:\/\/candas365.es\/noticias\/atletico-de-madrid-vs-celta-2-a-2\/#organizationLogo"},"sameAs":["https:\/\/www.facebook.com\/Nachofdezber","https:\/\/x.com\/NabercoDigital","https:\/\/www.instagram.com\/nachofdezber\/","https:\/\/www.youtube.com\/channel\/UCZP-2wLEB9Rv6erhFmqVnvg"],"address":{"@id":"https:\/\/candas365.es\/noticias\/#postaladdress","@type":"PostalAddress","streetAddress":"san antonio 4, san antonio 4","postalCode":"33430","addressLocality":"Cand\u00e1s","addressRegion":"Asturias","addressCountry":"ES"}},{"@type":"Person","@id":"https:\/\/candas365.es\/noticias\/author\/admin\/#author","url":"https:\/\/candas365.es\/noticias\/author\/admin\/","name":"Cand\u00e1s 365","image":{"@type":"ImageObject","@id":"https:\/\/candas365.es\/noticias\/atletico-de-madrid-vs-celta-2-a-2\/#authorImage","url":"https:\/\/secure.gravatar.com\/avatar\/496a8e03d0c493ede1718b7934145dbdf8d89be1036b0eec9544e1094c9de390?s=96&d=mm&r=g","width":96,"height":96,"caption":"Cand\u00e1s 365"},"sameAs":["https:\/\/www.facebook.com\/carrenoactualidad","https:\/\/twitter.com\/nbasturias","https:\/\/www.instagram.com\/nachofdezber\/","https:\/\/www.youtube.com\/channel\/UCZP-2wLEB9Rv6erhFmqVnvg"]},{"@type":"WebPage","@id":"https:\/\/candas365.es\/noticias\/atletico-de-madrid-vs-celta-2-a-2\/#webpage","url":"https:\/\/candas365.es\/noticias\/atletico-de-madrid-vs-celta-2-a-2\/","name":"Atl\u00e9tico de Madrid vs Celta: 2 a 2 | Cand\u00e1s 365","description":"El Atl\u00e9tico de Madrid vio frenada su gran racha en LaLiga Santander 2020-2021 y no pudo afianzar su liderato tras empatar este lunes a dos goles ante el Celta(Europa Press) - El Atl\u00e9tico de Madrid vio frenada su gran racha en LaLiga Santander 2020-2021 y no pudo afianzar su liderato tras empatar este lunes a dos goles ante el Celta, en un partido que volvi\u00f3 a dejar a Luis Su\u00e1rez como gran protagonista con otro doblete, finalmente est\u00e9ril porque el conjunto gallego ara\u00f1\u00f3 un","inLanguage":"es-ES","isPartOf":{"@id":"https:\/\/candas365.es\/noticias\/#website"},"breadcrumb":{"@id":"https:\/\/candas365.es\/noticias\/atletico-de-madrid-vs-celta-2-a-2\/#breadcrumblist"},"author":{"@id":"https:\/\/candas365.es\/noticias\/author\/admin\/#author"},"creator":{"@id":"https:\/\/candas365.es\/noticias\/author\/admin\/#author"},"image":{"@type":"ImageObject","url":"https:\/\/candas365.es\/noticias\/wp-content\/uploads\/2018\/06\/football-1406106_960_720-1.jpg","@id":"https:\/\/candas365.es\/noticias\/atletico-de-madrid-vs-celta-2-a-2\/#mainImage","width":960,"height":643},"primaryImageOfPage":{"@id":"https:\/\/candas365.es\/noticias\/atletico-de-madrid-vs-celta-2-a-2\/#mainImage"},"datePublished":"2021-02-09T11:17:56+01:00","dateModified":"2021-02-09T11:17:56+01:00"},{"@type":"WebSite","@id":"https:\/\/candas365.es\/noticias\/#website","url":"https:\/\/candas365.es\/noticias\/","name":"Cand\u00e1s 365","alternateName":"Cand\u00e1s 365 Noticias","description":"Actualidad desde Carre\u00f1o para el mundo","inLanguage":"es-ES","publisher":{"@id":"https:\/\/candas365.es\/noticias\/#organization"}}]},"og:locale":"es_ES","og:site_name":"Cand\u00e1s 365","og:type":"article","og:title":"Atl\u00e9tico de Madrid vs Celta: 2 a 2 | Cand\u00e1s 365","og:description":"El Atl\u00e9tico de Madrid vio frenada su gran racha en LaLiga Santander 2020-2021 y no pudo afianzar su liderato tras empatar este lunes a dos goles ante el Celta(Europa Press) - El Atl\u00e9tico de Madrid vio frenada su gran racha en LaLiga Santander 2020-2021 y no pudo afianzar su liderato tras empatar este lunes a dos goles ante el Celta, en un partido que volvi\u00f3 a dejar a Luis Su\u00e1rez como gran protagonista con otro doblete, finalmente est\u00e9ril porque el conjunto gallego ara\u00f1\u00f3 un","og:url":"https:\/\/candas365.es\/noticias\/atletico-de-madrid-vs-celta-2-a-2\/","og:image":"https:\/\/candas365.es\/noticias\/wp-content\/uploads\/2018\/06\/football-1406106_960_720-1.jpg","og:image:secure_url":"https:\/\/candas365.es\/noticias\/wp-content\/uploads\/2018\/06\/football-1406106_960_720-1.jpg","og:image:width":960,"og:image:height":643,"article:published_time":"2021-02-09T11:17:56+00:00","article:modified_time":"2021-02-09T11:17:56+00:00","article:publisher":"https:\/\/www.facebook.com\/Nachofdezber","article:author":"https:\/\/www.facebook.com\/carrenoactualidad","twitter:card":"summary_large_image","twitter:site":"@NabercoDigital","twitter:title":"Atl\u00e9tico de Madrid vs Celta: 2 a 2 | Cand\u00e1s 365","twitter:description":"El Atl\u00e9tico de Madrid vio frenada su gran racha en LaLiga Santander 2020-2021 y no pudo afianzar su liderato tras empatar este lunes a dos goles ante el Celta(Europa Press) - El Atl\u00e9tico de Madrid vio frenada su gran racha en LaLiga Santander 2020-2021 y no pudo afianzar su liderato tras empatar este lunes a dos goles ante el Celta, en un partido que volvi\u00f3 a dejar a Luis Su\u00e1rez como gran protagonista con otro doblete, finalmente est\u00e9ril porque el conjunto gallego ara\u00f1\u00f3 un","twitter:creator":"@nbasturias","twitter:image":"https:\/\/candas365.es\/noticias\/wp-content\/uploads\/2018\/06\/football-1406106_960_720-1.jpg","twitter:label1":"Escrito por","twitter:data1":"Cand\u00e1s 365","twitter:label2":"Tiempo de lectura estimado","twitter:data2":"4 minutos"},"aioseo_meta_data":{"post_id":"151346","title":null,"description":"El Atl\u00e9tico de Madrid vio frenada su gran racha en LaLiga Santander 2020-2021 y no pudo afianzar su liderato tras empatar este lunes a dos goles ante el Celta#post_excerpt","keywords":[{"label":"Deporte","value":"Deporte"},{"label":" f\u00fatbol","value":" f\u00fatbol"}],"keyphrases":{"focus":[],"additional":[]},"primary_term":null,"canonical_url":null,"og_title":null,"og_description":null,"og_object_type":"default","og_image_type":"default","og_image_url":null,"og_image_width":null,"og_image_height":null,"og_image_custom_url":null,"og_image_custom_fields":null,"og_video":"","og_custom_url":null,"og_article_section":null,"og_article_tags":[],"twitter_use_og":false,"twitter_card":"default","twitter_image_type":"default","twitter_image_url":null,"twitter_image_custom_url":null,"twitter_image_custom_fields":null,"twitter_title":null,"twitter_description":null,"schema":{"blockGraphs":[],"customGraphs":[],"default":{"data":{"Article":[],"Course":[],"Dataset":[],"FAQPage":[],"Movie":[],"Person":[],"Product":[],"ProductReview":[],"Car":[],"Recipe":[],"Service":[],"SoftwareApplication":[],"WebPage":[]},"graphName":"","isEnabled":true},"graphs":[]},"schema_type":"default","schema_type_options":"{\"article\":{\"articleType\":\"BlogPosting\"},\"course\":{\"name\":\"\",\"description\":\"\",\"provider\":\"\"},\"faq\":{\"pages\":[]},\"product\":{\"reviews\":[]},\"recipe\":{\"ingredients\":[],\"instructions\":[],\"keywords\":[]},\"software\":{\"reviews\":[],\"operatingSystems\":[]},\"webPage\":{\"webPageType\":\"WebPage\"}}","pillar_content":false,"robots_default":true,"robots_noindex":false,"robots_noarchive":false,"robots_nosnippet":false,"robots_nofollow":false,"robots_noimageindex":false,"robots_noodp":false,"robots_notranslate":false,"robots_max_snippet":"-1","robots_max_videopreview":"-1","robots_max_imagepreview":"large","priority":null,"frequency":"default","location":null,"local_seo":{"businessInfo":{"name":"","urls":{"website":"","aboutPage":"","contactPage":""},"address":{"line1":"","line2":"","zip":"","city":"","state":"","country":""},"contact":{"email":"","phone":"","fax":""},"ids":{"vatID":"","taxID":"","chamberID":""},"payment":{"priceIndication":"","currenciesAccepted":"","methodsAccepted":""},"areaServed":""},"openingHours":{"show":false,"closedLabel":"","open24h":false,"open24hLabel":"","open247":false,"use24hFormat":false,"twoSets":false,"timezone":"","hours":[]}},"seo_analyzer_scan_date":"2025-08-31 17:07:19","breadcrumb_settings":null,"limit_modified_date":false,"reviewed_by":null,"open_ai":null,"ai":null,"created":"2021-02-09 11:15:51","updated":"2025-08-31 17:07:19"},"aioseo_breadcrumb":"<div class=\"aioseo-breadcrumbs\"><span class=\"aioseo-breadcrumb\">\n\t<a href=\"https:\/\/candas365.es\/noticias\" title=\"Home\">Home<\/a>\n<\/span><span class=\"aioseo-breadcrumb-separator\">&ndash;<\/span><span class=\"aioseo-breadcrumb\">\n\t<a href=\"https:\/\/candas365.es\/noticias\/category\/deporte\/\" title=\"Deporte\">Deporte<\/a>\n<\/span><span class=\"aioseo-breadcrumb-separator\">&ndash;<\/span><span class=\"aioseo-breadcrumb\">\n\tAtl\u00e9tico de Madrid vs Celta: 2 a 2\n<\/span><\/div>","aioseo_breadcrumb_json":[{"label":"Home","link":"https:\/\/candas365.es\/noticias"},{"label":"Deporte","link":"https:\/\/candas365.es\/noticias\/category\/deporte\/"},{"label":"Atl\u00e9tico de Madrid vs Celta: 2 a 2","link":"https:\/\/candas365.es\/noticias\/atletico-de-madrid-vs-celta-2-a-2\/"}],"_links":{"self":[{"href":"https:\/\/candas365.es\/noticias\/wp-json\/wp\/v2\/posts\/151346","targetHints":{"allow":["GET"]}}],"collection":[{"href":"https:\/\/candas365.es\/noticias\/wp-json\/wp\/v2\/posts"}],"about":[{"href":"https:\/\/candas365.es\/noticias\/wp-json\/wp\/v2\/types\/post"}],"author":[{"embeddable":true,"href":"https:\/\/candas365.es\/noticias\/wp-json\/wp\/v2\/users\/1"}],"replies":[{"embeddable":true,"href":"https:\/\/candas365.es\/noticias\/wp-json\/wp\/v2\/comments?post=151346"}],"version-history":[{"count":0,"href":"https:\/\/candas365.es\/noticias\/wp-json\/wp\/v2\/posts\/151346\/revisions"}],"wp:featuredmedia":[{"embeddable":true,"href":"https:\/\/candas365.es\/noticias\/wp-json\/wp\/v2\/media\/98026"}],"wp:attachment":[{"href":"https:\/\/candas365.es\/noticias\/wp-json\/wp\/v2\/media?parent=151346"}],"wp:term":[{"taxonomy":"category","embeddable":true,"href":"https:\/\/candas365.es\/noticias\/wp-json\/wp\/v2\/categories?post=151346"},{"taxonomy":"post_tag","embeddable":true,"href":"https:\/\/candas365.es\/noticias\/wp-json\/wp\/v2\/tags?post=151346"}],"curies":[{"name":"wp","href":"https:\/\/api.w.org\/{rel}","templated":true}]}}