{"id":151341,"date":"2021-02-09T10:48:27","date_gmt":"2021-02-09T10:48:27","guid":{"rendered":"http:\/\/candas365.es\/noticias\/?p=151341"},"modified":"2021-02-09T10:48:27","modified_gmt":"2021-02-09T10:48:27","slug":"el-violinista-ara-malikian-vuelve-al-teatro-de-la-laboral","status":"publish","type":"post","link":"https:\/\/candas365.es\/noticias\/el-violinista-ara-malikian-vuelve-al-teatro-de-la-laboral\/","title":{"rendered":"El violinista Ara Malikian vuelve al Teatro de la Laboral"},"content":{"rendered":"<p><img fetchpriority=\"high\" decoding=\"async\" class=\"alignleft size-medium wp-image-130032\" src=\"https:\/\/candas365.es\/noticias\/wp-content\/uploads\/2019\/09\/Laboral-Gijon-360x247.jpg\" alt=\"\" width=\"360\" height=\"247\" srcset=\"https:\/\/candas365.es\/noticias\/wp-content\/uploads\/2019\/09\/Laboral-Gijon-360x247.jpg 360w, https:\/\/candas365.es\/noticias\/wp-content\/uploads\/2019\/09\/Laboral-Gijon-768x528.jpg 768w, https:\/\/candas365.es\/noticias\/wp-content\/uploads\/2019\/09\/Laboral-Gijon-655x450.jpg 655w, https:\/\/candas365.es\/noticias\/wp-content\/uploads\/2019\/09\/Laboral-Gijon-100x70.jpg 100w, https:\/\/candas365.es\/noticias\/wp-content\/uploads\/2019\/09\/Laboral-Gijon-218x150.jpg 218w, https:\/\/candas365.es\/noticias\/wp-content\/uploads\/2019\/09\/Laboral-Gijon-696x478.jpg 696w, https:\/\/candas365.es\/noticias\/wp-content\/uploads\/2019\/09\/Laboral-Gijon-611x420.jpg 611w, https:\/\/candas365.es\/noticias\/wp-content\/uploads\/2019\/09\/Laboral-Gijon.jpg 1049w\" sizes=\"(max-width: 360px) 100vw, 360px\" \/>El violinista Ara Malikian vuelve al <strong>Teatro de la Laboral<\/strong>, donde actuar\u00e1 este s<strong>\u00e1bado 13 de febrero, a las 19:30 horas<\/strong>.<\/p>\n<p>Malikian estar\u00e1 acompa\u00f1ado de Iv\u00e1n \u201cMel\u00f3n\u201d Lewis al piano para interpretar las diferentes canciones de su \u00faltimo disco, en un concierto \u00fanico y personal de viol\u00edn y piano.<\/p>\n<p>Galardonado con los premios m\u00e1s prestigiosos a nivel mundial, ha grabado m\u00e1s de 40 discos, creado su propia orquesta y ha participado en la producci\u00f3n de infinidad de espect\u00e1culos. Sus giras 15 y The Incredible World Tour of Violin le proyectaron a nivel internacional, visitando teatros y auditorios de todo el mundo. Con la pandemia se vio obligado a detener el tour mundial Royal Garage y ha regresado con una gira en peque\u00f1o formato, Le petit garage, nombre del trabajo que acaba de publicar.<\/p>\n<p><strong>La programaci\u00f3n en Laboral Ciudad de la Cultura para este fin de semana tambi\u00e9n incluye cine en el Paraninfo<\/strong>. Enero, un retrato \u00edntimo de la edad madura a trav\u00e9s de las historias de dos mujeres octogenarias, abuelas de la cineasta navarra Ione Atenea, abre este viernes 12 de febrero, a las 19:00 horas, la cartelera de Laboral Cinemateca. Esta pel\u00edcula se alz\u00f3 en 2019 con el premio a Mejor \u00d3pera Prima Europea en el Festival Internacional de Cine de Gij\u00f3n\/Xix\u00f3n.<\/p>\n<p>La Espa\u00f1a ol\u00edmpica y de la Expo, pero sobre todo la conflictividad social generada por la reconversi\u00f3n industrial que acaba con la quema del Parlamento de Murcia en 1992, sirven al realizador Luis L\u00f3pez Carrasco para reflexionar sobre cu\u00e1nto hemos cambiado (o no) en 30 a\u00f1os en El a\u00f1o del descubrimiento, un premiado documental que se proyectar\u00e1 el s\u00e1bado 13, a las 17:30 horas. Adem\u00e1s el domingo 14, a las 19:00 horas, la selecci\u00f3n Cortometrajes Laboral Cinemateca permitir\u00e1 disfrutar de los cortos Gniele baila de Ana Izarzugaza, Un fantasma recorre [\u2026] de Tito Montero, Plan Eva de Asur Fuente y Un coche cualquiera de David P. Sa\u00f1udo.<\/p>\n<p>Se pueden consultar todos los detalles de las actividades en la web laboralciudaddelacultura.com, donde se comunicar\u00e1 cualquier cambio en la programaci\u00f3n.<\/p>\n<p>&nbsp;<\/p>\n","protected":false},"excerpt":{"rendered":"<p>El violinista Ara Malikian vuelve al Teatro de la Laboral, donde actuar\u00e1 este s\u00e1bado 13 de febrero, a las 19:30 horas. Malikian estar\u00e1 acompa\u00f1ado de Iv\u00e1n \u201cMel\u00f3n\u201d Lewis al piano para interpretar las diferentes canciones de su \u00faltimo disco, en un concierto \u00fanico y personal de viol\u00edn y piano. Galardonado con los premios m\u00e1s prestigiosos<\/p>\n","protected":false},"author":1,"featured_media":130032,"comment_status":"closed","ping_status":"closed","sticky":false,"template":"","format":"standard","meta":{"footnotes":""},"categories":[1],"tags":[],"class_list":{"0":"post-151341","1":"post","2":"type-post","3":"status-publish","4":"format-standard","5":"has-post-thumbnail","7":"category-agenda"},"aioseo_notices":[],"aioseo_head":"\n\t\t<!-- All in One SEO Pro 4.9.6.2 - aioseo.com -->\n\t<meta name=\"description\" content=\"El violinista Ara Malikian vuelve al Teatro de la Laboral, donde actuar\u00e1 este s\u00e1bado 13 de febrero, a las 19:30 horas.El violinista Ara Malikian vuelve al Teatro de la Laboral, donde actuar\u00e1 este s\u00e1bado 13 de febrero, a las 19:30 horas. Malikian estar\u00e1 acompa\u00f1ado de Iv\u00e1n \u201cMel\u00f3n\u201d Lewis al piano para interpretar las diferentes canciones de su \u00faltimo disco, en un concierto \u00fanico y personal de viol\u00edn y piano. Galardonado con los premios m\u00e1s prestigiosos\" \/>\n\t<meta name=\"robots\" content=\"max-image-preview:large\" \/>\n\t<meta name=\"author\" content=\"Cand\u00e1s 365\"\/>\n\t<meta name=\"google-site-verification\" content=\"UA-32230408-1\" \/>\n\t<meta name=\"msvalidate.01\" content=\"354F3CDFB2DA171B47FBE9ABF1F88D5\" \/>\n\t<meta name=\"keywords\" content=\"agenda,laboral,cultura\" \/>\n\t<link rel=\"canonical\" href=\"https:\/\/candas365.es\/noticias\/el-violinista-ara-malikian-vuelve-al-teatro-de-la-laboral\/\" \/>\n\t<meta name=\"generator\" content=\"All in One SEO Pro (AIOSEO) 4.9.6.2\" \/>\n\t\t<meta property=\"og:locale\" content=\"es_ES\" \/>\n\t\t<meta property=\"og:site_name\" content=\"Cand\u00e1s 365\" \/>\n\t\t<meta property=\"og:type\" content=\"article\" \/>\n\t\t<meta property=\"og:title\" content=\"El violinista Ara Malikian vuelve al Teatro de la Laboral | Cand\u00e1s 365\" \/>\n\t\t<meta property=\"og:description\" content=\"El violinista Ara Malikian vuelve al Teatro de la Laboral, donde actuar\u00e1 este s\u00e1bado 13 de febrero, a las 19:30 horas.El violinista Ara Malikian vuelve al Teatro de la Laboral, donde actuar\u00e1 este s\u00e1bado 13 de febrero, a las 19:30 horas. Malikian estar\u00e1 acompa\u00f1ado de Iv\u00e1n \u201cMel\u00f3n\u201d Lewis al piano para interpretar las diferentes canciones de su \u00faltimo disco, en un concierto \u00fanico y personal de viol\u00edn y piano. Galardonado con los premios m\u00e1s prestigiosos\" \/>\n\t\t<meta property=\"og:url\" content=\"https:\/\/candas365.es\/noticias\/el-violinista-ara-malikian-vuelve-al-teatro-de-la-laboral\/\" \/>\n\t\t<meta property=\"og:image\" content=\"https:\/\/candas365.es\/noticias\/wp-content\/uploads\/2019\/09\/Laboral-Gijon.jpg\" \/>\n\t\t<meta property=\"og:image:secure_url\" content=\"https:\/\/candas365.es\/noticias\/wp-content\/uploads\/2019\/09\/Laboral-Gijon.jpg\" \/>\n\t\t<meta property=\"og:image:width\" content=\"1049\" \/>\n\t\t<meta property=\"og:image:height\" content=\"721\" \/>\n\t\t<meta property=\"article:published_time\" content=\"2021-02-09T10:48:27+00:00\" \/>\n\t\t<meta property=\"article:modified_time\" content=\"2021-02-09T10:48:27+00:00\" \/>\n\t\t<meta property=\"article:publisher\" content=\"https:\/\/www.facebook.com\/Nachofdezber\" \/>\n\t\t<meta property=\"article:author\" content=\"https:\/\/www.facebook.com\/carrenoactualidad\" \/>\n\t\t<meta name=\"twitter:card\" content=\"summary_large_image\" \/>\n\t\t<meta name=\"twitter:site\" content=\"@NabercoDigital\" \/>\n\t\t<meta name=\"twitter:title\" content=\"El violinista Ara Malikian vuelve al Teatro de la Laboral | Cand\u00e1s 365\" \/>\n\t\t<meta name=\"twitter:description\" content=\"El violinista Ara Malikian vuelve al Teatro de la Laboral, donde actuar\u00e1 este s\u00e1bado 13 de febrero, a las 19:30 horas.El violinista Ara Malikian vuelve al Teatro de la Laboral, donde actuar\u00e1 este s\u00e1bado 13 de febrero, a las 19:30 horas. Malikian estar\u00e1 acompa\u00f1ado de Iv\u00e1n \u201cMel\u00f3n\u201d Lewis al piano para interpretar las diferentes canciones de su \u00faltimo disco, en un concierto \u00fanico y personal de viol\u00edn y piano. Galardonado con los premios m\u00e1s prestigiosos\" \/>\n\t\t<meta name=\"twitter:creator\" content=\"@nbasturias\" \/>\n\t\t<meta name=\"twitter:image\" content=\"https:\/\/candas365.es\/noticias\/wp-content\/uploads\/2019\/09\/Laboral-Gijon.jpg\" \/>\n\t\t<meta name=\"twitter:label1\" content=\"Escrito por\" \/>\n\t\t<meta name=\"twitter:data1\" content=\"Cand\u00e1s 365\" \/>\n\t\t<meta name=\"twitter:label2\" content=\"Tiempo de lectura estimado\" \/>\n\t\t<meta name=\"twitter:data2\" content=\"2 minutos\" \/>\n\t\t<script type=\"application\/ld+json\" class=\"aioseo-schema\">\n\t\t\t{\"@context\":\"https:\\\/\\\/schema.org\",\"@graph\":[{\"@type\":\"BreadcrumbList\",\"@id\":\"https:\\\/\\\/candas365.es\\\/noticias\\\/el-violinista-ara-malikian-vuelve-al-teatro-de-la-laboral\\\/#breadcrumblist\",\"itemListElement\":[{\"@type\":\"ListItem\",\"@id\":\"https:\\\/\\\/candas365.es\\\/noticias#listItem\",\"position\":1,\"name\":\"Home\",\"item\":\"https:\\\/\\\/candas365.es\\\/noticias\",\"nextItem\":{\"@type\":\"ListItem\",\"@id\":\"https:\\\/\\\/candas365.es\\\/noticias\\\/category\\\/agenda\\\/#listItem\",\"name\":\"Agenda\"}},{\"@type\":\"ListItem\",\"@id\":\"https:\\\/\\\/candas365.es\\\/noticias\\\/category\\\/agenda\\\/#listItem\",\"position\":2,\"name\":\"Agenda\",\"item\":\"https:\\\/\\\/candas365.es\\\/noticias\\\/category\\\/agenda\\\/\",\"nextItem\":{\"@type\":\"ListItem\",\"@id\":\"https:\\\/\\\/candas365.es\\\/noticias\\\/el-violinista-ara-malikian-vuelve-al-teatro-de-la-laboral\\\/#listItem\",\"name\":\"El violinista Ara Malikian vuelve al Teatro de la Laboral\"},\"previousItem\":{\"@type\":\"ListItem\",\"@id\":\"https:\\\/\\\/candas365.es\\\/noticias#listItem\",\"name\":\"Home\"}},{\"@type\":\"ListItem\",\"@id\":\"https:\\\/\\\/candas365.es\\\/noticias\\\/el-violinista-ara-malikian-vuelve-al-teatro-de-la-laboral\\\/#listItem\",\"position\":3,\"name\":\"El violinista Ara Malikian vuelve al Teatro de la Laboral\",\"previousItem\":{\"@type\":\"ListItem\",\"@id\":\"https:\\\/\\\/candas365.es\\\/noticias\\\/category\\\/agenda\\\/#listItem\",\"name\":\"Agenda\"}}]},{\"@type\":\"NewsArticle\",\"@id\":\"https:\\\/\\\/candas365.es\\\/noticias\\\/el-violinista-ara-malikian-vuelve-al-teatro-de-la-laboral\\\/#newsarticle\",\"name\":\"El violinista Ara Malikian vuelve al Teatro de la Laboral | Cand\\u00e1s 365\",\"headline\":\"El violinista Ara Malikian vuelve al Teatro de la Laboral\",\"author\":{\"@id\":\"https:\\\/\\\/candas365.es\\\/noticias\\\/author\\\/admin\\\/#author\"},\"publisher\":{\"@id\":\"https:\\\/\\\/candas365.es\\\/noticias\\\/#organization\"},\"image\":{\"@type\":\"ImageObject\",\"url\":\"https:\\\/\\\/candas365.es\\\/noticias\\\/wp-content\\\/uploads\\\/2019\\\/09\\\/Laboral-Gijon.jpg\",\"width\":1049,\"height\":721,\"caption\":\"Laboral\"},\"datePublished\":\"2021-02-09T10:48:27+01:00\",\"dateModified\":\"2021-02-09T10:48:27+01:00\",\"inLanguage\":\"es-ES\",\"mainEntityOfPage\":{\"@id\":\"https:\\\/\\\/candas365.es\\\/noticias\\\/el-violinista-ara-malikian-vuelve-al-teatro-de-la-laboral\\\/#webpage\"},\"isPartOf\":{\"@id\":\"https:\\\/\\\/candas365.es\\\/noticias\\\/el-violinista-ara-malikian-vuelve-al-teatro-de-la-laboral\\\/#webpage\"},\"articleSection\":\"Agenda\",\"dateline\":\"Publicado el febrero 9, 2021.\"},{\"@type\":\"Organization\",\"@id\":\"https:\\\/\\\/candas365.es\\\/noticias\\\/#organization\",\"name\":\"Cand\\u00e1s 365\",\"description\":\"Cand\\u00e1s 365 es un diario digital independiente, fundado en 2012, con base en Asturias. Informamos con rigor sobre actualidad, sociedad, cultura y ocio, con una mirada local y global.\",\"url\":\"https:\\\/\\\/candas365.es\\\/noticias\\\/\",\"email\":\"info@candas365.es\",\"telephone\":\"+34652131393\",\"foundingDate\":\"2012-06-10\",\"logo\":{\"@type\":\"ImageObject\",\"url\":\"https:\\\/\\\/candas365.es\\\/noticias\\\/wp-content\\\/uploads\\\/2024\\\/09\\\/Candas-365-Redes.jpg\",\"@id\":\"https:\\\/\\\/candas365.es\\\/noticias\\\/el-violinista-ara-malikian-vuelve-al-teatro-de-la-laboral\\\/#organizationLogo\",\"width\":1152,\"height\":864,\"caption\":\"Cand\\u00e1s 365 Redes\"},\"image\":{\"@id\":\"https:\\\/\\\/candas365.es\\\/noticias\\\/el-violinista-ara-malikian-vuelve-al-teatro-de-la-laboral\\\/#organizationLogo\"},\"sameAs\":[\"https:\\\/\\\/www.facebook.com\\\/Nachofdezber\",\"https:\\\/\\\/x.com\\\/NabercoDigital\",\"https:\\\/\\\/www.instagram.com\\\/nachofdezber\\\/\",\"https:\\\/\\\/www.youtube.com\\\/channel\\\/UCZP-2wLEB9Rv6erhFmqVnvg\"],\"address\":{\"@id\":\"https:\\\/\\\/candas365.es\\\/noticias\\\/#postaladdress\",\"@type\":\"PostalAddress\",\"streetAddress\":\"san antonio 4, san antonio 4\",\"postalCode\":\"33430\",\"addressLocality\":\"Cand\\u00e1s\",\"addressRegion\":\"Asturias\",\"addressCountry\":\"ES\"}},{\"@type\":\"Person\",\"@id\":\"https:\\\/\\\/candas365.es\\\/noticias\\\/author\\\/admin\\\/#author\",\"url\":\"https:\\\/\\\/candas365.es\\\/noticias\\\/author\\\/admin\\\/\",\"name\":\"Cand\\u00e1s 365\",\"image\":{\"@type\":\"ImageObject\",\"@id\":\"https:\\\/\\\/candas365.es\\\/noticias\\\/el-violinista-ara-malikian-vuelve-al-teatro-de-la-laboral\\\/#authorImage\",\"url\":\"https:\\\/\\\/secure.gravatar.com\\\/avatar\\\/496a8e03d0c493ede1718b7934145dbdf8d89be1036b0eec9544e1094c9de390?s=96&d=mm&r=g\",\"width\":96,\"height\":96,\"caption\":\"Cand\\u00e1s 365\"},\"sameAs\":[\"https:\\\/\\\/www.facebook.com\\\/carrenoactualidad\",\"https:\\\/\\\/twitter.com\\\/nbasturias\",\"https:\\\/\\\/www.instagram.com\\\/nachofdezber\\\/\",\"https:\\\/\\\/www.youtube.com\\\/channel\\\/UCZP-2wLEB9Rv6erhFmqVnvg\"]},{\"@type\":\"WebPage\",\"@id\":\"https:\\\/\\\/candas365.es\\\/noticias\\\/el-violinista-ara-malikian-vuelve-al-teatro-de-la-laboral\\\/#webpage\",\"url\":\"https:\\\/\\\/candas365.es\\\/noticias\\\/el-violinista-ara-malikian-vuelve-al-teatro-de-la-laboral\\\/\",\"name\":\"El violinista Ara Malikian vuelve al Teatro de la Laboral | Cand\\u00e1s 365\",\"description\":\"El violinista Ara Malikian vuelve al Teatro de la Laboral, donde actuar\\u00e1 este s\\u00e1bado 13 de febrero, a las 19:30 horas.El violinista Ara Malikian vuelve al Teatro de la Laboral, donde actuar\\u00e1 este s\\u00e1bado 13 de febrero, a las 19:30 horas. Malikian estar\\u00e1 acompa\\u00f1ado de Iv\\u00e1n \\u201cMel\\u00f3n\\u201d Lewis al piano para interpretar las diferentes canciones de su \\u00faltimo disco, en un concierto \\u00fanico y personal de viol\\u00edn y piano. Galardonado con los premios m\\u00e1s prestigiosos\",\"inLanguage\":\"es-ES\",\"isPartOf\":{\"@id\":\"https:\\\/\\\/candas365.es\\\/noticias\\\/#website\"},\"breadcrumb\":{\"@id\":\"https:\\\/\\\/candas365.es\\\/noticias\\\/el-violinista-ara-malikian-vuelve-al-teatro-de-la-laboral\\\/#breadcrumblist\"},\"author\":{\"@id\":\"https:\\\/\\\/candas365.es\\\/noticias\\\/author\\\/admin\\\/#author\"},\"creator\":{\"@id\":\"https:\\\/\\\/candas365.es\\\/noticias\\\/author\\\/admin\\\/#author\"},\"image\":{\"@type\":\"ImageObject\",\"url\":\"https:\\\/\\\/candas365.es\\\/noticias\\\/wp-content\\\/uploads\\\/2019\\\/09\\\/Laboral-Gijon.jpg\",\"@id\":\"https:\\\/\\\/candas365.es\\\/noticias\\\/el-violinista-ara-malikian-vuelve-al-teatro-de-la-laboral\\\/#mainImage\",\"width\":1049,\"height\":721,\"caption\":\"Laboral\"},\"primaryImageOfPage\":{\"@id\":\"https:\\\/\\\/candas365.es\\\/noticias\\\/el-violinista-ara-malikian-vuelve-al-teatro-de-la-laboral\\\/#mainImage\"},\"datePublished\":\"2021-02-09T10:48:27+01:00\",\"dateModified\":\"2021-02-09T10:48:27+01:00\"},{\"@type\":\"WebSite\",\"@id\":\"https:\\\/\\\/candas365.es\\\/noticias\\\/#website\",\"url\":\"https:\\\/\\\/candas365.es\\\/noticias\\\/\",\"name\":\"Cand\\u00e1s 365\",\"alternateName\":\"Cand\\u00e1s 365 Noticias\",\"description\":\"Actualidad desde Carre\\u00f1o para el mundo\",\"inLanguage\":\"es-ES\",\"publisher\":{\"@id\":\"https:\\\/\\\/candas365.es\\\/noticias\\\/#organization\"}}]}\n\t\t<\/script>\n\t\t<!-- All in One SEO Pro -->\r\n\t\t<title>El violinista Ara Malikian vuelve al Teatro de la Laboral | Cand\u00e1s 365<\/title>\n\n","aioseo_head_json":{"title":"El violinista Ara Malikian vuelve al Teatro de la Laboral | Cand\u00e1s 365","description":"El violinista Ara Malikian vuelve al Teatro de la Laboral, donde actuar\u00e1 este s\u00e1bado 13 de febrero, a las 19:30 horas.El violinista Ara Malikian vuelve al Teatro de la Laboral, donde actuar\u00e1 este s\u00e1bado 13 de febrero, a las 19:30 horas. Malikian estar\u00e1 acompa\u00f1ado de Iv\u00e1n \u201cMel\u00f3n\u201d Lewis al piano para interpretar las diferentes canciones de su \u00faltimo disco, en un concierto \u00fanico y personal de viol\u00edn y piano. Galardonado con los premios m\u00e1s prestigiosos","canonical_url":"https:\/\/candas365.es\/noticias\/el-violinista-ara-malikian-vuelve-al-teatro-de-la-laboral\/","robots":"max-image-preview:large","keywords":"agenda,laboral,cultura","webmasterTools":{"google-site-verification":"UA-32230408-1","msvalidate.01":"354F3CDFB2DA171B47FBE9ABF1F88D5","miscellaneous":""},"schema":{"@context":"https:\/\/schema.org","@graph":[{"@type":"BreadcrumbList","@id":"https:\/\/candas365.es\/noticias\/el-violinista-ara-malikian-vuelve-al-teatro-de-la-laboral\/#breadcrumblist","itemListElement":[{"@type":"ListItem","@id":"https:\/\/candas365.es\/noticias#listItem","position":1,"name":"Home","item":"https:\/\/candas365.es\/noticias","nextItem":{"@type":"ListItem","@id":"https:\/\/candas365.es\/noticias\/category\/agenda\/#listItem","name":"Agenda"}},{"@type":"ListItem","@id":"https:\/\/candas365.es\/noticias\/category\/agenda\/#listItem","position":2,"name":"Agenda","item":"https:\/\/candas365.es\/noticias\/category\/agenda\/","nextItem":{"@type":"ListItem","@id":"https:\/\/candas365.es\/noticias\/el-violinista-ara-malikian-vuelve-al-teatro-de-la-laboral\/#listItem","name":"El violinista Ara Malikian vuelve al Teatro de la Laboral"},"previousItem":{"@type":"ListItem","@id":"https:\/\/candas365.es\/noticias#listItem","name":"Home"}},{"@type":"ListItem","@id":"https:\/\/candas365.es\/noticias\/el-violinista-ara-malikian-vuelve-al-teatro-de-la-laboral\/#listItem","position":3,"name":"El violinista Ara Malikian vuelve al Teatro de la Laboral","previousItem":{"@type":"ListItem","@id":"https:\/\/candas365.es\/noticias\/category\/agenda\/#listItem","name":"Agenda"}}]},{"@type":"NewsArticle","@id":"https:\/\/candas365.es\/noticias\/el-violinista-ara-malikian-vuelve-al-teatro-de-la-laboral\/#newsarticle","name":"El violinista Ara Malikian vuelve al Teatro de la Laboral | Cand\u00e1s 365","headline":"El violinista Ara Malikian vuelve al Teatro de la Laboral","author":{"@id":"https:\/\/candas365.es\/noticias\/author\/admin\/#author"},"publisher":{"@id":"https:\/\/candas365.es\/noticias\/#organization"},"image":{"@type":"ImageObject","url":"https:\/\/candas365.es\/noticias\/wp-content\/uploads\/2019\/09\/Laboral-Gijon.jpg","width":1049,"height":721,"caption":"Laboral"},"datePublished":"2021-02-09T10:48:27+01:00","dateModified":"2021-02-09T10:48:27+01:00","inLanguage":"es-ES","mainEntityOfPage":{"@id":"https:\/\/candas365.es\/noticias\/el-violinista-ara-malikian-vuelve-al-teatro-de-la-laboral\/#webpage"},"isPartOf":{"@id":"https:\/\/candas365.es\/noticias\/el-violinista-ara-malikian-vuelve-al-teatro-de-la-laboral\/#webpage"},"articleSection":"Agenda","dateline":"Publicado el febrero 9, 2021."},{"@type":"Organization","@id":"https:\/\/candas365.es\/noticias\/#organization","name":"Cand\u00e1s 365","description":"Cand\u00e1s 365 es un diario digital independiente, fundado en 2012, con base en Asturias. Informamos con rigor sobre actualidad, sociedad, cultura y ocio, con una mirada local y global.","url":"https:\/\/candas365.es\/noticias\/","email":"info@candas365.es","telephone":"+34652131393","foundingDate":"2012-06-10","logo":{"@type":"ImageObject","url":"https:\/\/candas365.es\/noticias\/wp-content\/uploads\/2024\/09\/Candas-365-Redes.jpg","@id":"https:\/\/candas365.es\/noticias\/el-violinista-ara-malikian-vuelve-al-teatro-de-la-laboral\/#organizationLogo","width":1152,"height":864,"caption":"Cand\u00e1s 365 Redes"},"image":{"@id":"https:\/\/candas365.es\/noticias\/el-violinista-ara-malikian-vuelve-al-teatro-de-la-laboral\/#organizationLogo"},"sameAs":["https:\/\/www.facebook.com\/Nachofdezber","https:\/\/x.com\/NabercoDigital","https:\/\/www.instagram.com\/nachofdezber\/","https:\/\/www.youtube.com\/channel\/UCZP-2wLEB9Rv6erhFmqVnvg"],"address":{"@id":"https:\/\/candas365.es\/noticias\/#postaladdress","@type":"PostalAddress","streetAddress":"san antonio 4, san antonio 4","postalCode":"33430","addressLocality":"Cand\u00e1s","addressRegion":"Asturias","addressCountry":"ES"}},{"@type":"Person","@id":"https:\/\/candas365.es\/noticias\/author\/admin\/#author","url":"https:\/\/candas365.es\/noticias\/author\/admin\/","name":"Cand\u00e1s 365","image":{"@type":"ImageObject","@id":"https:\/\/candas365.es\/noticias\/el-violinista-ara-malikian-vuelve-al-teatro-de-la-laboral\/#authorImage","url":"https:\/\/secure.gravatar.com\/avatar\/496a8e03d0c493ede1718b7934145dbdf8d89be1036b0eec9544e1094c9de390?s=96&d=mm&r=g","width":96,"height":96,"caption":"Cand\u00e1s 365"},"sameAs":["https:\/\/www.facebook.com\/carrenoactualidad","https:\/\/twitter.com\/nbasturias","https:\/\/www.instagram.com\/nachofdezber\/","https:\/\/www.youtube.com\/channel\/UCZP-2wLEB9Rv6erhFmqVnvg"]},{"@type":"WebPage","@id":"https:\/\/candas365.es\/noticias\/el-violinista-ara-malikian-vuelve-al-teatro-de-la-laboral\/#webpage","url":"https:\/\/candas365.es\/noticias\/el-violinista-ara-malikian-vuelve-al-teatro-de-la-laboral\/","name":"El violinista Ara Malikian vuelve al Teatro de la Laboral | Cand\u00e1s 365","description":"El violinista Ara Malikian vuelve al Teatro de la Laboral, donde actuar\u00e1 este s\u00e1bado 13 de febrero, a las 19:30 horas.El violinista Ara Malikian vuelve al Teatro de la Laboral, donde actuar\u00e1 este s\u00e1bado 13 de febrero, a las 19:30 horas. Malikian estar\u00e1 acompa\u00f1ado de Iv\u00e1n \u201cMel\u00f3n\u201d Lewis al piano para interpretar las diferentes canciones de su \u00faltimo disco, en un concierto \u00fanico y personal de viol\u00edn y piano. Galardonado con los premios m\u00e1s prestigiosos","inLanguage":"es-ES","isPartOf":{"@id":"https:\/\/candas365.es\/noticias\/#website"},"breadcrumb":{"@id":"https:\/\/candas365.es\/noticias\/el-violinista-ara-malikian-vuelve-al-teatro-de-la-laboral\/#breadcrumblist"},"author":{"@id":"https:\/\/candas365.es\/noticias\/author\/admin\/#author"},"creator":{"@id":"https:\/\/candas365.es\/noticias\/author\/admin\/#author"},"image":{"@type":"ImageObject","url":"https:\/\/candas365.es\/noticias\/wp-content\/uploads\/2019\/09\/Laboral-Gijon.jpg","@id":"https:\/\/candas365.es\/noticias\/el-violinista-ara-malikian-vuelve-al-teatro-de-la-laboral\/#mainImage","width":1049,"height":721,"caption":"Laboral"},"primaryImageOfPage":{"@id":"https:\/\/candas365.es\/noticias\/el-violinista-ara-malikian-vuelve-al-teatro-de-la-laboral\/#mainImage"},"datePublished":"2021-02-09T10:48:27+01:00","dateModified":"2021-02-09T10:48:27+01:00"},{"@type":"WebSite","@id":"https:\/\/candas365.es\/noticias\/#website","url":"https:\/\/candas365.es\/noticias\/","name":"Cand\u00e1s 365","alternateName":"Cand\u00e1s 365 Noticias","description":"Actualidad desde Carre\u00f1o para el mundo","inLanguage":"es-ES","publisher":{"@id":"https:\/\/candas365.es\/noticias\/#organization"}}]},"og:locale":"es_ES","og:site_name":"Cand\u00e1s 365","og:type":"article","og:title":"El violinista Ara Malikian vuelve al Teatro de la Laboral | Cand\u00e1s 365","og:description":"El violinista Ara Malikian vuelve al Teatro de la Laboral, donde actuar\u00e1 este s\u00e1bado 13 de febrero, a las 19:30 horas.El violinista Ara Malikian vuelve al Teatro de la Laboral, donde actuar\u00e1 este s\u00e1bado 13 de febrero, a las 19:30 horas. Malikian estar\u00e1 acompa\u00f1ado de Iv\u00e1n \u201cMel\u00f3n\u201d Lewis al piano para interpretar las diferentes canciones de su \u00faltimo disco, en un concierto \u00fanico y personal de viol\u00edn y piano. Galardonado con los premios m\u00e1s prestigiosos","og:url":"https:\/\/candas365.es\/noticias\/el-violinista-ara-malikian-vuelve-al-teatro-de-la-laboral\/","og:image":"https:\/\/candas365.es\/noticias\/wp-content\/uploads\/2019\/09\/Laboral-Gijon.jpg","og:image:secure_url":"https:\/\/candas365.es\/noticias\/wp-content\/uploads\/2019\/09\/Laboral-Gijon.jpg","og:image:width":1049,"og:image:height":721,"article:published_time":"2021-02-09T10:48:27+00:00","article:modified_time":"2021-02-09T10:48:27+00:00","article:publisher":"https:\/\/www.facebook.com\/Nachofdezber","article:author":"https:\/\/www.facebook.com\/carrenoactualidad","twitter:card":"summary_large_image","twitter:site":"@NabercoDigital","twitter:title":"El violinista Ara Malikian vuelve al Teatro de la Laboral | Cand\u00e1s 365","twitter:description":"El violinista Ara Malikian vuelve al Teatro de la Laboral, donde actuar\u00e1 este s\u00e1bado 13 de febrero, a las 19:30 horas.El violinista Ara Malikian vuelve al Teatro de la Laboral, donde actuar\u00e1 este s\u00e1bado 13 de febrero, a las 19:30 horas. Malikian estar\u00e1 acompa\u00f1ado de Iv\u00e1n \u201cMel\u00f3n\u201d Lewis al piano para interpretar las diferentes canciones de su \u00faltimo disco, en un concierto \u00fanico y personal de viol\u00edn y piano. Galardonado con los premios m\u00e1s prestigiosos","twitter:creator":"@nbasturias","twitter:image":"https:\/\/candas365.es\/noticias\/wp-content\/uploads\/2019\/09\/Laboral-Gijon.jpg","twitter:label1":"Escrito por","twitter:data1":"Cand\u00e1s 365","twitter:label2":"Tiempo de lectura estimado","twitter:data2":"2 minutos"},"aioseo_meta_data":{"post_id":"151341","title":null,"description":"El violinista Ara Malikian vuelve al Teatro de la Laboral, donde actuar\u00e1 este s\u00e1bado 13 de febrero, a las 19:30 horas.#post_excerpt","keywords":[{"label":"Agenda","value":"Agenda"},{"label":" Laboral","value":" Laboral"},{"label":" Cultura","value":" Cultura"}],"keyphrases":{"focus":[],"additional":[]},"primary_term":null,"canonical_url":null,"og_title":null,"og_description":null,"og_object_type":"default","og_image_type":"default","og_image_url":null,"og_image_width":null,"og_image_height":null,"og_image_custom_url":null,"og_image_custom_fields":null,"og_video":"","og_custom_url":null,"og_article_section":null,"og_article_tags":[],"twitter_use_og":false,"twitter_card":"default","twitter_image_type":"default","twitter_image_url":null,"twitter_image_custom_url":null,"twitter_image_custom_fields":null,"twitter_title":null,"twitter_description":null,"schema":{"blockGraphs":[],"customGraphs":[],"default":{"data":{"Article":[],"Course":[],"Dataset":[],"FAQPage":[],"Movie":[],"Person":[],"Product":[],"ProductReview":[],"Car":[],"Recipe":[],"Service":[],"SoftwareApplication":[],"WebPage":[]},"graphName":"","isEnabled":true},"graphs":[],"defaultGraph":"Article","defaultPostTypeGraph":""},"schema_type":"default","schema_type_options":"{\"article\":{\"articleType\":\"BlogPosting\"},\"course\":{\"name\":\"\",\"description\":\"\",\"provider\":\"\"},\"faq\":{\"pages\":[]},\"product\":{\"reviews\":[]},\"recipe\":{\"ingredients\":[],\"instructions\":[],\"keywords\":[]},\"software\":{\"reviews\":[],\"operatingSystems\":[]},\"webPage\":{\"webPageType\":\"WebPage\"}}","pillar_content":false,"robots_default":true,"robots_noindex":false,"robots_noarchive":false,"robots_nosnippet":false,"robots_nofollow":false,"robots_noimageindex":false,"robots_noodp":false,"robots_notranslate":false,"robots_max_snippet":"-1","robots_max_videopreview":"-1","robots_max_imagepreview":"large","priority":null,"frequency":"default","location":null,"local_seo":{"businessInfo":{"name":"","urls":{"website":"","aboutPage":"","contactPage":""},"address":{"line1":"","line2":"","zip":"","city":"","state":"","country":""},"contact":{"email":"","phone":"","fax":""},"ids":{"vatID":"","taxID":"","chamberID":""},"payment":{"priceIndication":"","currenciesAccepted":"","methodsAccepted":""},"areaServed":""},"openingHours":{"show":false,"closedLabel":"","open24h":false,"open24hLabel":"","open247":false,"use24hFormat":false,"twoSets":false,"timezone":"","hours":[]}},"seo_analyzer_scan_date":"2025-08-31 17:06:20","breadcrumb_settings":null,"limit_modified_date":false,"reviewed_by":null,"open_ai":null,"ai":null,"created":"2021-02-09 10:46:25","updated":"2025-08-31 17:06:20"},"aioseo_breadcrumb":"<div class=\"aioseo-breadcrumbs\"><span class=\"aioseo-breadcrumb\">\n\t<a href=\"https:\/\/candas365.es\/noticias\" title=\"Home\">Home<\/a>\n<\/span><span class=\"aioseo-breadcrumb-separator\">&ndash;<\/span><span class=\"aioseo-breadcrumb\">\n\t<a href=\"https:\/\/candas365.es\/noticias\/category\/agenda\/\" title=\"Agenda\">Agenda<\/a>\n<\/span><span class=\"aioseo-breadcrumb-separator\">&ndash;<\/span><span class=\"aioseo-breadcrumb\">\n\tEl violinista Ara Malikian vuelve al Teatro de la Laboral\n<\/span><\/div>","aioseo_breadcrumb_json":[{"label":"Home","link":"https:\/\/candas365.es\/noticias"},{"label":"Agenda","link":"https:\/\/candas365.es\/noticias\/category\/agenda\/"},{"label":"El violinista Ara Malikian vuelve al Teatro de la Laboral","link":"https:\/\/candas365.es\/noticias\/el-violinista-ara-malikian-vuelve-al-teatro-de-la-laboral\/"}],"_links":{"self":[{"href":"https:\/\/candas365.es\/noticias\/wp-json\/wp\/v2\/posts\/151341","targetHints":{"allow":["GET"]}}],"collection":[{"href":"https:\/\/candas365.es\/noticias\/wp-json\/wp\/v2\/posts"}],"about":[{"href":"https:\/\/candas365.es\/noticias\/wp-json\/wp\/v2\/types\/post"}],"author":[{"embeddable":true,"href":"https:\/\/candas365.es\/noticias\/wp-json\/wp\/v2\/users\/1"}],"replies":[{"embeddable":true,"href":"https:\/\/candas365.es\/noticias\/wp-json\/wp\/v2\/comments?post=151341"}],"version-history":[{"count":0,"href":"https:\/\/candas365.es\/noticias\/wp-json\/wp\/v2\/posts\/151341\/revisions"}],"wp:featuredmedia":[{"embeddable":true,"href":"https:\/\/candas365.es\/noticias\/wp-json\/wp\/v2\/media\/130032"}],"wp:attachment":[{"href":"https:\/\/candas365.es\/noticias\/wp-json\/wp\/v2\/media?parent=151341"}],"wp:term":[{"taxonomy":"category","embeddable":true,"href":"https:\/\/candas365.es\/noticias\/wp-json\/wp\/v2\/categories?post=151341"},{"taxonomy":"post_tag","embeddable":true,"href":"https:\/\/candas365.es\/noticias\/wp-json\/wp\/v2\/tags?post=151341"}],"curies":[{"name":"wp","href":"https:\/\/api.w.org\/{rel}","templated":true}]}}