{"id":151147,"date":"2021-01-30T17:06:36","date_gmt":"2021-01-30T17:06:36","guid":{"rendered":"http:\/\/candas365.es\/noticias\/?p=151147"},"modified":"2021-01-30T17:06:36","modified_gmt":"2021-01-30T17:06:36","slug":"dura-sancion-contra-jugador-del-bayern-munich-por-un-tatuaje","status":"publish","type":"post","link":"https:\/\/candas365.es\/noticias\/dura-sancion-contra-jugador-del-bayern-munich-por-un-tatuaje\/","title":{"rendered":"Dura sanci\u00f3n contra jugador del Bayern M\u00fanich por un tatuaje"},"content":{"rendered":"<p><img fetchpriority=\"high\" decoding=\"async\" class=\"alignleft size-medium wp-image-94574\" src=\"https:\/\/candas365.es\/noticias\/wp-content\/uploads\/2018\/04\/arena-1181668_960_720-360x240.jpg\" alt=\"\" width=\"360\" height=\"240\" srcset=\"https:\/\/candas365.es\/noticias\/wp-content\/uploads\/2018\/04\/arena-1181668_960_720-360x240.jpg 360w, https:\/\/candas365.es\/noticias\/wp-content\/uploads\/2018\/04\/arena-1181668_960_720-768x512.jpg 768w, https:\/\/candas365.es\/noticias\/wp-content\/uploads\/2018\/04\/arena-1181668_960_720-655x437.jpg 655w, https:\/\/candas365.es\/noticias\/wp-content\/uploads\/2018\/04\/arena-1181668_960_720-696x464.jpg 696w, https:\/\/candas365.es\/noticias\/wp-content\/uploads\/2018\/04\/arena-1181668_960_720-630x420.jpg 630w, https:\/\/candas365.es\/noticias\/wp-content\/uploads\/2018\/04\/arena-1181668_960_720.jpg 960w\" sizes=\"(max-width: 360px) 100vw, 360px\" \/>M\u00fanich, 30 ene (dpa) &#8211; El franc\u00e9s Corentin Tolisso, del Bayern M\u00fanich, deber\u00e1 pagar una multa por su nuevo tatuaje, al haber infringido el reglamento impuesto por el club debido a la pandemia de coronavirus, comunic\u00f3 hoy el campe\u00f3n alem\u00e1n en su p\u00e1gina web.<\/p>\n<p>\u00abEsta infracci\u00f3n es muy molesta y no se debe tolerar de ninguna manera. Por lo tanto, impondremos una fuerte multa a Corentin Tolisso y donaremos el importe a causas sociales\u00bb, dijo el director ejecutivo del Bayern M\u00fanich, Karl-Heinz Rummenigge, en un comunicado.<\/p>\n<p>Tolisso, de 26 a\u00f1os, se hab\u00eda hecho un tatuaje esta semana violando las condiciones del club b\u00e1varo para evitar infecciones de coronavirus. El peri\u00f3dico \u00abBild\u00bb hab\u00eda publicado una foto que mostraba que ni Tolisso ni el tatuador llevaban mascarilla.<\/p>\n<p>Rummenigge destaca en el comunicado que uno de los requisitos para los jugadores durante la pandemia es que todos se deben ajustar a las medidas de higiene.<\/p>\n<p>\u00abCorentin Tolisso ha violado ahora estas medidas pese a que nuestra direcci\u00f3n deportiva y m\u00e9dica comunica continua y claramente estas restricciones\u00bb, critic\u00f3 el directivo del club muniqu\u00e9s.<\/p>\n<p>Antes del partido en casa contra el Hoffenheim, el director deportivo del Bayern M\u00fanich, Hasan Salihamidzic, declar\u00f3 que Tolisso \u00absentir\u00e1 fuertemente la sanci\u00f3n\u00bb.<\/p>\n<p>\u00abPor supuesto que es muy inoportuno. Pero he hablado con \u00e9l, lo ha entendido y sabe que se ha equivocado\u00bb, dijo Salihamidzic al canal de televisi\u00f3n Sky.<\/p>\n","protected":false},"excerpt":{"rendered":"<p>M\u00fanich, 30 ene (dpa) &#8211; El franc\u00e9s Corentin Tolisso, del Bayern M\u00fanich, deber\u00e1 pagar una multa por su nuevo tatuaje, al haber infringido el reglamento impuesto por el club debido a la pandemia de coronavirus, comunic\u00f3 hoy el campe\u00f3n alem\u00e1n en su p\u00e1gina web. \u00abEsta infracci\u00f3n es muy molesta y no se debe tolerar de<\/p>\n","protected":false},"author":1,"featured_media":94574,"comment_status":"closed","ping_status":"closed","sticky":false,"template":"","format":"standard","meta":{"footnotes":""},"categories":[319],"tags":[],"class_list":{"0":"post-151147","1":"post","2":"type-post","3":"status-publish","4":"format-standard","5":"has-post-thumbnail","7":"category-deporte"},"aioseo_notices":[],"aioseo_head":"\n\t\t<!-- All in One SEO Pro 4.9.6.2 - aioseo.com -->\n\t<meta name=\"description\" content=\"Tolisso, de 26 a\u00f1os, se hab\u00eda hecho un tatuaje esta semana violando las condiciones del club b\u00e1varo para evitar infecciones de coronavirusM\u00fanich, 30 ene (dpa) - El franc\u00e9s Corentin Tolisso, del Bayern M\u00fanich, deber\u00e1 pagar una multa por su nuevo tatuaje, al haber infringido el reglamento impuesto por el club debido a la pandemia de coronavirus, comunic\u00f3 hoy el campe\u00f3n alem\u00e1n en su p\u00e1gina web. &quot;Esta infracci\u00f3n es muy molesta y no se debe tolerar de\" \/>\n\t<meta name=\"robots\" content=\"max-image-preview:large\" \/>\n\t<meta name=\"author\" content=\"Cand\u00e1s 365\"\/>\n\t<meta name=\"google-site-verification\" content=\"UA-32230408-1\" \/>\n\t<meta name=\"msvalidate.01\" content=\"354F3CDFB2DA171B47FBE9ABF1F88D5\" \/>\n\t<meta name=\"keywords\" content=\"deporte,f\u00fatbol,covid-19\" \/>\n\t<link rel=\"canonical\" href=\"https:\/\/candas365.es\/noticias\/dura-sancion-contra-jugador-del-bayern-munich-por-un-tatuaje\/\" \/>\n\t<meta name=\"generator\" content=\"All in One SEO Pro (AIOSEO) 4.9.6.2\" \/>\n\t\t<meta property=\"og:locale\" content=\"es_ES\" \/>\n\t\t<meta property=\"og:site_name\" content=\"Cand\u00e1s 365\" \/>\n\t\t<meta property=\"og:type\" content=\"article\" \/>\n\t\t<meta property=\"og:title\" content=\"Dura sanci\u00f3n contra jugador del Bayern M\u00fanich por un tatuaje | Cand\u00e1s 365\" \/>\n\t\t<meta property=\"og:description\" content=\"Tolisso, de 26 a\u00f1os, se hab\u00eda hecho un tatuaje esta semana violando las condiciones del club b\u00e1varo para evitar infecciones de coronavirusM\u00fanich, 30 ene (dpa) - El franc\u00e9s Corentin Tolisso, del Bayern M\u00fanich, deber\u00e1 pagar una multa por su nuevo tatuaje, al haber infringido el reglamento impuesto por el club debido a la pandemia de coronavirus, comunic\u00f3 hoy el campe\u00f3n alem\u00e1n en su p\u00e1gina web. &quot;Esta infracci\u00f3n es muy molesta y no se debe tolerar de\" \/>\n\t\t<meta property=\"og:url\" content=\"https:\/\/candas365.es\/noticias\/dura-sancion-contra-jugador-del-bayern-munich-por-un-tatuaje\/\" \/>\n\t\t<meta property=\"og:image\" content=\"https:\/\/candas365.es\/noticias\/wp-content\/uploads\/2018\/04\/arena-1181668_960_720.jpg\" \/>\n\t\t<meta property=\"og:image:secure_url\" content=\"https:\/\/candas365.es\/noticias\/wp-content\/uploads\/2018\/04\/arena-1181668_960_720.jpg\" \/>\n\t\t<meta property=\"og:image:width\" content=\"960\" \/>\n\t\t<meta property=\"og:image:height\" content=\"640\" \/>\n\t\t<meta property=\"article:published_time\" content=\"2021-01-30T17:06:36+00:00\" \/>\n\t\t<meta property=\"article:modified_time\" content=\"2021-01-30T17:06:36+00:00\" \/>\n\t\t<meta property=\"article:publisher\" content=\"https:\/\/www.facebook.com\/Nachofdezber\" \/>\n\t\t<meta property=\"article:author\" content=\"https:\/\/www.facebook.com\/carrenoactualidad\" \/>\n\t\t<meta name=\"twitter:card\" content=\"summary_large_image\" \/>\n\t\t<meta name=\"twitter:site\" content=\"@NabercoDigital\" \/>\n\t\t<meta name=\"twitter:title\" content=\"Dura sanci\u00f3n contra jugador del Bayern M\u00fanich por un tatuaje | Cand\u00e1s 365\" \/>\n\t\t<meta name=\"twitter:description\" content=\"Tolisso, de 26 a\u00f1os, se hab\u00eda hecho un tatuaje esta semana violando las condiciones del club b\u00e1varo para evitar infecciones de coronavirusM\u00fanich, 30 ene (dpa) - El franc\u00e9s Corentin Tolisso, del Bayern M\u00fanich, deber\u00e1 pagar una multa por su nuevo tatuaje, al haber infringido el reglamento impuesto por el club debido a la pandemia de coronavirus, comunic\u00f3 hoy el campe\u00f3n alem\u00e1n en su p\u00e1gina web. &quot;Esta infracci\u00f3n es muy molesta y no se debe tolerar de\" \/>\n\t\t<meta name=\"twitter:creator\" content=\"@nbasturias\" \/>\n\t\t<meta name=\"twitter:image\" content=\"https:\/\/candas365.es\/noticias\/wp-content\/uploads\/2018\/04\/arena-1181668_960_720.jpg\" \/>\n\t\t<meta name=\"twitter:label1\" content=\"Escrito por\" \/>\n\t\t<meta name=\"twitter:data1\" content=\"Cand\u00e1s 365\" \/>\n\t\t<meta name=\"twitter:label2\" content=\"Tiempo de lectura estimado\" \/>\n\t\t<meta name=\"twitter:data2\" content=\"1 minuto\" \/>\n\t\t<script type=\"application\/ld+json\" class=\"aioseo-schema\">\n\t\t\t{\"@context\":\"https:\\\/\\\/schema.org\",\"@graph\":[{\"@type\":\"BreadcrumbList\",\"@id\":\"https:\\\/\\\/candas365.es\\\/noticias\\\/dura-sancion-contra-jugador-del-bayern-munich-por-un-tatuaje\\\/#breadcrumblist\",\"itemListElement\":[{\"@type\":\"ListItem\",\"@id\":\"https:\\\/\\\/candas365.es\\\/noticias#listItem\",\"position\":1,\"name\":\"Home\",\"item\":\"https:\\\/\\\/candas365.es\\\/noticias\",\"nextItem\":{\"@type\":\"ListItem\",\"@id\":\"https:\\\/\\\/candas365.es\\\/noticias\\\/category\\\/deporte\\\/#listItem\",\"name\":\"Deporte\"}},{\"@type\":\"ListItem\",\"@id\":\"https:\\\/\\\/candas365.es\\\/noticias\\\/category\\\/deporte\\\/#listItem\",\"position\":2,\"name\":\"Deporte\",\"item\":\"https:\\\/\\\/candas365.es\\\/noticias\\\/category\\\/deporte\\\/\",\"nextItem\":{\"@type\":\"ListItem\",\"@id\":\"https:\\\/\\\/candas365.es\\\/noticias\\\/dura-sancion-contra-jugador-del-bayern-munich-por-un-tatuaje\\\/#listItem\",\"name\":\"Dura sanci\\u00f3n contra jugador del Bayern M\\u00fanich por un tatuaje\"},\"previousItem\":{\"@type\":\"ListItem\",\"@id\":\"https:\\\/\\\/candas365.es\\\/noticias#listItem\",\"name\":\"Home\"}},{\"@type\":\"ListItem\",\"@id\":\"https:\\\/\\\/candas365.es\\\/noticias\\\/dura-sancion-contra-jugador-del-bayern-munich-por-un-tatuaje\\\/#listItem\",\"position\":3,\"name\":\"Dura sanci\\u00f3n contra jugador del Bayern M\\u00fanich por un tatuaje\",\"previousItem\":{\"@type\":\"ListItem\",\"@id\":\"https:\\\/\\\/candas365.es\\\/noticias\\\/category\\\/deporte\\\/#listItem\",\"name\":\"Deporte\"}}]},{\"@type\":\"NewsArticle\",\"@id\":\"https:\\\/\\\/candas365.es\\\/noticias\\\/dura-sancion-contra-jugador-del-bayern-munich-por-un-tatuaje\\\/#newsarticle\",\"name\":\"Dura sanci\\u00f3n contra jugador del Bayern M\\u00fanich por un tatuaje | Cand\\u00e1s 365\",\"headline\":\"Dura sanci\\u00f3n contra jugador del Bayern M\\u00fanich por un tatuaje\",\"author\":{\"@id\":\"https:\\\/\\\/candas365.es\\\/noticias\\\/author\\\/admin\\\/#author\"},\"publisher\":{\"@id\":\"https:\\\/\\\/candas365.es\\\/noticias\\\/#organization\"},\"image\":{\"@type\":\"ImageObject\",\"url\":\"https:\\\/\\\/candas365.es\\\/noticias\\\/wp-content\\\/uploads\\\/2018\\\/04\\\/arena-1181668_960_720.jpg\",\"width\":960,\"height\":640},\"datePublished\":\"2021-01-30T17:06:36+01:00\",\"dateModified\":\"2021-01-30T17:06:36+01:00\",\"inLanguage\":\"es-ES\",\"mainEntityOfPage\":{\"@id\":\"https:\\\/\\\/candas365.es\\\/noticias\\\/dura-sancion-contra-jugador-del-bayern-munich-por-un-tatuaje\\\/#webpage\"},\"isPartOf\":{\"@id\":\"https:\\\/\\\/candas365.es\\\/noticias\\\/dura-sancion-contra-jugador-del-bayern-munich-por-un-tatuaje\\\/#webpage\"},\"articleSection\":\"Deporte\",\"dateline\":\"Publicado el enero 30, 2021.\"},{\"@type\":\"Organization\",\"@id\":\"https:\\\/\\\/candas365.es\\\/noticias\\\/#organization\",\"name\":\"Cand\\u00e1s 365\",\"description\":\"Cand\\u00e1s 365 es un diario digital independiente, fundado en 2012, con base en Asturias. Informamos con rigor sobre actualidad, sociedad, cultura y ocio, con una mirada local y global.\",\"url\":\"https:\\\/\\\/candas365.es\\\/noticias\\\/\",\"email\":\"info@candas365.es\",\"telephone\":\"+34652131393\",\"foundingDate\":\"2012-06-10\",\"logo\":{\"@type\":\"ImageObject\",\"url\":\"https:\\\/\\\/candas365.es\\\/noticias\\\/wp-content\\\/uploads\\\/2024\\\/09\\\/Candas-365-Redes.jpg\",\"@id\":\"https:\\\/\\\/candas365.es\\\/noticias\\\/dura-sancion-contra-jugador-del-bayern-munich-por-un-tatuaje\\\/#organizationLogo\",\"width\":1152,\"height\":864,\"caption\":\"Cand\\u00e1s 365 Redes\"},\"image\":{\"@id\":\"https:\\\/\\\/candas365.es\\\/noticias\\\/dura-sancion-contra-jugador-del-bayern-munich-por-un-tatuaje\\\/#organizationLogo\"},\"sameAs\":[\"https:\\\/\\\/www.facebook.com\\\/Nachofdezber\",\"https:\\\/\\\/x.com\\\/NabercoDigital\",\"https:\\\/\\\/www.instagram.com\\\/nachofdezber\\\/\",\"https:\\\/\\\/www.youtube.com\\\/channel\\\/UCZP-2wLEB9Rv6erhFmqVnvg\"],\"address\":{\"@id\":\"https:\\\/\\\/candas365.es\\\/noticias\\\/#postaladdress\",\"@type\":\"PostalAddress\",\"streetAddress\":\"san antonio 4, san antonio 4\",\"postalCode\":\"33430\",\"addressLocality\":\"Cand\\u00e1s\",\"addressRegion\":\"Asturias\",\"addressCountry\":\"ES\"}},{\"@type\":\"Person\",\"@id\":\"https:\\\/\\\/candas365.es\\\/noticias\\\/author\\\/admin\\\/#author\",\"url\":\"https:\\\/\\\/candas365.es\\\/noticias\\\/author\\\/admin\\\/\",\"name\":\"Cand\\u00e1s 365\",\"image\":{\"@type\":\"ImageObject\",\"@id\":\"https:\\\/\\\/candas365.es\\\/noticias\\\/dura-sancion-contra-jugador-del-bayern-munich-por-un-tatuaje\\\/#authorImage\",\"url\":\"https:\\\/\\\/secure.gravatar.com\\\/avatar\\\/496a8e03d0c493ede1718b7934145dbdf8d89be1036b0eec9544e1094c9de390?s=96&d=mm&r=g\",\"width\":96,\"height\":96,\"caption\":\"Cand\\u00e1s 365\"},\"sameAs\":[\"https:\\\/\\\/www.facebook.com\\\/carrenoactualidad\",\"https:\\\/\\\/twitter.com\\\/nbasturias\",\"https:\\\/\\\/www.instagram.com\\\/nachofdezber\\\/\",\"https:\\\/\\\/www.youtube.com\\\/channel\\\/UCZP-2wLEB9Rv6erhFmqVnvg\"]},{\"@type\":\"WebPage\",\"@id\":\"https:\\\/\\\/candas365.es\\\/noticias\\\/dura-sancion-contra-jugador-del-bayern-munich-por-un-tatuaje\\\/#webpage\",\"url\":\"https:\\\/\\\/candas365.es\\\/noticias\\\/dura-sancion-contra-jugador-del-bayern-munich-por-un-tatuaje\\\/\",\"name\":\"Dura sanci\\u00f3n contra jugador del Bayern M\\u00fanich por un tatuaje | Cand\\u00e1s 365\",\"description\":\"Tolisso, de 26 a\\u00f1os, se hab\\u00eda hecho un tatuaje esta semana violando las condiciones del club b\\u00e1varo para evitar infecciones de coronavirusM\\u00fanich, 30 ene (dpa) - El franc\\u00e9s Corentin Tolisso, del Bayern M\\u00fanich, deber\\u00e1 pagar una multa por su nuevo tatuaje, al haber infringido el reglamento impuesto por el club debido a la pandemia de coronavirus, comunic\\u00f3 hoy el campe\\u00f3n alem\\u00e1n en su p\\u00e1gina web. \\\"Esta infracci\\u00f3n es muy molesta y no se debe tolerar de\",\"inLanguage\":\"es-ES\",\"isPartOf\":{\"@id\":\"https:\\\/\\\/candas365.es\\\/noticias\\\/#website\"},\"breadcrumb\":{\"@id\":\"https:\\\/\\\/candas365.es\\\/noticias\\\/dura-sancion-contra-jugador-del-bayern-munich-por-un-tatuaje\\\/#breadcrumblist\"},\"author\":{\"@id\":\"https:\\\/\\\/candas365.es\\\/noticias\\\/author\\\/admin\\\/#author\"},\"creator\":{\"@id\":\"https:\\\/\\\/candas365.es\\\/noticias\\\/author\\\/admin\\\/#author\"},\"image\":{\"@type\":\"ImageObject\",\"url\":\"https:\\\/\\\/candas365.es\\\/noticias\\\/wp-content\\\/uploads\\\/2018\\\/04\\\/arena-1181668_960_720.jpg\",\"@id\":\"https:\\\/\\\/candas365.es\\\/noticias\\\/dura-sancion-contra-jugador-del-bayern-munich-por-un-tatuaje\\\/#mainImage\",\"width\":960,\"height\":640},\"primaryImageOfPage\":{\"@id\":\"https:\\\/\\\/candas365.es\\\/noticias\\\/dura-sancion-contra-jugador-del-bayern-munich-por-un-tatuaje\\\/#mainImage\"},\"datePublished\":\"2021-01-30T17:06:36+01:00\",\"dateModified\":\"2021-01-30T17:06:36+01:00\"},{\"@type\":\"WebSite\",\"@id\":\"https:\\\/\\\/candas365.es\\\/noticias\\\/#website\",\"url\":\"https:\\\/\\\/candas365.es\\\/noticias\\\/\",\"name\":\"Cand\\u00e1s 365\",\"alternateName\":\"Cand\\u00e1s 365 Noticias\",\"description\":\"Actualidad desde Carre\\u00f1o para el mundo\",\"inLanguage\":\"es-ES\",\"publisher\":{\"@id\":\"https:\\\/\\\/candas365.es\\\/noticias\\\/#organization\"}}]}\n\t\t<\/script>\n\t\t<!-- All in One SEO Pro -->\r\n\t\t<title>Dura sanci\u00f3n contra jugador del Bayern M\u00fanich por un tatuaje | Cand\u00e1s 365<\/title>\n\n","aioseo_head_json":{"title":"Dura sanci\u00f3n contra jugador del Bayern M\u00fanich por un tatuaje | Cand\u00e1s 365","description":"Tolisso, de 26 a\u00f1os, se hab\u00eda hecho un tatuaje esta semana violando las condiciones del club b\u00e1varo para evitar infecciones de coronavirusM\u00fanich, 30 ene (dpa) - El franc\u00e9s Corentin Tolisso, del Bayern M\u00fanich, deber\u00e1 pagar una multa por su nuevo tatuaje, al haber infringido el reglamento impuesto por el club debido a la pandemia de coronavirus, comunic\u00f3 hoy el campe\u00f3n alem\u00e1n en su p\u00e1gina web. \"Esta infracci\u00f3n es muy molesta y no se debe tolerar de","canonical_url":"https:\/\/candas365.es\/noticias\/dura-sancion-contra-jugador-del-bayern-munich-por-un-tatuaje\/","robots":"max-image-preview:large","keywords":"deporte,f\u00fatbol,covid-19","webmasterTools":{"google-site-verification":"UA-32230408-1","msvalidate.01":"354F3CDFB2DA171B47FBE9ABF1F88D5","miscellaneous":""},"schema":{"@context":"https:\/\/schema.org","@graph":[{"@type":"BreadcrumbList","@id":"https:\/\/candas365.es\/noticias\/dura-sancion-contra-jugador-del-bayern-munich-por-un-tatuaje\/#breadcrumblist","itemListElement":[{"@type":"ListItem","@id":"https:\/\/candas365.es\/noticias#listItem","position":1,"name":"Home","item":"https:\/\/candas365.es\/noticias","nextItem":{"@type":"ListItem","@id":"https:\/\/candas365.es\/noticias\/category\/deporte\/#listItem","name":"Deporte"}},{"@type":"ListItem","@id":"https:\/\/candas365.es\/noticias\/category\/deporte\/#listItem","position":2,"name":"Deporte","item":"https:\/\/candas365.es\/noticias\/category\/deporte\/","nextItem":{"@type":"ListItem","@id":"https:\/\/candas365.es\/noticias\/dura-sancion-contra-jugador-del-bayern-munich-por-un-tatuaje\/#listItem","name":"Dura sanci\u00f3n contra jugador del Bayern M\u00fanich por un tatuaje"},"previousItem":{"@type":"ListItem","@id":"https:\/\/candas365.es\/noticias#listItem","name":"Home"}},{"@type":"ListItem","@id":"https:\/\/candas365.es\/noticias\/dura-sancion-contra-jugador-del-bayern-munich-por-un-tatuaje\/#listItem","position":3,"name":"Dura sanci\u00f3n contra jugador del Bayern M\u00fanich por un tatuaje","previousItem":{"@type":"ListItem","@id":"https:\/\/candas365.es\/noticias\/category\/deporte\/#listItem","name":"Deporte"}}]},{"@type":"NewsArticle","@id":"https:\/\/candas365.es\/noticias\/dura-sancion-contra-jugador-del-bayern-munich-por-un-tatuaje\/#newsarticle","name":"Dura sanci\u00f3n contra jugador del Bayern M\u00fanich por un tatuaje | Cand\u00e1s 365","headline":"Dura sanci\u00f3n contra jugador del Bayern M\u00fanich por un tatuaje","author":{"@id":"https:\/\/candas365.es\/noticias\/author\/admin\/#author"},"publisher":{"@id":"https:\/\/candas365.es\/noticias\/#organization"},"image":{"@type":"ImageObject","url":"https:\/\/candas365.es\/noticias\/wp-content\/uploads\/2018\/04\/arena-1181668_960_720.jpg","width":960,"height":640},"datePublished":"2021-01-30T17:06:36+01:00","dateModified":"2021-01-30T17:06:36+01:00","inLanguage":"es-ES","mainEntityOfPage":{"@id":"https:\/\/candas365.es\/noticias\/dura-sancion-contra-jugador-del-bayern-munich-por-un-tatuaje\/#webpage"},"isPartOf":{"@id":"https:\/\/candas365.es\/noticias\/dura-sancion-contra-jugador-del-bayern-munich-por-un-tatuaje\/#webpage"},"articleSection":"Deporte","dateline":"Publicado el enero 30, 2021."},{"@type":"Organization","@id":"https:\/\/candas365.es\/noticias\/#organization","name":"Cand\u00e1s 365","description":"Cand\u00e1s 365 es un diario digital independiente, fundado en 2012, con base en Asturias. Informamos con rigor sobre actualidad, sociedad, cultura y ocio, con una mirada local y global.","url":"https:\/\/candas365.es\/noticias\/","email":"info@candas365.es","telephone":"+34652131393","foundingDate":"2012-06-10","logo":{"@type":"ImageObject","url":"https:\/\/candas365.es\/noticias\/wp-content\/uploads\/2024\/09\/Candas-365-Redes.jpg","@id":"https:\/\/candas365.es\/noticias\/dura-sancion-contra-jugador-del-bayern-munich-por-un-tatuaje\/#organizationLogo","width":1152,"height":864,"caption":"Cand\u00e1s 365 Redes"},"image":{"@id":"https:\/\/candas365.es\/noticias\/dura-sancion-contra-jugador-del-bayern-munich-por-un-tatuaje\/#organizationLogo"},"sameAs":["https:\/\/www.facebook.com\/Nachofdezber","https:\/\/x.com\/NabercoDigital","https:\/\/www.instagram.com\/nachofdezber\/","https:\/\/www.youtube.com\/channel\/UCZP-2wLEB9Rv6erhFmqVnvg"],"address":{"@id":"https:\/\/candas365.es\/noticias\/#postaladdress","@type":"PostalAddress","streetAddress":"san antonio 4, san antonio 4","postalCode":"33430","addressLocality":"Cand\u00e1s","addressRegion":"Asturias","addressCountry":"ES"}},{"@type":"Person","@id":"https:\/\/candas365.es\/noticias\/author\/admin\/#author","url":"https:\/\/candas365.es\/noticias\/author\/admin\/","name":"Cand\u00e1s 365","image":{"@type":"ImageObject","@id":"https:\/\/candas365.es\/noticias\/dura-sancion-contra-jugador-del-bayern-munich-por-un-tatuaje\/#authorImage","url":"https:\/\/secure.gravatar.com\/avatar\/496a8e03d0c493ede1718b7934145dbdf8d89be1036b0eec9544e1094c9de390?s=96&d=mm&r=g","width":96,"height":96,"caption":"Cand\u00e1s 365"},"sameAs":["https:\/\/www.facebook.com\/carrenoactualidad","https:\/\/twitter.com\/nbasturias","https:\/\/www.instagram.com\/nachofdezber\/","https:\/\/www.youtube.com\/channel\/UCZP-2wLEB9Rv6erhFmqVnvg"]},{"@type":"WebPage","@id":"https:\/\/candas365.es\/noticias\/dura-sancion-contra-jugador-del-bayern-munich-por-un-tatuaje\/#webpage","url":"https:\/\/candas365.es\/noticias\/dura-sancion-contra-jugador-del-bayern-munich-por-un-tatuaje\/","name":"Dura sanci\u00f3n contra jugador del Bayern M\u00fanich por un tatuaje | Cand\u00e1s 365","description":"Tolisso, de 26 a\u00f1os, se hab\u00eda hecho un tatuaje esta semana violando las condiciones del club b\u00e1varo para evitar infecciones de coronavirusM\u00fanich, 30 ene (dpa) - El franc\u00e9s Corentin Tolisso, del Bayern M\u00fanich, deber\u00e1 pagar una multa por su nuevo tatuaje, al haber infringido el reglamento impuesto por el club debido a la pandemia de coronavirus, comunic\u00f3 hoy el campe\u00f3n alem\u00e1n en su p\u00e1gina web. \"Esta infracci\u00f3n es muy molesta y no se debe tolerar de","inLanguage":"es-ES","isPartOf":{"@id":"https:\/\/candas365.es\/noticias\/#website"},"breadcrumb":{"@id":"https:\/\/candas365.es\/noticias\/dura-sancion-contra-jugador-del-bayern-munich-por-un-tatuaje\/#breadcrumblist"},"author":{"@id":"https:\/\/candas365.es\/noticias\/author\/admin\/#author"},"creator":{"@id":"https:\/\/candas365.es\/noticias\/author\/admin\/#author"},"image":{"@type":"ImageObject","url":"https:\/\/candas365.es\/noticias\/wp-content\/uploads\/2018\/04\/arena-1181668_960_720.jpg","@id":"https:\/\/candas365.es\/noticias\/dura-sancion-contra-jugador-del-bayern-munich-por-un-tatuaje\/#mainImage","width":960,"height":640},"primaryImageOfPage":{"@id":"https:\/\/candas365.es\/noticias\/dura-sancion-contra-jugador-del-bayern-munich-por-un-tatuaje\/#mainImage"},"datePublished":"2021-01-30T17:06:36+01:00","dateModified":"2021-01-30T17:06:36+01:00"},{"@type":"WebSite","@id":"https:\/\/candas365.es\/noticias\/#website","url":"https:\/\/candas365.es\/noticias\/","name":"Cand\u00e1s 365","alternateName":"Cand\u00e1s 365 Noticias","description":"Actualidad desde Carre\u00f1o para el mundo","inLanguage":"es-ES","publisher":{"@id":"https:\/\/candas365.es\/noticias\/#organization"}}]},"og:locale":"es_ES","og:site_name":"Cand\u00e1s 365","og:type":"article","og:title":"Dura sanci\u00f3n contra jugador del Bayern M\u00fanich por un tatuaje | Cand\u00e1s 365","og:description":"Tolisso, de 26 a\u00f1os, se hab\u00eda hecho un tatuaje esta semana violando las condiciones del club b\u00e1varo para evitar infecciones de coronavirusM\u00fanich, 30 ene (dpa) - El franc\u00e9s Corentin Tolisso, del Bayern M\u00fanich, deber\u00e1 pagar una multa por su nuevo tatuaje, al haber infringido el reglamento impuesto por el club debido a la pandemia de coronavirus, comunic\u00f3 hoy el campe\u00f3n alem\u00e1n en su p\u00e1gina web. &quot;Esta infracci\u00f3n es muy molesta y no se debe tolerar de","og:url":"https:\/\/candas365.es\/noticias\/dura-sancion-contra-jugador-del-bayern-munich-por-un-tatuaje\/","og:image":"https:\/\/candas365.es\/noticias\/wp-content\/uploads\/2018\/04\/arena-1181668_960_720.jpg","og:image:secure_url":"https:\/\/candas365.es\/noticias\/wp-content\/uploads\/2018\/04\/arena-1181668_960_720.jpg","og:image:width":960,"og:image:height":640,"article:published_time":"2021-01-30T17:06:36+00:00","article:modified_time":"2021-01-30T17:06:36+00:00","article:publisher":"https:\/\/www.facebook.com\/Nachofdezber","article:author":"https:\/\/www.facebook.com\/carrenoactualidad","twitter:card":"summary_large_image","twitter:site":"@NabercoDigital","twitter:title":"Dura sanci\u00f3n contra jugador del Bayern M\u00fanich por un tatuaje | Cand\u00e1s 365","twitter:description":"Tolisso, de 26 a\u00f1os, se hab\u00eda hecho un tatuaje esta semana violando las condiciones del club b\u00e1varo para evitar infecciones de coronavirusM\u00fanich, 30 ene (dpa) - El franc\u00e9s Corentin Tolisso, del Bayern M\u00fanich, deber\u00e1 pagar una multa por su nuevo tatuaje, al haber infringido el reglamento impuesto por el club debido a la pandemia de coronavirus, comunic\u00f3 hoy el campe\u00f3n alem\u00e1n en su p\u00e1gina web. &quot;Esta infracci\u00f3n es muy molesta y no se debe tolerar de","twitter:creator":"@nbasturias","twitter:image":"https:\/\/candas365.es\/noticias\/wp-content\/uploads\/2018\/04\/arena-1181668_960_720.jpg","twitter:label1":"Escrito por","twitter:data1":"Cand\u00e1s 365","twitter:label2":"Tiempo de lectura estimado","twitter:data2":"1 minuto"},"aioseo_meta_data":{"post_id":"151147","title":null,"description":"Tolisso, de 26 a\u00f1os, se hab\u00eda hecho un tatuaje esta semana violando las condiciones del club b\u00e1varo para evitar infecciones de coronavirus#post_excerpt","keywords":[{"label":"Deporte","value":"Deporte"},{"label":" f\u00fatbol","value":" f\u00fatbol"},{"label":" covid-19","value":" covid-19"}],"keyphrases":{"focus":[],"additional":[]},"primary_term":null,"canonical_url":null,"og_title":null,"og_description":null,"og_object_type":"default","og_image_type":"default","og_image_url":null,"og_image_width":null,"og_image_height":null,"og_image_custom_url":null,"og_image_custom_fields":null,"og_video":"","og_custom_url":null,"og_article_section":null,"og_article_tags":[],"twitter_use_og":false,"twitter_card":"default","twitter_image_type":"default","twitter_image_url":null,"twitter_image_custom_url":null,"twitter_image_custom_fields":null,"twitter_title":null,"twitter_description":null,"schema":{"blockGraphs":[],"customGraphs":[],"default":{"data":{"Article":[],"Course":[],"Dataset":[],"FAQPage":[],"Movie":[],"Person":[],"Product":[],"ProductReview":[],"Car":[],"Recipe":[],"Service":[],"SoftwareApplication":[],"WebPage":[]},"graphName":"","isEnabled":true},"graphs":[]},"schema_type":"none","schema_type_options":"{\"webPage\":{\"webPageType\":\"WebPage\"},\"article\":{\"articleType\":\"BlogPosting\"},\"book\":[],\"course\":[],\"event\":[],\"jobPosting\":[],\"music\":[],\"person\":[],\"product\":[],\"recipe\":[],\"restaurant\":[],\"service\":[],\"software\":[],\"video\":[]}","pillar_content":false,"robots_default":true,"robots_noindex":false,"robots_noarchive":false,"robots_nosnippet":false,"robots_nofollow":false,"robots_noimageindex":false,"robots_noodp":false,"robots_notranslate":false,"robots_max_snippet":"-1","robots_max_videopreview":"-1","robots_max_imagepreview":"large","priority":null,"frequency":"default","location":null,"local_seo":{"businessInfo":{"name":"","urls":{"website":"","aboutPage":"","contactPage":""},"address":{"line1":"","line2":"","zip":"","city":"","state":"","country":""},"contact":{"email":"","phone":"","fax":""},"ids":{"vatID":"","taxID":"","chamberID":""},"payment":{"priceIndication":"","currenciesAccepted":"","methodsAccepted":""},"areaServed":""},"openingHours":{"show":false,"closedLabel":"","open24h":false,"open24hLabel":"","open247":false,"use24hFormat":false,"twoSets":false,"timezone":"","hours":[]}},"seo_analyzer_scan_date":"2025-08-31 16:51:36","breadcrumb_settings":null,"limit_modified_date":false,"reviewed_by":null,"open_ai":null,"ai":null,"created":"2021-01-30 17:04:59","updated":"2025-08-31 16:51:36"},"aioseo_breadcrumb":"<div class=\"aioseo-breadcrumbs\"><span class=\"aioseo-breadcrumb\">\n\t<a href=\"https:\/\/candas365.es\/noticias\" title=\"Home\">Home<\/a>\n<\/span><span class=\"aioseo-breadcrumb-separator\">&ndash;<\/span><span class=\"aioseo-breadcrumb\">\n\t<a href=\"https:\/\/candas365.es\/noticias\/category\/deporte\/\" title=\"Deporte\">Deporte<\/a>\n<\/span><span class=\"aioseo-breadcrumb-separator\">&ndash;<\/span><span class=\"aioseo-breadcrumb\">\n\tDura sanci\u00f3n contra jugador del Bayern M\u00fanich por un tatuaje\n<\/span><\/div>","aioseo_breadcrumb_json":[{"label":"Home","link":"https:\/\/candas365.es\/noticias"},{"label":"Deporte","link":"https:\/\/candas365.es\/noticias\/category\/deporte\/"},{"label":"Dura sanci\u00f3n contra jugador del Bayern M\u00fanich por un tatuaje","link":"https:\/\/candas365.es\/noticias\/dura-sancion-contra-jugador-del-bayern-munich-por-un-tatuaje\/"}],"_links":{"self":[{"href":"https:\/\/candas365.es\/noticias\/wp-json\/wp\/v2\/posts\/151147","targetHints":{"allow":["GET"]}}],"collection":[{"href":"https:\/\/candas365.es\/noticias\/wp-json\/wp\/v2\/posts"}],"about":[{"href":"https:\/\/candas365.es\/noticias\/wp-json\/wp\/v2\/types\/post"}],"author":[{"embeddable":true,"href":"https:\/\/candas365.es\/noticias\/wp-json\/wp\/v2\/users\/1"}],"replies":[{"embeddable":true,"href":"https:\/\/candas365.es\/noticias\/wp-json\/wp\/v2\/comments?post=151147"}],"version-history":[{"count":0,"href":"https:\/\/candas365.es\/noticias\/wp-json\/wp\/v2\/posts\/151147\/revisions"}],"wp:featuredmedia":[{"embeddable":true,"href":"https:\/\/candas365.es\/noticias\/wp-json\/wp\/v2\/media\/94574"}],"wp:attachment":[{"href":"https:\/\/candas365.es\/noticias\/wp-json\/wp\/v2\/media?parent=151147"}],"wp:term":[{"taxonomy":"category","embeddable":true,"href":"https:\/\/candas365.es\/noticias\/wp-json\/wp\/v2\/categories?post=151147"},{"taxonomy":"post_tag","embeddable":true,"href":"https:\/\/candas365.es\/noticias\/wp-json\/wp\/v2\/tags?post=151147"}],"curies":[{"name":"wp","href":"https:\/\/api.w.org\/{rel}","templated":true}]}}