{"id":151145,"date":"2021-01-30T16:46:43","date_gmt":"2021-01-30T16:46:43","guid":{"rendered":"http:\/\/candas365.es\/noticias\/?p=151145"},"modified":"2021-01-30T16:46:43","modified_gmt":"2021-01-30T16:46:43","slug":"ronald-koeman-prudencia-y-ambicion","status":"publish","type":"post","link":"https:\/\/candas365.es\/noticias\/ronald-koeman-prudencia-y-ambicion\/","title":{"rendered":"Ronald Koeman: Prudencia y ambici\u00f3n"},"content":{"rendered":"<p><img fetchpriority=\"high\" decoding=\"async\" class=\"alignleft size-medium wp-image-98026\" src=\"https:\/\/candas365.es\/noticias\/wp-content\/uploads\/2018\/06\/football-1406106_960_720-1-360x241.jpg\" alt=\"\" width=\"360\" height=\"241\" srcset=\"https:\/\/candas365.es\/noticias\/wp-content\/uploads\/2018\/06\/football-1406106_960_720-1-360x241.jpg 360w, https:\/\/candas365.es\/noticias\/wp-content\/uploads\/2018\/06\/football-1406106_960_720-1-768x514.jpg 768w, https:\/\/candas365.es\/noticias\/wp-content\/uploads\/2018\/06\/football-1406106_960_720-1-655x439.jpg 655w, https:\/\/candas365.es\/noticias\/wp-content\/uploads\/2018\/06\/football-1406106_960_720-1-696x466.jpg 696w, https:\/\/candas365.es\/noticias\/wp-content\/uploads\/2018\/06\/football-1406106_960_720-1-627x420.jpg 627w, https:\/\/candas365.es\/noticias\/wp-content\/uploads\/2018\/06\/football-1406106_960_720-1.jpg 960w\" sizes=\"(max-width: 360px) 100vw, 360px\" \/>(EP) &#8211; El entrenador del FC Barcelona, <strong>Ronald Koeman, ha asegurado que deben ser \u00abrealistas\u00bb y ser conscientes de que actualmente el equipo \u00abno est\u00e1 para ganar muchas cosas\u00bb, aunque tratar\u00e1n de \u00abluchar\u00bb por todo<\/strong>, y ha resaltado la fortaleza \u00aba bal\u00f3n parado\u00bb del Athletic Club, al que se enfrentar\u00e1n este domingo en el Camp Nou d\u00edas despu\u00e9s de perder ante \u00e9l la Supercopa de Espa\u00f1a, por lo que ha instado a no cometer \u00abfaltas innecesarias\u00bb.<\/p>\n<p>\u00abEs una temporada en la que estamos cambiando cosas, optamos por jugadores j\u00f3venes. Hoy en d\u00eda, el Bar\u00e7a no est\u00e1 para ganar muchas cosas. Luchamos, pero hay que ser realistas de d\u00f3nde venimos y de los cambios que hemos hecho. El Bar\u00e7a siempre tiene que estar preparado para luchar, pero hay que ser realista tambi\u00e9n\u00bb, declar\u00f3 en rueda de prensa.<\/p>\n<p>En este sentido, sabe que en LaLiga Santander la situaci\u00f3n est\u00e1 muy complicada. <strong>\u00abSabemos nuestra situaci\u00f3n en LaLiga, hay bastante distancia de puntos, est\u00e1 complicado, pero hasta que sea posible intentaremos ganar nuestros partidos. En la &#8216;Champions&#8217; hay muchos equipos. Tenemos dos partidos contra el PSG e intentaremos pasar\u00bb, indic\u00f3<\/strong>.<\/p>\n<p>El preparador neerland\u00e9s sabe adem\u00e1s que ser\u00e1 casi imposible incorporar a alguien en el mercado de invierno por la situaci\u00f3n econ\u00f3mica del club. \u00abSiempre es importante tener a alguien en el club que trabaje para mejorar nuestra plantilla. Si no puede ser enero, tendr\u00e1 que ser la temporada que viene. Los jugadores no pueden estar molestos por este tema. Estas cosas pasan en cualquier club del mundo\u00bb, subray\u00f3.<\/p>\n<p>\u00abEl trabajo de Ramon Planes es intentar mejorar nuestra plantilla. Si hay cosas, que las explique \u00e9l, yo no s\u00e9 qu\u00e9 ha pasado. Mi trabajo es pensar en el partido. De las otras cosas, nada me interesa\u00bb, apunt\u00f3, confirmando que no ha hablado con el t\u00e9cnico del Manchester City, Pep Guardiola, sobre Eric Garc\u00eda. \u00abS\u00ed, he hablado con Pep para felicitarle por sus 50 a\u00f1os, pero no hemos hablado de Eric Garc\u00eda. Seguramente venga para la temporada que viene, y si no es posible este enero, lo aceptamos y seguimos adelante\u00bb, manifest\u00f3.<\/p>\n<p>Por otra parte, fue categ\u00f3rico a la hora de hablar del franc\u00e9s Jean-Clair Todibo, cedido en el Benfica. <strong>\u00abTodibo es jugador del Bar\u00e7a, pero no voy a contar con \u00e9l\u00bb<\/strong>, sentenci\u00f3, antes de hablar del presunto informe de la directiva en la que se afirmaba que Umtiti y Mingueza no estaban capacitados para jugar partidos de alto nivel.<\/p>\n<p>\u00abUn jugador del Bar\u00e7a siempre tiene que estar preparado para todo. Umtiti ha estado un tiempo fuera por una lesi\u00f3n, se ha recuperado bien y hemos contado con \u00e9l. Mingueza ha jugado muchos partidos, ha subido al primer equipo, ha jugado de central, de lateral&#8230; Ya veremos qu\u00e9 pasa en el futuro. Cada uno lo tiene que demostrar, y nadie sabe qu\u00e9 puede pasar en el futuro en este club\u00bb, afirm\u00f3, antes de asegurar que Sergi Roberto tiene \u00abmucho \u00e1nimo de estar en el partido\u00bb de este domingo y tiene \u00abposibilidades de entrar\u00bb tras recuperarse de su lesi\u00f3n.<\/p>\n<h2>\u00abNO HAREMOS FALTAS INNECESARIAS ANTE EL ATHLETIC\u00bb<\/h2>\n<p>En otro orden de cosas, Koeman analiz\u00f3 el duelo de este domingo ante el Athletic Club en el Camp Nou (21.00 horas), despu\u00e9s de que los de Marcelino Garc\u00eda Toral les ganasen la final de la Supercopa de Espa\u00f1a. \u00abEn los dos partidos anteriores contra ellos hemos tenido muchas posibilidades de ganar los partidos. Es un equipo f\u00edsicamente fuerte, sobre todo a bal\u00f3n parado, donde sacan mucho rendimiento, y tenemos que estar preparados. En los dos partidos anteriores creamos nuestras oportunidades, ahora hay que sentenciar. El equipo ha mejorado su juego, m\u00e1s cosas sin bal\u00f3n, y hay que seguir as\u00ed\u00bb, expres\u00f3.<\/p>\n<p>\u00abEl Athletic saca mucho rendimiento a las faltas, los c\u00f3rners. Van muy bien por arriba, hay que defender bien. El \u00e1rbitro ser\u00e1 muy importante, porque hay jugadas, como la del otro d\u00eda, en las que no hab\u00eda falta. No haremos faltas innecesarias para que ellos no puedan aprovechar las jugadas a bal\u00f3n parado\u00bb, concluy\u00f3.<\/p>\n","protected":false},"excerpt":{"rendered":"<p>(EP) &#8211; El entrenador del FC Barcelona, Ronald Koeman, ha asegurado que deben ser \u00abrealistas\u00bb y ser conscientes de que actualmente el equipo \u00abno est\u00e1 para ganar muchas cosas\u00bb, aunque tratar\u00e1n de \u00abluchar\u00bb por todo, y ha resaltado la fortaleza \u00aba bal\u00f3n parado\u00bb del Athletic Club, al que se enfrentar\u00e1n este domingo en el Camp<\/p>\n","protected":false},"author":1,"featured_media":98026,"comment_status":"closed","ping_status":"closed","sticky":false,"template":"","format":"standard","meta":{"footnotes":""},"categories":[319],"tags":[],"class_list":{"0":"post-151145","1":"post","2":"type-post","3":"status-publish","4":"format-standard","5":"has-post-thumbnail","7":"category-deporte"},"aioseo_notices":[],"aioseo_head":"\n\t\t<!-- All in One SEO Pro 4.9.6.2 - aioseo.com -->\n\t<meta name=\"description\" content=\"Ronald Koeman, ha asegurado que deben ser &quot;realistas&quot; y ser conscientes de que actualmente el equipo &quot;no est\u00e1 para ganar muchas cosas&quot;(EP) - El entrenador del FC Barcelona, Ronald Koeman, ha asegurado que deben ser &quot;realistas&quot; y ser conscientes de que actualmente el equipo &quot;no est\u00e1 para ganar muchas cosas&quot;, aunque tratar\u00e1n de &quot;luchar&quot; por todo, y ha resaltado la fortaleza &quot;a bal\u00f3n parado&quot; del Athletic Club, al que se enfrentar\u00e1n este domingo en el Camp\" \/>\n\t<meta name=\"robots\" content=\"max-image-preview:large\" \/>\n\t<meta name=\"author\" content=\"Cand\u00e1s 365\"\/>\n\t<meta name=\"google-site-verification\" content=\"UA-32230408-1\" \/>\n\t<meta name=\"msvalidate.01\" content=\"354F3CDFB2DA171B47FBE9ABF1F88D5\" \/>\n\t<meta name=\"keywords\" content=\"deporte,f\u00fatbol\" \/>\n\t<link rel=\"canonical\" href=\"https:\/\/candas365.es\/noticias\/ronald-koeman-prudencia-y-ambicion\/\" \/>\n\t<meta name=\"generator\" content=\"All in One SEO Pro (AIOSEO) 4.9.6.2\" \/>\n\t\t<meta property=\"og:locale\" content=\"es_ES\" \/>\n\t\t<meta property=\"og:site_name\" content=\"Cand\u00e1s 365\" \/>\n\t\t<meta property=\"og:type\" content=\"article\" \/>\n\t\t<meta property=\"og:title\" content=\"Ronald Koeman: Prudencia y ambici\u00f3n | Cand\u00e1s 365\" \/>\n\t\t<meta property=\"og:description\" content=\"Ronald Koeman, ha asegurado que deben ser &quot;realistas&quot; y ser conscientes de que actualmente el equipo &quot;no est\u00e1 para ganar muchas cosas&quot;(EP) - El entrenador del FC Barcelona, Ronald Koeman, ha asegurado que deben ser &quot;realistas&quot; y ser conscientes de que actualmente el equipo &quot;no est\u00e1 para ganar muchas cosas&quot;, aunque tratar\u00e1n de &quot;luchar&quot; por todo, y ha resaltado la fortaleza &quot;a bal\u00f3n parado&quot; del Athletic Club, al que se enfrentar\u00e1n este domingo en el Camp\" \/>\n\t\t<meta property=\"og:url\" content=\"https:\/\/candas365.es\/noticias\/ronald-koeman-prudencia-y-ambicion\/\" \/>\n\t\t<meta property=\"og:image\" content=\"https:\/\/candas365.es\/noticias\/wp-content\/uploads\/2018\/06\/football-1406106_960_720-1.jpg\" \/>\n\t\t<meta property=\"og:image:secure_url\" content=\"https:\/\/candas365.es\/noticias\/wp-content\/uploads\/2018\/06\/football-1406106_960_720-1.jpg\" \/>\n\t\t<meta property=\"og:image:width\" content=\"960\" \/>\n\t\t<meta property=\"og:image:height\" content=\"643\" \/>\n\t\t<meta property=\"article:published_time\" content=\"2021-01-30T16:46:43+00:00\" \/>\n\t\t<meta property=\"article:modified_time\" content=\"2021-01-30T16:46:43+00:00\" \/>\n\t\t<meta property=\"article:publisher\" content=\"https:\/\/www.facebook.com\/Nachofdezber\" \/>\n\t\t<meta property=\"article:author\" content=\"https:\/\/www.facebook.com\/carrenoactualidad\" \/>\n\t\t<meta name=\"twitter:card\" content=\"summary_large_image\" \/>\n\t\t<meta name=\"twitter:site\" content=\"@NabercoDigital\" \/>\n\t\t<meta name=\"twitter:title\" content=\"Ronald Koeman: Prudencia y ambici\u00f3n | Cand\u00e1s 365\" \/>\n\t\t<meta name=\"twitter:description\" content=\"Ronald Koeman, ha asegurado que deben ser &quot;realistas&quot; y ser conscientes de que actualmente el equipo &quot;no est\u00e1 para ganar muchas cosas&quot;(EP) - El entrenador del FC Barcelona, Ronald Koeman, ha asegurado que deben ser &quot;realistas&quot; y ser conscientes de que actualmente el equipo &quot;no est\u00e1 para ganar muchas cosas&quot;, aunque tratar\u00e1n de &quot;luchar&quot; por todo, y ha resaltado la fortaleza &quot;a bal\u00f3n parado&quot; del Athletic Club, al que se enfrentar\u00e1n este domingo en el Camp\" \/>\n\t\t<meta name=\"twitter:creator\" content=\"@nbasturias\" \/>\n\t\t<meta name=\"twitter:image\" content=\"https:\/\/candas365.es\/noticias\/wp-content\/uploads\/2018\/06\/football-1406106_960_720-1.jpg\" \/>\n\t\t<meta name=\"twitter:label1\" content=\"Escrito por\" \/>\n\t\t<meta name=\"twitter:data1\" content=\"Cand\u00e1s 365\" \/>\n\t\t<meta name=\"twitter:label2\" content=\"Tiempo de lectura estimado\" \/>\n\t\t<meta name=\"twitter:data2\" content=\"4 minutos\" \/>\n\t\t<script type=\"application\/ld+json\" class=\"aioseo-schema\">\n\t\t\t{\"@context\":\"https:\\\/\\\/schema.org\",\"@graph\":[{\"@type\":\"BreadcrumbList\",\"@id\":\"https:\\\/\\\/candas365.es\\\/noticias\\\/ronald-koeman-prudencia-y-ambicion\\\/#breadcrumblist\",\"itemListElement\":[{\"@type\":\"ListItem\",\"@id\":\"https:\\\/\\\/candas365.es\\\/noticias#listItem\",\"position\":1,\"name\":\"Home\",\"item\":\"https:\\\/\\\/candas365.es\\\/noticias\",\"nextItem\":{\"@type\":\"ListItem\",\"@id\":\"https:\\\/\\\/candas365.es\\\/noticias\\\/category\\\/deporte\\\/#listItem\",\"name\":\"Deporte\"}},{\"@type\":\"ListItem\",\"@id\":\"https:\\\/\\\/candas365.es\\\/noticias\\\/category\\\/deporte\\\/#listItem\",\"position\":2,\"name\":\"Deporte\",\"item\":\"https:\\\/\\\/candas365.es\\\/noticias\\\/category\\\/deporte\\\/\",\"nextItem\":{\"@type\":\"ListItem\",\"@id\":\"https:\\\/\\\/candas365.es\\\/noticias\\\/ronald-koeman-prudencia-y-ambicion\\\/#listItem\",\"name\":\"Ronald Koeman: Prudencia y ambici\\u00f3n\"},\"previousItem\":{\"@type\":\"ListItem\",\"@id\":\"https:\\\/\\\/candas365.es\\\/noticias#listItem\",\"name\":\"Home\"}},{\"@type\":\"ListItem\",\"@id\":\"https:\\\/\\\/candas365.es\\\/noticias\\\/ronald-koeman-prudencia-y-ambicion\\\/#listItem\",\"position\":3,\"name\":\"Ronald Koeman: Prudencia y ambici\\u00f3n\",\"previousItem\":{\"@type\":\"ListItem\",\"@id\":\"https:\\\/\\\/candas365.es\\\/noticias\\\/category\\\/deporte\\\/#listItem\",\"name\":\"Deporte\"}}]},{\"@type\":\"NewsArticle\",\"@id\":\"https:\\\/\\\/candas365.es\\\/noticias\\\/ronald-koeman-prudencia-y-ambicion\\\/#newsarticle\",\"name\":\"Ronald Koeman: Prudencia y ambici\\u00f3n | Cand\\u00e1s 365\",\"headline\":\"Ronald Koeman: Prudencia y ambici\\u00f3n\",\"author\":{\"@id\":\"https:\\\/\\\/candas365.es\\\/noticias\\\/author\\\/admin\\\/#author\"},\"publisher\":{\"@id\":\"https:\\\/\\\/candas365.es\\\/noticias\\\/#organization\"},\"image\":{\"@type\":\"ImageObject\",\"url\":\"https:\\\/\\\/candas365.es\\\/noticias\\\/wp-content\\\/uploads\\\/2018\\\/06\\\/football-1406106_960_720-1.jpg\",\"width\":960,\"height\":643},\"datePublished\":\"2021-01-30T16:46:43+01:00\",\"dateModified\":\"2021-01-30T16:46:43+01:00\",\"inLanguage\":\"es-ES\",\"mainEntityOfPage\":{\"@id\":\"https:\\\/\\\/candas365.es\\\/noticias\\\/ronald-koeman-prudencia-y-ambicion\\\/#webpage\"},\"isPartOf\":{\"@id\":\"https:\\\/\\\/candas365.es\\\/noticias\\\/ronald-koeman-prudencia-y-ambicion\\\/#webpage\"},\"articleSection\":\"Deporte\",\"dateline\":\"Publicado el enero 30, 2021.\"},{\"@type\":\"Organization\",\"@id\":\"https:\\\/\\\/candas365.es\\\/noticias\\\/#organization\",\"name\":\"Cand\\u00e1s 365\",\"description\":\"Cand\\u00e1s 365 es un diario digital independiente, fundado en 2012, con base en Asturias. Informamos con rigor sobre actualidad, sociedad, cultura y ocio, con una mirada local y global.\",\"url\":\"https:\\\/\\\/candas365.es\\\/noticias\\\/\",\"email\":\"info@candas365.es\",\"telephone\":\"+34652131393\",\"foundingDate\":\"2012-06-10\",\"logo\":{\"@type\":\"ImageObject\",\"url\":\"https:\\\/\\\/candas365.es\\\/noticias\\\/wp-content\\\/uploads\\\/2024\\\/09\\\/Candas-365-Redes.jpg\",\"@id\":\"https:\\\/\\\/candas365.es\\\/noticias\\\/ronald-koeman-prudencia-y-ambicion\\\/#organizationLogo\",\"width\":1152,\"height\":864,\"caption\":\"Cand\\u00e1s 365 Redes\"},\"image\":{\"@id\":\"https:\\\/\\\/candas365.es\\\/noticias\\\/ronald-koeman-prudencia-y-ambicion\\\/#organizationLogo\"},\"sameAs\":[\"https:\\\/\\\/www.facebook.com\\\/Nachofdezber\",\"https:\\\/\\\/x.com\\\/NabercoDigital\",\"https:\\\/\\\/www.instagram.com\\\/nachofdezber\\\/\",\"https:\\\/\\\/www.youtube.com\\\/channel\\\/UCZP-2wLEB9Rv6erhFmqVnvg\"],\"address\":{\"@id\":\"https:\\\/\\\/candas365.es\\\/noticias\\\/#postaladdress\",\"@type\":\"PostalAddress\",\"streetAddress\":\"san antonio 4, san antonio 4\",\"postalCode\":\"33430\",\"addressLocality\":\"Cand\\u00e1s\",\"addressRegion\":\"Asturias\",\"addressCountry\":\"ES\"}},{\"@type\":\"Person\",\"@id\":\"https:\\\/\\\/candas365.es\\\/noticias\\\/author\\\/admin\\\/#author\",\"url\":\"https:\\\/\\\/candas365.es\\\/noticias\\\/author\\\/admin\\\/\",\"name\":\"Cand\\u00e1s 365\",\"image\":{\"@type\":\"ImageObject\",\"@id\":\"https:\\\/\\\/candas365.es\\\/noticias\\\/ronald-koeman-prudencia-y-ambicion\\\/#authorImage\",\"url\":\"https:\\\/\\\/secure.gravatar.com\\\/avatar\\\/496a8e03d0c493ede1718b7934145dbdf8d89be1036b0eec9544e1094c9de390?s=96&d=mm&r=g\",\"width\":96,\"height\":96,\"caption\":\"Cand\\u00e1s 365\"},\"sameAs\":[\"https:\\\/\\\/www.facebook.com\\\/carrenoactualidad\",\"https:\\\/\\\/twitter.com\\\/nbasturias\",\"https:\\\/\\\/www.instagram.com\\\/nachofdezber\\\/\",\"https:\\\/\\\/www.youtube.com\\\/channel\\\/UCZP-2wLEB9Rv6erhFmqVnvg\"]},{\"@type\":\"WebPage\",\"@id\":\"https:\\\/\\\/candas365.es\\\/noticias\\\/ronald-koeman-prudencia-y-ambicion\\\/#webpage\",\"url\":\"https:\\\/\\\/candas365.es\\\/noticias\\\/ronald-koeman-prudencia-y-ambicion\\\/\",\"name\":\"Ronald Koeman: Prudencia y ambici\\u00f3n | Cand\\u00e1s 365\",\"description\":\"Ronald Koeman, ha asegurado que deben ser \\\"realistas\\\" y ser conscientes de que actualmente el equipo \\\"no est\\u00e1 para ganar muchas cosas\\\"(EP) - El entrenador del FC Barcelona, Ronald Koeman, ha asegurado que deben ser \\\"realistas\\\" y ser conscientes de que actualmente el equipo \\\"no est\\u00e1 para ganar muchas cosas\\\", aunque tratar\\u00e1n de \\\"luchar\\\" por todo, y ha resaltado la fortaleza \\\"a bal\\u00f3n parado\\\" del Athletic Club, al que se enfrentar\\u00e1n este domingo en el Camp\",\"inLanguage\":\"es-ES\",\"isPartOf\":{\"@id\":\"https:\\\/\\\/candas365.es\\\/noticias\\\/#website\"},\"breadcrumb\":{\"@id\":\"https:\\\/\\\/candas365.es\\\/noticias\\\/ronald-koeman-prudencia-y-ambicion\\\/#breadcrumblist\"},\"author\":{\"@id\":\"https:\\\/\\\/candas365.es\\\/noticias\\\/author\\\/admin\\\/#author\"},\"creator\":{\"@id\":\"https:\\\/\\\/candas365.es\\\/noticias\\\/author\\\/admin\\\/#author\"},\"image\":{\"@type\":\"ImageObject\",\"url\":\"https:\\\/\\\/candas365.es\\\/noticias\\\/wp-content\\\/uploads\\\/2018\\\/06\\\/football-1406106_960_720-1.jpg\",\"@id\":\"https:\\\/\\\/candas365.es\\\/noticias\\\/ronald-koeman-prudencia-y-ambicion\\\/#mainImage\",\"width\":960,\"height\":643},\"primaryImageOfPage\":{\"@id\":\"https:\\\/\\\/candas365.es\\\/noticias\\\/ronald-koeman-prudencia-y-ambicion\\\/#mainImage\"},\"datePublished\":\"2021-01-30T16:46:43+01:00\",\"dateModified\":\"2021-01-30T16:46:43+01:00\"},{\"@type\":\"WebSite\",\"@id\":\"https:\\\/\\\/candas365.es\\\/noticias\\\/#website\",\"url\":\"https:\\\/\\\/candas365.es\\\/noticias\\\/\",\"name\":\"Cand\\u00e1s 365\",\"alternateName\":\"Cand\\u00e1s 365 Noticias\",\"description\":\"Actualidad desde Carre\\u00f1o para el mundo\",\"inLanguage\":\"es-ES\",\"publisher\":{\"@id\":\"https:\\\/\\\/candas365.es\\\/noticias\\\/#organization\"}}]}\n\t\t<\/script>\n\t\t<!-- All in One SEO Pro -->\r\n\t\t<title>Ronald Koeman: Prudencia y ambici\u00f3n | Cand\u00e1s 365<\/title>\n\n","aioseo_head_json":{"title":"Ronald Koeman: Prudencia y ambici\u00f3n | Cand\u00e1s 365","description":"Ronald Koeman, ha asegurado que deben ser \"realistas\" y ser conscientes de que actualmente el equipo \"no est\u00e1 para ganar muchas cosas\"(EP) - El entrenador del FC Barcelona, Ronald Koeman, ha asegurado que deben ser \"realistas\" y ser conscientes de que actualmente el equipo \"no est\u00e1 para ganar muchas cosas\", aunque tratar\u00e1n de \"luchar\" por todo, y ha resaltado la fortaleza \"a bal\u00f3n parado\" del Athletic Club, al que se enfrentar\u00e1n este domingo en el Camp","canonical_url":"https:\/\/candas365.es\/noticias\/ronald-koeman-prudencia-y-ambicion\/","robots":"max-image-preview:large","keywords":"deporte,f\u00fatbol","webmasterTools":{"google-site-verification":"UA-32230408-1","msvalidate.01":"354F3CDFB2DA171B47FBE9ABF1F88D5","miscellaneous":""},"schema":{"@context":"https:\/\/schema.org","@graph":[{"@type":"BreadcrumbList","@id":"https:\/\/candas365.es\/noticias\/ronald-koeman-prudencia-y-ambicion\/#breadcrumblist","itemListElement":[{"@type":"ListItem","@id":"https:\/\/candas365.es\/noticias#listItem","position":1,"name":"Home","item":"https:\/\/candas365.es\/noticias","nextItem":{"@type":"ListItem","@id":"https:\/\/candas365.es\/noticias\/category\/deporte\/#listItem","name":"Deporte"}},{"@type":"ListItem","@id":"https:\/\/candas365.es\/noticias\/category\/deporte\/#listItem","position":2,"name":"Deporte","item":"https:\/\/candas365.es\/noticias\/category\/deporte\/","nextItem":{"@type":"ListItem","@id":"https:\/\/candas365.es\/noticias\/ronald-koeman-prudencia-y-ambicion\/#listItem","name":"Ronald Koeman: Prudencia y ambici\u00f3n"},"previousItem":{"@type":"ListItem","@id":"https:\/\/candas365.es\/noticias#listItem","name":"Home"}},{"@type":"ListItem","@id":"https:\/\/candas365.es\/noticias\/ronald-koeman-prudencia-y-ambicion\/#listItem","position":3,"name":"Ronald Koeman: Prudencia y ambici\u00f3n","previousItem":{"@type":"ListItem","@id":"https:\/\/candas365.es\/noticias\/category\/deporte\/#listItem","name":"Deporte"}}]},{"@type":"NewsArticle","@id":"https:\/\/candas365.es\/noticias\/ronald-koeman-prudencia-y-ambicion\/#newsarticle","name":"Ronald Koeman: Prudencia y ambici\u00f3n | Cand\u00e1s 365","headline":"Ronald Koeman: Prudencia y ambici\u00f3n","author":{"@id":"https:\/\/candas365.es\/noticias\/author\/admin\/#author"},"publisher":{"@id":"https:\/\/candas365.es\/noticias\/#organization"},"image":{"@type":"ImageObject","url":"https:\/\/candas365.es\/noticias\/wp-content\/uploads\/2018\/06\/football-1406106_960_720-1.jpg","width":960,"height":643},"datePublished":"2021-01-30T16:46:43+01:00","dateModified":"2021-01-30T16:46:43+01:00","inLanguage":"es-ES","mainEntityOfPage":{"@id":"https:\/\/candas365.es\/noticias\/ronald-koeman-prudencia-y-ambicion\/#webpage"},"isPartOf":{"@id":"https:\/\/candas365.es\/noticias\/ronald-koeman-prudencia-y-ambicion\/#webpage"},"articleSection":"Deporte","dateline":"Publicado el enero 30, 2021."},{"@type":"Organization","@id":"https:\/\/candas365.es\/noticias\/#organization","name":"Cand\u00e1s 365","description":"Cand\u00e1s 365 es un diario digital independiente, fundado en 2012, con base en Asturias. Informamos con rigor sobre actualidad, sociedad, cultura y ocio, con una mirada local y global.","url":"https:\/\/candas365.es\/noticias\/","email":"info@candas365.es","telephone":"+34652131393","foundingDate":"2012-06-10","logo":{"@type":"ImageObject","url":"https:\/\/candas365.es\/noticias\/wp-content\/uploads\/2024\/09\/Candas-365-Redes.jpg","@id":"https:\/\/candas365.es\/noticias\/ronald-koeman-prudencia-y-ambicion\/#organizationLogo","width":1152,"height":864,"caption":"Cand\u00e1s 365 Redes"},"image":{"@id":"https:\/\/candas365.es\/noticias\/ronald-koeman-prudencia-y-ambicion\/#organizationLogo"},"sameAs":["https:\/\/www.facebook.com\/Nachofdezber","https:\/\/x.com\/NabercoDigital","https:\/\/www.instagram.com\/nachofdezber\/","https:\/\/www.youtube.com\/channel\/UCZP-2wLEB9Rv6erhFmqVnvg"],"address":{"@id":"https:\/\/candas365.es\/noticias\/#postaladdress","@type":"PostalAddress","streetAddress":"san antonio 4, san antonio 4","postalCode":"33430","addressLocality":"Cand\u00e1s","addressRegion":"Asturias","addressCountry":"ES"}},{"@type":"Person","@id":"https:\/\/candas365.es\/noticias\/author\/admin\/#author","url":"https:\/\/candas365.es\/noticias\/author\/admin\/","name":"Cand\u00e1s 365","image":{"@type":"ImageObject","@id":"https:\/\/candas365.es\/noticias\/ronald-koeman-prudencia-y-ambicion\/#authorImage","url":"https:\/\/secure.gravatar.com\/avatar\/496a8e03d0c493ede1718b7934145dbdf8d89be1036b0eec9544e1094c9de390?s=96&d=mm&r=g","width":96,"height":96,"caption":"Cand\u00e1s 365"},"sameAs":["https:\/\/www.facebook.com\/carrenoactualidad","https:\/\/twitter.com\/nbasturias","https:\/\/www.instagram.com\/nachofdezber\/","https:\/\/www.youtube.com\/channel\/UCZP-2wLEB9Rv6erhFmqVnvg"]},{"@type":"WebPage","@id":"https:\/\/candas365.es\/noticias\/ronald-koeman-prudencia-y-ambicion\/#webpage","url":"https:\/\/candas365.es\/noticias\/ronald-koeman-prudencia-y-ambicion\/","name":"Ronald Koeman: Prudencia y ambici\u00f3n | Cand\u00e1s 365","description":"Ronald Koeman, ha asegurado que deben ser \"realistas\" y ser conscientes de que actualmente el equipo \"no est\u00e1 para ganar muchas cosas\"(EP) - El entrenador del FC Barcelona, Ronald Koeman, ha asegurado que deben ser \"realistas\" y ser conscientes de que actualmente el equipo \"no est\u00e1 para ganar muchas cosas\", aunque tratar\u00e1n de \"luchar\" por todo, y ha resaltado la fortaleza \"a bal\u00f3n parado\" del Athletic Club, al que se enfrentar\u00e1n este domingo en el Camp","inLanguage":"es-ES","isPartOf":{"@id":"https:\/\/candas365.es\/noticias\/#website"},"breadcrumb":{"@id":"https:\/\/candas365.es\/noticias\/ronald-koeman-prudencia-y-ambicion\/#breadcrumblist"},"author":{"@id":"https:\/\/candas365.es\/noticias\/author\/admin\/#author"},"creator":{"@id":"https:\/\/candas365.es\/noticias\/author\/admin\/#author"},"image":{"@type":"ImageObject","url":"https:\/\/candas365.es\/noticias\/wp-content\/uploads\/2018\/06\/football-1406106_960_720-1.jpg","@id":"https:\/\/candas365.es\/noticias\/ronald-koeman-prudencia-y-ambicion\/#mainImage","width":960,"height":643},"primaryImageOfPage":{"@id":"https:\/\/candas365.es\/noticias\/ronald-koeman-prudencia-y-ambicion\/#mainImage"},"datePublished":"2021-01-30T16:46:43+01:00","dateModified":"2021-01-30T16:46:43+01:00"},{"@type":"WebSite","@id":"https:\/\/candas365.es\/noticias\/#website","url":"https:\/\/candas365.es\/noticias\/","name":"Cand\u00e1s 365","alternateName":"Cand\u00e1s 365 Noticias","description":"Actualidad desde Carre\u00f1o para el mundo","inLanguage":"es-ES","publisher":{"@id":"https:\/\/candas365.es\/noticias\/#organization"}}]},"og:locale":"es_ES","og:site_name":"Cand\u00e1s 365","og:type":"article","og:title":"Ronald Koeman: Prudencia y ambici\u00f3n | Cand\u00e1s 365","og:description":"Ronald Koeman, ha asegurado que deben ser &quot;realistas&quot; y ser conscientes de que actualmente el equipo &quot;no est\u00e1 para ganar muchas cosas&quot;(EP) - El entrenador del FC Barcelona, Ronald Koeman, ha asegurado que deben ser &quot;realistas&quot; y ser conscientes de que actualmente el equipo &quot;no est\u00e1 para ganar muchas cosas&quot;, aunque tratar\u00e1n de &quot;luchar&quot; por todo, y ha resaltado la fortaleza &quot;a bal\u00f3n parado&quot; del Athletic Club, al que se enfrentar\u00e1n este domingo en el Camp","og:url":"https:\/\/candas365.es\/noticias\/ronald-koeman-prudencia-y-ambicion\/","og:image":"https:\/\/candas365.es\/noticias\/wp-content\/uploads\/2018\/06\/football-1406106_960_720-1.jpg","og:image:secure_url":"https:\/\/candas365.es\/noticias\/wp-content\/uploads\/2018\/06\/football-1406106_960_720-1.jpg","og:image:width":960,"og:image:height":643,"article:published_time":"2021-01-30T16:46:43+00:00","article:modified_time":"2021-01-30T16:46:43+00:00","article:publisher":"https:\/\/www.facebook.com\/Nachofdezber","article:author":"https:\/\/www.facebook.com\/carrenoactualidad","twitter:card":"summary_large_image","twitter:site":"@NabercoDigital","twitter:title":"Ronald Koeman: Prudencia y ambici\u00f3n | Cand\u00e1s 365","twitter:description":"Ronald Koeman, ha asegurado que deben ser &quot;realistas&quot; y ser conscientes de que actualmente el equipo &quot;no est\u00e1 para ganar muchas cosas&quot;(EP) - El entrenador del FC Barcelona, Ronald Koeman, ha asegurado que deben ser &quot;realistas&quot; y ser conscientes de que actualmente el equipo &quot;no est\u00e1 para ganar muchas cosas&quot;, aunque tratar\u00e1n de &quot;luchar&quot; por todo, y ha resaltado la fortaleza &quot;a bal\u00f3n parado&quot; del Athletic Club, al que se enfrentar\u00e1n este domingo en el Camp","twitter:creator":"@nbasturias","twitter:image":"https:\/\/candas365.es\/noticias\/wp-content\/uploads\/2018\/06\/football-1406106_960_720-1.jpg","twitter:label1":"Escrito por","twitter:data1":"Cand\u00e1s 365","twitter:label2":"Tiempo de lectura estimado","twitter:data2":"4 minutos"},"aioseo_meta_data":{"post_id":"151145","title":null,"description":"Ronald Koeman, ha asegurado que deben ser \"realistas\" y ser conscientes de que actualmente el equipo \"no est\u00e1 para ganar muchas cosas\"#post_excerpt","keywords":[{"label":"Deporte","value":"Deporte"},{"label":" f\u00fatbol","value":" f\u00fatbol"}],"keyphrases":{"focus":[],"additional":[]},"primary_term":null,"canonical_url":null,"og_title":null,"og_description":null,"og_object_type":"default","og_image_type":"default","og_image_url":null,"og_image_width":null,"og_image_height":null,"og_image_custom_url":null,"og_image_custom_fields":null,"og_video":"","og_custom_url":null,"og_article_section":null,"og_article_tags":[],"twitter_use_og":false,"twitter_card":"default","twitter_image_type":"default","twitter_image_url":null,"twitter_image_custom_url":null,"twitter_image_custom_fields":null,"twitter_title":null,"twitter_description":null,"schema":{"blockGraphs":[],"customGraphs":[],"default":{"data":{"Article":[],"Course":[],"Dataset":[],"FAQPage":[],"Movie":[],"Person":[],"Product":[],"ProductReview":[],"Car":[],"Recipe":[],"Service":[],"SoftwareApplication":[],"WebPage":[]},"graphName":"","isEnabled":true},"graphs":[],"defaultGraph":"","defaultPostTypeGraph":""},"schema_type":"none","schema_type_options":"{\"webPage\":{\"webPageType\":\"WebPage\"},\"article\":{\"articleType\":\"BlogPosting\"},\"book\":[],\"course\":[],\"event\":[],\"jobPosting\":[],\"music\":[],\"person\":[],\"product\":[],\"recipe\":[],\"restaurant\":[],\"service\":[],\"software\":[],\"video\":[]}","pillar_content":false,"robots_default":true,"robots_noindex":false,"robots_noarchive":false,"robots_nosnippet":false,"robots_nofollow":false,"robots_noimageindex":false,"robots_noodp":false,"robots_notranslate":false,"robots_max_snippet":"-1","robots_max_videopreview":"-1","robots_max_imagepreview":"large","priority":null,"frequency":"default","location":null,"local_seo":{"businessInfo":{"name":"","urls":{"website":"","aboutPage":"","contactPage":""},"address":{"line1":"","line2":"","zip":"","city":"","state":"","country":""},"contact":{"email":"","phone":"","fax":""},"ids":{"vatID":"","taxID":"","chamberID":""},"payment":{"priceIndication":"","currenciesAccepted":"","methodsAccepted":""},"areaServed":""},"openingHours":{"show":false,"closedLabel":"","open24h":false,"open24hLabel":"","open247":false,"use24hFormat":false,"twoSets":false,"timezone":"","hours":[]}},"seo_analyzer_scan_date":"2025-08-31 16:51:30","breadcrumb_settings":null,"limit_modified_date":false,"reviewed_by":null,"open_ai":null,"ai":null,"created":"2021-01-30 16:44:10","updated":"2025-08-31 16:51:30"},"aioseo_breadcrumb":"<div class=\"aioseo-breadcrumbs\"><span class=\"aioseo-breadcrumb\">\n\t<a href=\"https:\/\/candas365.es\/noticias\" title=\"Home\">Home<\/a>\n<\/span><span class=\"aioseo-breadcrumb-separator\">&ndash;<\/span><span class=\"aioseo-breadcrumb\">\n\t<a href=\"https:\/\/candas365.es\/noticias\/category\/deporte\/\" title=\"Deporte\">Deporte<\/a>\n<\/span><span class=\"aioseo-breadcrumb-separator\">&ndash;<\/span><span class=\"aioseo-breadcrumb\">\n\tRonald Koeman: Prudencia y ambici\u00f3n\n<\/span><\/div>","aioseo_breadcrumb_json":[{"label":"Home","link":"https:\/\/candas365.es\/noticias"},{"label":"Deporte","link":"https:\/\/candas365.es\/noticias\/category\/deporte\/"},{"label":"Ronald Koeman: Prudencia y ambici\u00f3n","link":"https:\/\/candas365.es\/noticias\/ronald-koeman-prudencia-y-ambicion\/"}],"_links":{"self":[{"href":"https:\/\/candas365.es\/noticias\/wp-json\/wp\/v2\/posts\/151145","targetHints":{"allow":["GET"]}}],"collection":[{"href":"https:\/\/candas365.es\/noticias\/wp-json\/wp\/v2\/posts"}],"about":[{"href":"https:\/\/candas365.es\/noticias\/wp-json\/wp\/v2\/types\/post"}],"author":[{"embeddable":true,"href":"https:\/\/candas365.es\/noticias\/wp-json\/wp\/v2\/users\/1"}],"replies":[{"embeddable":true,"href":"https:\/\/candas365.es\/noticias\/wp-json\/wp\/v2\/comments?post=151145"}],"version-history":[{"count":0,"href":"https:\/\/candas365.es\/noticias\/wp-json\/wp\/v2\/posts\/151145\/revisions"}],"wp:featuredmedia":[{"embeddable":true,"href":"https:\/\/candas365.es\/noticias\/wp-json\/wp\/v2\/media\/98026"}],"wp:attachment":[{"href":"https:\/\/candas365.es\/noticias\/wp-json\/wp\/v2\/media?parent=151145"}],"wp:term":[{"taxonomy":"category","embeddable":true,"href":"https:\/\/candas365.es\/noticias\/wp-json\/wp\/v2\/categories?post=151145"},{"taxonomy":"post_tag","embeddable":true,"href":"https:\/\/candas365.es\/noticias\/wp-json\/wp\/v2\/tags?post=151145"}],"curies":[{"name":"wp","href":"https:\/\/api.w.org\/{rel}","templated":true}]}}