{"id":151078,"date":"2021-01-25T18:01:22","date_gmt":"2021-01-25T18:01:22","guid":{"rendered":"http:\/\/candas365.es\/noticias\/?p=151078"},"modified":"2021-01-25T18:01:22","modified_gmt":"2021-01-25T18:01:22","slug":"el-tiempo-25-de-enero-de-2021","status":"publish","type":"post","link":"https:\/\/candas365.es\/noticias\/el-tiempo-25-de-enero-de-2021\/","title":{"rendered":"El tiempo, 25 de enero de 2021"},"content":{"rendered":"<p><img fetchpriority=\"high\" decoding=\"async\" class=\"alignleft size-medium wp-image-149384\" src=\"https:\/\/candas365.es\/noticias\/wp-content\/uploads\/2020\/12\/rain-3954273_640-360x240.jpg\" alt=\"\" width=\"360\" height=\"240\" srcset=\"https:\/\/candas365.es\/noticias\/wp-content\/uploads\/2020\/12\/rain-3954273_640-360x240.jpg 360w, https:\/\/candas365.es\/noticias\/wp-content\/uploads\/2020\/12\/rain-3954273_640.jpg 640w\" sizes=\"(max-width: 360px) 100vw, 360px\" \/>Se espera que un frente atl\u00e1ntico barra la Pen\u00ednsula, con cielos nubosos o cubiertos y precipitaciones en casi todo el territorio, menos probables y m\u00e1s d\u00e9biles y dispersas en el \u00e1rea mediterr\u00e1nea, llegando a Catalu\u00f1a y Baleares por la tarde y sin afectar a Melilla, litoral sudeste y golfo de Valencia, donde estar\u00e1 poco nuboso. Ser\u00e1n de nieve en el extremo norte y Guadarrama. Las precipitaciones se extender\u00e1n de noroeste a sudeste, tienden a remitir o dispersarse seg\u00fan avanza el d\u00eda, excepto en el extremo noroeste peninsular, entorno de los sistemas Central e Ib\u00e9rico y sierras B\u00e9ticas, donde ser\u00e1n m\u00e1s abundantes y persistir\u00e1n todo el d\u00eda, pudiendo acumular cantidades significativas. En Canarias predominio de poco nuboso.<\/p>\n<p>Cota de nieve: en Pirineos 1000\/1400 bajando a 800\/1200 m y en el resto del extremo norte y Guadarrama 1400\/2000 m.<\/p>\n<p>Posibilidad de nubes bajas, brumas y bancos de niebla en Galicia, interior de la vertiente atl\u00e1ntica sur, Pirineos y, al final del d\u00eda, tambi\u00e9n en el alto Ebro, interior noroeste y Mallorca.<\/p>\n<p>Las temperaturas diurnas bajar\u00e1n en el Cant\u00e1brico y valle del Ebro, subiendo en Galicia y la Meseta, con pocos cambios en el resto. Las nocturnas seguir\u00e1n siendo inusualmente altas para estas fechas en gran parte de zonas, con heladas dispersas en los sistemas monta\u00f1osos, m\u00e1s intensas en Pirineos.<\/p>\n<p>Viento de componente oeste en buena parte de la Pen\u00ednsula y Baleares. Intervalos de fuerte en Pirineos, Baleares, interior sudeste peninsular y litoral de Albor\u00e1n, fuerte en el litoral de Almer\u00eda. Predominar\u00e1 el viento flojo en Galicia y cant\u00e1brico. Alisio en Canarias.<\/p>\n","protected":false},"excerpt":{"rendered":"<p>Se espera que un frente atl\u00e1ntico barra la Pen\u00ednsula, con cielos nubosos o cubiertos y precipitaciones en casi todo el territorio, menos probables y m\u00e1s d\u00e9biles y dispersas en el \u00e1rea mediterr\u00e1nea, llegando a Catalu\u00f1a y Baleares por la tarde y sin afectar a Melilla, litoral sudeste y golfo de Valencia, donde estar\u00e1 poco nuboso.<\/p>\n","protected":false},"author":1,"featured_media":149384,"comment_status":"closed","ping_status":"closed","sticky":false,"template":"","format":"standard","meta":{"footnotes":""},"categories":[358],"tags":[],"class_list":{"0":"post-151078","1":"post","2":"type-post","3":"status-publish","4":"format-standard","5":"has-post-thumbnail","7":"category-el-tiempo"},"aioseo_notices":[],"aioseo_head":"\n\t\t<!-- All in One SEO Pro 4.9.6.2 - aioseo.com -->\n\t<meta name=\"description\" content=\"Se espera que un frente atl\u00e1ntico barra la Pen\u00ednsula, con cielos nubosos o cubiertos y precipitaciones en casi todo el territorio, menos probables y m\u00e1s d\u00e9biles y dispersas en el \u00e1rea mediterr\u00e1nea, llegando a Catalu\u00f1a y Baleares por la tarde y sin afectar a Melilla, litoral sudeste y golfo de Valencia, donde estar\u00e1 poco nuboso.\" \/>\n\t<meta name=\"robots\" content=\"max-image-preview:large\" \/>\n\t<meta name=\"author\" content=\"Cand\u00e1s 365\"\/>\n\t<meta name=\"google-site-verification\" content=\"UA-32230408-1\" \/>\n\t<meta name=\"msvalidate.01\" content=\"354F3CDFB2DA171B47FBE9ABF1F88D5\" \/>\n\t<meta name=\"keywords\" content=\"el tiempo\" \/>\n\t<link rel=\"canonical\" href=\"https:\/\/candas365.es\/noticias\/el-tiempo-25-de-enero-de-2021\/\" \/>\n\t<meta name=\"generator\" content=\"All in One SEO Pro (AIOSEO) 4.9.6.2\" \/>\n\t\t<meta property=\"og:locale\" content=\"es_ES\" \/>\n\t\t<meta property=\"og:site_name\" content=\"Cand\u00e1s 365\" \/>\n\t\t<meta property=\"og:type\" content=\"article\" \/>\n\t\t<meta property=\"og:title\" content=\"El tiempo, 25 de enero de 2021 | Cand\u00e1s 365\" \/>\n\t\t<meta property=\"og:description\" content=\"Se espera que un frente atl\u00e1ntico barra la Pen\u00ednsula, con cielos nubosos o cubiertos y precipitaciones en casi todo el territorio, menos probables y m\u00e1s d\u00e9biles y dispersas en el \u00e1rea mediterr\u00e1nea, llegando a Catalu\u00f1a y Baleares por la tarde y sin afectar a Melilla, litoral sudeste y golfo de Valencia, donde estar\u00e1 poco nuboso.\" \/>\n\t\t<meta property=\"og:url\" content=\"https:\/\/candas365.es\/noticias\/el-tiempo-25-de-enero-de-2021\/\" \/>\n\t\t<meta property=\"og:image\" content=\"https:\/\/candas365.es\/noticias\/wp-content\/uploads\/2020\/12\/rain-3954273_640.jpg\" \/>\n\t\t<meta property=\"og:image:secure_url\" content=\"https:\/\/candas365.es\/noticias\/wp-content\/uploads\/2020\/12\/rain-3954273_640.jpg\" \/>\n\t\t<meta property=\"og:image:width\" content=\"640\" \/>\n\t\t<meta property=\"og:image:height\" content=\"426\" \/>\n\t\t<meta property=\"article:published_time\" content=\"2021-01-25T18:01:22+00:00\" \/>\n\t\t<meta property=\"article:modified_time\" content=\"2021-01-25T18:01:22+00:00\" \/>\n\t\t<meta property=\"article:publisher\" content=\"https:\/\/www.facebook.com\/Nachofdezber\" \/>\n\t\t<meta property=\"article:author\" content=\"https:\/\/www.facebook.com\/carrenoactualidad\" \/>\n\t\t<meta name=\"twitter:card\" content=\"summary_large_image\" \/>\n\t\t<meta name=\"twitter:site\" content=\"@NabercoDigital\" \/>\n\t\t<meta name=\"twitter:title\" content=\"El tiempo, 25 de enero de 2021 | Cand\u00e1s 365\" \/>\n\t\t<meta name=\"twitter:description\" content=\"Se espera que un frente atl\u00e1ntico barra la Pen\u00ednsula, con cielos nubosos o cubiertos y precipitaciones en casi todo el territorio, menos probables y m\u00e1s d\u00e9biles y dispersas en el \u00e1rea mediterr\u00e1nea, llegando a Catalu\u00f1a y Baleares por la tarde y sin afectar a Melilla, litoral sudeste y golfo de Valencia, donde estar\u00e1 poco nuboso.\" \/>\n\t\t<meta name=\"twitter:creator\" content=\"@nbasturias\" \/>\n\t\t<meta name=\"twitter:image\" content=\"https:\/\/candas365.es\/noticias\/wp-content\/uploads\/2020\/12\/rain-3954273_640.jpg\" \/>\n\t\t<meta name=\"twitter:label1\" content=\"Escrito por\" \/>\n\t\t<meta name=\"twitter:data1\" content=\"Cand\u00e1s 365\" \/>\n\t\t<meta name=\"twitter:label2\" content=\"Tiempo de lectura estimado\" \/>\n\t\t<meta name=\"twitter:data2\" content=\"1 minuto\" \/>\n\t\t<script type=\"application\/ld+json\" class=\"aioseo-schema\">\n\t\t\t{\"@context\":\"https:\\\/\\\/schema.org\",\"@graph\":[{\"@type\":\"BreadcrumbList\",\"@id\":\"https:\\\/\\\/candas365.es\\\/noticias\\\/el-tiempo-25-de-enero-de-2021\\\/#breadcrumblist\",\"itemListElement\":[{\"@type\":\"ListItem\",\"@id\":\"https:\\\/\\\/candas365.es\\\/noticias#listItem\",\"position\":1,\"name\":\"Home\",\"item\":\"https:\\\/\\\/candas365.es\\\/noticias\",\"nextItem\":{\"@type\":\"ListItem\",\"@id\":\"https:\\\/\\\/candas365.es\\\/noticias\\\/category\\\/el-tiempo\\\/#listItem\",\"name\":\"El tiempo\"}},{\"@type\":\"ListItem\",\"@id\":\"https:\\\/\\\/candas365.es\\\/noticias\\\/category\\\/el-tiempo\\\/#listItem\",\"position\":2,\"name\":\"El tiempo\",\"item\":\"https:\\\/\\\/candas365.es\\\/noticias\\\/category\\\/el-tiempo\\\/\",\"nextItem\":{\"@type\":\"ListItem\",\"@id\":\"https:\\\/\\\/candas365.es\\\/noticias\\\/el-tiempo-25-de-enero-de-2021\\\/#listItem\",\"name\":\"El tiempo, 25 de enero de 2021\"},\"previousItem\":{\"@type\":\"ListItem\",\"@id\":\"https:\\\/\\\/candas365.es\\\/noticias#listItem\",\"name\":\"Home\"}},{\"@type\":\"ListItem\",\"@id\":\"https:\\\/\\\/candas365.es\\\/noticias\\\/el-tiempo-25-de-enero-de-2021\\\/#listItem\",\"position\":3,\"name\":\"El tiempo, 25 de enero de 2021\",\"previousItem\":{\"@type\":\"ListItem\",\"@id\":\"https:\\\/\\\/candas365.es\\\/noticias\\\/category\\\/el-tiempo\\\/#listItem\",\"name\":\"El tiempo\"}}]},{\"@type\":\"NewsArticle\",\"@id\":\"https:\\\/\\\/candas365.es\\\/noticias\\\/el-tiempo-25-de-enero-de-2021\\\/#newsarticle\",\"name\":\"El tiempo, 25 de enero de 2021 | Cand\\u00e1s 365\",\"headline\":\"El tiempo, 25 de enero de 2021\",\"author\":{\"@id\":\"https:\\\/\\\/candas365.es\\\/noticias\\\/author\\\/admin\\\/#author\"},\"publisher\":{\"@id\":\"https:\\\/\\\/candas365.es\\\/noticias\\\/#organization\"},\"image\":{\"@type\":\"ImageObject\",\"url\":\"https:\\\/\\\/candas365.es\\\/noticias\\\/wp-content\\\/uploads\\\/2020\\\/12\\\/rain-3954273_640.jpg\",\"width\":640,\"height\":426},\"datePublished\":\"2021-01-25T18:01:22+01:00\",\"dateModified\":\"2021-01-25T18:01:22+01:00\",\"inLanguage\":\"es-ES\",\"mainEntityOfPage\":{\"@id\":\"https:\\\/\\\/candas365.es\\\/noticias\\\/el-tiempo-25-de-enero-de-2021\\\/#webpage\"},\"isPartOf\":{\"@id\":\"https:\\\/\\\/candas365.es\\\/noticias\\\/el-tiempo-25-de-enero-de-2021\\\/#webpage\"},\"articleSection\":\"El tiempo\",\"dateline\":\"Publicado el enero 25, 2021.\"},{\"@type\":\"Organization\",\"@id\":\"https:\\\/\\\/candas365.es\\\/noticias\\\/#organization\",\"name\":\"Cand\\u00e1s 365\",\"description\":\"Cand\\u00e1s 365 es un diario digital independiente, fundado en 2012, con base en Asturias. Informamos con rigor sobre actualidad, sociedad, cultura y ocio, con una mirada local y global.\",\"url\":\"https:\\\/\\\/candas365.es\\\/noticias\\\/\",\"email\":\"info@candas365.es\",\"telephone\":\"+34652131393\",\"foundingDate\":\"2012-06-10\",\"logo\":{\"@type\":\"ImageObject\",\"url\":\"https:\\\/\\\/candas365.es\\\/noticias\\\/wp-content\\\/uploads\\\/2024\\\/09\\\/Candas-365-Redes.jpg\",\"@id\":\"https:\\\/\\\/candas365.es\\\/noticias\\\/el-tiempo-25-de-enero-de-2021\\\/#organizationLogo\",\"width\":1152,\"height\":864,\"caption\":\"Cand\\u00e1s 365 Redes\"},\"image\":{\"@id\":\"https:\\\/\\\/candas365.es\\\/noticias\\\/el-tiempo-25-de-enero-de-2021\\\/#organizationLogo\"},\"sameAs\":[\"https:\\\/\\\/www.facebook.com\\\/Nachofdezber\",\"https:\\\/\\\/x.com\\\/NabercoDigital\",\"https:\\\/\\\/www.instagram.com\\\/nachofdezber\\\/\",\"https:\\\/\\\/www.youtube.com\\\/channel\\\/UCZP-2wLEB9Rv6erhFmqVnvg\"],\"address\":{\"@id\":\"https:\\\/\\\/candas365.es\\\/noticias\\\/#postaladdress\",\"@type\":\"PostalAddress\",\"streetAddress\":\"san antonio 4, san antonio 4\",\"postalCode\":\"33430\",\"addressLocality\":\"Cand\\u00e1s\",\"addressRegion\":\"Asturias\",\"addressCountry\":\"ES\"}},{\"@type\":\"Person\",\"@id\":\"https:\\\/\\\/candas365.es\\\/noticias\\\/author\\\/admin\\\/#author\",\"url\":\"https:\\\/\\\/candas365.es\\\/noticias\\\/author\\\/admin\\\/\",\"name\":\"Cand\\u00e1s 365\",\"image\":{\"@type\":\"ImageObject\",\"@id\":\"https:\\\/\\\/candas365.es\\\/noticias\\\/el-tiempo-25-de-enero-de-2021\\\/#authorImage\",\"url\":\"https:\\\/\\\/secure.gravatar.com\\\/avatar\\\/496a8e03d0c493ede1718b7934145dbdf8d89be1036b0eec9544e1094c9de390?s=96&d=mm&r=g\",\"width\":96,\"height\":96,\"caption\":\"Cand\\u00e1s 365\"},\"sameAs\":[\"https:\\\/\\\/www.facebook.com\\\/carrenoactualidad\",\"https:\\\/\\\/twitter.com\\\/nbasturias\",\"https:\\\/\\\/www.instagram.com\\\/nachofdezber\\\/\",\"https:\\\/\\\/www.youtube.com\\\/channel\\\/UCZP-2wLEB9Rv6erhFmqVnvg\"]},{\"@type\":\"WebPage\",\"@id\":\"https:\\\/\\\/candas365.es\\\/noticias\\\/el-tiempo-25-de-enero-de-2021\\\/#webpage\",\"url\":\"https:\\\/\\\/candas365.es\\\/noticias\\\/el-tiempo-25-de-enero-de-2021\\\/\",\"name\":\"El tiempo, 25 de enero de 2021 | Cand\\u00e1s 365\",\"description\":\"Se espera que un frente atl\\u00e1ntico barra la Pen\\u00ednsula, con cielos nubosos o cubiertos y precipitaciones en casi todo el territorio, menos probables y m\\u00e1s d\\u00e9biles y dispersas en el \\u00e1rea mediterr\\u00e1nea, llegando a Catalu\\u00f1a y Baleares por la tarde y sin afectar a Melilla, litoral sudeste y golfo de Valencia, donde estar\\u00e1 poco nuboso.\",\"inLanguage\":\"es-ES\",\"isPartOf\":{\"@id\":\"https:\\\/\\\/candas365.es\\\/noticias\\\/#website\"},\"breadcrumb\":{\"@id\":\"https:\\\/\\\/candas365.es\\\/noticias\\\/el-tiempo-25-de-enero-de-2021\\\/#breadcrumblist\"},\"author\":{\"@id\":\"https:\\\/\\\/candas365.es\\\/noticias\\\/author\\\/admin\\\/#author\"},\"creator\":{\"@id\":\"https:\\\/\\\/candas365.es\\\/noticias\\\/author\\\/admin\\\/#author\"},\"image\":{\"@type\":\"ImageObject\",\"url\":\"https:\\\/\\\/candas365.es\\\/noticias\\\/wp-content\\\/uploads\\\/2020\\\/12\\\/rain-3954273_640.jpg\",\"@id\":\"https:\\\/\\\/candas365.es\\\/noticias\\\/el-tiempo-25-de-enero-de-2021\\\/#mainImage\",\"width\":640,\"height\":426},\"primaryImageOfPage\":{\"@id\":\"https:\\\/\\\/candas365.es\\\/noticias\\\/el-tiempo-25-de-enero-de-2021\\\/#mainImage\"},\"datePublished\":\"2021-01-25T18:01:22+01:00\",\"dateModified\":\"2021-01-25T18:01:22+01:00\"},{\"@type\":\"WebSite\",\"@id\":\"https:\\\/\\\/candas365.es\\\/noticias\\\/#website\",\"url\":\"https:\\\/\\\/candas365.es\\\/noticias\\\/\",\"name\":\"Cand\\u00e1s 365\",\"alternateName\":\"Cand\\u00e1s 365 Noticias\",\"description\":\"Actualidad desde Carre\\u00f1o para el mundo\",\"inLanguage\":\"es-ES\",\"publisher\":{\"@id\":\"https:\\\/\\\/candas365.es\\\/noticias\\\/#organization\"}}]}\n\t\t<\/script>\n\t\t<!-- All in One SEO Pro -->\r\n\t\t<title>El tiempo, 25 de enero de 2021 | Cand\u00e1s 365<\/title>\n\n","aioseo_head_json":{"title":"El tiempo, 25 de enero de 2021 | Cand\u00e1s 365","description":"Se espera que un frente atl\u00e1ntico barra la Pen\u00ednsula, con cielos nubosos o cubiertos y precipitaciones en casi todo el territorio, menos probables y m\u00e1s d\u00e9biles y dispersas en el \u00e1rea mediterr\u00e1nea, llegando a Catalu\u00f1a y Baleares por la tarde y sin afectar a Melilla, litoral sudeste y golfo de Valencia, donde estar\u00e1 poco nuboso.","canonical_url":"https:\/\/candas365.es\/noticias\/el-tiempo-25-de-enero-de-2021\/","robots":"max-image-preview:large","keywords":"el tiempo","webmasterTools":{"google-site-verification":"UA-32230408-1","msvalidate.01":"354F3CDFB2DA171B47FBE9ABF1F88D5","miscellaneous":""},"schema":{"@context":"https:\/\/schema.org","@graph":[{"@type":"BreadcrumbList","@id":"https:\/\/candas365.es\/noticias\/el-tiempo-25-de-enero-de-2021\/#breadcrumblist","itemListElement":[{"@type":"ListItem","@id":"https:\/\/candas365.es\/noticias#listItem","position":1,"name":"Home","item":"https:\/\/candas365.es\/noticias","nextItem":{"@type":"ListItem","@id":"https:\/\/candas365.es\/noticias\/category\/el-tiempo\/#listItem","name":"El tiempo"}},{"@type":"ListItem","@id":"https:\/\/candas365.es\/noticias\/category\/el-tiempo\/#listItem","position":2,"name":"El tiempo","item":"https:\/\/candas365.es\/noticias\/category\/el-tiempo\/","nextItem":{"@type":"ListItem","@id":"https:\/\/candas365.es\/noticias\/el-tiempo-25-de-enero-de-2021\/#listItem","name":"El tiempo, 25 de enero de 2021"},"previousItem":{"@type":"ListItem","@id":"https:\/\/candas365.es\/noticias#listItem","name":"Home"}},{"@type":"ListItem","@id":"https:\/\/candas365.es\/noticias\/el-tiempo-25-de-enero-de-2021\/#listItem","position":3,"name":"El tiempo, 25 de enero de 2021","previousItem":{"@type":"ListItem","@id":"https:\/\/candas365.es\/noticias\/category\/el-tiempo\/#listItem","name":"El tiempo"}}]},{"@type":"NewsArticle","@id":"https:\/\/candas365.es\/noticias\/el-tiempo-25-de-enero-de-2021\/#newsarticle","name":"El tiempo, 25 de enero de 2021 | Cand\u00e1s 365","headline":"El tiempo, 25 de enero de 2021","author":{"@id":"https:\/\/candas365.es\/noticias\/author\/admin\/#author"},"publisher":{"@id":"https:\/\/candas365.es\/noticias\/#organization"},"image":{"@type":"ImageObject","url":"https:\/\/candas365.es\/noticias\/wp-content\/uploads\/2020\/12\/rain-3954273_640.jpg","width":640,"height":426},"datePublished":"2021-01-25T18:01:22+01:00","dateModified":"2021-01-25T18:01:22+01:00","inLanguage":"es-ES","mainEntityOfPage":{"@id":"https:\/\/candas365.es\/noticias\/el-tiempo-25-de-enero-de-2021\/#webpage"},"isPartOf":{"@id":"https:\/\/candas365.es\/noticias\/el-tiempo-25-de-enero-de-2021\/#webpage"},"articleSection":"El tiempo","dateline":"Publicado el enero 25, 2021."},{"@type":"Organization","@id":"https:\/\/candas365.es\/noticias\/#organization","name":"Cand\u00e1s 365","description":"Cand\u00e1s 365 es un diario digital independiente, fundado en 2012, con base en Asturias. Informamos con rigor sobre actualidad, sociedad, cultura y ocio, con una mirada local y global.","url":"https:\/\/candas365.es\/noticias\/","email":"info@candas365.es","telephone":"+34652131393","foundingDate":"2012-06-10","logo":{"@type":"ImageObject","url":"https:\/\/candas365.es\/noticias\/wp-content\/uploads\/2024\/09\/Candas-365-Redes.jpg","@id":"https:\/\/candas365.es\/noticias\/el-tiempo-25-de-enero-de-2021\/#organizationLogo","width":1152,"height":864,"caption":"Cand\u00e1s 365 Redes"},"image":{"@id":"https:\/\/candas365.es\/noticias\/el-tiempo-25-de-enero-de-2021\/#organizationLogo"},"sameAs":["https:\/\/www.facebook.com\/Nachofdezber","https:\/\/x.com\/NabercoDigital","https:\/\/www.instagram.com\/nachofdezber\/","https:\/\/www.youtube.com\/channel\/UCZP-2wLEB9Rv6erhFmqVnvg"],"address":{"@id":"https:\/\/candas365.es\/noticias\/#postaladdress","@type":"PostalAddress","streetAddress":"san antonio 4, san antonio 4","postalCode":"33430","addressLocality":"Cand\u00e1s","addressRegion":"Asturias","addressCountry":"ES"}},{"@type":"Person","@id":"https:\/\/candas365.es\/noticias\/author\/admin\/#author","url":"https:\/\/candas365.es\/noticias\/author\/admin\/","name":"Cand\u00e1s 365","image":{"@type":"ImageObject","@id":"https:\/\/candas365.es\/noticias\/el-tiempo-25-de-enero-de-2021\/#authorImage","url":"https:\/\/secure.gravatar.com\/avatar\/496a8e03d0c493ede1718b7934145dbdf8d89be1036b0eec9544e1094c9de390?s=96&d=mm&r=g","width":96,"height":96,"caption":"Cand\u00e1s 365"},"sameAs":["https:\/\/www.facebook.com\/carrenoactualidad","https:\/\/twitter.com\/nbasturias","https:\/\/www.instagram.com\/nachofdezber\/","https:\/\/www.youtube.com\/channel\/UCZP-2wLEB9Rv6erhFmqVnvg"]},{"@type":"WebPage","@id":"https:\/\/candas365.es\/noticias\/el-tiempo-25-de-enero-de-2021\/#webpage","url":"https:\/\/candas365.es\/noticias\/el-tiempo-25-de-enero-de-2021\/","name":"El tiempo, 25 de enero de 2021 | Cand\u00e1s 365","description":"Se espera que un frente atl\u00e1ntico barra la Pen\u00ednsula, con cielos nubosos o cubiertos y precipitaciones en casi todo el territorio, menos probables y m\u00e1s d\u00e9biles y dispersas en el \u00e1rea mediterr\u00e1nea, llegando a Catalu\u00f1a y Baleares por la tarde y sin afectar a Melilla, litoral sudeste y golfo de Valencia, donde estar\u00e1 poco nuboso.","inLanguage":"es-ES","isPartOf":{"@id":"https:\/\/candas365.es\/noticias\/#website"},"breadcrumb":{"@id":"https:\/\/candas365.es\/noticias\/el-tiempo-25-de-enero-de-2021\/#breadcrumblist"},"author":{"@id":"https:\/\/candas365.es\/noticias\/author\/admin\/#author"},"creator":{"@id":"https:\/\/candas365.es\/noticias\/author\/admin\/#author"},"image":{"@type":"ImageObject","url":"https:\/\/candas365.es\/noticias\/wp-content\/uploads\/2020\/12\/rain-3954273_640.jpg","@id":"https:\/\/candas365.es\/noticias\/el-tiempo-25-de-enero-de-2021\/#mainImage","width":640,"height":426},"primaryImageOfPage":{"@id":"https:\/\/candas365.es\/noticias\/el-tiempo-25-de-enero-de-2021\/#mainImage"},"datePublished":"2021-01-25T18:01:22+01:00","dateModified":"2021-01-25T18:01:22+01:00"},{"@type":"WebSite","@id":"https:\/\/candas365.es\/noticias\/#website","url":"https:\/\/candas365.es\/noticias\/","name":"Cand\u00e1s 365","alternateName":"Cand\u00e1s 365 Noticias","description":"Actualidad desde Carre\u00f1o para el mundo","inLanguage":"es-ES","publisher":{"@id":"https:\/\/candas365.es\/noticias\/#organization"}}]},"og:locale":"es_ES","og:site_name":"Cand\u00e1s 365","og:type":"article","og:title":"El tiempo, 25 de enero de 2021 | Cand\u00e1s 365","og:description":"Se espera que un frente atl\u00e1ntico barra la Pen\u00ednsula, con cielos nubosos o cubiertos y precipitaciones en casi todo el territorio, menos probables y m\u00e1s d\u00e9biles y dispersas en el \u00e1rea mediterr\u00e1nea, llegando a Catalu\u00f1a y Baleares por la tarde y sin afectar a Melilla, litoral sudeste y golfo de Valencia, donde estar\u00e1 poco nuboso.","og:url":"https:\/\/candas365.es\/noticias\/el-tiempo-25-de-enero-de-2021\/","og:image":"https:\/\/candas365.es\/noticias\/wp-content\/uploads\/2020\/12\/rain-3954273_640.jpg","og:image:secure_url":"https:\/\/candas365.es\/noticias\/wp-content\/uploads\/2020\/12\/rain-3954273_640.jpg","og:image:width":640,"og:image:height":426,"article:published_time":"2021-01-25T18:01:22+00:00","article:modified_time":"2021-01-25T18:01:22+00:00","article:publisher":"https:\/\/www.facebook.com\/Nachofdezber","article:author":"https:\/\/www.facebook.com\/carrenoactualidad","twitter:card":"summary_large_image","twitter:site":"@NabercoDigital","twitter:title":"El tiempo, 25 de enero de 2021 | Cand\u00e1s 365","twitter:description":"Se espera que un frente atl\u00e1ntico barra la Pen\u00ednsula, con cielos nubosos o cubiertos y precipitaciones en casi todo el territorio, menos probables y m\u00e1s d\u00e9biles y dispersas en el \u00e1rea mediterr\u00e1nea, llegando a Catalu\u00f1a y Baleares por la tarde y sin afectar a Melilla, litoral sudeste y golfo de Valencia, donde estar\u00e1 poco nuboso.","twitter:creator":"@nbasturias","twitter:image":"https:\/\/candas365.es\/noticias\/wp-content\/uploads\/2020\/12\/rain-3954273_640.jpg","twitter:label1":"Escrito por","twitter:data1":"Cand\u00e1s 365","twitter:label2":"Tiempo de lectura estimado","twitter:data2":"1 minuto"},"aioseo_meta_data":{"post_id":"151078","title":null,"description":null,"keywords":null,"keyphrases":null,"primary_term":null,"canonical_url":null,"og_title":null,"og_description":null,"og_object_type":"default","og_image_type":"default","og_image_url":null,"og_image_width":null,"og_image_height":null,"og_image_custom_url":null,"og_image_custom_fields":null,"og_video":null,"og_custom_url":null,"og_article_section":null,"og_article_tags":null,"twitter_use_og":false,"twitter_card":"default","twitter_image_type":"default","twitter_image_url":null,"twitter_image_custom_url":null,"twitter_image_custom_fields":null,"twitter_title":null,"twitter_description":null,"schema":{"blockGraphs":[],"customGraphs":[],"default":{"data":{"Article":[],"Course":[],"Dataset":[],"FAQPage":[],"Movie":[],"Person":[],"Product":[],"ProductReview":[],"Car":[],"Recipe":[],"Service":[],"SoftwareApplication":[],"WebPage":[]},"graphName":"","isEnabled":true},"graphs":[]},"schema_type":null,"schema_type_options":null,"pillar_content":false,"robots_default":true,"robots_noindex":false,"robots_noarchive":false,"robots_nosnippet":false,"robots_nofollow":false,"robots_noimageindex":false,"robots_noodp":false,"robots_notranslate":false,"robots_max_snippet":null,"robots_max_videopreview":null,"robots_max_imagepreview":"large","priority":null,"frequency":null,"location":null,"local_seo":null,"seo_analyzer_scan_date":"2025-08-31 16:47:19","breadcrumb_settings":null,"limit_modified_date":false,"reviewed_by":null,"open_ai":null,"ai":null,"created":"2021-01-27 14:15:08","updated":"2025-08-31 16:47:19"},"aioseo_breadcrumb":"<div class=\"aioseo-breadcrumbs\"><span class=\"aioseo-breadcrumb\">\n\t<a href=\"https:\/\/candas365.es\/noticias\" title=\"Home\">Home<\/a>\n<\/span><span class=\"aioseo-breadcrumb-separator\">&ndash;<\/span><span class=\"aioseo-breadcrumb\">\n\t<a href=\"https:\/\/candas365.es\/noticias\/category\/el-tiempo\/\" title=\"El tiempo\">El tiempo<\/a>\n<\/span><span class=\"aioseo-breadcrumb-separator\">&ndash;<\/span><span class=\"aioseo-breadcrumb\">\n\tEl tiempo, 25 de enero de 2021\n<\/span><\/div>","aioseo_breadcrumb_json":[{"label":"Home","link":"https:\/\/candas365.es\/noticias"},{"label":"El tiempo","link":"https:\/\/candas365.es\/noticias\/category\/el-tiempo\/"},{"label":"El tiempo, 25 de enero de 2021","link":"https:\/\/candas365.es\/noticias\/el-tiempo-25-de-enero-de-2021\/"}],"_links":{"self":[{"href":"https:\/\/candas365.es\/noticias\/wp-json\/wp\/v2\/posts\/151078","targetHints":{"allow":["GET"]}}],"collection":[{"href":"https:\/\/candas365.es\/noticias\/wp-json\/wp\/v2\/posts"}],"about":[{"href":"https:\/\/candas365.es\/noticias\/wp-json\/wp\/v2\/types\/post"}],"author":[{"embeddable":true,"href":"https:\/\/candas365.es\/noticias\/wp-json\/wp\/v2\/users\/1"}],"replies":[{"embeddable":true,"href":"https:\/\/candas365.es\/noticias\/wp-json\/wp\/v2\/comments?post=151078"}],"version-history":[{"count":0,"href":"https:\/\/candas365.es\/noticias\/wp-json\/wp\/v2\/posts\/151078\/revisions"}],"wp:featuredmedia":[{"embeddable":true,"href":"https:\/\/candas365.es\/noticias\/wp-json\/wp\/v2\/media\/149384"}],"wp:attachment":[{"href":"https:\/\/candas365.es\/noticias\/wp-json\/wp\/v2\/media?parent=151078"}],"wp:term":[{"taxonomy":"category","embeddable":true,"href":"https:\/\/candas365.es\/noticias\/wp-json\/wp\/v2\/categories?post=151078"},{"taxonomy":"post_tag","embeddable":true,"href":"https:\/\/candas365.es\/noticias\/wp-json\/wp\/v2\/tags?post=151078"}],"curies":[{"name":"wp","href":"https:\/\/api.w.org\/{rel}","templated":true}]}}