{"id":151069,"date":"2021-01-24T12:08:13","date_gmt":"2021-01-24T12:08:13","guid":{"rendered":"http:\/\/candas365.es\/noticias\/?p=151069"},"modified":"2021-01-24T12:09:15","modified_gmt":"2021-01-24T12:09:15","slug":"adjudicado-el-dragado-del-puerto-de-candas","status":"publish","type":"post","link":"https:\/\/candas365.es\/noticias\/adjudicado-el-dragado-del-puerto-de-candas\/","title":{"rendered":"Adjudicado el dragado del Puerto de Cand\u00e1s"},"content":{"rendered":"<p><img fetchpriority=\"high\" decoding=\"async\" class=\"alignleft size-medium wp-image-151070\" src=\"https:\/\/candas365.es\/noticias\/wp-content\/uploads\/2021\/01\/Puerto-de-Candas-360x240.jpg\" alt=\"\" width=\"360\" height=\"240\" srcset=\"https:\/\/candas365.es\/noticias\/wp-content\/uploads\/2021\/01\/Puerto-de-Candas-360x240.jpg 360w, https:\/\/candas365.es\/noticias\/wp-content\/uploads\/2021\/01\/Puerto-de-Candas-650x434.jpg 650w, https:\/\/candas365.es\/noticias\/wp-content\/uploads\/2021\/01\/Puerto-de-Candas-768x513.jpg 768w, https:\/\/candas365.es\/noticias\/wp-content\/uploads\/2021\/01\/Puerto-de-Candas.jpg 882w\" sizes=\"(max-width: 360px) 100vw, 360px\" \/>La Consejer\u00eda de Medio Rural y Cohesi\u00f3n Territorial ha adjudicado en 340.050 euros el dragado para mantener el calado en el puerto de Cand\u00e1s a la empresa especializada Excade. Esta obra complementa la limpieza que el Principado realiza anualmente con medios propios en la d\u00e1rsena exterior. Con un plazo de ejecuci\u00f3n de tres meses, la actuaci\u00f3n se llevar\u00e1 a cabo en primavera, cuando las condiciones del mar lo permitan.<\/p>\n<p>Los trabajos consisten en extraer m\u00e1s de 5.600 metros c\u00fabicos de sedimentos, de los que 3.410 proceden de la d\u00e1rsena interior y del canal de acceso y 2.238 de la d\u00e1rsena exterior, en la que el dragado alcanza una cota de entre 2,5 y 3,5 metros. Para ello se combinar\u00e1 el uso de medios terrestres (retroexcavadoras) y marinos (draga). Parte de este material se extraer\u00e1 por medios terrestres y se trasladar\u00e1 a Cogersa.<\/p>\n<p>La consejer\u00eda tiene previsto invertir este a\u00f1o m\u00e1s de un mill\u00f3n en el programa auton\u00f3mico de dragados para mantener el calado de las instalaciones portuarias y mejorar las condiciones de seguridad del sector pesquero. Adem\u00e1s de Cand\u00e1s, estos fondos posibilitar\u00e1n el acondicionamiento de los puertos de Ribadesella, Lastres y San Juan de la Arena.<\/p>\n<p>Junto al dragado, en Cand\u00e1s se atender\u00e1n algunas propuestas de mejora planteadas por la cofrad\u00eda, como la reparaci\u00f3n de un cristal roto en la entrada a un pantal\u00e1n y la colocaci\u00f3n de un cierre para delimitar un espacio de varada para embarcaciones profesionales. En 2020 la Direcci\u00f3n General de Infraestructuras Viarias y Portuarias ya renov\u00f3 la pintura de las barandillas y farolas en este puerto y en el de Luanco, con un coste de 25.531 euros.<\/p>\n<p>El compromiso del Gobierno de Asturias con la conservaci\u00f3n de las infraestructuras se refleja en el alza de la inversi\u00f3n prevista para este ejercicio, que en el caso de los puertos supera en un 36% la de 2020, hasta alcanzar un presupuesto de 7,1 millones.<\/p>\n","protected":false},"excerpt":{"rendered":"<p>La Consejer\u00eda de Medio Rural y Cohesi\u00f3n Territorial ha adjudicado en 340.050 euros el dragado para mantener el calado en el puerto de Cand\u00e1s a la empresa especializada Excade. Esta obra complementa la limpieza que el Principado realiza anualmente con medios propios en la d\u00e1rsena exterior. Con un plazo de ejecuci\u00f3n de tres meses, la<\/p>\n","protected":false},"author":1,"featured_media":151070,"comment_status":"closed","ping_status":"closed","sticky":false,"template":"","format":"standard","meta":{"footnotes":""},"categories":[316,2],"tags":[],"class_list":{"0":"post-151069","1":"post","2":"type-post","3":"status-publish","4":"format-standard","5":"has-post-thumbnail","7":"category-destacadas","8":"category-noticias-carreno"},"aioseo_notices":[],"aioseo_head":"\n\t\t<!-- All in One SEO Pro 4.9.6.2 - aioseo.com -->\n\t<meta name=\"description\" content=\"La Consejer\u00eda de Medio Rural y Cohesi\u00f3n Territorial ha adjudicado en 340.050 euros el dragado para mantener el calado en el puerto de Cand\u00e1s a la empresa especializada Excade. Esta obra complementa la limpieza que el Principado realiza anualmente con medios propios en la d\u00e1rsena exterior. Con un plazo de ejecuci\u00f3n de tres meses, la\" \/>\n\t<meta name=\"robots\" content=\"max-image-preview:large\" \/>\n\t<meta name=\"author\" content=\"Cand\u00e1s 365\"\/>\n\t<meta name=\"google-site-verification\" content=\"UA-32230408-1\" \/>\n\t<meta name=\"msvalidate.01\" content=\"354F3CDFB2DA171B47FBE9ABF1F88D5\" \/>\n\t<meta name=\"keywords\" content=\"destacadas,noticias carre\u00f1o\" \/>\n\t<link rel=\"canonical\" href=\"https:\/\/candas365.es\/noticias\/adjudicado-el-dragado-del-puerto-de-candas\/\" \/>\n\t<meta name=\"generator\" content=\"All in One SEO Pro (AIOSEO) 4.9.6.2\" \/>\n\t\t<meta property=\"og:locale\" content=\"es_ES\" \/>\n\t\t<meta property=\"og:site_name\" content=\"Cand\u00e1s 365\" \/>\n\t\t<meta property=\"og:type\" content=\"article\" \/>\n\t\t<meta property=\"og:title\" content=\"Adjudicado el dragado del Puerto de Cand\u00e1s | Cand\u00e1s 365\" \/>\n\t\t<meta property=\"og:description\" content=\"La Consejer\u00eda de Medio Rural y Cohesi\u00f3n Territorial ha adjudicado en 340.050 euros el dragado para mantener el calado en el puerto de Cand\u00e1s a la empresa especializada Excade. Esta obra complementa la limpieza que el Principado realiza anualmente con medios propios en la d\u00e1rsena exterior. Con un plazo de ejecuci\u00f3n de tres meses, la\" \/>\n\t\t<meta property=\"og:url\" content=\"https:\/\/candas365.es\/noticias\/adjudicado-el-dragado-del-puerto-de-candas\/\" \/>\n\t\t<meta property=\"og:image\" content=\"https:\/\/candas365.es\/noticias\/wp-content\/uploads\/2021\/01\/Puerto-de-Candas.jpg\" \/>\n\t\t<meta property=\"og:image:secure_url\" content=\"https:\/\/candas365.es\/noticias\/wp-content\/uploads\/2021\/01\/Puerto-de-Candas.jpg\" \/>\n\t\t<meta property=\"og:image:width\" content=\"882\" \/>\n\t\t<meta property=\"og:image:height\" content=\"589\" \/>\n\t\t<meta property=\"article:published_time\" content=\"2021-01-24T12:08:13+00:00\" \/>\n\t\t<meta property=\"article:modified_time\" content=\"2021-01-24T12:09:15+00:00\" \/>\n\t\t<meta property=\"article:publisher\" content=\"https:\/\/www.facebook.com\/Nachofdezber\" \/>\n\t\t<meta property=\"article:author\" content=\"https:\/\/www.facebook.com\/carrenoactualidad\" \/>\n\t\t<meta name=\"twitter:card\" content=\"summary_large_image\" \/>\n\t\t<meta name=\"twitter:site\" content=\"@NabercoDigital\" \/>\n\t\t<meta name=\"twitter:title\" content=\"Adjudicado el dragado del Puerto de Cand\u00e1s | Cand\u00e1s 365\" \/>\n\t\t<meta name=\"twitter:description\" content=\"La Consejer\u00eda de Medio Rural y Cohesi\u00f3n Territorial ha adjudicado en 340.050 euros el dragado para mantener el calado en el puerto de Cand\u00e1s a la empresa especializada Excade. Esta obra complementa la limpieza que el Principado realiza anualmente con medios propios en la d\u00e1rsena exterior. Con un plazo de ejecuci\u00f3n de tres meses, la\" \/>\n\t\t<meta name=\"twitter:creator\" content=\"@nbasturias\" \/>\n\t\t<meta name=\"twitter:image\" content=\"https:\/\/candas365.es\/noticias\/wp-content\/uploads\/2021\/01\/Puerto-de-Candas.jpg\" \/>\n\t\t<meta name=\"twitter:label1\" content=\"Escrito por\" \/>\n\t\t<meta name=\"twitter:data1\" content=\"Cand\u00e1s 365\" \/>\n\t\t<meta name=\"twitter:label2\" content=\"Tiempo de lectura estimado\" \/>\n\t\t<meta name=\"twitter:data2\" content=\"2 minutos\" \/>\n\t\t<script type=\"application\/ld+json\" class=\"aioseo-schema\">\n\t\t\t{\"@context\":\"https:\\\/\\\/schema.org\",\"@graph\":[{\"@type\":\"BreadcrumbList\",\"@id\":\"https:\\\/\\\/candas365.es\\\/noticias\\\/adjudicado-el-dragado-del-puerto-de-candas\\\/#breadcrumblist\",\"itemListElement\":[{\"@type\":\"ListItem\",\"@id\":\"https:\\\/\\\/candas365.es\\\/noticias#listItem\",\"position\":1,\"name\":\"Home\",\"item\":\"https:\\\/\\\/candas365.es\\\/noticias\",\"nextItem\":{\"@type\":\"ListItem\",\"@id\":\"https:\\\/\\\/candas365.es\\\/noticias\\\/category\\\/noticias-carreno\\\/#listItem\",\"name\":\"Noticias Carre\\u00f1o\"}},{\"@type\":\"ListItem\",\"@id\":\"https:\\\/\\\/candas365.es\\\/noticias\\\/category\\\/noticias-carreno\\\/#listItem\",\"position\":2,\"name\":\"Noticias Carre\\u00f1o\",\"item\":\"https:\\\/\\\/candas365.es\\\/noticias\\\/category\\\/noticias-carreno\\\/\",\"nextItem\":{\"@type\":\"ListItem\",\"@id\":\"https:\\\/\\\/candas365.es\\\/noticias\\\/adjudicado-el-dragado-del-puerto-de-candas\\\/#listItem\",\"name\":\"Adjudicado el dragado del Puerto de Cand\\u00e1s\"},\"previousItem\":{\"@type\":\"ListItem\",\"@id\":\"https:\\\/\\\/candas365.es\\\/noticias#listItem\",\"name\":\"Home\"}},{\"@type\":\"ListItem\",\"@id\":\"https:\\\/\\\/candas365.es\\\/noticias\\\/adjudicado-el-dragado-del-puerto-de-candas\\\/#listItem\",\"position\":3,\"name\":\"Adjudicado el dragado del Puerto de Cand\\u00e1s\",\"previousItem\":{\"@type\":\"ListItem\",\"@id\":\"https:\\\/\\\/candas365.es\\\/noticias\\\/category\\\/noticias-carreno\\\/#listItem\",\"name\":\"Noticias Carre\\u00f1o\"}}]},{\"@type\":\"NewsArticle\",\"@id\":\"https:\\\/\\\/candas365.es\\\/noticias\\\/adjudicado-el-dragado-del-puerto-de-candas\\\/#newsarticle\",\"name\":\"Adjudicado el dragado del Puerto de Cand\\u00e1s | Cand\\u00e1s 365\",\"headline\":\"Adjudicado el dragado del Puerto de Cand\\u00e1s\",\"author\":{\"@id\":\"https:\\\/\\\/candas365.es\\\/noticias\\\/author\\\/admin\\\/#author\"},\"publisher\":{\"@id\":\"https:\\\/\\\/candas365.es\\\/noticias\\\/#organization\"},\"image\":{\"@type\":\"ImageObject\",\"url\":\"https:\\\/\\\/candas365.es\\\/noticias\\\/wp-content\\\/uploads\\\/2021\\\/01\\\/Puerto-de-Candas.jpg\",\"width\":882,\"height\":589},\"datePublished\":\"2021-01-24T12:08:13+01:00\",\"dateModified\":\"2021-01-24T12:09:15+01:00\",\"inLanguage\":\"es-ES\",\"mainEntityOfPage\":{\"@id\":\"https:\\\/\\\/candas365.es\\\/noticias\\\/adjudicado-el-dragado-del-puerto-de-candas\\\/#webpage\"},\"isPartOf\":{\"@id\":\"https:\\\/\\\/candas365.es\\\/noticias\\\/adjudicado-el-dragado-del-puerto-de-candas\\\/#webpage\"},\"articleSection\":\"Destacadas, Noticias Carre\\u00f1o\",\"dateline\":\"Publicado el enero 24, 2021.\"},{\"@type\":\"Organization\",\"@id\":\"https:\\\/\\\/candas365.es\\\/noticias\\\/#organization\",\"name\":\"Cand\\u00e1s 365\",\"description\":\"Cand\\u00e1s 365 es un diario digital independiente, fundado en 2012, con base en Asturias. Informamos con rigor sobre actualidad, sociedad, cultura y ocio, con una mirada local y global.\",\"url\":\"https:\\\/\\\/candas365.es\\\/noticias\\\/\",\"email\":\"info@candas365.es\",\"telephone\":\"+34652131393\",\"foundingDate\":\"2012-06-10\",\"logo\":{\"@type\":\"ImageObject\",\"url\":\"https:\\\/\\\/candas365.es\\\/noticias\\\/wp-content\\\/uploads\\\/2024\\\/09\\\/Candas-365-Redes.jpg\",\"@id\":\"https:\\\/\\\/candas365.es\\\/noticias\\\/adjudicado-el-dragado-del-puerto-de-candas\\\/#organizationLogo\",\"width\":1152,\"height\":864,\"caption\":\"Cand\\u00e1s 365 Redes\"},\"image\":{\"@id\":\"https:\\\/\\\/candas365.es\\\/noticias\\\/adjudicado-el-dragado-del-puerto-de-candas\\\/#organizationLogo\"},\"sameAs\":[\"https:\\\/\\\/www.facebook.com\\\/Nachofdezber\",\"https:\\\/\\\/x.com\\\/NabercoDigital\",\"https:\\\/\\\/www.instagram.com\\\/nachofdezber\\\/\",\"https:\\\/\\\/www.youtube.com\\\/channel\\\/UCZP-2wLEB9Rv6erhFmqVnvg\"],\"address\":{\"@id\":\"https:\\\/\\\/candas365.es\\\/noticias\\\/#postaladdress\",\"@type\":\"PostalAddress\",\"streetAddress\":\"san antonio 4, san antonio 4\",\"postalCode\":\"33430\",\"addressLocality\":\"Cand\\u00e1s\",\"addressRegion\":\"Asturias\",\"addressCountry\":\"ES\"}},{\"@type\":\"Person\",\"@id\":\"https:\\\/\\\/candas365.es\\\/noticias\\\/author\\\/admin\\\/#author\",\"url\":\"https:\\\/\\\/candas365.es\\\/noticias\\\/author\\\/admin\\\/\",\"name\":\"Cand\\u00e1s 365\",\"image\":{\"@type\":\"ImageObject\",\"@id\":\"https:\\\/\\\/candas365.es\\\/noticias\\\/adjudicado-el-dragado-del-puerto-de-candas\\\/#authorImage\",\"url\":\"https:\\\/\\\/secure.gravatar.com\\\/avatar\\\/496a8e03d0c493ede1718b7934145dbdf8d89be1036b0eec9544e1094c9de390?s=96&d=mm&r=g\",\"width\":96,\"height\":96,\"caption\":\"Cand\\u00e1s 365\"},\"sameAs\":[\"https:\\\/\\\/www.facebook.com\\\/carrenoactualidad\",\"https:\\\/\\\/twitter.com\\\/nbasturias\",\"https:\\\/\\\/www.instagram.com\\\/nachofdezber\\\/\",\"https:\\\/\\\/www.youtube.com\\\/channel\\\/UCZP-2wLEB9Rv6erhFmqVnvg\"]},{\"@type\":\"WebPage\",\"@id\":\"https:\\\/\\\/candas365.es\\\/noticias\\\/adjudicado-el-dragado-del-puerto-de-candas\\\/#webpage\",\"url\":\"https:\\\/\\\/candas365.es\\\/noticias\\\/adjudicado-el-dragado-del-puerto-de-candas\\\/\",\"name\":\"Adjudicado el dragado del Puerto de Cand\\u00e1s | Cand\\u00e1s 365\",\"description\":\"La Consejer\\u00eda de Medio Rural y Cohesi\\u00f3n Territorial ha adjudicado en 340.050 euros el dragado para mantener el calado en el puerto de Cand\\u00e1s a la empresa especializada Excade. Esta obra complementa la limpieza que el Principado realiza anualmente con medios propios en la d\\u00e1rsena exterior. Con un plazo de ejecuci\\u00f3n de tres meses, la\",\"inLanguage\":\"es-ES\",\"isPartOf\":{\"@id\":\"https:\\\/\\\/candas365.es\\\/noticias\\\/#website\"},\"breadcrumb\":{\"@id\":\"https:\\\/\\\/candas365.es\\\/noticias\\\/adjudicado-el-dragado-del-puerto-de-candas\\\/#breadcrumblist\"},\"author\":{\"@id\":\"https:\\\/\\\/candas365.es\\\/noticias\\\/author\\\/admin\\\/#author\"},\"creator\":{\"@id\":\"https:\\\/\\\/candas365.es\\\/noticias\\\/author\\\/admin\\\/#author\"},\"image\":{\"@type\":\"ImageObject\",\"url\":\"https:\\\/\\\/candas365.es\\\/noticias\\\/wp-content\\\/uploads\\\/2021\\\/01\\\/Puerto-de-Candas.jpg\",\"@id\":\"https:\\\/\\\/candas365.es\\\/noticias\\\/adjudicado-el-dragado-del-puerto-de-candas\\\/#mainImage\",\"width\":882,\"height\":589},\"primaryImageOfPage\":{\"@id\":\"https:\\\/\\\/candas365.es\\\/noticias\\\/adjudicado-el-dragado-del-puerto-de-candas\\\/#mainImage\"},\"datePublished\":\"2021-01-24T12:08:13+01:00\",\"dateModified\":\"2021-01-24T12:09:15+01:00\"},{\"@type\":\"WebSite\",\"@id\":\"https:\\\/\\\/candas365.es\\\/noticias\\\/#website\",\"url\":\"https:\\\/\\\/candas365.es\\\/noticias\\\/\",\"name\":\"Cand\\u00e1s 365\",\"alternateName\":\"Cand\\u00e1s 365 Noticias\",\"description\":\"Actualidad desde Carre\\u00f1o para el mundo\",\"inLanguage\":\"es-ES\",\"publisher\":{\"@id\":\"https:\\\/\\\/candas365.es\\\/noticias\\\/#organization\"}}]}\n\t\t<\/script>\n\t\t<!-- All in One SEO Pro -->\r\n\t\t<title>Adjudicado el dragado del Puerto de Cand\u00e1s | Cand\u00e1s 365<\/title>\n\n","aioseo_head_json":{"title":"Adjudicado el dragado del Puerto de Cand\u00e1s | Cand\u00e1s 365","description":"La Consejer\u00eda de Medio Rural y Cohesi\u00f3n Territorial ha adjudicado en 340.050 euros el dragado para mantener el calado en el puerto de Cand\u00e1s a la empresa especializada Excade. Esta obra complementa la limpieza que el Principado realiza anualmente con medios propios en la d\u00e1rsena exterior. Con un plazo de ejecuci\u00f3n de tres meses, la","canonical_url":"https:\/\/candas365.es\/noticias\/adjudicado-el-dragado-del-puerto-de-candas\/","robots":"max-image-preview:large","keywords":"destacadas,noticias carre\u00f1o","webmasterTools":{"google-site-verification":"UA-32230408-1","msvalidate.01":"354F3CDFB2DA171B47FBE9ABF1F88D5","miscellaneous":""},"schema":{"@context":"https:\/\/schema.org","@graph":[{"@type":"BreadcrumbList","@id":"https:\/\/candas365.es\/noticias\/adjudicado-el-dragado-del-puerto-de-candas\/#breadcrumblist","itemListElement":[{"@type":"ListItem","@id":"https:\/\/candas365.es\/noticias#listItem","position":1,"name":"Home","item":"https:\/\/candas365.es\/noticias","nextItem":{"@type":"ListItem","@id":"https:\/\/candas365.es\/noticias\/category\/noticias-carreno\/#listItem","name":"Noticias Carre\u00f1o"}},{"@type":"ListItem","@id":"https:\/\/candas365.es\/noticias\/category\/noticias-carreno\/#listItem","position":2,"name":"Noticias Carre\u00f1o","item":"https:\/\/candas365.es\/noticias\/category\/noticias-carreno\/","nextItem":{"@type":"ListItem","@id":"https:\/\/candas365.es\/noticias\/adjudicado-el-dragado-del-puerto-de-candas\/#listItem","name":"Adjudicado el dragado del Puerto de Cand\u00e1s"},"previousItem":{"@type":"ListItem","@id":"https:\/\/candas365.es\/noticias#listItem","name":"Home"}},{"@type":"ListItem","@id":"https:\/\/candas365.es\/noticias\/adjudicado-el-dragado-del-puerto-de-candas\/#listItem","position":3,"name":"Adjudicado el dragado del Puerto de Cand\u00e1s","previousItem":{"@type":"ListItem","@id":"https:\/\/candas365.es\/noticias\/category\/noticias-carreno\/#listItem","name":"Noticias Carre\u00f1o"}}]},{"@type":"NewsArticle","@id":"https:\/\/candas365.es\/noticias\/adjudicado-el-dragado-del-puerto-de-candas\/#newsarticle","name":"Adjudicado el dragado del Puerto de Cand\u00e1s | Cand\u00e1s 365","headline":"Adjudicado el dragado del Puerto de Cand\u00e1s","author":{"@id":"https:\/\/candas365.es\/noticias\/author\/admin\/#author"},"publisher":{"@id":"https:\/\/candas365.es\/noticias\/#organization"},"image":{"@type":"ImageObject","url":"https:\/\/candas365.es\/noticias\/wp-content\/uploads\/2021\/01\/Puerto-de-Candas.jpg","width":882,"height":589},"datePublished":"2021-01-24T12:08:13+01:00","dateModified":"2021-01-24T12:09:15+01:00","inLanguage":"es-ES","mainEntityOfPage":{"@id":"https:\/\/candas365.es\/noticias\/adjudicado-el-dragado-del-puerto-de-candas\/#webpage"},"isPartOf":{"@id":"https:\/\/candas365.es\/noticias\/adjudicado-el-dragado-del-puerto-de-candas\/#webpage"},"articleSection":"Destacadas, Noticias Carre\u00f1o","dateline":"Publicado el enero 24, 2021."},{"@type":"Organization","@id":"https:\/\/candas365.es\/noticias\/#organization","name":"Cand\u00e1s 365","description":"Cand\u00e1s 365 es un diario digital independiente, fundado en 2012, con base en Asturias. Informamos con rigor sobre actualidad, sociedad, cultura y ocio, con una mirada local y global.","url":"https:\/\/candas365.es\/noticias\/","email":"info@candas365.es","telephone":"+34652131393","foundingDate":"2012-06-10","logo":{"@type":"ImageObject","url":"https:\/\/candas365.es\/noticias\/wp-content\/uploads\/2024\/09\/Candas-365-Redes.jpg","@id":"https:\/\/candas365.es\/noticias\/adjudicado-el-dragado-del-puerto-de-candas\/#organizationLogo","width":1152,"height":864,"caption":"Cand\u00e1s 365 Redes"},"image":{"@id":"https:\/\/candas365.es\/noticias\/adjudicado-el-dragado-del-puerto-de-candas\/#organizationLogo"},"sameAs":["https:\/\/www.facebook.com\/Nachofdezber","https:\/\/x.com\/NabercoDigital","https:\/\/www.instagram.com\/nachofdezber\/","https:\/\/www.youtube.com\/channel\/UCZP-2wLEB9Rv6erhFmqVnvg"],"address":{"@id":"https:\/\/candas365.es\/noticias\/#postaladdress","@type":"PostalAddress","streetAddress":"san antonio 4, san antonio 4","postalCode":"33430","addressLocality":"Cand\u00e1s","addressRegion":"Asturias","addressCountry":"ES"}},{"@type":"Person","@id":"https:\/\/candas365.es\/noticias\/author\/admin\/#author","url":"https:\/\/candas365.es\/noticias\/author\/admin\/","name":"Cand\u00e1s 365","image":{"@type":"ImageObject","@id":"https:\/\/candas365.es\/noticias\/adjudicado-el-dragado-del-puerto-de-candas\/#authorImage","url":"https:\/\/secure.gravatar.com\/avatar\/496a8e03d0c493ede1718b7934145dbdf8d89be1036b0eec9544e1094c9de390?s=96&d=mm&r=g","width":96,"height":96,"caption":"Cand\u00e1s 365"},"sameAs":["https:\/\/www.facebook.com\/carrenoactualidad","https:\/\/twitter.com\/nbasturias","https:\/\/www.instagram.com\/nachofdezber\/","https:\/\/www.youtube.com\/channel\/UCZP-2wLEB9Rv6erhFmqVnvg"]},{"@type":"WebPage","@id":"https:\/\/candas365.es\/noticias\/adjudicado-el-dragado-del-puerto-de-candas\/#webpage","url":"https:\/\/candas365.es\/noticias\/adjudicado-el-dragado-del-puerto-de-candas\/","name":"Adjudicado el dragado del Puerto de Cand\u00e1s | Cand\u00e1s 365","description":"La Consejer\u00eda de Medio Rural y Cohesi\u00f3n Territorial ha adjudicado en 340.050 euros el dragado para mantener el calado en el puerto de Cand\u00e1s a la empresa especializada Excade. Esta obra complementa la limpieza que el Principado realiza anualmente con medios propios en la d\u00e1rsena exterior. Con un plazo de ejecuci\u00f3n de tres meses, la","inLanguage":"es-ES","isPartOf":{"@id":"https:\/\/candas365.es\/noticias\/#website"},"breadcrumb":{"@id":"https:\/\/candas365.es\/noticias\/adjudicado-el-dragado-del-puerto-de-candas\/#breadcrumblist"},"author":{"@id":"https:\/\/candas365.es\/noticias\/author\/admin\/#author"},"creator":{"@id":"https:\/\/candas365.es\/noticias\/author\/admin\/#author"},"image":{"@type":"ImageObject","url":"https:\/\/candas365.es\/noticias\/wp-content\/uploads\/2021\/01\/Puerto-de-Candas.jpg","@id":"https:\/\/candas365.es\/noticias\/adjudicado-el-dragado-del-puerto-de-candas\/#mainImage","width":882,"height":589},"primaryImageOfPage":{"@id":"https:\/\/candas365.es\/noticias\/adjudicado-el-dragado-del-puerto-de-candas\/#mainImage"},"datePublished":"2021-01-24T12:08:13+01:00","dateModified":"2021-01-24T12:09:15+01:00"},{"@type":"WebSite","@id":"https:\/\/candas365.es\/noticias\/#website","url":"https:\/\/candas365.es\/noticias\/","name":"Cand\u00e1s 365","alternateName":"Cand\u00e1s 365 Noticias","description":"Actualidad desde Carre\u00f1o para el mundo","inLanguage":"es-ES","publisher":{"@id":"https:\/\/candas365.es\/noticias\/#organization"}}]},"og:locale":"es_ES","og:site_name":"Cand\u00e1s 365","og:type":"article","og:title":"Adjudicado el dragado del Puerto de Cand\u00e1s | Cand\u00e1s 365","og:description":"La Consejer\u00eda de Medio Rural y Cohesi\u00f3n Territorial ha adjudicado en 340.050 euros el dragado para mantener el calado en el puerto de Cand\u00e1s a la empresa especializada Excade. Esta obra complementa la limpieza que el Principado realiza anualmente con medios propios en la d\u00e1rsena exterior. Con un plazo de ejecuci\u00f3n de tres meses, la","og:url":"https:\/\/candas365.es\/noticias\/adjudicado-el-dragado-del-puerto-de-candas\/","og:image":"https:\/\/candas365.es\/noticias\/wp-content\/uploads\/2021\/01\/Puerto-de-Candas.jpg","og:image:secure_url":"https:\/\/candas365.es\/noticias\/wp-content\/uploads\/2021\/01\/Puerto-de-Candas.jpg","og:image:width":882,"og:image:height":589,"article:published_time":"2021-01-24T12:08:13+00:00","article:modified_time":"2021-01-24T12:09:15+00:00","article:publisher":"https:\/\/www.facebook.com\/Nachofdezber","article:author":"https:\/\/www.facebook.com\/carrenoactualidad","twitter:card":"summary_large_image","twitter:site":"@NabercoDigital","twitter:title":"Adjudicado el dragado del Puerto de Cand\u00e1s | Cand\u00e1s 365","twitter:description":"La Consejer\u00eda de Medio Rural y Cohesi\u00f3n Territorial ha adjudicado en 340.050 euros el dragado para mantener el calado en el puerto de Cand\u00e1s a la empresa especializada Excade. Esta obra complementa la limpieza que el Principado realiza anualmente con medios propios en la d\u00e1rsena exterior. Con un plazo de ejecuci\u00f3n de tres meses, la","twitter:creator":"@nbasturias","twitter:image":"https:\/\/candas365.es\/noticias\/wp-content\/uploads\/2021\/01\/Puerto-de-Candas.jpg","twitter:label1":"Escrito por","twitter:data1":"Cand\u00e1s 365","twitter:label2":"Tiempo de lectura estimado","twitter:data2":"2 minutos"},"aioseo_meta_data":{"post_id":"151069","title":null,"description":null,"keywords":null,"keyphrases":null,"primary_term":null,"canonical_url":null,"og_title":null,"og_description":null,"og_object_type":"default","og_image_type":"default","og_image_url":null,"og_image_width":null,"og_image_height":null,"og_image_custom_url":null,"og_image_custom_fields":null,"og_video":null,"og_custom_url":null,"og_article_section":null,"og_article_tags":null,"twitter_use_og":false,"twitter_card":"default","twitter_image_type":"default","twitter_image_url":null,"twitter_image_custom_url":null,"twitter_image_custom_fields":null,"twitter_title":null,"twitter_description":null,"schema":{"blockGraphs":[],"customGraphs":[],"default":{"data":{"Article":[],"Course":[],"Dataset":[],"FAQPage":[],"Movie":[],"Person":[],"Product":[],"ProductReview":[],"Car":[],"Recipe":[],"Service":[],"SoftwareApplication":[],"WebPage":[]},"graphName":"","isEnabled":true},"graphs":[],"defaultGraph":"","defaultPostTypeGraph":""},"schema_type":null,"schema_type_options":null,"pillar_content":false,"robots_default":true,"robots_noindex":false,"robots_noarchive":false,"robots_nosnippet":false,"robots_nofollow":false,"robots_noimageindex":false,"robots_noodp":false,"robots_notranslate":false,"robots_max_snippet":null,"robots_max_videopreview":null,"robots_max_imagepreview":"large","priority":null,"frequency":null,"location":null,"local_seo":null,"seo_analyzer_scan_date":"2025-08-31 16:47:16","breadcrumb_settings":null,"limit_modified_date":false,"reviewed_by":null,"open_ai":null,"ai":null,"created":"2021-01-27 13:48:20","updated":"2025-08-31 16:47:16"},"aioseo_breadcrumb":"<div class=\"aioseo-breadcrumbs\"><span class=\"aioseo-breadcrumb\">\n\t<a href=\"https:\/\/candas365.es\/noticias\" title=\"Home\">Home<\/a>\n<\/span><span class=\"aioseo-breadcrumb-separator\">&ndash;<\/span><span class=\"aioseo-breadcrumb\">\n\t<a href=\"https:\/\/candas365.es\/noticias\/category\/noticias-carreno\/\" title=\"Noticias Carre\u00f1o\">Noticias Carre\u00f1o<\/a>\n<\/span><span class=\"aioseo-breadcrumb-separator\">&ndash;<\/span><span class=\"aioseo-breadcrumb\">\n\tAdjudicado el dragado del Puerto de Cand\u00e1s\n<\/span><\/div>","aioseo_breadcrumb_json":[{"label":"Home","link":"https:\/\/candas365.es\/noticias"},{"label":"Noticias Carre\u00f1o","link":"https:\/\/candas365.es\/noticias\/category\/noticias-carreno\/"},{"label":"Adjudicado el dragado del Puerto de Cand\u00e1s","link":"https:\/\/candas365.es\/noticias\/adjudicado-el-dragado-del-puerto-de-candas\/"}],"_links":{"self":[{"href":"https:\/\/candas365.es\/noticias\/wp-json\/wp\/v2\/posts\/151069","targetHints":{"allow":["GET"]}}],"collection":[{"href":"https:\/\/candas365.es\/noticias\/wp-json\/wp\/v2\/posts"}],"about":[{"href":"https:\/\/candas365.es\/noticias\/wp-json\/wp\/v2\/types\/post"}],"author":[{"embeddable":true,"href":"https:\/\/candas365.es\/noticias\/wp-json\/wp\/v2\/users\/1"}],"replies":[{"embeddable":true,"href":"https:\/\/candas365.es\/noticias\/wp-json\/wp\/v2\/comments?post=151069"}],"version-history":[{"count":0,"href":"https:\/\/candas365.es\/noticias\/wp-json\/wp\/v2\/posts\/151069\/revisions"}],"wp:featuredmedia":[{"embeddable":true,"href":"https:\/\/candas365.es\/noticias\/wp-json\/wp\/v2\/media\/151070"}],"wp:attachment":[{"href":"https:\/\/candas365.es\/noticias\/wp-json\/wp\/v2\/media?parent=151069"}],"wp:term":[{"taxonomy":"category","embeddable":true,"href":"https:\/\/candas365.es\/noticias\/wp-json\/wp\/v2\/categories?post=151069"},{"taxonomy":"post_tag","embeddable":true,"href":"https:\/\/candas365.es\/noticias\/wp-json\/wp\/v2\/tags?post=151069"}],"curies":[{"name":"wp","href":"https:\/\/api.w.org\/{rel}","templated":true}]}}