{"id":150997,"date":"2021-01-15T09:53:16","date_gmt":"2021-01-15T09:53:16","guid":{"rendered":"http:\/\/candas365.es\/noticias\/?p=150997"},"modified":"2021-01-15T09:53:16","modified_gmt":"2021-01-15T09:53:16","slug":"vistete-de-moda-en-tu-promocion","status":"publish","type":"post","link":"https:\/\/candas365.es\/noticias\/vistete-de-moda-en-tu-promocion\/","title":{"rendered":"V\u00edstete de moda en tu promoci\u00f3n"},"content":{"rendered":"<p>Aunque la pandemia ha ocasionado una paralizaci\u00f3n de las actividades presenciales acad\u00e9micas, miles de estudiantes siguen gradu\u00e1ndose. Esta segunda ola de coronavirus no tiene que arruinar tu fiesta de promoci\u00f3n, mucho menos el sue\u00f1o de vestir el traje ideal para este d\u00eda. Conoce aqu\u00ed <strong>c\u00f3mo elegir un vestido de moda y adecuado para lucir en tu promoci\u00f3n<\/strong>.<\/p>\n<p><img fetchpriority=\"high\" decoding=\"async\" class=\"aligncenter wp-image-150998 size-large\" src=\"https:\/\/candas365.es\/noticias\/wp-content\/uploads\/2021\/01\/moda-1-650x431.jpg\" alt=\"\" width=\"650\" height=\"431\" srcset=\"https:\/\/candas365.es\/noticias\/wp-content\/uploads\/2021\/01\/moda-1-650x431.jpg 650w, https:\/\/candas365.es\/noticias\/wp-content\/uploads\/2021\/01\/moda-1-360x239.jpg 360w, https:\/\/candas365.es\/noticias\/wp-content\/uploads\/2021\/01\/moda-1-768x509.jpg 768w, https:\/\/candas365.es\/noticias\/wp-content\/uploads\/2021\/01\/moda-1.jpg 1046w\" sizes=\"(max-width: 650px) 100vw, 650px\" \/><\/p>\n<h2>\u00bfQu\u00e9 reflejar\u00e1 tu vestido de promoci\u00f3n?<\/h2>\n<p>En cualquier evento, la <span style=\"color: #ff6600;\"><strong><a style=\"color: #ff6600;\" href=\"https:\/\/gamarra.soy\" target=\"_blank\" rel=\"noopener\">ropa<\/a><\/strong><\/span> que uses puede determinar el disfrute del mismo. Cuando se trata de una promoci\u00f3n, querr\u00e1s <strong>sentirte atractiva y renovada<\/strong>, pues pasas a una nueva etapa en la vida. En sentido figurado, ser\u00e1 una especie de metamorfosis de moda, que da comienzo a un recorrido de \u00e9xito profesional. Por eso, elegir el vestido ideal implica tener en cuenta todos los detalles.<\/p>\n<p>Los <span style=\"color: #ff6600;\"><strong><a style=\"color: #ff6600;\" href=\"https:\/\/gamarra.soy\" target=\"_blank\" rel=\"noopener\">vestidos de promociones<\/a><\/strong><\/span> hablan de quien los porta, revela mucha informaci\u00f3n y personalidad. Por eso, es importante que elijas un modelo que vaya contigo, con la persona que eres y lo que aspiras para esta nueva etapa vital. Lo que vistas tambi\u00e9n <strong>refleja tu buen gusto en moda o la carencia de este<\/strong>; adem\u00e1s que te diferencia de los dem\u00e1s.<\/p>\n<h2>\u00bfQu\u00e9 factores considerar al elegir un vestido para tu graduaci\u00f3n?<\/h2>\n<p>Sea que te grad\u00faas del colegio o la universidad, tu promoci\u00f3n es un momento que querr\u00e1s guardar en tus memorias. Llevar un vestido de moda y buen gusto, puede ayudarte a conservar buenos recuerdos. Ten presente estos<strong> tips para lograr el vestido adecuado para esta ocasi\u00f3n. <\/strong><\/p>\n<h3>1.- Tu cuerpo<\/h3>\n<p>El primer aspecto que debes considerar cuando est\u00e9s eligiendo prendas de vestir, es la forma de tu silueta corporal. Existen varios tipos de anatom\u00eda, y los expertos en moda han evaluado <strong>cu\u00e1l es la mejor tendencia de moda<\/strong> para cada uno. Por supuesto, ser\u00e1 necesario que conozcas tus medidas, sea que compres un vestido hecho o mandes a confeccionar el vestido que usar\u00e1s.<\/p>\n<p>\u00bfPor qu\u00e9 ser\u00eda un error obviar este punto? Pongamos un ejemplo para ilustrarlo. Imagina que tus hombros son m\u00e1s anchos que la zona baja del cuerpo; en teor\u00eda un cuerpo con aspecto de tri\u00e1ngulo invertido.<\/p>\n<p>Si es as\u00ed, los vestidos que quedan sueltos en la parte baja son los ideales. Pero te ver\u00edas poco agraciada con un vestido que sea ce\u00f1ido en las caderas o usar trajes con hombreras. Detenerse a considerar <strong>cu\u00e1l es la forma de tu cuerpo<\/strong>, permitir\u00e1 que puedas aprovechar las zonas voluptuosas a tu favor, y las que carecen de volumen, brindarles un poco de ayuda con el vestido.<\/p>\n<h3>2.- El tejido<\/h3>\n<p>Si no atiendes a este punto, puedes sufrir las consecuencias de tu descuido. Dependiendo del modelo de vestido que hayas elegido para lucir este d\u00eda especial, necesitar\u00e1s <strong>seleccionar bien el tejido a usar. <\/strong><\/p>\n<p>Tambi\u00e9n es importante <strong>considerar el momento del a\u00f1o en el que ser\u00e1 la promoci\u00f3n y qu\u00e9 clima rodear\u00e1 la celebraci\u00f3n.<\/strong> De esta manera, evitas sufrir durante el evento con un vestido que aumente tu temperatura o que no cubra lo suficiente en \u00e9pocas heladas. Desde casa, puedes seleccionar <a href=\"http:\/\/www.tejidosdemoda.com\" target=\"_blank\" rel=\"noopener\"><span style=\"color: #ff6600;\"><strong>telas online<\/strong><\/span><\/a> para que tu modista pueda crear el vestido ideal, seg\u00fan tus preferencias y estas consideraciones.<\/p>\n<h3>3.- El color<\/h3>\n<p>No basta con seleccionar un tipo de tela y dejar el color al azar. <strong>El color que elijas del vestido puede sumar o restar a tu atuendo<\/strong>. Este resultado depender\u00e1 del tipo de piel que poseas, del color de tu cabello e incluso de tus ojos. Prefiere un contraste que pueda hacerte destacar sobre los dem\u00e1s en estos d\u00edas especiales.<\/p>\n<p>Por ejemplo, si tu piel es blanca con aspecto c\u00e1lido, puedes seleccionar matices de colores que contrasten con esta caracter\u00edstica. En tal caso, ser\u00eda bueno seleccionar telas en tonos azul el\u00e9ctrico, rosa, violeta. Si tus caracter\u00edsticas f\u00edsicas dan para una persona con aspecto m\u00e1s fuerte y moreno, entonces usa vestidos en colores llamativos, como amarillo o naranja.<\/p>\n<p>Estos tres factores pueden darte una idea de c\u00f3mo seleccionar el vestido de tu promoci\u00f3n, para que recuerdes para siempre esta fecha. <strong>Elige dise\u00f1os que vayan con tu personalidad<\/strong>, que muestren tanta piel como desees, no m\u00e1s. Pero al hacerlo, ten presente c\u00f3mo est\u00e1 formado tu cuerpo, qu\u00e9 telas son las ideales y cu\u00e1l es el tono de color que te har\u00e1 resaltar. De esta manera, lograr\u00e1s deslumbrar a todos en tu promoci\u00f3n.<\/p>\n<p>&nbsp;<\/p>\n","protected":false},"excerpt":{"rendered":"<p>Aunque la pandemia ha ocasionado una paralizaci\u00f3n de las actividades presenciales acad\u00e9micas, miles de estudiantes siguen gradu\u00e1ndose. Esta segunda ola de coronavirus no tiene que arruinar tu fiesta de promoci\u00f3n, mucho menos el sue\u00f1o de vestir el traje ideal para este d\u00eda. Conoce aqu\u00ed c\u00f3mo elegir un vestido de moda y adecuado para lucir en<\/p>\n","protected":false},"author":1,"featured_media":150998,"comment_status":"closed","ping_status":"closed","sticky":false,"template":"","format":"standard","meta":{"footnotes":""},"categories":[142],"tags":[],"class_list":{"0":"post-150997","1":"post","2":"type-post","3":"status-publish","4":"format-standard","5":"has-post-thumbnail","7":"category-revista"},"aioseo_notices":[],"aioseo_head":"\n\t\t<!-- All in One SEO Pro 4.9.6.2 - aioseo.com -->\n\t<meta name=\"description\" content=\"Aunque la pandemia ha ocasionado una paralizaci\u00f3n de las actividades presenciales acad\u00e9micas, miles de estudiantes siguen gradu\u00e1ndose. Esta segunda ola de coronavirus no tiene que arruinar tu fiesta de promoci\u00f3n, mucho menos el sue\u00f1o de vestir el traje ideal para este d\u00eda. Conoce aqu\u00ed c\u00f3mo elegir un vestido de moda y adecuado para lucir en\" \/>\n\t<meta name=\"robots\" content=\"max-image-preview:large\" \/>\n\t<meta name=\"author\" content=\"Cand\u00e1s 365\"\/>\n\t<meta name=\"google-site-verification\" content=\"UA-32230408-1\" \/>\n\t<meta name=\"msvalidate.01\" content=\"354F3CDFB2DA171B47FBE9ABF1F88D5\" \/>\n\t<meta name=\"keywords\" content=\"revista\" \/>\n\t<link rel=\"canonical\" href=\"https:\/\/candas365.es\/noticias\/vistete-de-moda-en-tu-promocion\/\" \/>\n\t<meta name=\"generator\" content=\"All in One SEO Pro (AIOSEO) 4.9.6.2\" \/>\n\t\t<meta property=\"og:locale\" content=\"es_ES\" \/>\n\t\t<meta property=\"og:site_name\" content=\"Cand\u00e1s 365\" \/>\n\t\t<meta property=\"og:type\" content=\"article\" \/>\n\t\t<meta property=\"og:title\" content=\"V\u00edstete de moda en tu promoci\u00f3n | Cand\u00e1s 365\" \/>\n\t\t<meta property=\"og:description\" content=\"Aunque la pandemia ha ocasionado una paralizaci\u00f3n de las actividades presenciales acad\u00e9micas, miles de estudiantes siguen gradu\u00e1ndose. Esta segunda ola de coronavirus no tiene que arruinar tu fiesta de promoci\u00f3n, mucho menos el sue\u00f1o de vestir el traje ideal para este d\u00eda. Conoce aqu\u00ed c\u00f3mo elegir un vestido de moda y adecuado para lucir en\" \/>\n\t\t<meta property=\"og:url\" content=\"https:\/\/candas365.es\/noticias\/vistete-de-moda-en-tu-promocion\/\" \/>\n\t\t<meta property=\"og:image\" content=\"https:\/\/candas365.es\/noticias\/wp-content\/uploads\/2021\/01\/moda-1.jpg\" \/>\n\t\t<meta property=\"og:image:secure_url\" content=\"https:\/\/candas365.es\/noticias\/wp-content\/uploads\/2021\/01\/moda-1.jpg\" \/>\n\t\t<meta property=\"og:image:width\" content=\"1046\" \/>\n\t\t<meta property=\"og:image:height\" content=\"693\" \/>\n\t\t<meta property=\"article:published_time\" content=\"2021-01-15T09:53:16+00:00\" \/>\n\t\t<meta property=\"article:modified_time\" content=\"2021-01-15T09:53:16+00:00\" \/>\n\t\t<meta property=\"article:publisher\" content=\"https:\/\/www.facebook.com\/Nachofdezber\" \/>\n\t\t<meta property=\"article:author\" content=\"https:\/\/www.facebook.com\/carrenoactualidad\" \/>\n\t\t<meta name=\"twitter:card\" content=\"summary_large_image\" \/>\n\t\t<meta name=\"twitter:site\" content=\"@NabercoDigital\" \/>\n\t\t<meta name=\"twitter:title\" content=\"V\u00edstete de moda en tu promoci\u00f3n | Cand\u00e1s 365\" \/>\n\t\t<meta name=\"twitter:description\" content=\"Aunque la pandemia ha ocasionado una paralizaci\u00f3n de las actividades presenciales acad\u00e9micas, miles de estudiantes siguen gradu\u00e1ndose. Esta segunda ola de coronavirus no tiene que arruinar tu fiesta de promoci\u00f3n, mucho menos el sue\u00f1o de vestir el traje ideal para este d\u00eda. Conoce aqu\u00ed c\u00f3mo elegir un vestido de moda y adecuado para lucir en\" \/>\n\t\t<meta name=\"twitter:creator\" content=\"@nbasturias\" \/>\n\t\t<meta name=\"twitter:image\" content=\"https:\/\/candas365.es\/noticias\/wp-content\/uploads\/2021\/01\/moda-1.jpg\" \/>\n\t\t<meta name=\"twitter:label1\" content=\"Escrito por\" \/>\n\t\t<meta name=\"twitter:data1\" content=\"Cand\u00e1s 365\" \/>\n\t\t<meta name=\"twitter:label2\" content=\"Tiempo de lectura estimado\" \/>\n\t\t<meta name=\"twitter:data2\" content=\"4 minutos\" \/>\n\t\t<script type=\"application\/ld+json\" class=\"aioseo-schema\">\n\t\t\t{\"@context\":\"https:\\\/\\\/schema.org\",\"@graph\":[{\"@type\":\"BreadcrumbList\",\"@id\":\"https:\\\/\\\/candas365.es\\\/noticias\\\/vistete-de-moda-en-tu-promocion\\\/#breadcrumblist\",\"itemListElement\":[{\"@type\":\"ListItem\",\"@id\":\"https:\\\/\\\/candas365.es\\\/noticias#listItem\",\"position\":1,\"name\":\"Home\",\"item\":\"https:\\\/\\\/candas365.es\\\/noticias\",\"nextItem\":{\"@type\":\"ListItem\",\"@id\":\"https:\\\/\\\/candas365.es\\\/noticias\\\/category\\\/revista\\\/#listItem\",\"name\":\"Revista\"}},{\"@type\":\"ListItem\",\"@id\":\"https:\\\/\\\/candas365.es\\\/noticias\\\/category\\\/revista\\\/#listItem\",\"position\":2,\"name\":\"Revista\",\"item\":\"https:\\\/\\\/candas365.es\\\/noticias\\\/category\\\/revista\\\/\",\"nextItem\":{\"@type\":\"ListItem\",\"@id\":\"https:\\\/\\\/candas365.es\\\/noticias\\\/vistete-de-moda-en-tu-promocion\\\/#listItem\",\"name\":\"V\\u00edstete de moda en tu promoci\\u00f3n\"},\"previousItem\":{\"@type\":\"ListItem\",\"@id\":\"https:\\\/\\\/candas365.es\\\/noticias#listItem\",\"name\":\"Home\"}},{\"@type\":\"ListItem\",\"@id\":\"https:\\\/\\\/candas365.es\\\/noticias\\\/vistete-de-moda-en-tu-promocion\\\/#listItem\",\"position\":3,\"name\":\"V\\u00edstete de moda en tu promoci\\u00f3n\",\"previousItem\":{\"@type\":\"ListItem\",\"@id\":\"https:\\\/\\\/candas365.es\\\/noticias\\\/category\\\/revista\\\/#listItem\",\"name\":\"Revista\"}}]},{\"@type\":\"NewsArticle\",\"@id\":\"https:\\\/\\\/candas365.es\\\/noticias\\\/vistete-de-moda-en-tu-promocion\\\/#newsarticle\",\"name\":\"V\\u00edstete de moda en tu promoci\\u00f3n | Cand\\u00e1s 365\",\"headline\":\"V\\u00edstete de moda en tu promoci\\u00f3n\",\"author\":{\"@id\":\"https:\\\/\\\/candas365.es\\\/noticias\\\/author\\\/admin\\\/#author\"},\"publisher\":{\"@id\":\"https:\\\/\\\/candas365.es\\\/noticias\\\/#organization\"},\"image\":{\"@type\":\"ImageObject\",\"url\":\"https:\\\/\\\/candas365.es\\\/noticias\\\/wp-content\\\/uploads\\\/2021\\\/01\\\/moda-1.jpg\",\"width\":1046,\"height\":693},\"datePublished\":\"2021-01-15T09:53:16+01:00\",\"dateModified\":\"2021-01-15T09:53:16+01:00\",\"inLanguage\":\"es-ES\",\"mainEntityOfPage\":{\"@id\":\"https:\\\/\\\/candas365.es\\\/noticias\\\/vistete-de-moda-en-tu-promocion\\\/#webpage\"},\"isPartOf\":{\"@id\":\"https:\\\/\\\/candas365.es\\\/noticias\\\/vistete-de-moda-en-tu-promocion\\\/#webpage\"},\"articleSection\":\"Revista\",\"dateline\":\"Publicado el enero 15, 2021.\"},{\"@type\":\"Organization\",\"@id\":\"https:\\\/\\\/candas365.es\\\/noticias\\\/#organization\",\"name\":\"Cand\\u00e1s 365\",\"description\":\"Cand\\u00e1s 365 es un diario digital independiente, fundado en 2012, con base en Asturias. Informamos con rigor sobre actualidad, sociedad, cultura y ocio, con una mirada local y global.\",\"url\":\"https:\\\/\\\/candas365.es\\\/noticias\\\/\",\"email\":\"info@candas365.es\",\"telephone\":\"+34652131393\",\"foundingDate\":\"2012-06-10\",\"logo\":{\"@type\":\"ImageObject\",\"url\":\"https:\\\/\\\/candas365.es\\\/noticias\\\/wp-content\\\/uploads\\\/2024\\\/09\\\/Candas-365-Redes.jpg\",\"@id\":\"https:\\\/\\\/candas365.es\\\/noticias\\\/vistete-de-moda-en-tu-promocion\\\/#organizationLogo\",\"width\":1152,\"height\":864,\"caption\":\"Cand\\u00e1s 365 Redes\"},\"image\":{\"@id\":\"https:\\\/\\\/candas365.es\\\/noticias\\\/vistete-de-moda-en-tu-promocion\\\/#organizationLogo\"},\"sameAs\":[\"https:\\\/\\\/www.facebook.com\\\/Nachofdezber\",\"https:\\\/\\\/x.com\\\/NabercoDigital\",\"https:\\\/\\\/www.instagram.com\\\/nachofdezber\\\/\",\"https:\\\/\\\/www.youtube.com\\\/channel\\\/UCZP-2wLEB9Rv6erhFmqVnvg\"],\"address\":{\"@id\":\"https:\\\/\\\/candas365.es\\\/noticias\\\/#postaladdress\",\"@type\":\"PostalAddress\",\"streetAddress\":\"san antonio 4, san antonio 4\",\"postalCode\":\"33430\",\"addressLocality\":\"Cand\\u00e1s\",\"addressRegion\":\"Asturias\",\"addressCountry\":\"ES\"}},{\"@type\":\"Person\",\"@id\":\"https:\\\/\\\/candas365.es\\\/noticias\\\/author\\\/admin\\\/#author\",\"url\":\"https:\\\/\\\/candas365.es\\\/noticias\\\/author\\\/admin\\\/\",\"name\":\"Cand\\u00e1s 365\",\"image\":{\"@type\":\"ImageObject\",\"@id\":\"https:\\\/\\\/candas365.es\\\/noticias\\\/vistete-de-moda-en-tu-promocion\\\/#authorImage\",\"url\":\"https:\\\/\\\/secure.gravatar.com\\\/avatar\\\/496a8e03d0c493ede1718b7934145dbdf8d89be1036b0eec9544e1094c9de390?s=96&d=mm&r=g\",\"width\":96,\"height\":96,\"caption\":\"Cand\\u00e1s 365\"},\"sameAs\":[\"https:\\\/\\\/www.facebook.com\\\/carrenoactualidad\",\"https:\\\/\\\/twitter.com\\\/nbasturias\",\"https:\\\/\\\/www.instagram.com\\\/nachofdezber\\\/\",\"https:\\\/\\\/www.youtube.com\\\/channel\\\/UCZP-2wLEB9Rv6erhFmqVnvg\"]},{\"@type\":\"WebPage\",\"@id\":\"https:\\\/\\\/candas365.es\\\/noticias\\\/vistete-de-moda-en-tu-promocion\\\/#webpage\",\"url\":\"https:\\\/\\\/candas365.es\\\/noticias\\\/vistete-de-moda-en-tu-promocion\\\/\",\"name\":\"V\\u00edstete de moda en tu promoci\\u00f3n | Cand\\u00e1s 365\",\"description\":\"Aunque la pandemia ha ocasionado una paralizaci\\u00f3n de las actividades presenciales acad\\u00e9micas, miles de estudiantes siguen gradu\\u00e1ndose. Esta segunda ola de coronavirus no tiene que arruinar tu fiesta de promoci\\u00f3n, mucho menos el sue\\u00f1o de vestir el traje ideal para este d\\u00eda. Conoce aqu\\u00ed c\\u00f3mo elegir un vestido de moda y adecuado para lucir en\",\"inLanguage\":\"es-ES\",\"isPartOf\":{\"@id\":\"https:\\\/\\\/candas365.es\\\/noticias\\\/#website\"},\"breadcrumb\":{\"@id\":\"https:\\\/\\\/candas365.es\\\/noticias\\\/vistete-de-moda-en-tu-promocion\\\/#breadcrumblist\"},\"author\":{\"@id\":\"https:\\\/\\\/candas365.es\\\/noticias\\\/author\\\/admin\\\/#author\"},\"creator\":{\"@id\":\"https:\\\/\\\/candas365.es\\\/noticias\\\/author\\\/admin\\\/#author\"},\"image\":{\"@type\":\"ImageObject\",\"url\":\"https:\\\/\\\/candas365.es\\\/noticias\\\/wp-content\\\/uploads\\\/2021\\\/01\\\/moda-1.jpg\",\"@id\":\"https:\\\/\\\/candas365.es\\\/noticias\\\/vistete-de-moda-en-tu-promocion\\\/#mainImage\",\"width\":1046,\"height\":693},\"primaryImageOfPage\":{\"@id\":\"https:\\\/\\\/candas365.es\\\/noticias\\\/vistete-de-moda-en-tu-promocion\\\/#mainImage\"},\"datePublished\":\"2021-01-15T09:53:16+01:00\",\"dateModified\":\"2021-01-15T09:53:16+01:00\"},{\"@type\":\"WebSite\",\"@id\":\"https:\\\/\\\/candas365.es\\\/noticias\\\/#website\",\"url\":\"https:\\\/\\\/candas365.es\\\/noticias\\\/\",\"name\":\"Cand\\u00e1s 365\",\"alternateName\":\"Cand\\u00e1s 365 Noticias\",\"description\":\"Actualidad desde Carre\\u00f1o para el mundo\",\"inLanguage\":\"es-ES\",\"publisher\":{\"@id\":\"https:\\\/\\\/candas365.es\\\/noticias\\\/#organization\"}}]}\n\t\t<\/script>\n\t\t<!-- All in One SEO Pro -->\r\n\t\t<title>V\u00edstete de moda en tu promoci\u00f3n | Cand\u00e1s 365<\/title>\n\n","aioseo_head_json":{"title":"V\u00edstete de moda en tu promoci\u00f3n | Cand\u00e1s 365","description":"Aunque la pandemia ha ocasionado una paralizaci\u00f3n de las actividades presenciales acad\u00e9micas, miles de estudiantes siguen gradu\u00e1ndose. Esta segunda ola de coronavirus no tiene que arruinar tu fiesta de promoci\u00f3n, mucho menos el sue\u00f1o de vestir el traje ideal para este d\u00eda. Conoce aqu\u00ed c\u00f3mo elegir un vestido de moda y adecuado para lucir en","canonical_url":"https:\/\/candas365.es\/noticias\/vistete-de-moda-en-tu-promocion\/","robots":"max-image-preview:large","keywords":"revista","webmasterTools":{"google-site-verification":"UA-32230408-1","msvalidate.01":"354F3CDFB2DA171B47FBE9ABF1F88D5","miscellaneous":""},"schema":{"@context":"https:\/\/schema.org","@graph":[{"@type":"BreadcrumbList","@id":"https:\/\/candas365.es\/noticias\/vistete-de-moda-en-tu-promocion\/#breadcrumblist","itemListElement":[{"@type":"ListItem","@id":"https:\/\/candas365.es\/noticias#listItem","position":1,"name":"Home","item":"https:\/\/candas365.es\/noticias","nextItem":{"@type":"ListItem","@id":"https:\/\/candas365.es\/noticias\/category\/revista\/#listItem","name":"Revista"}},{"@type":"ListItem","@id":"https:\/\/candas365.es\/noticias\/category\/revista\/#listItem","position":2,"name":"Revista","item":"https:\/\/candas365.es\/noticias\/category\/revista\/","nextItem":{"@type":"ListItem","@id":"https:\/\/candas365.es\/noticias\/vistete-de-moda-en-tu-promocion\/#listItem","name":"V\u00edstete de moda en tu promoci\u00f3n"},"previousItem":{"@type":"ListItem","@id":"https:\/\/candas365.es\/noticias#listItem","name":"Home"}},{"@type":"ListItem","@id":"https:\/\/candas365.es\/noticias\/vistete-de-moda-en-tu-promocion\/#listItem","position":3,"name":"V\u00edstete de moda en tu promoci\u00f3n","previousItem":{"@type":"ListItem","@id":"https:\/\/candas365.es\/noticias\/category\/revista\/#listItem","name":"Revista"}}]},{"@type":"NewsArticle","@id":"https:\/\/candas365.es\/noticias\/vistete-de-moda-en-tu-promocion\/#newsarticle","name":"V\u00edstete de moda en tu promoci\u00f3n | Cand\u00e1s 365","headline":"V\u00edstete de moda en tu promoci\u00f3n","author":{"@id":"https:\/\/candas365.es\/noticias\/author\/admin\/#author"},"publisher":{"@id":"https:\/\/candas365.es\/noticias\/#organization"},"image":{"@type":"ImageObject","url":"https:\/\/candas365.es\/noticias\/wp-content\/uploads\/2021\/01\/moda-1.jpg","width":1046,"height":693},"datePublished":"2021-01-15T09:53:16+01:00","dateModified":"2021-01-15T09:53:16+01:00","inLanguage":"es-ES","mainEntityOfPage":{"@id":"https:\/\/candas365.es\/noticias\/vistete-de-moda-en-tu-promocion\/#webpage"},"isPartOf":{"@id":"https:\/\/candas365.es\/noticias\/vistete-de-moda-en-tu-promocion\/#webpage"},"articleSection":"Revista","dateline":"Publicado el enero 15, 2021."},{"@type":"Organization","@id":"https:\/\/candas365.es\/noticias\/#organization","name":"Cand\u00e1s 365","description":"Cand\u00e1s 365 es un diario digital independiente, fundado en 2012, con base en Asturias. Informamos con rigor sobre actualidad, sociedad, cultura y ocio, con una mirada local y global.","url":"https:\/\/candas365.es\/noticias\/","email":"info@candas365.es","telephone":"+34652131393","foundingDate":"2012-06-10","logo":{"@type":"ImageObject","url":"https:\/\/candas365.es\/noticias\/wp-content\/uploads\/2024\/09\/Candas-365-Redes.jpg","@id":"https:\/\/candas365.es\/noticias\/vistete-de-moda-en-tu-promocion\/#organizationLogo","width":1152,"height":864,"caption":"Cand\u00e1s 365 Redes"},"image":{"@id":"https:\/\/candas365.es\/noticias\/vistete-de-moda-en-tu-promocion\/#organizationLogo"},"sameAs":["https:\/\/www.facebook.com\/Nachofdezber","https:\/\/x.com\/NabercoDigital","https:\/\/www.instagram.com\/nachofdezber\/","https:\/\/www.youtube.com\/channel\/UCZP-2wLEB9Rv6erhFmqVnvg"],"address":{"@id":"https:\/\/candas365.es\/noticias\/#postaladdress","@type":"PostalAddress","streetAddress":"san antonio 4, san antonio 4","postalCode":"33430","addressLocality":"Cand\u00e1s","addressRegion":"Asturias","addressCountry":"ES"}},{"@type":"Person","@id":"https:\/\/candas365.es\/noticias\/author\/admin\/#author","url":"https:\/\/candas365.es\/noticias\/author\/admin\/","name":"Cand\u00e1s 365","image":{"@type":"ImageObject","@id":"https:\/\/candas365.es\/noticias\/vistete-de-moda-en-tu-promocion\/#authorImage","url":"https:\/\/secure.gravatar.com\/avatar\/496a8e03d0c493ede1718b7934145dbdf8d89be1036b0eec9544e1094c9de390?s=96&d=mm&r=g","width":96,"height":96,"caption":"Cand\u00e1s 365"},"sameAs":["https:\/\/www.facebook.com\/carrenoactualidad","https:\/\/twitter.com\/nbasturias","https:\/\/www.instagram.com\/nachofdezber\/","https:\/\/www.youtube.com\/channel\/UCZP-2wLEB9Rv6erhFmqVnvg"]},{"@type":"WebPage","@id":"https:\/\/candas365.es\/noticias\/vistete-de-moda-en-tu-promocion\/#webpage","url":"https:\/\/candas365.es\/noticias\/vistete-de-moda-en-tu-promocion\/","name":"V\u00edstete de moda en tu promoci\u00f3n | Cand\u00e1s 365","description":"Aunque la pandemia ha ocasionado una paralizaci\u00f3n de las actividades presenciales acad\u00e9micas, miles de estudiantes siguen gradu\u00e1ndose. Esta segunda ola de coronavirus no tiene que arruinar tu fiesta de promoci\u00f3n, mucho menos el sue\u00f1o de vestir el traje ideal para este d\u00eda. Conoce aqu\u00ed c\u00f3mo elegir un vestido de moda y adecuado para lucir en","inLanguage":"es-ES","isPartOf":{"@id":"https:\/\/candas365.es\/noticias\/#website"},"breadcrumb":{"@id":"https:\/\/candas365.es\/noticias\/vistete-de-moda-en-tu-promocion\/#breadcrumblist"},"author":{"@id":"https:\/\/candas365.es\/noticias\/author\/admin\/#author"},"creator":{"@id":"https:\/\/candas365.es\/noticias\/author\/admin\/#author"},"image":{"@type":"ImageObject","url":"https:\/\/candas365.es\/noticias\/wp-content\/uploads\/2021\/01\/moda-1.jpg","@id":"https:\/\/candas365.es\/noticias\/vistete-de-moda-en-tu-promocion\/#mainImage","width":1046,"height":693},"primaryImageOfPage":{"@id":"https:\/\/candas365.es\/noticias\/vistete-de-moda-en-tu-promocion\/#mainImage"},"datePublished":"2021-01-15T09:53:16+01:00","dateModified":"2021-01-15T09:53:16+01:00"},{"@type":"WebSite","@id":"https:\/\/candas365.es\/noticias\/#website","url":"https:\/\/candas365.es\/noticias\/","name":"Cand\u00e1s 365","alternateName":"Cand\u00e1s 365 Noticias","description":"Actualidad desde Carre\u00f1o para el mundo","inLanguage":"es-ES","publisher":{"@id":"https:\/\/candas365.es\/noticias\/#organization"}}]},"og:locale":"es_ES","og:site_name":"Cand\u00e1s 365","og:type":"article","og:title":"V\u00edstete de moda en tu promoci\u00f3n | Cand\u00e1s 365","og:description":"Aunque la pandemia ha ocasionado una paralizaci\u00f3n de las actividades presenciales acad\u00e9micas, miles de estudiantes siguen gradu\u00e1ndose. Esta segunda ola de coronavirus no tiene que arruinar tu fiesta de promoci\u00f3n, mucho menos el sue\u00f1o de vestir el traje ideal para este d\u00eda. Conoce aqu\u00ed c\u00f3mo elegir un vestido de moda y adecuado para lucir en","og:url":"https:\/\/candas365.es\/noticias\/vistete-de-moda-en-tu-promocion\/","og:image":"https:\/\/candas365.es\/noticias\/wp-content\/uploads\/2021\/01\/moda-1.jpg","og:image:secure_url":"https:\/\/candas365.es\/noticias\/wp-content\/uploads\/2021\/01\/moda-1.jpg","og:image:width":1046,"og:image:height":693,"article:published_time":"2021-01-15T09:53:16+00:00","article:modified_time":"2021-01-15T09:53:16+00:00","article:publisher":"https:\/\/www.facebook.com\/Nachofdezber","article:author":"https:\/\/www.facebook.com\/carrenoactualidad","twitter:card":"summary_large_image","twitter:site":"@NabercoDigital","twitter:title":"V\u00edstete de moda en tu promoci\u00f3n | Cand\u00e1s 365","twitter:description":"Aunque la pandemia ha ocasionado una paralizaci\u00f3n de las actividades presenciales acad\u00e9micas, miles de estudiantes siguen gradu\u00e1ndose. Esta segunda ola de coronavirus no tiene que arruinar tu fiesta de promoci\u00f3n, mucho menos el sue\u00f1o de vestir el traje ideal para este d\u00eda. Conoce aqu\u00ed c\u00f3mo elegir un vestido de moda y adecuado para lucir en","twitter:creator":"@nbasturias","twitter:image":"https:\/\/candas365.es\/noticias\/wp-content\/uploads\/2021\/01\/moda-1.jpg","twitter:label1":"Escrito por","twitter:data1":"Cand\u00e1s 365","twitter:label2":"Tiempo de lectura estimado","twitter:data2":"4 minutos"},"aioseo_meta_data":{"post_id":"150997","title":null,"description":null,"keywords":null,"keyphrases":null,"primary_term":null,"canonical_url":null,"og_title":null,"og_description":null,"og_object_type":"default","og_image_type":"default","og_image_url":null,"og_image_width":null,"og_image_height":null,"og_image_custom_url":null,"og_image_custom_fields":null,"og_video":null,"og_custom_url":null,"og_article_section":null,"og_article_tags":null,"twitter_use_og":false,"twitter_card":"default","twitter_image_type":"default","twitter_image_url":null,"twitter_image_custom_url":null,"twitter_image_custom_fields":null,"twitter_title":null,"twitter_description":null,"schema":{"blockGraphs":[],"customGraphs":[],"default":{"data":{"Article":[],"Course":[],"Dataset":[],"FAQPage":[],"Movie":[],"Person":[],"Product":[],"ProductReview":[],"Car":[],"Recipe":[],"Service":[],"SoftwareApplication":[],"WebPage":[]},"graphName":"","isEnabled":true},"graphs":[]},"schema_type":null,"schema_type_options":null,"pillar_content":false,"robots_default":true,"robots_noindex":false,"robots_noarchive":false,"robots_nosnippet":false,"robots_nofollow":false,"robots_noimageindex":false,"robots_noodp":false,"robots_notranslate":false,"robots_max_snippet":null,"robots_max_videopreview":null,"robots_max_imagepreview":"large","priority":null,"frequency":null,"location":null,"local_seo":null,"seo_analyzer_scan_date":"2025-08-31 16:44:10","breadcrumb_settings":null,"limit_modified_date":false,"reviewed_by":null,"open_ai":null,"ai":null,"created":"2021-01-27 13:51:06","updated":"2025-08-31 16:44:10"},"aioseo_breadcrumb":"<div class=\"aioseo-breadcrumbs\"><span class=\"aioseo-breadcrumb\">\n\t<a href=\"https:\/\/candas365.es\/noticias\" title=\"Home\">Home<\/a>\n<\/span><span class=\"aioseo-breadcrumb-separator\">&ndash;<\/span><span class=\"aioseo-breadcrumb\">\n\t<a href=\"https:\/\/candas365.es\/noticias\/category\/revista\/\" title=\"Revista\">Revista<\/a>\n<\/span><span class=\"aioseo-breadcrumb-separator\">&ndash;<\/span><span class=\"aioseo-breadcrumb\">\n\tV\u00edstete de moda en tu promoci\u00f3n\n<\/span><\/div>","aioseo_breadcrumb_json":[{"label":"Home","link":"https:\/\/candas365.es\/noticias"},{"label":"Revista","link":"https:\/\/candas365.es\/noticias\/category\/revista\/"},{"label":"V\u00edstete de moda en tu promoci\u00f3n","link":"https:\/\/candas365.es\/noticias\/vistete-de-moda-en-tu-promocion\/"}],"_links":{"self":[{"href":"https:\/\/candas365.es\/noticias\/wp-json\/wp\/v2\/posts\/150997","targetHints":{"allow":["GET"]}}],"collection":[{"href":"https:\/\/candas365.es\/noticias\/wp-json\/wp\/v2\/posts"}],"about":[{"href":"https:\/\/candas365.es\/noticias\/wp-json\/wp\/v2\/types\/post"}],"author":[{"embeddable":true,"href":"https:\/\/candas365.es\/noticias\/wp-json\/wp\/v2\/users\/1"}],"replies":[{"embeddable":true,"href":"https:\/\/candas365.es\/noticias\/wp-json\/wp\/v2\/comments?post=150997"}],"version-history":[{"count":0,"href":"https:\/\/candas365.es\/noticias\/wp-json\/wp\/v2\/posts\/150997\/revisions"}],"wp:featuredmedia":[{"embeddable":true,"href":"https:\/\/candas365.es\/noticias\/wp-json\/wp\/v2\/media\/150998"}],"wp:attachment":[{"href":"https:\/\/candas365.es\/noticias\/wp-json\/wp\/v2\/media?parent=150997"}],"wp:term":[{"taxonomy":"category","embeddable":true,"href":"https:\/\/candas365.es\/noticias\/wp-json\/wp\/v2\/categories?post=150997"},{"taxonomy":"post_tag","embeddable":true,"href":"https:\/\/candas365.es\/noticias\/wp-json\/wp\/v2\/tags?post=150997"}],"curies":[{"name":"wp","href":"https:\/\/api.w.org\/{rel}","templated":true}]}}