{"id":150989,"date":"2021-01-14T10:40:17","date_gmt":"2021-01-14T10:40:17","guid":{"rendered":"http:\/\/candas365.es\/noticias\/?p=150989"},"modified":"2021-01-14T10:40:17","modified_gmt":"2021-01-14T10:40:17","slug":"laporta-cancelar-las-elecciones-lo-entenderia-como-un-fraude-a-la-democracia","status":"publish","type":"post","link":"https:\/\/candas365.es\/noticias\/laporta-cancelar-las-elecciones-lo-entenderia-como-un-fraude-a-la-democracia\/","title":{"rendered":"Laporta: \u00abCancelar las elecciones lo entender\u00eda como un fraude a la democracia\u00bb"},"content":{"rendered":"<figure id=\"attachment_150990\" aria-describedby=\"caption-attachment-150990\" style=\"width: 360px\" class=\"wp-caption alignleft\"><img fetchpriority=\"high\" decoding=\"async\" class=\"size-medium wp-image-150990\" src=\"https:\/\/candas365.es\/noticias\/wp-content\/uploads\/2021\/01\/Laporta-360x258.jpg\" alt=\"\" width=\"360\" height=\"258\" srcset=\"https:\/\/candas365.es\/noticias\/wp-content\/uploads\/2021\/01\/Laporta-360x258.jpg 360w, https:\/\/candas365.es\/noticias\/wp-content\/uploads\/2021\/01\/Laporta-650x465.jpg 650w, https:\/\/candas365.es\/noticias\/wp-content\/uploads\/2021\/01\/Laporta-768x550.jpg 768w, https:\/\/candas365.es\/noticias\/wp-content\/uploads\/2021\/01\/Laporta.jpg 869w\" sizes=\"(max-width: 360px) 100vw, 360px\" \/><figcaption id=\"caption-attachment-150990\" class=\"wp-caption-text\">Foto: &#8216;ESTIMEM EL BAR\u00c7A&#8217; \/ Europa Press<\/figcaption><\/figure>\n<p>(EP) &#8211; El precandidato a la presidencia del FC Barcelona Joan Laporta ha asegurado que ser\u00eda un \u00abfraude a la democracia\u00bb que la Generalitat no autorizara llevar a cabo las elecciones del club blaugrana, previstas para el 24 de enero, y reitera que si se siguen los protocolos y medidas sanitarias no hay \u00abrazones objetivas\u00bb para no votar.<\/p>\n<p>\u00abNuestro esp\u00edritu es el de colaborar con las autoridades siempre, pero vaya, cancelarlas lo entender\u00eda como un fraude a la democracia. No veo que haya razones objetivos de ning\u00fan tipo para suspender las elecciones. La Generalitat no debe intervenir en las elecciones del Bar\u00e7a, somos una entidad privada\u00bb, asegur\u00f3 en rueda de prensa.<\/p>\n<p>Adem\u00e1s, cree que todos los precandidatos deber\u00edan coincidir en la necesidad de llevar a cabo estos comicios cuanto antes mejor. Lo cierto es que V\u00edctor Font opina igual, pero recalca la necesidad de dar seguridad al socio, y Emili Rousaud se muestra partidario de cancelarlas. El otro precandidato, Toni Freixa, asegura que respetar\u00e1n la decisi\u00f3n tomada por el club pero pide garantizar la m\u00e1xima participaci\u00f3n.<\/p>\n<p>\u00abDefendemos los intereses del Bar\u00e7a y aqu\u00ed deber\u00edamos coincidir todos los precandidatos. Lo que interesa es que este desgobierno acabe, y se puedan tomar decisiones en el mercado, en el terreno deportivo. Pero no me meto en lo que hagan las otras precandidaturas, pero al Bar\u00e7a le conviene tener ya un presidente que tome decisiones\u00bb, reiter\u00f3 Laporta.<\/p>\n<p>\u00abSoy optimista y pienso que se confirmar\u00e1 la fecha de las elecciones del Bar\u00e7a. Depende de la Gestora, y ya fij\u00f3 esta fecha. La Generalitat en ning\u00fan momento ha dicho que vaya a entrometerse en las elecciones del Bar\u00e7a. Lo \u00fanico ser\u00edan las restricciones de movilidad, pero con el certificado y el carn\u00e9 del Bar\u00e7a deber\u00eda bastar\u00bb, reiter\u00f3, como dej\u00f3 claro el martes en otra comparecencia.<\/p>\n<h2>PRESENTA SU \u00c1REA ECON\u00d3MICA<\/h2>\n<p>Por otro lado, el expresidente y todav\u00eda precandidato &#8211;a falta del recuento oficial de firmas&#8211; present\u00f3 su \u00e1rea econ\u00f3mica, con dos objetivos claros. \u00abUno es garantizar la sostenibilidad econ\u00f3mica del club, y por encima de todo, mantener el modelo propietario que tiene el club, que sea de los socios y socias. Este doble objetivo nos inspira, y con el que esperamos gobernar el Bar\u00e7a, que es m\u00e1s que un club, es un sentimiento, y es m\u00e1s que una empresa\u00bb, manifest\u00f3.<\/p>\n<p>\u00abEste reto se consigue remando todos en la misma direcci\u00f3n, haciendo que el barcelonismo sea consciente de lo que tiene entre manos. Ya lo hicimos posible y lo volveremos a hacer. En esta candidatura los grandes retos motivan, nos hacen dar lo mejor. Nos esforzaremos, siendo conscientes de lo que hay\u00bb, a\u00f1adi\u00f3.<\/p>\n<p>Para Laporta, es \u00aburgente\u00bb la implementaci\u00f3n de medidas para reducir la deuda, el control de gastos y el incremento de ingresos. \u00abTenemos un plan de acci\u00f3n detallado, enfocado a reducir la deuda y aprovechar las oportunidades de mercado, controlar gastos, y lo haremos con un liderazgo fuerte y potente. A revertir esto se tendr\u00eda que haber empezado ayer, mucho antes, no puede haber este desgobierno que nos lleve a una situaci\u00f3n irreversible\u00bb, reiter\u00f3.<\/p>\n<p>\u00abEstas medidas nos llevar\u00e1n a ser grandes, otra vez referencia. Si somos muy competitivos deportivamente, ganar tambi\u00e9n ayuda a la situaci\u00f3n econ\u00f3mica\u00bb, manifest\u00f3 un Laporta que dibuj\u00f3 un escenario econ\u00f3mico distinto al dejado por la Junta de Bartomeu. \u00abLa Junta saliente hizo una previsi\u00f3n de ingresos de 791 millones con la hip\u00f3tesis de que el p\u00fablico volv\u00eda al estadio, en febrero, y esto no se cumple. Nosotros tenemos nuestras proyecciones, y el impacto de no tener asistencia al estadio es enorme, negativo. Calculamos que ser\u00e1 un 15 por ciento menos de ingresos de lo previsto, con unos 650 millones de ingresos aproximadamente\u00bb, aport\u00f3.<\/p>\n<p>Y se despach\u00f3 con la \u00abobsesi\u00f3n\u00bb de la anterior Junta de llegar a los 1.000 millones de ingresos. \u00abHago referencia a la empresa, al &#8216;m\u00e1s que una empresa&#8217; que es el Bar\u00e7a de los 1.000 millones, prevemos ingresar el 65 por ciento de esos 1.000 millones en la temporada 2021\/22. No nos pasar\u00e1 el tener ciertas obsesiones, como la obsesi\u00f3n de facturar 1.000 millones. La ambici\u00f3n es buena pero tiene riesgos, y no nos pasar\u00e1 la maldici\u00f3n de la riqueza sobrevenida\u00bb, desgran\u00f3.<\/p>\n<p>Por otro lado, quiere sacar m\u00e1s jugo del conocido como &#8216;Bar\u00e7a Corporate&#8217; (que incluye Bar\u00e7a Studios, Innovation Hub, merchandising y Bar\u00e7a Academy). \u00abSe debe optimizar todav\u00eda, son b\u00e1sicas como nuevas fuentes de ingresos. Pero no malvenderemos activos pensando en el corto plazo, pensaremos en beneficios a largo plazo\u00bb, aport\u00f3.<\/p>\n<p>Nuevas fuentes de ingreso que vendr\u00edan de la emisi\u00f3n de bonos a seguidores y a inversores, a meterse de lleno en el mundo de los eSports y eGames, a dar m\u00e1s poder y mejor cuidados a los patrocinadores (conf\u00eda en aumentar en 250 millones de euros esta partido de aqu\u00ed a tres a\u00f1os) o a crear los &#8216;Bar\u00e7a Experience Centre&#8217;.<\/p>\n<p>\u00abQueremos acercar f\u00edsicamente el club al mundo y a los millones de seguidores del Bar\u00e7a. La universalizaci\u00f3n no puede ser \u00fanicamente por redes, tendremos &#8216;Bar\u00e7a Experience Centre&#8217; en varias ciudades capitales mundiales. Tendr\u00edan salas polivalentes, con zonas &#8216;gaming&#8217;, ventas de merchandising, restauraci\u00f3n o museos virtuales del club. Centros tecnol\u00f3gicos pioneros, de unos 5 millones de euros cada centro, pero creemos que ser\u00eda financiable sin coste para la entidad por el poder de la marca Bar\u00e7a\u00bb, explic\u00f3 \u00c0lex Barbany, miembro de la precandidatura.<\/p>\n<p>&nbsp;<\/p>\n","protected":false},"excerpt":{"rendered":"<p>(EP) &#8211; El precandidato a la presidencia del FC Barcelona Joan Laporta ha asegurado que ser\u00eda un \u00abfraude a la democracia\u00bb que la Generalitat no autorizara llevar a cabo las elecciones del club blaugrana, previstas para el 24 de enero, y reitera que si se siguen los protocolos y medidas sanitarias no hay \u00abrazones objetivas\u00bb<\/p>\n","protected":false},"author":1,"featured_media":150990,"comment_status":"closed","ping_status":"closed","sticky":false,"template":"","format":"standard","meta":{"footnotes":""},"categories":[319],"tags":[],"class_list":{"0":"post-150989","1":"post","2":"type-post","3":"status-publish","4":"format-standard","5":"has-post-thumbnail","7":"category-deporte"},"aioseo_notices":[],"aioseo_head":"\n\t\t<!-- All in One SEO Pro 4.9.6.2 - aioseo.com -->\n\t<meta name=\"description\" content=\"(EP) - El precandidato a la presidencia del FC Barcelona Joan Laporta ha asegurado que ser\u00eda un &quot;fraude a la democracia&quot; que la Generalitat no autorizara llevar a cabo las elecciones del club blaugrana, previstas para el 24 de enero, y reitera que si se siguen los protocolos y medidas sanitarias no hay &quot;razones objetivas&quot;\" \/>\n\t<meta name=\"robots\" content=\"max-image-preview:large\" \/>\n\t<meta name=\"author\" content=\"Cand\u00e1s 365\"\/>\n\t<meta name=\"google-site-verification\" content=\"UA-32230408-1\" \/>\n\t<meta name=\"msvalidate.01\" content=\"354F3CDFB2DA171B47FBE9ABF1F88D5\" \/>\n\t<meta name=\"keywords\" content=\"deporte\" \/>\n\t<link rel=\"canonical\" href=\"https:\/\/candas365.es\/noticias\/laporta-cancelar-las-elecciones-lo-entenderia-como-un-fraude-a-la-democracia\/\" \/>\n\t<meta name=\"generator\" content=\"All in One SEO Pro (AIOSEO) 4.9.6.2\" \/>\n\t\t<meta property=\"og:locale\" content=\"es_ES\" \/>\n\t\t<meta property=\"og:site_name\" content=\"Cand\u00e1s 365\" \/>\n\t\t<meta property=\"og:type\" content=\"article\" \/>\n\t\t<meta property=\"og:title\" content=\"Laporta: \u00abCancelar las elecciones lo entender\u00eda como un fraude a la democracia\u00bb | Cand\u00e1s 365\" \/>\n\t\t<meta property=\"og:description\" content=\"(EP) - El precandidato a la presidencia del FC Barcelona Joan Laporta ha asegurado que ser\u00eda un &quot;fraude a la democracia&quot; que la Generalitat no autorizara llevar a cabo las elecciones del club blaugrana, previstas para el 24 de enero, y reitera que si se siguen los protocolos y medidas sanitarias no hay &quot;razones objetivas&quot;\" \/>\n\t\t<meta property=\"og:url\" content=\"https:\/\/candas365.es\/noticias\/laporta-cancelar-las-elecciones-lo-entenderia-como-un-fraude-a-la-democracia\/\" \/>\n\t\t<meta property=\"og:image\" content=\"https:\/\/candas365.es\/noticias\/wp-content\/uploads\/2021\/01\/Laporta.jpg\" \/>\n\t\t<meta property=\"og:image:secure_url\" content=\"https:\/\/candas365.es\/noticias\/wp-content\/uploads\/2021\/01\/Laporta.jpg\" \/>\n\t\t<meta property=\"og:image:width\" content=\"869\" \/>\n\t\t<meta property=\"og:image:height\" content=\"622\" \/>\n\t\t<meta property=\"article:published_time\" content=\"2021-01-14T10:40:17+00:00\" \/>\n\t\t<meta property=\"article:modified_time\" content=\"2021-01-14T10:40:17+00:00\" \/>\n\t\t<meta property=\"article:publisher\" content=\"https:\/\/www.facebook.com\/Nachofdezber\" \/>\n\t\t<meta property=\"article:author\" content=\"https:\/\/www.facebook.com\/carrenoactualidad\" \/>\n\t\t<meta name=\"twitter:card\" content=\"summary_large_image\" \/>\n\t\t<meta name=\"twitter:site\" content=\"@NabercoDigital\" \/>\n\t\t<meta name=\"twitter:title\" content=\"Laporta: \u00abCancelar las elecciones lo entender\u00eda como un fraude a la democracia\u00bb | Cand\u00e1s 365\" \/>\n\t\t<meta name=\"twitter:description\" content=\"(EP) - El precandidato a la presidencia del FC Barcelona Joan Laporta ha asegurado que ser\u00eda un &quot;fraude a la democracia&quot; que la Generalitat no autorizara llevar a cabo las elecciones del club blaugrana, previstas para el 24 de enero, y reitera que si se siguen los protocolos y medidas sanitarias no hay &quot;razones objetivas&quot;\" \/>\n\t\t<meta name=\"twitter:creator\" content=\"@nbasturias\" \/>\n\t\t<meta name=\"twitter:image\" content=\"https:\/\/candas365.es\/noticias\/wp-content\/uploads\/2021\/01\/Laporta.jpg\" \/>\n\t\t<meta name=\"twitter:label1\" content=\"Escrito por\" \/>\n\t\t<meta name=\"twitter:data1\" content=\"Cand\u00e1s 365\" \/>\n\t\t<meta name=\"twitter:label2\" content=\"Tiempo de lectura estimado\" \/>\n\t\t<meta name=\"twitter:data2\" content=\"5 minutos\" \/>\n\t\t<script type=\"application\/ld+json\" class=\"aioseo-schema\">\n\t\t\t{\"@context\":\"https:\\\/\\\/schema.org\",\"@graph\":[{\"@type\":\"BreadcrumbList\",\"@id\":\"https:\\\/\\\/candas365.es\\\/noticias\\\/laporta-cancelar-las-elecciones-lo-entenderia-como-un-fraude-a-la-democracia\\\/#breadcrumblist\",\"itemListElement\":[{\"@type\":\"ListItem\",\"@id\":\"https:\\\/\\\/candas365.es\\\/noticias#listItem\",\"position\":1,\"name\":\"Home\",\"item\":\"https:\\\/\\\/candas365.es\\\/noticias\",\"nextItem\":{\"@type\":\"ListItem\",\"@id\":\"https:\\\/\\\/candas365.es\\\/noticias\\\/category\\\/deporte\\\/#listItem\",\"name\":\"Deporte\"}},{\"@type\":\"ListItem\",\"@id\":\"https:\\\/\\\/candas365.es\\\/noticias\\\/category\\\/deporte\\\/#listItem\",\"position\":2,\"name\":\"Deporte\",\"item\":\"https:\\\/\\\/candas365.es\\\/noticias\\\/category\\\/deporte\\\/\",\"nextItem\":{\"@type\":\"ListItem\",\"@id\":\"https:\\\/\\\/candas365.es\\\/noticias\\\/laporta-cancelar-las-elecciones-lo-entenderia-como-un-fraude-a-la-democracia\\\/#listItem\",\"name\":\"Laporta: \\u00abCancelar las elecciones lo entender\\u00eda como un fraude a la democracia\\u00bb\"},\"previousItem\":{\"@type\":\"ListItem\",\"@id\":\"https:\\\/\\\/candas365.es\\\/noticias#listItem\",\"name\":\"Home\"}},{\"@type\":\"ListItem\",\"@id\":\"https:\\\/\\\/candas365.es\\\/noticias\\\/laporta-cancelar-las-elecciones-lo-entenderia-como-un-fraude-a-la-democracia\\\/#listItem\",\"position\":3,\"name\":\"Laporta: \\u00abCancelar las elecciones lo entender\\u00eda como un fraude a la democracia\\u00bb\",\"previousItem\":{\"@type\":\"ListItem\",\"@id\":\"https:\\\/\\\/candas365.es\\\/noticias\\\/category\\\/deporte\\\/#listItem\",\"name\":\"Deporte\"}}]},{\"@type\":\"NewsArticle\",\"@id\":\"https:\\\/\\\/candas365.es\\\/noticias\\\/laporta-cancelar-las-elecciones-lo-entenderia-como-un-fraude-a-la-democracia\\\/#newsarticle\",\"name\":\"Laporta: \\u00abCancelar las elecciones lo entender\\u00eda como un fraude a la democracia\\u00bb | Cand\\u00e1s 365\",\"headline\":\"Laporta: \\u00abCancelar las elecciones lo entender\\u00eda como un fraude a la democracia\\u00bb\",\"author\":{\"@id\":\"https:\\\/\\\/candas365.es\\\/noticias\\\/author\\\/admin\\\/#author\"},\"publisher\":{\"@id\":\"https:\\\/\\\/candas365.es\\\/noticias\\\/#organization\"},\"image\":{\"@type\":\"ImageObject\",\"url\":\"https:\\\/\\\/candas365.es\\\/noticias\\\/wp-content\\\/uploads\\\/2021\\\/01\\\/Laporta.jpg\",\"width\":869,\"height\":622,\"caption\":\"Foto: 'ESTIMEM EL BAR\\u00c7A' \\\/ Europa Press\"},\"datePublished\":\"2021-01-14T10:40:17+01:00\",\"dateModified\":\"2021-01-14T10:40:17+01:00\",\"inLanguage\":\"es-ES\",\"mainEntityOfPage\":{\"@id\":\"https:\\\/\\\/candas365.es\\\/noticias\\\/laporta-cancelar-las-elecciones-lo-entenderia-como-un-fraude-a-la-democracia\\\/#webpage\"},\"isPartOf\":{\"@id\":\"https:\\\/\\\/candas365.es\\\/noticias\\\/laporta-cancelar-las-elecciones-lo-entenderia-como-un-fraude-a-la-democracia\\\/#webpage\"},\"articleSection\":\"Deporte\",\"dateline\":\"Publicado el enero 14, 2021.\"},{\"@type\":\"Organization\",\"@id\":\"https:\\\/\\\/candas365.es\\\/noticias\\\/#organization\",\"name\":\"Cand\\u00e1s 365\",\"description\":\"Cand\\u00e1s 365 es un diario digital independiente, fundado en 2012, con base en Asturias. Informamos con rigor sobre actualidad, sociedad, cultura y ocio, con una mirada local y global.\",\"url\":\"https:\\\/\\\/candas365.es\\\/noticias\\\/\",\"email\":\"info@candas365.es\",\"telephone\":\"+34652131393\",\"foundingDate\":\"2012-06-10\",\"logo\":{\"@type\":\"ImageObject\",\"url\":\"https:\\\/\\\/candas365.es\\\/noticias\\\/wp-content\\\/uploads\\\/2024\\\/09\\\/Candas-365-Redes.jpg\",\"@id\":\"https:\\\/\\\/candas365.es\\\/noticias\\\/laporta-cancelar-las-elecciones-lo-entenderia-como-un-fraude-a-la-democracia\\\/#organizationLogo\",\"width\":1152,\"height\":864,\"caption\":\"Cand\\u00e1s 365 Redes\"},\"image\":{\"@id\":\"https:\\\/\\\/candas365.es\\\/noticias\\\/laporta-cancelar-las-elecciones-lo-entenderia-como-un-fraude-a-la-democracia\\\/#organizationLogo\"},\"sameAs\":[\"https:\\\/\\\/www.facebook.com\\\/Nachofdezber\",\"https:\\\/\\\/x.com\\\/NabercoDigital\",\"https:\\\/\\\/www.instagram.com\\\/nachofdezber\\\/\",\"https:\\\/\\\/www.youtube.com\\\/channel\\\/UCZP-2wLEB9Rv6erhFmqVnvg\"],\"address\":{\"@id\":\"https:\\\/\\\/candas365.es\\\/noticias\\\/#postaladdress\",\"@type\":\"PostalAddress\",\"streetAddress\":\"san antonio 4, san antonio 4\",\"postalCode\":\"33430\",\"addressLocality\":\"Cand\\u00e1s\",\"addressRegion\":\"Asturias\",\"addressCountry\":\"ES\"}},{\"@type\":\"Person\",\"@id\":\"https:\\\/\\\/candas365.es\\\/noticias\\\/author\\\/admin\\\/#author\",\"url\":\"https:\\\/\\\/candas365.es\\\/noticias\\\/author\\\/admin\\\/\",\"name\":\"Cand\\u00e1s 365\",\"image\":{\"@type\":\"ImageObject\",\"@id\":\"https:\\\/\\\/candas365.es\\\/noticias\\\/laporta-cancelar-las-elecciones-lo-entenderia-como-un-fraude-a-la-democracia\\\/#authorImage\",\"url\":\"https:\\\/\\\/secure.gravatar.com\\\/avatar\\\/496a8e03d0c493ede1718b7934145dbdf8d89be1036b0eec9544e1094c9de390?s=96&d=mm&r=g\",\"width\":96,\"height\":96,\"caption\":\"Cand\\u00e1s 365\"},\"sameAs\":[\"https:\\\/\\\/www.facebook.com\\\/carrenoactualidad\",\"https:\\\/\\\/twitter.com\\\/nbasturias\",\"https:\\\/\\\/www.instagram.com\\\/nachofdezber\\\/\",\"https:\\\/\\\/www.youtube.com\\\/channel\\\/UCZP-2wLEB9Rv6erhFmqVnvg\"]},{\"@type\":\"WebPage\",\"@id\":\"https:\\\/\\\/candas365.es\\\/noticias\\\/laporta-cancelar-las-elecciones-lo-entenderia-como-un-fraude-a-la-democracia\\\/#webpage\",\"url\":\"https:\\\/\\\/candas365.es\\\/noticias\\\/laporta-cancelar-las-elecciones-lo-entenderia-como-un-fraude-a-la-democracia\\\/\",\"name\":\"Laporta: \\u00abCancelar las elecciones lo entender\\u00eda como un fraude a la democracia\\u00bb | Cand\\u00e1s 365\",\"description\":\"(EP) - El precandidato a la presidencia del FC Barcelona Joan Laporta ha asegurado que ser\\u00eda un \\\"fraude a la democracia\\\" que la Generalitat no autorizara llevar a cabo las elecciones del club blaugrana, previstas para el 24 de enero, y reitera que si se siguen los protocolos y medidas sanitarias no hay \\\"razones objetivas\\\"\",\"inLanguage\":\"es-ES\",\"isPartOf\":{\"@id\":\"https:\\\/\\\/candas365.es\\\/noticias\\\/#website\"},\"breadcrumb\":{\"@id\":\"https:\\\/\\\/candas365.es\\\/noticias\\\/laporta-cancelar-las-elecciones-lo-entenderia-como-un-fraude-a-la-democracia\\\/#breadcrumblist\"},\"author\":{\"@id\":\"https:\\\/\\\/candas365.es\\\/noticias\\\/author\\\/admin\\\/#author\"},\"creator\":{\"@id\":\"https:\\\/\\\/candas365.es\\\/noticias\\\/author\\\/admin\\\/#author\"},\"image\":{\"@type\":\"ImageObject\",\"url\":\"https:\\\/\\\/candas365.es\\\/noticias\\\/wp-content\\\/uploads\\\/2021\\\/01\\\/Laporta.jpg\",\"@id\":\"https:\\\/\\\/candas365.es\\\/noticias\\\/laporta-cancelar-las-elecciones-lo-entenderia-como-un-fraude-a-la-democracia\\\/#mainImage\",\"width\":869,\"height\":622,\"caption\":\"Foto: 'ESTIMEM EL BAR\\u00c7A' \\\/ Europa Press\"},\"primaryImageOfPage\":{\"@id\":\"https:\\\/\\\/candas365.es\\\/noticias\\\/laporta-cancelar-las-elecciones-lo-entenderia-como-un-fraude-a-la-democracia\\\/#mainImage\"},\"datePublished\":\"2021-01-14T10:40:17+01:00\",\"dateModified\":\"2021-01-14T10:40:17+01:00\"},{\"@type\":\"WebSite\",\"@id\":\"https:\\\/\\\/candas365.es\\\/noticias\\\/#website\",\"url\":\"https:\\\/\\\/candas365.es\\\/noticias\\\/\",\"name\":\"Cand\\u00e1s 365\",\"alternateName\":\"Cand\\u00e1s 365 Noticias\",\"description\":\"Actualidad desde Carre\\u00f1o para el mundo\",\"inLanguage\":\"es-ES\",\"publisher\":{\"@id\":\"https:\\\/\\\/candas365.es\\\/noticias\\\/#organization\"}}]}\n\t\t<\/script>\n\t\t<!-- All in One SEO Pro -->\r\n\t\t<title>Laporta: \u00abCancelar las elecciones lo entender\u00eda como un fraude a la democracia\u00bb | Cand\u00e1s 365<\/title>\n\n","aioseo_head_json":{"title":"Laporta: \u00abCancelar las elecciones lo entender\u00eda como un fraude a la democracia\u00bb | Cand\u00e1s 365","description":"(EP) - El precandidato a la presidencia del FC Barcelona Joan Laporta ha asegurado que ser\u00eda un \"fraude a la democracia\" que la Generalitat no autorizara llevar a cabo las elecciones del club blaugrana, previstas para el 24 de enero, y reitera que si se siguen los protocolos y medidas sanitarias no hay \"razones objetivas\"","canonical_url":"https:\/\/candas365.es\/noticias\/laporta-cancelar-las-elecciones-lo-entenderia-como-un-fraude-a-la-democracia\/","robots":"max-image-preview:large","keywords":"deporte","webmasterTools":{"google-site-verification":"UA-32230408-1","msvalidate.01":"354F3CDFB2DA171B47FBE9ABF1F88D5","miscellaneous":""},"schema":{"@context":"https:\/\/schema.org","@graph":[{"@type":"BreadcrumbList","@id":"https:\/\/candas365.es\/noticias\/laporta-cancelar-las-elecciones-lo-entenderia-como-un-fraude-a-la-democracia\/#breadcrumblist","itemListElement":[{"@type":"ListItem","@id":"https:\/\/candas365.es\/noticias#listItem","position":1,"name":"Home","item":"https:\/\/candas365.es\/noticias","nextItem":{"@type":"ListItem","@id":"https:\/\/candas365.es\/noticias\/category\/deporte\/#listItem","name":"Deporte"}},{"@type":"ListItem","@id":"https:\/\/candas365.es\/noticias\/category\/deporte\/#listItem","position":2,"name":"Deporte","item":"https:\/\/candas365.es\/noticias\/category\/deporte\/","nextItem":{"@type":"ListItem","@id":"https:\/\/candas365.es\/noticias\/laporta-cancelar-las-elecciones-lo-entenderia-como-un-fraude-a-la-democracia\/#listItem","name":"Laporta: \u00abCancelar las elecciones lo entender\u00eda como un fraude a la democracia\u00bb"},"previousItem":{"@type":"ListItem","@id":"https:\/\/candas365.es\/noticias#listItem","name":"Home"}},{"@type":"ListItem","@id":"https:\/\/candas365.es\/noticias\/laporta-cancelar-las-elecciones-lo-entenderia-como-un-fraude-a-la-democracia\/#listItem","position":3,"name":"Laporta: \u00abCancelar las elecciones lo entender\u00eda como un fraude a la democracia\u00bb","previousItem":{"@type":"ListItem","@id":"https:\/\/candas365.es\/noticias\/category\/deporte\/#listItem","name":"Deporte"}}]},{"@type":"NewsArticle","@id":"https:\/\/candas365.es\/noticias\/laporta-cancelar-las-elecciones-lo-entenderia-como-un-fraude-a-la-democracia\/#newsarticle","name":"Laporta: \u00abCancelar las elecciones lo entender\u00eda como un fraude a la democracia\u00bb | Cand\u00e1s 365","headline":"Laporta: \u00abCancelar las elecciones lo entender\u00eda como un fraude a la democracia\u00bb","author":{"@id":"https:\/\/candas365.es\/noticias\/author\/admin\/#author"},"publisher":{"@id":"https:\/\/candas365.es\/noticias\/#organization"},"image":{"@type":"ImageObject","url":"https:\/\/candas365.es\/noticias\/wp-content\/uploads\/2021\/01\/Laporta.jpg","width":869,"height":622,"caption":"Foto: 'ESTIMEM EL BAR\u00c7A' \/ Europa Press"},"datePublished":"2021-01-14T10:40:17+01:00","dateModified":"2021-01-14T10:40:17+01:00","inLanguage":"es-ES","mainEntityOfPage":{"@id":"https:\/\/candas365.es\/noticias\/laporta-cancelar-las-elecciones-lo-entenderia-como-un-fraude-a-la-democracia\/#webpage"},"isPartOf":{"@id":"https:\/\/candas365.es\/noticias\/laporta-cancelar-las-elecciones-lo-entenderia-como-un-fraude-a-la-democracia\/#webpage"},"articleSection":"Deporte","dateline":"Publicado el enero 14, 2021."},{"@type":"Organization","@id":"https:\/\/candas365.es\/noticias\/#organization","name":"Cand\u00e1s 365","description":"Cand\u00e1s 365 es un diario digital independiente, fundado en 2012, con base en Asturias. Informamos con rigor sobre actualidad, sociedad, cultura y ocio, con una mirada local y global.","url":"https:\/\/candas365.es\/noticias\/","email":"info@candas365.es","telephone":"+34652131393","foundingDate":"2012-06-10","logo":{"@type":"ImageObject","url":"https:\/\/candas365.es\/noticias\/wp-content\/uploads\/2024\/09\/Candas-365-Redes.jpg","@id":"https:\/\/candas365.es\/noticias\/laporta-cancelar-las-elecciones-lo-entenderia-como-un-fraude-a-la-democracia\/#organizationLogo","width":1152,"height":864,"caption":"Cand\u00e1s 365 Redes"},"image":{"@id":"https:\/\/candas365.es\/noticias\/laporta-cancelar-las-elecciones-lo-entenderia-como-un-fraude-a-la-democracia\/#organizationLogo"},"sameAs":["https:\/\/www.facebook.com\/Nachofdezber","https:\/\/x.com\/NabercoDigital","https:\/\/www.instagram.com\/nachofdezber\/","https:\/\/www.youtube.com\/channel\/UCZP-2wLEB9Rv6erhFmqVnvg"],"address":{"@id":"https:\/\/candas365.es\/noticias\/#postaladdress","@type":"PostalAddress","streetAddress":"san antonio 4, san antonio 4","postalCode":"33430","addressLocality":"Cand\u00e1s","addressRegion":"Asturias","addressCountry":"ES"}},{"@type":"Person","@id":"https:\/\/candas365.es\/noticias\/author\/admin\/#author","url":"https:\/\/candas365.es\/noticias\/author\/admin\/","name":"Cand\u00e1s 365","image":{"@type":"ImageObject","@id":"https:\/\/candas365.es\/noticias\/laporta-cancelar-las-elecciones-lo-entenderia-como-un-fraude-a-la-democracia\/#authorImage","url":"https:\/\/secure.gravatar.com\/avatar\/496a8e03d0c493ede1718b7934145dbdf8d89be1036b0eec9544e1094c9de390?s=96&d=mm&r=g","width":96,"height":96,"caption":"Cand\u00e1s 365"},"sameAs":["https:\/\/www.facebook.com\/carrenoactualidad","https:\/\/twitter.com\/nbasturias","https:\/\/www.instagram.com\/nachofdezber\/","https:\/\/www.youtube.com\/channel\/UCZP-2wLEB9Rv6erhFmqVnvg"]},{"@type":"WebPage","@id":"https:\/\/candas365.es\/noticias\/laporta-cancelar-las-elecciones-lo-entenderia-como-un-fraude-a-la-democracia\/#webpage","url":"https:\/\/candas365.es\/noticias\/laporta-cancelar-las-elecciones-lo-entenderia-como-un-fraude-a-la-democracia\/","name":"Laporta: \u00abCancelar las elecciones lo entender\u00eda como un fraude a la democracia\u00bb | Cand\u00e1s 365","description":"(EP) - El precandidato a la presidencia del FC Barcelona Joan Laporta ha asegurado que ser\u00eda un \"fraude a la democracia\" que la Generalitat no autorizara llevar a cabo las elecciones del club blaugrana, previstas para el 24 de enero, y reitera que si se siguen los protocolos y medidas sanitarias no hay \"razones objetivas\"","inLanguage":"es-ES","isPartOf":{"@id":"https:\/\/candas365.es\/noticias\/#website"},"breadcrumb":{"@id":"https:\/\/candas365.es\/noticias\/laporta-cancelar-las-elecciones-lo-entenderia-como-un-fraude-a-la-democracia\/#breadcrumblist"},"author":{"@id":"https:\/\/candas365.es\/noticias\/author\/admin\/#author"},"creator":{"@id":"https:\/\/candas365.es\/noticias\/author\/admin\/#author"},"image":{"@type":"ImageObject","url":"https:\/\/candas365.es\/noticias\/wp-content\/uploads\/2021\/01\/Laporta.jpg","@id":"https:\/\/candas365.es\/noticias\/laporta-cancelar-las-elecciones-lo-entenderia-como-un-fraude-a-la-democracia\/#mainImage","width":869,"height":622,"caption":"Foto: 'ESTIMEM EL BAR\u00c7A' \/ Europa Press"},"primaryImageOfPage":{"@id":"https:\/\/candas365.es\/noticias\/laporta-cancelar-las-elecciones-lo-entenderia-como-un-fraude-a-la-democracia\/#mainImage"},"datePublished":"2021-01-14T10:40:17+01:00","dateModified":"2021-01-14T10:40:17+01:00"},{"@type":"WebSite","@id":"https:\/\/candas365.es\/noticias\/#website","url":"https:\/\/candas365.es\/noticias\/","name":"Cand\u00e1s 365","alternateName":"Cand\u00e1s 365 Noticias","description":"Actualidad desde Carre\u00f1o para el mundo","inLanguage":"es-ES","publisher":{"@id":"https:\/\/candas365.es\/noticias\/#organization"}}]},"og:locale":"es_ES","og:site_name":"Cand\u00e1s 365","og:type":"article","og:title":"Laporta: \u00abCancelar las elecciones lo entender\u00eda como un fraude a la democracia\u00bb | Cand\u00e1s 365","og:description":"(EP) - El precandidato a la presidencia del FC Barcelona Joan Laporta ha asegurado que ser\u00eda un &quot;fraude a la democracia&quot; que la Generalitat no autorizara llevar a cabo las elecciones del club blaugrana, previstas para el 24 de enero, y reitera que si se siguen los protocolos y medidas sanitarias no hay &quot;razones objetivas&quot;","og:url":"https:\/\/candas365.es\/noticias\/laporta-cancelar-las-elecciones-lo-entenderia-como-un-fraude-a-la-democracia\/","og:image":"https:\/\/candas365.es\/noticias\/wp-content\/uploads\/2021\/01\/Laporta.jpg","og:image:secure_url":"https:\/\/candas365.es\/noticias\/wp-content\/uploads\/2021\/01\/Laporta.jpg","og:image:width":869,"og:image:height":622,"article:published_time":"2021-01-14T10:40:17+00:00","article:modified_time":"2021-01-14T10:40:17+00:00","article:publisher":"https:\/\/www.facebook.com\/Nachofdezber","article:author":"https:\/\/www.facebook.com\/carrenoactualidad","twitter:card":"summary_large_image","twitter:site":"@NabercoDigital","twitter:title":"Laporta: \u00abCancelar las elecciones lo entender\u00eda como un fraude a la democracia\u00bb | Cand\u00e1s 365","twitter:description":"(EP) - El precandidato a la presidencia del FC Barcelona Joan Laporta ha asegurado que ser\u00eda un &quot;fraude a la democracia&quot; que la Generalitat no autorizara llevar a cabo las elecciones del club blaugrana, previstas para el 24 de enero, y reitera que si se siguen los protocolos y medidas sanitarias no hay &quot;razones objetivas&quot;","twitter:creator":"@nbasturias","twitter:image":"https:\/\/candas365.es\/noticias\/wp-content\/uploads\/2021\/01\/Laporta.jpg","twitter:label1":"Escrito por","twitter:data1":"Cand\u00e1s 365","twitter:label2":"Tiempo de lectura estimado","twitter:data2":"5 minutos"},"aioseo_meta_data":{"post_id":"150989","title":null,"description":null,"keywords":null,"keyphrases":null,"primary_term":null,"canonical_url":null,"og_title":null,"og_description":null,"og_object_type":"default","og_image_type":"default","og_image_url":null,"og_image_width":null,"og_image_height":null,"og_image_custom_url":null,"og_image_custom_fields":null,"og_video":null,"og_custom_url":null,"og_article_section":null,"og_article_tags":null,"twitter_use_og":false,"twitter_card":"default","twitter_image_type":"default","twitter_image_url":null,"twitter_image_custom_url":null,"twitter_image_custom_fields":null,"twitter_title":null,"twitter_description":null,"schema":{"blockGraphs":[],"customGraphs":[],"default":{"data":{"Article":[],"Course":[],"Dataset":[],"FAQPage":[],"Movie":[],"Person":[],"Product":[],"ProductReview":[],"Car":[],"Recipe":[],"Service":[],"SoftwareApplication":[],"WebPage":[]},"graphName":"","isEnabled":true},"graphs":[],"defaultGraph":"","defaultPostTypeGraph":""},"schema_type":null,"schema_type_options":null,"pillar_content":false,"robots_default":true,"robots_noindex":false,"robots_noarchive":false,"robots_nosnippet":false,"robots_nofollow":false,"robots_noimageindex":false,"robots_noodp":false,"robots_notranslate":false,"robots_max_snippet":null,"robots_max_videopreview":null,"robots_max_imagepreview":"large","priority":null,"frequency":null,"location":null,"local_seo":null,"seo_analyzer_scan_date":"2025-08-31 16:43:10","breadcrumb_settings":null,"limit_modified_date":false,"reviewed_by":null,"open_ai":null,"ai":null,"created":"2021-01-27 13:49:11","updated":"2025-08-31 16:43:10"},"aioseo_breadcrumb":"<div class=\"aioseo-breadcrumbs\"><span class=\"aioseo-breadcrumb\">\n\t<a href=\"https:\/\/candas365.es\/noticias\" title=\"Home\">Home<\/a>\n<\/span><span class=\"aioseo-breadcrumb-separator\">&ndash;<\/span><span class=\"aioseo-breadcrumb\">\n\t<a href=\"https:\/\/candas365.es\/noticias\/category\/deporte\/\" title=\"Deporte\">Deporte<\/a>\n<\/span><span class=\"aioseo-breadcrumb-separator\">&ndash;<\/span><span class=\"aioseo-breadcrumb\">\n\tLaporta: \u00abCancelar las elecciones lo entender\u00eda como un fraude a la democracia\u00bb\n<\/span><\/div>","aioseo_breadcrumb_json":[{"label":"Home","link":"https:\/\/candas365.es\/noticias"},{"label":"Deporte","link":"https:\/\/candas365.es\/noticias\/category\/deporte\/"},{"label":"Laporta: \u00abCancelar las elecciones lo entender\u00eda como un fraude a la democracia\u00bb","link":"https:\/\/candas365.es\/noticias\/laporta-cancelar-las-elecciones-lo-entenderia-como-un-fraude-a-la-democracia\/"}],"_links":{"self":[{"href":"https:\/\/candas365.es\/noticias\/wp-json\/wp\/v2\/posts\/150989","targetHints":{"allow":["GET"]}}],"collection":[{"href":"https:\/\/candas365.es\/noticias\/wp-json\/wp\/v2\/posts"}],"about":[{"href":"https:\/\/candas365.es\/noticias\/wp-json\/wp\/v2\/types\/post"}],"author":[{"embeddable":true,"href":"https:\/\/candas365.es\/noticias\/wp-json\/wp\/v2\/users\/1"}],"replies":[{"embeddable":true,"href":"https:\/\/candas365.es\/noticias\/wp-json\/wp\/v2\/comments?post=150989"}],"version-history":[{"count":0,"href":"https:\/\/candas365.es\/noticias\/wp-json\/wp\/v2\/posts\/150989\/revisions"}],"wp:featuredmedia":[{"embeddable":true,"href":"https:\/\/candas365.es\/noticias\/wp-json\/wp\/v2\/media\/150990"}],"wp:attachment":[{"href":"https:\/\/candas365.es\/noticias\/wp-json\/wp\/v2\/media?parent=150989"}],"wp:term":[{"taxonomy":"category","embeddable":true,"href":"https:\/\/candas365.es\/noticias\/wp-json\/wp\/v2\/categories?post=150989"},{"taxonomy":"post_tag","embeddable":true,"href":"https:\/\/candas365.es\/noticias\/wp-json\/wp\/v2\/tags?post=150989"}],"curies":[{"name":"wp","href":"https:\/\/api.w.org\/{rel}","templated":true}]}}