{"id":150947,"date":"2021-01-13T10:35:16","date_gmt":"2021-01-13T10:35:16","guid":{"rendered":"http:\/\/candas365.es\/noticias\/?p=150947"},"modified":"2021-01-13T10:35:16","modified_gmt":"2021-01-13T10:35:16","slug":"tendencias-de-la-moda-para-el-2021","status":"publish","type":"post","link":"https:\/\/candas365.es\/noticias\/tendencias-de-la-moda-para-el-2021\/","title":{"rendered":"Tendencias de la moda para el 2021"},"content":{"rendered":"<p>Ya las revistas m\u00e1s importantes de la moda han establecido los lineamientos que gobernar\u00e1n la moda para este a\u00f1o. A trav\u00e9s de este post, podr\u00e1s conocer lo que ya todo el mundo habla sobre el estilo de <span style=\"color: #ff6600;\"><a style=\"color: #ff6600;\" href=\"https:\/\/gamarra.soy\" target=\"_blank\" rel=\"noopener\"><strong>ropa<\/strong><\/a><\/span> que se usar\u00e1n en los pr\u00f3ximos meses. Poner en pr\u00e1ctica estos consejos har\u00e1n que seas una de las mejores vestidas entre tu c\u00edrculo de amistades.<\/p>\n<p><img fetchpriority=\"high\" decoding=\"async\" class=\"aligncenter wp-image-150948 size-large\" src=\"https:\/\/candas365.es\/noticias\/wp-content\/uploads\/2021\/01\/moda-650x288.jpg\" alt=\"\" width=\"650\" height=\"288\" srcset=\"https:\/\/candas365.es\/noticias\/wp-content\/uploads\/2021\/01\/moda-650x288.jpg 650w, https:\/\/candas365.es\/noticias\/wp-content\/uploads\/2021\/01\/moda-360x160.jpg 360w, https:\/\/candas365.es\/noticias\/wp-content\/uploads\/2021\/01\/moda-768x341.jpg 768w, https:\/\/candas365.es\/noticias\/wp-content\/uploads\/2021\/01\/moda.jpg 800w\" sizes=\"(max-width: 650px) 100vw, 650px\" \/><\/p>\n<h2><strong>\u00bfC\u00f3mo estar a la moda en este 2021? <\/strong><\/h2>\n<p>El impacto que tiene la moda en la sociedad actual implica una decisi\u00f3n importante en nuestro estilo. Por tal motivo, aunque no tengamos dinero para comprar dise\u00f1os de colecci\u00f3n, podemos valernos de <span style=\"color: #ff6600;\"><a style=\"color: #ff6600;\" href=\"https:\/\/gamarra.soy\" target=\"_blank\" rel=\"noopener\"><strong>vestidos de promociones<\/strong><\/a><\/span> que se adec\u00faan perfectamente a lo que est\u00e1 de moda. De esa manera, podr\u00e1s lucir radiante, aunque no te haya supuesto una gran inversi\u00f3n de dinero.<\/p>\n<p>Claro est\u00e1, para poder combinar tus prendas, e incluso usar accesorios que ten\u00edas guardados y que est\u00e1n volviendo a ser tendencia debes conocer que dicen los expertos. Por ejemplo, sabemos muy bien la influencia que tiene la capital francesa para <strong>imponer un tipo de moda en todo el mundo.<\/strong> \u00bfQu\u00e9 se est\u00e1 usando en este momento en aquellos lugares?<\/p>\n<h3><strong>La minifalda ha regresado <\/strong><\/h3>\n<p>Aunque realmente nunca se fue pues es bastante com\u00fan verlas en la calle, los grandes dise\u00f1adores s\u00ed que las ten\u00edan olvidadas. Es as\u00ed como en la pasarela de Miu Miu se vio un <strong>estilo de vestimenta de \u201cpoco esfuerzo\u201d,<\/strong> pero que al mismo tiempo resaltaba la belleza de las modelos.<\/p>\n<p>Declarando un <strong>terremoto juvenil<\/strong>, Prada estableci\u00f3 que la minifalda ser\u00eda un boom para este a\u00f1o. Y es que para nadie es un secreto que la moda de los a\u00f1os 60 est\u00e1 volviendo a resurgir y que gran cantidad de j\u00f3venes est\u00e1n inclin\u00e1ndose a este estilo para caminar por las calles.<\/p>\n<h3><strong>Armadura po\u00e9tica en la moda <\/strong><\/h3>\n<p>Pocos parece que este estilo realmente se haga <strong>tendencia en el mundo moda<\/strong>. Sin embargo, tenemos que tener en cuenta que quienes imponen realmente un estereotipo de vestimenta son personajes famosos que buscan proyectar una imagen \u00fanica y glamurosa.<\/p>\n<p>A este respecto, Vogue se\u00f1al\u00f3 que la armadura po\u00e9tica a\u00f1adida en vestidos de noche ser\u00eda lo que m\u00e1s ver\u00edamos en las <strong>pasarelas y alfombras rojas este 2021<\/strong>. \u00bfSe ver\u00e1 esto en lo que la sociedad llama el ciudadano com\u00fan? Eso est\u00e1 por verse.<\/p>\n<h3><strong>Ropa holgada <\/strong><\/h3>\n<p>Aunque el a\u00f1o pasado se sugiri\u00f3 que la ropa ajustada al cuerpo ser\u00eda lo que marcar\u00eda tendencia en 2021, esto ha dado un vuelto radical. Hoy, las revistas de moda m\u00e1s populares del\u00a0 mundo han declarado una <strong>temporada de siluetas amplias<\/strong> y poco ajustadas al tama\u00f1o de quien lleva la vestimenta.<\/p>\n<p>Louis Vuitton fue la <strong>primera marca en establecer un s\u00edmbolo de libertad<\/strong> en este aspecto. A trav\u00e9s de sus dise\u00f1os, se logr\u00f3 un equilibrio entre la feminidad y la masculinidad, creando as\u00ed un estilo atrayente para todos que seguro estar\u00e1 en circulando en el primer trimestre de este a\u00f1o.<\/p>\n<p>Los profesionales de la moda, lo que buscan es resaltar la <strong>libertad deelegir como se quiere vestir.<\/strong> Es as\u00ed como personas no binarias tienen la oportunidad de sentirse ellos mismos y expresarse tambi\u00e9n\u00a0 en su <strong>forma de vestir<\/strong>. Lo que no es ni femenino ni\u00a0 masculino representa hoy un aspecto significativo para la moda.<\/p>\n<h3><strong>Trasparencias teatrales <\/strong><\/h3>\n<p>Desde la segunda mitad del 2020 fuimos testigos como las transparencias se posicionaron como <strong>prendas en tendencia.<\/strong> A trav\u00e9s de estas logramos crear un dramatismo a nuestra vestimenta. Por supuesto, hay que saberlas llevar. De all\u00ed que a pesar de las dif\u00edciles circunstancias, los dise\u00f1adores se las ingeniaran para crear una fantas\u00eda en sus dise\u00f1os.<\/p>\n<p>No basta con colocarse una blusa que muestre tu cuerpo. Los dise\u00f1adores saben bien cu\u00e1les son las zonas perfectas que resaltar haciendo uso de telas finas. Adem\u00e1s, se requieren de otros <strong>trucos para verse bella y a la moda.<\/strong><\/p>\n<h2><strong>La moda tiene un aliado<\/strong><\/h2>\n<p>Un vestido o un pantal\u00f3n no es lo \u00fanico importante en la moda. T\u00fa debes saber c\u00f3mo aprovechar las facciones de tu cuerpo y elegir lo que mejor va contigo, incluso si no es de lo que todos est\u00e1n hablando. Podr\u00e1s encontrar <span style=\"color: #ff6600;\"><a style=\"color: #ff6600;\" href=\"http:\/\/trucosdebelleza.info\" target=\"_blank\" rel=\"noopener\"><strong>m\u00e1s informaci\u00f3n en www.trucosdebelleza.info<\/strong><\/a><\/span> sobre trucos y consejos para verte y sentirte bella.<\/p>\n<p>Podemos expresarnos de mil maneras, y la moda es una de ellas. Sin embargo, tambi\u00e9n debemos tener en cuenta que es lo que mejor va con nuestro cuerpo, pero tambi\u00e9n con la personalidad. Lo m\u00e1s importante es que te sientas c\u00f3moda y bella a donde quiera que vayas.<\/p>\n<p>&nbsp;<\/p>\n","protected":false},"excerpt":{"rendered":"<p>Ya las revistas m\u00e1s importantes de la moda han establecido los lineamientos que gobernar\u00e1n la moda para este a\u00f1o. A trav\u00e9s de este post, podr\u00e1s conocer lo que ya todo el mundo habla sobre el estilo de ropa que se usar\u00e1n en los pr\u00f3ximos meses. Poner en pr\u00e1ctica estos consejos har\u00e1n que seas una de<\/p>\n","protected":false},"author":1,"featured_media":150948,"comment_status":"closed","ping_status":"closed","sticky":false,"template":"","format":"standard","meta":{"footnotes":""},"categories":[142],"tags":[],"class_list":{"0":"post-150947","1":"post","2":"type-post","3":"status-publish","4":"format-standard","5":"has-post-thumbnail","7":"category-revista"},"aioseo_notices":[],"aioseo_head":"\n\t\t<!-- All in One SEO Pro 4.9.6.2 - aioseo.com -->\n\t<meta name=\"description\" content=\"Ya las revistas m\u00e1s importantes de la moda han establecido los lineamientos que gobernar\u00e1n la moda para este a\u00f1o. A trav\u00e9s de este post, podr\u00e1s conocer lo que ya todo el mundo habla sobre el estilo de ropa que se usar\u00e1n en los pr\u00f3ximos meses. Poner en pr\u00e1ctica estos consejos har\u00e1n que seas una de\" \/>\n\t<meta name=\"robots\" content=\"max-image-preview:large\" \/>\n\t<meta name=\"author\" content=\"Cand\u00e1s 365\"\/>\n\t<meta name=\"google-site-verification\" content=\"UA-32230408-1\" \/>\n\t<meta name=\"msvalidate.01\" content=\"354F3CDFB2DA171B47FBE9ABF1F88D5\" \/>\n\t<meta name=\"keywords\" content=\"revista\" \/>\n\t<link rel=\"canonical\" href=\"https:\/\/candas365.es\/noticias\/tendencias-de-la-moda-para-el-2021\/\" \/>\n\t<meta name=\"generator\" content=\"All in One SEO Pro (AIOSEO) 4.9.6.2\" \/>\n\t\t<meta property=\"og:locale\" content=\"es_ES\" \/>\n\t\t<meta property=\"og:site_name\" content=\"Cand\u00e1s 365\" \/>\n\t\t<meta property=\"og:type\" content=\"article\" \/>\n\t\t<meta property=\"og:title\" content=\"Tendencias de la moda para el 2021 | Cand\u00e1s 365\" \/>\n\t\t<meta property=\"og:description\" content=\"Ya las revistas m\u00e1s importantes de la moda han establecido los lineamientos que gobernar\u00e1n la moda para este a\u00f1o. A trav\u00e9s de este post, podr\u00e1s conocer lo que ya todo el mundo habla sobre el estilo de ropa que se usar\u00e1n en los pr\u00f3ximos meses. Poner en pr\u00e1ctica estos consejos har\u00e1n que seas una de\" \/>\n\t\t<meta property=\"og:url\" content=\"https:\/\/candas365.es\/noticias\/tendencias-de-la-moda-para-el-2021\/\" \/>\n\t\t<meta property=\"og:image\" content=\"https:\/\/candas365.es\/noticias\/wp-content\/uploads\/2021\/01\/moda.jpg\" \/>\n\t\t<meta property=\"og:image:secure_url\" content=\"https:\/\/candas365.es\/noticias\/wp-content\/uploads\/2021\/01\/moda.jpg\" \/>\n\t\t<meta property=\"og:image:width\" content=\"800\" \/>\n\t\t<meta property=\"og:image:height\" content=\"355\" \/>\n\t\t<meta property=\"article:published_time\" content=\"2021-01-13T10:35:16+00:00\" \/>\n\t\t<meta property=\"article:modified_time\" content=\"2021-01-13T10:35:16+00:00\" \/>\n\t\t<meta property=\"article:publisher\" content=\"https:\/\/www.facebook.com\/Nachofdezber\" \/>\n\t\t<meta property=\"article:author\" content=\"https:\/\/www.facebook.com\/carrenoactualidad\" \/>\n\t\t<meta name=\"twitter:card\" content=\"summary_large_image\" \/>\n\t\t<meta name=\"twitter:site\" content=\"@NabercoDigital\" \/>\n\t\t<meta name=\"twitter:title\" content=\"Tendencias de la moda para el 2021 | Cand\u00e1s 365\" \/>\n\t\t<meta name=\"twitter:description\" content=\"Ya las revistas m\u00e1s importantes de la moda han establecido los lineamientos que gobernar\u00e1n la moda para este a\u00f1o. A trav\u00e9s de este post, podr\u00e1s conocer lo que ya todo el mundo habla sobre el estilo de ropa que se usar\u00e1n en los pr\u00f3ximos meses. Poner en pr\u00e1ctica estos consejos har\u00e1n que seas una de\" \/>\n\t\t<meta name=\"twitter:creator\" content=\"@nbasturias\" \/>\n\t\t<meta name=\"twitter:image\" content=\"https:\/\/candas365.es\/noticias\/wp-content\/uploads\/2021\/01\/moda.jpg\" \/>\n\t\t<meta name=\"twitter:label1\" content=\"Escrito por\" \/>\n\t\t<meta name=\"twitter:data1\" content=\"Cand\u00e1s 365\" \/>\n\t\t<meta name=\"twitter:label2\" content=\"Tiempo de lectura estimado\" \/>\n\t\t<meta name=\"twitter:data2\" content=\"4 minutos\" \/>\n\t\t<script type=\"application\/ld+json\" class=\"aioseo-schema\">\n\t\t\t{\"@context\":\"https:\\\/\\\/schema.org\",\"@graph\":[{\"@type\":\"BreadcrumbList\",\"@id\":\"https:\\\/\\\/candas365.es\\\/noticias\\\/tendencias-de-la-moda-para-el-2021\\\/#breadcrumblist\",\"itemListElement\":[{\"@type\":\"ListItem\",\"@id\":\"https:\\\/\\\/candas365.es\\\/noticias#listItem\",\"position\":1,\"name\":\"Home\",\"item\":\"https:\\\/\\\/candas365.es\\\/noticias\",\"nextItem\":{\"@type\":\"ListItem\",\"@id\":\"https:\\\/\\\/candas365.es\\\/noticias\\\/category\\\/revista\\\/#listItem\",\"name\":\"Revista\"}},{\"@type\":\"ListItem\",\"@id\":\"https:\\\/\\\/candas365.es\\\/noticias\\\/category\\\/revista\\\/#listItem\",\"position\":2,\"name\":\"Revista\",\"item\":\"https:\\\/\\\/candas365.es\\\/noticias\\\/category\\\/revista\\\/\",\"nextItem\":{\"@type\":\"ListItem\",\"@id\":\"https:\\\/\\\/candas365.es\\\/noticias\\\/tendencias-de-la-moda-para-el-2021\\\/#listItem\",\"name\":\"Tendencias de la moda para el 2021\"},\"previousItem\":{\"@type\":\"ListItem\",\"@id\":\"https:\\\/\\\/candas365.es\\\/noticias#listItem\",\"name\":\"Home\"}},{\"@type\":\"ListItem\",\"@id\":\"https:\\\/\\\/candas365.es\\\/noticias\\\/tendencias-de-la-moda-para-el-2021\\\/#listItem\",\"position\":3,\"name\":\"Tendencias de la moda para el 2021\",\"previousItem\":{\"@type\":\"ListItem\",\"@id\":\"https:\\\/\\\/candas365.es\\\/noticias\\\/category\\\/revista\\\/#listItem\",\"name\":\"Revista\"}}]},{\"@type\":\"NewsArticle\",\"@id\":\"https:\\\/\\\/candas365.es\\\/noticias\\\/tendencias-de-la-moda-para-el-2021\\\/#newsarticle\",\"name\":\"Tendencias de la moda para el 2021 | Cand\\u00e1s 365\",\"headline\":\"Tendencias de la moda para el 2021\",\"author\":{\"@id\":\"https:\\\/\\\/candas365.es\\\/noticias\\\/author\\\/admin\\\/#author\"},\"publisher\":{\"@id\":\"https:\\\/\\\/candas365.es\\\/noticias\\\/#organization\"},\"image\":{\"@type\":\"ImageObject\",\"url\":\"https:\\\/\\\/candas365.es\\\/noticias\\\/wp-content\\\/uploads\\\/2021\\\/01\\\/moda.jpg\",\"width\":800,\"height\":355},\"datePublished\":\"2021-01-13T10:35:16+01:00\",\"dateModified\":\"2021-01-13T10:35:16+01:00\",\"inLanguage\":\"es-ES\",\"mainEntityOfPage\":{\"@id\":\"https:\\\/\\\/candas365.es\\\/noticias\\\/tendencias-de-la-moda-para-el-2021\\\/#webpage\"},\"isPartOf\":{\"@id\":\"https:\\\/\\\/candas365.es\\\/noticias\\\/tendencias-de-la-moda-para-el-2021\\\/#webpage\"},\"articleSection\":\"Revista\",\"dateline\":\"Publicado el enero 13, 2021.\"},{\"@type\":\"Organization\",\"@id\":\"https:\\\/\\\/candas365.es\\\/noticias\\\/#organization\",\"name\":\"Cand\\u00e1s 365\",\"description\":\"Cand\\u00e1s 365 es un diario digital independiente, fundado en 2012, con base en Asturias. Informamos con rigor sobre actualidad, sociedad, cultura y ocio, con una mirada local y global.\",\"url\":\"https:\\\/\\\/candas365.es\\\/noticias\\\/\",\"email\":\"info@candas365.es\",\"telephone\":\"+34652131393\",\"foundingDate\":\"2012-06-10\",\"logo\":{\"@type\":\"ImageObject\",\"url\":\"https:\\\/\\\/candas365.es\\\/noticias\\\/wp-content\\\/uploads\\\/2024\\\/09\\\/Candas-365-Redes.jpg\",\"@id\":\"https:\\\/\\\/candas365.es\\\/noticias\\\/tendencias-de-la-moda-para-el-2021\\\/#organizationLogo\",\"width\":1152,\"height\":864,\"caption\":\"Cand\\u00e1s 365 Redes\"},\"image\":{\"@id\":\"https:\\\/\\\/candas365.es\\\/noticias\\\/tendencias-de-la-moda-para-el-2021\\\/#organizationLogo\"},\"sameAs\":[\"https:\\\/\\\/www.facebook.com\\\/Nachofdezber\",\"https:\\\/\\\/x.com\\\/NabercoDigital\",\"https:\\\/\\\/www.instagram.com\\\/nachofdezber\\\/\",\"https:\\\/\\\/www.youtube.com\\\/channel\\\/UCZP-2wLEB9Rv6erhFmqVnvg\"],\"address\":{\"@id\":\"https:\\\/\\\/candas365.es\\\/noticias\\\/#postaladdress\",\"@type\":\"PostalAddress\",\"streetAddress\":\"san antonio 4, san antonio 4\",\"postalCode\":\"33430\",\"addressLocality\":\"Cand\\u00e1s\",\"addressRegion\":\"Asturias\",\"addressCountry\":\"ES\"}},{\"@type\":\"Person\",\"@id\":\"https:\\\/\\\/candas365.es\\\/noticias\\\/author\\\/admin\\\/#author\",\"url\":\"https:\\\/\\\/candas365.es\\\/noticias\\\/author\\\/admin\\\/\",\"name\":\"Cand\\u00e1s 365\",\"image\":{\"@type\":\"ImageObject\",\"@id\":\"https:\\\/\\\/candas365.es\\\/noticias\\\/tendencias-de-la-moda-para-el-2021\\\/#authorImage\",\"url\":\"https:\\\/\\\/secure.gravatar.com\\\/avatar\\\/496a8e03d0c493ede1718b7934145dbdf8d89be1036b0eec9544e1094c9de390?s=96&d=mm&r=g\",\"width\":96,\"height\":96,\"caption\":\"Cand\\u00e1s 365\"},\"sameAs\":[\"https:\\\/\\\/www.facebook.com\\\/carrenoactualidad\",\"https:\\\/\\\/twitter.com\\\/nbasturias\",\"https:\\\/\\\/www.instagram.com\\\/nachofdezber\\\/\",\"https:\\\/\\\/www.youtube.com\\\/channel\\\/UCZP-2wLEB9Rv6erhFmqVnvg\"]},{\"@type\":\"WebPage\",\"@id\":\"https:\\\/\\\/candas365.es\\\/noticias\\\/tendencias-de-la-moda-para-el-2021\\\/#webpage\",\"url\":\"https:\\\/\\\/candas365.es\\\/noticias\\\/tendencias-de-la-moda-para-el-2021\\\/\",\"name\":\"Tendencias de la moda para el 2021 | Cand\\u00e1s 365\",\"description\":\"Ya las revistas m\\u00e1s importantes de la moda han establecido los lineamientos que gobernar\\u00e1n la moda para este a\\u00f1o. A trav\\u00e9s de este post, podr\\u00e1s conocer lo que ya todo el mundo habla sobre el estilo de ropa que se usar\\u00e1n en los pr\\u00f3ximos meses. Poner en pr\\u00e1ctica estos consejos har\\u00e1n que seas una de\",\"inLanguage\":\"es-ES\",\"isPartOf\":{\"@id\":\"https:\\\/\\\/candas365.es\\\/noticias\\\/#website\"},\"breadcrumb\":{\"@id\":\"https:\\\/\\\/candas365.es\\\/noticias\\\/tendencias-de-la-moda-para-el-2021\\\/#breadcrumblist\"},\"author\":{\"@id\":\"https:\\\/\\\/candas365.es\\\/noticias\\\/author\\\/admin\\\/#author\"},\"creator\":{\"@id\":\"https:\\\/\\\/candas365.es\\\/noticias\\\/author\\\/admin\\\/#author\"},\"image\":{\"@type\":\"ImageObject\",\"url\":\"https:\\\/\\\/candas365.es\\\/noticias\\\/wp-content\\\/uploads\\\/2021\\\/01\\\/moda.jpg\",\"@id\":\"https:\\\/\\\/candas365.es\\\/noticias\\\/tendencias-de-la-moda-para-el-2021\\\/#mainImage\",\"width\":800,\"height\":355},\"primaryImageOfPage\":{\"@id\":\"https:\\\/\\\/candas365.es\\\/noticias\\\/tendencias-de-la-moda-para-el-2021\\\/#mainImage\"},\"datePublished\":\"2021-01-13T10:35:16+01:00\",\"dateModified\":\"2021-01-13T10:35:16+01:00\"},{\"@type\":\"WebSite\",\"@id\":\"https:\\\/\\\/candas365.es\\\/noticias\\\/#website\",\"url\":\"https:\\\/\\\/candas365.es\\\/noticias\\\/\",\"name\":\"Cand\\u00e1s 365\",\"alternateName\":\"Cand\\u00e1s 365 Noticias\",\"description\":\"Actualidad desde Carre\\u00f1o para el mundo\",\"inLanguage\":\"es-ES\",\"publisher\":{\"@id\":\"https:\\\/\\\/candas365.es\\\/noticias\\\/#organization\"}}]}\n\t\t<\/script>\n\t\t<!-- All in One SEO Pro -->\r\n\t\t<title>Tendencias de la moda para el 2021 | Cand\u00e1s 365<\/title>\n\n","aioseo_head_json":{"title":"Tendencias de la moda para el 2021 | Cand\u00e1s 365","description":"Ya las revistas m\u00e1s importantes de la moda han establecido los lineamientos que gobernar\u00e1n la moda para este a\u00f1o. A trav\u00e9s de este post, podr\u00e1s conocer lo que ya todo el mundo habla sobre el estilo de ropa que se usar\u00e1n en los pr\u00f3ximos meses. Poner en pr\u00e1ctica estos consejos har\u00e1n que seas una de","canonical_url":"https:\/\/candas365.es\/noticias\/tendencias-de-la-moda-para-el-2021\/","robots":"max-image-preview:large","keywords":"revista","webmasterTools":{"google-site-verification":"UA-32230408-1","msvalidate.01":"354F3CDFB2DA171B47FBE9ABF1F88D5","miscellaneous":""},"schema":{"@context":"https:\/\/schema.org","@graph":[{"@type":"BreadcrumbList","@id":"https:\/\/candas365.es\/noticias\/tendencias-de-la-moda-para-el-2021\/#breadcrumblist","itemListElement":[{"@type":"ListItem","@id":"https:\/\/candas365.es\/noticias#listItem","position":1,"name":"Home","item":"https:\/\/candas365.es\/noticias","nextItem":{"@type":"ListItem","@id":"https:\/\/candas365.es\/noticias\/category\/revista\/#listItem","name":"Revista"}},{"@type":"ListItem","@id":"https:\/\/candas365.es\/noticias\/category\/revista\/#listItem","position":2,"name":"Revista","item":"https:\/\/candas365.es\/noticias\/category\/revista\/","nextItem":{"@type":"ListItem","@id":"https:\/\/candas365.es\/noticias\/tendencias-de-la-moda-para-el-2021\/#listItem","name":"Tendencias de la moda para el 2021"},"previousItem":{"@type":"ListItem","@id":"https:\/\/candas365.es\/noticias#listItem","name":"Home"}},{"@type":"ListItem","@id":"https:\/\/candas365.es\/noticias\/tendencias-de-la-moda-para-el-2021\/#listItem","position":3,"name":"Tendencias de la moda para el 2021","previousItem":{"@type":"ListItem","@id":"https:\/\/candas365.es\/noticias\/category\/revista\/#listItem","name":"Revista"}}]},{"@type":"NewsArticle","@id":"https:\/\/candas365.es\/noticias\/tendencias-de-la-moda-para-el-2021\/#newsarticle","name":"Tendencias de la moda para el 2021 | Cand\u00e1s 365","headline":"Tendencias de la moda para el 2021","author":{"@id":"https:\/\/candas365.es\/noticias\/author\/admin\/#author"},"publisher":{"@id":"https:\/\/candas365.es\/noticias\/#organization"},"image":{"@type":"ImageObject","url":"https:\/\/candas365.es\/noticias\/wp-content\/uploads\/2021\/01\/moda.jpg","width":800,"height":355},"datePublished":"2021-01-13T10:35:16+01:00","dateModified":"2021-01-13T10:35:16+01:00","inLanguage":"es-ES","mainEntityOfPage":{"@id":"https:\/\/candas365.es\/noticias\/tendencias-de-la-moda-para-el-2021\/#webpage"},"isPartOf":{"@id":"https:\/\/candas365.es\/noticias\/tendencias-de-la-moda-para-el-2021\/#webpage"},"articleSection":"Revista","dateline":"Publicado el enero 13, 2021."},{"@type":"Organization","@id":"https:\/\/candas365.es\/noticias\/#organization","name":"Cand\u00e1s 365","description":"Cand\u00e1s 365 es un diario digital independiente, fundado en 2012, con base en Asturias. Informamos con rigor sobre actualidad, sociedad, cultura y ocio, con una mirada local y global.","url":"https:\/\/candas365.es\/noticias\/","email":"info@candas365.es","telephone":"+34652131393","foundingDate":"2012-06-10","logo":{"@type":"ImageObject","url":"https:\/\/candas365.es\/noticias\/wp-content\/uploads\/2024\/09\/Candas-365-Redes.jpg","@id":"https:\/\/candas365.es\/noticias\/tendencias-de-la-moda-para-el-2021\/#organizationLogo","width":1152,"height":864,"caption":"Cand\u00e1s 365 Redes"},"image":{"@id":"https:\/\/candas365.es\/noticias\/tendencias-de-la-moda-para-el-2021\/#organizationLogo"},"sameAs":["https:\/\/www.facebook.com\/Nachofdezber","https:\/\/x.com\/NabercoDigital","https:\/\/www.instagram.com\/nachofdezber\/","https:\/\/www.youtube.com\/channel\/UCZP-2wLEB9Rv6erhFmqVnvg"],"address":{"@id":"https:\/\/candas365.es\/noticias\/#postaladdress","@type":"PostalAddress","streetAddress":"san antonio 4, san antonio 4","postalCode":"33430","addressLocality":"Cand\u00e1s","addressRegion":"Asturias","addressCountry":"ES"}},{"@type":"Person","@id":"https:\/\/candas365.es\/noticias\/author\/admin\/#author","url":"https:\/\/candas365.es\/noticias\/author\/admin\/","name":"Cand\u00e1s 365","image":{"@type":"ImageObject","@id":"https:\/\/candas365.es\/noticias\/tendencias-de-la-moda-para-el-2021\/#authorImage","url":"https:\/\/secure.gravatar.com\/avatar\/496a8e03d0c493ede1718b7934145dbdf8d89be1036b0eec9544e1094c9de390?s=96&d=mm&r=g","width":96,"height":96,"caption":"Cand\u00e1s 365"},"sameAs":["https:\/\/www.facebook.com\/carrenoactualidad","https:\/\/twitter.com\/nbasturias","https:\/\/www.instagram.com\/nachofdezber\/","https:\/\/www.youtube.com\/channel\/UCZP-2wLEB9Rv6erhFmqVnvg"]},{"@type":"WebPage","@id":"https:\/\/candas365.es\/noticias\/tendencias-de-la-moda-para-el-2021\/#webpage","url":"https:\/\/candas365.es\/noticias\/tendencias-de-la-moda-para-el-2021\/","name":"Tendencias de la moda para el 2021 | Cand\u00e1s 365","description":"Ya las revistas m\u00e1s importantes de la moda han establecido los lineamientos que gobernar\u00e1n la moda para este a\u00f1o. A trav\u00e9s de este post, podr\u00e1s conocer lo que ya todo el mundo habla sobre el estilo de ropa que se usar\u00e1n en los pr\u00f3ximos meses. Poner en pr\u00e1ctica estos consejos har\u00e1n que seas una de","inLanguage":"es-ES","isPartOf":{"@id":"https:\/\/candas365.es\/noticias\/#website"},"breadcrumb":{"@id":"https:\/\/candas365.es\/noticias\/tendencias-de-la-moda-para-el-2021\/#breadcrumblist"},"author":{"@id":"https:\/\/candas365.es\/noticias\/author\/admin\/#author"},"creator":{"@id":"https:\/\/candas365.es\/noticias\/author\/admin\/#author"},"image":{"@type":"ImageObject","url":"https:\/\/candas365.es\/noticias\/wp-content\/uploads\/2021\/01\/moda.jpg","@id":"https:\/\/candas365.es\/noticias\/tendencias-de-la-moda-para-el-2021\/#mainImage","width":800,"height":355},"primaryImageOfPage":{"@id":"https:\/\/candas365.es\/noticias\/tendencias-de-la-moda-para-el-2021\/#mainImage"},"datePublished":"2021-01-13T10:35:16+01:00","dateModified":"2021-01-13T10:35:16+01:00"},{"@type":"WebSite","@id":"https:\/\/candas365.es\/noticias\/#website","url":"https:\/\/candas365.es\/noticias\/","name":"Cand\u00e1s 365","alternateName":"Cand\u00e1s 365 Noticias","description":"Actualidad desde Carre\u00f1o para el mundo","inLanguage":"es-ES","publisher":{"@id":"https:\/\/candas365.es\/noticias\/#organization"}}]},"og:locale":"es_ES","og:site_name":"Cand\u00e1s 365","og:type":"article","og:title":"Tendencias de la moda para el 2021 | Cand\u00e1s 365","og:description":"Ya las revistas m\u00e1s importantes de la moda han establecido los lineamientos que gobernar\u00e1n la moda para este a\u00f1o. A trav\u00e9s de este post, podr\u00e1s conocer lo que ya todo el mundo habla sobre el estilo de ropa que se usar\u00e1n en los pr\u00f3ximos meses. Poner en pr\u00e1ctica estos consejos har\u00e1n que seas una de","og:url":"https:\/\/candas365.es\/noticias\/tendencias-de-la-moda-para-el-2021\/","og:image":"https:\/\/candas365.es\/noticias\/wp-content\/uploads\/2021\/01\/moda.jpg","og:image:secure_url":"https:\/\/candas365.es\/noticias\/wp-content\/uploads\/2021\/01\/moda.jpg","og:image:width":800,"og:image:height":355,"article:published_time":"2021-01-13T10:35:16+00:00","article:modified_time":"2021-01-13T10:35:16+00:00","article:publisher":"https:\/\/www.facebook.com\/Nachofdezber","article:author":"https:\/\/www.facebook.com\/carrenoactualidad","twitter:card":"summary_large_image","twitter:site":"@NabercoDigital","twitter:title":"Tendencias de la moda para el 2021 | Cand\u00e1s 365","twitter:description":"Ya las revistas m\u00e1s importantes de la moda han establecido los lineamientos que gobernar\u00e1n la moda para este a\u00f1o. A trav\u00e9s de este post, podr\u00e1s conocer lo que ya todo el mundo habla sobre el estilo de ropa que se usar\u00e1n en los pr\u00f3ximos meses. Poner en pr\u00e1ctica estos consejos har\u00e1n que seas una de","twitter:creator":"@nbasturias","twitter:image":"https:\/\/candas365.es\/noticias\/wp-content\/uploads\/2021\/01\/moda.jpg","twitter:label1":"Escrito por","twitter:data1":"Cand\u00e1s 365","twitter:label2":"Tiempo de lectura estimado","twitter:data2":"4 minutos"},"aioseo_meta_data":{"post_id":"150947","title":null,"description":null,"keywords":null,"keyphrases":null,"primary_term":null,"canonical_url":null,"og_title":null,"og_description":null,"og_object_type":"default","og_image_type":"default","og_image_url":null,"og_image_width":null,"og_image_height":null,"og_image_custom_url":null,"og_image_custom_fields":null,"og_video":null,"og_custom_url":null,"og_article_section":null,"og_article_tags":null,"twitter_use_og":false,"twitter_card":"default","twitter_image_type":"default","twitter_image_url":null,"twitter_image_custom_url":null,"twitter_image_custom_fields":null,"twitter_title":null,"twitter_description":null,"schema":{"blockGraphs":[],"customGraphs":[],"default":{"data":{"Article":[],"Course":[],"Dataset":[],"FAQPage":[],"Movie":[],"Person":[],"Product":[],"ProductReview":[],"Car":[],"Recipe":[],"Service":[],"SoftwareApplication":[],"WebPage":[]},"graphName":"","isEnabled":true},"graphs":[],"defaultGraph":"","defaultPostTypeGraph":""},"schema_type":null,"schema_type_options":null,"pillar_content":false,"robots_default":true,"robots_noindex":false,"robots_noarchive":false,"robots_nosnippet":false,"robots_nofollow":false,"robots_noimageindex":false,"robots_noodp":false,"robots_notranslate":false,"robots_max_snippet":null,"robots_max_videopreview":null,"robots_max_imagepreview":"large","priority":null,"frequency":null,"location":null,"local_seo":null,"seo_analyzer_scan_date":"2025-08-31 16:39:22","breadcrumb_settings":null,"limit_modified_date":false,"reviewed_by":null,"open_ai":null,"ai":null,"created":"2021-01-27 13:51:06","updated":"2025-08-31 16:39:22"},"aioseo_breadcrumb":"<div class=\"aioseo-breadcrumbs\"><span class=\"aioseo-breadcrumb\">\n\t<a href=\"https:\/\/candas365.es\/noticias\" title=\"Home\">Home<\/a>\n<\/span><span class=\"aioseo-breadcrumb-separator\">&ndash;<\/span><span class=\"aioseo-breadcrumb\">\n\t<a href=\"https:\/\/candas365.es\/noticias\/category\/revista\/\" title=\"Revista\">Revista<\/a>\n<\/span><span class=\"aioseo-breadcrumb-separator\">&ndash;<\/span><span class=\"aioseo-breadcrumb\">\n\tTendencias de la moda para el 2021\n<\/span><\/div>","aioseo_breadcrumb_json":[{"label":"Home","link":"https:\/\/candas365.es\/noticias"},{"label":"Revista","link":"https:\/\/candas365.es\/noticias\/category\/revista\/"},{"label":"Tendencias de la moda para el 2021","link":"https:\/\/candas365.es\/noticias\/tendencias-de-la-moda-para-el-2021\/"}],"_links":{"self":[{"href":"https:\/\/candas365.es\/noticias\/wp-json\/wp\/v2\/posts\/150947","targetHints":{"allow":["GET"]}}],"collection":[{"href":"https:\/\/candas365.es\/noticias\/wp-json\/wp\/v2\/posts"}],"about":[{"href":"https:\/\/candas365.es\/noticias\/wp-json\/wp\/v2\/types\/post"}],"author":[{"embeddable":true,"href":"https:\/\/candas365.es\/noticias\/wp-json\/wp\/v2\/users\/1"}],"replies":[{"embeddable":true,"href":"https:\/\/candas365.es\/noticias\/wp-json\/wp\/v2\/comments?post=150947"}],"version-history":[{"count":0,"href":"https:\/\/candas365.es\/noticias\/wp-json\/wp\/v2\/posts\/150947\/revisions"}],"wp:featuredmedia":[{"embeddable":true,"href":"https:\/\/candas365.es\/noticias\/wp-json\/wp\/v2\/media\/150948"}],"wp:attachment":[{"href":"https:\/\/candas365.es\/noticias\/wp-json\/wp\/v2\/media?parent=150947"}],"wp:term":[{"taxonomy":"category","embeddable":true,"href":"https:\/\/candas365.es\/noticias\/wp-json\/wp\/v2\/categories?post=150947"},{"taxonomy":"post_tag","embeddable":true,"href":"https:\/\/candas365.es\/noticias\/wp-json\/wp\/v2\/tags?post=150947"}],"curies":[{"name":"wp","href":"https:\/\/api.w.org\/{rel}","templated":true}]}}