{"id":150835,"date":"2021-01-09T11:10:48","date_gmt":"2021-01-09T11:10:48","guid":{"rendered":"http:\/\/candas365.es\/noticias\/?p=150835"},"modified":"2021-01-09T11:10:48","modified_gmt":"2021-01-09T11:10:48","slug":"terminado-el-derribo-del-poblado-de-pineres-en-candas","status":"publish","type":"post","link":"https:\/\/candas365.es\/noticias\/terminado-el-derribo-del-poblado-de-pineres-en-candas\/","title":{"rendered":"Terminado el derribo del poblado de Pi\u00f1eres, en Cand\u00e1s"},"content":{"rendered":"<p><strong><img fetchpriority=\"high\" decoding=\"async\" class=\"alignleft size-medium wp-image-150836\" src=\"https:\/\/candas365.es\/noticias\/wp-content\/uploads\/2021\/01\/Candas-360x199.jpg\" alt=\"Cand\u00e1s - Pi\u00f1eres\" width=\"360\" height=\"199\" srcset=\"https:\/\/candas365.es\/noticias\/wp-content\/uploads\/2021\/01\/Candas-360x199.jpg 360w, https:\/\/candas365.es\/noticias\/wp-content\/uploads\/2021\/01\/Candas-650x360.jpg 650w, https:\/\/candas365.es\/noticias\/wp-content\/uploads\/2021\/01\/Candas-768x425.jpg 768w, https:\/\/candas365.es\/noticias\/wp-content\/uploads\/2021\/01\/Candas.jpg 1034w\" sizes=\"(max-width: 360px) 100vw, 360px\" \/>El Gobierno de Asturias ha finalizado las obras de derribo del poblado de Pi\u00f1eres, en Cand\u00e1s<\/strong>, para erradicar el chabolismo en favor de la inserci\u00f3n social. Estos m\u00f3dulos prefabricados se instalaron de forma provisional y en ellos llegaron a vivir veintid\u00f3s familias, que ahora residen en viviendas normalizadas en diferentes enclaves de Carre\u00f1o. <strong>Con su demolici\u00f3n, que ha supuesto una inversi\u00f3n de 45.900 euros, se pone fin a los asentamientos marginales en el concejo<\/strong>.<\/p>\n<p>El poblado de Pi\u00f1eres se hallaba en una parcela municipal de 2.500 metros cuadrados. En 1985 se levantaron varios m\u00f3dulos prefabricados para ofrecer una mejor alternativa habitacional a las familias asentadas, que fueron sustituidos en 2001 por m\u00f3dulos de hormig\u00f3n, tras un incendio que afect\u00f3 a las casas prefabricadas.<\/p>\n<p>La Direcci\u00f3n General de Vivienda y el <strong>Ayuntamiento de Carre\u00f1o<\/strong> vienen trabajando de forma conjunta desde hace veinte a\u00f1os en diferentes programas en favor de la inserci\u00f3n del colectivo gitano y de las familias que viv\u00edan en este enclave. Los menores contaron con programas de apoyo escolar y tareas de ocio educativo y uno de los m\u00f3dulos estuvo destinado a dar apoyo espec\u00edfico y refuerzo a los ni\u00f1os de Pi\u00f1eres, donde se realizaban todo tipo de actividades l\u00fadicas y de ocio. Tambi\u00e9n se impulsaron programas de educaci\u00f3n y ense\u00f1anza y todos los menores recibieron educaci\u00f3n infantil y primaria.<\/p>\n<p>Otros de los \u00e1mbitos en los que se ha trabajado con estas familias fueron la educaci\u00f3n sexual, la planificaci\u00f3n familiar, los primeros auxilios, los cuidados de urgencias en casa, la promoci\u00f3n de la salud ginecol\u00f3gica, la preparaci\u00f3n para sacar el carn\u00e9 de conducir o las clases de alfabetizaci\u00f3n.<\/p>\n<p>&nbsp;<\/p>\n","protected":false},"excerpt":{"rendered":"<p>El Gobierno de Asturias ha finalizado las obras de derribo del poblado de Pi\u00f1eres, en Cand\u00e1s, para erradicar el chabolismo en favor de la inserci\u00f3n social. Estos m\u00f3dulos prefabricados se instalaron de forma provisional y en ellos llegaron a vivir veintid\u00f3s familias, que ahora residen en viviendas normalizadas en diferentes enclaves de Carre\u00f1o. Con su<\/p>\n","protected":false},"author":1,"featured_media":150836,"comment_status":"closed","ping_status":"closed","sticky":false,"template":"","format":"standard","meta":{"footnotes":""},"categories":[2],"tags":[],"class_list":{"0":"post-150835","1":"post","2":"type-post","3":"status-publish","4":"format-standard","5":"has-post-thumbnail","7":"category-noticias-carreno"},"aioseo_notices":[],"aioseo_head":"\n\t\t<!-- All in One SEO Pro 4.9.6.2 - aioseo.com -->\n\t<meta name=\"description\" content=\"El Gobierno de Asturias ha finalizado las obras de derribo del poblado de Pi\u00f1eres, en Cand\u00e1s, para erradicar el chabolismo en favor de la inserci\u00f3n social. Estos m\u00f3dulos prefabricados se instalaron de forma provisional y en ellos llegaron a vivir veintid\u00f3s familias, que ahora residen en viviendas normalizadas en diferentes enclaves de Carre\u00f1o. Con su\" \/>\n\t<meta name=\"robots\" content=\"max-image-preview:large\" \/>\n\t<meta name=\"author\" content=\"Cand\u00e1s 365\"\/>\n\t<meta name=\"google-site-verification\" content=\"UA-32230408-1\" \/>\n\t<meta name=\"msvalidate.01\" content=\"354F3CDFB2DA171B47FBE9ABF1F88D5\" \/>\n\t<meta name=\"keywords\" content=\"noticias carre\u00f1o\" \/>\n\t<link rel=\"canonical\" href=\"https:\/\/candas365.es\/noticias\/terminado-el-derribo-del-poblado-de-pineres-en-candas\/\" \/>\n\t<meta name=\"generator\" content=\"All in One SEO Pro (AIOSEO) 4.9.6.2\" \/>\n\t\t<meta property=\"og:locale\" content=\"es_ES\" \/>\n\t\t<meta property=\"og:site_name\" content=\"Cand\u00e1s 365\" \/>\n\t\t<meta property=\"og:type\" content=\"article\" \/>\n\t\t<meta property=\"og:title\" content=\"Terminado el derribo del poblado de Pi\u00f1eres, en Cand\u00e1s | Cand\u00e1s 365\" \/>\n\t\t<meta property=\"og:description\" content=\"El Gobierno de Asturias ha finalizado las obras de derribo del poblado de Pi\u00f1eres, en Cand\u00e1s, para erradicar el chabolismo en favor de la inserci\u00f3n social. Estos m\u00f3dulos prefabricados se instalaron de forma provisional y en ellos llegaron a vivir veintid\u00f3s familias, que ahora residen en viviendas normalizadas en diferentes enclaves de Carre\u00f1o. Con su\" \/>\n\t\t<meta property=\"og:url\" content=\"https:\/\/candas365.es\/noticias\/terminado-el-derribo-del-poblado-de-pineres-en-candas\/\" \/>\n\t\t<meta property=\"og:image\" content=\"https:\/\/candas365.es\/noticias\/wp-content\/uploads\/2021\/01\/Candas.jpg\" \/>\n\t\t<meta property=\"og:image:secure_url\" content=\"https:\/\/candas365.es\/noticias\/wp-content\/uploads\/2021\/01\/Candas.jpg\" \/>\n\t\t<meta property=\"og:image:width\" content=\"1034\" \/>\n\t\t<meta property=\"og:image:height\" content=\"572\" \/>\n\t\t<meta property=\"article:published_time\" content=\"2021-01-09T11:10:48+00:00\" \/>\n\t\t<meta property=\"article:modified_time\" content=\"2021-01-09T11:10:48+00:00\" \/>\n\t\t<meta property=\"article:publisher\" content=\"https:\/\/www.facebook.com\/Nachofdezber\" \/>\n\t\t<meta property=\"article:author\" content=\"https:\/\/www.facebook.com\/carrenoactualidad\" \/>\n\t\t<meta name=\"twitter:card\" content=\"summary_large_image\" \/>\n\t\t<meta name=\"twitter:site\" content=\"@NabercoDigital\" \/>\n\t\t<meta name=\"twitter:title\" content=\"Terminado el derribo del poblado de Pi\u00f1eres, en Cand\u00e1s | Cand\u00e1s 365\" \/>\n\t\t<meta name=\"twitter:description\" content=\"El Gobierno de Asturias ha finalizado las obras de derribo del poblado de Pi\u00f1eres, en Cand\u00e1s, para erradicar el chabolismo en favor de la inserci\u00f3n social. Estos m\u00f3dulos prefabricados se instalaron de forma provisional y en ellos llegaron a vivir veintid\u00f3s familias, que ahora residen en viviendas normalizadas en diferentes enclaves de Carre\u00f1o. Con su\" \/>\n\t\t<meta name=\"twitter:creator\" content=\"@nbasturias\" \/>\n\t\t<meta name=\"twitter:image\" content=\"https:\/\/candas365.es\/noticias\/wp-content\/uploads\/2021\/01\/Candas.jpg\" \/>\n\t\t<meta name=\"twitter:label1\" content=\"Escrito por\" \/>\n\t\t<meta name=\"twitter:data1\" content=\"Cand\u00e1s 365\" \/>\n\t\t<meta name=\"twitter:label2\" content=\"Tiempo de lectura estimado\" \/>\n\t\t<meta name=\"twitter:data2\" content=\"1 minuto\" \/>\n\t\t<script type=\"application\/ld+json\" class=\"aioseo-schema\">\n\t\t\t{\"@context\":\"https:\\\/\\\/schema.org\",\"@graph\":[{\"@type\":\"BreadcrumbList\",\"@id\":\"https:\\\/\\\/candas365.es\\\/noticias\\\/terminado-el-derribo-del-poblado-de-pineres-en-candas\\\/#breadcrumblist\",\"itemListElement\":[{\"@type\":\"ListItem\",\"@id\":\"https:\\\/\\\/candas365.es\\\/noticias#listItem\",\"position\":1,\"name\":\"Home\",\"item\":\"https:\\\/\\\/candas365.es\\\/noticias\",\"nextItem\":{\"@type\":\"ListItem\",\"@id\":\"https:\\\/\\\/candas365.es\\\/noticias\\\/category\\\/noticias-carreno\\\/#listItem\",\"name\":\"Noticias Carre\\u00f1o\"}},{\"@type\":\"ListItem\",\"@id\":\"https:\\\/\\\/candas365.es\\\/noticias\\\/category\\\/noticias-carreno\\\/#listItem\",\"position\":2,\"name\":\"Noticias Carre\\u00f1o\",\"item\":\"https:\\\/\\\/candas365.es\\\/noticias\\\/category\\\/noticias-carreno\\\/\",\"nextItem\":{\"@type\":\"ListItem\",\"@id\":\"https:\\\/\\\/candas365.es\\\/noticias\\\/terminado-el-derribo-del-poblado-de-pineres-en-candas\\\/#listItem\",\"name\":\"Terminado el derribo del poblado de Pi\\u00f1eres, en Cand\\u00e1s\"},\"previousItem\":{\"@type\":\"ListItem\",\"@id\":\"https:\\\/\\\/candas365.es\\\/noticias#listItem\",\"name\":\"Home\"}},{\"@type\":\"ListItem\",\"@id\":\"https:\\\/\\\/candas365.es\\\/noticias\\\/terminado-el-derribo-del-poblado-de-pineres-en-candas\\\/#listItem\",\"position\":3,\"name\":\"Terminado el derribo del poblado de Pi\\u00f1eres, en Cand\\u00e1s\",\"previousItem\":{\"@type\":\"ListItem\",\"@id\":\"https:\\\/\\\/candas365.es\\\/noticias\\\/category\\\/noticias-carreno\\\/#listItem\",\"name\":\"Noticias Carre\\u00f1o\"}}]},{\"@type\":\"NewsArticle\",\"@id\":\"https:\\\/\\\/candas365.es\\\/noticias\\\/terminado-el-derribo-del-poblado-de-pineres-en-candas\\\/#newsarticle\",\"name\":\"Terminado el derribo del poblado de Pi\\u00f1eres, en Cand\\u00e1s | Cand\\u00e1s 365\",\"headline\":\"Terminado el derribo del poblado de Pi\\u00f1eres, en Cand\\u00e1s\",\"author\":{\"@id\":\"https:\\\/\\\/candas365.es\\\/noticias\\\/author\\\/admin\\\/#author\"},\"publisher\":{\"@id\":\"https:\\\/\\\/candas365.es\\\/noticias\\\/#organization\"},\"image\":{\"@type\":\"ImageObject\",\"url\":\"https:\\\/\\\/candas365.es\\\/noticias\\\/wp-content\\\/uploads\\\/2021\\\/01\\\/Candas.jpg\",\"width\":1034,\"height\":572,\"caption\":\"Cand\\u00e1s - Pi\\u00f1eres\"},\"datePublished\":\"2021-01-09T11:10:48+01:00\",\"dateModified\":\"2021-01-09T11:10:48+01:00\",\"inLanguage\":\"es-ES\",\"mainEntityOfPage\":{\"@id\":\"https:\\\/\\\/candas365.es\\\/noticias\\\/terminado-el-derribo-del-poblado-de-pineres-en-candas\\\/#webpage\"},\"isPartOf\":{\"@id\":\"https:\\\/\\\/candas365.es\\\/noticias\\\/terminado-el-derribo-del-poblado-de-pineres-en-candas\\\/#webpage\"},\"articleSection\":\"Noticias Carre\\u00f1o\",\"dateline\":\"Publicado el enero 9, 2021.\"},{\"@type\":\"Organization\",\"@id\":\"https:\\\/\\\/candas365.es\\\/noticias\\\/#organization\",\"name\":\"Cand\\u00e1s 365\",\"description\":\"Cand\\u00e1s 365 es un diario digital independiente, fundado en 2012, con base en Asturias. Informamos con rigor sobre actualidad, sociedad, cultura y ocio, con una mirada local y global.\",\"url\":\"https:\\\/\\\/candas365.es\\\/noticias\\\/\",\"email\":\"info@candas365.es\",\"telephone\":\"+34652131393\",\"foundingDate\":\"2012-06-10\",\"logo\":{\"@type\":\"ImageObject\",\"url\":\"https:\\\/\\\/candas365.es\\\/noticias\\\/wp-content\\\/uploads\\\/2024\\\/09\\\/Candas-365-Redes.jpg\",\"@id\":\"https:\\\/\\\/candas365.es\\\/noticias\\\/terminado-el-derribo-del-poblado-de-pineres-en-candas\\\/#organizationLogo\",\"width\":1152,\"height\":864,\"caption\":\"Cand\\u00e1s 365 Redes\"},\"image\":{\"@id\":\"https:\\\/\\\/candas365.es\\\/noticias\\\/terminado-el-derribo-del-poblado-de-pineres-en-candas\\\/#organizationLogo\"},\"sameAs\":[\"https:\\\/\\\/www.facebook.com\\\/Nachofdezber\",\"https:\\\/\\\/x.com\\\/NabercoDigital\",\"https:\\\/\\\/www.instagram.com\\\/nachofdezber\\\/\",\"https:\\\/\\\/www.youtube.com\\\/channel\\\/UCZP-2wLEB9Rv6erhFmqVnvg\"],\"address\":{\"@id\":\"https:\\\/\\\/candas365.es\\\/noticias\\\/#postaladdress\",\"@type\":\"PostalAddress\",\"streetAddress\":\"san antonio 4, san antonio 4\",\"postalCode\":\"33430\",\"addressLocality\":\"Cand\\u00e1s\",\"addressRegion\":\"Asturias\",\"addressCountry\":\"ES\"}},{\"@type\":\"Person\",\"@id\":\"https:\\\/\\\/candas365.es\\\/noticias\\\/author\\\/admin\\\/#author\",\"url\":\"https:\\\/\\\/candas365.es\\\/noticias\\\/author\\\/admin\\\/\",\"name\":\"Cand\\u00e1s 365\",\"image\":{\"@type\":\"ImageObject\",\"@id\":\"https:\\\/\\\/candas365.es\\\/noticias\\\/terminado-el-derribo-del-poblado-de-pineres-en-candas\\\/#authorImage\",\"url\":\"https:\\\/\\\/secure.gravatar.com\\\/avatar\\\/496a8e03d0c493ede1718b7934145dbdf8d89be1036b0eec9544e1094c9de390?s=96&d=mm&r=g\",\"width\":96,\"height\":96,\"caption\":\"Cand\\u00e1s 365\"},\"sameAs\":[\"https:\\\/\\\/www.facebook.com\\\/carrenoactualidad\",\"https:\\\/\\\/twitter.com\\\/nbasturias\",\"https:\\\/\\\/www.instagram.com\\\/nachofdezber\\\/\",\"https:\\\/\\\/www.youtube.com\\\/channel\\\/UCZP-2wLEB9Rv6erhFmqVnvg\"]},{\"@type\":\"WebPage\",\"@id\":\"https:\\\/\\\/candas365.es\\\/noticias\\\/terminado-el-derribo-del-poblado-de-pineres-en-candas\\\/#webpage\",\"url\":\"https:\\\/\\\/candas365.es\\\/noticias\\\/terminado-el-derribo-del-poblado-de-pineres-en-candas\\\/\",\"name\":\"Terminado el derribo del poblado de Pi\\u00f1eres, en Cand\\u00e1s | Cand\\u00e1s 365\",\"description\":\"El Gobierno de Asturias ha finalizado las obras de derribo del poblado de Pi\\u00f1eres, en Cand\\u00e1s, para erradicar el chabolismo en favor de la inserci\\u00f3n social. Estos m\\u00f3dulos prefabricados se instalaron de forma provisional y en ellos llegaron a vivir veintid\\u00f3s familias, que ahora residen en viviendas normalizadas en diferentes enclaves de Carre\\u00f1o. Con su\",\"inLanguage\":\"es-ES\",\"isPartOf\":{\"@id\":\"https:\\\/\\\/candas365.es\\\/noticias\\\/#website\"},\"breadcrumb\":{\"@id\":\"https:\\\/\\\/candas365.es\\\/noticias\\\/terminado-el-derribo-del-poblado-de-pineres-en-candas\\\/#breadcrumblist\"},\"author\":{\"@id\":\"https:\\\/\\\/candas365.es\\\/noticias\\\/author\\\/admin\\\/#author\"},\"creator\":{\"@id\":\"https:\\\/\\\/candas365.es\\\/noticias\\\/author\\\/admin\\\/#author\"},\"image\":{\"@type\":\"ImageObject\",\"url\":\"https:\\\/\\\/candas365.es\\\/noticias\\\/wp-content\\\/uploads\\\/2021\\\/01\\\/Candas.jpg\",\"@id\":\"https:\\\/\\\/candas365.es\\\/noticias\\\/terminado-el-derribo-del-poblado-de-pineres-en-candas\\\/#mainImage\",\"width\":1034,\"height\":572,\"caption\":\"Cand\\u00e1s - Pi\\u00f1eres\"},\"primaryImageOfPage\":{\"@id\":\"https:\\\/\\\/candas365.es\\\/noticias\\\/terminado-el-derribo-del-poblado-de-pineres-en-candas\\\/#mainImage\"},\"datePublished\":\"2021-01-09T11:10:48+01:00\",\"dateModified\":\"2021-01-09T11:10:48+01:00\"},{\"@type\":\"WebSite\",\"@id\":\"https:\\\/\\\/candas365.es\\\/noticias\\\/#website\",\"url\":\"https:\\\/\\\/candas365.es\\\/noticias\\\/\",\"name\":\"Cand\\u00e1s 365\",\"alternateName\":\"Cand\\u00e1s 365 Noticias\",\"description\":\"Actualidad desde Carre\\u00f1o para el mundo\",\"inLanguage\":\"es-ES\",\"publisher\":{\"@id\":\"https:\\\/\\\/candas365.es\\\/noticias\\\/#organization\"}}]}\n\t\t<\/script>\n\t\t<!-- All in One SEO Pro -->\r\n\t\t<title>Terminado el derribo del poblado de Pi\u00f1eres, en Cand\u00e1s | Cand\u00e1s 365<\/title>\n\n","aioseo_head_json":{"title":"Terminado el derribo del poblado de Pi\u00f1eres, en Cand\u00e1s | Cand\u00e1s 365","description":"El Gobierno de Asturias ha finalizado las obras de derribo del poblado de Pi\u00f1eres, en Cand\u00e1s, para erradicar el chabolismo en favor de la inserci\u00f3n social. Estos m\u00f3dulos prefabricados se instalaron de forma provisional y en ellos llegaron a vivir veintid\u00f3s familias, que ahora residen en viviendas normalizadas en diferentes enclaves de Carre\u00f1o. Con su","canonical_url":"https:\/\/candas365.es\/noticias\/terminado-el-derribo-del-poblado-de-pineres-en-candas\/","robots":"max-image-preview:large","keywords":"noticias carre\u00f1o","webmasterTools":{"google-site-verification":"UA-32230408-1","msvalidate.01":"354F3CDFB2DA171B47FBE9ABF1F88D5","miscellaneous":""},"schema":{"@context":"https:\/\/schema.org","@graph":[{"@type":"BreadcrumbList","@id":"https:\/\/candas365.es\/noticias\/terminado-el-derribo-del-poblado-de-pineres-en-candas\/#breadcrumblist","itemListElement":[{"@type":"ListItem","@id":"https:\/\/candas365.es\/noticias#listItem","position":1,"name":"Home","item":"https:\/\/candas365.es\/noticias","nextItem":{"@type":"ListItem","@id":"https:\/\/candas365.es\/noticias\/category\/noticias-carreno\/#listItem","name":"Noticias Carre\u00f1o"}},{"@type":"ListItem","@id":"https:\/\/candas365.es\/noticias\/category\/noticias-carreno\/#listItem","position":2,"name":"Noticias Carre\u00f1o","item":"https:\/\/candas365.es\/noticias\/category\/noticias-carreno\/","nextItem":{"@type":"ListItem","@id":"https:\/\/candas365.es\/noticias\/terminado-el-derribo-del-poblado-de-pineres-en-candas\/#listItem","name":"Terminado el derribo del poblado de Pi\u00f1eres, en Cand\u00e1s"},"previousItem":{"@type":"ListItem","@id":"https:\/\/candas365.es\/noticias#listItem","name":"Home"}},{"@type":"ListItem","@id":"https:\/\/candas365.es\/noticias\/terminado-el-derribo-del-poblado-de-pineres-en-candas\/#listItem","position":3,"name":"Terminado el derribo del poblado de Pi\u00f1eres, en Cand\u00e1s","previousItem":{"@type":"ListItem","@id":"https:\/\/candas365.es\/noticias\/category\/noticias-carreno\/#listItem","name":"Noticias Carre\u00f1o"}}]},{"@type":"NewsArticle","@id":"https:\/\/candas365.es\/noticias\/terminado-el-derribo-del-poblado-de-pineres-en-candas\/#newsarticle","name":"Terminado el derribo del poblado de Pi\u00f1eres, en Cand\u00e1s | Cand\u00e1s 365","headline":"Terminado el derribo del poblado de Pi\u00f1eres, en Cand\u00e1s","author":{"@id":"https:\/\/candas365.es\/noticias\/author\/admin\/#author"},"publisher":{"@id":"https:\/\/candas365.es\/noticias\/#organization"},"image":{"@type":"ImageObject","url":"https:\/\/candas365.es\/noticias\/wp-content\/uploads\/2021\/01\/Candas.jpg","width":1034,"height":572,"caption":"Cand\u00e1s - Pi\u00f1eres"},"datePublished":"2021-01-09T11:10:48+01:00","dateModified":"2021-01-09T11:10:48+01:00","inLanguage":"es-ES","mainEntityOfPage":{"@id":"https:\/\/candas365.es\/noticias\/terminado-el-derribo-del-poblado-de-pineres-en-candas\/#webpage"},"isPartOf":{"@id":"https:\/\/candas365.es\/noticias\/terminado-el-derribo-del-poblado-de-pineres-en-candas\/#webpage"},"articleSection":"Noticias Carre\u00f1o","dateline":"Publicado el enero 9, 2021."},{"@type":"Organization","@id":"https:\/\/candas365.es\/noticias\/#organization","name":"Cand\u00e1s 365","description":"Cand\u00e1s 365 es un diario digital independiente, fundado en 2012, con base en Asturias. Informamos con rigor sobre actualidad, sociedad, cultura y ocio, con una mirada local y global.","url":"https:\/\/candas365.es\/noticias\/","email":"info@candas365.es","telephone":"+34652131393","foundingDate":"2012-06-10","logo":{"@type":"ImageObject","url":"https:\/\/candas365.es\/noticias\/wp-content\/uploads\/2024\/09\/Candas-365-Redes.jpg","@id":"https:\/\/candas365.es\/noticias\/terminado-el-derribo-del-poblado-de-pineres-en-candas\/#organizationLogo","width":1152,"height":864,"caption":"Cand\u00e1s 365 Redes"},"image":{"@id":"https:\/\/candas365.es\/noticias\/terminado-el-derribo-del-poblado-de-pineres-en-candas\/#organizationLogo"},"sameAs":["https:\/\/www.facebook.com\/Nachofdezber","https:\/\/x.com\/NabercoDigital","https:\/\/www.instagram.com\/nachofdezber\/","https:\/\/www.youtube.com\/channel\/UCZP-2wLEB9Rv6erhFmqVnvg"],"address":{"@id":"https:\/\/candas365.es\/noticias\/#postaladdress","@type":"PostalAddress","streetAddress":"san antonio 4, san antonio 4","postalCode":"33430","addressLocality":"Cand\u00e1s","addressRegion":"Asturias","addressCountry":"ES"}},{"@type":"Person","@id":"https:\/\/candas365.es\/noticias\/author\/admin\/#author","url":"https:\/\/candas365.es\/noticias\/author\/admin\/","name":"Cand\u00e1s 365","image":{"@type":"ImageObject","@id":"https:\/\/candas365.es\/noticias\/terminado-el-derribo-del-poblado-de-pineres-en-candas\/#authorImage","url":"https:\/\/secure.gravatar.com\/avatar\/496a8e03d0c493ede1718b7934145dbdf8d89be1036b0eec9544e1094c9de390?s=96&d=mm&r=g","width":96,"height":96,"caption":"Cand\u00e1s 365"},"sameAs":["https:\/\/www.facebook.com\/carrenoactualidad","https:\/\/twitter.com\/nbasturias","https:\/\/www.instagram.com\/nachofdezber\/","https:\/\/www.youtube.com\/channel\/UCZP-2wLEB9Rv6erhFmqVnvg"]},{"@type":"WebPage","@id":"https:\/\/candas365.es\/noticias\/terminado-el-derribo-del-poblado-de-pineres-en-candas\/#webpage","url":"https:\/\/candas365.es\/noticias\/terminado-el-derribo-del-poblado-de-pineres-en-candas\/","name":"Terminado el derribo del poblado de Pi\u00f1eres, en Cand\u00e1s | Cand\u00e1s 365","description":"El Gobierno de Asturias ha finalizado las obras de derribo del poblado de Pi\u00f1eres, en Cand\u00e1s, para erradicar el chabolismo en favor de la inserci\u00f3n social. Estos m\u00f3dulos prefabricados se instalaron de forma provisional y en ellos llegaron a vivir veintid\u00f3s familias, que ahora residen en viviendas normalizadas en diferentes enclaves de Carre\u00f1o. Con su","inLanguage":"es-ES","isPartOf":{"@id":"https:\/\/candas365.es\/noticias\/#website"},"breadcrumb":{"@id":"https:\/\/candas365.es\/noticias\/terminado-el-derribo-del-poblado-de-pineres-en-candas\/#breadcrumblist"},"author":{"@id":"https:\/\/candas365.es\/noticias\/author\/admin\/#author"},"creator":{"@id":"https:\/\/candas365.es\/noticias\/author\/admin\/#author"},"image":{"@type":"ImageObject","url":"https:\/\/candas365.es\/noticias\/wp-content\/uploads\/2021\/01\/Candas.jpg","@id":"https:\/\/candas365.es\/noticias\/terminado-el-derribo-del-poblado-de-pineres-en-candas\/#mainImage","width":1034,"height":572,"caption":"Cand\u00e1s - Pi\u00f1eres"},"primaryImageOfPage":{"@id":"https:\/\/candas365.es\/noticias\/terminado-el-derribo-del-poblado-de-pineres-en-candas\/#mainImage"},"datePublished":"2021-01-09T11:10:48+01:00","dateModified":"2021-01-09T11:10:48+01:00"},{"@type":"WebSite","@id":"https:\/\/candas365.es\/noticias\/#website","url":"https:\/\/candas365.es\/noticias\/","name":"Cand\u00e1s 365","alternateName":"Cand\u00e1s 365 Noticias","description":"Actualidad desde Carre\u00f1o para el mundo","inLanguage":"es-ES","publisher":{"@id":"https:\/\/candas365.es\/noticias\/#organization"}}]},"og:locale":"es_ES","og:site_name":"Cand\u00e1s 365","og:type":"article","og:title":"Terminado el derribo del poblado de Pi\u00f1eres, en Cand\u00e1s | Cand\u00e1s 365","og:description":"El Gobierno de Asturias ha finalizado las obras de derribo del poblado de Pi\u00f1eres, en Cand\u00e1s, para erradicar el chabolismo en favor de la inserci\u00f3n social. Estos m\u00f3dulos prefabricados se instalaron de forma provisional y en ellos llegaron a vivir veintid\u00f3s familias, que ahora residen en viviendas normalizadas en diferentes enclaves de Carre\u00f1o. Con su","og:url":"https:\/\/candas365.es\/noticias\/terminado-el-derribo-del-poblado-de-pineres-en-candas\/","og:image":"https:\/\/candas365.es\/noticias\/wp-content\/uploads\/2021\/01\/Candas.jpg","og:image:secure_url":"https:\/\/candas365.es\/noticias\/wp-content\/uploads\/2021\/01\/Candas.jpg","og:image:width":1034,"og:image:height":572,"article:published_time":"2021-01-09T11:10:48+00:00","article:modified_time":"2021-01-09T11:10:48+00:00","article:publisher":"https:\/\/www.facebook.com\/Nachofdezber","article:author":"https:\/\/www.facebook.com\/carrenoactualidad","twitter:card":"summary_large_image","twitter:site":"@NabercoDigital","twitter:title":"Terminado el derribo del poblado de Pi\u00f1eres, en Cand\u00e1s | Cand\u00e1s 365","twitter:description":"El Gobierno de Asturias ha finalizado las obras de derribo del poblado de Pi\u00f1eres, en Cand\u00e1s, para erradicar el chabolismo en favor de la inserci\u00f3n social. Estos m\u00f3dulos prefabricados se instalaron de forma provisional y en ellos llegaron a vivir veintid\u00f3s familias, que ahora residen en viviendas normalizadas en diferentes enclaves de Carre\u00f1o. Con su","twitter:creator":"@nbasturias","twitter:image":"https:\/\/candas365.es\/noticias\/wp-content\/uploads\/2021\/01\/Candas.jpg","twitter:label1":"Escrito por","twitter:data1":"Cand\u00e1s 365","twitter:label2":"Tiempo de lectura estimado","twitter:data2":"1 minuto"},"aioseo_meta_data":{"post_id":"150835","title":null,"description":null,"keywords":null,"keyphrases":null,"primary_term":null,"canonical_url":null,"og_title":null,"og_description":null,"og_object_type":"default","og_image_type":"default","og_image_url":null,"og_image_width":null,"og_image_height":null,"og_image_custom_url":null,"og_image_custom_fields":null,"og_video":null,"og_custom_url":null,"og_article_section":null,"og_article_tags":null,"twitter_use_og":false,"twitter_card":"default","twitter_image_type":"default","twitter_image_url":null,"twitter_image_custom_url":null,"twitter_image_custom_fields":null,"twitter_title":null,"twitter_description":null,"schema":{"blockGraphs":[],"customGraphs":[],"default":{"data":{"Article":[],"Course":[],"Dataset":[],"FAQPage":[],"Movie":[],"Person":[],"Product":[],"ProductReview":[],"Car":[],"Recipe":[],"Service":[],"SoftwareApplication":[],"WebPage":[]},"graphName":"","isEnabled":true},"graphs":[],"defaultGraph":"","defaultPostTypeGraph":""},"schema_type":null,"schema_type_options":null,"pillar_content":false,"robots_default":true,"robots_noindex":false,"robots_noarchive":false,"robots_nosnippet":false,"robots_nofollow":false,"robots_noimageindex":false,"robots_noodp":false,"robots_notranslate":false,"robots_max_snippet":null,"robots_max_videopreview":null,"robots_max_imagepreview":"large","priority":null,"frequency":null,"location":null,"local_seo":null,"seo_analyzer_scan_date":"2025-08-31 16:31:16","breadcrumb_settings":null,"limit_modified_date":false,"reviewed_by":null,"open_ai":null,"ai":null,"created":"2021-01-27 13:48:20","updated":"2025-08-31 16:31:16"},"aioseo_breadcrumb":"<div class=\"aioseo-breadcrumbs\"><span class=\"aioseo-breadcrumb\">\n\t<a href=\"https:\/\/candas365.es\/noticias\" title=\"Home\">Home<\/a>\n<\/span><span class=\"aioseo-breadcrumb-separator\">&ndash;<\/span><span class=\"aioseo-breadcrumb\">\n\t<a href=\"https:\/\/candas365.es\/noticias\/category\/noticias-carreno\/\" title=\"Noticias Carre\u00f1o\">Noticias Carre\u00f1o<\/a>\n<\/span><span class=\"aioseo-breadcrumb-separator\">&ndash;<\/span><span class=\"aioseo-breadcrumb\">\n\tTerminado el derribo del poblado de Pi\u00f1eres, en Cand\u00e1s\n<\/span><\/div>","aioseo_breadcrumb_json":[{"label":"Home","link":"https:\/\/candas365.es\/noticias"},{"label":"Noticias Carre\u00f1o","link":"https:\/\/candas365.es\/noticias\/category\/noticias-carreno\/"},{"label":"Terminado el derribo del poblado de Pi\u00f1eres, en Cand\u00e1s","link":"https:\/\/candas365.es\/noticias\/terminado-el-derribo-del-poblado-de-pineres-en-candas\/"}],"_links":{"self":[{"href":"https:\/\/candas365.es\/noticias\/wp-json\/wp\/v2\/posts\/150835","targetHints":{"allow":["GET"]}}],"collection":[{"href":"https:\/\/candas365.es\/noticias\/wp-json\/wp\/v2\/posts"}],"about":[{"href":"https:\/\/candas365.es\/noticias\/wp-json\/wp\/v2\/types\/post"}],"author":[{"embeddable":true,"href":"https:\/\/candas365.es\/noticias\/wp-json\/wp\/v2\/users\/1"}],"replies":[{"embeddable":true,"href":"https:\/\/candas365.es\/noticias\/wp-json\/wp\/v2\/comments?post=150835"}],"version-history":[{"count":0,"href":"https:\/\/candas365.es\/noticias\/wp-json\/wp\/v2\/posts\/150835\/revisions"}],"wp:featuredmedia":[{"embeddable":true,"href":"https:\/\/candas365.es\/noticias\/wp-json\/wp\/v2\/media\/150836"}],"wp:attachment":[{"href":"https:\/\/candas365.es\/noticias\/wp-json\/wp\/v2\/media?parent=150835"}],"wp:term":[{"taxonomy":"category","embeddable":true,"href":"https:\/\/candas365.es\/noticias\/wp-json\/wp\/v2\/categories?post=150835"},{"taxonomy":"post_tag","embeddable":true,"href":"https:\/\/candas365.es\/noticias\/wp-json\/wp\/v2\/tags?post=150835"}],"curies":[{"name":"wp","href":"https:\/\/api.w.org\/{rel}","templated":true}]}}