{"id":150797,"date":"2021-01-02T12:41:20","date_gmt":"2021-01-02T12:41:20","guid":{"rendered":"http:\/\/candas365.es\/noticias\/?p=150797"},"modified":"2021-01-02T13:02:55","modified_gmt":"2021-01-02T13:02:55","slug":"simeone-el-alaves-es-un-rival-que-compite-muy-bien","status":"publish","type":"post","link":"https:\/\/candas365.es\/noticias\/simeone-el-alaves-es-un-rival-que-compite-muy-bien\/","title":{"rendered":"Simeone: \u00abEl Alav\u00e9s es un rival que compite muy bien\u00bb"},"content":{"rendered":"<p><img fetchpriority=\"high\" decoding=\"async\" class=\"alignleft size-medium wp-image-98026\" src=\"https:\/\/candas365.es\/noticias\/wp-content\/uploads\/2018\/06\/football-1406106_960_720-1-360x241.jpg\" alt=\"\" width=\"360\" height=\"241\" srcset=\"https:\/\/candas365.es\/noticias\/wp-content\/uploads\/2018\/06\/football-1406106_960_720-1-360x241.jpg 360w, https:\/\/candas365.es\/noticias\/wp-content\/uploads\/2018\/06\/football-1406106_960_720-1-768x514.jpg 768w, https:\/\/candas365.es\/noticias\/wp-content\/uploads\/2018\/06\/football-1406106_960_720-1-655x439.jpg 655w, https:\/\/candas365.es\/noticias\/wp-content\/uploads\/2018\/06\/football-1406106_960_720-1-696x466.jpg 696w, https:\/\/candas365.es\/noticias\/wp-content\/uploads\/2018\/06\/football-1406106_960_720-1-627x420.jpg 627w, https:\/\/candas365.es\/noticias\/wp-content\/uploads\/2018\/06\/football-1406106_960_720-1.jpg 960w\" sizes=\"(max-width: 360px) 100vw, 360px\" \/>(EP) &#8211; El entrenador del Atl\u00e9tico de Madrid, Diego Pablo Simeone, ha reconocido que est\u00e1n \u00abvalorando\u00bb si incorporan a alg\u00fan futbolista en el mercado de invierno, sobre todo tras la marcha de Diego Costa, aunque ha instado a seguir centrados en LaLiga Santander, donde son l\u00edderes y en la que visitan este domingo al Deportivo Alav\u00e9s, un rival que \u00abcompite muy bien\u00bb y que tiene \u00abun juego directo importante\u00bb.<\/p>\n<p>\u00abSiempre hablamos con el club en consecuencia de lo que el equipo necesita, estamos valorando si traemos a alguien o no, lo ir\u00e1n sabiendo con el correr de los d\u00edas\u00bb, declar\u00f3 en rueda de prensa. \u00abEstamos buscando y trabajando lo que mejor le venga al equipo y al club\u00bb, a\u00f1adi\u00f3.<\/p>\n<p>A pesar de ya no poder contar con el hispano-brasile\u00f1o, el &#8216;Cholo&#8217; sigue disponiendo de un Luis Su\u00e1rez en estado de gracia. \u00abValoro a Luis como el futbolista que fuimos a buscar y que quiso venir. Est\u00e1 transmitiendo exactamente lo que hablamos la primera vez por tel\u00e9fono. Ojal\u00e1 pueda mantener esta regularidad. Lo necesitamos, es un jugador muy importante para nosotros por su jerarqu\u00eda, por su fortaleza y, sobre todo, por su contundencia\u00bb, afirm\u00f3.<\/p>\n<p>\u00abCuando elegimos un futbolista con la direcci\u00f3n deportiva, nos ilusionamos con lo que mejor imaginamos de cada uno de ellos. Algunos tardan m\u00e1s tiempo en demostrarlo. Hermoso, Llorente, Joao F\u00e9lix, Lemar, Herrera&#8230; han tenido un crecimiento importante\u00bb, continu\u00f3.<\/p>\n<p>En este sentido, destac\u00f3 el gran momento y la polivalencia de Marcos Llorente. \u00abHoy Llorente est\u00e1 muy bien, y cuando un futbolista est\u00e1 bien, pongas donde lo pongas va a rendir. Tiene una energ\u00eda buena, est\u00e1 ilusionado, tiene ganas de jugar, de competir. Ese es el camino para que el entrenador y el equipo puedan tener m\u00e1s variantes que favorezcan el juego colectivo del grupo\u00bb, explic\u00f3.<\/p>\n<p>Sobre el partido de este domingo, el t\u00e9cnico argentino subray\u00f3 los puntos fuertes del cuadro babazorro. \u00abEs un rival que compite muy bien, que es muy duro, que tiene un juego directo importante y dos delanteros muy fuertes, que tiene un trabajo por banda interesante, que llegan con mucha gente de segunda l\u00ednea. Tendremos que llevar el partido a donde creamos que les pueda hacer da\u00f1o\u00bb, expuso.<\/p>\n<p>En otro orden de cosas, Simeone no se mostr\u00f3 preocupado por c\u00f3mo pueda estar el terreno de juego de Mendizorrotza y por un posible aplazamiento del partido. \u00abEstamos preparados para las circunstancias que nos podamos encontrar. Sabemos el tiempo que est\u00e1 haciendo en Vitoria. Cuando lleguemos, la gente que tiene que tomar decisiones, las tomar\u00e1\u00bb, concluy\u00f3.<\/p>\n","protected":false},"excerpt":{"rendered":"<p>(EP) &#8211; El entrenador del Atl\u00e9tico de Madrid, Diego Pablo Simeone, ha reconocido que est\u00e1n \u00abvalorando\u00bb si incorporan a alg\u00fan futbolista en el mercado de invierno, sobre todo tras la marcha de Diego Costa, aunque ha instado a seguir centrados en LaLiga Santander, donde son l\u00edderes y en la que visitan este domingo al Deportivo<\/p>\n","protected":false},"author":1,"featured_media":102401,"comment_status":"closed","ping_status":"closed","sticky":false,"template":"","format":"standard","meta":{"footnotes":""},"categories":[319],"tags":[],"class_list":{"0":"post-150797","1":"post","2":"type-post","3":"status-publish","4":"format-standard","5":"has-post-thumbnail","7":"category-deporte"},"aioseo_notices":[],"aioseo_head":"\n\t\t<!-- All in One SEO Pro 4.9.6.2 - aioseo.com -->\n\t<meta name=\"description\" content=\"(EP) - El entrenador del Atl\u00e9tico de Madrid, Diego Pablo Simeone, ha reconocido que est\u00e1n &quot;valorando&quot; si incorporan a alg\u00fan futbolista en el mercado de invierno, sobre todo tras la marcha de Diego Costa, aunque ha instado a seguir centrados en LaLiga Santander, donde son l\u00edderes y en la que visitan este domingo al Deportivo\" \/>\n\t<meta name=\"robots\" content=\"max-image-preview:large\" \/>\n\t<meta name=\"author\" content=\"Cand\u00e1s 365\"\/>\n\t<meta name=\"google-site-verification\" content=\"UA-32230408-1\" \/>\n\t<meta name=\"msvalidate.01\" content=\"354F3CDFB2DA171B47FBE9ABF1F88D5\" \/>\n\t<meta name=\"keywords\" content=\"deporte\" \/>\n\t<link rel=\"canonical\" href=\"https:\/\/candas365.es\/noticias\/simeone-el-alaves-es-un-rival-que-compite-muy-bien\/\" \/>\n\t<meta name=\"generator\" content=\"All in One SEO Pro (AIOSEO) 4.9.6.2\" \/>\n\t\t<meta property=\"og:locale\" content=\"es_ES\" \/>\n\t\t<meta property=\"og:site_name\" content=\"Cand\u00e1s 365\" \/>\n\t\t<meta property=\"og:type\" content=\"article\" \/>\n\t\t<meta property=\"og:title\" content=\"Simeone: \u00abEl Alav\u00e9s es un rival que compite muy bien\u00bb | Cand\u00e1s 365\" \/>\n\t\t<meta property=\"og:description\" content=\"(EP) - El entrenador del Atl\u00e9tico de Madrid, Diego Pablo Simeone, ha reconocido que est\u00e1n &quot;valorando&quot; si incorporan a alg\u00fan futbolista en el mercado de invierno, sobre todo tras la marcha de Diego Costa, aunque ha instado a seguir centrados en LaLiga Santander, donde son l\u00edderes y en la que visitan este domingo al Deportivo\" \/>\n\t\t<meta property=\"og:url\" content=\"https:\/\/candas365.es\/noticias\/simeone-el-alaves-es-un-rival-que-compite-muy-bien\/\" \/>\n\t\t<meta property=\"og:image\" content=\"https:\/\/candas365.es\/noticias\/wp-content\/uploads\/2018\/08\/football-2699589_960_720.jpg\" \/>\n\t\t<meta property=\"og:image:secure_url\" content=\"https:\/\/candas365.es\/noticias\/wp-content\/uploads\/2018\/08\/football-2699589_960_720.jpg\" \/>\n\t\t<meta property=\"og:image:width\" content=\"960\" \/>\n\t\t<meta property=\"og:image:height\" content=\"720\" \/>\n\t\t<meta property=\"article:published_time\" content=\"2021-01-02T12:41:20+00:00\" \/>\n\t\t<meta property=\"article:modified_time\" content=\"2021-01-02T13:02:55+00:00\" \/>\n\t\t<meta property=\"article:publisher\" content=\"https:\/\/www.facebook.com\/Nachofdezber\" \/>\n\t\t<meta property=\"article:author\" content=\"https:\/\/www.facebook.com\/carrenoactualidad\" \/>\n\t\t<meta name=\"twitter:card\" content=\"summary_large_image\" \/>\n\t\t<meta name=\"twitter:site\" content=\"@NabercoDigital\" \/>\n\t\t<meta name=\"twitter:title\" content=\"Simeone: \u00abEl Alav\u00e9s es un rival que compite muy bien\u00bb | Cand\u00e1s 365\" \/>\n\t\t<meta name=\"twitter:description\" content=\"(EP) - El entrenador del Atl\u00e9tico de Madrid, Diego Pablo Simeone, ha reconocido que est\u00e1n &quot;valorando&quot; si incorporan a alg\u00fan futbolista en el mercado de invierno, sobre todo tras la marcha de Diego Costa, aunque ha instado a seguir centrados en LaLiga Santander, donde son l\u00edderes y en la que visitan este domingo al Deportivo\" \/>\n\t\t<meta name=\"twitter:creator\" content=\"@nbasturias\" \/>\n\t\t<meta name=\"twitter:image\" content=\"https:\/\/candas365.es\/noticias\/wp-content\/uploads\/2018\/08\/football-2699589_960_720.jpg\" \/>\n\t\t<meta name=\"twitter:label1\" content=\"Escrito por\" \/>\n\t\t<meta name=\"twitter:data1\" content=\"Cand\u00e1s 365\" \/>\n\t\t<meta name=\"twitter:label2\" content=\"Tiempo de lectura estimado\" \/>\n\t\t<meta name=\"twitter:data2\" content=\"2 minutos\" \/>\n\t\t<script type=\"application\/ld+json\" class=\"aioseo-schema\">\n\t\t\t{\"@context\":\"https:\\\/\\\/schema.org\",\"@graph\":[{\"@type\":\"BreadcrumbList\",\"@id\":\"https:\\\/\\\/candas365.es\\\/noticias\\\/simeone-el-alaves-es-un-rival-que-compite-muy-bien\\\/#breadcrumblist\",\"itemListElement\":[{\"@type\":\"ListItem\",\"@id\":\"https:\\\/\\\/candas365.es\\\/noticias#listItem\",\"position\":1,\"name\":\"Home\",\"item\":\"https:\\\/\\\/candas365.es\\\/noticias\",\"nextItem\":{\"@type\":\"ListItem\",\"@id\":\"https:\\\/\\\/candas365.es\\\/noticias\\\/category\\\/deporte\\\/#listItem\",\"name\":\"Deporte\"}},{\"@type\":\"ListItem\",\"@id\":\"https:\\\/\\\/candas365.es\\\/noticias\\\/category\\\/deporte\\\/#listItem\",\"position\":2,\"name\":\"Deporte\",\"item\":\"https:\\\/\\\/candas365.es\\\/noticias\\\/category\\\/deporte\\\/\",\"nextItem\":{\"@type\":\"ListItem\",\"@id\":\"https:\\\/\\\/candas365.es\\\/noticias\\\/simeone-el-alaves-es-un-rival-que-compite-muy-bien\\\/#listItem\",\"name\":\"Simeone: \\u00abEl Alav\\u00e9s es un rival que compite muy bien\\u00bb\"},\"previousItem\":{\"@type\":\"ListItem\",\"@id\":\"https:\\\/\\\/candas365.es\\\/noticias#listItem\",\"name\":\"Home\"}},{\"@type\":\"ListItem\",\"@id\":\"https:\\\/\\\/candas365.es\\\/noticias\\\/simeone-el-alaves-es-un-rival-que-compite-muy-bien\\\/#listItem\",\"position\":3,\"name\":\"Simeone: \\u00abEl Alav\\u00e9s es un rival que compite muy bien\\u00bb\",\"previousItem\":{\"@type\":\"ListItem\",\"@id\":\"https:\\\/\\\/candas365.es\\\/noticias\\\/category\\\/deporte\\\/#listItem\",\"name\":\"Deporte\"}}]},{\"@type\":\"NewsArticle\",\"@id\":\"https:\\\/\\\/candas365.es\\\/noticias\\\/simeone-el-alaves-es-un-rival-que-compite-muy-bien\\\/#newsarticle\",\"name\":\"Simeone: \\u00abEl Alav\\u00e9s es un rival que compite muy bien\\u00bb | Cand\\u00e1s 365\",\"headline\":\"Simeone: \\u00abEl Alav\\u00e9s es un rival que compite muy bien\\u00bb\",\"author\":{\"@id\":\"https:\\\/\\\/candas365.es\\\/noticias\\\/author\\\/admin\\\/#author\"},\"publisher\":{\"@id\":\"https:\\\/\\\/candas365.es\\\/noticias\\\/#organization\"},\"image\":{\"@type\":\"ImageObject\",\"url\":\"https:\\\/\\\/candas365.es\\\/noticias\\\/wp-content\\\/uploads\\\/2018\\\/08\\\/football-2699589_960_720.jpg\",\"width\":960,\"height\":720},\"datePublished\":\"2021-01-02T12:41:20+01:00\",\"dateModified\":\"2021-01-02T13:02:55+01:00\",\"inLanguage\":\"es-ES\",\"mainEntityOfPage\":{\"@id\":\"https:\\\/\\\/candas365.es\\\/noticias\\\/simeone-el-alaves-es-un-rival-que-compite-muy-bien\\\/#webpage\"},\"isPartOf\":{\"@id\":\"https:\\\/\\\/candas365.es\\\/noticias\\\/simeone-el-alaves-es-un-rival-que-compite-muy-bien\\\/#webpage\"},\"articleSection\":\"Deporte\",\"dateline\":\"Publicado el enero 2, 2021.\"},{\"@type\":\"Organization\",\"@id\":\"https:\\\/\\\/candas365.es\\\/noticias\\\/#organization\",\"name\":\"Cand\\u00e1s 365\",\"description\":\"Cand\\u00e1s 365 es un diario digital independiente, fundado en 2012, con base en Asturias. Informamos con rigor sobre actualidad, sociedad, cultura y ocio, con una mirada local y global.\",\"url\":\"https:\\\/\\\/candas365.es\\\/noticias\\\/\",\"email\":\"info@candas365.es\",\"telephone\":\"+34652131393\",\"foundingDate\":\"2012-06-10\",\"logo\":{\"@type\":\"ImageObject\",\"url\":\"https:\\\/\\\/candas365.es\\\/noticias\\\/wp-content\\\/uploads\\\/2024\\\/09\\\/Candas-365-Redes.jpg\",\"@id\":\"https:\\\/\\\/candas365.es\\\/noticias\\\/simeone-el-alaves-es-un-rival-que-compite-muy-bien\\\/#organizationLogo\",\"width\":1152,\"height\":864,\"caption\":\"Cand\\u00e1s 365 Redes\"},\"image\":{\"@id\":\"https:\\\/\\\/candas365.es\\\/noticias\\\/simeone-el-alaves-es-un-rival-que-compite-muy-bien\\\/#organizationLogo\"},\"sameAs\":[\"https:\\\/\\\/www.facebook.com\\\/Nachofdezber\",\"https:\\\/\\\/x.com\\\/NabercoDigital\",\"https:\\\/\\\/www.instagram.com\\\/nachofdezber\\\/\",\"https:\\\/\\\/www.youtube.com\\\/channel\\\/UCZP-2wLEB9Rv6erhFmqVnvg\"],\"address\":{\"@id\":\"https:\\\/\\\/candas365.es\\\/noticias\\\/#postaladdress\",\"@type\":\"PostalAddress\",\"streetAddress\":\"san antonio 4, san antonio 4\",\"postalCode\":\"33430\",\"addressLocality\":\"Cand\\u00e1s\",\"addressRegion\":\"Asturias\",\"addressCountry\":\"ES\"}},{\"@type\":\"Person\",\"@id\":\"https:\\\/\\\/candas365.es\\\/noticias\\\/author\\\/admin\\\/#author\",\"url\":\"https:\\\/\\\/candas365.es\\\/noticias\\\/author\\\/admin\\\/\",\"name\":\"Cand\\u00e1s 365\",\"image\":{\"@type\":\"ImageObject\",\"@id\":\"https:\\\/\\\/candas365.es\\\/noticias\\\/simeone-el-alaves-es-un-rival-que-compite-muy-bien\\\/#authorImage\",\"url\":\"https:\\\/\\\/secure.gravatar.com\\\/avatar\\\/496a8e03d0c493ede1718b7934145dbdf8d89be1036b0eec9544e1094c9de390?s=96&d=mm&r=g\",\"width\":96,\"height\":96,\"caption\":\"Cand\\u00e1s 365\"},\"sameAs\":[\"https:\\\/\\\/www.facebook.com\\\/carrenoactualidad\",\"https:\\\/\\\/twitter.com\\\/nbasturias\",\"https:\\\/\\\/www.instagram.com\\\/nachofdezber\\\/\",\"https:\\\/\\\/www.youtube.com\\\/channel\\\/UCZP-2wLEB9Rv6erhFmqVnvg\"]},{\"@type\":\"WebPage\",\"@id\":\"https:\\\/\\\/candas365.es\\\/noticias\\\/simeone-el-alaves-es-un-rival-que-compite-muy-bien\\\/#webpage\",\"url\":\"https:\\\/\\\/candas365.es\\\/noticias\\\/simeone-el-alaves-es-un-rival-que-compite-muy-bien\\\/\",\"name\":\"Simeone: \\u00abEl Alav\\u00e9s es un rival que compite muy bien\\u00bb | Cand\\u00e1s 365\",\"description\":\"(EP) - El entrenador del Atl\\u00e9tico de Madrid, Diego Pablo Simeone, ha reconocido que est\\u00e1n \\\"valorando\\\" si incorporan a alg\\u00fan futbolista en el mercado de invierno, sobre todo tras la marcha de Diego Costa, aunque ha instado a seguir centrados en LaLiga Santander, donde son l\\u00edderes y en la que visitan este domingo al Deportivo\",\"inLanguage\":\"es-ES\",\"isPartOf\":{\"@id\":\"https:\\\/\\\/candas365.es\\\/noticias\\\/#website\"},\"breadcrumb\":{\"@id\":\"https:\\\/\\\/candas365.es\\\/noticias\\\/simeone-el-alaves-es-un-rival-que-compite-muy-bien\\\/#breadcrumblist\"},\"author\":{\"@id\":\"https:\\\/\\\/candas365.es\\\/noticias\\\/author\\\/admin\\\/#author\"},\"creator\":{\"@id\":\"https:\\\/\\\/candas365.es\\\/noticias\\\/author\\\/admin\\\/#author\"},\"image\":{\"@type\":\"ImageObject\",\"url\":\"https:\\\/\\\/candas365.es\\\/noticias\\\/wp-content\\\/uploads\\\/2018\\\/08\\\/football-2699589_960_720.jpg\",\"@id\":\"https:\\\/\\\/candas365.es\\\/noticias\\\/simeone-el-alaves-es-un-rival-que-compite-muy-bien\\\/#mainImage\",\"width\":960,\"height\":720},\"primaryImageOfPage\":{\"@id\":\"https:\\\/\\\/candas365.es\\\/noticias\\\/simeone-el-alaves-es-un-rival-que-compite-muy-bien\\\/#mainImage\"},\"datePublished\":\"2021-01-02T12:41:20+01:00\",\"dateModified\":\"2021-01-02T13:02:55+01:00\"},{\"@type\":\"WebSite\",\"@id\":\"https:\\\/\\\/candas365.es\\\/noticias\\\/#website\",\"url\":\"https:\\\/\\\/candas365.es\\\/noticias\\\/\",\"name\":\"Cand\\u00e1s 365\",\"alternateName\":\"Cand\\u00e1s 365 Noticias\",\"description\":\"Actualidad desde Carre\\u00f1o para el mundo\",\"inLanguage\":\"es-ES\",\"publisher\":{\"@id\":\"https:\\\/\\\/candas365.es\\\/noticias\\\/#organization\"}}]}\n\t\t<\/script>\n\t\t<!-- All in One SEO Pro -->\r\n\t\t<title>Simeone: \u00abEl Alav\u00e9s es un rival que compite muy bien\u00bb | Cand\u00e1s 365<\/title>\n\n","aioseo_head_json":{"title":"Simeone: \u00abEl Alav\u00e9s es un rival que compite muy bien\u00bb | Cand\u00e1s 365","description":"(EP) - El entrenador del Atl\u00e9tico de Madrid, Diego Pablo Simeone, ha reconocido que est\u00e1n \"valorando\" si incorporan a alg\u00fan futbolista en el mercado de invierno, sobre todo tras la marcha de Diego Costa, aunque ha instado a seguir centrados en LaLiga Santander, donde son l\u00edderes y en la que visitan este domingo al Deportivo","canonical_url":"https:\/\/candas365.es\/noticias\/simeone-el-alaves-es-un-rival-que-compite-muy-bien\/","robots":"max-image-preview:large","keywords":"deporte","webmasterTools":{"google-site-verification":"UA-32230408-1","msvalidate.01":"354F3CDFB2DA171B47FBE9ABF1F88D5","miscellaneous":""},"schema":{"@context":"https:\/\/schema.org","@graph":[{"@type":"BreadcrumbList","@id":"https:\/\/candas365.es\/noticias\/simeone-el-alaves-es-un-rival-que-compite-muy-bien\/#breadcrumblist","itemListElement":[{"@type":"ListItem","@id":"https:\/\/candas365.es\/noticias#listItem","position":1,"name":"Home","item":"https:\/\/candas365.es\/noticias","nextItem":{"@type":"ListItem","@id":"https:\/\/candas365.es\/noticias\/category\/deporte\/#listItem","name":"Deporte"}},{"@type":"ListItem","@id":"https:\/\/candas365.es\/noticias\/category\/deporte\/#listItem","position":2,"name":"Deporte","item":"https:\/\/candas365.es\/noticias\/category\/deporte\/","nextItem":{"@type":"ListItem","@id":"https:\/\/candas365.es\/noticias\/simeone-el-alaves-es-un-rival-que-compite-muy-bien\/#listItem","name":"Simeone: \u00abEl Alav\u00e9s es un rival que compite muy bien\u00bb"},"previousItem":{"@type":"ListItem","@id":"https:\/\/candas365.es\/noticias#listItem","name":"Home"}},{"@type":"ListItem","@id":"https:\/\/candas365.es\/noticias\/simeone-el-alaves-es-un-rival-que-compite-muy-bien\/#listItem","position":3,"name":"Simeone: \u00abEl Alav\u00e9s es un rival que compite muy bien\u00bb","previousItem":{"@type":"ListItem","@id":"https:\/\/candas365.es\/noticias\/category\/deporte\/#listItem","name":"Deporte"}}]},{"@type":"NewsArticle","@id":"https:\/\/candas365.es\/noticias\/simeone-el-alaves-es-un-rival-que-compite-muy-bien\/#newsarticle","name":"Simeone: \u00abEl Alav\u00e9s es un rival que compite muy bien\u00bb | Cand\u00e1s 365","headline":"Simeone: \u00abEl Alav\u00e9s es un rival que compite muy bien\u00bb","author":{"@id":"https:\/\/candas365.es\/noticias\/author\/admin\/#author"},"publisher":{"@id":"https:\/\/candas365.es\/noticias\/#organization"},"image":{"@type":"ImageObject","url":"https:\/\/candas365.es\/noticias\/wp-content\/uploads\/2018\/08\/football-2699589_960_720.jpg","width":960,"height":720},"datePublished":"2021-01-02T12:41:20+01:00","dateModified":"2021-01-02T13:02:55+01:00","inLanguage":"es-ES","mainEntityOfPage":{"@id":"https:\/\/candas365.es\/noticias\/simeone-el-alaves-es-un-rival-que-compite-muy-bien\/#webpage"},"isPartOf":{"@id":"https:\/\/candas365.es\/noticias\/simeone-el-alaves-es-un-rival-que-compite-muy-bien\/#webpage"},"articleSection":"Deporte","dateline":"Publicado el enero 2, 2021."},{"@type":"Organization","@id":"https:\/\/candas365.es\/noticias\/#organization","name":"Cand\u00e1s 365","description":"Cand\u00e1s 365 es un diario digital independiente, fundado en 2012, con base en Asturias. Informamos con rigor sobre actualidad, sociedad, cultura y ocio, con una mirada local y global.","url":"https:\/\/candas365.es\/noticias\/","email":"info@candas365.es","telephone":"+34652131393","foundingDate":"2012-06-10","logo":{"@type":"ImageObject","url":"https:\/\/candas365.es\/noticias\/wp-content\/uploads\/2024\/09\/Candas-365-Redes.jpg","@id":"https:\/\/candas365.es\/noticias\/simeone-el-alaves-es-un-rival-que-compite-muy-bien\/#organizationLogo","width":1152,"height":864,"caption":"Cand\u00e1s 365 Redes"},"image":{"@id":"https:\/\/candas365.es\/noticias\/simeone-el-alaves-es-un-rival-que-compite-muy-bien\/#organizationLogo"},"sameAs":["https:\/\/www.facebook.com\/Nachofdezber","https:\/\/x.com\/NabercoDigital","https:\/\/www.instagram.com\/nachofdezber\/","https:\/\/www.youtube.com\/channel\/UCZP-2wLEB9Rv6erhFmqVnvg"],"address":{"@id":"https:\/\/candas365.es\/noticias\/#postaladdress","@type":"PostalAddress","streetAddress":"san antonio 4, san antonio 4","postalCode":"33430","addressLocality":"Cand\u00e1s","addressRegion":"Asturias","addressCountry":"ES"}},{"@type":"Person","@id":"https:\/\/candas365.es\/noticias\/author\/admin\/#author","url":"https:\/\/candas365.es\/noticias\/author\/admin\/","name":"Cand\u00e1s 365","image":{"@type":"ImageObject","@id":"https:\/\/candas365.es\/noticias\/simeone-el-alaves-es-un-rival-que-compite-muy-bien\/#authorImage","url":"https:\/\/secure.gravatar.com\/avatar\/496a8e03d0c493ede1718b7934145dbdf8d89be1036b0eec9544e1094c9de390?s=96&d=mm&r=g","width":96,"height":96,"caption":"Cand\u00e1s 365"},"sameAs":["https:\/\/www.facebook.com\/carrenoactualidad","https:\/\/twitter.com\/nbasturias","https:\/\/www.instagram.com\/nachofdezber\/","https:\/\/www.youtube.com\/channel\/UCZP-2wLEB9Rv6erhFmqVnvg"]},{"@type":"WebPage","@id":"https:\/\/candas365.es\/noticias\/simeone-el-alaves-es-un-rival-que-compite-muy-bien\/#webpage","url":"https:\/\/candas365.es\/noticias\/simeone-el-alaves-es-un-rival-que-compite-muy-bien\/","name":"Simeone: \u00abEl Alav\u00e9s es un rival que compite muy bien\u00bb | Cand\u00e1s 365","description":"(EP) - El entrenador del Atl\u00e9tico de Madrid, Diego Pablo Simeone, ha reconocido que est\u00e1n \"valorando\" si incorporan a alg\u00fan futbolista en el mercado de invierno, sobre todo tras la marcha de Diego Costa, aunque ha instado a seguir centrados en LaLiga Santander, donde son l\u00edderes y en la que visitan este domingo al Deportivo","inLanguage":"es-ES","isPartOf":{"@id":"https:\/\/candas365.es\/noticias\/#website"},"breadcrumb":{"@id":"https:\/\/candas365.es\/noticias\/simeone-el-alaves-es-un-rival-que-compite-muy-bien\/#breadcrumblist"},"author":{"@id":"https:\/\/candas365.es\/noticias\/author\/admin\/#author"},"creator":{"@id":"https:\/\/candas365.es\/noticias\/author\/admin\/#author"},"image":{"@type":"ImageObject","url":"https:\/\/candas365.es\/noticias\/wp-content\/uploads\/2018\/08\/football-2699589_960_720.jpg","@id":"https:\/\/candas365.es\/noticias\/simeone-el-alaves-es-un-rival-que-compite-muy-bien\/#mainImage","width":960,"height":720},"primaryImageOfPage":{"@id":"https:\/\/candas365.es\/noticias\/simeone-el-alaves-es-un-rival-que-compite-muy-bien\/#mainImage"},"datePublished":"2021-01-02T12:41:20+01:00","dateModified":"2021-01-02T13:02:55+01:00"},{"@type":"WebSite","@id":"https:\/\/candas365.es\/noticias\/#website","url":"https:\/\/candas365.es\/noticias\/","name":"Cand\u00e1s 365","alternateName":"Cand\u00e1s 365 Noticias","description":"Actualidad desde Carre\u00f1o para el mundo","inLanguage":"es-ES","publisher":{"@id":"https:\/\/candas365.es\/noticias\/#organization"}}]},"og:locale":"es_ES","og:site_name":"Cand\u00e1s 365","og:type":"article","og:title":"Simeone: \u00abEl Alav\u00e9s es un rival que compite muy bien\u00bb | Cand\u00e1s 365","og:description":"(EP) - El entrenador del Atl\u00e9tico de Madrid, Diego Pablo Simeone, ha reconocido que est\u00e1n &quot;valorando&quot; si incorporan a alg\u00fan futbolista en el mercado de invierno, sobre todo tras la marcha de Diego Costa, aunque ha instado a seguir centrados en LaLiga Santander, donde son l\u00edderes y en la que visitan este domingo al Deportivo","og:url":"https:\/\/candas365.es\/noticias\/simeone-el-alaves-es-un-rival-que-compite-muy-bien\/","og:image":"https:\/\/candas365.es\/noticias\/wp-content\/uploads\/2018\/08\/football-2699589_960_720.jpg","og:image:secure_url":"https:\/\/candas365.es\/noticias\/wp-content\/uploads\/2018\/08\/football-2699589_960_720.jpg","og:image:width":960,"og:image:height":720,"article:published_time":"2021-01-02T12:41:20+00:00","article:modified_time":"2021-01-02T13:02:55+00:00","article:publisher":"https:\/\/www.facebook.com\/Nachofdezber","article:author":"https:\/\/www.facebook.com\/carrenoactualidad","twitter:card":"summary_large_image","twitter:site":"@NabercoDigital","twitter:title":"Simeone: \u00abEl Alav\u00e9s es un rival que compite muy bien\u00bb | Cand\u00e1s 365","twitter:description":"(EP) - El entrenador del Atl\u00e9tico de Madrid, Diego Pablo Simeone, ha reconocido que est\u00e1n &quot;valorando&quot; si incorporan a alg\u00fan futbolista en el mercado de invierno, sobre todo tras la marcha de Diego Costa, aunque ha instado a seguir centrados en LaLiga Santander, donde son l\u00edderes y en la que visitan este domingo al Deportivo","twitter:creator":"@nbasturias","twitter:image":"https:\/\/candas365.es\/noticias\/wp-content\/uploads\/2018\/08\/football-2699589_960_720.jpg","twitter:label1":"Escrito por","twitter:data1":"Cand\u00e1s 365","twitter:label2":"Tiempo de lectura estimado","twitter:data2":"2 minutos"},"aioseo_meta_data":{"post_id":"150797","title":null,"description":null,"keywords":null,"keyphrases":null,"primary_term":null,"canonical_url":null,"og_title":null,"og_description":null,"og_object_type":"default","og_image_type":"default","og_image_url":null,"og_image_width":null,"og_image_height":null,"og_image_custom_url":null,"og_image_custom_fields":null,"og_video":null,"og_custom_url":null,"og_article_section":null,"og_article_tags":null,"twitter_use_og":false,"twitter_card":"default","twitter_image_type":"default","twitter_image_url":null,"twitter_image_custom_url":null,"twitter_image_custom_fields":null,"twitter_title":null,"twitter_description":null,"schema":{"blockGraphs":[],"customGraphs":[],"default":{"data":{"Article":[],"Course":[],"Dataset":[],"FAQPage":[],"Movie":[],"Person":[],"Product":[],"ProductReview":[],"Car":[],"Recipe":[],"Service":[],"SoftwareApplication":[],"WebPage":[]},"graphName":"","isEnabled":true},"graphs":[]},"schema_type":null,"schema_type_options":null,"pillar_content":false,"robots_default":true,"robots_noindex":false,"robots_noarchive":false,"robots_nosnippet":false,"robots_nofollow":false,"robots_noimageindex":false,"robots_noodp":false,"robots_notranslate":false,"robots_max_snippet":null,"robots_max_videopreview":null,"robots_max_imagepreview":"large","priority":null,"frequency":null,"location":null,"local_seo":null,"seo_analyzer_scan_date":"2025-08-31 16:27:33","breadcrumb_settings":null,"limit_modified_date":false,"reviewed_by":null,"open_ai":null,"ai":null,"created":"2021-01-27 13:49:11","updated":"2025-08-31 16:27:33"},"aioseo_breadcrumb":"<div class=\"aioseo-breadcrumbs\"><span class=\"aioseo-breadcrumb\">\n\t<a href=\"https:\/\/candas365.es\/noticias\" title=\"Home\">Home<\/a>\n<\/span><span class=\"aioseo-breadcrumb-separator\">&ndash;<\/span><span class=\"aioseo-breadcrumb\">\n\t<a href=\"https:\/\/candas365.es\/noticias\/category\/deporte\/\" title=\"Deporte\">Deporte<\/a>\n<\/span><span class=\"aioseo-breadcrumb-separator\">&ndash;<\/span><span class=\"aioseo-breadcrumb\">\n\tSimeone: \u00abEl Alav\u00e9s es un rival que compite muy bien\u00bb\n<\/span><\/div>","aioseo_breadcrumb_json":[{"label":"Home","link":"https:\/\/candas365.es\/noticias"},{"label":"Deporte","link":"https:\/\/candas365.es\/noticias\/category\/deporte\/"},{"label":"Simeone: \u00abEl Alav\u00e9s es un rival que compite muy bien\u00bb","link":"https:\/\/candas365.es\/noticias\/simeone-el-alaves-es-un-rival-que-compite-muy-bien\/"}],"_links":{"self":[{"href":"https:\/\/candas365.es\/noticias\/wp-json\/wp\/v2\/posts\/150797","targetHints":{"allow":["GET"]}}],"collection":[{"href":"https:\/\/candas365.es\/noticias\/wp-json\/wp\/v2\/posts"}],"about":[{"href":"https:\/\/candas365.es\/noticias\/wp-json\/wp\/v2\/types\/post"}],"author":[{"embeddable":true,"href":"https:\/\/candas365.es\/noticias\/wp-json\/wp\/v2\/users\/1"}],"replies":[{"embeddable":true,"href":"https:\/\/candas365.es\/noticias\/wp-json\/wp\/v2\/comments?post=150797"}],"version-history":[{"count":0,"href":"https:\/\/candas365.es\/noticias\/wp-json\/wp\/v2\/posts\/150797\/revisions"}],"wp:featuredmedia":[{"embeddable":true,"href":"https:\/\/candas365.es\/noticias\/wp-json\/wp\/v2\/media\/102401"}],"wp:attachment":[{"href":"https:\/\/candas365.es\/noticias\/wp-json\/wp\/v2\/media?parent=150797"}],"wp:term":[{"taxonomy":"category","embeddable":true,"href":"https:\/\/candas365.es\/noticias\/wp-json\/wp\/v2\/categories?post=150797"},{"taxonomy":"post_tag","embeddable":true,"href":"https:\/\/candas365.es\/noticias\/wp-json\/wp\/v2\/tags?post=150797"}],"curies":[{"name":"wp","href":"https:\/\/api.w.org\/{rel}","templated":true}]}}