{"id":150698,"date":"2020-12-30T19:35:18","date_gmt":"2020-12-30T19:35:18","guid":{"rendered":"http:\/\/candas365.es\/noticias\/?p=150698"},"modified":"2020-12-30T19:35:18","modified_gmt":"2020-12-30T19:35:18","slug":"pajares-y-fuentes-de-invierno-abriran-el-4-de-enero","status":"publish","type":"post","link":"https:\/\/candas365.es\/noticias\/pajares-y-fuentes-de-invierno-abriran-el-4-de-enero\/","title":{"rendered":"Pajares y Fuentes de Invierno abrir\u00e1n el 4 de enero"},"content":{"rendered":"<p><img fetchpriority=\"high\" decoding=\"async\" class=\"alignleft size-medium wp-image-150699\" src=\"https:\/\/candas365.es\/noticias\/wp-content\/uploads\/2020\/12\/skis-3303653_640-360x240.jpg\" alt=\"\" width=\"360\" height=\"240\" srcset=\"https:\/\/candas365.es\/noticias\/wp-content\/uploads\/2020\/12\/skis-3303653_640-360x240.jpg 360w, https:\/\/candas365.es\/noticias\/wp-content\/uploads\/2020\/12\/skis-3303653_640.jpg 640w\" sizes=\"(max-width: 360px) 100vw, 360px\" \/>(EP) &#8211; <strong>El Gobierno de Asturias abrir\u00e1 al p\u00fablico las estaciones de esqu\u00ed de Pajares y Fuentes de Invierno el pr\u00f3ximo lunes, d\u00eda 4 de enero,<\/strong> si las condiciones meteorol\u00f3gicas lo permiten y siempre bajo las medidas de seguridad e higiene que marcan los protocolos espec\u00edficos elaborados por la Direcci\u00f3n General de Deporte y ratificados por las autoridades sanitarias.<\/p>\n<p>Coincidiendo con la publicaci\u00f3n de los precios p\u00fablicos para la temporada de esqu\u00ed, el pasado d\u00eda 15, el Principado anunci\u00f3 el aplazamiento de la campa\u00f1a de esqu\u00ed hasta que se diesen las condiciones necesarias de seguridad para poder iniciarla.<\/p>\n<p>La Consejer\u00eda de Cultura, Pol\u00edtica Lling\u00fc\u00edstica y Turismo ha trabajado en coordinaci\u00f3n con la Consejer\u00eda de Salud en la elaboraci\u00f3n de un documento t\u00e9cnico a partir del cual se ha desarrollado un protocolo de seguridad sanitario para proceder a la apertura de las instalaciones invernales con las m\u00e1ximas garant\u00edas en la lucha contra la propagaci\u00f3n del coronavirus.<\/p>\n<p>LIMITACI\u00d3N DE AFORO<\/p>\n<p>El protocolo de seguridad contempla la reducci\u00f3n de los aforos de ambas estaciones en funci\u00f3n de su tama\u00f1o:<strong> Valgrande-Pajares lo restringe a 1.200 usuarios, y Fuentes de Invierno, a 1.000<\/strong>. Una de las medidas previstas para llevar a cabo el control de aforo ser\u00e1 la limitaci\u00f3n de la venta de forfaits de d\u00eda. De este modo, se evitar\u00e1n tambi\u00e9n las aglomeraciones.<\/p>\n<p>Las estaciones de Pajares y Fuentes de Invierno han dispuesto un sistema de control de accesos sin contacto con el fin de minimizar el riesgo de contagio. Asimismo, se recomienda que la adquisici\u00f3n de forfaits se realice a trav\u00e9s de internet, y que los usuarios hagan sus consultas o sugerencias a trav\u00e9s de las p\u00e1ginas web o por correo electr\u00f3nico.<\/p>\n<p>En los diferentes espacios de las instalaciones, se recordar\u00e1n las principales medidas de higiene y seguridad, preferentemente en los puntos de acceso, los aseos y los puntos estrat\u00e9gicos. Adem\u00e1s, se se\u00f1alizar\u00e1n convenientemente las entradas a los medios mec\u00e1nicos y dem\u00e1s zonas para respetar el distanciamiento.<\/p>\n<p>El uso de mascarilla ser\u00e1 obligatorio en todo momento, incluso en el trayecto de los remontes mec\u00e1nicos, as\u00ed como en el descenso de pistas o pr\u00e1ctica deportiva cuando no se pueda asegurar la distancia de 1,5 metros, excepto en las circunstancias que exijan un aporte adicional elevado de ox\u00edgeno.<\/p>\n","protected":false},"excerpt":{"rendered":"<p>(EP) &#8211; El Gobierno de Asturias abrir\u00e1 al p\u00fablico las estaciones de esqu\u00ed de Pajares y Fuentes de Invierno el pr\u00f3ximo lunes, d\u00eda 4 de enero, si las condiciones meteorol\u00f3gicas lo permiten y siempre bajo las medidas de seguridad e higiene que marcan los protocolos espec\u00edficos elaborados por la Direcci\u00f3n General de Deporte y ratificados<\/p>\n","protected":false},"author":1,"featured_media":150699,"comment_status":"closed","ping_status":"closed","sticky":false,"template":"","format":"standard","meta":{"footnotes":""},"categories":[316,142],"tags":[],"class_list":{"0":"post-150698","1":"post","2":"type-post","3":"status-publish","4":"format-standard","5":"has-post-thumbnail","7":"category-destacadas","8":"category-revista"},"aioseo_notices":[],"aioseo_head":"\n\t\t<!-- All in One SEO Pro 4.9.6.2 - aioseo.com -->\n\t<meta name=\"description\" content=\"(EP) - El Gobierno de Asturias abrir\u00e1 al p\u00fablico las estaciones de esqu\u00ed de Pajares y Fuentes de Invierno el pr\u00f3ximo lunes, d\u00eda 4 de enero, si las condiciones meteorol\u00f3gicas lo permiten y siempre bajo las medidas de seguridad e higiene que marcan los protocolos espec\u00edficos elaborados por la Direcci\u00f3n General de Deporte y ratificados\" \/>\n\t<meta name=\"robots\" content=\"max-image-preview:large\" \/>\n\t<meta name=\"author\" content=\"Cand\u00e1s 365\"\/>\n\t<meta name=\"google-site-verification\" content=\"UA-32230408-1\" \/>\n\t<meta name=\"msvalidate.01\" content=\"354F3CDFB2DA171B47FBE9ABF1F88D5\" \/>\n\t<meta name=\"keywords\" content=\"destacadas,revista\" \/>\n\t<link rel=\"canonical\" href=\"https:\/\/candas365.es\/noticias\/pajares-y-fuentes-de-invierno-abriran-el-4-de-enero\/\" \/>\n\t<meta name=\"generator\" content=\"All in One SEO Pro (AIOSEO) 4.9.6.2\" \/>\n\t\t<meta property=\"og:locale\" content=\"es_ES\" \/>\n\t\t<meta property=\"og:site_name\" content=\"Cand\u00e1s 365\" \/>\n\t\t<meta property=\"og:type\" content=\"article\" \/>\n\t\t<meta property=\"og:title\" content=\"Pajares y Fuentes de Invierno abrir\u00e1n el 4 de enero | Cand\u00e1s 365\" \/>\n\t\t<meta property=\"og:description\" content=\"(EP) - El Gobierno de Asturias abrir\u00e1 al p\u00fablico las estaciones de esqu\u00ed de Pajares y Fuentes de Invierno el pr\u00f3ximo lunes, d\u00eda 4 de enero, si las condiciones meteorol\u00f3gicas lo permiten y siempre bajo las medidas de seguridad e higiene que marcan los protocolos espec\u00edficos elaborados por la Direcci\u00f3n General de Deporte y ratificados\" \/>\n\t\t<meta property=\"og:url\" content=\"https:\/\/candas365.es\/noticias\/pajares-y-fuentes-de-invierno-abriran-el-4-de-enero\/\" \/>\n\t\t<meta property=\"og:image\" content=\"https:\/\/candas365.es\/noticias\/wp-content\/uploads\/2020\/12\/skis-3303653_640.jpg\" \/>\n\t\t<meta property=\"og:image:secure_url\" content=\"https:\/\/candas365.es\/noticias\/wp-content\/uploads\/2020\/12\/skis-3303653_640.jpg\" \/>\n\t\t<meta property=\"og:image:width\" content=\"640\" \/>\n\t\t<meta property=\"og:image:height\" content=\"426\" \/>\n\t\t<meta property=\"article:published_time\" content=\"2020-12-30T19:35:18+00:00\" \/>\n\t\t<meta property=\"article:modified_time\" content=\"2020-12-30T19:35:18+00:00\" \/>\n\t\t<meta property=\"article:publisher\" content=\"https:\/\/www.facebook.com\/Nachofdezber\" \/>\n\t\t<meta property=\"article:author\" content=\"https:\/\/www.facebook.com\/carrenoactualidad\" \/>\n\t\t<meta name=\"twitter:card\" content=\"summary_large_image\" \/>\n\t\t<meta name=\"twitter:site\" content=\"@NabercoDigital\" \/>\n\t\t<meta name=\"twitter:title\" content=\"Pajares y Fuentes de Invierno abrir\u00e1n el 4 de enero | Cand\u00e1s 365\" \/>\n\t\t<meta name=\"twitter:description\" content=\"(EP) - El Gobierno de Asturias abrir\u00e1 al p\u00fablico las estaciones de esqu\u00ed de Pajares y Fuentes de Invierno el pr\u00f3ximo lunes, d\u00eda 4 de enero, si las condiciones meteorol\u00f3gicas lo permiten y siempre bajo las medidas de seguridad e higiene que marcan los protocolos espec\u00edficos elaborados por la Direcci\u00f3n General de Deporte y ratificados\" \/>\n\t\t<meta name=\"twitter:creator\" content=\"@nbasturias\" \/>\n\t\t<meta name=\"twitter:image\" content=\"https:\/\/candas365.es\/noticias\/wp-content\/uploads\/2020\/12\/skis-3303653_640.jpg\" \/>\n\t\t<meta name=\"twitter:label1\" content=\"Escrito por\" \/>\n\t\t<meta name=\"twitter:data1\" content=\"Cand\u00e1s 365\" \/>\n\t\t<meta name=\"twitter:label2\" content=\"Tiempo de lectura estimado\" \/>\n\t\t<meta name=\"twitter:data2\" content=\"2 minutos\" \/>\n\t\t<script type=\"application\/ld+json\" class=\"aioseo-schema\">\n\t\t\t{\"@context\":\"https:\\\/\\\/schema.org\",\"@graph\":[{\"@type\":\"BreadcrumbList\",\"@id\":\"https:\\\/\\\/candas365.es\\\/noticias\\\/pajares-y-fuentes-de-invierno-abriran-el-4-de-enero\\\/#breadcrumblist\",\"itemListElement\":[{\"@type\":\"ListItem\",\"@id\":\"https:\\\/\\\/candas365.es\\\/noticias#listItem\",\"position\":1,\"name\":\"Home\",\"item\":\"https:\\\/\\\/candas365.es\\\/noticias\",\"nextItem\":{\"@type\":\"ListItem\",\"@id\":\"https:\\\/\\\/candas365.es\\\/noticias\\\/category\\\/revista\\\/#listItem\",\"name\":\"Revista\"}},{\"@type\":\"ListItem\",\"@id\":\"https:\\\/\\\/candas365.es\\\/noticias\\\/category\\\/revista\\\/#listItem\",\"position\":2,\"name\":\"Revista\",\"item\":\"https:\\\/\\\/candas365.es\\\/noticias\\\/category\\\/revista\\\/\",\"nextItem\":{\"@type\":\"ListItem\",\"@id\":\"https:\\\/\\\/candas365.es\\\/noticias\\\/pajares-y-fuentes-de-invierno-abriran-el-4-de-enero\\\/#listItem\",\"name\":\"Pajares y Fuentes de Invierno abrir\\u00e1n el 4 de enero\"},\"previousItem\":{\"@type\":\"ListItem\",\"@id\":\"https:\\\/\\\/candas365.es\\\/noticias#listItem\",\"name\":\"Home\"}},{\"@type\":\"ListItem\",\"@id\":\"https:\\\/\\\/candas365.es\\\/noticias\\\/pajares-y-fuentes-de-invierno-abriran-el-4-de-enero\\\/#listItem\",\"position\":3,\"name\":\"Pajares y Fuentes de Invierno abrir\\u00e1n el 4 de enero\",\"previousItem\":{\"@type\":\"ListItem\",\"@id\":\"https:\\\/\\\/candas365.es\\\/noticias\\\/category\\\/revista\\\/#listItem\",\"name\":\"Revista\"}}]},{\"@type\":\"NewsArticle\",\"@id\":\"https:\\\/\\\/candas365.es\\\/noticias\\\/pajares-y-fuentes-de-invierno-abriran-el-4-de-enero\\\/#newsarticle\",\"name\":\"Pajares y Fuentes de Invierno abrir\\u00e1n el 4 de enero | Cand\\u00e1s 365\",\"headline\":\"Pajares y Fuentes de Invierno abrir\\u00e1n el 4 de enero\",\"author\":{\"@id\":\"https:\\\/\\\/candas365.es\\\/noticias\\\/author\\\/admin\\\/#author\"},\"publisher\":{\"@id\":\"https:\\\/\\\/candas365.es\\\/noticias\\\/#organization\"},\"image\":{\"@type\":\"ImageObject\",\"url\":\"https:\\\/\\\/candas365.es\\\/noticias\\\/wp-content\\\/uploads\\\/2020\\\/12\\\/skis-3303653_640.jpg\",\"width\":640,\"height\":426},\"datePublished\":\"2020-12-30T19:35:18+01:00\",\"dateModified\":\"2020-12-30T19:35:18+01:00\",\"inLanguage\":\"es-ES\",\"mainEntityOfPage\":{\"@id\":\"https:\\\/\\\/candas365.es\\\/noticias\\\/pajares-y-fuentes-de-invierno-abriran-el-4-de-enero\\\/#webpage\"},\"isPartOf\":{\"@id\":\"https:\\\/\\\/candas365.es\\\/noticias\\\/pajares-y-fuentes-de-invierno-abriran-el-4-de-enero\\\/#webpage\"},\"articleSection\":\"Destacadas, Revista\",\"dateline\":\"Publicado el diciembre 30, 2020.\"},{\"@type\":\"Organization\",\"@id\":\"https:\\\/\\\/candas365.es\\\/noticias\\\/#organization\",\"name\":\"Cand\\u00e1s 365\",\"description\":\"Cand\\u00e1s 365 es un diario digital independiente, fundado en 2012, con base en Asturias. Informamos con rigor sobre actualidad, sociedad, cultura y ocio, con una mirada local y global.\",\"url\":\"https:\\\/\\\/candas365.es\\\/noticias\\\/\",\"email\":\"info@candas365.es\",\"telephone\":\"+34652131393\",\"foundingDate\":\"2012-06-10\",\"logo\":{\"@type\":\"ImageObject\",\"url\":\"https:\\\/\\\/candas365.es\\\/noticias\\\/wp-content\\\/uploads\\\/2024\\\/09\\\/Candas-365-Redes.jpg\",\"@id\":\"https:\\\/\\\/candas365.es\\\/noticias\\\/pajares-y-fuentes-de-invierno-abriran-el-4-de-enero\\\/#organizationLogo\",\"width\":1152,\"height\":864,\"caption\":\"Cand\\u00e1s 365 Redes\"},\"image\":{\"@id\":\"https:\\\/\\\/candas365.es\\\/noticias\\\/pajares-y-fuentes-de-invierno-abriran-el-4-de-enero\\\/#organizationLogo\"},\"sameAs\":[\"https:\\\/\\\/www.facebook.com\\\/Nachofdezber\",\"https:\\\/\\\/x.com\\\/NabercoDigital\",\"https:\\\/\\\/www.instagram.com\\\/nachofdezber\\\/\",\"https:\\\/\\\/www.youtube.com\\\/channel\\\/UCZP-2wLEB9Rv6erhFmqVnvg\"],\"address\":{\"@id\":\"https:\\\/\\\/candas365.es\\\/noticias\\\/#postaladdress\",\"@type\":\"PostalAddress\",\"streetAddress\":\"san antonio 4, san antonio 4\",\"postalCode\":\"33430\",\"addressLocality\":\"Cand\\u00e1s\",\"addressRegion\":\"Asturias\",\"addressCountry\":\"ES\"}},{\"@type\":\"Person\",\"@id\":\"https:\\\/\\\/candas365.es\\\/noticias\\\/author\\\/admin\\\/#author\",\"url\":\"https:\\\/\\\/candas365.es\\\/noticias\\\/author\\\/admin\\\/\",\"name\":\"Cand\\u00e1s 365\",\"image\":{\"@type\":\"ImageObject\",\"@id\":\"https:\\\/\\\/candas365.es\\\/noticias\\\/pajares-y-fuentes-de-invierno-abriran-el-4-de-enero\\\/#authorImage\",\"url\":\"https:\\\/\\\/secure.gravatar.com\\\/avatar\\\/496a8e03d0c493ede1718b7934145dbdf8d89be1036b0eec9544e1094c9de390?s=96&d=mm&r=g\",\"width\":96,\"height\":96,\"caption\":\"Cand\\u00e1s 365\"},\"sameAs\":[\"https:\\\/\\\/www.facebook.com\\\/carrenoactualidad\",\"https:\\\/\\\/twitter.com\\\/nbasturias\",\"https:\\\/\\\/www.instagram.com\\\/nachofdezber\\\/\",\"https:\\\/\\\/www.youtube.com\\\/channel\\\/UCZP-2wLEB9Rv6erhFmqVnvg\"]},{\"@type\":\"WebPage\",\"@id\":\"https:\\\/\\\/candas365.es\\\/noticias\\\/pajares-y-fuentes-de-invierno-abriran-el-4-de-enero\\\/#webpage\",\"url\":\"https:\\\/\\\/candas365.es\\\/noticias\\\/pajares-y-fuentes-de-invierno-abriran-el-4-de-enero\\\/\",\"name\":\"Pajares y Fuentes de Invierno abrir\\u00e1n el 4 de enero | Cand\\u00e1s 365\",\"description\":\"(EP) - El Gobierno de Asturias abrir\\u00e1 al p\\u00fablico las estaciones de esqu\\u00ed de Pajares y Fuentes de Invierno el pr\\u00f3ximo lunes, d\\u00eda 4 de enero, si las condiciones meteorol\\u00f3gicas lo permiten y siempre bajo las medidas de seguridad e higiene que marcan los protocolos espec\\u00edficos elaborados por la Direcci\\u00f3n General de Deporte y ratificados\",\"inLanguage\":\"es-ES\",\"isPartOf\":{\"@id\":\"https:\\\/\\\/candas365.es\\\/noticias\\\/#website\"},\"breadcrumb\":{\"@id\":\"https:\\\/\\\/candas365.es\\\/noticias\\\/pajares-y-fuentes-de-invierno-abriran-el-4-de-enero\\\/#breadcrumblist\"},\"author\":{\"@id\":\"https:\\\/\\\/candas365.es\\\/noticias\\\/author\\\/admin\\\/#author\"},\"creator\":{\"@id\":\"https:\\\/\\\/candas365.es\\\/noticias\\\/author\\\/admin\\\/#author\"},\"image\":{\"@type\":\"ImageObject\",\"url\":\"https:\\\/\\\/candas365.es\\\/noticias\\\/wp-content\\\/uploads\\\/2020\\\/12\\\/skis-3303653_640.jpg\",\"@id\":\"https:\\\/\\\/candas365.es\\\/noticias\\\/pajares-y-fuentes-de-invierno-abriran-el-4-de-enero\\\/#mainImage\",\"width\":640,\"height\":426},\"primaryImageOfPage\":{\"@id\":\"https:\\\/\\\/candas365.es\\\/noticias\\\/pajares-y-fuentes-de-invierno-abriran-el-4-de-enero\\\/#mainImage\"},\"datePublished\":\"2020-12-30T19:35:18+01:00\",\"dateModified\":\"2020-12-30T19:35:18+01:00\"},{\"@type\":\"WebSite\",\"@id\":\"https:\\\/\\\/candas365.es\\\/noticias\\\/#website\",\"url\":\"https:\\\/\\\/candas365.es\\\/noticias\\\/\",\"name\":\"Cand\\u00e1s 365\",\"alternateName\":\"Cand\\u00e1s 365 Noticias\",\"description\":\"Actualidad desde Carre\\u00f1o para el mundo\",\"inLanguage\":\"es-ES\",\"publisher\":{\"@id\":\"https:\\\/\\\/candas365.es\\\/noticias\\\/#organization\"}}]}\n\t\t<\/script>\n\t\t<!-- All in One SEO Pro -->\r\n\t\t<title>Pajares y Fuentes de Invierno abrir\u00e1n el 4 de enero | Cand\u00e1s 365<\/title>\n\n","aioseo_head_json":{"title":"Pajares y Fuentes de Invierno abrir\u00e1n el 4 de enero | Cand\u00e1s 365","description":"(EP) - El Gobierno de Asturias abrir\u00e1 al p\u00fablico las estaciones de esqu\u00ed de Pajares y Fuentes de Invierno el pr\u00f3ximo lunes, d\u00eda 4 de enero, si las condiciones meteorol\u00f3gicas lo permiten y siempre bajo las medidas de seguridad e higiene que marcan los protocolos espec\u00edficos elaborados por la Direcci\u00f3n General de Deporte y ratificados","canonical_url":"https:\/\/candas365.es\/noticias\/pajares-y-fuentes-de-invierno-abriran-el-4-de-enero\/","robots":"max-image-preview:large","keywords":"destacadas,revista","webmasterTools":{"google-site-verification":"UA-32230408-1","msvalidate.01":"354F3CDFB2DA171B47FBE9ABF1F88D5","miscellaneous":""},"schema":{"@context":"https:\/\/schema.org","@graph":[{"@type":"BreadcrumbList","@id":"https:\/\/candas365.es\/noticias\/pajares-y-fuentes-de-invierno-abriran-el-4-de-enero\/#breadcrumblist","itemListElement":[{"@type":"ListItem","@id":"https:\/\/candas365.es\/noticias#listItem","position":1,"name":"Home","item":"https:\/\/candas365.es\/noticias","nextItem":{"@type":"ListItem","@id":"https:\/\/candas365.es\/noticias\/category\/revista\/#listItem","name":"Revista"}},{"@type":"ListItem","@id":"https:\/\/candas365.es\/noticias\/category\/revista\/#listItem","position":2,"name":"Revista","item":"https:\/\/candas365.es\/noticias\/category\/revista\/","nextItem":{"@type":"ListItem","@id":"https:\/\/candas365.es\/noticias\/pajares-y-fuentes-de-invierno-abriran-el-4-de-enero\/#listItem","name":"Pajares y Fuentes de Invierno abrir\u00e1n el 4 de enero"},"previousItem":{"@type":"ListItem","@id":"https:\/\/candas365.es\/noticias#listItem","name":"Home"}},{"@type":"ListItem","@id":"https:\/\/candas365.es\/noticias\/pajares-y-fuentes-de-invierno-abriran-el-4-de-enero\/#listItem","position":3,"name":"Pajares y Fuentes de Invierno abrir\u00e1n el 4 de enero","previousItem":{"@type":"ListItem","@id":"https:\/\/candas365.es\/noticias\/category\/revista\/#listItem","name":"Revista"}}]},{"@type":"NewsArticle","@id":"https:\/\/candas365.es\/noticias\/pajares-y-fuentes-de-invierno-abriran-el-4-de-enero\/#newsarticle","name":"Pajares y Fuentes de Invierno abrir\u00e1n el 4 de enero | Cand\u00e1s 365","headline":"Pajares y Fuentes de Invierno abrir\u00e1n el 4 de enero","author":{"@id":"https:\/\/candas365.es\/noticias\/author\/admin\/#author"},"publisher":{"@id":"https:\/\/candas365.es\/noticias\/#organization"},"image":{"@type":"ImageObject","url":"https:\/\/candas365.es\/noticias\/wp-content\/uploads\/2020\/12\/skis-3303653_640.jpg","width":640,"height":426},"datePublished":"2020-12-30T19:35:18+01:00","dateModified":"2020-12-30T19:35:18+01:00","inLanguage":"es-ES","mainEntityOfPage":{"@id":"https:\/\/candas365.es\/noticias\/pajares-y-fuentes-de-invierno-abriran-el-4-de-enero\/#webpage"},"isPartOf":{"@id":"https:\/\/candas365.es\/noticias\/pajares-y-fuentes-de-invierno-abriran-el-4-de-enero\/#webpage"},"articleSection":"Destacadas, Revista","dateline":"Publicado el diciembre 30, 2020."},{"@type":"Organization","@id":"https:\/\/candas365.es\/noticias\/#organization","name":"Cand\u00e1s 365","description":"Cand\u00e1s 365 es un diario digital independiente, fundado en 2012, con base en Asturias. Informamos con rigor sobre actualidad, sociedad, cultura y ocio, con una mirada local y global.","url":"https:\/\/candas365.es\/noticias\/","email":"info@candas365.es","telephone":"+34652131393","foundingDate":"2012-06-10","logo":{"@type":"ImageObject","url":"https:\/\/candas365.es\/noticias\/wp-content\/uploads\/2024\/09\/Candas-365-Redes.jpg","@id":"https:\/\/candas365.es\/noticias\/pajares-y-fuentes-de-invierno-abriran-el-4-de-enero\/#organizationLogo","width":1152,"height":864,"caption":"Cand\u00e1s 365 Redes"},"image":{"@id":"https:\/\/candas365.es\/noticias\/pajares-y-fuentes-de-invierno-abriran-el-4-de-enero\/#organizationLogo"},"sameAs":["https:\/\/www.facebook.com\/Nachofdezber","https:\/\/x.com\/NabercoDigital","https:\/\/www.instagram.com\/nachofdezber\/","https:\/\/www.youtube.com\/channel\/UCZP-2wLEB9Rv6erhFmqVnvg"],"address":{"@id":"https:\/\/candas365.es\/noticias\/#postaladdress","@type":"PostalAddress","streetAddress":"san antonio 4, san antonio 4","postalCode":"33430","addressLocality":"Cand\u00e1s","addressRegion":"Asturias","addressCountry":"ES"}},{"@type":"Person","@id":"https:\/\/candas365.es\/noticias\/author\/admin\/#author","url":"https:\/\/candas365.es\/noticias\/author\/admin\/","name":"Cand\u00e1s 365","image":{"@type":"ImageObject","@id":"https:\/\/candas365.es\/noticias\/pajares-y-fuentes-de-invierno-abriran-el-4-de-enero\/#authorImage","url":"https:\/\/secure.gravatar.com\/avatar\/496a8e03d0c493ede1718b7934145dbdf8d89be1036b0eec9544e1094c9de390?s=96&d=mm&r=g","width":96,"height":96,"caption":"Cand\u00e1s 365"},"sameAs":["https:\/\/www.facebook.com\/carrenoactualidad","https:\/\/twitter.com\/nbasturias","https:\/\/www.instagram.com\/nachofdezber\/","https:\/\/www.youtube.com\/channel\/UCZP-2wLEB9Rv6erhFmqVnvg"]},{"@type":"WebPage","@id":"https:\/\/candas365.es\/noticias\/pajares-y-fuentes-de-invierno-abriran-el-4-de-enero\/#webpage","url":"https:\/\/candas365.es\/noticias\/pajares-y-fuentes-de-invierno-abriran-el-4-de-enero\/","name":"Pajares y Fuentes de Invierno abrir\u00e1n el 4 de enero | Cand\u00e1s 365","description":"(EP) - El Gobierno de Asturias abrir\u00e1 al p\u00fablico las estaciones de esqu\u00ed de Pajares y Fuentes de Invierno el pr\u00f3ximo lunes, d\u00eda 4 de enero, si las condiciones meteorol\u00f3gicas lo permiten y siempre bajo las medidas de seguridad e higiene que marcan los protocolos espec\u00edficos elaborados por la Direcci\u00f3n General de Deporte y ratificados","inLanguage":"es-ES","isPartOf":{"@id":"https:\/\/candas365.es\/noticias\/#website"},"breadcrumb":{"@id":"https:\/\/candas365.es\/noticias\/pajares-y-fuentes-de-invierno-abriran-el-4-de-enero\/#breadcrumblist"},"author":{"@id":"https:\/\/candas365.es\/noticias\/author\/admin\/#author"},"creator":{"@id":"https:\/\/candas365.es\/noticias\/author\/admin\/#author"},"image":{"@type":"ImageObject","url":"https:\/\/candas365.es\/noticias\/wp-content\/uploads\/2020\/12\/skis-3303653_640.jpg","@id":"https:\/\/candas365.es\/noticias\/pajares-y-fuentes-de-invierno-abriran-el-4-de-enero\/#mainImage","width":640,"height":426},"primaryImageOfPage":{"@id":"https:\/\/candas365.es\/noticias\/pajares-y-fuentes-de-invierno-abriran-el-4-de-enero\/#mainImage"},"datePublished":"2020-12-30T19:35:18+01:00","dateModified":"2020-12-30T19:35:18+01:00"},{"@type":"WebSite","@id":"https:\/\/candas365.es\/noticias\/#website","url":"https:\/\/candas365.es\/noticias\/","name":"Cand\u00e1s 365","alternateName":"Cand\u00e1s 365 Noticias","description":"Actualidad desde Carre\u00f1o para el mundo","inLanguage":"es-ES","publisher":{"@id":"https:\/\/candas365.es\/noticias\/#organization"}}]},"og:locale":"es_ES","og:site_name":"Cand\u00e1s 365","og:type":"article","og:title":"Pajares y Fuentes de Invierno abrir\u00e1n el 4 de enero | Cand\u00e1s 365","og:description":"(EP) - El Gobierno de Asturias abrir\u00e1 al p\u00fablico las estaciones de esqu\u00ed de Pajares y Fuentes de Invierno el pr\u00f3ximo lunes, d\u00eda 4 de enero, si las condiciones meteorol\u00f3gicas lo permiten y siempre bajo las medidas de seguridad e higiene que marcan los protocolos espec\u00edficos elaborados por la Direcci\u00f3n General de Deporte y ratificados","og:url":"https:\/\/candas365.es\/noticias\/pajares-y-fuentes-de-invierno-abriran-el-4-de-enero\/","og:image":"https:\/\/candas365.es\/noticias\/wp-content\/uploads\/2020\/12\/skis-3303653_640.jpg","og:image:secure_url":"https:\/\/candas365.es\/noticias\/wp-content\/uploads\/2020\/12\/skis-3303653_640.jpg","og:image:width":640,"og:image:height":426,"article:published_time":"2020-12-30T19:35:18+00:00","article:modified_time":"2020-12-30T19:35:18+00:00","article:publisher":"https:\/\/www.facebook.com\/Nachofdezber","article:author":"https:\/\/www.facebook.com\/carrenoactualidad","twitter:card":"summary_large_image","twitter:site":"@NabercoDigital","twitter:title":"Pajares y Fuentes de Invierno abrir\u00e1n el 4 de enero | Cand\u00e1s 365","twitter:description":"(EP) - El Gobierno de Asturias abrir\u00e1 al p\u00fablico las estaciones de esqu\u00ed de Pajares y Fuentes de Invierno el pr\u00f3ximo lunes, d\u00eda 4 de enero, si las condiciones meteorol\u00f3gicas lo permiten y siempre bajo las medidas de seguridad e higiene que marcan los protocolos espec\u00edficos elaborados por la Direcci\u00f3n General de Deporte y ratificados","twitter:creator":"@nbasturias","twitter:image":"https:\/\/candas365.es\/noticias\/wp-content\/uploads\/2020\/12\/skis-3303653_640.jpg","twitter:label1":"Escrito por","twitter:data1":"Cand\u00e1s 365","twitter:label2":"Tiempo de lectura estimado","twitter:data2":"2 minutos"},"aioseo_meta_data":{"post_id":"150698","title":null,"description":null,"keywords":null,"keyphrases":null,"primary_term":null,"canonical_url":null,"og_title":null,"og_description":null,"og_object_type":"default","og_image_type":"default","og_image_url":null,"og_image_width":null,"og_image_height":null,"og_image_custom_url":null,"og_image_custom_fields":null,"og_video":null,"og_custom_url":null,"og_article_section":null,"og_article_tags":null,"twitter_use_og":false,"twitter_card":"default","twitter_image_type":"default","twitter_image_url":null,"twitter_image_custom_url":null,"twitter_image_custom_fields":null,"twitter_title":null,"twitter_description":null,"schema":{"blockGraphs":[],"customGraphs":[],"default":{"data":{"Article":[],"Course":[],"Dataset":[],"FAQPage":[],"Movie":[],"Person":[],"Product":[],"ProductReview":[],"Car":[],"Recipe":[],"Service":[],"SoftwareApplication":[],"WebPage":[]},"graphName":"","isEnabled":true},"graphs":[],"defaultGraph":"","defaultPostTypeGraph":""},"schema_type":null,"schema_type_options":null,"pillar_content":false,"robots_default":true,"robots_noindex":false,"robots_noarchive":false,"robots_nosnippet":false,"robots_nofollow":false,"robots_noimageindex":false,"robots_noodp":false,"robots_notranslate":false,"robots_max_snippet":null,"robots_max_videopreview":null,"robots_max_imagepreview":"large","priority":null,"frequency":null,"location":null,"local_seo":null,"seo_analyzer_scan_date":"2025-08-31 16:19:14","breadcrumb_settings":null,"limit_modified_date":false,"reviewed_by":null,"open_ai":null,"ai":null,"created":"2021-01-27 14:17:58","updated":"2025-08-31 16:19:14"},"aioseo_breadcrumb":"<div class=\"aioseo-breadcrumbs\"><span class=\"aioseo-breadcrumb\">\n\t<a href=\"https:\/\/candas365.es\/noticias\" title=\"Home\">Home<\/a>\n<\/span><span class=\"aioseo-breadcrumb-separator\">&ndash;<\/span><span class=\"aioseo-breadcrumb\">\n\t<a href=\"https:\/\/candas365.es\/noticias\/category\/revista\/\" title=\"Revista\">Revista<\/a>\n<\/span><span class=\"aioseo-breadcrumb-separator\">&ndash;<\/span><span class=\"aioseo-breadcrumb\">\n\tPajares y Fuentes de Invierno abrir\u00e1n el 4 de enero\n<\/span><\/div>","aioseo_breadcrumb_json":[{"label":"Home","link":"https:\/\/candas365.es\/noticias"},{"label":"Revista","link":"https:\/\/candas365.es\/noticias\/category\/revista\/"},{"label":"Pajares y Fuentes de Invierno abrir\u00e1n el 4 de enero","link":"https:\/\/candas365.es\/noticias\/pajares-y-fuentes-de-invierno-abriran-el-4-de-enero\/"}],"_links":{"self":[{"href":"https:\/\/candas365.es\/noticias\/wp-json\/wp\/v2\/posts\/150698","targetHints":{"allow":["GET"]}}],"collection":[{"href":"https:\/\/candas365.es\/noticias\/wp-json\/wp\/v2\/posts"}],"about":[{"href":"https:\/\/candas365.es\/noticias\/wp-json\/wp\/v2\/types\/post"}],"author":[{"embeddable":true,"href":"https:\/\/candas365.es\/noticias\/wp-json\/wp\/v2\/users\/1"}],"replies":[{"embeddable":true,"href":"https:\/\/candas365.es\/noticias\/wp-json\/wp\/v2\/comments?post=150698"}],"version-history":[{"count":0,"href":"https:\/\/candas365.es\/noticias\/wp-json\/wp\/v2\/posts\/150698\/revisions"}],"wp:featuredmedia":[{"embeddable":true,"href":"https:\/\/candas365.es\/noticias\/wp-json\/wp\/v2\/media\/150699"}],"wp:attachment":[{"href":"https:\/\/candas365.es\/noticias\/wp-json\/wp\/v2\/media?parent=150698"}],"wp:term":[{"taxonomy":"category","embeddable":true,"href":"https:\/\/candas365.es\/noticias\/wp-json\/wp\/v2\/categories?post=150698"},{"taxonomy":"post_tag","embeddable":true,"href":"https:\/\/candas365.es\/noticias\/wp-json\/wp\/v2\/tags?post=150698"}],"curies":[{"name":"wp","href":"https:\/\/api.w.org\/{rel}","templated":true}]}}