{"id":150692,"date":"2020-12-30T18:03:32","date_gmt":"2020-12-30T18:03:32","guid":{"rendered":"http:\/\/candas365.es\/noticias\/?p=150692"},"modified":"2020-12-30T18:03:32","modified_gmt":"2020-12-30T18:03:32","slug":"el-tiempo-dia-30-de-diciembre-de-2020","status":"publish","type":"post","link":"https:\/\/candas365.es\/noticias\/el-tiempo-dia-30-de-diciembre-de-2020\/","title":{"rendered":"El tiempo, d\u00eda 30 de diciembre de 2020"},"content":{"rendered":"<figure id=\"attachment_150693\" aria-describedby=\"caption-attachment-150693\" style=\"width: 360px\" class=\"wp-caption alignleft\"><img fetchpriority=\"high\" decoding=\"async\" class=\"size-medium wp-image-150693\" src=\"https:\/\/candas365.es\/noticias\/wp-content\/uploads\/2020\/12\/olas-tiempo-360x243.jpg\" alt=\"Olas Temporal\" width=\"360\" height=\"243\" srcset=\"https:\/\/candas365.es\/noticias\/wp-content\/uploads\/2020\/12\/olas-tiempo-360x243.jpg 360w, https:\/\/candas365.es\/noticias\/wp-content\/uploads\/2020\/12\/olas-tiempo-650x439.jpg 650w, https:\/\/candas365.es\/noticias\/wp-content\/uploads\/2020\/12\/olas-tiempo-768x518.jpg 768w, https:\/\/candas365.es\/noticias\/wp-content\/uploads\/2020\/12\/olas-tiempo.jpg 803w\" sizes=\"(max-width: 360px) 100vw, 360px\" \/><figcaption id=\"caption-attachment-150693\" class=\"wp-caption-text\">Foto: Jorge Peteiro &#8211; Europa Press<\/figcaption><\/figure>\n<p>(EP) &#8211; Una veintena de provincias estar\u00e1n este mi\u00e9rcoles 30 de diciembre en riesgo importante (aviso naranja) y riesgo bajo (aviso amarillo) por nieve, oleaje (con olas que podr\u00edan llegar a los 7 metros), fuertes rachas de viento (de hasta 80 kil\u00f3metros por hora) y temperaturas m\u00ednimas de hasta -6\u00baC, seg\u00fan la Agencia Estatal de Meteorolog\u00eda (AEMET).<\/p>\n<p>La nieve estar\u00e1 presente en Huesca, Zaragoza, Cantabria, Burgos, Le\u00f3n, Palencia, L\u00e9rida, Navarra y \u00c1lava, en riesgo bajo por este fen\u00f3meno, que tambi\u00e9n tendr\u00e1 lugar en Asturias, aunque en mayor medida, por lo que esta comunidad tendr\u00e1 riesgo importante por acumulaciones de hasta 20 cent\u00edmetros en 24 horas en torno a los 900 metros de altitud.<\/p>\n<p>Tambi\u00e9n durante esta jornada el oleaje ser\u00e1 un fen\u00f3meno a tener en cuenta, con Asturias, Cantabria, A Coru\u00f1a, Lugo, Pontevedra, Guip\u00fazcoa y Vizcaya en riesgo importante por este fen\u00f3meno, con vientos del noroeste de fuerza 8 que provocar\u00e1n olas de hasta siete metros de altura. En menor medida, el oleaje tambi\u00e9n afectar\u00e1 a Tarragona, en riesgo bajo por olas que podr\u00e1n alcanzar los tres metros de altura.<\/p>\n<p>Por otro lado, se alcanzar\u00e1n temperaturas m\u00ednimas en Barcelona, Gerona, L\u00e9rida, Huesca, C\u00f3rdoba y Granada, en riesgo bajo por valores que podr\u00e1n alcanzar los -6\u00baC. Las fuertes rachas de viento tambi\u00e9n se notar\u00e1n este mi\u00e9rcoles, en concreto en Castell\u00f3n, en riesgo bajo con rachas que estar\u00e1n en torno a los 80 km\/h.<\/p>\n<p>Esta jornada, la AEMET prev\u00e9 cielos nubosos o cubiertos y precipitaciones en Galicia, Cant\u00e1brico y Pirineo occidental. En el caso del litoral vasco, las lluvias tendr\u00e1n cierta persistencia pero en el sur de la comunidad vasca se extender\u00e1n aunque de manera m\u00e1s d\u00e9bil. Tambi\u00e9n las lluvias tendr\u00e1n lugar en Baleares y, a primeras horas, en Melilla.<\/p>\n<p>En el resto de la Pen\u00ednsula no se esperan precipitaciones pero predominar\u00e1n los cielos nubosos en el norte y despejados en el sur mientras que en el archipi\u00e9lago canario habr\u00e1 intervalos nubosos, con probables chubascos en las islas de mayor relieve. Este mi\u00e9rcoles, la cota de nieve se situar\u00e1 en la Cant\u00e1brica occidental en torno a los 600-800 metros, en la oriental a 400-600 metros y en el Pirineo en cualquier cota.<\/p>\n<p>En cuanto a las temperaturas, los valores no tendr\u00e1n muchos cambios salvo por un descenso de las m\u00ednimas en la mitad sur peninsular. Las heladas se suceder\u00e1n tambi\u00e9n esta jornada en el interior de la Pen\u00ednsula, m\u00e1s intensas en monta\u00f1a y localmente fuertes en Pirineos.<\/p>\n<p>Por \u00faltimo, los vientos ser\u00e1n del oeste y noroeste en la Pen\u00ednsula y Baleares, con rachas fuertes o con intervalos de fuerte en el litoral cant\u00e1brico y en el \u00e1rea mediterr\u00e1nea, con tendencia a amainar en esta zona a lo largo del d\u00eda mientras que en Canarias predominar\u00e1 el viento flojo del este o noreste.<\/p>\n","protected":false},"excerpt":{"rendered":"<p>(EP) &#8211; Una veintena de provincias estar\u00e1n este mi\u00e9rcoles 30 de diciembre en riesgo importante (aviso naranja) y riesgo bajo (aviso amarillo) por nieve, oleaje (con olas que podr\u00edan llegar a los 7 metros), fuertes rachas de viento (de hasta 80 kil\u00f3metros por hora) y temperaturas m\u00ednimas de hasta -6\u00baC, seg\u00fan la Agencia Estatal de<\/p>\n","protected":false},"author":1,"featured_media":150693,"comment_status":"closed","ping_status":"closed","sticky":false,"template":"","format":"standard","meta":{"footnotes":""},"categories":[358],"tags":[],"class_list":{"0":"post-150692","1":"post","2":"type-post","3":"status-publish","4":"format-standard","5":"has-post-thumbnail","7":"category-el-tiempo"},"aioseo_notices":[],"aioseo_head":"\n\t\t<!-- All in One SEO Pro 4.9.6.2 - aioseo.com -->\n\t<meta name=\"description\" content=\"(EP) - Una veintena de provincias estar\u00e1n este mi\u00e9rcoles 30 de diciembre en riesgo importante (aviso naranja) y riesgo bajo (aviso amarillo) por nieve, oleaje (con olas que podr\u00edan llegar a los 7 metros), fuertes rachas de viento (de hasta 80 kil\u00f3metros por hora) y temperaturas m\u00ednimas de hasta -6\u00baC, seg\u00fan la Agencia Estatal de\" \/>\n\t<meta name=\"robots\" content=\"max-image-preview:large\" \/>\n\t<meta name=\"author\" content=\"Cand\u00e1s 365\"\/>\n\t<meta name=\"google-site-verification\" content=\"UA-32230408-1\" \/>\n\t<meta name=\"msvalidate.01\" content=\"354F3CDFB2DA171B47FBE9ABF1F88D5\" \/>\n\t<meta name=\"keywords\" content=\"el tiempo\" \/>\n\t<link rel=\"canonical\" href=\"https:\/\/candas365.es\/noticias\/el-tiempo-dia-30-de-diciembre-de-2020\/\" \/>\n\t<meta name=\"generator\" content=\"All in One SEO Pro (AIOSEO) 4.9.6.2\" \/>\n\t\t<meta property=\"og:locale\" content=\"es_ES\" \/>\n\t\t<meta property=\"og:site_name\" content=\"Cand\u00e1s 365\" \/>\n\t\t<meta property=\"og:type\" content=\"article\" \/>\n\t\t<meta property=\"og:title\" content=\"El tiempo, d\u00eda 30 de diciembre de 2020 | Cand\u00e1s 365\" \/>\n\t\t<meta property=\"og:description\" content=\"(EP) - Una veintena de provincias estar\u00e1n este mi\u00e9rcoles 30 de diciembre en riesgo importante (aviso naranja) y riesgo bajo (aviso amarillo) por nieve, oleaje (con olas que podr\u00edan llegar a los 7 metros), fuertes rachas de viento (de hasta 80 kil\u00f3metros por hora) y temperaturas m\u00ednimas de hasta -6\u00baC, seg\u00fan la Agencia Estatal de\" \/>\n\t\t<meta property=\"og:url\" content=\"https:\/\/candas365.es\/noticias\/el-tiempo-dia-30-de-diciembre-de-2020\/\" \/>\n\t\t<meta property=\"og:image\" content=\"https:\/\/candas365.es\/noticias\/wp-content\/uploads\/2020\/12\/olas-tiempo.jpg\" \/>\n\t\t<meta property=\"og:image:secure_url\" content=\"https:\/\/candas365.es\/noticias\/wp-content\/uploads\/2020\/12\/olas-tiempo.jpg\" \/>\n\t\t<meta property=\"og:image:width\" content=\"803\" \/>\n\t\t<meta property=\"og:image:height\" content=\"542\" \/>\n\t\t<meta property=\"article:published_time\" content=\"2020-12-30T18:03:32+00:00\" \/>\n\t\t<meta property=\"article:modified_time\" content=\"2020-12-30T18:03:32+00:00\" \/>\n\t\t<meta property=\"article:publisher\" content=\"https:\/\/www.facebook.com\/Nachofdezber\" \/>\n\t\t<meta property=\"article:author\" content=\"https:\/\/www.facebook.com\/carrenoactualidad\" \/>\n\t\t<meta name=\"twitter:card\" content=\"summary_large_image\" \/>\n\t\t<meta name=\"twitter:site\" content=\"@NabercoDigital\" \/>\n\t\t<meta name=\"twitter:title\" content=\"El tiempo, d\u00eda 30 de diciembre de 2020 | Cand\u00e1s 365\" \/>\n\t\t<meta name=\"twitter:description\" content=\"(EP) - Una veintena de provincias estar\u00e1n este mi\u00e9rcoles 30 de diciembre en riesgo importante (aviso naranja) y riesgo bajo (aviso amarillo) por nieve, oleaje (con olas que podr\u00edan llegar a los 7 metros), fuertes rachas de viento (de hasta 80 kil\u00f3metros por hora) y temperaturas m\u00ednimas de hasta -6\u00baC, seg\u00fan la Agencia Estatal de\" \/>\n\t\t<meta name=\"twitter:creator\" content=\"@nbasturias\" \/>\n\t\t<meta name=\"twitter:image\" content=\"https:\/\/candas365.es\/noticias\/wp-content\/uploads\/2020\/12\/olas-tiempo.jpg\" \/>\n\t\t<meta name=\"twitter:label1\" content=\"Escrito por\" \/>\n\t\t<meta name=\"twitter:data1\" content=\"Cand\u00e1s 365\" \/>\n\t\t<meta name=\"twitter:label2\" content=\"Tiempo de lectura estimado\" \/>\n\t\t<meta name=\"twitter:data2\" content=\"3 minutos\" \/>\n\t\t<script type=\"application\/ld+json\" class=\"aioseo-schema\">\n\t\t\t{\"@context\":\"https:\\\/\\\/schema.org\",\"@graph\":[{\"@type\":\"BreadcrumbList\",\"@id\":\"https:\\\/\\\/candas365.es\\\/noticias\\\/el-tiempo-dia-30-de-diciembre-de-2020\\\/#breadcrumblist\",\"itemListElement\":[{\"@type\":\"ListItem\",\"@id\":\"https:\\\/\\\/candas365.es\\\/noticias#listItem\",\"position\":1,\"name\":\"Home\",\"item\":\"https:\\\/\\\/candas365.es\\\/noticias\",\"nextItem\":{\"@type\":\"ListItem\",\"@id\":\"https:\\\/\\\/candas365.es\\\/noticias\\\/category\\\/el-tiempo\\\/#listItem\",\"name\":\"El tiempo\"}},{\"@type\":\"ListItem\",\"@id\":\"https:\\\/\\\/candas365.es\\\/noticias\\\/category\\\/el-tiempo\\\/#listItem\",\"position\":2,\"name\":\"El tiempo\",\"item\":\"https:\\\/\\\/candas365.es\\\/noticias\\\/category\\\/el-tiempo\\\/\",\"nextItem\":{\"@type\":\"ListItem\",\"@id\":\"https:\\\/\\\/candas365.es\\\/noticias\\\/el-tiempo-dia-30-de-diciembre-de-2020\\\/#listItem\",\"name\":\"El tiempo, d\\u00eda 30 de diciembre de 2020\"},\"previousItem\":{\"@type\":\"ListItem\",\"@id\":\"https:\\\/\\\/candas365.es\\\/noticias#listItem\",\"name\":\"Home\"}},{\"@type\":\"ListItem\",\"@id\":\"https:\\\/\\\/candas365.es\\\/noticias\\\/el-tiempo-dia-30-de-diciembre-de-2020\\\/#listItem\",\"position\":3,\"name\":\"El tiempo, d\\u00eda 30 de diciembre de 2020\",\"previousItem\":{\"@type\":\"ListItem\",\"@id\":\"https:\\\/\\\/candas365.es\\\/noticias\\\/category\\\/el-tiempo\\\/#listItem\",\"name\":\"El tiempo\"}}]},{\"@type\":\"NewsArticle\",\"@id\":\"https:\\\/\\\/candas365.es\\\/noticias\\\/el-tiempo-dia-30-de-diciembre-de-2020\\\/#newsarticle\",\"name\":\"El tiempo, d\\u00eda 30 de diciembre de 2020 | Cand\\u00e1s 365\",\"headline\":\"El tiempo, d\\u00eda 30 de diciembre de 2020\",\"author\":{\"@id\":\"https:\\\/\\\/candas365.es\\\/noticias\\\/author\\\/admin\\\/#author\"},\"publisher\":{\"@id\":\"https:\\\/\\\/candas365.es\\\/noticias\\\/#organization\"},\"image\":{\"@type\":\"ImageObject\",\"url\":\"https:\\\/\\\/candas365.es\\\/noticias\\\/wp-content\\\/uploads\\\/2020\\\/12\\\/olas-tiempo.jpg\",\"width\":803,\"height\":542,\"caption\":\"Foto: Jorge Peteiro - Europa Press\"},\"datePublished\":\"2020-12-30T18:03:32+01:00\",\"dateModified\":\"2020-12-30T18:03:32+01:00\",\"inLanguage\":\"es-ES\",\"mainEntityOfPage\":{\"@id\":\"https:\\\/\\\/candas365.es\\\/noticias\\\/el-tiempo-dia-30-de-diciembre-de-2020\\\/#webpage\"},\"isPartOf\":{\"@id\":\"https:\\\/\\\/candas365.es\\\/noticias\\\/el-tiempo-dia-30-de-diciembre-de-2020\\\/#webpage\"},\"articleSection\":\"El tiempo\",\"dateline\":\"Publicado el diciembre 30, 2020.\"},{\"@type\":\"Organization\",\"@id\":\"https:\\\/\\\/candas365.es\\\/noticias\\\/#organization\",\"name\":\"Cand\\u00e1s 365\",\"description\":\"Cand\\u00e1s 365 es un diario digital independiente, fundado en 2012, con base en Asturias. Informamos con rigor sobre actualidad, sociedad, cultura y ocio, con una mirada local y global.\",\"url\":\"https:\\\/\\\/candas365.es\\\/noticias\\\/\",\"email\":\"info@candas365.es\",\"telephone\":\"+34652131393\",\"foundingDate\":\"2012-06-10\",\"logo\":{\"@type\":\"ImageObject\",\"url\":\"https:\\\/\\\/candas365.es\\\/noticias\\\/wp-content\\\/uploads\\\/2024\\\/09\\\/Candas-365-Redes.jpg\",\"@id\":\"https:\\\/\\\/candas365.es\\\/noticias\\\/el-tiempo-dia-30-de-diciembre-de-2020\\\/#organizationLogo\",\"width\":1152,\"height\":864,\"caption\":\"Cand\\u00e1s 365 Redes\"},\"image\":{\"@id\":\"https:\\\/\\\/candas365.es\\\/noticias\\\/el-tiempo-dia-30-de-diciembre-de-2020\\\/#organizationLogo\"},\"sameAs\":[\"https:\\\/\\\/www.facebook.com\\\/Nachofdezber\",\"https:\\\/\\\/x.com\\\/NabercoDigital\",\"https:\\\/\\\/www.instagram.com\\\/nachofdezber\\\/\",\"https:\\\/\\\/www.youtube.com\\\/channel\\\/UCZP-2wLEB9Rv6erhFmqVnvg\"],\"address\":{\"@id\":\"https:\\\/\\\/candas365.es\\\/noticias\\\/#postaladdress\",\"@type\":\"PostalAddress\",\"streetAddress\":\"san antonio 4, san antonio 4\",\"postalCode\":\"33430\",\"addressLocality\":\"Cand\\u00e1s\",\"addressRegion\":\"Asturias\",\"addressCountry\":\"ES\"}},{\"@type\":\"Person\",\"@id\":\"https:\\\/\\\/candas365.es\\\/noticias\\\/author\\\/admin\\\/#author\",\"url\":\"https:\\\/\\\/candas365.es\\\/noticias\\\/author\\\/admin\\\/\",\"name\":\"Cand\\u00e1s 365\",\"image\":{\"@type\":\"ImageObject\",\"@id\":\"https:\\\/\\\/candas365.es\\\/noticias\\\/el-tiempo-dia-30-de-diciembre-de-2020\\\/#authorImage\",\"url\":\"https:\\\/\\\/secure.gravatar.com\\\/avatar\\\/496a8e03d0c493ede1718b7934145dbdf8d89be1036b0eec9544e1094c9de390?s=96&d=mm&r=g\",\"width\":96,\"height\":96,\"caption\":\"Cand\\u00e1s 365\"},\"sameAs\":[\"https:\\\/\\\/www.facebook.com\\\/carrenoactualidad\",\"https:\\\/\\\/twitter.com\\\/nbasturias\",\"https:\\\/\\\/www.instagram.com\\\/nachofdezber\\\/\",\"https:\\\/\\\/www.youtube.com\\\/channel\\\/UCZP-2wLEB9Rv6erhFmqVnvg\"]},{\"@type\":\"WebPage\",\"@id\":\"https:\\\/\\\/candas365.es\\\/noticias\\\/el-tiempo-dia-30-de-diciembre-de-2020\\\/#webpage\",\"url\":\"https:\\\/\\\/candas365.es\\\/noticias\\\/el-tiempo-dia-30-de-diciembre-de-2020\\\/\",\"name\":\"El tiempo, d\\u00eda 30 de diciembre de 2020 | Cand\\u00e1s 365\",\"description\":\"(EP) - Una veintena de provincias estar\\u00e1n este mi\\u00e9rcoles 30 de diciembre en riesgo importante (aviso naranja) y riesgo bajo (aviso amarillo) por nieve, oleaje (con olas que podr\\u00edan llegar a los 7 metros), fuertes rachas de viento (de hasta 80 kil\\u00f3metros por hora) y temperaturas m\\u00ednimas de hasta -6\\u00baC, seg\\u00fan la Agencia Estatal de\",\"inLanguage\":\"es-ES\",\"isPartOf\":{\"@id\":\"https:\\\/\\\/candas365.es\\\/noticias\\\/#website\"},\"breadcrumb\":{\"@id\":\"https:\\\/\\\/candas365.es\\\/noticias\\\/el-tiempo-dia-30-de-diciembre-de-2020\\\/#breadcrumblist\"},\"author\":{\"@id\":\"https:\\\/\\\/candas365.es\\\/noticias\\\/author\\\/admin\\\/#author\"},\"creator\":{\"@id\":\"https:\\\/\\\/candas365.es\\\/noticias\\\/author\\\/admin\\\/#author\"},\"image\":{\"@type\":\"ImageObject\",\"url\":\"https:\\\/\\\/candas365.es\\\/noticias\\\/wp-content\\\/uploads\\\/2020\\\/12\\\/olas-tiempo.jpg\",\"@id\":\"https:\\\/\\\/candas365.es\\\/noticias\\\/el-tiempo-dia-30-de-diciembre-de-2020\\\/#mainImage\",\"width\":803,\"height\":542,\"caption\":\"Foto: Jorge Peteiro - Europa Press\"},\"primaryImageOfPage\":{\"@id\":\"https:\\\/\\\/candas365.es\\\/noticias\\\/el-tiempo-dia-30-de-diciembre-de-2020\\\/#mainImage\"},\"datePublished\":\"2020-12-30T18:03:32+01:00\",\"dateModified\":\"2020-12-30T18:03:32+01:00\"},{\"@type\":\"WebSite\",\"@id\":\"https:\\\/\\\/candas365.es\\\/noticias\\\/#website\",\"url\":\"https:\\\/\\\/candas365.es\\\/noticias\\\/\",\"name\":\"Cand\\u00e1s 365\",\"alternateName\":\"Cand\\u00e1s 365 Noticias\",\"description\":\"Actualidad desde Carre\\u00f1o para el mundo\",\"inLanguage\":\"es-ES\",\"publisher\":{\"@id\":\"https:\\\/\\\/candas365.es\\\/noticias\\\/#organization\"}}]}\n\t\t<\/script>\n\t\t<!-- All in One SEO Pro -->\r\n\t\t<title>El tiempo, d\u00eda 30 de diciembre de 2020 | Cand\u00e1s 365<\/title>\n\n","aioseo_head_json":{"title":"El tiempo, d\u00eda 30 de diciembre de 2020 | Cand\u00e1s 365","description":"(EP) - Una veintena de provincias estar\u00e1n este mi\u00e9rcoles 30 de diciembre en riesgo importante (aviso naranja) y riesgo bajo (aviso amarillo) por nieve, oleaje (con olas que podr\u00edan llegar a los 7 metros), fuertes rachas de viento (de hasta 80 kil\u00f3metros por hora) y temperaturas m\u00ednimas de hasta -6\u00baC, seg\u00fan la Agencia Estatal de","canonical_url":"https:\/\/candas365.es\/noticias\/el-tiempo-dia-30-de-diciembre-de-2020\/","robots":"max-image-preview:large","keywords":"el tiempo","webmasterTools":{"google-site-verification":"UA-32230408-1","msvalidate.01":"354F3CDFB2DA171B47FBE9ABF1F88D5","miscellaneous":""},"schema":{"@context":"https:\/\/schema.org","@graph":[{"@type":"BreadcrumbList","@id":"https:\/\/candas365.es\/noticias\/el-tiempo-dia-30-de-diciembre-de-2020\/#breadcrumblist","itemListElement":[{"@type":"ListItem","@id":"https:\/\/candas365.es\/noticias#listItem","position":1,"name":"Home","item":"https:\/\/candas365.es\/noticias","nextItem":{"@type":"ListItem","@id":"https:\/\/candas365.es\/noticias\/category\/el-tiempo\/#listItem","name":"El tiempo"}},{"@type":"ListItem","@id":"https:\/\/candas365.es\/noticias\/category\/el-tiempo\/#listItem","position":2,"name":"El tiempo","item":"https:\/\/candas365.es\/noticias\/category\/el-tiempo\/","nextItem":{"@type":"ListItem","@id":"https:\/\/candas365.es\/noticias\/el-tiempo-dia-30-de-diciembre-de-2020\/#listItem","name":"El tiempo, d\u00eda 30 de diciembre de 2020"},"previousItem":{"@type":"ListItem","@id":"https:\/\/candas365.es\/noticias#listItem","name":"Home"}},{"@type":"ListItem","@id":"https:\/\/candas365.es\/noticias\/el-tiempo-dia-30-de-diciembre-de-2020\/#listItem","position":3,"name":"El tiempo, d\u00eda 30 de diciembre de 2020","previousItem":{"@type":"ListItem","@id":"https:\/\/candas365.es\/noticias\/category\/el-tiempo\/#listItem","name":"El tiempo"}}]},{"@type":"NewsArticle","@id":"https:\/\/candas365.es\/noticias\/el-tiempo-dia-30-de-diciembre-de-2020\/#newsarticle","name":"El tiempo, d\u00eda 30 de diciembre de 2020 | Cand\u00e1s 365","headline":"El tiempo, d\u00eda 30 de diciembre de 2020","author":{"@id":"https:\/\/candas365.es\/noticias\/author\/admin\/#author"},"publisher":{"@id":"https:\/\/candas365.es\/noticias\/#organization"},"image":{"@type":"ImageObject","url":"https:\/\/candas365.es\/noticias\/wp-content\/uploads\/2020\/12\/olas-tiempo.jpg","width":803,"height":542,"caption":"Foto: Jorge Peteiro - Europa Press"},"datePublished":"2020-12-30T18:03:32+01:00","dateModified":"2020-12-30T18:03:32+01:00","inLanguage":"es-ES","mainEntityOfPage":{"@id":"https:\/\/candas365.es\/noticias\/el-tiempo-dia-30-de-diciembre-de-2020\/#webpage"},"isPartOf":{"@id":"https:\/\/candas365.es\/noticias\/el-tiempo-dia-30-de-diciembre-de-2020\/#webpage"},"articleSection":"El tiempo","dateline":"Publicado el diciembre 30, 2020."},{"@type":"Organization","@id":"https:\/\/candas365.es\/noticias\/#organization","name":"Cand\u00e1s 365","description":"Cand\u00e1s 365 es un diario digital independiente, fundado en 2012, con base en Asturias. Informamos con rigor sobre actualidad, sociedad, cultura y ocio, con una mirada local y global.","url":"https:\/\/candas365.es\/noticias\/","email":"info@candas365.es","telephone":"+34652131393","foundingDate":"2012-06-10","logo":{"@type":"ImageObject","url":"https:\/\/candas365.es\/noticias\/wp-content\/uploads\/2024\/09\/Candas-365-Redes.jpg","@id":"https:\/\/candas365.es\/noticias\/el-tiempo-dia-30-de-diciembre-de-2020\/#organizationLogo","width":1152,"height":864,"caption":"Cand\u00e1s 365 Redes"},"image":{"@id":"https:\/\/candas365.es\/noticias\/el-tiempo-dia-30-de-diciembre-de-2020\/#organizationLogo"},"sameAs":["https:\/\/www.facebook.com\/Nachofdezber","https:\/\/x.com\/NabercoDigital","https:\/\/www.instagram.com\/nachofdezber\/","https:\/\/www.youtube.com\/channel\/UCZP-2wLEB9Rv6erhFmqVnvg"],"address":{"@id":"https:\/\/candas365.es\/noticias\/#postaladdress","@type":"PostalAddress","streetAddress":"san antonio 4, san antonio 4","postalCode":"33430","addressLocality":"Cand\u00e1s","addressRegion":"Asturias","addressCountry":"ES"}},{"@type":"Person","@id":"https:\/\/candas365.es\/noticias\/author\/admin\/#author","url":"https:\/\/candas365.es\/noticias\/author\/admin\/","name":"Cand\u00e1s 365","image":{"@type":"ImageObject","@id":"https:\/\/candas365.es\/noticias\/el-tiempo-dia-30-de-diciembre-de-2020\/#authorImage","url":"https:\/\/secure.gravatar.com\/avatar\/496a8e03d0c493ede1718b7934145dbdf8d89be1036b0eec9544e1094c9de390?s=96&d=mm&r=g","width":96,"height":96,"caption":"Cand\u00e1s 365"},"sameAs":["https:\/\/www.facebook.com\/carrenoactualidad","https:\/\/twitter.com\/nbasturias","https:\/\/www.instagram.com\/nachofdezber\/","https:\/\/www.youtube.com\/channel\/UCZP-2wLEB9Rv6erhFmqVnvg"]},{"@type":"WebPage","@id":"https:\/\/candas365.es\/noticias\/el-tiempo-dia-30-de-diciembre-de-2020\/#webpage","url":"https:\/\/candas365.es\/noticias\/el-tiempo-dia-30-de-diciembre-de-2020\/","name":"El tiempo, d\u00eda 30 de diciembre de 2020 | Cand\u00e1s 365","description":"(EP) - Una veintena de provincias estar\u00e1n este mi\u00e9rcoles 30 de diciembre en riesgo importante (aviso naranja) y riesgo bajo (aviso amarillo) por nieve, oleaje (con olas que podr\u00edan llegar a los 7 metros), fuertes rachas de viento (de hasta 80 kil\u00f3metros por hora) y temperaturas m\u00ednimas de hasta -6\u00baC, seg\u00fan la Agencia Estatal de","inLanguage":"es-ES","isPartOf":{"@id":"https:\/\/candas365.es\/noticias\/#website"},"breadcrumb":{"@id":"https:\/\/candas365.es\/noticias\/el-tiempo-dia-30-de-diciembre-de-2020\/#breadcrumblist"},"author":{"@id":"https:\/\/candas365.es\/noticias\/author\/admin\/#author"},"creator":{"@id":"https:\/\/candas365.es\/noticias\/author\/admin\/#author"},"image":{"@type":"ImageObject","url":"https:\/\/candas365.es\/noticias\/wp-content\/uploads\/2020\/12\/olas-tiempo.jpg","@id":"https:\/\/candas365.es\/noticias\/el-tiempo-dia-30-de-diciembre-de-2020\/#mainImage","width":803,"height":542,"caption":"Foto: Jorge Peteiro - Europa Press"},"primaryImageOfPage":{"@id":"https:\/\/candas365.es\/noticias\/el-tiempo-dia-30-de-diciembre-de-2020\/#mainImage"},"datePublished":"2020-12-30T18:03:32+01:00","dateModified":"2020-12-30T18:03:32+01:00"},{"@type":"WebSite","@id":"https:\/\/candas365.es\/noticias\/#website","url":"https:\/\/candas365.es\/noticias\/","name":"Cand\u00e1s 365","alternateName":"Cand\u00e1s 365 Noticias","description":"Actualidad desde Carre\u00f1o para el mundo","inLanguage":"es-ES","publisher":{"@id":"https:\/\/candas365.es\/noticias\/#organization"}}]},"og:locale":"es_ES","og:site_name":"Cand\u00e1s 365","og:type":"article","og:title":"El tiempo, d\u00eda 30 de diciembre de 2020 | Cand\u00e1s 365","og:description":"(EP) - Una veintena de provincias estar\u00e1n este mi\u00e9rcoles 30 de diciembre en riesgo importante (aviso naranja) y riesgo bajo (aviso amarillo) por nieve, oleaje (con olas que podr\u00edan llegar a los 7 metros), fuertes rachas de viento (de hasta 80 kil\u00f3metros por hora) y temperaturas m\u00ednimas de hasta -6\u00baC, seg\u00fan la Agencia Estatal de","og:url":"https:\/\/candas365.es\/noticias\/el-tiempo-dia-30-de-diciembre-de-2020\/","og:image":"https:\/\/candas365.es\/noticias\/wp-content\/uploads\/2020\/12\/olas-tiempo.jpg","og:image:secure_url":"https:\/\/candas365.es\/noticias\/wp-content\/uploads\/2020\/12\/olas-tiempo.jpg","og:image:width":803,"og:image:height":542,"article:published_time":"2020-12-30T18:03:32+00:00","article:modified_time":"2020-12-30T18:03:32+00:00","article:publisher":"https:\/\/www.facebook.com\/Nachofdezber","article:author":"https:\/\/www.facebook.com\/carrenoactualidad","twitter:card":"summary_large_image","twitter:site":"@NabercoDigital","twitter:title":"El tiempo, d\u00eda 30 de diciembre de 2020 | Cand\u00e1s 365","twitter:description":"(EP) - Una veintena de provincias estar\u00e1n este mi\u00e9rcoles 30 de diciembre en riesgo importante (aviso naranja) y riesgo bajo (aviso amarillo) por nieve, oleaje (con olas que podr\u00edan llegar a los 7 metros), fuertes rachas de viento (de hasta 80 kil\u00f3metros por hora) y temperaturas m\u00ednimas de hasta -6\u00baC, seg\u00fan la Agencia Estatal de","twitter:creator":"@nbasturias","twitter:image":"https:\/\/candas365.es\/noticias\/wp-content\/uploads\/2020\/12\/olas-tiempo.jpg","twitter:label1":"Escrito por","twitter:data1":"Cand\u00e1s 365","twitter:label2":"Tiempo de lectura estimado","twitter:data2":"3 minutos"},"aioseo_meta_data":{"post_id":"150692","title":null,"description":null,"keywords":null,"keyphrases":null,"primary_term":null,"canonical_url":null,"og_title":null,"og_description":null,"og_object_type":"default","og_image_type":"default","og_image_url":null,"og_image_width":null,"og_image_height":null,"og_image_custom_url":null,"og_image_custom_fields":null,"og_video":null,"og_custom_url":null,"og_article_section":null,"og_article_tags":null,"twitter_use_og":false,"twitter_card":"default","twitter_image_type":"default","twitter_image_url":null,"twitter_image_custom_url":null,"twitter_image_custom_fields":null,"twitter_title":null,"twitter_description":null,"schema":{"blockGraphs":[],"customGraphs":[],"default":{"data":{"Article":[],"Course":[],"Dataset":[],"FAQPage":[],"Movie":[],"Person":[],"Product":[],"ProductReview":[],"Car":[],"Recipe":[],"Service":[],"SoftwareApplication":[],"WebPage":[]},"graphName":"","isEnabled":true},"graphs":[],"defaultGraph":"","defaultPostTypeGraph":""},"schema_type":null,"schema_type_options":null,"pillar_content":false,"robots_default":true,"robots_noindex":false,"robots_noarchive":false,"robots_nosnippet":false,"robots_nofollow":false,"robots_noimageindex":false,"robots_noodp":false,"robots_notranslate":false,"robots_max_snippet":null,"robots_max_videopreview":null,"robots_max_imagepreview":"large","priority":null,"frequency":null,"location":null,"local_seo":null,"seo_analyzer_scan_date":"2025-08-31 16:19:12","breadcrumb_settings":null,"limit_modified_date":false,"reviewed_by":null,"open_ai":null,"ai":null,"created":"2021-01-27 20:32:28","updated":"2025-08-31 16:19:12"},"aioseo_breadcrumb":"<div class=\"aioseo-breadcrumbs\"><span class=\"aioseo-breadcrumb\">\n\t<a href=\"https:\/\/candas365.es\/noticias\" title=\"Home\">Home<\/a>\n<\/span><span class=\"aioseo-breadcrumb-separator\">&ndash;<\/span><span class=\"aioseo-breadcrumb\">\n\t<a href=\"https:\/\/candas365.es\/noticias\/category\/el-tiempo\/\" title=\"El tiempo\">El tiempo<\/a>\n<\/span><span class=\"aioseo-breadcrumb-separator\">&ndash;<\/span><span class=\"aioseo-breadcrumb\">\n\tEl tiempo, d\u00eda 30 de diciembre de 2020\n<\/span><\/div>","aioseo_breadcrumb_json":[{"label":"Home","link":"https:\/\/candas365.es\/noticias"},{"label":"El tiempo","link":"https:\/\/candas365.es\/noticias\/category\/el-tiempo\/"},{"label":"El tiempo, d\u00eda 30 de diciembre de 2020","link":"https:\/\/candas365.es\/noticias\/el-tiempo-dia-30-de-diciembre-de-2020\/"}],"_links":{"self":[{"href":"https:\/\/candas365.es\/noticias\/wp-json\/wp\/v2\/posts\/150692","targetHints":{"allow":["GET"]}}],"collection":[{"href":"https:\/\/candas365.es\/noticias\/wp-json\/wp\/v2\/posts"}],"about":[{"href":"https:\/\/candas365.es\/noticias\/wp-json\/wp\/v2\/types\/post"}],"author":[{"embeddable":true,"href":"https:\/\/candas365.es\/noticias\/wp-json\/wp\/v2\/users\/1"}],"replies":[{"embeddable":true,"href":"https:\/\/candas365.es\/noticias\/wp-json\/wp\/v2\/comments?post=150692"}],"version-history":[{"count":0,"href":"https:\/\/candas365.es\/noticias\/wp-json\/wp\/v2\/posts\/150692\/revisions"}],"wp:featuredmedia":[{"embeddable":true,"href":"https:\/\/candas365.es\/noticias\/wp-json\/wp\/v2\/media\/150693"}],"wp:attachment":[{"href":"https:\/\/candas365.es\/noticias\/wp-json\/wp\/v2\/media?parent=150692"}],"wp:term":[{"taxonomy":"category","embeddable":true,"href":"https:\/\/candas365.es\/noticias\/wp-json\/wp\/v2\/categories?post=150692"},{"taxonomy":"post_tag","embeddable":true,"href":"https:\/\/candas365.es\/noticias\/wp-json\/wp\/v2\/tags?post=150692"}],"curies":[{"name":"wp","href":"https:\/\/api.w.org\/{rel}","templated":true}]}}