{"id":150685,"date":"2020-12-30T10:30:21","date_gmt":"2020-12-30T10:30:21","guid":{"rendered":"http:\/\/candas365.es\/noticias\/?p=150685"},"modified":"2023-07-05T15:25:06","modified_gmt":"2023-07-05T13:25:06","slug":"sporting-de-gijon-crisis-del-covid","status":"publish","type":"post","link":"https:\/\/candas365.es\/noticias\/sporting-de-gijon-crisis-del-covid\/","title":{"rendered":"Sporting de Gij\u00f3n: Crisis del Covid"},"content":{"rendered":"<p><img fetchpriority=\"high\" decoding=\"async\" class=\"alignleft size-medium wp-image-98026\" src=\"https:\/\/candas365.es\/noticias\/wp-content\/uploads\/2018\/06\/football-1406106_960_720-1-360x241.jpg\" alt=\"\" width=\"360\" height=\"241\" srcset=\"https:\/\/candas365.es\/noticias\/wp-content\/uploads\/2018\/06\/football-1406106_960_720-1-360x241.jpg 360w, https:\/\/candas365.es\/noticias\/wp-content\/uploads\/2018\/06\/football-1406106_960_720-1-768x514.jpg 768w, https:\/\/candas365.es\/noticias\/wp-content\/uploads\/2018\/06\/football-1406106_960_720-1-655x439.jpg 655w, https:\/\/candas365.es\/noticias\/wp-content\/uploads\/2018\/06\/football-1406106_960_720-1-696x466.jpg 696w, https:\/\/candas365.es\/noticias\/wp-content\/uploads\/2018\/06\/football-1406106_960_720-1-627x420.jpg 627w, https:\/\/candas365.es\/noticias\/wp-content\/uploads\/2018\/06\/football-1406106_960_720-1.jpg 960w\" sizes=\"(max-width: 360px) 100vw, 360px\" \/>Que el mundo del deporte ha cambiado con la pandemia es un hecho m\u00e1s que rese\u00f1able, as\u00ed todo la competici\u00f3n de f\u00fatbol espa\u00f1ola no se ha visto muy castigada por los posibles contagios o brotes de Covid. De hecho se est\u00e1 disputando de un modo muy correcto y de manera regular, lo cual es un \u00e9xito por y para todos.<\/p>\n<p>La llegada de la Navidad era otro nuevo reto que pod\u00eda desencadenar problemas en el deporte. <strong>Realmente todo parece que ha sido muy tranquilo a excepci\u00f3n en las filas del Real\u00a0 Sporting de Gij\u00f3n donde la vuelta al trabajo se ha visto empa\u00f1ada con 10 casos de positivos de Covid<\/strong>.<\/p>\n<p>El equipo asturiano ocupa una posici\u00f3n privilegiada para luchar por el ascenso,\u00a0 a trav\u00e9s de <span style=\"color: #ff6600;\"><strong><a style=\"color: #ff6600;\" href=\"http:\/\/deportescodigobonus.com\/\" target=\"_blank\" rel=\"noopener\">deportescodigobonus.com<\/a><\/strong><\/span> puedes echar un vistazo a como se est\u00e1 desarrollado la Liga Smartbank y la posici\u00f3n del club gijon\u00e9s.<\/p>\n<p>Volviendo a la crisis presente en el equipo, la vuelta con 10 positivos es una noticia muy mala, adem\u00e1s de extra\u00f1a a sabiendas de los protocolos exigentes de la Liga de f\u00fatbol que mantienen todos los equipos.<\/p>\n<p>La propia LFP se ha visto sorprendida por el alto n\u00famero de casos, una situaci\u00f3n que no se daba desde la \u00faltima jornada de la Liga Smartbank de la pasada temporada con la Ponferradina, escenario que no se deseaba repetir otra vez.<\/p>\n<p>A parte de la preocupaci\u00f3n en el \u00e1mbito sanitario que la situaci\u00f3n requiere, los 10 positivos han sido aislados y siguiendo con los protocolos que establece la Liga de f\u00fatbol profesional. Ahora la cuesti\u00f3n que m\u00e1s preocupa es saber c\u00f3mo es posible que se haya dado este brote de Covid en el equipo.<\/p>\n<p>Desde altas instancias se ha deslizado la idea de depurar responsabilidades hasta saber que ha podido pasar. Cabe resaltar que los equipos de f\u00fatbol son aut\u00e9nticas burbujas en las que no se han detectado brotes, apenas casos aislados que no han comprometido a todo un equipo.<\/p>\n<p>El brote de Covid en el Sporting de Gij\u00f3n compromete al pr\u00f3ximo partido y al calendario general, aunque la Liga dice que se dispute.<\/p>\n<p>Otro factor que no ayuda a ver la situaci\u00f3n de un modo natural es el hecho de percibir poca transparencia por parte del club en todo esto. Dentro de los protocolos de la Liga para el Covid 19 la transparencia es un factor clave, sabi\u00e9ndose que jugadores estaban contagiados. De momento no se sabe nada y se ha pedido a los implicados que tampoco lo trasladen.<\/p>\n<p>Un camino que no parece el m\u00e1s adecuado, pues tarde o temprano la situaci\u00f3n va a salir la luz y la imagen del club puede verse muy comprometida.<\/p>\n<p>De momento poco se sabe m\u00e1s, el partido contra el Lugo sigue programado, con lo que\u00a0 supone una merma significativa de potencial para el equipo asturiano, un rival dif\u00edcil al que se enfrentar\u00e1 con muchas bajas.<\/p>\n<p>De momento el equipo se entrena desde casa con lo que ello supone, un final de a\u00f1o peor de lo esperado.<\/p>\n<p>&nbsp;<\/p>\n","protected":false},"excerpt":{"rendered":"<p>Que el mundo del deporte ha cambiado con la pandemia es un hecho m\u00e1s que rese\u00f1able, as\u00ed todo la competici\u00f3n de f\u00fatbol espa\u00f1ola no se ha visto muy castigada por los posibles contagios o brotes de Covid. De hecho se est\u00e1 disputando de un modo muy correcto y de manera regular, lo cual es un<\/p>\n","protected":false},"author":1,"featured_media":98026,"comment_status":"closed","ping_status":"closed","sticky":false,"template":"","format":"standard","meta":{"footnotes":""},"categories":[319],"tags":[],"class_list":{"0":"post-150685","1":"post","2":"type-post","3":"status-publish","4":"format-standard","5":"has-post-thumbnail","7":"category-deporte"},"aioseo_notices":[],"aioseo_head":"\n\t\t<!-- All in One SEO Pro 4.9.6.2 - aioseo.com -->\n\t<meta name=\"description\" content=\"Que el mundo del deporte ha cambiado con la pandemia es un hecho m\u00e1s que rese\u00f1able, as\u00ed todo la competici\u00f3n de f\u00fatbol espa\u00f1ola no se ha visto muy castigada por los posibles contagios o brotes de Covid. De hecho se est\u00e1 disputando de un modo muy correcto y de manera regular, lo cual es un\" \/>\n\t<meta name=\"robots\" content=\"max-image-preview:large\" \/>\n\t<meta name=\"author\" content=\"Cand\u00e1s 365\"\/>\n\t<meta name=\"google-site-verification\" content=\"UA-32230408-1\" \/>\n\t<meta name=\"msvalidate.01\" content=\"354F3CDFB2DA171B47FBE9ABF1F88D5\" \/>\n\t<meta name=\"keywords\" content=\"deporte\" \/>\n\t<link rel=\"canonical\" href=\"https:\/\/candas365.es\/noticias\/sporting-de-gijon-crisis-del-covid\/\" \/>\n\t<meta name=\"generator\" content=\"All in One SEO Pro (AIOSEO) 4.9.6.2\" \/>\n\t\t<meta property=\"og:locale\" content=\"es_ES\" \/>\n\t\t<meta property=\"og:site_name\" content=\"Cand\u00e1s 365\" \/>\n\t\t<meta property=\"og:type\" content=\"article\" \/>\n\t\t<meta property=\"og:title\" content=\"Sporting de Gij\u00f3n: Crisis del Covid | Cand\u00e1s 365\" \/>\n\t\t<meta property=\"og:description\" content=\"Que el mundo del deporte ha cambiado con la pandemia es un hecho m\u00e1s que rese\u00f1able, as\u00ed todo la competici\u00f3n de f\u00fatbol espa\u00f1ola no se ha visto muy castigada por los posibles contagios o brotes de Covid. De hecho se est\u00e1 disputando de un modo muy correcto y de manera regular, lo cual es un\" \/>\n\t\t<meta property=\"og:url\" content=\"https:\/\/candas365.es\/noticias\/sporting-de-gijon-crisis-del-covid\/\" \/>\n\t\t<meta property=\"og:image\" content=\"https:\/\/candas365.es\/noticias\/wp-content\/uploads\/2018\/06\/football-1406106_960_720-1.jpg\" \/>\n\t\t<meta property=\"og:image:secure_url\" content=\"https:\/\/candas365.es\/noticias\/wp-content\/uploads\/2018\/06\/football-1406106_960_720-1.jpg\" \/>\n\t\t<meta property=\"og:image:width\" content=\"960\" \/>\n\t\t<meta property=\"og:image:height\" content=\"643\" \/>\n\t\t<meta property=\"article:published_time\" content=\"2020-12-30T10:30:21+00:00\" \/>\n\t\t<meta property=\"article:modified_time\" content=\"2023-07-05T13:25:06+00:00\" \/>\n\t\t<meta property=\"article:publisher\" content=\"https:\/\/www.facebook.com\/Nachofdezber\" \/>\n\t\t<meta property=\"article:author\" content=\"https:\/\/www.facebook.com\/carrenoactualidad\" \/>\n\t\t<meta name=\"twitter:card\" content=\"summary_large_image\" \/>\n\t\t<meta name=\"twitter:site\" content=\"@NabercoDigital\" \/>\n\t\t<meta name=\"twitter:title\" content=\"Sporting de Gij\u00f3n: Crisis del Covid | Cand\u00e1s 365\" \/>\n\t\t<meta name=\"twitter:description\" content=\"Que el mundo del deporte ha cambiado con la pandemia es un hecho m\u00e1s que rese\u00f1able, as\u00ed todo la competici\u00f3n de f\u00fatbol espa\u00f1ola no se ha visto muy castigada por los posibles contagios o brotes de Covid. De hecho se est\u00e1 disputando de un modo muy correcto y de manera regular, lo cual es un\" \/>\n\t\t<meta name=\"twitter:creator\" content=\"@nbasturias\" \/>\n\t\t<meta name=\"twitter:image\" content=\"https:\/\/candas365.es\/noticias\/wp-content\/uploads\/2018\/06\/football-1406106_960_720-1.jpg\" \/>\n\t\t<meta name=\"twitter:label1\" content=\"Escrito por\" \/>\n\t\t<meta name=\"twitter:data1\" content=\"Cand\u00e1s 365\" \/>\n\t\t<meta name=\"twitter:label2\" content=\"Tiempo de lectura estimado\" \/>\n\t\t<meta name=\"twitter:data2\" content=\"3 minutos\" \/>\n\t\t<script type=\"application\/ld+json\" class=\"aioseo-schema\">\n\t\t\t{\"@context\":\"https:\\\/\\\/schema.org\",\"@graph\":[{\"@type\":\"BreadcrumbList\",\"@id\":\"https:\\\/\\\/candas365.es\\\/noticias\\\/sporting-de-gijon-crisis-del-covid\\\/#breadcrumblist\",\"itemListElement\":[{\"@type\":\"ListItem\",\"@id\":\"https:\\\/\\\/candas365.es\\\/noticias#listItem\",\"position\":1,\"name\":\"Home\",\"item\":\"https:\\\/\\\/candas365.es\\\/noticias\",\"nextItem\":{\"@type\":\"ListItem\",\"@id\":\"https:\\\/\\\/candas365.es\\\/noticias\\\/category\\\/deporte\\\/#listItem\",\"name\":\"Deporte\"}},{\"@type\":\"ListItem\",\"@id\":\"https:\\\/\\\/candas365.es\\\/noticias\\\/category\\\/deporte\\\/#listItem\",\"position\":2,\"name\":\"Deporte\",\"item\":\"https:\\\/\\\/candas365.es\\\/noticias\\\/category\\\/deporte\\\/\",\"nextItem\":{\"@type\":\"ListItem\",\"@id\":\"https:\\\/\\\/candas365.es\\\/noticias\\\/sporting-de-gijon-crisis-del-covid\\\/#listItem\",\"name\":\"Sporting de Gij\\u00f3n: Crisis del Covid\"},\"previousItem\":{\"@type\":\"ListItem\",\"@id\":\"https:\\\/\\\/candas365.es\\\/noticias#listItem\",\"name\":\"Home\"}},{\"@type\":\"ListItem\",\"@id\":\"https:\\\/\\\/candas365.es\\\/noticias\\\/sporting-de-gijon-crisis-del-covid\\\/#listItem\",\"position\":3,\"name\":\"Sporting de Gij\\u00f3n: Crisis del Covid\",\"previousItem\":{\"@type\":\"ListItem\",\"@id\":\"https:\\\/\\\/candas365.es\\\/noticias\\\/category\\\/deporte\\\/#listItem\",\"name\":\"Deporte\"}}]},{\"@type\":\"NewsArticle\",\"@id\":\"https:\\\/\\\/candas365.es\\\/noticias\\\/sporting-de-gijon-crisis-del-covid\\\/#newsarticle\",\"name\":\"Sporting de Gij\\u00f3n: Crisis del Covid | Cand\\u00e1s 365\",\"headline\":\"Sporting de Gij\\u00f3n: Crisis del Covid\",\"author\":{\"@id\":\"https:\\\/\\\/candas365.es\\\/noticias\\\/author\\\/admin\\\/#author\"},\"publisher\":{\"@id\":\"https:\\\/\\\/candas365.es\\\/noticias\\\/#organization\"},\"image\":{\"@type\":\"ImageObject\",\"url\":\"https:\\\/\\\/candas365.es\\\/noticias\\\/wp-content\\\/uploads\\\/2018\\\/06\\\/football-1406106_960_720-1.jpg\",\"width\":960,\"height\":643},\"datePublished\":\"2020-12-30T10:30:21+01:00\",\"dateModified\":\"2023-07-05T15:25:06+02:00\",\"inLanguage\":\"es-ES\",\"mainEntityOfPage\":{\"@id\":\"https:\\\/\\\/candas365.es\\\/noticias\\\/sporting-de-gijon-crisis-del-covid\\\/#webpage\"},\"isPartOf\":{\"@id\":\"https:\\\/\\\/candas365.es\\\/noticias\\\/sporting-de-gijon-crisis-del-covid\\\/#webpage\"},\"articleSection\":\"Deporte\",\"dateline\":\"Publicado el diciembre 30, 2020.\"},{\"@type\":\"Organization\",\"@id\":\"https:\\\/\\\/candas365.es\\\/noticias\\\/#organization\",\"name\":\"Cand\\u00e1s 365\",\"description\":\"Cand\\u00e1s 365 es un diario digital independiente, fundado en 2012, con base en Asturias. Informamos con rigor sobre actualidad, sociedad, cultura y ocio, con una mirada local y global.\",\"url\":\"https:\\\/\\\/candas365.es\\\/noticias\\\/\",\"email\":\"info@candas365.es\",\"telephone\":\"+34652131393\",\"foundingDate\":\"2012-06-10\",\"logo\":{\"@type\":\"ImageObject\",\"url\":\"https:\\\/\\\/candas365.es\\\/noticias\\\/wp-content\\\/uploads\\\/2024\\\/09\\\/Candas-365-Redes.jpg\",\"@id\":\"https:\\\/\\\/candas365.es\\\/noticias\\\/sporting-de-gijon-crisis-del-covid\\\/#organizationLogo\",\"width\":1152,\"height\":864,\"caption\":\"Cand\\u00e1s 365 Redes\"},\"image\":{\"@id\":\"https:\\\/\\\/candas365.es\\\/noticias\\\/sporting-de-gijon-crisis-del-covid\\\/#organizationLogo\"},\"sameAs\":[\"https:\\\/\\\/www.facebook.com\\\/Nachofdezber\",\"https:\\\/\\\/x.com\\\/NabercoDigital\",\"https:\\\/\\\/www.instagram.com\\\/nachofdezber\\\/\",\"https:\\\/\\\/www.youtube.com\\\/channel\\\/UCZP-2wLEB9Rv6erhFmqVnvg\"],\"address\":{\"@id\":\"https:\\\/\\\/candas365.es\\\/noticias\\\/#postaladdress\",\"@type\":\"PostalAddress\",\"streetAddress\":\"san antonio 4, san antonio 4\",\"postalCode\":\"33430\",\"addressLocality\":\"Cand\\u00e1s\",\"addressRegion\":\"Asturias\",\"addressCountry\":\"ES\"}},{\"@type\":\"Person\",\"@id\":\"https:\\\/\\\/candas365.es\\\/noticias\\\/author\\\/admin\\\/#author\",\"url\":\"https:\\\/\\\/candas365.es\\\/noticias\\\/author\\\/admin\\\/\",\"name\":\"Cand\\u00e1s 365\",\"image\":{\"@type\":\"ImageObject\",\"@id\":\"https:\\\/\\\/candas365.es\\\/noticias\\\/sporting-de-gijon-crisis-del-covid\\\/#authorImage\",\"url\":\"https:\\\/\\\/secure.gravatar.com\\\/avatar\\\/496a8e03d0c493ede1718b7934145dbdf8d89be1036b0eec9544e1094c9de390?s=96&d=mm&r=g\",\"width\":96,\"height\":96,\"caption\":\"Cand\\u00e1s 365\"},\"sameAs\":[\"https:\\\/\\\/www.facebook.com\\\/carrenoactualidad\",\"https:\\\/\\\/twitter.com\\\/nbasturias\",\"https:\\\/\\\/www.instagram.com\\\/nachofdezber\\\/\",\"https:\\\/\\\/www.youtube.com\\\/channel\\\/UCZP-2wLEB9Rv6erhFmqVnvg\"]},{\"@type\":\"WebPage\",\"@id\":\"https:\\\/\\\/candas365.es\\\/noticias\\\/sporting-de-gijon-crisis-del-covid\\\/#webpage\",\"url\":\"https:\\\/\\\/candas365.es\\\/noticias\\\/sporting-de-gijon-crisis-del-covid\\\/\",\"name\":\"Sporting de Gij\\u00f3n: Crisis del Covid | Cand\\u00e1s 365\",\"description\":\"Que el mundo del deporte ha cambiado con la pandemia es un hecho m\\u00e1s que rese\\u00f1able, as\\u00ed todo la competici\\u00f3n de f\\u00fatbol espa\\u00f1ola no se ha visto muy castigada por los posibles contagios o brotes de Covid. De hecho se est\\u00e1 disputando de un modo muy correcto y de manera regular, lo cual es un\",\"inLanguage\":\"es-ES\",\"isPartOf\":{\"@id\":\"https:\\\/\\\/candas365.es\\\/noticias\\\/#website\"},\"breadcrumb\":{\"@id\":\"https:\\\/\\\/candas365.es\\\/noticias\\\/sporting-de-gijon-crisis-del-covid\\\/#breadcrumblist\"},\"author\":{\"@id\":\"https:\\\/\\\/candas365.es\\\/noticias\\\/author\\\/admin\\\/#author\"},\"creator\":{\"@id\":\"https:\\\/\\\/candas365.es\\\/noticias\\\/author\\\/admin\\\/#author\"},\"image\":{\"@type\":\"ImageObject\",\"url\":\"https:\\\/\\\/candas365.es\\\/noticias\\\/wp-content\\\/uploads\\\/2018\\\/06\\\/football-1406106_960_720-1.jpg\",\"@id\":\"https:\\\/\\\/candas365.es\\\/noticias\\\/sporting-de-gijon-crisis-del-covid\\\/#mainImage\",\"width\":960,\"height\":643},\"primaryImageOfPage\":{\"@id\":\"https:\\\/\\\/candas365.es\\\/noticias\\\/sporting-de-gijon-crisis-del-covid\\\/#mainImage\"},\"datePublished\":\"2020-12-30T10:30:21+01:00\",\"dateModified\":\"2023-07-05T15:25:06+02:00\"},{\"@type\":\"WebSite\",\"@id\":\"https:\\\/\\\/candas365.es\\\/noticias\\\/#website\",\"url\":\"https:\\\/\\\/candas365.es\\\/noticias\\\/\",\"name\":\"Cand\\u00e1s 365\",\"alternateName\":\"Cand\\u00e1s 365 Noticias\",\"description\":\"Actualidad desde Carre\\u00f1o para el mundo\",\"inLanguage\":\"es-ES\",\"publisher\":{\"@id\":\"https:\\\/\\\/candas365.es\\\/noticias\\\/#organization\"}}]}\n\t\t<\/script>\n\t\t<!-- All in One SEO Pro -->\r\n\t\t<title>Sporting de Gij\u00f3n: Crisis del Covid | Cand\u00e1s 365<\/title>\n\n","aioseo_head_json":{"title":"Sporting de Gij\u00f3n: Crisis del Covid | Cand\u00e1s 365","description":"Que el mundo del deporte ha cambiado con la pandemia es un hecho m\u00e1s que rese\u00f1able, as\u00ed todo la competici\u00f3n de f\u00fatbol espa\u00f1ola no se ha visto muy castigada por los posibles contagios o brotes de Covid. De hecho se est\u00e1 disputando de un modo muy correcto y de manera regular, lo cual es un","canonical_url":"https:\/\/candas365.es\/noticias\/sporting-de-gijon-crisis-del-covid\/","robots":"max-image-preview:large","keywords":"deporte","webmasterTools":{"google-site-verification":"UA-32230408-1","msvalidate.01":"354F3CDFB2DA171B47FBE9ABF1F88D5","miscellaneous":""},"schema":{"@context":"https:\/\/schema.org","@graph":[{"@type":"BreadcrumbList","@id":"https:\/\/candas365.es\/noticias\/sporting-de-gijon-crisis-del-covid\/#breadcrumblist","itemListElement":[{"@type":"ListItem","@id":"https:\/\/candas365.es\/noticias#listItem","position":1,"name":"Home","item":"https:\/\/candas365.es\/noticias","nextItem":{"@type":"ListItem","@id":"https:\/\/candas365.es\/noticias\/category\/deporte\/#listItem","name":"Deporte"}},{"@type":"ListItem","@id":"https:\/\/candas365.es\/noticias\/category\/deporte\/#listItem","position":2,"name":"Deporte","item":"https:\/\/candas365.es\/noticias\/category\/deporte\/","nextItem":{"@type":"ListItem","@id":"https:\/\/candas365.es\/noticias\/sporting-de-gijon-crisis-del-covid\/#listItem","name":"Sporting de Gij\u00f3n: Crisis del Covid"},"previousItem":{"@type":"ListItem","@id":"https:\/\/candas365.es\/noticias#listItem","name":"Home"}},{"@type":"ListItem","@id":"https:\/\/candas365.es\/noticias\/sporting-de-gijon-crisis-del-covid\/#listItem","position":3,"name":"Sporting de Gij\u00f3n: Crisis del Covid","previousItem":{"@type":"ListItem","@id":"https:\/\/candas365.es\/noticias\/category\/deporte\/#listItem","name":"Deporte"}}]},{"@type":"NewsArticle","@id":"https:\/\/candas365.es\/noticias\/sporting-de-gijon-crisis-del-covid\/#newsarticle","name":"Sporting de Gij\u00f3n: Crisis del Covid | Cand\u00e1s 365","headline":"Sporting de Gij\u00f3n: Crisis del Covid","author":{"@id":"https:\/\/candas365.es\/noticias\/author\/admin\/#author"},"publisher":{"@id":"https:\/\/candas365.es\/noticias\/#organization"},"image":{"@type":"ImageObject","url":"https:\/\/candas365.es\/noticias\/wp-content\/uploads\/2018\/06\/football-1406106_960_720-1.jpg","width":960,"height":643},"datePublished":"2020-12-30T10:30:21+01:00","dateModified":"2023-07-05T15:25:06+02:00","inLanguage":"es-ES","mainEntityOfPage":{"@id":"https:\/\/candas365.es\/noticias\/sporting-de-gijon-crisis-del-covid\/#webpage"},"isPartOf":{"@id":"https:\/\/candas365.es\/noticias\/sporting-de-gijon-crisis-del-covid\/#webpage"},"articleSection":"Deporte","dateline":"Publicado el diciembre 30, 2020."},{"@type":"Organization","@id":"https:\/\/candas365.es\/noticias\/#organization","name":"Cand\u00e1s 365","description":"Cand\u00e1s 365 es un diario digital independiente, fundado en 2012, con base en Asturias. Informamos con rigor sobre actualidad, sociedad, cultura y ocio, con una mirada local y global.","url":"https:\/\/candas365.es\/noticias\/","email":"info@candas365.es","telephone":"+34652131393","foundingDate":"2012-06-10","logo":{"@type":"ImageObject","url":"https:\/\/candas365.es\/noticias\/wp-content\/uploads\/2024\/09\/Candas-365-Redes.jpg","@id":"https:\/\/candas365.es\/noticias\/sporting-de-gijon-crisis-del-covid\/#organizationLogo","width":1152,"height":864,"caption":"Cand\u00e1s 365 Redes"},"image":{"@id":"https:\/\/candas365.es\/noticias\/sporting-de-gijon-crisis-del-covid\/#organizationLogo"},"sameAs":["https:\/\/www.facebook.com\/Nachofdezber","https:\/\/x.com\/NabercoDigital","https:\/\/www.instagram.com\/nachofdezber\/","https:\/\/www.youtube.com\/channel\/UCZP-2wLEB9Rv6erhFmqVnvg"],"address":{"@id":"https:\/\/candas365.es\/noticias\/#postaladdress","@type":"PostalAddress","streetAddress":"san antonio 4, san antonio 4","postalCode":"33430","addressLocality":"Cand\u00e1s","addressRegion":"Asturias","addressCountry":"ES"}},{"@type":"Person","@id":"https:\/\/candas365.es\/noticias\/author\/admin\/#author","url":"https:\/\/candas365.es\/noticias\/author\/admin\/","name":"Cand\u00e1s 365","image":{"@type":"ImageObject","@id":"https:\/\/candas365.es\/noticias\/sporting-de-gijon-crisis-del-covid\/#authorImage","url":"https:\/\/secure.gravatar.com\/avatar\/496a8e03d0c493ede1718b7934145dbdf8d89be1036b0eec9544e1094c9de390?s=96&d=mm&r=g","width":96,"height":96,"caption":"Cand\u00e1s 365"},"sameAs":["https:\/\/www.facebook.com\/carrenoactualidad","https:\/\/twitter.com\/nbasturias","https:\/\/www.instagram.com\/nachofdezber\/","https:\/\/www.youtube.com\/channel\/UCZP-2wLEB9Rv6erhFmqVnvg"]},{"@type":"WebPage","@id":"https:\/\/candas365.es\/noticias\/sporting-de-gijon-crisis-del-covid\/#webpage","url":"https:\/\/candas365.es\/noticias\/sporting-de-gijon-crisis-del-covid\/","name":"Sporting de Gij\u00f3n: Crisis del Covid | Cand\u00e1s 365","description":"Que el mundo del deporte ha cambiado con la pandemia es un hecho m\u00e1s que rese\u00f1able, as\u00ed todo la competici\u00f3n de f\u00fatbol espa\u00f1ola no se ha visto muy castigada por los posibles contagios o brotes de Covid. De hecho se est\u00e1 disputando de un modo muy correcto y de manera regular, lo cual es un","inLanguage":"es-ES","isPartOf":{"@id":"https:\/\/candas365.es\/noticias\/#website"},"breadcrumb":{"@id":"https:\/\/candas365.es\/noticias\/sporting-de-gijon-crisis-del-covid\/#breadcrumblist"},"author":{"@id":"https:\/\/candas365.es\/noticias\/author\/admin\/#author"},"creator":{"@id":"https:\/\/candas365.es\/noticias\/author\/admin\/#author"},"image":{"@type":"ImageObject","url":"https:\/\/candas365.es\/noticias\/wp-content\/uploads\/2018\/06\/football-1406106_960_720-1.jpg","@id":"https:\/\/candas365.es\/noticias\/sporting-de-gijon-crisis-del-covid\/#mainImage","width":960,"height":643},"primaryImageOfPage":{"@id":"https:\/\/candas365.es\/noticias\/sporting-de-gijon-crisis-del-covid\/#mainImage"},"datePublished":"2020-12-30T10:30:21+01:00","dateModified":"2023-07-05T15:25:06+02:00"},{"@type":"WebSite","@id":"https:\/\/candas365.es\/noticias\/#website","url":"https:\/\/candas365.es\/noticias\/","name":"Cand\u00e1s 365","alternateName":"Cand\u00e1s 365 Noticias","description":"Actualidad desde Carre\u00f1o para el mundo","inLanguage":"es-ES","publisher":{"@id":"https:\/\/candas365.es\/noticias\/#organization"}}]},"og:locale":"es_ES","og:site_name":"Cand\u00e1s 365","og:type":"article","og:title":"Sporting de Gij\u00f3n: Crisis del Covid | Cand\u00e1s 365","og:description":"Que el mundo del deporte ha cambiado con la pandemia es un hecho m\u00e1s que rese\u00f1able, as\u00ed todo la competici\u00f3n de f\u00fatbol espa\u00f1ola no se ha visto muy castigada por los posibles contagios o brotes de Covid. De hecho se est\u00e1 disputando de un modo muy correcto y de manera regular, lo cual es un","og:url":"https:\/\/candas365.es\/noticias\/sporting-de-gijon-crisis-del-covid\/","og:image":"https:\/\/candas365.es\/noticias\/wp-content\/uploads\/2018\/06\/football-1406106_960_720-1.jpg","og:image:secure_url":"https:\/\/candas365.es\/noticias\/wp-content\/uploads\/2018\/06\/football-1406106_960_720-1.jpg","og:image:width":960,"og:image:height":643,"article:published_time":"2020-12-30T10:30:21+00:00","article:modified_time":"2023-07-05T13:25:06+00:00","article:publisher":"https:\/\/www.facebook.com\/Nachofdezber","article:author":"https:\/\/www.facebook.com\/carrenoactualidad","twitter:card":"summary_large_image","twitter:site":"@NabercoDigital","twitter:title":"Sporting de Gij\u00f3n: Crisis del Covid | Cand\u00e1s 365","twitter:description":"Que el mundo del deporte ha cambiado con la pandemia es un hecho m\u00e1s que rese\u00f1able, as\u00ed todo la competici\u00f3n de f\u00fatbol espa\u00f1ola no se ha visto muy castigada por los posibles contagios o brotes de Covid. De hecho se est\u00e1 disputando de un modo muy correcto y de manera regular, lo cual es un","twitter:creator":"@nbasturias","twitter:image":"https:\/\/candas365.es\/noticias\/wp-content\/uploads\/2018\/06\/football-1406106_960_720-1.jpg","twitter:label1":"Escrito por","twitter:data1":"Cand\u00e1s 365","twitter:label2":"Tiempo de lectura estimado","twitter:data2":"3 minutos"},"aioseo_meta_data":{"post_id":"150685","title":null,"description":null,"keywords":[],"keyphrases":{"focus":{"keyphrase":"","score":0,"analysis":{"keyphraseInTitle":{"score":0,"maxScore":9,"error":1}}},"additional":[]},"primary_term":null,"canonical_url":null,"og_title":null,"og_description":null,"og_object_type":"default","og_image_type":"default","og_image_url":null,"og_image_width":null,"og_image_height":null,"og_image_custom_url":null,"og_image_custom_fields":null,"og_video":"","og_custom_url":null,"og_article_section":null,"og_article_tags":[],"twitter_use_og":false,"twitter_card":"default","twitter_image_type":"default","twitter_image_url":null,"twitter_image_custom_url":null,"twitter_image_custom_fields":null,"twitter_title":null,"twitter_description":null,"schema":{"blockGraphs":[],"customGraphs":[],"default":{"data":{"Article":[],"Course":[],"Dataset":[],"FAQPage":[],"Movie":[],"Person":[],"Product":[],"ProductReview":[],"Car":[],"Recipe":[],"Service":[],"SoftwareApplication":[],"WebPage":[]},"graphName":"Article","isEnabled":true},"graphs":[]},"schema_type":null,"schema_type_options":null,"pillar_content":false,"robots_default":true,"robots_noindex":false,"robots_noarchive":false,"robots_nosnippet":false,"robots_nofollow":false,"robots_noimageindex":false,"robots_noodp":false,"robots_notranslate":false,"robots_max_snippet":"-1","robots_max_videopreview":"-1","robots_max_imagepreview":"large","priority":null,"frequency":"default","location":null,"local_seo":null,"seo_analyzer_scan_date":"2025-08-31 16:17:15","breadcrumb_settings":null,"limit_modified_date":false,"reviewed_by":null,"open_ai":"{\"title\":{\"suggestions\":[],\"usage\":0},\"description\":{\"suggestions\":[],\"usage\":0}}","ai":null,"created":"2021-01-27 13:49:11","updated":"2025-08-31 16:17:15"},"aioseo_breadcrumb":"<div class=\"aioseo-breadcrumbs\"><span class=\"aioseo-breadcrumb\">\n\t<a href=\"https:\/\/candas365.es\/noticias\" title=\"Home\">Home<\/a>\n<\/span><span class=\"aioseo-breadcrumb-separator\">&ndash;<\/span><span class=\"aioseo-breadcrumb\">\n\t<a href=\"https:\/\/candas365.es\/noticias\/category\/deporte\/\" title=\"Deporte\">Deporte<\/a>\n<\/span><span class=\"aioseo-breadcrumb-separator\">&ndash;<\/span><span class=\"aioseo-breadcrumb\">\n\tSporting de Gij\u00f3n: Crisis del Covid\n<\/span><\/div>","aioseo_breadcrumb_json":[{"label":"Home","link":"https:\/\/candas365.es\/noticias"},{"label":"Deporte","link":"https:\/\/candas365.es\/noticias\/category\/deporte\/"},{"label":"Sporting de Gij\u00f3n: Crisis del Covid","link":"https:\/\/candas365.es\/noticias\/sporting-de-gijon-crisis-del-covid\/"}],"_links":{"self":[{"href":"https:\/\/candas365.es\/noticias\/wp-json\/wp\/v2\/posts\/150685","targetHints":{"allow":["GET"]}}],"collection":[{"href":"https:\/\/candas365.es\/noticias\/wp-json\/wp\/v2\/posts"}],"about":[{"href":"https:\/\/candas365.es\/noticias\/wp-json\/wp\/v2\/types\/post"}],"author":[{"embeddable":true,"href":"https:\/\/candas365.es\/noticias\/wp-json\/wp\/v2\/users\/1"}],"replies":[{"embeddable":true,"href":"https:\/\/candas365.es\/noticias\/wp-json\/wp\/v2\/comments?post=150685"}],"version-history":[{"count":0,"href":"https:\/\/candas365.es\/noticias\/wp-json\/wp\/v2\/posts\/150685\/revisions"}],"wp:featuredmedia":[{"embeddable":true,"href":"https:\/\/candas365.es\/noticias\/wp-json\/wp\/v2\/media\/98026"}],"wp:attachment":[{"href":"https:\/\/candas365.es\/noticias\/wp-json\/wp\/v2\/media?parent=150685"}],"wp:term":[{"taxonomy":"category","embeddable":true,"href":"https:\/\/candas365.es\/noticias\/wp-json\/wp\/v2\/categories?post=150685"},{"taxonomy":"post_tag","embeddable":true,"href":"https:\/\/candas365.es\/noticias\/wp-json\/wp\/v2\/tags?post=150685"}],"curies":[{"name":"wp","href":"https:\/\/api.w.org\/{rel}","templated":true}]}}