{"id":150615,"date":"2020-12-29T10:38:14","date_gmt":"2020-12-29T10:38:14","guid":{"rendered":"http:\/\/candas365.es\/noticias\/?p=150615"},"modified":"2020-12-29T10:38:14","modified_gmt":"2020-12-29T10:38:14","slug":"el-tiempo-en-espana-29-de-diciembre-de-2020","status":"publish","type":"post","link":"https:\/\/candas365.es\/noticias\/el-tiempo-en-espana-29-de-diciembre-de-2020\/","title":{"rendered":"El tiempo en Espa\u00f1a, 29 de diciembre de 2020"},"content":{"rendered":"<figure id=\"attachment_150616\" aria-describedby=\"caption-attachment-150616\" style=\"width: 360px\" class=\"wp-caption alignleft\"><img fetchpriority=\"high\" decoding=\"async\" class=\"size-medium wp-image-150616\" src=\"https:\/\/candas365.es\/noticias\/wp-content\/uploads\/2020\/12\/Cabo-Penes-Temporal-360x268.jpg\" alt=\"Cabo Pe\u00f1es Temporal\" width=\"360\" height=\"268\" srcset=\"https:\/\/candas365.es\/noticias\/wp-content\/uploads\/2020\/12\/Cabo-Penes-Temporal-360x268.jpg 360w, https:\/\/candas365.es\/noticias\/wp-content\/uploads\/2020\/12\/Cabo-Penes-Temporal-644x480.jpg 644w, https:\/\/candas365.es\/noticias\/wp-content\/uploads\/2020\/12\/Cabo-Penes-Temporal.jpg 719w\" sizes=\"(max-width: 360px) 100vw, 360px\" \/><figcaption id=\"caption-attachment-150616\" class=\"wp-caption-text\">Temporal en la zona de Cabo Pe\u00f1as &#8211; EUROPA PRESS<\/figcaption><\/figure>\n<p>(EP) &#8211; Un total de 33 provincias estar\u00e1n este martes 29 de diciembre en riesgo extremo (aviso rojo), riesgo importante (aviso naranja) y riesgo bajo (aviso amarillo) por nieve, oleaje, fuertes rachas de viento y temperaturas m\u00ednimas, seg\u00fan la Agencia Estatal de Meteorolog\u00eda (AEMET).<\/p>\n<p>Durante esta jornada el oleaje ser\u00e1 un fen\u00f3meno a tener en cuenta y dejar\u00e1 en aviso extremo a Cantabria, Guip\u00fazcoa y Vizcaya, por olas que podr\u00e1n alcanzar los diez metros. En Asturias y Galicia, el riesgo ser\u00e1 importante por vientos costeros que provocar\u00e1n hasta olas de diez metros de altura por vientos del noroeste de fuerza 7-8 y ocasionalmente hasta de fuerza 9. En Almer\u00eda, Granada, Ibiza y Formentera, Barcelona, Gerona, Alicante, Valencia y Lanzarote, habr\u00e1 riesgo bajo por olas que podr\u00e1n alcanzar los cuatro metros de alto por los vientos del noroeste y del oeste.<\/p>\n<p>La nieve pondr\u00e1 en riesgo bajo a Ja\u00e9n, Huesca, Cantabria, \u00c1vila, Burgos, Le\u00f3n, Palencia, Salamanca, Segovia, Soria, Zamora, Lugo, Orense, Navarra, \u00c1lava, La Rioja, que ascender\u00e1 a importante en Asturias, con acumulaciones de hasta 20 cent\u00edmetros en 24 horas en torno a los 900 metros de altitud.<\/p>\n<p>Las fuertes rachas de viento tambi\u00e9n se notar\u00e1n este martes, especialmente en Tarragona, Murcia, Alicante, Castell\u00f3n y Valencia, en riesgo bajo por rachas que estar\u00e1n en torno a los 80 km\/h. Este martes tambi\u00e9n las zonas pr\u00f3ximas a los Pirineos, como Huesca, L\u00e9rida y Gerona habr\u00e1 riesgo bajo por temperaturas m\u00ednimas que alcanzar\u00e1n los -6\u00baC.<\/p>\n<p>Por lo general, la AEMET se\u00f1ala que un frente asociado a la borrasca &#8216;Bella&#8217; afectar\u00e1 al \u00e1rea del Estrecho y Melilla con precipitaciones intermitentes. Adem\u00e1s un intenso flujo de vientos del noroeste provocar\u00e1 lluvias durante todo el d\u00eda, acompa\u00f1adas de tormentas ocasionales, en el norte de Galicia y resto del litoral cant\u00e1brico, donde las precipitaciones podr\u00e1n ser persistentes.<\/p>\n<p>Estas lluvias ser\u00e1n d\u00e9biles en el resto de la vertiente atl\u00e1ntica, especialmente en zonas monta\u00f1osas aunque remitir\u00e1n al final del d\u00eda. Ya durante la tarde, las precipitaciones se trasladar\u00e1n al litoral nordeste de Catalu\u00f1a, sin que se puedan descartar en Baleares. Las precipitaciones ser\u00e1n en forma de nieve en zonas medias y altas de la Pen\u00ednsula, con probables brumas matinales en amplias zonas de la vertiente atl\u00e1ntica y Pirineos.<\/p>\n<p>Por su parte, la cota de nieve se situar\u00e1 en Galicia entre los 600-800 metros mientras que en otras zonas del noroeste estar\u00e1 entre 600-800 metros y bajar\u00e1 hasta los 500-600 metros, en la Cant\u00e1brica oriental se situar\u00e1 entre 500-700 metros, en Pirineos 400-900 metros, en los sistemas central e ib\u00e9rico 500-900 metros y en sierras del sudeste en 900-1.200 metros.<\/p>\n<h3><strong>HELADAS EN LA MAYOR PARTE DE LA MITAD NORTE<\/strong><\/h3>\n<p>En cuanto a las temperaturas, los valores descender\u00e1n en la mayor parte del pa\u00eds, tanto las m\u00e1ximas como las m\u00ednimas, con heladas en gran parte de la mitad norte peninsular y cuadrante sudeste, m\u00e1s intensas en monta\u00f1a y localmente fuertes en Pirineos.<\/p>\n<p>Por \u00faltimo, el viento soplar\u00e1 de componente oeste en la Pen\u00ednsula y Baleares aunque ser\u00e1 menos intenso que en d\u00edas anteriores. Sin embargo, este martes soplar\u00e1 fuerte en el litoral norte peninsular y con intervalos de fuerte en el \u00e1rea mediterr\u00e1nea, especialmente en Baleares y Melilla, con rachas muy fuertes en el litoral cant\u00e1brico, Comunidad Valenciana y sur de Tarragona mientras que en Canarias predominar\u00e1 los vientos del noreste.<\/p>\n<p>&nbsp;<\/p>\n","protected":false},"excerpt":{"rendered":"<p>(EP) &#8211; Un total de 33 provincias estar\u00e1n este martes 29 de diciembre en riesgo extremo (aviso rojo), riesgo importante (aviso naranja) y riesgo bajo (aviso amarillo) por nieve, oleaje, fuertes rachas de viento y temperaturas m\u00ednimas, seg\u00fan la Agencia Estatal de Meteorolog\u00eda (AEMET). Durante esta jornada el oleaje ser\u00e1 un fen\u00f3meno a tener en<\/p>\n","protected":false},"author":1,"featured_media":150616,"comment_status":"closed","ping_status":"closed","sticky":false,"template":"","format":"standard","meta":{"footnotes":""},"categories":[358],"tags":[],"class_list":{"0":"post-150615","1":"post","2":"type-post","3":"status-publish","4":"format-standard","5":"has-post-thumbnail","7":"category-el-tiempo"},"aioseo_notices":[],"aioseo_head":"\n\t\t<!-- All in One SEO Pro 4.9.6.2 - aioseo.com -->\n\t<meta name=\"description\" content=\"(EP) - Un total de 33 provincias estar\u00e1n este martes 29 de diciembre en riesgo extremo (aviso rojo), riesgo importante (aviso naranja) y riesgo bajo (aviso amarillo) por nieve, oleaje, fuertes rachas de viento y temperaturas m\u00ednimas, seg\u00fan la Agencia Estatal de Meteorolog\u00eda (AEMET). Durante esta jornada el oleaje ser\u00e1 un fen\u00f3meno a tener en\" \/>\n\t<meta name=\"robots\" content=\"max-image-preview:large\" \/>\n\t<meta name=\"author\" content=\"Cand\u00e1s 365\"\/>\n\t<meta name=\"google-site-verification\" content=\"UA-32230408-1\" \/>\n\t<meta name=\"msvalidate.01\" content=\"354F3CDFB2DA171B47FBE9ABF1F88D5\" \/>\n\t<meta name=\"keywords\" content=\"el tiempo\" \/>\n\t<link rel=\"canonical\" href=\"https:\/\/candas365.es\/noticias\/el-tiempo-en-espana-29-de-diciembre-de-2020\/\" \/>\n\t<meta name=\"generator\" content=\"All in One SEO Pro (AIOSEO) 4.9.6.2\" \/>\n\t\t<meta property=\"og:locale\" content=\"es_ES\" \/>\n\t\t<meta property=\"og:site_name\" content=\"Cand\u00e1s 365\" \/>\n\t\t<meta property=\"og:type\" content=\"article\" \/>\n\t\t<meta property=\"og:title\" content=\"El tiempo en Espa\u00f1a, 29 de diciembre de 2020 | Cand\u00e1s 365\" \/>\n\t\t<meta property=\"og:description\" content=\"(EP) - Un total de 33 provincias estar\u00e1n este martes 29 de diciembre en riesgo extremo (aviso rojo), riesgo importante (aviso naranja) y riesgo bajo (aviso amarillo) por nieve, oleaje, fuertes rachas de viento y temperaturas m\u00ednimas, seg\u00fan la Agencia Estatal de Meteorolog\u00eda (AEMET). Durante esta jornada el oleaje ser\u00e1 un fen\u00f3meno a tener en\" \/>\n\t\t<meta property=\"og:url\" content=\"https:\/\/candas365.es\/noticias\/el-tiempo-en-espana-29-de-diciembre-de-2020\/\" \/>\n\t\t<meta property=\"og:image\" content=\"https:\/\/candas365.es\/noticias\/wp-content\/uploads\/2020\/12\/Cabo-Penes-Temporal.jpg\" \/>\n\t\t<meta property=\"og:image:secure_url\" content=\"https:\/\/candas365.es\/noticias\/wp-content\/uploads\/2020\/12\/Cabo-Penes-Temporal.jpg\" \/>\n\t\t<meta property=\"og:image:width\" content=\"719\" \/>\n\t\t<meta property=\"og:image:height\" content=\"536\" \/>\n\t\t<meta property=\"article:published_time\" content=\"2020-12-29T10:38:14+00:00\" \/>\n\t\t<meta property=\"article:modified_time\" content=\"2020-12-29T10:38:14+00:00\" \/>\n\t\t<meta property=\"article:publisher\" content=\"https:\/\/www.facebook.com\/Nachofdezber\" \/>\n\t\t<meta property=\"article:author\" content=\"https:\/\/www.facebook.com\/carrenoactualidad\" \/>\n\t\t<meta name=\"twitter:card\" content=\"summary_large_image\" \/>\n\t\t<meta name=\"twitter:site\" content=\"@NabercoDigital\" \/>\n\t\t<meta name=\"twitter:title\" content=\"El tiempo en Espa\u00f1a, 29 de diciembre de 2020 | Cand\u00e1s 365\" \/>\n\t\t<meta name=\"twitter:description\" content=\"(EP) - Un total de 33 provincias estar\u00e1n este martes 29 de diciembre en riesgo extremo (aviso rojo), riesgo importante (aviso naranja) y riesgo bajo (aviso amarillo) por nieve, oleaje, fuertes rachas de viento y temperaturas m\u00ednimas, seg\u00fan la Agencia Estatal de Meteorolog\u00eda (AEMET). Durante esta jornada el oleaje ser\u00e1 un fen\u00f3meno a tener en\" \/>\n\t\t<meta name=\"twitter:creator\" content=\"@nbasturias\" \/>\n\t\t<meta name=\"twitter:image\" content=\"https:\/\/candas365.es\/noticias\/wp-content\/uploads\/2020\/12\/Cabo-Penes-Temporal.jpg\" \/>\n\t\t<meta name=\"twitter:label1\" content=\"Escrito por\" \/>\n\t\t<meta name=\"twitter:data1\" content=\"Cand\u00e1s 365\" \/>\n\t\t<meta name=\"twitter:label2\" content=\"Tiempo de lectura estimado\" \/>\n\t\t<meta name=\"twitter:data2\" content=\"3 minutos\" \/>\n\t\t<script type=\"application\/ld+json\" class=\"aioseo-schema\">\n\t\t\t{\"@context\":\"https:\\\/\\\/schema.org\",\"@graph\":[{\"@type\":\"BreadcrumbList\",\"@id\":\"https:\\\/\\\/candas365.es\\\/noticias\\\/el-tiempo-en-espana-29-de-diciembre-de-2020\\\/#breadcrumblist\",\"itemListElement\":[{\"@type\":\"ListItem\",\"@id\":\"https:\\\/\\\/candas365.es\\\/noticias#listItem\",\"position\":1,\"name\":\"Home\",\"item\":\"https:\\\/\\\/candas365.es\\\/noticias\",\"nextItem\":{\"@type\":\"ListItem\",\"@id\":\"https:\\\/\\\/candas365.es\\\/noticias\\\/category\\\/el-tiempo\\\/#listItem\",\"name\":\"El tiempo\"}},{\"@type\":\"ListItem\",\"@id\":\"https:\\\/\\\/candas365.es\\\/noticias\\\/category\\\/el-tiempo\\\/#listItem\",\"position\":2,\"name\":\"El tiempo\",\"item\":\"https:\\\/\\\/candas365.es\\\/noticias\\\/category\\\/el-tiempo\\\/\",\"nextItem\":{\"@type\":\"ListItem\",\"@id\":\"https:\\\/\\\/candas365.es\\\/noticias\\\/el-tiempo-en-espana-29-de-diciembre-de-2020\\\/#listItem\",\"name\":\"El tiempo en Espa\\u00f1a, 29 de diciembre de 2020\"},\"previousItem\":{\"@type\":\"ListItem\",\"@id\":\"https:\\\/\\\/candas365.es\\\/noticias#listItem\",\"name\":\"Home\"}},{\"@type\":\"ListItem\",\"@id\":\"https:\\\/\\\/candas365.es\\\/noticias\\\/el-tiempo-en-espana-29-de-diciembre-de-2020\\\/#listItem\",\"position\":3,\"name\":\"El tiempo en Espa\\u00f1a, 29 de diciembre de 2020\",\"previousItem\":{\"@type\":\"ListItem\",\"@id\":\"https:\\\/\\\/candas365.es\\\/noticias\\\/category\\\/el-tiempo\\\/#listItem\",\"name\":\"El tiempo\"}}]},{\"@type\":\"NewsArticle\",\"@id\":\"https:\\\/\\\/candas365.es\\\/noticias\\\/el-tiempo-en-espana-29-de-diciembre-de-2020\\\/#newsarticle\",\"name\":\"El tiempo en Espa\\u00f1a, 29 de diciembre de 2020 | Cand\\u00e1s 365\",\"headline\":\"El tiempo en Espa\\u00f1a, 29 de diciembre de 2020\",\"author\":{\"@id\":\"https:\\\/\\\/candas365.es\\\/noticias\\\/author\\\/admin\\\/#author\"},\"publisher\":{\"@id\":\"https:\\\/\\\/candas365.es\\\/noticias\\\/#organization\"},\"image\":{\"@type\":\"ImageObject\",\"url\":\"https:\\\/\\\/candas365.es\\\/noticias\\\/wp-content\\\/uploads\\\/2020\\\/12\\\/Cabo-Penes-Temporal.jpg\",\"width\":719,\"height\":536,\"caption\":\"Temporal en la zona de Cabo Pe\\u00f1as - EUROPA PRESS\"},\"datePublished\":\"2020-12-29T10:38:14+01:00\",\"dateModified\":\"2020-12-29T10:38:14+01:00\",\"inLanguage\":\"es-ES\",\"mainEntityOfPage\":{\"@id\":\"https:\\\/\\\/candas365.es\\\/noticias\\\/el-tiempo-en-espana-29-de-diciembre-de-2020\\\/#webpage\"},\"isPartOf\":{\"@id\":\"https:\\\/\\\/candas365.es\\\/noticias\\\/el-tiempo-en-espana-29-de-diciembre-de-2020\\\/#webpage\"},\"articleSection\":\"El tiempo\",\"dateline\":\"Publicado el diciembre 29, 2020.\"},{\"@type\":\"Organization\",\"@id\":\"https:\\\/\\\/candas365.es\\\/noticias\\\/#organization\",\"name\":\"Cand\\u00e1s 365\",\"description\":\"Cand\\u00e1s 365 es un diario digital independiente, fundado en 2012, con base en Asturias. Informamos con rigor sobre actualidad, sociedad, cultura y ocio, con una mirada local y global.\",\"url\":\"https:\\\/\\\/candas365.es\\\/noticias\\\/\",\"email\":\"info@candas365.es\",\"telephone\":\"+34652131393\",\"foundingDate\":\"2012-06-10\",\"logo\":{\"@type\":\"ImageObject\",\"url\":\"https:\\\/\\\/candas365.es\\\/noticias\\\/wp-content\\\/uploads\\\/2024\\\/09\\\/Candas-365-Redes.jpg\",\"@id\":\"https:\\\/\\\/candas365.es\\\/noticias\\\/el-tiempo-en-espana-29-de-diciembre-de-2020\\\/#organizationLogo\",\"width\":1152,\"height\":864,\"caption\":\"Cand\\u00e1s 365 Redes\"},\"image\":{\"@id\":\"https:\\\/\\\/candas365.es\\\/noticias\\\/el-tiempo-en-espana-29-de-diciembre-de-2020\\\/#organizationLogo\"},\"sameAs\":[\"https:\\\/\\\/www.facebook.com\\\/Nachofdezber\",\"https:\\\/\\\/x.com\\\/NabercoDigital\",\"https:\\\/\\\/www.instagram.com\\\/nachofdezber\\\/\",\"https:\\\/\\\/www.youtube.com\\\/channel\\\/UCZP-2wLEB9Rv6erhFmqVnvg\"],\"address\":{\"@id\":\"https:\\\/\\\/candas365.es\\\/noticias\\\/#postaladdress\",\"@type\":\"PostalAddress\",\"streetAddress\":\"san antonio 4, san antonio 4\",\"postalCode\":\"33430\",\"addressLocality\":\"Cand\\u00e1s\",\"addressRegion\":\"Asturias\",\"addressCountry\":\"ES\"}},{\"@type\":\"Person\",\"@id\":\"https:\\\/\\\/candas365.es\\\/noticias\\\/author\\\/admin\\\/#author\",\"url\":\"https:\\\/\\\/candas365.es\\\/noticias\\\/author\\\/admin\\\/\",\"name\":\"Cand\\u00e1s 365\",\"image\":{\"@type\":\"ImageObject\",\"@id\":\"https:\\\/\\\/candas365.es\\\/noticias\\\/el-tiempo-en-espana-29-de-diciembre-de-2020\\\/#authorImage\",\"url\":\"https:\\\/\\\/secure.gravatar.com\\\/avatar\\\/496a8e03d0c493ede1718b7934145dbdf8d89be1036b0eec9544e1094c9de390?s=96&d=mm&r=g\",\"width\":96,\"height\":96,\"caption\":\"Cand\\u00e1s 365\"},\"sameAs\":[\"https:\\\/\\\/www.facebook.com\\\/carrenoactualidad\",\"https:\\\/\\\/twitter.com\\\/nbasturias\",\"https:\\\/\\\/www.instagram.com\\\/nachofdezber\\\/\",\"https:\\\/\\\/www.youtube.com\\\/channel\\\/UCZP-2wLEB9Rv6erhFmqVnvg\"]},{\"@type\":\"WebPage\",\"@id\":\"https:\\\/\\\/candas365.es\\\/noticias\\\/el-tiempo-en-espana-29-de-diciembre-de-2020\\\/#webpage\",\"url\":\"https:\\\/\\\/candas365.es\\\/noticias\\\/el-tiempo-en-espana-29-de-diciembre-de-2020\\\/\",\"name\":\"El tiempo en Espa\\u00f1a, 29 de diciembre de 2020 | Cand\\u00e1s 365\",\"description\":\"(EP) - Un total de 33 provincias estar\\u00e1n este martes 29 de diciembre en riesgo extremo (aviso rojo), riesgo importante (aviso naranja) y riesgo bajo (aviso amarillo) por nieve, oleaje, fuertes rachas de viento y temperaturas m\\u00ednimas, seg\\u00fan la Agencia Estatal de Meteorolog\\u00eda (AEMET). Durante esta jornada el oleaje ser\\u00e1 un fen\\u00f3meno a tener en\",\"inLanguage\":\"es-ES\",\"isPartOf\":{\"@id\":\"https:\\\/\\\/candas365.es\\\/noticias\\\/#website\"},\"breadcrumb\":{\"@id\":\"https:\\\/\\\/candas365.es\\\/noticias\\\/el-tiempo-en-espana-29-de-diciembre-de-2020\\\/#breadcrumblist\"},\"author\":{\"@id\":\"https:\\\/\\\/candas365.es\\\/noticias\\\/author\\\/admin\\\/#author\"},\"creator\":{\"@id\":\"https:\\\/\\\/candas365.es\\\/noticias\\\/author\\\/admin\\\/#author\"},\"image\":{\"@type\":\"ImageObject\",\"url\":\"https:\\\/\\\/candas365.es\\\/noticias\\\/wp-content\\\/uploads\\\/2020\\\/12\\\/Cabo-Penes-Temporal.jpg\",\"@id\":\"https:\\\/\\\/candas365.es\\\/noticias\\\/el-tiempo-en-espana-29-de-diciembre-de-2020\\\/#mainImage\",\"width\":719,\"height\":536,\"caption\":\"Temporal en la zona de Cabo Pe\\u00f1as - EUROPA PRESS\"},\"primaryImageOfPage\":{\"@id\":\"https:\\\/\\\/candas365.es\\\/noticias\\\/el-tiempo-en-espana-29-de-diciembre-de-2020\\\/#mainImage\"},\"datePublished\":\"2020-12-29T10:38:14+01:00\",\"dateModified\":\"2020-12-29T10:38:14+01:00\"},{\"@type\":\"WebSite\",\"@id\":\"https:\\\/\\\/candas365.es\\\/noticias\\\/#website\",\"url\":\"https:\\\/\\\/candas365.es\\\/noticias\\\/\",\"name\":\"Cand\\u00e1s 365\",\"alternateName\":\"Cand\\u00e1s 365 Noticias\",\"description\":\"Actualidad desde Carre\\u00f1o para el mundo\",\"inLanguage\":\"es-ES\",\"publisher\":{\"@id\":\"https:\\\/\\\/candas365.es\\\/noticias\\\/#organization\"}}]}\n\t\t<\/script>\n\t\t<!-- All in One SEO Pro -->\r\n\t\t<title>El tiempo en Espa\u00f1a, 29 de diciembre de 2020 | Cand\u00e1s 365<\/title>\n\n","aioseo_head_json":{"title":"El tiempo en Espa\u00f1a, 29 de diciembre de 2020 | Cand\u00e1s 365","description":"(EP) - Un total de 33 provincias estar\u00e1n este martes 29 de diciembre en riesgo extremo (aviso rojo), riesgo importante (aviso naranja) y riesgo bajo (aviso amarillo) por nieve, oleaje, fuertes rachas de viento y temperaturas m\u00ednimas, seg\u00fan la Agencia Estatal de Meteorolog\u00eda (AEMET). Durante esta jornada el oleaje ser\u00e1 un fen\u00f3meno a tener en","canonical_url":"https:\/\/candas365.es\/noticias\/el-tiempo-en-espana-29-de-diciembre-de-2020\/","robots":"max-image-preview:large","keywords":"el tiempo","webmasterTools":{"google-site-verification":"UA-32230408-1","msvalidate.01":"354F3CDFB2DA171B47FBE9ABF1F88D5","miscellaneous":""},"schema":{"@context":"https:\/\/schema.org","@graph":[{"@type":"BreadcrumbList","@id":"https:\/\/candas365.es\/noticias\/el-tiempo-en-espana-29-de-diciembre-de-2020\/#breadcrumblist","itemListElement":[{"@type":"ListItem","@id":"https:\/\/candas365.es\/noticias#listItem","position":1,"name":"Home","item":"https:\/\/candas365.es\/noticias","nextItem":{"@type":"ListItem","@id":"https:\/\/candas365.es\/noticias\/category\/el-tiempo\/#listItem","name":"El tiempo"}},{"@type":"ListItem","@id":"https:\/\/candas365.es\/noticias\/category\/el-tiempo\/#listItem","position":2,"name":"El tiempo","item":"https:\/\/candas365.es\/noticias\/category\/el-tiempo\/","nextItem":{"@type":"ListItem","@id":"https:\/\/candas365.es\/noticias\/el-tiempo-en-espana-29-de-diciembre-de-2020\/#listItem","name":"El tiempo en Espa\u00f1a, 29 de diciembre de 2020"},"previousItem":{"@type":"ListItem","@id":"https:\/\/candas365.es\/noticias#listItem","name":"Home"}},{"@type":"ListItem","@id":"https:\/\/candas365.es\/noticias\/el-tiempo-en-espana-29-de-diciembre-de-2020\/#listItem","position":3,"name":"El tiempo en Espa\u00f1a, 29 de diciembre de 2020","previousItem":{"@type":"ListItem","@id":"https:\/\/candas365.es\/noticias\/category\/el-tiempo\/#listItem","name":"El tiempo"}}]},{"@type":"NewsArticle","@id":"https:\/\/candas365.es\/noticias\/el-tiempo-en-espana-29-de-diciembre-de-2020\/#newsarticle","name":"El tiempo en Espa\u00f1a, 29 de diciembre de 2020 | Cand\u00e1s 365","headline":"El tiempo en Espa\u00f1a, 29 de diciembre de 2020","author":{"@id":"https:\/\/candas365.es\/noticias\/author\/admin\/#author"},"publisher":{"@id":"https:\/\/candas365.es\/noticias\/#organization"},"image":{"@type":"ImageObject","url":"https:\/\/candas365.es\/noticias\/wp-content\/uploads\/2020\/12\/Cabo-Penes-Temporal.jpg","width":719,"height":536,"caption":"Temporal en la zona de Cabo Pe\u00f1as - EUROPA PRESS"},"datePublished":"2020-12-29T10:38:14+01:00","dateModified":"2020-12-29T10:38:14+01:00","inLanguage":"es-ES","mainEntityOfPage":{"@id":"https:\/\/candas365.es\/noticias\/el-tiempo-en-espana-29-de-diciembre-de-2020\/#webpage"},"isPartOf":{"@id":"https:\/\/candas365.es\/noticias\/el-tiempo-en-espana-29-de-diciembre-de-2020\/#webpage"},"articleSection":"El tiempo","dateline":"Publicado el diciembre 29, 2020."},{"@type":"Organization","@id":"https:\/\/candas365.es\/noticias\/#organization","name":"Cand\u00e1s 365","description":"Cand\u00e1s 365 es un diario digital independiente, fundado en 2012, con base en Asturias. Informamos con rigor sobre actualidad, sociedad, cultura y ocio, con una mirada local y global.","url":"https:\/\/candas365.es\/noticias\/","email":"info@candas365.es","telephone":"+34652131393","foundingDate":"2012-06-10","logo":{"@type":"ImageObject","url":"https:\/\/candas365.es\/noticias\/wp-content\/uploads\/2024\/09\/Candas-365-Redes.jpg","@id":"https:\/\/candas365.es\/noticias\/el-tiempo-en-espana-29-de-diciembre-de-2020\/#organizationLogo","width":1152,"height":864,"caption":"Cand\u00e1s 365 Redes"},"image":{"@id":"https:\/\/candas365.es\/noticias\/el-tiempo-en-espana-29-de-diciembre-de-2020\/#organizationLogo"},"sameAs":["https:\/\/www.facebook.com\/Nachofdezber","https:\/\/x.com\/NabercoDigital","https:\/\/www.instagram.com\/nachofdezber\/","https:\/\/www.youtube.com\/channel\/UCZP-2wLEB9Rv6erhFmqVnvg"],"address":{"@id":"https:\/\/candas365.es\/noticias\/#postaladdress","@type":"PostalAddress","streetAddress":"san antonio 4, san antonio 4","postalCode":"33430","addressLocality":"Cand\u00e1s","addressRegion":"Asturias","addressCountry":"ES"}},{"@type":"Person","@id":"https:\/\/candas365.es\/noticias\/author\/admin\/#author","url":"https:\/\/candas365.es\/noticias\/author\/admin\/","name":"Cand\u00e1s 365","image":{"@type":"ImageObject","@id":"https:\/\/candas365.es\/noticias\/el-tiempo-en-espana-29-de-diciembre-de-2020\/#authorImage","url":"https:\/\/secure.gravatar.com\/avatar\/496a8e03d0c493ede1718b7934145dbdf8d89be1036b0eec9544e1094c9de390?s=96&d=mm&r=g","width":96,"height":96,"caption":"Cand\u00e1s 365"},"sameAs":["https:\/\/www.facebook.com\/carrenoactualidad","https:\/\/twitter.com\/nbasturias","https:\/\/www.instagram.com\/nachofdezber\/","https:\/\/www.youtube.com\/channel\/UCZP-2wLEB9Rv6erhFmqVnvg"]},{"@type":"WebPage","@id":"https:\/\/candas365.es\/noticias\/el-tiempo-en-espana-29-de-diciembre-de-2020\/#webpage","url":"https:\/\/candas365.es\/noticias\/el-tiempo-en-espana-29-de-diciembre-de-2020\/","name":"El tiempo en Espa\u00f1a, 29 de diciembre de 2020 | Cand\u00e1s 365","description":"(EP) - Un total de 33 provincias estar\u00e1n este martes 29 de diciembre en riesgo extremo (aviso rojo), riesgo importante (aviso naranja) y riesgo bajo (aviso amarillo) por nieve, oleaje, fuertes rachas de viento y temperaturas m\u00ednimas, seg\u00fan la Agencia Estatal de Meteorolog\u00eda (AEMET). Durante esta jornada el oleaje ser\u00e1 un fen\u00f3meno a tener en","inLanguage":"es-ES","isPartOf":{"@id":"https:\/\/candas365.es\/noticias\/#website"},"breadcrumb":{"@id":"https:\/\/candas365.es\/noticias\/el-tiempo-en-espana-29-de-diciembre-de-2020\/#breadcrumblist"},"author":{"@id":"https:\/\/candas365.es\/noticias\/author\/admin\/#author"},"creator":{"@id":"https:\/\/candas365.es\/noticias\/author\/admin\/#author"},"image":{"@type":"ImageObject","url":"https:\/\/candas365.es\/noticias\/wp-content\/uploads\/2020\/12\/Cabo-Penes-Temporal.jpg","@id":"https:\/\/candas365.es\/noticias\/el-tiempo-en-espana-29-de-diciembre-de-2020\/#mainImage","width":719,"height":536,"caption":"Temporal en la zona de Cabo Pe\u00f1as - EUROPA PRESS"},"primaryImageOfPage":{"@id":"https:\/\/candas365.es\/noticias\/el-tiempo-en-espana-29-de-diciembre-de-2020\/#mainImage"},"datePublished":"2020-12-29T10:38:14+01:00","dateModified":"2020-12-29T10:38:14+01:00"},{"@type":"WebSite","@id":"https:\/\/candas365.es\/noticias\/#website","url":"https:\/\/candas365.es\/noticias\/","name":"Cand\u00e1s 365","alternateName":"Cand\u00e1s 365 Noticias","description":"Actualidad desde Carre\u00f1o para el mundo","inLanguage":"es-ES","publisher":{"@id":"https:\/\/candas365.es\/noticias\/#organization"}}]},"og:locale":"es_ES","og:site_name":"Cand\u00e1s 365","og:type":"article","og:title":"El tiempo en Espa\u00f1a, 29 de diciembre de 2020 | Cand\u00e1s 365","og:description":"(EP) - Un total de 33 provincias estar\u00e1n este martes 29 de diciembre en riesgo extremo (aviso rojo), riesgo importante (aviso naranja) y riesgo bajo (aviso amarillo) por nieve, oleaje, fuertes rachas de viento y temperaturas m\u00ednimas, seg\u00fan la Agencia Estatal de Meteorolog\u00eda (AEMET). Durante esta jornada el oleaje ser\u00e1 un fen\u00f3meno a tener en","og:url":"https:\/\/candas365.es\/noticias\/el-tiempo-en-espana-29-de-diciembre-de-2020\/","og:image":"https:\/\/candas365.es\/noticias\/wp-content\/uploads\/2020\/12\/Cabo-Penes-Temporal.jpg","og:image:secure_url":"https:\/\/candas365.es\/noticias\/wp-content\/uploads\/2020\/12\/Cabo-Penes-Temporal.jpg","og:image:width":719,"og:image:height":536,"article:published_time":"2020-12-29T10:38:14+00:00","article:modified_time":"2020-12-29T10:38:14+00:00","article:publisher":"https:\/\/www.facebook.com\/Nachofdezber","article:author":"https:\/\/www.facebook.com\/carrenoactualidad","twitter:card":"summary_large_image","twitter:site":"@NabercoDigital","twitter:title":"El tiempo en Espa\u00f1a, 29 de diciembre de 2020 | Cand\u00e1s 365","twitter:description":"(EP) - Un total de 33 provincias estar\u00e1n este martes 29 de diciembre en riesgo extremo (aviso rojo), riesgo importante (aviso naranja) y riesgo bajo (aviso amarillo) por nieve, oleaje, fuertes rachas de viento y temperaturas m\u00ednimas, seg\u00fan la Agencia Estatal de Meteorolog\u00eda (AEMET). Durante esta jornada el oleaje ser\u00e1 un fen\u00f3meno a tener en","twitter:creator":"@nbasturias","twitter:image":"https:\/\/candas365.es\/noticias\/wp-content\/uploads\/2020\/12\/Cabo-Penes-Temporal.jpg","twitter:label1":"Escrito por","twitter:data1":"Cand\u00e1s 365","twitter:label2":"Tiempo de lectura estimado","twitter:data2":"3 minutos"},"aioseo_meta_data":{"post_id":"150615","title":null,"description":null,"keywords":null,"keyphrases":null,"primary_term":null,"canonical_url":null,"og_title":null,"og_description":null,"og_object_type":"default","og_image_type":"default","og_image_url":null,"og_image_width":null,"og_image_height":null,"og_image_custom_url":null,"og_image_custom_fields":null,"og_video":null,"og_custom_url":null,"og_article_section":null,"og_article_tags":null,"twitter_use_og":false,"twitter_card":"default","twitter_image_type":"default","twitter_image_url":null,"twitter_image_custom_url":null,"twitter_image_custom_fields":null,"twitter_title":null,"twitter_description":null,"schema":{"blockGraphs":[],"customGraphs":[],"default":{"data":{"Article":[],"Course":[],"Dataset":[],"FAQPage":[],"Movie":[],"Person":[],"Product":[],"ProductReview":[],"Car":[],"Recipe":[],"Service":[],"SoftwareApplication":[],"WebPage":[]},"graphName":"","isEnabled":true},"graphs":[],"defaultGraph":"","defaultPostTypeGraph":""},"schema_type":null,"schema_type_options":null,"pillar_content":false,"robots_default":true,"robots_noindex":false,"robots_noarchive":false,"robots_nosnippet":false,"robots_nofollow":false,"robots_noimageindex":false,"robots_noodp":false,"robots_notranslate":false,"robots_max_snippet":null,"robots_max_videopreview":null,"robots_max_imagepreview":"large","priority":null,"frequency":null,"location":null,"local_seo":null,"seo_analyzer_scan_date":"2025-08-31 16:13:23","breadcrumb_settings":null,"limit_modified_date":false,"reviewed_by":null,"open_ai":null,"ai":null,"created":"2021-01-27 17:04:37","updated":"2025-08-31 16:13:23"},"aioseo_breadcrumb":"<div class=\"aioseo-breadcrumbs\"><span class=\"aioseo-breadcrumb\">\n\t<a href=\"https:\/\/candas365.es\/noticias\" title=\"Home\">Home<\/a>\n<\/span><span class=\"aioseo-breadcrumb-separator\">&ndash;<\/span><span class=\"aioseo-breadcrumb\">\n\t<a href=\"https:\/\/candas365.es\/noticias\/category\/el-tiempo\/\" title=\"El tiempo\">El tiempo<\/a>\n<\/span><span class=\"aioseo-breadcrumb-separator\">&ndash;<\/span><span class=\"aioseo-breadcrumb\">\n\tEl tiempo en Espa\u00f1a, 29 de diciembre de 2020\n<\/span><\/div>","aioseo_breadcrumb_json":[{"label":"Home","link":"https:\/\/candas365.es\/noticias"},{"label":"El tiempo","link":"https:\/\/candas365.es\/noticias\/category\/el-tiempo\/"},{"label":"El tiempo en Espa\u00f1a, 29 de diciembre de 2020","link":"https:\/\/candas365.es\/noticias\/el-tiempo-en-espana-29-de-diciembre-de-2020\/"}],"_links":{"self":[{"href":"https:\/\/candas365.es\/noticias\/wp-json\/wp\/v2\/posts\/150615","targetHints":{"allow":["GET"]}}],"collection":[{"href":"https:\/\/candas365.es\/noticias\/wp-json\/wp\/v2\/posts"}],"about":[{"href":"https:\/\/candas365.es\/noticias\/wp-json\/wp\/v2\/types\/post"}],"author":[{"embeddable":true,"href":"https:\/\/candas365.es\/noticias\/wp-json\/wp\/v2\/users\/1"}],"replies":[{"embeddable":true,"href":"https:\/\/candas365.es\/noticias\/wp-json\/wp\/v2\/comments?post=150615"}],"version-history":[{"count":0,"href":"https:\/\/candas365.es\/noticias\/wp-json\/wp\/v2\/posts\/150615\/revisions"}],"wp:featuredmedia":[{"embeddable":true,"href":"https:\/\/candas365.es\/noticias\/wp-json\/wp\/v2\/media\/150616"}],"wp:attachment":[{"href":"https:\/\/candas365.es\/noticias\/wp-json\/wp\/v2\/media?parent=150615"}],"wp:term":[{"taxonomy":"category","embeddable":true,"href":"https:\/\/candas365.es\/noticias\/wp-json\/wp\/v2\/categories?post=150615"},{"taxonomy":"post_tag","embeddable":true,"href":"https:\/\/candas365.es\/noticias\/wp-json\/wp\/v2\/tags?post=150615"}],"curies":[{"name":"wp","href":"https:\/\/api.w.org\/{rel}","templated":true}]}}