{"id":150603,"date":"2020-12-28T14:19:26","date_gmt":"2020-12-28T14:19:26","guid":{"rendered":"http:\/\/candas365.es\/noticias\/?p=150603"},"modified":"2020-12-28T14:19:26","modified_gmt":"2020-12-28T14:19:26","slug":"teatro-del-cuervo-prepara-todo-esta-alli-en-la-laboral","status":"publish","type":"post","link":"https:\/\/candas365.es\/noticias\/teatro-del-cuervo-prepara-todo-esta-alli-en-la-laboral\/","title":{"rendered":"Teatro del Cuervo prepara \u00abTodo est\u00e1 all\u00ed\u00bb en la Laboral"},"content":{"rendered":"<p><img fetchpriority=\"high\" decoding=\"async\" class=\"alignleft size-medium wp-image-80268\" src=\"https:\/\/candas365.es\/noticias\/wp-content\/uploads\/2017\/09\/Laboral-360x239.jpg\" alt=\"\" width=\"360\" height=\"239\" srcset=\"https:\/\/candas365.es\/noticias\/wp-content\/uploads\/2017\/09\/Laboral-360x239.jpg 360w, https:\/\/candas365.es\/noticias\/wp-content\/uploads\/2017\/09\/Laboral-768x511.jpg 768w, https:\/\/candas365.es\/noticias\/wp-content\/uploads\/2017\/09\/Laboral-655x435.jpg 655w, https:\/\/candas365.es\/noticias\/wp-content\/uploads\/2017\/09\/Laboral-696x463.jpg 696w, https:\/\/candas365.es\/noticias\/wp-content\/uploads\/2017\/09\/Laboral-1068x710.jpg 1068w, https:\/\/candas365.es\/noticias\/wp-content\/uploads\/2017\/09\/Laboral-632x420.jpg 632w, https:\/\/candas365.es\/noticias\/wp-content\/uploads\/2017\/09\/Laboral-84x55.jpg 84w, https:\/\/candas365.es\/noticias\/wp-content\/uploads\/2017\/09\/Laboral.jpg 1280w\" sizes=\"(max-width: 360px) 100vw, 360px\" \/>La compa\u00f1\u00eda Teatro del Cuervo prepara su nuevo espect\u00e1culo Todo est\u00e1 all\u00ed en el Teatro de la Laboral del 28 al 30 de diciembre.<\/p>\n<p>Ambientada en la Argentina de los a\u00f1os 50, la obra presenta a una familia de clase media alta, formada por los hijos de un exiliado espa\u00f1ol durante la Guerra Civil. El fallecimiento del padre, y el de la madre mucho tiempo atr\u00e1s, marca el ambiente familiar y permite ver la actitud de cada uno de los personajes ante las ausencias y el devenir de la vida.<\/p>\n<p>Los miedos, ilusiones y preocupaciones de cada uno de los personajes invitan al p\u00fablico a adentrarse en un mundo sumido en la nostalgia, melancol\u00eda e insatisfacci\u00f3n y a reflexionar sobre la complejidad del ser humano en cualquier momento de la historia.<\/p>\n<p>Todo est\u00e1 all\u00ed es la adaptaci\u00f3n libre de Las tres hermanas de Ch\u00e9jov a partir de un texto de Victoria \u00c1lvarez Musetti y con direcci\u00f3n de Sergio Gayol. \u00c1ngela Tom\u00e9, Lidia M\u00e9ndez, Alejandro Hidalgo, Paula del Estal y el propio Gayol forman el elenco de esta obra de Teatro del Cuervo.<\/p>\n<p>La compa\u00f1\u00eda asturiana apuesta por un teatro de calidad basado en el trabajo que conecte con p\u00fablico de cualquier edad. Numerosos premios y reconocimientos avalan su trayectoria, con producciones como Bojiganga, Tienda 47 o En un lugar de la Galaxia y coproducciones como An\u00f3nimo, Criados y Bufones, Perdiendo el juicio o Susurradores.<\/p>\n<p>Teatro del Cuervo ha recibido una Residencia del Programa de Artes Esc\u00e9nicas en Residencia de Laboral Ciudad de la Cultura. Este programa forma parte de la actividad del Centro de Recursos Esc\u00e9nicos del Principado de Asturias, un proyecto con sede en la Laboral que ofrece apoyo a la creaci\u00f3n art\u00edstica de las compa\u00f1\u00edas profesionales asturianas, poniendo a su disposici\u00f3n recursos econ\u00f3micos, instalaciones y medios t\u00e9cnicos que impulsen la creaci\u00f3n esc\u00e9nica de profesionales de la regi\u00f3n.<\/p>\n","protected":false},"excerpt":{"rendered":"<p>La compa\u00f1\u00eda Teatro del Cuervo prepara su nuevo espect\u00e1culo Todo est\u00e1 all\u00ed en el Teatro de la Laboral del 28 al 30 de diciembre. Ambientada en la Argentina de los a\u00f1os 50, la obra presenta a una familia de clase media alta, formada por los hijos de un exiliado espa\u00f1ol durante la Guerra Civil. El<\/p>\n","protected":false},"author":1,"featured_media":80268,"comment_status":"closed","ping_status":"closed","sticky":false,"template":"","format":"standard","meta":{"footnotes":""},"categories":[1],"tags":[],"class_list":{"0":"post-150603","1":"post","2":"type-post","3":"status-publish","4":"format-standard","5":"has-post-thumbnail","7":"category-agenda"},"aioseo_notices":[],"aioseo_head":"\n\t\t<!-- All in One SEO Pro 4.9.6.2 - aioseo.com -->\n\t<meta name=\"description\" content=\"La compa\u00f1\u00eda Teatro del Cuervo prepara su nuevo espect\u00e1culo Todo est\u00e1 all\u00ed en el Teatro de la Laboral del 28 al 30 de diciembre. Ambientada en la Argentina de los a\u00f1os 50, la obra presenta a una familia de clase media alta, formada por los hijos de un exiliado espa\u00f1ol durante la Guerra Civil. El\" \/>\n\t<meta name=\"robots\" content=\"max-image-preview:large\" \/>\n\t<meta name=\"author\" content=\"Cand\u00e1s 365\"\/>\n\t<meta name=\"google-site-verification\" content=\"UA-32230408-1\" \/>\n\t<meta name=\"msvalidate.01\" content=\"354F3CDFB2DA171B47FBE9ABF1F88D5\" \/>\n\t<meta name=\"keywords\" content=\"agenda\" \/>\n\t<link rel=\"canonical\" href=\"https:\/\/candas365.es\/noticias\/teatro-del-cuervo-prepara-todo-esta-alli-en-la-laboral\/\" \/>\n\t<meta name=\"generator\" content=\"All in One SEO Pro (AIOSEO) 4.9.6.2\" \/>\n\t\t<meta property=\"og:locale\" content=\"es_ES\" \/>\n\t\t<meta property=\"og:site_name\" content=\"Cand\u00e1s 365\" \/>\n\t\t<meta property=\"og:type\" content=\"article\" \/>\n\t\t<meta property=\"og:title\" content=\"Teatro del Cuervo prepara \u00abTodo est\u00e1 all\u00ed\u00bb en la Laboral | Cand\u00e1s 365\" \/>\n\t\t<meta property=\"og:description\" content=\"La compa\u00f1\u00eda Teatro del Cuervo prepara su nuevo espect\u00e1culo Todo est\u00e1 all\u00ed en el Teatro de la Laboral del 28 al 30 de diciembre. Ambientada en la Argentina de los a\u00f1os 50, la obra presenta a una familia de clase media alta, formada por los hijos de un exiliado espa\u00f1ol durante la Guerra Civil. El\" \/>\n\t\t<meta property=\"og:url\" content=\"https:\/\/candas365.es\/noticias\/teatro-del-cuervo-prepara-todo-esta-alli-en-la-laboral\/\" \/>\n\t\t<meta property=\"og:image\" content=\"https:\/\/candas365.es\/noticias\/wp-content\/uploads\/2017\/09\/Laboral.jpg\" \/>\n\t\t<meta property=\"og:image:secure_url\" content=\"https:\/\/candas365.es\/noticias\/wp-content\/uploads\/2017\/09\/Laboral.jpg\" \/>\n\t\t<meta property=\"og:image:width\" content=\"1280\" \/>\n\t\t<meta property=\"og:image:height\" content=\"851\" \/>\n\t\t<meta property=\"article:published_time\" content=\"2020-12-28T14:19:26+00:00\" \/>\n\t\t<meta property=\"article:modified_time\" content=\"2020-12-28T14:19:26+00:00\" \/>\n\t\t<meta property=\"article:publisher\" content=\"https:\/\/www.facebook.com\/Nachofdezber\" \/>\n\t\t<meta property=\"article:author\" content=\"https:\/\/www.facebook.com\/carrenoactualidad\" \/>\n\t\t<meta name=\"twitter:card\" content=\"summary_large_image\" \/>\n\t\t<meta name=\"twitter:site\" content=\"@NabercoDigital\" \/>\n\t\t<meta name=\"twitter:title\" content=\"Teatro del Cuervo prepara \u00abTodo est\u00e1 all\u00ed\u00bb en la Laboral | Cand\u00e1s 365\" \/>\n\t\t<meta name=\"twitter:description\" content=\"La compa\u00f1\u00eda Teatro del Cuervo prepara su nuevo espect\u00e1culo Todo est\u00e1 all\u00ed en el Teatro de la Laboral del 28 al 30 de diciembre. Ambientada en la Argentina de los a\u00f1os 50, la obra presenta a una familia de clase media alta, formada por los hijos de un exiliado espa\u00f1ol durante la Guerra Civil. El\" \/>\n\t\t<meta name=\"twitter:creator\" content=\"@nbasturias\" \/>\n\t\t<meta name=\"twitter:image\" content=\"https:\/\/candas365.es\/noticias\/wp-content\/uploads\/2017\/09\/Laboral.jpg\" \/>\n\t\t<meta name=\"twitter:label1\" content=\"Escrito por\" \/>\n\t\t<meta name=\"twitter:data1\" content=\"Cand\u00e1s 365\" \/>\n\t\t<meta name=\"twitter:label2\" content=\"Tiempo de lectura estimado\" \/>\n\t\t<meta name=\"twitter:data2\" content=\"2 minutos\" \/>\n\t\t<script type=\"application\/ld+json\" class=\"aioseo-schema\">\n\t\t\t{\"@context\":\"https:\\\/\\\/schema.org\",\"@graph\":[{\"@type\":\"BreadcrumbList\",\"@id\":\"https:\\\/\\\/candas365.es\\\/noticias\\\/teatro-del-cuervo-prepara-todo-esta-alli-en-la-laboral\\\/#breadcrumblist\",\"itemListElement\":[{\"@type\":\"ListItem\",\"@id\":\"https:\\\/\\\/candas365.es\\\/noticias#listItem\",\"position\":1,\"name\":\"Home\",\"item\":\"https:\\\/\\\/candas365.es\\\/noticias\",\"nextItem\":{\"@type\":\"ListItem\",\"@id\":\"https:\\\/\\\/candas365.es\\\/noticias\\\/category\\\/agenda\\\/#listItem\",\"name\":\"Agenda\"}},{\"@type\":\"ListItem\",\"@id\":\"https:\\\/\\\/candas365.es\\\/noticias\\\/category\\\/agenda\\\/#listItem\",\"position\":2,\"name\":\"Agenda\",\"item\":\"https:\\\/\\\/candas365.es\\\/noticias\\\/category\\\/agenda\\\/\",\"nextItem\":{\"@type\":\"ListItem\",\"@id\":\"https:\\\/\\\/candas365.es\\\/noticias\\\/teatro-del-cuervo-prepara-todo-esta-alli-en-la-laboral\\\/#listItem\",\"name\":\"Teatro del Cuervo prepara \\u00abTodo est\\u00e1 all\\u00ed\\u00bb en la Laboral\"},\"previousItem\":{\"@type\":\"ListItem\",\"@id\":\"https:\\\/\\\/candas365.es\\\/noticias#listItem\",\"name\":\"Home\"}},{\"@type\":\"ListItem\",\"@id\":\"https:\\\/\\\/candas365.es\\\/noticias\\\/teatro-del-cuervo-prepara-todo-esta-alli-en-la-laboral\\\/#listItem\",\"position\":3,\"name\":\"Teatro del Cuervo prepara \\u00abTodo est\\u00e1 all\\u00ed\\u00bb en la Laboral\",\"previousItem\":{\"@type\":\"ListItem\",\"@id\":\"https:\\\/\\\/candas365.es\\\/noticias\\\/category\\\/agenda\\\/#listItem\",\"name\":\"Agenda\"}}]},{\"@type\":\"NewsArticle\",\"@id\":\"https:\\\/\\\/candas365.es\\\/noticias\\\/teatro-del-cuervo-prepara-todo-esta-alli-en-la-laboral\\\/#newsarticle\",\"name\":\"Teatro del Cuervo prepara \\u00abTodo est\\u00e1 all\\u00ed\\u00bb en la Laboral | Cand\\u00e1s 365\",\"headline\":\"Teatro del Cuervo prepara \\u00abTodo est\\u00e1 all\\u00ed\\u00bb en la Laboral\",\"author\":{\"@id\":\"https:\\\/\\\/candas365.es\\\/noticias\\\/author\\\/admin\\\/#author\"},\"publisher\":{\"@id\":\"https:\\\/\\\/candas365.es\\\/noticias\\\/#organization\"},\"image\":{\"@type\":\"ImageObject\",\"url\":\"https:\\\/\\\/candas365.es\\\/noticias\\\/wp-content\\\/uploads\\\/2017\\\/09\\\/Laboral.jpg\",\"width\":1280,\"height\":851},\"datePublished\":\"2020-12-28T14:19:26+01:00\",\"dateModified\":\"2020-12-28T14:19:26+01:00\",\"inLanguage\":\"es-ES\",\"mainEntityOfPage\":{\"@id\":\"https:\\\/\\\/candas365.es\\\/noticias\\\/teatro-del-cuervo-prepara-todo-esta-alli-en-la-laboral\\\/#webpage\"},\"isPartOf\":{\"@id\":\"https:\\\/\\\/candas365.es\\\/noticias\\\/teatro-del-cuervo-prepara-todo-esta-alli-en-la-laboral\\\/#webpage\"},\"articleSection\":\"Agenda\",\"dateline\":\"Publicado el diciembre 28, 2020.\"},{\"@type\":\"Organization\",\"@id\":\"https:\\\/\\\/candas365.es\\\/noticias\\\/#organization\",\"name\":\"Cand\\u00e1s 365\",\"description\":\"Cand\\u00e1s 365 es un diario digital independiente, fundado en 2012, con base en Asturias. Informamos con rigor sobre actualidad, sociedad, cultura y ocio, con una mirada local y global.\",\"url\":\"https:\\\/\\\/candas365.es\\\/noticias\\\/\",\"email\":\"info@candas365.es\",\"telephone\":\"+34652131393\",\"foundingDate\":\"2012-06-10\",\"logo\":{\"@type\":\"ImageObject\",\"url\":\"https:\\\/\\\/candas365.es\\\/noticias\\\/wp-content\\\/uploads\\\/2024\\\/09\\\/Candas-365-Redes.jpg\",\"@id\":\"https:\\\/\\\/candas365.es\\\/noticias\\\/teatro-del-cuervo-prepara-todo-esta-alli-en-la-laboral\\\/#organizationLogo\",\"width\":1152,\"height\":864,\"caption\":\"Cand\\u00e1s 365 Redes\"},\"image\":{\"@id\":\"https:\\\/\\\/candas365.es\\\/noticias\\\/teatro-del-cuervo-prepara-todo-esta-alli-en-la-laboral\\\/#organizationLogo\"},\"sameAs\":[\"https:\\\/\\\/www.facebook.com\\\/Nachofdezber\",\"https:\\\/\\\/x.com\\\/NabercoDigital\",\"https:\\\/\\\/www.instagram.com\\\/nachofdezber\\\/\",\"https:\\\/\\\/www.youtube.com\\\/channel\\\/UCZP-2wLEB9Rv6erhFmqVnvg\"],\"address\":{\"@id\":\"https:\\\/\\\/candas365.es\\\/noticias\\\/#postaladdress\",\"@type\":\"PostalAddress\",\"streetAddress\":\"san antonio 4, san antonio 4\",\"postalCode\":\"33430\",\"addressLocality\":\"Cand\\u00e1s\",\"addressRegion\":\"Asturias\",\"addressCountry\":\"ES\"}},{\"@type\":\"Person\",\"@id\":\"https:\\\/\\\/candas365.es\\\/noticias\\\/author\\\/admin\\\/#author\",\"url\":\"https:\\\/\\\/candas365.es\\\/noticias\\\/author\\\/admin\\\/\",\"name\":\"Cand\\u00e1s 365\",\"image\":{\"@type\":\"ImageObject\",\"@id\":\"https:\\\/\\\/candas365.es\\\/noticias\\\/teatro-del-cuervo-prepara-todo-esta-alli-en-la-laboral\\\/#authorImage\",\"url\":\"https:\\\/\\\/secure.gravatar.com\\\/avatar\\\/496a8e03d0c493ede1718b7934145dbdf8d89be1036b0eec9544e1094c9de390?s=96&d=mm&r=g\",\"width\":96,\"height\":96,\"caption\":\"Cand\\u00e1s 365\"},\"sameAs\":[\"https:\\\/\\\/www.facebook.com\\\/carrenoactualidad\",\"https:\\\/\\\/twitter.com\\\/nbasturias\",\"https:\\\/\\\/www.instagram.com\\\/nachofdezber\\\/\",\"https:\\\/\\\/www.youtube.com\\\/channel\\\/UCZP-2wLEB9Rv6erhFmqVnvg\"]},{\"@type\":\"WebPage\",\"@id\":\"https:\\\/\\\/candas365.es\\\/noticias\\\/teatro-del-cuervo-prepara-todo-esta-alli-en-la-laboral\\\/#webpage\",\"url\":\"https:\\\/\\\/candas365.es\\\/noticias\\\/teatro-del-cuervo-prepara-todo-esta-alli-en-la-laboral\\\/\",\"name\":\"Teatro del Cuervo prepara \\u00abTodo est\\u00e1 all\\u00ed\\u00bb en la Laboral | Cand\\u00e1s 365\",\"description\":\"La compa\\u00f1\\u00eda Teatro del Cuervo prepara su nuevo espect\\u00e1culo Todo est\\u00e1 all\\u00ed en el Teatro de la Laboral del 28 al 30 de diciembre. Ambientada en la Argentina de los a\\u00f1os 50, la obra presenta a una familia de clase media alta, formada por los hijos de un exiliado espa\\u00f1ol durante la Guerra Civil. El\",\"inLanguage\":\"es-ES\",\"isPartOf\":{\"@id\":\"https:\\\/\\\/candas365.es\\\/noticias\\\/#website\"},\"breadcrumb\":{\"@id\":\"https:\\\/\\\/candas365.es\\\/noticias\\\/teatro-del-cuervo-prepara-todo-esta-alli-en-la-laboral\\\/#breadcrumblist\"},\"author\":{\"@id\":\"https:\\\/\\\/candas365.es\\\/noticias\\\/author\\\/admin\\\/#author\"},\"creator\":{\"@id\":\"https:\\\/\\\/candas365.es\\\/noticias\\\/author\\\/admin\\\/#author\"},\"image\":{\"@type\":\"ImageObject\",\"url\":\"https:\\\/\\\/candas365.es\\\/noticias\\\/wp-content\\\/uploads\\\/2017\\\/09\\\/Laboral.jpg\",\"@id\":\"https:\\\/\\\/candas365.es\\\/noticias\\\/teatro-del-cuervo-prepara-todo-esta-alli-en-la-laboral\\\/#mainImage\",\"width\":1280,\"height\":851},\"primaryImageOfPage\":{\"@id\":\"https:\\\/\\\/candas365.es\\\/noticias\\\/teatro-del-cuervo-prepara-todo-esta-alli-en-la-laboral\\\/#mainImage\"},\"datePublished\":\"2020-12-28T14:19:26+01:00\",\"dateModified\":\"2020-12-28T14:19:26+01:00\"},{\"@type\":\"WebSite\",\"@id\":\"https:\\\/\\\/candas365.es\\\/noticias\\\/#website\",\"url\":\"https:\\\/\\\/candas365.es\\\/noticias\\\/\",\"name\":\"Cand\\u00e1s 365\",\"alternateName\":\"Cand\\u00e1s 365 Noticias\",\"description\":\"Actualidad desde Carre\\u00f1o para el mundo\",\"inLanguage\":\"es-ES\",\"publisher\":{\"@id\":\"https:\\\/\\\/candas365.es\\\/noticias\\\/#organization\"}}]}\n\t\t<\/script>\n\t\t<!-- All in One SEO Pro -->\r\n\t\t<title>Teatro del Cuervo prepara \u00abTodo est\u00e1 all\u00ed\u00bb en la Laboral | Cand\u00e1s 365<\/title>\n\n","aioseo_head_json":{"title":"Teatro del Cuervo prepara \u00abTodo est\u00e1 all\u00ed\u00bb en la Laboral | Cand\u00e1s 365","description":"La compa\u00f1\u00eda Teatro del Cuervo prepara su nuevo espect\u00e1culo Todo est\u00e1 all\u00ed en el Teatro de la Laboral del 28 al 30 de diciembre. Ambientada en la Argentina de los a\u00f1os 50, la obra presenta a una familia de clase media alta, formada por los hijos de un exiliado espa\u00f1ol durante la Guerra Civil. El","canonical_url":"https:\/\/candas365.es\/noticias\/teatro-del-cuervo-prepara-todo-esta-alli-en-la-laboral\/","robots":"max-image-preview:large","keywords":"agenda","webmasterTools":{"google-site-verification":"UA-32230408-1","msvalidate.01":"354F3CDFB2DA171B47FBE9ABF1F88D5","miscellaneous":""},"schema":{"@context":"https:\/\/schema.org","@graph":[{"@type":"BreadcrumbList","@id":"https:\/\/candas365.es\/noticias\/teatro-del-cuervo-prepara-todo-esta-alli-en-la-laboral\/#breadcrumblist","itemListElement":[{"@type":"ListItem","@id":"https:\/\/candas365.es\/noticias#listItem","position":1,"name":"Home","item":"https:\/\/candas365.es\/noticias","nextItem":{"@type":"ListItem","@id":"https:\/\/candas365.es\/noticias\/category\/agenda\/#listItem","name":"Agenda"}},{"@type":"ListItem","@id":"https:\/\/candas365.es\/noticias\/category\/agenda\/#listItem","position":2,"name":"Agenda","item":"https:\/\/candas365.es\/noticias\/category\/agenda\/","nextItem":{"@type":"ListItem","@id":"https:\/\/candas365.es\/noticias\/teatro-del-cuervo-prepara-todo-esta-alli-en-la-laboral\/#listItem","name":"Teatro del Cuervo prepara \u00abTodo est\u00e1 all\u00ed\u00bb en la Laboral"},"previousItem":{"@type":"ListItem","@id":"https:\/\/candas365.es\/noticias#listItem","name":"Home"}},{"@type":"ListItem","@id":"https:\/\/candas365.es\/noticias\/teatro-del-cuervo-prepara-todo-esta-alli-en-la-laboral\/#listItem","position":3,"name":"Teatro del Cuervo prepara \u00abTodo est\u00e1 all\u00ed\u00bb en la Laboral","previousItem":{"@type":"ListItem","@id":"https:\/\/candas365.es\/noticias\/category\/agenda\/#listItem","name":"Agenda"}}]},{"@type":"NewsArticle","@id":"https:\/\/candas365.es\/noticias\/teatro-del-cuervo-prepara-todo-esta-alli-en-la-laboral\/#newsarticle","name":"Teatro del Cuervo prepara \u00abTodo est\u00e1 all\u00ed\u00bb en la Laboral | Cand\u00e1s 365","headline":"Teatro del Cuervo prepara \u00abTodo est\u00e1 all\u00ed\u00bb en la Laboral","author":{"@id":"https:\/\/candas365.es\/noticias\/author\/admin\/#author"},"publisher":{"@id":"https:\/\/candas365.es\/noticias\/#organization"},"image":{"@type":"ImageObject","url":"https:\/\/candas365.es\/noticias\/wp-content\/uploads\/2017\/09\/Laboral.jpg","width":1280,"height":851},"datePublished":"2020-12-28T14:19:26+01:00","dateModified":"2020-12-28T14:19:26+01:00","inLanguage":"es-ES","mainEntityOfPage":{"@id":"https:\/\/candas365.es\/noticias\/teatro-del-cuervo-prepara-todo-esta-alli-en-la-laboral\/#webpage"},"isPartOf":{"@id":"https:\/\/candas365.es\/noticias\/teatro-del-cuervo-prepara-todo-esta-alli-en-la-laboral\/#webpage"},"articleSection":"Agenda","dateline":"Publicado el diciembre 28, 2020."},{"@type":"Organization","@id":"https:\/\/candas365.es\/noticias\/#organization","name":"Cand\u00e1s 365","description":"Cand\u00e1s 365 es un diario digital independiente, fundado en 2012, con base en Asturias. Informamos con rigor sobre actualidad, sociedad, cultura y ocio, con una mirada local y global.","url":"https:\/\/candas365.es\/noticias\/","email":"info@candas365.es","telephone":"+34652131393","foundingDate":"2012-06-10","logo":{"@type":"ImageObject","url":"https:\/\/candas365.es\/noticias\/wp-content\/uploads\/2024\/09\/Candas-365-Redes.jpg","@id":"https:\/\/candas365.es\/noticias\/teatro-del-cuervo-prepara-todo-esta-alli-en-la-laboral\/#organizationLogo","width":1152,"height":864,"caption":"Cand\u00e1s 365 Redes"},"image":{"@id":"https:\/\/candas365.es\/noticias\/teatro-del-cuervo-prepara-todo-esta-alli-en-la-laboral\/#organizationLogo"},"sameAs":["https:\/\/www.facebook.com\/Nachofdezber","https:\/\/x.com\/NabercoDigital","https:\/\/www.instagram.com\/nachofdezber\/","https:\/\/www.youtube.com\/channel\/UCZP-2wLEB9Rv6erhFmqVnvg"],"address":{"@id":"https:\/\/candas365.es\/noticias\/#postaladdress","@type":"PostalAddress","streetAddress":"san antonio 4, san antonio 4","postalCode":"33430","addressLocality":"Cand\u00e1s","addressRegion":"Asturias","addressCountry":"ES"}},{"@type":"Person","@id":"https:\/\/candas365.es\/noticias\/author\/admin\/#author","url":"https:\/\/candas365.es\/noticias\/author\/admin\/","name":"Cand\u00e1s 365","image":{"@type":"ImageObject","@id":"https:\/\/candas365.es\/noticias\/teatro-del-cuervo-prepara-todo-esta-alli-en-la-laboral\/#authorImage","url":"https:\/\/secure.gravatar.com\/avatar\/496a8e03d0c493ede1718b7934145dbdf8d89be1036b0eec9544e1094c9de390?s=96&d=mm&r=g","width":96,"height":96,"caption":"Cand\u00e1s 365"},"sameAs":["https:\/\/www.facebook.com\/carrenoactualidad","https:\/\/twitter.com\/nbasturias","https:\/\/www.instagram.com\/nachofdezber\/","https:\/\/www.youtube.com\/channel\/UCZP-2wLEB9Rv6erhFmqVnvg"]},{"@type":"WebPage","@id":"https:\/\/candas365.es\/noticias\/teatro-del-cuervo-prepara-todo-esta-alli-en-la-laboral\/#webpage","url":"https:\/\/candas365.es\/noticias\/teatro-del-cuervo-prepara-todo-esta-alli-en-la-laboral\/","name":"Teatro del Cuervo prepara \u00abTodo est\u00e1 all\u00ed\u00bb en la Laboral | Cand\u00e1s 365","description":"La compa\u00f1\u00eda Teatro del Cuervo prepara su nuevo espect\u00e1culo Todo est\u00e1 all\u00ed en el Teatro de la Laboral del 28 al 30 de diciembre. Ambientada en la Argentina de los a\u00f1os 50, la obra presenta a una familia de clase media alta, formada por los hijos de un exiliado espa\u00f1ol durante la Guerra Civil. El","inLanguage":"es-ES","isPartOf":{"@id":"https:\/\/candas365.es\/noticias\/#website"},"breadcrumb":{"@id":"https:\/\/candas365.es\/noticias\/teatro-del-cuervo-prepara-todo-esta-alli-en-la-laboral\/#breadcrumblist"},"author":{"@id":"https:\/\/candas365.es\/noticias\/author\/admin\/#author"},"creator":{"@id":"https:\/\/candas365.es\/noticias\/author\/admin\/#author"},"image":{"@type":"ImageObject","url":"https:\/\/candas365.es\/noticias\/wp-content\/uploads\/2017\/09\/Laboral.jpg","@id":"https:\/\/candas365.es\/noticias\/teatro-del-cuervo-prepara-todo-esta-alli-en-la-laboral\/#mainImage","width":1280,"height":851},"primaryImageOfPage":{"@id":"https:\/\/candas365.es\/noticias\/teatro-del-cuervo-prepara-todo-esta-alli-en-la-laboral\/#mainImage"},"datePublished":"2020-12-28T14:19:26+01:00","dateModified":"2020-12-28T14:19:26+01:00"},{"@type":"WebSite","@id":"https:\/\/candas365.es\/noticias\/#website","url":"https:\/\/candas365.es\/noticias\/","name":"Cand\u00e1s 365","alternateName":"Cand\u00e1s 365 Noticias","description":"Actualidad desde Carre\u00f1o para el mundo","inLanguage":"es-ES","publisher":{"@id":"https:\/\/candas365.es\/noticias\/#organization"}}]},"og:locale":"es_ES","og:site_name":"Cand\u00e1s 365","og:type":"article","og:title":"Teatro del Cuervo prepara \u00abTodo est\u00e1 all\u00ed\u00bb en la Laboral | Cand\u00e1s 365","og:description":"La compa\u00f1\u00eda Teatro del Cuervo prepara su nuevo espect\u00e1culo Todo est\u00e1 all\u00ed en el Teatro de la Laboral del 28 al 30 de diciembre. Ambientada en la Argentina de los a\u00f1os 50, la obra presenta a una familia de clase media alta, formada por los hijos de un exiliado espa\u00f1ol durante la Guerra Civil. El","og:url":"https:\/\/candas365.es\/noticias\/teatro-del-cuervo-prepara-todo-esta-alli-en-la-laboral\/","og:image":"https:\/\/candas365.es\/noticias\/wp-content\/uploads\/2017\/09\/Laboral.jpg","og:image:secure_url":"https:\/\/candas365.es\/noticias\/wp-content\/uploads\/2017\/09\/Laboral.jpg","og:image:width":1280,"og:image:height":851,"article:published_time":"2020-12-28T14:19:26+00:00","article:modified_time":"2020-12-28T14:19:26+00:00","article:publisher":"https:\/\/www.facebook.com\/Nachofdezber","article:author":"https:\/\/www.facebook.com\/carrenoactualidad","twitter:card":"summary_large_image","twitter:site":"@NabercoDigital","twitter:title":"Teatro del Cuervo prepara \u00abTodo est\u00e1 all\u00ed\u00bb en la Laboral | Cand\u00e1s 365","twitter:description":"La compa\u00f1\u00eda Teatro del Cuervo prepara su nuevo espect\u00e1culo Todo est\u00e1 all\u00ed en el Teatro de la Laboral del 28 al 30 de diciembre. Ambientada en la Argentina de los a\u00f1os 50, la obra presenta a una familia de clase media alta, formada por los hijos de un exiliado espa\u00f1ol durante la Guerra Civil. El","twitter:creator":"@nbasturias","twitter:image":"https:\/\/candas365.es\/noticias\/wp-content\/uploads\/2017\/09\/Laboral.jpg","twitter:label1":"Escrito por","twitter:data1":"Cand\u00e1s 365","twitter:label2":"Tiempo de lectura estimado","twitter:data2":"2 minutos"},"aioseo_meta_data":{"post_id":"150603","title":null,"description":null,"keywords":null,"keyphrases":null,"primary_term":null,"canonical_url":null,"og_title":null,"og_description":null,"og_object_type":"default","og_image_type":"default","og_image_url":null,"og_image_width":null,"og_image_height":null,"og_image_custom_url":null,"og_image_custom_fields":null,"og_video":null,"og_custom_url":null,"og_article_section":null,"og_article_tags":null,"twitter_use_og":false,"twitter_card":"default","twitter_image_type":"default","twitter_image_url":null,"twitter_image_custom_url":null,"twitter_image_custom_fields":null,"twitter_title":null,"twitter_description":null,"schema":{"blockGraphs":[],"customGraphs":[],"default":{"data":{"Article":[],"Course":[],"Dataset":[],"FAQPage":[],"Movie":[],"Person":[],"Product":[],"ProductReview":[],"Car":[],"Recipe":[],"Service":[],"SoftwareApplication":[],"WebPage":[]},"graphName":"","isEnabled":true},"graphs":[],"defaultGraph":"","defaultPostTypeGraph":""},"schema_type":null,"schema_type_options":null,"pillar_content":false,"robots_default":true,"robots_noindex":false,"robots_noarchive":false,"robots_nosnippet":false,"robots_nofollow":false,"robots_noimageindex":false,"robots_noodp":false,"robots_notranslate":false,"robots_max_snippet":null,"robots_max_videopreview":null,"robots_max_imagepreview":"large","priority":null,"frequency":null,"location":null,"local_seo":null,"seo_analyzer_scan_date":"2025-08-31 16:11:24","breadcrumb_settings":null,"limit_modified_date":false,"reviewed_by":null,"open_ai":null,"ai":null,"created":"2021-01-27 20:32:28","updated":"2025-08-31 16:11:24"},"aioseo_breadcrumb":"<div class=\"aioseo-breadcrumbs\"><span class=\"aioseo-breadcrumb\">\n\t<a href=\"https:\/\/candas365.es\/noticias\" title=\"Home\">Home<\/a>\n<\/span><span class=\"aioseo-breadcrumb-separator\">&ndash;<\/span><span class=\"aioseo-breadcrumb\">\n\t<a href=\"https:\/\/candas365.es\/noticias\/category\/agenda\/\" title=\"Agenda\">Agenda<\/a>\n<\/span><span class=\"aioseo-breadcrumb-separator\">&ndash;<\/span><span class=\"aioseo-breadcrumb\">\n\tTeatro del Cuervo prepara \u00abTodo est\u00e1 all\u00ed\u00bb en la Laboral\n<\/span><\/div>","aioseo_breadcrumb_json":[{"label":"Home","link":"https:\/\/candas365.es\/noticias"},{"label":"Agenda","link":"https:\/\/candas365.es\/noticias\/category\/agenda\/"},{"label":"Teatro del Cuervo prepara \u00abTodo est\u00e1 all\u00ed\u00bb en la Laboral","link":"https:\/\/candas365.es\/noticias\/teatro-del-cuervo-prepara-todo-esta-alli-en-la-laboral\/"}],"_links":{"self":[{"href":"https:\/\/candas365.es\/noticias\/wp-json\/wp\/v2\/posts\/150603","targetHints":{"allow":["GET"]}}],"collection":[{"href":"https:\/\/candas365.es\/noticias\/wp-json\/wp\/v2\/posts"}],"about":[{"href":"https:\/\/candas365.es\/noticias\/wp-json\/wp\/v2\/types\/post"}],"author":[{"embeddable":true,"href":"https:\/\/candas365.es\/noticias\/wp-json\/wp\/v2\/users\/1"}],"replies":[{"embeddable":true,"href":"https:\/\/candas365.es\/noticias\/wp-json\/wp\/v2\/comments?post=150603"}],"version-history":[{"count":0,"href":"https:\/\/candas365.es\/noticias\/wp-json\/wp\/v2\/posts\/150603\/revisions"}],"wp:featuredmedia":[{"embeddable":true,"href":"https:\/\/candas365.es\/noticias\/wp-json\/wp\/v2\/media\/80268"}],"wp:attachment":[{"href":"https:\/\/candas365.es\/noticias\/wp-json\/wp\/v2\/media?parent=150603"}],"wp:term":[{"taxonomy":"category","embeddable":true,"href":"https:\/\/candas365.es\/noticias\/wp-json\/wp\/v2\/categories?post=150603"},{"taxonomy":"post_tag","embeddable":true,"href":"https:\/\/candas365.es\/noticias\/wp-json\/wp\/v2\/tags?post=150603"}],"curies":[{"name":"wp","href":"https:\/\/api.w.org\/{rel}","templated":true}]}}