{"id":150564,"date":"2020-12-27T23:29:25","date_gmt":"2020-12-27T23:29:25","guid":{"rendered":"http:\/\/candas365.es\/noticias\/?p=150564"},"modified":"2020-12-27T23:29:25","modified_gmt":"2020-12-27T23:29:25","slug":"bella-mal-tiempo-y-destrozos","status":"publish","type":"post","link":"https:\/\/candas365.es\/noticias\/bella-mal-tiempo-y-destrozos\/","title":{"rendered":"Bella, mal tiempo y destrozos"},"content":{"rendered":"<figure id=\"attachment_150501\" aria-describedby=\"caption-attachment-150501\" style=\"width: 360px\" class=\"wp-caption alignleft\"><img fetchpriority=\"high\" decoding=\"async\" class=\"size-medium wp-image-150501\" src=\"https:\/\/candas365.es\/noticias\/wp-content\/uploads\/2020\/12\/olas-Asturias-360x237.jpg\" alt=\"Olas Asturias\" width=\"360\" height=\"237\" srcset=\"https:\/\/candas365.es\/noticias\/wp-content\/uploads\/2020\/12\/olas-Asturias-360x237.jpg 360w, https:\/\/candas365.es\/noticias\/wp-content\/uploads\/2020\/12\/olas-Asturias-650x428.jpg 650w, https:\/\/candas365.es\/noticias\/wp-content\/uploads\/2020\/12\/olas-Asturias.jpg 725w\" sizes=\"(max-width: 360px) 100vw, 360px\" \/><figcaption id=\"caption-attachment-150501\" class=\"wp-caption-text\">Fuerte oleaje en Tazones, en una imagen de archivo &#8211; DAMI\u00c1N ARIENZA<\/figcaption><\/figure>\n<p>(EP) &#8211; La borrasca nombrada &#8216;Bella&#8217; por el servicio meteorol\u00f3gico brit\u00e1nico (Met Office), tiene su centro situado al norte de las Islas Brit\u00e1nicas e ir\u00e1 desplaz\u00e1ndose hacia el sur durante este domingo, y hacia el este ma\u00f1ana lunes, a medida que va perdiendo intensidad.<\/p>\n<p>A partir de hoy, y durante los primeros d\u00edas de la semana pr\u00f3xima, sus efectos se dejar\u00e1n sentir sobre la Pen\u00ednsula Ib\u00e9rica y Baleares, con mal estado de la mar, vientos fuertes y precipitaciones, especialmente en el extremo norte peninsular, seg\u00fan el aviso especial de la Agencia Estatal de Meteorolog\u00eda (AEMET), emitido este domingo a las 13.30 horas.<\/p>\n<p>Durante la tarde de este domingo, penetrar\u00e1 por Galicia un frente fr\u00edo muy activo asociado a &#8216;Bella&#8217;, que recorrer\u00e1 la Pen\u00ednsula de norte a sur a lo largo del lunes.<\/p>\n<p>Lo m\u00e1s importante de esta situaci\u00f3n ser\u00e1 el estado de la mar, especialmente en el litoral de Galicia y en el Cant\u00e1brico, donde a partir de la tarde de hoy y durante el d\u00eda de ma\u00f1ana se alcanzar\u00e1n los 8 a 10 metros de altura de olas de mar combinada y vientos que pueden alcanzar fuerza 8 a 10.<\/p>\n<p>Tambi\u00e9n en el Mediterr\u00e1neo, aunque con menor intensidad, habr\u00e1 temporal, donde se prev\u00e9n vientos de fuerza 7 a 8 y una altura de olas que puede alcanzar los 4 a 5 metros, especialmente en Baleares, donde se esperan vientos de fuerza 8 y las olas m\u00e1s altas podr\u00edan alcanzar los 8 \u00f3 9 metros.<\/p>\n<p>Otro factor destacado ser\u00e1 el viento de componente oeste, que arreciar\u00e1 a partir de la tarde de hoy, manteni\u00e9ndose durante gran parte del d\u00eda de ma\u00f1ana con el paso del frente, soplando con intervalos de fuerte y rachas muy fuertes, sobre todo en el Cant\u00e1brico, donde probablemente se superar\u00e1n los 110 km\/h en el litoral y en zonas altas.<\/p>\n<p>En otras zonas del norte y este peninsular, y en Baleares, se alcanzar\u00e1n los 70-90 km\/h, sobre todo en zonas monta\u00f1osas, donde se pueden superar los 100 km\/h en las cumbres.<\/p>\n<p>El viento tender\u00e1 a ir amainando a partir de \u00faltimas horas de ma\u00f1ana y a lo largo del martes y el mi\u00e9rcoles, si bien se mantendr\u00e1 a\u00fan el mal estado de la mar en el Cant\u00e1brico.<\/p>\n<p>Las precipitaciones ser\u00e1n m\u00e1s abundantes en el noroeste y en el Cant\u00e1brico, perdiendo intensidad hacia el sur y el este. Y la cota de nieve descender\u00e1 hasta unos 600\/1.000 metros tras el paso del frente en la mitad norte peninsular, por lo que se esperan nevadas en los principales sistemas monta\u00f1osos.<\/p>\n<p>El martes y el mi\u00e9rcoles persistir\u00e1n las precipitaciones, principalmente en el extremo norte. Esta situaci\u00f3n dejar\u00e1 acumulaciones de nieve importantes en zonas monta\u00f1osas del norte peninsular.<\/p>\n<p>Seg\u00fan informa la AEMET, se espera que la depresi\u00f3n &#8216;Bella&#8217; se aleje hacia el norte de Europa a partir del mi\u00e9rcoles.<\/p>\n","protected":false},"excerpt":{"rendered":"<p>(EP) &#8211; La borrasca nombrada &#8216;Bella&#8217; por el servicio meteorol\u00f3gico brit\u00e1nico (Met Office), tiene su centro situado al norte de las Islas Brit\u00e1nicas e ir\u00e1 desplaz\u00e1ndose hacia el sur durante este domingo, y hacia el este ma\u00f1ana lunes, a medida que va perdiendo intensidad. A partir de hoy, y durante los primeros d\u00edas de la<\/p>\n","protected":false},"author":1,"featured_media":150501,"comment_status":"closed","ping_status":"closed","sticky":false,"template":"","format":"standard","meta":{"footnotes":""},"categories":[358],"tags":[],"class_list":{"0":"post-150564","1":"post","2":"type-post","3":"status-publish","4":"format-standard","5":"has-post-thumbnail","7":"category-el-tiempo"},"aioseo_notices":[],"aioseo_head":"\n\t\t<!-- All in One SEO Pro 4.9.6.2 - aioseo.com -->\n\t<meta name=\"description\" content=\"(EP) - La borrasca nombrada &#039;Bella&#039; por el servicio meteorol\u00f3gico brit\u00e1nico (Met Office), tiene su centro situado al norte de las Islas Brit\u00e1nicas e ir\u00e1 desplaz\u00e1ndose hacia el sur durante este domingo, y hacia el este ma\u00f1ana lunes, a medida que va perdiendo intensidad. A partir de hoy, y durante los primeros d\u00edas de la\" \/>\n\t<meta name=\"robots\" content=\"max-image-preview:large\" \/>\n\t<meta name=\"author\" content=\"Cand\u00e1s 365\"\/>\n\t<meta name=\"google-site-verification\" content=\"UA-32230408-1\" \/>\n\t<meta name=\"msvalidate.01\" content=\"354F3CDFB2DA171B47FBE9ABF1F88D5\" \/>\n\t<meta name=\"keywords\" content=\"el tiempo\" \/>\n\t<link rel=\"canonical\" href=\"https:\/\/candas365.es\/noticias\/bella-mal-tiempo-y-destrozos\/\" \/>\n\t<meta name=\"generator\" content=\"All in One SEO Pro (AIOSEO) 4.9.6.2\" \/>\n\t\t<meta property=\"og:locale\" content=\"es_ES\" \/>\n\t\t<meta property=\"og:site_name\" content=\"Cand\u00e1s 365\" \/>\n\t\t<meta property=\"og:type\" content=\"article\" \/>\n\t\t<meta property=\"og:title\" content=\"Bella, mal tiempo y destrozos | Cand\u00e1s 365\" \/>\n\t\t<meta property=\"og:description\" content=\"(EP) - La borrasca nombrada &#039;Bella&#039; por el servicio meteorol\u00f3gico brit\u00e1nico (Met Office), tiene su centro situado al norte de las Islas Brit\u00e1nicas e ir\u00e1 desplaz\u00e1ndose hacia el sur durante este domingo, y hacia el este ma\u00f1ana lunes, a medida que va perdiendo intensidad. A partir de hoy, y durante los primeros d\u00edas de la\" \/>\n\t\t<meta property=\"og:url\" content=\"https:\/\/candas365.es\/noticias\/bella-mal-tiempo-y-destrozos\/\" \/>\n\t\t<meta property=\"og:image\" content=\"https:\/\/candas365.es\/noticias\/wp-content\/uploads\/2020\/12\/olas-Asturias.jpg\" \/>\n\t\t<meta property=\"og:image:secure_url\" content=\"https:\/\/candas365.es\/noticias\/wp-content\/uploads\/2020\/12\/olas-Asturias.jpg\" \/>\n\t\t<meta property=\"og:image:width\" content=\"725\" \/>\n\t\t<meta property=\"og:image:height\" content=\"477\" \/>\n\t\t<meta property=\"article:published_time\" content=\"2020-12-27T23:29:25+00:00\" \/>\n\t\t<meta property=\"article:modified_time\" content=\"2020-12-27T23:29:25+00:00\" \/>\n\t\t<meta property=\"article:publisher\" content=\"https:\/\/www.facebook.com\/Nachofdezber\" \/>\n\t\t<meta property=\"article:author\" content=\"https:\/\/www.facebook.com\/carrenoactualidad\" \/>\n\t\t<meta name=\"twitter:card\" content=\"summary_large_image\" \/>\n\t\t<meta name=\"twitter:site\" content=\"@NabercoDigital\" \/>\n\t\t<meta name=\"twitter:title\" content=\"Bella, mal tiempo y destrozos | Cand\u00e1s 365\" \/>\n\t\t<meta name=\"twitter:description\" content=\"(EP) - La borrasca nombrada &#039;Bella&#039; por el servicio meteorol\u00f3gico brit\u00e1nico (Met Office), tiene su centro situado al norte de las Islas Brit\u00e1nicas e ir\u00e1 desplaz\u00e1ndose hacia el sur durante este domingo, y hacia el este ma\u00f1ana lunes, a medida que va perdiendo intensidad. A partir de hoy, y durante los primeros d\u00edas de la\" \/>\n\t\t<meta name=\"twitter:creator\" content=\"@nbasturias\" \/>\n\t\t<meta name=\"twitter:image\" content=\"https:\/\/candas365.es\/noticias\/wp-content\/uploads\/2020\/12\/olas-Asturias.jpg\" \/>\n\t\t<meta name=\"twitter:label1\" content=\"Escrito por\" \/>\n\t\t<meta name=\"twitter:data1\" content=\"Cand\u00e1s 365\" \/>\n\t\t<meta name=\"twitter:label2\" content=\"Tiempo de lectura estimado\" \/>\n\t\t<meta name=\"twitter:data2\" content=\"3 minutos\" \/>\n\t\t<script type=\"application\/ld+json\" class=\"aioseo-schema\">\n\t\t\t{\"@context\":\"https:\\\/\\\/schema.org\",\"@graph\":[{\"@type\":\"BreadcrumbList\",\"@id\":\"https:\\\/\\\/candas365.es\\\/noticias\\\/bella-mal-tiempo-y-destrozos\\\/#breadcrumblist\",\"itemListElement\":[{\"@type\":\"ListItem\",\"@id\":\"https:\\\/\\\/candas365.es\\\/noticias#listItem\",\"position\":1,\"name\":\"Home\",\"item\":\"https:\\\/\\\/candas365.es\\\/noticias\",\"nextItem\":{\"@type\":\"ListItem\",\"@id\":\"https:\\\/\\\/candas365.es\\\/noticias\\\/category\\\/el-tiempo\\\/#listItem\",\"name\":\"El tiempo\"}},{\"@type\":\"ListItem\",\"@id\":\"https:\\\/\\\/candas365.es\\\/noticias\\\/category\\\/el-tiempo\\\/#listItem\",\"position\":2,\"name\":\"El tiempo\",\"item\":\"https:\\\/\\\/candas365.es\\\/noticias\\\/category\\\/el-tiempo\\\/\",\"nextItem\":{\"@type\":\"ListItem\",\"@id\":\"https:\\\/\\\/candas365.es\\\/noticias\\\/bella-mal-tiempo-y-destrozos\\\/#listItem\",\"name\":\"Bella, mal tiempo y destrozos\"},\"previousItem\":{\"@type\":\"ListItem\",\"@id\":\"https:\\\/\\\/candas365.es\\\/noticias#listItem\",\"name\":\"Home\"}},{\"@type\":\"ListItem\",\"@id\":\"https:\\\/\\\/candas365.es\\\/noticias\\\/bella-mal-tiempo-y-destrozos\\\/#listItem\",\"position\":3,\"name\":\"Bella, mal tiempo y destrozos\",\"previousItem\":{\"@type\":\"ListItem\",\"@id\":\"https:\\\/\\\/candas365.es\\\/noticias\\\/category\\\/el-tiempo\\\/#listItem\",\"name\":\"El tiempo\"}}]},{\"@type\":\"NewsArticle\",\"@id\":\"https:\\\/\\\/candas365.es\\\/noticias\\\/bella-mal-tiempo-y-destrozos\\\/#newsarticle\",\"name\":\"Bella, mal tiempo y destrozos | Cand\\u00e1s 365\",\"headline\":\"Bella, mal tiempo y destrozos\",\"author\":{\"@id\":\"https:\\\/\\\/candas365.es\\\/noticias\\\/author\\\/admin\\\/#author\"},\"publisher\":{\"@id\":\"https:\\\/\\\/candas365.es\\\/noticias\\\/#organization\"},\"image\":{\"@type\":\"ImageObject\",\"url\":\"https:\\\/\\\/candas365.es\\\/noticias\\\/wp-content\\\/uploads\\\/2020\\\/12\\\/olas-Asturias.jpg\",\"width\":725,\"height\":477,\"caption\":\"Fuerte oleaje en Tazones, en una imagen de archivo - DAMI\\u00c1N ARIENZA\"},\"datePublished\":\"2020-12-27T23:29:25+01:00\",\"dateModified\":\"2020-12-27T23:29:25+01:00\",\"inLanguage\":\"es-ES\",\"mainEntityOfPage\":{\"@id\":\"https:\\\/\\\/candas365.es\\\/noticias\\\/bella-mal-tiempo-y-destrozos\\\/#webpage\"},\"isPartOf\":{\"@id\":\"https:\\\/\\\/candas365.es\\\/noticias\\\/bella-mal-tiempo-y-destrozos\\\/#webpage\"},\"articleSection\":\"El tiempo\",\"dateline\":\"Publicado el diciembre 27, 2020.\"},{\"@type\":\"Organization\",\"@id\":\"https:\\\/\\\/candas365.es\\\/noticias\\\/#organization\",\"name\":\"Cand\\u00e1s 365\",\"description\":\"Cand\\u00e1s 365 es un diario digital independiente, fundado en 2012, con base en Asturias. Informamos con rigor sobre actualidad, sociedad, cultura y ocio, con una mirada local y global.\",\"url\":\"https:\\\/\\\/candas365.es\\\/noticias\\\/\",\"email\":\"info@candas365.es\",\"telephone\":\"+34652131393\",\"foundingDate\":\"2012-06-10\",\"logo\":{\"@type\":\"ImageObject\",\"url\":\"https:\\\/\\\/candas365.es\\\/noticias\\\/wp-content\\\/uploads\\\/2024\\\/09\\\/Candas-365-Redes.jpg\",\"@id\":\"https:\\\/\\\/candas365.es\\\/noticias\\\/bella-mal-tiempo-y-destrozos\\\/#organizationLogo\",\"width\":1152,\"height\":864,\"caption\":\"Cand\\u00e1s 365 Redes\"},\"image\":{\"@id\":\"https:\\\/\\\/candas365.es\\\/noticias\\\/bella-mal-tiempo-y-destrozos\\\/#organizationLogo\"},\"sameAs\":[\"https:\\\/\\\/www.facebook.com\\\/Nachofdezber\",\"https:\\\/\\\/x.com\\\/NabercoDigital\",\"https:\\\/\\\/www.instagram.com\\\/nachofdezber\\\/\",\"https:\\\/\\\/www.youtube.com\\\/channel\\\/UCZP-2wLEB9Rv6erhFmqVnvg\"],\"address\":{\"@id\":\"https:\\\/\\\/candas365.es\\\/noticias\\\/#postaladdress\",\"@type\":\"PostalAddress\",\"streetAddress\":\"san antonio 4, san antonio 4\",\"postalCode\":\"33430\",\"addressLocality\":\"Cand\\u00e1s\",\"addressRegion\":\"Asturias\",\"addressCountry\":\"ES\"}},{\"@type\":\"Person\",\"@id\":\"https:\\\/\\\/candas365.es\\\/noticias\\\/author\\\/admin\\\/#author\",\"url\":\"https:\\\/\\\/candas365.es\\\/noticias\\\/author\\\/admin\\\/\",\"name\":\"Cand\\u00e1s 365\",\"image\":{\"@type\":\"ImageObject\",\"@id\":\"https:\\\/\\\/candas365.es\\\/noticias\\\/bella-mal-tiempo-y-destrozos\\\/#authorImage\",\"url\":\"https:\\\/\\\/secure.gravatar.com\\\/avatar\\\/496a8e03d0c493ede1718b7934145dbdf8d89be1036b0eec9544e1094c9de390?s=96&d=mm&r=g\",\"width\":96,\"height\":96,\"caption\":\"Cand\\u00e1s 365\"},\"sameAs\":[\"https:\\\/\\\/www.facebook.com\\\/carrenoactualidad\",\"https:\\\/\\\/twitter.com\\\/nbasturias\",\"https:\\\/\\\/www.instagram.com\\\/nachofdezber\\\/\",\"https:\\\/\\\/www.youtube.com\\\/channel\\\/UCZP-2wLEB9Rv6erhFmqVnvg\"]},{\"@type\":\"WebPage\",\"@id\":\"https:\\\/\\\/candas365.es\\\/noticias\\\/bella-mal-tiempo-y-destrozos\\\/#webpage\",\"url\":\"https:\\\/\\\/candas365.es\\\/noticias\\\/bella-mal-tiempo-y-destrozos\\\/\",\"name\":\"Bella, mal tiempo y destrozos | Cand\\u00e1s 365\",\"description\":\"(EP) - La borrasca nombrada 'Bella' por el servicio meteorol\\u00f3gico brit\\u00e1nico (Met Office), tiene su centro situado al norte de las Islas Brit\\u00e1nicas e ir\\u00e1 desplaz\\u00e1ndose hacia el sur durante este domingo, y hacia el este ma\\u00f1ana lunes, a medida que va perdiendo intensidad. A partir de hoy, y durante los primeros d\\u00edas de la\",\"inLanguage\":\"es-ES\",\"isPartOf\":{\"@id\":\"https:\\\/\\\/candas365.es\\\/noticias\\\/#website\"},\"breadcrumb\":{\"@id\":\"https:\\\/\\\/candas365.es\\\/noticias\\\/bella-mal-tiempo-y-destrozos\\\/#breadcrumblist\"},\"author\":{\"@id\":\"https:\\\/\\\/candas365.es\\\/noticias\\\/author\\\/admin\\\/#author\"},\"creator\":{\"@id\":\"https:\\\/\\\/candas365.es\\\/noticias\\\/author\\\/admin\\\/#author\"},\"image\":{\"@type\":\"ImageObject\",\"url\":\"https:\\\/\\\/candas365.es\\\/noticias\\\/wp-content\\\/uploads\\\/2020\\\/12\\\/olas-Asturias.jpg\",\"@id\":\"https:\\\/\\\/candas365.es\\\/noticias\\\/bella-mal-tiempo-y-destrozos\\\/#mainImage\",\"width\":725,\"height\":477,\"caption\":\"Fuerte oleaje en Tazones, en una imagen de archivo - DAMI\\u00c1N ARIENZA\"},\"primaryImageOfPage\":{\"@id\":\"https:\\\/\\\/candas365.es\\\/noticias\\\/bella-mal-tiempo-y-destrozos\\\/#mainImage\"},\"datePublished\":\"2020-12-27T23:29:25+01:00\",\"dateModified\":\"2020-12-27T23:29:25+01:00\"},{\"@type\":\"WebSite\",\"@id\":\"https:\\\/\\\/candas365.es\\\/noticias\\\/#website\",\"url\":\"https:\\\/\\\/candas365.es\\\/noticias\\\/\",\"name\":\"Cand\\u00e1s 365\",\"alternateName\":\"Cand\\u00e1s 365 Noticias\",\"description\":\"Actualidad desde Carre\\u00f1o para el mundo\",\"inLanguage\":\"es-ES\",\"publisher\":{\"@id\":\"https:\\\/\\\/candas365.es\\\/noticias\\\/#organization\"}}]}\n\t\t<\/script>\n\t\t<!-- All in One SEO Pro -->\r\n\t\t<title>Bella, mal tiempo y destrozos | Cand\u00e1s 365<\/title>\n\n","aioseo_head_json":{"title":"Bella, mal tiempo y destrozos | Cand\u00e1s 365","description":"(EP) - La borrasca nombrada 'Bella' por el servicio meteorol\u00f3gico brit\u00e1nico (Met Office), tiene su centro situado al norte de las Islas Brit\u00e1nicas e ir\u00e1 desplaz\u00e1ndose hacia el sur durante este domingo, y hacia el este ma\u00f1ana lunes, a medida que va perdiendo intensidad. A partir de hoy, y durante los primeros d\u00edas de la","canonical_url":"https:\/\/candas365.es\/noticias\/bella-mal-tiempo-y-destrozos\/","robots":"max-image-preview:large","keywords":"el tiempo","webmasterTools":{"google-site-verification":"UA-32230408-1","msvalidate.01":"354F3CDFB2DA171B47FBE9ABF1F88D5","miscellaneous":""},"schema":{"@context":"https:\/\/schema.org","@graph":[{"@type":"BreadcrumbList","@id":"https:\/\/candas365.es\/noticias\/bella-mal-tiempo-y-destrozos\/#breadcrumblist","itemListElement":[{"@type":"ListItem","@id":"https:\/\/candas365.es\/noticias#listItem","position":1,"name":"Home","item":"https:\/\/candas365.es\/noticias","nextItem":{"@type":"ListItem","@id":"https:\/\/candas365.es\/noticias\/category\/el-tiempo\/#listItem","name":"El tiempo"}},{"@type":"ListItem","@id":"https:\/\/candas365.es\/noticias\/category\/el-tiempo\/#listItem","position":2,"name":"El tiempo","item":"https:\/\/candas365.es\/noticias\/category\/el-tiempo\/","nextItem":{"@type":"ListItem","@id":"https:\/\/candas365.es\/noticias\/bella-mal-tiempo-y-destrozos\/#listItem","name":"Bella, mal tiempo y destrozos"},"previousItem":{"@type":"ListItem","@id":"https:\/\/candas365.es\/noticias#listItem","name":"Home"}},{"@type":"ListItem","@id":"https:\/\/candas365.es\/noticias\/bella-mal-tiempo-y-destrozos\/#listItem","position":3,"name":"Bella, mal tiempo y destrozos","previousItem":{"@type":"ListItem","@id":"https:\/\/candas365.es\/noticias\/category\/el-tiempo\/#listItem","name":"El tiempo"}}]},{"@type":"NewsArticle","@id":"https:\/\/candas365.es\/noticias\/bella-mal-tiempo-y-destrozos\/#newsarticle","name":"Bella, mal tiempo y destrozos | Cand\u00e1s 365","headline":"Bella, mal tiempo y destrozos","author":{"@id":"https:\/\/candas365.es\/noticias\/author\/admin\/#author"},"publisher":{"@id":"https:\/\/candas365.es\/noticias\/#organization"},"image":{"@type":"ImageObject","url":"https:\/\/candas365.es\/noticias\/wp-content\/uploads\/2020\/12\/olas-Asturias.jpg","width":725,"height":477,"caption":"Fuerte oleaje en Tazones, en una imagen de archivo - DAMI\u00c1N ARIENZA"},"datePublished":"2020-12-27T23:29:25+01:00","dateModified":"2020-12-27T23:29:25+01:00","inLanguage":"es-ES","mainEntityOfPage":{"@id":"https:\/\/candas365.es\/noticias\/bella-mal-tiempo-y-destrozos\/#webpage"},"isPartOf":{"@id":"https:\/\/candas365.es\/noticias\/bella-mal-tiempo-y-destrozos\/#webpage"},"articleSection":"El tiempo","dateline":"Publicado el diciembre 27, 2020."},{"@type":"Organization","@id":"https:\/\/candas365.es\/noticias\/#organization","name":"Cand\u00e1s 365","description":"Cand\u00e1s 365 es un diario digital independiente, fundado en 2012, con base en Asturias. Informamos con rigor sobre actualidad, sociedad, cultura y ocio, con una mirada local y global.","url":"https:\/\/candas365.es\/noticias\/","email":"info@candas365.es","telephone":"+34652131393","foundingDate":"2012-06-10","logo":{"@type":"ImageObject","url":"https:\/\/candas365.es\/noticias\/wp-content\/uploads\/2024\/09\/Candas-365-Redes.jpg","@id":"https:\/\/candas365.es\/noticias\/bella-mal-tiempo-y-destrozos\/#organizationLogo","width":1152,"height":864,"caption":"Cand\u00e1s 365 Redes"},"image":{"@id":"https:\/\/candas365.es\/noticias\/bella-mal-tiempo-y-destrozos\/#organizationLogo"},"sameAs":["https:\/\/www.facebook.com\/Nachofdezber","https:\/\/x.com\/NabercoDigital","https:\/\/www.instagram.com\/nachofdezber\/","https:\/\/www.youtube.com\/channel\/UCZP-2wLEB9Rv6erhFmqVnvg"],"address":{"@id":"https:\/\/candas365.es\/noticias\/#postaladdress","@type":"PostalAddress","streetAddress":"san antonio 4, san antonio 4","postalCode":"33430","addressLocality":"Cand\u00e1s","addressRegion":"Asturias","addressCountry":"ES"}},{"@type":"Person","@id":"https:\/\/candas365.es\/noticias\/author\/admin\/#author","url":"https:\/\/candas365.es\/noticias\/author\/admin\/","name":"Cand\u00e1s 365","image":{"@type":"ImageObject","@id":"https:\/\/candas365.es\/noticias\/bella-mal-tiempo-y-destrozos\/#authorImage","url":"https:\/\/secure.gravatar.com\/avatar\/496a8e03d0c493ede1718b7934145dbdf8d89be1036b0eec9544e1094c9de390?s=96&d=mm&r=g","width":96,"height":96,"caption":"Cand\u00e1s 365"},"sameAs":["https:\/\/www.facebook.com\/carrenoactualidad","https:\/\/twitter.com\/nbasturias","https:\/\/www.instagram.com\/nachofdezber\/","https:\/\/www.youtube.com\/channel\/UCZP-2wLEB9Rv6erhFmqVnvg"]},{"@type":"WebPage","@id":"https:\/\/candas365.es\/noticias\/bella-mal-tiempo-y-destrozos\/#webpage","url":"https:\/\/candas365.es\/noticias\/bella-mal-tiempo-y-destrozos\/","name":"Bella, mal tiempo y destrozos | Cand\u00e1s 365","description":"(EP) - La borrasca nombrada 'Bella' por el servicio meteorol\u00f3gico brit\u00e1nico (Met Office), tiene su centro situado al norte de las Islas Brit\u00e1nicas e ir\u00e1 desplaz\u00e1ndose hacia el sur durante este domingo, y hacia el este ma\u00f1ana lunes, a medida que va perdiendo intensidad. A partir de hoy, y durante los primeros d\u00edas de la","inLanguage":"es-ES","isPartOf":{"@id":"https:\/\/candas365.es\/noticias\/#website"},"breadcrumb":{"@id":"https:\/\/candas365.es\/noticias\/bella-mal-tiempo-y-destrozos\/#breadcrumblist"},"author":{"@id":"https:\/\/candas365.es\/noticias\/author\/admin\/#author"},"creator":{"@id":"https:\/\/candas365.es\/noticias\/author\/admin\/#author"},"image":{"@type":"ImageObject","url":"https:\/\/candas365.es\/noticias\/wp-content\/uploads\/2020\/12\/olas-Asturias.jpg","@id":"https:\/\/candas365.es\/noticias\/bella-mal-tiempo-y-destrozos\/#mainImage","width":725,"height":477,"caption":"Fuerte oleaje en Tazones, en una imagen de archivo - DAMI\u00c1N ARIENZA"},"primaryImageOfPage":{"@id":"https:\/\/candas365.es\/noticias\/bella-mal-tiempo-y-destrozos\/#mainImage"},"datePublished":"2020-12-27T23:29:25+01:00","dateModified":"2020-12-27T23:29:25+01:00"},{"@type":"WebSite","@id":"https:\/\/candas365.es\/noticias\/#website","url":"https:\/\/candas365.es\/noticias\/","name":"Cand\u00e1s 365","alternateName":"Cand\u00e1s 365 Noticias","description":"Actualidad desde Carre\u00f1o para el mundo","inLanguage":"es-ES","publisher":{"@id":"https:\/\/candas365.es\/noticias\/#organization"}}]},"og:locale":"es_ES","og:site_name":"Cand\u00e1s 365","og:type":"article","og:title":"Bella, mal tiempo y destrozos | Cand\u00e1s 365","og:description":"(EP) - La borrasca nombrada 'Bella' por el servicio meteorol\u00f3gico brit\u00e1nico (Met Office), tiene su centro situado al norte de las Islas Brit\u00e1nicas e ir\u00e1 desplaz\u00e1ndose hacia el sur durante este domingo, y hacia el este ma\u00f1ana lunes, a medida que va perdiendo intensidad. A partir de hoy, y durante los primeros d\u00edas de la","og:url":"https:\/\/candas365.es\/noticias\/bella-mal-tiempo-y-destrozos\/","og:image":"https:\/\/candas365.es\/noticias\/wp-content\/uploads\/2020\/12\/olas-Asturias.jpg","og:image:secure_url":"https:\/\/candas365.es\/noticias\/wp-content\/uploads\/2020\/12\/olas-Asturias.jpg","og:image:width":725,"og:image:height":477,"article:published_time":"2020-12-27T23:29:25+00:00","article:modified_time":"2020-12-27T23:29:25+00:00","article:publisher":"https:\/\/www.facebook.com\/Nachofdezber","article:author":"https:\/\/www.facebook.com\/carrenoactualidad","twitter:card":"summary_large_image","twitter:site":"@NabercoDigital","twitter:title":"Bella, mal tiempo y destrozos | Cand\u00e1s 365","twitter:description":"(EP) - La borrasca nombrada 'Bella' por el servicio meteorol\u00f3gico brit\u00e1nico (Met Office), tiene su centro situado al norte de las Islas Brit\u00e1nicas e ir\u00e1 desplaz\u00e1ndose hacia el sur durante este domingo, y hacia el este ma\u00f1ana lunes, a medida que va perdiendo intensidad. A partir de hoy, y durante los primeros d\u00edas de la","twitter:creator":"@nbasturias","twitter:image":"https:\/\/candas365.es\/noticias\/wp-content\/uploads\/2020\/12\/olas-Asturias.jpg","twitter:label1":"Escrito por","twitter:data1":"Cand\u00e1s 365","twitter:label2":"Tiempo de lectura estimado","twitter:data2":"3 minutos"},"aioseo_meta_data":{"post_id":"150564","title":null,"description":null,"keywords":null,"keyphrases":null,"primary_term":null,"canonical_url":null,"og_title":null,"og_description":null,"og_object_type":"default","og_image_type":"default","og_image_url":null,"og_image_width":null,"og_image_height":null,"og_image_custom_url":null,"og_image_custom_fields":null,"og_video":null,"og_custom_url":null,"og_article_section":null,"og_article_tags":null,"twitter_use_og":false,"twitter_card":"default","twitter_image_type":"default","twitter_image_url":null,"twitter_image_custom_url":null,"twitter_image_custom_fields":null,"twitter_title":null,"twitter_description":null,"schema":{"blockGraphs":[],"customGraphs":[],"default":{"data":{"Article":[],"Course":[],"Dataset":[],"FAQPage":[],"Movie":[],"Person":[],"Product":[],"ProductReview":[],"Car":[],"Recipe":[],"Service":[],"SoftwareApplication":[],"WebPage":[]},"graphName":"","isEnabled":true},"graphs":[],"defaultGraph":"","defaultPostTypeGraph":""},"schema_type":null,"schema_type_options":null,"pillar_content":false,"robots_default":true,"robots_noindex":false,"robots_noarchive":false,"robots_nosnippet":false,"robots_nofollow":false,"robots_noimageindex":false,"robots_noodp":false,"robots_notranslate":false,"robots_max_snippet":null,"robots_max_videopreview":null,"robots_max_imagepreview":"large","priority":null,"frequency":null,"location":null,"local_seo":null,"seo_analyzer_scan_date":"2025-08-31 16:09:11","breadcrumb_settings":null,"limit_modified_date":false,"reviewed_by":null,"open_ai":null,"ai":null,"created":"2021-01-27 20:32:28","updated":"2025-08-31 16:09:11"},"aioseo_breadcrumb":"<div class=\"aioseo-breadcrumbs\"><span class=\"aioseo-breadcrumb\">\n\t<a href=\"https:\/\/candas365.es\/noticias\" title=\"Home\">Home<\/a>\n<\/span><span class=\"aioseo-breadcrumb-separator\">&ndash;<\/span><span class=\"aioseo-breadcrumb\">\n\t<a href=\"https:\/\/candas365.es\/noticias\/category\/el-tiempo\/\" title=\"El tiempo\">El tiempo<\/a>\n<\/span><span class=\"aioseo-breadcrumb-separator\">&ndash;<\/span><span class=\"aioseo-breadcrumb\">\n\tBella, mal tiempo y destrozos\n<\/span><\/div>","aioseo_breadcrumb_json":[{"label":"Home","link":"https:\/\/candas365.es\/noticias"},{"label":"El tiempo","link":"https:\/\/candas365.es\/noticias\/category\/el-tiempo\/"},{"label":"Bella, mal tiempo y destrozos","link":"https:\/\/candas365.es\/noticias\/bella-mal-tiempo-y-destrozos\/"}],"_links":{"self":[{"href":"https:\/\/candas365.es\/noticias\/wp-json\/wp\/v2\/posts\/150564","targetHints":{"allow":["GET"]}}],"collection":[{"href":"https:\/\/candas365.es\/noticias\/wp-json\/wp\/v2\/posts"}],"about":[{"href":"https:\/\/candas365.es\/noticias\/wp-json\/wp\/v2\/types\/post"}],"author":[{"embeddable":true,"href":"https:\/\/candas365.es\/noticias\/wp-json\/wp\/v2\/users\/1"}],"replies":[{"embeddable":true,"href":"https:\/\/candas365.es\/noticias\/wp-json\/wp\/v2\/comments?post=150564"}],"version-history":[{"count":0,"href":"https:\/\/candas365.es\/noticias\/wp-json\/wp\/v2\/posts\/150564\/revisions"}],"wp:featuredmedia":[{"embeddable":true,"href":"https:\/\/candas365.es\/noticias\/wp-json\/wp\/v2\/media\/150501"}],"wp:attachment":[{"href":"https:\/\/candas365.es\/noticias\/wp-json\/wp\/v2\/media?parent=150564"}],"wp:term":[{"taxonomy":"category","embeddable":true,"href":"https:\/\/candas365.es\/noticias\/wp-json\/wp\/v2\/categories?post=150564"},{"taxonomy":"post_tag","embeddable":true,"href":"https:\/\/candas365.es\/noticias\/wp-json\/wp\/v2\/tags?post=150564"}],"curies":[{"name":"wp","href":"https:\/\/api.w.org\/{rel}","templated":true}]}}