{"id":150538,"date":"2020-12-27T11:09:59","date_gmt":"2020-12-27T11:09:59","guid":{"rendered":"http:\/\/candas365.es\/noticias\/?p=150538"},"modified":"2020-12-27T11:09:59","modified_gmt":"2020-12-27T11:09:59","slug":"los-nuevos-auriculares-inalambricos-de-apple","status":"publish","type":"post","link":"https:\/\/candas365.es\/noticias\/los-nuevos-auriculares-inalambricos-de-apple\/","title":{"rendered":"Los nuevos auriculares inal\u00e1mbricos de Apple"},"content":{"rendered":"<figure id=\"attachment_150539\" aria-describedby=\"caption-attachment-150539\" style=\"width: 360px\" class=\"wp-caption alignleft\"><img fetchpriority=\"high\" decoding=\"async\" class=\"size-medium wp-image-150539\" src=\"https:\/\/candas365.es\/noticias\/wp-content\/uploads\/2020\/12\/Apple-1-360x242.jpg\" alt=\"AirPods Max\" width=\"360\" height=\"242\" srcset=\"https:\/\/candas365.es\/noticias\/wp-content\/uploads\/2020\/12\/Apple-1-360x242.jpg 360w, https:\/\/candas365.es\/noticias\/wp-content\/uploads\/2020\/12\/Apple-1-650x438.jpg 650w, https:\/\/candas365.es\/noticias\/wp-content\/uploads\/2020\/12\/Apple-1-768x517.jpg 768w, https:\/\/candas365.es\/noticias\/wp-content\/uploads\/2020\/12\/Apple-1.jpg 977w\" sizes=\"(max-width: 360px) 100vw, 360px\" \/><figcaption id=\"caption-attachment-150539\" class=\"wp-caption-text\">Foto: Apple Inc.\/dpa<\/figcaption><\/figure>\n<p>(dpa) &#8211; Hasta ahora, los auriculares de Apple se colgaban o introduc\u00edan en los o\u00eddos. Ahora,<strong> el fabricante ha ampliado su serie de AirPods con unos nuevos auriculares inal\u00e1mbricos de diadema<\/strong>.<\/p>\n<p>El nuevo modelo se llama AirPods Max y cuenta con cancelaci\u00f3n activa de ruido y optimizaci\u00f3n de sonido digital. Si no se tienen en cuenta los modelos de su filial Beats, se trata de los primeros auriculares de diadema de Apple.<\/p>\n<p><strong>Cada casco incorpora un chip de audio H1 y varios micr\u00f3fonos<\/strong> que, entre otras cosas, miden constantemente la se\u00f1al de la m\u00fasica para ajustar en tiempo real las frecuencias bajas y medias al pabell\u00f3n auditivo (Adaptiver EQ).<\/p>\n<p>Los chips y micr\u00f3fonos son responsables de la funci\u00f3n de cancelaci\u00f3n de ruido (ANC), implementan el modo de transparencia para escuchar la m\u00fasica y el ruido ambiental al mismo tiempo y ofrecen una experiencia de sonido 3D, una reproducci\u00f3n de audio tridimensional que var\u00eda seg\u00fan c\u00f3mo se mueva la cabeza o el dispositivo conectado.<\/p>\n<p>El volumen, <strong>la reproducci\u00f3n de m\u00fasica y las llamadas se controlan a trav\u00e9s de una peque\u00f1a perilla (Digital Crown) montada en uno los cascos<\/strong>, que, seg\u00fan el fabricante, se tom\u00f3 prestada del Apple Watch.<\/p>\n<p>El dispositivo cuenta con sensores que hacen que la m\u00fasica se detenga cuando se retira el Max y se reanude apenas vuelve este a colocarse en posici\u00f3n.<\/p>\n<p>Adem\u00e1s, los auriculares pueden cambiar autom\u00e1ticamente entre los dispositivos de Apple, por ejemplo, si se est\u00e1 escuchando m\u00fasica en el MacBook y se responde al mismo tiempo a una llamada en el iPhone.<\/p>\n<p>Apple promete m\u00e1xima comodidad con un tejido de malla permeable al aire en la diadema que une los cascos de los AirPods Max. Para minimizar la desagradable presi\u00f3n sobre las orejas, las almohadillas est\u00e1n dise\u00f1adas de manera que se adaptan a los contornos de las orejas del portador (Memory Foam). Adem\u00e1s, los cascos se pueden ajustar por separado.<\/p>\n<p><strong>Apple afirma que la bater\u00eda tiene una duraci\u00f3n de hasta 20 horas,<\/strong> incluso con las funciones ANC o 3D activadas. Cuando se insertan en el estuche protector incluido (Smart Case), los auriculares pasan autom\u00e1ticamente al modo de espera.<\/p>\n","protected":false},"excerpt":{"rendered":"<p>(dpa) &#8211; Hasta ahora, los auriculares de Apple se colgaban o introduc\u00edan en los o\u00eddos. Ahora, el fabricante ha ampliado su serie de AirPods con unos nuevos auriculares inal\u00e1mbricos de diadema. El nuevo modelo se llama AirPods Max y cuenta con cancelaci\u00f3n activa de ruido y optimizaci\u00f3n de sonido digital. Si no se tienen en<\/p>\n","protected":false},"author":1,"featured_media":150539,"comment_status":"closed","ping_status":"closed","sticky":false,"template":"","format":"standard","meta":{"footnotes":""},"categories":[142],"tags":[],"class_list":{"0":"post-150538","1":"post","2":"type-post","3":"status-publish","4":"format-standard","5":"has-post-thumbnail","7":"category-revista"},"aioseo_notices":[],"aioseo_head":"\n\t\t<!-- All in One SEO Pro 4.9.6.2 - aioseo.com -->\n\t<meta name=\"description\" content=\"(dpa) - Hasta ahora, los auriculares de Apple se colgaban o introduc\u00edan en los o\u00eddos. Ahora, el fabricante ha ampliado su serie de AirPods con unos nuevos auriculares inal\u00e1mbricos de diadema. El nuevo modelo se llama AirPods Max y cuenta con cancelaci\u00f3n activa de ruido y optimizaci\u00f3n de sonido digital. Si no se tienen en\" \/>\n\t<meta name=\"robots\" content=\"max-image-preview:large\" \/>\n\t<meta name=\"author\" content=\"Cand\u00e1s 365\"\/>\n\t<meta name=\"google-site-verification\" content=\"UA-32230408-1\" \/>\n\t<meta name=\"msvalidate.01\" content=\"354F3CDFB2DA171B47FBE9ABF1F88D5\" \/>\n\t<meta name=\"keywords\" content=\"revista\" \/>\n\t<link rel=\"canonical\" href=\"https:\/\/candas365.es\/noticias\/los-nuevos-auriculares-inalambricos-de-apple\/\" \/>\n\t<meta name=\"generator\" content=\"All in One SEO Pro (AIOSEO) 4.9.6.2\" \/>\n\t\t<meta property=\"og:locale\" content=\"es_ES\" \/>\n\t\t<meta property=\"og:site_name\" content=\"Cand\u00e1s 365\" \/>\n\t\t<meta property=\"og:type\" content=\"article\" \/>\n\t\t<meta property=\"og:title\" content=\"Los nuevos auriculares inal\u00e1mbricos de Apple | Cand\u00e1s 365\" \/>\n\t\t<meta property=\"og:description\" content=\"(dpa) - Hasta ahora, los auriculares de Apple se colgaban o introduc\u00edan en los o\u00eddos. Ahora, el fabricante ha ampliado su serie de AirPods con unos nuevos auriculares inal\u00e1mbricos de diadema. El nuevo modelo se llama AirPods Max y cuenta con cancelaci\u00f3n activa de ruido y optimizaci\u00f3n de sonido digital. Si no se tienen en\" \/>\n\t\t<meta property=\"og:url\" content=\"https:\/\/candas365.es\/noticias\/los-nuevos-auriculares-inalambricos-de-apple\/\" \/>\n\t\t<meta property=\"og:image\" content=\"https:\/\/candas365.es\/noticias\/wp-content\/uploads\/2020\/12\/Apple-1.jpg\" \/>\n\t\t<meta property=\"og:image:secure_url\" content=\"https:\/\/candas365.es\/noticias\/wp-content\/uploads\/2020\/12\/Apple-1.jpg\" \/>\n\t\t<meta property=\"og:image:width\" content=\"977\" \/>\n\t\t<meta property=\"og:image:height\" content=\"658\" \/>\n\t\t<meta property=\"article:published_time\" content=\"2020-12-27T11:09:59+00:00\" \/>\n\t\t<meta property=\"article:modified_time\" content=\"2020-12-27T11:09:59+00:00\" \/>\n\t\t<meta property=\"article:publisher\" content=\"https:\/\/www.facebook.com\/Nachofdezber\" \/>\n\t\t<meta property=\"article:author\" content=\"https:\/\/www.facebook.com\/carrenoactualidad\" \/>\n\t\t<meta name=\"twitter:card\" content=\"summary_large_image\" \/>\n\t\t<meta name=\"twitter:site\" content=\"@NabercoDigital\" \/>\n\t\t<meta name=\"twitter:title\" content=\"Los nuevos auriculares inal\u00e1mbricos de Apple | Cand\u00e1s 365\" \/>\n\t\t<meta name=\"twitter:description\" content=\"(dpa) - Hasta ahora, los auriculares de Apple se colgaban o introduc\u00edan en los o\u00eddos. Ahora, el fabricante ha ampliado su serie de AirPods con unos nuevos auriculares inal\u00e1mbricos de diadema. El nuevo modelo se llama AirPods Max y cuenta con cancelaci\u00f3n activa de ruido y optimizaci\u00f3n de sonido digital. Si no se tienen en\" \/>\n\t\t<meta name=\"twitter:creator\" content=\"@nbasturias\" \/>\n\t\t<meta name=\"twitter:image\" content=\"https:\/\/candas365.es\/noticias\/wp-content\/uploads\/2020\/12\/Apple-1.jpg\" \/>\n\t\t<meta name=\"twitter:label1\" content=\"Escrito por\" \/>\n\t\t<meta name=\"twitter:data1\" content=\"Cand\u00e1s 365\" \/>\n\t\t<meta name=\"twitter:label2\" content=\"Tiempo de lectura estimado\" \/>\n\t\t<meta name=\"twitter:data2\" content=\"2 minutos\" \/>\n\t\t<script type=\"application\/ld+json\" class=\"aioseo-schema\">\n\t\t\t{\"@context\":\"https:\\\/\\\/schema.org\",\"@graph\":[{\"@type\":\"BreadcrumbList\",\"@id\":\"https:\\\/\\\/candas365.es\\\/noticias\\\/los-nuevos-auriculares-inalambricos-de-apple\\\/#breadcrumblist\",\"itemListElement\":[{\"@type\":\"ListItem\",\"@id\":\"https:\\\/\\\/candas365.es\\\/noticias#listItem\",\"position\":1,\"name\":\"Home\",\"item\":\"https:\\\/\\\/candas365.es\\\/noticias\",\"nextItem\":{\"@type\":\"ListItem\",\"@id\":\"https:\\\/\\\/candas365.es\\\/noticias\\\/category\\\/revista\\\/#listItem\",\"name\":\"Revista\"}},{\"@type\":\"ListItem\",\"@id\":\"https:\\\/\\\/candas365.es\\\/noticias\\\/category\\\/revista\\\/#listItem\",\"position\":2,\"name\":\"Revista\",\"item\":\"https:\\\/\\\/candas365.es\\\/noticias\\\/category\\\/revista\\\/\",\"nextItem\":{\"@type\":\"ListItem\",\"@id\":\"https:\\\/\\\/candas365.es\\\/noticias\\\/los-nuevos-auriculares-inalambricos-de-apple\\\/#listItem\",\"name\":\"Los nuevos auriculares inal\\u00e1mbricos de Apple\"},\"previousItem\":{\"@type\":\"ListItem\",\"@id\":\"https:\\\/\\\/candas365.es\\\/noticias#listItem\",\"name\":\"Home\"}},{\"@type\":\"ListItem\",\"@id\":\"https:\\\/\\\/candas365.es\\\/noticias\\\/los-nuevos-auriculares-inalambricos-de-apple\\\/#listItem\",\"position\":3,\"name\":\"Los nuevos auriculares inal\\u00e1mbricos de Apple\",\"previousItem\":{\"@type\":\"ListItem\",\"@id\":\"https:\\\/\\\/candas365.es\\\/noticias\\\/category\\\/revista\\\/#listItem\",\"name\":\"Revista\"}}]},{\"@type\":\"NewsArticle\",\"@id\":\"https:\\\/\\\/candas365.es\\\/noticias\\\/los-nuevos-auriculares-inalambricos-de-apple\\\/#newsarticle\",\"name\":\"Los nuevos auriculares inal\\u00e1mbricos de Apple | Cand\\u00e1s 365\",\"headline\":\"Los nuevos auriculares inal\\u00e1mbricos de Apple\",\"author\":{\"@id\":\"https:\\\/\\\/candas365.es\\\/noticias\\\/author\\\/admin\\\/#author\"},\"publisher\":{\"@id\":\"https:\\\/\\\/candas365.es\\\/noticias\\\/#organization\"},\"image\":{\"@type\":\"ImageObject\",\"url\":\"https:\\\/\\\/candas365.es\\\/noticias\\\/wp-content\\\/uploads\\\/2020\\\/12\\\/Apple-1.jpg\",\"width\":977,\"height\":658,\"caption\":\"Foto: Apple Inc.\\\/dpa\"},\"datePublished\":\"2020-12-27T11:09:59+01:00\",\"dateModified\":\"2020-12-27T11:09:59+01:00\",\"inLanguage\":\"es-ES\",\"mainEntityOfPage\":{\"@id\":\"https:\\\/\\\/candas365.es\\\/noticias\\\/los-nuevos-auriculares-inalambricos-de-apple\\\/#webpage\"},\"isPartOf\":{\"@id\":\"https:\\\/\\\/candas365.es\\\/noticias\\\/los-nuevos-auriculares-inalambricos-de-apple\\\/#webpage\"},\"articleSection\":\"Revista\",\"dateline\":\"Publicado el diciembre 27, 2020.\"},{\"@type\":\"Organization\",\"@id\":\"https:\\\/\\\/candas365.es\\\/noticias\\\/#organization\",\"name\":\"Cand\\u00e1s 365\",\"description\":\"Cand\\u00e1s 365 es un diario digital independiente, fundado en 2012, con base en Asturias. Informamos con rigor sobre actualidad, sociedad, cultura y ocio, con una mirada local y global.\",\"url\":\"https:\\\/\\\/candas365.es\\\/noticias\\\/\",\"email\":\"info@candas365.es\",\"telephone\":\"+34652131393\",\"foundingDate\":\"2012-06-10\",\"logo\":{\"@type\":\"ImageObject\",\"url\":\"https:\\\/\\\/candas365.es\\\/noticias\\\/wp-content\\\/uploads\\\/2024\\\/09\\\/Candas-365-Redes.jpg\",\"@id\":\"https:\\\/\\\/candas365.es\\\/noticias\\\/los-nuevos-auriculares-inalambricos-de-apple\\\/#organizationLogo\",\"width\":1152,\"height\":864,\"caption\":\"Cand\\u00e1s 365 Redes\"},\"image\":{\"@id\":\"https:\\\/\\\/candas365.es\\\/noticias\\\/los-nuevos-auriculares-inalambricos-de-apple\\\/#organizationLogo\"},\"sameAs\":[\"https:\\\/\\\/www.facebook.com\\\/Nachofdezber\",\"https:\\\/\\\/x.com\\\/NabercoDigital\",\"https:\\\/\\\/www.instagram.com\\\/nachofdezber\\\/\",\"https:\\\/\\\/www.youtube.com\\\/channel\\\/UCZP-2wLEB9Rv6erhFmqVnvg\"],\"address\":{\"@id\":\"https:\\\/\\\/candas365.es\\\/noticias\\\/#postaladdress\",\"@type\":\"PostalAddress\",\"streetAddress\":\"san antonio 4, san antonio 4\",\"postalCode\":\"33430\",\"addressLocality\":\"Cand\\u00e1s\",\"addressRegion\":\"Asturias\",\"addressCountry\":\"ES\"}},{\"@type\":\"Person\",\"@id\":\"https:\\\/\\\/candas365.es\\\/noticias\\\/author\\\/admin\\\/#author\",\"url\":\"https:\\\/\\\/candas365.es\\\/noticias\\\/author\\\/admin\\\/\",\"name\":\"Cand\\u00e1s 365\",\"image\":{\"@type\":\"ImageObject\",\"@id\":\"https:\\\/\\\/candas365.es\\\/noticias\\\/los-nuevos-auriculares-inalambricos-de-apple\\\/#authorImage\",\"url\":\"https:\\\/\\\/secure.gravatar.com\\\/avatar\\\/496a8e03d0c493ede1718b7934145dbdf8d89be1036b0eec9544e1094c9de390?s=96&d=mm&r=g\",\"width\":96,\"height\":96,\"caption\":\"Cand\\u00e1s 365\"},\"sameAs\":[\"https:\\\/\\\/www.facebook.com\\\/carrenoactualidad\",\"https:\\\/\\\/twitter.com\\\/nbasturias\",\"https:\\\/\\\/www.instagram.com\\\/nachofdezber\\\/\",\"https:\\\/\\\/www.youtube.com\\\/channel\\\/UCZP-2wLEB9Rv6erhFmqVnvg\"]},{\"@type\":\"WebPage\",\"@id\":\"https:\\\/\\\/candas365.es\\\/noticias\\\/los-nuevos-auriculares-inalambricos-de-apple\\\/#webpage\",\"url\":\"https:\\\/\\\/candas365.es\\\/noticias\\\/los-nuevos-auriculares-inalambricos-de-apple\\\/\",\"name\":\"Los nuevos auriculares inal\\u00e1mbricos de Apple | Cand\\u00e1s 365\",\"description\":\"(dpa) - Hasta ahora, los auriculares de Apple se colgaban o introduc\\u00edan en los o\\u00eddos. Ahora, el fabricante ha ampliado su serie de AirPods con unos nuevos auriculares inal\\u00e1mbricos de diadema. El nuevo modelo se llama AirPods Max y cuenta con cancelaci\\u00f3n activa de ruido y optimizaci\\u00f3n de sonido digital. Si no se tienen en\",\"inLanguage\":\"es-ES\",\"isPartOf\":{\"@id\":\"https:\\\/\\\/candas365.es\\\/noticias\\\/#website\"},\"breadcrumb\":{\"@id\":\"https:\\\/\\\/candas365.es\\\/noticias\\\/los-nuevos-auriculares-inalambricos-de-apple\\\/#breadcrumblist\"},\"author\":{\"@id\":\"https:\\\/\\\/candas365.es\\\/noticias\\\/author\\\/admin\\\/#author\"},\"creator\":{\"@id\":\"https:\\\/\\\/candas365.es\\\/noticias\\\/author\\\/admin\\\/#author\"},\"image\":{\"@type\":\"ImageObject\",\"url\":\"https:\\\/\\\/candas365.es\\\/noticias\\\/wp-content\\\/uploads\\\/2020\\\/12\\\/Apple-1.jpg\",\"@id\":\"https:\\\/\\\/candas365.es\\\/noticias\\\/los-nuevos-auriculares-inalambricos-de-apple\\\/#mainImage\",\"width\":977,\"height\":658,\"caption\":\"Foto: Apple Inc.\\\/dpa\"},\"primaryImageOfPage\":{\"@id\":\"https:\\\/\\\/candas365.es\\\/noticias\\\/los-nuevos-auriculares-inalambricos-de-apple\\\/#mainImage\"},\"datePublished\":\"2020-12-27T11:09:59+01:00\",\"dateModified\":\"2020-12-27T11:09:59+01:00\"},{\"@type\":\"WebSite\",\"@id\":\"https:\\\/\\\/candas365.es\\\/noticias\\\/#website\",\"url\":\"https:\\\/\\\/candas365.es\\\/noticias\\\/\",\"name\":\"Cand\\u00e1s 365\",\"alternateName\":\"Cand\\u00e1s 365 Noticias\",\"description\":\"Actualidad desde Carre\\u00f1o para el mundo\",\"inLanguage\":\"es-ES\",\"publisher\":{\"@id\":\"https:\\\/\\\/candas365.es\\\/noticias\\\/#organization\"}}]}\n\t\t<\/script>\n\t\t<!-- All in One SEO Pro -->\r\n\t\t<title>Los nuevos auriculares inal\u00e1mbricos de Apple | Cand\u00e1s 365<\/title>\n\n","aioseo_head_json":{"title":"Los nuevos auriculares inal\u00e1mbricos de Apple | Cand\u00e1s 365","description":"(dpa) - Hasta ahora, los auriculares de Apple se colgaban o introduc\u00edan en los o\u00eddos. Ahora, el fabricante ha ampliado su serie de AirPods con unos nuevos auriculares inal\u00e1mbricos de diadema. El nuevo modelo se llama AirPods Max y cuenta con cancelaci\u00f3n activa de ruido y optimizaci\u00f3n de sonido digital. Si no se tienen en","canonical_url":"https:\/\/candas365.es\/noticias\/los-nuevos-auriculares-inalambricos-de-apple\/","robots":"max-image-preview:large","keywords":"revista","webmasterTools":{"google-site-verification":"UA-32230408-1","msvalidate.01":"354F3CDFB2DA171B47FBE9ABF1F88D5","miscellaneous":""},"schema":{"@context":"https:\/\/schema.org","@graph":[{"@type":"BreadcrumbList","@id":"https:\/\/candas365.es\/noticias\/los-nuevos-auriculares-inalambricos-de-apple\/#breadcrumblist","itemListElement":[{"@type":"ListItem","@id":"https:\/\/candas365.es\/noticias#listItem","position":1,"name":"Home","item":"https:\/\/candas365.es\/noticias","nextItem":{"@type":"ListItem","@id":"https:\/\/candas365.es\/noticias\/category\/revista\/#listItem","name":"Revista"}},{"@type":"ListItem","@id":"https:\/\/candas365.es\/noticias\/category\/revista\/#listItem","position":2,"name":"Revista","item":"https:\/\/candas365.es\/noticias\/category\/revista\/","nextItem":{"@type":"ListItem","@id":"https:\/\/candas365.es\/noticias\/los-nuevos-auriculares-inalambricos-de-apple\/#listItem","name":"Los nuevos auriculares inal\u00e1mbricos de Apple"},"previousItem":{"@type":"ListItem","@id":"https:\/\/candas365.es\/noticias#listItem","name":"Home"}},{"@type":"ListItem","@id":"https:\/\/candas365.es\/noticias\/los-nuevos-auriculares-inalambricos-de-apple\/#listItem","position":3,"name":"Los nuevos auriculares inal\u00e1mbricos de Apple","previousItem":{"@type":"ListItem","@id":"https:\/\/candas365.es\/noticias\/category\/revista\/#listItem","name":"Revista"}}]},{"@type":"NewsArticle","@id":"https:\/\/candas365.es\/noticias\/los-nuevos-auriculares-inalambricos-de-apple\/#newsarticle","name":"Los nuevos auriculares inal\u00e1mbricos de Apple | Cand\u00e1s 365","headline":"Los nuevos auriculares inal\u00e1mbricos de Apple","author":{"@id":"https:\/\/candas365.es\/noticias\/author\/admin\/#author"},"publisher":{"@id":"https:\/\/candas365.es\/noticias\/#organization"},"image":{"@type":"ImageObject","url":"https:\/\/candas365.es\/noticias\/wp-content\/uploads\/2020\/12\/Apple-1.jpg","width":977,"height":658,"caption":"Foto: Apple Inc.\/dpa"},"datePublished":"2020-12-27T11:09:59+01:00","dateModified":"2020-12-27T11:09:59+01:00","inLanguage":"es-ES","mainEntityOfPage":{"@id":"https:\/\/candas365.es\/noticias\/los-nuevos-auriculares-inalambricos-de-apple\/#webpage"},"isPartOf":{"@id":"https:\/\/candas365.es\/noticias\/los-nuevos-auriculares-inalambricos-de-apple\/#webpage"},"articleSection":"Revista","dateline":"Publicado el diciembre 27, 2020."},{"@type":"Organization","@id":"https:\/\/candas365.es\/noticias\/#organization","name":"Cand\u00e1s 365","description":"Cand\u00e1s 365 es un diario digital independiente, fundado en 2012, con base en Asturias. Informamos con rigor sobre actualidad, sociedad, cultura y ocio, con una mirada local y global.","url":"https:\/\/candas365.es\/noticias\/","email":"info@candas365.es","telephone":"+34652131393","foundingDate":"2012-06-10","logo":{"@type":"ImageObject","url":"https:\/\/candas365.es\/noticias\/wp-content\/uploads\/2024\/09\/Candas-365-Redes.jpg","@id":"https:\/\/candas365.es\/noticias\/los-nuevos-auriculares-inalambricos-de-apple\/#organizationLogo","width":1152,"height":864,"caption":"Cand\u00e1s 365 Redes"},"image":{"@id":"https:\/\/candas365.es\/noticias\/los-nuevos-auriculares-inalambricos-de-apple\/#organizationLogo"},"sameAs":["https:\/\/www.facebook.com\/Nachofdezber","https:\/\/x.com\/NabercoDigital","https:\/\/www.instagram.com\/nachofdezber\/","https:\/\/www.youtube.com\/channel\/UCZP-2wLEB9Rv6erhFmqVnvg"],"address":{"@id":"https:\/\/candas365.es\/noticias\/#postaladdress","@type":"PostalAddress","streetAddress":"san antonio 4, san antonio 4","postalCode":"33430","addressLocality":"Cand\u00e1s","addressRegion":"Asturias","addressCountry":"ES"}},{"@type":"Person","@id":"https:\/\/candas365.es\/noticias\/author\/admin\/#author","url":"https:\/\/candas365.es\/noticias\/author\/admin\/","name":"Cand\u00e1s 365","image":{"@type":"ImageObject","@id":"https:\/\/candas365.es\/noticias\/los-nuevos-auriculares-inalambricos-de-apple\/#authorImage","url":"https:\/\/secure.gravatar.com\/avatar\/496a8e03d0c493ede1718b7934145dbdf8d89be1036b0eec9544e1094c9de390?s=96&d=mm&r=g","width":96,"height":96,"caption":"Cand\u00e1s 365"},"sameAs":["https:\/\/www.facebook.com\/carrenoactualidad","https:\/\/twitter.com\/nbasturias","https:\/\/www.instagram.com\/nachofdezber\/","https:\/\/www.youtube.com\/channel\/UCZP-2wLEB9Rv6erhFmqVnvg"]},{"@type":"WebPage","@id":"https:\/\/candas365.es\/noticias\/los-nuevos-auriculares-inalambricos-de-apple\/#webpage","url":"https:\/\/candas365.es\/noticias\/los-nuevos-auriculares-inalambricos-de-apple\/","name":"Los nuevos auriculares inal\u00e1mbricos de Apple | Cand\u00e1s 365","description":"(dpa) - Hasta ahora, los auriculares de Apple se colgaban o introduc\u00edan en los o\u00eddos. Ahora, el fabricante ha ampliado su serie de AirPods con unos nuevos auriculares inal\u00e1mbricos de diadema. El nuevo modelo se llama AirPods Max y cuenta con cancelaci\u00f3n activa de ruido y optimizaci\u00f3n de sonido digital. Si no se tienen en","inLanguage":"es-ES","isPartOf":{"@id":"https:\/\/candas365.es\/noticias\/#website"},"breadcrumb":{"@id":"https:\/\/candas365.es\/noticias\/los-nuevos-auriculares-inalambricos-de-apple\/#breadcrumblist"},"author":{"@id":"https:\/\/candas365.es\/noticias\/author\/admin\/#author"},"creator":{"@id":"https:\/\/candas365.es\/noticias\/author\/admin\/#author"},"image":{"@type":"ImageObject","url":"https:\/\/candas365.es\/noticias\/wp-content\/uploads\/2020\/12\/Apple-1.jpg","@id":"https:\/\/candas365.es\/noticias\/los-nuevos-auriculares-inalambricos-de-apple\/#mainImage","width":977,"height":658,"caption":"Foto: Apple Inc.\/dpa"},"primaryImageOfPage":{"@id":"https:\/\/candas365.es\/noticias\/los-nuevos-auriculares-inalambricos-de-apple\/#mainImage"},"datePublished":"2020-12-27T11:09:59+01:00","dateModified":"2020-12-27T11:09:59+01:00"},{"@type":"WebSite","@id":"https:\/\/candas365.es\/noticias\/#website","url":"https:\/\/candas365.es\/noticias\/","name":"Cand\u00e1s 365","alternateName":"Cand\u00e1s 365 Noticias","description":"Actualidad desde Carre\u00f1o para el mundo","inLanguage":"es-ES","publisher":{"@id":"https:\/\/candas365.es\/noticias\/#organization"}}]},"og:locale":"es_ES","og:site_name":"Cand\u00e1s 365","og:type":"article","og:title":"Los nuevos auriculares inal\u00e1mbricos de Apple | Cand\u00e1s 365","og:description":"(dpa) - Hasta ahora, los auriculares de Apple se colgaban o introduc\u00edan en los o\u00eddos. Ahora, el fabricante ha ampliado su serie de AirPods con unos nuevos auriculares inal\u00e1mbricos de diadema. El nuevo modelo se llama AirPods Max y cuenta con cancelaci\u00f3n activa de ruido y optimizaci\u00f3n de sonido digital. Si no se tienen en","og:url":"https:\/\/candas365.es\/noticias\/los-nuevos-auriculares-inalambricos-de-apple\/","og:image":"https:\/\/candas365.es\/noticias\/wp-content\/uploads\/2020\/12\/Apple-1.jpg","og:image:secure_url":"https:\/\/candas365.es\/noticias\/wp-content\/uploads\/2020\/12\/Apple-1.jpg","og:image:width":977,"og:image:height":658,"article:published_time":"2020-12-27T11:09:59+00:00","article:modified_time":"2020-12-27T11:09:59+00:00","article:publisher":"https:\/\/www.facebook.com\/Nachofdezber","article:author":"https:\/\/www.facebook.com\/carrenoactualidad","twitter:card":"summary_large_image","twitter:site":"@NabercoDigital","twitter:title":"Los nuevos auriculares inal\u00e1mbricos de Apple | Cand\u00e1s 365","twitter:description":"(dpa) - Hasta ahora, los auriculares de Apple se colgaban o introduc\u00edan en los o\u00eddos. Ahora, el fabricante ha ampliado su serie de AirPods con unos nuevos auriculares inal\u00e1mbricos de diadema. El nuevo modelo se llama AirPods Max y cuenta con cancelaci\u00f3n activa de ruido y optimizaci\u00f3n de sonido digital. Si no se tienen en","twitter:creator":"@nbasturias","twitter:image":"https:\/\/candas365.es\/noticias\/wp-content\/uploads\/2020\/12\/Apple-1.jpg","twitter:label1":"Escrito por","twitter:data1":"Cand\u00e1s 365","twitter:label2":"Tiempo de lectura estimado","twitter:data2":"2 minutos"},"aioseo_meta_data":{"post_id":"150538","title":null,"description":null,"keywords":null,"keyphrases":null,"primary_term":null,"canonical_url":null,"og_title":null,"og_description":null,"og_object_type":"default","og_image_type":"default","og_image_url":null,"og_image_width":null,"og_image_height":null,"og_image_custom_url":null,"og_image_custom_fields":null,"og_video":null,"og_custom_url":null,"og_article_section":null,"og_article_tags":null,"twitter_use_og":false,"twitter_card":"default","twitter_image_type":"default","twitter_image_url":null,"twitter_image_custom_url":null,"twitter_image_custom_fields":null,"twitter_title":null,"twitter_description":null,"schema":{"blockGraphs":[],"customGraphs":[],"default":{"data":{"Article":[],"Course":[],"Dataset":[],"FAQPage":[],"Movie":[],"Person":[],"Product":[],"ProductReview":[],"Car":[],"Recipe":[],"Service":[],"SoftwareApplication":[],"WebPage":[]},"graphName":"","isEnabled":true},"graphs":[],"defaultGraph":"","defaultPostTypeGraph":""},"schema_type":null,"schema_type_options":null,"pillar_content":false,"robots_default":true,"robots_noindex":false,"robots_noarchive":false,"robots_nosnippet":false,"robots_nofollow":false,"robots_noimageindex":false,"robots_noodp":false,"robots_notranslate":false,"robots_max_snippet":null,"robots_max_videopreview":null,"robots_max_imagepreview":"large","priority":null,"frequency":null,"location":null,"local_seo":null,"seo_analyzer_scan_date":"2025-08-31 16:07:12","breadcrumb_settings":null,"limit_modified_date":false,"reviewed_by":null,"open_ai":null,"ai":null,"created":"2021-01-27 22:56:27","updated":"2025-08-31 16:07:12"},"aioseo_breadcrumb":"<div class=\"aioseo-breadcrumbs\"><span class=\"aioseo-breadcrumb\">\n\t<a href=\"https:\/\/candas365.es\/noticias\" title=\"Home\">Home<\/a>\n<\/span><span class=\"aioseo-breadcrumb-separator\">&ndash;<\/span><span class=\"aioseo-breadcrumb\">\n\t<a href=\"https:\/\/candas365.es\/noticias\/category\/revista\/\" title=\"Revista\">Revista<\/a>\n<\/span><span class=\"aioseo-breadcrumb-separator\">&ndash;<\/span><span class=\"aioseo-breadcrumb\">\n\tLos nuevos auriculares inal\u00e1mbricos de Apple\n<\/span><\/div>","aioseo_breadcrumb_json":[{"label":"Home","link":"https:\/\/candas365.es\/noticias"},{"label":"Revista","link":"https:\/\/candas365.es\/noticias\/category\/revista\/"},{"label":"Los nuevos auriculares inal\u00e1mbricos de Apple","link":"https:\/\/candas365.es\/noticias\/los-nuevos-auriculares-inalambricos-de-apple\/"}],"_links":{"self":[{"href":"https:\/\/candas365.es\/noticias\/wp-json\/wp\/v2\/posts\/150538","targetHints":{"allow":["GET"]}}],"collection":[{"href":"https:\/\/candas365.es\/noticias\/wp-json\/wp\/v2\/posts"}],"about":[{"href":"https:\/\/candas365.es\/noticias\/wp-json\/wp\/v2\/types\/post"}],"author":[{"embeddable":true,"href":"https:\/\/candas365.es\/noticias\/wp-json\/wp\/v2\/users\/1"}],"replies":[{"embeddable":true,"href":"https:\/\/candas365.es\/noticias\/wp-json\/wp\/v2\/comments?post=150538"}],"version-history":[{"count":0,"href":"https:\/\/candas365.es\/noticias\/wp-json\/wp\/v2\/posts\/150538\/revisions"}],"wp:featuredmedia":[{"embeddable":true,"href":"https:\/\/candas365.es\/noticias\/wp-json\/wp\/v2\/media\/150539"}],"wp:attachment":[{"href":"https:\/\/candas365.es\/noticias\/wp-json\/wp\/v2\/media?parent=150538"}],"wp:term":[{"taxonomy":"category","embeddable":true,"href":"https:\/\/candas365.es\/noticias\/wp-json\/wp\/v2\/categories?post=150538"},{"taxonomy":"post_tag","embeddable":true,"href":"https:\/\/candas365.es\/noticias\/wp-json\/wp\/v2\/tags?post=150538"}],"curies":[{"name":"wp","href":"https:\/\/api.w.org\/{rel}","templated":true}]}}