{"id":150500,"date":"2020-12-26T22:09:53","date_gmt":"2020-12-26T22:09:53","guid":{"rendered":"http:\/\/candas365.es\/noticias\/?p=150500"},"modified":"2020-12-26T22:09:53","modified_gmt":"2020-12-26T22:09:53","slug":"asturias-en-aviso-rojo","status":"publish","type":"post","link":"https:\/\/candas365.es\/noticias\/asturias-en-aviso-rojo\/","title":{"rendered":"Asturias en \u201caviso rojo\u201d"},"content":{"rendered":"<figure id=\"attachment_150501\" aria-describedby=\"caption-attachment-150501\" style=\"width: 360px\" class=\"wp-caption alignleft\"><img fetchpriority=\"high\" decoding=\"async\" class=\"size-medium wp-image-150501\" src=\"https:\/\/candas365.es\/noticias\/wp-content\/uploads\/2020\/12\/olas-Asturias-360x237.jpg\" alt=\"Olas Asturias\" width=\"360\" height=\"237\" srcset=\"https:\/\/candas365.es\/noticias\/wp-content\/uploads\/2020\/12\/olas-Asturias-360x237.jpg 360w, https:\/\/candas365.es\/noticias\/wp-content\/uploads\/2020\/12\/olas-Asturias-650x428.jpg 650w, https:\/\/candas365.es\/noticias\/wp-content\/uploads\/2020\/12\/olas-Asturias.jpg 725w\" sizes=\"(max-width: 360px) 100vw, 360px\" \/><figcaption id=\"caption-attachment-150501\" class=\"wp-caption-text\">Fuerte oleaje en Tazones, en una imagen de archivo &#8211; DAMI\u00c1N ARIENZA<\/figcaption><\/figure>\n<p>(EP) &#8211; La Agencia Estatal de Meteorolog\u00eda (Aemet) ha emitido para este domingo y el lunes un aviso rojo por fen\u00f3menos costeros y otro naranja por vientos.<\/p>\n<p>Ante esas previsiones, la Consejera de Presidencia del Gobierno asturiano, Rita Camblor, ha activado a las 13.03 horas de este s\u00e1bado s\u00e1bado 26 de diciembre, el Plan Territorial de Protecci\u00f3n Civil del Principado de Asturias (Platerpa) en situaci\u00f3n de Preemergencia.<\/p>\n<p>Seg\u00fan indica la Aemet el aviso rojo por fen\u00f3menos costeros ir\u00e1 desde el domingo, a las 15.00 horas, hasta las 23.59 horas del lunes 28 de diciembre. Afectar\u00e1 a todo el litoral asturiano con mar combinada del noroeste de 8 a 10 metros.<\/p>\n<p>Para el domingo tambi\u00e9n hay un aviso naranja en todo el litoral asturiano, de 12.00 a las 14.59 horas , por viento del suroeste rolando al oeste o noroeste fuerza 8 \u00f3 9 y mar combinada del noroeste de 5 a 6 metros aumentando hasta 7 y 8 metros.<\/p>\n<p>En el caso del viento hay un aviso naranja para la Cordillera y Picos de Europa, para ma\u00f1ana domingo 27 de diciembre, por rachas m\u00e1ximas de viento de 110 kil\u00f3metros, desde las 15 horas, hasta las 2.59 horas del lunes 28 de diciembre. Este aviso naranja tambi\u00e9n se emite para el litoral asturiano, por rachas de 110 kil\u00f3metros, desde las 21 horas del domingo, hasta las 3.59 horas del lunes 28 de diciembre.<\/p>\n","protected":false},"excerpt":{"rendered":"<p>(EP) &#8211; La Agencia Estatal de Meteorolog\u00eda (Aemet) ha emitido para este domingo y el lunes un aviso rojo por fen\u00f3menos costeros y otro naranja por vientos. Ante esas previsiones, la Consejera de Presidencia del Gobierno asturiano, Rita Camblor, ha activado a las 13.03 horas de este s\u00e1bado s\u00e1bado 26 de diciembre, el Plan Territorial<\/p>\n","protected":false},"author":1,"featured_media":150501,"comment_status":"closed","ping_status":"closed","sticky":false,"template":"","format":"standard","meta":{"footnotes":""},"categories":[1],"tags":[],"class_list":{"0":"post-150500","1":"post","2":"type-post","3":"status-publish","4":"format-standard","5":"has-post-thumbnail","7":"category-agenda"},"aioseo_notices":[],"aioseo_head":"\n\t\t<!-- All in One SEO Pro 4.9.6.2 - aioseo.com -->\n\t<meta name=\"description\" content=\"(EP) - La Agencia Estatal de Meteorolog\u00eda (Aemet) ha emitido para este domingo y el lunes un aviso rojo por fen\u00f3menos costeros y otro naranja por vientos. Ante esas previsiones, la Consejera de Presidencia del Gobierno asturiano, Rita Camblor, ha activado a las 13.03 horas de este s\u00e1bado s\u00e1bado 26 de diciembre, el Plan Territorial\" \/>\n\t<meta name=\"robots\" content=\"max-image-preview:large\" \/>\n\t<meta name=\"author\" content=\"Cand\u00e1s 365\"\/>\n\t<meta name=\"google-site-verification\" content=\"UA-32230408-1\" \/>\n\t<meta name=\"msvalidate.01\" content=\"354F3CDFB2DA171B47FBE9ABF1F88D5\" \/>\n\t<meta name=\"keywords\" content=\"agenda\" \/>\n\t<link rel=\"canonical\" href=\"https:\/\/candas365.es\/noticias\/asturias-en-aviso-rojo\/\" \/>\n\t<meta name=\"generator\" content=\"All in One SEO Pro (AIOSEO) 4.9.6.2\" \/>\n\t\t<meta property=\"og:locale\" content=\"es_ES\" \/>\n\t\t<meta property=\"og:site_name\" content=\"Cand\u00e1s 365\" \/>\n\t\t<meta property=\"og:type\" content=\"article\" \/>\n\t\t<meta property=\"og:title\" content=\"Asturias en \u201caviso rojo\u201d | Cand\u00e1s 365\" \/>\n\t\t<meta property=\"og:description\" content=\"(EP) - La Agencia Estatal de Meteorolog\u00eda (Aemet) ha emitido para este domingo y el lunes un aviso rojo por fen\u00f3menos costeros y otro naranja por vientos. Ante esas previsiones, la Consejera de Presidencia del Gobierno asturiano, Rita Camblor, ha activado a las 13.03 horas de este s\u00e1bado s\u00e1bado 26 de diciembre, el Plan Territorial\" \/>\n\t\t<meta property=\"og:url\" content=\"https:\/\/candas365.es\/noticias\/asturias-en-aviso-rojo\/\" \/>\n\t\t<meta property=\"og:image\" content=\"https:\/\/candas365.es\/noticias\/wp-content\/uploads\/2020\/12\/olas-Asturias.jpg\" \/>\n\t\t<meta property=\"og:image:secure_url\" content=\"https:\/\/candas365.es\/noticias\/wp-content\/uploads\/2020\/12\/olas-Asturias.jpg\" \/>\n\t\t<meta property=\"og:image:width\" content=\"725\" \/>\n\t\t<meta property=\"og:image:height\" content=\"477\" \/>\n\t\t<meta property=\"article:published_time\" content=\"2020-12-26T22:09:53+00:00\" \/>\n\t\t<meta property=\"article:modified_time\" content=\"2020-12-26T22:09:53+00:00\" \/>\n\t\t<meta property=\"article:publisher\" content=\"https:\/\/www.facebook.com\/Nachofdezber\" \/>\n\t\t<meta property=\"article:author\" content=\"https:\/\/www.facebook.com\/carrenoactualidad\" \/>\n\t\t<meta name=\"twitter:card\" content=\"summary_large_image\" \/>\n\t\t<meta name=\"twitter:site\" content=\"@NabercoDigital\" \/>\n\t\t<meta name=\"twitter:title\" content=\"Asturias en \u201caviso rojo\u201d | Cand\u00e1s 365\" \/>\n\t\t<meta name=\"twitter:description\" content=\"(EP) - La Agencia Estatal de Meteorolog\u00eda (Aemet) ha emitido para este domingo y el lunes un aviso rojo por fen\u00f3menos costeros y otro naranja por vientos. Ante esas previsiones, la Consejera de Presidencia del Gobierno asturiano, Rita Camblor, ha activado a las 13.03 horas de este s\u00e1bado s\u00e1bado 26 de diciembre, el Plan Territorial\" \/>\n\t\t<meta name=\"twitter:creator\" content=\"@nbasturias\" \/>\n\t\t<meta name=\"twitter:image\" content=\"https:\/\/candas365.es\/noticias\/wp-content\/uploads\/2020\/12\/olas-Asturias.jpg\" \/>\n\t\t<meta name=\"twitter:label1\" content=\"Escrito por\" \/>\n\t\t<meta name=\"twitter:data1\" content=\"Cand\u00e1s 365\" \/>\n\t\t<meta name=\"twitter:label2\" content=\"Tiempo de lectura estimado\" \/>\n\t\t<meta name=\"twitter:data2\" content=\"1 minuto\" \/>\n\t\t<script type=\"application\/ld+json\" class=\"aioseo-schema\">\n\t\t\t{\"@context\":\"https:\\\/\\\/schema.org\",\"@graph\":[{\"@type\":\"BreadcrumbList\",\"@id\":\"https:\\\/\\\/candas365.es\\\/noticias\\\/asturias-en-aviso-rojo\\\/#breadcrumblist\",\"itemListElement\":[{\"@type\":\"ListItem\",\"@id\":\"https:\\\/\\\/candas365.es\\\/noticias#listItem\",\"position\":1,\"name\":\"Home\",\"item\":\"https:\\\/\\\/candas365.es\\\/noticias\",\"nextItem\":{\"@type\":\"ListItem\",\"@id\":\"https:\\\/\\\/candas365.es\\\/noticias\\\/category\\\/agenda\\\/#listItem\",\"name\":\"Agenda\"}},{\"@type\":\"ListItem\",\"@id\":\"https:\\\/\\\/candas365.es\\\/noticias\\\/category\\\/agenda\\\/#listItem\",\"position\":2,\"name\":\"Agenda\",\"item\":\"https:\\\/\\\/candas365.es\\\/noticias\\\/category\\\/agenda\\\/\",\"nextItem\":{\"@type\":\"ListItem\",\"@id\":\"https:\\\/\\\/candas365.es\\\/noticias\\\/asturias-en-aviso-rojo\\\/#listItem\",\"name\":\"Asturias en \\u201caviso rojo\\u201d\"},\"previousItem\":{\"@type\":\"ListItem\",\"@id\":\"https:\\\/\\\/candas365.es\\\/noticias#listItem\",\"name\":\"Home\"}},{\"@type\":\"ListItem\",\"@id\":\"https:\\\/\\\/candas365.es\\\/noticias\\\/asturias-en-aviso-rojo\\\/#listItem\",\"position\":3,\"name\":\"Asturias en \\u201caviso rojo\\u201d\",\"previousItem\":{\"@type\":\"ListItem\",\"@id\":\"https:\\\/\\\/candas365.es\\\/noticias\\\/category\\\/agenda\\\/#listItem\",\"name\":\"Agenda\"}}]},{\"@type\":\"NewsArticle\",\"@id\":\"https:\\\/\\\/candas365.es\\\/noticias\\\/asturias-en-aviso-rojo\\\/#newsarticle\",\"name\":\"Asturias en \\u201caviso rojo\\u201d | Cand\\u00e1s 365\",\"headline\":\"Asturias en \\u201caviso rojo\\u201d\",\"author\":{\"@id\":\"https:\\\/\\\/candas365.es\\\/noticias\\\/author\\\/admin\\\/#author\"},\"publisher\":{\"@id\":\"https:\\\/\\\/candas365.es\\\/noticias\\\/#organization\"},\"image\":{\"@type\":\"ImageObject\",\"url\":\"https:\\\/\\\/candas365.es\\\/noticias\\\/wp-content\\\/uploads\\\/2020\\\/12\\\/olas-Asturias.jpg\",\"width\":725,\"height\":477,\"caption\":\"Fuerte oleaje en Tazones, en una imagen de archivo - DAMI\\u00c1N ARIENZA\"},\"datePublished\":\"2020-12-26T22:09:53+01:00\",\"dateModified\":\"2020-12-26T22:09:53+01:00\",\"inLanguage\":\"es-ES\",\"mainEntityOfPage\":{\"@id\":\"https:\\\/\\\/candas365.es\\\/noticias\\\/asturias-en-aviso-rojo\\\/#webpage\"},\"isPartOf\":{\"@id\":\"https:\\\/\\\/candas365.es\\\/noticias\\\/asturias-en-aviso-rojo\\\/#webpage\"},\"articleSection\":\"Agenda\",\"dateline\":\"Publicado el diciembre 26, 2020.\"},{\"@type\":\"Organization\",\"@id\":\"https:\\\/\\\/candas365.es\\\/noticias\\\/#organization\",\"name\":\"Cand\\u00e1s 365\",\"description\":\"Cand\\u00e1s 365 es un diario digital independiente, fundado en 2012, con base en Asturias. Informamos con rigor sobre actualidad, sociedad, cultura y ocio, con una mirada local y global.\",\"url\":\"https:\\\/\\\/candas365.es\\\/noticias\\\/\",\"email\":\"info@candas365.es\",\"telephone\":\"+34652131393\",\"foundingDate\":\"2012-06-10\",\"logo\":{\"@type\":\"ImageObject\",\"url\":\"https:\\\/\\\/candas365.es\\\/noticias\\\/wp-content\\\/uploads\\\/2024\\\/09\\\/Candas-365-Redes.jpg\",\"@id\":\"https:\\\/\\\/candas365.es\\\/noticias\\\/asturias-en-aviso-rojo\\\/#organizationLogo\",\"width\":1152,\"height\":864,\"caption\":\"Cand\\u00e1s 365 Redes\"},\"image\":{\"@id\":\"https:\\\/\\\/candas365.es\\\/noticias\\\/asturias-en-aviso-rojo\\\/#organizationLogo\"},\"sameAs\":[\"https:\\\/\\\/www.facebook.com\\\/Nachofdezber\",\"https:\\\/\\\/x.com\\\/NabercoDigital\",\"https:\\\/\\\/www.instagram.com\\\/nachofdezber\\\/\",\"https:\\\/\\\/www.youtube.com\\\/channel\\\/UCZP-2wLEB9Rv6erhFmqVnvg\"],\"address\":{\"@id\":\"https:\\\/\\\/candas365.es\\\/noticias\\\/#postaladdress\",\"@type\":\"PostalAddress\",\"streetAddress\":\"san antonio 4, san antonio 4\",\"postalCode\":\"33430\",\"addressLocality\":\"Cand\\u00e1s\",\"addressRegion\":\"Asturias\",\"addressCountry\":\"ES\"}},{\"@type\":\"Person\",\"@id\":\"https:\\\/\\\/candas365.es\\\/noticias\\\/author\\\/admin\\\/#author\",\"url\":\"https:\\\/\\\/candas365.es\\\/noticias\\\/author\\\/admin\\\/\",\"name\":\"Cand\\u00e1s 365\",\"image\":{\"@type\":\"ImageObject\",\"@id\":\"https:\\\/\\\/candas365.es\\\/noticias\\\/asturias-en-aviso-rojo\\\/#authorImage\",\"url\":\"https:\\\/\\\/secure.gravatar.com\\\/avatar\\\/496a8e03d0c493ede1718b7934145dbdf8d89be1036b0eec9544e1094c9de390?s=96&d=mm&r=g\",\"width\":96,\"height\":96,\"caption\":\"Cand\\u00e1s 365\"},\"sameAs\":[\"https:\\\/\\\/www.facebook.com\\\/carrenoactualidad\",\"https:\\\/\\\/twitter.com\\\/nbasturias\",\"https:\\\/\\\/www.instagram.com\\\/nachofdezber\\\/\",\"https:\\\/\\\/www.youtube.com\\\/channel\\\/UCZP-2wLEB9Rv6erhFmqVnvg\"]},{\"@type\":\"WebPage\",\"@id\":\"https:\\\/\\\/candas365.es\\\/noticias\\\/asturias-en-aviso-rojo\\\/#webpage\",\"url\":\"https:\\\/\\\/candas365.es\\\/noticias\\\/asturias-en-aviso-rojo\\\/\",\"name\":\"Asturias en \\u201caviso rojo\\u201d | Cand\\u00e1s 365\",\"description\":\"(EP) - La Agencia Estatal de Meteorolog\\u00eda (Aemet) ha emitido para este domingo y el lunes un aviso rojo por fen\\u00f3menos costeros y otro naranja por vientos. Ante esas previsiones, la Consejera de Presidencia del Gobierno asturiano, Rita Camblor, ha activado a las 13.03 horas de este s\\u00e1bado s\\u00e1bado 26 de diciembre, el Plan Territorial\",\"inLanguage\":\"es-ES\",\"isPartOf\":{\"@id\":\"https:\\\/\\\/candas365.es\\\/noticias\\\/#website\"},\"breadcrumb\":{\"@id\":\"https:\\\/\\\/candas365.es\\\/noticias\\\/asturias-en-aviso-rojo\\\/#breadcrumblist\"},\"author\":{\"@id\":\"https:\\\/\\\/candas365.es\\\/noticias\\\/author\\\/admin\\\/#author\"},\"creator\":{\"@id\":\"https:\\\/\\\/candas365.es\\\/noticias\\\/author\\\/admin\\\/#author\"},\"image\":{\"@type\":\"ImageObject\",\"url\":\"https:\\\/\\\/candas365.es\\\/noticias\\\/wp-content\\\/uploads\\\/2020\\\/12\\\/olas-Asturias.jpg\",\"@id\":\"https:\\\/\\\/candas365.es\\\/noticias\\\/asturias-en-aviso-rojo\\\/#mainImage\",\"width\":725,\"height\":477,\"caption\":\"Fuerte oleaje en Tazones, en una imagen de archivo - DAMI\\u00c1N ARIENZA\"},\"primaryImageOfPage\":{\"@id\":\"https:\\\/\\\/candas365.es\\\/noticias\\\/asturias-en-aviso-rojo\\\/#mainImage\"},\"datePublished\":\"2020-12-26T22:09:53+01:00\",\"dateModified\":\"2020-12-26T22:09:53+01:00\"},{\"@type\":\"WebSite\",\"@id\":\"https:\\\/\\\/candas365.es\\\/noticias\\\/#website\",\"url\":\"https:\\\/\\\/candas365.es\\\/noticias\\\/\",\"name\":\"Cand\\u00e1s 365\",\"alternateName\":\"Cand\\u00e1s 365 Noticias\",\"description\":\"Actualidad desde Carre\\u00f1o para el mundo\",\"inLanguage\":\"es-ES\",\"publisher\":{\"@id\":\"https:\\\/\\\/candas365.es\\\/noticias\\\/#organization\"}}]}\n\t\t<\/script>\n\t\t<!-- All in One SEO Pro -->\r\n\t\t<title>Asturias en \u201caviso rojo\u201d | Cand\u00e1s 365<\/title>\n\n","aioseo_head_json":{"title":"Asturias en \u201caviso rojo\u201d | Cand\u00e1s 365","description":"(EP) - La Agencia Estatal de Meteorolog\u00eda (Aemet) ha emitido para este domingo y el lunes un aviso rojo por fen\u00f3menos costeros y otro naranja por vientos. Ante esas previsiones, la Consejera de Presidencia del Gobierno asturiano, Rita Camblor, ha activado a las 13.03 horas de este s\u00e1bado s\u00e1bado 26 de diciembre, el Plan Territorial","canonical_url":"https:\/\/candas365.es\/noticias\/asturias-en-aviso-rojo\/","robots":"max-image-preview:large","keywords":"agenda","webmasterTools":{"google-site-verification":"UA-32230408-1","msvalidate.01":"354F3CDFB2DA171B47FBE9ABF1F88D5","miscellaneous":""},"schema":{"@context":"https:\/\/schema.org","@graph":[{"@type":"BreadcrumbList","@id":"https:\/\/candas365.es\/noticias\/asturias-en-aviso-rojo\/#breadcrumblist","itemListElement":[{"@type":"ListItem","@id":"https:\/\/candas365.es\/noticias#listItem","position":1,"name":"Home","item":"https:\/\/candas365.es\/noticias","nextItem":{"@type":"ListItem","@id":"https:\/\/candas365.es\/noticias\/category\/agenda\/#listItem","name":"Agenda"}},{"@type":"ListItem","@id":"https:\/\/candas365.es\/noticias\/category\/agenda\/#listItem","position":2,"name":"Agenda","item":"https:\/\/candas365.es\/noticias\/category\/agenda\/","nextItem":{"@type":"ListItem","@id":"https:\/\/candas365.es\/noticias\/asturias-en-aviso-rojo\/#listItem","name":"Asturias en \u201caviso rojo\u201d"},"previousItem":{"@type":"ListItem","@id":"https:\/\/candas365.es\/noticias#listItem","name":"Home"}},{"@type":"ListItem","@id":"https:\/\/candas365.es\/noticias\/asturias-en-aviso-rojo\/#listItem","position":3,"name":"Asturias en \u201caviso rojo\u201d","previousItem":{"@type":"ListItem","@id":"https:\/\/candas365.es\/noticias\/category\/agenda\/#listItem","name":"Agenda"}}]},{"@type":"NewsArticle","@id":"https:\/\/candas365.es\/noticias\/asturias-en-aviso-rojo\/#newsarticle","name":"Asturias en \u201caviso rojo\u201d | Cand\u00e1s 365","headline":"Asturias en \u201caviso rojo\u201d","author":{"@id":"https:\/\/candas365.es\/noticias\/author\/admin\/#author"},"publisher":{"@id":"https:\/\/candas365.es\/noticias\/#organization"},"image":{"@type":"ImageObject","url":"https:\/\/candas365.es\/noticias\/wp-content\/uploads\/2020\/12\/olas-Asturias.jpg","width":725,"height":477,"caption":"Fuerte oleaje en Tazones, en una imagen de archivo - DAMI\u00c1N ARIENZA"},"datePublished":"2020-12-26T22:09:53+01:00","dateModified":"2020-12-26T22:09:53+01:00","inLanguage":"es-ES","mainEntityOfPage":{"@id":"https:\/\/candas365.es\/noticias\/asturias-en-aviso-rojo\/#webpage"},"isPartOf":{"@id":"https:\/\/candas365.es\/noticias\/asturias-en-aviso-rojo\/#webpage"},"articleSection":"Agenda","dateline":"Publicado el diciembre 26, 2020."},{"@type":"Organization","@id":"https:\/\/candas365.es\/noticias\/#organization","name":"Cand\u00e1s 365","description":"Cand\u00e1s 365 es un diario digital independiente, fundado en 2012, con base en Asturias. Informamos con rigor sobre actualidad, sociedad, cultura y ocio, con una mirada local y global.","url":"https:\/\/candas365.es\/noticias\/","email":"info@candas365.es","telephone":"+34652131393","foundingDate":"2012-06-10","logo":{"@type":"ImageObject","url":"https:\/\/candas365.es\/noticias\/wp-content\/uploads\/2024\/09\/Candas-365-Redes.jpg","@id":"https:\/\/candas365.es\/noticias\/asturias-en-aviso-rojo\/#organizationLogo","width":1152,"height":864,"caption":"Cand\u00e1s 365 Redes"},"image":{"@id":"https:\/\/candas365.es\/noticias\/asturias-en-aviso-rojo\/#organizationLogo"},"sameAs":["https:\/\/www.facebook.com\/Nachofdezber","https:\/\/x.com\/NabercoDigital","https:\/\/www.instagram.com\/nachofdezber\/","https:\/\/www.youtube.com\/channel\/UCZP-2wLEB9Rv6erhFmqVnvg"],"address":{"@id":"https:\/\/candas365.es\/noticias\/#postaladdress","@type":"PostalAddress","streetAddress":"san antonio 4, san antonio 4","postalCode":"33430","addressLocality":"Cand\u00e1s","addressRegion":"Asturias","addressCountry":"ES"}},{"@type":"Person","@id":"https:\/\/candas365.es\/noticias\/author\/admin\/#author","url":"https:\/\/candas365.es\/noticias\/author\/admin\/","name":"Cand\u00e1s 365","image":{"@type":"ImageObject","@id":"https:\/\/candas365.es\/noticias\/asturias-en-aviso-rojo\/#authorImage","url":"https:\/\/secure.gravatar.com\/avatar\/496a8e03d0c493ede1718b7934145dbdf8d89be1036b0eec9544e1094c9de390?s=96&d=mm&r=g","width":96,"height":96,"caption":"Cand\u00e1s 365"},"sameAs":["https:\/\/www.facebook.com\/carrenoactualidad","https:\/\/twitter.com\/nbasturias","https:\/\/www.instagram.com\/nachofdezber\/","https:\/\/www.youtube.com\/channel\/UCZP-2wLEB9Rv6erhFmqVnvg"]},{"@type":"WebPage","@id":"https:\/\/candas365.es\/noticias\/asturias-en-aviso-rojo\/#webpage","url":"https:\/\/candas365.es\/noticias\/asturias-en-aviso-rojo\/","name":"Asturias en \u201caviso rojo\u201d | Cand\u00e1s 365","description":"(EP) - La Agencia Estatal de Meteorolog\u00eda (Aemet) ha emitido para este domingo y el lunes un aviso rojo por fen\u00f3menos costeros y otro naranja por vientos. Ante esas previsiones, la Consejera de Presidencia del Gobierno asturiano, Rita Camblor, ha activado a las 13.03 horas de este s\u00e1bado s\u00e1bado 26 de diciembre, el Plan Territorial","inLanguage":"es-ES","isPartOf":{"@id":"https:\/\/candas365.es\/noticias\/#website"},"breadcrumb":{"@id":"https:\/\/candas365.es\/noticias\/asturias-en-aviso-rojo\/#breadcrumblist"},"author":{"@id":"https:\/\/candas365.es\/noticias\/author\/admin\/#author"},"creator":{"@id":"https:\/\/candas365.es\/noticias\/author\/admin\/#author"},"image":{"@type":"ImageObject","url":"https:\/\/candas365.es\/noticias\/wp-content\/uploads\/2020\/12\/olas-Asturias.jpg","@id":"https:\/\/candas365.es\/noticias\/asturias-en-aviso-rojo\/#mainImage","width":725,"height":477,"caption":"Fuerte oleaje en Tazones, en una imagen de archivo - DAMI\u00c1N ARIENZA"},"primaryImageOfPage":{"@id":"https:\/\/candas365.es\/noticias\/asturias-en-aviso-rojo\/#mainImage"},"datePublished":"2020-12-26T22:09:53+01:00","dateModified":"2020-12-26T22:09:53+01:00"},{"@type":"WebSite","@id":"https:\/\/candas365.es\/noticias\/#website","url":"https:\/\/candas365.es\/noticias\/","name":"Cand\u00e1s 365","alternateName":"Cand\u00e1s 365 Noticias","description":"Actualidad desde Carre\u00f1o para el mundo","inLanguage":"es-ES","publisher":{"@id":"https:\/\/candas365.es\/noticias\/#organization"}}]},"og:locale":"es_ES","og:site_name":"Cand\u00e1s 365","og:type":"article","og:title":"Asturias en \u201caviso rojo\u201d | Cand\u00e1s 365","og:description":"(EP) - La Agencia Estatal de Meteorolog\u00eda (Aemet) ha emitido para este domingo y el lunes un aviso rojo por fen\u00f3menos costeros y otro naranja por vientos. Ante esas previsiones, la Consejera de Presidencia del Gobierno asturiano, Rita Camblor, ha activado a las 13.03 horas de este s\u00e1bado s\u00e1bado 26 de diciembre, el Plan Territorial","og:url":"https:\/\/candas365.es\/noticias\/asturias-en-aviso-rojo\/","og:image":"https:\/\/candas365.es\/noticias\/wp-content\/uploads\/2020\/12\/olas-Asturias.jpg","og:image:secure_url":"https:\/\/candas365.es\/noticias\/wp-content\/uploads\/2020\/12\/olas-Asturias.jpg","og:image:width":725,"og:image:height":477,"article:published_time":"2020-12-26T22:09:53+00:00","article:modified_time":"2020-12-26T22:09:53+00:00","article:publisher":"https:\/\/www.facebook.com\/Nachofdezber","article:author":"https:\/\/www.facebook.com\/carrenoactualidad","twitter:card":"summary_large_image","twitter:site":"@NabercoDigital","twitter:title":"Asturias en \u201caviso rojo\u201d | Cand\u00e1s 365","twitter:description":"(EP) - La Agencia Estatal de Meteorolog\u00eda (Aemet) ha emitido para este domingo y el lunes un aviso rojo por fen\u00f3menos costeros y otro naranja por vientos. Ante esas previsiones, la Consejera de Presidencia del Gobierno asturiano, Rita Camblor, ha activado a las 13.03 horas de este s\u00e1bado s\u00e1bado 26 de diciembre, el Plan Territorial","twitter:creator":"@nbasturias","twitter:image":"https:\/\/candas365.es\/noticias\/wp-content\/uploads\/2020\/12\/olas-Asturias.jpg","twitter:label1":"Escrito por","twitter:data1":"Cand\u00e1s 365","twitter:label2":"Tiempo de lectura estimado","twitter:data2":"1 minuto"},"aioseo_meta_data":{"post_id":"150500","title":null,"description":null,"keywords":null,"keyphrases":null,"primary_term":null,"canonical_url":null,"og_title":null,"og_description":null,"og_object_type":"default","og_image_type":"default","og_image_url":null,"og_image_width":null,"og_image_height":null,"og_image_custom_url":null,"og_image_custom_fields":null,"og_video":null,"og_custom_url":null,"og_article_section":null,"og_article_tags":null,"twitter_use_og":false,"twitter_card":"default","twitter_image_type":"default","twitter_image_url":null,"twitter_image_custom_url":null,"twitter_image_custom_fields":null,"twitter_title":null,"twitter_description":null,"schema":{"blockGraphs":[],"customGraphs":[],"default":{"data":{"Article":[],"Course":[],"Dataset":[],"FAQPage":[],"Movie":[],"Person":[],"Product":[],"ProductReview":[],"Car":[],"Recipe":[],"Service":[],"SoftwareApplication":[],"WebPage":[]},"graphName":"","isEnabled":true},"graphs":[],"defaultGraph":"","defaultPostTypeGraph":""},"schema_type":null,"schema_type_options":null,"pillar_content":false,"robots_default":true,"robots_noindex":false,"robots_noarchive":false,"robots_nosnippet":false,"robots_nofollow":false,"robots_noimageindex":false,"robots_noodp":false,"robots_notranslate":false,"robots_max_snippet":null,"robots_max_videopreview":null,"robots_max_imagepreview":"large","priority":null,"frequency":null,"location":null,"local_seo":null,"seo_analyzer_scan_date":"2025-08-31 16:03:19","breadcrumb_settings":null,"limit_modified_date":false,"reviewed_by":null,"open_ai":null,"ai":null,"created":"2021-01-27 20:32:28","updated":"2025-08-31 16:03:19"},"aioseo_breadcrumb":"<div class=\"aioseo-breadcrumbs\"><span class=\"aioseo-breadcrumb\">\n\t<a href=\"https:\/\/candas365.es\/noticias\" title=\"Home\">Home<\/a>\n<\/span><span class=\"aioseo-breadcrumb-separator\">&ndash;<\/span><span class=\"aioseo-breadcrumb\">\n\t<a href=\"https:\/\/candas365.es\/noticias\/category\/agenda\/\" title=\"Agenda\">Agenda<\/a>\n<\/span><span class=\"aioseo-breadcrumb-separator\">&ndash;<\/span><span class=\"aioseo-breadcrumb\">\n\tAsturias en \u201caviso rojo\u201d\n<\/span><\/div>","aioseo_breadcrumb_json":[{"label":"Home","link":"https:\/\/candas365.es\/noticias"},{"label":"Agenda","link":"https:\/\/candas365.es\/noticias\/category\/agenda\/"},{"label":"Asturias en \u201caviso rojo\u201d","link":"https:\/\/candas365.es\/noticias\/asturias-en-aviso-rojo\/"}],"_links":{"self":[{"href":"https:\/\/candas365.es\/noticias\/wp-json\/wp\/v2\/posts\/150500","targetHints":{"allow":["GET"]}}],"collection":[{"href":"https:\/\/candas365.es\/noticias\/wp-json\/wp\/v2\/posts"}],"about":[{"href":"https:\/\/candas365.es\/noticias\/wp-json\/wp\/v2\/types\/post"}],"author":[{"embeddable":true,"href":"https:\/\/candas365.es\/noticias\/wp-json\/wp\/v2\/users\/1"}],"replies":[{"embeddable":true,"href":"https:\/\/candas365.es\/noticias\/wp-json\/wp\/v2\/comments?post=150500"}],"version-history":[{"count":0,"href":"https:\/\/candas365.es\/noticias\/wp-json\/wp\/v2\/posts\/150500\/revisions"}],"wp:featuredmedia":[{"embeddable":true,"href":"https:\/\/candas365.es\/noticias\/wp-json\/wp\/v2\/media\/150501"}],"wp:attachment":[{"href":"https:\/\/candas365.es\/noticias\/wp-json\/wp\/v2\/media?parent=150500"}],"wp:term":[{"taxonomy":"category","embeddable":true,"href":"https:\/\/candas365.es\/noticias\/wp-json\/wp\/v2\/categories?post=150500"},{"taxonomy":"post_tag","embeddable":true,"href":"https:\/\/candas365.es\/noticias\/wp-json\/wp\/v2\/tags?post=150500"}],"curies":[{"name":"wp","href":"https:\/\/api.w.org\/{rel}","templated":true}]}}