{"id":150482,"date":"2020-12-26T19:04:55","date_gmt":"2020-12-26T19:04:55","guid":{"rendered":"http:\/\/candas365.es\/noticias\/?p=150482"},"modified":"2020-12-26T19:04:55","modified_gmt":"2020-12-26T19:04:55","slug":"alerta-por-bella","status":"publish","type":"post","link":"https:\/\/candas365.es\/noticias\/alerta-por-bella\/","title":{"rendered":"Alerta por \u00abBella\u00bb"},"content":{"rendered":"<p><img fetchpriority=\"high\" decoding=\"async\" class=\"alignleft size-medium wp-image-150483\" src=\"https:\/\/candas365.es\/noticias\/wp-content\/uploads\/2020\/12\/water-1246527_640-360x270.jpg\" alt=\"\" width=\"360\" height=\"270\" srcset=\"https:\/\/candas365.es\/noticias\/wp-content\/uploads\/2020\/12\/water-1246527_640-360x270.jpg 360w, https:\/\/candas365.es\/noticias\/wp-content\/uploads\/2020\/12\/water-1246527_640.jpg 640w\" sizes=\"(max-width: 360px) 100vw, 360px\" \/>(EP) &#8211; La Agencia Estatal de Meteorolog\u00eda (Aemet) ha advertido este s\u00e1bado de que est\u00e1 profundiz\u00e1ndose en el Atl\u00e1ntico Norte, sobre Islandia, una borrasca nombrada &#8216;Bella&#8217; que a partir de este domingo, y durante los primeros d\u00edas de la semana pr\u00f3xima dejar\u00e1 sentir sus efectos sobre la Pen\u00ednsula Ib\u00e9rica y Baleares, con precipitaciones, vientos intensos y mal estado del mar.<\/p>\n<p>En el aviso especial de fen\u00f3menos adversos publicado por la Aemet, se advierte que la tarde de este domingo entrar\u00e1 por Galicia el frente fr\u00edo asociado a &#8216;Bella&#8217;, que recorrer\u00e1 la Pen\u00ednsula de norte a sur a lo largo del lunes.<\/p>\n<p>Lo m\u00e1s importante de esta situaci\u00f3n ser\u00e1 el estado de la mar, especialmente en el Galicia, Cantabria y Asturias, en alerta roja ma\u00f1ana por fen\u00f3menos costeros, donde a lo largo del domingo y durante el lunes se alcanzar\u00e1n los 8 a 10 metros de altura de mar combinada y vientos que pueden alcanzar fuerza 8 a 10. Tambi\u00e9n en el Mediterr\u00e1neo, aunque con menor intensidad, habr\u00e1 temporal, con vientos que pueden alcanzar fuerza 7 a 8 y olas que pueden alcanzar 3 a 5 metros y, ocasionalmente, 6 a 8 en Baleares.<\/p>\n<p>Otro factor destacado ser\u00e1 el viento de componente oeste, que arreciar\u00e1 a partir de la tarde del domingo y durante el lunes con el paso del frente, soplando con intervalos de fuerte y rachas muy fuertes, sobre todo en el Cant\u00e1brico, donde probablemente se superar\u00e1n los 100 km\/h en el litoral. En otras zonas del norte y este peninsulares y en Baleares, se alcanzar\u00e1n los 70-90 km\/h, sobre todo en zonas monta\u00f1osas, donde se pueden superar los 100 km\/h en las zonas m\u00e1s altas. El viento tender\u00e1 a ir disminuyendo a lo largo del martes y el mi\u00e9rcoles, seg\u00fan ha avanzado la Aemet.<\/p>\n<p>En cuanto a las precipitaciones, ser\u00e1n m\u00e1s abundantes en el noroeste y Cant\u00e1brico e ir\u00e1n perdiendo intensidad hacia el sur y el este, sin apenas afectar al \u00e1rea mediterr\u00e1nea, mientras que la cota de nieve ir\u00e1 descendiendo hasta situarse al final del lunes en unos 800\/1000 metros en pr\u00e1cticamente toda la Pen\u00ednsula.<\/p>\n<p>El martes y el mi\u00e9rcoles las precipitaciones m\u00e1s persistentes se dar\u00e1n en el extremo norte, pero tambi\u00e9n alcanzar\u00e1n de forma m\u00e1s dispersa otros puntos del interior peninsular. Ser\u00e1n de nieve por encima de los 700\/900 metros y tender\u00e1n a disminuir a lo largo del mi\u00e9rcoles. Esta situaci\u00f3n dejar\u00e1 acumulaciones de nieve importantes en zonas monta\u00f1osas del norte peninsular.<\/p>\n<p>\u00abCon la informaci\u00f3n disponible a d\u00eda de hoy, es probable que la depresi\u00f3n &#8216;Bella&#8217; se debilite a partir del mi\u00e9rcoles y se aleje hacia el norte de Europa, dejando de afectar a nuestro territorio\u00bb, ha indicado la Aemet en su aviso.<\/p>\n","protected":false},"excerpt":{"rendered":"<p>(EP) &#8211; La Agencia Estatal de Meteorolog\u00eda (Aemet) ha advertido este s\u00e1bado de que est\u00e1 profundiz\u00e1ndose en el Atl\u00e1ntico Norte, sobre Islandia, una borrasca nombrada &#8216;Bella&#8217; que a partir de este domingo, y durante los primeros d\u00edas de la semana pr\u00f3xima dejar\u00e1 sentir sus efectos sobre la Pen\u00ednsula Ib\u00e9rica y Baleares, con precipitaciones, vientos intensos<\/p>\n","protected":false},"author":1,"featured_media":150483,"comment_status":"closed","ping_status":"closed","sticky":false,"template":"","format":"standard","meta":{"footnotes":""},"categories":[1],"tags":[],"class_list":{"0":"post-150482","1":"post","2":"type-post","3":"status-publish","4":"format-standard","5":"has-post-thumbnail","7":"category-agenda"},"aioseo_notices":[],"aioseo_head":"\n\t\t<!-- All in One SEO Pro 4.9.6.2 - aioseo.com -->\n\t<meta name=\"description\" content=\"(EP) - La Agencia Estatal de Meteorolog\u00eda (Aemet) ha advertido este s\u00e1bado de que est\u00e1 profundiz\u00e1ndose en el Atl\u00e1ntico Norte, sobre Islandia, una borrasca nombrada &#039;Bella&#039; que a partir de este domingo, y durante los primeros d\u00edas de la semana pr\u00f3xima dejar\u00e1 sentir sus efectos sobre la Pen\u00ednsula Ib\u00e9rica y Baleares, con precipitaciones, vientos intensos\" \/>\n\t<meta name=\"robots\" content=\"max-image-preview:large\" \/>\n\t<meta name=\"author\" content=\"Cand\u00e1s 365\"\/>\n\t<meta name=\"google-site-verification\" content=\"UA-32230408-1\" \/>\n\t<meta name=\"msvalidate.01\" content=\"354F3CDFB2DA171B47FBE9ABF1F88D5\" \/>\n\t<meta name=\"keywords\" content=\"agenda\" \/>\n\t<link rel=\"canonical\" href=\"https:\/\/candas365.es\/noticias\/alerta-por-bella\/\" \/>\n\t<meta name=\"generator\" content=\"All in One SEO Pro (AIOSEO) 4.9.6.2\" \/>\n\t\t<meta property=\"og:locale\" content=\"es_ES\" \/>\n\t\t<meta property=\"og:site_name\" content=\"Cand\u00e1s 365\" \/>\n\t\t<meta property=\"og:type\" content=\"article\" \/>\n\t\t<meta property=\"og:title\" content=\"Alerta por \u00abBella\u00bb | Cand\u00e1s 365\" \/>\n\t\t<meta property=\"og:description\" content=\"(EP) - La Agencia Estatal de Meteorolog\u00eda (Aemet) ha advertido este s\u00e1bado de que est\u00e1 profundiz\u00e1ndose en el Atl\u00e1ntico Norte, sobre Islandia, una borrasca nombrada &#039;Bella&#039; que a partir de este domingo, y durante los primeros d\u00edas de la semana pr\u00f3xima dejar\u00e1 sentir sus efectos sobre la Pen\u00ednsula Ib\u00e9rica y Baleares, con precipitaciones, vientos intensos\" \/>\n\t\t<meta property=\"og:url\" content=\"https:\/\/candas365.es\/noticias\/alerta-por-bella\/\" \/>\n\t\t<meta property=\"og:image\" content=\"https:\/\/candas365.es\/noticias\/wp-content\/uploads\/2020\/12\/water-1246527_640.jpg\" \/>\n\t\t<meta property=\"og:image:secure_url\" content=\"https:\/\/candas365.es\/noticias\/wp-content\/uploads\/2020\/12\/water-1246527_640.jpg\" \/>\n\t\t<meta property=\"og:image:width\" content=\"640\" \/>\n\t\t<meta property=\"og:image:height\" content=\"480\" \/>\n\t\t<meta property=\"article:published_time\" content=\"2020-12-26T19:04:55+00:00\" \/>\n\t\t<meta property=\"article:modified_time\" content=\"2020-12-26T19:04:55+00:00\" \/>\n\t\t<meta property=\"article:publisher\" content=\"https:\/\/www.facebook.com\/Nachofdezber\" \/>\n\t\t<meta property=\"article:author\" content=\"https:\/\/www.facebook.com\/carrenoactualidad\" \/>\n\t\t<meta name=\"twitter:card\" content=\"summary_large_image\" \/>\n\t\t<meta name=\"twitter:site\" content=\"@NabercoDigital\" \/>\n\t\t<meta name=\"twitter:title\" content=\"Alerta por \u00abBella\u00bb | Cand\u00e1s 365\" \/>\n\t\t<meta name=\"twitter:description\" content=\"(EP) - La Agencia Estatal de Meteorolog\u00eda (Aemet) ha advertido este s\u00e1bado de que est\u00e1 profundiz\u00e1ndose en el Atl\u00e1ntico Norte, sobre Islandia, una borrasca nombrada &#039;Bella&#039; que a partir de este domingo, y durante los primeros d\u00edas de la semana pr\u00f3xima dejar\u00e1 sentir sus efectos sobre la Pen\u00ednsula Ib\u00e9rica y Baleares, con precipitaciones, vientos intensos\" \/>\n\t\t<meta name=\"twitter:creator\" content=\"@nbasturias\" \/>\n\t\t<meta name=\"twitter:image\" content=\"https:\/\/candas365.es\/noticias\/wp-content\/uploads\/2020\/12\/water-1246527_640.jpg\" \/>\n\t\t<meta name=\"twitter:label1\" content=\"Escrito por\" \/>\n\t\t<meta name=\"twitter:data1\" content=\"Cand\u00e1s 365\" \/>\n\t\t<meta name=\"twitter:label2\" content=\"Tiempo de lectura estimado\" \/>\n\t\t<meta name=\"twitter:data2\" content=\"2 minutos\" \/>\n\t\t<script type=\"application\/ld+json\" class=\"aioseo-schema\">\n\t\t\t{\"@context\":\"https:\\\/\\\/schema.org\",\"@graph\":[{\"@type\":\"BreadcrumbList\",\"@id\":\"https:\\\/\\\/candas365.es\\\/noticias\\\/alerta-por-bella\\\/#breadcrumblist\",\"itemListElement\":[{\"@type\":\"ListItem\",\"@id\":\"https:\\\/\\\/candas365.es\\\/noticias#listItem\",\"position\":1,\"name\":\"Home\",\"item\":\"https:\\\/\\\/candas365.es\\\/noticias\",\"nextItem\":{\"@type\":\"ListItem\",\"@id\":\"https:\\\/\\\/candas365.es\\\/noticias\\\/category\\\/agenda\\\/#listItem\",\"name\":\"Agenda\"}},{\"@type\":\"ListItem\",\"@id\":\"https:\\\/\\\/candas365.es\\\/noticias\\\/category\\\/agenda\\\/#listItem\",\"position\":2,\"name\":\"Agenda\",\"item\":\"https:\\\/\\\/candas365.es\\\/noticias\\\/category\\\/agenda\\\/\",\"nextItem\":{\"@type\":\"ListItem\",\"@id\":\"https:\\\/\\\/candas365.es\\\/noticias\\\/alerta-por-bella\\\/#listItem\",\"name\":\"Alerta por \\u00abBella\\u00bb\"},\"previousItem\":{\"@type\":\"ListItem\",\"@id\":\"https:\\\/\\\/candas365.es\\\/noticias#listItem\",\"name\":\"Home\"}},{\"@type\":\"ListItem\",\"@id\":\"https:\\\/\\\/candas365.es\\\/noticias\\\/alerta-por-bella\\\/#listItem\",\"position\":3,\"name\":\"Alerta por \\u00abBella\\u00bb\",\"previousItem\":{\"@type\":\"ListItem\",\"@id\":\"https:\\\/\\\/candas365.es\\\/noticias\\\/category\\\/agenda\\\/#listItem\",\"name\":\"Agenda\"}}]},{\"@type\":\"NewsArticle\",\"@id\":\"https:\\\/\\\/candas365.es\\\/noticias\\\/alerta-por-bella\\\/#newsarticle\",\"name\":\"Alerta por \\u00abBella\\u00bb | Cand\\u00e1s 365\",\"headline\":\"Alerta por \\u00abBella\\u00bb\",\"author\":{\"@id\":\"https:\\\/\\\/candas365.es\\\/noticias\\\/author\\\/admin\\\/#author\"},\"publisher\":{\"@id\":\"https:\\\/\\\/candas365.es\\\/noticias\\\/#organization\"},\"image\":{\"@type\":\"ImageObject\",\"url\":\"https:\\\/\\\/candas365.es\\\/noticias\\\/wp-content\\\/uploads\\\/2020\\\/12\\\/water-1246527_640.jpg\",\"width\":640,\"height\":480},\"datePublished\":\"2020-12-26T19:04:55+01:00\",\"dateModified\":\"2020-12-26T19:04:55+01:00\",\"inLanguage\":\"es-ES\",\"mainEntityOfPage\":{\"@id\":\"https:\\\/\\\/candas365.es\\\/noticias\\\/alerta-por-bella\\\/#webpage\"},\"isPartOf\":{\"@id\":\"https:\\\/\\\/candas365.es\\\/noticias\\\/alerta-por-bella\\\/#webpage\"},\"articleSection\":\"Agenda\",\"dateline\":\"Publicado el diciembre 26, 2020.\"},{\"@type\":\"Organization\",\"@id\":\"https:\\\/\\\/candas365.es\\\/noticias\\\/#organization\",\"name\":\"Cand\\u00e1s 365\",\"description\":\"Cand\\u00e1s 365 es un diario digital independiente, fundado en 2012, con base en Asturias. Informamos con rigor sobre actualidad, sociedad, cultura y ocio, con una mirada local y global.\",\"url\":\"https:\\\/\\\/candas365.es\\\/noticias\\\/\",\"email\":\"info@candas365.es\",\"telephone\":\"+34652131393\",\"foundingDate\":\"2012-06-10\",\"logo\":{\"@type\":\"ImageObject\",\"url\":\"https:\\\/\\\/candas365.es\\\/noticias\\\/wp-content\\\/uploads\\\/2024\\\/09\\\/Candas-365-Redes.jpg\",\"@id\":\"https:\\\/\\\/candas365.es\\\/noticias\\\/alerta-por-bella\\\/#organizationLogo\",\"width\":1152,\"height\":864,\"caption\":\"Cand\\u00e1s 365 Redes\"},\"image\":{\"@id\":\"https:\\\/\\\/candas365.es\\\/noticias\\\/alerta-por-bella\\\/#organizationLogo\"},\"sameAs\":[\"https:\\\/\\\/www.facebook.com\\\/Nachofdezber\",\"https:\\\/\\\/x.com\\\/NabercoDigital\",\"https:\\\/\\\/www.instagram.com\\\/nachofdezber\\\/\",\"https:\\\/\\\/www.youtube.com\\\/channel\\\/UCZP-2wLEB9Rv6erhFmqVnvg\"],\"address\":{\"@id\":\"https:\\\/\\\/candas365.es\\\/noticias\\\/#postaladdress\",\"@type\":\"PostalAddress\",\"streetAddress\":\"san antonio 4, san antonio 4\",\"postalCode\":\"33430\",\"addressLocality\":\"Cand\\u00e1s\",\"addressRegion\":\"Asturias\",\"addressCountry\":\"ES\"}},{\"@type\":\"Person\",\"@id\":\"https:\\\/\\\/candas365.es\\\/noticias\\\/author\\\/admin\\\/#author\",\"url\":\"https:\\\/\\\/candas365.es\\\/noticias\\\/author\\\/admin\\\/\",\"name\":\"Cand\\u00e1s 365\",\"image\":{\"@type\":\"ImageObject\",\"@id\":\"https:\\\/\\\/candas365.es\\\/noticias\\\/alerta-por-bella\\\/#authorImage\",\"url\":\"https:\\\/\\\/secure.gravatar.com\\\/avatar\\\/496a8e03d0c493ede1718b7934145dbdf8d89be1036b0eec9544e1094c9de390?s=96&d=mm&r=g\",\"width\":96,\"height\":96,\"caption\":\"Cand\\u00e1s 365\"},\"sameAs\":[\"https:\\\/\\\/www.facebook.com\\\/carrenoactualidad\",\"https:\\\/\\\/twitter.com\\\/nbasturias\",\"https:\\\/\\\/www.instagram.com\\\/nachofdezber\\\/\",\"https:\\\/\\\/www.youtube.com\\\/channel\\\/UCZP-2wLEB9Rv6erhFmqVnvg\"]},{\"@type\":\"WebPage\",\"@id\":\"https:\\\/\\\/candas365.es\\\/noticias\\\/alerta-por-bella\\\/#webpage\",\"url\":\"https:\\\/\\\/candas365.es\\\/noticias\\\/alerta-por-bella\\\/\",\"name\":\"Alerta por \\u00abBella\\u00bb | Cand\\u00e1s 365\",\"description\":\"(EP) - La Agencia Estatal de Meteorolog\\u00eda (Aemet) ha advertido este s\\u00e1bado de que est\\u00e1 profundiz\\u00e1ndose en el Atl\\u00e1ntico Norte, sobre Islandia, una borrasca nombrada 'Bella' que a partir de este domingo, y durante los primeros d\\u00edas de la semana pr\\u00f3xima dejar\\u00e1 sentir sus efectos sobre la Pen\\u00ednsula Ib\\u00e9rica y Baleares, con precipitaciones, vientos intensos\",\"inLanguage\":\"es-ES\",\"isPartOf\":{\"@id\":\"https:\\\/\\\/candas365.es\\\/noticias\\\/#website\"},\"breadcrumb\":{\"@id\":\"https:\\\/\\\/candas365.es\\\/noticias\\\/alerta-por-bella\\\/#breadcrumblist\"},\"author\":{\"@id\":\"https:\\\/\\\/candas365.es\\\/noticias\\\/author\\\/admin\\\/#author\"},\"creator\":{\"@id\":\"https:\\\/\\\/candas365.es\\\/noticias\\\/author\\\/admin\\\/#author\"},\"image\":{\"@type\":\"ImageObject\",\"url\":\"https:\\\/\\\/candas365.es\\\/noticias\\\/wp-content\\\/uploads\\\/2020\\\/12\\\/water-1246527_640.jpg\",\"@id\":\"https:\\\/\\\/candas365.es\\\/noticias\\\/alerta-por-bella\\\/#mainImage\",\"width\":640,\"height\":480},\"primaryImageOfPage\":{\"@id\":\"https:\\\/\\\/candas365.es\\\/noticias\\\/alerta-por-bella\\\/#mainImage\"},\"datePublished\":\"2020-12-26T19:04:55+01:00\",\"dateModified\":\"2020-12-26T19:04:55+01:00\"},{\"@type\":\"WebSite\",\"@id\":\"https:\\\/\\\/candas365.es\\\/noticias\\\/#website\",\"url\":\"https:\\\/\\\/candas365.es\\\/noticias\\\/\",\"name\":\"Cand\\u00e1s 365\",\"alternateName\":\"Cand\\u00e1s 365 Noticias\",\"description\":\"Actualidad desde Carre\\u00f1o para el mundo\",\"inLanguage\":\"es-ES\",\"publisher\":{\"@id\":\"https:\\\/\\\/candas365.es\\\/noticias\\\/#organization\"}}]}\n\t\t<\/script>\n\t\t<!-- All in One SEO Pro -->\r\n\t\t<title>Alerta por \u00abBella\u00bb | Cand\u00e1s 365<\/title>\n\n","aioseo_head_json":{"title":"Alerta por \u00abBella\u00bb | Cand\u00e1s 365","description":"(EP) - La Agencia Estatal de Meteorolog\u00eda (Aemet) ha advertido este s\u00e1bado de que est\u00e1 profundiz\u00e1ndose en el Atl\u00e1ntico Norte, sobre Islandia, una borrasca nombrada 'Bella' que a partir de este domingo, y durante los primeros d\u00edas de la semana pr\u00f3xima dejar\u00e1 sentir sus efectos sobre la Pen\u00ednsula Ib\u00e9rica y Baleares, con precipitaciones, vientos intensos","canonical_url":"https:\/\/candas365.es\/noticias\/alerta-por-bella\/","robots":"max-image-preview:large","keywords":"agenda","webmasterTools":{"google-site-verification":"UA-32230408-1","msvalidate.01":"354F3CDFB2DA171B47FBE9ABF1F88D5","miscellaneous":""},"schema":{"@context":"https:\/\/schema.org","@graph":[{"@type":"BreadcrumbList","@id":"https:\/\/candas365.es\/noticias\/alerta-por-bella\/#breadcrumblist","itemListElement":[{"@type":"ListItem","@id":"https:\/\/candas365.es\/noticias#listItem","position":1,"name":"Home","item":"https:\/\/candas365.es\/noticias","nextItem":{"@type":"ListItem","@id":"https:\/\/candas365.es\/noticias\/category\/agenda\/#listItem","name":"Agenda"}},{"@type":"ListItem","@id":"https:\/\/candas365.es\/noticias\/category\/agenda\/#listItem","position":2,"name":"Agenda","item":"https:\/\/candas365.es\/noticias\/category\/agenda\/","nextItem":{"@type":"ListItem","@id":"https:\/\/candas365.es\/noticias\/alerta-por-bella\/#listItem","name":"Alerta por \u00abBella\u00bb"},"previousItem":{"@type":"ListItem","@id":"https:\/\/candas365.es\/noticias#listItem","name":"Home"}},{"@type":"ListItem","@id":"https:\/\/candas365.es\/noticias\/alerta-por-bella\/#listItem","position":3,"name":"Alerta por \u00abBella\u00bb","previousItem":{"@type":"ListItem","@id":"https:\/\/candas365.es\/noticias\/category\/agenda\/#listItem","name":"Agenda"}}]},{"@type":"NewsArticle","@id":"https:\/\/candas365.es\/noticias\/alerta-por-bella\/#newsarticle","name":"Alerta por \u00abBella\u00bb | Cand\u00e1s 365","headline":"Alerta por \u00abBella\u00bb","author":{"@id":"https:\/\/candas365.es\/noticias\/author\/admin\/#author"},"publisher":{"@id":"https:\/\/candas365.es\/noticias\/#organization"},"image":{"@type":"ImageObject","url":"https:\/\/candas365.es\/noticias\/wp-content\/uploads\/2020\/12\/water-1246527_640.jpg","width":640,"height":480},"datePublished":"2020-12-26T19:04:55+01:00","dateModified":"2020-12-26T19:04:55+01:00","inLanguage":"es-ES","mainEntityOfPage":{"@id":"https:\/\/candas365.es\/noticias\/alerta-por-bella\/#webpage"},"isPartOf":{"@id":"https:\/\/candas365.es\/noticias\/alerta-por-bella\/#webpage"},"articleSection":"Agenda","dateline":"Publicado el diciembre 26, 2020."},{"@type":"Organization","@id":"https:\/\/candas365.es\/noticias\/#organization","name":"Cand\u00e1s 365","description":"Cand\u00e1s 365 es un diario digital independiente, fundado en 2012, con base en Asturias. Informamos con rigor sobre actualidad, sociedad, cultura y ocio, con una mirada local y global.","url":"https:\/\/candas365.es\/noticias\/","email":"info@candas365.es","telephone":"+34652131393","foundingDate":"2012-06-10","logo":{"@type":"ImageObject","url":"https:\/\/candas365.es\/noticias\/wp-content\/uploads\/2024\/09\/Candas-365-Redes.jpg","@id":"https:\/\/candas365.es\/noticias\/alerta-por-bella\/#organizationLogo","width":1152,"height":864,"caption":"Cand\u00e1s 365 Redes"},"image":{"@id":"https:\/\/candas365.es\/noticias\/alerta-por-bella\/#organizationLogo"},"sameAs":["https:\/\/www.facebook.com\/Nachofdezber","https:\/\/x.com\/NabercoDigital","https:\/\/www.instagram.com\/nachofdezber\/","https:\/\/www.youtube.com\/channel\/UCZP-2wLEB9Rv6erhFmqVnvg"],"address":{"@id":"https:\/\/candas365.es\/noticias\/#postaladdress","@type":"PostalAddress","streetAddress":"san antonio 4, san antonio 4","postalCode":"33430","addressLocality":"Cand\u00e1s","addressRegion":"Asturias","addressCountry":"ES"}},{"@type":"Person","@id":"https:\/\/candas365.es\/noticias\/author\/admin\/#author","url":"https:\/\/candas365.es\/noticias\/author\/admin\/","name":"Cand\u00e1s 365","image":{"@type":"ImageObject","@id":"https:\/\/candas365.es\/noticias\/alerta-por-bella\/#authorImage","url":"https:\/\/secure.gravatar.com\/avatar\/496a8e03d0c493ede1718b7934145dbdf8d89be1036b0eec9544e1094c9de390?s=96&d=mm&r=g","width":96,"height":96,"caption":"Cand\u00e1s 365"},"sameAs":["https:\/\/www.facebook.com\/carrenoactualidad","https:\/\/twitter.com\/nbasturias","https:\/\/www.instagram.com\/nachofdezber\/","https:\/\/www.youtube.com\/channel\/UCZP-2wLEB9Rv6erhFmqVnvg"]},{"@type":"WebPage","@id":"https:\/\/candas365.es\/noticias\/alerta-por-bella\/#webpage","url":"https:\/\/candas365.es\/noticias\/alerta-por-bella\/","name":"Alerta por \u00abBella\u00bb | Cand\u00e1s 365","description":"(EP) - La Agencia Estatal de Meteorolog\u00eda (Aemet) ha advertido este s\u00e1bado de que est\u00e1 profundiz\u00e1ndose en el Atl\u00e1ntico Norte, sobre Islandia, una borrasca nombrada 'Bella' que a partir de este domingo, y durante los primeros d\u00edas de la semana pr\u00f3xima dejar\u00e1 sentir sus efectos sobre la Pen\u00ednsula Ib\u00e9rica y Baleares, con precipitaciones, vientos intensos","inLanguage":"es-ES","isPartOf":{"@id":"https:\/\/candas365.es\/noticias\/#website"},"breadcrumb":{"@id":"https:\/\/candas365.es\/noticias\/alerta-por-bella\/#breadcrumblist"},"author":{"@id":"https:\/\/candas365.es\/noticias\/author\/admin\/#author"},"creator":{"@id":"https:\/\/candas365.es\/noticias\/author\/admin\/#author"},"image":{"@type":"ImageObject","url":"https:\/\/candas365.es\/noticias\/wp-content\/uploads\/2020\/12\/water-1246527_640.jpg","@id":"https:\/\/candas365.es\/noticias\/alerta-por-bella\/#mainImage","width":640,"height":480},"primaryImageOfPage":{"@id":"https:\/\/candas365.es\/noticias\/alerta-por-bella\/#mainImage"},"datePublished":"2020-12-26T19:04:55+01:00","dateModified":"2020-12-26T19:04:55+01:00"},{"@type":"WebSite","@id":"https:\/\/candas365.es\/noticias\/#website","url":"https:\/\/candas365.es\/noticias\/","name":"Cand\u00e1s 365","alternateName":"Cand\u00e1s 365 Noticias","description":"Actualidad desde Carre\u00f1o para el mundo","inLanguage":"es-ES","publisher":{"@id":"https:\/\/candas365.es\/noticias\/#organization"}}]},"og:locale":"es_ES","og:site_name":"Cand\u00e1s 365","og:type":"article","og:title":"Alerta por \u00abBella\u00bb | Cand\u00e1s 365","og:description":"(EP) - La Agencia Estatal de Meteorolog\u00eda (Aemet) ha advertido este s\u00e1bado de que est\u00e1 profundiz\u00e1ndose en el Atl\u00e1ntico Norte, sobre Islandia, una borrasca nombrada 'Bella' que a partir de este domingo, y durante los primeros d\u00edas de la semana pr\u00f3xima dejar\u00e1 sentir sus efectos sobre la Pen\u00ednsula Ib\u00e9rica y Baleares, con precipitaciones, vientos intensos","og:url":"https:\/\/candas365.es\/noticias\/alerta-por-bella\/","og:image":"https:\/\/candas365.es\/noticias\/wp-content\/uploads\/2020\/12\/water-1246527_640.jpg","og:image:secure_url":"https:\/\/candas365.es\/noticias\/wp-content\/uploads\/2020\/12\/water-1246527_640.jpg","og:image:width":640,"og:image:height":480,"article:published_time":"2020-12-26T19:04:55+00:00","article:modified_time":"2020-12-26T19:04:55+00:00","article:publisher":"https:\/\/www.facebook.com\/Nachofdezber","article:author":"https:\/\/www.facebook.com\/carrenoactualidad","twitter:card":"summary_large_image","twitter:site":"@NabercoDigital","twitter:title":"Alerta por \u00abBella\u00bb | Cand\u00e1s 365","twitter:description":"(EP) - La Agencia Estatal de Meteorolog\u00eda (Aemet) ha advertido este s\u00e1bado de que est\u00e1 profundiz\u00e1ndose en el Atl\u00e1ntico Norte, sobre Islandia, una borrasca nombrada 'Bella' que a partir de este domingo, y durante los primeros d\u00edas de la semana pr\u00f3xima dejar\u00e1 sentir sus efectos sobre la Pen\u00ednsula Ib\u00e9rica y Baleares, con precipitaciones, vientos intensos","twitter:creator":"@nbasturias","twitter:image":"https:\/\/candas365.es\/noticias\/wp-content\/uploads\/2020\/12\/water-1246527_640.jpg","twitter:label1":"Escrito por","twitter:data1":"Cand\u00e1s 365","twitter:label2":"Tiempo de lectura estimado","twitter:data2":"2 minutos"},"aioseo_meta_data":{"post_id":"150482","title":null,"description":null,"keywords":null,"keyphrases":null,"primary_term":null,"canonical_url":null,"og_title":null,"og_description":null,"og_object_type":"default","og_image_type":"default","og_image_url":null,"og_image_width":null,"og_image_height":null,"og_image_custom_url":null,"og_image_custom_fields":null,"og_video":null,"og_custom_url":null,"og_article_section":null,"og_article_tags":null,"twitter_use_og":false,"twitter_card":"default","twitter_image_type":"default","twitter_image_url":null,"twitter_image_custom_url":null,"twitter_image_custom_fields":null,"twitter_title":null,"twitter_description":null,"schema":{"blockGraphs":[],"customGraphs":[],"default":{"data":{"Article":[],"Course":[],"Dataset":[],"FAQPage":[],"Movie":[],"Person":[],"Product":[],"ProductReview":[],"Car":[],"Recipe":[],"Service":[],"SoftwareApplication":[],"WebPage":[]},"graphName":"","isEnabled":true},"graphs":[],"defaultGraph":"","defaultPostTypeGraph":""},"schema_type":null,"schema_type_options":null,"pillar_content":false,"robots_default":true,"robots_noindex":false,"robots_noarchive":false,"robots_nosnippet":false,"robots_nofollow":false,"robots_noimageindex":false,"robots_noodp":false,"robots_notranslate":false,"robots_max_snippet":null,"robots_max_videopreview":null,"robots_max_imagepreview":"large","priority":null,"frequency":null,"location":null,"local_seo":null,"seo_analyzer_scan_date":"2025-08-31 16:03:10","breadcrumb_settings":null,"limit_modified_date":false,"reviewed_by":null,"open_ai":null,"ai":null,"created":"2021-01-27 20:32:28","updated":"2025-08-31 16:03:10"},"aioseo_breadcrumb":"<div class=\"aioseo-breadcrumbs\"><span class=\"aioseo-breadcrumb\">\n\t<a href=\"https:\/\/candas365.es\/noticias\" title=\"Home\">Home<\/a>\n<\/span><span class=\"aioseo-breadcrumb-separator\">&ndash;<\/span><span class=\"aioseo-breadcrumb\">\n\t<a href=\"https:\/\/candas365.es\/noticias\/category\/agenda\/\" title=\"Agenda\">Agenda<\/a>\n<\/span><span class=\"aioseo-breadcrumb-separator\">&ndash;<\/span><span class=\"aioseo-breadcrumb\">\n\tAlerta por \u00abBella\u00bb\n<\/span><\/div>","aioseo_breadcrumb_json":[{"label":"Home","link":"https:\/\/candas365.es\/noticias"},{"label":"Agenda","link":"https:\/\/candas365.es\/noticias\/category\/agenda\/"},{"label":"Alerta por \u00abBella\u00bb","link":"https:\/\/candas365.es\/noticias\/alerta-por-bella\/"}],"_links":{"self":[{"href":"https:\/\/candas365.es\/noticias\/wp-json\/wp\/v2\/posts\/150482","targetHints":{"allow":["GET"]}}],"collection":[{"href":"https:\/\/candas365.es\/noticias\/wp-json\/wp\/v2\/posts"}],"about":[{"href":"https:\/\/candas365.es\/noticias\/wp-json\/wp\/v2\/types\/post"}],"author":[{"embeddable":true,"href":"https:\/\/candas365.es\/noticias\/wp-json\/wp\/v2\/users\/1"}],"replies":[{"embeddable":true,"href":"https:\/\/candas365.es\/noticias\/wp-json\/wp\/v2\/comments?post=150482"}],"version-history":[{"count":0,"href":"https:\/\/candas365.es\/noticias\/wp-json\/wp\/v2\/posts\/150482\/revisions"}],"wp:featuredmedia":[{"embeddable":true,"href":"https:\/\/candas365.es\/noticias\/wp-json\/wp\/v2\/media\/150483"}],"wp:attachment":[{"href":"https:\/\/candas365.es\/noticias\/wp-json\/wp\/v2\/media?parent=150482"}],"wp:term":[{"taxonomy":"category","embeddable":true,"href":"https:\/\/candas365.es\/noticias\/wp-json\/wp\/v2\/categories?post=150482"},{"taxonomy":"post_tag","embeddable":true,"href":"https:\/\/candas365.es\/noticias\/wp-json\/wp\/v2\/tags?post=150482"}],"curies":[{"name":"wp","href":"https:\/\/api.w.org\/{rel}","templated":true}]}}