{"id":150474,"date":"2020-12-26T02:36:38","date_gmt":"2020-12-26T02:36:38","guid":{"rendered":"http:\/\/candas365.es\/noticias\/?p=150474"},"modified":"2020-12-26T02:36:38","modified_gmt":"2020-12-26T02:36:38","slug":"el-ultimo-fin-de-semana-de-2020-sera-muy-frio","status":"publish","type":"post","link":"https:\/\/candas365.es\/noticias\/el-ultimo-fin-de-semana-de-2020-sera-muy-frio\/","title":{"rendered":"El \u00faltimo fin de semana de 2020 ser\u00e1 muy fr\u00edo"},"content":{"rendered":"<p><img fetchpriority=\"high\" decoding=\"async\" class=\"alignleft size-medium wp-image-113708\" src=\"https:\/\/candas365.es\/noticias\/wp-content\/uploads\/2019\/01\/winter-1819926_960_720-360x240.jpg\" alt=\"\" width=\"360\" height=\"240\" srcset=\"https:\/\/candas365.es\/noticias\/wp-content\/uploads\/2019\/01\/winter-1819926_960_720-360x240.jpg 360w, https:\/\/candas365.es\/noticias\/wp-content\/uploads\/2019\/01\/winter-1819926_960_720-768x512.jpg 768w, https:\/\/candas365.es\/noticias\/wp-content\/uploads\/2019\/01\/winter-1819926_960_720-655x437.jpg 655w, https:\/\/candas365.es\/noticias\/wp-content\/uploads\/2019\/01\/winter-1819926_960_720-696x464.jpg 696w, https:\/\/candas365.es\/noticias\/wp-content\/uploads\/2019\/01\/winter-1819926_960_720-630x420.jpg 630w, https:\/\/candas365.es\/noticias\/wp-content\/uploads\/2019\/01\/winter-1819926_960_720.jpg 960w\" sizes=\"(max-width: 360px) 100vw, 360px\" \/>(EP) &#8211; La entrada de una masa de aire fr\u00edo por el norte provocar\u00e1 un descenso generalizado de las temperaturas y heladas en amplias zonas del interior peninsular durante este fin de semana, seg\u00fan la predicci\u00f3n de la Agencia Estatal de Meteorolog\u00eda (AEMET).<\/p>\n<p>Este s\u00e1bado predominar\u00e1n las altas presiones y las precipitaciones tender\u00e1n a remitir por la ma\u00f1ana, predominando los cielos poco nubosos. Las temperaturas seguir\u00e1n bajando en la mitad sur peninsular y Baleares, alcanzando valores inferiores a lo habitual para estas fechas; y predominar\u00e1 el viento de componente norte, que ser\u00e1 fuerte en el Ampurd\u00e1n, Menorca y desembocadura del Ebro.<\/p>\n<p>En relaci\u00f3n con el domingo, la AEMET adelanta que un frente fr\u00edo atl\u00e1ntico, bastante activo y con fuertes vientos asociados, penetrar\u00e1 por Galicia, aumentando la nubosidad en la Pen\u00ednsula, con precipitaciones que se extender\u00e1n por el tercio noroeste, pudiendo acumular cantidades significativas en Galicia y \u00e1rea cant\u00e1brica. Ser\u00e1n en forma de nieve a partir de unos 800\/1000 metros, con cotas de nieve m\u00e1s bajas en los Pirineos.<\/p>\n<p>El viento, de componente oeste, arreciar\u00e1 el domingo en la Pen\u00ednsula y Baleares, y ser\u00e1 fuerte en amplias zonas del norte y este peninsular y en Baleares, con intervalos de muy fuerte en el \u00e1rea cant\u00e1brica. Las temperaturas ascender\u00e1n de forma generalizada.<\/p>\n<p>En Canarias, un centro de bajas presiones en niveles altos, al oeste de las islas, podr\u00eda provocar precipitaciones durante el fin de semana en las islas occidentales, puntualmente intensas. Se esperan vientos de componente este podr\u00edan aportar calima a las islas orientales, tendiendo a restablecerse el alisio al final del domingo.<\/p>\n<p>El lunes 28 de diciembre el frente continuar\u00e1 barriendo la pen\u00ednsula, produciendo precipitaciones generalizadas salvo en \u00e1reas del mediterr\u00e1neo, nevadas en zonas altas y viento intenso. Las temperaturas nocturnas subir\u00e1n de forma significativa.<\/p>\n<p>Sin embargo, a partir del martes, el temporal de viento ir\u00e1 disminuyendo gradualmente, rolando a componente noroeste, seg\u00fan las previsiones del organismo estatal.<\/p>\n<p>Las precipitaciones podr\u00e1n ser persistentes durante los siguientes d\u00edas en el extremo noroeste peninsular y el litoral cant\u00e1brico. Es probable que tambi\u00e9n se produzcan, con car\u00e1cter d\u00e9bil y ocasional, en otras \u00e1reas de la vertiente atl\u00e1ntica y Baleares: el martes, al sistema Central, sierras orientales andaluzas, Baleares, Estrecho y Melilla; y los siguientes d\u00edas, de modo a\u00fan m\u00e1s d\u00e9bil y disperso, a algunas zonas del interior peninsular, Pirineos y Baleares.<\/p>\n<p>Las temperaturas descender\u00e1n el martes, manteni\u00e9ndose posteriormente sin grandes cambios. En Canarias, aunque con incertidumbre, ser\u00e1n probables a\u00fan las precipitaciones en las islas de m\u00e1s relieve, con tendencia a mantenerse el r\u00e9gimen de alisios.<\/p>\n","protected":false},"excerpt":{"rendered":"<p>(EP) &#8211; La entrada de una masa de aire fr\u00edo por el norte provocar\u00e1 un descenso generalizado de las temperaturas y heladas en amplias zonas del interior peninsular durante este fin de semana, seg\u00fan la predicci\u00f3n de la Agencia Estatal de Meteorolog\u00eda (AEMET). Este s\u00e1bado predominar\u00e1n las altas presiones y las precipitaciones tender\u00e1n a remitir<\/p>\n","protected":false},"author":1,"featured_media":150475,"comment_status":"closed","ping_status":"closed","sticky":false,"template":"","format":"standard","meta":{"footnotes":""},"categories":[1],"tags":[],"class_list":{"0":"post-150474","1":"post","2":"type-post","3":"status-publish","4":"format-standard","5":"has-post-thumbnail","7":"category-agenda"},"aioseo_notices":[],"aioseo_head":"\n\t\t<!-- All in One SEO Pro 4.9.6.2 - aioseo.com -->\n\t<meta name=\"description\" content=\"(EP) - La entrada de una masa de aire fr\u00edo por el norte provocar\u00e1 un descenso generalizado de las temperaturas y heladas en amplias zonas del interior peninsular durante este fin de semana, seg\u00fan la predicci\u00f3n de la Agencia Estatal de Meteorolog\u00eda (AEMET). Este s\u00e1bado predominar\u00e1n las altas presiones y las precipitaciones tender\u00e1n a remitir\" \/>\n\t<meta name=\"robots\" content=\"max-image-preview:large\" \/>\n\t<meta name=\"author\" content=\"Cand\u00e1s 365\"\/>\n\t<meta name=\"google-site-verification\" content=\"UA-32230408-1\" \/>\n\t<meta name=\"msvalidate.01\" content=\"354F3CDFB2DA171B47FBE9ABF1F88D5\" \/>\n\t<meta name=\"keywords\" content=\"agenda\" \/>\n\t<link rel=\"canonical\" href=\"https:\/\/candas365.es\/noticias\/el-ultimo-fin-de-semana-de-2020-sera-muy-frio\/\" \/>\n\t<meta name=\"generator\" content=\"All in One SEO Pro (AIOSEO) 4.9.6.2\" \/>\n\t\t<meta property=\"og:locale\" content=\"es_ES\" \/>\n\t\t<meta property=\"og:site_name\" content=\"Cand\u00e1s 365\" \/>\n\t\t<meta property=\"og:type\" content=\"article\" \/>\n\t\t<meta property=\"og:title\" content=\"El \u00faltimo fin de semana de 2020 ser\u00e1 muy fr\u00edo | Cand\u00e1s 365\" \/>\n\t\t<meta property=\"og:description\" content=\"(EP) - La entrada de una masa de aire fr\u00edo por el norte provocar\u00e1 un descenso generalizado de las temperaturas y heladas en amplias zonas del interior peninsular durante este fin de semana, seg\u00fan la predicci\u00f3n de la Agencia Estatal de Meteorolog\u00eda (AEMET). Este s\u00e1bado predominar\u00e1n las altas presiones y las precipitaciones tender\u00e1n a remitir\" \/>\n\t\t<meta property=\"og:url\" content=\"https:\/\/candas365.es\/noticias\/el-ultimo-fin-de-semana-de-2020-sera-muy-frio\/\" \/>\n\t\t<meta property=\"og:image\" content=\"https:\/\/candas365.es\/noticias\/wp-content\/uploads\/2020\/12\/snow-4668099_640.jpg\" \/>\n\t\t<meta property=\"og:image:secure_url\" content=\"https:\/\/candas365.es\/noticias\/wp-content\/uploads\/2020\/12\/snow-4668099_640.jpg\" \/>\n\t\t<meta property=\"og:image:width\" content=\"640\" \/>\n\t\t<meta property=\"og:image:height\" content=\"408\" \/>\n\t\t<meta property=\"article:published_time\" content=\"2020-12-26T02:36:38+00:00\" \/>\n\t\t<meta property=\"article:modified_time\" content=\"2020-12-26T02:36:38+00:00\" \/>\n\t\t<meta property=\"article:publisher\" content=\"https:\/\/www.facebook.com\/Nachofdezber\" \/>\n\t\t<meta property=\"article:author\" content=\"https:\/\/www.facebook.com\/carrenoactualidad\" \/>\n\t\t<meta name=\"twitter:card\" content=\"summary_large_image\" \/>\n\t\t<meta name=\"twitter:site\" content=\"@NabercoDigital\" \/>\n\t\t<meta name=\"twitter:title\" content=\"El \u00faltimo fin de semana de 2020 ser\u00e1 muy fr\u00edo | Cand\u00e1s 365\" \/>\n\t\t<meta name=\"twitter:description\" content=\"(EP) - La entrada de una masa de aire fr\u00edo por el norte provocar\u00e1 un descenso generalizado de las temperaturas y heladas en amplias zonas del interior peninsular durante este fin de semana, seg\u00fan la predicci\u00f3n de la Agencia Estatal de Meteorolog\u00eda (AEMET). Este s\u00e1bado predominar\u00e1n las altas presiones y las precipitaciones tender\u00e1n a remitir\" \/>\n\t\t<meta name=\"twitter:creator\" content=\"@nbasturias\" \/>\n\t\t<meta name=\"twitter:image\" content=\"https:\/\/candas365.es\/noticias\/wp-content\/uploads\/2020\/12\/snow-4668099_640.jpg\" \/>\n\t\t<meta name=\"twitter:label1\" content=\"Escrito por\" \/>\n\t\t<meta name=\"twitter:data1\" content=\"Cand\u00e1s 365\" \/>\n\t\t<meta name=\"twitter:label2\" content=\"Tiempo de lectura estimado\" \/>\n\t\t<meta name=\"twitter:data2\" content=\"2 minutos\" \/>\n\t\t<script type=\"application\/ld+json\" class=\"aioseo-schema\">\n\t\t\t{\"@context\":\"https:\\\/\\\/schema.org\",\"@graph\":[{\"@type\":\"BreadcrumbList\",\"@id\":\"https:\\\/\\\/candas365.es\\\/noticias\\\/el-ultimo-fin-de-semana-de-2020-sera-muy-frio\\\/#breadcrumblist\",\"itemListElement\":[{\"@type\":\"ListItem\",\"@id\":\"https:\\\/\\\/candas365.es\\\/noticias#listItem\",\"position\":1,\"name\":\"Home\",\"item\":\"https:\\\/\\\/candas365.es\\\/noticias\",\"nextItem\":{\"@type\":\"ListItem\",\"@id\":\"https:\\\/\\\/candas365.es\\\/noticias\\\/category\\\/agenda\\\/#listItem\",\"name\":\"Agenda\"}},{\"@type\":\"ListItem\",\"@id\":\"https:\\\/\\\/candas365.es\\\/noticias\\\/category\\\/agenda\\\/#listItem\",\"position\":2,\"name\":\"Agenda\",\"item\":\"https:\\\/\\\/candas365.es\\\/noticias\\\/category\\\/agenda\\\/\",\"nextItem\":{\"@type\":\"ListItem\",\"@id\":\"https:\\\/\\\/candas365.es\\\/noticias\\\/el-ultimo-fin-de-semana-de-2020-sera-muy-frio\\\/#listItem\",\"name\":\"El \\u00faltimo fin de semana de 2020 ser\\u00e1 muy fr\\u00edo\"},\"previousItem\":{\"@type\":\"ListItem\",\"@id\":\"https:\\\/\\\/candas365.es\\\/noticias#listItem\",\"name\":\"Home\"}},{\"@type\":\"ListItem\",\"@id\":\"https:\\\/\\\/candas365.es\\\/noticias\\\/el-ultimo-fin-de-semana-de-2020-sera-muy-frio\\\/#listItem\",\"position\":3,\"name\":\"El \\u00faltimo fin de semana de 2020 ser\\u00e1 muy fr\\u00edo\",\"previousItem\":{\"@type\":\"ListItem\",\"@id\":\"https:\\\/\\\/candas365.es\\\/noticias\\\/category\\\/agenda\\\/#listItem\",\"name\":\"Agenda\"}}]},{\"@type\":\"NewsArticle\",\"@id\":\"https:\\\/\\\/candas365.es\\\/noticias\\\/el-ultimo-fin-de-semana-de-2020-sera-muy-frio\\\/#newsarticle\",\"name\":\"El \\u00faltimo fin de semana de 2020 ser\\u00e1 muy fr\\u00edo | Cand\\u00e1s 365\",\"headline\":\"El \\u00faltimo fin de semana de 2020 ser\\u00e1 muy fr\\u00edo\",\"author\":{\"@id\":\"https:\\\/\\\/candas365.es\\\/noticias\\\/author\\\/admin\\\/#author\"},\"publisher\":{\"@id\":\"https:\\\/\\\/candas365.es\\\/noticias\\\/#organization\"},\"image\":{\"@type\":\"ImageObject\",\"url\":\"https:\\\/\\\/candas365.es\\\/noticias\\\/wp-content\\\/uploads\\\/2020\\\/12\\\/snow-4668099_640.jpg\",\"width\":640,\"height\":408},\"datePublished\":\"2020-12-26T02:36:38+01:00\",\"dateModified\":\"2020-12-26T02:36:38+01:00\",\"inLanguage\":\"es-ES\",\"mainEntityOfPage\":{\"@id\":\"https:\\\/\\\/candas365.es\\\/noticias\\\/el-ultimo-fin-de-semana-de-2020-sera-muy-frio\\\/#webpage\"},\"isPartOf\":{\"@id\":\"https:\\\/\\\/candas365.es\\\/noticias\\\/el-ultimo-fin-de-semana-de-2020-sera-muy-frio\\\/#webpage\"},\"articleSection\":\"Agenda\",\"dateline\":\"Publicado el diciembre 26, 2020.\"},{\"@type\":\"Organization\",\"@id\":\"https:\\\/\\\/candas365.es\\\/noticias\\\/#organization\",\"name\":\"Cand\\u00e1s 365\",\"description\":\"Cand\\u00e1s 365 es un diario digital independiente, fundado en 2012, con base en Asturias. Informamos con rigor sobre actualidad, sociedad, cultura y ocio, con una mirada local y global.\",\"url\":\"https:\\\/\\\/candas365.es\\\/noticias\\\/\",\"email\":\"info@candas365.es\",\"telephone\":\"+34652131393\",\"foundingDate\":\"2012-06-10\",\"logo\":{\"@type\":\"ImageObject\",\"url\":\"https:\\\/\\\/candas365.es\\\/noticias\\\/wp-content\\\/uploads\\\/2024\\\/09\\\/Candas-365-Redes.jpg\",\"@id\":\"https:\\\/\\\/candas365.es\\\/noticias\\\/el-ultimo-fin-de-semana-de-2020-sera-muy-frio\\\/#organizationLogo\",\"width\":1152,\"height\":864,\"caption\":\"Cand\\u00e1s 365 Redes\"},\"image\":{\"@id\":\"https:\\\/\\\/candas365.es\\\/noticias\\\/el-ultimo-fin-de-semana-de-2020-sera-muy-frio\\\/#organizationLogo\"},\"sameAs\":[\"https:\\\/\\\/www.facebook.com\\\/Nachofdezber\",\"https:\\\/\\\/x.com\\\/NabercoDigital\",\"https:\\\/\\\/www.instagram.com\\\/nachofdezber\\\/\",\"https:\\\/\\\/www.youtube.com\\\/channel\\\/UCZP-2wLEB9Rv6erhFmqVnvg\"],\"address\":{\"@id\":\"https:\\\/\\\/candas365.es\\\/noticias\\\/#postaladdress\",\"@type\":\"PostalAddress\",\"streetAddress\":\"san antonio 4, san antonio 4\",\"postalCode\":\"33430\",\"addressLocality\":\"Cand\\u00e1s\",\"addressRegion\":\"Asturias\",\"addressCountry\":\"ES\"}},{\"@type\":\"Person\",\"@id\":\"https:\\\/\\\/candas365.es\\\/noticias\\\/author\\\/admin\\\/#author\",\"url\":\"https:\\\/\\\/candas365.es\\\/noticias\\\/author\\\/admin\\\/\",\"name\":\"Cand\\u00e1s 365\",\"image\":{\"@type\":\"ImageObject\",\"@id\":\"https:\\\/\\\/candas365.es\\\/noticias\\\/el-ultimo-fin-de-semana-de-2020-sera-muy-frio\\\/#authorImage\",\"url\":\"https:\\\/\\\/secure.gravatar.com\\\/avatar\\\/496a8e03d0c493ede1718b7934145dbdf8d89be1036b0eec9544e1094c9de390?s=96&d=mm&r=g\",\"width\":96,\"height\":96,\"caption\":\"Cand\\u00e1s 365\"},\"sameAs\":[\"https:\\\/\\\/www.facebook.com\\\/carrenoactualidad\",\"https:\\\/\\\/twitter.com\\\/nbasturias\",\"https:\\\/\\\/www.instagram.com\\\/nachofdezber\\\/\",\"https:\\\/\\\/www.youtube.com\\\/channel\\\/UCZP-2wLEB9Rv6erhFmqVnvg\"]},{\"@type\":\"WebPage\",\"@id\":\"https:\\\/\\\/candas365.es\\\/noticias\\\/el-ultimo-fin-de-semana-de-2020-sera-muy-frio\\\/#webpage\",\"url\":\"https:\\\/\\\/candas365.es\\\/noticias\\\/el-ultimo-fin-de-semana-de-2020-sera-muy-frio\\\/\",\"name\":\"El \\u00faltimo fin de semana de 2020 ser\\u00e1 muy fr\\u00edo | Cand\\u00e1s 365\",\"description\":\"(EP) - La entrada de una masa de aire fr\\u00edo por el norte provocar\\u00e1 un descenso generalizado de las temperaturas y heladas en amplias zonas del interior peninsular durante este fin de semana, seg\\u00fan la predicci\\u00f3n de la Agencia Estatal de Meteorolog\\u00eda (AEMET). Este s\\u00e1bado predominar\\u00e1n las altas presiones y las precipitaciones tender\\u00e1n a remitir\",\"inLanguage\":\"es-ES\",\"isPartOf\":{\"@id\":\"https:\\\/\\\/candas365.es\\\/noticias\\\/#website\"},\"breadcrumb\":{\"@id\":\"https:\\\/\\\/candas365.es\\\/noticias\\\/el-ultimo-fin-de-semana-de-2020-sera-muy-frio\\\/#breadcrumblist\"},\"author\":{\"@id\":\"https:\\\/\\\/candas365.es\\\/noticias\\\/author\\\/admin\\\/#author\"},\"creator\":{\"@id\":\"https:\\\/\\\/candas365.es\\\/noticias\\\/author\\\/admin\\\/#author\"},\"image\":{\"@type\":\"ImageObject\",\"url\":\"https:\\\/\\\/candas365.es\\\/noticias\\\/wp-content\\\/uploads\\\/2020\\\/12\\\/snow-4668099_640.jpg\",\"@id\":\"https:\\\/\\\/candas365.es\\\/noticias\\\/el-ultimo-fin-de-semana-de-2020-sera-muy-frio\\\/#mainImage\",\"width\":640,\"height\":408},\"primaryImageOfPage\":{\"@id\":\"https:\\\/\\\/candas365.es\\\/noticias\\\/el-ultimo-fin-de-semana-de-2020-sera-muy-frio\\\/#mainImage\"},\"datePublished\":\"2020-12-26T02:36:38+01:00\",\"dateModified\":\"2020-12-26T02:36:38+01:00\"},{\"@type\":\"WebSite\",\"@id\":\"https:\\\/\\\/candas365.es\\\/noticias\\\/#website\",\"url\":\"https:\\\/\\\/candas365.es\\\/noticias\\\/\",\"name\":\"Cand\\u00e1s 365\",\"alternateName\":\"Cand\\u00e1s 365 Noticias\",\"description\":\"Actualidad desde Carre\\u00f1o para el mundo\",\"inLanguage\":\"es-ES\",\"publisher\":{\"@id\":\"https:\\\/\\\/candas365.es\\\/noticias\\\/#organization\"}}]}\n\t\t<\/script>\n\t\t<!-- All in One SEO Pro -->\r\n\t\t<title>El \u00faltimo fin de semana de 2020 ser\u00e1 muy fr\u00edo | Cand\u00e1s 365<\/title>\n\n","aioseo_head_json":{"title":"El \u00faltimo fin de semana de 2020 ser\u00e1 muy fr\u00edo | Cand\u00e1s 365","description":"(EP) - La entrada de una masa de aire fr\u00edo por el norte provocar\u00e1 un descenso generalizado de las temperaturas y heladas en amplias zonas del interior peninsular durante este fin de semana, seg\u00fan la predicci\u00f3n de la Agencia Estatal de Meteorolog\u00eda (AEMET). Este s\u00e1bado predominar\u00e1n las altas presiones y las precipitaciones tender\u00e1n a remitir","canonical_url":"https:\/\/candas365.es\/noticias\/el-ultimo-fin-de-semana-de-2020-sera-muy-frio\/","robots":"max-image-preview:large","keywords":"agenda","webmasterTools":{"google-site-verification":"UA-32230408-1","msvalidate.01":"354F3CDFB2DA171B47FBE9ABF1F88D5","miscellaneous":""},"schema":{"@context":"https:\/\/schema.org","@graph":[{"@type":"BreadcrumbList","@id":"https:\/\/candas365.es\/noticias\/el-ultimo-fin-de-semana-de-2020-sera-muy-frio\/#breadcrumblist","itemListElement":[{"@type":"ListItem","@id":"https:\/\/candas365.es\/noticias#listItem","position":1,"name":"Home","item":"https:\/\/candas365.es\/noticias","nextItem":{"@type":"ListItem","@id":"https:\/\/candas365.es\/noticias\/category\/agenda\/#listItem","name":"Agenda"}},{"@type":"ListItem","@id":"https:\/\/candas365.es\/noticias\/category\/agenda\/#listItem","position":2,"name":"Agenda","item":"https:\/\/candas365.es\/noticias\/category\/agenda\/","nextItem":{"@type":"ListItem","@id":"https:\/\/candas365.es\/noticias\/el-ultimo-fin-de-semana-de-2020-sera-muy-frio\/#listItem","name":"El \u00faltimo fin de semana de 2020 ser\u00e1 muy fr\u00edo"},"previousItem":{"@type":"ListItem","@id":"https:\/\/candas365.es\/noticias#listItem","name":"Home"}},{"@type":"ListItem","@id":"https:\/\/candas365.es\/noticias\/el-ultimo-fin-de-semana-de-2020-sera-muy-frio\/#listItem","position":3,"name":"El \u00faltimo fin de semana de 2020 ser\u00e1 muy fr\u00edo","previousItem":{"@type":"ListItem","@id":"https:\/\/candas365.es\/noticias\/category\/agenda\/#listItem","name":"Agenda"}}]},{"@type":"NewsArticle","@id":"https:\/\/candas365.es\/noticias\/el-ultimo-fin-de-semana-de-2020-sera-muy-frio\/#newsarticle","name":"El \u00faltimo fin de semana de 2020 ser\u00e1 muy fr\u00edo | Cand\u00e1s 365","headline":"El \u00faltimo fin de semana de 2020 ser\u00e1 muy fr\u00edo","author":{"@id":"https:\/\/candas365.es\/noticias\/author\/admin\/#author"},"publisher":{"@id":"https:\/\/candas365.es\/noticias\/#organization"},"image":{"@type":"ImageObject","url":"https:\/\/candas365.es\/noticias\/wp-content\/uploads\/2020\/12\/snow-4668099_640.jpg","width":640,"height":408},"datePublished":"2020-12-26T02:36:38+01:00","dateModified":"2020-12-26T02:36:38+01:00","inLanguage":"es-ES","mainEntityOfPage":{"@id":"https:\/\/candas365.es\/noticias\/el-ultimo-fin-de-semana-de-2020-sera-muy-frio\/#webpage"},"isPartOf":{"@id":"https:\/\/candas365.es\/noticias\/el-ultimo-fin-de-semana-de-2020-sera-muy-frio\/#webpage"},"articleSection":"Agenda","dateline":"Publicado el diciembre 26, 2020."},{"@type":"Organization","@id":"https:\/\/candas365.es\/noticias\/#organization","name":"Cand\u00e1s 365","description":"Cand\u00e1s 365 es un diario digital independiente, fundado en 2012, con base en Asturias. Informamos con rigor sobre actualidad, sociedad, cultura y ocio, con una mirada local y global.","url":"https:\/\/candas365.es\/noticias\/","email":"info@candas365.es","telephone":"+34652131393","foundingDate":"2012-06-10","logo":{"@type":"ImageObject","url":"https:\/\/candas365.es\/noticias\/wp-content\/uploads\/2024\/09\/Candas-365-Redes.jpg","@id":"https:\/\/candas365.es\/noticias\/el-ultimo-fin-de-semana-de-2020-sera-muy-frio\/#organizationLogo","width":1152,"height":864,"caption":"Cand\u00e1s 365 Redes"},"image":{"@id":"https:\/\/candas365.es\/noticias\/el-ultimo-fin-de-semana-de-2020-sera-muy-frio\/#organizationLogo"},"sameAs":["https:\/\/www.facebook.com\/Nachofdezber","https:\/\/x.com\/NabercoDigital","https:\/\/www.instagram.com\/nachofdezber\/","https:\/\/www.youtube.com\/channel\/UCZP-2wLEB9Rv6erhFmqVnvg"],"address":{"@id":"https:\/\/candas365.es\/noticias\/#postaladdress","@type":"PostalAddress","streetAddress":"san antonio 4, san antonio 4","postalCode":"33430","addressLocality":"Cand\u00e1s","addressRegion":"Asturias","addressCountry":"ES"}},{"@type":"Person","@id":"https:\/\/candas365.es\/noticias\/author\/admin\/#author","url":"https:\/\/candas365.es\/noticias\/author\/admin\/","name":"Cand\u00e1s 365","image":{"@type":"ImageObject","@id":"https:\/\/candas365.es\/noticias\/el-ultimo-fin-de-semana-de-2020-sera-muy-frio\/#authorImage","url":"https:\/\/secure.gravatar.com\/avatar\/496a8e03d0c493ede1718b7934145dbdf8d89be1036b0eec9544e1094c9de390?s=96&d=mm&r=g","width":96,"height":96,"caption":"Cand\u00e1s 365"},"sameAs":["https:\/\/www.facebook.com\/carrenoactualidad","https:\/\/twitter.com\/nbasturias","https:\/\/www.instagram.com\/nachofdezber\/","https:\/\/www.youtube.com\/channel\/UCZP-2wLEB9Rv6erhFmqVnvg"]},{"@type":"WebPage","@id":"https:\/\/candas365.es\/noticias\/el-ultimo-fin-de-semana-de-2020-sera-muy-frio\/#webpage","url":"https:\/\/candas365.es\/noticias\/el-ultimo-fin-de-semana-de-2020-sera-muy-frio\/","name":"El \u00faltimo fin de semana de 2020 ser\u00e1 muy fr\u00edo | Cand\u00e1s 365","description":"(EP) - La entrada de una masa de aire fr\u00edo por el norte provocar\u00e1 un descenso generalizado de las temperaturas y heladas en amplias zonas del interior peninsular durante este fin de semana, seg\u00fan la predicci\u00f3n de la Agencia Estatal de Meteorolog\u00eda (AEMET). Este s\u00e1bado predominar\u00e1n las altas presiones y las precipitaciones tender\u00e1n a remitir","inLanguage":"es-ES","isPartOf":{"@id":"https:\/\/candas365.es\/noticias\/#website"},"breadcrumb":{"@id":"https:\/\/candas365.es\/noticias\/el-ultimo-fin-de-semana-de-2020-sera-muy-frio\/#breadcrumblist"},"author":{"@id":"https:\/\/candas365.es\/noticias\/author\/admin\/#author"},"creator":{"@id":"https:\/\/candas365.es\/noticias\/author\/admin\/#author"},"image":{"@type":"ImageObject","url":"https:\/\/candas365.es\/noticias\/wp-content\/uploads\/2020\/12\/snow-4668099_640.jpg","@id":"https:\/\/candas365.es\/noticias\/el-ultimo-fin-de-semana-de-2020-sera-muy-frio\/#mainImage","width":640,"height":408},"primaryImageOfPage":{"@id":"https:\/\/candas365.es\/noticias\/el-ultimo-fin-de-semana-de-2020-sera-muy-frio\/#mainImage"},"datePublished":"2020-12-26T02:36:38+01:00","dateModified":"2020-12-26T02:36:38+01:00"},{"@type":"WebSite","@id":"https:\/\/candas365.es\/noticias\/#website","url":"https:\/\/candas365.es\/noticias\/","name":"Cand\u00e1s 365","alternateName":"Cand\u00e1s 365 Noticias","description":"Actualidad desde Carre\u00f1o para el mundo","inLanguage":"es-ES","publisher":{"@id":"https:\/\/candas365.es\/noticias\/#organization"}}]},"og:locale":"es_ES","og:site_name":"Cand\u00e1s 365","og:type":"article","og:title":"El \u00faltimo fin de semana de 2020 ser\u00e1 muy fr\u00edo | Cand\u00e1s 365","og:description":"(EP) - La entrada de una masa de aire fr\u00edo por el norte provocar\u00e1 un descenso generalizado de las temperaturas y heladas en amplias zonas del interior peninsular durante este fin de semana, seg\u00fan la predicci\u00f3n de la Agencia Estatal de Meteorolog\u00eda (AEMET). Este s\u00e1bado predominar\u00e1n las altas presiones y las precipitaciones tender\u00e1n a remitir","og:url":"https:\/\/candas365.es\/noticias\/el-ultimo-fin-de-semana-de-2020-sera-muy-frio\/","og:image":"https:\/\/candas365.es\/noticias\/wp-content\/uploads\/2020\/12\/snow-4668099_640.jpg","og:image:secure_url":"https:\/\/candas365.es\/noticias\/wp-content\/uploads\/2020\/12\/snow-4668099_640.jpg","og:image:width":640,"og:image:height":408,"article:published_time":"2020-12-26T02:36:38+00:00","article:modified_time":"2020-12-26T02:36:38+00:00","article:publisher":"https:\/\/www.facebook.com\/Nachofdezber","article:author":"https:\/\/www.facebook.com\/carrenoactualidad","twitter:card":"summary_large_image","twitter:site":"@NabercoDigital","twitter:title":"El \u00faltimo fin de semana de 2020 ser\u00e1 muy fr\u00edo | Cand\u00e1s 365","twitter:description":"(EP) - La entrada de una masa de aire fr\u00edo por el norte provocar\u00e1 un descenso generalizado de las temperaturas y heladas en amplias zonas del interior peninsular durante este fin de semana, seg\u00fan la predicci\u00f3n de la Agencia Estatal de Meteorolog\u00eda (AEMET). Este s\u00e1bado predominar\u00e1n las altas presiones y las precipitaciones tender\u00e1n a remitir","twitter:creator":"@nbasturias","twitter:image":"https:\/\/candas365.es\/noticias\/wp-content\/uploads\/2020\/12\/snow-4668099_640.jpg","twitter:label1":"Escrito por","twitter:data1":"Cand\u00e1s 365","twitter:label2":"Tiempo de lectura estimado","twitter:data2":"2 minutos"},"aioseo_meta_data":{"post_id":"150474","title":null,"description":null,"keywords":null,"keyphrases":null,"primary_term":null,"canonical_url":null,"og_title":null,"og_description":null,"og_object_type":"default","og_image_type":"default","og_image_url":null,"og_image_width":null,"og_image_height":null,"og_image_custom_url":null,"og_image_custom_fields":null,"og_video":null,"og_custom_url":null,"og_article_section":null,"og_article_tags":null,"twitter_use_og":false,"twitter_card":"default","twitter_image_type":"default","twitter_image_url":null,"twitter_image_custom_url":null,"twitter_image_custom_fields":null,"twitter_title":null,"twitter_description":null,"schema":{"blockGraphs":[],"customGraphs":[],"default":{"data":{"Article":[],"Course":[],"Dataset":[],"FAQPage":[],"Movie":[],"Person":[],"Product":[],"ProductReview":[],"Car":[],"Recipe":[],"Service":[],"SoftwareApplication":[],"WebPage":[]},"graphName":"","isEnabled":true},"graphs":[],"defaultGraph":"","defaultPostTypeGraph":""},"schema_type":null,"schema_type_options":null,"pillar_content":false,"robots_default":true,"robots_noindex":false,"robots_noarchive":false,"robots_nosnippet":false,"robots_nofollow":false,"robots_noimageindex":false,"robots_noodp":false,"robots_notranslate":false,"robots_max_snippet":null,"robots_max_videopreview":null,"robots_max_imagepreview":"large","priority":null,"frequency":null,"location":null,"local_seo":null,"seo_analyzer_scan_date":"2025-08-31 16:02:12","breadcrumb_settings":null,"limit_modified_date":false,"reviewed_by":null,"open_ai":null,"ai":null,"created":"2021-01-27 20:32:28","updated":"2025-08-31 16:02:12"},"aioseo_breadcrumb":"<div class=\"aioseo-breadcrumbs\"><span class=\"aioseo-breadcrumb\">\n\t<a href=\"https:\/\/candas365.es\/noticias\" title=\"Home\">Home<\/a>\n<\/span><span class=\"aioseo-breadcrumb-separator\">&ndash;<\/span><span class=\"aioseo-breadcrumb\">\n\t<a href=\"https:\/\/candas365.es\/noticias\/category\/agenda\/\" title=\"Agenda\">Agenda<\/a>\n<\/span><span class=\"aioseo-breadcrumb-separator\">&ndash;<\/span><span class=\"aioseo-breadcrumb\">\n\tEl \u00faltimo fin de semana de 2020 ser\u00e1 muy fr\u00edo\n<\/span><\/div>","aioseo_breadcrumb_json":[{"label":"Home","link":"https:\/\/candas365.es\/noticias"},{"label":"Agenda","link":"https:\/\/candas365.es\/noticias\/category\/agenda\/"},{"label":"El \u00faltimo fin de semana de 2020 ser\u00e1 muy fr\u00edo","link":"https:\/\/candas365.es\/noticias\/el-ultimo-fin-de-semana-de-2020-sera-muy-frio\/"}],"_links":{"self":[{"href":"https:\/\/candas365.es\/noticias\/wp-json\/wp\/v2\/posts\/150474","targetHints":{"allow":["GET"]}}],"collection":[{"href":"https:\/\/candas365.es\/noticias\/wp-json\/wp\/v2\/posts"}],"about":[{"href":"https:\/\/candas365.es\/noticias\/wp-json\/wp\/v2\/types\/post"}],"author":[{"embeddable":true,"href":"https:\/\/candas365.es\/noticias\/wp-json\/wp\/v2\/users\/1"}],"replies":[{"embeddable":true,"href":"https:\/\/candas365.es\/noticias\/wp-json\/wp\/v2\/comments?post=150474"}],"version-history":[{"count":0,"href":"https:\/\/candas365.es\/noticias\/wp-json\/wp\/v2\/posts\/150474\/revisions"}],"wp:featuredmedia":[{"embeddable":true,"href":"https:\/\/candas365.es\/noticias\/wp-json\/wp\/v2\/media\/150475"}],"wp:attachment":[{"href":"https:\/\/candas365.es\/noticias\/wp-json\/wp\/v2\/media?parent=150474"}],"wp:term":[{"taxonomy":"category","embeddable":true,"href":"https:\/\/candas365.es\/noticias\/wp-json\/wp\/v2\/categories?post=150474"},{"taxonomy":"post_tag","embeddable":true,"href":"https:\/\/candas365.es\/noticias\/wp-json\/wp\/v2\/tags?post=150474"}],"curies":[{"name":"wp","href":"https:\/\/api.w.org\/{rel}","templated":true}]}}