{"id":150217,"date":"2020-12-17T19:59:17","date_gmt":"2020-12-17T19:59:17","guid":{"rendered":"http:\/\/candas365.es\/noticias\/?p=150217"},"modified":"2020-12-17T19:59:17","modified_gmt":"2020-12-17T19:59:17","slug":"la-v-exposicion-internacional-de-arte-postal-de-aviles-bate-record","status":"publish","type":"post","link":"https:\/\/candas365.es\/noticias\/la-v-exposicion-internacional-de-arte-postal-de-aviles-bate-record\/","title":{"rendered":"La V Exposici\u00f3n Internacional de Arte Postal de Avil\u00e9s bate r\u00e9cord"},"content":{"rendered":"<p><img fetchpriority=\"high\" decoding=\"async\" class=\"alignleft size-medium wp-image-19705\" src=\"https:\/\/candas365.es\/noticias\/wp-content\/uploads\/2015\/11\/Ayuntamiento-de-Avil\u00e9s-360x198.jpg\" alt=\"\" width=\"360\" height=\"198\" srcset=\"https:\/\/candas365.es\/noticias\/wp-content\/uploads\/2015\/11\/Ayuntamiento-de-Avil\u00e9s-360x198.jpg 360w, https:\/\/candas365.es\/noticias\/wp-content\/uploads\/2015\/11\/Ayuntamiento-de-Avil\u00e9s-650x357.jpg 650w, https:\/\/candas365.es\/noticias\/wp-content\/uploads\/2015\/11\/Ayuntamiento-de-Avil\u00e9s-150x82.jpg 150w, https:\/\/candas365.es\/noticias\/wp-content\/uploads\/2015\/11\/Ayuntamiento-de-Avil\u00e9s-450x247.jpg 450w, https:\/\/candas365.es\/noticias\/wp-content\/uploads\/2015\/11\/Ayuntamiento-de-Avil\u00e9s.jpg 655w\" sizes=\"(max-width: 360px) 100vw, 360px\" \/>(EP) &#8211; La V Exposici\u00f3n Internacional de Arte Postal de Avil\u00e9s, dedicada en esta edici\u00f3n a la tierra, ha recibido m\u00e1s de 500 obras procedentes de artistas de 32 pa\u00edses, con lo que supera las cifras de las ediciones anteriores.<\/p>\n<p>Esta iniciativa de la concejal\u00eda de Cultura de Avil\u00e9s, con la colaboraci\u00f3n de la Sociedad Estatal Correos, ser\u00e1 inaugurada de forma oficial por Yolanda Alonso, concejala de Cultura, este viernes 18 de diciembre, a las 18.00 horas en la sala de exposiciones del Palacio de Valdecarzana. Permanecer\u00e1 en exhibici\u00f3n, de forma gratuita, hasta el 15 de enero de 2021.<\/p>\n<p>La cooperaci\u00f3n entre Correos y la concejal\u00eda de Cultura cristalizar\u00e1 en la edici\u00f3n de un sello en 2021 dedicado al arte postal, para lo cual, se elegir\u00e1 una de entre las 500 postales art\u00edsticas recibidas y que constituyen la exposici\u00f3n. Se trata del primer sello circulado en el mundo sobre el mail art, y protagonizado desde Avil\u00e9s.<\/p>\n<p>Asimismo, una selecci\u00f3n de las obras postales expuestas en Avil\u00e9s se trasladar\u00e1 al Museo Postal y Telegr\u00e1fico que Correos tiene en Madrid, y all\u00ed ser\u00e1 mostrada al p\u00fablico junto al resto de contenidos de este espacio.<\/p>\n<p>El horario de visita, gratuita, es de lunes a viernes de 11.00 a 14.00 y de 18.00 a 21.00 horas. La V Exposici\u00f3n Internacional de Arte Postal de Avil\u00e9s permanecer\u00e1 en exhibici\u00f3n hasta el 15 de enero de 2021.<\/p>\n<p>El acceso a la sala de exposiciones del Palacio de Valdecarzana cuenta con todas las medidas de protecci\u00f3n sanitaria frente a la pandemia del COVID-19.<\/p>\n<p>&nbsp;<\/p>\n","protected":false},"excerpt":{"rendered":"<p>(EP) &#8211; La V Exposici\u00f3n Internacional de Arte Postal de Avil\u00e9s, dedicada en esta edici\u00f3n a la tierra, ha recibido m\u00e1s de 500 obras procedentes de artistas de 32 pa\u00edses, con lo que supera las cifras de las ediciones anteriores. Esta iniciativa de la concejal\u00eda de Cultura de Avil\u00e9s, con la colaboraci\u00f3n de la Sociedad<\/p>\n","protected":false},"author":1,"featured_media":19705,"comment_status":"closed","ping_status":"closed","sticky":false,"template":"","format":"standard","meta":{"footnotes":""},"categories":[1],"tags":[],"class_list":{"0":"post-150217","1":"post","2":"type-post","3":"status-publish","4":"format-standard","5":"has-post-thumbnail","7":"category-agenda"},"aioseo_notices":[],"aioseo_head":"\n\t\t<!-- All in One SEO Pro 4.9.6.2 - aioseo.com -->\n\t<meta name=\"description\" content=\"La V Exposici\u00f3n Internacional de Arte Postal de Avil\u00e9s permanecer\u00e1 en exhibici\u00f3n hasta el 15 de enero de 2021.\" \/>\n\t<meta name=\"robots\" content=\"max-image-preview:large\" \/>\n\t<meta name=\"author\" content=\"Cand\u00e1s 365\"\/>\n\t<meta name=\"google-site-verification\" content=\"UA-32230408-1\" \/>\n\t<meta name=\"msvalidate.01\" content=\"354F3CDFB2DA171B47FBE9ABF1F88D5\" \/>\n\t<meta name=\"keywords\" content=\"agenda 365,agenda\" \/>\n\t<link rel=\"canonical\" href=\"https:\/\/candas365.es\/noticias\/la-v-exposicion-internacional-de-arte-postal-de-aviles-bate-record\/\" \/>\n\t<meta name=\"generator\" content=\"All in One SEO Pro (AIOSEO) 4.9.6.2\" \/>\n\t\t<meta property=\"og:locale\" content=\"es_ES\" \/>\n\t\t<meta property=\"og:site_name\" content=\"Cand\u00e1s 365\" \/>\n\t\t<meta property=\"og:type\" content=\"article\" \/>\n\t\t<meta property=\"og:title\" content=\"La V Exposici\u00f3n Internacional de Arte Postal de Avil\u00e9s bate r\u00e9cord | Cand\u00e1s 365\" \/>\n\t\t<meta property=\"og:description\" content=\"La V Exposici\u00f3n Internacional de Arte Postal de Avil\u00e9s permanecer\u00e1 en exhibici\u00f3n hasta el 15 de enero de 2021.\" \/>\n\t\t<meta property=\"og:url\" content=\"https:\/\/candas365.es\/noticias\/la-v-exposicion-internacional-de-arte-postal-de-aviles-bate-record\/\" \/>\n\t\t<meta property=\"og:image\" content=\"https:\/\/candas365.es\/noticias\/wp-content\/uploads\/2015\/11\/Ayuntamiento-de-Avil\u00e9s.jpg\" \/>\n\t\t<meta property=\"og:image:secure_url\" content=\"https:\/\/candas365.es\/noticias\/wp-content\/uploads\/2015\/11\/Ayuntamiento-de-Avil\u00e9s.jpg\" \/>\n\t\t<meta property=\"og:image:width\" content=\"655\" \/>\n\t\t<meta property=\"og:image:height\" content=\"360\" \/>\n\t\t<meta property=\"article:published_time\" content=\"2020-12-17T19:59:17+00:00\" \/>\n\t\t<meta property=\"article:modified_time\" content=\"2020-12-17T19:59:17+00:00\" \/>\n\t\t<meta property=\"article:publisher\" content=\"https:\/\/www.facebook.com\/Nachofdezber\" \/>\n\t\t<meta property=\"article:author\" content=\"https:\/\/www.facebook.com\/carrenoactualidad\" \/>\n\t\t<meta name=\"twitter:card\" content=\"summary_large_image\" \/>\n\t\t<meta name=\"twitter:site\" content=\"@NabercoDigital\" \/>\n\t\t<meta name=\"twitter:title\" content=\"La V Exposici\u00f3n Internacional de Arte Postal de Avil\u00e9s bate r\u00e9cord | Cand\u00e1s 365\" \/>\n\t\t<meta name=\"twitter:description\" content=\"La V Exposici\u00f3n Internacional de Arte Postal de Avil\u00e9s permanecer\u00e1 en exhibici\u00f3n hasta el 15 de enero de 2021.\" \/>\n\t\t<meta name=\"twitter:creator\" content=\"@nbasturias\" \/>\n\t\t<meta name=\"twitter:image\" content=\"https:\/\/candas365.es\/noticias\/wp-content\/uploads\/2015\/11\/Ayuntamiento-de-Avil\u00e9s.jpg\" \/>\n\t\t<meta name=\"twitter:label1\" content=\"Escrito por\" \/>\n\t\t<meta name=\"twitter:data1\" content=\"Cand\u00e1s 365\" \/>\n\t\t<meta name=\"twitter:label2\" content=\"Tiempo de lectura estimado\" \/>\n\t\t<meta name=\"twitter:data2\" content=\"1 minuto\" \/>\n\t\t<script type=\"application\/ld+json\" class=\"aioseo-schema\">\n\t\t\t{\"@context\":\"https:\\\/\\\/schema.org\",\"@graph\":[{\"@type\":\"BreadcrumbList\",\"@id\":\"https:\\\/\\\/candas365.es\\\/noticias\\\/la-v-exposicion-internacional-de-arte-postal-de-aviles-bate-record\\\/#breadcrumblist\",\"itemListElement\":[{\"@type\":\"ListItem\",\"@id\":\"https:\\\/\\\/candas365.es\\\/noticias#listItem\",\"position\":1,\"name\":\"Home\",\"item\":\"https:\\\/\\\/candas365.es\\\/noticias\",\"nextItem\":{\"@type\":\"ListItem\",\"@id\":\"https:\\\/\\\/candas365.es\\\/noticias\\\/category\\\/agenda\\\/#listItem\",\"name\":\"Agenda\"}},{\"@type\":\"ListItem\",\"@id\":\"https:\\\/\\\/candas365.es\\\/noticias\\\/category\\\/agenda\\\/#listItem\",\"position\":2,\"name\":\"Agenda\",\"item\":\"https:\\\/\\\/candas365.es\\\/noticias\\\/category\\\/agenda\\\/\",\"nextItem\":{\"@type\":\"ListItem\",\"@id\":\"https:\\\/\\\/candas365.es\\\/noticias\\\/la-v-exposicion-internacional-de-arte-postal-de-aviles-bate-record\\\/#listItem\",\"name\":\"La V Exposici\\u00f3n Internacional de Arte Postal de Avil\\u00e9s bate r\\u00e9cord\"},\"previousItem\":{\"@type\":\"ListItem\",\"@id\":\"https:\\\/\\\/candas365.es\\\/noticias#listItem\",\"name\":\"Home\"}},{\"@type\":\"ListItem\",\"@id\":\"https:\\\/\\\/candas365.es\\\/noticias\\\/la-v-exposicion-internacional-de-arte-postal-de-aviles-bate-record\\\/#listItem\",\"position\":3,\"name\":\"La V Exposici\\u00f3n Internacional de Arte Postal de Avil\\u00e9s bate r\\u00e9cord\",\"previousItem\":{\"@type\":\"ListItem\",\"@id\":\"https:\\\/\\\/candas365.es\\\/noticias\\\/category\\\/agenda\\\/#listItem\",\"name\":\"Agenda\"}}]},{\"@type\":\"NewsArticle\",\"@id\":\"https:\\\/\\\/candas365.es\\\/noticias\\\/la-v-exposicion-internacional-de-arte-postal-de-aviles-bate-record\\\/#newsarticle\",\"name\":\"La V Exposici\\u00f3n Internacional de Arte Postal de Avil\\u00e9s bate r\\u00e9cord | Cand\\u00e1s 365\",\"headline\":\"La V Exposici\\u00f3n Internacional de Arte Postal de Avil\\u00e9s bate r\\u00e9cord\",\"author\":{\"@id\":\"https:\\\/\\\/candas365.es\\\/noticias\\\/author\\\/admin\\\/#author\"},\"publisher\":{\"@id\":\"https:\\\/\\\/candas365.es\\\/noticias\\\/#organization\"},\"image\":{\"@type\":\"ImageObject\",\"url\":\"https:\\\/\\\/candas365.es\\\/noticias\\\/wp-content\\\/uploads\\\/2015\\\/11\\\/Ayuntamiento-de-Avil\\u00e9s.jpg\",\"width\":655,\"height\":360},\"datePublished\":\"2020-12-17T19:59:17+01:00\",\"dateModified\":\"2020-12-17T19:59:17+01:00\",\"inLanguage\":\"es-ES\",\"mainEntityOfPage\":{\"@id\":\"https:\\\/\\\/candas365.es\\\/noticias\\\/la-v-exposicion-internacional-de-arte-postal-de-aviles-bate-record\\\/#webpage\"},\"isPartOf\":{\"@id\":\"https:\\\/\\\/candas365.es\\\/noticias\\\/la-v-exposicion-internacional-de-arte-postal-de-aviles-bate-record\\\/#webpage\"},\"articleSection\":\"Agenda\",\"dateline\":\"Publicado el diciembre 17, 2020.\"},{\"@type\":\"Organization\",\"@id\":\"https:\\\/\\\/candas365.es\\\/noticias\\\/#organization\",\"name\":\"Cand\\u00e1s 365\",\"description\":\"Cand\\u00e1s 365 es un diario digital independiente, fundado en 2012, con base en Asturias. Informamos con rigor sobre actualidad, sociedad, cultura y ocio, con una mirada local y global.\",\"url\":\"https:\\\/\\\/candas365.es\\\/noticias\\\/\",\"email\":\"info@candas365.es\",\"telephone\":\"+34652131393\",\"foundingDate\":\"2012-06-10\",\"logo\":{\"@type\":\"ImageObject\",\"url\":\"https:\\\/\\\/candas365.es\\\/noticias\\\/wp-content\\\/uploads\\\/2024\\\/09\\\/Candas-365-Redes.jpg\",\"@id\":\"https:\\\/\\\/candas365.es\\\/noticias\\\/la-v-exposicion-internacional-de-arte-postal-de-aviles-bate-record\\\/#organizationLogo\",\"width\":1152,\"height\":864,\"caption\":\"Cand\\u00e1s 365 Redes\"},\"image\":{\"@id\":\"https:\\\/\\\/candas365.es\\\/noticias\\\/la-v-exposicion-internacional-de-arte-postal-de-aviles-bate-record\\\/#organizationLogo\"},\"sameAs\":[\"https:\\\/\\\/www.facebook.com\\\/Nachofdezber\",\"https:\\\/\\\/x.com\\\/NabercoDigital\",\"https:\\\/\\\/www.instagram.com\\\/nachofdezber\\\/\",\"https:\\\/\\\/www.youtube.com\\\/channel\\\/UCZP-2wLEB9Rv6erhFmqVnvg\"],\"address\":{\"@id\":\"https:\\\/\\\/candas365.es\\\/noticias\\\/#postaladdress\",\"@type\":\"PostalAddress\",\"streetAddress\":\"san antonio 4, san antonio 4\",\"postalCode\":\"33430\",\"addressLocality\":\"Cand\\u00e1s\",\"addressRegion\":\"Asturias\",\"addressCountry\":\"ES\"}},{\"@type\":\"Person\",\"@id\":\"https:\\\/\\\/candas365.es\\\/noticias\\\/author\\\/admin\\\/#author\",\"url\":\"https:\\\/\\\/candas365.es\\\/noticias\\\/author\\\/admin\\\/\",\"name\":\"Cand\\u00e1s 365\",\"image\":{\"@type\":\"ImageObject\",\"@id\":\"https:\\\/\\\/candas365.es\\\/noticias\\\/la-v-exposicion-internacional-de-arte-postal-de-aviles-bate-record\\\/#authorImage\",\"url\":\"https:\\\/\\\/secure.gravatar.com\\\/avatar\\\/496a8e03d0c493ede1718b7934145dbdf8d89be1036b0eec9544e1094c9de390?s=96&d=mm&r=g\",\"width\":96,\"height\":96,\"caption\":\"Cand\\u00e1s 365\"},\"sameAs\":[\"https:\\\/\\\/www.facebook.com\\\/carrenoactualidad\",\"https:\\\/\\\/twitter.com\\\/nbasturias\",\"https:\\\/\\\/www.instagram.com\\\/nachofdezber\\\/\",\"https:\\\/\\\/www.youtube.com\\\/channel\\\/UCZP-2wLEB9Rv6erhFmqVnvg\"]},{\"@type\":\"WebPage\",\"@id\":\"https:\\\/\\\/candas365.es\\\/noticias\\\/la-v-exposicion-internacional-de-arte-postal-de-aviles-bate-record\\\/#webpage\",\"url\":\"https:\\\/\\\/candas365.es\\\/noticias\\\/la-v-exposicion-internacional-de-arte-postal-de-aviles-bate-record\\\/\",\"name\":\"La V Exposici\\u00f3n Internacional de Arte Postal de Avil\\u00e9s bate r\\u00e9cord | Cand\\u00e1s 365\",\"description\":\"La V Exposici\\u00f3n Internacional de Arte Postal de Avil\\u00e9s permanecer\\u00e1 en exhibici\\u00f3n hasta el 15 de enero de 2021.\",\"inLanguage\":\"es-ES\",\"isPartOf\":{\"@id\":\"https:\\\/\\\/candas365.es\\\/noticias\\\/#website\"},\"breadcrumb\":{\"@id\":\"https:\\\/\\\/candas365.es\\\/noticias\\\/la-v-exposicion-internacional-de-arte-postal-de-aviles-bate-record\\\/#breadcrumblist\"},\"author\":{\"@id\":\"https:\\\/\\\/candas365.es\\\/noticias\\\/author\\\/admin\\\/#author\"},\"creator\":{\"@id\":\"https:\\\/\\\/candas365.es\\\/noticias\\\/author\\\/admin\\\/#author\"},\"image\":{\"@type\":\"ImageObject\",\"url\":\"https:\\\/\\\/candas365.es\\\/noticias\\\/wp-content\\\/uploads\\\/2015\\\/11\\\/Ayuntamiento-de-Avil\\u00e9s.jpg\",\"@id\":\"https:\\\/\\\/candas365.es\\\/noticias\\\/la-v-exposicion-internacional-de-arte-postal-de-aviles-bate-record\\\/#mainImage\",\"width\":655,\"height\":360},\"primaryImageOfPage\":{\"@id\":\"https:\\\/\\\/candas365.es\\\/noticias\\\/la-v-exposicion-internacional-de-arte-postal-de-aviles-bate-record\\\/#mainImage\"},\"datePublished\":\"2020-12-17T19:59:17+01:00\",\"dateModified\":\"2020-12-17T19:59:17+01:00\"},{\"@type\":\"WebSite\",\"@id\":\"https:\\\/\\\/candas365.es\\\/noticias\\\/#website\",\"url\":\"https:\\\/\\\/candas365.es\\\/noticias\\\/\",\"name\":\"Cand\\u00e1s 365\",\"alternateName\":\"Cand\\u00e1s 365 Noticias\",\"description\":\"Actualidad desde Carre\\u00f1o para el mundo\",\"inLanguage\":\"es-ES\",\"publisher\":{\"@id\":\"https:\\\/\\\/candas365.es\\\/noticias\\\/#organization\"}}]}\n\t\t<\/script>\n\t\t<!-- All in One SEO Pro -->\r\n\t\t<title>La V Exposici\u00f3n Internacional de Arte Postal de Avil\u00e9s bate r\u00e9cord | Cand\u00e1s 365<\/title>\n\n","aioseo_head_json":{"title":"La V Exposici\u00f3n Internacional de Arte Postal de Avil\u00e9s bate r\u00e9cord | Cand\u00e1s 365","description":"La V Exposici\u00f3n Internacional de Arte Postal de Avil\u00e9s permanecer\u00e1 en exhibici\u00f3n hasta el 15 de enero de 2021.","canonical_url":"https:\/\/candas365.es\/noticias\/la-v-exposicion-internacional-de-arte-postal-de-aviles-bate-record\/","robots":"max-image-preview:large","keywords":"agenda 365,agenda","webmasterTools":{"google-site-verification":"UA-32230408-1","msvalidate.01":"354F3CDFB2DA171B47FBE9ABF1F88D5","miscellaneous":""},"schema":{"@context":"https:\/\/schema.org","@graph":[{"@type":"BreadcrumbList","@id":"https:\/\/candas365.es\/noticias\/la-v-exposicion-internacional-de-arte-postal-de-aviles-bate-record\/#breadcrumblist","itemListElement":[{"@type":"ListItem","@id":"https:\/\/candas365.es\/noticias#listItem","position":1,"name":"Home","item":"https:\/\/candas365.es\/noticias","nextItem":{"@type":"ListItem","@id":"https:\/\/candas365.es\/noticias\/category\/agenda\/#listItem","name":"Agenda"}},{"@type":"ListItem","@id":"https:\/\/candas365.es\/noticias\/category\/agenda\/#listItem","position":2,"name":"Agenda","item":"https:\/\/candas365.es\/noticias\/category\/agenda\/","nextItem":{"@type":"ListItem","@id":"https:\/\/candas365.es\/noticias\/la-v-exposicion-internacional-de-arte-postal-de-aviles-bate-record\/#listItem","name":"La V Exposici\u00f3n Internacional de Arte Postal de Avil\u00e9s bate r\u00e9cord"},"previousItem":{"@type":"ListItem","@id":"https:\/\/candas365.es\/noticias#listItem","name":"Home"}},{"@type":"ListItem","@id":"https:\/\/candas365.es\/noticias\/la-v-exposicion-internacional-de-arte-postal-de-aviles-bate-record\/#listItem","position":3,"name":"La V Exposici\u00f3n Internacional de Arte Postal de Avil\u00e9s bate r\u00e9cord","previousItem":{"@type":"ListItem","@id":"https:\/\/candas365.es\/noticias\/category\/agenda\/#listItem","name":"Agenda"}}]},{"@type":"NewsArticle","@id":"https:\/\/candas365.es\/noticias\/la-v-exposicion-internacional-de-arte-postal-de-aviles-bate-record\/#newsarticle","name":"La V Exposici\u00f3n Internacional de Arte Postal de Avil\u00e9s bate r\u00e9cord | Cand\u00e1s 365","headline":"La V Exposici\u00f3n Internacional de Arte Postal de Avil\u00e9s bate r\u00e9cord","author":{"@id":"https:\/\/candas365.es\/noticias\/author\/admin\/#author"},"publisher":{"@id":"https:\/\/candas365.es\/noticias\/#organization"},"image":{"@type":"ImageObject","url":"https:\/\/candas365.es\/noticias\/wp-content\/uploads\/2015\/11\/Ayuntamiento-de-Avil\u00e9s.jpg","width":655,"height":360},"datePublished":"2020-12-17T19:59:17+01:00","dateModified":"2020-12-17T19:59:17+01:00","inLanguage":"es-ES","mainEntityOfPage":{"@id":"https:\/\/candas365.es\/noticias\/la-v-exposicion-internacional-de-arte-postal-de-aviles-bate-record\/#webpage"},"isPartOf":{"@id":"https:\/\/candas365.es\/noticias\/la-v-exposicion-internacional-de-arte-postal-de-aviles-bate-record\/#webpage"},"articleSection":"Agenda","dateline":"Publicado el diciembre 17, 2020."},{"@type":"Organization","@id":"https:\/\/candas365.es\/noticias\/#organization","name":"Cand\u00e1s 365","description":"Cand\u00e1s 365 es un diario digital independiente, fundado en 2012, con base en Asturias. Informamos con rigor sobre actualidad, sociedad, cultura y ocio, con una mirada local y global.","url":"https:\/\/candas365.es\/noticias\/","email":"info@candas365.es","telephone":"+34652131393","foundingDate":"2012-06-10","logo":{"@type":"ImageObject","url":"https:\/\/candas365.es\/noticias\/wp-content\/uploads\/2024\/09\/Candas-365-Redes.jpg","@id":"https:\/\/candas365.es\/noticias\/la-v-exposicion-internacional-de-arte-postal-de-aviles-bate-record\/#organizationLogo","width":1152,"height":864,"caption":"Cand\u00e1s 365 Redes"},"image":{"@id":"https:\/\/candas365.es\/noticias\/la-v-exposicion-internacional-de-arte-postal-de-aviles-bate-record\/#organizationLogo"},"sameAs":["https:\/\/www.facebook.com\/Nachofdezber","https:\/\/x.com\/NabercoDigital","https:\/\/www.instagram.com\/nachofdezber\/","https:\/\/www.youtube.com\/channel\/UCZP-2wLEB9Rv6erhFmqVnvg"],"address":{"@id":"https:\/\/candas365.es\/noticias\/#postaladdress","@type":"PostalAddress","streetAddress":"san antonio 4, san antonio 4","postalCode":"33430","addressLocality":"Cand\u00e1s","addressRegion":"Asturias","addressCountry":"ES"}},{"@type":"Person","@id":"https:\/\/candas365.es\/noticias\/author\/admin\/#author","url":"https:\/\/candas365.es\/noticias\/author\/admin\/","name":"Cand\u00e1s 365","image":{"@type":"ImageObject","@id":"https:\/\/candas365.es\/noticias\/la-v-exposicion-internacional-de-arte-postal-de-aviles-bate-record\/#authorImage","url":"https:\/\/secure.gravatar.com\/avatar\/496a8e03d0c493ede1718b7934145dbdf8d89be1036b0eec9544e1094c9de390?s=96&d=mm&r=g","width":96,"height":96,"caption":"Cand\u00e1s 365"},"sameAs":["https:\/\/www.facebook.com\/carrenoactualidad","https:\/\/twitter.com\/nbasturias","https:\/\/www.instagram.com\/nachofdezber\/","https:\/\/www.youtube.com\/channel\/UCZP-2wLEB9Rv6erhFmqVnvg"]},{"@type":"WebPage","@id":"https:\/\/candas365.es\/noticias\/la-v-exposicion-internacional-de-arte-postal-de-aviles-bate-record\/#webpage","url":"https:\/\/candas365.es\/noticias\/la-v-exposicion-internacional-de-arte-postal-de-aviles-bate-record\/","name":"La V Exposici\u00f3n Internacional de Arte Postal de Avil\u00e9s bate r\u00e9cord | Cand\u00e1s 365","description":"La V Exposici\u00f3n Internacional de Arte Postal de Avil\u00e9s permanecer\u00e1 en exhibici\u00f3n hasta el 15 de enero de 2021.","inLanguage":"es-ES","isPartOf":{"@id":"https:\/\/candas365.es\/noticias\/#website"},"breadcrumb":{"@id":"https:\/\/candas365.es\/noticias\/la-v-exposicion-internacional-de-arte-postal-de-aviles-bate-record\/#breadcrumblist"},"author":{"@id":"https:\/\/candas365.es\/noticias\/author\/admin\/#author"},"creator":{"@id":"https:\/\/candas365.es\/noticias\/author\/admin\/#author"},"image":{"@type":"ImageObject","url":"https:\/\/candas365.es\/noticias\/wp-content\/uploads\/2015\/11\/Ayuntamiento-de-Avil\u00e9s.jpg","@id":"https:\/\/candas365.es\/noticias\/la-v-exposicion-internacional-de-arte-postal-de-aviles-bate-record\/#mainImage","width":655,"height":360},"primaryImageOfPage":{"@id":"https:\/\/candas365.es\/noticias\/la-v-exposicion-internacional-de-arte-postal-de-aviles-bate-record\/#mainImage"},"datePublished":"2020-12-17T19:59:17+01:00","dateModified":"2020-12-17T19:59:17+01:00"},{"@type":"WebSite","@id":"https:\/\/candas365.es\/noticias\/#website","url":"https:\/\/candas365.es\/noticias\/","name":"Cand\u00e1s 365","alternateName":"Cand\u00e1s 365 Noticias","description":"Actualidad desde Carre\u00f1o para el mundo","inLanguage":"es-ES","publisher":{"@id":"https:\/\/candas365.es\/noticias\/#organization"}}]},"og:locale":"es_ES","og:site_name":"Cand\u00e1s 365","og:type":"article","og:title":"La V Exposici\u00f3n Internacional de Arte Postal de Avil\u00e9s bate r\u00e9cord | Cand\u00e1s 365","og:description":"La V Exposici\u00f3n Internacional de Arte Postal de Avil\u00e9s permanecer\u00e1 en exhibici\u00f3n hasta el 15 de enero de 2021.","og:url":"https:\/\/candas365.es\/noticias\/la-v-exposicion-internacional-de-arte-postal-de-aviles-bate-record\/","og:image":"https:\/\/candas365.es\/noticias\/wp-content\/uploads\/2015\/11\/Ayuntamiento-de-Avil\u00e9s.jpg","og:image:secure_url":"https:\/\/candas365.es\/noticias\/wp-content\/uploads\/2015\/11\/Ayuntamiento-de-Avil\u00e9s.jpg","og:image:width":655,"og:image:height":360,"article:published_time":"2020-12-17T19:59:17+00:00","article:modified_time":"2020-12-17T19:59:17+00:00","article:publisher":"https:\/\/www.facebook.com\/Nachofdezber","article:author":"https:\/\/www.facebook.com\/carrenoactualidad","twitter:card":"summary_large_image","twitter:site":"@NabercoDigital","twitter:title":"La V Exposici\u00f3n Internacional de Arte Postal de Avil\u00e9s bate r\u00e9cord | Cand\u00e1s 365","twitter:description":"La V Exposici\u00f3n Internacional de Arte Postal de Avil\u00e9s permanecer\u00e1 en exhibici\u00f3n hasta el 15 de enero de 2021.","twitter:creator":"@nbasturias","twitter:image":"https:\/\/candas365.es\/noticias\/wp-content\/uploads\/2015\/11\/Ayuntamiento-de-Avil\u00e9s.jpg","twitter:label1":"Escrito por","twitter:data1":"Cand\u00e1s 365","twitter:label2":"Tiempo de lectura estimado","twitter:data2":"1 minuto"},"aioseo_meta_data":{"post_id":"150217","title":"La V Exposici\u00f3n Internacional de Arte Postal de Avil\u00e9s bate r\u00e9cord | #site_title","description":"La V Exposici\u00f3n Internacional de Arte Postal de Avil\u00e9s permanecer\u00e1 en exhibici\u00f3n hasta el 15 de enero de 2021.","keywords":[{"label":"Agenda 365","value":"Agenda 365"}],"keyphrases":null,"primary_term":null,"canonical_url":"","og_title":null,"og_description":null,"og_object_type":"default","og_image_type":"default","og_image_url":null,"og_image_width":null,"og_image_height":null,"og_image_custom_url":null,"og_image_custom_fields":null,"og_video":null,"og_custom_url":null,"og_article_section":null,"og_article_tags":null,"twitter_use_og":false,"twitter_card":"default","twitter_image_type":"default","twitter_image_url":null,"twitter_image_custom_url":null,"twitter_image_custom_fields":null,"twitter_title":null,"twitter_description":null,"schema":{"blockGraphs":[],"customGraphs":[],"default":{"data":{"Article":[],"Course":[],"Dataset":[],"FAQPage":[],"Movie":[],"Person":[],"Product":[],"ProductReview":[],"Car":[],"Recipe":[],"Service":[],"SoftwareApplication":[],"WebPage":[]},"graphName":"","isEnabled":true},"graphs":[],"defaultGraph":"","defaultPostTypeGraph":""},"schema_type":null,"schema_type_options":null,"pillar_content":false,"robots_default":true,"robots_noindex":false,"robots_noarchive":false,"robots_nosnippet":false,"robots_nofollow":false,"robots_noimageindex":false,"robots_noodp":false,"robots_notranslate":false,"robots_max_snippet":null,"robots_max_videopreview":null,"robots_max_imagepreview":"large","priority":null,"frequency":null,"location":null,"local_seo":null,"seo_analyzer_scan_date":"2025-08-31 15:42:27","breadcrumb_settings":null,"limit_modified_date":false,"reviewed_by":null,"open_ai":null,"ai":null,"created":"2020-12-21 10:36:58","updated":"2025-08-31 15:42:27"},"aioseo_breadcrumb":"<div class=\"aioseo-breadcrumbs\"><span class=\"aioseo-breadcrumb\">\n\t<a href=\"https:\/\/candas365.es\/noticias\" title=\"Home\">Home<\/a>\n<\/span><span class=\"aioseo-breadcrumb-separator\">&ndash;<\/span><span class=\"aioseo-breadcrumb\">\n\t<a href=\"https:\/\/candas365.es\/noticias\/category\/agenda\/\" title=\"Agenda\">Agenda<\/a>\n<\/span><span class=\"aioseo-breadcrumb-separator\">&ndash;<\/span><span class=\"aioseo-breadcrumb\">\n\tLa V Exposici\u00f3n Internacional de Arte Postal de Avil\u00e9s bate r\u00e9cord\n<\/span><\/div>","aioseo_breadcrumb_json":[{"label":"Home","link":"https:\/\/candas365.es\/noticias"},{"label":"Agenda","link":"https:\/\/candas365.es\/noticias\/category\/agenda\/"},{"label":"La V Exposici\u00f3n Internacional de Arte Postal de Avil\u00e9s bate r\u00e9cord","link":"https:\/\/candas365.es\/noticias\/la-v-exposicion-internacional-de-arte-postal-de-aviles-bate-record\/"}],"_links":{"self":[{"href":"https:\/\/candas365.es\/noticias\/wp-json\/wp\/v2\/posts\/150217","targetHints":{"allow":["GET"]}}],"collection":[{"href":"https:\/\/candas365.es\/noticias\/wp-json\/wp\/v2\/posts"}],"about":[{"href":"https:\/\/candas365.es\/noticias\/wp-json\/wp\/v2\/types\/post"}],"author":[{"embeddable":true,"href":"https:\/\/candas365.es\/noticias\/wp-json\/wp\/v2\/users\/1"}],"replies":[{"embeddable":true,"href":"https:\/\/candas365.es\/noticias\/wp-json\/wp\/v2\/comments?post=150217"}],"version-history":[{"count":0,"href":"https:\/\/candas365.es\/noticias\/wp-json\/wp\/v2\/posts\/150217\/revisions"}],"wp:featuredmedia":[{"embeddable":true,"href":"https:\/\/candas365.es\/noticias\/wp-json\/wp\/v2\/media\/19705"}],"wp:attachment":[{"href":"https:\/\/candas365.es\/noticias\/wp-json\/wp\/v2\/media?parent=150217"}],"wp:term":[{"taxonomy":"category","embeddable":true,"href":"https:\/\/candas365.es\/noticias\/wp-json\/wp\/v2\/categories?post=150217"},{"taxonomy":"post_tag","embeddable":true,"href":"https:\/\/candas365.es\/noticias\/wp-json\/wp\/v2\/tags?post=150217"}],"curies":[{"name":"wp","href":"https:\/\/api.w.org\/{rel}","templated":true}]}}