{"id":150140,"date":"2020-12-16T13:48:03","date_gmt":"2020-12-16T13:48:03","guid":{"rendered":"http:\/\/candas365.es\/noticias\/?p=150140"},"modified":"2020-12-16T13:48:03","modified_gmt":"2020-12-16T13:48:03","slug":"tarjetas-de-navidad-de-escolares-asturianos-para-los-mayores","status":"publish","type":"post","link":"https:\/\/candas365.es\/noticias\/tarjetas-de-navidad-de-escolares-asturianos-para-los-mayores\/","title":{"rendered":"Tarjetas de Navidad de escolares asturianos para los mayores"},"content":{"rendered":"<p><img fetchpriority=\"high\" decoding=\"async\" class=\"alignleft size-medium wp-image-149820\" src=\"https:\/\/candas365.es\/noticias\/wp-content\/uploads\/2020\/12\/christmas-2937873_960_720-360x249.jpg\" alt=\"\" width=\"360\" height=\"249\" srcset=\"https:\/\/candas365.es\/noticias\/wp-content\/uploads\/2020\/12\/christmas-2937873_960_720-360x249.jpg 360w, https:\/\/candas365.es\/noticias\/wp-content\/uploads\/2020\/12\/christmas-2937873_960_720-650x450.jpg 650w, https:\/\/candas365.es\/noticias\/wp-content\/uploads\/2020\/12\/christmas-2937873_960_720-768x531.jpg 768w, https:\/\/candas365.es\/noticias\/wp-content\/uploads\/2020\/12\/christmas-2937873_960_720.jpg 960w\" sizes=\"(max-width: 360px) 100vw, 360px\" \/>(EP) &#8211; La Federaci\u00f3n Asturiana de Concejos (FACC) ha puesto en marcha un proyecto con el que se promueve que escolares asturianos env\u00eden tarjetas de Navidad a personas usuarias de residencias de mayores, una iniciativa que se est\u00e1 coordinando a trav\u00e9s de las Concejal\u00edas de Educaci\u00f3n y Servicios Sociales de los Ayuntamientos asturianos con la colaboraci\u00f3n de centros educativos y residenciales.<\/p>\n<p>En esta actuaci\u00f3n, que se est\u00e1 llevando a cabo durante este mes de diciembre, se prev\u00e9 la participaci\u00f3n de cerca de 3.000 escolares de Infantil y Primaria, seg\u00fan ha informado la entidad en nota de prensa este mi\u00e9rcoles. Para ello, se est\u00e1 procediendo a distribuir tarjetas y sobres dise\u00f1ados especialmente para esta actuaci\u00f3n.<\/p>\n<p>En 2019, bajo el t\u00edtulo &#8216;No me llames soledad&#8217;, la FACC puso en marcha un proyecto para hacer visible las situaciones de soledad que afectan a numerosas personas mayores en Asturias, teniendo en cuenta el alto porcentaje de asturianos y asturianas con m\u00e1s de 65 a\u00f1os que viven solas.<\/p>\n<p>Siguiendo con esta l\u00ednea de trabajo, en este 2020 se quiere dar \u00abun paso m\u00e1s\u00bb organizando una actividad en la que el alumnado de Infantil y de Primaria env\u00ede de cartas navide\u00f1as con escritos o dibujos a las personas alojadas en residencias de mayores y, en algunos casos, tambi\u00e9n a beneficiarias de los servicios de atenci\u00f3n a domicilio municipales.<\/p>\n<p>La FACC entiende que en el actual contexto de alerta sanitaria, \u00aben el que numerosas personas usuarias de las residencias no han podido tener contacto directo con sus familiares y allegados durante prolongados periodos de tiempo\u00bb, el hecho de recibir tarjetas de Navidad de los ni\u00f1os de sus concejos \u00abpermitir\u00e1 generar un v\u00ednculo de afecto intergeneracional\u00bb.<\/p>\n<p>Las actuaciones que se realizan dentro de este proyecto son publicadas en las redes sociales Instagram, Twitter y Facebook con el hashtag #nomellamessoledad.<\/p>\n","protected":false},"excerpt":{"rendered":"<p>(EP) &#8211; La Federaci\u00f3n Asturiana de Concejos (FACC) ha puesto en marcha un proyecto con el que se promueve que escolares asturianos env\u00eden tarjetas de Navidad a personas usuarias de residencias de mayores, una iniciativa que se est\u00e1 coordinando a trav\u00e9s de las Concejal\u00edas de Educaci\u00f3n y Servicios Sociales de los Ayuntamientos asturianos con la<\/p>\n","protected":false},"author":1,"featured_media":149820,"comment_status":"closed","ping_status":"closed","sticky":false,"template":"","format":"standard","meta":{"footnotes":""},"categories":[142],"tags":[],"class_list":{"0":"post-150140","1":"post","2":"type-post","3":"status-publish","4":"format-standard","5":"has-post-thumbnail","7":"category-revista"},"aioseo_notices":[],"aioseo_head":"\n\t\t<!-- All in One SEO Pro 4.9.6.2 - aioseo.com -->\n\t<meta name=\"description\" content=\"Proyecto con el que se promueve que escolares asturianos env\u00eden tarjetas de Navidad a personas usuarias de residencias de mayores,\" \/>\n\t<meta name=\"robots\" content=\"max-image-preview:large\" \/>\n\t<meta name=\"author\" content=\"Cand\u00e1s 365\"\/>\n\t<meta name=\"google-site-verification\" content=\"UA-32230408-1\" \/>\n\t<meta name=\"msvalidate.01\" content=\"354F3CDFB2DA171B47FBE9ABF1F88D5\" \/>\n\t<meta name=\"keywords\" content=\"navidad,revista\" \/>\n\t<link rel=\"canonical\" href=\"https:\/\/candas365.es\/noticias\/tarjetas-de-navidad-de-escolares-asturianos-para-los-mayores\/\" \/>\n\t<meta name=\"generator\" content=\"All in One SEO Pro (AIOSEO) 4.9.6.2\" \/>\n\t\t<meta property=\"og:locale\" content=\"es_ES\" \/>\n\t\t<meta property=\"og:site_name\" content=\"Cand\u00e1s 365\" \/>\n\t\t<meta property=\"og:type\" content=\"article\" \/>\n\t\t<meta property=\"og:title\" content=\"Tarjetas de Navidad de escolares asturianos para los mayores | Cand\u00e1s 365\" \/>\n\t\t<meta property=\"og:description\" content=\"Proyecto con el que se promueve que escolares asturianos env\u00eden tarjetas de Navidad a personas usuarias de residencias de mayores,\" \/>\n\t\t<meta property=\"og:url\" content=\"https:\/\/candas365.es\/noticias\/tarjetas-de-navidad-de-escolares-asturianos-para-los-mayores\/\" \/>\n\t\t<meta property=\"og:image\" content=\"https:\/\/candas365.es\/noticias\/wp-content\/uploads\/2020\/12\/christmas-2937873_960_720.jpg\" \/>\n\t\t<meta property=\"og:image:secure_url\" content=\"https:\/\/candas365.es\/noticias\/wp-content\/uploads\/2020\/12\/christmas-2937873_960_720.jpg\" \/>\n\t\t<meta property=\"og:image:width\" content=\"960\" \/>\n\t\t<meta property=\"og:image:height\" content=\"664\" \/>\n\t\t<meta property=\"article:published_time\" content=\"2020-12-16T13:48:03+00:00\" \/>\n\t\t<meta property=\"article:modified_time\" content=\"2020-12-16T13:48:03+00:00\" \/>\n\t\t<meta property=\"article:publisher\" content=\"https:\/\/www.facebook.com\/Nachofdezber\" \/>\n\t\t<meta property=\"article:author\" content=\"https:\/\/www.facebook.com\/carrenoactualidad\" \/>\n\t\t<meta name=\"twitter:card\" content=\"summary_large_image\" \/>\n\t\t<meta name=\"twitter:site\" content=\"@NabercoDigital\" \/>\n\t\t<meta name=\"twitter:title\" content=\"Tarjetas de Navidad de escolares asturianos para los mayores | Cand\u00e1s 365\" \/>\n\t\t<meta name=\"twitter:description\" content=\"Proyecto con el que se promueve que escolares asturianos env\u00eden tarjetas de Navidad a personas usuarias de residencias de mayores,\" \/>\n\t\t<meta name=\"twitter:creator\" content=\"@nbasturias\" \/>\n\t\t<meta name=\"twitter:image\" content=\"https:\/\/candas365.es\/noticias\/wp-content\/uploads\/2020\/12\/christmas-2937873_960_720.jpg\" \/>\n\t\t<meta name=\"twitter:label1\" content=\"Escrito por\" \/>\n\t\t<meta name=\"twitter:data1\" content=\"Cand\u00e1s 365\" \/>\n\t\t<meta name=\"twitter:label2\" content=\"Tiempo de lectura estimado\" \/>\n\t\t<meta name=\"twitter:data2\" content=\"2 minutos\" \/>\n\t\t<script type=\"application\/ld+json\" class=\"aioseo-schema\">\n\t\t\t{\"@context\":\"https:\\\/\\\/schema.org\",\"@graph\":[{\"@type\":\"BreadcrumbList\",\"@id\":\"https:\\\/\\\/candas365.es\\\/noticias\\\/tarjetas-de-navidad-de-escolares-asturianos-para-los-mayores\\\/#breadcrumblist\",\"itemListElement\":[{\"@type\":\"ListItem\",\"@id\":\"https:\\\/\\\/candas365.es\\\/noticias#listItem\",\"position\":1,\"name\":\"Home\",\"item\":\"https:\\\/\\\/candas365.es\\\/noticias\",\"nextItem\":{\"@type\":\"ListItem\",\"@id\":\"https:\\\/\\\/candas365.es\\\/noticias\\\/category\\\/revista\\\/#listItem\",\"name\":\"Revista\"}},{\"@type\":\"ListItem\",\"@id\":\"https:\\\/\\\/candas365.es\\\/noticias\\\/category\\\/revista\\\/#listItem\",\"position\":2,\"name\":\"Revista\",\"item\":\"https:\\\/\\\/candas365.es\\\/noticias\\\/category\\\/revista\\\/\",\"nextItem\":{\"@type\":\"ListItem\",\"@id\":\"https:\\\/\\\/candas365.es\\\/noticias\\\/tarjetas-de-navidad-de-escolares-asturianos-para-los-mayores\\\/#listItem\",\"name\":\"Tarjetas de Navidad de escolares asturianos para los mayores\"},\"previousItem\":{\"@type\":\"ListItem\",\"@id\":\"https:\\\/\\\/candas365.es\\\/noticias#listItem\",\"name\":\"Home\"}},{\"@type\":\"ListItem\",\"@id\":\"https:\\\/\\\/candas365.es\\\/noticias\\\/tarjetas-de-navidad-de-escolares-asturianos-para-los-mayores\\\/#listItem\",\"position\":3,\"name\":\"Tarjetas de Navidad de escolares asturianos para los mayores\",\"previousItem\":{\"@type\":\"ListItem\",\"@id\":\"https:\\\/\\\/candas365.es\\\/noticias\\\/category\\\/revista\\\/#listItem\",\"name\":\"Revista\"}}]},{\"@type\":\"NewsArticle\",\"@id\":\"https:\\\/\\\/candas365.es\\\/noticias\\\/tarjetas-de-navidad-de-escolares-asturianos-para-los-mayores\\\/#newsarticle\",\"name\":\"Tarjetas de Navidad de escolares asturianos para los mayores | Cand\\u00e1s 365\",\"headline\":\"Tarjetas de Navidad de escolares asturianos para los mayores\",\"author\":{\"@id\":\"https:\\\/\\\/candas365.es\\\/noticias\\\/author\\\/admin\\\/#author\"},\"publisher\":{\"@id\":\"https:\\\/\\\/candas365.es\\\/noticias\\\/#organization\"},\"image\":{\"@type\":\"ImageObject\",\"url\":\"https:\\\/\\\/candas365.es\\\/noticias\\\/wp-content\\\/uploads\\\/2020\\\/12\\\/christmas-2937873_960_720.jpg\",\"width\":960,\"height\":664},\"datePublished\":\"2020-12-16T13:48:03+01:00\",\"dateModified\":\"2020-12-16T13:48:03+01:00\",\"inLanguage\":\"es-ES\",\"mainEntityOfPage\":{\"@id\":\"https:\\\/\\\/candas365.es\\\/noticias\\\/tarjetas-de-navidad-de-escolares-asturianos-para-los-mayores\\\/#webpage\"},\"isPartOf\":{\"@id\":\"https:\\\/\\\/candas365.es\\\/noticias\\\/tarjetas-de-navidad-de-escolares-asturianos-para-los-mayores\\\/#webpage\"},\"articleSection\":\"Revista\",\"dateline\":\"Publicado el diciembre 16, 2020.\"},{\"@type\":\"Organization\",\"@id\":\"https:\\\/\\\/candas365.es\\\/noticias\\\/#organization\",\"name\":\"Cand\\u00e1s 365\",\"description\":\"Cand\\u00e1s 365 es un diario digital independiente, fundado en 2012, con base en Asturias. Informamos con rigor sobre actualidad, sociedad, cultura y ocio, con una mirada local y global.\",\"url\":\"https:\\\/\\\/candas365.es\\\/noticias\\\/\",\"email\":\"info@candas365.es\",\"telephone\":\"+34652131393\",\"foundingDate\":\"2012-06-10\",\"logo\":{\"@type\":\"ImageObject\",\"url\":\"https:\\\/\\\/candas365.es\\\/noticias\\\/wp-content\\\/uploads\\\/2024\\\/09\\\/Candas-365-Redes.jpg\",\"@id\":\"https:\\\/\\\/candas365.es\\\/noticias\\\/tarjetas-de-navidad-de-escolares-asturianos-para-los-mayores\\\/#organizationLogo\",\"width\":1152,\"height\":864,\"caption\":\"Cand\\u00e1s 365 Redes\"},\"image\":{\"@id\":\"https:\\\/\\\/candas365.es\\\/noticias\\\/tarjetas-de-navidad-de-escolares-asturianos-para-los-mayores\\\/#organizationLogo\"},\"sameAs\":[\"https:\\\/\\\/www.facebook.com\\\/Nachofdezber\",\"https:\\\/\\\/x.com\\\/NabercoDigital\",\"https:\\\/\\\/www.instagram.com\\\/nachofdezber\\\/\",\"https:\\\/\\\/www.youtube.com\\\/channel\\\/UCZP-2wLEB9Rv6erhFmqVnvg\"],\"address\":{\"@id\":\"https:\\\/\\\/candas365.es\\\/noticias\\\/#postaladdress\",\"@type\":\"PostalAddress\",\"streetAddress\":\"san antonio 4, san antonio 4\",\"postalCode\":\"33430\",\"addressLocality\":\"Cand\\u00e1s\",\"addressRegion\":\"Asturias\",\"addressCountry\":\"ES\"}},{\"@type\":\"Person\",\"@id\":\"https:\\\/\\\/candas365.es\\\/noticias\\\/author\\\/admin\\\/#author\",\"url\":\"https:\\\/\\\/candas365.es\\\/noticias\\\/author\\\/admin\\\/\",\"name\":\"Cand\\u00e1s 365\",\"image\":{\"@type\":\"ImageObject\",\"@id\":\"https:\\\/\\\/candas365.es\\\/noticias\\\/tarjetas-de-navidad-de-escolares-asturianos-para-los-mayores\\\/#authorImage\",\"url\":\"https:\\\/\\\/secure.gravatar.com\\\/avatar\\\/496a8e03d0c493ede1718b7934145dbdf8d89be1036b0eec9544e1094c9de390?s=96&d=mm&r=g\",\"width\":96,\"height\":96,\"caption\":\"Cand\\u00e1s 365\"},\"sameAs\":[\"https:\\\/\\\/www.facebook.com\\\/carrenoactualidad\",\"https:\\\/\\\/twitter.com\\\/nbasturias\",\"https:\\\/\\\/www.instagram.com\\\/nachofdezber\\\/\",\"https:\\\/\\\/www.youtube.com\\\/channel\\\/UCZP-2wLEB9Rv6erhFmqVnvg\"]},{\"@type\":\"WebPage\",\"@id\":\"https:\\\/\\\/candas365.es\\\/noticias\\\/tarjetas-de-navidad-de-escolares-asturianos-para-los-mayores\\\/#webpage\",\"url\":\"https:\\\/\\\/candas365.es\\\/noticias\\\/tarjetas-de-navidad-de-escolares-asturianos-para-los-mayores\\\/\",\"name\":\"Tarjetas de Navidad de escolares asturianos para los mayores | Cand\\u00e1s 365\",\"description\":\"Proyecto con el que se promueve que escolares asturianos env\\u00eden tarjetas de Navidad a personas usuarias de residencias de mayores,\",\"inLanguage\":\"es-ES\",\"isPartOf\":{\"@id\":\"https:\\\/\\\/candas365.es\\\/noticias\\\/#website\"},\"breadcrumb\":{\"@id\":\"https:\\\/\\\/candas365.es\\\/noticias\\\/tarjetas-de-navidad-de-escolares-asturianos-para-los-mayores\\\/#breadcrumblist\"},\"author\":{\"@id\":\"https:\\\/\\\/candas365.es\\\/noticias\\\/author\\\/admin\\\/#author\"},\"creator\":{\"@id\":\"https:\\\/\\\/candas365.es\\\/noticias\\\/author\\\/admin\\\/#author\"},\"image\":{\"@type\":\"ImageObject\",\"url\":\"https:\\\/\\\/candas365.es\\\/noticias\\\/wp-content\\\/uploads\\\/2020\\\/12\\\/christmas-2937873_960_720.jpg\",\"@id\":\"https:\\\/\\\/candas365.es\\\/noticias\\\/tarjetas-de-navidad-de-escolares-asturianos-para-los-mayores\\\/#mainImage\",\"width\":960,\"height\":664},\"primaryImageOfPage\":{\"@id\":\"https:\\\/\\\/candas365.es\\\/noticias\\\/tarjetas-de-navidad-de-escolares-asturianos-para-los-mayores\\\/#mainImage\"},\"datePublished\":\"2020-12-16T13:48:03+01:00\",\"dateModified\":\"2020-12-16T13:48:03+01:00\"},{\"@type\":\"WebSite\",\"@id\":\"https:\\\/\\\/candas365.es\\\/noticias\\\/#website\",\"url\":\"https:\\\/\\\/candas365.es\\\/noticias\\\/\",\"name\":\"Cand\\u00e1s 365\",\"alternateName\":\"Cand\\u00e1s 365 Noticias\",\"description\":\"Actualidad desde Carre\\u00f1o para el mundo\",\"inLanguage\":\"es-ES\",\"publisher\":{\"@id\":\"https:\\\/\\\/candas365.es\\\/noticias\\\/#organization\"}}]}\n\t\t<\/script>\n\t\t<!-- All in One SEO Pro -->\r\n\t\t<title>Tarjetas de Navidad de escolares asturianos para los mayores | Cand\u00e1s 365<\/title>\n\n","aioseo_head_json":{"title":"Tarjetas de Navidad de escolares asturianos para los mayores | Cand\u00e1s 365","description":"Proyecto con el que se promueve que escolares asturianos env\u00eden tarjetas de Navidad a personas usuarias de residencias de mayores,","canonical_url":"https:\/\/candas365.es\/noticias\/tarjetas-de-navidad-de-escolares-asturianos-para-los-mayores\/","robots":"max-image-preview:large","keywords":"navidad,revista","webmasterTools":{"google-site-verification":"UA-32230408-1","msvalidate.01":"354F3CDFB2DA171B47FBE9ABF1F88D5","miscellaneous":""},"schema":{"@context":"https:\/\/schema.org","@graph":[{"@type":"BreadcrumbList","@id":"https:\/\/candas365.es\/noticias\/tarjetas-de-navidad-de-escolares-asturianos-para-los-mayores\/#breadcrumblist","itemListElement":[{"@type":"ListItem","@id":"https:\/\/candas365.es\/noticias#listItem","position":1,"name":"Home","item":"https:\/\/candas365.es\/noticias","nextItem":{"@type":"ListItem","@id":"https:\/\/candas365.es\/noticias\/category\/revista\/#listItem","name":"Revista"}},{"@type":"ListItem","@id":"https:\/\/candas365.es\/noticias\/category\/revista\/#listItem","position":2,"name":"Revista","item":"https:\/\/candas365.es\/noticias\/category\/revista\/","nextItem":{"@type":"ListItem","@id":"https:\/\/candas365.es\/noticias\/tarjetas-de-navidad-de-escolares-asturianos-para-los-mayores\/#listItem","name":"Tarjetas de Navidad de escolares asturianos para los mayores"},"previousItem":{"@type":"ListItem","@id":"https:\/\/candas365.es\/noticias#listItem","name":"Home"}},{"@type":"ListItem","@id":"https:\/\/candas365.es\/noticias\/tarjetas-de-navidad-de-escolares-asturianos-para-los-mayores\/#listItem","position":3,"name":"Tarjetas de Navidad de escolares asturianos para los mayores","previousItem":{"@type":"ListItem","@id":"https:\/\/candas365.es\/noticias\/category\/revista\/#listItem","name":"Revista"}}]},{"@type":"NewsArticle","@id":"https:\/\/candas365.es\/noticias\/tarjetas-de-navidad-de-escolares-asturianos-para-los-mayores\/#newsarticle","name":"Tarjetas de Navidad de escolares asturianos para los mayores | Cand\u00e1s 365","headline":"Tarjetas de Navidad de escolares asturianos para los mayores","author":{"@id":"https:\/\/candas365.es\/noticias\/author\/admin\/#author"},"publisher":{"@id":"https:\/\/candas365.es\/noticias\/#organization"},"image":{"@type":"ImageObject","url":"https:\/\/candas365.es\/noticias\/wp-content\/uploads\/2020\/12\/christmas-2937873_960_720.jpg","width":960,"height":664},"datePublished":"2020-12-16T13:48:03+01:00","dateModified":"2020-12-16T13:48:03+01:00","inLanguage":"es-ES","mainEntityOfPage":{"@id":"https:\/\/candas365.es\/noticias\/tarjetas-de-navidad-de-escolares-asturianos-para-los-mayores\/#webpage"},"isPartOf":{"@id":"https:\/\/candas365.es\/noticias\/tarjetas-de-navidad-de-escolares-asturianos-para-los-mayores\/#webpage"},"articleSection":"Revista","dateline":"Publicado el diciembre 16, 2020."},{"@type":"Organization","@id":"https:\/\/candas365.es\/noticias\/#organization","name":"Cand\u00e1s 365","description":"Cand\u00e1s 365 es un diario digital independiente, fundado en 2012, con base en Asturias. Informamos con rigor sobre actualidad, sociedad, cultura y ocio, con una mirada local y global.","url":"https:\/\/candas365.es\/noticias\/","email":"info@candas365.es","telephone":"+34652131393","foundingDate":"2012-06-10","logo":{"@type":"ImageObject","url":"https:\/\/candas365.es\/noticias\/wp-content\/uploads\/2024\/09\/Candas-365-Redes.jpg","@id":"https:\/\/candas365.es\/noticias\/tarjetas-de-navidad-de-escolares-asturianos-para-los-mayores\/#organizationLogo","width":1152,"height":864,"caption":"Cand\u00e1s 365 Redes"},"image":{"@id":"https:\/\/candas365.es\/noticias\/tarjetas-de-navidad-de-escolares-asturianos-para-los-mayores\/#organizationLogo"},"sameAs":["https:\/\/www.facebook.com\/Nachofdezber","https:\/\/x.com\/NabercoDigital","https:\/\/www.instagram.com\/nachofdezber\/","https:\/\/www.youtube.com\/channel\/UCZP-2wLEB9Rv6erhFmqVnvg"],"address":{"@id":"https:\/\/candas365.es\/noticias\/#postaladdress","@type":"PostalAddress","streetAddress":"san antonio 4, san antonio 4","postalCode":"33430","addressLocality":"Cand\u00e1s","addressRegion":"Asturias","addressCountry":"ES"}},{"@type":"Person","@id":"https:\/\/candas365.es\/noticias\/author\/admin\/#author","url":"https:\/\/candas365.es\/noticias\/author\/admin\/","name":"Cand\u00e1s 365","image":{"@type":"ImageObject","@id":"https:\/\/candas365.es\/noticias\/tarjetas-de-navidad-de-escolares-asturianos-para-los-mayores\/#authorImage","url":"https:\/\/secure.gravatar.com\/avatar\/496a8e03d0c493ede1718b7934145dbdf8d89be1036b0eec9544e1094c9de390?s=96&d=mm&r=g","width":96,"height":96,"caption":"Cand\u00e1s 365"},"sameAs":["https:\/\/www.facebook.com\/carrenoactualidad","https:\/\/twitter.com\/nbasturias","https:\/\/www.instagram.com\/nachofdezber\/","https:\/\/www.youtube.com\/channel\/UCZP-2wLEB9Rv6erhFmqVnvg"]},{"@type":"WebPage","@id":"https:\/\/candas365.es\/noticias\/tarjetas-de-navidad-de-escolares-asturianos-para-los-mayores\/#webpage","url":"https:\/\/candas365.es\/noticias\/tarjetas-de-navidad-de-escolares-asturianos-para-los-mayores\/","name":"Tarjetas de Navidad de escolares asturianos para los mayores | Cand\u00e1s 365","description":"Proyecto con el que se promueve que escolares asturianos env\u00eden tarjetas de Navidad a personas usuarias de residencias de mayores,","inLanguage":"es-ES","isPartOf":{"@id":"https:\/\/candas365.es\/noticias\/#website"},"breadcrumb":{"@id":"https:\/\/candas365.es\/noticias\/tarjetas-de-navidad-de-escolares-asturianos-para-los-mayores\/#breadcrumblist"},"author":{"@id":"https:\/\/candas365.es\/noticias\/author\/admin\/#author"},"creator":{"@id":"https:\/\/candas365.es\/noticias\/author\/admin\/#author"},"image":{"@type":"ImageObject","url":"https:\/\/candas365.es\/noticias\/wp-content\/uploads\/2020\/12\/christmas-2937873_960_720.jpg","@id":"https:\/\/candas365.es\/noticias\/tarjetas-de-navidad-de-escolares-asturianos-para-los-mayores\/#mainImage","width":960,"height":664},"primaryImageOfPage":{"@id":"https:\/\/candas365.es\/noticias\/tarjetas-de-navidad-de-escolares-asturianos-para-los-mayores\/#mainImage"},"datePublished":"2020-12-16T13:48:03+01:00","dateModified":"2020-12-16T13:48:03+01:00"},{"@type":"WebSite","@id":"https:\/\/candas365.es\/noticias\/#website","url":"https:\/\/candas365.es\/noticias\/","name":"Cand\u00e1s 365","alternateName":"Cand\u00e1s 365 Noticias","description":"Actualidad desde Carre\u00f1o para el mundo","inLanguage":"es-ES","publisher":{"@id":"https:\/\/candas365.es\/noticias\/#organization"}}]},"og:locale":"es_ES","og:site_name":"Cand\u00e1s 365","og:type":"article","og:title":"Tarjetas de Navidad de escolares asturianos para los mayores | Cand\u00e1s 365","og:description":"Proyecto con el que se promueve que escolares asturianos env\u00eden tarjetas de Navidad a personas usuarias de residencias de mayores,","og:url":"https:\/\/candas365.es\/noticias\/tarjetas-de-navidad-de-escolares-asturianos-para-los-mayores\/","og:image":"https:\/\/candas365.es\/noticias\/wp-content\/uploads\/2020\/12\/christmas-2937873_960_720.jpg","og:image:secure_url":"https:\/\/candas365.es\/noticias\/wp-content\/uploads\/2020\/12\/christmas-2937873_960_720.jpg","og:image:width":960,"og:image:height":664,"article:published_time":"2020-12-16T13:48:03+00:00","article:modified_time":"2020-12-16T13:48:03+00:00","article:publisher":"https:\/\/www.facebook.com\/Nachofdezber","article:author":"https:\/\/www.facebook.com\/carrenoactualidad","twitter:card":"summary_large_image","twitter:site":"@NabercoDigital","twitter:title":"Tarjetas de Navidad de escolares asturianos para los mayores | Cand\u00e1s 365","twitter:description":"Proyecto con el que se promueve que escolares asturianos env\u00eden tarjetas de Navidad a personas usuarias de residencias de mayores,","twitter:creator":"@nbasturias","twitter:image":"https:\/\/candas365.es\/noticias\/wp-content\/uploads\/2020\/12\/christmas-2937873_960_720.jpg","twitter:label1":"Escrito por","twitter:data1":"Cand\u00e1s 365","twitter:label2":"Tiempo de lectura estimado","twitter:data2":"2 minutos"},"aioseo_meta_data":{"post_id":"150140","title":"Tarjetas de Navidad de escolares asturianos para los mayores | #site_title","description":"Proyecto con el que se promueve que escolares asturianos env\u00eden tarjetas de Navidad a personas usuarias de residencias de mayores,","keywords":[{"label":"Navidad","value":"Navidad"}],"keyphrases":null,"primary_term":null,"canonical_url":"","og_title":null,"og_description":null,"og_object_type":"default","og_image_type":"default","og_image_url":null,"og_image_width":null,"og_image_height":null,"og_image_custom_url":null,"og_image_custom_fields":null,"og_video":null,"og_custom_url":null,"og_article_section":null,"og_article_tags":null,"twitter_use_og":false,"twitter_card":"default","twitter_image_type":"default","twitter_image_url":null,"twitter_image_custom_url":null,"twitter_image_custom_fields":null,"twitter_title":null,"twitter_description":null,"schema":{"blockGraphs":[],"customGraphs":[],"default":{"data":{"Article":[],"Course":[],"Dataset":[],"FAQPage":[],"Movie":[],"Person":[],"Product":[],"ProductReview":[],"Car":[],"Recipe":[],"Service":[],"SoftwareApplication":[],"WebPage":[]},"graphName":"","isEnabled":true},"graphs":[],"defaultGraph":"","defaultPostTypeGraph":""},"schema_type":null,"schema_type_options":null,"pillar_content":false,"robots_default":true,"robots_noindex":false,"robots_noarchive":false,"robots_nosnippet":false,"robots_nofollow":false,"robots_noimageindex":false,"robots_noodp":false,"robots_notranslate":false,"robots_max_snippet":null,"robots_max_videopreview":null,"robots_max_imagepreview":"large","priority":null,"frequency":null,"location":null,"local_seo":null,"seo_analyzer_scan_date":"2025-08-31 15:37:23","breadcrumb_settings":null,"limit_modified_date":false,"reviewed_by":null,"open_ai":null,"ai":null,"created":"2020-12-21 10:36:58","updated":"2025-08-31 15:37:23"},"aioseo_breadcrumb":"<div class=\"aioseo-breadcrumbs\"><span class=\"aioseo-breadcrumb\">\n\t<a href=\"https:\/\/candas365.es\/noticias\" title=\"Home\">Home<\/a>\n<\/span><span class=\"aioseo-breadcrumb-separator\">&ndash;<\/span><span class=\"aioseo-breadcrumb\">\n\t<a href=\"https:\/\/candas365.es\/noticias\/category\/revista\/\" title=\"Revista\">Revista<\/a>\n<\/span><span class=\"aioseo-breadcrumb-separator\">&ndash;<\/span><span class=\"aioseo-breadcrumb\">\n\tTarjetas de Navidad de escolares asturianos para los mayores\n<\/span><\/div>","aioseo_breadcrumb_json":[{"label":"Home","link":"https:\/\/candas365.es\/noticias"},{"label":"Revista","link":"https:\/\/candas365.es\/noticias\/category\/revista\/"},{"label":"Tarjetas de Navidad de escolares asturianos para los mayores","link":"https:\/\/candas365.es\/noticias\/tarjetas-de-navidad-de-escolares-asturianos-para-los-mayores\/"}],"_links":{"self":[{"href":"https:\/\/candas365.es\/noticias\/wp-json\/wp\/v2\/posts\/150140","targetHints":{"allow":["GET"]}}],"collection":[{"href":"https:\/\/candas365.es\/noticias\/wp-json\/wp\/v2\/posts"}],"about":[{"href":"https:\/\/candas365.es\/noticias\/wp-json\/wp\/v2\/types\/post"}],"author":[{"embeddable":true,"href":"https:\/\/candas365.es\/noticias\/wp-json\/wp\/v2\/users\/1"}],"replies":[{"embeddable":true,"href":"https:\/\/candas365.es\/noticias\/wp-json\/wp\/v2\/comments?post=150140"}],"version-history":[{"count":0,"href":"https:\/\/candas365.es\/noticias\/wp-json\/wp\/v2\/posts\/150140\/revisions"}],"wp:featuredmedia":[{"embeddable":true,"href":"https:\/\/candas365.es\/noticias\/wp-json\/wp\/v2\/media\/149820"}],"wp:attachment":[{"href":"https:\/\/candas365.es\/noticias\/wp-json\/wp\/v2\/media?parent=150140"}],"wp:term":[{"taxonomy":"category","embeddable":true,"href":"https:\/\/candas365.es\/noticias\/wp-json\/wp\/v2\/categories?post=150140"},{"taxonomy":"post_tag","embeddable":true,"href":"https:\/\/candas365.es\/noticias\/wp-json\/wp\/v2\/tags?post=150140"}],"curies":[{"name":"wp","href":"https:\/\/api.w.org\/{rel}","templated":true}]}}