{"id":150119,"date":"2020-12-16T13:03:48","date_gmt":"2020-12-16T13:03:48","guid":{"rendered":"http:\/\/candas365.es\/noticias\/?p=150119"},"modified":"2020-12-16T13:03:48","modified_gmt":"2020-12-16T13:03:48","slug":"lluvias-y-mal-tiempo-en-el-norte-peninsular","status":"publish","type":"post","link":"https:\/\/candas365.es\/noticias\/lluvias-y-mal-tiempo-en-el-norte-peninsular\/","title":{"rendered":"Lluvias y mal tiempo en el norte peninsular"},"content":{"rendered":"<p><img fetchpriority=\"high\" decoding=\"async\" class=\"alignleft size-medium wp-image-43762\" src=\"https:\/\/candas365.es\/noticias\/wp-content\/uploads\/2017\/02\/olas-360x198.jpg\" alt=\"\" width=\"360\" height=\"198\" srcset=\"https:\/\/candas365.es\/noticias\/wp-content\/uploads\/2017\/02\/olas-360x198.jpg 360w, https:\/\/candas365.es\/noticias\/wp-content\/uploads\/2017\/02\/olas-650x357.jpg 650w, https:\/\/candas365.es\/noticias\/wp-content\/uploads\/2017\/02\/olas-150x82.jpg 150w, https:\/\/candas365.es\/noticias\/wp-content\/uploads\/2017\/02\/olas-450x247.jpg 450w, https:\/\/candas365.es\/noticias\/wp-content\/uploads\/2017\/02\/olas.jpg 655w\" sizes=\"(max-width: 360px) 100vw, 360px\" \/>(EUROPA PRESS) &#8211;\u00a0Un total de cinco provincias del norte peninsular estar\u00e1n este mi\u00e9rcoles 16 de diciembre en riesgo por temporal mar\u00edtimo, lluvias y fuertes rachas de viento en una jornada en la que las precipitaciones predominar\u00e1n en gran parte del pa\u00eds, seg\u00fan la Agencia Estatal de Meteorolog\u00eda (AEMET).<\/p>\n<p>La jornada de este mi\u00e9rcoles estar\u00e1 marcada por el temporal mar\u00edtimo que tendr\u00e1 lugar en Galicia y que dejar\u00e1 a La Coru\u00f1a y a Pontevedra en riesgo, con olas que podr\u00e1n alcanzar los cuatro metros de altura por vientos del sur o suroeste de fuerza ocho o nueve.<\/p>\n<p>El viento soplar\u00e1 especialmente fuerte en La Coru\u00f1a, Pontevedra, Asturias, Cantabria y Navarra, donde se podr\u00e1n superar los 70-90 km\/ al estar estas provincias en riesgo bajo por este fen\u00f3meno. Adem\u00e1s, las provincias de La Coru\u00f1a, Pontevedra y Orense estar\u00e1n en riesgo bajo por precipitaciones que podr\u00e1n dejar hasta 15 litros por metro cuadrado en una hora o un m\u00e1ximo de 60 litros por metro cuadrado en doce horas.<\/p>\n<p>Por lo general, la AEMET prev\u00e9 que un nuevo frente atl\u00e1ntico atravesar\u00e1 la Pen\u00ednsula de oeste a este, por lo que en la vertiente atl\u00e1ntica, Estrecho y Andaluc\u00eda mediterr\u00e1nea los cielos ser\u00e1n nubosos o cubiertos, con episodios de precipitaciones generalizadas que se desplazar\u00e1n hacia el este perdiendo intensidad a la vez que cesan por el oeste.<\/p>\n<p>Sin embargo, las lluvias m\u00e1s intensas y abundantes tendr\u00e1n lugar en el oeste de Galicia de madrugada, donde ser\u00e1n localmente fuertes y persistentes, adem\u00e1s en el norte de Extremadura ser\u00e1n persistentes mientras que en el entorno del Estrecho ser\u00e1n persistentes y localmente fuertes.<\/p>\n<p>Por el contrario, las precipitaciones son poco probables en el tercio oriental y no se esperan en Baleares. Tras el paso del frente, los intervalos de nubes bajas se formar\u00e1n en el oeste peninsular y en el archipi\u00e9lago canario en el norte de las islas monta\u00f1osas habr\u00e1 intervalos nubosos con lluvias d\u00e9biles dispersas con alg\u00fan chubasco ocasional.<\/p>\n<p>La cota de nieve se situar\u00e1 en el oeste de la cordillera cant\u00e1brica en torno a los 1.300-1.600 metros, en el sistema central estar\u00e1 en 1.600- 1.800 metros. En relaci\u00f3n con las temperaturas, los valores no sufrir\u00e1n grandes cambios por lo general, en una jornada que tendr\u00e1 heladas d\u00e9biles en monta\u00f1as y \u00e1reas altas del interior peninsular, localmente m\u00e1s intensas en Pirineos.<\/p>\n<p>Por \u00faltimo, los vientos del sur rolar\u00e1n a suroeste en la vertiente atl\u00e1ntica y cant\u00e1brica, al principio las rachas ser\u00e1n fuerte o con intervalos de fuerte en Galicia, cordillera cant\u00e1brica y pirineo occidental. Adem\u00e1s, este jueves predominar\u00e1 el viento de componente sur en el Ampurd\u00e1n y Baleares mientras que en Canarias los vientos ser\u00e1n de componente norte.<\/p>\n","protected":false},"excerpt":{"rendered":"<p>(EUROPA PRESS) &#8211;\u00a0Un total de cinco provincias del norte peninsular estar\u00e1n este mi\u00e9rcoles 16 de diciembre en riesgo por temporal mar\u00edtimo, lluvias y fuertes rachas de viento en una jornada en la que las precipitaciones predominar\u00e1n en gran parte del pa\u00eds, seg\u00fan la Agencia Estatal de Meteorolog\u00eda (AEMET). La jornada de este mi\u00e9rcoles estar\u00e1 marcada<\/p>\n","protected":false},"author":1,"featured_media":149384,"comment_status":"closed","ping_status":"closed","sticky":false,"template":"","format":"standard","meta":{"footnotes":""},"categories":[358],"tags":[],"class_list":{"0":"post-150119","1":"post","2":"type-post","3":"status-publish","4":"format-standard","5":"has-post-thumbnail","7":"category-el-tiempo"},"aioseo_notices":[],"aioseo_head":"\n\t\t<!-- All in One SEO Pro 4.9.6.2 - aioseo.com -->\n\t<meta name=\"description\" content=\"Un total de cinco provincias del norte peninsular estar\u00e1n este mi\u00e9rcoles 16 de diciembre en riesgo por temporal mar\u00edtimo, lluvias y fuertes rachas de viento.\" \/>\n\t<meta name=\"robots\" content=\"max-image-preview:large\" \/>\n\t<meta name=\"author\" content=\"Cand\u00e1s 365\"\/>\n\t<meta name=\"google-site-verification\" content=\"UA-32230408-1\" \/>\n\t<meta name=\"msvalidate.01\" content=\"354F3CDFB2DA171B47FBE9ABF1F88D5\" \/>\n\t<meta name=\"keywords\" content=\"el tiempo\" \/>\n\t<link rel=\"canonical\" href=\"https:\/\/candas365.es\/noticias\/lluvias-y-mal-tiempo-en-el-norte-peninsular\/\" \/>\n\t<meta name=\"generator\" content=\"All in One SEO Pro (AIOSEO) 4.9.6.2\" \/>\n\t\t<meta property=\"og:locale\" content=\"es_ES\" \/>\n\t\t<meta property=\"og:site_name\" content=\"Cand\u00e1s 365\" \/>\n\t\t<meta property=\"og:type\" content=\"article\" \/>\n\t\t<meta property=\"og:title\" content=\"Lluvias y mal tiempo en el norte peninsular | Cand\u00e1s 365\" \/>\n\t\t<meta property=\"og:description\" content=\"Un total de cinco provincias del norte peninsular estar\u00e1n este mi\u00e9rcoles 16 de diciembre en riesgo por temporal mar\u00edtimo, lluvias y fuertes rachas de viento.\" \/>\n\t\t<meta property=\"og:url\" content=\"https:\/\/candas365.es\/noticias\/lluvias-y-mal-tiempo-en-el-norte-peninsular\/\" \/>\n\t\t<meta property=\"og:image\" content=\"https:\/\/candas365.es\/noticias\/wp-content\/uploads\/2020\/12\/rain-3954273_640.jpg\" \/>\n\t\t<meta property=\"og:image:secure_url\" content=\"https:\/\/candas365.es\/noticias\/wp-content\/uploads\/2020\/12\/rain-3954273_640.jpg\" \/>\n\t\t<meta property=\"og:image:width\" content=\"640\" \/>\n\t\t<meta property=\"og:image:height\" content=\"426\" \/>\n\t\t<meta property=\"article:published_time\" content=\"2020-12-16T13:03:48+00:00\" \/>\n\t\t<meta property=\"article:modified_time\" content=\"2020-12-16T13:03:48+00:00\" \/>\n\t\t<meta property=\"article:publisher\" content=\"https:\/\/www.facebook.com\/Nachofdezber\" \/>\n\t\t<meta property=\"article:author\" content=\"https:\/\/www.facebook.com\/carrenoactualidad\" \/>\n\t\t<meta name=\"twitter:card\" content=\"summary_large_image\" \/>\n\t\t<meta name=\"twitter:site\" content=\"@NabercoDigital\" \/>\n\t\t<meta name=\"twitter:title\" content=\"Lluvias y mal tiempo en el norte peninsular | Cand\u00e1s 365\" \/>\n\t\t<meta name=\"twitter:description\" content=\"Un total de cinco provincias del norte peninsular estar\u00e1n este mi\u00e9rcoles 16 de diciembre en riesgo por temporal mar\u00edtimo, lluvias y fuertes rachas de viento.\" \/>\n\t\t<meta name=\"twitter:creator\" content=\"@nbasturias\" \/>\n\t\t<meta name=\"twitter:image\" content=\"https:\/\/candas365.es\/noticias\/wp-content\/uploads\/2020\/12\/rain-3954273_640.jpg\" \/>\n\t\t<meta name=\"twitter:label1\" content=\"Escrito por\" \/>\n\t\t<meta name=\"twitter:data1\" content=\"Cand\u00e1s 365\" \/>\n\t\t<meta name=\"twitter:label2\" content=\"Tiempo de lectura estimado\" \/>\n\t\t<meta name=\"twitter:data2\" content=\"2 minutos\" \/>\n\t\t<script type=\"application\/ld+json\" class=\"aioseo-schema\">\n\t\t\t{\"@context\":\"https:\\\/\\\/schema.org\",\"@graph\":[{\"@type\":\"BreadcrumbList\",\"@id\":\"https:\\\/\\\/candas365.es\\\/noticias\\\/lluvias-y-mal-tiempo-en-el-norte-peninsular\\\/#breadcrumblist\",\"itemListElement\":[{\"@type\":\"ListItem\",\"@id\":\"https:\\\/\\\/candas365.es\\\/noticias#listItem\",\"position\":1,\"name\":\"Home\",\"item\":\"https:\\\/\\\/candas365.es\\\/noticias\",\"nextItem\":{\"@type\":\"ListItem\",\"@id\":\"https:\\\/\\\/candas365.es\\\/noticias\\\/category\\\/el-tiempo\\\/#listItem\",\"name\":\"El tiempo\"}},{\"@type\":\"ListItem\",\"@id\":\"https:\\\/\\\/candas365.es\\\/noticias\\\/category\\\/el-tiempo\\\/#listItem\",\"position\":2,\"name\":\"El tiempo\",\"item\":\"https:\\\/\\\/candas365.es\\\/noticias\\\/category\\\/el-tiempo\\\/\",\"nextItem\":{\"@type\":\"ListItem\",\"@id\":\"https:\\\/\\\/candas365.es\\\/noticias\\\/lluvias-y-mal-tiempo-en-el-norte-peninsular\\\/#listItem\",\"name\":\"Lluvias y mal tiempo en el norte peninsular\"},\"previousItem\":{\"@type\":\"ListItem\",\"@id\":\"https:\\\/\\\/candas365.es\\\/noticias#listItem\",\"name\":\"Home\"}},{\"@type\":\"ListItem\",\"@id\":\"https:\\\/\\\/candas365.es\\\/noticias\\\/lluvias-y-mal-tiempo-en-el-norte-peninsular\\\/#listItem\",\"position\":3,\"name\":\"Lluvias y mal tiempo en el norte peninsular\",\"previousItem\":{\"@type\":\"ListItem\",\"@id\":\"https:\\\/\\\/candas365.es\\\/noticias\\\/category\\\/el-tiempo\\\/#listItem\",\"name\":\"El tiempo\"}}]},{\"@type\":\"NewsArticle\",\"@id\":\"https:\\\/\\\/candas365.es\\\/noticias\\\/lluvias-y-mal-tiempo-en-el-norte-peninsular\\\/#newsarticle\",\"name\":\"Lluvias y mal tiempo en el norte peninsular | Cand\\u00e1s 365\",\"headline\":\"Lluvias y mal tiempo en el norte peninsular\",\"author\":{\"@id\":\"https:\\\/\\\/candas365.es\\\/noticias\\\/author\\\/admin\\\/#author\"},\"publisher\":{\"@id\":\"https:\\\/\\\/candas365.es\\\/noticias\\\/#organization\"},\"image\":{\"@type\":\"ImageObject\",\"url\":\"https:\\\/\\\/candas365.es\\\/noticias\\\/wp-content\\\/uploads\\\/2020\\\/12\\\/rain-3954273_640.jpg\",\"width\":640,\"height\":426},\"datePublished\":\"2020-12-16T13:03:48+01:00\",\"dateModified\":\"2020-12-16T13:03:48+01:00\",\"inLanguage\":\"es-ES\",\"mainEntityOfPage\":{\"@id\":\"https:\\\/\\\/candas365.es\\\/noticias\\\/lluvias-y-mal-tiempo-en-el-norte-peninsular\\\/#webpage\"},\"isPartOf\":{\"@id\":\"https:\\\/\\\/candas365.es\\\/noticias\\\/lluvias-y-mal-tiempo-en-el-norte-peninsular\\\/#webpage\"},\"articleSection\":\"El tiempo\",\"dateline\":\"Publicado el diciembre 16, 2020.\"},{\"@type\":\"Organization\",\"@id\":\"https:\\\/\\\/candas365.es\\\/noticias\\\/#organization\",\"name\":\"Cand\\u00e1s 365\",\"description\":\"Cand\\u00e1s 365 es un diario digital independiente, fundado en 2012, con base en Asturias. Informamos con rigor sobre actualidad, sociedad, cultura y ocio, con una mirada local y global.\",\"url\":\"https:\\\/\\\/candas365.es\\\/noticias\\\/\",\"email\":\"info@candas365.es\",\"telephone\":\"+34652131393\",\"foundingDate\":\"2012-06-10\",\"logo\":{\"@type\":\"ImageObject\",\"url\":\"https:\\\/\\\/candas365.es\\\/noticias\\\/wp-content\\\/uploads\\\/2024\\\/09\\\/Candas-365-Redes.jpg\",\"@id\":\"https:\\\/\\\/candas365.es\\\/noticias\\\/lluvias-y-mal-tiempo-en-el-norte-peninsular\\\/#organizationLogo\",\"width\":1152,\"height\":864,\"caption\":\"Cand\\u00e1s 365 Redes\"},\"image\":{\"@id\":\"https:\\\/\\\/candas365.es\\\/noticias\\\/lluvias-y-mal-tiempo-en-el-norte-peninsular\\\/#organizationLogo\"},\"sameAs\":[\"https:\\\/\\\/www.facebook.com\\\/Nachofdezber\",\"https:\\\/\\\/x.com\\\/NabercoDigital\",\"https:\\\/\\\/www.instagram.com\\\/nachofdezber\\\/\",\"https:\\\/\\\/www.youtube.com\\\/channel\\\/UCZP-2wLEB9Rv6erhFmqVnvg\"],\"address\":{\"@id\":\"https:\\\/\\\/candas365.es\\\/noticias\\\/#postaladdress\",\"@type\":\"PostalAddress\",\"streetAddress\":\"san antonio 4, san antonio 4\",\"postalCode\":\"33430\",\"addressLocality\":\"Cand\\u00e1s\",\"addressRegion\":\"Asturias\",\"addressCountry\":\"ES\"}},{\"@type\":\"Person\",\"@id\":\"https:\\\/\\\/candas365.es\\\/noticias\\\/author\\\/admin\\\/#author\",\"url\":\"https:\\\/\\\/candas365.es\\\/noticias\\\/author\\\/admin\\\/\",\"name\":\"Cand\\u00e1s 365\",\"image\":{\"@type\":\"ImageObject\",\"@id\":\"https:\\\/\\\/candas365.es\\\/noticias\\\/lluvias-y-mal-tiempo-en-el-norte-peninsular\\\/#authorImage\",\"url\":\"https:\\\/\\\/secure.gravatar.com\\\/avatar\\\/496a8e03d0c493ede1718b7934145dbdf8d89be1036b0eec9544e1094c9de390?s=96&d=mm&r=g\",\"width\":96,\"height\":96,\"caption\":\"Cand\\u00e1s 365\"},\"sameAs\":[\"https:\\\/\\\/www.facebook.com\\\/carrenoactualidad\",\"https:\\\/\\\/twitter.com\\\/nbasturias\",\"https:\\\/\\\/www.instagram.com\\\/nachofdezber\\\/\",\"https:\\\/\\\/www.youtube.com\\\/channel\\\/UCZP-2wLEB9Rv6erhFmqVnvg\"]},{\"@type\":\"WebPage\",\"@id\":\"https:\\\/\\\/candas365.es\\\/noticias\\\/lluvias-y-mal-tiempo-en-el-norte-peninsular\\\/#webpage\",\"url\":\"https:\\\/\\\/candas365.es\\\/noticias\\\/lluvias-y-mal-tiempo-en-el-norte-peninsular\\\/\",\"name\":\"Lluvias y mal tiempo en el norte peninsular | Cand\\u00e1s 365\",\"description\":\"Un total de cinco provincias del norte peninsular estar\\u00e1n este mi\\u00e9rcoles 16 de diciembre en riesgo por temporal mar\\u00edtimo, lluvias y fuertes rachas de viento.\",\"inLanguage\":\"es-ES\",\"isPartOf\":{\"@id\":\"https:\\\/\\\/candas365.es\\\/noticias\\\/#website\"},\"breadcrumb\":{\"@id\":\"https:\\\/\\\/candas365.es\\\/noticias\\\/lluvias-y-mal-tiempo-en-el-norte-peninsular\\\/#breadcrumblist\"},\"author\":{\"@id\":\"https:\\\/\\\/candas365.es\\\/noticias\\\/author\\\/admin\\\/#author\"},\"creator\":{\"@id\":\"https:\\\/\\\/candas365.es\\\/noticias\\\/author\\\/admin\\\/#author\"},\"image\":{\"@type\":\"ImageObject\",\"url\":\"https:\\\/\\\/candas365.es\\\/noticias\\\/wp-content\\\/uploads\\\/2020\\\/12\\\/rain-3954273_640.jpg\",\"@id\":\"https:\\\/\\\/candas365.es\\\/noticias\\\/lluvias-y-mal-tiempo-en-el-norte-peninsular\\\/#mainImage\",\"width\":640,\"height\":426},\"primaryImageOfPage\":{\"@id\":\"https:\\\/\\\/candas365.es\\\/noticias\\\/lluvias-y-mal-tiempo-en-el-norte-peninsular\\\/#mainImage\"},\"datePublished\":\"2020-12-16T13:03:48+01:00\",\"dateModified\":\"2020-12-16T13:03:48+01:00\"},{\"@type\":\"WebSite\",\"@id\":\"https:\\\/\\\/candas365.es\\\/noticias\\\/#website\",\"url\":\"https:\\\/\\\/candas365.es\\\/noticias\\\/\",\"name\":\"Cand\\u00e1s 365\",\"alternateName\":\"Cand\\u00e1s 365 Noticias\",\"description\":\"Actualidad desde Carre\\u00f1o para el mundo\",\"inLanguage\":\"es-ES\",\"publisher\":{\"@id\":\"https:\\\/\\\/candas365.es\\\/noticias\\\/#organization\"}}]}\n\t\t<\/script>\n\t\t<!-- All in One SEO Pro -->\r\n\t\t<title>Lluvias y mal tiempo en el norte peninsular | Cand\u00e1s 365<\/title>\n\n","aioseo_head_json":{"title":"Lluvias y mal tiempo en el norte peninsular | Cand\u00e1s 365","description":"Un total de cinco provincias del norte peninsular estar\u00e1n este mi\u00e9rcoles 16 de diciembre en riesgo por temporal mar\u00edtimo, lluvias y fuertes rachas de viento.","canonical_url":"https:\/\/candas365.es\/noticias\/lluvias-y-mal-tiempo-en-el-norte-peninsular\/","robots":"max-image-preview:large","keywords":"el tiempo","webmasterTools":{"google-site-verification":"UA-32230408-1","msvalidate.01":"354F3CDFB2DA171B47FBE9ABF1F88D5","miscellaneous":""},"schema":{"@context":"https:\/\/schema.org","@graph":[{"@type":"BreadcrumbList","@id":"https:\/\/candas365.es\/noticias\/lluvias-y-mal-tiempo-en-el-norte-peninsular\/#breadcrumblist","itemListElement":[{"@type":"ListItem","@id":"https:\/\/candas365.es\/noticias#listItem","position":1,"name":"Home","item":"https:\/\/candas365.es\/noticias","nextItem":{"@type":"ListItem","@id":"https:\/\/candas365.es\/noticias\/category\/el-tiempo\/#listItem","name":"El tiempo"}},{"@type":"ListItem","@id":"https:\/\/candas365.es\/noticias\/category\/el-tiempo\/#listItem","position":2,"name":"El tiempo","item":"https:\/\/candas365.es\/noticias\/category\/el-tiempo\/","nextItem":{"@type":"ListItem","@id":"https:\/\/candas365.es\/noticias\/lluvias-y-mal-tiempo-en-el-norte-peninsular\/#listItem","name":"Lluvias y mal tiempo en el norte peninsular"},"previousItem":{"@type":"ListItem","@id":"https:\/\/candas365.es\/noticias#listItem","name":"Home"}},{"@type":"ListItem","@id":"https:\/\/candas365.es\/noticias\/lluvias-y-mal-tiempo-en-el-norte-peninsular\/#listItem","position":3,"name":"Lluvias y mal tiempo en el norte peninsular","previousItem":{"@type":"ListItem","@id":"https:\/\/candas365.es\/noticias\/category\/el-tiempo\/#listItem","name":"El tiempo"}}]},{"@type":"NewsArticle","@id":"https:\/\/candas365.es\/noticias\/lluvias-y-mal-tiempo-en-el-norte-peninsular\/#newsarticle","name":"Lluvias y mal tiempo en el norte peninsular | Cand\u00e1s 365","headline":"Lluvias y mal tiempo en el norte peninsular","author":{"@id":"https:\/\/candas365.es\/noticias\/author\/admin\/#author"},"publisher":{"@id":"https:\/\/candas365.es\/noticias\/#organization"},"image":{"@type":"ImageObject","url":"https:\/\/candas365.es\/noticias\/wp-content\/uploads\/2020\/12\/rain-3954273_640.jpg","width":640,"height":426},"datePublished":"2020-12-16T13:03:48+01:00","dateModified":"2020-12-16T13:03:48+01:00","inLanguage":"es-ES","mainEntityOfPage":{"@id":"https:\/\/candas365.es\/noticias\/lluvias-y-mal-tiempo-en-el-norte-peninsular\/#webpage"},"isPartOf":{"@id":"https:\/\/candas365.es\/noticias\/lluvias-y-mal-tiempo-en-el-norte-peninsular\/#webpage"},"articleSection":"El tiempo","dateline":"Publicado el diciembre 16, 2020."},{"@type":"Organization","@id":"https:\/\/candas365.es\/noticias\/#organization","name":"Cand\u00e1s 365","description":"Cand\u00e1s 365 es un diario digital independiente, fundado en 2012, con base en Asturias. Informamos con rigor sobre actualidad, sociedad, cultura y ocio, con una mirada local y global.","url":"https:\/\/candas365.es\/noticias\/","email":"info@candas365.es","telephone":"+34652131393","foundingDate":"2012-06-10","logo":{"@type":"ImageObject","url":"https:\/\/candas365.es\/noticias\/wp-content\/uploads\/2024\/09\/Candas-365-Redes.jpg","@id":"https:\/\/candas365.es\/noticias\/lluvias-y-mal-tiempo-en-el-norte-peninsular\/#organizationLogo","width":1152,"height":864,"caption":"Cand\u00e1s 365 Redes"},"image":{"@id":"https:\/\/candas365.es\/noticias\/lluvias-y-mal-tiempo-en-el-norte-peninsular\/#organizationLogo"},"sameAs":["https:\/\/www.facebook.com\/Nachofdezber","https:\/\/x.com\/NabercoDigital","https:\/\/www.instagram.com\/nachofdezber\/","https:\/\/www.youtube.com\/channel\/UCZP-2wLEB9Rv6erhFmqVnvg"],"address":{"@id":"https:\/\/candas365.es\/noticias\/#postaladdress","@type":"PostalAddress","streetAddress":"san antonio 4, san antonio 4","postalCode":"33430","addressLocality":"Cand\u00e1s","addressRegion":"Asturias","addressCountry":"ES"}},{"@type":"Person","@id":"https:\/\/candas365.es\/noticias\/author\/admin\/#author","url":"https:\/\/candas365.es\/noticias\/author\/admin\/","name":"Cand\u00e1s 365","image":{"@type":"ImageObject","@id":"https:\/\/candas365.es\/noticias\/lluvias-y-mal-tiempo-en-el-norte-peninsular\/#authorImage","url":"https:\/\/secure.gravatar.com\/avatar\/496a8e03d0c493ede1718b7934145dbdf8d89be1036b0eec9544e1094c9de390?s=96&d=mm&r=g","width":96,"height":96,"caption":"Cand\u00e1s 365"},"sameAs":["https:\/\/www.facebook.com\/carrenoactualidad","https:\/\/twitter.com\/nbasturias","https:\/\/www.instagram.com\/nachofdezber\/","https:\/\/www.youtube.com\/channel\/UCZP-2wLEB9Rv6erhFmqVnvg"]},{"@type":"WebPage","@id":"https:\/\/candas365.es\/noticias\/lluvias-y-mal-tiempo-en-el-norte-peninsular\/#webpage","url":"https:\/\/candas365.es\/noticias\/lluvias-y-mal-tiempo-en-el-norte-peninsular\/","name":"Lluvias y mal tiempo en el norte peninsular | Cand\u00e1s 365","description":"Un total de cinco provincias del norte peninsular estar\u00e1n este mi\u00e9rcoles 16 de diciembre en riesgo por temporal mar\u00edtimo, lluvias y fuertes rachas de viento.","inLanguage":"es-ES","isPartOf":{"@id":"https:\/\/candas365.es\/noticias\/#website"},"breadcrumb":{"@id":"https:\/\/candas365.es\/noticias\/lluvias-y-mal-tiempo-en-el-norte-peninsular\/#breadcrumblist"},"author":{"@id":"https:\/\/candas365.es\/noticias\/author\/admin\/#author"},"creator":{"@id":"https:\/\/candas365.es\/noticias\/author\/admin\/#author"},"image":{"@type":"ImageObject","url":"https:\/\/candas365.es\/noticias\/wp-content\/uploads\/2020\/12\/rain-3954273_640.jpg","@id":"https:\/\/candas365.es\/noticias\/lluvias-y-mal-tiempo-en-el-norte-peninsular\/#mainImage","width":640,"height":426},"primaryImageOfPage":{"@id":"https:\/\/candas365.es\/noticias\/lluvias-y-mal-tiempo-en-el-norte-peninsular\/#mainImage"},"datePublished":"2020-12-16T13:03:48+01:00","dateModified":"2020-12-16T13:03:48+01:00"},{"@type":"WebSite","@id":"https:\/\/candas365.es\/noticias\/#website","url":"https:\/\/candas365.es\/noticias\/","name":"Cand\u00e1s 365","alternateName":"Cand\u00e1s 365 Noticias","description":"Actualidad desde Carre\u00f1o para el mundo","inLanguage":"es-ES","publisher":{"@id":"https:\/\/candas365.es\/noticias\/#organization"}}]},"og:locale":"es_ES","og:site_name":"Cand\u00e1s 365","og:type":"article","og:title":"Lluvias y mal tiempo en el norte peninsular | Cand\u00e1s 365","og:description":"Un total de cinco provincias del norte peninsular estar\u00e1n este mi\u00e9rcoles 16 de diciembre en riesgo por temporal mar\u00edtimo, lluvias y fuertes rachas de viento.","og:url":"https:\/\/candas365.es\/noticias\/lluvias-y-mal-tiempo-en-el-norte-peninsular\/","og:image":"https:\/\/candas365.es\/noticias\/wp-content\/uploads\/2020\/12\/rain-3954273_640.jpg","og:image:secure_url":"https:\/\/candas365.es\/noticias\/wp-content\/uploads\/2020\/12\/rain-3954273_640.jpg","og:image:width":640,"og:image:height":426,"article:published_time":"2020-12-16T13:03:48+00:00","article:modified_time":"2020-12-16T13:03:48+00:00","article:publisher":"https:\/\/www.facebook.com\/Nachofdezber","article:author":"https:\/\/www.facebook.com\/carrenoactualidad","twitter:card":"summary_large_image","twitter:site":"@NabercoDigital","twitter:title":"Lluvias y mal tiempo en el norte peninsular | Cand\u00e1s 365","twitter:description":"Un total de cinco provincias del norte peninsular estar\u00e1n este mi\u00e9rcoles 16 de diciembre en riesgo por temporal mar\u00edtimo, lluvias y fuertes rachas de viento.","twitter:creator":"@nbasturias","twitter:image":"https:\/\/candas365.es\/noticias\/wp-content\/uploads\/2020\/12\/rain-3954273_640.jpg","twitter:label1":"Escrito por","twitter:data1":"Cand\u00e1s 365","twitter:label2":"Tiempo de lectura estimado","twitter:data2":"2 minutos"},"aioseo_meta_data":{"post_id":"150119","title":"Lluvias y mal tiempo en el norte peninsular | #site_title","description":"Un total de cinco provincias del norte peninsular estar\u00e1n este mi\u00e9rcoles 16 de diciembre en riesgo por temporal mar\u00edtimo, lluvias y fuertes rachas de viento.","keywords":[{"label":"El Tiempo","value":"El Tiempo"}],"keyphrases":null,"primary_term":null,"canonical_url":"","og_title":null,"og_description":null,"og_object_type":"default","og_image_type":"default","og_image_url":null,"og_image_width":null,"og_image_height":null,"og_image_custom_url":null,"og_image_custom_fields":null,"og_video":null,"og_custom_url":null,"og_article_section":null,"og_article_tags":null,"twitter_use_og":false,"twitter_card":"default","twitter_image_type":"default","twitter_image_url":null,"twitter_image_custom_url":null,"twitter_image_custom_fields":null,"twitter_title":null,"twitter_description":null,"schema":{"blockGraphs":[],"customGraphs":[],"default":{"data":{"Article":[],"Course":[],"Dataset":[],"FAQPage":[],"Movie":[],"Person":[],"Product":[],"ProductReview":[],"Car":[],"Recipe":[],"Service":[],"SoftwareApplication":[],"WebPage":[]},"graphName":"","isEnabled":true},"graphs":[]},"schema_type":null,"schema_type_options":null,"pillar_content":false,"robots_default":true,"robots_noindex":false,"robots_noarchive":false,"robots_nosnippet":false,"robots_nofollow":false,"robots_noimageindex":false,"robots_noodp":false,"robots_notranslate":false,"robots_max_snippet":null,"robots_max_videopreview":null,"robots_max_imagepreview":"large","priority":null,"frequency":null,"location":null,"local_seo":null,"seo_analyzer_scan_date":"2025-08-31 15:37:15","breadcrumb_settings":null,"limit_modified_date":false,"reviewed_by":null,"open_ai":null,"ai":null,"created":"2020-12-21 10:36:58","updated":"2025-08-31 15:37:15"},"aioseo_breadcrumb":"<div class=\"aioseo-breadcrumbs\"><span class=\"aioseo-breadcrumb\">\n\t<a href=\"https:\/\/candas365.es\/noticias\" title=\"Home\">Home<\/a>\n<\/span><span class=\"aioseo-breadcrumb-separator\">&ndash;<\/span><span class=\"aioseo-breadcrumb\">\n\t<a href=\"https:\/\/candas365.es\/noticias\/category\/el-tiempo\/\" title=\"El tiempo\">El tiempo<\/a>\n<\/span><span class=\"aioseo-breadcrumb-separator\">&ndash;<\/span><span class=\"aioseo-breadcrumb\">\n\tLluvias y mal tiempo en el norte peninsular\n<\/span><\/div>","aioseo_breadcrumb_json":[{"label":"Home","link":"https:\/\/candas365.es\/noticias"},{"label":"El tiempo","link":"https:\/\/candas365.es\/noticias\/category\/el-tiempo\/"},{"label":"Lluvias y mal tiempo en el norte peninsular","link":"https:\/\/candas365.es\/noticias\/lluvias-y-mal-tiempo-en-el-norte-peninsular\/"}],"_links":{"self":[{"href":"https:\/\/candas365.es\/noticias\/wp-json\/wp\/v2\/posts\/150119","targetHints":{"allow":["GET"]}}],"collection":[{"href":"https:\/\/candas365.es\/noticias\/wp-json\/wp\/v2\/posts"}],"about":[{"href":"https:\/\/candas365.es\/noticias\/wp-json\/wp\/v2\/types\/post"}],"author":[{"embeddable":true,"href":"https:\/\/candas365.es\/noticias\/wp-json\/wp\/v2\/users\/1"}],"replies":[{"embeddable":true,"href":"https:\/\/candas365.es\/noticias\/wp-json\/wp\/v2\/comments?post=150119"}],"version-history":[{"count":0,"href":"https:\/\/candas365.es\/noticias\/wp-json\/wp\/v2\/posts\/150119\/revisions"}],"wp:featuredmedia":[{"embeddable":true,"href":"https:\/\/candas365.es\/noticias\/wp-json\/wp\/v2\/media\/149384"}],"wp:attachment":[{"href":"https:\/\/candas365.es\/noticias\/wp-json\/wp\/v2\/media?parent=150119"}],"wp:term":[{"taxonomy":"category","embeddable":true,"href":"https:\/\/candas365.es\/noticias\/wp-json\/wp\/v2\/categories?post=150119"},{"taxonomy":"post_tag","embeddable":true,"href":"https:\/\/candas365.es\/noticias\/wp-json\/wp\/v2\/tags?post=150119"}],"curies":[{"name":"wp","href":"https:\/\/api.w.org\/{rel}","templated":true}]}}