{"id":150114,"date":"2020-12-16T10:54:02","date_gmt":"2020-12-16T10:54:02","guid":{"rendered":"http:\/\/candas365.es\/noticias\/?p=150114"},"modified":"2020-12-16T10:54:02","modified_gmt":"2020-12-16T10:54:02","slug":"actividades-para-los-pequenos-de-la-casa-en-la-laboral","status":"publish","type":"post","link":"https:\/\/candas365.es\/noticias\/actividades-para-los-pequenos-de-la-casa-en-la-laboral\/","title":{"rendered":"Actividades para los peque\u00f1os de la casa, en La Laboral"},"content":{"rendered":"<p><img fetchpriority=\"high\" decoding=\"async\" class=\"alignleft size-medium wp-image-130032\" src=\"https:\/\/candas365.es\/noticias\/wp-content\/uploads\/2019\/09\/Laboral-Gijon-360x247.jpg\" alt=\"\" width=\"360\" height=\"247\" srcset=\"https:\/\/candas365.es\/noticias\/wp-content\/uploads\/2019\/09\/Laboral-Gijon-360x247.jpg 360w, https:\/\/candas365.es\/noticias\/wp-content\/uploads\/2019\/09\/Laboral-Gijon-768x528.jpg 768w, https:\/\/candas365.es\/noticias\/wp-content\/uploads\/2019\/09\/Laboral-Gijon-655x450.jpg 655w, https:\/\/candas365.es\/noticias\/wp-content\/uploads\/2019\/09\/Laboral-Gijon-100x70.jpg 100w, https:\/\/candas365.es\/noticias\/wp-content\/uploads\/2019\/09\/Laboral-Gijon-218x150.jpg 218w, https:\/\/candas365.es\/noticias\/wp-content\/uploads\/2019\/09\/Laboral-Gijon-696x478.jpg 696w, https:\/\/candas365.es\/noticias\/wp-content\/uploads\/2019\/09\/Laboral-Gijon-611x420.jpg 611w, https:\/\/candas365.es\/noticias\/wp-content\/uploads\/2019\/09\/Laboral-Gijon.jpg 1049w\" sizes=\"(max-width: 360px) 100vw, 360px\" \/>Laboral Ciudad de la Cultura retoma su programa de talleres Vamos! ese s\u00e1bado 19 de diciembre. <strong>El p\u00fablico familiar con beb\u00e9s de 6 a 18 meses podr\u00e1 disfrutar de timbres, melod\u00edas e instrumentos de la tradici\u00f3n europea<\/strong>, alternados con la voz cantada, en un taller-concierto a las 12:00 horas. Los peques de 3 a 6 a\u00f1os podr\u00e1n dise\u00f1ar decoraciones navide\u00f1as sostenibles y respetuosas con el medio ambiente en Las 3 del Medio Ambiente en franc\u00e9s a las 16:30 horas o jugar y bailar con luces, filtros de colores y formas en Con mi linterna, un taller a las 18:00 horas para el que ya se han agotado las plazas.<\/p>\n<p>La programaci\u00f3n presencial se completa el domingo 20 con la proyecci\u00f3n del espect\u00e1culo <strong>El vuelo de Nikki de Marisa Amor a trav\u00e9s del canal de Youtube de la Laboral<\/strong>, una funci\u00f3n incluida en el programa Vamos! de la Ciudad de la Cultura. El Vuelo de Nikki es la poes\u00eda de un vuelo en globo, un recorrido por algunos peque\u00f1os gestos invisibles de nuestras vidas que alegran el coraz\u00f3n sin grandes movimientos y con una mirada hacia el cielo silenciosa y sonriente.<\/p>\n<p>La obra estar\u00e1 disponible desde el domingo a partir de las 12:00 horas, hasta el lunes por la ma\u00f1ana.<\/p>\n<p>&nbsp;<\/p>\n","protected":false},"excerpt":{"rendered":"<p>Laboral Ciudad de la Cultura retoma su programa de talleres Vamos! ese s\u00e1bado 19 de diciembre. El p\u00fablico familiar con beb\u00e9s de 6 a 18 meses podr\u00e1 disfrutar de timbres, melod\u00edas e instrumentos de la tradici\u00f3n europea, alternados con la voz cantada, en un taller-concierto a las 12:00 horas. Los peques de 3 a 6<\/p>\n","protected":false},"author":1,"featured_media":130032,"comment_status":"closed","ping_status":"closed","sticky":false,"template":"","format":"standard","meta":{"footnotes":""},"categories":[1],"tags":[],"class_list":{"0":"post-150114","1":"post","2":"type-post","3":"status-publish","4":"format-standard","5":"has-post-thumbnail","7":"category-agenda"},"aioseo_notices":[],"aioseo_head":"\n\t\t<!-- All in One SEO Pro 4.9.6.2 - aioseo.com -->\n\t<meta name=\"description\" content=\"La programaci\u00f3n presencial se completa el domingo 20 con la proyecci\u00f3n del espect\u00e1culo El vuelo de Nikki de Marisa Amor\" \/>\n\t<meta name=\"robots\" content=\"max-image-preview:large\" \/>\n\t<meta name=\"author\" content=\"Cand\u00e1s 365\"\/>\n\t<meta name=\"google-site-verification\" content=\"UA-32230408-1\" \/>\n\t<meta name=\"msvalidate.01\" content=\"354F3CDFB2DA171B47FBE9ABF1F88D5\" \/>\n\t<meta name=\"keywords\" content=\"agenda 365,agenda\" \/>\n\t<link rel=\"canonical\" href=\"https:\/\/candas365.es\/noticias\/actividades-para-los-pequenos-de-la-casa-en-la-laboral\/\" \/>\n\t<meta name=\"generator\" content=\"All in One SEO Pro (AIOSEO) 4.9.6.2\" \/>\n\t\t<meta property=\"og:locale\" content=\"es_ES\" \/>\n\t\t<meta property=\"og:site_name\" content=\"Cand\u00e1s 365\" \/>\n\t\t<meta property=\"og:type\" content=\"article\" \/>\n\t\t<meta property=\"og:title\" content=\"Actividades para los peque\u00f1os de la casa, en La Laboral | Cand\u00e1s 365\" \/>\n\t\t<meta property=\"og:description\" content=\"La programaci\u00f3n presencial se completa el domingo 20 con la proyecci\u00f3n del espect\u00e1culo El vuelo de Nikki de Marisa Amor\" \/>\n\t\t<meta property=\"og:url\" content=\"https:\/\/candas365.es\/noticias\/actividades-para-los-pequenos-de-la-casa-en-la-laboral\/\" \/>\n\t\t<meta property=\"og:image\" content=\"https:\/\/candas365.es\/noticias\/wp-content\/uploads\/2019\/09\/Laboral-Gijon.jpg\" \/>\n\t\t<meta property=\"og:image:secure_url\" content=\"https:\/\/candas365.es\/noticias\/wp-content\/uploads\/2019\/09\/Laboral-Gijon.jpg\" \/>\n\t\t<meta property=\"og:image:width\" content=\"1049\" \/>\n\t\t<meta property=\"og:image:height\" content=\"721\" \/>\n\t\t<meta property=\"article:published_time\" content=\"2020-12-16T10:54:02+00:00\" \/>\n\t\t<meta property=\"article:modified_time\" content=\"2020-12-16T10:54:02+00:00\" \/>\n\t\t<meta property=\"article:publisher\" content=\"https:\/\/www.facebook.com\/Nachofdezber\" \/>\n\t\t<meta property=\"article:author\" content=\"https:\/\/www.facebook.com\/carrenoactualidad\" \/>\n\t\t<meta name=\"twitter:card\" content=\"summary_large_image\" \/>\n\t\t<meta name=\"twitter:site\" content=\"@NabercoDigital\" \/>\n\t\t<meta name=\"twitter:title\" content=\"Actividades para los peque\u00f1os de la casa, en La Laboral | Cand\u00e1s 365\" \/>\n\t\t<meta name=\"twitter:description\" content=\"La programaci\u00f3n presencial se completa el domingo 20 con la proyecci\u00f3n del espect\u00e1culo El vuelo de Nikki de Marisa Amor\" \/>\n\t\t<meta name=\"twitter:creator\" content=\"@nbasturias\" \/>\n\t\t<meta name=\"twitter:image\" content=\"https:\/\/candas365.es\/noticias\/wp-content\/uploads\/2019\/09\/Laboral-Gijon.jpg\" \/>\n\t\t<meta name=\"twitter:label1\" content=\"Escrito por\" \/>\n\t\t<meta name=\"twitter:data1\" content=\"Cand\u00e1s 365\" \/>\n\t\t<meta name=\"twitter:label2\" content=\"Tiempo de lectura estimado\" \/>\n\t\t<meta name=\"twitter:data2\" content=\"1 minuto\" \/>\n\t\t<script type=\"application\/ld+json\" class=\"aioseo-schema\">\n\t\t\t{\"@context\":\"https:\\\/\\\/schema.org\",\"@graph\":[{\"@type\":\"BreadcrumbList\",\"@id\":\"https:\\\/\\\/candas365.es\\\/noticias\\\/actividades-para-los-pequenos-de-la-casa-en-la-laboral\\\/#breadcrumblist\",\"itemListElement\":[{\"@type\":\"ListItem\",\"@id\":\"https:\\\/\\\/candas365.es\\\/noticias#listItem\",\"position\":1,\"name\":\"Home\",\"item\":\"https:\\\/\\\/candas365.es\\\/noticias\",\"nextItem\":{\"@type\":\"ListItem\",\"@id\":\"https:\\\/\\\/candas365.es\\\/noticias\\\/category\\\/agenda\\\/#listItem\",\"name\":\"Agenda\"}},{\"@type\":\"ListItem\",\"@id\":\"https:\\\/\\\/candas365.es\\\/noticias\\\/category\\\/agenda\\\/#listItem\",\"position\":2,\"name\":\"Agenda\",\"item\":\"https:\\\/\\\/candas365.es\\\/noticias\\\/category\\\/agenda\\\/\",\"nextItem\":{\"@type\":\"ListItem\",\"@id\":\"https:\\\/\\\/candas365.es\\\/noticias\\\/actividades-para-los-pequenos-de-la-casa-en-la-laboral\\\/#listItem\",\"name\":\"Actividades para los peque\\u00f1os de la casa, en La Laboral\"},\"previousItem\":{\"@type\":\"ListItem\",\"@id\":\"https:\\\/\\\/candas365.es\\\/noticias#listItem\",\"name\":\"Home\"}},{\"@type\":\"ListItem\",\"@id\":\"https:\\\/\\\/candas365.es\\\/noticias\\\/actividades-para-los-pequenos-de-la-casa-en-la-laboral\\\/#listItem\",\"position\":3,\"name\":\"Actividades para los peque\\u00f1os de la casa, en La Laboral\",\"previousItem\":{\"@type\":\"ListItem\",\"@id\":\"https:\\\/\\\/candas365.es\\\/noticias\\\/category\\\/agenda\\\/#listItem\",\"name\":\"Agenda\"}}]},{\"@type\":\"NewsArticle\",\"@id\":\"https:\\\/\\\/candas365.es\\\/noticias\\\/actividades-para-los-pequenos-de-la-casa-en-la-laboral\\\/#newsarticle\",\"name\":\"Actividades para los peque\\u00f1os de la casa, en La Laboral | Cand\\u00e1s 365\",\"headline\":\"Actividades para los peque\\u00f1os de la casa, en La Laboral\",\"author\":{\"@id\":\"https:\\\/\\\/candas365.es\\\/noticias\\\/author\\\/admin\\\/#author\"},\"publisher\":{\"@id\":\"https:\\\/\\\/candas365.es\\\/noticias\\\/#organization\"},\"image\":{\"@type\":\"ImageObject\",\"url\":\"https:\\\/\\\/candas365.es\\\/noticias\\\/wp-content\\\/uploads\\\/2019\\\/09\\\/Laboral-Gijon.jpg\",\"width\":1049,\"height\":721,\"caption\":\"Laboral\"},\"datePublished\":\"2020-12-16T10:54:02+01:00\",\"dateModified\":\"2020-12-16T10:54:02+01:00\",\"inLanguage\":\"es-ES\",\"mainEntityOfPage\":{\"@id\":\"https:\\\/\\\/candas365.es\\\/noticias\\\/actividades-para-los-pequenos-de-la-casa-en-la-laboral\\\/#webpage\"},\"isPartOf\":{\"@id\":\"https:\\\/\\\/candas365.es\\\/noticias\\\/actividades-para-los-pequenos-de-la-casa-en-la-laboral\\\/#webpage\"},\"articleSection\":\"Agenda\",\"dateline\":\"Publicado el diciembre 16, 2020.\"},{\"@type\":\"Organization\",\"@id\":\"https:\\\/\\\/candas365.es\\\/noticias\\\/#organization\",\"name\":\"Cand\\u00e1s 365\",\"description\":\"Cand\\u00e1s 365 es un diario digital independiente, fundado en 2012, con base en Asturias. Informamos con rigor sobre actualidad, sociedad, cultura y ocio, con una mirada local y global.\",\"url\":\"https:\\\/\\\/candas365.es\\\/noticias\\\/\",\"email\":\"info@candas365.es\",\"telephone\":\"+34652131393\",\"foundingDate\":\"2012-06-10\",\"logo\":{\"@type\":\"ImageObject\",\"url\":\"https:\\\/\\\/candas365.es\\\/noticias\\\/wp-content\\\/uploads\\\/2024\\\/09\\\/Candas-365-Redes.jpg\",\"@id\":\"https:\\\/\\\/candas365.es\\\/noticias\\\/actividades-para-los-pequenos-de-la-casa-en-la-laboral\\\/#organizationLogo\",\"width\":1152,\"height\":864,\"caption\":\"Cand\\u00e1s 365 Redes\"},\"image\":{\"@id\":\"https:\\\/\\\/candas365.es\\\/noticias\\\/actividades-para-los-pequenos-de-la-casa-en-la-laboral\\\/#organizationLogo\"},\"sameAs\":[\"https:\\\/\\\/www.facebook.com\\\/Nachofdezber\",\"https:\\\/\\\/x.com\\\/NabercoDigital\",\"https:\\\/\\\/www.instagram.com\\\/nachofdezber\\\/\",\"https:\\\/\\\/www.youtube.com\\\/channel\\\/UCZP-2wLEB9Rv6erhFmqVnvg\"],\"address\":{\"@id\":\"https:\\\/\\\/candas365.es\\\/noticias\\\/#postaladdress\",\"@type\":\"PostalAddress\",\"streetAddress\":\"san antonio 4, san antonio 4\",\"postalCode\":\"33430\",\"addressLocality\":\"Cand\\u00e1s\",\"addressRegion\":\"Asturias\",\"addressCountry\":\"ES\"}},{\"@type\":\"Person\",\"@id\":\"https:\\\/\\\/candas365.es\\\/noticias\\\/author\\\/admin\\\/#author\",\"url\":\"https:\\\/\\\/candas365.es\\\/noticias\\\/author\\\/admin\\\/\",\"name\":\"Cand\\u00e1s 365\",\"image\":{\"@type\":\"ImageObject\",\"@id\":\"https:\\\/\\\/candas365.es\\\/noticias\\\/actividades-para-los-pequenos-de-la-casa-en-la-laboral\\\/#authorImage\",\"url\":\"https:\\\/\\\/secure.gravatar.com\\\/avatar\\\/496a8e03d0c493ede1718b7934145dbdf8d89be1036b0eec9544e1094c9de390?s=96&d=mm&r=g\",\"width\":96,\"height\":96,\"caption\":\"Cand\\u00e1s 365\"},\"sameAs\":[\"https:\\\/\\\/www.facebook.com\\\/carrenoactualidad\",\"https:\\\/\\\/twitter.com\\\/nbasturias\",\"https:\\\/\\\/www.instagram.com\\\/nachofdezber\\\/\",\"https:\\\/\\\/www.youtube.com\\\/channel\\\/UCZP-2wLEB9Rv6erhFmqVnvg\"]},{\"@type\":\"WebPage\",\"@id\":\"https:\\\/\\\/candas365.es\\\/noticias\\\/actividades-para-los-pequenos-de-la-casa-en-la-laboral\\\/#webpage\",\"url\":\"https:\\\/\\\/candas365.es\\\/noticias\\\/actividades-para-los-pequenos-de-la-casa-en-la-laboral\\\/\",\"name\":\"Actividades para los peque\\u00f1os de la casa, en La Laboral | Cand\\u00e1s 365\",\"description\":\"La programaci\\u00f3n presencial se completa el domingo 20 con la proyecci\\u00f3n del espect\\u00e1culo El vuelo de Nikki de Marisa Amor\",\"inLanguage\":\"es-ES\",\"isPartOf\":{\"@id\":\"https:\\\/\\\/candas365.es\\\/noticias\\\/#website\"},\"breadcrumb\":{\"@id\":\"https:\\\/\\\/candas365.es\\\/noticias\\\/actividades-para-los-pequenos-de-la-casa-en-la-laboral\\\/#breadcrumblist\"},\"author\":{\"@id\":\"https:\\\/\\\/candas365.es\\\/noticias\\\/author\\\/admin\\\/#author\"},\"creator\":{\"@id\":\"https:\\\/\\\/candas365.es\\\/noticias\\\/author\\\/admin\\\/#author\"},\"image\":{\"@type\":\"ImageObject\",\"url\":\"https:\\\/\\\/candas365.es\\\/noticias\\\/wp-content\\\/uploads\\\/2019\\\/09\\\/Laboral-Gijon.jpg\",\"@id\":\"https:\\\/\\\/candas365.es\\\/noticias\\\/actividades-para-los-pequenos-de-la-casa-en-la-laboral\\\/#mainImage\",\"width\":1049,\"height\":721,\"caption\":\"Laboral\"},\"primaryImageOfPage\":{\"@id\":\"https:\\\/\\\/candas365.es\\\/noticias\\\/actividades-para-los-pequenos-de-la-casa-en-la-laboral\\\/#mainImage\"},\"datePublished\":\"2020-12-16T10:54:02+01:00\",\"dateModified\":\"2020-12-16T10:54:02+01:00\"},{\"@type\":\"WebSite\",\"@id\":\"https:\\\/\\\/candas365.es\\\/noticias\\\/#website\",\"url\":\"https:\\\/\\\/candas365.es\\\/noticias\\\/\",\"name\":\"Cand\\u00e1s 365\",\"alternateName\":\"Cand\\u00e1s 365 Noticias\",\"description\":\"Actualidad desde Carre\\u00f1o para el mundo\",\"inLanguage\":\"es-ES\",\"publisher\":{\"@id\":\"https:\\\/\\\/candas365.es\\\/noticias\\\/#organization\"}}]}\n\t\t<\/script>\n\t\t<!-- All in One SEO Pro -->\r\n\t\t<title>Actividades para los peque\u00f1os de la casa, en La Laboral | Cand\u00e1s 365<\/title>\n\n","aioseo_head_json":{"title":"Actividades para los peque\u00f1os de la casa, en La Laboral | Cand\u00e1s 365","description":"La programaci\u00f3n presencial se completa el domingo 20 con la proyecci\u00f3n del espect\u00e1culo El vuelo de Nikki de Marisa Amor","canonical_url":"https:\/\/candas365.es\/noticias\/actividades-para-los-pequenos-de-la-casa-en-la-laboral\/","robots":"max-image-preview:large","keywords":"agenda 365,agenda","webmasterTools":{"google-site-verification":"UA-32230408-1","msvalidate.01":"354F3CDFB2DA171B47FBE9ABF1F88D5","miscellaneous":""},"schema":{"@context":"https:\/\/schema.org","@graph":[{"@type":"BreadcrumbList","@id":"https:\/\/candas365.es\/noticias\/actividades-para-los-pequenos-de-la-casa-en-la-laboral\/#breadcrumblist","itemListElement":[{"@type":"ListItem","@id":"https:\/\/candas365.es\/noticias#listItem","position":1,"name":"Home","item":"https:\/\/candas365.es\/noticias","nextItem":{"@type":"ListItem","@id":"https:\/\/candas365.es\/noticias\/category\/agenda\/#listItem","name":"Agenda"}},{"@type":"ListItem","@id":"https:\/\/candas365.es\/noticias\/category\/agenda\/#listItem","position":2,"name":"Agenda","item":"https:\/\/candas365.es\/noticias\/category\/agenda\/","nextItem":{"@type":"ListItem","@id":"https:\/\/candas365.es\/noticias\/actividades-para-los-pequenos-de-la-casa-en-la-laboral\/#listItem","name":"Actividades para los peque\u00f1os de la casa, en La Laboral"},"previousItem":{"@type":"ListItem","@id":"https:\/\/candas365.es\/noticias#listItem","name":"Home"}},{"@type":"ListItem","@id":"https:\/\/candas365.es\/noticias\/actividades-para-los-pequenos-de-la-casa-en-la-laboral\/#listItem","position":3,"name":"Actividades para los peque\u00f1os de la casa, en La Laboral","previousItem":{"@type":"ListItem","@id":"https:\/\/candas365.es\/noticias\/category\/agenda\/#listItem","name":"Agenda"}}]},{"@type":"NewsArticle","@id":"https:\/\/candas365.es\/noticias\/actividades-para-los-pequenos-de-la-casa-en-la-laboral\/#newsarticle","name":"Actividades para los peque\u00f1os de la casa, en La Laboral | Cand\u00e1s 365","headline":"Actividades para los peque\u00f1os de la casa, en La Laboral","author":{"@id":"https:\/\/candas365.es\/noticias\/author\/admin\/#author"},"publisher":{"@id":"https:\/\/candas365.es\/noticias\/#organization"},"image":{"@type":"ImageObject","url":"https:\/\/candas365.es\/noticias\/wp-content\/uploads\/2019\/09\/Laboral-Gijon.jpg","width":1049,"height":721,"caption":"Laboral"},"datePublished":"2020-12-16T10:54:02+01:00","dateModified":"2020-12-16T10:54:02+01:00","inLanguage":"es-ES","mainEntityOfPage":{"@id":"https:\/\/candas365.es\/noticias\/actividades-para-los-pequenos-de-la-casa-en-la-laboral\/#webpage"},"isPartOf":{"@id":"https:\/\/candas365.es\/noticias\/actividades-para-los-pequenos-de-la-casa-en-la-laboral\/#webpage"},"articleSection":"Agenda","dateline":"Publicado el diciembre 16, 2020."},{"@type":"Organization","@id":"https:\/\/candas365.es\/noticias\/#organization","name":"Cand\u00e1s 365","description":"Cand\u00e1s 365 es un diario digital independiente, fundado en 2012, con base en Asturias. Informamos con rigor sobre actualidad, sociedad, cultura y ocio, con una mirada local y global.","url":"https:\/\/candas365.es\/noticias\/","email":"info@candas365.es","telephone":"+34652131393","foundingDate":"2012-06-10","logo":{"@type":"ImageObject","url":"https:\/\/candas365.es\/noticias\/wp-content\/uploads\/2024\/09\/Candas-365-Redes.jpg","@id":"https:\/\/candas365.es\/noticias\/actividades-para-los-pequenos-de-la-casa-en-la-laboral\/#organizationLogo","width":1152,"height":864,"caption":"Cand\u00e1s 365 Redes"},"image":{"@id":"https:\/\/candas365.es\/noticias\/actividades-para-los-pequenos-de-la-casa-en-la-laboral\/#organizationLogo"},"sameAs":["https:\/\/www.facebook.com\/Nachofdezber","https:\/\/x.com\/NabercoDigital","https:\/\/www.instagram.com\/nachofdezber\/","https:\/\/www.youtube.com\/channel\/UCZP-2wLEB9Rv6erhFmqVnvg"],"address":{"@id":"https:\/\/candas365.es\/noticias\/#postaladdress","@type":"PostalAddress","streetAddress":"san antonio 4, san antonio 4","postalCode":"33430","addressLocality":"Cand\u00e1s","addressRegion":"Asturias","addressCountry":"ES"}},{"@type":"Person","@id":"https:\/\/candas365.es\/noticias\/author\/admin\/#author","url":"https:\/\/candas365.es\/noticias\/author\/admin\/","name":"Cand\u00e1s 365","image":{"@type":"ImageObject","@id":"https:\/\/candas365.es\/noticias\/actividades-para-los-pequenos-de-la-casa-en-la-laboral\/#authorImage","url":"https:\/\/secure.gravatar.com\/avatar\/496a8e03d0c493ede1718b7934145dbdf8d89be1036b0eec9544e1094c9de390?s=96&d=mm&r=g","width":96,"height":96,"caption":"Cand\u00e1s 365"},"sameAs":["https:\/\/www.facebook.com\/carrenoactualidad","https:\/\/twitter.com\/nbasturias","https:\/\/www.instagram.com\/nachofdezber\/","https:\/\/www.youtube.com\/channel\/UCZP-2wLEB9Rv6erhFmqVnvg"]},{"@type":"WebPage","@id":"https:\/\/candas365.es\/noticias\/actividades-para-los-pequenos-de-la-casa-en-la-laboral\/#webpage","url":"https:\/\/candas365.es\/noticias\/actividades-para-los-pequenos-de-la-casa-en-la-laboral\/","name":"Actividades para los peque\u00f1os de la casa, en La Laboral | Cand\u00e1s 365","description":"La programaci\u00f3n presencial se completa el domingo 20 con la proyecci\u00f3n del espect\u00e1culo El vuelo de Nikki de Marisa Amor","inLanguage":"es-ES","isPartOf":{"@id":"https:\/\/candas365.es\/noticias\/#website"},"breadcrumb":{"@id":"https:\/\/candas365.es\/noticias\/actividades-para-los-pequenos-de-la-casa-en-la-laboral\/#breadcrumblist"},"author":{"@id":"https:\/\/candas365.es\/noticias\/author\/admin\/#author"},"creator":{"@id":"https:\/\/candas365.es\/noticias\/author\/admin\/#author"},"image":{"@type":"ImageObject","url":"https:\/\/candas365.es\/noticias\/wp-content\/uploads\/2019\/09\/Laboral-Gijon.jpg","@id":"https:\/\/candas365.es\/noticias\/actividades-para-los-pequenos-de-la-casa-en-la-laboral\/#mainImage","width":1049,"height":721,"caption":"Laboral"},"primaryImageOfPage":{"@id":"https:\/\/candas365.es\/noticias\/actividades-para-los-pequenos-de-la-casa-en-la-laboral\/#mainImage"},"datePublished":"2020-12-16T10:54:02+01:00","dateModified":"2020-12-16T10:54:02+01:00"},{"@type":"WebSite","@id":"https:\/\/candas365.es\/noticias\/#website","url":"https:\/\/candas365.es\/noticias\/","name":"Cand\u00e1s 365","alternateName":"Cand\u00e1s 365 Noticias","description":"Actualidad desde Carre\u00f1o para el mundo","inLanguage":"es-ES","publisher":{"@id":"https:\/\/candas365.es\/noticias\/#organization"}}]},"og:locale":"es_ES","og:site_name":"Cand\u00e1s 365","og:type":"article","og:title":"Actividades para los peque\u00f1os de la casa, en La Laboral | Cand\u00e1s 365","og:description":"La programaci\u00f3n presencial se completa el domingo 20 con la proyecci\u00f3n del espect\u00e1culo El vuelo de Nikki de Marisa Amor","og:url":"https:\/\/candas365.es\/noticias\/actividades-para-los-pequenos-de-la-casa-en-la-laboral\/","og:image":"https:\/\/candas365.es\/noticias\/wp-content\/uploads\/2019\/09\/Laboral-Gijon.jpg","og:image:secure_url":"https:\/\/candas365.es\/noticias\/wp-content\/uploads\/2019\/09\/Laboral-Gijon.jpg","og:image:width":1049,"og:image:height":721,"article:published_time":"2020-12-16T10:54:02+00:00","article:modified_time":"2020-12-16T10:54:02+00:00","article:publisher":"https:\/\/www.facebook.com\/Nachofdezber","article:author":"https:\/\/www.facebook.com\/carrenoactualidad","twitter:card":"summary_large_image","twitter:site":"@NabercoDigital","twitter:title":"Actividades para los peque\u00f1os de la casa, en La Laboral | Cand\u00e1s 365","twitter:description":"La programaci\u00f3n presencial se completa el domingo 20 con la proyecci\u00f3n del espect\u00e1culo El vuelo de Nikki de Marisa Amor","twitter:creator":"@nbasturias","twitter:image":"https:\/\/candas365.es\/noticias\/wp-content\/uploads\/2019\/09\/Laboral-Gijon.jpg","twitter:label1":"Escrito por","twitter:data1":"Cand\u00e1s 365","twitter:label2":"Tiempo de lectura estimado","twitter:data2":"1 minuto"},"aioseo_meta_data":{"post_id":"150114","title":"Actividades para los peque\u00f1os de la casa, en La Laboral | #site_title","description":"La programaci\u00f3n presencial se completa el domingo 20 con la proyecci\u00f3n del espect\u00e1culo El vuelo de Nikki de Marisa Amor","keywords":[{"label":"Agenda 365","value":"Agenda 365"}],"keyphrases":null,"primary_term":null,"canonical_url":"","og_title":null,"og_description":null,"og_object_type":"default","og_image_type":"default","og_image_url":null,"og_image_width":null,"og_image_height":null,"og_image_custom_url":null,"og_image_custom_fields":null,"og_video":null,"og_custom_url":null,"og_article_section":null,"og_article_tags":null,"twitter_use_og":false,"twitter_card":"default","twitter_image_type":"default","twitter_image_url":null,"twitter_image_custom_url":null,"twitter_image_custom_fields":null,"twitter_title":null,"twitter_description":null,"schema":{"blockGraphs":[],"customGraphs":[],"default":{"data":{"Article":[],"Course":[],"Dataset":[],"FAQPage":[],"Movie":[],"Person":[],"Product":[],"ProductReview":[],"Car":[],"Recipe":[],"Service":[],"SoftwareApplication":[],"WebPage":[]},"graphName":"","isEnabled":true},"graphs":[],"defaultGraph":"","defaultPostTypeGraph":""},"schema_type":null,"schema_type_options":null,"pillar_content":false,"robots_default":true,"robots_noindex":false,"robots_noarchive":false,"robots_nosnippet":false,"robots_nofollow":false,"robots_noimageindex":false,"robots_noodp":false,"robots_notranslate":false,"robots_max_snippet":null,"robots_max_videopreview":null,"robots_max_imagepreview":"large","priority":null,"frequency":null,"location":null,"local_seo":null,"seo_analyzer_scan_date":"2025-08-31 15:35:21","breadcrumb_settings":null,"limit_modified_date":false,"reviewed_by":null,"open_ai":null,"ai":null,"created":"2020-12-21 10:36:58","updated":"2025-08-31 15:35:21"},"aioseo_breadcrumb":"<div class=\"aioseo-breadcrumbs\"><span class=\"aioseo-breadcrumb\">\n\t<a href=\"https:\/\/candas365.es\/noticias\" title=\"Home\">Home<\/a>\n<\/span><span class=\"aioseo-breadcrumb-separator\">&ndash;<\/span><span class=\"aioseo-breadcrumb\">\n\t<a href=\"https:\/\/candas365.es\/noticias\/category\/agenda\/\" title=\"Agenda\">Agenda<\/a>\n<\/span><span class=\"aioseo-breadcrumb-separator\">&ndash;<\/span><span class=\"aioseo-breadcrumb\">\n\tActividades para los peque\u00f1os de la casa, en La Laboral\n<\/span><\/div>","aioseo_breadcrumb_json":[{"label":"Home","link":"https:\/\/candas365.es\/noticias"},{"label":"Agenda","link":"https:\/\/candas365.es\/noticias\/category\/agenda\/"},{"label":"Actividades para los peque\u00f1os de la casa, en La Laboral","link":"https:\/\/candas365.es\/noticias\/actividades-para-los-pequenos-de-la-casa-en-la-laboral\/"}],"_links":{"self":[{"href":"https:\/\/candas365.es\/noticias\/wp-json\/wp\/v2\/posts\/150114","targetHints":{"allow":["GET"]}}],"collection":[{"href":"https:\/\/candas365.es\/noticias\/wp-json\/wp\/v2\/posts"}],"about":[{"href":"https:\/\/candas365.es\/noticias\/wp-json\/wp\/v2\/types\/post"}],"author":[{"embeddable":true,"href":"https:\/\/candas365.es\/noticias\/wp-json\/wp\/v2\/users\/1"}],"replies":[{"embeddable":true,"href":"https:\/\/candas365.es\/noticias\/wp-json\/wp\/v2\/comments?post=150114"}],"version-history":[{"count":0,"href":"https:\/\/candas365.es\/noticias\/wp-json\/wp\/v2\/posts\/150114\/revisions"}],"wp:featuredmedia":[{"embeddable":true,"href":"https:\/\/candas365.es\/noticias\/wp-json\/wp\/v2\/media\/130032"}],"wp:attachment":[{"href":"https:\/\/candas365.es\/noticias\/wp-json\/wp\/v2\/media?parent=150114"}],"wp:term":[{"taxonomy":"category","embeddable":true,"href":"https:\/\/candas365.es\/noticias\/wp-json\/wp\/v2\/categories?post=150114"},{"taxonomy":"post_tag","embeddable":true,"href":"https:\/\/candas365.es\/noticias\/wp-json\/wp\/v2\/tags?post=150114"}],"curies":[{"name":"wp","href":"https:\/\/api.w.org\/{rel}","templated":true}]}}