{"id":150056,"date":"2020-12-15T09:57:20","date_gmt":"2020-12-15T09:57:20","guid":{"rendered":"http:\/\/candas365.es\/noticias\/?p=150056"},"modified":"2020-12-15T09:57:20","modified_gmt":"2020-12-15T09:57:20","slug":"carreno-mejora-el-estado-de-sus-viales","status":"publish","type":"post","link":"https:\/\/candas365.es\/noticias\/carreno-mejora-el-estado-de-sus-viales\/","title":{"rendered":"Carre\u00f1o mejora el estado de sus viales"},"content":{"rendered":"<figure id=\"attachment_150057\" aria-describedby=\"caption-attachment-150057\" style=\"width: 360px\" class=\"wp-caption alignleft\"><img fetchpriority=\"high\" decoding=\"async\" class=\"size-medium wp-image-150057\" src=\"https:\/\/candas365.es\/noticias\/wp-content\/uploads\/2020\/12\/Candas-2-360x245.jpg\" alt=\"\" width=\"360\" height=\"245\" srcset=\"https:\/\/candas365.es\/noticias\/wp-content\/uploads\/2020\/12\/Candas-2-360x245.jpg 360w, https:\/\/candas365.es\/noticias\/wp-content\/uploads\/2020\/12\/Candas-2-650x442.jpg 650w, https:\/\/candas365.es\/noticias\/wp-content\/uploads\/2020\/12\/Candas-2-768x522.jpg 768w, https:\/\/candas365.es\/noticias\/wp-content\/uploads\/2020\/12\/Candas-2.jpg 975w\" sizes=\"(max-width: 360px) 100vw, 360px\" \/><figcaption id=\"caption-attachment-150057\" class=\"wp-caption-text\">Foto: Ayuntamiento de Carre\u00f1o<\/figcaption><\/figure>\n<p>La pasada semana comenzaron en Carre\u00f1o los trabajos de mejora y acondicionamiento de los viales de titularidad municipal encuadrados dentro del plan anual de rebacheos. La primera intervenci\u00f3n ejecutada fue las calles San Antonio y Pard\u00edes en Cand\u00e1s.<\/p>\n<p>\u201cLas peculiaridades del municipio de Carre\u00f1o junto con la diversidad de actividades que se desarrollan en su \u00e1mbito territorial, entre los que destacan el residencial, industrial y agroforestal, someten a la red de caminos p\u00fablicos a un uso intensivo, que supone en la pr\u00e1ctica un acortamiento de la vida \u00fatil de la infraestructura. A ello hay que sumarle las fisuras que se producen en el pavimento como consecuencia de las aver\u00edas de la red municipal de agua o los efectos que tienen en los caminos las inclemencias meteorol\u00f3gicas, sobre todo en la \u00e9poca m\u00e1s cruda del a\u00f1o. Por este motivo anualmente se realizan una serie de actuaciones necesarias para el restablecimiento de las condiciones \u00f3ptimas de los viales\u201d se\u00f1al\u00f3 Manuel Noceda-Concejal de Medio Rural.<br \/>\n\u201cUna vez recopilada la informaci\u00f3n que tanto desde el Servicio de Obras como desde Polic\u00eda Local se nos hizo llegar, como las peticiones remitidas por las diferentes Asociaciones Vecinales a la Concejal\u00eda que presido, se encarg\u00f3 a la Oficina de Gesti\u00f3n Urban\u00edstica de la Mancomunidad Cabo Pe\u00f1as la elaboraci\u00f3n del proyecto de las actuaciones incluidas en el Plan de actuaciones en las V\u00edas de titularidad municipal para su posterior contrataci\u00f3n\u201d explic\u00f3 el Concejal.<\/p>\n<p>\u201cTras el proceso de licitaci\u00f3n correspondiente, al que concurrieron 6 empresas del sector, las obras se adjudicaron a Asfaltos Arlos, S.L por un importe final de 35.211 \u20ac, con cargo al presupuesto municipal en vigor, al ser la oferta m\u00e1s ventajosa en t\u00e9rminos de calidad-precio\u201d avanz\u00f3 Noceda.<\/p>\n<p>\u201cUna vez finalizados los trabajos en la villa de Cand\u00e1s, seguiremos con las actuaciones pendientes en los caminos y viales de la zona rural. En total se actuar\u00e1 en 1.897,51 m\u00b2, en 75 puntos del Concejo, repartidos en 22 d\u00edas de trabajo \u00fatiles\u201d finaliz\u00f3 el Edil.<\/p>\n<p>&nbsp;<\/p>\n","protected":false},"excerpt":{"rendered":"<p>La pasada semana comenzaron en Carre\u00f1o los trabajos de mejora y acondicionamiento de los viales de titularidad municipal encuadrados dentro del plan anual de rebacheos. La primera intervenci\u00f3n ejecutada fue las calles San Antonio y Pard\u00edes en Cand\u00e1s. \u201cLas peculiaridades del municipio de Carre\u00f1o junto con la diversidad de actividades que se desarrollan en su<\/p>\n","protected":false},"author":1,"featured_media":150057,"comment_status":"closed","ping_status":"closed","sticky":false,"template":"","format":"standard","meta":{"footnotes":""},"categories":[2],"tags":[],"class_list":{"0":"post-150056","1":"post","2":"type-post","3":"status-publish","4":"format-standard","5":"has-post-thumbnail","7":"category-noticias-carreno"},"aioseo_notices":[],"aioseo_head":"\n\t\t<!-- All in One SEO Pro 4.9.6.2 - aioseo.com -->\n\t<meta name=\"description\" content=\"La pasada semana comenzaron en Carre\u00f1o los trabajos de mejora y acondicionamiento de los viales de titularidad municipal\" \/>\n\t<meta name=\"robots\" content=\"max-image-preview:large\" \/>\n\t<meta name=\"author\" content=\"Cand\u00e1s 365\"\/>\n\t<meta name=\"google-site-verification\" content=\"UA-32230408-1\" \/>\n\t<meta name=\"msvalidate.01\" content=\"354F3CDFB2DA171B47FBE9ABF1F88D5\" \/>\n\t<meta name=\"keywords\" content=\"noticas carre\u00f1o,cand\u00e1s,ayuntamiento,noticias carre\u00f1o\" \/>\n\t<link rel=\"canonical\" href=\"https:\/\/candas365.es\/noticias\/carreno-mejora-el-estado-de-sus-viales\/\" \/>\n\t<meta name=\"generator\" content=\"All in One SEO Pro (AIOSEO) 4.9.6.2\" \/>\n\t\t<meta property=\"og:locale\" content=\"es_ES\" \/>\n\t\t<meta property=\"og:site_name\" content=\"Cand\u00e1s 365\" \/>\n\t\t<meta property=\"og:type\" content=\"article\" \/>\n\t\t<meta property=\"og:title\" content=\"Carre\u00f1o mejora el estado de sus viales | Cand\u00e1s 365\" \/>\n\t\t<meta property=\"og:description\" content=\"La pasada semana comenzaron en Carre\u00f1o los trabajos de mejora y acondicionamiento de los viales de titularidad municipal\" \/>\n\t\t<meta property=\"og:url\" content=\"https:\/\/candas365.es\/noticias\/carreno-mejora-el-estado-de-sus-viales\/\" \/>\n\t\t<meta property=\"og:image\" content=\"https:\/\/candas365.es\/noticias\/wp-content\/uploads\/2020\/12\/Candas-2.jpg\" \/>\n\t\t<meta property=\"og:image:secure_url\" content=\"https:\/\/candas365.es\/noticias\/wp-content\/uploads\/2020\/12\/Candas-2.jpg\" \/>\n\t\t<meta property=\"og:image:width\" content=\"975\" \/>\n\t\t<meta property=\"og:image:height\" content=\"663\" \/>\n\t\t<meta property=\"article:published_time\" content=\"2020-12-15T09:57:20+00:00\" \/>\n\t\t<meta property=\"article:modified_time\" content=\"2020-12-15T09:57:20+00:00\" \/>\n\t\t<meta property=\"article:publisher\" content=\"https:\/\/www.facebook.com\/Nachofdezber\" \/>\n\t\t<meta property=\"article:author\" content=\"https:\/\/www.facebook.com\/carrenoactualidad\" \/>\n\t\t<meta name=\"twitter:card\" content=\"summary_large_image\" \/>\n\t\t<meta name=\"twitter:site\" content=\"@NabercoDigital\" \/>\n\t\t<meta name=\"twitter:title\" content=\"Carre\u00f1o mejora el estado de sus viales | Cand\u00e1s 365\" \/>\n\t\t<meta name=\"twitter:description\" content=\"La pasada semana comenzaron en Carre\u00f1o los trabajos de mejora y acondicionamiento de los viales de titularidad municipal\" \/>\n\t\t<meta name=\"twitter:creator\" content=\"@nbasturias\" \/>\n\t\t<meta name=\"twitter:image\" content=\"https:\/\/candas365.es\/noticias\/wp-content\/uploads\/2020\/12\/Candas-2.jpg\" \/>\n\t\t<meta name=\"twitter:label1\" content=\"Escrito por\" \/>\n\t\t<meta name=\"twitter:data1\" content=\"Cand\u00e1s 365\" \/>\n\t\t<meta name=\"twitter:label2\" content=\"Tiempo de lectura estimado\" \/>\n\t\t<meta name=\"twitter:data2\" content=\"2 minutos\" \/>\n\t\t<script type=\"application\/ld+json\" class=\"aioseo-schema\">\n\t\t\t{\"@context\":\"https:\\\/\\\/schema.org\",\"@graph\":[{\"@type\":\"BreadcrumbList\",\"@id\":\"https:\\\/\\\/candas365.es\\\/noticias\\\/carreno-mejora-el-estado-de-sus-viales\\\/#breadcrumblist\",\"itemListElement\":[{\"@type\":\"ListItem\",\"@id\":\"https:\\\/\\\/candas365.es\\\/noticias#listItem\",\"position\":1,\"name\":\"Home\",\"item\":\"https:\\\/\\\/candas365.es\\\/noticias\",\"nextItem\":{\"@type\":\"ListItem\",\"@id\":\"https:\\\/\\\/candas365.es\\\/noticias\\\/category\\\/noticias-carreno\\\/#listItem\",\"name\":\"Noticias Carre\\u00f1o\"}},{\"@type\":\"ListItem\",\"@id\":\"https:\\\/\\\/candas365.es\\\/noticias\\\/category\\\/noticias-carreno\\\/#listItem\",\"position\":2,\"name\":\"Noticias Carre\\u00f1o\",\"item\":\"https:\\\/\\\/candas365.es\\\/noticias\\\/category\\\/noticias-carreno\\\/\",\"nextItem\":{\"@type\":\"ListItem\",\"@id\":\"https:\\\/\\\/candas365.es\\\/noticias\\\/carreno-mejora-el-estado-de-sus-viales\\\/#listItem\",\"name\":\"Carre\\u00f1o mejora el estado de sus viales\"},\"previousItem\":{\"@type\":\"ListItem\",\"@id\":\"https:\\\/\\\/candas365.es\\\/noticias#listItem\",\"name\":\"Home\"}},{\"@type\":\"ListItem\",\"@id\":\"https:\\\/\\\/candas365.es\\\/noticias\\\/carreno-mejora-el-estado-de-sus-viales\\\/#listItem\",\"position\":3,\"name\":\"Carre\\u00f1o mejora el estado de sus viales\",\"previousItem\":{\"@type\":\"ListItem\",\"@id\":\"https:\\\/\\\/candas365.es\\\/noticias\\\/category\\\/noticias-carreno\\\/#listItem\",\"name\":\"Noticias Carre\\u00f1o\"}}]},{\"@type\":\"NewsArticle\",\"@id\":\"https:\\\/\\\/candas365.es\\\/noticias\\\/carreno-mejora-el-estado-de-sus-viales\\\/#newsarticle\",\"name\":\"Carre\\u00f1o mejora el estado de sus viales | Cand\\u00e1s 365\",\"headline\":\"Carre\\u00f1o mejora el estado de sus viales\",\"author\":{\"@id\":\"https:\\\/\\\/candas365.es\\\/noticias\\\/author\\\/admin\\\/#author\"},\"publisher\":{\"@id\":\"https:\\\/\\\/candas365.es\\\/noticias\\\/#organization\"},\"image\":{\"@type\":\"ImageObject\",\"url\":\"https:\\\/\\\/candas365.es\\\/noticias\\\/wp-content\\\/uploads\\\/2020\\\/12\\\/Candas-2.jpg\",\"width\":975,\"height\":663,\"caption\":\"Foto: Ayuntamiento de Carre\\u00f1o\"},\"datePublished\":\"2020-12-15T09:57:20+01:00\",\"dateModified\":\"2020-12-15T09:57:20+01:00\",\"inLanguage\":\"es-ES\",\"mainEntityOfPage\":{\"@id\":\"https:\\\/\\\/candas365.es\\\/noticias\\\/carreno-mejora-el-estado-de-sus-viales\\\/#webpage\"},\"isPartOf\":{\"@id\":\"https:\\\/\\\/candas365.es\\\/noticias\\\/carreno-mejora-el-estado-de-sus-viales\\\/#webpage\"},\"articleSection\":\"Noticias Carre\\u00f1o\",\"dateline\":\"Publicado el diciembre 15, 2020.\"},{\"@type\":\"Organization\",\"@id\":\"https:\\\/\\\/candas365.es\\\/noticias\\\/#organization\",\"name\":\"Cand\\u00e1s 365\",\"description\":\"Cand\\u00e1s 365 es un diario digital independiente, fundado en 2012, con base en Asturias. Informamos con rigor sobre actualidad, sociedad, cultura y ocio, con una mirada local y global.\",\"url\":\"https:\\\/\\\/candas365.es\\\/noticias\\\/\",\"email\":\"info@candas365.es\",\"telephone\":\"+34652131393\",\"foundingDate\":\"2012-06-10\",\"logo\":{\"@type\":\"ImageObject\",\"url\":\"https:\\\/\\\/candas365.es\\\/noticias\\\/wp-content\\\/uploads\\\/2024\\\/09\\\/Candas-365-Redes.jpg\",\"@id\":\"https:\\\/\\\/candas365.es\\\/noticias\\\/carreno-mejora-el-estado-de-sus-viales\\\/#organizationLogo\",\"width\":1152,\"height\":864,\"caption\":\"Cand\\u00e1s 365 Redes\"},\"image\":{\"@id\":\"https:\\\/\\\/candas365.es\\\/noticias\\\/carreno-mejora-el-estado-de-sus-viales\\\/#organizationLogo\"},\"sameAs\":[\"https:\\\/\\\/www.facebook.com\\\/Nachofdezber\",\"https:\\\/\\\/x.com\\\/NabercoDigital\",\"https:\\\/\\\/www.instagram.com\\\/nachofdezber\\\/\",\"https:\\\/\\\/www.youtube.com\\\/channel\\\/UCZP-2wLEB9Rv6erhFmqVnvg\"],\"address\":{\"@id\":\"https:\\\/\\\/candas365.es\\\/noticias\\\/#postaladdress\",\"@type\":\"PostalAddress\",\"streetAddress\":\"san antonio 4, san antonio 4\",\"postalCode\":\"33430\",\"addressLocality\":\"Cand\\u00e1s\",\"addressRegion\":\"Asturias\",\"addressCountry\":\"ES\"}},{\"@type\":\"Person\",\"@id\":\"https:\\\/\\\/candas365.es\\\/noticias\\\/author\\\/admin\\\/#author\",\"url\":\"https:\\\/\\\/candas365.es\\\/noticias\\\/author\\\/admin\\\/\",\"name\":\"Cand\\u00e1s 365\",\"image\":{\"@type\":\"ImageObject\",\"@id\":\"https:\\\/\\\/candas365.es\\\/noticias\\\/carreno-mejora-el-estado-de-sus-viales\\\/#authorImage\",\"url\":\"https:\\\/\\\/secure.gravatar.com\\\/avatar\\\/496a8e03d0c493ede1718b7934145dbdf8d89be1036b0eec9544e1094c9de390?s=96&d=mm&r=g\",\"width\":96,\"height\":96,\"caption\":\"Cand\\u00e1s 365\"},\"sameAs\":[\"https:\\\/\\\/www.facebook.com\\\/carrenoactualidad\",\"https:\\\/\\\/twitter.com\\\/nbasturias\",\"https:\\\/\\\/www.instagram.com\\\/nachofdezber\\\/\",\"https:\\\/\\\/www.youtube.com\\\/channel\\\/UCZP-2wLEB9Rv6erhFmqVnvg\"]},{\"@type\":\"WebPage\",\"@id\":\"https:\\\/\\\/candas365.es\\\/noticias\\\/carreno-mejora-el-estado-de-sus-viales\\\/#webpage\",\"url\":\"https:\\\/\\\/candas365.es\\\/noticias\\\/carreno-mejora-el-estado-de-sus-viales\\\/\",\"name\":\"Carre\\u00f1o mejora el estado de sus viales | Cand\\u00e1s 365\",\"description\":\"La pasada semana comenzaron en Carre\\u00f1o los trabajos de mejora y acondicionamiento de los viales de titularidad municipal\",\"inLanguage\":\"es-ES\",\"isPartOf\":{\"@id\":\"https:\\\/\\\/candas365.es\\\/noticias\\\/#website\"},\"breadcrumb\":{\"@id\":\"https:\\\/\\\/candas365.es\\\/noticias\\\/carreno-mejora-el-estado-de-sus-viales\\\/#breadcrumblist\"},\"author\":{\"@id\":\"https:\\\/\\\/candas365.es\\\/noticias\\\/author\\\/admin\\\/#author\"},\"creator\":{\"@id\":\"https:\\\/\\\/candas365.es\\\/noticias\\\/author\\\/admin\\\/#author\"},\"image\":{\"@type\":\"ImageObject\",\"url\":\"https:\\\/\\\/candas365.es\\\/noticias\\\/wp-content\\\/uploads\\\/2020\\\/12\\\/Candas-2.jpg\",\"@id\":\"https:\\\/\\\/candas365.es\\\/noticias\\\/carreno-mejora-el-estado-de-sus-viales\\\/#mainImage\",\"width\":975,\"height\":663,\"caption\":\"Foto: Ayuntamiento de Carre\\u00f1o\"},\"primaryImageOfPage\":{\"@id\":\"https:\\\/\\\/candas365.es\\\/noticias\\\/carreno-mejora-el-estado-de-sus-viales\\\/#mainImage\"},\"datePublished\":\"2020-12-15T09:57:20+01:00\",\"dateModified\":\"2020-12-15T09:57:20+01:00\"},{\"@type\":\"WebSite\",\"@id\":\"https:\\\/\\\/candas365.es\\\/noticias\\\/#website\",\"url\":\"https:\\\/\\\/candas365.es\\\/noticias\\\/\",\"name\":\"Cand\\u00e1s 365\",\"alternateName\":\"Cand\\u00e1s 365 Noticias\",\"description\":\"Actualidad desde Carre\\u00f1o para el mundo\",\"inLanguage\":\"es-ES\",\"publisher\":{\"@id\":\"https:\\\/\\\/candas365.es\\\/noticias\\\/#organization\"}}]}\n\t\t<\/script>\n\t\t<!-- All in One SEO Pro -->\r\n\t\t<title>Carre\u00f1o mejora el estado de sus viales | Cand\u00e1s 365<\/title>\n\n","aioseo_head_json":{"title":"Carre\u00f1o mejora el estado de sus viales | Cand\u00e1s 365","description":"La pasada semana comenzaron en Carre\u00f1o los trabajos de mejora y acondicionamiento de los viales de titularidad municipal","canonical_url":"https:\/\/candas365.es\/noticias\/carreno-mejora-el-estado-de-sus-viales\/","robots":"max-image-preview:large","keywords":"noticas carre\u00f1o,cand\u00e1s,ayuntamiento,noticias carre\u00f1o","webmasterTools":{"google-site-verification":"UA-32230408-1","msvalidate.01":"354F3CDFB2DA171B47FBE9ABF1F88D5","miscellaneous":""},"schema":{"@context":"https:\/\/schema.org","@graph":[{"@type":"BreadcrumbList","@id":"https:\/\/candas365.es\/noticias\/carreno-mejora-el-estado-de-sus-viales\/#breadcrumblist","itemListElement":[{"@type":"ListItem","@id":"https:\/\/candas365.es\/noticias#listItem","position":1,"name":"Home","item":"https:\/\/candas365.es\/noticias","nextItem":{"@type":"ListItem","@id":"https:\/\/candas365.es\/noticias\/category\/noticias-carreno\/#listItem","name":"Noticias Carre\u00f1o"}},{"@type":"ListItem","@id":"https:\/\/candas365.es\/noticias\/category\/noticias-carreno\/#listItem","position":2,"name":"Noticias Carre\u00f1o","item":"https:\/\/candas365.es\/noticias\/category\/noticias-carreno\/","nextItem":{"@type":"ListItem","@id":"https:\/\/candas365.es\/noticias\/carreno-mejora-el-estado-de-sus-viales\/#listItem","name":"Carre\u00f1o mejora el estado de sus viales"},"previousItem":{"@type":"ListItem","@id":"https:\/\/candas365.es\/noticias#listItem","name":"Home"}},{"@type":"ListItem","@id":"https:\/\/candas365.es\/noticias\/carreno-mejora-el-estado-de-sus-viales\/#listItem","position":3,"name":"Carre\u00f1o mejora el estado de sus viales","previousItem":{"@type":"ListItem","@id":"https:\/\/candas365.es\/noticias\/category\/noticias-carreno\/#listItem","name":"Noticias Carre\u00f1o"}}]},{"@type":"NewsArticle","@id":"https:\/\/candas365.es\/noticias\/carreno-mejora-el-estado-de-sus-viales\/#newsarticle","name":"Carre\u00f1o mejora el estado de sus viales | Cand\u00e1s 365","headline":"Carre\u00f1o mejora el estado de sus viales","author":{"@id":"https:\/\/candas365.es\/noticias\/author\/admin\/#author"},"publisher":{"@id":"https:\/\/candas365.es\/noticias\/#organization"},"image":{"@type":"ImageObject","url":"https:\/\/candas365.es\/noticias\/wp-content\/uploads\/2020\/12\/Candas-2.jpg","width":975,"height":663,"caption":"Foto: Ayuntamiento de Carre\u00f1o"},"datePublished":"2020-12-15T09:57:20+01:00","dateModified":"2020-12-15T09:57:20+01:00","inLanguage":"es-ES","mainEntityOfPage":{"@id":"https:\/\/candas365.es\/noticias\/carreno-mejora-el-estado-de-sus-viales\/#webpage"},"isPartOf":{"@id":"https:\/\/candas365.es\/noticias\/carreno-mejora-el-estado-de-sus-viales\/#webpage"},"articleSection":"Noticias Carre\u00f1o","dateline":"Publicado el diciembre 15, 2020."},{"@type":"Organization","@id":"https:\/\/candas365.es\/noticias\/#organization","name":"Cand\u00e1s 365","description":"Cand\u00e1s 365 es un diario digital independiente, fundado en 2012, con base en Asturias. Informamos con rigor sobre actualidad, sociedad, cultura y ocio, con una mirada local y global.","url":"https:\/\/candas365.es\/noticias\/","email":"info@candas365.es","telephone":"+34652131393","foundingDate":"2012-06-10","logo":{"@type":"ImageObject","url":"https:\/\/candas365.es\/noticias\/wp-content\/uploads\/2024\/09\/Candas-365-Redes.jpg","@id":"https:\/\/candas365.es\/noticias\/carreno-mejora-el-estado-de-sus-viales\/#organizationLogo","width":1152,"height":864,"caption":"Cand\u00e1s 365 Redes"},"image":{"@id":"https:\/\/candas365.es\/noticias\/carreno-mejora-el-estado-de-sus-viales\/#organizationLogo"},"sameAs":["https:\/\/www.facebook.com\/Nachofdezber","https:\/\/x.com\/NabercoDigital","https:\/\/www.instagram.com\/nachofdezber\/","https:\/\/www.youtube.com\/channel\/UCZP-2wLEB9Rv6erhFmqVnvg"],"address":{"@id":"https:\/\/candas365.es\/noticias\/#postaladdress","@type":"PostalAddress","streetAddress":"san antonio 4, san antonio 4","postalCode":"33430","addressLocality":"Cand\u00e1s","addressRegion":"Asturias","addressCountry":"ES"}},{"@type":"Person","@id":"https:\/\/candas365.es\/noticias\/author\/admin\/#author","url":"https:\/\/candas365.es\/noticias\/author\/admin\/","name":"Cand\u00e1s 365","image":{"@type":"ImageObject","@id":"https:\/\/candas365.es\/noticias\/carreno-mejora-el-estado-de-sus-viales\/#authorImage","url":"https:\/\/secure.gravatar.com\/avatar\/496a8e03d0c493ede1718b7934145dbdf8d89be1036b0eec9544e1094c9de390?s=96&d=mm&r=g","width":96,"height":96,"caption":"Cand\u00e1s 365"},"sameAs":["https:\/\/www.facebook.com\/carrenoactualidad","https:\/\/twitter.com\/nbasturias","https:\/\/www.instagram.com\/nachofdezber\/","https:\/\/www.youtube.com\/channel\/UCZP-2wLEB9Rv6erhFmqVnvg"]},{"@type":"WebPage","@id":"https:\/\/candas365.es\/noticias\/carreno-mejora-el-estado-de-sus-viales\/#webpage","url":"https:\/\/candas365.es\/noticias\/carreno-mejora-el-estado-de-sus-viales\/","name":"Carre\u00f1o mejora el estado de sus viales | Cand\u00e1s 365","description":"La pasada semana comenzaron en Carre\u00f1o los trabajos de mejora y acondicionamiento de los viales de titularidad municipal","inLanguage":"es-ES","isPartOf":{"@id":"https:\/\/candas365.es\/noticias\/#website"},"breadcrumb":{"@id":"https:\/\/candas365.es\/noticias\/carreno-mejora-el-estado-de-sus-viales\/#breadcrumblist"},"author":{"@id":"https:\/\/candas365.es\/noticias\/author\/admin\/#author"},"creator":{"@id":"https:\/\/candas365.es\/noticias\/author\/admin\/#author"},"image":{"@type":"ImageObject","url":"https:\/\/candas365.es\/noticias\/wp-content\/uploads\/2020\/12\/Candas-2.jpg","@id":"https:\/\/candas365.es\/noticias\/carreno-mejora-el-estado-de-sus-viales\/#mainImage","width":975,"height":663,"caption":"Foto: Ayuntamiento de Carre\u00f1o"},"primaryImageOfPage":{"@id":"https:\/\/candas365.es\/noticias\/carreno-mejora-el-estado-de-sus-viales\/#mainImage"},"datePublished":"2020-12-15T09:57:20+01:00","dateModified":"2020-12-15T09:57:20+01:00"},{"@type":"WebSite","@id":"https:\/\/candas365.es\/noticias\/#website","url":"https:\/\/candas365.es\/noticias\/","name":"Cand\u00e1s 365","alternateName":"Cand\u00e1s 365 Noticias","description":"Actualidad desde Carre\u00f1o para el mundo","inLanguage":"es-ES","publisher":{"@id":"https:\/\/candas365.es\/noticias\/#organization"}}]},"og:locale":"es_ES","og:site_name":"Cand\u00e1s 365","og:type":"article","og:title":"Carre\u00f1o mejora el estado de sus viales | Cand\u00e1s 365","og:description":"La pasada semana comenzaron en Carre\u00f1o los trabajos de mejora y acondicionamiento de los viales de titularidad municipal","og:url":"https:\/\/candas365.es\/noticias\/carreno-mejora-el-estado-de-sus-viales\/","og:image":"https:\/\/candas365.es\/noticias\/wp-content\/uploads\/2020\/12\/Candas-2.jpg","og:image:secure_url":"https:\/\/candas365.es\/noticias\/wp-content\/uploads\/2020\/12\/Candas-2.jpg","og:image:width":975,"og:image:height":663,"article:published_time":"2020-12-15T09:57:20+00:00","article:modified_time":"2020-12-15T09:57:20+00:00","article:publisher":"https:\/\/www.facebook.com\/Nachofdezber","article:author":"https:\/\/www.facebook.com\/carrenoactualidad","twitter:card":"summary_large_image","twitter:site":"@NabercoDigital","twitter:title":"Carre\u00f1o mejora el estado de sus viales | Cand\u00e1s 365","twitter:description":"La pasada semana comenzaron en Carre\u00f1o los trabajos de mejora y acondicionamiento de los viales de titularidad municipal","twitter:creator":"@nbasturias","twitter:image":"https:\/\/candas365.es\/noticias\/wp-content\/uploads\/2020\/12\/Candas-2.jpg","twitter:label1":"Escrito por","twitter:data1":"Cand\u00e1s 365","twitter:label2":"Tiempo de lectura estimado","twitter:data2":"2 minutos"},"aioseo_meta_data":{"post_id":"150056","title":"Carre\u00f1o mejora el estado de sus viales | #site_title","description":"La pasada semana comenzaron en Carre\u00f1o los trabajos de mejora y acondicionamiento de los viales de titularidad municipal","keywords":[{"label":"Noticas Carre\u00f1o","value":"Noticas Carre\u00f1o"},{"label":"Cand\u00e1s","value":"Cand\u00e1s"},{"label":"Ayuntamiento","value":"Ayuntamiento"}],"keyphrases":null,"primary_term":null,"canonical_url":"","og_title":null,"og_description":null,"og_object_type":"default","og_image_type":"default","og_image_url":null,"og_image_width":null,"og_image_height":null,"og_image_custom_url":null,"og_image_custom_fields":null,"og_video":null,"og_custom_url":null,"og_article_section":null,"og_article_tags":null,"twitter_use_og":false,"twitter_card":"default","twitter_image_type":"default","twitter_image_url":null,"twitter_image_custom_url":null,"twitter_image_custom_fields":null,"twitter_title":null,"twitter_description":null,"schema":{"blockGraphs":[],"customGraphs":[],"default":{"data":{"Article":[],"Course":[],"Dataset":[],"FAQPage":[],"Movie":[],"Person":[],"Product":[],"ProductReview":[],"Car":[],"Recipe":[],"Service":[],"SoftwareApplication":[],"WebPage":[]},"graphName":"","isEnabled":true},"graphs":[],"defaultGraph":"","defaultPostTypeGraph":""},"schema_type":null,"schema_type_options":null,"pillar_content":false,"robots_default":true,"robots_noindex":false,"robots_noarchive":false,"robots_nosnippet":false,"robots_nofollow":false,"robots_noimageindex":false,"robots_noodp":false,"robots_notranslate":false,"robots_max_snippet":null,"robots_max_videopreview":null,"robots_max_imagepreview":"large","priority":null,"frequency":null,"location":null,"local_seo":null,"seo_analyzer_scan_date":"2025-08-31 15:33:15","breadcrumb_settings":null,"limit_modified_date":false,"reviewed_by":null,"open_ai":null,"ai":null,"created":"2020-12-21 10:35:54","updated":"2025-08-31 15:33:15"},"aioseo_breadcrumb":"<div class=\"aioseo-breadcrumbs\"><span class=\"aioseo-breadcrumb\">\n\t<a href=\"https:\/\/candas365.es\/noticias\" title=\"Home\">Home<\/a>\n<\/span><span class=\"aioseo-breadcrumb-separator\">&ndash;<\/span><span class=\"aioseo-breadcrumb\">\n\t<a href=\"https:\/\/candas365.es\/noticias\/category\/noticias-carreno\/\" title=\"Noticias Carre\u00f1o\">Noticias Carre\u00f1o<\/a>\n<\/span><span class=\"aioseo-breadcrumb-separator\">&ndash;<\/span><span class=\"aioseo-breadcrumb\">\n\tCarre\u00f1o mejora el estado de sus viales\n<\/span><\/div>","aioseo_breadcrumb_json":[{"label":"Home","link":"https:\/\/candas365.es\/noticias"},{"label":"Noticias Carre\u00f1o","link":"https:\/\/candas365.es\/noticias\/category\/noticias-carreno\/"},{"label":"Carre\u00f1o mejora el estado de sus viales","link":"https:\/\/candas365.es\/noticias\/carreno-mejora-el-estado-de-sus-viales\/"}],"_links":{"self":[{"href":"https:\/\/candas365.es\/noticias\/wp-json\/wp\/v2\/posts\/150056","targetHints":{"allow":["GET"]}}],"collection":[{"href":"https:\/\/candas365.es\/noticias\/wp-json\/wp\/v2\/posts"}],"about":[{"href":"https:\/\/candas365.es\/noticias\/wp-json\/wp\/v2\/types\/post"}],"author":[{"embeddable":true,"href":"https:\/\/candas365.es\/noticias\/wp-json\/wp\/v2\/users\/1"}],"replies":[{"embeddable":true,"href":"https:\/\/candas365.es\/noticias\/wp-json\/wp\/v2\/comments?post=150056"}],"version-history":[{"count":0,"href":"https:\/\/candas365.es\/noticias\/wp-json\/wp\/v2\/posts\/150056\/revisions"}],"wp:featuredmedia":[{"embeddable":true,"href":"https:\/\/candas365.es\/noticias\/wp-json\/wp\/v2\/media\/150057"}],"wp:attachment":[{"href":"https:\/\/candas365.es\/noticias\/wp-json\/wp\/v2\/media?parent=150056"}],"wp:term":[{"taxonomy":"category","embeddable":true,"href":"https:\/\/candas365.es\/noticias\/wp-json\/wp\/v2\/categories?post=150056"},{"taxonomy":"post_tag","embeddable":true,"href":"https:\/\/candas365.es\/noticias\/wp-json\/wp\/v2\/tags?post=150056"}],"curies":[{"name":"wp","href":"https:\/\/api.w.org\/{rel}","templated":true}]}}