{"id":149886,"date":"2020-12-12T18:39:00","date_gmt":"2020-12-12T18:39:00","guid":{"rendered":"http:\/\/candas365.es\/noticias\/?p=149886"},"modified":"2020-12-12T18:39:00","modified_gmt":"2020-12-12T18:39:00","slug":"exquisiteces-bavaras-para-el-arbol-de-navidad","status":"publish","type":"post","link":"https:\/\/candas365.es\/noticias\/exquisiteces-bavaras-para-el-arbol-de-navidad\/","title":{"rendered":"Exquisiteces b\u00e1varas para el \u00e1rbol de Navidad"},"content":{"rendered":"<p>Neustadt (Alemania), 12 dic (dpa) &#8211; Una f\u00e1brica artesanal de Baviera produce exquisiteces b\u00e1varas, tales como la famosa Weisswurst (salchicha blanca), mostaza dulce, los t\u00edpicos bretzel (galleta en forma de lazo) o la cerveza blanca de trigo, como adornos colgantes para los \u00e1rboles de Navidad.<\/p>\n<figure id=\"attachment_149887\" aria-describedby=\"caption-attachment-149887\" style=\"width: 650px\" class=\"wp-caption aligncenter\"><img fetchpriority=\"high\" decoding=\"async\" class=\"wp-image-149887 size-large\" src=\"https:\/\/candas365.es\/noticias\/wp-content\/uploads\/2020\/12\/Exquisiteces-bavaras-650x267.jpg\" alt=\"Exquisiteces b\u00e1varas para el \u00e1rbol de Navidad\" width=\"650\" height=\"267\" srcset=\"https:\/\/candas365.es\/noticias\/wp-content\/uploads\/2020\/12\/Exquisiteces-bavaras-650x267.jpg 650w, https:\/\/candas365.es\/noticias\/wp-content\/uploads\/2020\/12\/Exquisiteces-bavaras-360x148.jpg 360w, https:\/\/candas365.es\/noticias\/wp-content\/uploads\/2020\/12\/Exquisiteces-bavaras-768x316.jpg 768w, https:\/\/candas365.es\/noticias\/wp-content\/uploads\/2020\/12\/Exquisiteces-bavaras.jpg 1134w\" sizes=\"(max-width: 650px) 100vw, 650px\" \/><figcaption id=\"caption-attachment-149887\" class=\"wp-caption-text\">Foto: Nicolas Armer\/dpa<\/figcaption><\/figure>\n<p>\u00abPara los habitantes de Franconia (regi\u00f3n del sur de Alemania), tenemos adornos con forma de salchicha Bratwurst o de Schlenkerla (hist\u00f3rica taberna de Bamberg)\u00bb, se\u00f1al\u00f3 Marie M\u00fcller-Blech, de la empresa familiar \u00abInge&#8217;s Christmas Decor\u00bb.<\/p>\n<p>A\u00f1adi\u00f3 que tambi\u00e9n ofrecen el M\u00fcnchner Kindl (figura oficial del escudo de M\u00fanich), un cencerro con edelweiss, el dirndl (vestido tradicional b\u00e1varo) y el lederhose (t\u00edpico pantal\u00f3n de cuero) como parte de la gama \u00abNavidad B\u00e1vara\u00bb.<\/p>\n<p>M\u00fcller-Blech explic\u00f3 que su abuelo fund\u00f3 la f\u00e1brica artesanal de vidrio en la d\u00e9cada de los a\u00f1os 50. Desde entonces llevan acumulados m\u00e1s de 15.000 moldes, y cada a\u00f1o se a\u00f1aden unos cien nuevos. Todos los adornos siguen siendo soplados y pintados a mano.<\/p>\n<p>Tambi\u00e9n en el caso de la bola con forma de Weisswurst: el vidrio se calienta en una llama abierta, se sopla en el molde y se platea por dentro. \u00abEl colgante se sumerge en pintura blanca y se pinta con una esponjita\u00bb, explic\u00f3 M\u00fcller-Blech, de 24 a\u00f1os.<\/p>\n<p>A la salchicha blanca incluso se le agregan salpicaduras verdes que hacen de perejil, se le coloca un cord\u00f3n celeste y blanco y queda lista para ser colgada en el \u00e1rbol de Navidad.<\/p>\n<p>Seg\u00fan M\u00fcller-Blech, el surtido b\u00e1varo ha ido creciendo desde hace unos quince a\u00f1os. \u00abLas bolas navide\u00f1as son muy populares, no solo para Navidad\u00bb, dijo la joven. \u00abA menudo se usan como una broma, como un regalo o como una decoraci\u00f3n para la cocina\u00bb, precis\u00f3.<\/p>\n","protected":false},"excerpt":{"rendered":"<p>Neustadt (Alemania), 12 dic (dpa) &#8211; Una f\u00e1brica artesanal de Baviera produce exquisiteces b\u00e1varas, tales como la famosa Weisswurst (salchicha blanca), mostaza dulce, los t\u00edpicos bretzel (galleta en forma de lazo) o la cerveza blanca de trigo, como adornos colgantes para los \u00e1rboles de Navidad. \u00abPara los habitantes de Franconia (regi\u00f3n del sur de Alemania),<\/p>\n","protected":false},"author":1,"featured_media":149887,"comment_status":"closed","ping_status":"closed","sticky":false,"template":"","format":"standard","meta":{"footnotes":""},"categories":[142],"tags":[],"class_list":{"0":"post-149886","1":"post","2":"type-post","3":"status-publish","4":"format-standard","5":"has-post-thumbnail","7":"category-revista"},"aioseo_notices":[],"aioseo_head":"\n\t\t<!-- All in One SEO Pro 4.9.6.2 - aioseo.com -->\n\t<meta name=\"description\" content=\"Una f\u00e1brica artesanal de Baviera produce exquisiteces b\u00e1varas para el \u00e1rbol de Navidad\" \/>\n\t<meta name=\"robots\" content=\"max-image-preview:large\" \/>\n\t<meta name=\"author\" content=\"Cand\u00e1s 365\"\/>\n\t<meta name=\"google-site-verification\" content=\"UA-32230408-1\" \/>\n\t<meta name=\"msvalidate.01\" content=\"354F3CDFB2DA171B47FBE9ABF1F88D5\" \/>\n\t<meta name=\"keywords\" content=\"navidad,cand\u00e1s,ocio,digital carre\u00f1o,revista\" \/>\n\t<link rel=\"canonical\" href=\"https:\/\/candas365.es\/noticias\/exquisiteces-bavaras-para-el-arbol-de-navidad\/\" \/>\n\t<meta name=\"generator\" content=\"All in One SEO Pro (AIOSEO) 4.9.6.2\" \/>\n\t\t<meta property=\"og:locale\" content=\"es_ES\" \/>\n\t\t<meta property=\"og:site_name\" content=\"Cand\u00e1s 365\" \/>\n\t\t<meta property=\"og:type\" content=\"article\" \/>\n\t\t<meta property=\"og:title\" content=\"Exquisiteces b\u00e1varas para el \u00e1rbol de Navidad | Cand\u00e1s 365\" \/>\n\t\t<meta property=\"og:description\" content=\"Una f\u00e1brica artesanal de Baviera produce exquisiteces b\u00e1varas para el \u00e1rbol de Navidad\" \/>\n\t\t<meta property=\"og:url\" content=\"https:\/\/candas365.es\/noticias\/exquisiteces-bavaras-para-el-arbol-de-navidad\/\" \/>\n\t\t<meta property=\"og:image\" content=\"https:\/\/candas365.es\/noticias\/wp-content\/uploads\/2020\/12\/Exquisiteces-bavaras.jpg\" \/>\n\t\t<meta property=\"og:image:secure_url\" content=\"https:\/\/candas365.es\/noticias\/wp-content\/uploads\/2020\/12\/Exquisiteces-bavaras.jpg\" \/>\n\t\t<meta property=\"og:image:width\" content=\"1134\" \/>\n\t\t<meta property=\"og:image:height\" content=\"466\" \/>\n\t\t<meta property=\"article:published_time\" content=\"2020-12-12T18:39:00+00:00\" \/>\n\t\t<meta property=\"article:modified_time\" content=\"2020-12-12T18:39:00+00:00\" \/>\n\t\t<meta property=\"article:publisher\" content=\"https:\/\/www.facebook.com\/Nachofdezber\" \/>\n\t\t<meta property=\"article:author\" content=\"https:\/\/www.facebook.com\/carrenoactualidad\" \/>\n\t\t<meta name=\"twitter:card\" content=\"summary_large_image\" \/>\n\t\t<meta name=\"twitter:site\" content=\"@NabercoDigital\" \/>\n\t\t<meta name=\"twitter:title\" content=\"Exquisiteces b\u00e1varas para el \u00e1rbol de Navidad | Cand\u00e1s 365\" \/>\n\t\t<meta name=\"twitter:description\" content=\"Una f\u00e1brica artesanal de Baviera produce exquisiteces b\u00e1varas para el \u00e1rbol de Navidad\" \/>\n\t\t<meta name=\"twitter:creator\" content=\"@nbasturias\" \/>\n\t\t<meta name=\"twitter:image\" content=\"https:\/\/candas365.es\/noticias\/wp-content\/uploads\/2020\/12\/Exquisiteces-bavaras.jpg\" \/>\n\t\t<meta name=\"twitter:label1\" content=\"Escrito por\" \/>\n\t\t<meta name=\"twitter:data1\" content=\"Cand\u00e1s 365\" \/>\n\t\t<meta name=\"twitter:label2\" content=\"Tiempo de lectura estimado\" \/>\n\t\t<meta name=\"twitter:data2\" content=\"2 minutos\" \/>\n\t\t<script type=\"application\/ld+json\" class=\"aioseo-schema\">\n\t\t\t{\"@context\":\"https:\\\/\\\/schema.org\",\"@graph\":[{\"@type\":\"BreadcrumbList\",\"@id\":\"https:\\\/\\\/candas365.es\\\/noticias\\\/exquisiteces-bavaras-para-el-arbol-de-navidad\\\/#breadcrumblist\",\"itemListElement\":[{\"@type\":\"ListItem\",\"@id\":\"https:\\\/\\\/candas365.es\\\/noticias#listItem\",\"position\":1,\"name\":\"Home\",\"item\":\"https:\\\/\\\/candas365.es\\\/noticias\",\"nextItem\":{\"@type\":\"ListItem\",\"@id\":\"https:\\\/\\\/candas365.es\\\/noticias\\\/category\\\/revista\\\/#listItem\",\"name\":\"Revista\"}},{\"@type\":\"ListItem\",\"@id\":\"https:\\\/\\\/candas365.es\\\/noticias\\\/category\\\/revista\\\/#listItem\",\"position\":2,\"name\":\"Revista\",\"item\":\"https:\\\/\\\/candas365.es\\\/noticias\\\/category\\\/revista\\\/\",\"nextItem\":{\"@type\":\"ListItem\",\"@id\":\"https:\\\/\\\/candas365.es\\\/noticias\\\/exquisiteces-bavaras-para-el-arbol-de-navidad\\\/#listItem\",\"name\":\"Exquisiteces b\\u00e1varas para el \\u00e1rbol de Navidad\"},\"previousItem\":{\"@type\":\"ListItem\",\"@id\":\"https:\\\/\\\/candas365.es\\\/noticias#listItem\",\"name\":\"Home\"}},{\"@type\":\"ListItem\",\"@id\":\"https:\\\/\\\/candas365.es\\\/noticias\\\/exquisiteces-bavaras-para-el-arbol-de-navidad\\\/#listItem\",\"position\":3,\"name\":\"Exquisiteces b\\u00e1varas para el \\u00e1rbol de Navidad\",\"previousItem\":{\"@type\":\"ListItem\",\"@id\":\"https:\\\/\\\/candas365.es\\\/noticias\\\/category\\\/revista\\\/#listItem\",\"name\":\"Revista\"}}]},{\"@type\":\"NewsArticle\",\"@id\":\"https:\\\/\\\/candas365.es\\\/noticias\\\/exquisiteces-bavaras-para-el-arbol-de-navidad\\\/#newsarticle\",\"name\":\"Exquisiteces b\\u00e1varas para el \\u00e1rbol de Navidad | Cand\\u00e1s 365\",\"headline\":\"Exquisiteces b\\u00e1varas para el \\u00e1rbol de Navidad\",\"author\":{\"@id\":\"https:\\\/\\\/candas365.es\\\/noticias\\\/author\\\/admin\\\/#author\"},\"publisher\":{\"@id\":\"https:\\\/\\\/candas365.es\\\/noticias\\\/#organization\"},\"image\":{\"@type\":\"ImageObject\",\"url\":\"https:\\\/\\\/candas365.es\\\/noticias\\\/wp-content\\\/uploads\\\/2020\\\/12\\\/Exquisiteces-bavaras.jpg\",\"width\":1134,\"height\":466,\"caption\":\"Foto: Nicolas Armer\\\/dpa\"},\"datePublished\":\"2020-12-12T18:39:00+01:00\",\"dateModified\":\"2020-12-12T18:39:00+01:00\",\"inLanguage\":\"es-ES\",\"mainEntityOfPage\":{\"@id\":\"https:\\\/\\\/candas365.es\\\/noticias\\\/exquisiteces-bavaras-para-el-arbol-de-navidad\\\/#webpage\"},\"isPartOf\":{\"@id\":\"https:\\\/\\\/candas365.es\\\/noticias\\\/exquisiteces-bavaras-para-el-arbol-de-navidad\\\/#webpage\"},\"articleSection\":\"Revista\",\"dateline\":\"Publicado el diciembre 12, 2020.\"},{\"@type\":\"Organization\",\"@id\":\"https:\\\/\\\/candas365.es\\\/noticias\\\/#organization\",\"name\":\"Cand\\u00e1s 365\",\"description\":\"Cand\\u00e1s 365 es un diario digital independiente, fundado en 2012, con base en Asturias. Informamos con rigor sobre actualidad, sociedad, cultura y ocio, con una mirada local y global.\",\"url\":\"https:\\\/\\\/candas365.es\\\/noticias\\\/\",\"email\":\"info@candas365.es\",\"telephone\":\"+34652131393\",\"foundingDate\":\"2012-06-10\",\"logo\":{\"@type\":\"ImageObject\",\"url\":\"https:\\\/\\\/candas365.es\\\/noticias\\\/wp-content\\\/uploads\\\/2024\\\/09\\\/Candas-365-Redes.jpg\",\"@id\":\"https:\\\/\\\/candas365.es\\\/noticias\\\/exquisiteces-bavaras-para-el-arbol-de-navidad\\\/#organizationLogo\",\"width\":1152,\"height\":864,\"caption\":\"Cand\\u00e1s 365 Redes\"},\"image\":{\"@id\":\"https:\\\/\\\/candas365.es\\\/noticias\\\/exquisiteces-bavaras-para-el-arbol-de-navidad\\\/#organizationLogo\"},\"sameAs\":[\"https:\\\/\\\/www.facebook.com\\\/Nachofdezber\",\"https:\\\/\\\/x.com\\\/NabercoDigital\",\"https:\\\/\\\/www.instagram.com\\\/nachofdezber\\\/\",\"https:\\\/\\\/www.youtube.com\\\/channel\\\/UCZP-2wLEB9Rv6erhFmqVnvg\"],\"address\":{\"@id\":\"https:\\\/\\\/candas365.es\\\/noticias\\\/#postaladdress\",\"@type\":\"PostalAddress\",\"streetAddress\":\"san antonio 4, san antonio 4\",\"postalCode\":\"33430\",\"addressLocality\":\"Cand\\u00e1s\",\"addressRegion\":\"Asturias\",\"addressCountry\":\"ES\"}},{\"@type\":\"Person\",\"@id\":\"https:\\\/\\\/candas365.es\\\/noticias\\\/author\\\/admin\\\/#author\",\"url\":\"https:\\\/\\\/candas365.es\\\/noticias\\\/author\\\/admin\\\/\",\"name\":\"Cand\\u00e1s 365\",\"image\":{\"@type\":\"ImageObject\",\"@id\":\"https:\\\/\\\/candas365.es\\\/noticias\\\/exquisiteces-bavaras-para-el-arbol-de-navidad\\\/#authorImage\",\"url\":\"https:\\\/\\\/secure.gravatar.com\\\/avatar\\\/496a8e03d0c493ede1718b7934145dbdf8d89be1036b0eec9544e1094c9de390?s=96&d=mm&r=g\",\"width\":96,\"height\":96,\"caption\":\"Cand\\u00e1s 365\"},\"sameAs\":[\"https:\\\/\\\/www.facebook.com\\\/carrenoactualidad\",\"https:\\\/\\\/twitter.com\\\/nbasturias\",\"https:\\\/\\\/www.instagram.com\\\/nachofdezber\\\/\",\"https:\\\/\\\/www.youtube.com\\\/channel\\\/UCZP-2wLEB9Rv6erhFmqVnvg\"]},{\"@type\":\"WebPage\",\"@id\":\"https:\\\/\\\/candas365.es\\\/noticias\\\/exquisiteces-bavaras-para-el-arbol-de-navidad\\\/#webpage\",\"url\":\"https:\\\/\\\/candas365.es\\\/noticias\\\/exquisiteces-bavaras-para-el-arbol-de-navidad\\\/\",\"name\":\"Exquisiteces b\\u00e1varas para el \\u00e1rbol de Navidad | Cand\\u00e1s 365\",\"description\":\"Una f\\u00e1brica artesanal de Baviera produce exquisiteces b\\u00e1varas para el \\u00e1rbol de Navidad\",\"inLanguage\":\"es-ES\",\"isPartOf\":{\"@id\":\"https:\\\/\\\/candas365.es\\\/noticias\\\/#website\"},\"breadcrumb\":{\"@id\":\"https:\\\/\\\/candas365.es\\\/noticias\\\/exquisiteces-bavaras-para-el-arbol-de-navidad\\\/#breadcrumblist\"},\"author\":{\"@id\":\"https:\\\/\\\/candas365.es\\\/noticias\\\/author\\\/admin\\\/#author\"},\"creator\":{\"@id\":\"https:\\\/\\\/candas365.es\\\/noticias\\\/author\\\/admin\\\/#author\"},\"image\":{\"@type\":\"ImageObject\",\"url\":\"https:\\\/\\\/candas365.es\\\/noticias\\\/wp-content\\\/uploads\\\/2020\\\/12\\\/Exquisiteces-bavaras.jpg\",\"@id\":\"https:\\\/\\\/candas365.es\\\/noticias\\\/exquisiteces-bavaras-para-el-arbol-de-navidad\\\/#mainImage\",\"width\":1134,\"height\":466,\"caption\":\"Foto: Nicolas Armer\\\/dpa\"},\"primaryImageOfPage\":{\"@id\":\"https:\\\/\\\/candas365.es\\\/noticias\\\/exquisiteces-bavaras-para-el-arbol-de-navidad\\\/#mainImage\"},\"datePublished\":\"2020-12-12T18:39:00+01:00\",\"dateModified\":\"2020-12-12T18:39:00+01:00\"},{\"@type\":\"WebSite\",\"@id\":\"https:\\\/\\\/candas365.es\\\/noticias\\\/#website\",\"url\":\"https:\\\/\\\/candas365.es\\\/noticias\\\/\",\"name\":\"Cand\\u00e1s 365\",\"alternateName\":\"Cand\\u00e1s 365 Noticias\",\"description\":\"Actualidad desde Carre\\u00f1o para el mundo\",\"inLanguage\":\"es-ES\",\"publisher\":{\"@id\":\"https:\\\/\\\/candas365.es\\\/noticias\\\/#organization\"}}]}\n\t\t<\/script>\n\t\t<!-- All in One SEO Pro -->\r\n\t\t<title>Exquisiteces b\u00e1varas para el \u00e1rbol de Navidad | Cand\u00e1s 365<\/title>\n\n","aioseo_head_json":{"title":"Exquisiteces b\u00e1varas para el \u00e1rbol de Navidad | Cand\u00e1s 365","description":"Una f\u00e1brica artesanal de Baviera produce exquisiteces b\u00e1varas para el \u00e1rbol de Navidad","canonical_url":"https:\/\/candas365.es\/noticias\/exquisiteces-bavaras-para-el-arbol-de-navidad\/","robots":"max-image-preview:large","keywords":"navidad,cand\u00e1s,ocio,digital carre\u00f1o,revista","webmasterTools":{"google-site-verification":"UA-32230408-1","msvalidate.01":"354F3CDFB2DA171B47FBE9ABF1F88D5","miscellaneous":""},"schema":{"@context":"https:\/\/schema.org","@graph":[{"@type":"BreadcrumbList","@id":"https:\/\/candas365.es\/noticias\/exquisiteces-bavaras-para-el-arbol-de-navidad\/#breadcrumblist","itemListElement":[{"@type":"ListItem","@id":"https:\/\/candas365.es\/noticias#listItem","position":1,"name":"Home","item":"https:\/\/candas365.es\/noticias","nextItem":{"@type":"ListItem","@id":"https:\/\/candas365.es\/noticias\/category\/revista\/#listItem","name":"Revista"}},{"@type":"ListItem","@id":"https:\/\/candas365.es\/noticias\/category\/revista\/#listItem","position":2,"name":"Revista","item":"https:\/\/candas365.es\/noticias\/category\/revista\/","nextItem":{"@type":"ListItem","@id":"https:\/\/candas365.es\/noticias\/exquisiteces-bavaras-para-el-arbol-de-navidad\/#listItem","name":"Exquisiteces b\u00e1varas para el \u00e1rbol de Navidad"},"previousItem":{"@type":"ListItem","@id":"https:\/\/candas365.es\/noticias#listItem","name":"Home"}},{"@type":"ListItem","@id":"https:\/\/candas365.es\/noticias\/exquisiteces-bavaras-para-el-arbol-de-navidad\/#listItem","position":3,"name":"Exquisiteces b\u00e1varas para el \u00e1rbol de Navidad","previousItem":{"@type":"ListItem","@id":"https:\/\/candas365.es\/noticias\/category\/revista\/#listItem","name":"Revista"}}]},{"@type":"NewsArticle","@id":"https:\/\/candas365.es\/noticias\/exquisiteces-bavaras-para-el-arbol-de-navidad\/#newsarticle","name":"Exquisiteces b\u00e1varas para el \u00e1rbol de Navidad | Cand\u00e1s 365","headline":"Exquisiteces b\u00e1varas para el \u00e1rbol de Navidad","author":{"@id":"https:\/\/candas365.es\/noticias\/author\/admin\/#author"},"publisher":{"@id":"https:\/\/candas365.es\/noticias\/#organization"},"image":{"@type":"ImageObject","url":"https:\/\/candas365.es\/noticias\/wp-content\/uploads\/2020\/12\/Exquisiteces-bavaras.jpg","width":1134,"height":466,"caption":"Foto: Nicolas Armer\/dpa"},"datePublished":"2020-12-12T18:39:00+01:00","dateModified":"2020-12-12T18:39:00+01:00","inLanguage":"es-ES","mainEntityOfPage":{"@id":"https:\/\/candas365.es\/noticias\/exquisiteces-bavaras-para-el-arbol-de-navidad\/#webpage"},"isPartOf":{"@id":"https:\/\/candas365.es\/noticias\/exquisiteces-bavaras-para-el-arbol-de-navidad\/#webpage"},"articleSection":"Revista","dateline":"Publicado el diciembre 12, 2020."},{"@type":"Organization","@id":"https:\/\/candas365.es\/noticias\/#organization","name":"Cand\u00e1s 365","description":"Cand\u00e1s 365 es un diario digital independiente, fundado en 2012, con base en Asturias. Informamos con rigor sobre actualidad, sociedad, cultura y ocio, con una mirada local y global.","url":"https:\/\/candas365.es\/noticias\/","email":"info@candas365.es","telephone":"+34652131393","foundingDate":"2012-06-10","logo":{"@type":"ImageObject","url":"https:\/\/candas365.es\/noticias\/wp-content\/uploads\/2024\/09\/Candas-365-Redes.jpg","@id":"https:\/\/candas365.es\/noticias\/exquisiteces-bavaras-para-el-arbol-de-navidad\/#organizationLogo","width":1152,"height":864,"caption":"Cand\u00e1s 365 Redes"},"image":{"@id":"https:\/\/candas365.es\/noticias\/exquisiteces-bavaras-para-el-arbol-de-navidad\/#organizationLogo"},"sameAs":["https:\/\/www.facebook.com\/Nachofdezber","https:\/\/x.com\/NabercoDigital","https:\/\/www.instagram.com\/nachofdezber\/","https:\/\/www.youtube.com\/channel\/UCZP-2wLEB9Rv6erhFmqVnvg"],"address":{"@id":"https:\/\/candas365.es\/noticias\/#postaladdress","@type":"PostalAddress","streetAddress":"san antonio 4, san antonio 4","postalCode":"33430","addressLocality":"Cand\u00e1s","addressRegion":"Asturias","addressCountry":"ES"}},{"@type":"Person","@id":"https:\/\/candas365.es\/noticias\/author\/admin\/#author","url":"https:\/\/candas365.es\/noticias\/author\/admin\/","name":"Cand\u00e1s 365","image":{"@type":"ImageObject","@id":"https:\/\/candas365.es\/noticias\/exquisiteces-bavaras-para-el-arbol-de-navidad\/#authorImage","url":"https:\/\/secure.gravatar.com\/avatar\/496a8e03d0c493ede1718b7934145dbdf8d89be1036b0eec9544e1094c9de390?s=96&d=mm&r=g","width":96,"height":96,"caption":"Cand\u00e1s 365"},"sameAs":["https:\/\/www.facebook.com\/carrenoactualidad","https:\/\/twitter.com\/nbasturias","https:\/\/www.instagram.com\/nachofdezber\/","https:\/\/www.youtube.com\/channel\/UCZP-2wLEB9Rv6erhFmqVnvg"]},{"@type":"WebPage","@id":"https:\/\/candas365.es\/noticias\/exquisiteces-bavaras-para-el-arbol-de-navidad\/#webpage","url":"https:\/\/candas365.es\/noticias\/exquisiteces-bavaras-para-el-arbol-de-navidad\/","name":"Exquisiteces b\u00e1varas para el \u00e1rbol de Navidad | Cand\u00e1s 365","description":"Una f\u00e1brica artesanal de Baviera produce exquisiteces b\u00e1varas para el \u00e1rbol de Navidad","inLanguage":"es-ES","isPartOf":{"@id":"https:\/\/candas365.es\/noticias\/#website"},"breadcrumb":{"@id":"https:\/\/candas365.es\/noticias\/exquisiteces-bavaras-para-el-arbol-de-navidad\/#breadcrumblist"},"author":{"@id":"https:\/\/candas365.es\/noticias\/author\/admin\/#author"},"creator":{"@id":"https:\/\/candas365.es\/noticias\/author\/admin\/#author"},"image":{"@type":"ImageObject","url":"https:\/\/candas365.es\/noticias\/wp-content\/uploads\/2020\/12\/Exquisiteces-bavaras.jpg","@id":"https:\/\/candas365.es\/noticias\/exquisiteces-bavaras-para-el-arbol-de-navidad\/#mainImage","width":1134,"height":466,"caption":"Foto: Nicolas Armer\/dpa"},"primaryImageOfPage":{"@id":"https:\/\/candas365.es\/noticias\/exquisiteces-bavaras-para-el-arbol-de-navidad\/#mainImage"},"datePublished":"2020-12-12T18:39:00+01:00","dateModified":"2020-12-12T18:39:00+01:00"},{"@type":"WebSite","@id":"https:\/\/candas365.es\/noticias\/#website","url":"https:\/\/candas365.es\/noticias\/","name":"Cand\u00e1s 365","alternateName":"Cand\u00e1s 365 Noticias","description":"Actualidad desde Carre\u00f1o para el mundo","inLanguage":"es-ES","publisher":{"@id":"https:\/\/candas365.es\/noticias\/#organization"}}]},"og:locale":"es_ES","og:site_name":"Cand\u00e1s 365","og:type":"article","og:title":"Exquisiteces b\u00e1varas para el \u00e1rbol de Navidad | Cand\u00e1s 365","og:description":"Una f\u00e1brica artesanal de Baviera produce exquisiteces b\u00e1varas para el \u00e1rbol de Navidad","og:url":"https:\/\/candas365.es\/noticias\/exquisiteces-bavaras-para-el-arbol-de-navidad\/","og:image":"https:\/\/candas365.es\/noticias\/wp-content\/uploads\/2020\/12\/Exquisiteces-bavaras.jpg","og:image:secure_url":"https:\/\/candas365.es\/noticias\/wp-content\/uploads\/2020\/12\/Exquisiteces-bavaras.jpg","og:image:width":1134,"og:image:height":466,"article:published_time":"2020-12-12T18:39:00+00:00","article:modified_time":"2020-12-12T18:39:00+00:00","article:publisher":"https:\/\/www.facebook.com\/Nachofdezber","article:author":"https:\/\/www.facebook.com\/carrenoactualidad","twitter:card":"summary_large_image","twitter:site":"@NabercoDigital","twitter:title":"Exquisiteces b\u00e1varas para el \u00e1rbol de Navidad | Cand\u00e1s 365","twitter:description":"Una f\u00e1brica artesanal de Baviera produce exquisiteces b\u00e1varas para el \u00e1rbol de Navidad","twitter:creator":"@nbasturias","twitter:image":"https:\/\/candas365.es\/noticias\/wp-content\/uploads\/2020\/12\/Exquisiteces-bavaras.jpg","twitter:label1":"Escrito por","twitter:data1":"Cand\u00e1s 365","twitter:label2":"Tiempo de lectura estimado","twitter:data2":"2 minutos"},"aioseo_meta_data":{"post_id":"149886","title":"Exquisiteces b\u00e1varas para el \u00e1rbol de Navidad | #site_title","description":"Una f\u00e1brica artesanal de Baviera produce exquisiteces b\u00e1varas para el \u00e1rbol de Navidad","keywords":[{"label":"Navidad","value":"Navidad"},{"label":"Cand\u00e1s","value":"Cand\u00e1s"},{"label":"Ocio","value":"Ocio"},{"label":"Digital Carre\u00f1o","value":"Digital Carre\u00f1o"}],"keyphrases":null,"primary_term":null,"canonical_url":"","og_title":null,"og_description":null,"og_object_type":"default","og_image_type":"default","og_image_url":null,"og_image_width":null,"og_image_height":null,"og_image_custom_url":null,"og_image_custom_fields":null,"og_video":null,"og_custom_url":null,"og_article_section":null,"og_article_tags":null,"twitter_use_og":false,"twitter_card":"default","twitter_image_type":"default","twitter_image_url":null,"twitter_image_custom_url":null,"twitter_image_custom_fields":null,"twitter_title":null,"twitter_description":null,"schema":{"blockGraphs":[],"customGraphs":[],"default":{"data":{"Article":[],"Course":[],"Dataset":[],"FAQPage":[],"Movie":[],"Person":[],"Product":[],"ProductReview":[],"Car":[],"Recipe":[],"Service":[],"SoftwareApplication":[],"WebPage":[]},"graphName":"","isEnabled":true},"graphs":[],"defaultGraph":"","defaultPostTypeGraph":""},"schema_type":null,"schema_type_options":null,"pillar_content":false,"robots_default":true,"robots_noindex":false,"robots_noarchive":false,"robots_nosnippet":false,"robots_nofollow":false,"robots_noimageindex":false,"robots_noodp":false,"robots_notranslate":false,"robots_max_snippet":null,"robots_max_videopreview":null,"robots_max_imagepreview":"large","priority":null,"frequency":null,"location":null,"local_seo":null,"seo_analyzer_scan_date":"2025-08-31 15:19:33","breadcrumb_settings":null,"limit_modified_date":false,"reviewed_by":null,"open_ai":null,"ai":null,"created":"2020-12-21 10:37:20","updated":"2025-08-31 15:19:33"},"aioseo_breadcrumb":"<div class=\"aioseo-breadcrumbs\"><span class=\"aioseo-breadcrumb\">\n\t<a href=\"https:\/\/candas365.es\/noticias\" title=\"Home\">Home<\/a>\n<\/span><span class=\"aioseo-breadcrumb-separator\">&ndash;<\/span><span class=\"aioseo-breadcrumb\">\n\t<a href=\"https:\/\/candas365.es\/noticias\/category\/revista\/\" title=\"Revista\">Revista<\/a>\n<\/span><span class=\"aioseo-breadcrumb-separator\">&ndash;<\/span><span class=\"aioseo-breadcrumb\">\n\tExquisiteces b\u00e1varas para el \u00e1rbol de Navidad\n<\/span><\/div>","aioseo_breadcrumb_json":[{"label":"Home","link":"https:\/\/candas365.es\/noticias"},{"label":"Revista","link":"https:\/\/candas365.es\/noticias\/category\/revista\/"},{"label":"Exquisiteces b\u00e1varas para el \u00e1rbol de Navidad","link":"https:\/\/candas365.es\/noticias\/exquisiteces-bavaras-para-el-arbol-de-navidad\/"}],"_links":{"self":[{"href":"https:\/\/candas365.es\/noticias\/wp-json\/wp\/v2\/posts\/149886","targetHints":{"allow":["GET"]}}],"collection":[{"href":"https:\/\/candas365.es\/noticias\/wp-json\/wp\/v2\/posts"}],"about":[{"href":"https:\/\/candas365.es\/noticias\/wp-json\/wp\/v2\/types\/post"}],"author":[{"embeddable":true,"href":"https:\/\/candas365.es\/noticias\/wp-json\/wp\/v2\/users\/1"}],"replies":[{"embeddable":true,"href":"https:\/\/candas365.es\/noticias\/wp-json\/wp\/v2\/comments?post=149886"}],"version-history":[{"count":0,"href":"https:\/\/candas365.es\/noticias\/wp-json\/wp\/v2\/posts\/149886\/revisions"}],"wp:featuredmedia":[{"embeddable":true,"href":"https:\/\/candas365.es\/noticias\/wp-json\/wp\/v2\/media\/149887"}],"wp:attachment":[{"href":"https:\/\/candas365.es\/noticias\/wp-json\/wp\/v2\/media?parent=149886"}],"wp:term":[{"taxonomy":"category","embeddable":true,"href":"https:\/\/candas365.es\/noticias\/wp-json\/wp\/v2\/categories?post=149886"},{"taxonomy":"post_tag","embeddable":true,"href":"https:\/\/candas365.es\/noticias\/wp-json\/wp\/v2\/tags?post=149886"}],"curies":[{"name":"wp","href":"https:\/\/api.w.org\/{rel}","templated":true}]}}