{"id":149871,"date":"2020-12-12T11:10:25","date_gmt":"2020-12-12T11:10:25","guid":{"rendered":"http:\/\/candas365.es\/noticias\/?p=149871"},"modified":"2020-12-12T11:10:25","modified_gmt":"2020-12-12T11:10:25","slug":"hector-herrera-veo-muy-bien-al-equipo-para-el-derbi","status":"publish","type":"post","link":"https:\/\/candas365.es\/noticias\/hector-herrera-veo-muy-bien-al-equipo-para-el-derbi\/","title":{"rendered":"H\u00e9ctor Herrera: \u201cVeo muy bien al equipo para el derbi\u201d"},"content":{"rendered":"<p><img fetchpriority=\"high\" decoding=\"async\" class=\"alignleft size-medium wp-image-102401\" src=\"https:\/\/candas365.es\/noticias\/wp-content\/uploads\/2018\/08\/football-2699589_960_720-360x270.jpg\" alt=\"\" width=\"360\" height=\"270\" srcset=\"https:\/\/candas365.es\/noticias\/wp-content\/uploads\/2018\/08\/football-2699589_960_720-360x270.jpg 360w, https:\/\/candas365.es\/noticias\/wp-content\/uploads\/2018\/08\/football-2699589_960_720-768x576.jpg 768w, https:\/\/candas365.es\/noticias\/wp-content\/uploads\/2018\/08\/football-2699589_960_720-640x480.jpg 640w, https:\/\/candas365.es\/noticias\/wp-content\/uploads\/2018\/08\/football-2699589_960_720-80x60.jpg 80w, https:\/\/candas365.es\/noticias\/wp-content\/uploads\/2018\/08\/football-2699589_960_720-265x198.jpg 265w, https:\/\/candas365.es\/noticias\/wp-content\/uploads\/2018\/08\/football-2699589_960_720-696x522.jpg 696w, https:\/\/candas365.es\/noticias\/wp-content\/uploads\/2018\/08\/football-2699589_960_720-560x420.jpg 560w, https:\/\/candas365.es\/noticias\/wp-content\/uploads\/2018\/08\/football-2699589_960_720.jpg 960w\" sizes=\"(max-width: 360px) 100vw, 360px\" \/>(Europa Press) &#8211;\u00a0El centrocampista mexicano del Atl\u00e9tico de Madrid, H\u00e9ctor Herrera, ha dicho ver \u00abmuy bien a su equipo\u00bb antes del importante derbi de este s\u00e1bado frente al Real Madrid, mientras que a nivel personal ha resaltado que se siente \u00abfeliz\u00bb y plenamente recuperado de la lesi\u00f3n que sufri\u00f3 recientemente.<\/p>\n<p>\u00abEs un partido muy importante para nosotros por lo que es un derbi. Lo afrontamos con mucha ilusi\u00f3n y muchas ganas de ganar. Todo el mundo en M\u00e9xico ve este derbi y es una ilusi\u00f3n poder estar presente\u00bb, explic\u00f3 Herrera en declaraciones facilitadas por su club.<\/p>\n<p>A nivel colectivo, resalt\u00f3 que ve \u00abmuy bien al equipo\u00bb. \u00abLo siento muy consciente de lo que estamos viviendo y de hacia d\u00f3nde queremos ir. Creo que estamos preparados. Hay que estar al cien por cien para dar lo mejor y poder tener un resultado favorable\u00bb, anim\u00f3.<\/p>\n<p>El mexicano destac\u00f3 el buen nivel de toda la plantilla para explicar el buen momento que atraviesa el Atl\u00e9tico. \u00abLos once que les toca empezar est\u00e1n muy bien, pero los que entran de cambio entran con la misma ilusi\u00f3n de hacer las cosas bien y lo est\u00e1n haciendo bien. Es importante seguir con esa competitividad dentro del grupo para que los resultados nos sigan acompa\u00f1ando\u00bb, analiz\u00f3.<\/p>\n<p>Por \u00faltimo, extendi\u00f3 ese an\u00e1lisis positivo a su propio momento personal. \u00abMe siento muy bien, feliz, y creo que eso es una parte importante para poder desarrollar lo mejor de ti dentro de la cancha. Tuve una peque\u00f1a lesi\u00f3n, pero me he recuperado r\u00e1pido y he vuelto al mismo nivel\u00bb, finaliz\u00f3.<\/p>\n","protected":false},"excerpt":{"rendered":"<p>(Europa Press) &#8211;\u00a0El centrocampista mexicano del Atl\u00e9tico de Madrid, H\u00e9ctor Herrera, ha dicho ver \u00abmuy bien a su equipo\u00bb antes del importante derbi de este s\u00e1bado frente al Real Madrid, mientras que a nivel personal ha resaltado que se siente \u00abfeliz\u00bb y plenamente recuperado de la lesi\u00f3n que sufri\u00f3 recientemente. \u00abEs un partido muy importante<\/p>\n","protected":false},"author":1,"featured_media":98026,"comment_status":"closed","ping_status":"closed","sticky":false,"template":"","format":"standard","meta":{"footnotes":""},"categories":[319],"tags":[],"class_list":{"0":"post-149871","1":"post","2":"type-post","3":"status-publish","4":"format-standard","5":"has-post-thumbnail","7":"category-deporte"},"aioseo_notices":[],"aioseo_head":"\n\t\t<!-- All in One SEO Pro 4.9.6.2 - aioseo.com -->\n\t<meta name=\"description\" content=\"El mexicano destac\u00f3 el buen nivel de toda la plantilla para explicar el buen momento que atraviesa el Atl\u00e9tico\" \/>\n\t<meta name=\"robots\" content=\"max-image-preview:large\" \/>\n\t<meta name=\"author\" content=\"Cand\u00e1s 365\"\/>\n\t<meta name=\"google-site-verification\" content=\"UA-32230408-1\" \/>\n\t<meta name=\"msvalidate.01\" content=\"354F3CDFB2DA171B47FBE9ABF1F88D5\" \/>\n\t<meta name=\"keywords\" content=\"deportes,f\u00fatbol,deporte\" \/>\n\t<link rel=\"canonical\" href=\"https:\/\/candas365.es\/noticias\/hector-herrera-veo-muy-bien-al-equipo-para-el-derbi\/\" \/>\n\t<meta name=\"generator\" content=\"All in One SEO Pro (AIOSEO) 4.9.6.2\" \/>\n\t\t<meta property=\"og:locale\" content=\"es_ES\" \/>\n\t\t<meta property=\"og:site_name\" content=\"Cand\u00e1s 365\" \/>\n\t\t<meta property=\"og:type\" content=\"article\" \/>\n\t\t<meta property=\"og:title\" content=\"H\u00e9ctor Herrera: \u201cVeo muy bien al equipo para el derbi\u201d | Cand\u00e1s 365\" \/>\n\t\t<meta property=\"og:description\" content=\"El mexicano destac\u00f3 el buen nivel de toda la plantilla para explicar el buen momento que atraviesa el Atl\u00e9tico\" \/>\n\t\t<meta property=\"og:url\" content=\"https:\/\/candas365.es\/noticias\/hector-herrera-veo-muy-bien-al-equipo-para-el-derbi\/\" \/>\n\t\t<meta property=\"og:image\" content=\"https:\/\/candas365.es\/noticias\/wp-content\/uploads\/2018\/06\/football-1406106_960_720-1.jpg\" \/>\n\t\t<meta property=\"og:image:secure_url\" content=\"https:\/\/candas365.es\/noticias\/wp-content\/uploads\/2018\/06\/football-1406106_960_720-1.jpg\" \/>\n\t\t<meta property=\"og:image:width\" content=\"960\" \/>\n\t\t<meta property=\"og:image:height\" content=\"643\" \/>\n\t\t<meta property=\"article:published_time\" content=\"2020-12-12T11:10:25+00:00\" \/>\n\t\t<meta property=\"article:modified_time\" content=\"2020-12-12T11:10:25+00:00\" \/>\n\t\t<meta property=\"article:publisher\" content=\"https:\/\/www.facebook.com\/Nachofdezber\" \/>\n\t\t<meta property=\"article:author\" content=\"https:\/\/www.facebook.com\/carrenoactualidad\" \/>\n\t\t<meta name=\"twitter:card\" content=\"summary_large_image\" \/>\n\t\t<meta name=\"twitter:site\" content=\"@NabercoDigital\" \/>\n\t\t<meta name=\"twitter:title\" content=\"H\u00e9ctor Herrera: \u201cVeo muy bien al equipo para el derbi\u201d | Cand\u00e1s 365\" \/>\n\t\t<meta name=\"twitter:description\" content=\"El mexicano destac\u00f3 el buen nivel de toda la plantilla para explicar el buen momento que atraviesa el Atl\u00e9tico\" \/>\n\t\t<meta name=\"twitter:creator\" content=\"@nbasturias\" \/>\n\t\t<meta name=\"twitter:image\" content=\"https:\/\/candas365.es\/noticias\/wp-content\/uploads\/2018\/06\/football-1406106_960_720-1.jpg\" \/>\n\t\t<meta name=\"twitter:label1\" content=\"Escrito por\" \/>\n\t\t<meta name=\"twitter:data1\" content=\"Cand\u00e1s 365\" \/>\n\t\t<meta name=\"twitter:label2\" content=\"Tiempo de lectura estimado\" \/>\n\t\t<meta name=\"twitter:data2\" content=\"1 minuto\" \/>\n\t\t<script type=\"application\/ld+json\" class=\"aioseo-schema\">\n\t\t\t{\"@context\":\"https:\\\/\\\/schema.org\",\"@graph\":[{\"@type\":\"BreadcrumbList\",\"@id\":\"https:\\\/\\\/candas365.es\\\/noticias\\\/hector-herrera-veo-muy-bien-al-equipo-para-el-derbi\\\/#breadcrumblist\",\"itemListElement\":[{\"@type\":\"ListItem\",\"@id\":\"https:\\\/\\\/candas365.es\\\/noticias#listItem\",\"position\":1,\"name\":\"Home\",\"item\":\"https:\\\/\\\/candas365.es\\\/noticias\",\"nextItem\":{\"@type\":\"ListItem\",\"@id\":\"https:\\\/\\\/candas365.es\\\/noticias\\\/category\\\/deporte\\\/#listItem\",\"name\":\"Deporte\"}},{\"@type\":\"ListItem\",\"@id\":\"https:\\\/\\\/candas365.es\\\/noticias\\\/category\\\/deporte\\\/#listItem\",\"position\":2,\"name\":\"Deporte\",\"item\":\"https:\\\/\\\/candas365.es\\\/noticias\\\/category\\\/deporte\\\/\",\"nextItem\":{\"@type\":\"ListItem\",\"@id\":\"https:\\\/\\\/candas365.es\\\/noticias\\\/hector-herrera-veo-muy-bien-al-equipo-para-el-derbi\\\/#listItem\",\"name\":\"H\\u00e9ctor Herrera: \\u201cVeo muy bien al equipo para el derbi\\u201d\"},\"previousItem\":{\"@type\":\"ListItem\",\"@id\":\"https:\\\/\\\/candas365.es\\\/noticias#listItem\",\"name\":\"Home\"}},{\"@type\":\"ListItem\",\"@id\":\"https:\\\/\\\/candas365.es\\\/noticias\\\/hector-herrera-veo-muy-bien-al-equipo-para-el-derbi\\\/#listItem\",\"position\":3,\"name\":\"H\\u00e9ctor Herrera: \\u201cVeo muy bien al equipo para el derbi\\u201d\",\"previousItem\":{\"@type\":\"ListItem\",\"@id\":\"https:\\\/\\\/candas365.es\\\/noticias\\\/category\\\/deporte\\\/#listItem\",\"name\":\"Deporte\"}}]},{\"@type\":\"NewsArticle\",\"@id\":\"https:\\\/\\\/candas365.es\\\/noticias\\\/hector-herrera-veo-muy-bien-al-equipo-para-el-derbi\\\/#newsarticle\",\"name\":\"H\\u00e9ctor Herrera: \\u201cVeo muy bien al equipo para el derbi\\u201d | Cand\\u00e1s 365\",\"headline\":\"H\\u00e9ctor Herrera: \\u201cVeo muy bien al equipo para el derbi\\u201d\",\"author\":{\"@id\":\"https:\\\/\\\/candas365.es\\\/noticias\\\/author\\\/admin\\\/#author\"},\"publisher\":{\"@id\":\"https:\\\/\\\/candas365.es\\\/noticias\\\/#organization\"},\"image\":{\"@type\":\"ImageObject\",\"url\":\"https:\\\/\\\/candas365.es\\\/noticias\\\/wp-content\\\/uploads\\\/2018\\\/06\\\/football-1406106_960_720-1.jpg\",\"width\":960,\"height\":643},\"datePublished\":\"2020-12-12T11:10:25+01:00\",\"dateModified\":\"2020-12-12T11:10:25+01:00\",\"inLanguage\":\"es-ES\",\"mainEntityOfPage\":{\"@id\":\"https:\\\/\\\/candas365.es\\\/noticias\\\/hector-herrera-veo-muy-bien-al-equipo-para-el-derbi\\\/#webpage\"},\"isPartOf\":{\"@id\":\"https:\\\/\\\/candas365.es\\\/noticias\\\/hector-herrera-veo-muy-bien-al-equipo-para-el-derbi\\\/#webpage\"},\"articleSection\":\"Deporte\",\"dateline\":\"Publicado el diciembre 12, 2020.\"},{\"@type\":\"Organization\",\"@id\":\"https:\\\/\\\/candas365.es\\\/noticias\\\/#organization\",\"name\":\"Cand\\u00e1s 365\",\"description\":\"Cand\\u00e1s 365 es un diario digital independiente, fundado en 2012, con base en Asturias. Informamos con rigor sobre actualidad, sociedad, cultura y ocio, con una mirada local y global.\",\"url\":\"https:\\\/\\\/candas365.es\\\/noticias\\\/\",\"email\":\"info@candas365.es\",\"telephone\":\"+34652131393\",\"foundingDate\":\"2012-06-10\",\"logo\":{\"@type\":\"ImageObject\",\"url\":\"https:\\\/\\\/candas365.es\\\/noticias\\\/wp-content\\\/uploads\\\/2024\\\/09\\\/Candas-365-Redes.jpg\",\"@id\":\"https:\\\/\\\/candas365.es\\\/noticias\\\/hector-herrera-veo-muy-bien-al-equipo-para-el-derbi\\\/#organizationLogo\",\"width\":1152,\"height\":864,\"caption\":\"Cand\\u00e1s 365 Redes\"},\"image\":{\"@id\":\"https:\\\/\\\/candas365.es\\\/noticias\\\/hector-herrera-veo-muy-bien-al-equipo-para-el-derbi\\\/#organizationLogo\"},\"sameAs\":[\"https:\\\/\\\/www.facebook.com\\\/Nachofdezber\",\"https:\\\/\\\/x.com\\\/NabercoDigital\",\"https:\\\/\\\/www.instagram.com\\\/nachofdezber\\\/\",\"https:\\\/\\\/www.youtube.com\\\/channel\\\/UCZP-2wLEB9Rv6erhFmqVnvg\"],\"address\":{\"@id\":\"https:\\\/\\\/candas365.es\\\/noticias\\\/#postaladdress\",\"@type\":\"PostalAddress\",\"streetAddress\":\"san antonio 4, san antonio 4\",\"postalCode\":\"33430\",\"addressLocality\":\"Cand\\u00e1s\",\"addressRegion\":\"Asturias\",\"addressCountry\":\"ES\"}},{\"@type\":\"Person\",\"@id\":\"https:\\\/\\\/candas365.es\\\/noticias\\\/author\\\/admin\\\/#author\",\"url\":\"https:\\\/\\\/candas365.es\\\/noticias\\\/author\\\/admin\\\/\",\"name\":\"Cand\\u00e1s 365\",\"image\":{\"@type\":\"ImageObject\",\"@id\":\"https:\\\/\\\/candas365.es\\\/noticias\\\/hector-herrera-veo-muy-bien-al-equipo-para-el-derbi\\\/#authorImage\",\"url\":\"https:\\\/\\\/secure.gravatar.com\\\/avatar\\\/496a8e03d0c493ede1718b7934145dbdf8d89be1036b0eec9544e1094c9de390?s=96&d=mm&r=g\",\"width\":96,\"height\":96,\"caption\":\"Cand\\u00e1s 365\"},\"sameAs\":[\"https:\\\/\\\/www.facebook.com\\\/carrenoactualidad\",\"https:\\\/\\\/twitter.com\\\/nbasturias\",\"https:\\\/\\\/www.instagram.com\\\/nachofdezber\\\/\",\"https:\\\/\\\/www.youtube.com\\\/channel\\\/UCZP-2wLEB9Rv6erhFmqVnvg\"]},{\"@type\":\"WebPage\",\"@id\":\"https:\\\/\\\/candas365.es\\\/noticias\\\/hector-herrera-veo-muy-bien-al-equipo-para-el-derbi\\\/#webpage\",\"url\":\"https:\\\/\\\/candas365.es\\\/noticias\\\/hector-herrera-veo-muy-bien-al-equipo-para-el-derbi\\\/\",\"name\":\"H\\u00e9ctor Herrera: \\u201cVeo muy bien al equipo para el derbi\\u201d | Cand\\u00e1s 365\",\"description\":\"El mexicano destac\\u00f3 el buen nivel de toda la plantilla para explicar el buen momento que atraviesa el Atl\\u00e9tico\",\"inLanguage\":\"es-ES\",\"isPartOf\":{\"@id\":\"https:\\\/\\\/candas365.es\\\/noticias\\\/#website\"},\"breadcrumb\":{\"@id\":\"https:\\\/\\\/candas365.es\\\/noticias\\\/hector-herrera-veo-muy-bien-al-equipo-para-el-derbi\\\/#breadcrumblist\"},\"author\":{\"@id\":\"https:\\\/\\\/candas365.es\\\/noticias\\\/author\\\/admin\\\/#author\"},\"creator\":{\"@id\":\"https:\\\/\\\/candas365.es\\\/noticias\\\/author\\\/admin\\\/#author\"},\"image\":{\"@type\":\"ImageObject\",\"url\":\"https:\\\/\\\/candas365.es\\\/noticias\\\/wp-content\\\/uploads\\\/2018\\\/06\\\/football-1406106_960_720-1.jpg\",\"@id\":\"https:\\\/\\\/candas365.es\\\/noticias\\\/hector-herrera-veo-muy-bien-al-equipo-para-el-derbi\\\/#mainImage\",\"width\":960,\"height\":643},\"primaryImageOfPage\":{\"@id\":\"https:\\\/\\\/candas365.es\\\/noticias\\\/hector-herrera-veo-muy-bien-al-equipo-para-el-derbi\\\/#mainImage\"},\"datePublished\":\"2020-12-12T11:10:25+01:00\",\"dateModified\":\"2020-12-12T11:10:25+01:00\"},{\"@type\":\"WebSite\",\"@id\":\"https:\\\/\\\/candas365.es\\\/noticias\\\/#website\",\"url\":\"https:\\\/\\\/candas365.es\\\/noticias\\\/\",\"name\":\"Cand\\u00e1s 365\",\"alternateName\":\"Cand\\u00e1s 365 Noticias\",\"description\":\"Actualidad desde Carre\\u00f1o para el mundo\",\"inLanguage\":\"es-ES\",\"publisher\":{\"@id\":\"https:\\\/\\\/candas365.es\\\/noticias\\\/#organization\"}}]}\n\t\t<\/script>\n\t\t<!-- All in One SEO Pro -->\r\n\t\t<title>H\u00e9ctor Herrera: \u201cVeo muy bien al equipo para el derbi\u201d | Cand\u00e1s 365<\/title>\n\n","aioseo_head_json":{"title":"H\u00e9ctor Herrera: \u201cVeo muy bien al equipo para el derbi\u201d | Cand\u00e1s 365","description":"El mexicano destac\u00f3 el buen nivel de toda la plantilla para explicar el buen momento que atraviesa el Atl\u00e9tico","canonical_url":"https:\/\/candas365.es\/noticias\/hector-herrera-veo-muy-bien-al-equipo-para-el-derbi\/","robots":"max-image-preview:large","keywords":"deportes,f\u00fatbol,deporte","webmasterTools":{"google-site-verification":"UA-32230408-1","msvalidate.01":"354F3CDFB2DA171B47FBE9ABF1F88D5","miscellaneous":""},"schema":{"@context":"https:\/\/schema.org","@graph":[{"@type":"BreadcrumbList","@id":"https:\/\/candas365.es\/noticias\/hector-herrera-veo-muy-bien-al-equipo-para-el-derbi\/#breadcrumblist","itemListElement":[{"@type":"ListItem","@id":"https:\/\/candas365.es\/noticias#listItem","position":1,"name":"Home","item":"https:\/\/candas365.es\/noticias","nextItem":{"@type":"ListItem","@id":"https:\/\/candas365.es\/noticias\/category\/deporte\/#listItem","name":"Deporte"}},{"@type":"ListItem","@id":"https:\/\/candas365.es\/noticias\/category\/deporte\/#listItem","position":2,"name":"Deporte","item":"https:\/\/candas365.es\/noticias\/category\/deporte\/","nextItem":{"@type":"ListItem","@id":"https:\/\/candas365.es\/noticias\/hector-herrera-veo-muy-bien-al-equipo-para-el-derbi\/#listItem","name":"H\u00e9ctor Herrera: \u201cVeo muy bien al equipo para el derbi\u201d"},"previousItem":{"@type":"ListItem","@id":"https:\/\/candas365.es\/noticias#listItem","name":"Home"}},{"@type":"ListItem","@id":"https:\/\/candas365.es\/noticias\/hector-herrera-veo-muy-bien-al-equipo-para-el-derbi\/#listItem","position":3,"name":"H\u00e9ctor Herrera: \u201cVeo muy bien al equipo para el derbi\u201d","previousItem":{"@type":"ListItem","@id":"https:\/\/candas365.es\/noticias\/category\/deporte\/#listItem","name":"Deporte"}}]},{"@type":"NewsArticle","@id":"https:\/\/candas365.es\/noticias\/hector-herrera-veo-muy-bien-al-equipo-para-el-derbi\/#newsarticle","name":"H\u00e9ctor Herrera: \u201cVeo muy bien al equipo para el derbi\u201d | Cand\u00e1s 365","headline":"H\u00e9ctor Herrera: \u201cVeo muy bien al equipo para el derbi\u201d","author":{"@id":"https:\/\/candas365.es\/noticias\/author\/admin\/#author"},"publisher":{"@id":"https:\/\/candas365.es\/noticias\/#organization"},"image":{"@type":"ImageObject","url":"https:\/\/candas365.es\/noticias\/wp-content\/uploads\/2018\/06\/football-1406106_960_720-1.jpg","width":960,"height":643},"datePublished":"2020-12-12T11:10:25+01:00","dateModified":"2020-12-12T11:10:25+01:00","inLanguage":"es-ES","mainEntityOfPage":{"@id":"https:\/\/candas365.es\/noticias\/hector-herrera-veo-muy-bien-al-equipo-para-el-derbi\/#webpage"},"isPartOf":{"@id":"https:\/\/candas365.es\/noticias\/hector-herrera-veo-muy-bien-al-equipo-para-el-derbi\/#webpage"},"articleSection":"Deporte","dateline":"Publicado el diciembre 12, 2020."},{"@type":"Organization","@id":"https:\/\/candas365.es\/noticias\/#organization","name":"Cand\u00e1s 365","description":"Cand\u00e1s 365 es un diario digital independiente, fundado en 2012, con base en Asturias. Informamos con rigor sobre actualidad, sociedad, cultura y ocio, con una mirada local y global.","url":"https:\/\/candas365.es\/noticias\/","email":"info@candas365.es","telephone":"+34652131393","foundingDate":"2012-06-10","logo":{"@type":"ImageObject","url":"https:\/\/candas365.es\/noticias\/wp-content\/uploads\/2024\/09\/Candas-365-Redes.jpg","@id":"https:\/\/candas365.es\/noticias\/hector-herrera-veo-muy-bien-al-equipo-para-el-derbi\/#organizationLogo","width":1152,"height":864,"caption":"Cand\u00e1s 365 Redes"},"image":{"@id":"https:\/\/candas365.es\/noticias\/hector-herrera-veo-muy-bien-al-equipo-para-el-derbi\/#organizationLogo"},"sameAs":["https:\/\/www.facebook.com\/Nachofdezber","https:\/\/x.com\/NabercoDigital","https:\/\/www.instagram.com\/nachofdezber\/","https:\/\/www.youtube.com\/channel\/UCZP-2wLEB9Rv6erhFmqVnvg"],"address":{"@id":"https:\/\/candas365.es\/noticias\/#postaladdress","@type":"PostalAddress","streetAddress":"san antonio 4, san antonio 4","postalCode":"33430","addressLocality":"Cand\u00e1s","addressRegion":"Asturias","addressCountry":"ES"}},{"@type":"Person","@id":"https:\/\/candas365.es\/noticias\/author\/admin\/#author","url":"https:\/\/candas365.es\/noticias\/author\/admin\/","name":"Cand\u00e1s 365","image":{"@type":"ImageObject","@id":"https:\/\/candas365.es\/noticias\/hector-herrera-veo-muy-bien-al-equipo-para-el-derbi\/#authorImage","url":"https:\/\/secure.gravatar.com\/avatar\/496a8e03d0c493ede1718b7934145dbdf8d89be1036b0eec9544e1094c9de390?s=96&d=mm&r=g","width":96,"height":96,"caption":"Cand\u00e1s 365"},"sameAs":["https:\/\/www.facebook.com\/carrenoactualidad","https:\/\/twitter.com\/nbasturias","https:\/\/www.instagram.com\/nachofdezber\/","https:\/\/www.youtube.com\/channel\/UCZP-2wLEB9Rv6erhFmqVnvg"]},{"@type":"WebPage","@id":"https:\/\/candas365.es\/noticias\/hector-herrera-veo-muy-bien-al-equipo-para-el-derbi\/#webpage","url":"https:\/\/candas365.es\/noticias\/hector-herrera-veo-muy-bien-al-equipo-para-el-derbi\/","name":"H\u00e9ctor Herrera: \u201cVeo muy bien al equipo para el derbi\u201d | Cand\u00e1s 365","description":"El mexicano destac\u00f3 el buen nivel de toda la plantilla para explicar el buen momento que atraviesa el Atl\u00e9tico","inLanguage":"es-ES","isPartOf":{"@id":"https:\/\/candas365.es\/noticias\/#website"},"breadcrumb":{"@id":"https:\/\/candas365.es\/noticias\/hector-herrera-veo-muy-bien-al-equipo-para-el-derbi\/#breadcrumblist"},"author":{"@id":"https:\/\/candas365.es\/noticias\/author\/admin\/#author"},"creator":{"@id":"https:\/\/candas365.es\/noticias\/author\/admin\/#author"},"image":{"@type":"ImageObject","url":"https:\/\/candas365.es\/noticias\/wp-content\/uploads\/2018\/06\/football-1406106_960_720-1.jpg","@id":"https:\/\/candas365.es\/noticias\/hector-herrera-veo-muy-bien-al-equipo-para-el-derbi\/#mainImage","width":960,"height":643},"primaryImageOfPage":{"@id":"https:\/\/candas365.es\/noticias\/hector-herrera-veo-muy-bien-al-equipo-para-el-derbi\/#mainImage"},"datePublished":"2020-12-12T11:10:25+01:00","dateModified":"2020-12-12T11:10:25+01:00"},{"@type":"WebSite","@id":"https:\/\/candas365.es\/noticias\/#website","url":"https:\/\/candas365.es\/noticias\/","name":"Cand\u00e1s 365","alternateName":"Cand\u00e1s 365 Noticias","description":"Actualidad desde Carre\u00f1o para el mundo","inLanguage":"es-ES","publisher":{"@id":"https:\/\/candas365.es\/noticias\/#organization"}}]},"og:locale":"es_ES","og:site_name":"Cand\u00e1s 365","og:type":"article","og:title":"H\u00e9ctor Herrera: \u201cVeo muy bien al equipo para el derbi\u201d | Cand\u00e1s 365","og:description":"El mexicano destac\u00f3 el buen nivel de toda la plantilla para explicar el buen momento que atraviesa el Atl\u00e9tico","og:url":"https:\/\/candas365.es\/noticias\/hector-herrera-veo-muy-bien-al-equipo-para-el-derbi\/","og:image":"https:\/\/candas365.es\/noticias\/wp-content\/uploads\/2018\/06\/football-1406106_960_720-1.jpg","og:image:secure_url":"https:\/\/candas365.es\/noticias\/wp-content\/uploads\/2018\/06\/football-1406106_960_720-1.jpg","og:image:width":960,"og:image:height":643,"article:published_time":"2020-12-12T11:10:25+00:00","article:modified_time":"2020-12-12T11:10:25+00:00","article:publisher":"https:\/\/www.facebook.com\/Nachofdezber","article:author":"https:\/\/www.facebook.com\/carrenoactualidad","twitter:card":"summary_large_image","twitter:site":"@NabercoDigital","twitter:title":"H\u00e9ctor Herrera: \u201cVeo muy bien al equipo para el derbi\u201d | Cand\u00e1s 365","twitter:description":"El mexicano destac\u00f3 el buen nivel de toda la plantilla para explicar el buen momento que atraviesa el Atl\u00e9tico","twitter:creator":"@nbasturias","twitter:image":"https:\/\/candas365.es\/noticias\/wp-content\/uploads\/2018\/06\/football-1406106_960_720-1.jpg","twitter:label1":"Escrito por","twitter:data1":"Cand\u00e1s 365","twitter:label2":"Tiempo de lectura estimado","twitter:data2":"1 minuto"},"aioseo_meta_data":{"post_id":"149871","title":"H\u00e9ctor Herrera: \u201cVeo muy bien al equipo para el derbi\u201d | #site_title","description":"El mexicano destac\u00f3 el buen nivel de toda la plantilla para explicar el buen momento que atraviesa el Atl\u00e9tico","keywords":[{"label":"Deportes","value":"Deportes"},{"label":"F\u00fatbol","value":"F\u00fatbol"}],"keyphrases":null,"primary_term":null,"canonical_url":"","og_title":null,"og_description":null,"og_object_type":"default","og_image_type":"default","og_image_url":null,"og_image_width":null,"og_image_height":null,"og_image_custom_url":null,"og_image_custom_fields":null,"og_video":null,"og_custom_url":null,"og_article_section":null,"og_article_tags":null,"twitter_use_og":false,"twitter_card":"default","twitter_image_type":"default","twitter_image_url":null,"twitter_image_custom_url":null,"twitter_image_custom_fields":null,"twitter_title":null,"twitter_description":null,"schema":{"blockGraphs":[],"customGraphs":[],"default":{"data":{"Article":[],"Course":[],"Dataset":[],"FAQPage":[],"Movie":[],"Person":[],"Product":[],"ProductReview":[],"Car":[],"Recipe":[],"Service":[],"SoftwareApplication":[],"WebPage":[]},"graphName":"","isEnabled":true},"graphs":[],"defaultGraph":"","defaultPostTypeGraph":""},"schema_type":null,"schema_type_options":null,"pillar_content":false,"robots_default":true,"robots_noindex":false,"robots_noarchive":false,"robots_nosnippet":false,"robots_nofollow":false,"robots_noimageindex":false,"robots_noodp":false,"robots_notranslate":false,"robots_max_snippet":null,"robots_max_videopreview":null,"robots_max_imagepreview":"large","priority":null,"frequency":null,"location":null,"local_seo":null,"seo_analyzer_scan_date":"2025-08-31 15:19:23","breadcrumb_settings":null,"limit_modified_date":false,"reviewed_by":null,"open_ai":null,"ai":null,"created":"2020-12-21 10:37:20","updated":"2025-08-31 15:19:23"},"aioseo_breadcrumb":"<div class=\"aioseo-breadcrumbs\"><span class=\"aioseo-breadcrumb\">\n\t<a href=\"https:\/\/candas365.es\/noticias\" title=\"Home\">Home<\/a>\n<\/span><span class=\"aioseo-breadcrumb-separator\">&ndash;<\/span><span class=\"aioseo-breadcrumb\">\n\t<a href=\"https:\/\/candas365.es\/noticias\/category\/deporte\/\" title=\"Deporte\">Deporte<\/a>\n<\/span><span class=\"aioseo-breadcrumb-separator\">&ndash;<\/span><span class=\"aioseo-breadcrumb\">\n\tH\u00e9ctor Herrera: \u201cVeo muy bien al equipo para el derbi\u201d\n<\/span><\/div>","aioseo_breadcrumb_json":[{"label":"Home","link":"https:\/\/candas365.es\/noticias"},{"label":"Deporte","link":"https:\/\/candas365.es\/noticias\/category\/deporte\/"},{"label":"H\u00e9ctor Herrera: \u201cVeo muy bien al equipo para el derbi\u201d","link":"https:\/\/candas365.es\/noticias\/hector-herrera-veo-muy-bien-al-equipo-para-el-derbi\/"}],"_links":{"self":[{"href":"https:\/\/candas365.es\/noticias\/wp-json\/wp\/v2\/posts\/149871","targetHints":{"allow":["GET"]}}],"collection":[{"href":"https:\/\/candas365.es\/noticias\/wp-json\/wp\/v2\/posts"}],"about":[{"href":"https:\/\/candas365.es\/noticias\/wp-json\/wp\/v2\/types\/post"}],"author":[{"embeddable":true,"href":"https:\/\/candas365.es\/noticias\/wp-json\/wp\/v2\/users\/1"}],"replies":[{"embeddable":true,"href":"https:\/\/candas365.es\/noticias\/wp-json\/wp\/v2\/comments?post=149871"}],"version-history":[{"count":0,"href":"https:\/\/candas365.es\/noticias\/wp-json\/wp\/v2\/posts\/149871\/revisions"}],"wp:featuredmedia":[{"embeddable":true,"href":"https:\/\/candas365.es\/noticias\/wp-json\/wp\/v2\/media\/98026"}],"wp:attachment":[{"href":"https:\/\/candas365.es\/noticias\/wp-json\/wp\/v2\/media?parent=149871"}],"wp:term":[{"taxonomy":"category","embeddable":true,"href":"https:\/\/candas365.es\/noticias\/wp-json\/wp\/v2\/categories?post=149871"},{"taxonomy":"post_tag","embeddable":true,"href":"https:\/\/candas365.es\/noticias\/wp-json\/wp\/v2\/tags?post=149871"}],"curies":[{"name":"wp","href":"https:\/\/api.w.org\/{rel}","templated":true}]}}