{"id":149816,"date":"2020-12-11T14:36:35","date_gmt":"2020-12-11T14:36:35","guid":{"rendered":"http:\/\/candas365.es\/noticias\/?p=149816"},"modified":"2020-12-11T14:36:35","modified_gmt":"2020-12-11T14:36:35","slug":"tuto-sanudo-leyenda-del-racing-se-jubila","status":"publish","type":"post","link":"https:\/\/candas365.es\/noticias\/tuto-sanudo-leyenda-del-racing-se-jubila\/","title":{"rendered":"&#8216;Tuto&#8217; Sa\u00f1udo: Leyenda del Racing, se jubila"},"content":{"rendered":"<figure id=\"attachment_149817\" aria-describedby=\"caption-attachment-149817\" style=\"width: 360px\" class=\"wp-caption alignleft\"><img fetchpriority=\"high\" decoding=\"async\" class=\"size-medium wp-image-149817\" src=\"https:\/\/candas365.es\/noticias\/wp-content\/uploads\/2020\/12\/Sanudo-360x226.jpg\" alt=\"Tuto Sa\u00f1udo\" width=\"360\" height=\"226\" srcset=\"https:\/\/candas365.es\/noticias\/wp-content\/uploads\/2020\/12\/Sanudo-360x226.jpg 360w, https:\/\/candas365.es\/noticias\/wp-content\/uploads\/2020\/12\/Sanudo-650x408.jpg 650w, https:\/\/candas365.es\/noticias\/wp-content\/uploads\/2020\/12\/Sanudo-768x482.jpg 768w, https:\/\/candas365.es\/noticias\/wp-content\/uploads\/2020\/12\/Sanudo.jpg 1028w\" sizes=\"(max-width: 360px) 100vw, 360px\" \/><figcaption id=\"caption-attachment-149817\" class=\"wp-caption-text\">FOTO: RACING DE SANTANDER \/ Europa Press<\/figcaption><\/figure>\n<p>(Europa Press) &#8211;\u00a0El presidente de honor del Real Racing Club de Santander, Juan Antonio &#8216;Tuto&#8217; Sa\u00f1udo, ha puesto fin a su etapa en la entidad verdiblanca tras expresar su deseo de concluir su vida laboral puesto que pr\u00f3ximamente cumplir\u00e1 65 a\u00f1os.<\/p>\n<p>Carism\u00e1tico exfutbolista &#8211;atesora m\u00e1s de 340 partidos con la camiseta del equipo c\u00e1ntabro&#8211;, fue el m\u00e1ximo responsable del club desde el 31 de enero de 2014 hasta el 14 de junio de 2015 y durante los \u00faltimos cinco a\u00f1os ocup\u00f3 el m\u00e1ximo cargo representativo como presidente de honor de la entidad.<\/p>\n<p>En la d\u00e9cada de los 90 tambi\u00e9n fue delegado del primer equipo despu\u00e9s de colgar las botas tras haber conseguido ascender a Primera Divisi\u00f3n en la promoci\u00f3n ante el Real Club Deportivo Espanyol.<\/p>\n<p>El Racing ha agradecido \u00abla pasi\u00f3n, dedicaci\u00f3n y profesionalidad\u00bb mostrada por Sa\u00f1udo en todas las labores que ha desempe\u00f1ado y ha anunciado su \u00abfirme prop\u00f3sito\u00bb de organizar un acto p\u00fablico de despedida, \u00aba la altura de uno de los mayores iconos del club de las \u00faltimas d\u00e9cadas\u00bb, cuando las condiciones sanitarias a causa de la COVID-19 lo permitan.<\/p>\n<p>Y es que, seg\u00fan el club, &#8216;Tuto&#8217; Sa\u00f1udo \u00abencarna a la perfecci\u00f3n los valores verdiblancos de competitividad, esfuerzo y superaci\u00f3n diaria que le han propiciado ganarse no s\u00f3lo el cari\u00f1o y respeto de la afici\u00f3n c\u00e1ntabra, sino de todos los amantes al balompi\u00e9 de Espa\u00f1a\u00bb.<\/p>\n<p>\u00abSu nombre, por m\u00e9ritos propios, est\u00e1 escrito con letras de oro de la centenaria historia del Real Racing Club\u00bb, ha concluido la entidad santanderina.<\/p>\n","protected":false},"excerpt":{"rendered":"<p>(Europa Press) &#8211;\u00a0El presidente de honor del Real Racing Club de Santander, Juan Antonio &#8216;Tuto&#8217; Sa\u00f1udo, ha puesto fin a su etapa en la entidad verdiblanca tras expresar su deseo de concluir su vida laboral puesto que pr\u00f3ximamente cumplir\u00e1 65 a\u00f1os. Carism\u00e1tico exfutbolista &#8211;atesora m\u00e1s de 340 partidos con la camiseta del equipo c\u00e1ntabro&#8211;, fue<\/p>\n","protected":false},"author":1,"featured_media":149817,"comment_status":"closed","ping_status":"closed","sticky":false,"template":"","format":"standard","meta":{"footnotes":""},"categories":[319],"tags":[],"class_list":{"0":"post-149816","1":"post","2":"type-post","3":"status-publish","4":"format-standard","5":"has-post-thumbnail","7":"category-deporte"},"aioseo_notices":[],"aioseo_head":"\n\t\t<!-- All in One SEO Pro 4.9.6.2 - aioseo.com -->\n\t<meta name=\"description\" content=\"Juan Antonio &#039;Tuto&#039; Sa\u00f1udo, ha puesto fin a su etapa en la entidad verdiblanca tras expresar su deseo de concluir su vida laboral\" \/>\n\t<meta name=\"robots\" content=\"max-image-preview:large\" \/>\n\t<meta name=\"author\" content=\"Cand\u00e1s 365\"\/>\n\t<meta name=\"google-site-verification\" content=\"UA-32230408-1\" \/>\n\t<meta name=\"msvalidate.01\" content=\"354F3CDFB2DA171B47FBE9ABF1F88D5\" \/>\n\t<meta name=\"keywords\" content=\"deportes,f\u00fatbol,deporte\" \/>\n\t<link rel=\"canonical\" href=\"https:\/\/candas365.es\/noticias\/tuto-sanudo-leyenda-del-racing-se-jubila\/\" \/>\n\t<meta name=\"generator\" content=\"All in One SEO Pro (AIOSEO) 4.9.6.2\" \/>\n\t\t<meta property=\"og:locale\" content=\"es_ES\" \/>\n\t\t<meta property=\"og:site_name\" content=\"Cand\u00e1s 365\" \/>\n\t\t<meta property=\"og:type\" content=\"article\" \/>\n\t\t<meta property=\"og:title\" content=\"&#039;Tuto&#039; Sa\u00f1udo: Leyenda del Racing, se jubila | Cand\u00e1s 365\" \/>\n\t\t<meta property=\"og:description\" content=\"Juan Antonio &#039;Tuto&#039; Sa\u00f1udo, ha puesto fin a su etapa en la entidad verdiblanca tras expresar su deseo de concluir su vida laboral\" \/>\n\t\t<meta property=\"og:url\" content=\"https:\/\/candas365.es\/noticias\/tuto-sanudo-leyenda-del-racing-se-jubila\/\" \/>\n\t\t<meta property=\"og:image\" content=\"https:\/\/candas365.es\/noticias\/wp-content\/uploads\/2020\/12\/Sanudo.jpg\" \/>\n\t\t<meta property=\"og:image:secure_url\" content=\"https:\/\/candas365.es\/noticias\/wp-content\/uploads\/2020\/12\/Sanudo.jpg\" \/>\n\t\t<meta property=\"og:image:width\" content=\"1028\" \/>\n\t\t<meta property=\"og:image:height\" content=\"645\" \/>\n\t\t<meta property=\"article:published_time\" content=\"2020-12-11T14:36:35+00:00\" \/>\n\t\t<meta property=\"article:modified_time\" content=\"2020-12-11T14:36:35+00:00\" \/>\n\t\t<meta property=\"article:publisher\" content=\"https:\/\/www.facebook.com\/Nachofdezber\" \/>\n\t\t<meta property=\"article:author\" content=\"https:\/\/www.facebook.com\/carrenoactualidad\" \/>\n\t\t<meta name=\"twitter:card\" content=\"summary_large_image\" \/>\n\t\t<meta name=\"twitter:site\" content=\"@NabercoDigital\" \/>\n\t\t<meta name=\"twitter:title\" content=\"&#039;Tuto&#039; Sa\u00f1udo: Leyenda del Racing, se jubila | Cand\u00e1s 365\" \/>\n\t\t<meta name=\"twitter:description\" content=\"Juan Antonio &#039;Tuto&#039; Sa\u00f1udo, ha puesto fin a su etapa en la entidad verdiblanca tras expresar su deseo de concluir su vida laboral\" \/>\n\t\t<meta name=\"twitter:creator\" content=\"@nbasturias\" \/>\n\t\t<meta name=\"twitter:image\" content=\"https:\/\/candas365.es\/noticias\/wp-content\/uploads\/2020\/12\/Sanudo.jpg\" \/>\n\t\t<meta name=\"twitter:label1\" content=\"Escrito por\" \/>\n\t\t<meta name=\"twitter:data1\" content=\"Cand\u00e1s 365\" \/>\n\t\t<meta name=\"twitter:label2\" content=\"Tiempo de lectura estimado\" \/>\n\t\t<meta name=\"twitter:data2\" content=\"1 minuto\" \/>\n\t\t<script type=\"application\/ld+json\" class=\"aioseo-schema\">\n\t\t\t{\"@context\":\"https:\\\/\\\/schema.org\",\"@graph\":[{\"@type\":\"BreadcrumbList\",\"@id\":\"https:\\\/\\\/candas365.es\\\/noticias\\\/tuto-sanudo-leyenda-del-racing-se-jubila\\\/#breadcrumblist\",\"itemListElement\":[{\"@type\":\"ListItem\",\"@id\":\"https:\\\/\\\/candas365.es\\\/noticias#listItem\",\"position\":1,\"name\":\"Home\",\"item\":\"https:\\\/\\\/candas365.es\\\/noticias\",\"nextItem\":{\"@type\":\"ListItem\",\"@id\":\"https:\\\/\\\/candas365.es\\\/noticias\\\/category\\\/deporte\\\/#listItem\",\"name\":\"Deporte\"}},{\"@type\":\"ListItem\",\"@id\":\"https:\\\/\\\/candas365.es\\\/noticias\\\/category\\\/deporte\\\/#listItem\",\"position\":2,\"name\":\"Deporte\",\"item\":\"https:\\\/\\\/candas365.es\\\/noticias\\\/category\\\/deporte\\\/\",\"nextItem\":{\"@type\":\"ListItem\",\"@id\":\"https:\\\/\\\/candas365.es\\\/noticias\\\/tuto-sanudo-leyenda-del-racing-se-jubila\\\/#listItem\",\"name\":\"&#8216;Tuto&#8217; Sa\\u00f1udo: Leyenda del Racing, se jubila\"},\"previousItem\":{\"@type\":\"ListItem\",\"@id\":\"https:\\\/\\\/candas365.es\\\/noticias#listItem\",\"name\":\"Home\"}},{\"@type\":\"ListItem\",\"@id\":\"https:\\\/\\\/candas365.es\\\/noticias\\\/tuto-sanudo-leyenda-del-racing-se-jubila\\\/#listItem\",\"position\":3,\"name\":\"&#8216;Tuto&#8217; Sa\\u00f1udo: Leyenda del Racing, se jubila\",\"previousItem\":{\"@type\":\"ListItem\",\"@id\":\"https:\\\/\\\/candas365.es\\\/noticias\\\/category\\\/deporte\\\/#listItem\",\"name\":\"Deporte\"}}]},{\"@type\":\"NewsArticle\",\"@id\":\"https:\\\/\\\/candas365.es\\\/noticias\\\/tuto-sanudo-leyenda-del-racing-se-jubila\\\/#newsarticle\",\"name\":\"'Tuto' Sa\\u00f1udo: Leyenda del Racing, se jubila | Cand\\u00e1s 365\",\"headline\":\"&#8216;Tuto&#8217; Sa\\u00f1udo: Leyenda del Racing, se jubila\",\"author\":{\"@id\":\"https:\\\/\\\/candas365.es\\\/noticias\\\/author\\\/admin\\\/#author\"},\"publisher\":{\"@id\":\"https:\\\/\\\/candas365.es\\\/noticias\\\/#organization\"},\"image\":{\"@type\":\"ImageObject\",\"url\":\"https:\\\/\\\/candas365.es\\\/noticias\\\/wp-content\\\/uploads\\\/2020\\\/12\\\/Sanudo.jpg\",\"width\":1028,\"height\":645,\"caption\":\"FOTO: RACING DE SANTANDER \\\/ Europa Press\"},\"datePublished\":\"2020-12-11T14:36:35+01:00\",\"dateModified\":\"2020-12-11T14:36:35+01:00\",\"inLanguage\":\"es-ES\",\"mainEntityOfPage\":{\"@id\":\"https:\\\/\\\/candas365.es\\\/noticias\\\/tuto-sanudo-leyenda-del-racing-se-jubila\\\/#webpage\"},\"isPartOf\":{\"@id\":\"https:\\\/\\\/candas365.es\\\/noticias\\\/tuto-sanudo-leyenda-del-racing-se-jubila\\\/#webpage\"},\"articleSection\":\"Deporte\",\"dateline\":\"Publicado el diciembre 11, 2020.\"},{\"@type\":\"Organization\",\"@id\":\"https:\\\/\\\/candas365.es\\\/noticias\\\/#organization\",\"name\":\"Cand\\u00e1s 365\",\"description\":\"Cand\\u00e1s 365 es un diario digital independiente, fundado en 2012, con base en Asturias. Informamos con rigor sobre actualidad, sociedad, cultura y ocio, con una mirada local y global.\",\"url\":\"https:\\\/\\\/candas365.es\\\/noticias\\\/\",\"email\":\"info@candas365.es\",\"telephone\":\"+34652131393\",\"foundingDate\":\"2012-06-10\",\"logo\":{\"@type\":\"ImageObject\",\"url\":\"https:\\\/\\\/candas365.es\\\/noticias\\\/wp-content\\\/uploads\\\/2024\\\/09\\\/Candas-365-Redes.jpg\",\"@id\":\"https:\\\/\\\/candas365.es\\\/noticias\\\/tuto-sanudo-leyenda-del-racing-se-jubila\\\/#organizationLogo\",\"width\":1152,\"height\":864,\"caption\":\"Cand\\u00e1s 365 Redes\"},\"image\":{\"@id\":\"https:\\\/\\\/candas365.es\\\/noticias\\\/tuto-sanudo-leyenda-del-racing-se-jubila\\\/#organizationLogo\"},\"sameAs\":[\"https:\\\/\\\/www.facebook.com\\\/Nachofdezber\",\"https:\\\/\\\/x.com\\\/NabercoDigital\",\"https:\\\/\\\/www.instagram.com\\\/nachofdezber\\\/\",\"https:\\\/\\\/www.youtube.com\\\/channel\\\/UCZP-2wLEB9Rv6erhFmqVnvg\"],\"address\":{\"@id\":\"https:\\\/\\\/candas365.es\\\/noticias\\\/#postaladdress\",\"@type\":\"PostalAddress\",\"streetAddress\":\"san antonio 4, san antonio 4\",\"postalCode\":\"33430\",\"addressLocality\":\"Cand\\u00e1s\",\"addressRegion\":\"Asturias\",\"addressCountry\":\"ES\"}},{\"@type\":\"Person\",\"@id\":\"https:\\\/\\\/candas365.es\\\/noticias\\\/author\\\/admin\\\/#author\",\"url\":\"https:\\\/\\\/candas365.es\\\/noticias\\\/author\\\/admin\\\/\",\"name\":\"Cand\\u00e1s 365\",\"image\":{\"@type\":\"ImageObject\",\"@id\":\"https:\\\/\\\/candas365.es\\\/noticias\\\/tuto-sanudo-leyenda-del-racing-se-jubila\\\/#authorImage\",\"url\":\"https:\\\/\\\/secure.gravatar.com\\\/avatar\\\/496a8e03d0c493ede1718b7934145dbdf8d89be1036b0eec9544e1094c9de390?s=96&d=mm&r=g\",\"width\":96,\"height\":96,\"caption\":\"Cand\\u00e1s 365\"},\"sameAs\":[\"https:\\\/\\\/www.facebook.com\\\/carrenoactualidad\",\"https:\\\/\\\/twitter.com\\\/nbasturias\",\"https:\\\/\\\/www.instagram.com\\\/nachofdezber\\\/\",\"https:\\\/\\\/www.youtube.com\\\/channel\\\/UCZP-2wLEB9Rv6erhFmqVnvg\"]},{\"@type\":\"WebPage\",\"@id\":\"https:\\\/\\\/candas365.es\\\/noticias\\\/tuto-sanudo-leyenda-del-racing-se-jubila\\\/#webpage\",\"url\":\"https:\\\/\\\/candas365.es\\\/noticias\\\/tuto-sanudo-leyenda-del-racing-se-jubila\\\/\",\"name\":\"'Tuto' Sa\\u00f1udo: Leyenda del Racing, se jubila | Cand\\u00e1s 365\",\"description\":\"Juan Antonio 'Tuto' Sa\\u00f1udo, ha puesto fin a su etapa en la entidad verdiblanca tras expresar su deseo de concluir su vida laboral\",\"inLanguage\":\"es-ES\",\"isPartOf\":{\"@id\":\"https:\\\/\\\/candas365.es\\\/noticias\\\/#website\"},\"breadcrumb\":{\"@id\":\"https:\\\/\\\/candas365.es\\\/noticias\\\/tuto-sanudo-leyenda-del-racing-se-jubila\\\/#breadcrumblist\"},\"author\":{\"@id\":\"https:\\\/\\\/candas365.es\\\/noticias\\\/author\\\/admin\\\/#author\"},\"creator\":{\"@id\":\"https:\\\/\\\/candas365.es\\\/noticias\\\/author\\\/admin\\\/#author\"},\"image\":{\"@type\":\"ImageObject\",\"url\":\"https:\\\/\\\/candas365.es\\\/noticias\\\/wp-content\\\/uploads\\\/2020\\\/12\\\/Sanudo.jpg\",\"@id\":\"https:\\\/\\\/candas365.es\\\/noticias\\\/tuto-sanudo-leyenda-del-racing-se-jubila\\\/#mainImage\",\"width\":1028,\"height\":645,\"caption\":\"FOTO: RACING DE SANTANDER \\\/ Europa Press\"},\"primaryImageOfPage\":{\"@id\":\"https:\\\/\\\/candas365.es\\\/noticias\\\/tuto-sanudo-leyenda-del-racing-se-jubila\\\/#mainImage\"},\"datePublished\":\"2020-12-11T14:36:35+01:00\",\"dateModified\":\"2020-12-11T14:36:35+01:00\"},{\"@type\":\"WebSite\",\"@id\":\"https:\\\/\\\/candas365.es\\\/noticias\\\/#website\",\"url\":\"https:\\\/\\\/candas365.es\\\/noticias\\\/\",\"name\":\"Cand\\u00e1s 365\",\"alternateName\":\"Cand\\u00e1s 365 Noticias\",\"description\":\"Actualidad desde Carre\\u00f1o para el mundo\",\"inLanguage\":\"es-ES\",\"publisher\":{\"@id\":\"https:\\\/\\\/candas365.es\\\/noticias\\\/#organization\"}}]}\n\t\t<\/script>\n\t\t<!-- All in One SEO Pro -->\r\n\t\t<title>'Tuto' Sa\u00f1udo: Leyenda del Racing, se jubila | Cand\u00e1s 365<\/title>\n\n","aioseo_head_json":{"title":"'Tuto' Sa\u00f1udo: Leyenda del Racing, se jubila | Cand\u00e1s 365","description":"Juan Antonio 'Tuto' Sa\u00f1udo, ha puesto fin a su etapa en la entidad verdiblanca tras expresar su deseo de concluir su vida laboral","canonical_url":"https:\/\/candas365.es\/noticias\/tuto-sanudo-leyenda-del-racing-se-jubila\/","robots":"max-image-preview:large","keywords":"deportes,f\u00fatbol,deporte","webmasterTools":{"google-site-verification":"UA-32230408-1","msvalidate.01":"354F3CDFB2DA171B47FBE9ABF1F88D5","miscellaneous":""},"schema":{"@context":"https:\/\/schema.org","@graph":[{"@type":"BreadcrumbList","@id":"https:\/\/candas365.es\/noticias\/tuto-sanudo-leyenda-del-racing-se-jubila\/#breadcrumblist","itemListElement":[{"@type":"ListItem","@id":"https:\/\/candas365.es\/noticias#listItem","position":1,"name":"Home","item":"https:\/\/candas365.es\/noticias","nextItem":{"@type":"ListItem","@id":"https:\/\/candas365.es\/noticias\/category\/deporte\/#listItem","name":"Deporte"}},{"@type":"ListItem","@id":"https:\/\/candas365.es\/noticias\/category\/deporte\/#listItem","position":2,"name":"Deporte","item":"https:\/\/candas365.es\/noticias\/category\/deporte\/","nextItem":{"@type":"ListItem","@id":"https:\/\/candas365.es\/noticias\/tuto-sanudo-leyenda-del-racing-se-jubila\/#listItem","name":"&#8216;Tuto&#8217; Sa\u00f1udo: Leyenda del Racing, se jubila"},"previousItem":{"@type":"ListItem","@id":"https:\/\/candas365.es\/noticias#listItem","name":"Home"}},{"@type":"ListItem","@id":"https:\/\/candas365.es\/noticias\/tuto-sanudo-leyenda-del-racing-se-jubila\/#listItem","position":3,"name":"&#8216;Tuto&#8217; Sa\u00f1udo: Leyenda del Racing, se jubila","previousItem":{"@type":"ListItem","@id":"https:\/\/candas365.es\/noticias\/category\/deporte\/#listItem","name":"Deporte"}}]},{"@type":"NewsArticle","@id":"https:\/\/candas365.es\/noticias\/tuto-sanudo-leyenda-del-racing-se-jubila\/#newsarticle","name":"'Tuto' Sa\u00f1udo: Leyenda del Racing, se jubila | Cand\u00e1s 365","headline":"&#8216;Tuto&#8217; Sa\u00f1udo: Leyenda del Racing, se jubila","author":{"@id":"https:\/\/candas365.es\/noticias\/author\/admin\/#author"},"publisher":{"@id":"https:\/\/candas365.es\/noticias\/#organization"},"image":{"@type":"ImageObject","url":"https:\/\/candas365.es\/noticias\/wp-content\/uploads\/2020\/12\/Sanudo.jpg","width":1028,"height":645,"caption":"FOTO: RACING DE SANTANDER \/ Europa Press"},"datePublished":"2020-12-11T14:36:35+01:00","dateModified":"2020-12-11T14:36:35+01:00","inLanguage":"es-ES","mainEntityOfPage":{"@id":"https:\/\/candas365.es\/noticias\/tuto-sanudo-leyenda-del-racing-se-jubila\/#webpage"},"isPartOf":{"@id":"https:\/\/candas365.es\/noticias\/tuto-sanudo-leyenda-del-racing-se-jubila\/#webpage"},"articleSection":"Deporte","dateline":"Publicado el diciembre 11, 2020."},{"@type":"Organization","@id":"https:\/\/candas365.es\/noticias\/#organization","name":"Cand\u00e1s 365","description":"Cand\u00e1s 365 es un diario digital independiente, fundado en 2012, con base en Asturias. Informamos con rigor sobre actualidad, sociedad, cultura y ocio, con una mirada local y global.","url":"https:\/\/candas365.es\/noticias\/","email":"info@candas365.es","telephone":"+34652131393","foundingDate":"2012-06-10","logo":{"@type":"ImageObject","url":"https:\/\/candas365.es\/noticias\/wp-content\/uploads\/2024\/09\/Candas-365-Redes.jpg","@id":"https:\/\/candas365.es\/noticias\/tuto-sanudo-leyenda-del-racing-se-jubila\/#organizationLogo","width":1152,"height":864,"caption":"Cand\u00e1s 365 Redes"},"image":{"@id":"https:\/\/candas365.es\/noticias\/tuto-sanudo-leyenda-del-racing-se-jubila\/#organizationLogo"},"sameAs":["https:\/\/www.facebook.com\/Nachofdezber","https:\/\/x.com\/NabercoDigital","https:\/\/www.instagram.com\/nachofdezber\/","https:\/\/www.youtube.com\/channel\/UCZP-2wLEB9Rv6erhFmqVnvg"],"address":{"@id":"https:\/\/candas365.es\/noticias\/#postaladdress","@type":"PostalAddress","streetAddress":"san antonio 4, san antonio 4","postalCode":"33430","addressLocality":"Cand\u00e1s","addressRegion":"Asturias","addressCountry":"ES"}},{"@type":"Person","@id":"https:\/\/candas365.es\/noticias\/author\/admin\/#author","url":"https:\/\/candas365.es\/noticias\/author\/admin\/","name":"Cand\u00e1s 365","image":{"@type":"ImageObject","@id":"https:\/\/candas365.es\/noticias\/tuto-sanudo-leyenda-del-racing-se-jubila\/#authorImage","url":"https:\/\/secure.gravatar.com\/avatar\/496a8e03d0c493ede1718b7934145dbdf8d89be1036b0eec9544e1094c9de390?s=96&d=mm&r=g","width":96,"height":96,"caption":"Cand\u00e1s 365"},"sameAs":["https:\/\/www.facebook.com\/carrenoactualidad","https:\/\/twitter.com\/nbasturias","https:\/\/www.instagram.com\/nachofdezber\/","https:\/\/www.youtube.com\/channel\/UCZP-2wLEB9Rv6erhFmqVnvg"]},{"@type":"WebPage","@id":"https:\/\/candas365.es\/noticias\/tuto-sanudo-leyenda-del-racing-se-jubila\/#webpage","url":"https:\/\/candas365.es\/noticias\/tuto-sanudo-leyenda-del-racing-se-jubila\/","name":"'Tuto' Sa\u00f1udo: Leyenda del Racing, se jubila | Cand\u00e1s 365","description":"Juan Antonio 'Tuto' Sa\u00f1udo, ha puesto fin a su etapa en la entidad verdiblanca tras expresar su deseo de concluir su vida laboral","inLanguage":"es-ES","isPartOf":{"@id":"https:\/\/candas365.es\/noticias\/#website"},"breadcrumb":{"@id":"https:\/\/candas365.es\/noticias\/tuto-sanudo-leyenda-del-racing-se-jubila\/#breadcrumblist"},"author":{"@id":"https:\/\/candas365.es\/noticias\/author\/admin\/#author"},"creator":{"@id":"https:\/\/candas365.es\/noticias\/author\/admin\/#author"},"image":{"@type":"ImageObject","url":"https:\/\/candas365.es\/noticias\/wp-content\/uploads\/2020\/12\/Sanudo.jpg","@id":"https:\/\/candas365.es\/noticias\/tuto-sanudo-leyenda-del-racing-se-jubila\/#mainImage","width":1028,"height":645,"caption":"FOTO: RACING DE SANTANDER \/ Europa Press"},"primaryImageOfPage":{"@id":"https:\/\/candas365.es\/noticias\/tuto-sanudo-leyenda-del-racing-se-jubila\/#mainImage"},"datePublished":"2020-12-11T14:36:35+01:00","dateModified":"2020-12-11T14:36:35+01:00"},{"@type":"WebSite","@id":"https:\/\/candas365.es\/noticias\/#website","url":"https:\/\/candas365.es\/noticias\/","name":"Cand\u00e1s 365","alternateName":"Cand\u00e1s 365 Noticias","description":"Actualidad desde Carre\u00f1o para el mundo","inLanguage":"es-ES","publisher":{"@id":"https:\/\/candas365.es\/noticias\/#organization"}}]},"og:locale":"es_ES","og:site_name":"Cand\u00e1s 365","og:type":"article","og:title":"'Tuto' Sa\u00f1udo: Leyenda del Racing, se jubila | Cand\u00e1s 365","og:description":"Juan Antonio 'Tuto' Sa\u00f1udo, ha puesto fin a su etapa en la entidad verdiblanca tras expresar su deseo de concluir su vida laboral","og:url":"https:\/\/candas365.es\/noticias\/tuto-sanudo-leyenda-del-racing-se-jubila\/","og:image":"https:\/\/candas365.es\/noticias\/wp-content\/uploads\/2020\/12\/Sanudo.jpg","og:image:secure_url":"https:\/\/candas365.es\/noticias\/wp-content\/uploads\/2020\/12\/Sanudo.jpg","og:image:width":1028,"og:image:height":645,"article:published_time":"2020-12-11T14:36:35+00:00","article:modified_time":"2020-12-11T14:36:35+00:00","article:publisher":"https:\/\/www.facebook.com\/Nachofdezber","article:author":"https:\/\/www.facebook.com\/carrenoactualidad","twitter:card":"summary_large_image","twitter:site":"@NabercoDigital","twitter:title":"'Tuto' Sa\u00f1udo: Leyenda del Racing, se jubila | Cand\u00e1s 365","twitter:description":"Juan Antonio 'Tuto' Sa\u00f1udo, ha puesto fin a su etapa en la entidad verdiblanca tras expresar su deseo de concluir su vida laboral","twitter:creator":"@nbasturias","twitter:image":"https:\/\/candas365.es\/noticias\/wp-content\/uploads\/2020\/12\/Sanudo.jpg","twitter:label1":"Escrito por","twitter:data1":"Cand\u00e1s 365","twitter:label2":"Tiempo de lectura estimado","twitter:data2":"1 minuto"},"aioseo_meta_data":{"post_id":"149816","title":"'Tuto' Sa\u00f1udo: Leyenda del Racing, se jubila | #site_title","description":"Juan Antonio 'Tuto' Sa\u00f1udo, ha puesto fin a su etapa en la entidad verdiblanca tras expresar su deseo de concluir su vida laboral","keywords":[{"label":"Deportes","value":"Deportes"},{"label":"F\u00fatbol","value":"F\u00fatbol"}],"keyphrases":null,"primary_term":null,"canonical_url":"","og_title":null,"og_description":null,"og_object_type":"default","og_image_type":"default","og_image_url":null,"og_image_width":null,"og_image_height":null,"og_image_custom_url":null,"og_image_custom_fields":null,"og_video":null,"og_custom_url":null,"og_article_section":null,"og_article_tags":null,"twitter_use_og":false,"twitter_card":"default","twitter_image_type":"default","twitter_image_url":null,"twitter_image_custom_url":null,"twitter_image_custom_fields":null,"twitter_title":null,"twitter_description":null,"schema":{"blockGraphs":[],"customGraphs":[],"default":{"data":{"Article":[],"Course":[],"Dataset":[],"FAQPage":[],"Movie":[],"Person":[],"Product":[],"ProductReview":[],"Car":[],"Recipe":[],"Service":[],"SoftwareApplication":[],"WebPage":[]},"graphName":"","isEnabled":true},"graphs":[],"defaultGraph":"","defaultPostTypeGraph":""},"schema_type":null,"schema_type_options":null,"pillar_content":false,"robots_default":true,"robots_noindex":false,"robots_noarchive":false,"robots_nosnippet":false,"robots_nofollow":false,"robots_noimageindex":false,"robots_noodp":false,"robots_notranslate":false,"robots_max_snippet":null,"robots_max_videopreview":null,"robots_max_imagepreview":"large","priority":null,"frequency":null,"location":null,"local_seo":null,"seo_analyzer_scan_date":"2025-08-31 15:14:23","breadcrumb_settings":null,"limit_modified_date":false,"reviewed_by":null,"open_ai":null,"ai":null,"created":"2020-12-21 10:37:30","updated":"2025-08-31 15:14:23"},"aioseo_breadcrumb":"<div class=\"aioseo-breadcrumbs\"><span class=\"aioseo-breadcrumb\">\n\t<a href=\"https:\/\/candas365.es\/noticias\" title=\"Home\">Home<\/a>\n<\/span><span class=\"aioseo-breadcrumb-separator\">&ndash;<\/span><span class=\"aioseo-breadcrumb\">\n\t<a href=\"https:\/\/candas365.es\/noticias\/category\/deporte\/\" title=\"Deporte\">Deporte<\/a>\n<\/span><span class=\"aioseo-breadcrumb-separator\">&ndash;<\/span><span class=\"aioseo-breadcrumb\">\n\t\u2018Tuto\u2019 Sa\u00f1udo: Leyenda del Racing, se jubila\n<\/span><\/div>","aioseo_breadcrumb_json":[{"label":"Home","link":"https:\/\/candas365.es\/noticias"},{"label":"Deporte","link":"https:\/\/candas365.es\/noticias\/category\/deporte\/"},{"label":"&#8216;Tuto&#8217; Sa\u00f1udo: Leyenda del Racing, se jubila","link":"https:\/\/candas365.es\/noticias\/tuto-sanudo-leyenda-del-racing-se-jubila\/"}],"_links":{"self":[{"href":"https:\/\/candas365.es\/noticias\/wp-json\/wp\/v2\/posts\/149816","targetHints":{"allow":["GET"]}}],"collection":[{"href":"https:\/\/candas365.es\/noticias\/wp-json\/wp\/v2\/posts"}],"about":[{"href":"https:\/\/candas365.es\/noticias\/wp-json\/wp\/v2\/types\/post"}],"author":[{"embeddable":true,"href":"https:\/\/candas365.es\/noticias\/wp-json\/wp\/v2\/users\/1"}],"replies":[{"embeddable":true,"href":"https:\/\/candas365.es\/noticias\/wp-json\/wp\/v2\/comments?post=149816"}],"version-history":[{"count":0,"href":"https:\/\/candas365.es\/noticias\/wp-json\/wp\/v2\/posts\/149816\/revisions"}],"wp:featuredmedia":[{"embeddable":true,"href":"https:\/\/candas365.es\/noticias\/wp-json\/wp\/v2\/media\/149817"}],"wp:attachment":[{"href":"https:\/\/candas365.es\/noticias\/wp-json\/wp\/v2\/media?parent=149816"}],"wp:term":[{"taxonomy":"category","embeddable":true,"href":"https:\/\/candas365.es\/noticias\/wp-json\/wp\/v2\/categories?post=149816"},{"taxonomy":"post_tag","embeddable":true,"href":"https:\/\/candas365.es\/noticias\/wp-json\/wp\/v2\/tags?post=149816"}],"curies":[{"name":"wp","href":"https:\/\/api.w.org\/{rel}","templated":true}]}}