{"id":149805,"date":"2020-12-11T10:05:59","date_gmt":"2020-12-11T10:05:59","guid":{"rendered":"http:\/\/candas365.es\/noticias\/?p=149805"},"modified":"2020-12-11T10:05:59","modified_gmt":"2020-12-11T10:05:59","slug":"colonia-infantil-menuda-navidad-2020-en-carreno","status":"publish","type":"post","link":"https:\/\/candas365.es\/noticias\/colonia-infantil-menuda-navidad-2020-en-carreno\/","title":{"rendered":"Colonia Infantil \u201cMenuda Navidad\u201d 2020 en Carre\u00f1o"},"content":{"rendered":"<p><img fetchpriority=\"high\" decoding=\"async\" class=\"alignleft size-medium wp-image-149806\" src=\"https:\/\/candas365.es\/noticias\/wp-content\/uploads\/2020\/12\/christmas-cookies-2918172_640-360x246.jpg\" alt=\"\" width=\"360\" height=\"246\" srcset=\"https:\/\/candas365.es\/noticias\/wp-content\/uploads\/2020\/12\/christmas-cookies-2918172_640-360x246.jpg 360w, https:\/\/candas365.es\/noticias\/wp-content\/uploads\/2020\/12\/christmas-cookies-2918172_640.jpg 640w\" sizes=\"(max-width: 360px) 100vw, 360px\" \/>El \u00e1rea municipal de Juventud, en colaboraci\u00f3n con la Oficina Joven de la Mancomunidad Cabo Pe\u00f1as, organiza una<strong> nueva edici\u00f3n de la colonia infantil &#8216;Menuda Navidad<\/strong>&#8216;, la correspondiente al a\u00f1o 2020, una actividad dirigida a ni\u00f1os y ni\u00f1as con edades comprendidas entre los 6 y los 12 a\u00f1os.<\/p>\n<p>La colonia se desarrollar\u00e1 en cinco jornadas repartidas en los \u00faltimos y primeros d\u00edas del a\u00f1o, <strong>28, 29, y 30 de Diciembre y 4, 5 de Enero<\/strong>.<\/p>\n<p>\u201cLa Colonia es un proyecto municipal, encaminado a facilitar la conciliaci\u00f3n de la vida laboral, familiar y social de las familias en periodo vacacional navide\u00f1o. Se promueve y financia por el Ayuntamiento de Carre\u00f1o\u201d <strong>se\u00f1al\u00f3 Jos\u00e9 Jes\u00fas Varela Concejal de Juventud<\/strong>.<\/p>\n<p>\u201cEl Consistorio ha desarrollado el programa atendiendo a las normas de prevenci\u00f3n del covid-19. <strong>Las actividades se desarrollar\u00e1n de manera presencial prioritariamente en las instalaciones del Colegio P\u00fablico Poeta Ant\u00f3n, de Cand\u00e1s, pero con posibilidad de readaptarla a formato online<\/strong>. La colonia tendr\u00e1 un total de 27 plazas que se dividir\u00e1n en grupos de nueve participantes cada uno\u201d explic\u00f3 el edil.<\/p>\n<p>El objetivo de la actividad es<strong> ofrecer una alternativa de ocio para la infancia, basada en la metodolog\u00eda de la educaci\u00f3n en el tiempo libre<\/strong>, contribuir al desarrollo personal de la infancia desde el \u00e1mbito de la educaci\u00f3n no formal, facilitar la conciliaci\u00f3n de la vida familiar y laboral y dinamizar el espacio escolar fomentando su utilizaci\u00f3n como recurso de ocio para la poblaci\u00f3n infantil.<br \/>\nLa colonia urbana de navidad ofrecer\u00e1 diferentes tipos de actividades, adecuadas cada una de ellas al nivel de cada grupo de ni\u00f1os y ni\u00f1as. Las bater\u00edas de actividades a desarrollar estar\u00e1n compuestas por actividades musicales, juegos de mesa en versi\u00f3n online, talleres de manualidades y juegos de creatividad.<\/p>\n<p>\u201cEl ocio es necesario y esencial para el desarrollo de la infancia, sobre todo por la socializaci\u00f3n de los y las menores, pero para cumplir con las medidas de seguridad necesarias organizaremos grupos reducidos de nueve participantes con un monitor\/a, desarrollando adem\u00e1s un m\u00e1ximo de tres grupos, que estar\u00e1n en diferentes aulas y parcelas de patio diferenciadas\u201d \u2013 explic\u00f3 el edil de Juventud.<br \/>\nAquellas personas que est\u00e9n interesadas en participar en esta actividad, deber\u00e1n efectuar la inscripci\u00f3n correspondiente entre el 14 y el 18 de Diciembre.<\/p>\n<p>Esta inscripci\u00f3n se har\u00e1 exclusivamente descargando la ficha en www.ayto-carreno.esy envi\u00e1ndola por correo electr\u00f3nico a sergenerales@ayto-carreno.es. Para m\u00e1s informaci\u00f3n se puede contactar con la Oficina Joven Mancomunidad Cabo Pe\u00f1as y consultar la p\u00e1gina web municipal www.ayto.carreno.es\/evento, donde est\u00e1n disponibles para su descarga las diferentes fichas de inscripciones y toda la informaci\u00f3n relativa al lugar y horario de impartici\u00f3n del programa Colonia \u201cMENUDA NAVIDAD\u201d.<\/p>\n<p>&nbsp;<\/p>\n","protected":false},"excerpt":{"rendered":"<p>El \u00e1rea municipal de Juventud, en colaboraci\u00f3n con la Oficina Joven de la Mancomunidad Cabo Pe\u00f1as, organiza una nueva edici\u00f3n de la colonia infantil &#8216;Menuda Navidad&#8216;, la correspondiente al a\u00f1o 2020, una actividad dirigida a ni\u00f1os y ni\u00f1as con edades comprendidas entre los 6 y los 12 a\u00f1os. La colonia se desarrollar\u00e1 en cinco jornadas<\/p>\n","protected":false},"author":1,"featured_media":149806,"comment_status":"closed","ping_status":"closed","sticky":false,"template":"","format":"standard","meta":{"footnotes":""},"categories":[142],"tags":[],"class_list":{"0":"post-149805","1":"post","2":"type-post","3":"status-publish","4":"format-standard","5":"has-post-thumbnail","7":"category-revista"},"aioseo_notices":[],"aioseo_head":"\n\t\t<!-- All in One SEO Pro 4.9.6.2 - aioseo.com -->\n\t<meta name=\"description\" content=\"Las actividades se desarrollar\u00e1n de manera presencial prioritariamente en las instalaciones del Colegio P\u00fablico Poeta Ant\u00f3n, de Cand\u00e1s\" \/>\n\t<meta name=\"robots\" content=\"max-image-preview:large\" \/>\n\t<meta name=\"author\" content=\"Cand\u00e1s 365\"\/>\n\t<meta name=\"google-site-verification\" content=\"UA-32230408-1\" \/>\n\t<meta name=\"msvalidate.01\" content=\"354F3CDFB2DA171B47FBE9ABF1F88D5\" \/>\n\t<meta name=\"keywords\" content=\"noticias cand\u00e1s,carre\u00f1o,navidad 2020,revista\" \/>\n\t<link rel=\"canonical\" href=\"https:\/\/candas365.es\/noticias\/colonia-infantil-menuda-navidad-2020-en-carreno\/\" \/>\n\t<meta name=\"generator\" content=\"All in One SEO Pro (AIOSEO) 4.9.6.2\" \/>\n\t\t<meta property=\"og:locale\" content=\"es_ES\" \/>\n\t\t<meta property=\"og:site_name\" content=\"Cand\u00e1s 365\" \/>\n\t\t<meta property=\"og:type\" content=\"article\" \/>\n\t\t<meta property=\"og:title\" content=\"Colonia Infantil \u201cMenuda Navidad\u201d 2020 en Carre\u00f1o | Cand\u00e1s 365\" \/>\n\t\t<meta property=\"og:description\" content=\"Las actividades se desarrollar\u00e1n de manera presencial prioritariamente en las instalaciones del Colegio P\u00fablico Poeta Ant\u00f3n, de Cand\u00e1s\" \/>\n\t\t<meta property=\"og:url\" content=\"https:\/\/candas365.es\/noticias\/colonia-infantil-menuda-navidad-2020-en-carreno\/\" \/>\n\t\t<meta property=\"og:image\" content=\"https:\/\/candas365.es\/noticias\/wp-content\/uploads\/2020\/12\/christmas-cookies-2918172_640.jpg\" \/>\n\t\t<meta property=\"og:image:secure_url\" content=\"https:\/\/candas365.es\/noticias\/wp-content\/uploads\/2020\/12\/christmas-cookies-2918172_640.jpg\" \/>\n\t\t<meta property=\"og:image:width\" content=\"640\" \/>\n\t\t<meta property=\"og:image:height\" content=\"437\" \/>\n\t\t<meta property=\"article:published_time\" content=\"2020-12-11T10:05:59+00:00\" \/>\n\t\t<meta property=\"article:modified_time\" content=\"2020-12-11T10:05:59+00:00\" \/>\n\t\t<meta property=\"article:publisher\" content=\"https:\/\/www.facebook.com\/Nachofdezber\" \/>\n\t\t<meta property=\"article:author\" content=\"https:\/\/www.facebook.com\/carrenoactualidad\" \/>\n\t\t<meta name=\"twitter:card\" content=\"summary_large_image\" \/>\n\t\t<meta name=\"twitter:site\" content=\"@NabercoDigital\" \/>\n\t\t<meta name=\"twitter:title\" content=\"Colonia Infantil \u201cMenuda Navidad\u201d 2020 en Carre\u00f1o | Cand\u00e1s 365\" \/>\n\t\t<meta name=\"twitter:description\" content=\"Las actividades se desarrollar\u00e1n de manera presencial prioritariamente en las instalaciones del Colegio P\u00fablico Poeta Ant\u00f3n, de Cand\u00e1s\" \/>\n\t\t<meta name=\"twitter:creator\" content=\"@nbasturias\" \/>\n\t\t<meta name=\"twitter:image\" content=\"https:\/\/candas365.es\/noticias\/wp-content\/uploads\/2020\/12\/christmas-cookies-2918172_640.jpg\" \/>\n\t\t<meta name=\"twitter:label1\" content=\"Escrito por\" \/>\n\t\t<meta name=\"twitter:data1\" content=\"Cand\u00e1s 365\" \/>\n\t\t<meta name=\"twitter:label2\" content=\"Tiempo de lectura estimado\" \/>\n\t\t<meta name=\"twitter:data2\" content=\"2 minutos\" \/>\n\t\t<script type=\"application\/ld+json\" class=\"aioseo-schema\">\n\t\t\t{\"@context\":\"https:\\\/\\\/schema.org\",\"@graph\":[{\"@type\":\"BreadcrumbList\",\"@id\":\"https:\\\/\\\/candas365.es\\\/noticias\\\/colonia-infantil-menuda-navidad-2020-en-carreno\\\/#breadcrumblist\",\"itemListElement\":[{\"@type\":\"ListItem\",\"@id\":\"https:\\\/\\\/candas365.es\\\/noticias#listItem\",\"position\":1,\"name\":\"Home\",\"item\":\"https:\\\/\\\/candas365.es\\\/noticias\",\"nextItem\":{\"@type\":\"ListItem\",\"@id\":\"https:\\\/\\\/candas365.es\\\/noticias\\\/category\\\/revista\\\/#listItem\",\"name\":\"Revista\"}},{\"@type\":\"ListItem\",\"@id\":\"https:\\\/\\\/candas365.es\\\/noticias\\\/category\\\/revista\\\/#listItem\",\"position\":2,\"name\":\"Revista\",\"item\":\"https:\\\/\\\/candas365.es\\\/noticias\\\/category\\\/revista\\\/\",\"nextItem\":{\"@type\":\"ListItem\",\"@id\":\"https:\\\/\\\/candas365.es\\\/noticias\\\/colonia-infantil-menuda-navidad-2020-en-carreno\\\/#listItem\",\"name\":\"Colonia Infantil \\u201cMenuda Navidad\\u201d 2020 en Carre\\u00f1o\"},\"previousItem\":{\"@type\":\"ListItem\",\"@id\":\"https:\\\/\\\/candas365.es\\\/noticias#listItem\",\"name\":\"Home\"}},{\"@type\":\"ListItem\",\"@id\":\"https:\\\/\\\/candas365.es\\\/noticias\\\/colonia-infantil-menuda-navidad-2020-en-carreno\\\/#listItem\",\"position\":3,\"name\":\"Colonia Infantil \\u201cMenuda Navidad\\u201d 2020 en Carre\\u00f1o\",\"previousItem\":{\"@type\":\"ListItem\",\"@id\":\"https:\\\/\\\/candas365.es\\\/noticias\\\/category\\\/revista\\\/#listItem\",\"name\":\"Revista\"}}]},{\"@type\":\"NewsArticle\",\"@id\":\"https:\\\/\\\/candas365.es\\\/noticias\\\/colonia-infantil-menuda-navidad-2020-en-carreno\\\/#newsarticle\",\"name\":\"Colonia Infantil \\u201cMenuda Navidad\\u201d 2020 en Carre\\u00f1o | Cand\\u00e1s 365\",\"headline\":\"Colonia Infantil \\u201cMenuda Navidad\\u201d 2020 en Carre\\u00f1o\",\"author\":{\"@id\":\"https:\\\/\\\/candas365.es\\\/noticias\\\/author\\\/admin\\\/#author\"},\"publisher\":{\"@id\":\"https:\\\/\\\/candas365.es\\\/noticias\\\/#organization\"},\"image\":{\"@type\":\"ImageObject\",\"url\":\"https:\\\/\\\/candas365.es\\\/noticias\\\/wp-content\\\/uploads\\\/2020\\\/12\\\/christmas-cookies-2918172_640.jpg\",\"width\":640,\"height\":437},\"datePublished\":\"2020-12-11T10:05:59+01:00\",\"dateModified\":\"2020-12-11T10:05:59+01:00\",\"inLanguage\":\"es-ES\",\"mainEntityOfPage\":{\"@id\":\"https:\\\/\\\/candas365.es\\\/noticias\\\/colonia-infantil-menuda-navidad-2020-en-carreno\\\/#webpage\"},\"isPartOf\":{\"@id\":\"https:\\\/\\\/candas365.es\\\/noticias\\\/colonia-infantil-menuda-navidad-2020-en-carreno\\\/#webpage\"},\"articleSection\":\"Revista\",\"dateline\":\"Publicado el diciembre 11, 2020.\"},{\"@type\":\"Organization\",\"@id\":\"https:\\\/\\\/candas365.es\\\/noticias\\\/#organization\",\"name\":\"Cand\\u00e1s 365\",\"description\":\"Cand\\u00e1s 365 es un diario digital independiente, fundado en 2012, con base en Asturias. Informamos con rigor sobre actualidad, sociedad, cultura y ocio, con una mirada local y global.\",\"url\":\"https:\\\/\\\/candas365.es\\\/noticias\\\/\",\"email\":\"info@candas365.es\",\"telephone\":\"+34652131393\",\"foundingDate\":\"2012-06-10\",\"logo\":{\"@type\":\"ImageObject\",\"url\":\"https:\\\/\\\/candas365.es\\\/noticias\\\/wp-content\\\/uploads\\\/2024\\\/09\\\/Candas-365-Redes.jpg\",\"@id\":\"https:\\\/\\\/candas365.es\\\/noticias\\\/colonia-infantil-menuda-navidad-2020-en-carreno\\\/#organizationLogo\",\"width\":1152,\"height\":864,\"caption\":\"Cand\\u00e1s 365 Redes\"},\"image\":{\"@id\":\"https:\\\/\\\/candas365.es\\\/noticias\\\/colonia-infantil-menuda-navidad-2020-en-carreno\\\/#organizationLogo\"},\"sameAs\":[\"https:\\\/\\\/www.facebook.com\\\/Nachofdezber\",\"https:\\\/\\\/x.com\\\/NabercoDigital\",\"https:\\\/\\\/www.instagram.com\\\/nachofdezber\\\/\",\"https:\\\/\\\/www.youtube.com\\\/channel\\\/UCZP-2wLEB9Rv6erhFmqVnvg\"],\"address\":{\"@id\":\"https:\\\/\\\/candas365.es\\\/noticias\\\/#postaladdress\",\"@type\":\"PostalAddress\",\"streetAddress\":\"san antonio 4, san antonio 4\",\"postalCode\":\"33430\",\"addressLocality\":\"Cand\\u00e1s\",\"addressRegion\":\"Asturias\",\"addressCountry\":\"ES\"}},{\"@type\":\"Person\",\"@id\":\"https:\\\/\\\/candas365.es\\\/noticias\\\/author\\\/admin\\\/#author\",\"url\":\"https:\\\/\\\/candas365.es\\\/noticias\\\/author\\\/admin\\\/\",\"name\":\"Cand\\u00e1s 365\",\"image\":{\"@type\":\"ImageObject\",\"@id\":\"https:\\\/\\\/candas365.es\\\/noticias\\\/colonia-infantil-menuda-navidad-2020-en-carreno\\\/#authorImage\",\"url\":\"https:\\\/\\\/secure.gravatar.com\\\/avatar\\\/496a8e03d0c493ede1718b7934145dbdf8d89be1036b0eec9544e1094c9de390?s=96&d=mm&r=g\",\"width\":96,\"height\":96,\"caption\":\"Cand\\u00e1s 365\"},\"sameAs\":[\"https:\\\/\\\/www.facebook.com\\\/carrenoactualidad\",\"https:\\\/\\\/twitter.com\\\/nbasturias\",\"https:\\\/\\\/www.instagram.com\\\/nachofdezber\\\/\",\"https:\\\/\\\/www.youtube.com\\\/channel\\\/UCZP-2wLEB9Rv6erhFmqVnvg\"]},{\"@type\":\"WebPage\",\"@id\":\"https:\\\/\\\/candas365.es\\\/noticias\\\/colonia-infantil-menuda-navidad-2020-en-carreno\\\/#webpage\",\"url\":\"https:\\\/\\\/candas365.es\\\/noticias\\\/colonia-infantil-menuda-navidad-2020-en-carreno\\\/\",\"name\":\"Colonia Infantil \\u201cMenuda Navidad\\u201d 2020 en Carre\\u00f1o | Cand\\u00e1s 365\",\"description\":\"Las actividades se desarrollar\\u00e1n de manera presencial prioritariamente en las instalaciones del Colegio P\\u00fablico Poeta Ant\\u00f3n, de Cand\\u00e1s\",\"inLanguage\":\"es-ES\",\"isPartOf\":{\"@id\":\"https:\\\/\\\/candas365.es\\\/noticias\\\/#website\"},\"breadcrumb\":{\"@id\":\"https:\\\/\\\/candas365.es\\\/noticias\\\/colonia-infantil-menuda-navidad-2020-en-carreno\\\/#breadcrumblist\"},\"author\":{\"@id\":\"https:\\\/\\\/candas365.es\\\/noticias\\\/author\\\/admin\\\/#author\"},\"creator\":{\"@id\":\"https:\\\/\\\/candas365.es\\\/noticias\\\/author\\\/admin\\\/#author\"},\"image\":{\"@type\":\"ImageObject\",\"url\":\"https:\\\/\\\/candas365.es\\\/noticias\\\/wp-content\\\/uploads\\\/2020\\\/12\\\/christmas-cookies-2918172_640.jpg\",\"@id\":\"https:\\\/\\\/candas365.es\\\/noticias\\\/colonia-infantil-menuda-navidad-2020-en-carreno\\\/#mainImage\",\"width\":640,\"height\":437},\"primaryImageOfPage\":{\"@id\":\"https:\\\/\\\/candas365.es\\\/noticias\\\/colonia-infantil-menuda-navidad-2020-en-carreno\\\/#mainImage\"},\"datePublished\":\"2020-12-11T10:05:59+01:00\",\"dateModified\":\"2020-12-11T10:05:59+01:00\"},{\"@type\":\"WebSite\",\"@id\":\"https:\\\/\\\/candas365.es\\\/noticias\\\/#website\",\"url\":\"https:\\\/\\\/candas365.es\\\/noticias\\\/\",\"name\":\"Cand\\u00e1s 365\",\"alternateName\":\"Cand\\u00e1s 365 Noticias\",\"description\":\"Actualidad desde Carre\\u00f1o para el mundo\",\"inLanguage\":\"es-ES\",\"publisher\":{\"@id\":\"https:\\\/\\\/candas365.es\\\/noticias\\\/#organization\"}}]}\n\t\t<\/script>\n\t\t<!-- All in One SEO Pro -->\r\n\t\t<title>Colonia Infantil \u201cMenuda Navidad\u201d 2020 en Carre\u00f1o | Cand\u00e1s 365<\/title>\n\n","aioseo_head_json":{"title":"Colonia Infantil \u201cMenuda Navidad\u201d 2020 en Carre\u00f1o | Cand\u00e1s 365","description":"Las actividades se desarrollar\u00e1n de manera presencial prioritariamente en las instalaciones del Colegio P\u00fablico Poeta Ant\u00f3n, de Cand\u00e1s","canonical_url":"https:\/\/candas365.es\/noticias\/colonia-infantil-menuda-navidad-2020-en-carreno\/","robots":"max-image-preview:large","keywords":"noticias cand\u00e1s,carre\u00f1o,navidad 2020,revista","webmasterTools":{"google-site-verification":"UA-32230408-1","msvalidate.01":"354F3CDFB2DA171B47FBE9ABF1F88D5","miscellaneous":""},"schema":{"@context":"https:\/\/schema.org","@graph":[{"@type":"BreadcrumbList","@id":"https:\/\/candas365.es\/noticias\/colonia-infantil-menuda-navidad-2020-en-carreno\/#breadcrumblist","itemListElement":[{"@type":"ListItem","@id":"https:\/\/candas365.es\/noticias#listItem","position":1,"name":"Home","item":"https:\/\/candas365.es\/noticias","nextItem":{"@type":"ListItem","@id":"https:\/\/candas365.es\/noticias\/category\/revista\/#listItem","name":"Revista"}},{"@type":"ListItem","@id":"https:\/\/candas365.es\/noticias\/category\/revista\/#listItem","position":2,"name":"Revista","item":"https:\/\/candas365.es\/noticias\/category\/revista\/","nextItem":{"@type":"ListItem","@id":"https:\/\/candas365.es\/noticias\/colonia-infantil-menuda-navidad-2020-en-carreno\/#listItem","name":"Colonia Infantil \u201cMenuda Navidad\u201d 2020 en Carre\u00f1o"},"previousItem":{"@type":"ListItem","@id":"https:\/\/candas365.es\/noticias#listItem","name":"Home"}},{"@type":"ListItem","@id":"https:\/\/candas365.es\/noticias\/colonia-infantil-menuda-navidad-2020-en-carreno\/#listItem","position":3,"name":"Colonia Infantil \u201cMenuda Navidad\u201d 2020 en Carre\u00f1o","previousItem":{"@type":"ListItem","@id":"https:\/\/candas365.es\/noticias\/category\/revista\/#listItem","name":"Revista"}}]},{"@type":"NewsArticle","@id":"https:\/\/candas365.es\/noticias\/colonia-infantil-menuda-navidad-2020-en-carreno\/#newsarticle","name":"Colonia Infantil \u201cMenuda Navidad\u201d 2020 en Carre\u00f1o | Cand\u00e1s 365","headline":"Colonia Infantil \u201cMenuda Navidad\u201d 2020 en Carre\u00f1o","author":{"@id":"https:\/\/candas365.es\/noticias\/author\/admin\/#author"},"publisher":{"@id":"https:\/\/candas365.es\/noticias\/#organization"},"image":{"@type":"ImageObject","url":"https:\/\/candas365.es\/noticias\/wp-content\/uploads\/2020\/12\/christmas-cookies-2918172_640.jpg","width":640,"height":437},"datePublished":"2020-12-11T10:05:59+01:00","dateModified":"2020-12-11T10:05:59+01:00","inLanguage":"es-ES","mainEntityOfPage":{"@id":"https:\/\/candas365.es\/noticias\/colonia-infantil-menuda-navidad-2020-en-carreno\/#webpage"},"isPartOf":{"@id":"https:\/\/candas365.es\/noticias\/colonia-infantil-menuda-navidad-2020-en-carreno\/#webpage"},"articleSection":"Revista","dateline":"Publicado el diciembre 11, 2020."},{"@type":"Organization","@id":"https:\/\/candas365.es\/noticias\/#organization","name":"Cand\u00e1s 365","description":"Cand\u00e1s 365 es un diario digital independiente, fundado en 2012, con base en Asturias. Informamos con rigor sobre actualidad, sociedad, cultura y ocio, con una mirada local y global.","url":"https:\/\/candas365.es\/noticias\/","email":"info@candas365.es","telephone":"+34652131393","foundingDate":"2012-06-10","logo":{"@type":"ImageObject","url":"https:\/\/candas365.es\/noticias\/wp-content\/uploads\/2024\/09\/Candas-365-Redes.jpg","@id":"https:\/\/candas365.es\/noticias\/colonia-infantil-menuda-navidad-2020-en-carreno\/#organizationLogo","width":1152,"height":864,"caption":"Cand\u00e1s 365 Redes"},"image":{"@id":"https:\/\/candas365.es\/noticias\/colonia-infantil-menuda-navidad-2020-en-carreno\/#organizationLogo"},"sameAs":["https:\/\/www.facebook.com\/Nachofdezber","https:\/\/x.com\/NabercoDigital","https:\/\/www.instagram.com\/nachofdezber\/","https:\/\/www.youtube.com\/channel\/UCZP-2wLEB9Rv6erhFmqVnvg"],"address":{"@id":"https:\/\/candas365.es\/noticias\/#postaladdress","@type":"PostalAddress","streetAddress":"san antonio 4, san antonio 4","postalCode":"33430","addressLocality":"Cand\u00e1s","addressRegion":"Asturias","addressCountry":"ES"}},{"@type":"Person","@id":"https:\/\/candas365.es\/noticias\/author\/admin\/#author","url":"https:\/\/candas365.es\/noticias\/author\/admin\/","name":"Cand\u00e1s 365","image":{"@type":"ImageObject","@id":"https:\/\/candas365.es\/noticias\/colonia-infantil-menuda-navidad-2020-en-carreno\/#authorImage","url":"https:\/\/secure.gravatar.com\/avatar\/496a8e03d0c493ede1718b7934145dbdf8d89be1036b0eec9544e1094c9de390?s=96&d=mm&r=g","width":96,"height":96,"caption":"Cand\u00e1s 365"},"sameAs":["https:\/\/www.facebook.com\/carrenoactualidad","https:\/\/twitter.com\/nbasturias","https:\/\/www.instagram.com\/nachofdezber\/","https:\/\/www.youtube.com\/channel\/UCZP-2wLEB9Rv6erhFmqVnvg"]},{"@type":"WebPage","@id":"https:\/\/candas365.es\/noticias\/colonia-infantil-menuda-navidad-2020-en-carreno\/#webpage","url":"https:\/\/candas365.es\/noticias\/colonia-infantil-menuda-navidad-2020-en-carreno\/","name":"Colonia Infantil \u201cMenuda Navidad\u201d 2020 en Carre\u00f1o | Cand\u00e1s 365","description":"Las actividades se desarrollar\u00e1n de manera presencial prioritariamente en las instalaciones del Colegio P\u00fablico Poeta Ant\u00f3n, de Cand\u00e1s","inLanguage":"es-ES","isPartOf":{"@id":"https:\/\/candas365.es\/noticias\/#website"},"breadcrumb":{"@id":"https:\/\/candas365.es\/noticias\/colonia-infantil-menuda-navidad-2020-en-carreno\/#breadcrumblist"},"author":{"@id":"https:\/\/candas365.es\/noticias\/author\/admin\/#author"},"creator":{"@id":"https:\/\/candas365.es\/noticias\/author\/admin\/#author"},"image":{"@type":"ImageObject","url":"https:\/\/candas365.es\/noticias\/wp-content\/uploads\/2020\/12\/christmas-cookies-2918172_640.jpg","@id":"https:\/\/candas365.es\/noticias\/colonia-infantil-menuda-navidad-2020-en-carreno\/#mainImage","width":640,"height":437},"primaryImageOfPage":{"@id":"https:\/\/candas365.es\/noticias\/colonia-infantil-menuda-navidad-2020-en-carreno\/#mainImage"},"datePublished":"2020-12-11T10:05:59+01:00","dateModified":"2020-12-11T10:05:59+01:00"},{"@type":"WebSite","@id":"https:\/\/candas365.es\/noticias\/#website","url":"https:\/\/candas365.es\/noticias\/","name":"Cand\u00e1s 365","alternateName":"Cand\u00e1s 365 Noticias","description":"Actualidad desde Carre\u00f1o para el mundo","inLanguage":"es-ES","publisher":{"@id":"https:\/\/candas365.es\/noticias\/#organization"}}]},"og:locale":"es_ES","og:site_name":"Cand\u00e1s 365","og:type":"article","og:title":"Colonia Infantil \u201cMenuda Navidad\u201d 2020 en Carre\u00f1o | Cand\u00e1s 365","og:description":"Las actividades se desarrollar\u00e1n de manera presencial prioritariamente en las instalaciones del Colegio P\u00fablico Poeta Ant\u00f3n, de Cand\u00e1s","og:url":"https:\/\/candas365.es\/noticias\/colonia-infantil-menuda-navidad-2020-en-carreno\/","og:image":"https:\/\/candas365.es\/noticias\/wp-content\/uploads\/2020\/12\/christmas-cookies-2918172_640.jpg","og:image:secure_url":"https:\/\/candas365.es\/noticias\/wp-content\/uploads\/2020\/12\/christmas-cookies-2918172_640.jpg","og:image:width":640,"og:image:height":437,"article:published_time":"2020-12-11T10:05:59+00:00","article:modified_time":"2020-12-11T10:05:59+00:00","article:publisher":"https:\/\/www.facebook.com\/Nachofdezber","article:author":"https:\/\/www.facebook.com\/carrenoactualidad","twitter:card":"summary_large_image","twitter:site":"@NabercoDigital","twitter:title":"Colonia Infantil \u201cMenuda Navidad\u201d 2020 en Carre\u00f1o | Cand\u00e1s 365","twitter:description":"Las actividades se desarrollar\u00e1n de manera presencial prioritariamente en las instalaciones del Colegio P\u00fablico Poeta Ant\u00f3n, de Cand\u00e1s","twitter:creator":"@nbasturias","twitter:image":"https:\/\/candas365.es\/noticias\/wp-content\/uploads\/2020\/12\/christmas-cookies-2918172_640.jpg","twitter:label1":"Escrito por","twitter:data1":"Cand\u00e1s 365","twitter:label2":"Tiempo de lectura estimado","twitter:data2":"2 minutos"},"aioseo_meta_data":{"post_id":"149805","title":"Colonia Infantil \u201cMenuda Navidad\u201d 2020 en Carre\u00f1o | #site_title","description":"Las actividades se desarrollar\u00e1n de manera presencial prioritariamente en las instalaciones del Colegio P\u00fablico Poeta Ant\u00f3n, de Cand\u00e1s","keywords":[{"label":"Noticias Cand\u00e1s","value":"Noticias Cand\u00e1s"},{"label":"Carre\u00f1o","value":"Carre\u00f1o"},{"label":"Navidad 2020","value":"Navidad 2020"}],"keyphrases":null,"primary_term":null,"canonical_url":"","og_title":null,"og_description":null,"og_object_type":"default","og_image_type":"default","og_image_url":null,"og_image_width":null,"og_image_height":null,"og_image_custom_url":null,"og_image_custom_fields":null,"og_video":null,"og_custom_url":null,"og_article_section":null,"og_article_tags":null,"twitter_use_og":false,"twitter_card":"default","twitter_image_type":"default","twitter_image_url":null,"twitter_image_custom_url":null,"twitter_image_custom_fields":null,"twitter_title":null,"twitter_description":null,"schema":{"blockGraphs":[],"customGraphs":[],"default":{"data":{"Article":[],"Course":[],"Dataset":[],"FAQPage":[],"Movie":[],"Person":[],"Product":[],"ProductReview":[],"Car":[],"Recipe":[],"Service":[],"SoftwareApplication":[],"WebPage":[]},"graphName":"","isEnabled":true},"graphs":[],"defaultGraph":"","defaultPostTypeGraph":""},"schema_type":null,"schema_type_options":null,"pillar_content":false,"robots_default":true,"robots_noindex":false,"robots_noarchive":false,"robots_nosnippet":false,"robots_nofollow":false,"robots_noimageindex":false,"robots_noodp":false,"robots_notranslate":false,"robots_max_snippet":null,"robots_max_videopreview":null,"robots_max_imagepreview":"large","priority":null,"frequency":null,"location":null,"local_seo":null,"seo_analyzer_scan_date":"2025-08-31 15:14:19","breadcrumb_settings":null,"limit_modified_date":false,"reviewed_by":null,"open_ai":null,"ai":null,"created":"2020-12-21 10:37:30","updated":"2025-08-31 15:14:19"},"aioseo_breadcrumb":"<div class=\"aioseo-breadcrumbs\"><span class=\"aioseo-breadcrumb\">\n\t<a href=\"https:\/\/candas365.es\/noticias\" title=\"Home\">Home<\/a>\n<\/span><span class=\"aioseo-breadcrumb-separator\">&ndash;<\/span><span class=\"aioseo-breadcrumb\">\n\t<a href=\"https:\/\/candas365.es\/noticias\/category\/revista\/\" title=\"Revista\">Revista<\/a>\n<\/span><span class=\"aioseo-breadcrumb-separator\">&ndash;<\/span><span class=\"aioseo-breadcrumb\">\n\tColonia Infantil \u201cMenuda Navidad\u201d 2020 en Carre\u00f1o\n<\/span><\/div>","aioseo_breadcrumb_json":[{"label":"Home","link":"https:\/\/candas365.es\/noticias"},{"label":"Revista","link":"https:\/\/candas365.es\/noticias\/category\/revista\/"},{"label":"Colonia Infantil \u201cMenuda Navidad\u201d 2020 en Carre\u00f1o","link":"https:\/\/candas365.es\/noticias\/colonia-infantil-menuda-navidad-2020-en-carreno\/"}],"_links":{"self":[{"href":"https:\/\/candas365.es\/noticias\/wp-json\/wp\/v2\/posts\/149805","targetHints":{"allow":["GET"]}}],"collection":[{"href":"https:\/\/candas365.es\/noticias\/wp-json\/wp\/v2\/posts"}],"about":[{"href":"https:\/\/candas365.es\/noticias\/wp-json\/wp\/v2\/types\/post"}],"author":[{"embeddable":true,"href":"https:\/\/candas365.es\/noticias\/wp-json\/wp\/v2\/users\/1"}],"replies":[{"embeddable":true,"href":"https:\/\/candas365.es\/noticias\/wp-json\/wp\/v2\/comments?post=149805"}],"version-history":[{"count":0,"href":"https:\/\/candas365.es\/noticias\/wp-json\/wp\/v2\/posts\/149805\/revisions"}],"wp:featuredmedia":[{"embeddable":true,"href":"https:\/\/candas365.es\/noticias\/wp-json\/wp\/v2\/media\/149806"}],"wp:attachment":[{"href":"https:\/\/candas365.es\/noticias\/wp-json\/wp\/v2\/media?parent=149805"}],"wp:term":[{"taxonomy":"category","embeddable":true,"href":"https:\/\/candas365.es\/noticias\/wp-json\/wp\/v2\/categories?post=149805"},{"taxonomy":"post_tag","embeddable":true,"href":"https:\/\/candas365.es\/noticias\/wp-json\/wp\/v2\/tags?post=149805"}],"curies":[{"name":"wp","href":"https:\/\/api.w.org\/{rel}","templated":true}]}}