{"id":149776,"date":"2020-12-10T21:48:36","date_gmt":"2020-12-10T21:48:36","guid":{"rendered":"http:\/\/candas365.es\/noticias\/?p=149776"},"modified":"2020-12-10T21:48:36","modified_gmt":"2020-12-10T21:48:36","slug":"martin-fiz-entrenara-al-tenista-malagueno-alejandro-davidovic","status":"publish","type":"post","link":"https:\/\/candas365.es\/noticias\/martin-fiz-entrenara-al-tenista-malagueno-alejandro-davidovic\/","title":{"rendered":"Mart\u00edn Fiz entrenar\u00e1 al tenista malague\u00f1o Alejandro Davidovic"},"content":{"rendered":"<figure id=\"attachment_149777\" aria-describedby=\"caption-attachment-149777\" style=\"width: 360px\" class=\"wp-caption alignleft\"><img fetchpriority=\"high\" decoding=\"async\" class=\"size-medium wp-image-149777\" src=\"https:\/\/candas365.es\/noticias\/wp-content\/uploads\/2020\/12\/ALEJANDRO-DAVIDOVICH-360x263.jpg\" alt=\"\" width=\"360\" height=\"263\" srcset=\"https:\/\/candas365.es\/noticias\/wp-content\/uploads\/2020\/12\/ALEJANDRO-DAVIDOVICH-360x263.jpg 360w, https:\/\/candas365.es\/noticias\/wp-content\/uploads\/2020\/12\/ALEJANDRO-DAVIDOVICH-650x474.jpg 650w, https:\/\/candas365.es\/noticias\/wp-content\/uploads\/2020\/12\/ALEJANDRO-DAVIDOVICH-768x560.jpg 768w, https:\/\/candas365.es\/noticias\/wp-content\/uploads\/2020\/12\/ALEJANDRO-DAVIDOVICH.jpg 862w\" sizes=\"(max-width: 360px) 100vw, 360px\" \/><figcaption id=\"caption-attachment-149777\" class=\"wp-caption-text\">FOTO: ALEJANDRO DAVIDOVICH \/ EP<\/figcaption><\/figure>\n<p>(Europa Press) &#8211;\u00a0El campe\u00f3n del mundo y de Europa de marat\u00f3n Mart\u00edn Fiz entrenar\u00e1 al tenista malague\u00f1o Alejandro Davidovich, actualmente en el puesto 52 de la clasificaci\u00f3n mundial de la ATP, para la temporada de 2021, seg\u00fan inform\u00f3 el propio jugador en sus redes sociales.<\/p>\n<p>\u00abBienvenido al #teamtsunami?? Mart\u00edn Fiz, un atleta que ha sido campe\u00f3n de Europa, del mundo y particip\u00f3 3 veces en las olimpiadas de marat\u00f3n pero sobre todo con un gran coraz\u00f3n y una humildad de otro planeta. Muy contento de que te unas a nuestra familia\u00bb, indic\u00f3 en su cuenta oficial de Instagram.<\/p>\n<p>El atleta vitoriano, embajador de la iniciativa 123 a Correr de Banco Santander y primer corredor en ganar los seis maratones m\u00e1s importantes del mundo en categor\u00eda veteranos, ayudar\u00e1 as\u00ed a mejorar la forma f\u00edsica de una de las esperanzas del tenis espa\u00f1ol el pr\u00f3ximo a\u00f1o.<\/p>\n<p>&nbsp;<\/p>\n","protected":false},"excerpt":{"rendered":"<p>(Europa Press) &#8211;\u00a0El campe\u00f3n del mundo y de Europa de marat\u00f3n Mart\u00edn Fiz entrenar\u00e1 al tenista malague\u00f1o Alejandro Davidovich, actualmente en el puesto 52 de la clasificaci\u00f3n mundial de la ATP, para la temporada de 2021, seg\u00fan inform\u00f3 el propio jugador en sus redes sociales. \u00abBienvenido al #teamtsunami?? Mart\u00edn Fiz, un atleta que ha sido<\/p>\n","protected":false},"author":1,"featured_media":149777,"comment_status":"closed","ping_status":"closed","sticky":false,"template":"","format":"standard","meta":{"footnotes":""},"categories":[319],"tags":[],"class_list":{"0":"post-149776","1":"post","2":"type-post","3":"status-publish","4":"format-standard","5":"has-post-thumbnail","7":"category-deporte"},"aioseo_notices":[],"aioseo_head":"\n\t\t<!-- All in One SEO Pro 4.9.6.2 - aioseo.com -->\n\t<meta name=\"description\" content=\"El campe\u00f3n del mundo y de Europa de marat\u00f3n Mart\u00edn Fiz entrenar\u00e1 al tenista malague\u00f1o Alejandro Davidovich en 2021\" \/>\n\t<meta name=\"robots\" content=\"max-image-preview:large\" \/>\n\t<meta name=\"author\" content=\"Cand\u00e1s 365\"\/>\n\t<meta name=\"google-site-verification\" content=\"UA-32230408-1\" \/>\n\t<meta name=\"msvalidate.01\" content=\"354F3CDFB2DA171B47FBE9ABF1F88D5\" \/>\n\t<meta name=\"keywords\" content=\"deporte,tenis\" \/>\n\t<link rel=\"canonical\" href=\"https:\/\/candas365.es\/noticias\/martin-fiz-entrenara-al-tenista-malagueno-alejandro-davidovic\/\" \/>\n\t<meta name=\"generator\" content=\"All in One SEO Pro (AIOSEO) 4.9.6.2\" \/>\n\t\t<meta property=\"og:locale\" content=\"es_ES\" \/>\n\t\t<meta property=\"og:site_name\" content=\"Cand\u00e1s 365\" \/>\n\t\t<meta property=\"og:type\" content=\"article\" \/>\n\t\t<meta property=\"og:title\" content=\"Mart\u00edn Fiz entrenar\u00e1 al tenista malague\u00f1o Alejandro Davidovic | Cand\u00e1s 365\" \/>\n\t\t<meta property=\"og:description\" content=\"El campe\u00f3n del mundo y de Europa de marat\u00f3n Mart\u00edn Fiz entrenar\u00e1 al tenista malague\u00f1o Alejandro Davidovich en 2021\" \/>\n\t\t<meta property=\"og:url\" content=\"https:\/\/candas365.es\/noticias\/martin-fiz-entrenara-al-tenista-malagueno-alejandro-davidovic\/\" \/>\n\t\t<meta property=\"og:image\" content=\"https:\/\/candas365.es\/noticias\/wp-content\/uploads\/2020\/12\/ALEJANDRO-DAVIDOVICH.jpg\" \/>\n\t\t<meta property=\"og:image:secure_url\" content=\"https:\/\/candas365.es\/noticias\/wp-content\/uploads\/2020\/12\/ALEJANDRO-DAVIDOVICH.jpg\" \/>\n\t\t<meta property=\"og:image:width\" content=\"862\" \/>\n\t\t<meta property=\"og:image:height\" content=\"629\" \/>\n\t\t<meta property=\"article:published_time\" content=\"2020-12-10T21:48:36+00:00\" \/>\n\t\t<meta property=\"article:modified_time\" content=\"2020-12-10T21:48:36+00:00\" \/>\n\t\t<meta property=\"article:publisher\" content=\"https:\/\/www.facebook.com\/Nachofdezber\" \/>\n\t\t<meta property=\"article:author\" content=\"https:\/\/www.facebook.com\/carrenoactualidad\" \/>\n\t\t<meta name=\"twitter:card\" content=\"summary_large_image\" \/>\n\t\t<meta name=\"twitter:site\" content=\"@NabercoDigital\" \/>\n\t\t<meta name=\"twitter:title\" content=\"Mart\u00edn Fiz entrenar\u00e1 al tenista malague\u00f1o Alejandro Davidovic | Cand\u00e1s 365\" \/>\n\t\t<meta name=\"twitter:description\" content=\"El campe\u00f3n del mundo y de Europa de marat\u00f3n Mart\u00edn Fiz entrenar\u00e1 al tenista malague\u00f1o Alejandro Davidovich en 2021\" \/>\n\t\t<meta name=\"twitter:creator\" content=\"@nbasturias\" \/>\n\t\t<meta name=\"twitter:image\" content=\"https:\/\/candas365.es\/noticias\/wp-content\/uploads\/2020\/12\/ALEJANDRO-DAVIDOVICH.jpg\" \/>\n\t\t<meta name=\"twitter:label1\" content=\"Escrito por\" \/>\n\t\t<meta name=\"twitter:data1\" content=\"Cand\u00e1s 365\" \/>\n\t\t<meta name=\"twitter:label2\" content=\"Tiempo de lectura estimado\" \/>\n\t\t<meta name=\"twitter:data2\" content=\"1 minuto\" \/>\n\t\t<script type=\"application\/ld+json\" class=\"aioseo-schema\">\n\t\t\t{\"@context\":\"https:\\\/\\\/schema.org\",\"@graph\":[{\"@type\":\"BreadcrumbList\",\"@id\":\"https:\\\/\\\/candas365.es\\\/noticias\\\/martin-fiz-entrenara-al-tenista-malagueno-alejandro-davidovic\\\/#breadcrumblist\",\"itemListElement\":[{\"@type\":\"ListItem\",\"@id\":\"https:\\\/\\\/candas365.es\\\/noticias#listItem\",\"position\":1,\"name\":\"Home\",\"item\":\"https:\\\/\\\/candas365.es\\\/noticias\",\"nextItem\":{\"@type\":\"ListItem\",\"@id\":\"https:\\\/\\\/candas365.es\\\/noticias\\\/category\\\/deporte\\\/#listItem\",\"name\":\"Deporte\"}},{\"@type\":\"ListItem\",\"@id\":\"https:\\\/\\\/candas365.es\\\/noticias\\\/category\\\/deporte\\\/#listItem\",\"position\":2,\"name\":\"Deporte\",\"item\":\"https:\\\/\\\/candas365.es\\\/noticias\\\/category\\\/deporte\\\/\",\"nextItem\":{\"@type\":\"ListItem\",\"@id\":\"https:\\\/\\\/candas365.es\\\/noticias\\\/martin-fiz-entrenara-al-tenista-malagueno-alejandro-davidovic\\\/#listItem\",\"name\":\"Mart\\u00edn Fiz entrenar\\u00e1 al tenista malague\\u00f1o Alejandro Davidovic\"},\"previousItem\":{\"@type\":\"ListItem\",\"@id\":\"https:\\\/\\\/candas365.es\\\/noticias#listItem\",\"name\":\"Home\"}},{\"@type\":\"ListItem\",\"@id\":\"https:\\\/\\\/candas365.es\\\/noticias\\\/martin-fiz-entrenara-al-tenista-malagueno-alejandro-davidovic\\\/#listItem\",\"position\":3,\"name\":\"Mart\\u00edn Fiz entrenar\\u00e1 al tenista malague\\u00f1o Alejandro Davidovic\",\"previousItem\":{\"@type\":\"ListItem\",\"@id\":\"https:\\\/\\\/candas365.es\\\/noticias\\\/category\\\/deporte\\\/#listItem\",\"name\":\"Deporte\"}}]},{\"@type\":\"NewsArticle\",\"@id\":\"https:\\\/\\\/candas365.es\\\/noticias\\\/martin-fiz-entrenara-al-tenista-malagueno-alejandro-davidovic\\\/#newsarticle\",\"name\":\"Mart\\u00edn Fiz entrenar\\u00e1 al tenista malague\\u00f1o Alejandro Davidovic | Cand\\u00e1s 365\",\"headline\":\"Mart\\u00edn Fiz entrenar\\u00e1 al tenista malague\\u00f1o Alejandro Davidovic\",\"author\":{\"@id\":\"https:\\\/\\\/candas365.es\\\/noticias\\\/author\\\/admin\\\/#author\"},\"publisher\":{\"@id\":\"https:\\\/\\\/candas365.es\\\/noticias\\\/#organization\"},\"image\":{\"@type\":\"ImageObject\",\"url\":\"https:\\\/\\\/candas365.es\\\/noticias\\\/wp-content\\\/uploads\\\/2020\\\/12\\\/ALEJANDRO-DAVIDOVICH.jpg\",\"width\":862,\"height\":629,\"caption\":\"FOTO: ALEJANDRO DAVIDOVICH \\\/ EP\"},\"datePublished\":\"2020-12-10T21:48:36+01:00\",\"dateModified\":\"2020-12-10T21:48:36+01:00\",\"inLanguage\":\"es-ES\",\"mainEntityOfPage\":{\"@id\":\"https:\\\/\\\/candas365.es\\\/noticias\\\/martin-fiz-entrenara-al-tenista-malagueno-alejandro-davidovic\\\/#webpage\"},\"isPartOf\":{\"@id\":\"https:\\\/\\\/candas365.es\\\/noticias\\\/martin-fiz-entrenara-al-tenista-malagueno-alejandro-davidovic\\\/#webpage\"},\"articleSection\":\"Deporte\",\"dateline\":\"Publicado el diciembre 10, 2020.\"},{\"@type\":\"Organization\",\"@id\":\"https:\\\/\\\/candas365.es\\\/noticias\\\/#organization\",\"name\":\"Cand\\u00e1s 365\",\"description\":\"Cand\\u00e1s 365 es un diario digital independiente, fundado en 2012, con base en Asturias. Informamos con rigor sobre actualidad, sociedad, cultura y ocio, con una mirada local y global.\",\"url\":\"https:\\\/\\\/candas365.es\\\/noticias\\\/\",\"email\":\"info@candas365.es\",\"telephone\":\"+34652131393\",\"foundingDate\":\"2012-06-10\",\"logo\":{\"@type\":\"ImageObject\",\"url\":\"https:\\\/\\\/candas365.es\\\/noticias\\\/wp-content\\\/uploads\\\/2024\\\/09\\\/Candas-365-Redes.jpg\",\"@id\":\"https:\\\/\\\/candas365.es\\\/noticias\\\/martin-fiz-entrenara-al-tenista-malagueno-alejandro-davidovic\\\/#organizationLogo\",\"width\":1152,\"height\":864,\"caption\":\"Cand\\u00e1s 365 Redes\"},\"image\":{\"@id\":\"https:\\\/\\\/candas365.es\\\/noticias\\\/martin-fiz-entrenara-al-tenista-malagueno-alejandro-davidovic\\\/#organizationLogo\"},\"sameAs\":[\"https:\\\/\\\/www.facebook.com\\\/Nachofdezber\",\"https:\\\/\\\/x.com\\\/NabercoDigital\",\"https:\\\/\\\/www.instagram.com\\\/nachofdezber\\\/\",\"https:\\\/\\\/www.youtube.com\\\/channel\\\/UCZP-2wLEB9Rv6erhFmqVnvg\"],\"address\":{\"@id\":\"https:\\\/\\\/candas365.es\\\/noticias\\\/#postaladdress\",\"@type\":\"PostalAddress\",\"streetAddress\":\"san antonio 4, san antonio 4\",\"postalCode\":\"33430\",\"addressLocality\":\"Cand\\u00e1s\",\"addressRegion\":\"Asturias\",\"addressCountry\":\"ES\"}},{\"@type\":\"Person\",\"@id\":\"https:\\\/\\\/candas365.es\\\/noticias\\\/author\\\/admin\\\/#author\",\"url\":\"https:\\\/\\\/candas365.es\\\/noticias\\\/author\\\/admin\\\/\",\"name\":\"Cand\\u00e1s 365\",\"image\":{\"@type\":\"ImageObject\",\"@id\":\"https:\\\/\\\/candas365.es\\\/noticias\\\/martin-fiz-entrenara-al-tenista-malagueno-alejandro-davidovic\\\/#authorImage\",\"url\":\"https:\\\/\\\/secure.gravatar.com\\\/avatar\\\/496a8e03d0c493ede1718b7934145dbdf8d89be1036b0eec9544e1094c9de390?s=96&d=mm&r=g\",\"width\":96,\"height\":96,\"caption\":\"Cand\\u00e1s 365\"},\"sameAs\":[\"https:\\\/\\\/www.facebook.com\\\/carrenoactualidad\",\"https:\\\/\\\/twitter.com\\\/nbasturias\",\"https:\\\/\\\/www.instagram.com\\\/nachofdezber\\\/\",\"https:\\\/\\\/www.youtube.com\\\/channel\\\/UCZP-2wLEB9Rv6erhFmqVnvg\"]},{\"@type\":\"WebPage\",\"@id\":\"https:\\\/\\\/candas365.es\\\/noticias\\\/martin-fiz-entrenara-al-tenista-malagueno-alejandro-davidovic\\\/#webpage\",\"url\":\"https:\\\/\\\/candas365.es\\\/noticias\\\/martin-fiz-entrenara-al-tenista-malagueno-alejandro-davidovic\\\/\",\"name\":\"Mart\\u00edn Fiz entrenar\\u00e1 al tenista malague\\u00f1o Alejandro Davidovic | Cand\\u00e1s 365\",\"description\":\"El campe\\u00f3n del mundo y de Europa de marat\\u00f3n Mart\\u00edn Fiz entrenar\\u00e1 al tenista malague\\u00f1o Alejandro Davidovich en 2021\",\"inLanguage\":\"es-ES\",\"isPartOf\":{\"@id\":\"https:\\\/\\\/candas365.es\\\/noticias\\\/#website\"},\"breadcrumb\":{\"@id\":\"https:\\\/\\\/candas365.es\\\/noticias\\\/martin-fiz-entrenara-al-tenista-malagueno-alejandro-davidovic\\\/#breadcrumblist\"},\"author\":{\"@id\":\"https:\\\/\\\/candas365.es\\\/noticias\\\/author\\\/admin\\\/#author\"},\"creator\":{\"@id\":\"https:\\\/\\\/candas365.es\\\/noticias\\\/author\\\/admin\\\/#author\"},\"image\":{\"@type\":\"ImageObject\",\"url\":\"https:\\\/\\\/candas365.es\\\/noticias\\\/wp-content\\\/uploads\\\/2020\\\/12\\\/ALEJANDRO-DAVIDOVICH.jpg\",\"@id\":\"https:\\\/\\\/candas365.es\\\/noticias\\\/martin-fiz-entrenara-al-tenista-malagueno-alejandro-davidovic\\\/#mainImage\",\"width\":862,\"height\":629,\"caption\":\"FOTO: ALEJANDRO DAVIDOVICH \\\/ EP\"},\"primaryImageOfPage\":{\"@id\":\"https:\\\/\\\/candas365.es\\\/noticias\\\/martin-fiz-entrenara-al-tenista-malagueno-alejandro-davidovic\\\/#mainImage\"},\"datePublished\":\"2020-12-10T21:48:36+01:00\",\"dateModified\":\"2020-12-10T21:48:36+01:00\"},{\"@type\":\"WebSite\",\"@id\":\"https:\\\/\\\/candas365.es\\\/noticias\\\/#website\",\"url\":\"https:\\\/\\\/candas365.es\\\/noticias\\\/\",\"name\":\"Cand\\u00e1s 365\",\"alternateName\":\"Cand\\u00e1s 365 Noticias\",\"description\":\"Actualidad desde Carre\\u00f1o para el mundo\",\"inLanguage\":\"es-ES\",\"publisher\":{\"@id\":\"https:\\\/\\\/candas365.es\\\/noticias\\\/#organization\"}}]}\n\t\t<\/script>\n\t\t<!-- All in One SEO Pro -->\r\n\t\t<title>Mart\u00edn Fiz entrenar\u00e1 al tenista malague\u00f1o Alejandro Davidovic | Cand\u00e1s 365<\/title>\n\n","aioseo_head_json":{"title":"Mart\u00edn Fiz entrenar\u00e1 al tenista malague\u00f1o Alejandro Davidovic | Cand\u00e1s 365","description":"El campe\u00f3n del mundo y de Europa de marat\u00f3n Mart\u00edn Fiz entrenar\u00e1 al tenista malague\u00f1o Alejandro Davidovich en 2021","canonical_url":"https:\/\/candas365.es\/noticias\/martin-fiz-entrenara-al-tenista-malagueno-alejandro-davidovic\/","robots":"max-image-preview:large","keywords":"deporte,tenis","webmasterTools":{"google-site-verification":"UA-32230408-1","msvalidate.01":"354F3CDFB2DA171B47FBE9ABF1F88D5","miscellaneous":""},"schema":{"@context":"https:\/\/schema.org","@graph":[{"@type":"BreadcrumbList","@id":"https:\/\/candas365.es\/noticias\/martin-fiz-entrenara-al-tenista-malagueno-alejandro-davidovic\/#breadcrumblist","itemListElement":[{"@type":"ListItem","@id":"https:\/\/candas365.es\/noticias#listItem","position":1,"name":"Home","item":"https:\/\/candas365.es\/noticias","nextItem":{"@type":"ListItem","@id":"https:\/\/candas365.es\/noticias\/category\/deporte\/#listItem","name":"Deporte"}},{"@type":"ListItem","@id":"https:\/\/candas365.es\/noticias\/category\/deporte\/#listItem","position":2,"name":"Deporte","item":"https:\/\/candas365.es\/noticias\/category\/deporte\/","nextItem":{"@type":"ListItem","@id":"https:\/\/candas365.es\/noticias\/martin-fiz-entrenara-al-tenista-malagueno-alejandro-davidovic\/#listItem","name":"Mart\u00edn Fiz entrenar\u00e1 al tenista malague\u00f1o Alejandro Davidovic"},"previousItem":{"@type":"ListItem","@id":"https:\/\/candas365.es\/noticias#listItem","name":"Home"}},{"@type":"ListItem","@id":"https:\/\/candas365.es\/noticias\/martin-fiz-entrenara-al-tenista-malagueno-alejandro-davidovic\/#listItem","position":3,"name":"Mart\u00edn Fiz entrenar\u00e1 al tenista malague\u00f1o Alejandro Davidovic","previousItem":{"@type":"ListItem","@id":"https:\/\/candas365.es\/noticias\/category\/deporte\/#listItem","name":"Deporte"}}]},{"@type":"NewsArticle","@id":"https:\/\/candas365.es\/noticias\/martin-fiz-entrenara-al-tenista-malagueno-alejandro-davidovic\/#newsarticle","name":"Mart\u00edn Fiz entrenar\u00e1 al tenista malague\u00f1o Alejandro Davidovic | Cand\u00e1s 365","headline":"Mart\u00edn Fiz entrenar\u00e1 al tenista malague\u00f1o Alejandro Davidovic","author":{"@id":"https:\/\/candas365.es\/noticias\/author\/admin\/#author"},"publisher":{"@id":"https:\/\/candas365.es\/noticias\/#organization"},"image":{"@type":"ImageObject","url":"https:\/\/candas365.es\/noticias\/wp-content\/uploads\/2020\/12\/ALEJANDRO-DAVIDOVICH.jpg","width":862,"height":629,"caption":"FOTO: ALEJANDRO DAVIDOVICH \/ EP"},"datePublished":"2020-12-10T21:48:36+01:00","dateModified":"2020-12-10T21:48:36+01:00","inLanguage":"es-ES","mainEntityOfPage":{"@id":"https:\/\/candas365.es\/noticias\/martin-fiz-entrenara-al-tenista-malagueno-alejandro-davidovic\/#webpage"},"isPartOf":{"@id":"https:\/\/candas365.es\/noticias\/martin-fiz-entrenara-al-tenista-malagueno-alejandro-davidovic\/#webpage"},"articleSection":"Deporte","dateline":"Publicado el diciembre 10, 2020."},{"@type":"Organization","@id":"https:\/\/candas365.es\/noticias\/#organization","name":"Cand\u00e1s 365","description":"Cand\u00e1s 365 es un diario digital independiente, fundado en 2012, con base en Asturias. Informamos con rigor sobre actualidad, sociedad, cultura y ocio, con una mirada local y global.","url":"https:\/\/candas365.es\/noticias\/","email":"info@candas365.es","telephone":"+34652131393","foundingDate":"2012-06-10","logo":{"@type":"ImageObject","url":"https:\/\/candas365.es\/noticias\/wp-content\/uploads\/2024\/09\/Candas-365-Redes.jpg","@id":"https:\/\/candas365.es\/noticias\/martin-fiz-entrenara-al-tenista-malagueno-alejandro-davidovic\/#organizationLogo","width":1152,"height":864,"caption":"Cand\u00e1s 365 Redes"},"image":{"@id":"https:\/\/candas365.es\/noticias\/martin-fiz-entrenara-al-tenista-malagueno-alejandro-davidovic\/#organizationLogo"},"sameAs":["https:\/\/www.facebook.com\/Nachofdezber","https:\/\/x.com\/NabercoDigital","https:\/\/www.instagram.com\/nachofdezber\/","https:\/\/www.youtube.com\/channel\/UCZP-2wLEB9Rv6erhFmqVnvg"],"address":{"@id":"https:\/\/candas365.es\/noticias\/#postaladdress","@type":"PostalAddress","streetAddress":"san antonio 4, san antonio 4","postalCode":"33430","addressLocality":"Cand\u00e1s","addressRegion":"Asturias","addressCountry":"ES"}},{"@type":"Person","@id":"https:\/\/candas365.es\/noticias\/author\/admin\/#author","url":"https:\/\/candas365.es\/noticias\/author\/admin\/","name":"Cand\u00e1s 365","image":{"@type":"ImageObject","@id":"https:\/\/candas365.es\/noticias\/martin-fiz-entrenara-al-tenista-malagueno-alejandro-davidovic\/#authorImage","url":"https:\/\/secure.gravatar.com\/avatar\/496a8e03d0c493ede1718b7934145dbdf8d89be1036b0eec9544e1094c9de390?s=96&d=mm&r=g","width":96,"height":96,"caption":"Cand\u00e1s 365"},"sameAs":["https:\/\/www.facebook.com\/carrenoactualidad","https:\/\/twitter.com\/nbasturias","https:\/\/www.instagram.com\/nachofdezber\/","https:\/\/www.youtube.com\/channel\/UCZP-2wLEB9Rv6erhFmqVnvg"]},{"@type":"WebPage","@id":"https:\/\/candas365.es\/noticias\/martin-fiz-entrenara-al-tenista-malagueno-alejandro-davidovic\/#webpage","url":"https:\/\/candas365.es\/noticias\/martin-fiz-entrenara-al-tenista-malagueno-alejandro-davidovic\/","name":"Mart\u00edn Fiz entrenar\u00e1 al tenista malague\u00f1o Alejandro Davidovic | Cand\u00e1s 365","description":"El campe\u00f3n del mundo y de Europa de marat\u00f3n Mart\u00edn Fiz entrenar\u00e1 al tenista malague\u00f1o Alejandro Davidovich en 2021","inLanguage":"es-ES","isPartOf":{"@id":"https:\/\/candas365.es\/noticias\/#website"},"breadcrumb":{"@id":"https:\/\/candas365.es\/noticias\/martin-fiz-entrenara-al-tenista-malagueno-alejandro-davidovic\/#breadcrumblist"},"author":{"@id":"https:\/\/candas365.es\/noticias\/author\/admin\/#author"},"creator":{"@id":"https:\/\/candas365.es\/noticias\/author\/admin\/#author"},"image":{"@type":"ImageObject","url":"https:\/\/candas365.es\/noticias\/wp-content\/uploads\/2020\/12\/ALEJANDRO-DAVIDOVICH.jpg","@id":"https:\/\/candas365.es\/noticias\/martin-fiz-entrenara-al-tenista-malagueno-alejandro-davidovic\/#mainImage","width":862,"height":629,"caption":"FOTO: ALEJANDRO DAVIDOVICH \/ EP"},"primaryImageOfPage":{"@id":"https:\/\/candas365.es\/noticias\/martin-fiz-entrenara-al-tenista-malagueno-alejandro-davidovic\/#mainImage"},"datePublished":"2020-12-10T21:48:36+01:00","dateModified":"2020-12-10T21:48:36+01:00"},{"@type":"WebSite","@id":"https:\/\/candas365.es\/noticias\/#website","url":"https:\/\/candas365.es\/noticias\/","name":"Cand\u00e1s 365","alternateName":"Cand\u00e1s 365 Noticias","description":"Actualidad desde Carre\u00f1o para el mundo","inLanguage":"es-ES","publisher":{"@id":"https:\/\/candas365.es\/noticias\/#organization"}}]},"og:locale":"es_ES","og:site_name":"Cand\u00e1s 365","og:type":"article","og:title":"Mart\u00edn Fiz entrenar\u00e1 al tenista malague\u00f1o Alejandro Davidovic | Cand\u00e1s 365","og:description":"El campe\u00f3n del mundo y de Europa de marat\u00f3n Mart\u00edn Fiz entrenar\u00e1 al tenista malague\u00f1o Alejandro Davidovich en 2021","og:url":"https:\/\/candas365.es\/noticias\/martin-fiz-entrenara-al-tenista-malagueno-alejandro-davidovic\/","og:image":"https:\/\/candas365.es\/noticias\/wp-content\/uploads\/2020\/12\/ALEJANDRO-DAVIDOVICH.jpg","og:image:secure_url":"https:\/\/candas365.es\/noticias\/wp-content\/uploads\/2020\/12\/ALEJANDRO-DAVIDOVICH.jpg","og:image:width":862,"og:image:height":629,"article:published_time":"2020-12-10T21:48:36+00:00","article:modified_time":"2020-12-10T21:48:36+00:00","article:publisher":"https:\/\/www.facebook.com\/Nachofdezber","article:author":"https:\/\/www.facebook.com\/carrenoactualidad","twitter:card":"summary_large_image","twitter:site":"@NabercoDigital","twitter:title":"Mart\u00edn Fiz entrenar\u00e1 al tenista malague\u00f1o Alejandro Davidovic | Cand\u00e1s 365","twitter:description":"El campe\u00f3n del mundo y de Europa de marat\u00f3n Mart\u00edn Fiz entrenar\u00e1 al tenista malague\u00f1o Alejandro Davidovich en 2021","twitter:creator":"@nbasturias","twitter:image":"https:\/\/candas365.es\/noticias\/wp-content\/uploads\/2020\/12\/ALEJANDRO-DAVIDOVICH.jpg","twitter:label1":"Escrito por","twitter:data1":"Cand\u00e1s 365","twitter:label2":"Tiempo de lectura estimado","twitter:data2":"1 minuto"},"aioseo_meta_data":{"post_id":"149776","title":null,"description":"El campe\u00f3n del mundo y de Europa de marat\u00f3n Mart\u00edn Fiz entrenar\u00e1 al tenista malague\u00f1o Alejandro Davidovich en 2021","keywords":[{"label":"Deporte","value":"Deporte"},{"label":"Tenis","value":"Tenis"}],"keyphrases":null,"primary_term":null,"canonical_url":"","og_title":null,"og_description":null,"og_object_type":"default","og_image_type":"default","og_image_url":null,"og_image_width":null,"og_image_height":null,"og_image_custom_url":null,"og_image_custom_fields":null,"og_video":null,"og_custom_url":null,"og_article_section":null,"og_article_tags":null,"twitter_use_og":false,"twitter_card":"default","twitter_image_type":"default","twitter_image_url":null,"twitter_image_custom_url":null,"twitter_image_custom_fields":null,"twitter_title":null,"twitter_description":null,"schema":{"blockGraphs":[],"customGraphs":[],"default":{"data":{"Article":[],"Course":[],"Dataset":[],"FAQPage":[],"Movie":[],"Person":[],"Product":[],"ProductReview":[],"Car":[],"Recipe":[],"Service":[],"SoftwareApplication":[],"WebPage":[]},"graphName":"","isEnabled":true},"graphs":[]},"schema_type":null,"schema_type_options":null,"pillar_content":false,"robots_default":true,"robots_noindex":false,"robots_noarchive":false,"robots_nosnippet":false,"robots_nofollow":false,"robots_noimageindex":false,"robots_noodp":false,"robots_notranslate":false,"robots_max_snippet":null,"robots_max_videopreview":null,"robots_max_imagepreview":"large","priority":null,"frequency":null,"location":null,"local_seo":null,"seo_analyzer_scan_date":"2025-08-31 15:11:23","breadcrumb_settings":null,"limit_modified_date":false,"reviewed_by":null,"open_ai":null,"ai":null,"created":"2020-12-21 10:37:30","updated":"2025-08-31 15:11:23"},"aioseo_breadcrumb":"<div class=\"aioseo-breadcrumbs\"><span class=\"aioseo-breadcrumb\">\n\t<a href=\"https:\/\/candas365.es\/noticias\" title=\"Home\">Home<\/a>\n<\/span><span class=\"aioseo-breadcrumb-separator\">&ndash;<\/span><span class=\"aioseo-breadcrumb\">\n\t<a href=\"https:\/\/candas365.es\/noticias\/category\/deporte\/\" title=\"Deporte\">Deporte<\/a>\n<\/span><span class=\"aioseo-breadcrumb-separator\">&ndash;<\/span><span class=\"aioseo-breadcrumb\">\n\tMart\u00edn Fiz entrenar\u00e1 al tenista malague\u00f1o Alejandro Davidovic\n<\/span><\/div>","aioseo_breadcrumb_json":[{"label":"Home","link":"https:\/\/candas365.es\/noticias"},{"label":"Deporte","link":"https:\/\/candas365.es\/noticias\/category\/deporte\/"},{"label":"Mart\u00edn Fiz entrenar\u00e1 al tenista malague\u00f1o Alejandro Davidovic","link":"https:\/\/candas365.es\/noticias\/martin-fiz-entrenara-al-tenista-malagueno-alejandro-davidovic\/"}],"_links":{"self":[{"href":"https:\/\/candas365.es\/noticias\/wp-json\/wp\/v2\/posts\/149776","targetHints":{"allow":["GET"]}}],"collection":[{"href":"https:\/\/candas365.es\/noticias\/wp-json\/wp\/v2\/posts"}],"about":[{"href":"https:\/\/candas365.es\/noticias\/wp-json\/wp\/v2\/types\/post"}],"author":[{"embeddable":true,"href":"https:\/\/candas365.es\/noticias\/wp-json\/wp\/v2\/users\/1"}],"replies":[{"embeddable":true,"href":"https:\/\/candas365.es\/noticias\/wp-json\/wp\/v2\/comments?post=149776"}],"version-history":[{"count":0,"href":"https:\/\/candas365.es\/noticias\/wp-json\/wp\/v2\/posts\/149776\/revisions"}],"wp:featuredmedia":[{"embeddable":true,"href":"https:\/\/candas365.es\/noticias\/wp-json\/wp\/v2\/media\/149777"}],"wp:attachment":[{"href":"https:\/\/candas365.es\/noticias\/wp-json\/wp\/v2\/media?parent=149776"}],"wp:term":[{"taxonomy":"category","embeddable":true,"href":"https:\/\/candas365.es\/noticias\/wp-json\/wp\/v2\/categories?post=149776"},{"taxonomy":"post_tag","embeddable":true,"href":"https:\/\/candas365.es\/noticias\/wp-json\/wp\/v2\/tags?post=149776"}],"curies":[{"name":"wp","href":"https:\/\/api.w.org\/{rel}","templated":true}]}}