{"id":149721,"date":"2020-12-09T18:41:04","date_gmt":"2020-12-09T18:41:04","guid":{"rendered":"http:\/\/candas365.es\/noticias\/?p=149721"},"modified":"2020-12-09T18:41:04","modified_gmt":"2020-12-09T18:41:04","slug":"punto-limpio-de-candas-nuevos-horarios-hasta-enero-de-2021","status":"publish","type":"post","link":"https:\/\/candas365.es\/noticias\/punto-limpio-de-candas-nuevos-horarios-hasta-enero-de-2021\/","title":{"rendered":"Punto Limpio de Cand\u00e1s: Nuevos horarios hasta enero de 2021"},"content":{"rendered":"<p><img fetchpriority=\"high\" decoding=\"async\" class=\"alignleft size-medium wp-image-149722\" src=\"https:\/\/candas365.es\/noticias\/wp-content\/uploads\/2020\/12\/nature-3289812_640-360x240.jpg\" alt=\"\" width=\"360\" height=\"240\" srcset=\"https:\/\/candas365.es\/noticias\/wp-content\/uploads\/2020\/12\/nature-3289812_640-360x240.jpg 360w, https:\/\/candas365.es\/noticias\/wp-content\/uploads\/2020\/12\/nature-3289812_640.jpg 640w\" sizes=\"(max-width: 360px) 100vw, 360px\" \/>El Ayuntamiento de Carre\u00f1o ha informado hoy, que d<strong>esde el 14 de diciembre de 2020 y hasta el pr\u00f3ximo 25 enero de 2021<\/strong>, el horario habitual de apertura al p\u00fablico del Punto Limpio ubicado en Cand\u00e1s, en el barrio de La Cruz, se ampl\u00eda dos horas entre semana y una hora los S\u00e1bados.<\/p>\n<p>\u201cEl objetivo de esta ampliaci\u00f3n del horario, es doble. Por un lado, recuperar las horas que, con motivo del estado de alarma, la instalaci\u00f3n permaneci\u00f3 cerrada no pudiendo prestarse el servicio a la vecindad. Y por otro, favorecer las opciones de reciclaje en un periodo en el que en las casas acumulamos m\u00e1s residuos voluminosos y reciclables\u201d, han dicho desde el Ayuntamiento.<\/p>\n<p>Adem\u00e1s es importante recordar que <strong>los Puntos Limpios son instalaciones pr\u00f3ximas a la ciudadan\u00eda<\/strong> donde depositar residuos especiales que, por sus caracter\u00edsticas (gran tama\u00f1o, pesados) o composici\u00f3n (potencialmente t\u00f3xicos, inflamables, etc.), deben segregarse el resto de la basura dom\u00e9stica para recibir un tratamiento especial con el fin de favorecer su reciclaje y evitar problemas en el tratamiento de otros residuos.<\/p>\n<p><strong>El servicio que se ofrece es un servicio p\u00fablico gratuito para los\/as particulares.<\/strong><\/p>\n<p>El horario en los pr\u00f3ximos d\u00edas del Punto Limpio de Candas ( entre el 14 de Diciembre y hasta el 25 de Enero) es el que sigue:<\/p>\n<p>\u2022 Lunes a Jueves de 9:00 a 14:00 horas y de 16:00 a 20:00 horas.<br \/>\n\u2022 Viernes de 9:00 a 14:00 horas y de 16:00 a 19:00 horas.<br \/>\n\u2022 S\u00e1bados de 9:00 a 14:00 horas.<\/p>\n<p>&nbsp;<\/p>\n","protected":false},"excerpt":{"rendered":"<p>El Ayuntamiento de Carre\u00f1o ha informado hoy, que desde el 14 de diciembre de 2020 y hasta el pr\u00f3ximo 25 enero de 2021, el horario habitual de apertura al p\u00fablico del Punto Limpio ubicado en Cand\u00e1s, en el barrio de La Cruz, se ampl\u00eda dos horas entre semana y una hora los S\u00e1bados. \u201cEl objetivo<\/p>\n","protected":false},"author":1,"featured_media":149722,"comment_status":"closed","ping_status":"closed","sticky":false,"template":"","format":"standard","meta":{"footnotes":""},"categories":[2],"tags":[],"class_list":{"0":"post-149721","1":"post","2":"type-post","3":"status-publish","4":"format-standard","5":"has-post-thumbnail","7":"category-noticias-carreno"},"aioseo_notices":[],"aioseo_head":"\n\t\t<!-- All in One SEO Pro 4.9.6.2 - aioseo.com -->\n\t<meta name=\"description\" content=\"El Ayuntamiento de Carre\u00f1o ha informado hoy, que desde el 14 de diciembre de 2020 y hasta el pr\u00f3ximo 25 enero de 2021\" \/>\n\t<meta name=\"robots\" content=\"max-image-preview:large\" \/>\n\t<meta name=\"author\" content=\"Cand\u00e1s 365\"\/>\n\t<meta name=\"google-site-verification\" content=\"UA-32230408-1\" \/>\n\t<meta name=\"msvalidate.01\" content=\"354F3CDFB2DA171B47FBE9ABF1F88D5\" \/>\n\t<meta name=\"keywords\" content=\"noticias cand\u00e1s,carre\u00f1o,noticias carre\u00f1o\" \/>\n\t<link rel=\"canonical\" href=\"https:\/\/candas365.es\/noticias\/punto-limpio-de-candas-nuevos-horarios-hasta-enero-de-2021\/\" \/>\n\t<meta name=\"generator\" content=\"All in One SEO Pro (AIOSEO) 4.9.6.2\" \/>\n\t\t<meta property=\"og:locale\" content=\"es_ES\" \/>\n\t\t<meta property=\"og:site_name\" content=\"Cand\u00e1s 365\" \/>\n\t\t<meta property=\"og:type\" content=\"article\" \/>\n\t\t<meta property=\"og:title\" content=\"Punto Limpio de Cand\u00e1s: Nuevos horarios hasta enero de 2021 | Cand\u00e1s 365\" \/>\n\t\t<meta property=\"og:description\" content=\"El Ayuntamiento de Carre\u00f1o ha informado hoy, que desde el 14 de diciembre de 2020 y hasta el pr\u00f3ximo 25 enero de 2021\" \/>\n\t\t<meta property=\"og:url\" content=\"https:\/\/candas365.es\/noticias\/punto-limpio-de-candas-nuevos-horarios-hasta-enero-de-2021\/\" \/>\n\t\t<meta property=\"og:image\" content=\"https:\/\/candas365.es\/noticias\/wp-content\/uploads\/2020\/12\/nature-3289812_640.jpg\" \/>\n\t\t<meta property=\"og:image:secure_url\" content=\"https:\/\/candas365.es\/noticias\/wp-content\/uploads\/2020\/12\/nature-3289812_640.jpg\" \/>\n\t\t<meta property=\"og:image:width\" content=\"640\" \/>\n\t\t<meta property=\"og:image:height\" content=\"426\" \/>\n\t\t<meta property=\"article:published_time\" content=\"2020-12-09T18:41:04+00:00\" \/>\n\t\t<meta property=\"article:modified_time\" content=\"2020-12-09T18:41:04+00:00\" \/>\n\t\t<meta property=\"article:publisher\" content=\"https:\/\/www.facebook.com\/Nachofdezber\" \/>\n\t\t<meta property=\"article:author\" content=\"https:\/\/www.facebook.com\/carrenoactualidad\" \/>\n\t\t<meta name=\"twitter:card\" content=\"summary_large_image\" \/>\n\t\t<meta name=\"twitter:site\" content=\"@NabercoDigital\" \/>\n\t\t<meta name=\"twitter:title\" content=\"Punto Limpio de Cand\u00e1s: Nuevos horarios hasta enero de 2021 | Cand\u00e1s 365\" \/>\n\t\t<meta name=\"twitter:description\" content=\"El Ayuntamiento de Carre\u00f1o ha informado hoy, que desde el 14 de diciembre de 2020 y hasta el pr\u00f3ximo 25 enero de 2021\" \/>\n\t\t<meta name=\"twitter:creator\" content=\"@nbasturias\" \/>\n\t\t<meta name=\"twitter:image\" content=\"https:\/\/candas365.es\/noticias\/wp-content\/uploads\/2020\/12\/nature-3289812_640.jpg\" \/>\n\t\t<meta name=\"twitter:label1\" content=\"Escrito por\" \/>\n\t\t<meta name=\"twitter:data1\" content=\"Cand\u00e1s 365\" \/>\n\t\t<meta name=\"twitter:label2\" content=\"Tiempo de lectura estimado\" \/>\n\t\t<meta name=\"twitter:data2\" content=\"1 minuto\" \/>\n\t\t<script type=\"application\/ld+json\" class=\"aioseo-schema\">\n\t\t\t{\"@context\":\"https:\\\/\\\/schema.org\",\"@graph\":[{\"@type\":\"BreadcrumbList\",\"@id\":\"https:\\\/\\\/candas365.es\\\/noticias\\\/punto-limpio-de-candas-nuevos-horarios-hasta-enero-de-2021\\\/#breadcrumblist\",\"itemListElement\":[{\"@type\":\"ListItem\",\"@id\":\"https:\\\/\\\/candas365.es\\\/noticias#listItem\",\"position\":1,\"name\":\"Home\",\"item\":\"https:\\\/\\\/candas365.es\\\/noticias\",\"nextItem\":{\"@type\":\"ListItem\",\"@id\":\"https:\\\/\\\/candas365.es\\\/noticias\\\/category\\\/noticias-carreno\\\/#listItem\",\"name\":\"Noticias Carre\\u00f1o\"}},{\"@type\":\"ListItem\",\"@id\":\"https:\\\/\\\/candas365.es\\\/noticias\\\/category\\\/noticias-carreno\\\/#listItem\",\"position\":2,\"name\":\"Noticias Carre\\u00f1o\",\"item\":\"https:\\\/\\\/candas365.es\\\/noticias\\\/category\\\/noticias-carreno\\\/\",\"nextItem\":{\"@type\":\"ListItem\",\"@id\":\"https:\\\/\\\/candas365.es\\\/noticias\\\/punto-limpio-de-candas-nuevos-horarios-hasta-enero-de-2021\\\/#listItem\",\"name\":\"Punto Limpio de Cand\\u00e1s: Nuevos horarios hasta enero de 2021\"},\"previousItem\":{\"@type\":\"ListItem\",\"@id\":\"https:\\\/\\\/candas365.es\\\/noticias#listItem\",\"name\":\"Home\"}},{\"@type\":\"ListItem\",\"@id\":\"https:\\\/\\\/candas365.es\\\/noticias\\\/punto-limpio-de-candas-nuevos-horarios-hasta-enero-de-2021\\\/#listItem\",\"position\":3,\"name\":\"Punto Limpio de Cand\\u00e1s: Nuevos horarios hasta enero de 2021\",\"previousItem\":{\"@type\":\"ListItem\",\"@id\":\"https:\\\/\\\/candas365.es\\\/noticias\\\/category\\\/noticias-carreno\\\/#listItem\",\"name\":\"Noticias Carre\\u00f1o\"}}]},{\"@type\":\"NewsArticle\",\"@id\":\"https:\\\/\\\/candas365.es\\\/noticias\\\/punto-limpio-de-candas-nuevos-horarios-hasta-enero-de-2021\\\/#newsarticle\",\"name\":\"Punto Limpio de Cand\\u00e1s: Nuevos horarios hasta enero de 2021 | Cand\\u00e1s 365\",\"headline\":\"Punto Limpio de Cand\\u00e1s: Nuevos horarios hasta enero de 2021\",\"author\":{\"@id\":\"https:\\\/\\\/candas365.es\\\/noticias\\\/author\\\/admin\\\/#author\"},\"publisher\":{\"@id\":\"https:\\\/\\\/candas365.es\\\/noticias\\\/#organization\"},\"image\":{\"@type\":\"ImageObject\",\"url\":\"https:\\\/\\\/candas365.es\\\/noticias\\\/wp-content\\\/uploads\\\/2020\\\/12\\\/nature-3289812_640.jpg\",\"width\":640,\"height\":426},\"datePublished\":\"2020-12-09T18:41:04+01:00\",\"dateModified\":\"2020-12-09T18:41:04+01:00\",\"inLanguage\":\"es-ES\",\"mainEntityOfPage\":{\"@id\":\"https:\\\/\\\/candas365.es\\\/noticias\\\/punto-limpio-de-candas-nuevos-horarios-hasta-enero-de-2021\\\/#webpage\"},\"isPartOf\":{\"@id\":\"https:\\\/\\\/candas365.es\\\/noticias\\\/punto-limpio-de-candas-nuevos-horarios-hasta-enero-de-2021\\\/#webpage\"},\"articleSection\":\"Noticias Carre\\u00f1o\",\"dateline\":\"Publicado el diciembre 9, 2020.\"},{\"@type\":\"Organization\",\"@id\":\"https:\\\/\\\/candas365.es\\\/noticias\\\/#organization\",\"name\":\"Cand\\u00e1s 365\",\"description\":\"Cand\\u00e1s 365 es un diario digital independiente, fundado en 2012, con base en Asturias. Informamos con rigor sobre actualidad, sociedad, cultura y ocio, con una mirada local y global.\",\"url\":\"https:\\\/\\\/candas365.es\\\/noticias\\\/\",\"email\":\"info@candas365.es\",\"telephone\":\"+34652131393\",\"foundingDate\":\"2012-06-10\",\"logo\":{\"@type\":\"ImageObject\",\"url\":\"https:\\\/\\\/candas365.es\\\/noticias\\\/wp-content\\\/uploads\\\/2024\\\/09\\\/Candas-365-Redes.jpg\",\"@id\":\"https:\\\/\\\/candas365.es\\\/noticias\\\/punto-limpio-de-candas-nuevos-horarios-hasta-enero-de-2021\\\/#organizationLogo\",\"width\":1152,\"height\":864,\"caption\":\"Cand\\u00e1s 365 Redes\"},\"image\":{\"@id\":\"https:\\\/\\\/candas365.es\\\/noticias\\\/punto-limpio-de-candas-nuevos-horarios-hasta-enero-de-2021\\\/#organizationLogo\"},\"sameAs\":[\"https:\\\/\\\/www.facebook.com\\\/Nachofdezber\",\"https:\\\/\\\/x.com\\\/NabercoDigital\",\"https:\\\/\\\/www.instagram.com\\\/nachofdezber\\\/\",\"https:\\\/\\\/www.youtube.com\\\/channel\\\/UCZP-2wLEB9Rv6erhFmqVnvg\"],\"address\":{\"@id\":\"https:\\\/\\\/candas365.es\\\/noticias\\\/#postaladdress\",\"@type\":\"PostalAddress\",\"streetAddress\":\"san antonio 4, san antonio 4\",\"postalCode\":\"33430\",\"addressLocality\":\"Cand\\u00e1s\",\"addressRegion\":\"Asturias\",\"addressCountry\":\"ES\"}},{\"@type\":\"Person\",\"@id\":\"https:\\\/\\\/candas365.es\\\/noticias\\\/author\\\/admin\\\/#author\",\"url\":\"https:\\\/\\\/candas365.es\\\/noticias\\\/author\\\/admin\\\/\",\"name\":\"Cand\\u00e1s 365\",\"image\":{\"@type\":\"ImageObject\",\"@id\":\"https:\\\/\\\/candas365.es\\\/noticias\\\/punto-limpio-de-candas-nuevos-horarios-hasta-enero-de-2021\\\/#authorImage\",\"url\":\"https:\\\/\\\/secure.gravatar.com\\\/avatar\\\/496a8e03d0c493ede1718b7934145dbdf8d89be1036b0eec9544e1094c9de390?s=96&d=mm&r=g\",\"width\":96,\"height\":96,\"caption\":\"Cand\\u00e1s 365\"},\"sameAs\":[\"https:\\\/\\\/www.facebook.com\\\/carrenoactualidad\",\"https:\\\/\\\/twitter.com\\\/nbasturias\",\"https:\\\/\\\/www.instagram.com\\\/nachofdezber\\\/\",\"https:\\\/\\\/www.youtube.com\\\/channel\\\/UCZP-2wLEB9Rv6erhFmqVnvg\"]},{\"@type\":\"WebPage\",\"@id\":\"https:\\\/\\\/candas365.es\\\/noticias\\\/punto-limpio-de-candas-nuevos-horarios-hasta-enero-de-2021\\\/#webpage\",\"url\":\"https:\\\/\\\/candas365.es\\\/noticias\\\/punto-limpio-de-candas-nuevos-horarios-hasta-enero-de-2021\\\/\",\"name\":\"Punto Limpio de Cand\\u00e1s: Nuevos horarios hasta enero de 2021 | Cand\\u00e1s 365\",\"description\":\"El Ayuntamiento de Carre\\u00f1o ha informado hoy, que desde el 14 de diciembre de 2020 y hasta el pr\\u00f3ximo 25 enero de 2021\",\"inLanguage\":\"es-ES\",\"isPartOf\":{\"@id\":\"https:\\\/\\\/candas365.es\\\/noticias\\\/#website\"},\"breadcrumb\":{\"@id\":\"https:\\\/\\\/candas365.es\\\/noticias\\\/punto-limpio-de-candas-nuevos-horarios-hasta-enero-de-2021\\\/#breadcrumblist\"},\"author\":{\"@id\":\"https:\\\/\\\/candas365.es\\\/noticias\\\/author\\\/admin\\\/#author\"},\"creator\":{\"@id\":\"https:\\\/\\\/candas365.es\\\/noticias\\\/author\\\/admin\\\/#author\"},\"image\":{\"@type\":\"ImageObject\",\"url\":\"https:\\\/\\\/candas365.es\\\/noticias\\\/wp-content\\\/uploads\\\/2020\\\/12\\\/nature-3289812_640.jpg\",\"@id\":\"https:\\\/\\\/candas365.es\\\/noticias\\\/punto-limpio-de-candas-nuevos-horarios-hasta-enero-de-2021\\\/#mainImage\",\"width\":640,\"height\":426},\"primaryImageOfPage\":{\"@id\":\"https:\\\/\\\/candas365.es\\\/noticias\\\/punto-limpio-de-candas-nuevos-horarios-hasta-enero-de-2021\\\/#mainImage\"},\"datePublished\":\"2020-12-09T18:41:04+01:00\",\"dateModified\":\"2020-12-09T18:41:04+01:00\"},{\"@type\":\"WebSite\",\"@id\":\"https:\\\/\\\/candas365.es\\\/noticias\\\/#website\",\"url\":\"https:\\\/\\\/candas365.es\\\/noticias\\\/\",\"name\":\"Cand\\u00e1s 365\",\"alternateName\":\"Cand\\u00e1s 365 Noticias\",\"description\":\"Actualidad desde Carre\\u00f1o para el mundo\",\"inLanguage\":\"es-ES\",\"publisher\":{\"@id\":\"https:\\\/\\\/candas365.es\\\/noticias\\\/#organization\"}}]}\n\t\t<\/script>\n\t\t<!-- All in One SEO Pro -->\r\n\t\t<title>Punto Limpio de Cand\u00e1s: Nuevos horarios hasta enero de 2021 | Cand\u00e1s 365<\/title>\n\n","aioseo_head_json":{"title":"Punto Limpio de Cand\u00e1s: Nuevos horarios hasta enero de 2021 | Cand\u00e1s 365","description":"El Ayuntamiento de Carre\u00f1o ha informado hoy, que desde el 14 de diciembre de 2020 y hasta el pr\u00f3ximo 25 enero de 2021","canonical_url":"https:\/\/candas365.es\/noticias\/punto-limpio-de-candas-nuevos-horarios-hasta-enero-de-2021\/","robots":"max-image-preview:large","keywords":"noticias cand\u00e1s,carre\u00f1o,noticias carre\u00f1o","webmasterTools":{"google-site-verification":"UA-32230408-1","msvalidate.01":"354F3CDFB2DA171B47FBE9ABF1F88D5","miscellaneous":""},"schema":{"@context":"https:\/\/schema.org","@graph":[{"@type":"BreadcrumbList","@id":"https:\/\/candas365.es\/noticias\/punto-limpio-de-candas-nuevos-horarios-hasta-enero-de-2021\/#breadcrumblist","itemListElement":[{"@type":"ListItem","@id":"https:\/\/candas365.es\/noticias#listItem","position":1,"name":"Home","item":"https:\/\/candas365.es\/noticias","nextItem":{"@type":"ListItem","@id":"https:\/\/candas365.es\/noticias\/category\/noticias-carreno\/#listItem","name":"Noticias Carre\u00f1o"}},{"@type":"ListItem","@id":"https:\/\/candas365.es\/noticias\/category\/noticias-carreno\/#listItem","position":2,"name":"Noticias Carre\u00f1o","item":"https:\/\/candas365.es\/noticias\/category\/noticias-carreno\/","nextItem":{"@type":"ListItem","@id":"https:\/\/candas365.es\/noticias\/punto-limpio-de-candas-nuevos-horarios-hasta-enero-de-2021\/#listItem","name":"Punto Limpio de Cand\u00e1s: Nuevos horarios hasta enero de 2021"},"previousItem":{"@type":"ListItem","@id":"https:\/\/candas365.es\/noticias#listItem","name":"Home"}},{"@type":"ListItem","@id":"https:\/\/candas365.es\/noticias\/punto-limpio-de-candas-nuevos-horarios-hasta-enero-de-2021\/#listItem","position":3,"name":"Punto Limpio de Cand\u00e1s: Nuevos horarios hasta enero de 2021","previousItem":{"@type":"ListItem","@id":"https:\/\/candas365.es\/noticias\/category\/noticias-carreno\/#listItem","name":"Noticias Carre\u00f1o"}}]},{"@type":"NewsArticle","@id":"https:\/\/candas365.es\/noticias\/punto-limpio-de-candas-nuevos-horarios-hasta-enero-de-2021\/#newsarticle","name":"Punto Limpio de Cand\u00e1s: Nuevos horarios hasta enero de 2021 | Cand\u00e1s 365","headline":"Punto Limpio de Cand\u00e1s: Nuevos horarios hasta enero de 2021","author":{"@id":"https:\/\/candas365.es\/noticias\/author\/admin\/#author"},"publisher":{"@id":"https:\/\/candas365.es\/noticias\/#organization"},"image":{"@type":"ImageObject","url":"https:\/\/candas365.es\/noticias\/wp-content\/uploads\/2020\/12\/nature-3289812_640.jpg","width":640,"height":426},"datePublished":"2020-12-09T18:41:04+01:00","dateModified":"2020-12-09T18:41:04+01:00","inLanguage":"es-ES","mainEntityOfPage":{"@id":"https:\/\/candas365.es\/noticias\/punto-limpio-de-candas-nuevos-horarios-hasta-enero-de-2021\/#webpage"},"isPartOf":{"@id":"https:\/\/candas365.es\/noticias\/punto-limpio-de-candas-nuevos-horarios-hasta-enero-de-2021\/#webpage"},"articleSection":"Noticias Carre\u00f1o","dateline":"Publicado el diciembre 9, 2020."},{"@type":"Organization","@id":"https:\/\/candas365.es\/noticias\/#organization","name":"Cand\u00e1s 365","description":"Cand\u00e1s 365 es un diario digital independiente, fundado en 2012, con base en Asturias. Informamos con rigor sobre actualidad, sociedad, cultura y ocio, con una mirada local y global.","url":"https:\/\/candas365.es\/noticias\/","email":"info@candas365.es","telephone":"+34652131393","foundingDate":"2012-06-10","logo":{"@type":"ImageObject","url":"https:\/\/candas365.es\/noticias\/wp-content\/uploads\/2024\/09\/Candas-365-Redes.jpg","@id":"https:\/\/candas365.es\/noticias\/punto-limpio-de-candas-nuevos-horarios-hasta-enero-de-2021\/#organizationLogo","width":1152,"height":864,"caption":"Cand\u00e1s 365 Redes"},"image":{"@id":"https:\/\/candas365.es\/noticias\/punto-limpio-de-candas-nuevos-horarios-hasta-enero-de-2021\/#organizationLogo"},"sameAs":["https:\/\/www.facebook.com\/Nachofdezber","https:\/\/x.com\/NabercoDigital","https:\/\/www.instagram.com\/nachofdezber\/","https:\/\/www.youtube.com\/channel\/UCZP-2wLEB9Rv6erhFmqVnvg"],"address":{"@id":"https:\/\/candas365.es\/noticias\/#postaladdress","@type":"PostalAddress","streetAddress":"san antonio 4, san antonio 4","postalCode":"33430","addressLocality":"Cand\u00e1s","addressRegion":"Asturias","addressCountry":"ES"}},{"@type":"Person","@id":"https:\/\/candas365.es\/noticias\/author\/admin\/#author","url":"https:\/\/candas365.es\/noticias\/author\/admin\/","name":"Cand\u00e1s 365","image":{"@type":"ImageObject","@id":"https:\/\/candas365.es\/noticias\/punto-limpio-de-candas-nuevos-horarios-hasta-enero-de-2021\/#authorImage","url":"https:\/\/secure.gravatar.com\/avatar\/496a8e03d0c493ede1718b7934145dbdf8d89be1036b0eec9544e1094c9de390?s=96&d=mm&r=g","width":96,"height":96,"caption":"Cand\u00e1s 365"},"sameAs":["https:\/\/www.facebook.com\/carrenoactualidad","https:\/\/twitter.com\/nbasturias","https:\/\/www.instagram.com\/nachofdezber\/","https:\/\/www.youtube.com\/channel\/UCZP-2wLEB9Rv6erhFmqVnvg"]},{"@type":"WebPage","@id":"https:\/\/candas365.es\/noticias\/punto-limpio-de-candas-nuevos-horarios-hasta-enero-de-2021\/#webpage","url":"https:\/\/candas365.es\/noticias\/punto-limpio-de-candas-nuevos-horarios-hasta-enero-de-2021\/","name":"Punto Limpio de Cand\u00e1s: Nuevos horarios hasta enero de 2021 | Cand\u00e1s 365","description":"El Ayuntamiento de Carre\u00f1o ha informado hoy, que desde el 14 de diciembre de 2020 y hasta el pr\u00f3ximo 25 enero de 2021","inLanguage":"es-ES","isPartOf":{"@id":"https:\/\/candas365.es\/noticias\/#website"},"breadcrumb":{"@id":"https:\/\/candas365.es\/noticias\/punto-limpio-de-candas-nuevos-horarios-hasta-enero-de-2021\/#breadcrumblist"},"author":{"@id":"https:\/\/candas365.es\/noticias\/author\/admin\/#author"},"creator":{"@id":"https:\/\/candas365.es\/noticias\/author\/admin\/#author"},"image":{"@type":"ImageObject","url":"https:\/\/candas365.es\/noticias\/wp-content\/uploads\/2020\/12\/nature-3289812_640.jpg","@id":"https:\/\/candas365.es\/noticias\/punto-limpio-de-candas-nuevos-horarios-hasta-enero-de-2021\/#mainImage","width":640,"height":426},"primaryImageOfPage":{"@id":"https:\/\/candas365.es\/noticias\/punto-limpio-de-candas-nuevos-horarios-hasta-enero-de-2021\/#mainImage"},"datePublished":"2020-12-09T18:41:04+01:00","dateModified":"2020-12-09T18:41:04+01:00"},{"@type":"WebSite","@id":"https:\/\/candas365.es\/noticias\/#website","url":"https:\/\/candas365.es\/noticias\/","name":"Cand\u00e1s 365","alternateName":"Cand\u00e1s 365 Noticias","description":"Actualidad desde Carre\u00f1o para el mundo","inLanguage":"es-ES","publisher":{"@id":"https:\/\/candas365.es\/noticias\/#organization"}}]},"og:locale":"es_ES","og:site_name":"Cand\u00e1s 365","og:type":"article","og:title":"Punto Limpio de Cand\u00e1s: Nuevos horarios hasta enero de 2021 | Cand\u00e1s 365","og:description":"El Ayuntamiento de Carre\u00f1o ha informado hoy, que desde el 14 de diciembre de 2020 y hasta el pr\u00f3ximo 25 enero de 2021","og:url":"https:\/\/candas365.es\/noticias\/punto-limpio-de-candas-nuevos-horarios-hasta-enero-de-2021\/","og:image":"https:\/\/candas365.es\/noticias\/wp-content\/uploads\/2020\/12\/nature-3289812_640.jpg","og:image:secure_url":"https:\/\/candas365.es\/noticias\/wp-content\/uploads\/2020\/12\/nature-3289812_640.jpg","og:image:width":640,"og:image:height":426,"article:published_time":"2020-12-09T18:41:04+00:00","article:modified_time":"2020-12-09T18:41:04+00:00","article:publisher":"https:\/\/www.facebook.com\/Nachofdezber","article:author":"https:\/\/www.facebook.com\/carrenoactualidad","twitter:card":"summary_large_image","twitter:site":"@NabercoDigital","twitter:title":"Punto Limpio de Cand\u00e1s: Nuevos horarios hasta enero de 2021 | Cand\u00e1s 365","twitter:description":"El Ayuntamiento de Carre\u00f1o ha informado hoy, que desde el 14 de diciembre de 2020 y hasta el pr\u00f3ximo 25 enero de 2021","twitter:creator":"@nbasturias","twitter:image":"https:\/\/candas365.es\/noticias\/wp-content\/uploads\/2020\/12\/nature-3289812_640.jpg","twitter:label1":"Escrito por","twitter:data1":"Cand\u00e1s 365","twitter:label2":"Tiempo de lectura estimado","twitter:data2":"1 minuto"},"aioseo_meta_data":{"post_id":"149721","title":"Punto Limpio de Cand\u00e1s: Nuevos horarios hasta enero de 2021 | #site_title","description":"El Ayuntamiento de Carre\u00f1o ha informado hoy, que desde el 14 de diciembre de 2020 y hasta el pr\u00f3ximo 25 enero de 2021","keywords":[{"label":"Noticias Cand\u00e1s","value":"Noticias Cand\u00e1s"},{"label":"Carre\u00f1o","value":"Carre\u00f1o"}],"keyphrases":null,"primary_term":null,"canonical_url":"","og_title":null,"og_description":null,"og_object_type":"default","og_image_type":"default","og_image_url":null,"og_image_width":null,"og_image_height":null,"og_image_custom_url":null,"og_image_custom_fields":null,"og_video":null,"og_custom_url":null,"og_article_section":null,"og_article_tags":null,"twitter_use_og":false,"twitter_card":"default","twitter_image_type":"default","twitter_image_url":null,"twitter_image_custom_url":null,"twitter_image_custom_fields":null,"twitter_title":null,"twitter_description":null,"schema":{"blockGraphs":[],"customGraphs":[],"default":{"data":{"Article":[],"Course":[],"Dataset":[],"FAQPage":[],"Movie":[],"Person":[],"Product":[],"ProductReview":[],"Car":[],"Recipe":[],"Service":[],"SoftwareApplication":[],"WebPage":[]},"graphName":"","isEnabled":true},"graphs":[],"defaultGraph":"","defaultPostTypeGraph":""},"schema_type":null,"schema_type_options":null,"pillar_content":false,"robots_default":true,"robots_noindex":false,"robots_noarchive":false,"robots_nosnippet":false,"robots_nofollow":false,"robots_noimageindex":false,"robots_noodp":false,"robots_notranslate":false,"robots_max_snippet":null,"robots_max_videopreview":null,"robots_max_imagepreview":"large","priority":null,"frequency":null,"location":null,"local_seo":null,"seo_analyzer_scan_date":"2025-08-31 15:07:29","breadcrumb_settings":null,"limit_modified_date":false,"reviewed_by":null,"open_ai":null,"ai":null,"created":"2020-12-21 10:35:54","updated":"2025-08-31 15:07:29"},"aioseo_breadcrumb":"<div class=\"aioseo-breadcrumbs\"><span class=\"aioseo-breadcrumb\">\n\t<a href=\"https:\/\/candas365.es\/noticias\" title=\"Home\">Home<\/a>\n<\/span><span class=\"aioseo-breadcrumb-separator\">&ndash;<\/span><span class=\"aioseo-breadcrumb\">\n\t<a href=\"https:\/\/candas365.es\/noticias\/category\/noticias-carreno\/\" title=\"Noticias Carre\u00f1o\">Noticias Carre\u00f1o<\/a>\n<\/span><span class=\"aioseo-breadcrumb-separator\">&ndash;<\/span><span class=\"aioseo-breadcrumb\">\n\tPunto Limpio de Cand\u00e1s: Nuevos horarios hasta enero de 2021\n<\/span><\/div>","aioseo_breadcrumb_json":[{"label":"Home","link":"https:\/\/candas365.es\/noticias"},{"label":"Noticias Carre\u00f1o","link":"https:\/\/candas365.es\/noticias\/category\/noticias-carreno\/"},{"label":"Punto Limpio de Cand\u00e1s: Nuevos horarios hasta enero de 2021","link":"https:\/\/candas365.es\/noticias\/punto-limpio-de-candas-nuevos-horarios-hasta-enero-de-2021\/"}],"_links":{"self":[{"href":"https:\/\/candas365.es\/noticias\/wp-json\/wp\/v2\/posts\/149721","targetHints":{"allow":["GET"]}}],"collection":[{"href":"https:\/\/candas365.es\/noticias\/wp-json\/wp\/v2\/posts"}],"about":[{"href":"https:\/\/candas365.es\/noticias\/wp-json\/wp\/v2\/types\/post"}],"author":[{"embeddable":true,"href":"https:\/\/candas365.es\/noticias\/wp-json\/wp\/v2\/users\/1"}],"replies":[{"embeddable":true,"href":"https:\/\/candas365.es\/noticias\/wp-json\/wp\/v2\/comments?post=149721"}],"version-history":[{"count":0,"href":"https:\/\/candas365.es\/noticias\/wp-json\/wp\/v2\/posts\/149721\/revisions"}],"wp:featuredmedia":[{"embeddable":true,"href":"https:\/\/candas365.es\/noticias\/wp-json\/wp\/v2\/media\/149722"}],"wp:attachment":[{"href":"https:\/\/candas365.es\/noticias\/wp-json\/wp\/v2\/media?parent=149721"}],"wp:term":[{"taxonomy":"category","embeddable":true,"href":"https:\/\/candas365.es\/noticias\/wp-json\/wp\/v2\/categories?post=149721"},{"taxonomy":"post_tag","embeddable":true,"href":"https:\/\/candas365.es\/noticias\/wp-json\/wp\/v2\/tags?post=149721"}],"curies":[{"name":"wp","href":"https:\/\/api.w.org\/{rel}","templated":true}]}}