{"id":149717,"date":"2020-12-09T17:03:25","date_gmt":"2020-12-09T17:03:25","guid":{"rendered":"http:\/\/candas365.es\/noticias\/?p=149717"},"modified":"2020-12-09T17:04:24","modified_gmt":"2020-12-09T17:04:24","slug":"carreno-solidario-2020-gracias-a-las-voluntarias-de-las-mascarillas","status":"publish","type":"post","link":"https:\/\/candas365.es\/noticias\/carreno-solidario-2020-gracias-a-las-voluntarias-de-las-mascarillas\/","title":{"rendered":"Carre\u00f1o solidario 2020: Gracias a las voluntarias de las mascarillas"},"content":{"rendered":"<p><img fetchpriority=\"high\" decoding=\"async\" class=\"alignleft size-medium wp-image-144732\" src=\"https:\/\/candas365.es\/noticias\/wp-content\/uploads\/2020\/07\/medical-mask-5085513_640-360x270.jpg\" alt=\"\" width=\"360\" height=\"270\" srcset=\"https:\/\/candas365.es\/noticias\/wp-content\/uploads\/2020\/07\/medical-mask-5085513_640-360x270.jpg 360w, https:\/\/candas365.es\/noticias\/wp-content\/uploads\/2020\/07\/medical-mask-5085513_640-560x420.jpg 560w, https:\/\/candas365.es\/noticias\/wp-content\/uploads\/2020\/07\/medical-mask-5085513_640-80x60.jpg 80w, https:\/\/candas365.es\/noticias\/wp-content\/uploads\/2020\/07\/medical-mask-5085513_640-265x198.jpg 265w, https:\/\/candas365.es\/noticias\/wp-content\/uploads\/2020\/07\/medical-mask-5085513_640.jpg 640w\" sizes=\"(max-width: 360px) 100vw, 360px\" \/>La vida pasa muy deprisa, <strong>y muchas veces \u201colvidamos\u201d los detalles que hacen grandes a un Concejo<\/strong>, tenemos que mirar a la <strong>\u00faltima semana del mes de Abril<\/strong> de 2020, para recordar al grupo de voluntarias organizado por el Ayuntamiento de Carre\u00f1o y que en colaboraci\u00f3n con \u00e9ste estaban confeccionando mascarillas para personas adultas, y que adem\u00e1s luego fueron confeccionando mascarillas de tama\u00f1os y patrones adecuados para menores.<\/p>\n<p>Desde nuestro medio no os olvidamos y os damos las <strong>gracias a las cerca de 100 voluntarias que trabajaron duramente cuando el Covid-19 comenzaba a ser parte de nuestras vidas.<\/strong><\/p>\n<p>Las mascarillas infantiles fueron confeccionadas con la tela homologada que una empresa, ubicada en el valle de Tam\u00f3n, don\u00f3 al Ayuntamiento y siguiendo los par\u00e1metros de la autoridad sanitaria de Asturias. Asumiendo el Consistorio los gastos derivados de la goma necesaria y posterior esterilizaci\u00f3n de las mismas.<\/p>\n<p>Estas mascarillas se pusieron a disposici\u00f3n de la ciudadan\u00eda en diferentes puntos del concejo y para hacerlas llegar a estos puntos de recogida tambi\u00e9n se cont\u00f3 con la inestimable ayuda de la <strong>Asamblea Local de Cruz Roja<\/strong>.<\/p>\n<p>Para todos ellos y para ellas, <strong>gracias por vuestro trabajo y dedicaci\u00f3n<\/strong>.<\/p>\n","protected":false},"excerpt":{"rendered":"<p>La vida pasa muy deprisa, y muchas veces \u201colvidamos\u201d los detalles que hacen grandes a un Concejo, tenemos que mirar a la \u00faltima semana del mes de Abril de 2020, para recordar al grupo de voluntarias organizado por el Ayuntamiento de Carre\u00f1o y que en colaboraci\u00f3n con \u00e9ste estaban confeccionando mascarillas para personas adultas, y<\/p>\n","protected":false},"author":1,"featured_media":144732,"comment_status":"closed","ping_status":"closed","sticky":false,"template":"","format":"standard","meta":{"footnotes":""},"categories":[2],"tags":[],"class_list":{"0":"post-149717","1":"post","2":"type-post","3":"status-publish","4":"format-standard","5":"has-post-thumbnail","7":"category-noticias-carreno"},"aioseo_notices":[],"aioseo_head":"\n\t\t<!-- All in One SEO Pro 4.9.6.2 - aioseo.com -->\n\t<meta name=\"description\" content=\"Recordar al grupo de voluntarias organizado por el Ayuntamiento de Carre\u00f1o y que en colaboraci\u00f3n con \u00e9ste estaban confeccionando mascarillas\" \/>\n\t<meta name=\"robots\" content=\"max-image-preview:large\" \/>\n\t<meta name=\"author\" content=\"Cand\u00e1s 365\"\/>\n\t<meta name=\"google-site-verification\" content=\"UA-32230408-1\" \/>\n\t<meta name=\"msvalidate.01\" content=\"354F3CDFB2DA171B47FBE9ABF1F88D5\" \/>\n\t<meta name=\"keywords\" content=\"noticias carre\u00f1o,2020,solidarias\" \/>\n\t<link rel=\"canonical\" href=\"https:\/\/candas365.es\/noticias\/carreno-solidario-2020-gracias-a-las-voluntarias-de-las-mascarillas\/\" \/>\n\t<meta name=\"generator\" content=\"All in One SEO Pro (AIOSEO) 4.9.6.2\" \/>\n\t\t<meta property=\"og:locale\" content=\"es_ES\" \/>\n\t\t<meta property=\"og:site_name\" content=\"Cand\u00e1s 365\" \/>\n\t\t<meta property=\"og:type\" content=\"article\" \/>\n\t\t<meta property=\"og:title\" content=\"Carre\u00f1o solidario 2020: Gracias a las voluntarias de las mascarillas | Cand\u00e1s 365\" \/>\n\t\t<meta property=\"og:description\" content=\"Recordar al grupo de voluntarias organizado por el Ayuntamiento de Carre\u00f1o y que en colaboraci\u00f3n con \u00e9ste estaban confeccionando mascarillas\" \/>\n\t\t<meta property=\"og:url\" content=\"https:\/\/candas365.es\/noticias\/carreno-solidario-2020-gracias-a-las-voluntarias-de-las-mascarillas\/\" \/>\n\t\t<meta property=\"og:image\" content=\"https:\/\/candas365.es\/noticias\/wp-content\/uploads\/2020\/07\/medical-mask-5085513_640.jpg\" \/>\n\t\t<meta property=\"og:image:secure_url\" content=\"https:\/\/candas365.es\/noticias\/wp-content\/uploads\/2020\/07\/medical-mask-5085513_640.jpg\" \/>\n\t\t<meta property=\"og:image:width\" content=\"640\" \/>\n\t\t<meta property=\"og:image:height\" content=\"480\" \/>\n\t\t<meta property=\"article:published_time\" content=\"2020-12-09T17:03:25+00:00\" \/>\n\t\t<meta property=\"article:modified_time\" content=\"2020-12-09T17:04:24+00:00\" \/>\n\t\t<meta property=\"article:publisher\" content=\"https:\/\/www.facebook.com\/Nachofdezber\" \/>\n\t\t<meta property=\"article:author\" content=\"https:\/\/www.facebook.com\/carrenoactualidad\" \/>\n\t\t<meta name=\"twitter:card\" content=\"summary_large_image\" \/>\n\t\t<meta name=\"twitter:site\" content=\"@NabercoDigital\" \/>\n\t\t<meta name=\"twitter:title\" content=\"Carre\u00f1o solidario 2020: Gracias a las voluntarias de las mascarillas | Cand\u00e1s 365\" \/>\n\t\t<meta name=\"twitter:description\" content=\"Recordar al grupo de voluntarias organizado por el Ayuntamiento de Carre\u00f1o y que en colaboraci\u00f3n con \u00e9ste estaban confeccionando mascarillas\" \/>\n\t\t<meta name=\"twitter:creator\" content=\"@nbasturias\" \/>\n\t\t<meta name=\"twitter:image\" content=\"https:\/\/candas365.es\/noticias\/wp-content\/uploads\/2020\/07\/medical-mask-5085513_640.jpg\" \/>\n\t\t<meta name=\"twitter:label1\" content=\"Escrito por\" \/>\n\t\t<meta name=\"twitter:data1\" content=\"Cand\u00e1s 365\" \/>\n\t\t<meta name=\"twitter:label2\" content=\"Tiempo de lectura estimado\" \/>\n\t\t<meta name=\"twitter:data2\" content=\"1 minuto\" \/>\n\t\t<script type=\"application\/ld+json\" class=\"aioseo-schema\">\n\t\t\t{\"@context\":\"https:\\\/\\\/schema.org\",\"@graph\":[{\"@type\":\"BreadcrumbList\",\"@id\":\"https:\\\/\\\/candas365.es\\\/noticias\\\/carreno-solidario-2020-gracias-a-las-voluntarias-de-las-mascarillas\\\/#breadcrumblist\",\"itemListElement\":[{\"@type\":\"ListItem\",\"@id\":\"https:\\\/\\\/candas365.es\\\/noticias#listItem\",\"position\":1,\"name\":\"Home\",\"item\":\"https:\\\/\\\/candas365.es\\\/noticias\",\"nextItem\":{\"@type\":\"ListItem\",\"@id\":\"https:\\\/\\\/candas365.es\\\/noticias\\\/category\\\/noticias-carreno\\\/#listItem\",\"name\":\"Noticias Carre\\u00f1o\"}},{\"@type\":\"ListItem\",\"@id\":\"https:\\\/\\\/candas365.es\\\/noticias\\\/category\\\/noticias-carreno\\\/#listItem\",\"position\":2,\"name\":\"Noticias Carre\\u00f1o\",\"item\":\"https:\\\/\\\/candas365.es\\\/noticias\\\/category\\\/noticias-carreno\\\/\",\"nextItem\":{\"@type\":\"ListItem\",\"@id\":\"https:\\\/\\\/candas365.es\\\/noticias\\\/carreno-solidario-2020-gracias-a-las-voluntarias-de-las-mascarillas\\\/#listItem\",\"name\":\"Carre\\u00f1o solidario 2020: Gracias a las voluntarias de las mascarillas\"},\"previousItem\":{\"@type\":\"ListItem\",\"@id\":\"https:\\\/\\\/candas365.es\\\/noticias#listItem\",\"name\":\"Home\"}},{\"@type\":\"ListItem\",\"@id\":\"https:\\\/\\\/candas365.es\\\/noticias\\\/carreno-solidario-2020-gracias-a-las-voluntarias-de-las-mascarillas\\\/#listItem\",\"position\":3,\"name\":\"Carre\\u00f1o solidario 2020: Gracias a las voluntarias de las mascarillas\",\"previousItem\":{\"@type\":\"ListItem\",\"@id\":\"https:\\\/\\\/candas365.es\\\/noticias\\\/category\\\/noticias-carreno\\\/#listItem\",\"name\":\"Noticias Carre\\u00f1o\"}}]},{\"@type\":\"NewsArticle\",\"@id\":\"https:\\\/\\\/candas365.es\\\/noticias\\\/carreno-solidario-2020-gracias-a-las-voluntarias-de-las-mascarillas\\\/#newsarticle\",\"name\":\"Carre\\u00f1o solidario 2020: Gracias a las voluntarias de las mascarillas | Cand\\u00e1s 365\",\"headline\":\"Carre\\u00f1o solidario 2020: Gracias a las voluntarias de las mascarillas\",\"author\":{\"@id\":\"https:\\\/\\\/candas365.es\\\/noticias\\\/author\\\/admin\\\/#author\"},\"publisher\":{\"@id\":\"https:\\\/\\\/candas365.es\\\/noticias\\\/#organization\"},\"image\":{\"@type\":\"ImageObject\",\"url\":\"https:\\\/\\\/candas365.es\\\/noticias\\\/wp-content\\\/uploads\\\/2020\\\/07\\\/medical-mask-5085513_640.jpg\",\"width\":640,\"height\":480},\"datePublished\":\"2020-12-09T17:03:25+01:00\",\"dateModified\":\"2020-12-09T17:04:24+01:00\",\"inLanguage\":\"es-ES\",\"mainEntityOfPage\":{\"@id\":\"https:\\\/\\\/candas365.es\\\/noticias\\\/carreno-solidario-2020-gracias-a-las-voluntarias-de-las-mascarillas\\\/#webpage\"},\"isPartOf\":{\"@id\":\"https:\\\/\\\/candas365.es\\\/noticias\\\/carreno-solidario-2020-gracias-a-las-voluntarias-de-las-mascarillas\\\/#webpage\"},\"articleSection\":\"Noticias Carre\\u00f1o\",\"dateline\":\"Publicado el diciembre 9, 2020.\"},{\"@type\":\"Organization\",\"@id\":\"https:\\\/\\\/candas365.es\\\/noticias\\\/#organization\",\"name\":\"Cand\\u00e1s 365\",\"description\":\"Cand\\u00e1s 365 es un diario digital independiente, fundado en 2012, con base en Asturias. Informamos con rigor sobre actualidad, sociedad, cultura y ocio, con una mirada local y global.\",\"url\":\"https:\\\/\\\/candas365.es\\\/noticias\\\/\",\"email\":\"info@candas365.es\",\"telephone\":\"+34652131393\",\"foundingDate\":\"2012-06-10\",\"logo\":{\"@type\":\"ImageObject\",\"url\":\"https:\\\/\\\/candas365.es\\\/noticias\\\/wp-content\\\/uploads\\\/2024\\\/09\\\/Candas-365-Redes.jpg\",\"@id\":\"https:\\\/\\\/candas365.es\\\/noticias\\\/carreno-solidario-2020-gracias-a-las-voluntarias-de-las-mascarillas\\\/#organizationLogo\",\"width\":1152,\"height\":864,\"caption\":\"Cand\\u00e1s 365 Redes\"},\"image\":{\"@id\":\"https:\\\/\\\/candas365.es\\\/noticias\\\/carreno-solidario-2020-gracias-a-las-voluntarias-de-las-mascarillas\\\/#organizationLogo\"},\"sameAs\":[\"https:\\\/\\\/www.facebook.com\\\/Nachofdezber\",\"https:\\\/\\\/x.com\\\/NabercoDigital\",\"https:\\\/\\\/www.instagram.com\\\/nachofdezber\\\/\",\"https:\\\/\\\/www.youtube.com\\\/channel\\\/UCZP-2wLEB9Rv6erhFmqVnvg\"],\"address\":{\"@id\":\"https:\\\/\\\/candas365.es\\\/noticias\\\/#postaladdress\",\"@type\":\"PostalAddress\",\"streetAddress\":\"san antonio 4, san antonio 4\",\"postalCode\":\"33430\",\"addressLocality\":\"Cand\\u00e1s\",\"addressRegion\":\"Asturias\",\"addressCountry\":\"ES\"}},{\"@type\":\"Person\",\"@id\":\"https:\\\/\\\/candas365.es\\\/noticias\\\/author\\\/admin\\\/#author\",\"url\":\"https:\\\/\\\/candas365.es\\\/noticias\\\/author\\\/admin\\\/\",\"name\":\"Cand\\u00e1s 365\",\"image\":{\"@type\":\"ImageObject\",\"@id\":\"https:\\\/\\\/candas365.es\\\/noticias\\\/carreno-solidario-2020-gracias-a-las-voluntarias-de-las-mascarillas\\\/#authorImage\",\"url\":\"https:\\\/\\\/secure.gravatar.com\\\/avatar\\\/496a8e03d0c493ede1718b7934145dbdf8d89be1036b0eec9544e1094c9de390?s=96&d=mm&r=g\",\"width\":96,\"height\":96,\"caption\":\"Cand\\u00e1s 365\"},\"sameAs\":[\"https:\\\/\\\/www.facebook.com\\\/carrenoactualidad\",\"https:\\\/\\\/twitter.com\\\/nbasturias\",\"https:\\\/\\\/www.instagram.com\\\/nachofdezber\\\/\",\"https:\\\/\\\/www.youtube.com\\\/channel\\\/UCZP-2wLEB9Rv6erhFmqVnvg\"]},{\"@type\":\"WebPage\",\"@id\":\"https:\\\/\\\/candas365.es\\\/noticias\\\/carreno-solidario-2020-gracias-a-las-voluntarias-de-las-mascarillas\\\/#webpage\",\"url\":\"https:\\\/\\\/candas365.es\\\/noticias\\\/carreno-solidario-2020-gracias-a-las-voluntarias-de-las-mascarillas\\\/\",\"name\":\"Carre\\u00f1o solidario 2020: Gracias a las voluntarias de las mascarillas | Cand\\u00e1s 365\",\"description\":\"Recordar al grupo de voluntarias organizado por el Ayuntamiento de Carre\\u00f1o y que en colaboraci\\u00f3n con \\u00e9ste estaban confeccionando mascarillas\",\"inLanguage\":\"es-ES\",\"isPartOf\":{\"@id\":\"https:\\\/\\\/candas365.es\\\/noticias\\\/#website\"},\"breadcrumb\":{\"@id\":\"https:\\\/\\\/candas365.es\\\/noticias\\\/carreno-solidario-2020-gracias-a-las-voluntarias-de-las-mascarillas\\\/#breadcrumblist\"},\"author\":{\"@id\":\"https:\\\/\\\/candas365.es\\\/noticias\\\/author\\\/admin\\\/#author\"},\"creator\":{\"@id\":\"https:\\\/\\\/candas365.es\\\/noticias\\\/author\\\/admin\\\/#author\"},\"image\":{\"@type\":\"ImageObject\",\"url\":\"https:\\\/\\\/candas365.es\\\/noticias\\\/wp-content\\\/uploads\\\/2020\\\/07\\\/medical-mask-5085513_640.jpg\",\"@id\":\"https:\\\/\\\/candas365.es\\\/noticias\\\/carreno-solidario-2020-gracias-a-las-voluntarias-de-las-mascarillas\\\/#mainImage\",\"width\":640,\"height\":480},\"primaryImageOfPage\":{\"@id\":\"https:\\\/\\\/candas365.es\\\/noticias\\\/carreno-solidario-2020-gracias-a-las-voluntarias-de-las-mascarillas\\\/#mainImage\"},\"datePublished\":\"2020-12-09T17:03:25+01:00\",\"dateModified\":\"2020-12-09T17:04:24+01:00\"},{\"@type\":\"WebSite\",\"@id\":\"https:\\\/\\\/candas365.es\\\/noticias\\\/#website\",\"url\":\"https:\\\/\\\/candas365.es\\\/noticias\\\/\",\"name\":\"Cand\\u00e1s 365\",\"alternateName\":\"Cand\\u00e1s 365 Noticias\",\"description\":\"Actualidad desde Carre\\u00f1o para el mundo\",\"inLanguage\":\"es-ES\",\"publisher\":{\"@id\":\"https:\\\/\\\/candas365.es\\\/noticias\\\/#organization\"}}]}\n\t\t<\/script>\n\t\t<!-- All in One SEO Pro -->\r\n\t\t<title>Carre\u00f1o solidario 2020: Gracias a las voluntarias de las mascarillas | Cand\u00e1s 365<\/title>\n\n","aioseo_head_json":{"title":"Carre\u00f1o solidario 2020: Gracias a las voluntarias de las mascarillas | Cand\u00e1s 365","description":"Recordar al grupo de voluntarias organizado por el Ayuntamiento de Carre\u00f1o y que en colaboraci\u00f3n con \u00e9ste estaban confeccionando mascarillas","canonical_url":"https:\/\/candas365.es\/noticias\/carreno-solidario-2020-gracias-a-las-voluntarias-de-las-mascarillas\/","robots":"max-image-preview:large","keywords":"noticias carre\u00f1o,2020,solidarias","webmasterTools":{"google-site-verification":"UA-32230408-1","msvalidate.01":"354F3CDFB2DA171B47FBE9ABF1F88D5","miscellaneous":""},"schema":{"@context":"https:\/\/schema.org","@graph":[{"@type":"BreadcrumbList","@id":"https:\/\/candas365.es\/noticias\/carreno-solidario-2020-gracias-a-las-voluntarias-de-las-mascarillas\/#breadcrumblist","itemListElement":[{"@type":"ListItem","@id":"https:\/\/candas365.es\/noticias#listItem","position":1,"name":"Home","item":"https:\/\/candas365.es\/noticias","nextItem":{"@type":"ListItem","@id":"https:\/\/candas365.es\/noticias\/category\/noticias-carreno\/#listItem","name":"Noticias Carre\u00f1o"}},{"@type":"ListItem","@id":"https:\/\/candas365.es\/noticias\/category\/noticias-carreno\/#listItem","position":2,"name":"Noticias Carre\u00f1o","item":"https:\/\/candas365.es\/noticias\/category\/noticias-carreno\/","nextItem":{"@type":"ListItem","@id":"https:\/\/candas365.es\/noticias\/carreno-solidario-2020-gracias-a-las-voluntarias-de-las-mascarillas\/#listItem","name":"Carre\u00f1o solidario 2020: Gracias a las voluntarias de las mascarillas"},"previousItem":{"@type":"ListItem","@id":"https:\/\/candas365.es\/noticias#listItem","name":"Home"}},{"@type":"ListItem","@id":"https:\/\/candas365.es\/noticias\/carreno-solidario-2020-gracias-a-las-voluntarias-de-las-mascarillas\/#listItem","position":3,"name":"Carre\u00f1o solidario 2020: Gracias a las voluntarias de las mascarillas","previousItem":{"@type":"ListItem","@id":"https:\/\/candas365.es\/noticias\/category\/noticias-carreno\/#listItem","name":"Noticias Carre\u00f1o"}}]},{"@type":"NewsArticle","@id":"https:\/\/candas365.es\/noticias\/carreno-solidario-2020-gracias-a-las-voluntarias-de-las-mascarillas\/#newsarticle","name":"Carre\u00f1o solidario 2020: Gracias a las voluntarias de las mascarillas | Cand\u00e1s 365","headline":"Carre\u00f1o solidario 2020: Gracias a las voluntarias de las mascarillas","author":{"@id":"https:\/\/candas365.es\/noticias\/author\/admin\/#author"},"publisher":{"@id":"https:\/\/candas365.es\/noticias\/#organization"},"image":{"@type":"ImageObject","url":"https:\/\/candas365.es\/noticias\/wp-content\/uploads\/2020\/07\/medical-mask-5085513_640.jpg","width":640,"height":480},"datePublished":"2020-12-09T17:03:25+01:00","dateModified":"2020-12-09T17:04:24+01:00","inLanguage":"es-ES","mainEntityOfPage":{"@id":"https:\/\/candas365.es\/noticias\/carreno-solidario-2020-gracias-a-las-voluntarias-de-las-mascarillas\/#webpage"},"isPartOf":{"@id":"https:\/\/candas365.es\/noticias\/carreno-solidario-2020-gracias-a-las-voluntarias-de-las-mascarillas\/#webpage"},"articleSection":"Noticias Carre\u00f1o","dateline":"Publicado el diciembre 9, 2020."},{"@type":"Organization","@id":"https:\/\/candas365.es\/noticias\/#organization","name":"Cand\u00e1s 365","description":"Cand\u00e1s 365 es un diario digital independiente, fundado en 2012, con base en Asturias. Informamos con rigor sobre actualidad, sociedad, cultura y ocio, con una mirada local y global.","url":"https:\/\/candas365.es\/noticias\/","email":"info@candas365.es","telephone":"+34652131393","foundingDate":"2012-06-10","logo":{"@type":"ImageObject","url":"https:\/\/candas365.es\/noticias\/wp-content\/uploads\/2024\/09\/Candas-365-Redes.jpg","@id":"https:\/\/candas365.es\/noticias\/carreno-solidario-2020-gracias-a-las-voluntarias-de-las-mascarillas\/#organizationLogo","width":1152,"height":864,"caption":"Cand\u00e1s 365 Redes"},"image":{"@id":"https:\/\/candas365.es\/noticias\/carreno-solidario-2020-gracias-a-las-voluntarias-de-las-mascarillas\/#organizationLogo"},"sameAs":["https:\/\/www.facebook.com\/Nachofdezber","https:\/\/x.com\/NabercoDigital","https:\/\/www.instagram.com\/nachofdezber\/","https:\/\/www.youtube.com\/channel\/UCZP-2wLEB9Rv6erhFmqVnvg"],"address":{"@id":"https:\/\/candas365.es\/noticias\/#postaladdress","@type":"PostalAddress","streetAddress":"san antonio 4, san antonio 4","postalCode":"33430","addressLocality":"Cand\u00e1s","addressRegion":"Asturias","addressCountry":"ES"}},{"@type":"Person","@id":"https:\/\/candas365.es\/noticias\/author\/admin\/#author","url":"https:\/\/candas365.es\/noticias\/author\/admin\/","name":"Cand\u00e1s 365","image":{"@type":"ImageObject","@id":"https:\/\/candas365.es\/noticias\/carreno-solidario-2020-gracias-a-las-voluntarias-de-las-mascarillas\/#authorImage","url":"https:\/\/secure.gravatar.com\/avatar\/496a8e03d0c493ede1718b7934145dbdf8d89be1036b0eec9544e1094c9de390?s=96&d=mm&r=g","width":96,"height":96,"caption":"Cand\u00e1s 365"},"sameAs":["https:\/\/www.facebook.com\/carrenoactualidad","https:\/\/twitter.com\/nbasturias","https:\/\/www.instagram.com\/nachofdezber\/","https:\/\/www.youtube.com\/channel\/UCZP-2wLEB9Rv6erhFmqVnvg"]},{"@type":"WebPage","@id":"https:\/\/candas365.es\/noticias\/carreno-solidario-2020-gracias-a-las-voluntarias-de-las-mascarillas\/#webpage","url":"https:\/\/candas365.es\/noticias\/carreno-solidario-2020-gracias-a-las-voluntarias-de-las-mascarillas\/","name":"Carre\u00f1o solidario 2020: Gracias a las voluntarias de las mascarillas | Cand\u00e1s 365","description":"Recordar al grupo de voluntarias organizado por el Ayuntamiento de Carre\u00f1o y que en colaboraci\u00f3n con \u00e9ste estaban confeccionando mascarillas","inLanguage":"es-ES","isPartOf":{"@id":"https:\/\/candas365.es\/noticias\/#website"},"breadcrumb":{"@id":"https:\/\/candas365.es\/noticias\/carreno-solidario-2020-gracias-a-las-voluntarias-de-las-mascarillas\/#breadcrumblist"},"author":{"@id":"https:\/\/candas365.es\/noticias\/author\/admin\/#author"},"creator":{"@id":"https:\/\/candas365.es\/noticias\/author\/admin\/#author"},"image":{"@type":"ImageObject","url":"https:\/\/candas365.es\/noticias\/wp-content\/uploads\/2020\/07\/medical-mask-5085513_640.jpg","@id":"https:\/\/candas365.es\/noticias\/carreno-solidario-2020-gracias-a-las-voluntarias-de-las-mascarillas\/#mainImage","width":640,"height":480},"primaryImageOfPage":{"@id":"https:\/\/candas365.es\/noticias\/carreno-solidario-2020-gracias-a-las-voluntarias-de-las-mascarillas\/#mainImage"},"datePublished":"2020-12-09T17:03:25+01:00","dateModified":"2020-12-09T17:04:24+01:00"},{"@type":"WebSite","@id":"https:\/\/candas365.es\/noticias\/#website","url":"https:\/\/candas365.es\/noticias\/","name":"Cand\u00e1s 365","alternateName":"Cand\u00e1s 365 Noticias","description":"Actualidad desde Carre\u00f1o para el mundo","inLanguage":"es-ES","publisher":{"@id":"https:\/\/candas365.es\/noticias\/#organization"}}]},"og:locale":"es_ES","og:site_name":"Cand\u00e1s 365","og:type":"article","og:title":"Carre\u00f1o solidario 2020: Gracias a las voluntarias de las mascarillas | Cand\u00e1s 365","og:description":"Recordar al grupo de voluntarias organizado por el Ayuntamiento de Carre\u00f1o y que en colaboraci\u00f3n con \u00e9ste estaban confeccionando mascarillas","og:url":"https:\/\/candas365.es\/noticias\/carreno-solidario-2020-gracias-a-las-voluntarias-de-las-mascarillas\/","og:image":"https:\/\/candas365.es\/noticias\/wp-content\/uploads\/2020\/07\/medical-mask-5085513_640.jpg","og:image:secure_url":"https:\/\/candas365.es\/noticias\/wp-content\/uploads\/2020\/07\/medical-mask-5085513_640.jpg","og:image:width":640,"og:image:height":480,"article:published_time":"2020-12-09T17:03:25+00:00","article:modified_time":"2020-12-09T17:04:24+00:00","article:publisher":"https:\/\/www.facebook.com\/Nachofdezber","article:author":"https:\/\/www.facebook.com\/carrenoactualidad","twitter:card":"summary_large_image","twitter:site":"@NabercoDigital","twitter:title":"Carre\u00f1o solidario 2020: Gracias a las voluntarias de las mascarillas | Cand\u00e1s 365","twitter:description":"Recordar al grupo de voluntarias organizado por el Ayuntamiento de Carre\u00f1o y que en colaboraci\u00f3n con \u00e9ste estaban confeccionando mascarillas","twitter:creator":"@nbasturias","twitter:image":"https:\/\/candas365.es\/noticias\/wp-content\/uploads\/2020\/07\/medical-mask-5085513_640.jpg","twitter:label1":"Escrito por","twitter:data1":"Cand\u00e1s 365","twitter:label2":"Tiempo de lectura estimado","twitter:data2":"1 minuto"},"aioseo_meta_data":{"post_id":"149717","title":"Carre\u00f1o solidario 2020: Gracias a las voluntarias de las mascarillas | #site_title","description":"Recordar al grupo de voluntarias organizado por el Ayuntamiento de Carre\u00f1o y que en colaboraci\u00f3n con \u00e9ste estaban confeccionando mascarillas","keywords":[{"label":"Noticias Carre\u00f1o","value":"Noticias Carre\u00f1o"},{"label":"2020","value":"2020"},{"label":"solidarias","value":"solidarias"}],"keyphrases":null,"primary_term":null,"canonical_url":"","og_title":null,"og_description":null,"og_object_type":"default","og_image_type":"default","og_image_url":null,"og_image_width":null,"og_image_height":null,"og_image_custom_url":null,"og_image_custom_fields":null,"og_video":null,"og_custom_url":null,"og_article_section":null,"og_article_tags":null,"twitter_use_og":false,"twitter_card":"default","twitter_image_type":"default","twitter_image_url":null,"twitter_image_custom_url":null,"twitter_image_custom_fields":null,"twitter_title":null,"twitter_description":null,"schema":{"blockGraphs":[],"customGraphs":[],"default":{"data":{"Article":[],"Course":[],"Dataset":[],"FAQPage":[],"Movie":[],"Person":[],"Product":[],"ProductReview":[],"Car":[],"Recipe":[],"Service":[],"SoftwareApplication":[],"WebPage":[]},"graphName":"","isEnabled":true},"graphs":[],"defaultGraph":"","defaultPostTypeGraph":""},"schema_type":null,"schema_type_options":null,"pillar_content":false,"robots_default":true,"robots_noindex":false,"robots_noarchive":false,"robots_nosnippet":false,"robots_nofollow":false,"robots_noimageindex":false,"robots_noodp":false,"robots_notranslate":false,"robots_max_snippet":null,"robots_max_videopreview":null,"robots_max_imagepreview":"large","priority":null,"frequency":null,"location":null,"local_seo":null,"seo_analyzer_scan_date":"2025-08-31 15:07:28","breadcrumb_settings":null,"limit_modified_date":false,"reviewed_by":null,"open_ai":null,"ai":null,"created":"2020-12-21 10:35:54","updated":"2025-08-31 15:07:28"},"aioseo_breadcrumb":"<div class=\"aioseo-breadcrumbs\"><span class=\"aioseo-breadcrumb\">\n\t<a href=\"https:\/\/candas365.es\/noticias\" title=\"Home\">Home<\/a>\n<\/span><span class=\"aioseo-breadcrumb-separator\">&ndash;<\/span><span class=\"aioseo-breadcrumb\">\n\t<a href=\"https:\/\/candas365.es\/noticias\/category\/noticias-carreno\/\" title=\"Noticias Carre\u00f1o\">Noticias Carre\u00f1o<\/a>\n<\/span><span class=\"aioseo-breadcrumb-separator\">&ndash;<\/span><span class=\"aioseo-breadcrumb\">\n\tCarre\u00f1o solidario 2020: Gracias a las voluntarias de las mascarillas\n<\/span><\/div>","aioseo_breadcrumb_json":[{"label":"Home","link":"https:\/\/candas365.es\/noticias"},{"label":"Noticias Carre\u00f1o","link":"https:\/\/candas365.es\/noticias\/category\/noticias-carreno\/"},{"label":"Carre\u00f1o solidario 2020: Gracias a las voluntarias de las mascarillas","link":"https:\/\/candas365.es\/noticias\/carreno-solidario-2020-gracias-a-las-voluntarias-de-las-mascarillas\/"}],"_links":{"self":[{"href":"https:\/\/candas365.es\/noticias\/wp-json\/wp\/v2\/posts\/149717","targetHints":{"allow":["GET"]}}],"collection":[{"href":"https:\/\/candas365.es\/noticias\/wp-json\/wp\/v2\/posts"}],"about":[{"href":"https:\/\/candas365.es\/noticias\/wp-json\/wp\/v2\/types\/post"}],"author":[{"embeddable":true,"href":"https:\/\/candas365.es\/noticias\/wp-json\/wp\/v2\/users\/1"}],"replies":[{"embeddable":true,"href":"https:\/\/candas365.es\/noticias\/wp-json\/wp\/v2\/comments?post=149717"}],"version-history":[{"count":0,"href":"https:\/\/candas365.es\/noticias\/wp-json\/wp\/v2\/posts\/149717\/revisions"}],"wp:featuredmedia":[{"embeddable":true,"href":"https:\/\/candas365.es\/noticias\/wp-json\/wp\/v2\/media\/144732"}],"wp:attachment":[{"href":"https:\/\/candas365.es\/noticias\/wp-json\/wp\/v2\/media?parent=149717"}],"wp:term":[{"taxonomy":"category","embeddable":true,"href":"https:\/\/candas365.es\/noticias\/wp-json\/wp\/v2\/categories?post=149717"},{"taxonomy":"post_tag","embeddable":true,"href":"https:\/\/candas365.es\/noticias\/wp-json\/wp\/v2\/tags?post=149717"}],"curies":[{"name":"wp","href":"https:\/\/api.w.org\/{rel}","templated":true}]}}