{"id":149705,"date":"2020-12-09T14:15:13","date_gmt":"2020-12-09T14:15:13","guid":{"rendered":"http:\/\/candas365.es\/noticias\/?p=149705"},"modified":"2020-12-09T14:15:13","modified_gmt":"2020-12-09T14:15:13","slug":"ayuntamiento-y-la-banda-gaites-candas-firman-un-nuevo-convenio","status":"publish","type":"post","link":"https:\/\/candas365.es\/noticias\/ayuntamiento-y-la-banda-gaites-candas-firman-un-nuevo-convenio\/","title":{"rendered":"Ayuntamiento y la Banda Gaites Cand\u00e1s firman un nuevo convenio"},"content":{"rendered":"<p><strong><img fetchpriority=\"high\" decoding=\"async\" class=\"alignleft size-medium wp-image-149706\" src=\"https:\/\/candas365.es\/noticias\/wp-content\/uploads\/2020\/12\/Banda-Gaites-Candas-360x269.jpg\" alt=\"Banda Gaites Cand\u00e1s\" width=\"360\" height=\"269\" srcset=\"https:\/\/candas365.es\/noticias\/wp-content\/uploads\/2020\/12\/Banda-Gaites-Candas-360x269.jpg 360w, https:\/\/candas365.es\/noticias\/wp-content\/uploads\/2020\/12\/Banda-Gaites-Candas.jpg 600w\" sizes=\"(max-width: 360px) 100vw, 360px\" \/>El Ayuntamiento de Carre\u00f1o y la Banda Gaites Cand\u00e1s firman un convenio de colaboraci\u00f3n por un importe de 25.400 \u20ac<\/strong> para que la entidad musical pueda hacer frente a los gastos derivados de su actividad como es, el impulso del estudio y promoci\u00f3n de la m\u00fasica y cultura asturiana, su labor educativa o la organizaci\u00f3n del festival de gaitas \u201cVilla de Cand\u00e1s\u201d. Dicho acuerdo se firm\u00f3 telem\u00e1ticamente por el Presidente de la asociaci\u00f3n \u201cBanda Gaites Cand\u00e1s\u201d, Daniel Garc\u00eda Vega y Amelia Fern\u00e1ndez L\u00f3pez, Alcaldesa de Carre\u00f1o.<\/p>\n<p>\u201cDetr\u00e1s de cada actuaci\u00f3n, desfile o concierto de la Banda se encuentra el trabajo de grandes profesionales no s\u00f3lo desde el punto de vista musical, sino tambi\u00e9n la apuesta del colectivo por la protecci\u00f3n y promoci\u00f3n de nuestras tradiciones en todos los sentidos. Un trabajo al hay que sumar la labor pedag\u00f3gica y educativa que la entidad lleva a cabo en su escuela tradicional de m\u00fasica en donde se imparten las ense\u00f1anzas de lenguaje musical, gaita y percusi\u00f3n a los\/as escolinos\/as, futuros\/as m\u00fasicos\/as de la \u201cBanda\u201d. Un trabajo que tiene su recompensa en la expectaci\u00f3n que provoca cada una de sus actuaciones, no s\u00f3lo en Carre\u00f1o, sino en Espa\u00f1a o por ejemplo en el Festival Interc\u00e9ltico de Lorient\u201d se\u00f1al\u00f3 Amelia Fern\u00e1ndez \u2013 Alcaldesa de Carre\u00f1o.<\/p>\n<p>\u201cEl Ayuntamiento de Carre\u00f1o s\u00f3lo puede agradecer el trabajo de la entidad musical viene realizando desde 1989, lo que la ha convertido en la primera banda asturiana en haber competido en el 1\u00ba grado de la Liga Gallega de Bandes de Gaites, convirti\u00e9ndose en la XIV edici\u00f3n de la Liga Gallega en la campeona en la 1\u00aa fase o alz\u00e1ndose con el III Campeonatu Nacional de Bandes de Gaites Asturianes, llevando el nombre de Cand\u00e1s, de Carre\u00f1o por todos los rincones del mundo\u201d a\u00f1adi\u00f3 la Alcaldesa.<\/p>\n<p>\u201cDesde el verano de 1997, ininterrumpidamente, ven\u00edan organizando en colaboraci\u00f3n con el Ayuntamiento de Carre\u00f1o el Festival de Bandes de Gaites \u201cVilla de Cand\u00e1s\u201d, el sonido de la tradici\u00f3n, que a\u00f1o a a\u00f1o nos trasladan las bandas de gaitas provenientes del mundo celta, inundando las calles y rincones de la villa de cultura, m\u00fasica y alegr\u00eda. Lo que hace que este encuentro musical se convierta en una de las grandes citas musicales del verano asturiano al ser el \u00fanico dedicado exclusivamente a Bandas de Gaites. Un encuentro que en su XXIV edici\u00f3n tuvo que suspenderse como consecuencia de la situaci\u00f3n sanitaria, pero que ha provocado que, la directiva de la entidad, afronte, si cabe, con mayor fuerza y ganas la pr\u00f3xima edici\u00f3n\u201d explic\u00f3 la Primera Edil.<\/p>\n<p>En la actualidad la \u201cBanda Gaites Cand\u00e1s\u201d la forman 38 componentes, de los cuales 27 son gaiteros\/as y 11 percusionistas, mientras que en la escuela tradicional de m\u00fasica est\u00e1n cursando sus estudios 25 escolinos\/as en la modalidad de gaita y 12 en percusi\u00f3n. Siendo su director el candas\u00edn Velu M\u00fa\u00f1iz. Su repertorio se compone b\u00e1sicamente de adaptaciones armonizadas de temas tradicionales asturianos, incorporando temas de otras culturas del Arco Atl\u00e1ntico, s\u00f3lo de percusi\u00f3n y composiciones originales.<\/p>\n<p>\u201cEl convenio tiene una vigencia anual, previ\u00e9ndose su modificaci\u00f3n y pr\u00f3rroga por per\u00edodos de igual duraci\u00f3n, siempre y cuando exista cr\u00e9dito suficiente consignado en el presupuesto municipal. La \u201cBanda\u201d, a trav\u00e9s del mismo, se compromete a desarrollar su contenido y presentar una memoria final de actividades y balance econ\u00f3mico junto con la justificaci\u00f3n de los gastos del a\u00f1o en curso\u201d \u2013 detall\u00f3 la regidora.<\/p>\n<p>\u201cLa entidad musical, en el marco de esta colaboraci\u00f3n, ofrecer\u00e1 un total de 15 actuaciones gratuitas en diferentes eventos y parroquias del Concejo, 9 las ofrecer\u00e1 la Banda de Gaites y 6 ser\u00e1n las que ofrecer\u00e1 la Bandina. En el caso de no poder celebrarse debido a la pandemia, estas quedar\u00e1n pendientes, sum\u00e1ndose a las actuaciones a realizar en el 2021. As\u00ed mismo se estipula un descuento especial de 30% para el resto de sus actuaciones que el Consistorio de Carre\u00f1o le contrate, en todos aquellos actos a celebrar en Carre\u00f1o o fuera de \u00e9l para su promoci\u00f3n o intercambio cultural\u201d finaliz\u00f3 Fern\u00e1ndez.<\/p>\n<p>&nbsp;<\/p>\n","protected":false},"excerpt":{"rendered":"<p>El Ayuntamiento de Carre\u00f1o y la Banda Gaites Cand\u00e1s firman un convenio de colaboraci\u00f3n por un importe de 25.400 \u20ac para que la entidad musical pueda hacer frente a los gastos derivados de su actividad como es, el impulso del estudio y promoci\u00f3n de la m\u00fasica y cultura asturiana, su labor educativa o la organizaci\u00f3n<\/p>\n","protected":false},"author":1,"featured_media":149706,"comment_status":"closed","ping_status":"closed","sticky":false,"template":"","format":"standard","meta":{"footnotes":""},"categories":[2],"tags":[],"class_list":{"0":"post-149705","1":"post","2":"type-post","3":"status-publish","4":"format-standard","5":"has-post-thumbnail","7":"category-noticias-carreno"},"aioseo_notices":[],"aioseo_head":"\n\t\t<!-- All in One SEO Pro 4.9.6.2 - aioseo.com -->\n\t<meta name=\"description\" content=\"La entidad musical, en el marco de esta colaboraci\u00f3n, ofrecer\u00e1 un total de 15 actuaciones gratuitas en diferentes eventos y parroquias del Concejo\" \/>\n\t<meta name=\"robots\" content=\"max-image-preview:large\" \/>\n\t<meta name=\"author\" content=\"Cand\u00e1s 365\"\/>\n\t<meta name=\"google-site-verification\" content=\"UA-32230408-1\" \/>\n\t<meta name=\"msvalidate.01\" content=\"354F3CDFB2DA171B47FBE9ABF1F88D5\" \/>\n\t<meta name=\"keywords\" content=\"noticias cand\u00e1s,carre\u00f1o,noticias carre\u00f1o\" \/>\n\t<link rel=\"canonical\" href=\"https:\/\/candas365.es\/noticias\/ayuntamiento-y-la-banda-gaites-candas-firman-un-nuevo-convenio\/\" \/>\n\t<meta name=\"generator\" content=\"All in One SEO Pro (AIOSEO) 4.9.6.2\" \/>\n\t\t<meta property=\"og:locale\" content=\"es_ES\" \/>\n\t\t<meta property=\"og:site_name\" content=\"Cand\u00e1s 365\" \/>\n\t\t<meta property=\"og:type\" content=\"article\" \/>\n\t\t<meta property=\"og:title\" content=\"Ayuntamiento y la Banda Gaites Cand\u00e1s firman un nuevo convenio | Cand\u00e1s 365\" \/>\n\t\t<meta property=\"og:description\" content=\"La entidad musical, en el marco de esta colaboraci\u00f3n, ofrecer\u00e1 un total de 15 actuaciones gratuitas en diferentes eventos y parroquias del Concejo\" \/>\n\t\t<meta property=\"og:url\" content=\"https:\/\/candas365.es\/noticias\/ayuntamiento-y-la-banda-gaites-candas-firman-un-nuevo-convenio\/\" \/>\n\t\t<meta property=\"og:image\" content=\"https:\/\/candas365.es\/noticias\/wp-content\/uploads\/2020\/12\/Banda-Gaites-Candas.jpg\" \/>\n\t\t<meta property=\"og:image:secure_url\" content=\"https:\/\/candas365.es\/noticias\/wp-content\/uploads\/2020\/12\/Banda-Gaites-Candas.jpg\" \/>\n\t\t<meta property=\"og:image:width\" content=\"600\" \/>\n\t\t<meta property=\"og:image:height\" content=\"449\" \/>\n\t\t<meta property=\"article:published_time\" content=\"2020-12-09T14:15:13+00:00\" \/>\n\t\t<meta property=\"article:modified_time\" content=\"2020-12-09T14:15:13+00:00\" \/>\n\t\t<meta property=\"article:publisher\" content=\"https:\/\/www.facebook.com\/Nachofdezber\" \/>\n\t\t<meta property=\"article:author\" content=\"https:\/\/www.facebook.com\/carrenoactualidad\" \/>\n\t\t<meta name=\"twitter:card\" content=\"summary_large_image\" \/>\n\t\t<meta name=\"twitter:site\" content=\"@NabercoDigital\" \/>\n\t\t<meta name=\"twitter:title\" content=\"Ayuntamiento y la Banda Gaites Cand\u00e1s firman un nuevo convenio | Cand\u00e1s 365\" \/>\n\t\t<meta name=\"twitter:description\" content=\"La entidad musical, en el marco de esta colaboraci\u00f3n, ofrecer\u00e1 un total de 15 actuaciones gratuitas en diferentes eventos y parroquias del Concejo\" \/>\n\t\t<meta name=\"twitter:creator\" content=\"@nbasturias\" \/>\n\t\t<meta name=\"twitter:image\" content=\"https:\/\/candas365.es\/noticias\/wp-content\/uploads\/2020\/12\/Banda-Gaites-Candas.jpg\" \/>\n\t\t<meta name=\"twitter:label1\" content=\"Escrito por\" \/>\n\t\t<meta name=\"twitter:data1\" content=\"Cand\u00e1s 365\" \/>\n\t\t<meta name=\"twitter:label2\" content=\"Tiempo de lectura estimado\" \/>\n\t\t<meta name=\"twitter:data2\" content=\"4 minutos\" \/>\n\t\t<script type=\"application\/ld+json\" class=\"aioseo-schema\">\n\t\t\t{\"@context\":\"https:\\\/\\\/schema.org\",\"@graph\":[{\"@type\":\"BreadcrumbList\",\"@id\":\"https:\\\/\\\/candas365.es\\\/noticias\\\/ayuntamiento-y-la-banda-gaites-candas-firman-un-nuevo-convenio\\\/#breadcrumblist\",\"itemListElement\":[{\"@type\":\"ListItem\",\"@id\":\"https:\\\/\\\/candas365.es\\\/noticias#listItem\",\"position\":1,\"name\":\"Home\",\"item\":\"https:\\\/\\\/candas365.es\\\/noticias\",\"nextItem\":{\"@type\":\"ListItem\",\"@id\":\"https:\\\/\\\/candas365.es\\\/noticias\\\/category\\\/noticias-carreno\\\/#listItem\",\"name\":\"Noticias Carre\\u00f1o\"}},{\"@type\":\"ListItem\",\"@id\":\"https:\\\/\\\/candas365.es\\\/noticias\\\/category\\\/noticias-carreno\\\/#listItem\",\"position\":2,\"name\":\"Noticias Carre\\u00f1o\",\"item\":\"https:\\\/\\\/candas365.es\\\/noticias\\\/category\\\/noticias-carreno\\\/\",\"nextItem\":{\"@type\":\"ListItem\",\"@id\":\"https:\\\/\\\/candas365.es\\\/noticias\\\/ayuntamiento-y-la-banda-gaites-candas-firman-un-nuevo-convenio\\\/#listItem\",\"name\":\"Ayuntamiento y la Banda Gaites Cand\\u00e1s firman un nuevo convenio\"},\"previousItem\":{\"@type\":\"ListItem\",\"@id\":\"https:\\\/\\\/candas365.es\\\/noticias#listItem\",\"name\":\"Home\"}},{\"@type\":\"ListItem\",\"@id\":\"https:\\\/\\\/candas365.es\\\/noticias\\\/ayuntamiento-y-la-banda-gaites-candas-firman-un-nuevo-convenio\\\/#listItem\",\"position\":3,\"name\":\"Ayuntamiento y la Banda Gaites Cand\\u00e1s firman un nuevo convenio\",\"previousItem\":{\"@type\":\"ListItem\",\"@id\":\"https:\\\/\\\/candas365.es\\\/noticias\\\/category\\\/noticias-carreno\\\/#listItem\",\"name\":\"Noticias Carre\\u00f1o\"}}]},{\"@type\":\"NewsArticle\",\"@id\":\"https:\\\/\\\/candas365.es\\\/noticias\\\/ayuntamiento-y-la-banda-gaites-candas-firman-un-nuevo-convenio\\\/#newsarticle\",\"name\":\"Ayuntamiento y la Banda Gaites Cand\\u00e1s firman un nuevo convenio | Cand\\u00e1s 365\",\"headline\":\"Ayuntamiento y la Banda Gaites Cand\\u00e1s firman un nuevo convenio\",\"author\":{\"@id\":\"https:\\\/\\\/candas365.es\\\/noticias\\\/author\\\/admin\\\/#author\"},\"publisher\":{\"@id\":\"https:\\\/\\\/candas365.es\\\/noticias\\\/#organization\"},\"image\":{\"@type\":\"ImageObject\",\"url\":\"https:\\\/\\\/candas365.es\\\/noticias\\\/wp-content\\\/uploads\\\/2020\\\/12\\\/Banda-Gaites-Candas.jpg\",\"width\":600,\"height\":449,\"caption\":\"Banda Gaites Cand\\u00e1s\"},\"datePublished\":\"2020-12-09T14:15:13+01:00\",\"dateModified\":\"2020-12-09T14:15:13+01:00\",\"inLanguage\":\"es-ES\",\"mainEntityOfPage\":{\"@id\":\"https:\\\/\\\/candas365.es\\\/noticias\\\/ayuntamiento-y-la-banda-gaites-candas-firman-un-nuevo-convenio\\\/#webpage\"},\"isPartOf\":{\"@id\":\"https:\\\/\\\/candas365.es\\\/noticias\\\/ayuntamiento-y-la-banda-gaites-candas-firman-un-nuevo-convenio\\\/#webpage\"},\"articleSection\":\"Noticias Carre\\u00f1o\",\"dateline\":\"Publicado el diciembre 9, 2020.\"},{\"@type\":\"Organization\",\"@id\":\"https:\\\/\\\/candas365.es\\\/noticias\\\/#organization\",\"name\":\"Cand\\u00e1s 365\",\"description\":\"Cand\\u00e1s 365 es un diario digital independiente, fundado en 2012, con base en Asturias. Informamos con rigor sobre actualidad, sociedad, cultura y ocio, con una mirada local y global.\",\"url\":\"https:\\\/\\\/candas365.es\\\/noticias\\\/\",\"email\":\"info@candas365.es\",\"telephone\":\"+34652131393\",\"foundingDate\":\"2012-06-10\",\"logo\":{\"@type\":\"ImageObject\",\"url\":\"https:\\\/\\\/candas365.es\\\/noticias\\\/wp-content\\\/uploads\\\/2024\\\/09\\\/Candas-365-Redes.jpg\",\"@id\":\"https:\\\/\\\/candas365.es\\\/noticias\\\/ayuntamiento-y-la-banda-gaites-candas-firman-un-nuevo-convenio\\\/#organizationLogo\",\"width\":1152,\"height\":864,\"caption\":\"Cand\\u00e1s 365 Redes\"},\"image\":{\"@id\":\"https:\\\/\\\/candas365.es\\\/noticias\\\/ayuntamiento-y-la-banda-gaites-candas-firman-un-nuevo-convenio\\\/#organizationLogo\"},\"sameAs\":[\"https:\\\/\\\/www.facebook.com\\\/Nachofdezber\",\"https:\\\/\\\/x.com\\\/NabercoDigital\",\"https:\\\/\\\/www.instagram.com\\\/nachofdezber\\\/\",\"https:\\\/\\\/www.youtube.com\\\/channel\\\/UCZP-2wLEB9Rv6erhFmqVnvg\"],\"address\":{\"@id\":\"https:\\\/\\\/candas365.es\\\/noticias\\\/#postaladdress\",\"@type\":\"PostalAddress\",\"streetAddress\":\"san antonio 4, san antonio 4\",\"postalCode\":\"33430\",\"addressLocality\":\"Cand\\u00e1s\",\"addressRegion\":\"Asturias\",\"addressCountry\":\"ES\"}},{\"@type\":\"Person\",\"@id\":\"https:\\\/\\\/candas365.es\\\/noticias\\\/author\\\/admin\\\/#author\",\"url\":\"https:\\\/\\\/candas365.es\\\/noticias\\\/author\\\/admin\\\/\",\"name\":\"Cand\\u00e1s 365\",\"image\":{\"@type\":\"ImageObject\",\"@id\":\"https:\\\/\\\/candas365.es\\\/noticias\\\/ayuntamiento-y-la-banda-gaites-candas-firman-un-nuevo-convenio\\\/#authorImage\",\"url\":\"https:\\\/\\\/secure.gravatar.com\\\/avatar\\\/496a8e03d0c493ede1718b7934145dbdf8d89be1036b0eec9544e1094c9de390?s=96&d=mm&r=g\",\"width\":96,\"height\":96,\"caption\":\"Cand\\u00e1s 365\"},\"sameAs\":[\"https:\\\/\\\/www.facebook.com\\\/carrenoactualidad\",\"https:\\\/\\\/twitter.com\\\/nbasturias\",\"https:\\\/\\\/www.instagram.com\\\/nachofdezber\\\/\",\"https:\\\/\\\/www.youtube.com\\\/channel\\\/UCZP-2wLEB9Rv6erhFmqVnvg\"]},{\"@type\":\"WebPage\",\"@id\":\"https:\\\/\\\/candas365.es\\\/noticias\\\/ayuntamiento-y-la-banda-gaites-candas-firman-un-nuevo-convenio\\\/#webpage\",\"url\":\"https:\\\/\\\/candas365.es\\\/noticias\\\/ayuntamiento-y-la-banda-gaites-candas-firman-un-nuevo-convenio\\\/\",\"name\":\"Ayuntamiento y la Banda Gaites Cand\\u00e1s firman un nuevo convenio | Cand\\u00e1s 365\",\"description\":\"La entidad musical, en el marco de esta colaboraci\\u00f3n, ofrecer\\u00e1 un total de 15 actuaciones gratuitas en diferentes eventos y parroquias del Concejo\",\"inLanguage\":\"es-ES\",\"isPartOf\":{\"@id\":\"https:\\\/\\\/candas365.es\\\/noticias\\\/#website\"},\"breadcrumb\":{\"@id\":\"https:\\\/\\\/candas365.es\\\/noticias\\\/ayuntamiento-y-la-banda-gaites-candas-firman-un-nuevo-convenio\\\/#breadcrumblist\"},\"author\":{\"@id\":\"https:\\\/\\\/candas365.es\\\/noticias\\\/author\\\/admin\\\/#author\"},\"creator\":{\"@id\":\"https:\\\/\\\/candas365.es\\\/noticias\\\/author\\\/admin\\\/#author\"},\"image\":{\"@type\":\"ImageObject\",\"url\":\"https:\\\/\\\/candas365.es\\\/noticias\\\/wp-content\\\/uploads\\\/2020\\\/12\\\/Banda-Gaites-Candas.jpg\",\"@id\":\"https:\\\/\\\/candas365.es\\\/noticias\\\/ayuntamiento-y-la-banda-gaites-candas-firman-un-nuevo-convenio\\\/#mainImage\",\"width\":600,\"height\":449,\"caption\":\"Banda Gaites Cand\\u00e1s\"},\"primaryImageOfPage\":{\"@id\":\"https:\\\/\\\/candas365.es\\\/noticias\\\/ayuntamiento-y-la-banda-gaites-candas-firman-un-nuevo-convenio\\\/#mainImage\"},\"datePublished\":\"2020-12-09T14:15:13+01:00\",\"dateModified\":\"2020-12-09T14:15:13+01:00\"},{\"@type\":\"WebSite\",\"@id\":\"https:\\\/\\\/candas365.es\\\/noticias\\\/#website\",\"url\":\"https:\\\/\\\/candas365.es\\\/noticias\\\/\",\"name\":\"Cand\\u00e1s 365\",\"alternateName\":\"Cand\\u00e1s 365 Noticias\",\"description\":\"Actualidad desde Carre\\u00f1o para el mundo\",\"inLanguage\":\"es-ES\",\"publisher\":{\"@id\":\"https:\\\/\\\/candas365.es\\\/noticias\\\/#organization\"}}]}\n\t\t<\/script>\n\t\t<!-- All in One SEO Pro -->\r\n\t\t<title>Ayuntamiento y la Banda Gaites Cand\u00e1s firman un nuevo convenio | Cand\u00e1s 365<\/title>\n\n","aioseo_head_json":{"title":"Ayuntamiento y la Banda Gaites Cand\u00e1s firman un nuevo convenio | Cand\u00e1s 365","description":"La entidad musical, en el marco de esta colaboraci\u00f3n, ofrecer\u00e1 un total de 15 actuaciones gratuitas en diferentes eventos y parroquias del Concejo","canonical_url":"https:\/\/candas365.es\/noticias\/ayuntamiento-y-la-banda-gaites-candas-firman-un-nuevo-convenio\/","robots":"max-image-preview:large","keywords":"noticias cand\u00e1s,carre\u00f1o,noticias carre\u00f1o","webmasterTools":{"google-site-verification":"UA-32230408-1","msvalidate.01":"354F3CDFB2DA171B47FBE9ABF1F88D5","miscellaneous":""},"schema":{"@context":"https:\/\/schema.org","@graph":[{"@type":"BreadcrumbList","@id":"https:\/\/candas365.es\/noticias\/ayuntamiento-y-la-banda-gaites-candas-firman-un-nuevo-convenio\/#breadcrumblist","itemListElement":[{"@type":"ListItem","@id":"https:\/\/candas365.es\/noticias#listItem","position":1,"name":"Home","item":"https:\/\/candas365.es\/noticias","nextItem":{"@type":"ListItem","@id":"https:\/\/candas365.es\/noticias\/category\/noticias-carreno\/#listItem","name":"Noticias Carre\u00f1o"}},{"@type":"ListItem","@id":"https:\/\/candas365.es\/noticias\/category\/noticias-carreno\/#listItem","position":2,"name":"Noticias Carre\u00f1o","item":"https:\/\/candas365.es\/noticias\/category\/noticias-carreno\/","nextItem":{"@type":"ListItem","@id":"https:\/\/candas365.es\/noticias\/ayuntamiento-y-la-banda-gaites-candas-firman-un-nuevo-convenio\/#listItem","name":"Ayuntamiento y la Banda Gaites Cand\u00e1s firman un nuevo convenio"},"previousItem":{"@type":"ListItem","@id":"https:\/\/candas365.es\/noticias#listItem","name":"Home"}},{"@type":"ListItem","@id":"https:\/\/candas365.es\/noticias\/ayuntamiento-y-la-banda-gaites-candas-firman-un-nuevo-convenio\/#listItem","position":3,"name":"Ayuntamiento y la Banda Gaites Cand\u00e1s firman un nuevo convenio","previousItem":{"@type":"ListItem","@id":"https:\/\/candas365.es\/noticias\/category\/noticias-carreno\/#listItem","name":"Noticias Carre\u00f1o"}}]},{"@type":"NewsArticle","@id":"https:\/\/candas365.es\/noticias\/ayuntamiento-y-la-banda-gaites-candas-firman-un-nuevo-convenio\/#newsarticle","name":"Ayuntamiento y la Banda Gaites Cand\u00e1s firman un nuevo convenio | Cand\u00e1s 365","headline":"Ayuntamiento y la Banda Gaites Cand\u00e1s firman un nuevo convenio","author":{"@id":"https:\/\/candas365.es\/noticias\/author\/admin\/#author"},"publisher":{"@id":"https:\/\/candas365.es\/noticias\/#organization"},"image":{"@type":"ImageObject","url":"https:\/\/candas365.es\/noticias\/wp-content\/uploads\/2020\/12\/Banda-Gaites-Candas.jpg","width":600,"height":449,"caption":"Banda Gaites Cand\u00e1s"},"datePublished":"2020-12-09T14:15:13+01:00","dateModified":"2020-12-09T14:15:13+01:00","inLanguage":"es-ES","mainEntityOfPage":{"@id":"https:\/\/candas365.es\/noticias\/ayuntamiento-y-la-banda-gaites-candas-firman-un-nuevo-convenio\/#webpage"},"isPartOf":{"@id":"https:\/\/candas365.es\/noticias\/ayuntamiento-y-la-banda-gaites-candas-firman-un-nuevo-convenio\/#webpage"},"articleSection":"Noticias Carre\u00f1o","dateline":"Publicado el diciembre 9, 2020."},{"@type":"Organization","@id":"https:\/\/candas365.es\/noticias\/#organization","name":"Cand\u00e1s 365","description":"Cand\u00e1s 365 es un diario digital independiente, fundado en 2012, con base en Asturias. Informamos con rigor sobre actualidad, sociedad, cultura y ocio, con una mirada local y global.","url":"https:\/\/candas365.es\/noticias\/","email":"info@candas365.es","telephone":"+34652131393","foundingDate":"2012-06-10","logo":{"@type":"ImageObject","url":"https:\/\/candas365.es\/noticias\/wp-content\/uploads\/2024\/09\/Candas-365-Redes.jpg","@id":"https:\/\/candas365.es\/noticias\/ayuntamiento-y-la-banda-gaites-candas-firman-un-nuevo-convenio\/#organizationLogo","width":1152,"height":864,"caption":"Cand\u00e1s 365 Redes"},"image":{"@id":"https:\/\/candas365.es\/noticias\/ayuntamiento-y-la-banda-gaites-candas-firman-un-nuevo-convenio\/#organizationLogo"},"sameAs":["https:\/\/www.facebook.com\/Nachofdezber","https:\/\/x.com\/NabercoDigital","https:\/\/www.instagram.com\/nachofdezber\/","https:\/\/www.youtube.com\/channel\/UCZP-2wLEB9Rv6erhFmqVnvg"],"address":{"@id":"https:\/\/candas365.es\/noticias\/#postaladdress","@type":"PostalAddress","streetAddress":"san antonio 4, san antonio 4","postalCode":"33430","addressLocality":"Cand\u00e1s","addressRegion":"Asturias","addressCountry":"ES"}},{"@type":"Person","@id":"https:\/\/candas365.es\/noticias\/author\/admin\/#author","url":"https:\/\/candas365.es\/noticias\/author\/admin\/","name":"Cand\u00e1s 365","image":{"@type":"ImageObject","@id":"https:\/\/candas365.es\/noticias\/ayuntamiento-y-la-banda-gaites-candas-firman-un-nuevo-convenio\/#authorImage","url":"https:\/\/secure.gravatar.com\/avatar\/496a8e03d0c493ede1718b7934145dbdf8d89be1036b0eec9544e1094c9de390?s=96&d=mm&r=g","width":96,"height":96,"caption":"Cand\u00e1s 365"},"sameAs":["https:\/\/www.facebook.com\/carrenoactualidad","https:\/\/twitter.com\/nbasturias","https:\/\/www.instagram.com\/nachofdezber\/","https:\/\/www.youtube.com\/channel\/UCZP-2wLEB9Rv6erhFmqVnvg"]},{"@type":"WebPage","@id":"https:\/\/candas365.es\/noticias\/ayuntamiento-y-la-banda-gaites-candas-firman-un-nuevo-convenio\/#webpage","url":"https:\/\/candas365.es\/noticias\/ayuntamiento-y-la-banda-gaites-candas-firman-un-nuevo-convenio\/","name":"Ayuntamiento y la Banda Gaites Cand\u00e1s firman un nuevo convenio | Cand\u00e1s 365","description":"La entidad musical, en el marco de esta colaboraci\u00f3n, ofrecer\u00e1 un total de 15 actuaciones gratuitas en diferentes eventos y parroquias del Concejo","inLanguage":"es-ES","isPartOf":{"@id":"https:\/\/candas365.es\/noticias\/#website"},"breadcrumb":{"@id":"https:\/\/candas365.es\/noticias\/ayuntamiento-y-la-banda-gaites-candas-firman-un-nuevo-convenio\/#breadcrumblist"},"author":{"@id":"https:\/\/candas365.es\/noticias\/author\/admin\/#author"},"creator":{"@id":"https:\/\/candas365.es\/noticias\/author\/admin\/#author"},"image":{"@type":"ImageObject","url":"https:\/\/candas365.es\/noticias\/wp-content\/uploads\/2020\/12\/Banda-Gaites-Candas.jpg","@id":"https:\/\/candas365.es\/noticias\/ayuntamiento-y-la-banda-gaites-candas-firman-un-nuevo-convenio\/#mainImage","width":600,"height":449,"caption":"Banda Gaites Cand\u00e1s"},"primaryImageOfPage":{"@id":"https:\/\/candas365.es\/noticias\/ayuntamiento-y-la-banda-gaites-candas-firman-un-nuevo-convenio\/#mainImage"},"datePublished":"2020-12-09T14:15:13+01:00","dateModified":"2020-12-09T14:15:13+01:00"},{"@type":"WebSite","@id":"https:\/\/candas365.es\/noticias\/#website","url":"https:\/\/candas365.es\/noticias\/","name":"Cand\u00e1s 365","alternateName":"Cand\u00e1s 365 Noticias","description":"Actualidad desde Carre\u00f1o para el mundo","inLanguage":"es-ES","publisher":{"@id":"https:\/\/candas365.es\/noticias\/#organization"}}]},"og:locale":"es_ES","og:site_name":"Cand\u00e1s 365","og:type":"article","og:title":"Ayuntamiento y la Banda Gaites Cand\u00e1s firman un nuevo convenio | Cand\u00e1s 365","og:description":"La entidad musical, en el marco de esta colaboraci\u00f3n, ofrecer\u00e1 un total de 15 actuaciones gratuitas en diferentes eventos y parroquias del Concejo","og:url":"https:\/\/candas365.es\/noticias\/ayuntamiento-y-la-banda-gaites-candas-firman-un-nuevo-convenio\/","og:image":"https:\/\/candas365.es\/noticias\/wp-content\/uploads\/2020\/12\/Banda-Gaites-Candas.jpg","og:image:secure_url":"https:\/\/candas365.es\/noticias\/wp-content\/uploads\/2020\/12\/Banda-Gaites-Candas.jpg","og:image:width":600,"og:image:height":449,"article:published_time":"2020-12-09T14:15:13+00:00","article:modified_time":"2020-12-09T14:15:13+00:00","article:publisher":"https:\/\/www.facebook.com\/Nachofdezber","article:author":"https:\/\/www.facebook.com\/carrenoactualidad","twitter:card":"summary_large_image","twitter:site":"@NabercoDigital","twitter:title":"Ayuntamiento y la Banda Gaites Cand\u00e1s firman un nuevo convenio | Cand\u00e1s 365","twitter:description":"La entidad musical, en el marco de esta colaboraci\u00f3n, ofrecer\u00e1 un total de 15 actuaciones gratuitas en diferentes eventos y parroquias del Concejo","twitter:creator":"@nbasturias","twitter:image":"https:\/\/candas365.es\/noticias\/wp-content\/uploads\/2020\/12\/Banda-Gaites-Candas.jpg","twitter:label1":"Escrito por","twitter:data1":"Cand\u00e1s 365","twitter:label2":"Tiempo de lectura estimado","twitter:data2":"4 minutos"},"aioseo_meta_data":{"post_id":"149705","title":"Ayuntamiento y la Banda Gaites Cand\u00e1s firman un nuevo convenio | #site_title","description":"La entidad musical, en el marco de esta colaboraci\u00f3n, ofrecer\u00e1 un total de 15 actuaciones gratuitas en diferentes eventos y parroquias del Concejo","keywords":[{"label":"Noticias Cand\u00e1s","value":"Noticias Cand\u00e1s"},{"label":"Carre\u00f1o","value":"Carre\u00f1o"}],"keyphrases":null,"primary_term":null,"canonical_url":"","og_title":null,"og_description":null,"og_object_type":"default","og_image_type":"default","og_image_url":null,"og_image_width":null,"og_image_height":null,"og_image_custom_url":null,"og_image_custom_fields":null,"og_video":null,"og_custom_url":null,"og_article_section":null,"og_article_tags":null,"twitter_use_og":false,"twitter_card":"default","twitter_image_type":"default","twitter_image_url":null,"twitter_image_custom_url":null,"twitter_image_custom_fields":null,"twitter_title":null,"twitter_description":null,"schema":{"blockGraphs":[],"customGraphs":[],"default":{"data":{"Article":[],"Course":[],"Dataset":[],"FAQPage":[],"Movie":[],"Person":[],"Product":[],"ProductReview":[],"Car":[],"Recipe":[],"Service":[],"SoftwareApplication":[],"WebPage":[]},"graphName":"","isEnabled":true},"graphs":[],"defaultGraph":"","defaultPostTypeGraph":""},"schema_type":null,"schema_type_options":null,"pillar_content":false,"robots_default":true,"robots_noindex":false,"robots_noarchive":false,"robots_nosnippet":false,"robots_nofollow":false,"robots_noimageindex":false,"robots_noodp":false,"robots_notranslate":false,"robots_max_snippet":null,"robots_max_videopreview":null,"robots_max_imagepreview":"large","priority":null,"frequency":null,"location":null,"local_seo":null,"seo_analyzer_scan_date":"2025-08-31 15:07:25","breadcrumb_settings":null,"limit_modified_date":false,"reviewed_by":null,"open_ai":null,"ai":null,"created":"2020-12-21 10:35:54","updated":"2025-08-31 15:07:25"},"aioseo_breadcrumb":"<div class=\"aioseo-breadcrumbs\"><span class=\"aioseo-breadcrumb\">\n\t<a href=\"https:\/\/candas365.es\/noticias\" title=\"Home\">Home<\/a>\n<\/span><span class=\"aioseo-breadcrumb-separator\">&ndash;<\/span><span class=\"aioseo-breadcrumb\">\n\t<a href=\"https:\/\/candas365.es\/noticias\/category\/noticias-carreno\/\" title=\"Noticias Carre\u00f1o\">Noticias Carre\u00f1o<\/a>\n<\/span><span class=\"aioseo-breadcrumb-separator\">&ndash;<\/span><span class=\"aioseo-breadcrumb\">\n\tAyuntamiento y la Banda Gaites Cand\u00e1s firman un nuevo convenio\n<\/span><\/div>","aioseo_breadcrumb_json":[{"label":"Home","link":"https:\/\/candas365.es\/noticias"},{"label":"Noticias Carre\u00f1o","link":"https:\/\/candas365.es\/noticias\/category\/noticias-carreno\/"},{"label":"Ayuntamiento y la Banda Gaites Cand\u00e1s firman un nuevo convenio","link":"https:\/\/candas365.es\/noticias\/ayuntamiento-y-la-banda-gaites-candas-firman-un-nuevo-convenio\/"}],"_links":{"self":[{"href":"https:\/\/candas365.es\/noticias\/wp-json\/wp\/v2\/posts\/149705","targetHints":{"allow":["GET"]}}],"collection":[{"href":"https:\/\/candas365.es\/noticias\/wp-json\/wp\/v2\/posts"}],"about":[{"href":"https:\/\/candas365.es\/noticias\/wp-json\/wp\/v2\/types\/post"}],"author":[{"embeddable":true,"href":"https:\/\/candas365.es\/noticias\/wp-json\/wp\/v2\/users\/1"}],"replies":[{"embeddable":true,"href":"https:\/\/candas365.es\/noticias\/wp-json\/wp\/v2\/comments?post=149705"}],"version-history":[{"count":0,"href":"https:\/\/candas365.es\/noticias\/wp-json\/wp\/v2\/posts\/149705\/revisions"}],"wp:featuredmedia":[{"embeddable":true,"href":"https:\/\/candas365.es\/noticias\/wp-json\/wp\/v2\/media\/149706"}],"wp:attachment":[{"href":"https:\/\/candas365.es\/noticias\/wp-json\/wp\/v2\/media?parent=149705"}],"wp:term":[{"taxonomy":"category","embeddable":true,"href":"https:\/\/candas365.es\/noticias\/wp-json\/wp\/v2\/categories?post=149705"},{"taxonomy":"post_tag","embeddable":true,"href":"https:\/\/candas365.es\/noticias\/wp-json\/wp\/v2\/tags?post=149705"}],"curies":[{"name":"wp","href":"https:\/\/api.w.org\/{rel}","templated":true}]}}