{"id":149658,"date":"2020-12-08T20:26:25","date_gmt":"2020-12-08T20:26:25","guid":{"rendered":"http:\/\/candas365.es\/noticias\/?p=149658"},"modified":"2020-12-08T20:27:44","modified_gmt":"2020-12-08T20:27:44","slug":"el-atletico-de-madrid-visita-al-fc-rb-salzburg","status":"publish","type":"post","link":"https:\/\/candas365.es\/noticias\/el-atletico-de-madrid-visita-al-fc-rb-salzburg\/","title":{"rendered":"El Atl\u00e9tico de Madrid visita al FC RB Salzburg"},"content":{"rendered":"<p><img fetchpriority=\"high\" decoding=\"async\" class=\"alignleft size-medium wp-image-102401\" src=\"https:\/\/candas365.es\/noticias\/wp-content\/uploads\/2018\/08\/football-2699589_960_720-360x270.jpg\" alt=\"\" width=\"360\" height=\"270\" srcset=\"https:\/\/candas365.es\/noticias\/wp-content\/uploads\/2018\/08\/football-2699589_960_720-360x270.jpg 360w, https:\/\/candas365.es\/noticias\/wp-content\/uploads\/2018\/08\/football-2699589_960_720-768x576.jpg 768w, https:\/\/candas365.es\/noticias\/wp-content\/uploads\/2018\/08\/football-2699589_960_720-640x480.jpg 640w, https:\/\/candas365.es\/noticias\/wp-content\/uploads\/2018\/08\/football-2699589_960_720-80x60.jpg 80w, https:\/\/candas365.es\/noticias\/wp-content\/uploads\/2018\/08\/football-2699589_960_720-265x198.jpg 265w, https:\/\/candas365.es\/noticias\/wp-content\/uploads\/2018\/08\/football-2699589_960_720-696x522.jpg 696w, https:\/\/candas365.es\/noticias\/wp-content\/uploads\/2018\/08\/football-2699589_960_720-560x420.jpg 560w, https:\/\/candas365.es\/noticias\/wp-content\/uploads\/2018\/08\/football-2699589_960_720.jpg 960w\" sizes=\"(max-width: 360px) 100vw, 360px\" \/>(Europa Press) &#8211;\u00a0El Atl\u00e9tico de Madrid visita este mi\u00e9rcoles al FC RB Salzburg en el Red Bull Arena en la sexta y \u00faltima jornada de la Liga de Campeones, en un duelo directo por la segunda plaza y por estar en los octavos de final de la competici\u00f3n con ventaja para los &#8216;colchoneros&#8217;, que les vale el empate.<\/p>\n<p>En la ciudad natal de Wolfgang Amadeus Mozart, el Atl\u00e9tico de Madrid quiere que el &#8216;R\u00e9quiem&#8217;, famosa pieza del compositor usada como oraci\u00f3n por los difuntos, suene en honor al Red Bull Salzburg. Al &#8216;Atleti&#8217;, para salir vivo de Austria, le basta con puntuar.<\/p>\n<p>La calculadora no sacar\u00e1 demasiado humo en este Grupo A de la &#8216;Champions&#8217;. El Bayern de M\u00fanich ya es primero, y la segunda plaza ser\u00e1 para el Atl\u00e9tico si gana o empata en Salzburgo, o bien para el equipo austriaco si vence a los de Diego Pablo Simeone.<\/p>\n<p>Eso s\u00ed, el Salzburgo tiene la presi\u00f3n de jugar en casa y de saber que, si pierde y el Lokomotiv vence a un Bayern que no se juega nada, puede incluso ser colista y quedar fuera de la Liga Europa, segunda competici\u00f3n continental a la que acceder\u00e1n los terceros de cada grupo.<\/p>\n<p>Pero el objetivo del Atl\u00e9tico, fiel a la filosof\u00eda del &#8216;cholismo&#8217;, es ir partido a partido y con el fin de &#8216;ganar, ganar y ganar&#8217;, que profetizaba Luis Aragon\u00e9s. Y, ganar, les lleva a los octavos de final de la Liga de Campeones por tercera vez consecutiva.<\/p>\n<p>En la primera vuelta, el Atl\u00e9tico le gan\u00f3 la partida al Salzburg (3-2) en el Wanda Metropolitano, gracias a la remontada firmada por Joao F\u00e9lix en el minuto 85&#8242;. Se adelant\u00f3 el equipo espa\u00f1ol a la media hora, el equipo austriaco le dio la vuelta al marcador pero el portugu\u00e9s, con un doblete, firm\u00f3 la remontada buena.<\/p>\n<p>Ahora, el Atleti afronta otra prueba dura, y lo har\u00e1 sin Jos\u00e9 Mar\u00eda Gim\u00e9nez ni Diego Costa, lesionados, y sin Geoffrey Kondogbia, que no est\u00e1 inscrito. Por contra, recupera el &#8216;Cholo&#8217; a Sime Vrsaljko, fuera de los terrenos de juego en los \u00faltimos meses, y a Yannick Carrasco, que podr\u00eda ser titular.<\/p>\n<p>Sin Diego Costa, la punta de ataque ser\u00eda para un Luis Su\u00e1rez que, m\u00e1s all\u00e1 de pelear por el objetivo com\u00fan de los rojiblancos, lucha por poner fin a su racha de 23 partidos sin marcar, fuera de casa, en la Liga de Campeones. De ellos, solo dos encuentros son con la camiseta &#8216;colchonera&#8217;, el resto vest\u00eda de blaugrana, pero quiere acabar con su mal fario.<\/p>\n<p>De Su\u00e1rez, de un Joao F\u00e9lix en estado de gracia, de Carrasco o de quien sea que se apunte a la fiesta ofensiva que busca el Atl\u00e9tico depende el pase de los espa\u00f1oles. Adem\u00e1s, deber\u00e1n seguir firmes atr\u00e1s, como en lo que va de temporada, para poner m\u00e1s dif\u00edcil todav\u00eda la aventura al Salzburgo.<\/p>\n<p>Este Atl\u00e9tico de Madrid asusta en la bonita ciudad austriaca. El t\u00e9cnico local, el estadounidense Jesse Marsch, destac\u00f3 la defensa \u00absobresaliente\u00bb del equipo madrile\u00f1o. Los de Simeone son l\u00edderes en LaLiga Santander, con 8 victorias y 2 empates, y s\u00f3lo dos goles encajados.<\/p>\n<p>Carta de presentaci\u00f3n id\u00f3nea para plantarse en Salzburgo y ganarse el billete a octavos. No obstante, en esta &#8216;liguilla&#8217; europea han encajado 8 goles en contra, la mitad de ellos en el 4-0 adverso de M\u00fanich.<\/p>\n<p>Pero, en otro pa\u00eds german\u00f3fono, quieren que suene una mejor melod\u00eda para sus intereses. Seg\u00fan Betfair, el favorito es el Atl\u00e9tico de Madrid, pag\u00e1ndose 2,15 euros por euro apostado, por una cuota de 3,5 para el empate y de 3,25 para el triunfo local, \u00fanico resultado que apear\u00eda a los rojiblancos.<\/p>\n<p>FICHA T\u00c9CNICA.<\/p>\n<p>POSIBLES ALINEACIONES.<\/p>\n<p>RED BULL SALZBURG: Stankovic; Kristensen, W\u00f6ber, Ramalho, Ulmer; Mwepu, Ashimeru, Junuzovic, Szoboszlai; Koita y Berisha.<\/p>\n<p>ATL\u00c9TICO DE MADRID: Oblak; Trippier, Savic, Felipe, Hermoso, Carrasco; Llorente, Koke, Sa\u00fal; Luis Su\u00e1rez y Jo\u00e3o F\u00e9lix.<\/p>\n<p>\u00c1RBITRO: Anthony Taylor (ING).<\/p>\n<p>ESTADIO: Stadion Salzburg.<\/p>\n<p>HORA: 21.00\/Movistar Liga de Campeones.<\/p>\n<p>&nbsp;<\/p>\n","protected":false},"excerpt":{"rendered":"<p>(Europa Press) &#8211;\u00a0El Atl\u00e9tico de Madrid visita este mi\u00e9rcoles al FC RB Salzburg en el Red Bull Arena en la sexta y \u00faltima jornada de la Liga de Campeones, en un duelo directo por la segunda plaza y por estar en los octavos de final de la competici\u00f3n con ventaja para los &#8216;colchoneros&#8217;, que les<\/p>\n","protected":false},"author":1,"featured_media":102401,"comment_status":"closed","ping_status":"closed","sticky":false,"template":"","format":"standard","meta":{"footnotes":""},"categories":[319],"tags":[],"class_list":{"0":"post-149658","1":"post","2":"type-post","3":"status-publish","4":"format-standard","5":"has-post-thumbnail","7":"category-deporte"},"aioseo_notices":[],"aioseo_head":"\n\t\t<!-- All in One SEO Pro 4.9.6.2 - aioseo.com -->\n\t<meta name=\"description\" content=\"El Atl\u00e9tico de Madrid visita este mi\u00e9rcoles al FC RB Salzburg en el Red Bull Arena en la sexta y \u00faltima jornada de la Liga de Campeones\" \/>\n\t<meta name=\"robots\" content=\"max-image-preview:large\" \/>\n\t<meta name=\"author\" content=\"Cand\u00e1s 365\"\/>\n\t<meta name=\"google-site-verification\" content=\"UA-32230408-1\" \/>\n\t<meta name=\"msvalidate.01\" content=\"354F3CDFB2DA171B47FBE9ABF1F88D5\" \/>\n\t<meta name=\"keywords\" content=\"deportes,f\u00fatbol,deporte\" \/>\n\t<link rel=\"canonical\" href=\"https:\/\/candas365.es\/noticias\/el-atletico-de-madrid-visita-al-fc-rb-salzburg\/\" \/>\n\t<meta name=\"generator\" content=\"All in One SEO Pro (AIOSEO) 4.9.6.2\" \/>\n\t\t<meta property=\"og:locale\" content=\"es_ES\" \/>\n\t\t<meta property=\"og:site_name\" content=\"Cand\u00e1s 365\" \/>\n\t\t<meta property=\"og:type\" content=\"article\" \/>\n\t\t<meta property=\"og:title\" content=\"El Atl\u00e9tico de Madrid visita al FC RB Salzburg | Cand\u00e1s 365\" \/>\n\t\t<meta property=\"og:description\" content=\"El Atl\u00e9tico de Madrid visita este mi\u00e9rcoles al FC RB Salzburg en el Red Bull Arena en la sexta y \u00faltima jornada de la Liga de Campeones\" \/>\n\t\t<meta property=\"og:url\" content=\"https:\/\/candas365.es\/noticias\/el-atletico-de-madrid-visita-al-fc-rb-salzburg\/\" \/>\n\t\t<meta property=\"og:image\" content=\"https:\/\/candas365.es\/noticias\/wp-content\/uploads\/2018\/08\/football-2699589_960_720.jpg\" \/>\n\t\t<meta property=\"og:image:secure_url\" content=\"https:\/\/candas365.es\/noticias\/wp-content\/uploads\/2018\/08\/football-2699589_960_720.jpg\" \/>\n\t\t<meta property=\"og:image:width\" content=\"960\" \/>\n\t\t<meta property=\"og:image:height\" content=\"720\" \/>\n\t\t<meta property=\"article:published_time\" content=\"2020-12-08T20:26:25+00:00\" \/>\n\t\t<meta property=\"article:modified_time\" content=\"2020-12-08T20:27:44+00:00\" \/>\n\t\t<meta property=\"article:publisher\" content=\"https:\/\/www.facebook.com\/Nachofdezber\" \/>\n\t\t<meta property=\"article:author\" content=\"https:\/\/www.facebook.com\/carrenoactualidad\" \/>\n\t\t<meta name=\"twitter:card\" content=\"summary_large_image\" \/>\n\t\t<meta name=\"twitter:site\" content=\"@NabercoDigital\" \/>\n\t\t<meta name=\"twitter:title\" content=\"El Atl\u00e9tico de Madrid visita al FC RB Salzburg | Cand\u00e1s 365\" \/>\n\t\t<meta name=\"twitter:description\" content=\"El Atl\u00e9tico de Madrid visita este mi\u00e9rcoles al FC RB Salzburg en el Red Bull Arena en la sexta y \u00faltima jornada de la Liga de Campeones\" \/>\n\t\t<meta name=\"twitter:creator\" content=\"@nbasturias\" \/>\n\t\t<meta name=\"twitter:image\" content=\"https:\/\/candas365.es\/noticias\/wp-content\/uploads\/2018\/08\/football-2699589_960_720.jpg\" \/>\n\t\t<meta name=\"twitter:label1\" content=\"Escrito por\" \/>\n\t\t<meta name=\"twitter:data1\" content=\"Cand\u00e1s 365\" \/>\n\t\t<meta name=\"twitter:label2\" content=\"Tiempo de lectura estimado\" \/>\n\t\t<meta name=\"twitter:data2\" content=\"4 minutos\" \/>\n\t\t<script type=\"application\/ld+json\" class=\"aioseo-schema\">\n\t\t\t{\"@context\":\"https:\\\/\\\/schema.org\",\"@graph\":[{\"@type\":\"BreadcrumbList\",\"@id\":\"https:\\\/\\\/candas365.es\\\/noticias\\\/el-atletico-de-madrid-visita-al-fc-rb-salzburg\\\/#breadcrumblist\",\"itemListElement\":[{\"@type\":\"ListItem\",\"@id\":\"https:\\\/\\\/candas365.es\\\/noticias#listItem\",\"position\":1,\"name\":\"Home\",\"item\":\"https:\\\/\\\/candas365.es\\\/noticias\",\"nextItem\":{\"@type\":\"ListItem\",\"@id\":\"https:\\\/\\\/candas365.es\\\/noticias\\\/category\\\/deporte\\\/#listItem\",\"name\":\"Deporte\"}},{\"@type\":\"ListItem\",\"@id\":\"https:\\\/\\\/candas365.es\\\/noticias\\\/category\\\/deporte\\\/#listItem\",\"position\":2,\"name\":\"Deporte\",\"item\":\"https:\\\/\\\/candas365.es\\\/noticias\\\/category\\\/deporte\\\/\",\"nextItem\":{\"@type\":\"ListItem\",\"@id\":\"https:\\\/\\\/candas365.es\\\/noticias\\\/el-atletico-de-madrid-visita-al-fc-rb-salzburg\\\/#listItem\",\"name\":\"El Atl\\u00e9tico de Madrid visita al FC RB Salzburg\"},\"previousItem\":{\"@type\":\"ListItem\",\"@id\":\"https:\\\/\\\/candas365.es\\\/noticias#listItem\",\"name\":\"Home\"}},{\"@type\":\"ListItem\",\"@id\":\"https:\\\/\\\/candas365.es\\\/noticias\\\/el-atletico-de-madrid-visita-al-fc-rb-salzburg\\\/#listItem\",\"position\":3,\"name\":\"El Atl\\u00e9tico de Madrid visita al FC RB Salzburg\",\"previousItem\":{\"@type\":\"ListItem\",\"@id\":\"https:\\\/\\\/candas365.es\\\/noticias\\\/category\\\/deporte\\\/#listItem\",\"name\":\"Deporte\"}}]},{\"@type\":\"NewsArticle\",\"@id\":\"https:\\\/\\\/candas365.es\\\/noticias\\\/el-atletico-de-madrid-visita-al-fc-rb-salzburg\\\/#newsarticle\",\"name\":\"El Atl\\u00e9tico de Madrid visita al FC RB Salzburg | Cand\\u00e1s 365\",\"headline\":\"El Atl\\u00e9tico de Madrid visita al FC RB Salzburg\",\"author\":{\"@id\":\"https:\\\/\\\/candas365.es\\\/noticias\\\/author\\\/admin\\\/#author\"},\"publisher\":{\"@id\":\"https:\\\/\\\/candas365.es\\\/noticias\\\/#organization\"},\"image\":{\"@type\":\"ImageObject\",\"url\":\"https:\\\/\\\/candas365.es\\\/noticias\\\/wp-content\\\/uploads\\\/2018\\\/08\\\/football-2699589_960_720.jpg\",\"width\":960,\"height\":720},\"datePublished\":\"2020-12-08T20:26:25+01:00\",\"dateModified\":\"2020-12-08T20:27:44+01:00\",\"inLanguage\":\"es-ES\",\"mainEntityOfPage\":{\"@id\":\"https:\\\/\\\/candas365.es\\\/noticias\\\/el-atletico-de-madrid-visita-al-fc-rb-salzburg\\\/#webpage\"},\"isPartOf\":{\"@id\":\"https:\\\/\\\/candas365.es\\\/noticias\\\/el-atletico-de-madrid-visita-al-fc-rb-salzburg\\\/#webpage\"},\"articleSection\":\"Deporte\",\"dateline\":\"Publicado el diciembre 8, 2020.\"},{\"@type\":\"Organization\",\"@id\":\"https:\\\/\\\/candas365.es\\\/noticias\\\/#organization\",\"name\":\"Cand\\u00e1s 365\",\"description\":\"Cand\\u00e1s 365 es un diario digital independiente, fundado en 2012, con base en Asturias. Informamos con rigor sobre actualidad, sociedad, cultura y ocio, con una mirada local y global.\",\"url\":\"https:\\\/\\\/candas365.es\\\/noticias\\\/\",\"email\":\"info@candas365.es\",\"telephone\":\"+34652131393\",\"foundingDate\":\"2012-06-10\",\"logo\":{\"@type\":\"ImageObject\",\"url\":\"https:\\\/\\\/candas365.es\\\/noticias\\\/wp-content\\\/uploads\\\/2024\\\/09\\\/Candas-365-Redes.jpg\",\"@id\":\"https:\\\/\\\/candas365.es\\\/noticias\\\/el-atletico-de-madrid-visita-al-fc-rb-salzburg\\\/#organizationLogo\",\"width\":1152,\"height\":864,\"caption\":\"Cand\\u00e1s 365 Redes\"},\"image\":{\"@id\":\"https:\\\/\\\/candas365.es\\\/noticias\\\/el-atletico-de-madrid-visita-al-fc-rb-salzburg\\\/#organizationLogo\"},\"sameAs\":[\"https:\\\/\\\/www.facebook.com\\\/Nachofdezber\",\"https:\\\/\\\/x.com\\\/NabercoDigital\",\"https:\\\/\\\/www.instagram.com\\\/nachofdezber\\\/\",\"https:\\\/\\\/www.youtube.com\\\/channel\\\/UCZP-2wLEB9Rv6erhFmqVnvg\"],\"address\":{\"@id\":\"https:\\\/\\\/candas365.es\\\/noticias\\\/#postaladdress\",\"@type\":\"PostalAddress\",\"streetAddress\":\"san antonio 4, san antonio 4\",\"postalCode\":\"33430\",\"addressLocality\":\"Cand\\u00e1s\",\"addressRegion\":\"Asturias\",\"addressCountry\":\"ES\"}},{\"@type\":\"Person\",\"@id\":\"https:\\\/\\\/candas365.es\\\/noticias\\\/author\\\/admin\\\/#author\",\"url\":\"https:\\\/\\\/candas365.es\\\/noticias\\\/author\\\/admin\\\/\",\"name\":\"Cand\\u00e1s 365\",\"image\":{\"@type\":\"ImageObject\",\"@id\":\"https:\\\/\\\/candas365.es\\\/noticias\\\/el-atletico-de-madrid-visita-al-fc-rb-salzburg\\\/#authorImage\",\"url\":\"https:\\\/\\\/secure.gravatar.com\\\/avatar\\\/496a8e03d0c493ede1718b7934145dbdf8d89be1036b0eec9544e1094c9de390?s=96&d=mm&r=g\",\"width\":96,\"height\":96,\"caption\":\"Cand\\u00e1s 365\"},\"sameAs\":[\"https:\\\/\\\/www.facebook.com\\\/carrenoactualidad\",\"https:\\\/\\\/twitter.com\\\/nbasturias\",\"https:\\\/\\\/www.instagram.com\\\/nachofdezber\\\/\",\"https:\\\/\\\/www.youtube.com\\\/channel\\\/UCZP-2wLEB9Rv6erhFmqVnvg\"]},{\"@type\":\"WebPage\",\"@id\":\"https:\\\/\\\/candas365.es\\\/noticias\\\/el-atletico-de-madrid-visita-al-fc-rb-salzburg\\\/#webpage\",\"url\":\"https:\\\/\\\/candas365.es\\\/noticias\\\/el-atletico-de-madrid-visita-al-fc-rb-salzburg\\\/\",\"name\":\"El Atl\\u00e9tico de Madrid visita al FC RB Salzburg | Cand\\u00e1s 365\",\"description\":\"El Atl\\u00e9tico de Madrid visita este mi\\u00e9rcoles al FC RB Salzburg en el Red Bull Arena en la sexta y \\u00faltima jornada de la Liga de Campeones\",\"inLanguage\":\"es-ES\",\"isPartOf\":{\"@id\":\"https:\\\/\\\/candas365.es\\\/noticias\\\/#website\"},\"breadcrumb\":{\"@id\":\"https:\\\/\\\/candas365.es\\\/noticias\\\/el-atletico-de-madrid-visita-al-fc-rb-salzburg\\\/#breadcrumblist\"},\"author\":{\"@id\":\"https:\\\/\\\/candas365.es\\\/noticias\\\/author\\\/admin\\\/#author\"},\"creator\":{\"@id\":\"https:\\\/\\\/candas365.es\\\/noticias\\\/author\\\/admin\\\/#author\"},\"image\":{\"@type\":\"ImageObject\",\"url\":\"https:\\\/\\\/candas365.es\\\/noticias\\\/wp-content\\\/uploads\\\/2018\\\/08\\\/football-2699589_960_720.jpg\",\"@id\":\"https:\\\/\\\/candas365.es\\\/noticias\\\/el-atletico-de-madrid-visita-al-fc-rb-salzburg\\\/#mainImage\",\"width\":960,\"height\":720},\"primaryImageOfPage\":{\"@id\":\"https:\\\/\\\/candas365.es\\\/noticias\\\/el-atletico-de-madrid-visita-al-fc-rb-salzburg\\\/#mainImage\"},\"datePublished\":\"2020-12-08T20:26:25+01:00\",\"dateModified\":\"2020-12-08T20:27:44+01:00\"},{\"@type\":\"WebSite\",\"@id\":\"https:\\\/\\\/candas365.es\\\/noticias\\\/#website\",\"url\":\"https:\\\/\\\/candas365.es\\\/noticias\\\/\",\"name\":\"Cand\\u00e1s 365\",\"alternateName\":\"Cand\\u00e1s 365 Noticias\",\"description\":\"Actualidad desde Carre\\u00f1o para el mundo\",\"inLanguage\":\"es-ES\",\"publisher\":{\"@id\":\"https:\\\/\\\/candas365.es\\\/noticias\\\/#organization\"}}]}\n\t\t<\/script>\n\t\t<!-- All in One SEO Pro -->\r\n\t\t<title>El Atl\u00e9tico de Madrid visita al FC RB Salzburg | Cand\u00e1s 365<\/title>\n\n","aioseo_head_json":{"title":"El Atl\u00e9tico de Madrid visita al FC RB Salzburg | Cand\u00e1s 365","description":"El Atl\u00e9tico de Madrid visita este mi\u00e9rcoles al FC RB Salzburg en el Red Bull Arena en la sexta y \u00faltima jornada de la Liga de Campeones","canonical_url":"https:\/\/candas365.es\/noticias\/el-atletico-de-madrid-visita-al-fc-rb-salzburg\/","robots":"max-image-preview:large","keywords":"deportes,f\u00fatbol,deporte","webmasterTools":{"google-site-verification":"UA-32230408-1","msvalidate.01":"354F3CDFB2DA171B47FBE9ABF1F88D5","miscellaneous":""},"schema":{"@context":"https:\/\/schema.org","@graph":[{"@type":"BreadcrumbList","@id":"https:\/\/candas365.es\/noticias\/el-atletico-de-madrid-visita-al-fc-rb-salzburg\/#breadcrumblist","itemListElement":[{"@type":"ListItem","@id":"https:\/\/candas365.es\/noticias#listItem","position":1,"name":"Home","item":"https:\/\/candas365.es\/noticias","nextItem":{"@type":"ListItem","@id":"https:\/\/candas365.es\/noticias\/category\/deporte\/#listItem","name":"Deporte"}},{"@type":"ListItem","@id":"https:\/\/candas365.es\/noticias\/category\/deporte\/#listItem","position":2,"name":"Deporte","item":"https:\/\/candas365.es\/noticias\/category\/deporte\/","nextItem":{"@type":"ListItem","@id":"https:\/\/candas365.es\/noticias\/el-atletico-de-madrid-visita-al-fc-rb-salzburg\/#listItem","name":"El Atl\u00e9tico de Madrid visita al FC RB Salzburg"},"previousItem":{"@type":"ListItem","@id":"https:\/\/candas365.es\/noticias#listItem","name":"Home"}},{"@type":"ListItem","@id":"https:\/\/candas365.es\/noticias\/el-atletico-de-madrid-visita-al-fc-rb-salzburg\/#listItem","position":3,"name":"El Atl\u00e9tico de Madrid visita al FC RB Salzburg","previousItem":{"@type":"ListItem","@id":"https:\/\/candas365.es\/noticias\/category\/deporte\/#listItem","name":"Deporte"}}]},{"@type":"NewsArticle","@id":"https:\/\/candas365.es\/noticias\/el-atletico-de-madrid-visita-al-fc-rb-salzburg\/#newsarticle","name":"El Atl\u00e9tico de Madrid visita al FC RB Salzburg | Cand\u00e1s 365","headline":"El Atl\u00e9tico de Madrid visita al FC RB Salzburg","author":{"@id":"https:\/\/candas365.es\/noticias\/author\/admin\/#author"},"publisher":{"@id":"https:\/\/candas365.es\/noticias\/#organization"},"image":{"@type":"ImageObject","url":"https:\/\/candas365.es\/noticias\/wp-content\/uploads\/2018\/08\/football-2699589_960_720.jpg","width":960,"height":720},"datePublished":"2020-12-08T20:26:25+01:00","dateModified":"2020-12-08T20:27:44+01:00","inLanguage":"es-ES","mainEntityOfPage":{"@id":"https:\/\/candas365.es\/noticias\/el-atletico-de-madrid-visita-al-fc-rb-salzburg\/#webpage"},"isPartOf":{"@id":"https:\/\/candas365.es\/noticias\/el-atletico-de-madrid-visita-al-fc-rb-salzburg\/#webpage"},"articleSection":"Deporte","dateline":"Publicado el diciembre 8, 2020."},{"@type":"Organization","@id":"https:\/\/candas365.es\/noticias\/#organization","name":"Cand\u00e1s 365","description":"Cand\u00e1s 365 es un diario digital independiente, fundado en 2012, con base en Asturias. Informamos con rigor sobre actualidad, sociedad, cultura y ocio, con una mirada local y global.","url":"https:\/\/candas365.es\/noticias\/","email":"info@candas365.es","telephone":"+34652131393","foundingDate":"2012-06-10","logo":{"@type":"ImageObject","url":"https:\/\/candas365.es\/noticias\/wp-content\/uploads\/2024\/09\/Candas-365-Redes.jpg","@id":"https:\/\/candas365.es\/noticias\/el-atletico-de-madrid-visita-al-fc-rb-salzburg\/#organizationLogo","width":1152,"height":864,"caption":"Cand\u00e1s 365 Redes"},"image":{"@id":"https:\/\/candas365.es\/noticias\/el-atletico-de-madrid-visita-al-fc-rb-salzburg\/#organizationLogo"},"sameAs":["https:\/\/www.facebook.com\/Nachofdezber","https:\/\/x.com\/NabercoDigital","https:\/\/www.instagram.com\/nachofdezber\/","https:\/\/www.youtube.com\/channel\/UCZP-2wLEB9Rv6erhFmqVnvg"],"address":{"@id":"https:\/\/candas365.es\/noticias\/#postaladdress","@type":"PostalAddress","streetAddress":"san antonio 4, san antonio 4","postalCode":"33430","addressLocality":"Cand\u00e1s","addressRegion":"Asturias","addressCountry":"ES"}},{"@type":"Person","@id":"https:\/\/candas365.es\/noticias\/author\/admin\/#author","url":"https:\/\/candas365.es\/noticias\/author\/admin\/","name":"Cand\u00e1s 365","image":{"@type":"ImageObject","@id":"https:\/\/candas365.es\/noticias\/el-atletico-de-madrid-visita-al-fc-rb-salzburg\/#authorImage","url":"https:\/\/secure.gravatar.com\/avatar\/496a8e03d0c493ede1718b7934145dbdf8d89be1036b0eec9544e1094c9de390?s=96&d=mm&r=g","width":96,"height":96,"caption":"Cand\u00e1s 365"},"sameAs":["https:\/\/www.facebook.com\/carrenoactualidad","https:\/\/twitter.com\/nbasturias","https:\/\/www.instagram.com\/nachofdezber\/","https:\/\/www.youtube.com\/channel\/UCZP-2wLEB9Rv6erhFmqVnvg"]},{"@type":"WebPage","@id":"https:\/\/candas365.es\/noticias\/el-atletico-de-madrid-visita-al-fc-rb-salzburg\/#webpage","url":"https:\/\/candas365.es\/noticias\/el-atletico-de-madrid-visita-al-fc-rb-salzburg\/","name":"El Atl\u00e9tico de Madrid visita al FC RB Salzburg | Cand\u00e1s 365","description":"El Atl\u00e9tico de Madrid visita este mi\u00e9rcoles al FC RB Salzburg en el Red Bull Arena en la sexta y \u00faltima jornada de la Liga de Campeones","inLanguage":"es-ES","isPartOf":{"@id":"https:\/\/candas365.es\/noticias\/#website"},"breadcrumb":{"@id":"https:\/\/candas365.es\/noticias\/el-atletico-de-madrid-visita-al-fc-rb-salzburg\/#breadcrumblist"},"author":{"@id":"https:\/\/candas365.es\/noticias\/author\/admin\/#author"},"creator":{"@id":"https:\/\/candas365.es\/noticias\/author\/admin\/#author"},"image":{"@type":"ImageObject","url":"https:\/\/candas365.es\/noticias\/wp-content\/uploads\/2018\/08\/football-2699589_960_720.jpg","@id":"https:\/\/candas365.es\/noticias\/el-atletico-de-madrid-visita-al-fc-rb-salzburg\/#mainImage","width":960,"height":720},"primaryImageOfPage":{"@id":"https:\/\/candas365.es\/noticias\/el-atletico-de-madrid-visita-al-fc-rb-salzburg\/#mainImage"},"datePublished":"2020-12-08T20:26:25+01:00","dateModified":"2020-12-08T20:27:44+01:00"},{"@type":"WebSite","@id":"https:\/\/candas365.es\/noticias\/#website","url":"https:\/\/candas365.es\/noticias\/","name":"Cand\u00e1s 365","alternateName":"Cand\u00e1s 365 Noticias","description":"Actualidad desde Carre\u00f1o para el mundo","inLanguage":"es-ES","publisher":{"@id":"https:\/\/candas365.es\/noticias\/#organization"}}]},"og:locale":"es_ES","og:site_name":"Cand\u00e1s 365","og:type":"article","og:title":"El Atl\u00e9tico de Madrid visita al FC RB Salzburg | Cand\u00e1s 365","og:description":"El Atl\u00e9tico de Madrid visita este mi\u00e9rcoles al FC RB Salzburg en el Red Bull Arena en la sexta y \u00faltima jornada de la Liga de Campeones","og:url":"https:\/\/candas365.es\/noticias\/el-atletico-de-madrid-visita-al-fc-rb-salzburg\/","og:image":"https:\/\/candas365.es\/noticias\/wp-content\/uploads\/2018\/08\/football-2699589_960_720.jpg","og:image:secure_url":"https:\/\/candas365.es\/noticias\/wp-content\/uploads\/2018\/08\/football-2699589_960_720.jpg","og:image:width":960,"og:image:height":720,"article:published_time":"2020-12-08T20:26:25+00:00","article:modified_time":"2020-12-08T20:27:44+00:00","article:publisher":"https:\/\/www.facebook.com\/Nachofdezber","article:author":"https:\/\/www.facebook.com\/carrenoactualidad","twitter:card":"summary_large_image","twitter:site":"@NabercoDigital","twitter:title":"El Atl\u00e9tico de Madrid visita al FC RB Salzburg | Cand\u00e1s 365","twitter:description":"El Atl\u00e9tico de Madrid visita este mi\u00e9rcoles al FC RB Salzburg en el Red Bull Arena en la sexta y \u00faltima jornada de la Liga de Campeones","twitter:creator":"@nbasturias","twitter:image":"https:\/\/candas365.es\/noticias\/wp-content\/uploads\/2018\/08\/football-2699589_960_720.jpg","twitter:label1":"Escrito por","twitter:data1":"Cand\u00e1s 365","twitter:label2":"Tiempo de lectura estimado","twitter:data2":"4 minutos"},"aioseo_meta_data":{"post_id":"149658","title":"El Atl\u00e9tico de Madrid visita al FC RB Salzburg | #site_title","description":"El Atl\u00e9tico de Madrid visita este mi\u00e9rcoles al FC RB Salzburg en el Red Bull Arena en la sexta y \u00faltima jornada de la Liga de Campeones","keywords":[{"label":"Deportes","value":"Deportes"},{"label":"F\u00fatbol","value":"F\u00fatbol"}],"keyphrases":null,"primary_term":null,"canonical_url":"","og_title":null,"og_description":null,"og_object_type":"default","og_image_type":"default","og_image_url":null,"og_image_width":null,"og_image_height":null,"og_image_custom_url":null,"og_image_custom_fields":null,"og_video":null,"og_custom_url":null,"og_article_section":null,"og_article_tags":null,"twitter_use_og":false,"twitter_card":"default","twitter_image_type":"default","twitter_image_url":null,"twitter_image_custom_url":null,"twitter_image_custom_fields":null,"twitter_title":null,"twitter_description":null,"schema":{"blockGraphs":[],"customGraphs":[],"default":{"data":{"Article":[],"Course":[],"Dataset":[],"FAQPage":[],"Movie":[],"Person":[],"Product":[],"ProductReview":[],"Car":[],"Recipe":[],"Service":[],"SoftwareApplication":[],"WebPage":[]},"graphName":"","isEnabled":true},"graphs":[],"defaultGraph":"","defaultPostTypeGraph":""},"schema_type":null,"schema_type_options":null,"pillar_content":false,"robots_default":true,"robots_noindex":false,"robots_noarchive":false,"robots_nosnippet":false,"robots_nofollow":false,"robots_noimageindex":false,"robots_noodp":false,"robots_notranslate":false,"robots_max_snippet":null,"robots_max_videopreview":null,"robots_max_imagepreview":"large","priority":null,"frequency":null,"location":null,"local_seo":null,"seo_analyzer_scan_date":"2025-08-31 15:03:25","breadcrumb_settings":null,"limit_modified_date":false,"reviewed_by":null,"open_ai":null,"ai":null,"created":"2020-12-21 10:37:30","updated":"2025-08-31 15:03:25"},"aioseo_breadcrumb":"<div class=\"aioseo-breadcrumbs\"><span class=\"aioseo-breadcrumb\">\n\t<a href=\"https:\/\/candas365.es\/noticias\" title=\"Home\">Home<\/a>\n<\/span><span class=\"aioseo-breadcrumb-separator\">&ndash;<\/span><span class=\"aioseo-breadcrumb\">\n\t<a href=\"https:\/\/candas365.es\/noticias\/category\/deporte\/\" title=\"Deporte\">Deporte<\/a>\n<\/span><span class=\"aioseo-breadcrumb-separator\">&ndash;<\/span><span class=\"aioseo-breadcrumb\">\n\tEl Atl\u00e9tico de Madrid visita al FC RB Salzburg\n<\/span><\/div>","aioseo_breadcrumb_json":[{"label":"Home","link":"https:\/\/candas365.es\/noticias"},{"label":"Deporte","link":"https:\/\/candas365.es\/noticias\/category\/deporte\/"},{"label":"El Atl\u00e9tico de Madrid visita al FC RB Salzburg","link":"https:\/\/candas365.es\/noticias\/el-atletico-de-madrid-visita-al-fc-rb-salzburg\/"}],"_links":{"self":[{"href":"https:\/\/candas365.es\/noticias\/wp-json\/wp\/v2\/posts\/149658","targetHints":{"allow":["GET"]}}],"collection":[{"href":"https:\/\/candas365.es\/noticias\/wp-json\/wp\/v2\/posts"}],"about":[{"href":"https:\/\/candas365.es\/noticias\/wp-json\/wp\/v2\/types\/post"}],"author":[{"embeddable":true,"href":"https:\/\/candas365.es\/noticias\/wp-json\/wp\/v2\/users\/1"}],"replies":[{"embeddable":true,"href":"https:\/\/candas365.es\/noticias\/wp-json\/wp\/v2\/comments?post=149658"}],"version-history":[{"count":0,"href":"https:\/\/candas365.es\/noticias\/wp-json\/wp\/v2\/posts\/149658\/revisions"}],"wp:featuredmedia":[{"embeddable":true,"href":"https:\/\/candas365.es\/noticias\/wp-json\/wp\/v2\/media\/102401"}],"wp:attachment":[{"href":"https:\/\/candas365.es\/noticias\/wp-json\/wp\/v2\/media?parent=149658"}],"wp:term":[{"taxonomy":"category","embeddable":true,"href":"https:\/\/candas365.es\/noticias\/wp-json\/wp\/v2\/categories?post=149658"},{"taxonomy":"post_tag","embeddable":true,"href":"https:\/\/candas365.es\/noticias\/wp-json\/wp\/v2\/tags?post=149658"}],"curies":[{"name":"wp","href":"https:\/\/api.w.org\/{rel}","templated":true}]}}