{"id":149648,"date":"2020-12-08T19:42:46","date_gmt":"2020-12-08T19:42:46","guid":{"rendered":"http:\/\/candas365.es\/noticias\/?p=149648"},"modified":"2020-12-08T19:42:46","modified_gmt":"2020-12-08T19:42:46","slug":"neuer-sobre-muller-y-boateng-low-no-cerro-del-todo-la-puerta","status":"publish","type":"post","link":"https:\/\/candas365.es\/noticias\/neuer-sobre-muller-y-boateng-low-no-cerro-del-todo-la-puerta\/","title":{"rendered":"Neuer, sobre M\u00fcller y Boateng: \u00abL\u00f6w no cerr\u00f3 del todo la puerta\u00bb"},"content":{"rendered":"<p><img fetchpriority=\"high\" decoding=\"async\" class=\"alignleft size-medium wp-image-98026\" src=\"https:\/\/candas365.es\/noticias\/wp-content\/uploads\/2018\/06\/football-1406106_960_720-1-360x241.jpg\" alt=\"\" width=\"360\" height=\"241\" srcset=\"https:\/\/candas365.es\/noticias\/wp-content\/uploads\/2018\/06\/football-1406106_960_720-1-360x241.jpg 360w, https:\/\/candas365.es\/noticias\/wp-content\/uploads\/2018\/06\/football-1406106_960_720-1-768x514.jpg 768w, https:\/\/candas365.es\/noticias\/wp-content\/uploads\/2018\/06\/football-1406106_960_720-1-655x439.jpg 655w, https:\/\/candas365.es\/noticias\/wp-content\/uploads\/2018\/06\/football-1406106_960_720-1-696x466.jpg 696w, https:\/\/candas365.es\/noticias\/wp-content\/uploads\/2018\/06\/football-1406106_960_720-1-627x420.jpg 627w, https:\/\/candas365.es\/noticias\/wp-content\/uploads\/2018\/06\/football-1406106_960_720-1.jpg 960w\" sizes=\"(max-width: 360px) 100vw, 360px\" \/>M\u00fanich, 8 dic (dpa) &#8211; El capit\u00e1n de la selecci\u00f3n nacional alemana y guardameta del Bayern, Manuel Neuer, elogi\u00f3 hoy a sus compa\u00f1eros de equipo en M\u00fanich Thomas M\u00fcller y J\u00e9r\u00f4me Boateng, pero no hizo ninguna predicci\u00f3n sobre el regreso de los dos campeones del mundo de 2014 al combinado germano.<\/p>\n<p>\u00abCreo que Jogi L\u00f6w no cerr\u00f3 del todo la puerta. Se present\u00f3, respondi\u00f3 a todas las preguntas. Veremos qu\u00e9 pasa\u00bb, dijo Neuer, en alusi\u00f3n a las declaraciones realizadas el lunes por el seleccionador alem\u00e1n.<\/p>\n<p>\u00abLos responsables lo decidir\u00e1n a su debido tiempo\u00bb, agreg\u00f3 el portero del Bayern en v\u00edsperas del partido de Liga de Campeones entre el plusmarquista alem\u00e1n y el Lokomotive de Mosc\u00fa a disputarse el mi\u00e9rcoles. Los b\u00e1varos encabezan su grupo, pero quieren anotar otra victoria al final de la fase de grupos.<\/p>\n<p>M\u00fcller y Boateng, al igual que Mats Hummels del Dortmund, fueron descartados de la selecci\u00f3n por el entrenador nacional Joachim L\u00f6w en la primavera boreal de 2019 como parte de una reestruccturaci\u00f3n del equipo nacional germano.<\/p>\n<p>Desde entonces, ha habido continuos debates sobre un posible regreso del tr\u00edo al combinado, especialmente despu\u00e9s de su derrota por 6-0 ante Espa\u00f1a.<\/p>\n<p>M\u00fcller y Boateng est\u00e1n \u00aben muy buena forma\u00bb en el club, dijo Neuer. \u00abSe concentran en su trabajo. Ambos juegan tambi\u00e9n en un equipo exitoso\u00bb, a\u00f1adi\u00f3 el portero de 34 a\u00f1os.<\/p>\n<p>\u00abCreo que est\u00e1n totalmente centrados en su rendimiento personal y en el rendimiento del equipo: eso es decisivo para ellos, tambi\u00e9n en el futuro\u00bb, concluy\u00f3.<\/p>\n","protected":false},"excerpt":{"rendered":"<p>M\u00fanich, 8 dic (dpa) &#8211; El capit\u00e1n de la selecci\u00f3n nacional alemana y guardameta del Bayern, Manuel Neuer, elogi\u00f3 hoy a sus compa\u00f1eros de equipo en M\u00fanich Thomas M\u00fcller y J\u00e9r\u00f4me Boateng, pero no hizo ninguna predicci\u00f3n sobre el regreso de los dos campeones del mundo de 2014 al combinado germano. \u00abCreo que Jogi L\u00f6w<\/p>\n","protected":false},"author":1,"featured_media":98026,"comment_status":"closed","ping_status":"closed","sticky":false,"template":"","format":"standard","meta":{"footnotes":""},"categories":[319],"tags":[],"class_list":{"0":"post-149648","1":"post","2":"type-post","3":"status-publish","4":"format-standard","5":"has-post-thumbnail","7":"category-deporte"},"aioseo_notices":[],"aioseo_head":"\n\t\t<!-- All in One SEO Pro 4.9.6.2 - aioseo.com -->\n\t<meta name=\"description\" content=\"El capit\u00e1n de la selecci\u00f3n alemana y guardameta del Bayern, Manuel Neuer, elogi\u00f3 hoy a sus compa\u00f1eros de equipo en M\u00fanich Thomas M\u00fcller y J\u00e9r\u00f4me Boateng,\" \/>\n\t<meta name=\"robots\" content=\"max-image-preview:large\" \/>\n\t<meta name=\"author\" content=\"Cand\u00e1s 365\"\/>\n\t<meta name=\"google-site-verification\" content=\"UA-32230408-1\" \/>\n\t<meta name=\"msvalidate.01\" content=\"354F3CDFB2DA171B47FBE9ABF1F88D5\" \/>\n\t<meta name=\"keywords\" content=\"deportes,f\u00fatbol,deporte\" \/>\n\t<link rel=\"canonical\" href=\"https:\/\/candas365.es\/noticias\/neuer-sobre-muller-y-boateng-low-no-cerro-del-todo-la-puerta\/\" \/>\n\t<meta name=\"generator\" content=\"All in One SEO Pro (AIOSEO) 4.9.6.2\" \/>\n\t\t<meta property=\"og:locale\" content=\"es_ES\" \/>\n\t\t<meta property=\"og:site_name\" content=\"Cand\u00e1s 365\" \/>\n\t\t<meta property=\"og:type\" content=\"article\" \/>\n\t\t<meta property=\"og:title\" content=\"Neuer, sobre M\u00fcller y Boateng: &quot;L\u00f6w no cerr\u00f3 del todo la puerta&quot; | Cand\u00e1s 365\" \/>\n\t\t<meta property=\"og:description\" content=\"El capit\u00e1n de la selecci\u00f3n alemana y guardameta del Bayern, Manuel Neuer, elogi\u00f3 hoy a sus compa\u00f1eros de equipo en M\u00fanich Thomas M\u00fcller y J\u00e9r\u00f4me Boateng,\" \/>\n\t\t<meta property=\"og:url\" content=\"https:\/\/candas365.es\/noticias\/neuer-sobre-muller-y-boateng-low-no-cerro-del-todo-la-puerta\/\" \/>\n\t\t<meta property=\"og:image\" content=\"https:\/\/candas365.es\/noticias\/wp-content\/uploads\/2018\/06\/football-1406106_960_720-1.jpg\" \/>\n\t\t<meta property=\"og:image:secure_url\" content=\"https:\/\/candas365.es\/noticias\/wp-content\/uploads\/2018\/06\/football-1406106_960_720-1.jpg\" \/>\n\t\t<meta property=\"og:image:width\" content=\"960\" \/>\n\t\t<meta property=\"og:image:height\" content=\"643\" \/>\n\t\t<meta property=\"article:published_time\" content=\"2020-12-08T19:42:46+00:00\" \/>\n\t\t<meta property=\"article:modified_time\" content=\"2020-12-08T19:42:46+00:00\" \/>\n\t\t<meta property=\"article:publisher\" content=\"https:\/\/www.facebook.com\/Nachofdezber\" \/>\n\t\t<meta property=\"article:author\" content=\"https:\/\/www.facebook.com\/carrenoactualidad\" \/>\n\t\t<meta name=\"twitter:card\" content=\"summary_large_image\" \/>\n\t\t<meta name=\"twitter:site\" content=\"@NabercoDigital\" \/>\n\t\t<meta name=\"twitter:title\" content=\"Neuer, sobre M\u00fcller y Boateng: &quot;L\u00f6w no cerr\u00f3 del todo la puerta&quot; | Cand\u00e1s 365\" \/>\n\t\t<meta name=\"twitter:description\" content=\"El capit\u00e1n de la selecci\u00f3n alemana y guardameta del Bayern, Manuel Neuer, elogi\u00f3 hoy a sus compa\u00f1eros de equipo en M\u00fanich Thomas M\u00fcller y J\u00e9r\u00f4me Boateng,\" \/>\n\t\t<meta name=\"twitter:creator\" content=\"@nbasturias\" \/>\n\t\t<meta name=\"twitter:image\" content=\"https:\/\/candas365.es\/noticias\/wp-content\/uploads\/2018\/06\/football-1406106_960_720-1.jpg\" \/>\n\t\t<meta name=\"twitter:label1\" content=\"Escrito por\" \/>\n\t\t<meta name=\"twitter:data1\" content=\"Cand\u00e1s 365\" \/>\n\t\t<meta name=\"twitter:label2\" content=\"Tiempo de lectura estimado\" \/>\n\t\t<meta name=\"twitter:data2\" content=\"1 minuto\" \/>\n\t\t<script type=\"application\/ld+json\" class=\"aioseo-schema\">\n\t\t\t{\"@context\":\"https:\\\/\\\/schema.org\",\"@graph\":[{\"@type\":\"BreadcrumbList\",\"@id\":\"https:\\\/\\\/candas365.es\\\/noticias\\\/neuer-sobre-muller-y-boateng-low-no-cerro-del-todo-la-puerta\\\/#breadcrumblist\",\"itemListElement\":[{\"@type\":\"ListItem\",\"@id\":\"https:\\\/\\\/candas365.es\\\/noticias#listItem\",\"position\":1,\"name\":\"Home\",\"item\":\"https:\\\/\\\/candas365.es\\\/noticias\",\"nextItem\":{\"@type\":\"ListItem\",\"@id\":\"https:\\\/\\\/candas365.es\\\/noticias\\\/category\\\/deporte\\\/#listItem\",\"name\":\"Deporte\"}},{\"@type\":\"ListItem\",\"@id\":\"https:\\\/\\\/candas365.es\\\/noticias\\\/category\\\/deporte\\\/#listItem\",\"position\":2,\"name\":\"Deporte\",\"item\":\"https:\\\/\\\/candas365.es\\\/noticias\\\/category\\\/deporte\\\/\",\"nextItem\":{\"@type\":\"ListItem\",\"@id\":\"https:\\\/\\\/candas365.es\\\/noticias\\\/neuer-sobre-muller-y-boateng-low-no-cerro-del-todo-la-puerta\\\/#listItem\",\"name\":\"Neuer, sobre M\\u00fcller y Boateng: \\u00abL\\u00f6w no cerr\\u00f3 del todo la puerta\\u00bb\"},\"previousItem\":{\"@type\":\"ListItem\",\"@id\":\"https:\\\/\\\/candas365.es\\\/noticias#listItem\",\"name\":\"Home\"}},{\"@type\":\"ListItem\",\"@id\":\"https:\\\/\\\/candas365.es\\\/noticias\\\/neuer-sobre-muller-y-boateng-low-no-cerro-del-todo-la-puerta\\\/#listItem\",\"position\":3,\"name\":\"Neuer, sobre M\\u00fcller y Boateng: \\u00abL\\u00f6w no cerr\\u00f3 del todo la puerta\\u00bb\",\"previousItem\":{\"@type\":\"ListItem\",\"@id\":\"https:\\\/\\\/candas365.es\\\/noticias\\\/category\\\/deporte\\\/#listItem\",\"name\":\"Deporte\"}}]},{\"@type\":\"NewsArticle\",\"@id\":\"https:\\\/\\\/candas365.es\\\/noticias\\\/neuer-sobre-muller-y-boateng-low-no-cerro-del-todo-la-puerta\\\/#newsarticle\",\"name\":\"Neuer, sobre M\\u00fcller y Boateng: \\\"L\\u00f6w no cerr\\u00f3 del todo la puerta\\\" | Cand\\u00e1s 365\",\"headline\":\"Neuer, sobre M\\u00fcller y Boateng: \\u00abL\\u00f6w no cerr\\u00f3 del todo la puerta\\u00bb\",\"author\":{\"@id\":\"https:\\\/\\\/candas365.es\\\/noticias\\\/author\\\/admin\\\/#author\"},\"publisher\":{\"@id\":\"https:\\\/\\\/candas365.es\\\/noticias\\\/#organization\"},\"image\":{\"@type\":\"ImageObject\",\"url\":\"https:\\\/\\\/candas365.es\\\/noticias\\\/wp-content\\\/uploads\\\/2018\\\/06\\\/football-1406106_960_720-1.jpg\",\"width\":960,\"height\":643},\"datePublished\":\"2020-12-08T19:42:46+01:00\",\"dateModified\":\"2020-12-08T19:42:46+01:00\",\"inLanguage\":\"es-ES\",\"mainEntityOfPage\":{\"@id\":\"https:\\\/\\\/candas365.es\\\/noticias\\\/neuer-sobre-muller-y-boateng-low-no-cerro-del-todo-la-puerta\\\/#webpage\"},\"isPartOf\":{\"@id\":\"https:\\\/\\\/candas365.es\\\/noticias\\\/neuer-sobre-muller-y-boateng-low-no-cerro-del-todo-la-puerta\\\/#webpage\"},\"articleSection\":\"Deporte\",\"dateline\":\"Publicado el diciembre 8, 2020.\"},{\"@type\":\"Organization\",\"@id\":\"https:\\\/\\\/candas365.es\\\/noticias\\\/#organization\",\"name\":\"Cand\\u00e1s 365\",\"description\":\"Cand\\u00e1s 365 es un diario digital independiente, fundado en 2012, con base en Asturias. Informamos con rigor sobre actualidad, sociedad, cultura y ocio, con una mirada local y global.\",\"url\":\"https:\\\/\\\/candas365.es\\\/noticias\\\/\",\"email\":\"info@candas365.es\",\"telephone\":\"+34652131393\",\"foundingDate\":\"2012-06-10\",\"logo\":{\"@type\":\"ImageObject\",\"url\":\"https:\\\/\\\/candas365.es\\\/noticias\\\/wp-content\\\/uploads\\\/2024\\\/09\\\/Candas-365-Redes.jpg\",\"@id\":\"https:\\\/\\\/candas365.es\\\/noticias\\\/neuer-sobre-muller-y-boateng-low-no-cerro-del-todo-la-puerta\\\/#organizationLogo\",\"width\":1152,\"height\":864,\"caption\":\"Cand\\u00e1s 365 Redes\"},\"image\":{\"@id\":\"https:\\\/\\\/candas365.es\\\/noticias\\\/neuer-sobre-muller-y-boateng-low-no-cerro-del-todo-la-puerta\\\/#organizationLogo\"},\"sameAs\":[\"https:\\\/\\\/www.facebook.com\\\/Nachofdezber\",\"https:\\\/\\\/x.com\\\/NabercoDigital\",\"https:\\\/\\\/www.instagram.com\\\/nachofdezber\\\/\",\"https:\\\/\\\/www.youtube.com\\\/channel\\\/UCZP-2wLEB9Rv6erhFmqVnvg\"],\"address\":{\"@id\":\"https:\\\/\\\/candas365.es\\\/noticias\\\/#postaladdress\",\"@type\":\"PostalAddress\",\"streetAddress\":\"san antonio 4, san antonio 4\",\"postalCode\":\"33430\",\"addressLocality\":\"Cand\\u00e1s\",\"addressRegion\":\"Asturias\",\"addressCountry\":\"ES\"}},{\"@type\":\"Person\",\"@id\":\"https:\\\/\\\/candas365.es\\\/noticias\\\/author\\\/admin\\\/#author\",\"url\":\"https:\\\/\\\/candas365.es\\\/noticias\\\/author\\\/admin\\\/\",\"name\":\"Cand\\u00e1s 365\",\"image\":{\"@type\":\"ImageObject\",\"@id\":\"https:\\\/\\\/candas365.es\\\/noticias\\\/neuer-sobre-muller-y-boateng-low-no-cerro-del-todo-la-puerta\\\/#authorImage\",\"url\":\"https:\\\/\\\/secure.gravatar.com\\\/avatar\\\/496a8e03d0c493ede1718b7934145dbdf8d89be1036b0eec9544e1094c9de390?s=96&d=mm&r=g\",\"width\":96,\"height\":96,\"caption\":\"Cand\\u00e1s 365\"},\"sameAs\":[\"https:\\\/\\\/www.facebook.com\\\/carrenoactualidad\",\"https:\\\/\\\/twitter.com\\\/nbasturias\",\"https:\\\/\\\/www.instagram.com\\\/nachofdezber\\\/\",\"https:\\\/\\\/www.youtube.com\\\/channel\\\/UCZP-2wLEB9Rv6erhFmqVnvg\"]},{\"@type\":\"WebPage\",\"@id\":\"https:\\\/\\\/candas365.es\\\/noticias\\\/neuer-sobre-muller-y-boateng-low-no-cerro-del-todo-la-puerta\\\/#webpage\",\"url\":\"https:\\\/\\\/candas365.es\\\/noticias\\\/neuer-sobre-muller-y-boateng-low-no-cerro-del-todo-la-puerta\\\/\",\"name\":\"Neuer, sobre M\\u00fcller y Boateng: \\\"L\\u00f6w no cerr\\u00f3 del todo la puerta\\\" | Cand\\u00e1s 365\",\"description\":\"El capit\\u00e1n de la selecci\\u00f3n alemana y guardameta del Bayern, Manuel Neuer, elogi\\u00f3 hoy a sus compa\\u00f1eros de equipo en M\\u00fanich Thomas M\\u00fcller y J\\u00e9r\\u00f4me Boateng,\",\"inLanguage\":\"es-ES\",\"isPartOf\":{\"@id\":\"https:\\\/\\\/candas365.es\\\/noticias\\\/#website\"},\"breadcrumb\":{\"@id\":\"https:\\\/\\\/candas365.es\\\/noticias\\\/neuer-sobre-muller-y-boateng-low-no-cerro-del-todo-la-puerta\\\/#breadcrumblist\"},\"author\":{\"@id\":\"https:\\\/\\\/candas365.es\\\/noticias\\\/author\\\/admin\\\/#author\"},\"creator\":{\"@id\":\"https:\\\/\\\/candas365.es\\\/noticias\\\/author\\\/admin\\\/#author\"},\"image\":{\"@type\":\"ImageObject\",\"url\":\"https:\\\/\\\/candas365.es\\\/noticias\\\/wp-content\\\/uploads\\\/2018\\\/06\\\/football-1406106_960_720-1.jpg\",\"@id\":\"https:\\\/\\\/candas365.es\\\/noticias\\\/neuer-sobre-muller-y-boateng-low-no-cerro-del-todo-la-puerta\\\/#mainImage\",\"width\":960,\"height\":643},\"primaryImageOfPage\":{\"@id\":\"https:\\\/\\\/candas365.es\\\/noticias\\\/neuer-sobre-muller-y-boateng-low-no-cerro-del-todo-la-puerta\\\/#mainImage\"},\"datePublished\":\"2020-12-08T19:42:46+01:00\",\"dateModified\":\"2020-12-08T19:42:46+01:00\"},{\"@type\":\"WebSite\",\"@id\":\"https:\\\/\\\/candas365.es\\\/noticias\\\/#website\",\"url\":\"https:\\\/\\\/candas365.es\\\/noticias\\\/\",\"name\":\"Cand\\u00e1s 365\",\"alternateName\":\"Cand\\u00e1s 365 Noticias\",\"description\":\"Actualidad desde Carre\\u00f1o para el mundo\",\"inLanguage\":\"es-ES\",\"publisher\":{\"@id\":\"https:\\\/\\\/candas365.es\\\/noticias\\\/#organization\"}}]}\n\t\t<\/script>\n\t\t<!-- All in One SEO Pro -->\r\n\t\t<title>Neuer, sobre M\u00fcller y Boateng: &quot;L\u00f6w no cerr\u00f3 del todo la puerta&quot; | Cand\u00e1s 365<\/title>\n\n","aioseo_head_json":{"title":"Neuer, sobre M\u00fcller y Boateng: \"L\u00f6w no cerr\u00f3 del todo la puerta\" | Cand\u00e1s 365","description":"El capit\u00e1n de la selecci\u00f3n alemana y guardameta del Bayern, Manuel Neuer, elogi\u00f3 hoy a sus compa\u00f1eros de equipo en M\u00fanich Thomas M\u00fcller y J\u00e9r\u00f4me Boateng,","canonical_url":"https:\/\/candas365.es\/noticias\/neuer-sobre-muller-y-boateng-low-no-cerro-del-todo-la-puerta\/","robots":"max-image-preview:large","keywords":"deportes,f\u00fatbol,deporte","webmasterTools":{"google-site-verification":"UA-32230408-1","msvalidate.01":"354F3CDFB2DA171B47FBE9ABF1F88D5","miscellaneous":""},"schema":{"@context":"https:\/\/schema.org","@graph":[{"@type":"BreadcrumbList","@id":"https:\/\/candas365.es\/noticias\/neuer-sobre-muller-y-boateng-low-no-cerro-del-todo-la-puerta\/#breadcrumblist","itemListElement":[{"@type":"ListItem","@id":"https:\/\/candas365.es\/noticias#listItem","position":1,"name":"Home","item":"https:\/\/candas365.es\/noticias","nextItem":{"@type":"ListItem","@id":"https:\/\/candas365.es\/noticias\/category\/deporte\/#listItem","name":"Deporte"}},{"@type":"ListItem","@id":"https:\/\/candas365.es\/noticias\/category\/deporte\/#listItem","position":2,"name":"Deporte","item":"https:\/\/candas365.es\/noticias\/category\/deporte\/","nextItem":{"@type":"ListItem","@id":"https:\/\/candas365.es\/noticias\/neuer-sobre-muller-y-boateng-low-no-cerro-del-todo-la-puerta\/#listItem","name":"Neuer, sobre M\u00fcller y Boateng: \u00abL\u00f6w no cerr\u00f3 del todo la puerta\u00bb"},"previousItem":{"@type":"ListItem","@id":"https:\/\/candas365.es\/noticias#listItem","name":"Home"}},{"@type":"ListItem","@id":"https:\/\/candas365.es\/noticias\/neuer-sobre-muller-y-boateng-low-no-cerro-del-todo-la-puerta\/#listItem","position":3,"name":"Neuer, sobre M\u00fcller y Boateng: \u00abL\u00f6w no cerr\u00f3 del todo la puerta\u00bb","previousItem":{"@type":"ListItem","@id":"https:\/\/candas365.es\/noticias\/category\/deporte\/#listItem","name":"Deporte"}}]},{"@type":"NewsArticle","@id":"https:\/\/candas365.es\/noticias\/neuer-sobre-muller-y-boateng-low-no-cerro-del-todo-la-puerta\/#newsarticle","name":"Neuer, sobre M\u00fcller y Boateng: \"L\u00f6w no cerr\u00f3 del todo la puerta\" | Cand\u00e1s 365","headline":"Neuer, sobre M\u00fcller y Boateng: \u00abL\u00f6w no cerr\u00f3 del todo la puerta\u00bb","author":{"@id":"https:\/\/candas365.es\/noticias\/author\/admin\/#author"},"publisher":{"@id":"https:\/\/candas365.es\/noticias\/#organization"},"image":{"@type":"ImageObject","url":"https:\/\/candas365.es\/noticias\/wp-content\/uploads\/2018\/06\/football-1406106_960_720-1.jpg","width":960,"height":643},"datePublished":"2020-12-08T19:42:46+01:00","dateModified":"2020-12-08T19:42:46+01:00","inLanguage":"es-ES","mainEntityOfPage":{"@id":"https:\/\/candas365.es\/noticias\/neuer-sobre-muller-y-boateng-low-no-cerro-del-todo-la-puerta\/#webpage"},"isPartOf":{"@id":"https:\/\/candas365.es\/noticias\/neuer-sobre-muller-y-boateng-low-no-cerro-del-todo-la-puerta\/#webpage"},"articleSection":"Deporte","dateline":"Publicado el diciembre 8, 2020."},{"@type":"Organization","@id":"https:\/\/candas365.es\/noticias\/#organization","name":"Cand\u00e1s 365","description":"Cand\u00e1s 365 es un diario digital independiente, fundado en 2012, con base en Asturias. Informamos con rigor sobre actualidad, sociedad, cultura y ocio, con una mirada local y global.","url":"https:\/\/candas365.es\/noticias\/","email":"info@candas365.es","telephone":"+34652131393","foundingDate":"2012-06-10","logo":{"@type":"ImageObject","url":"https:\/\/candas365.es\/noticias\/wp-content\/uploads\/2024\/09\/Candas-365-Redes.jpg","@id":"https:\/\/candas365.es\/noticias\/neuer-sobre-muller-y-boateng-low-no-cerro-del-todo-la-puerta\/#organizationLogo","width":1152,"height":864,"caption":"Cand\u00e1s 365 Redes"},"image":{"@id":"https:\/\/candas365.es\/noticias\/neuer-sobre-muller-y-boateng-low-no-cerro-del-todo-la-puerta\/#organizationLogo"},"sameAs":["https:\/\/www.facebook.com\/Nachofdezber","https:\/\/x.com\/NabercoDigital","https:\/\/www.instagram.com\/nachofdezber\/","https:\/\/www.youtube.com\/channel\/UCZP-2wLEB9Rv6erhFmqVnvg"],"address":{"@id":"https:\/\/candas365.es\/noticias\/#postaladdress","@type":"PostalAddress","streetAddress":"san antonio 4, san antonio 4","postalCode":"33430","addressLocality":"Cand\u00e1s","addressRegion":"Asturias","addressCountry":"ES"}},{"@type":"Person","@id":"https:\/\/candas365.es\/noticias\/author\/admin\/#author","url":"https:\/\/candas365.es\/noticias\/author\/admin\/","name":"Cand\u00e1s 365","image":{"@type":"ImageObject","@id":"https:\/\/candas365.es\/noticias\/neuer-sobre-muller-y-boateng-low-no-cerro-del-todo-la-puerta\/#authorImage","url":"https:\/\/secure.gravatar.com\/avatar\/496a8e03d0c493ede1718b7934145dbdf8d89be1036b0eec9544e1094c9de390?s=96&d=mm&r=g","width":96,"height":96,"caption":"Cand\u00e1s 365"},"sameAs":["https:\/\/www.facebook.com\/carrenoactualidad","https:\/\/twitter.com\/nbasturias","https:\/\/www.instagram.com\/nachofdezber\/","https:\/\/www.youtube.com\/channel\/UCZP-2wLEB9Rv6erhFmqVnvg"]},{"@type":"WebPage","@id":"https:\/\/candas365.es\/noticias\/neuer-sobre-muller-y-boateng-low-no-cerro-del-todo-la-puerta\/#webpage","url":"https:\/\/candas365.es\/noticias\/neuer-sobre-muller-y-boateng-low-no-cerro-del-todo-la-puerta\/","name":"Neuer, sobre M\u00fcller y Boateng: \"L\u00f6w no cerr\u00f3 del todo la puerta\" | Cand\u00e1s 365","description":"El capit\u00e1n de la selecci\u00f3n alemana y guardameta del Bayern, Manuel Neuer, elogi\u00f3 hoy a sus compa\u00f1eros de equipo en M\u00fanich Thomas M\u00fcller y J\u00e9r\u00f4me Boateng,","inLanguage":"es-ES","isPartOf":{"@id":"https:\/\/candas365.es\/noticias\/#website"},"breadcrumb":{"@id":"https:\/\/candas365.es\/noticias\/neuer-sobre-muller-y-boateng-low-no-cerro-del-todo-la-puerta\/#breadcrumblist"},"author":{"@id":"https:\/\/candas365.es\/noticias\/author\/admin\/#author"},"creator":{"@id":"https:\/\/candas365.es\/noticias\/author\/admin\/#author"},"image":{"@type":"ImageObject","url":"https:\/\/candas365.es\/noticias\/wp-content\/uploads\/2018\/06\/football-1406106_960_720-1.jpg","@id":"https:\/\/candas365.es\/noticias\/neuer-sobre-muller-y-boateng-low-no-cerro-del-todo-la-puerta\/#mainImage","width":960,"height":643},"primaryImageOfPage":{"@id":"https:\/\/candas365.es\/noticias\/neuer-sobre-muller-y-boateng-low-no-cerro-del-todo-la-puerta\/#mainImage"},"datePublished":"2020-12-08T19:42:46+01:00","dateModified":"2020-12-08T19:42:46+01:00"},{"@type":"WebSite","@id":"https:\/\/candas365.es\/noticias\/#website","url":"https:\/\/candas365.es\/noticias\/","name":"Cand\u00e1s 365","alternateName":"Cand\u00e1s 365 Noticias","description":"Actualidad desde Carre\u00f1o para el mundo","inLanguage":"es-ES","publisher":{"@id":"https:\/\/candas365.es\/noticias\/#organization"}}]},"og:locale":"es_ES","og:site_name":"Cand\u00e1s 365","og:type":"article","og:title":"Neuer, sobre M\u00fcller y Boateng: &quot;L\u00f6w no cerr\u00f3 del todo la puerta&quot; | Cand\u00e1s 365","og:description":"El capit\u00e1n de la selecci\u00f3n alemana y guardameta del Bayern, Manuel Neuer, elogi\u00f3 hoy a sus compa\u00f1eros de equipo en M\u00fanich Thomas M\u00fcller y J\u00e9r\u00f4me Boateng,","og:url":"https:\/\/candas365.es\/noticias\/neuer-sobre-muller-y-boateng-low-no-cerro-del-todo-la-puerta\/","og:image":"https:\/\/candas365.es\/noticias\/wp-content\/uploads\/2018\/06\/football-1406106_960_720-1.jpg","og:image:secure_url":"https:\/\/candas365.es\/noticias\/wp-content\/uploads\/2018\/06\/football-1406106_960_720-1.jpg","og:image:width":960,"og:image:height":643,"article:published_time":"2020-12-08T19:42:46+00:00","article:modified_time":"2020-12-08T19:42:46+00:00","article:publisher":"https:\/\/www.facebook.com\/Nachofdezber","article:author":"https:\/\/www.facebook.com\/carrenoactualidad","twitter:card":"summary_large_image","twitter:site":"@NabercoDigital","twitter:title":"Neuer, sobre M\u00fcller y Boateng: &quot;L\u00f6w no cerr\u00f3 del todo la puerta&quot; | Cand\u00e1s 365","twitter:description":"El capit\u00e1n de la selecci\u00f3n alemana y guardameta del Bayern, Manuel Neuer, elogi\u00f3 hoy a sus compa\u00f1eros de equipo en M\u00fanich Thomas M\u00fcller y J\u00e9r\u00f4me Boateng,","twitter:creator":"@nbasturias","twitter:image":"https:\/\/candas365.es\/noticias\/wp-content\/uploads\/2018\/06\/football-1406106_960_720-1.jpg","twitter:label1":"Escrito por","twitter:data1":"Cand\u00e1s 365","twitter:label2":"Tiempo de lectura estimado","twitter:data2":"1 minuto"},"aioseo_meta_data":{"post_id":"149648","title":"Neuer, sobre M\u00fcller y Boateng: &quot;L\u00f6w no cerr\u00f3 del todo la puerta&quot; | #site_title","description":"El capit\u00e1n de la selecci\u00f3n alemana y guardameta del Bayern, Manuel Neuer, elogi\u00f3 hoy a sus compa\u00f1eros de equipo en M\u00fanich Thomas M\u00fcller y J\u00e9r\u00f4me Boateng,","keywords":[{"label":"Deportes","value":"Deportes"},{"label":"F\u00fatbol","value":"F\u00fatbol"}],"keyphrases":null,"primary_term":null,"canonical_url":"","og_title":null,"og_description":null,"og_object_type":"default","og_image_type":"default","og_image_url":null,"og_image_width":null,"og_image_height":null,"og_image_custom_url":null,"og_image_custom_fields":null,"og_video":null,"og_custom_url":null,"og_article_section":null,"og_article_tags":null,"twitter_use_og":false,"twitter_card":"default","twitter_image_type":"default","twitter_image_url":null,"twitter_image_custom_url":null,"twitter_image_custom_fields":null,"twitter_title":null,"twitter_description":null,"schema":{"blockGraphs":[],"customGraphs":[],"default":{"data":{"Article":[],"Course":[],"Dataset":[],"FAQPage":[],"Movie":[],"Person":[],"Product":[],"ProductReview":[],"Car":[],"Recipe":[],"Service":[],"SoftwareApplication":[],"WebPage":[]},"graphName":"","isEnabled":true},"graphs":[],"defaultGraph":"","defaultPostTypeGraph":""},"schema_type":null,"schema_type_options":null,"pillar_content":false,"robots_default":true,"robots_noindex":false,"robots_noarchive":false,"robots_nosnippet":false,"robots_nofollow":false,"robots_noimageindex":false,"robots_noodp":false,"robots_notranslate":false,"robots_max_snippet":null,"robots_max_videopreview":null,"robots_max_imagepreview":"large","priority":null,"frequency":null,"location":null,"local_seo":null,"seo_analyzer_scan_date":"2025-08-31 15:03:13","breadcrumb_settings":null,"limit_modified_date":false,"reviewed_by":null,"open_ai":null,"ai":null,"created":"2020-12-21 10:37:30","updated":"2025-08-31 15:03:13"},"aioseo_breadcrumb":"<div class=\"aioseo-breadcrumbs\"><span class=\"aioseo-breadcrumb\">\n\t<a href=\"https:\/\/candas365.es\/noticias\" title=\"Home\">Home<\/a>\n<\/span><span class=\"aioseo-breadcrumb-separator\">&ndash;<\/span><span class=\"aioseo-breadcrumb\">\n\t<a href=\"https:\/\/candas365.es\/noticias\/category\/deporte\/\" title=\"Deporte\">Deporte<\/a>\n<\/span><span class=\"aioseo-breadcrumb-separator\">&ndash;<\/span><span class=\"aioseo-breadcrumb\">\n\tNeuer, sobre M\u00fcller y Boateng: \u00abL\u00f6w no cerr\u00f3 del todo la puerta\u00bb\n<\/span><\/div>","aioseo_breadcrumb_json":[{"label":"Home","link":"https:\/\/candas365.es\/noticias"},{"label":"Deporte","link":"https:\/\/candas365.es\/noticias\/category\/deporte\/"},{"label":"Neuer, sobre M\u00fcller y Boateng: \u00abL\u00f6w no cerr\u00f3 del todo la puerta\u00bb","link":"https:\/\/candas365.es\/noticias\/neuer-sobre-muller-y-boateng-low-no-cerro-del-todo-la-puerta\/"}],"_links":{"self":[{"href":"https:\/\/candas365.es\/noticias\/wp-json\/wp\/v2\/posts\/149648","targetHints":{"allow":["GET"]}}],"collection":[{"href":"https:\/\/candas365.es\/noticias\/wp-json\/wp\/v2\/posts"}],"about":[{"href":"https:\/\/candas365.es\/noticias\/wp-json\/wp\/v2\/types\/post"}],"author":[{"embeddable":true,"href":"https:\/\/candas365.es\/noticias\/wp-json\/wp\/v2\/users\/1"}],"replies":[{"embeddable":true,"href":"https:\/\/candas365.es\/noticias\/wp-json\/wp\/v2\/comments?post=149648"}],"version-history":[{"count":0,"href":"https:\/\/candas365.es\/noticias\/wp-json\/wp\/v2\/posts\/149648\/revisions"}],"wp:featuredmedia":[{"embeddable":true,"href":"https:\/\/candas365.es\/noticias\/wp-json\/wp\/v2\/media\/98026"}],"wp:attachment":[{"href":"https:\/\/candas365.es\/noticias\/wp-json\/wp\/v2\/media?parent=149648"}],"wp:term":[{"taxonomy":"category","embeddable":true,"href":"https:\/\/candas365.es\/noticias\/wp-json\/wp\/v2\/categories?post=149648"},{"taxonomy":"post_tag","embeddable":true,"href":"https:\/\/candas365.es\/noticias\/wp-json\/wp\/v2\/tags?post=149648"}],"curies":[{"name":"wp","href":"https:\/\/api.w.org\/{rel}","templated":true}]}}