{"id":149499,"date":"2020-12-07T15:20:09","date_gmt":"2020-12-07T15:20:09","guid":{"rendered":"http:\/\/candas365.es\/noticias\/?p=149499"},"modified":"2020-12-09T16:03:07","modified_gmt":"2020-12-09T16:03:07","slug":"las-reflexiones-navidenas-de-luis-alfonso-prendes","status":"publish","type":"post","link":"https:\/\/candas365.es\/noticias\/las-reflexiones-navidenas-de-luis-alfonso-prendes\/","title":{"rendered":"Las reflexiones Navide\u00f1as de Luis Alfonso Prendes"},"content":{"rendered":"<p><img fetchpriority=\"high\" decoding=\"async\" class=\"size-medium wp-image-149500 alignleft\" src=\"https:\/\/candas365.es\/noticias\/wp-content\/uploads\/2020\/12\/christmas-2926962_640-360x233.jpg\" alt=\"\" width=\"360\" height=\"233\" srcset=\"https:\/\/candas365.es\/noticias\/wp-content\/uploads\/2020\/12\/christmas-2926962_640-360x233.jpg 360w, https:\/\/candas365.es\/noticias\/wp-content\/uploads\/2020\/12\/christmas-2926962_640.jpg 640w\" sizes=\"(max-width: 360px) 100vw, 360px\" \/>Aunque no se pueden borrar los a\u00f1os de existencia, puesto que de todos ellos se pueden extraer experiencias positivas, <strong>este a\u00f1o 2020 nos deja un amargo sabor por motivos obvios y que nadie podr\u00e1 olvidar<\/strong>.<\/p>\n<p>La pandemia que se ha desarrollado por todas las esquinas del planeta, nos ha dejado impactados, en primer lugar por la cantidad de personas que han fallecido en todo el mundo y, en especial, por aquellas m\u00e1s cercanas,<strong> tanto en nuestro n\u00facleo familiar como vecinal y por c\u00f3mo nos han cambiado nuestros h\u00e1bitos diarios<\/strong>.<\/p>\n<p>Acostumbrados a una vida un tanto rutinaria, debido a todas las obligaciones y actividades que nos genera la sociedad y en algunos casos, nosotros mismos, <strong>nos hemos visto obligados a cambiar nuestro estilo de vida y a reescribir unas p\u00e1ginas en nuestro d\u00eda a d\u00eda<\/strong>, que, en algunos casos, nos han afectado f\u00edsica y an\u00edmicamente.<\/p>\n<p>Este a\u00f1o que va a finalizar, lo recordaremos por muchos motivos, <strong>pero las fiestas navide\u00f1as que van a comenzar en unos d\u00edas, aunque sean tambi\u00e9n diferentes, deben de suponer un motivo de esperanza para que nuestras vidas se recompongan con la mayor rapidez posible<\/strong>.<\/p>\n<p>La vacuna contra el coronavirus, objeto de deseo de todos los gobiernos, es la soluci\u00f3n que nos recomiendan las mentes cient\u00edficas, la que nos imponen las autoridades sanitarias y la que nos ofrecen las m\u00e1s poderosas farmac\u00e9uticas del planeta, con la que aumentar\u00e1n sus cuantiosos beneficios, pero para el resto de los mortales significa un halo de esperanza para olvidarnos de esta pesadilla y para asegurarnos de que todo va a ir mejor, aunque me temo que un elemento como la mascarilla, que antes solo se utilizaba en determinados \u00e1mbitos laborales, ha venido para quedarse y para formar parte de nuestra vida, aunque sea de forma parcial y en momentos puntuales.<\/p>\n<p><strong>Me gustar\u00eda finalizar con una reflexi\u00f3n, que la mayor\u00eda ha hecho durante todo el per\u00edodo de confinamiento que hemos vivido<\/strong>: \u00abtodo lo que hemos soportado durante estos meses y lo que nos queda por aguantar, hasta que nuestro d\u00eda a d\u00eda se vea normalizado, nos debe de servir como ense\u00f1anza para darnos cuenta de lo importante que es el poder vivir como personas normales, con nuestros defectos y virtudes, pero siendo a\u00fan mejores y m\u00e1s solidarios de lo que somos en la actualidad\u00bb.<\/p>\n<p>Si lo conseguimos, lo que hemos vivido nos habr\u00e1 servido como experiencia vital para el resto de nuestra vida.<\/p>\n<p>Por Luis Alfonso Prendes Doyag\u00fcez<\/p>\n<h3><strong>Nota:<\/strong><\/h3>\n<p><em>Si deseas enviar tu mensaje y t\u00fa valoraci\u00f3n del a\u00f1o lo puedes hacer a info@cand\u00e1s365.es<\/em><\/p>\n<p>Puedes hacerlo con o sin foto, con t\u00fa nombre, y ser\u00e1 publicado, gracias a tod@s los que nos est\u00e1is enviando vuestros comentarios.<\/p>\n<p>&nbsp;<\/p>\n","protected":false},"excerpt":{"rendered":"<p>Aunque no se pueden borrar los a\u00f1os de existencia, puesto que de todos ellos se pueden extraer experiencias positivas, este a\u00f1o 2020 nos deja un amargo sabor por motivos obvios y que nadie podr\u00e1 olvidar. La pandemia que se ha desarrollado por todas las esquinas del planeta, nos ha dejado impactados, en primer lugar por<\/p>\n","protected":false},"author":1,"featured_media":149500,"comment_status":"closed","ping_status":"closed","sticky":false,"template":"","format":"standard","meta":{"footnotes":""},"categories":[142],"tags":[],"class_list":{"0":"post-149499","1":"post","2":"type-post","3":"status-publish","4":"format-standard","5":"has-post-thumbnail","7":"category-revista"},"aioseo_notices":[],"aioseo_head":"\n\t\t<!-- All in One SEO Pro 4.9.6.2 - aioseo.com -->\n\t<meta name=\"description\" content=\"Este a\u00f1o 2020 a muchos vecinos de Carre\u00f1o nos deja un amargo sabor por motivos obvios y que nadie podr\u00e1 olvidar\" \/>\n\t<meta name=\"robots\" content=\"max-image-preview:large\" \/>\n\t<meta name=\"author\" content=\"Cand\u00e1s 365\"\/>\n\t<meta name=\"google-site-verification\" content=\"UA-32230408-1\" \/>\n\t<meta name=\"msvalidate.01\" content=\"354F3CDFB2DA171B47FBE9ABF1F88D5\" \/>\n\t<meta name=\"keywords\" content=\"noticias cand\u00e1s,carre\u00f1o,navidad,revista\" \/>\n\t<link rel=\"canonical\" href=\"https:\/\/candas365.es\/noticias\/las-reflexiones-navidenas-de-luis-alfonso-prendes\/\" \/>\n\t<meta name=\"generator\" content=\"All in One SEO Pro (AIOSEO) 4.9.6.2\" \/>\n\t\t<meta property=\"og:locale\" content=\"es_ES\" \/>\n\t\t<meta property=\"og:site_name\" content=\"Cand\u00e1s 365\" \/>\n\t\t<meta property=\"og:type\" content=\"article\" \/>\n\t\t<meta property=\"og:title\" content=\"Las reflexiones Navide\u00f1as de Luis Alfonso Prendes | Cand\u00e1s 365\" \/>\n\t\t<meta property=\"og:description\" content=\"Este a\u00f1o 2020 a muchos vecinos de Carre\u00f1o nos deja un amargo sabor por motivos obvios y que nadie podr\u00e1 olvidar\" \/>\n\t\t<meta property=\"og:url\" content=\"https:\/\/candas365.es\/noticias\/las-reflexiones-navidenas-de-luis-alfonso-prendes\/\" \/>\n\t\t<meta property=\"og:image\" content=\"https:\/\/candas365.es\/noticias\/wp-content\/uploads\/2020\/12\/christmas-2926962_640.jpg\" \/>\n\t\t<meta property=\"og:image:secure_url\" content=\"https:\/\/candas365.es\/noticias\/wp-content\/uploads\/2020\/12\/christmas-2926962_640.jpg\" \/>\n\t\t<meta property=\"og:image:width\" content=\"640\" \/>\n\t\t<meta property=\"og:image:height\" content=\"414\" \/>\n\t\t<meta property=\"article:published_time\" content=\"2020-12-07T15:20:09+00:00\" \/>\n\t\t<meta property=\"article:modified_time\" content=\"2020-12-09T16:03:07+00:00\" \/>\n\t\t<meta property=\"article:publisher\" content=\"https:\/\/www.facebook.com\/Nachofdezber\" \/>\n\t\t<meta property=\"article:author\" content=\"https:\/\/www.facebook.com\/carrenoactualidad\" \/>\n\t\t<meta name=\"twitter:card\" content=\"summary_large_image\" \/>\n\t\t<meta name=\"twitter:site\" content=\"@NabercoDigital\" \/>\n\t\t<meta name=\"twitter:title\" content=\"Las reflexiones Navide\u00f1as de Luis Alfonso Prendes | Cand\u00e1s 365\" \/>\n\t\t<meta name=\"twitter:description\" content=\"Este a\u00f1o 2020 a muchos vecinos de Carre\u00f1o nos deja un amargo sabor por motivos obvios y que nadie podr\u00e1 olvidar\" \/>\n\t\t<meta name=\"twitter:creator\" content=\"@nbasturias\" \/>\n\t\t<meta name=\"twitter:image\" content=\"https:\/\/candas365.es\/noticias\/wp-content\/uploads\/2020\/12\/christmas-2926962_640.jpg\" \/>\n\t\t<meta name=\"twitter:label1\" content=\"Escrito por\" \/>\n\t\t<meta name=\"twitter:data1\" content=\"Cand\u00e1s 365\" \/>\n\t\t<meta name=\"twitter:label2\" content=\"Tiempo de lectura estimado\" \/>\n\t\t<meta name=\"twitter:data2\" content=\"2 minutos\" \/>\n\t\t<script type=\"application\/ld+json\" class=\"aioseo-schema\">\n\t\t\t{\"@context\":\"https:\\\/\\\/schema.org\",\"@graph\":[{\"@type\":\"BreadcrumbList\",\"@id\":\"https:\\\/\\\/candas365.es\\\/noticias\\\/las-reflexiones-navidenas-de-luis-alfonso-prendes\\\/#breadcrumblist\",\"itemListElement\":[{\"@type\":\"ListItem\",\"@id\":\"https:\\\/\\\/candas365.es\\\/noticias#listItem\",\"position\":1,\"name\":\"Home\",\"item\":\"https:\\\/\\\/candas365.es\\\/noticias\",\"nextItem\":{\"@type\":\"ListItem\",\"@id\":\"https:\\\/\\\/candas365.es\\\/noticias\\\/category\\\/revista\\\/#listItem\",\"name\":\"Revista\"}},{\"@type\":\"ListItem\",\"@id\":\"https:\\\/\\\/candas365.es\\\/noticias\\\/category\\\/revista\\\/#listItem\",\"position\":2,\"name\":\"Revista\",\"item\":\"https:\\\/\\\/candas365.es\\\/noticias\\\/category\\\/revista\\\/\",\"nextItem\":{\"@type\":\"ListItem\",\"@id\":\"https:\\\/\\\/candas365.es\\\/noticias\\\/las-reflexiones-navidenas-de-luis-alfonso-prendes\\\/#listItem\",\"name\":\"Las reflexiones Navide\\u00f1as de Luis Alfonso Prendes\"},\"previousItem\":{\"@type\":\"ListItem\",\"@id\":\"https:\\\/\\\/candas365.es\\\/noticias#listItem\",\"name\":\"Home\"}},{\"@type\":\"ListItem\",\"@id\":\"https:\\\/\\\/candas365.es\\\/noticias\\\/las-reflexiones-navidenas-de-luis-alfonso-prendes\\\/#listItem\",\"position\":3,\"name\":\"Las reflexiones Navide\\u00f1as de Luis Alfonso Prendes\",\"previousItem\":{\"@type\":\"ListItem\",\"@id\":\"https:\\\/\\\/candas365.es\\\/noticias\\\/category\\\/revista\\\/#listItem\",\"name\":\"Revista\"}}]},{\"@type\":\"NewsArticle\",\"@id\":\"https:\\\/\\\/candas365.es\\\/noticias\\\/las-reflexiones-navidenas-de-luis-alfonso-prendes\\\/#newsarticle\",\"name\":\"Las reflexiones Navide\\u00f1as de Luis Alfonso Prendes | Cand\\u00e1s 365\",\"headline\":\"Las reflexiones Navide\\u00f1as de Luis Alfonso Prendes\",\"author\":{\"@id\":\"https:\\\/\\\/candas365.es\\\/noticias\\\/author\\\/admin\\\/#author\"},\"publisher\":{\"@id\":\"https:\\\/\\\/candas365.es\\\/noticias\\\/#organization\"},\"image\":{\"@type\":\"ImageObject\",\"url\":\"https:\\\/\\\/candas365.es\\\/noticias\\\/wp-content\\\/uploads\\\/2020\\\/12\\\/christmas-2926962_640.jpg\",\"width\":640,\"height\":414},\"datePublished\":\"2020-12-07T15:20:09+01:00\",\"dateModified\":\"2020-12-09T16:03:07+01:00\",\"inLanguage\":\"es-ES\",\"mainEntityOfPage\":{\"@id\":\"https:\\\/\\\/candas365.es\\\/noticias\\\/las-reflexiones-navidenas-de-luis-alfonso-prendes\\\/#webpage\"},\"isPartOf\":{\"@id\":\"https:\\\/\\\/candas365.es\\\/noticias\\\/las-reflexiones-navidenas-de-luis-alfonso-prendes\\\/#webpage\"},\"articleSection\":\"Revista\",\"dateline\":\"Publicado el diciembre 7, 2020.\"},{\"@type\":\"Organization\",\"@id\":\"https:\\\/\\\/candas365.es\\\/noticias\\\/#organization\",\"name\":\"Cand\\u00e1s 365\",\"description\":\"Cand\\u00e1s 365 es un diario digital independiente, fundado en 2012, con base en Asturias. Informamos con rigor sobre actualidad, sociedad, cultura y ocio, con una mirada local y global.\",\"url\":\"https:\\\/\\\/candas365.es\\\/noticias\\\/\",\"email\":\"info@candas365.es\",\"telephone\":\"+34652131393\",\"foundingDate\":\"2012-06-10\",\"logo\":{\"@type\":\"ImageObject\",\"url\":\"https:\\\/\\\/candas365.es\\\/noticias\\\/wp-content\\\/uploads\\\/2024\\\/09\\\/Candas-365-Redes.jpg\",\"@id\":\"https:\\\/\\\/candas365.es\\\/noticias\\\/las-reflexiones-navidenas-de-luis-alfonso-prendes\\\/#organizationLogo\",\"width\":1152,\"height\":864,\"caption\":\"Cand\\u00e1s 365 Redes\"},\"image\":{\"@id\":\"https:\\\/\\\/candas365.es\\\/noticias\\\/las-reflexiones-navidenas-de-luis-alfonso-prendes\\\/#organizationLogo\"},\"sameAs\":[\"https:\\\/\\\/www.facebook.com\\\/Nachofdezber\",\"https:\\\/\\\/x.com\\\/NabercoDigital\",\"https:\\\/\\\/www.instagram.com\\\/nachofdezber\\\/\",\"https:\\\/\\\/www.youtube.com\\\/channel\\\/UCZP-2wLEB9Rv6erhFmqVnvg\"],\"address\":{\"@id\":\"https:\\\/\\\/candas365.es\\\/noticias\\\/#postaladdress\",\"@type\":\"PostalAddress\",\"streetAddress\":\"san antonio 4, san antonio 4\",\"postalCode\":\"33430\",\"addressLocality\":\"Cand\\u00e1s\",\"addressRegion\":\"Asturias\",\"addressCountry\":\"ES\"}},{\"@type\":\"Person\",\"@id\":\"https:\\\/\\\/candas365.es\\\/noticias\\\/author\\\/admin\\\/#author\",\"url\":\"https:\\\/\\\/candas365.es\\\/noticias\\\/author\\\/admin\\\/\",\"name\":\"Cand\\u00e1s 365\",\"image\":{\"@type\":\"ImageObject\",\"@id\":\"https:\\\/\\\/candas365.es\\\/noticias\\\/las-reflexiones-navidenas-de-luis-alfonso-prendes\\\/#authorImage\",\"url\":\"https:\\\/\\\/secure.gravatar.com\\\/avatar\\\/496a8e03d0c493ede1718b7934145dbdf8d89be1036b0eec9544e1094c9de390?s=96&d=mm&r=g\",\"width\":96,\"height\":96,\"caption\":\"Cand\\u00e1s 365\"},\"sameAs\":[\"https:\\\/\\\/www.facebook.com\\\/carrenoactualidad\",\"https:\\\/\\\/twitter.com\\\/nbasturias\",\"https:\\\/\\\/www.instagram.com\\\/nachofdezber\\\/\",\"https:\\\/\\\/www.youtube.com\\\/channel\\\/UCZP-2wLEB9Rv6erhFmqVnvg\"]},{\"@type\":\"WebPage\",\"@id\":\"https:\\\/\\\/candas365.es\\\/noticias\\\/las-reflexiones-navidenas-de-luis-alfonso-prendes\\\/#webpage\",\"url\":\"https:\\\/\\\/candas365.es\\\/noticias\\\/las-reflexiones-navidenas-de-luis-alfonso-prendes\\\/\",\"name\":\"Las reflexiones Navide\\u00f1as de Luis Alfonso Prendes | Cand\\u00e1s 365\",\"description\":\"Este a\\u00f1o 2020 a muchos vecinos de Carre\\u00f1o nos deja un amargo sabor por motivos obvios y que nadie podr\\u00e1 olvidar\",\"inLanguage\":\"es-ES\",\"isPartOf\":{\"@id\":\"https:\\\/\\\/candas365.es\\\/noticias\\\/#website\"},\"breadcrumb\":{\"@id\":\"https:\\\/\\\/candas365.es\\\/noticias\\\/las-reflexiones-navidenas-de-luis-alfonso-prendes\\\/#breadcrumblist\"},\"author\":{\"@id\":\"https:\\\/\\\/candas365.es\\\/noticias\\\/author\\\/admin\\\/#author\"},\"creator\":{\"@id\":\"https:\\\/\\\/candas365.es\\\/noticias\\\/author\\\/admin\\\/#author\"},\"image\":{\"@type\":\"ImageObject\",\"url\":\"https:\\\/\\\/candas365.es\\\/noticias\\\/wp-content\\\/uploads\\\/2020\\\/12\\\/christmas-2926962_640.jpg\",\"@id\":\"https:\\\/\\\/candas365.es\\\/noticias\\\/las-reflexiones-navidenas-de-luis-alfonso-prendes\\\/#mainImage\",\"width\":640,\"height\":414},\"primaryImageOfPage\":{\"@id\":\"https:\\\/\\\/candas365.es\\\/noticias\\\/las-reflexiones-navidenas-de-luis-alfonso-prendes\\\/#mainImage\"},\"datePublished\":\"2020-12-07T15:20:09+01:00\",\"dateModified\":\"2020-12-09T16:03:07+01:00\"},{\"@type\":\"WebSite\",\"@id\":\"https:\\\/\\\/candas365.es\\\/noticias\\\/#website\",\"url\":\"https:\\\/\\\/candas365.es\\\/noticias\\\/\",\"name\":\"Cand\\u00e1s 365\",\"alternateName\":\"Cand\\u00e1s 365 Noticias\",\"description\":\"Actualidad desde Carre\\u00f1o para el mundo\",\"inLanguage\":\"es-ES\",\"publisher\":{\"@id\":\"https:\\\/\\\/candas365.es\\\/noticias\\\/#organization\"}}]}\n\t\t<\/script>\n\t\t<!-- All in One SEO Pro -->\r\n\t\t<title>Las reflexiones Navide\u00f1as de Luis Alfonso Prendes | Cand\u00e1s 365<\/title>\n\n","aioseo_head_json":{"title":"Las reflexiones Navide\u00f1as de Luis Alfonso Prendes | Cand\u00e1s 365","description":"Este a\u00f1o 2020 a muchos vecinos de Carre\u00f1o nos deja un amargo sabor por motivos obvios y que nadie podr\u00e1 olvidar","canonical_url":"https:\/\/candas365.es\/noticias\/las-reflexiones-navidenas-de-luis-alfonso-prendes\/","robots":"max-image-preview:large","keywords":"noticias cand\u00e1s,carre\u00f1o,navidad,revista","webmasterTools":{"google-site-verification":"UA-32230408-1","msvalidate.01":"354F3CDFB2DA171B47FBE9ABF1F88D5","miscellaneous":""},"schema":{"@context":"https:\/\/schema.org","@graph":[{"@type":"BreadcrumbList","@id":"https:\/\/candas365.es\/noticias\/las-reflexiones-navidenas-de-luis-alfonso-prendes\/#breadcrumblist","itemListElement":[{"@type":"ListItem","@id":"https:\/\/candas365.es\/noticias#listItem","position":1,"name":"Home","item":"https:\/\/candas365.es\/noticias","nextItem":{"@type":"ListItem","@id":"https:\/\/candas365.es\/noticias\/category\/revista\/#listItem","name":"Revista"}},{"@type":"ListItem","@id":"https:\/\/candas365.es\/noticias\/category\/revista\/#listItem","position":2,"name":"Revista","item":"https:\/\/candas365.es\/noticias\/category\/revista\/","nextItem":{"@type":"ListItem","@id":"https:\/\/candas365.es\/noticias\/las-reflexiones-navidenas-de-luis-alfonso-prendes\/#listItem","name":"Las reflexiones Navide\u00f1as de Luis Alfonso Prendes"},"previousItem":{"@type":"ListItem","@id":"https:\/\/candas365.es\/noticias#listItem","name":"Home"}},{"@type":"ListItem","@id":"https:\/\/candas365.es\/noticias\/las-reflexiones-navidenas-de-luis-alfonso-prendes\/#listItem","position":3,"name":"Las reflexiones Navide\u00f1as de Luis Alfonso Prendes","previousItem":{"@type":"ListItem","@id":"https:\/\/candas365.es\/noticias\/category\/revista\/#listItem","name":"Revista"}}]},{"@type":"NewsArticle","@id":"https:\/\/candas365.es\/noticias\/las-reflexiones-navidenas-de-luis-alfonso-prendes\/#newsarticle","name":"Las reflexiones Navide\u00f1as de Luis Alfonso Prendes | Cand\u00e1s 365","headline":"Las reflexiones Navide\u00f1as de Luis Alfonso Prendes","author":{"@id":"https:\/\/candas365.es\/noticias\/author\/admin\/#author"},"publisher":{"@id":"https:\/\/candas365.es\/noticias\/#organization"},"image":{"@type":"ImageObject","url":"https:\/\/candas365.es\/noticias\/wp-content\/uploads\/2020\/12\/christmas-2926962_640.jpg","width":640,"height":414},"datePublished":"2020-12-07T15:20:09+01:00","dateModified":"2020-12-09T16:03:07+01:00","inLanguage":"es-ES","mainEntityOfPage":{"@id":"https:\/\/candas365.es\/noticias\/las-reflexiones-navidenas-de-luis-alfonso-prendes\/#webpage"},"isPartOf":{"@id":"https:\/\/candas365.es\/noticias\/las-reflexiones-navidenas-de-luis-alfonso-prendes\/#webpage"},"articleSection":"Revista","dateline":"Publicado el diciembre 7, 2020."},{"@type":"Organization","@id":"https:\/\/candas365.es\/noticias\/#organization","name":"Cand\u00e1s 365","description":"Cand\u00e1s 365 es un diario digital independiente, fundado en 2012, con base en Asturias. Informamos con rigor sobre actualidad, sociedad, cultura y ocio, con una mirada local y global.","url":"https:\/\/candas365.es\/noticias\/","email":"info@candas365.es","telephone":"+34652131393","foundingDate":"2012-06-10","logo":{"@type":"ImageObject","url":"https:\/\/candas365.es\/noticias\/wp-content\/uploads\/2024\/09\/Candas-365-Redes.jpg","@id":"https:\/\/candas365.es\/noticias\/las-reflexiones-navidenas-de-luis-alfonso-prendes\/#organizationLogo","width":1152,"height":864,"caption":"Cand\u00e1s 365 Redes"},"image":{"@id":"https:\/\/candas365.es\/noticias\/las-reflexiones-navidenas-de-luis-alfonso-prendes\/#organizationLogo"},"sameAs":["https:\/\/www.facebook.com\/Nachofdezber","https:\/\/x.com\/NabercoDigital","https:\/\/www.instagram.com\/nachofdezber\/","https:\/\/www.youtube.com\/channel\/UCZP-2wLEB9Rv6erhFmqVnvg"],"address":{"@id":"https:\/\/candas365.es\/noticias\/#postaladdress","@type":"PostalAddress","streetAddress":"san antonio 4, san antonio 4","postalCode":"33430","addressLocality":"Cand\u00e1s","addressRegion":"Asturias","addressCountry":"ES"}},{"@type":"Person","@id":"https:\/\/candas365.es\/noticias\/author\/admin\/#author","url":"https:\/\/candas365.es\/noticias\/author\/admin\/","name":"Cand\u00e1s 365","image":{"@type":"ImageObject","@id":"https:\/\/candas365.es\/noticias\/las-reflexiones-navidenas-de-luis-alfonso-prendes\/#authorImage","url":"https:\/\/secure.gravatar.com\/avatar\/496a8e03d0c493ede1718b7934145dbdf8d89be1036b0eec9544e1094c9de390?s=96&d=mm&r=g","width":96,"height":96,"caption":"Cand\u00e1s 365"},"sameAs":["https:\/\/www.facebook.com\/carrenoactualidad","https:\/\/twitter.com\/nbasturias","https:\/\/www.instagram.com\/nachofdezber\/","https:\/\/www.youtube.com\/channel\/UCZP-2wLEB9Rv6erhFmqVnvg"]},{"@type":"WebPage","@id":"https:\/\/candas365.es\/noticias\/las-reflexiones-navidenas-de-luis-alfonso-prendes\/#webpage","url":"https:\/\/candas365.es\/noticias\/las-reflexiones-navidenas-de-luis-alfonso-prendes\/","name":"Las reflexiones Navide\u00f1as de Luis Alfonso Prendes | Cand\u00e1s 365","description":"Este a\u00f1o 2020 a muchos vecinos de Carre\u00f1o nos deja un amargo sabor por motivos obvios y que nadie podr\u00e1 olvidar","inLanguage":"es-ES","isPartOf":{"@id":"https:\/\/candas365.es\/noticias\/#website"},"breadcrumb":{"@id":"https:\/\/candas365.es\/noticias\/las-reflexiones-navidenas-de-luis-alfonso-prendes\/#breadcrumblist"},"author":{"@id":"https:\/\/candas365.es\/noticias\/author\/admin\/#author"},"creator":{"@id":"https:\/\/candas365.es\/noticias\/author\/admin\/#author"},"image":{"@type":"ImageObject","url":"https:\/\/candas365.es\/noticias\/wp-content\/uploads\/2020\/12\/christmas-2926962_640.jpg","@id":"https:\/\/candas365.es\/noticias\/las-reflexiones-navidenas-de-luis-alfonso-prendes\/#mainImage","width":640,"height":414},"primaryImageOfPage":{"@id":"https:\/\/candas365.es\/noticias\/las-reflexiones-navidenas-de-luis-alfonso-prendes\/#mainImage"},"datePublished":"2020-12-07T15:20:09+01:00","dateModified":"2020-12-09T16:03:07+01:00"},{"@type":"WebSite","@id":"https:\/\/candas365.es\/noticias\/#website","url":"https:\/\/candas365.es\/noticias\/","name":"Cand\u00e1s 365","alternateName":"Cand\u00e1s 365 Noticias","description":"Actualidad desde Carre\u00f1o para el mundo","inLanguage":"es-ES","publisher":{"@id":"https:\/\/candas365.es\/noticias\/#organization"}}]},"og:locale":"es_ES","og:site_name":"Cand\u00e1s 365","og:type":"article","og:title":"Las reflexiones Navide\u00f1as de Luis Alfonso Prendes | Cand\u00e1s 365","og:description":"Este a\u00f1o 2020 a muchos vecinos de Carre\u00f1o nos deja un amargo sabor por motivos obvios y que nadie podr\u00e1 olvidar","og:url":"https:\/\/candas365.es\/noticias\/las-reflexiones-navidenas-de-luis-alfonso-prendes\/","og:image":"https:\/\/candas365.es\/noticias\/wp-content\/uploads\/2020\/12\/christmas-2926962_640.jpg","og:image:secure_url":"https:\/\/candas365.es\/noticias\/wp-content\/uploads\/2020\/12\/christmas-2926962_640.jpg","og:image:width":640,"og:image:height":414,"article:published_time":"2020-12-07T15:20:09+00:00","article:modified_time":"2020-12-09T16:03:07+00:00","article:publisher":"https:\/\/www.facebook.com\/Nachofdezber","article:author":"https:\/\/www.facebook.com\/carrenoactualidad","twitter:card":"summary_large_image","twitter:site":"@NabercoDigital","twitter:title":"Las reflexiones Navide\u00f1as de Luis Alfonso Prendes | Cand\u00e1s 365","twitter:description":"Este a\u00f1o 2020 a muchos vecinos de Carre\u00f1o nos deja un amargo sabor por motivos obvios y que nadie podr\u00e1 olvidar","twitter:creator":"@nbasturias","twitter:image":"https:\/\/candas365.es\/noticias\/wp-content\/uploads\/2020\/12\/christmas-2926962_640.jpg","twitter:label1":"Escrito por","twitter:data1":"Cand\u00e1s 365","twitter:label2":"Tiempo de lectura estimado","twitter:data2":"2 minutos"},"aioseo_meta_data":{"post_id":"149499","title":"Las reflexiones Navide\u00f1as de Luis Alfonso Prendes | #site_title","description":"Este a\u00f1o 2020 a muchos vecinos de Carre\u00f1o nos deja un amargo sabor por motivos obvios y que nadie podr\u00e1 olvidar","keywords":[{"label":"Noticias Cand\u00e1s","value":"Noticias Cand\u00e1s"},{"label":"Carre\u00f1o","value":"Carre\u00f1o"},{"label":"Navidad","value":"Navidad"}],"keyphrases":null,"primary_term":null,"canonical_url":"","og_title":null,"og_description":null,"og_object_type":"default","og_image_type":"default","og_image_url":null,"og_image_width":null,"og_image_height":null,"og_image_custom_url":null,"og_image_custom_fields":null,"og_video":null,"og_custom_url":null,"og_article_section":null,"og_article_tags":null,"twitter_use_og":false,"twitter_card":"default","twitter_image_type":"default","twitter_image_url":null,"twitter_image_custom_url":null,"twitter_image_custom_fields":null,"twitter_title":null,"twitter_description":null,"schema":{"blockGraphs":[],"customGraphs":[],"default":{"data":{"Article":[],"Course":[],"Dataset":[],"FAQPage":[],"Movie":[],"Person":[],"Product":[],"ProductReview":[],"Car":[],"Recipe":[],"Service":[],"SoftwareApplication":[],"WebPage":[]},"graphName":"","isEnabled":true},"graphs":[]},"schema_type":null,"schema_type_options":null,"pillar_content":false,"robots_default":true,"robots_noindex":false,"robots_noarchive":false,"robots_nosnippet":false,"robots_nofollow":false,"robots_noimageindex":false,"robots_noodp":false,"robots_notranslate":false,"robots_max_snippet":null,"robots_max_videopreview":null,"robots_max_imagepreview":"large","priority":null,"frequency":null,"location":null,"local_seo":null,"seo_analyzer_scan_date":"2025-08-31 14:54:17","breadcrumb_settings":null,"limit_modified_date":false,"reviewed_by":null,"open_ai":null,"ai":null,"created":"2020-12-21 10:37:39","updated":"2025-08-31 14:54:17"},"aioseo_breadcrumb":"<div class=\"aioseo-breadcrumbs\"><span class=\"aioseo-breadcrumb\">\n\t<a href=\"https:\/\/candas365.es\/noticias\" title=\"Home\">Home<\/a>\n<\/span><span class=\"aioseo-breadcrumb-separator\">&ndash;<\/span><span class=\"aioseo-breadcrumb\">\n\t<a href=\"https:\/\/candas365.es\/noticias\/category\/revista\/\" title=\"Revista\">Revista<\/a>\n<\/span><span class=\"aioseo-breadcrumb-separator\">&ndash;<\/span><span class=\"aioseo-breadcrumb\">\n\tLas reflexiones Navide\u00f1as de Luis Alfonso Prendes\n<\/span><\/div>","aioseo_breadcrumb_json":[{"label":"Home","link":"https:\/\/candas365.es\/noticias"},{"label":"Revista","link":"https:\/\/candas365.es\/noticias\/category\/revista\/"},{"label":"Las reflexiones Navide\u00f1as de Luis Alfonso Prendes","link":"https:\/\/candas365.es\/noticias\/las-reflexiones-navidenas-de-luis-alfonso-prendes\/"}],"_links":{"self":[{"href":"https:\/\/candas365.es\/noticias\/wp-json\/wp\/v2\/posts\/149499","targetHints":{"allow":["GET"]}}],"collection":[{"href":"https:\/\/candas365.es\/noticias\/wp-json\/wp\/v2\/posts"}],"about":[{"href":"https:\/\/candas365.es\/noticias\/wp-json\/wp\/v2\/types\/post"}],"author":[{"embeddable":true,"href":"https:\/\/candas365.es\/noticias\/wp-json\/wp\/v2\/users\/1"}],"replies":[{"embeddable":true,"href":"https:\/\/candas365.es\/noticias\/wp-json\/wp\/v2\/comments?post=149499"}],"version-history":[{"count":0,"href":"https:\/\/candas365.es\/noticias\/wp-json\/wp\/v2\/posts\/149499\/revisions"}],"wp:featuredmedia":[{"embeddable":true,"href":"https:\/\/candas365.es\/noticias\/wp-json\/wp\/v2\/media\/149500"}],"wp:attachment":[{"href":"https:\/\/candas365.es\/noticias\/wp-json\/wp\/v2\/media?parent=149499"}],"wp:term":[{"taxonomy":"category","embeddable":true,"href":"https:\/\/candas365.es\/noticias\/wp-json\/wp\/v2\/categories?post=149499"},{"taxonomy":"post_tag","embeddable":true,"href":"https:\/\/candas365.es\/noticias\/wp-json\/wp\/v2\/tags?post=149499"}],"curies":[{"name":"wp","href":"https:\/\/api.w.org\/{rel}","templated":true}]}}