{"id":149488,"date":"2020-12-07T14:11:05","date_gmt":"2020-12-07T14:11:05","guid":{"rendered":"http:\/\/candas365.es\/noticias\/?p=149488"},"modified":"2020-12-07T14:11:05","modified_gmt":"2020-12-07T14:11:05","slug":"concedidas-en-carreno-ayudas-para-el-pago-del-ibi","status":"publish","type":"post","link":"https:\/\/candas365.es\/noticias\/concedidas-en-carreno-ayudas-para-el-pago-del-ibi\/","title":{"rendered":"Concedidas en Carre\u00f1o ayudas para el pago del IBI"},"content":{"rendered":"<p><strong><img fetchpriority=\"high\" decoding=\"async\" class=\"size-medium wp-image-95747 alignleft\" src=\"https:\/\/candas365.es\/noticias\/wp-content\/uploads\/2018\/05\/write-593333_960_720-360x213.jpg\" alt=\"\" width=\"360\" height=\"213\" srcset=\"https:\/\/candas365.es\/noticias\/wp-content\/uploads\/2018\/05\/write-593333_960_720-360x213.jpg 360w, https:\/\/candas365.es\/noticias\/wp-content\/uploads\/2018\/05\/write-593333_960_720-768x454.jpg 768w, https:\/\/candas365.es\/noticias\/wp-content\/uploads\/2018\/05\/write-593333_960_720-655x387.jpg 655w, https:\/\/candas365.es\/noticias\/wp-content\/uploads\/2018\/05\/write-593333_960_720-696x411.jpg 696w, https:\/\/candas365.es\/noticias\/wp-content\/uploads\/2018\/05\/write-593333_960_720-711x420.jpg 711w, https:\/\/candas365.es\/noticias\/wp-content\/uploads\/2018\/05\/write-593333_960_720.jpg 960w\" sizes=\"(max-width: 360px) 100vw, 360px\" \/>El Ayuntamiento de Carre\u00f1o<\/strong>, a trav\u00e9s de la Concejal\u00eda de Bienestar Social, <strong>aprob\u00f3 la concesi\u00f3n a diecis\u00e9is familias del concejo de una ayuda econ\u00f3mica para el pago del Impuesto sobre Bienes Inmuebles<\/strong> (IBI).<\/p>\n<p>\u201cEstas esta l\u00ednea de ayudas econ\u00f3micas para el pago del Impuesto sobre Bienes Inmuebles (IBI), convocadas, en concurrencia competitiva en funci\u00f3n de las bases establecidas, tienen como objetivo evitar que la carga fiscal ligada a un bien de primera necesidad, como es la vivienda, agrave la situaci\u00f3n econ\u00f3mica de las familias m\u00e1s vulnerables que residen en nuestro municipio\u201d se\u00f1al\u00f3 Beatriz Fern\u00e1ndez- Concejala de Bienestar Social.<\/p>\n<p>Han podido beneficiarse de esta l\u00ednea de ayudas, todas aquellas personas empadronadas y residentes en Carre\u00f1o, que en tiempo y forma presentaron su solicitud y cumplen con los requisitos establecidos en las bases de la convocatoria, entre los que cabe destacar:<\/p>\n<ul>\n<li>Estar empadronado\/a y residir en la vivienda objeto de la subvenci\u00f3n en la fecha de presentaci\u00f3n de la solicitud.<\/li>\n<li>La persona que lo solicita deber\u00e1 ser el propietario del inmueble y el obligado al pago del IBI.<\/li>\n<li>No deber\u00e1 ser titular de otro bien inmueble urbano en todo el territorio nacional. Quedan excluidos una plaza de garaje y trastero adscrito a la vivienda habitual.<\/li>\n<li>El valor catastral que figure en el recibo del IBI correspondiente al ejercicio 2020 no podr\u00e1 exceder de 60.000 \u20ac.<\/li>\n<li>Acreditar unos ingresos familiares que no superen el 125 % del Indicador P\u00fablico de Rentas de Efectos M\u00faltiples (IPREM) de acuerdo a la f\u00f3rmula para la ponderaci\u00f3n de ingresos familiares que establece el principado de Asturias<\/li>\n<\/ul>\n<p>Se presentaron un total de 22 solicitudes de ayuda para el pago del IBI, de las cuales, actualmente tras aprobar la concesi\u00f3n, por unanimidad, por parte de la Comisi\u00f3n de Bienestar Social:<\/p>\n<ul>\n<li>Se han concedido 16 ayudas.<\/li>\n<li>Se excluyen 5 solicitudes al no cumplir los requisitos establecidos en la convocatoria.<\/li>\n<li>Pendiente de subsanar y aportar documentaci\u00f3n requerida est\u00e1 1 solicitud.<\/li>\n<\/ul>\n<p>\u201cLa cuant\u00eda econ\u00f3mica de estas 16 ayudas depender\u00e1 del importe del recibo del IBI correspondiente a cada una de las unidades familiares del a\u00f1o 2019 que lo ha solicitado, por lo que, las ayudas que se conceden van desde los 72 \u20ac por unidad familiar hasta los 204 \u20ac. Son familias de uno o dos miembros, familias monoparentales con menores a cargo o mujeres viudas con pensiones m\u00ednimas\u201d concluy\u00f3 Fern\u00e1ndez.<\/p>\n<p>&nbsp;<\/p>\n","protected":false},"excerpt":{"rendered":"<p>El Ayuntamiento de Carre\u00f1o, a trav\u00e9s de la Concejal\u00eda de Bienestar Social, aprob\u00f3 la concesi\u00f3n a diecis\u00e9is familias del concejo de una ayuda econ\u00f3mica para el pago del Impuesto sobre Bienes Inmuebles (IBI). \u201cEstas esta l\u00ednea de ayudas econ\u00f3micas para el pago del Impuesto sobre Bienes Inmuebles (IBI), convocadas, en concurrencia competitiva en funci\u00f3n de<\/p>\n","protected":false},"author":1,"featured_media":6453,"comment_status":"closed","ping_status":"closed","sticky":false,"template":"","format":"standard","meta":{"footnotes":""},"categories":[2],"tags":[],"class_list":{"0":"post-149488","1":"post","2":"type-post","3":"status-publish","4":"format-standard","5":"has-post-thumbnail","7":"category-noticias-carreno"},"aioseo_notices":[],"aioseo_head":"\n\t\t<!-- All in One SEO Pro 4.9.6.2 - aioseo.com -->\n\t<meta name=\"description\" content=\"Aprobadas la concesi\u00f3n a diecis\u00e9is familias del concejo de una ayuda econ\u00f3mica para el pago del Impuesto sobre Bienes Inmuebles\" \/>\n\t<meta name=\"robots\" content=\"max-image-preview:large\" \/>\n\t<meta name=\"author\" content=\"Cand\u00e1s 365\"\/>\n\t<meta name=\"google-site-verification\" content=\"UA-32230408-1\" \/>\n\t<meta name=\"msvalidate.01\" content=\"354F3CDFB2DA171B47FBE9ABF1F88D5\" \/>\n\t<meta name=\"keywords\" content=\"noticias cand\u00e1s,carre\u00f1o,ayudas,noticias carre\u00f1o\" \/>\n\t<link rel=\"canonical\" href=\"https:\/\/candas365.es\/noticias\/concedidas-en-carreno-ayudas-para-el-pago-del-ibi\/\" \/>\n\t<meta name=\"generator\" content=\"All in One SEO Pro (AIOSEO) 4.9.6.2\" \/>\n\t\t<meta property=\"og:locale\" content=\"es_ES\" \/>\n\t\t<meta property=\"og:site_name\" content=\"Cand\u00e1s 365\" \/>\n\t\t<meta property=\"og:type\" content=\"article\" \/>\n\t\t<meta property=\"og:title\" content=\"Concedidas en Carre\u00f1o ayudas para el pago del IBI | Cand\u00e1s 365\" \/>\n\t\t<meta property=\"og:description\" content=\"Aprobadas la concesi\u00f3n a diecis\u00e9is familias del concejo de una ayuda econ\u00f3mica para el pago del Impuesto sobre Bienes Inmuebles\" \/>\n\t\t<meta property=\"og:url\" content=\"https:\/\/candas365.es\/noticias\/concedidas-en-carreno-ayudas-para-el-pago-del-ibi\/\" \/>\n\t\t<meta property=\"og:image\" content=\"https:\/\/candas365.es\/noticias\/wp-content\/uploads\/2015\/01\/ayuntamiento.jpg\" \/>\n\t\t<meta property=\"og:image:secure_url\" content=\"https:\/\/candas365.es\/noticias\/wp-content\/uploads\/2015\/01\/ayuntamiento.jpg\" \/>\n\t\t<meta property=\"og:image:width\" content=\"800\" \/>\n\t\t<meta property=\"og:image:height\" content=\"600\" \/>\n\t\t<meta property=\"article:published_time\" content=\"2020-12-07T14:11:05+00:00\" \/>\n\t\t<meta property=\"article:modified_time\" content=\"2020-12-07T14:11:05+00:00\" \/>\n\t\t<meta property=\"article:publisher\" content=\"https:\/\/www.facebook.com\/Nachofdezber\" \/>\n\t\t<meta property=\"article:author\" content=\"https:\/\/www.facebook.com\/carrenoactualidad\" \/>\n\t\t<meta name=\"twitter:card\" content=\"summary_large_image\" \/>\n\t\t<meta name=\"twitter:site\" content=\"@NabercoDigital\" \/>\n\t\t<meta name=\"twitter:title\" content=\"Concedidas en Carre\u00f1o ayudas para el pago del IBI | Cand\u00e1s 365\" \/>\n\t\t<meta name=\"twitter:description\" content=\"Aprobadas la concesi\u00f3n a diecis\u00e9is familias del concejo de una ayuda econ\u00f3mica para el pago del Impuesto sobre Bienes Inmuebles\" \/>\n\t\t<meta name=\"twitter:creator\" content=\"@nbasturias\" \/>\n\t\t<meta name=\"twitter:image\" content=\"https:\/\/candas365.es\/noticias\/wp-content\/uploads\/2015\/01\/ayuntamiento.jpg\" \/>\n\t\t<meta name=\"twitter:label1\" content=\"Escrito por\" \/>\n\t\t<meta name=\"twitter:data1\" content=\"Cand\u00e1s 365\" \/>\n\t\t<meta name=\"twitter:label2\" content=\"Tiempo de lectura estimado\" \/>\n\t\t<meta name=\"twitter:data2\" content=\"2 minutos\" \/>\n\t\t<script type=\"application\/ld+json\" class=\"aioseo-schema\">\n\t\t\t{\"@context\":\"https:\\\/\\\/schema.org\",\"@graph\":[{\"@type\":\"BreadcrumbList\",\"@id\":\"https:\\\/\\\/candas365.es\\\/noticias\\\/concedidas-en-carreno-ayudas-para-el-pago-del-ibi\\\/#breadcrumblist\",\"itemListElement\":[{\"@type\":\"ListItem\",\"@id\":\"https:\\\/\\\/candas365.es\\\/noticias#listItem\",\"position\":1,\"name\":\"Home\",\"item\":\"https:\\\/\\\/candas365.es\\\/noticias\",\"nextItem\":{\"@type\":\"ListItem\",\"@id\":\"https:\\\/\\\/candas365.es\\\/noticias\\\/category\\\/noticias-carreno\\\/#listItem\",\"name\":\"Noticias Carre\\u00f1o\"}},{\"@type\":\"ListItem\",\"@id\":\"https:\\\/\\\/candas365.es\\\/noticias\\\/category\\\/noticias-carreno\\\/#listItem\",\"position\":2,\"name\":\"Noticias Carre\\u00f1o\",\"item\":\"https:\\\/\\\/candas365.es\\\/noticias\\\/category\\\/noticias-carreno\\\/\",\"nextItem\":{\"@type\":\"ListItem\",\"@id\":\"https:\\\/\\\/candas365.es\\\/noticias\\\/concedidas-en-carreno-ayudas-para-el-pago-del-ibi\\\/#listItem\",\"name\":\"Concedidas en Carre\\u00f1o ayudas para el pago del IBI\"},\"previousItem\":{\"@type\":\"ListItem\",\"@id\":\"https:\\\/\\\/candas365.es\\\/noticias#listItem\",\"name\":\"Home\"}},{\"@type\":\"ListItem\",\"@id\":\"https:\\\/\\\/candas365.es\\\/noticias\\\/concedidas-en-carreno-ayudas-para-el-pago-del-ibi\\\/#listItem\",\"position\":3,\"name\":\"Concedidas en Carre\\u00f1o ayudas para el pago del IBI\",\"previousItem\":{\"@type\":\"ListItem\",\"@id\":\"https:\\\/\\\/candas365.es\\\/noticias\\\/category\\\/noticias-carreno\\\/#listItem\",\"name\":\"Noticias Carre\\u00f1o\"}}]},{\"@type\":\"NewsArticle\",\"@id\":\"https:\\\/\\\/candas365.es\\\/noticias\\\/concedidas-en-carreno-ayudas-para-el-pago-del-ibi\\\/#newsarticle\",\"name\":\"Concedidas en Carre\\u00f1o ayudas para el pago del IBI | Cand\\u00e1s 365\",\"headline\":\"Concedidas en Carre\\u00f1o ayudas para el pago del IBI\",\"author\":{\"@id\":\"https:\\\/\\\/candas365.es\\\/noticias\\\/author\\\/admin\\\/#author\"},\"publisher\":{\"@id\":\"https:\\\/\\\/candas365.es\\\/noticias\\\/#organization\"},\"image\":{\"@type\":\"ImageObject\",\"url\":\"https:\\\/\\\/candas365.es\\\/noticias\\\/wp-content\\\/uploads\\\/2015\\\/01\\\/ayuntamiento.jpg\",\"width\":800,\"height\":600,\"caption\":\"Carre\\u00f1o\"},\"datePublished\":\"2020-12-07T14:11:05+01:00\",\"dateModified\":\"2020-12-07T14:11:05+01:00\",\"inLanguage\":\"es-ES\",\"mainEntityOfPage\":{\"@id\":\"https:\\\/\\\/candas365.es\\\/noticias\\\/concedidas-en-carreno-ayudas-para-el-pago-del-ibi\\\/#webpage\"},\"isPartOf\":{\"@id\":\"https:\\\/\\\/candas365.es\\\/noticias\\\/concedidas-en-carreno-ayudas-para-el-pago-del-ibi\\\/#webpage\"},\"articleSection\":\"Noticias Carre\\u00f1o\",\"dateline\":\"Publicado el diciembre 7, 2020.\"},{\"@type\":\"Organization\",\"@id\":\"https:\\\/\\\/candas365.es\\\/noticias\\\/#organization\",\"name\":\"Cand\\u00e1s 365\",\"description\":\"Cand\\u00e1s 365 es un diario digital independiente, fundado en 2012, con base en Asturias. Informamos con rigor sobre actualidad, sociedad, cultura y ocio, con una mirada local y global.\",\"url\":\"https:\\\/\\\/candas365.es\\\/noticias\\\/\",\"email\":\"info@candas365.es\",\"telephone\":\"+34652131393\",\"foundingDate\":\"2012-06-10\",\"logo\":{\"@type\":\"ImageObject\",\"url\":\"https:\\\/\\\/candas365.es\\\/noticias\\\/wp-content\\\/uploads\\\/2024\\\/09\\\/Candas-365-Redes.jpg\",\"@id\":\"https:\\\/\\\/candas365.es\\\/noticias\\\/concedidas-en-carreno-ayudas-para-el-pago-del-ibi\\\/#organizationLogo\",\"width\":1152,\"height\":864,\"caption\":\"Cand\\u00e1s 365 Redes\"},\"image\":{\"@id\":\"https:\\\/\\\/candas365.es\\\/noticias\\\/concedidas-en-carreno-ayudas-para-el-pago-del-ibi\\\/#organizationLogo\"},\"sameAs\":[\"https:\\\/\\\/www.facebook.com\\\/Nachofdezber\",\"https:\\\/\\\/x.com\\\/NabercoDigital\",\"https:\\\/\\\/www.instagram.com\\\/nachofdezber\\\/\",\"https:\\\/\\\/www.youtube.com\\\/channel\\\/UCZP-2wLEB9Rv6erhFmqVnvg\"],\"address\":{\"@id\":\"https:\\\/\\\/candas365.es\\\/noticias\\\/#postaladdress\",\"@type\":\"PostalAddress\",\"streetAddress\":\"san antonio 4, san antonio 4\",\"postalCode\":\"33430\",\"addressLocality\":\"Cand\\u00e1s\",\"addressRegion\":\"Asturias\",\"addressCountry\":\"ES\"}},{\"@type\":\"Person\",\"@id\":\"https:\\\/\\\/candas365.es\\\/noticias\\\/author\\\/admin\\\/#author\",\"url\":\"https:\\\/\\\/candas365.es\\\/noticias\\\/author\\\/admin\\\/\",\"name\":\"Cand\\u00e1s 365\",\"image\":{\"@type\":\"ImageObject\",\"@id\":\"https:\\\/\\\/candas365.es\\\/noticias\\\/concedidas-en-carreno-ayudas-para-el-pago-del-ibi\\\/#authorImage\",\"url\":\"https:\\\/\\\/secure.gravatar.com\\\/avatar\\\/496a8e03d0c493ede1718b7934145dbdf8d89be1036b0eec9544e1094c9de390?s=96&d=mm&r=g\",\"width\":96,\"height\":96,\"caption\":\"Cand\\u00e1s 365\"},\"sameAs\":[\"https:\\\/\\\/www.facebook.com\\\/carrenoactualidad\",\"https:\\\/\\\/twitter.com\\\/nbasturias\",\"https:\\\/\\\/www.instagram.com\\\/nachofdezber\\\/\",\"https:\\\/\\\/www.youtube.com\\\/channel\\\/UCZP-2wLEB9Rv6erhFmqVnvg\"]},{\"@type\":\"WebPage\",\"@id\":\"https:\\\/\\\/candas365.es\\\/noticias\\\/concedidas-en-carreno-ayudas-para-el-pago-del-ibi\\\/#webpage\",\"url\":\"https:\\\/\\\/candas365.es\\\/noticias\\\/concedidas-en-carreno-ayudas-para-el-pago-del-ibi\\\/\",\"name\":\"Concedidas en Carre\\u00f1o ayudas para el pago del IBI | Cand\\u00e1s 365\",\"description\":\"Aprobadas la concesi\\u00f3n a diecis\\u00e9is familias del concejo de una ayuda econ\\u00f3mica para el pago del Impuesto sobre Bienes Inmuebles\",\"inLanguage\":\"es-ES\",\"isPartOf\":{\"@id\":\"https:\\\/\\\/candas365.es\\\/noticias\\\/#website\"},\"breadcrumb\":{\"@id\":\"https:\\\/\\\/candas365.es\\\/noticias\\\/concedidas-en-carreno-ayudas-para-el-pago-del-ibi\\\/#breadcrumblist\"},\"author\":{\"@id\":\"https:\\\/\\\/candas365.es\\\/noticias\\\/author\\\/admin\\\/#author\"},\"creator\":{\"@id\":\"https:\\\/\\\/candas365.es\\\/noticias\\\/author\\\/admin\\\/#author\"},\"image\":{\"@type\":\"ImageObject\",\"url\":\"https:\\\/\\\/candas365.es\\\/noticias\\\/wp-content\\\/uploads\\\/2015\\\/01\\\/ayuntamiento.jpg\",\"@id\":\"https:\\\/\\\/candas365.es\\\/noticias\\\/concedidas-en-carreno-ayudas-para-el-pago-del-ibi\\\/#mainImage\",\"width\":800,\"height\":600,\"caption\":\"Carre\\u00f1o\"},\"primaryImageOfPage\":{\"@id\":\"https:\\\/\\\/candas365.es\\\/noticias\\\/concedidas-en-carreno-ayudas-para-el-pago-del-ibi\\\/#mainImage\"},\"datePublished\":\"2020-12-07T14:11:05+01:00\",\"dateModified\":\"2020-12-07T14:11:05+01:00\"},{\"@type\":\"WebSite\",\"@id\":\"https:\\\/\\\/candas365.es\\\/noticias\\\/#website\",\"url\":\"https:\\\/\\\/candas365.es\\\/noticias\\\/\",\"name\":\"Cand\\u00e1s 365\",\"alternateName\":\"Cand\\u00e1s 365 Noticias\",\"description\":\"Actualidad desde Carre\\u00f1o para el mundo\",\"inLanguage\":\"es-ES\",\"publisher\":{\"@id\":\"https:\\\/\\\/candas365.es\\\/noticias\\\/#organization\"}}]}\n\t\t<\/script>\n\t\t<!-- All in One SEO Pro -->\r\n\t\t<title>Concedidas en Carre\u00f1o ayudas para el pago del IBI | Cand\u00e1s 365<\/title>\n\n","aioseo_head_json":{"title":"Concedidas en Carre\u00f1o ayudas para el pago del IBI | Cand\u00e1s 365","description":"Aprobadas la concesi\u00f3n a diecis\u00e9is familias del concejo de una ayuda econ\u00f3mica para el pago del Impuesto sobre Bienes Inmuebles","canonical_url":"https:\/\/candas365.es\/noticias\/concedidas-en-carreno-ayudas-para-el-pago-del-ibi\/","robots":"max-image-preview:large","keywords":"noticias cand\u00e1s,carre\u00f1o,ayudas,noticias carre\u00f1o","webmasterTools":{"google-site-verification":"UA-32230408-1","msvalidate.01":"354F3CDFB2DA171B47FBE9ABF1F88D5","miscellaneous":""},"schema":{"@context":"https:\/\/schema.org","@graph":[{"@type":"BreadcrumbList","@id":"https:\/\/candas365.es\/noticias\/concedidas-en-carreno-ayudas-para-el-pago-del-ibi\/#breadcrumblist","itemListElement":[{"@type":"ListItem","@id":"https:\/\/candas365.es\/noticias#listItem","position":1,"name":"Home","item":"https:\/\/candas365.es\/noticias","nextItem":{"@type":"ListItem","@id":"https:\/\/candas365.es\/noticias\/category\/noticias-carreno\/#listItem","name":"Noticias Carre\u00f1o"}},{"@type":"ListItem","@id":"https:\/\/candas365.es\/noticias\/category\/noticias-carreno\/#listItem","position":2,"name":"Noticias Carre\u00f1o","item":"https:\/\/candas365.es\/noticias\/category\/noticias-carreno\/","nextItem":{"@type":"ListItem","@id":"https:\/\/candas365.es\/noticias\/concedidas-en-carreno-ayudas-para-el-pago-del-ibi\/#listItem","name":"Concedidas en Carre\u00f1o ayudas para el pago del IBI"},"previousItem":{"@type":"ListItem","@id":"https:\/\/candas365.es\/noticias#listItem","name":"Home"}},{"@type":"ListItem","@id":"https:\/\/candas365.es\/noticias\/concedidas-en-carreno-ayudas-para-el-pago-del-ibi\/#listItem","position":3,"name":"Concedidas en Carre\u00f1o ayudas para el pago del IBI","previousItem":{"@type":"ListItem","@id":"https:\/\/candas365.es\/noticias\/category\/noticias-carreno\/#listItem","name":"Noticias Carre\u00f1o"}}]},{"@type":"NewsArticle","@id":"https:\/\/candas365.es\/noticias\/concedidas-en-carreno-ayudas-para-el-pago-del-ibi\/#newsarticle","name":"Concedidas en Carre\u00f1o ayudas para el pago del IBI | Cand\u00e1s 365","headline":"Concedidas en Carre\u00f1o ayudas para el pago del IBI","author":{"@id":"https:\/\/candas365.es\/noticias\/author\/admin\/#author"},"publisher":{"@id":"https:\/\/candas365.es\/noticias\/#organization"},"image":{"@type":"ImageObject","url":"https:\/\/candas365.es\/noticias\/wp-content\/uploads\/2015\/01\/ayuntamiento.jpg","width":800,"height":600,"caption":"Carre\u00f1o"},"datePublished":"2020-12-07T14:11:05+01:00","dateModified":"2020-12-07T14:11:05+01:00","inLanguage":"es-ES","mainEntityOfPage":{"@id":"https:\/\/candas365.es\/noticias\/concedidas-en-carreno-ayudas-para-el-pago-del-ibi\/#webpage"},"isPartOf":{"@id":"https:\/\/candas365.es\/noticias\/concedidas-en-carreno-ayudas-para-el-pago-del-ibi\/#webpage"},"articleSection":"Noticias Carre\u00f1o","dateline":"Publicado el diciembre 7, 2020."},{"@type":"Organization","@id":"https:\/\/candas365.es\/noticias\/#organization","name":"Cand\u00e1s 365","description":"Cand\u00e1s 365 es un diario digital independiente, fundado en 2012, con base en Asturias. Informamos con rigor sobre actualidad, sociedad, cultura y ocio, con una mirada local y global.","url":"https:\/\/candas365.es\/noticias\/","email":"info@candas365.es","telephone":"+34652131393","foundingDate":"2012-06-10","logo":{"@type":"ImageObject","url":"https:\/\/candas365.es\/noticias\/wp-content\/uploads\/2024\/09\/Candas-365-Redes.jpg","@id":"https:\/\/candas365.es\/noticias\/concedidas-en-carreno-ayudas-para-el-pago-del-ibi\/#organizationLogo","width":1152,"height":864,"caption":"Cand\u00e1s 365 Redes"},"image":{"@id":"https:\/\/candas365.es\/noticias\/concedidas-en-carreno-ayudas-para-el-pago-del-ibi\/#organizationLogo"},"sameAs":["https:\/\/www.facebook.com\/Nachofdezber","https:\/\/x.com\/NabercoDigital","https:\/\/www.instagram.com\/nachofdezber\/","https:\/\/www.youtube.com\/channel\/UCZP-2wLEB9Rv6erhFmqVnvg"],"address":{"@id":"https:\/\/candas365.es\/noticias\/#postaladdress","@type":"PostalAddress","streetAddress":"san antonio 4, san antonio 4","postalCode":"33430","addressLocality":"Cand\u00e1s","addressRegion":"Asturias","addressCountry":"ES"}},{"@type":"Person","@id":"https:\/\/candas365.es\/noticias\/author\/admin\/#author","url":"https:\/\/candas365.es\/noticias\/author\/admin\/","name":"Cand\u00e1s 365","image":{"@type":"ImageObject","@id":"https:\/\/candas365.es\/noticias\/concedidas-en-carreno-ayudas-para-el-pago-del-ibi\/#authorImage","url":"https:\/\/secure.gravatar.com\/avatar\/496a8e03d0c493ede1718b7934145dbdf8d89be1036b0eec9544e1094c9de390?s=96&d=mm&r=g","width":96,"height":96,"caption":"Cand\u00e1s 365"},"sameAs":["https:\/\/www.facebook.com\/carrenoactualidad","https:\/\/twitter.com\/nbasturias","https:\/\/www.instagram.com\/nachofdezber\/","https:\/\/www.youtube.com\/channel\/UCZP-2wLEB9Rv6erhFmqVnvg"]},{"@type":"WebPage","@id":"https:\/\/candas365.es\/noticias\/concedidas-en-carreno-ayudas-para-el-pago-del-ibi\/#webpage","url":"https:\/\/candas365.es\/noticias\/concedidas-en-carreno-ayudas-para-el-pago-del-ibi\/","name":"Concedidas en Carre\u00f1o ayudas para el pago del IBI | Cand\u00e1s 365","description":"Aprobadas la concesi\u00f3n a diecis\u00e9is familias del concejo de una ayuda econ\u00f3mica para el pago del Impuesto sobre Bienes Inmuebles","inLanguage":"es-ES","isPartOf":{"@id":"https:\/\/candas365.es\/noticias\/#website"},"breadcrumb":{"@id":"https:\/\/candas365.es\/noticias\/concedidas-en-carreno-ayudas-para-el-pago-del-ibi\/#breadcrumblist"},"author":{"@id":"https:\/\/candas365.es\/noticias\/author\/admin\/#author"},"creator":{"@id":"https:\/\/candas365.es\/noticias\/author\/admin\/#author"},"image":{"@type":"ImageObject","url":"https:\/\/candas365.es\/noticias\/wp-content\/uploads\/2015\/01\/ayuntamiento.jpg","@id":"https:\/\/candas365.es\/noticias\/concedidas-en-carreno-ayudas-para-el-pago-del-ibi\/#mainImage","width":800,"height":600,"caption":"Carre\u00f1o"},"primaryImageOfPage":{"@id":"https:\/\/candas365.es\/noticias\/concedidas-en-carreno-ayudas-para-el-pago-del-ibi\/#mainImage"},"datePublished":"2020-12-07T14:11:05+01:00","dateModified":"2020-12-07T14:11:05+01:00"},{"@type":"WebSite","@id":"https:\/\/candas365.es\/noticias\/#website","url":"https:\/\/candas365.es\/noticias\/","name":"Cand\u00e1s 365","alternateName":"Cand\u00e1s 365 Noticias","description":"Actualidad desde Carre\u00f1o para el mundo","inLanguage":"es-ES","publisher":{"@id":"https:\/\/candas365.es\/noticias\/#organization"}}]},"og:locale":"es_ES","og:site_name":"Cand\u00e1s 365","og:type":"article","og:title":"Concedidas en Carre\u00f1o ayudas para el pago del IBI | Cand\u00e1s 365","og:description":"Aprobadas la concesi\u00f3n a diecis\u00e9is familias del concejo de una ayuda econ\u00f3mica para el pago del Impuesto sobre Bienes Inmuebles","og:url":"https:\/\/candas365.es\/noticias\/concedidas-en-carreno-ayudas-para-el-pago-del-ibi\/","og:image":"https:\/\/candas365.es\/noticias\/wp-content\/uploads\/2015\/01\/ayuntamiento.jpg","og:image:secure_url":"https:\/\/candas365.es\/noticias\/wp-content\/uploads\/2015\/01\/ayuntamiento.jpg","og:image:width":800,"og:image:height":600,"article:published_time":"2020-12-07T14:11:05+00:00","article:modified_time":"2020-12-07T14:11:05+00:00","article:publisher":"https:\/\/www.facebook.com\/Nachofdezber","article:author":"https:\/\/www.facebook.com\/carrenoactualidad","twitter:card":"summary_large_image","twitter:site":"@NabercoDigital","twitter:title":"Concedidas en Carre\u00f1o ayudas para el pago del IBI | Cand\u00e1s 365","twitter:description":"Aprobadas la concesi\u00f3n a diecis\u00e9is familias del concejo de una ayuda econ\u00f3mica para el pago del Impuesto sobre Bienes Inmuebles","twitter:creator":"@nbasturias","twitter:image":"https:\/\/candas365.es\/noticias\/wp-content\/uploads\/2015\/01\/ayuntamiento.jpg","twitter:label1":"Escrito por","twitter:data1":"Cand\u00e1s 365","twitter:label2":"Tiempo de lectura estimado","twitter:data2":"2 minutos"},"aioseo_meta_data":{"post_id":"149488","title":"Concedidas en Carre\u00f1o ayudas para el pago del IBI | #site_title","description":"Aprobadas la concesi\u00f3n a diecis\u00e9is familias del concejo de una ayuda econ\u00f3mica para el pago del Impuesto sobre Bienes Inmuebles","keywords":[{"label":"Noticias Cand\u00e1s","value":"Noticias Cand\u00e1s"},{"label":"Carre\u00f1o","value":"Carre\u00f1o"},{"label":"ayudas","value":"ayudas"}],"keyphrases":null,"primary_term":null,"canonical_url":"","og_title":null,"og_description":null,"og_object_type":"default","og_image_type":"default","og_image_url":null,"og_image_width":null,"og_image_height":null,"og_image_custom_url":null,"og_image_custom_fields":null,"og_video":null,"og_custom_url":null,"og_article_section":null,"og_article_tags":null,"twitter_use_og":false,"twitter_card":"default","twitter_image_type":"default","twitter_image_url":null,"twitter_image_custom_url":null,"twitter_image_custom_fields":null,"twitter_title":null,"twitter_description":null,"schema":{"blockGraphs":[],"customGraphs":[],"default":{"data":{"Article":[],"Course":[],"Dataset":[],"FAQPage":[],"Movie":[],"Person":[],"Product":[],"ProductReview":[],"Car":[],"Recipe":[],"Service":[],"SoftwareApplication":[],"WebPage":[]},"graphName":"","isEnabled":true},"graphs":[],"defaultGraph":"","defaultPostTypeGraph":""},"schema_type":null,"schema_type_options":null,"pillar_content":false,"robots_default":true,"robots_noindex":false,"robots_noarchive":false,"robots_nosnippet":false,"robots_nofollow":false,"robots_noimageindex":false,"robots_noodp":false,"robots_notranslate":false,"robots_max_snippet":null,"robots_max_videopreview":null,"robots_max_imagepreview":"large","priority":null,"frequency":null,"location":null,"local_seo":null,"seo_analyzer_scan_date":"2025-08-31 14:53:13","breadcrumb_settings":null,"limit_modified_date":false,"reviewed_by":null,"open_ai":null,"ai":null,"created":"2020-12-21 10:35:54","updated":"2025-08-31 14:53:13"},"aioseo_breadcrumb":"<div class=\"aioseo-breadcrumbs\"><span class=\"aioseo-breadcrumb\">\n\t<a href=\"https:\/\/candas365.es\/noticias\" title=\"Home\">Home<\/a>\n<\/span><span class=\"aioseo-breadcrumb-separator\">&ndash;<\/span><span class=\"aioseo-breadcrumb\">\n\t<a href=\"https:\/\/candas365.es\/noticias\/category\/noticias-carreno\/\" title=\"Noticias Carre\u00f1o\">Noticias Carre\u00f1o<\/a>\n<\/span><span class=\"aioseo-breadcrumb-separator\">&ndash;<\/span><span class=\"aioseo-breadcrumb\">\n\tConcedidas en Carre\u00f1o ayudas para el pago del IBI\n<\/span><\/div>","aioseo_breadcrumb_json":[{"label":"Home","link":"https:\/\/candas365.es\/noticias"},{"label":"Noticias Carre\u00f1o","link":"https:\/\/candas365.es\/noticias\/category\/noticias-carreno\/"},{"label":"Concedidas en Carre\u00f1o ayudas para el pago del IBI","link":"https:\/\/candas365.es\/noticias\/concedidas-en-carreno-ayudas-para-el-pago-del-ibi\/"}],"_links":{"self":[{"href":"https:\/\/candas365.es\/noticias\/wp-json\/wp\/v2\/posts\/149488","targetHints":{"allow":["GET"]}}],"collection":[{"href":"https:\/\/candas365.es\/noticias\/wp-json\/wp\/v2\/posts"}],"about":[{"href":"https:\/\/candas365.es\/noticias\/wp-json\/wp\/v2\/types\/post"}],"author":[{"embeddable":true,"href":"https:\/\/candas365.es\/noticias\/wp-json\/wp\/v2\/users\/1"}],"replies":[{"embeddable":true,"href":"https:\/\/candas365.es\/noticias\/wp-json\/wp\/v2\/comments?post=149488"}],"version-history":[{"count":0,"href":"https:\/\/candas365.es\/noticias\/wp-json\/wp\/v2\/posts\/149488\/revisions"}],"wp:featuredmedia":[{"embeddable":true,"href":"https:\/\/candas365.es\/noticias\/wp-json\/wp\/v2\/media\/6453"}],"wp:attachment":[{"href":"https:\/\/candas365.es\/noticias\/wp-json\/wp\/v2\/media?parent=149488"}],"wp:term":[{"taxonomy":"category","embeddable":true,"href":"https:\/\/candas365.es\/noticias\/wp-json\/wp\/v2\/categories?post=149488"},{"taxonomy":"post_tag","embeddable":true,"href":"https:\/\/candas365.es\/noticias\/wp-json\/wp\/v2\/tags?post=149488"}],"curies":[{"name":"wp","href":"https:\/\/api.w.org\/{rel}","templated":true}]}}