{"id":149418,"date":"2020-12-06T18:02:50","date_gmt":"2020-12-06T18:02:50","guid":{"rendered":"http:\/\/candas365.es\/noticias\/?p=149418"},"modified":"2020-12-06T18:02:50","modified_gmt":"2020-12-06T18:02:50","slug":"petros-logra-record-aleman-en-valencia","status":"publish","type":"post","link":"https:\/\/candas365.es\/noticias\/petros-logra-record-aleman-en-valencia\/","title":{"rendered":"Petros logra r\u00e9cord alem\u00e1n en Valencia"},"content":{"rendered":"<p><img fetchpriority=\"high\" decoding=\"async\" class=\"alignleft size-medium wp-image-149200\" src=\"https:\/\/candas365.es\/noticias\/wp-content\/uploads\/2020\/12\/Notis-360x240.jpg\" alt=\"\" width=\"360\" height=\"240\" srcset=\"https:\/\/candas365.es\/noticias\/wp-content\/uploads\/2020\/12\/Notis-360x240.jpg 360w, https:\/\/candas365.es\/noticias\/wp-content\/uploads\/2020\/12\/Notis.jpg 640w\" sizes=\"(max-width: 360px) 100vw, 360px\" \/>Valencia, 6 dic (dpa) &#8211; El fondista germano Amanal Petros logr\u00f3 mejorar significativamente el r\u00e9cord alem\u00e1n en la marat\u00f3n disputada hoy en la ciudad espa\u00f1ola de Valencia.<\/p>\n<p>El atleta de 25 a\u00f1os, perteneciente al club Wattenscheid, cruz\u00f3 la l\u00ednea de meta en 2:07:18 horas (no oficial).<\/p>\n<p>Petros, quien naci\u00f3 en Eritrea y lleg\u00f3 a Alemania como refugiado hace nueve a\u00f1os, se mantuvo 1:15 minutos por debajo del anterior r\u00e9cord establecido por el veterano Arne Gabius el 25 de octubre de 2015, que corri\u00f3 los 42,195 kil\u00f3metros en 2:08:33 horas.<\/p>\n<p>El ganador de la prueba en la ciudad portuaria del sudeste de Espa\u00f1a fue el keniano Evans Chebet, quien con un crono de 2:03:00 venci\u00f3 a su compatriota Lawrence Cherono (2:03:04). El m\u00e1ximo favorito Birhanu Legese de Etiop\u00eda termin\u00f3 tercero con un tiempo de 2:03:16.<\/p>\n<p>Petros lleg\u00f3 a Alemania como solicitante de asilo en enero de 2012, a los 16 a\u00f1os, tras dejar a su familia en Etiop\u00eda. Seg\u00fan cuenta, empez\u00f3 a correr en la ciudad de Bielefeld para escapar de la soledad y de la atm\u00f3sfera en su reducido espacio. Luego fue mejorando en su club.<\/p>\n<p>\u00abEl deporte no solo me facilit\u00f3 el aprendizaje del idioma. Los contactos con los alemanes tambi\u00e9n eran importantes para entender la mentalidad y la cultura\u00bb, detall\u00f3 Petros.<\/p>\n<p>Hace casi exactamente un a\u00f1o, el maratonista cumpli\u00f3 con la norma ol\u00edmpica fijada en 2:11:30 horas en el primer intento. En su debut, tambi\u00e9n en Valencia, corri\u00f3 en 2:10:29 horas.<\/p>\n","protected":false},"excerpt":{"rendered":"<p>Valencia, 6 dic (dpa) &#8211; El fondista germano Amanal Petros logr\u00f3 mejorar significativamente el r\u00e9cord alem\u00e1n en la marat\u00f3n disputada hoy en la ciudad espa\u00f1ola de Valencia. El atleta de 25 a\u00f1os, perteneciente al club Wattenscheid, cruz\u00f3 la l\u00ednea de meta en 2:07:18 horas (no oficial). Petros, quien naci\u00f3 en Eritrea y lleg\u00f3 a Alemania<\/p>\n","protected":false},"author":1,"featured_media":149200,"comment_status":"closed","ping_status":"closed","sticky":false,"template":"","format":"standard","meta":{"footnotes":""},"categories":[319],"tags":[],"class_list":{"0":"post-149418","1":"post","2":"type-post","3":"status-publish","4":"format-standard","5":"has-post-thumbnail","7":"category-deporte"},"aioseo_notices":[],"aioseo_head":"\n\t\t<!-- All in One SEO Pro 4.9.6.2 - aioseo.com -->\n\t<meta name=\"description\" content=\"Amanal Petros logr\u00f3 mejorar significativamente el r\u00e9cord alem\u00e1n en la marat\u00f3n disputada hoy en la ciudad espa\u00f1ola de Valencia\" \/>\n\t<meta name=\"robots\" content=\"max-image-preview:large\" \/>\n\t<meta name=\"author\" content=\"Cand\u00e1s 365\"\/>\n\t<meta name=\"google-site-verification\" content=\"UA-32230408-1\" \/>\n\t<meta name=\"msvalidate.01\" content=\"354F3CDFB2DA171B47FBE9ABF1F88D5\" \/>\n\t<meta name=\"keywords\" content=\"deporte\" \/>\n\t<link rel=\"canonical\" href=\"https:\/\/candas365.es\/noticias\/petros-logra-record-aleman-en-valencia\/\" \/>\n\t<meta name=\"generator\" content=\"All in One SEO Pro (AIOSEO) 4.9.6.2\" \/>\n\t\t<meta property=\"og:locale\" content=\"es_ES\" \/>\n\t\t<meta property=\"og:site_name\" content=\"Cand\u00e1s 365\" \/>\n\t\t<meta property=\"og:type\" content=\"article\" \/>\n\t\t<meta property=\"og:title\" content=\"Petros logra r\u00e9cord alem\u00e1n en Valencia | Cand\u00e1s 365\" \/>\n\t\t<meta property=\"og:description\" content=\"Amanal Petros logr\u00f3 mejorar significativamente el r\u00e9cord alem\u00e1n en la marat\u00f3n disputada hoy en la ciudad espa\u00f1ola de Valencia\" \/>\n\t\t<meta property=\"og:url\" content=\"https:\/\/candas365.es\/noticias\/petros-logra-record-aleman-en-valencia\/\" \/>\n\t\t<meta property=\"og:image\" content=\"https:\/\/candas365.es\/noticias\/wp-content\/uploads\/2020\/12\/Notis.jpg\" \/>\n\t\t<meta property=\"og:image:secure_url\" content=\"https:\/\/candas365.es\/noticias\/wp-content\/uploads\/2020\/12\/Notis.jpg\" \/>\n\t\t<meta property=\"og:image:width\" content=\"640\" \/>\n\t\t<meta property=\"og:image:height\" content=\"426\" \/>\n\t\t<meta property=\"article:published_time\" content=\"2020-12-06T18:02:50+00:00\" \/>\n\t\t<meta property=\"article:modified_time\" content=\"2020-12-06T18:02:50+00:00\" \/>\n\t\t<meta property=\"article:publisher\" content=\"https:\/\/www.facebook.com\/Nachofdezber\" \/>\n\t\t<meta property=\"article:author\" content=\"https:\/\/www.facebook.com\/carrenoactualidad\" \/>\n\t\t<meta name=\"twitter:card\" content=\"summary_large_image\" \/>\n\t\t<meta name=\"twitter:site\" content=\"@NabercoDigital\" \/>\n\t\t<meta name=\"twitter:title\" content=\"Petros logra r\u00e9cord alem\u00e1n en Valencia | Cand\u00e1s 365\" \/>\n\t\t<meta name=\"twitter:description\" content=\"Amanal Petros logr\u00f3 mejorar significativamente el r\u00e9cord alem\u00e1n en la marat\u00f3n disputada hoy en la ciudad espa\u00f1ola de Valencia\" \/>\n\t\t<meta name=\"twitter:creator\" content=\"@nbasturias\" \/>\n\t\t<meta name=\"twitter:image\" content=\"https:\/\/candas365.es\/noticias\/wp-content\/uploads\/2020\/12\/Notis.jpg\" \/>\n\t\t<meta name=\"twitter:label1\" content=\"Escrito por\" \/>\n\t\t<meta name=\"twitter:data1\" content=\"Cand\u00e1s 365\" \/>\n\t\t<meta name=\"twitter:label2\" content=\"Tiempo de lectura estimado\" \/>\n\t\t<meta name=\"twitter:data2\" content=\"1 minuto\" \/>\n\t\t<script type=\"application\/ld+json\" class=\"aioseo-schema\">\n\t\t\t{\"@context\":\"https:\\\/\\\/schema.org\",\"@graph\":[{\"@type\":\"BreadcrumbList\",\"@id\":\"https:\\\/\\\/candas365.es\\\/noticias\\\/petros-logra-record-aleman-en-valencia\\\/#breadcrumblist\",\"itemListElement\":[{\"@type\":\"ListItem\",\"@id\":\"https:\\\/\\\/candas365.es\\\/noticias#listItem\",\"position\":1,\"name\":\"Home\",\"item\":\"https:\\\/\\\/candas365.es\\\/noticias\",\"nextItem\":{\"@type\":\"ListItem\",\"@id\":\"https:\\\/\\\/candas365.es\\\/noticias\\\/category\\\/deporte\\\/#listItem\",\"name\":\"Deporte\"}},{\"@type\":\"ListItem\",\"@id\":\"https:\\\/\\\/candas365.es\\\/noticias\\\/category\\\/deporte\\\/#listItem\",\"position\":2,\"name\":\"Deporte\",\"item\":\"https:\\\/\\\/candas365.es\\\/noticias\\\/category\\\/deporte\\\/\",\"nextItem\":{\"@type\":\"ListItem\",\"@id\":\"https:\\\/\\\/candas365.es\\\/noticias\\\/petros-logra-record-aleman-en-valencia\\\/#listItem\",\"name\":\"Petros logra r\\u00e9cord alem\\u00e1n en Valencia\"},\"previousItem\":{\"@type\":\"ListItem\",\"@id\":\"https:\\\/\\\/candas365.es\\\/noticias#listItem\",\"name\":\"Home\"}},{\"@type\":\"ListItem\",\"@id\":\"https:\\\/\\\/candas365.es\\\/noticias\\\/petros-logra-record-aleman-en-valencia\\\/#listItem\",\"position\":3,\"name\":\"Petros logra r\\u00e9cord alem\\u00e1n en Valencia\",\"previousItem\":{\"@type\":\"ListItem\",\"@id\":\"https:\\\/\\\/candas365.es\\\/noticias\\\/category\\\/deporte\\\/#listItem\",\"name\":\"Deporte\"}}]},{\"@type\":\"NewsArticle\",\"@id\":\"https:\\\/\\\/candas365.es\\\/noticias\\\/petros-logra-record-aleman-en-valencia\\\/#newsarticle\",\"name\":\"Petros logra r\\u00e9cord alem\\u00e1n en Valencia | Cand\\u00e1s 365\",\"headline\":\"Petros logra r\\u00e9cord alem\\u00e1n en Valencia\",\"author\":{\"@id\":\"https:\\\/\\\/candas365.es\\\/noticias\\\/author\\\/admin\\\/#author\"},\"publisher\":{\"@id\":\"https:\\\/\\\/candas365.es\\\/noticias\\\/#organization\"},\"image\":{\"@type\":\"ImageObject\",\"url\":\"https:\\\/\\\/candas365.es\\\/noticias\\\/wp-content\\\/uploads\\\/2020\\\/12\\\/Notis.jpg\",\"width\":640,\"height\":426},\"datePublished\":\"2020-12-06T18:02:50+01:00\",\"dateModified\":\"2020-12-06T18:02:50+01:00\",\"inLanguage\":\"es-ES\",\"mainEntityOfPage\":{\"@id\":\"https:\\\/\\\/candas365.es\\\/noticias\\\/petros-logra-record-aleman-en-valencia\\\/#webpage\"},\"isPartOf\":{\"@id\":\"https:\\\/\\\/candas365.es\\\/noticias\\\/petros-logra-record-aleman-en-valencia\\\/#webpage\"},\"articleSection\":\"Deporte\",\"dateline\":\"Publicado el diciembre 6, 2020.\"},{\"@type\":\"Organization\",\"@id\":\"https:\\\/\\\/candas365.es\\\/noticias\\\/#organization\",\"name\":\"Cand\\u00e1s 365\",\"description\":\"Cand\\u00e1s 365 es un diario digital independiente, fundado en 2012, con base en Asturias. Informamos con rigor sobre actualidad, sociedad, cultura y ocio, con una mirada local y global.\",\"url\":\"https:\\\/\\\/candas365.es\\\/noticias\\\/\",\"email\":\"info@candas365.es\",\"telephone\":\"+34652131393\",\"foundingDate\":\"2012-06-10\",\"logo\":{\"@type\":\"ImageObject\",\"url\":\"https:\\\/\\\/candas365.es\\\/noticias\\\/wp-content\\\/uploads\\\/2024\\\/09\\\/Candas-365-Redes.jpg\",\"@id\":\"https:\\\/\\\/candas365.es\\\/noticias\\\/petros-logra-record-aleman-en-valencia\\\/#organizationLogo\",\"width\":1152,\"height\":864,\"caption\":\"Cand\\u00e1s 365 Redes\"},\"image\":{\"@id\":\"https:\\\/\\\/candas365.es\\\/noticias\\\/petros-logra-record-aleman-en-valencia\\\/#organizationLogo\"},\"sameAs\":[\"https:\\\/\\\/www.facebook.com\\\/Nachofdezber\",\"https:\\\/\\\/x.com\\\/NabercoDigital\",\"https:\\\/\\\/www.instagram.com\\\/nachofdezber\\\/\",\"https:\\\/\\\/www.youtube.com\\\/channel\\\/UCZP-2wLEB9Rv6erhFmqVnvg\"],\"address\":{\"@id\":\"https:\\\/\\\/candas365.es\\\/noticias\\\/#postaladdress\",\"@type\":\"PostalAddress\",\"streetAddress\":\"san antonio 4, san antonio 4\",\"postalCode\":\"33430\",\"addressLocality\":\"Cand\\u00e1s\",\"addressRegion\":\"Asturias\",\"addressCountry\":\"ES\"}},{\"@type\":\"Person\",\"@id\":\"https:\\\/\\\/candas365.es\\\/noticias\\\/author\\\/admin\\\/#author\",\"url\":\"https:\\\/\\\/candas365.es\\\/noticias\\\/author\\\/admin\\\/\",\"name\":\"Cand\\u00e1s 365\",\"image\":{\"@type\":\"ImageObject\",\"@id\":\"https:\\\/\\\/candas365.es\\\/noticias\\\/petros-logra-record-aleman-en-valencia\\\/#authorImage\",\"url\":\"https:\\\/\\\/secure.gravatar.com\\\/avatar\\\/496a8e03d0c493ede1718b7934145dbdf8d89be1036b0eec9544e1094c9de390?s=96&d=mm&r=g\",\"width\":96,\"height\":96,\"caption\":\"Cand\\u00e1s 365\"},\"sameAs\":[\"https:\\\/\\\/www.facebook.com\\\/carrenoactualidad\",\"https:\\\/\\\/twitter.com\\\/nbasturias\",\"https:\\\/\\\/www.instagram.com\\\/nachofdezber\\\/\",\"https:\\\/\\\/www.youtube.com\\\/channel\\\/UCZP-2wLEB9Rv6erhFmqVnvg\"]},{\"@type\":\"WebPage\",\"@id\":\"https:\\\/\\\/candas365.es\\\/noticias\\\/petros-logra-record-aleman-en-valencia\\\/#webpage\",\"url\":\"https:\\\/\\\/candas365.es\\\/noticias\\\/petros-logra-record-aleman-en-valencia\\\/\",\"name\":\"Petros logra r\\u00e9cord alem\\u00e1n en Valencia | Cand\\u00e1s 365\",\"description\":\"Amanal Petros logr\\u00f3 mejorar significativamente el r\\u00e9cord alem\\u00e1n en la marat\\u00f3n disputada hoy en la ciudad espa\\u00f1ola de Valencia\",\"inLanguage\":\"es-ES\",\"isPartOf\":{\"@id\":\"https:\\\/\\\/candas365.es\\\/noticias\\\/#website\"},\"breadcrumb\":{\"@id\":\"https:\\\/\\\/candas365.es\\\/noticias\\\/petros-logra-record-aleman-en-valencia\\\/#breadcrumblist\"},\"author\":{\"@id\":\"https:\\\/\\\/candas365.es\\\/noticias\\\/author\\\/admin\\\/#author\"},\"creator\":{\"@id\":\"https:\\\/\\\/candas365.es\\\/noticias\\\/author\\\/admin\\\/#author\"},\"image\":{\"@type\":\"ImageObject\",\"url\":\"https:\\\/\\\/candas365.es\\\/noticias\\\/wp-content\\\/uploads\\\/2020\\\/12\\\/Notis.jpg\",\"@id\":\"https:\\\/\\\/candas365.es\\\/noticias\\\/petros-logra-record-aleman-en-valencia\\\/#mainImage\",\"width\":640,\"height\":426},\"primaryImageOfPage\":{\"@id\":\"https:\\\/\\\/candas365.es\\\/noticias\\\/petros-logra-record-aleman-en-valencia\\\/#mainImage\"},\"datePublished\":\"2020-12-06T18:02:50+01:00\",\"dateModified\":\"2020-12-06T18:02:50+01:00\"},{\"@type\":\"WebSite\",\"@id\":\"https:\\\/\\\/candas365.es\\\/noticias\\\/#website\",\"url\":\"https:\\\/\\\/candas365.es\\\/noticias\\\/\",\"name\":\"Cand\\u00e1s 365\",\"alternateName\":\"Cand\\u00e1s 365 Noticias\",\"description\":\"Actualidad desde Carre\\u00f1o para el mundo\",\"inLanguage\":\"es-ES\",\"publisher\":{\"@id\":\"https:\\\/\\\/candas365.es\\\/noticias\\\/#organization\"}}]}\n\t\t<\/script>\n\t\t<!-- All in One SEO Pro -->\r\n\t\t<title>Petros logra r\u00e9cord alem\u00e1n en Valencia | Cand\u00e1s 365<\/title>\n\n","aioseo_head_json":{"title":"Petros logra r\u00e9cord alem\u00e1n en Valencia | Cand\u00e1s 365","description":"Amanal Petros logr\u00f3 mejorar significativamente el r\u00e9cord alem\u00e1n en la marat\u00f3n disputada hoy en la ciudad espa\u00f1ola de Valencia","canonical_url":"https:\/\/candas365.es\/noticias\/petros-logra-record-aleman-en-valencia\/","robots":"max-image-preview:large","keywords":"deporte","webmasterTools":{"google-site-verification":"UA-32230408-1","msvalidate.01":"354F3CDFB2DA171B47FBE9ABF1F88D5","miscellaneous":""},"schema":{"@context":"https:\/\/schema.org","@graph":[{"@type":"BreadcrumbList","@id":"https:\/\/candas365.es\/noticias\/petros-logra-record-aleman-en-valencia\/#breadcrumblist","itemListElement":[{"@type":"ListItem","@id":"https:\/\/candas365.es\/noticias#listItem","position":1,"name":"Home","item":"https:\/\/candas365.es\/noticias","nextItem":{"@type":"ListItem","@id":"https:\/\/candas365.es\/noticias\/category\/deporte\/#listItem","name":"Deporte"}},{"@type":"ListItem","@id":"https:\/\/candas365.es\/noticias\/category\/deporte\/#listItem","position":2,"name":"Deporte","item":"https:\/\/candas365.es\/noticias\/category\/deporte\/","nextItem":{"@type":"ListItem","@id":"https:\/\/candas365.es\/noticias\/petros-logra-record-aleman-en-valencia\/#listItem","name":"Petros logra r\u00e9cord alem\u00e1n en Valencia"},"previousItem":{"@type":"ListItem","@id":"https:\/\/candas365.es\/noticias#listItem","name":"Home"}},{"@type":"ListItem","@id":"https:\/\/candas365.es\/noticias\/petros-logra-record-aleman-en-valencia\/#listItem","position":3,"name":"Petros logra r\u00e9cord alem\u00e1n en Valencia","previousItem":{"@type":"ListItem","@id":"https:\/\/candas365.es\/noticias\/category\/deporte\/#listItem","name":"Deporte"}}]},{"@type":"NewsArticle","@id":"https:\/\/candas365.es\/noticias\/petros-logra-record-aleman-en-valencia\/#newsarticle","name":"Petros logra r\u00e9cord alem\u00e1n en Valencia | Cand\u00e1s 365","headline":"Petros logra r\u00e9cord alem\u00e1n en Valencia","author":{"@id":"https:\/\/candas365.es\/noticias\/author\/admin\/#author"},"publisher":{"@id":"https:\/\/candas365.es\/noticias\/#organization"},"image":{"@type":"ImageObject","url":"https:\/\/candas365.es\/noticias\/wp-content\/uploads\/2020\/12\/Notis.jpg","width":640,"height":426},"datePublished":"2020-12-06T18:02:50+01:00","dateModified":"2020-12-06T18:02:50+01:00","inLanguage":"es-ES","mainEntityOfPage":{"@id":"https:\/\/candas365.es\/noticias\/petros-logra-record-aleman-en-valencia\/#webpage"},"isPartOf":{"@id":"https:\/\/candas365.es\/noticias\/petros-logra-record-aleman-en-valencia\/#webpage"},"articleSection":"Deporte","dateline":"Publicado el diciembre 6, 2020."},{"@type":"Organization","@id":"https:\/\/candas365.es\/noticias\/#organization","name":"Cand\u00e1s 365","description":"Cand\u00e1s 365 es un diario digital independiente, fundado en 2012, con base en Asturias. Informamos con rigor sobre actualidad, sociedad, cultura y ocio, con una mirada local y global.","url":"https:\/\/candas365.es\/noticias\/","email":"info@candas365.es","telephone":"+34652131393","foundingDate":"2012-06-10","logo":{"@type":"ImageObject","url":"https:\/\/candas365.es\/noticias\/wp-content\/uploads\/2024\/09\/Candas-365-Redes.jpg","@id":"https:\/\/candas365.es\/noticias\/petros-logra-record-aleman-en-valencia\/#organizationLogo","width":1152,"height":864,"caption":"Cand\u00e1s 365 Redes"},"image":{"@id":"https:\/\/candas365.es\/noticias\/petros-logra-record-aleman-en-valencia\/#organizationLogo"},"sameAs":["https:\/\/www.facebook.com\/Nachofdezber","https:\/\/x.com\/NabercoDigital","https:\/\/www.instagram.com\/nachofdezber\/","https:\/\/www.youtube.com\/channel\/UCZP-2wLEB9Rv6erhFmqVnvg"],"address":{"@id":"https:\/\/candas365.es\/noticias\/#postaladdress","@type":"PostalAddress","streetAddress":"san antonio 4, san antonio 4","postalCode":"33430","addressLocality":"Cand\u00e1s","addressRegion":"Asturias","addressCountry":"ES"}},{"@type":"Person","@id":"https:\/\/candas365.es\/noticias\/author\/admin\/#author","url":"https:\/\/candas365.es\/noticias\/author\/admin\/","name":"Cand\u00e1s 365","image":{"@type":"ImageObject","@id":"https:\/\/candas365.es\/noticias\/petros-logra-record-aleman-en-valencia\/#authorImage","url":"https:\/\/secure.gravatar.com\/avatar\/496a8e03d0c493ede1718b7934145dbdf8d89be1036b0eec9544e1094c9de390?s=96&d=mm&r=g","width":96,"height":96,"caption":"Cand\u00e1s 365"},"sameAs":["https:\/\/www.facebook.com\/carrenoactualidad","https:\/\/twitter.com\/nbasturias","https:\/\/www.instagram.com\/nachofdezber\/","https:\/\/www.youtube.com\/channel\/UCZP-2wLEB9Rv6erhFmqVnvg"]},{"@type":"WebPage","@id":"https:\/\/candas365.es\/noticias\/petros-logra-record-aleman-en-valencia\/#webpage","url":"https:\/\/candas365.es\/noticias\/petros-logra-record-aleman-en-valencia\/","name":"Petros logra r\u00e9cord alem\u00e1n en Valencia | Cand\u00e1s 365","description":"Amanal Petros logr\u00f3 mejorar significativamente el r\u00e9cord alem\u00e1n en la marat\u00f3n disputada hoy en la ciudad espa\u00f1ola de Valencia","inLanguage":"es-ES","isPartOf":{"@id":"https:\/\/candas365.es\/noticias\/#website"},"breadcrumb":{"@id":"https:\/\/candas365.es\/noticias\/petros-logra-record-aleman-en-valencia\/#breadcrumblist"},"author":{"@id":"https:\/\/candas365.es\/noticias\/author\/admin\/#author"},"creator":{"@id":"https:\/\/candas365.es\/noticias\/author\/admin\/#author"},"image":{"@type":"ImageObject","url":"https:\/\/candas365.es\/noticias\/wp-content\/uploads\/2020\/12\/Notis.jpg","@id":"https:\/\/candas365.es\/noticias\/petros-logra-record-aleman-en-valencia\/#mainImage","width":640,"height":426},"primaryImageOfPage":{"@id":"https:\/\/candas365.es\/noticias\/petros-logra-record-aleman-en-valencia\/#mainImage"},"datePublished":"2020-12-06T18:02:50+01:00","dateModified":"2020-12-06T18:02:50+01:00"},{"@type":"WebSite","@id":"https:\/\/candas365.es\/noticias\/#website","url":"https:\/\/candas365.es\/noticias\/","name":"Cand\u00e1s 365","alternateName":"Cand\u00e1s 365 Noticias","description":"Actualidad desde Carre\u00f1o para el mundo","inLanguage":"es-ES","publisher":{"@id":"https:\/\/candas365.es\/noticias\/#organization"}}]},"og:locale":"es_ES","og:site_name":"Cand\u00e1s 365","og:type":"article","og:title":"Petros logra r\u00e9cord alem\u00e1n en Valencia | Cand\u00e1s 365","og:description":"Amanal Petros logr\u00f3 mejorar significativamente el r\u00e9cord alem\u00e1n en la marat\u00f3n disputada hoy en la ciudad espa\u00f1ola de Valencia","og:url":"https:\/\/candas365.es\/noticias\/petros-logra-record-aleman-en-valencia\/","og:image":"https:\/\/candas365.es\/noticias\/wp-content\/uploads\/2020\/12\/Notis.jpg","og:image:secure_url":"https:\/\/candas365.es\/noticias\/wp-content\/uploads\/2020\/12\/Notis.jpg","og:image:width":640,"og:image:height":426,"article:published_time":"2020-12-06T18:02:50+00:00","article:modified_time":"2020-12-06T18:02:50+00:00","article:publisher":"https:\/\/www.facebook.com\/Nachofdezber","article:author":"https:\/\/www.facebook.com\/carrenoactualidad","twitter:card":"summary_large_image","twitter:site":"@NabercoDigital","twitter:title":"Petros logra r\u00e9cord alem\u00e1n en Valencia | Cand\u00e1s 365","twitter:description":"Amanal Petros logr\u00f3 mejorar significativamente el r\u00e9cord alem\u00e1n en la marat\u00f3n disputada hoy en la ciudad espa\u00f1ola de Valencia","twitter:creator":"@nbasturias","twitter:image":"https:\/\/candas365.es\/noticias\/wp-content\/uploads\/2020\/12\/Notis.jpg","twitter:label1":"Escrito por","twitter:data1":"Cand\u00e1s 365","twitter:label2":"Tiempo de lectura estimado","twitter:data2":"1 minuto"},"aioseo_meta_data":{"post_id":"149418","title":"Petros logra r\u00e9cord alem\u00e1n en Valencia | #site_title","description":"Amanal Petros logr\u00f3 mejorar significativamente el r\u00e9cord alem\u00e1n en la marat\u00f3n disputada hoy en la ciudad espa\u00f1ola de Valencia","keywords":[{"label":"Deporte","value":"Deporte"}],"keyphrases":null,"primary_term":null,"canonical_url":"","og_title":null,"og_description":null,"og_object_type":"default","og_image_type":"default","og_image_url":null,"og_image_width":null,"og_image_height":null,"og_image_custom_url":null,"og_image_custom_fields":null,"og_video":null,"og_custom_url":null,"og_article_section":null,"og_article_tags":null,"twitter_use_og":false,"twitter_card":"default","twitter_image_type":"default","twitter_image_url":null,"twitter_image_custom_url":null,"twitter_image_custom_fields":null,"twitter_title":null,"twitter_description":null,"schema":{"blockGraphs":[],"customGraphs":[],"default":{"data":{"Article":[],"Course":[],"Dataset":[],"FAQPage":[],"Movie":[],"Person":[],"Product":[],"ProductReview":[],"Car":[],"Recipe":[],"Service":[],"SoftwareApplication":[],"WebPage":[]},"graphName":"","isEnabled":true},"graphs":[]},"schema_type":null,"schema_type_options":null,"pillar_content":false,"robots_default":true,"robots_noindex":false,"robots_noarchive":false,"robots_nosnippet":false,"robots_nofollow":false,"robots_noimageindex":false,"robots_noodp":false,"robots_notranslate":false,"robots_max_snippet":null,"robots_max_videopreview":null,"robots_max_imagepreview":"large","priority":null,"frequency":null,"location":null,"local_seo":null,"seo_analyzer_scan_date":"2025-08-31 14:48:23","breadcrumb_settings":null,"limit_modified_date":false,"reviewed_by":null,"open_ai":null,"ai":null,"created":"2020-12-21 10:37:45","updated":"2025-08-31 14:48:23"},"aioseo_breadcrumb":"<div class=\"aioseo-breadcrumbs\"><span class=\"aioseo-breadcrumb\">\n\t<a href=\"https:\/\/candas365.es\/noticias\" title=\"Home\">Home<\/a>\n<\/span><span class=\"aioseo-breadcrumb-separator\">&ndash;<\/span><span class=\"aioseo-breadcrumb\">\n\t<a href=\"https:\/\/candas365.es\/noticias\/category\/deporte\/\" title=\"Deporte\">Deporte<\/a>\n<\/span><span class=\"aioseo-breadcrumb-separator\">&ndash;<\/span><span class=\"aioseo-breadcrumb\">\n\tPetros logra r\u00e9cord alem\u00e1n en Valencia\n<\/span><\/div>","aioseo_breadcrumb_json":[{"label":"Home","link":"https:\/\/candas365.es\/noticias"},{"label":"Deporte","link":"https:\/\/candas365.es\/noticias\/category\/deporte\/"},{"label":"Petros logra r\u00e9cord alem\u00e1n en Valencia","link":"https:\/\/candas365.es\/noticias\/petros-logra-record-aleman-en-valencia\/"}],"_links":{"self":[{"href":"https:\/\/candas365.es\/noticias\/wp-json\/wp\/v2\/posts\/149418","targetHints":{"allow":["GET"]}}],"collection":[{"href":"https:\/\/candas365.es\/noticias\/wp-json\/wp\/v2\/posts"}],"about":[{"href":"https:\/\/candas365.es\/noticias\/wp-json\/wp\/v2\/types\/post"}],"author":[{"embeddable":true,"href":"https:\/\/candas365.es\/noticias\/wp-json\/wp\/v2\/users\/1"}],"replies":[{"embeddable":true,"href":"https:\/\/candas365.es\/noticias\/wp-json\/wp\/v2\/comments?post=149418"}],"version-history":[{"count":0,"href":"https:\/\/candas365.es\/noticias\/wp-json\/wp\/v2\/posts\/149418\/revisions"}],"wp:featuredmedia":[{"embeddable":true,"href":"https:\/\/candas365.es\/noticias\/wp-json\/wp\/v2\/media\/149200"}],"wp:attachment":[{"href":"https:\/\/candas365.es\/noticias\/wp-json\/wp\/v2\/media?parent=149418"}],"wp:term":[{"taxonomy":"category","embeddable":true,"href":"https:\/\/candas365.es\/noticias\/wp-json\/wp\/v2\/categories?post=149418"},{"taxonomy":"post_tag","embeddable":true,"href":"https:\/\/candas365.es\/noticias\/wp-json\/wp\/v2\/tags?post=149418"}],"curies":[{"name":"wp","href":"https:\/\/api.w.org\/{rel}","templated":true}]}}