{"id":149401,"date":"2020-12-06T11:33:25","date_gmt":"2020-12-06T11:33:25","guid":{"rendered":"http:\/\/candas365.es\/noticias\/?p=149401"},"modified":"2020-12-06T11:33:25","modified_gmt":"2020-12-06T11:33:25","slug":"mejoras-en-el-espacio-biosaludable-de-ambas","status":"publish","type":"post","link":"https:\/\/candas365.es\/noticias\/mejoras-en-el-espacio-biosaludable-de-ambas\/","title":{"rendered":"Mejoras en el espacio biosaludable de Amb\u00e1s"},"content":{"rendered":"<p>El Ayuntamiento de Carre\u00f1o ha informado hoy domingo que \u201cen marco del fondo de compensaci\u00f3n de COGERSA y con la colaboraci\u00f3n del Ayuntamiento se realizar\u00e1 la cubrici\u00f3n del espacio biosaludable de Amb\u00e1s\u00bb<\/p>\n<p><img fetchpriority=\"high\" decoding=\"async\" class=\"aligncenter wp-image-149402 size-large\" src=\"https:\/\/candas365.es\/noticias\/wp-content\/uploads\/2020\/12\/Ambas-650x369.jpg\" alt=\"\" width=\"650\" height=\"369\" srcset=\"https:\/\/candas365.es\/noticias\/wp-content\/uploads\/2020\/12\/Ambas-650x369.jpg 650w, https:\/\/candas365.es\/noticias\/wp-content\/uploads\/2020\/12\/Ambas-360x204.jpg 360w, https:\/\/candas365.es\/noticias\/wp-content\/uploads\/2020\/12\/Ambas-768x435.jpg 768w, https:\/\/candas365.es\/noticias\/wp-content\/uploads\/2020\/12\/Ambas.jpg 1067w\" sizes=\"(max-width: 650px) 100vw, 650px\" \/><\/p>\n<p>El \u00e1mbito de actuaci\u00f3n es una superficie aproximada de 41 Metros cuadrados. que se pretende cubrir para poder facilitar, cuando la situaci\u00f3n sanitaria lo permita, la actividad f\u00edsica de la poblaci\u00f3n, especialmente la mayor.<\/p>\n<h3>El Presupuesto de la cubrici\u00f3n asciende a 4.025,74 \u20ac.<\/h3>\n<p>Tras el correspondiente proceso de licitaci\u00f3n las obras se adjudicaron a Tinastur Sociedad Cooperativa Limitada.<\/p>\n<p>El gasto de la actuaci\u00f3n ir\u00e1 con cargo a la partida del Plan Integra de la Zona Rural.<br \/>\nLa zona de los aparatos biosaludables fue objeto el pasado a\u00f1o de una intervenci\u00f3n en la que se instal\u00f3 un cierre perimetral para-vientos.<\/p>\n<p>\u201cAprovechando la estructura de madera instalada para la colocaci\u00f3n de los paravientos se realizar\u00e1 una cubrici\u00f3n de la zona mediante la instalaci\u00f3n de un pilar parte-luz en la viga central, para posteriormente apoyar cinco correas sobre la estructura existente que sirvan de apoyo para la cubrici\u00f3n de panel de chapa pre lacada roja y panel trasl\u00facido\u201d \u2013 se\u00f1al\u00f3 el edil de Medio Rural, Manuel Noceda.<\/p>\n<p><strong>El plazo de ejecuci\u00f3n prevista para las obras es de 3 semanas, a partir de la firma del acta de comprobaci\u00f3n de replanteo<\/strong>.<\/p>\n<p>El plazo de garant\u00eda m\u00ednimo de las obras <strong>ser\u00e1 de 1 a\u00f1o<\/strong> a contar desde la fecha de su recepci\u00f3n.<\/p>\n<p>\u201c Para realizar la cubrici\u00f3n retiraremos temporalmente los aparatos biosaludables para colocar la nueva estructura\u201d \u2013 concluy\u00f3 el edil.<\/p>\n","protected":false},"excerpt":{"rendered":"<p>El Ayuntamiento de Carre\u00f1o ha informado hoy domingo que \u201cen marco del fondo de compensaci\u00f3n de COGERSA y con la colaboraci\u00f3n del Ayuntamiento se realizar\u00e1 la cubrici\u00f3n del espacio biosaludable de Amb\u00e1s\u00bb El \u00e1mbito de actuaci\u00f3n es una superficie aproximada de 41 Metros cuadrados. que se pretende cubrir para poder facilitar, cuando la situaci\u00f3n sanitaria<\/p>\n","protected":false},"author":1,"featured_media":149402,"comment_status":"closed","ping_status":"closed","sticky":false,"template":"","format":"standard","meta":{"footnotes":""},"categories":[2],"tags":[],"class_list":{"0":"post-149401","1":"post","2":"type-post","3":"status-publish","4":"format-standard","5":"has-post-thumbnail","7":"category-noticias-carreno"},"aioseo_notices":[],"aioseo_head":"\n\t\t<!-- All in One SEO Pro 4.9.6.2 - aioseo.com -->\n\t<meta name=\"description\" content=\"El plazo de ejecuci\u00f3n prevista para las obras es de 3 semanas, a partir de la firma del acta de comprobaci\u00f3n de replanteo.\" \/>\n\t<meta name=\"robots\" content=\"max-image-preview:large\" \/>\n\t<meta name=\"author\" content=\"Cand\u00e1s 365\"\/>\n\t<meta name=\"google-site-verification\" content=\"UA-32230408-1\" \/>\n\t<meta name=\"msvalidate.01\" content=\"354F3CDFB2DA171B47FBE9ABF1F88D5\" \/>\n\t<meta name=\"keywords\" content=\"noticias cand\u00e1s,carre\u00f1o,noticias carre\u00f1o\" \/>\n\t<link rel=\"canonical\" href=\"https:\/\/candas365.es\/noticias\/mejoras-en-el-espacio-biosaludable-de-ambas\/\" \/>\n\t<meta name=\"generator\" content=\"All in One SEO Pro (AIOSEO) 4.9.6.2\" \/>\n\t\t<meta property=\"og:locale\" content=\"es_ES\" \/>\n\t\t<meta property=\"og:site_name\" content=\"Cand\u00e1s 365\" \/>\n\t\t<meta property=\"og:type\" content=\"article\" \/>\n\t\t<meta property=\"og:title\" content=\"Mejoras en el espacio biosaludable de Amb\u00e1s | Cand\u00e1s 365\" \/>\n\t\t<meta property=\"og:description\" content=\"El plazo de ejecuci\u00f3n prevista para las obras es de 3 semanas, a partir de la firma del acta de comprobaci\u00f3n de replanteo.\" \/>\n\t\t<meta property=\"og:url\" content=\"https:\/\/candas365.es\/noticias\/mejoras-en-el-espacio-biosaludable-de-ambas\/\" \/>\n\t\t<meta property=\"og:image\" content=\"https:\/\/candas365.es\/noticias\/wp-content\/uploads\/2020\/12\/Ambas.jpg\" \/>\n\t\t<meta property=\"og:image:secure_url\" content=\"https:\/\/candas365.es\/noticias\/wp-content\/uploads\/2020\/12\/Ambas.jpg\" \/>\n\t\t<meta property=\"og:image:width\" content=\"1067\" \/>\n\t\t<meta property=\"og:image:height\" content=\"605\" \/>\n\t\t<meta property=\"article:published_time\" content=\"2020-12-06T11:33:25+00:00\" \/>\n\t\t<meta property=\"article:modified_time\" content=\"2020-12-06T11:33:25+00:00\" \/>\n\t\t<meta property=\"article:publisher\" content=\"https:\/\/www.facebook.com\/Nachofdezber\" \/>\n\t\t<meta property=\"article:author\" content=\"https:\/\/www.facebook.com\/carrenoactualidad\" \/>\n\t\t<meta name=\"twitter:card\" content=\"summary_large_image\" \/>\n\t\t<meta name=\"twitter:site\" content=\"@NabercoDigital\" \/>\n\t\t<meta name=\"twitter:title\" content=\"Mejoras en el espacio biosaludable de Amb\u00e1s | Cand\u00e1s 365\" \/>\n\t\t<meta name=\"twitter:description\" content=\"El plazo de ejecuci\u00f3n prevista para las obras es de 3 semanas, a partir de la firma del acta de comprobaci\u00f3n de replanteo.\" \/>\n\t\t<meta name=\"twitter:creator\" content=\"@nbasturias\" \/>\n\t\t<meta name=\"twitter:image\" content=\"https:\/\/candas365.es\/noticias\/wp-content\/uploads\/2020\/12\/Ambas.jpg\" \/>\n\t\t<meta name=\"twitter:label1\" content=\"Escrito por\" \/>\n\t\t<meta name=\"twitter:data1\" content=\"Cand\u00e1s 365\" \/>\n\t\t<meta name=\"twitter:label2\" content=\"Tiempo de lectura estimado\" \/>\n\t\t<meta name=\"twitter:data2\" content=\"1 minuto\" \/>\n\t\t<script type=\"application\/ld+json\" class=\"aioseo-schema\">\n\t\t\t{\"@context\":\"https:\\\/\\\/schema.org\",\"@graph\":[{\"@type\":\"BreadcrumbList\",\"@id\":\"https:\\\/\\\/candas365.es\\\/noticias\\\/mejoras-en-el-espacio-biosaludable-de-ambas\\\/#breadcrumblist\",\"itemListElement\":[{\"@type\":\"ListItem\",\"@id\":\"https:\\\/\\\/candas365.es\\\/noticias#listItem\",\"position\":1,\"name\":\"Home\",\"item\":\"https:\\\/\\\/candas365.es\\\/noticias\",\"nextItem\":{\"@type\":\"ListItem\",\"@id\":\"https:\\\/\\\/candas365.es\\\/noticias\\\/category\\\/noticias-carreno\\\/#listItem\",\"name\":\"Noticias Carre\\u00f1o\"}},{\"@type\":\"ListItem\",\"@id\":\"https:\\\/\\\/candas365.es\\\/noticias\\\/category\\\/noticias-carreno\\\/#listItem\",\"position\":2,\"name\":\"Noticias Carre\\u00f1o\",\"item\":\"https:\\\/\\\/candas365.es\\\/noticias\\\/category\\\/noticias-carreno\\\/\",\"nextItem\":{\"@type\":\"ListItem\",\"@id\":\"https:\\\/\\\/candas365.es\\\/noticias\\\/mejoras-en-el-espacio-biosaludable-de-ambas\\\/#listItem\",\"name\":\"Mejoras en el espacio biosaludable de Amb\\u00e1s\"},\"previousItem\":{\"@type\":\"ListItem\",\"@id\":\"https:\\\/\\\/candas365.es\\\/noticias#listItem\",\"name\":\"Home\"}},{\"@type\":\"ListItem\",\"@id\":\"https:\\\/\\\/candas365.es\\\/noticias\\\/mejoras-en-el-espacio-biosaludable-de-ambas\\\/#listItem\",\"position\":3,\"name\":\"Mejoras en el espacio biosaludable de Amb\\u00e1s\",\"previousItem\":{\"@type\":\"ListItem\",\"@id\":\"https:\\\/\\\/candas365.es\\\/noticias\\\/category\\\/noticias-carreno\\\/#listItem\",\"name\":\"Noticias Carre\\u00f1o\"}}]},{\"@type\":\"NewsArticle\",\"@id\":\"https:\\\/\\\/candas365.es\\\/noticias\\\/mejoras-en-el-espacio-biosaludable-de-ambas\\\/#newsarticle\",\"name\":\"Mejoras en el espacio biosaludable de Amb\\u00e1s | Cand\\u00e1s 365\",\"headline\":\"Mejoras en el espacio biosaludable de Amb\\u00e1s\",\"author\":{\"@id\":\"https:\\\/\\\/candas365.es\\\/noticias\\\/author\\\/admin\\\/#author\"},\"publisher\":{\"@id\":\"https:\\\/\\\/candas365.es\\\/noticias\\\/#organization\"},\"image\":{\"@type\":\"ImageObject\",\"url\":\"https:\\\/\\\/candas365.es\\\/noticias\\\/wp-content\\\/uploads\\\/2020\\\/12\\\/Ambas.jpg\",\"width\":1067,\"height\":605},\"datePublished\":\"2020-12-06T11:33:25+01:00\",\"dateModified\":\"2020-12-06T11:33:25+01:00\",\"inLanguage\":\"es-ES\",\"mainEntityOfPage\":{\"@id\":\"https:\\\/\\\/candas365.es\\\/noticias\\\/mejoras-en-el-espacio-biosaludable-de-ambas\\\/#webpage\"},\"isPartOf\":{\"@id\":\"https:\\\/\\\/candas365.es\\\/noticias\\\/mejoras-en-el-espacio-biosaludable-de-ambas\\\/#webpage\"},\"articleSection\":\"Noticias Carre\\u00f1o\",\"dateline\":\"Publicado el diciembre 6, 2020.\"},{\"@type\":\"Organization\",\"@id\":\"https:\\\/\\\/candas365.es\\\/noticias\\\/#organization\",\"name\":\"Cand\\u00e1s 365\",\"description\":\"Cand\\u00e1s 365 es un diario digital independiente, fundado en 2012, con base en Asturias. Informamos con rigor sobre actualidad, sociedad, cultura y ocio, con una mirada local y global.\",\"url\":\"https:\\\/\\\/candas365.es\\\/noticias\\\/\",\"email\":\"info@candas365.es\",\"telephone\":\"+34652131393\",\"foundingDate\":\"2012-06-10\",\"logo\":{\"@type\":\"ImageObject\",\"url\":\"https:\\\/\\\/candas365.es\\\/noticias\\\/wp-content\\\/uploads\\\/2024\\\/09\\\/Candas-365-Redes.jpg\",\"@id\":\"https:\\\/\\\/candas365.es\\\/noticias\\\/mejoras-en-el-espacio-biosaludable-de-ambas\\\/#organizationLogo\",\"width\":1152,\"height\":864,\"caption\":\"Cand\\u00e1s 365 Redes\"},\"image\":{\"@id\":\"https:\\\/\\\/candas365.es\\\/noticias\\\/mejoras-en-el-espacio-biosaludable-de-ambas\\\/#organizationLogo\"},\"sameAs\":[\"https:\\\/\\\/www.facebook.com\\\/Nachofdezber\",\"https:\\\/\\\/x.com\\\/NabercoDigital\",\"https:\\\/\\\/www.instagram.com\\\/nachofdezber\\\/\",\"https:\\\/\\\/www.youtube.com\\\/channel\\\/UCZP-2wLEB9Rv6erhFmqVnvg\"],\"address\":{\"@id\":\"https:\\\/\\\/candas365.es\\\/noticias\\\/#postaladdress\",\"@type\":\"PostalAddress\",\"streetAddress\":\"san antonio 4, san antonio 4\",\"postalCode\":\"33430\",\"addressLocality\":\"Cand\\u00e1s\",\"addressRegion\":\"Asturias\",\"addressCountry\":\"ES\"}},{\"@type\":\"Person\",\"@id\":\"https:\\\/\\\/candas365.es\\\/noticias\\\/author\\\/admin\\\/#author\",\"url\":\"https:\\\/\\\/candas365.es\\\/noticias\\\/author\\\/admin\\\/\",\"name\":\"Cand\\u00e1s 365\",\"image\":{\"@type\":\"ImageObject\",\"@id\":\"https:\\\/\\\/candas365.es\\\/noticias\\\/mejoras-en-el-espacio-biosaludable-de-ambas\\\/#authorImage\",\"url\":\"https:\\\/\\\/secure.gravatar.com\\\/avatar\\\/496a8e03d0c493ede1718b7934145dbdf8d89be1036b0eec9544e1094c9de390?s=96&d=mm&r=g\",\"width\":96,\"height\":96,\"caption\":\"Cand\\u00e1s 365\"},\"sameAs\":[\"https:\\\/\\\/www.facebook.com\\\/carrenoactualidad\",\"https:\\\/\\\/twitter.com\\\/nbasturias\",\"https:\\\/\\\/www.instagram.com\\\/nachofdezber\\\/\",\"https:\\\/\\\/www.youtube.com\\\/channel\\\/UCZP-2wLEB9Rv6erhFmqVnvg\"]},{\"@type\":\"WebPage\",\"@id\":\"https:\\\/\\\/candas365.es\\\/noticias\\\/mejoras-en-el-espacio-biosaludable-de-ambas\\\/#webpage\",\"url\":\"https:\\\/\\\/candas365.es\\\/noticias\\\/mejoras-en-el-espacio-biosaludable-de-ambas\\\/\",\"name\":\"Mejoras en el espacio biosaludable de Amb\\u00e1s | Cand\\u00e1s 365\",\"description\":\"El plazo de ejecuci\\u00f3n prevista para las obras es de 3 semanas, a partir de la firma del acta de comprobaci\\u00f3n de replanteo.\",\"inLanguage\":\"es-ES\",\"isPartOf\":{\"@id\":\"https:\\\/\\\/candas365.es\\\/noticias\\\/#website\"},\"breadcrumb\":{\"@id\":\"https:\\\/\\\/candas365.es\\\/noticias\\\/mejoras-en-el-espacio-biosaludable-de-ambas\\\/#breadcrumblist\"},\"author\":{\"@id\":\"https:\\\/\\\/candas365.es\\\/noticias\\\/author\\\/admin\\\/#author\"},\"creator\":{\"@id\":\"https:\\\/\\\/candas365.es\\\/noticias\\\/author\\\/admin\\\/#author\"},\"image\":{\"@type\":\"ImageObject\",\"url\":\"https:\\\/\\\/candas365.es\\\/noticias\\\/wp-content\\\/uploads\\\/2020\\\/12\\\/Ambas.jpg\",\"@id\":\"https:\\\/\\\/candas365.es\\\/noticias\\\/mejoras-en-el-espacio-biosaludable-de-ambas\\\/#mainImage\",\"width\":1067,\"height\":605},\"primaryImageOfPage\":{\"@id\":\"https:\\\/\\\/candas365.es\\\/noticias\\\/mejoras-en-el-espacio-biosaludable-de-ambas\\\/#mainImage\"},\"datePublished\":\"2020-12-06T11:33:25+01:00\",\"dateModified\":\"2020-12-06T11:33:25+01:00\"},{\"@type\":\"WebSite\",\"@id\":\"https:\\\/\\\/candas365.es\\\/noticias\\\/#website\",\"url\":\"https:\\\/\\\/candas365.es\\\/noticias\\\/\",\"name\":\"Cand\\u00e1s 365\",\"alternateName\":\"Cand\\u00e1s 365 Noticias\",\"description\":\"Actualidad desde Carre\\u00f1o para el mundo\",\"inLanguage\":\"es-ES\",\"publisher\":{\"@id\":\"https:\\\/\\\/candas365.es\\\/noticias\\\/#organization\"}}]}\n\t\t<\/script>\n\t\t<!-- All in One SEO Pro -->\r\n\t\t<title>Mejoras en el espacio biosaludable de Amb\u00e1s | Cand\u00e1s 365<\/title>\n\n","aioseo_head_json":{"title":"Mejoras en el espacio biosaludable de Amb\u00e1s | Cand\u00e1s 365","description":"El plazo de ejecuci\u00f3n prevista para las obras es de 3 semanas, a partir de la firma del acta de comprobaci\u00f3n de replanteo.","canonical_url":"https:\/\/candas365.es\/noticias\/mejoras-en-el-espacio-biosaludable-de-ambas\/","robots":"max-image-preview:large","keywords":"noticias cand\u00e1s,carre\u00f1o,noticias carre\u00f1o","webmasterTools":{"google-site-verification":"UA-32230408-1","msvalidate.01":"354F3CDFB2DA171B47FBE9ABF1F88D5","miscellaneous":""},"schema":{"@context":"https:\/\/schema.org","@graph":[{"@type":"BreadcrumbList","@id":"https:\/\/candas365.es\/noticias\/mejoras-en-el-espacio-biosaludable-de-ambas\/#breadcrumblist","itemListElement":[{"@type":"ListItem","@id":"https:\/\/candas365.es\/noticias#listItem","position":1,"name":"Home","item":"https:\/\/candas365.es\/noticias","nextItem":{"@type":"ListItem","@id":"https:\/\/candas365.es\/noticias\/category\/noticias-carreno\/#listItem","name":"Noticias Carre\u00f1o"}},{"@type":"ListItem","@id":"https:\/\/candas365.es\/noticias\/category\/noticias-carreno\/#listItem","position":2,"name":"Noticias Carre\u00f1o","item":"https:\/\/candas365.es\/noticias\/category\/noticias-carreno\/","nextItem":{"@type":"ListItem","@id":"https:\/\/candas365.es\/noticias\/mejoras-en-el-espacio-biosaludable-de-ambas\/#listItem","name":"Mejoras en el espacio biosaludable de Amb\u00e1s"},"previousItem":{"@type":"ListItem","@id":"https:\/\/candas365.es\/noticias#listItem","name":"Home"}},{"@type":"ListItem","@id":"https:\/\/candas365.es\/noticias\/mejoras-en-el-espacio-biosaludable-de-ambas\/#listItem","position":3,"name":"Mejoras en el espacio biosaludable de Amb\u00e1s","previousItem":{"@type":"ListItem","@id":"https:\/\/candas365.es\/noticias\/category\/noticias-carreno\/#listItem","name":"Noticias Carre\u00f1o"}}]},{"@type":"NewsArticle","@id":"https:\/\/candas365.es\/noticias\/mejoras-en-el-espacio-biosaludable-de-ambas\/#newsarticle","name":"Mejoras en el espacio biosaludable de Amb\u00e1s | Cand\u00e1s 365","headline":"Mejoras en el espacio biosaludable de Amb\u00e1s","author":{"@id":"https:\/\/candas365.es\/noticias\/author\/admin\/#author"},"publisher":{"@id":"https:\/\/candas365.es\/noticias\/#organization"},"image":{"@type":"ImageObject","url":"https:\/\/candas365.es\/noticias\/wp-content\/uploads\/2020\/12\/Ambas.jpg","width":1067,"height":605},"datePublished":"2020-12-06T11:33:25+01:00","dateModified":"2020-12-06T11:33:25+01:00","inLanguage":"es-ES","mainEntityOfPage":{"@id":"https:\/\/candas365.es\/noticias\/mejoras-en-el-espacio-biosaludable-de-ambas\/#webpage"},"isPartOf":{"@id":"https:\/\/candas365.es\/noticias\/mejoras-en-el-espacio-biosaludable-de-ambas\/#webpage"},"articleSection":"Noticias Carre\u00f1o","dateline":"Publicado el diciembre 6, 2020."},{"@type":"Organization","@id":"https:\/\/candas365.es\/noticias\/#organization","name":"Cand\u00e1s 365","description":"Cand\u00e1s 365 es un diario digital independiente, fundado en 2012, con base en Asturias. Informamos con rigor sobre actualidad, sociedad, cultura y ocio, con una mirada local y global.","url":"https:\/\/candas365.es\/noticias\/","email":"info@candas365.es","telephone":"+34652131393","foundingDate":"2012-06-10","logo":{"@type":"ImageObject","url":"https:\/\/candas365.es\/noticias\/wp-content\/uploads\/2024\/09\/Candas-365-Redes.jpg","@id":"https:\/\/candas365.es\/noticias\/mejoras-en-el-espacio-biosaludable-de-ambas\/#organizationLogo","width":1152,"height":864,"caption":"Cand\u00e1s 365 Redes"},"image":{"@id":"https:\/\/candas365.es\/noticias\/mejoras-en-el-espacio-biosaludable-de-ambas\/#organizationLogo"},"sameAs":["https:\/\/www.facebook.com\/Nachofdezber","https:\/\/x.com\/NabercoDigital","https:\/\/www.instagram.com\/nachofdezber\/","https:\/\/www.youtube.com\/channel\/UCZP-2wLEB9Rv6erhFmqVnvg"],"address":{"@id":"https:\/\/candas365.es\/noticias\/#postaladdress","@type":"PostalAddress","streetAddress":"san antonio 4, san antonio 4","postalCode":"33430","addressLocality":"Cand\u00e1s","addressRegion":"Asturias","addressCountry":"ES"}},{"@type":"Person","@id":"https:\/\/candas365.es\/noticias\/author\/admin\/#author","url":"https:\/\/candas365.es\/noticias\/author\/admin\/","name":"Cand\u00e1s 365","image":{"@type":"ImageObject","@id":"https:\/\/candas365.es\/noticias\/mejoras-en-el-espacio-biosaludable-de-ambas\/#authorImage","url":"https:\/\/secure.gravatar.com\/avatar\/496a8e03d0c493ede1718b7934145dbdf8d89be1036b0eec9544e1094c9de390?s=96&d=mm&r=g","width":96,"height":96,"caption":"Cand\u00e1s 365"},"sameAs":["https:\/\/www.facebook.com\/carrenoactualidad","https:\/\/twitter.com\/nbasturias","https:\/\/www.instagram.com\/nachofdezber\/","https:\/\/www.youtube.com\/channel\/UCZP-2wLEB9Rv6erhFmqVnvg"]},{"@type":"WebPage","@id":"https:\/\/candas365.es\/noticias\/mejoras-en-el-espacio-biosaludable-de-ambas\/#webpage","url":"https:\/\/candas365.es\/noticias\/mejoras-en-el-espacio-biosaludable-de-ambas\/","name":"Mejoras en el espacio biosaludable de Amb\u00e1s | Cand\u00e1s 365","description":"El plazo de ejecuci\u00f3n prevista para las obras es de 3 semanas, a partir de la firma del acta de comprobaci\u00f3n de replanteo.","inLanguage":"es-ES","isPartOf":{"@id":"https:\/\/candas365.es\/noticias\/#website"},"breadcrumb":{"@id":"https:\/\/candas365.es\/noticias\/mejoras-en-el-espacio-biosaludable-de-ambas\/#breadcrumblist"},"author":{"@id":"https:\/\/candas365.es\/noticias\/author\/admin\/#author"},"creator":{"@id":"https:\/\/candas365.es\/noticias\/author\/admin\/#author"},"image":{"@type":"ImageObject","url":"https:\/\/candas365.es\/noticias\/wp-content\/uploads\/2020\/12\/Ambas.jpg","@id":"https:\/\/candas365.es\/noticias\/mejoras-en-el-espacio-biosaludable-de-ambas\/#mainImage","width":1067,"height":605},"primaryImageOfPage":{"@id":"https:\/\/candas365.es\/noticias\/mejoras-en-el-espacio-biosaludable-de-ambas\/#mainImage"},"datePublished":"2020-12-06T11:33:25+01:00","dateModified":"2020-12-06T11:33:25+01:00"},{"@type":"WebSite","@id":"https:\/\/candas365.es\/noticias\/#website","url":"https:\/\/candas365.es\/noticias\/","name":"Cand\u00e1s 365","alternateName":"Cand\u00e1s 365 Noticias","description":"Actualidad desde Carre\u00f1o para el mundo","inLanguage":"es-ES","publisher":{"@id":"https:\/\/candas365.es\/noticias\/#organization"}}]},"og:locale":"es_ES","og:site_name":"Cand\u00e1s 365","og:type":"article","og:title":"Mejoras en el espacio biosaludable de Amb\u00e1s | Cand\u00e1s 365","og:description":"El plazo de ejecuci\u00f3n prevista para las obras es de 3 semanas, a partir de la firma del acta de comprobaci\u00f3n de replanteo.","og:url":"https:\/\/candas365.es\/noticias\/mejoras-en-el-espacio-biosaludable-de-ambas\/","og:image":"https:\/\/candas365.es\/noticias\/wp-content\/uploads\/2020\/12\/Ambas.jpg","og:image:secure_url":"https:\/\/candas365.es\/noticias\/wp-content\/uploads\/2020\/12\/Ambas.jpg","og:image:width":1067,"og:image:height":605,"article:published_time":"2020-12-06T11:33:25+00:00","article:modified_time":"2020-12-06T11:33:25+00:00","article:publisher":"https:\/\/www.facebook.com\/Nachofdezber","article:author":"https:\/\/www.facebook.com\/carrenoactualidad","twitter:card":"summary_large_image","twitter:site":"@NabercoDigital","twitter:title":"Mejoras en el espacio biosaludable de Amb\u00e1s | Cand\u00e1s 365","twitter:description":"El plazo de ejecuci\u00f3n prevista para las obras es de 3 semanas, a partir de la firma del acta de comprobaci\u00f3n de replanteo.","twitter:creator":"@nbasturias","twitter:image":"https:\/\/candas365.es\/noticias\/wp-content\/uploads\/2020\/12\/Ambas.jpg","twitter:label1":"Escrito por","twitter:data1":"Cand\u00e1s 365","twitter:label2":"Tiempo de lectura estimado","twitter:data2":"1 minuto"},"aioseo_meta_data":{"post_id":"149401","title":"Mejoras en el espacio biosaludable de Amb\u00e1s | #site_title","description":"El plazo de ejecuci\u00f3n prevista para las obras es de 3 semanas, a partir de la firma del acta de comprobaci\u00f3n de replanteo.","keywords":[{"label":"Noticias Cand\u00e1s","value":"Noticias Cand\u00e1s"},{"label":"Carre\u00f1o","value":"Carre\u00f1o"}],"keyphrases":null,"primary_term":null,"canonical_url":"","og_title":null,"og_description":null,"og_object_type":"default","og_image_type":"default","og_image_url":null,"og_image_width":null,"og_image_height":null,"og_image_custom_url":null,"og_image_custom_fields":null,"og_video":null,"og_custom_url":null,"og_article_section":null,"og_article_tags":null,"twitter_use_og":false,"twitter_card":"default","twitter_image_type":"default","twitter_image_url":null,"twitter_image_custom_url":null,"twitter_image_custom_fields":null,"twitter_title":null,"twitter_description":null,"schema":{"blockGraphs":[],"customGraphs":[],"default":{"data":{"Article":[],"Course":[],"Dataset":[],"FAQPage":[],"Movie":[],"Person":[],"Product":[],"ProductReview":[],"Car":[],"Recipe":[],"Service":[],"SoftwareApplication":[],"WebPage":[]},"graphName":"","isEnabled":true},"graphs":[]},"schema_type":null,"schema_type_options":null,"pillar_content":false,"robots_default":true,"robots_noindex":false,"robots_noarchive":false,"robots_nosnippet":false,"robots_nofollow":false,"robots_noimageindex":false,"robots_noodp":false,"robots_notranslate":false,"robots_max_snippet":null,"robots_max_videopreview":null,"robots_max_imagepreview":"large","priority":null,"frequency":null,"location":null,"local_seo":null,"seo_analyzer_scan_date":"2025-08-31 14:47:31","breadcrumb_settings":null,"limit_modified_date":false,"reviewed_by":null,"open_ai":null,"ai":null,"created":"2020-12-21 10:37:45","updated":"2025-08-31 14:47:31"},"aioseo_breadcrumb":"<div class=\"aioseo-breadcrumbs\"><span class=\"aioseo-breadcrumb\">\n\t<a href=\"https:\/\/candas365.es\/noticias\" title=\"Home\">Home<\/a>\n<\/span><span class=\"aioseo-breadcrumb-separator\">&ndash;<\/span><span class=\"aioseo-breadcrumb\">\n\t<a href=\"https:\/\/candas365.es\/noticias\/category\/noticias-carreno\/\" title=\"Noticias Carre\u00f1o\">Noticias Carre\u00f1o<\/a>\n<\/span><span class=\"aioseo-breadcrumb-separator\">&ndash;<\/span><span class=\"aioseo-breadcrumb\">\n\tMejoras en el espacio biosaludable de Amb\u00e1s\n<\/span><\/div>","aioseo_breadcrumb_json":[{"label":"Home","link":"https:\/\/candas365.es\/noticias"},{"label":"Noticias Carre\u00f1o","link":"https:\/\/candas365.es\/noticias\/category\/noticias-carreno\/"},{"label":"Mejoras en el espacio biosaludable de Amb\u00e1s","link":"https:\/\/candas365.es\/noticias\/mejoras-en-el-espacio-biosaludable-de-ambas\/"}],"_links":{"self":[{"href":"https:\/\/candas365.es\/noticias\/wp-json\/wp\/v2\/posts\/149401","targetHints":{"allow":["GET"]}}],"collection":[{"href":"https:\/\/candas365.es\/noticias\/wp-json\/wp\/v2\/posts"}],"about":[{"href":"https:\/\/candas365.es\/noticias\/wp-json\/wp\/v2\/types\/post"}],"author":[{"embeddable":true,"href":"https:\/\/candas365.es\/noticias\/wp-json\/wp\/v2\/users\/1"}],"replies":[{"embeddable":true,"href":"https:\/\/candas365.es\/noticias\/wp-json\/wp\/v2\/comments?post=149401"}],"version-history":[{"count":0,"href":"https:\/\/candas365.es\/noticias\/wp-json\/wp\/v2\/posts\/149401\/revisions"}],"wp:featuredmedia":[{"embeddable":true,"href":"https:\/\/candas365.es\/noticias\/wp-json\/wp\/v2\/media\/149402"}],"wp:attachment":[{"href":"https:\/\/candas365.es\/noticias\/wp-json\/wp\/v2\/media?parent=149401"}],"wp:term":[{"taxonomy":"category","embeddable":true,"href":"https:\/\/candas365.es\/noticias\/wp-json\/wp\/v2\/categories?post=149401"},{"taxonomy":"post_tag","embeddable":true,"href":"https:\/\/candas365.es\/noticias\/wp-json\/wp\/v2\/tags?post=149401"}],"curies":[{"name":"wp","href":"https:\/\/api.w.org\/{rel}","templated":true}]}}