{"id":149295,"date":"2020-12-04T15:24:24","date_gmt":"2020-12-04T15:24:24","guid":{"rendered":"http:\/\/candas365.es\/noticias\/?p=149295"},"modified":"2020-12-04T15:24:24","modified_gmt":"2020-12-04T15:24:24","slug":"el-ayuntamiento-suscribe-un-convenio-de-colaboracion-con-la-coral-aires-de-candas","status":"publish","type":"post","link":"https:\/\/candas365.es\/noticias\/el-ayuntamiento-suscribe-un-convenio-de-colaboracion-con-la-coral-aires-de-candas\/","title":{"rendered":"El Ayuntamiento suscribe un convenio de colaboraci\u00f3n con la Coral \u201cAires de Cand\u00e1s\u201d"},"content":{"rendered":"<p><img fetchpriority=\"high\" decoding=\"async\" class=\"alignleft size-medium wp-image-149296\" src=\"https:\/\/candas365.es\/noticias\/wp-content\/uploads\/2020\/12\/Coral-Aires-de-Candas-360x203.jpg\" alt=\"Coral Aires de Candas\" width=\"360\" height=\"203\" srcset=\"https:\/\/candas365.es\/noticias\/wp-content\/uploads\/2020\/12\/Coral-Aires-de-Candas-360x203.jpg 360w, https:\/\/candas365.es\/noticias\/wp-content\/uploads\/2020\/12\/Coral-Aires-de-Candas-650x367.jpg 650w, https:\/\/candas365.es\/noticias\/wp-content\/uploads\/2020\/12\/Coral-Aires-de-Candas.jpg 712w\" sizes=\"(max-width: 360px) 100vw, 360px\" \/>El Ayuntamiento de Carre\u00f1o y la coral \u201cAires de Cand\u00e1s\u201d firmaron el primer convenio de colaboraci\u00f3n por un importe de 5.400 \u20ac para que la entidad musical pueda hacer frente a los gastos derivados de sus actividades de divulgaci\u00f3n, promoci\u00f3n y conservaci\u00f3n de la cultura musical. <strong>Dicho acuerdo se firm\u00f3 telem\u00e1ticamente por la Presidenta de la coral \u201cAires de Cand\u00e1s\u201d, Carmen Rodr\u00edguez Hidalgo y Amelia Fern\u00e1ndez L\u00f3pez, Alcaldesa de Carre\u00f1o<\/strong>.<\/p>\n<p>\u201cAires de Cand\u00e1s juega tambi\u00e9n un importante papel en el concejo desde el punto de vista social, siendo un colectivo numeroso y a la vez muy cohesionado. Su directiva ha hecho un trabajo aglutinador y tiene una gran responsabilidad en este momento tan complejo que vivimos. Este a\u00f1o 2020 supon\u00eda para la entidad musical una fecha muy especial, la celebraci\u00f3n de sus cuarenta cumplea\u00f1os. El equipo directivo, desde comienzos de a\u00f1o, ven\u00eda trabajando en la organizaci\u00f3n de diferentes actos conmemorativos con la que celebrar su efem\u00e9ride. Actos que finalmente han tenido que posponerse ya que la situaci\u00f3n sanitaria as\u00ed lo aconseja\u201d &#8211; se\u00f1al\u00f3 Amelia Fern\u00e1ndez L\u00f3pez, Alcaldesa de Carre\u00f1o.<\/p>\n<p>\u201cEl Ayuntamiento de Carre\u00f1o s\u00f3lo puede agradecer el trabajo que la entidad musical viene realizando desde que en 1980 un grupo de vecinos y vecinas plasmaron sus inquietudes musicales y su amor por la m\u00fasica con la fundaci\u00f3n de la Coral \u201cAires de Cand\u00e1s\u201d, llevando el nombre de Cand\u00e1s, no s\u00f3lo por Espa\u00f1a si no por Europa. Por lo que esperamos que el pr\u00f3ximo a\u00f1o la ciudadan\u00eda de Carre\u00f1o pueda disfrutar de su buen hacer, as\u00ed como demostrarles el cari\u00f1o y el respeto que le profesamos a la \u201cCoral\u201d a\u00f1adi\u00f3 la Alcaldesa.<\/p>\n<p>En la actualidad la masa coral la componen una treintena de voces mixtas dirigidas desde el 2001 por Marco Antonio Garc\u00eda de la Paz siendo la encargada de t\u00e9cnica vocal y de educaci\u00f3n musical la profesora Elena Rosso. Entre su repertorio destaca la polifon\u00eda cl\u00e1sica, religiosa y profana de los siglos XVI al XX, as\u00ed como las habaneras y los temas populares y polif\u00f3nicos de Asturias y otras regiones.<\/p>\n<p>Desde el 2002 organiza, junto con el Centro Cultural Teatro Prendes, una muestra de canci\u00f3n marinera y habanera. Un certamen cuya repercusi\u00f3n es regional al participar agrupaciones no s\u00f3lo de Asturias sino tambi\u00e9n de Galicia, Cantabria o Le\u00f3n. Mientras que sus conciertos y sus participaciones en cert\u00e1menes o intercambios musicales con otras agrupaciones tienen lugar tanto en las diferentes Comunidades Auton\u00f3micas como en diversos pa\u00edses de Europa entre los que se encuentran, Francia, Austria, Suiza, Portugal, a los que hay que a\u00f1adir la actuaci\u00f3n que en el pasado mes de marzo tuvo que aplazarse en Italia y en la Ciudad del Vaticano.<\/p>\n<p>\u201cEl convenio tiene vigencia anual, previ\u00e9ndose su modificaci\u00f3n y pr\u00f3rroga por per\u00edodos de igual duraci\u00f3n, siempre y cuando exista cr\u00e9dito suficiente consignado en el presupuesto municipal. La \u201cCoral\u201d, a trav\u00e9s de \u00e9l, se compromete a desarrollar su contenido y presentar una memoria final de actividades y balance econ\u00f3mico junto con la justificaci\u00f3n de gastos del a\u00f1o en curso\u201d \u2013 detall\u00f3 la regidora.<\/p>\n<p>\u201cLa Coral, en el marco de esta colaboraci\u00f3n ofrecer\u00e1 seis recitales gratuitos, que en caso de no poder celebrarse debido a la pandemia, \u00e9stos quedar\u00e1n pendientes, sum\u00e1ndose a las actuaciones a realizar en 2021. Seg\u00fan la disponibilidad de fechas de la entidad, se concretar\u00e1 el calendario definitivo de actuaciones. El Ayuntamiento colaborar\u00e1 con las asociaciones sin \u00e1nimo de lucro del concejo ofertando la programaci\u00f3n de recitales, de acuerdo con la Coral, en los actos o eventos en Carre\u00f1o\u201d finaliz\u00f3 Fern\u00e1ndez.<\/p>\n<p>&nbsp;<\/p>\n","protected":false},"excerpt":{"rendered":"<p>El Ayuntamiento de Carre\u00f1o y la coral \u201cAires de Cand\u00e1s\u201d firmaron el primer convenio de colaboraci\u00f3n por un importe de 5.400 \u20ac para que la entidad musical pueda hacer frente a los gastos derivados de sus actividades de divulgaci\u00f3n, promoci\u00f3n y conservaci\u00f3n de la cultura musical. Dicho acuerdo se firm\u00f3 telem\u00e1ticamente por la Presidenta de<\/p>\n","protected":false},"author":1,"featured_media":149296,"comment_status":"closed","ping_status":"closed","sticky":false,"template":"","format":"standard","meta":{"footnotes":""},"categories":[2],"tags":[],"class_list":{"0":"post-149295","1":"post","2":"type-post","3":"status-publish","4":"format-standard","5":"has-post-thumbnail","7":"category-noticias-carreno"},"aioseo_notices":[],"aioseo_head":"\n\t\t<!-- All in One SEO Pro 4.9.6.2 - aioseo.com -->\n\t<meta name=\"description\" content=\"Dicho acuerdo se firm\u00f3 telem\u00e1ticamente por la Presidenta de la coral \u201cAires de Cand\u00e1s\u201d, Carmen Rodr\u00edguez Hidalgo y Amelia Fern\u00e1ndez L\u00f3pez, Alcaldesa de Carre\u00f1o\" \/>\n\t<meta name=\"robots\" content=\"max-image-preview:large\" \/>\n\t<meta name=\"author\" content=\"Cand\u00e1s 365\"\/>\n\t<meta name=\"google-site-verification\" content=\"UA-32230408-1\" \/>\n\t<meta name=\"msvalidate.01\" content=\"354F3CDFB2DA171B47FBE9ABF1F88D5\" \/>\n\t<meta name=\"keywords\" content=\"noticias cand\u00e1s,carre\u00f1o,noticias carre\u00f1o\" \/>\n\t<link rel=\"canonical\" href=\"https:\/\/candas365.es\/noticias\/el-ayuntamiento-suscribe-un-convenio-de-colaboracion-con-la-coral-aires-de-candas\/\" \/>\n\t<meta name=\"generator\" content=\"All in One SEO Pro (AIOSEO) 4.9.6.2\" \/>\n\t\t<meta property=\"og:locale\" content=\"es_ES\" \/>\n\t\t<meta property=\"og:site_name\" content=\"Cand\u00e1s 365\" \/>\n\t\t<meta property=\"og:type\" content=\"article\" \/>\n\t\t<meta property=\"og:title\" content=\"El Ayuntamiento suscribe un convenio de colaboraci\u00f3n con la Coral \u201cAires de Cand\u00e1s\u201d | Cand\u00e1s 365\" \/>\n\t\t<meta property=\"og:description\" content=\"Dicho acuerdo se firm\u00f3 telem\u00e1ticamente por la Presidenta de la coral \u201cAires de Cand\u00e1s\u201d, Carmen Rodr\u00edguez Hidalgo y Amelia Fern\u00e1ndez L\u00f3pez, Alcaldesa de Carre\u00f1o\" \/>\n\t\t<meta property=\"og:url\" content=\"https:\/\/candas365.es\/noticias\/el-ayuntamiento-suscribe-un-convenio-de-colaboracion-con-la-coral-aires-de-candas\/\" \/>\n\t\t<meta property=\"og:image\" content=\"https:\/\/candas365.es\/noticias\/wp-content\/uploads\/2020\/12\/Coral-Aires-de-Candas.jpg\" \/>\n\t\t<meta property=\"og:image:secure_url\" content=\"https:\/\/candas365.es\/noticias\/wp-content\/uploads\/2020\/12\/Coral-Aires-de-Candas.jpg\" \/>\n\t\t<meta property=\"og:image:width\" content=\"712\" \/>\n\t\t<meta property=\"og:image:height\" content=\"402\" \/>\n\t\t<meta property=\"article:published_time\" content=\"2020-12-04T15:24:24+00:00\" \/>\n\t\t<meta property=\"article:modified_time\" content=\"2020-12-04T15:24:24+00:00\" \/>\n\t\t<meta property=\"article:publisher\" content=\"https:\/\/www.facebook.com\/Nachofdezber\" \/>\n\t\t<meta property=\"article:author\" content=\"https:\/\/www.facebook.com\/carrenoactualidad\" \/>\n\t\t<meta name=\"twitter:card\" content=\"summary_large_image\" \/>\n\t\t<meta name=\"twitter:site\" content=\"@NabercoDigital\" \/>\n\t\t<meta name=\"twitter:title\" content=\"El Ayuntamiento suscribe un convenio de colaboraci\u00f3n con la Coral \u201cAires de Cand\u00e1s\u201d | Cand\u00e1s 365\" \/>\n\t\t<meta name=\"twitter:description\" content=\"Dicho acuerdo se firm\u00f3 telem\u00e1ticamente por la Presidenta de la coral \u201cAires de Cand\u00e1s\u201d, Carmen Rodr\u00edguez Hidalgo y Amelia Fern\u00e1ndez L\u00f3pez, Alcaldesa de Carre\u00f1o\" \/>\n\t\t<meta name=\"twitter:creator\" content=\"@nbasturias\" \/>\n\t\t<meta name=\"twitter:image\" content=\"https:\/\/candas365.es\/noticias\/wp-content\/uploads\/2020\/12\/Coral-Aires-de-Candas.jpg\" \/>\n\t\t<meta name=\"twitter:label1\" content=\"Escrito por\" \/>\n\t\t<meta name=\"twitter:data1\" content=\"Cand\u00e1s 365\" \/>\n\t\t<meta name=\"twitter:label2\" content=\"Tiempo de lectura estimado\" \/>\n\t\t<meta name=\"twitter:data2\" content=\"3 minutos\" \/>\n\t\t<script type=\"application\/ld+json\" class=\"aioseo-schema\">\n\t\t\t{\"@context\":\"https:\\\/\\\/schema.org\",\"@graph\":[{\"@type\":\"BreadcrumbList\",\"@id\":\"https:\\\/\\\/candas365.es\\\/noticias\\\/el-ayuntamiento-suscribe-un-convenio-de-colaboracion-con-la-coral-aires-de-candas\\\/#breadcrumblist\",\"itemListElement\":[{\"@type\":\"ListItem\",\"@id\":\"https:\\\/\\\/candas365.es\\\/noticias#listItem\",\"position\":1,\"name\":\"Home\",\"item\":\"https:\\\/\\\/candas365.es\\\/noticias\",\"nextItem\":{\"@type\":\"ListItem\",\"@id\":\"https:\\\/\\\/candas365.es\\\/noticias\\\/category\\\/noticias-carreno\\\/#listItem\",\"name\":\"Noticias Carre\\u00f1o\"}},{\"@type\":\"ListItem\",\"@id\":\"https:\\\/\\\/candas365.es\\\/noticias\\\/category\\\/noticias-carreno\\\/#listItem\",\"position\":2,\"name\":\"Noticias Carre\\u00f1o\",\"item\":\"https:\\\/\\\/candas365.es\\\/noticias\\\/category\\\/noticias-carreno\\\/\",\"nextItem\":{\"@type\":\"ListItem\",\"@id\":\"https:\\\/\\\/candas365.es\\\/noticias\\\/el-ayuntamiento-suscribe-un-convenio-de-colaboracion-con-la-coral-aires-de-candas\\\/#listItem\",\"name\":\"El Ayuntamiento suscribe un convenio de colaboraci\\u00f3n con la Coral \\u201cAires de Cand\\u00e1s\\u201d\"},\"previousItem\":{\"@type\":\"ListItem\",\"@id\":\"https:\\\/\\\/candas365.es\\\/noticias#listItem\",\"name\":\"Home\"}},{\"@type\":\"ListItem\",\"@id\":\"https:\\\/\\\/candas365.es\\\/noticias\\\/el-ayuntamiento-suscribe-un-convenio-de-colaboracion-con-la-coral-aires-de-candas\\\/#listItem\",\"position\":3,\"name\":\"El Ayuntamiento suscribe un convenio de colaboraci\\u00f3n con la Coral \\u201cAires de Cand\\u00e1s\\u201d\",\"previousItem\":{\"@type\":\"ListItem\",\"@id\":\"https:\\\/\\\/candas365.es\\\/noticias\\\/category\\\/noticias-carreno\\\/#listItem\",\"name\":\"Noticias Carre\\u00f1o\"}}]},{\"@type\":\"NewsArticle\",\"@id\":\"https:\\\/\\\/candas365.es\\\/noticias\\\/el-ayuntamiento-suscribe-un-convenio-de-colaboracion-con-la-coral-aires-de-candas\\\/#newsarticle\",\"name\":\"El Ayuntamiento suscribe un convenio de colaboraci\\u00f3n con la Coral \\u201cAires de Cand\\u00e1s\\u201d | Cand\\u00e1s 365\",\"headline\":\"El Ayuntamiento suscribe un convenio de colaboraci\\u00f3n con la Coral \\u201cAires de Cand\\u00e1s\\u201d\",\"author\":{\"@id\":\"https:\\\/\\\/candas365.es\\\/noticias\\\/author\\\/admin\\\/#author\"},\"publisher\":{\"@id\":\"https:\\\/\\\/candas365.es\\\/noticias\\\/#organization\"},\"image\":{\"@type\":\"ImageObject\",\"url\":\"https:\\\/\\\/candas365.es\\\/noticias\\\/wp-content\\\/uploads\\\/2020\\\/12\\\/Coral-Aires-de-Candas.jpg\",\"width\":712,\"height\":402,\"caption\":\"Coral Aires de Candas\"},\"datePublished\":\"2020-12-04T15:24:24+01:00\",\"dateModified\":\"2020-12-04T15:24:24+01:00\",\"inLanguage\":\"es-ES\",\"mainEntityOfPage\":{\"@id\":\"https:\\\/\\\/candas365.es\\\/noticias\\\/el-ayuntamiento-suscribe-un-convenio-de-colaboracion-con-la-coral-aires-de-candas\\\/#webpage\"},\"isPartOf\":{\"@id\":\"https:\\\/\\\/candas365.es\\\/noticias\\\/el-ayuntamiento-suscribe-un-convenio-de-colaboracion-con-la-coral-aires-de-candas\\\/#webpage\"},\"articleSection\":\"Noticias Carre\\u00f1o\",\"dateline\":\"Publicado el diciembre 4, 2020.\"},{\"@type\":\"Organization\",\"@id\":\"https:\\\/\\\/candas365.es\\\/noticias\\\/#organization\",\"name\":\"Cand\\u00e1s 365\",\"description\":\"Cand\\u00e1s 365 es un diario digital independiente, fundado en 2012, con base en Asturias. Informamos con rigor sobre actualidad, sociedad, cultura y ocio, con una mirada local y global.\",\"url\":\"https:\\\/\\\/candas365.es\\\/noticias\\\/\",\"email\":\"info@candas365.es\",\"telephone\":\"+34652131393\",\"foundingDate\":\"2012-06-10\",\"logo\":{\"@type\":\"ImageObject\",\"url\":\"https:\\\/\\\/candas365.es\\\/noticias\\\/wp-content\\\/uploads\\\/2024\\\/09\\\/Candas-365-Redes.jpg\",\"@id\":\"https:\\\/\\\/candas365.es\\\/noticias\\\/el-ayuntamiento-suscribe-un-convenio-de-colaboracion-con-la-coral-aires-de-candas\\\/#organizationLogo\",\"width\":1152,\"height\":864,\"caption\":\"Cand\\u00e1s 365 Redes\"},\"image\":{\"@id\":\"https:\\\/\\\/candas365.es\\\/noticias\\\/el-ayuntamiento-suscribe-un-convenio-de-colaboracion-con-la-coral-aires-de-candas\\\/#organizationLogo\"},\"sameAs\":[\"https:\\\/\\\/www.facebook.com\\\/Nachofdezber\",\"https:\\\/\\\/x.com\\\/NabercoDigital\",\"https:\\\/\\\/www.instagram.com\\\/nachofdezber\\\/\",\"https:\\\/\\\/www.youtube.com\\\/channel\\\/UCZP-2wLEB9Rv6erhFmqVnvg\"],\"address\":{\"@id\":\"https:\\\/\\\/candas365.es\\\/noticias\\\/#postaladdress\",\"@type\":\"PostalAddress\",\"streetAddress\":\"san antonio 4, san antonio 4\",\"postalCode\":\"33430\",\"addressLocality\":\"Cand\\u00e1s\",\"addressRegion\":\"Asturias\",\"addressCountry\":\"ES\"}},{\"@type\":\"Person\",\"@id\":\"https:\\\/\\\/candas365.es\\\/noticias\\\/author\\\/admin\\\/#author\",\"url\":\"https:\\\/\\\/candas365.es\\\/noticias\\\/author\\\/admin\\\/\",\"name\":\"Cand\\u00e1s 365\",\"image\":{\"@type\":\"ImageObject\",\"@id\":\"https:\\\/\\\/candas365.es\\\/noticias\\\/el-ayuntamiento-suscribe-un-convenio-de-colaboracion-con-la-coral-aires-de-candas\\\/#authorImage\",\"url\":\"https:\\\/\\\/secure.gravatar.com\\\/avatar\\\/496a8e03d0c493ede1718b7934145dbdf8d89be1036b0eec9544e1094c9de390?s=96&d=mm&r=g\",\"width\":96,\"height\":96,\"caption\":\"Cand\\u00e1s 365\"},\"sameAs\":[\"https:\\\/\\\/www.facebook.com\\\/carrenoactualidad\",\"https:\\\/\\\/twitter.com\\\/nbasturias\",\"https:\\\/\\\/www.instagram.com\\\/nachofdezber\\\/\",\"https:\\\/\\\/www.youtube.com\\\/channel\\\/UCZP-2wLEB9Rv6erhFmqVnvg\"]},{\"@type\":\"WebPage\",\"@id\":\"https:\\\/\\\/candas365.es\\\/noticias\\\/el-ayuntamiento-suscribe-un-convenio-de-colaboracion-con-la-coral-aires-de-candas\\\/#webpage\",\"url\":\"https:\\\/\\\/candas365.es\\\/noticias\\\/el-ayuntamiento-suscribe-un-convenio-de-colaboracion-con-la-coral-aires-de-candas\\\/\",\"name\":\"El Ayuntamiento suscribe un convenio de colaboraci\\u00f3n con la Coral \\u201cAires de Cand\\u00e1s\\u201d | Cand\\u00e1s 365\",\"description\":\"Dicho acuerdo se firm\\u00f3 telem\\u00e1ticamente por la Presidenta de la coral \\u201cAires de Cand\\u00e1s\\u201d, Carmen Rodr\\u00edguez Hidalgo y Amelia Fern\\u00e1ndez L\\u00f3pez, Alcaldesa de Carre\\u00f1o\",\"inLanguage\":\"es-ES\",\"isPartOf\":{\"@id\":\"https:\\\/\\\/candas365.es\\\/noticias\\\/#website\"},\"breadcrumb\":{\"@id\":\"https:\\\/\\\/candas365.es\\\/noticias\\\/el-ayuntamiento-suscribe-un-convenio-de-colaboracion-con-la-coral-aires-de-candas\\\/#breadcrumblist\"},\"author\":{\"@id\":\"https:\\\/\\\/candas365.es\\\/noticias\\\/author\\\/admin\\\/#author\"},\"creator\":{\"@id\":\"https:\\\/\\\/candas365.es\\\/noticias\\\/author\\\/admin\\\/#author\"},\"image\":{\"@type\":\"ImageObject\",\"url\":\"https:\\\/\\\/candas365.es\\\/noticias\\\/wp-content\\\/uploads\\\/2020\\\/12\\\/Coral-Aires-de-Candas.jpg\",\"@id\":\"https:\\\/\\\/candas365.es\\\/noticias\\\/el-ayuntamiento-suscribe-un-convenio-de-colaboracion-con-la-coral-aires-de-candas\\\/#mainImage\",\"width\":712,\"height\":402,\"caption\":\"Coral Aires de Candas\"},\"primaryImageOfPage\":{\"@id\":\"https:\\\/\\\/candas365.es\\\/noticias\\\/el-ayuntamiento-suscribe-un-convenio-de-colaboracion-con-la-coral-aires-de-candas\\\/#mainImage\"},\"datePublished\":\"2020-12-04T15:24:24+01:00\",\"dateModified\":\"2020-12-04T15:24:24+01:00\"},{\"@type\":\"WebSite\",\"@id\":\"https:\\\/\\\/candas365.es\\\/noticias\\\/#website\",\"url\":\"https:\\\/\\\/candas365.es\\\/noticias\\\/\",\"name\":\"Cand\\u00e1s 365\",\"alternateName\":\"Cand\\u00e1s 365 Noticias\",\"description\":\"Actualidad desde Carre\\u00f1o para el mundo\",\"inLanguage\":\"es-ES\",\"publisher\":{\"@id\":\"https:\\\/\\\/candas365.es\\\/noticias\\\/#organization\"}}]}\n\t\t<\/script>\n\t\t<!-- All in One SEO Pro -->\r\n\t\t<title>El Ayuntamiento suscribe un convenio de colaboraci\u00f3n con la Coral \u201cAires de Cand\u00e1s\u201d | Cand\u00e1s 365<\/title>\n\n","aioseo_head_json":{"title":"El Ayuntamiento suscribe un convenio de colaboraci\u00f3n con la Coral \u201cAires de Cand\u00e1s\u201d | Cand\u00e1s 365","description":"Dicho acuerdo se firm\u00f3 telem\u00e1ticamente por la Presidenta de la coral \u201cAires de Cand\u00e1s\u201d, Carmen Rodr\u00edguez Hidalgo y Amelia Fern\u00e1ndez L\u00f3pez, Alcaldesa de Carre\u00f1o","canonical_url":"https:\/\/candas365.es\/noticias\/el-ayuntamiento-suscribe-un-convenio-de-colaboracion-con-la-coral-aires-de-candas\/","robots":"max-image-preview:large","keywords":"noticias cand\u00e1s,carre\u00f1o,noticias carre\u00f1o","webmasterTools":{"google-site-verification":"UA-32230408-1","msvalidate.01":"354F3CDFB2DA171B47FBE9ABF1F88D5","miscellaneous":""},"schema":{"@context":"https:\/\/schema.org","@graph":[{"@type":"BreadcrumbList","@id":"https:\/\/candas365.es\/noticias\/el-ayuntamiento-suscribe-un-convenio-de-colaboracion-con-la-coral-aires-de-candas\/#breadcrumblist","itemListElement":[{"@type":"ListItem","@id":"https:\/\/candas365.es\/noticias#listItem","position":1,"name":"Home","item":"https:\/\/candas365.es\/noticias","nextItem":{"@type":"ListItem","@id":"https:\/\/candas365.es\/noticias\/category\/noticias-carreno\/#listItem","name":"Noticias Carre\u00f1o"}},{"@type":"ListItem","@id":"https:\/\/candas365.es\/noticias\/category\/noticias-carreno\/#listItem","position":2,"name":"Noticias Carre\u00f1o","item":"https:\/\/candas365.es\/noticias\/category\/noticias-carreno\/","nextItem":{"@type":"ListItem","@id":"https:\/\/candas365.es\/noticias\/el-ayuntamiento-suscribe-un-convenio-de-colaboracion-con-la-coral-aires-de-candas\/#listItem","name":"El Ayuntamiento suscribe un convenio de colaboraci\u00f3n con la Coral \u201cAires de Cand\u00e1s\u201d"},"previousItem":{"@type":"ListItem","@id":"https:\/\/candas365.es\/noticias#listItem","name":"Home"}},{"@type":"ListItem","@id":"https:\/\/candas365.es\/noticias\/el-ayuntamiento-suscribe-un-convenio-de-colaboracion-con-la-coral-aires-de-candas\/#listItem","position":3,"name":"El Ayuntamiento suscribe un convenio de colaboraci\u00f3n con la Coral \u201cAires de Cand\u00e1s\u201d","previousItem":{"@type":"ListItem","@id":"https:\/\/candas365.es\/noticias\/category\/noticias-carreno\/#listItem","name":"Noticias Carre\u00f1o"}}]},{"@type":"NewsArticle","@id":"https:\/\/candas365.es\/noticias\/el-ayuntamiento-suscribe-un-convenio-de-colaboracion-con-la-coral-aires-de-candas\/#newsarticle","name":"El Ayuntamiento suscribe un convenio de colaboraci\u00f3n con la Coral \u201cAires de Cand\u00e1s\u201d | Cand\u00e1s 365","headline":"El Ayuntamiento suscribe un convenio de colaboraci\u00f3n con la Coral \u201cAires de Cand\u00e1s\u201d","author":{"@id":"https:\/\/candas365.es\/noticias\/author\/admin\/#author"},"publisher":{"@id":"https:\/\/candas365.es\/noticias\/#organization"},"image":{"@type":"ImageObject","url":"https:\/\/candas365.es\/noticias\/wp-content\/uploads\/2020\/12\/Coral-Aires-de-Candas.jpg","width":712,"height":402,"caption":"Coral Aires de Candas"},"datePublished":"2020-12-04T15:24:24+01:00","dateModified":"2020-12-04T15:24:24+01:00","inLanguage":"es-ES","mainEntityOfPage":{"@id":"https:\/\/candas365.es\/noticias\/el-ayuntamiento-suscribe-un-convenio-de-colaboracion-con-la-coral-aires-de-candas\/#webpage"},"isPartOf":{"@id":"https:\/\/candas365.es\/noticias\/el-ayuntamiento-suscribe-un-convenio-de-colaboracion-con-la-coral-aires-de-candas\/#webpage"},"articleSection":"Noticias Carre\u00f1o","dateline":"Publicado el diciembre 4, 2020."},{"@type":"Organization","@id":"https:\/\/candas365.es\/noticias\/#organization","name":"Cand\u00e1s 365","description":"Cand\u00e1s 365 es un diario digital independiente, fundado en 2012, con base en Asturias. Informamos con rigor sobre actualidad, sociedad, cultura y ocio, con una mirada local y global.","url":"https:\/\/candas365.es\/noticias\/","email":"info@candas365.es","telephone":"+34652131393","foundingDate":"2012-06-10","logo":{"@type":"ImageObject","url":"https:\/\/candas365.es\/noticias\/wp-content\/uploads\/2024\/09\/Candas-365-Redes.jpg","@id":"https:\/\/candas365.es\/noticias\/el-ayuntamiento-suscribe-un-convenio-de-colaboracion-con-la-coral-aires-de-candas\/#organizationLogo","width":1152,"height":864,"caption":"Cand\u00e1s 365 Redes"},"image":{"@id":"https:\/\/candas365.es\/noticias\/el-ayuntamiento-suscribe-un-convenio-de-colaboracion-con-la-coral-aires-de-candas\/#organizationLogo"},"sameAs":["https:\/\/www.facebook.com\/Nachofdezber","https:\/\/x.com\/NabercoDigital","https:\/\/www.instagram.com\/nachofdezber\/","https:\/\/www.youtube.com\/channel\/UCZP-2wLEB9Rv6erhFmqVnvg"],"address":{"@id":"https:\/\/candas365.es\/noticias\/#postaladdress","@type":"PostalAddress","streetAddress":"san antonio 4, san antonio 4","postalCode":"33430","addressLocality":"Cand\u00e1s","addressRegion":"Asturias","addressCountry":"ES"}},{"@type":"Person","@id":"https:\/\/candas365.es\/noticias\/author\/admin\/#author","url":"https:\/\/candas365.es\/noticias\/author\/admin\/","name":"Cand\u00e1s 365","image":{"@type":"ImageObject","@id":"https:\/\/candas365.es\/noticias\/el-ayuntamiento-suscribe-un-convenio-de-colaboracion-con-la-coral-aires-de-candas\/#authorImage","url":"https:\/\/secure.gravatar.com\/avatar\/496a8e03d0c493ede1718b7934145dbdf8d89be1036b0eec9544e1094c9de390?s=96&d=mm&r=g","width":96,"height":96,"caption":"Cand\u00e1s 365"},"sameAs":["https:\/\/www.facebook.com\/carrenoactualidad","https:\/\/twitter.com\/nbasturias","https:\/\/www.instagram.com\/nachofdezber\/","https:\/\/www.youtube.com\/channel\/UCZP-2wLEB9Rv6erhFmqVnvg"]},{"@type":"WebPage","@id":"https:\/\/candas365.es\/noticias\/el-ayuntamiento-suscribe-un-convenio-de-colaboracion-con-la-coral-aires-de-candas\/#webpage","url":"https:\/\/candas365.es\/noticias\/el-ayuntamiento-suscribe-un-convenio-de-colaboracion-con-la-coral-aires-de-candas\/","name":"El Ayuntamiento suscribe un convenio de colaboraci\u00f3n con la Coral \u201cAires de Cand\u00e1s\u201d | Cand\u00e1s 365","description":"Dicho acuerdo se firm\u00f3 telem\u00e1ticamente por la Presidenta de la coral \u201cAires de Cand\u00e1s\u201d, Carmen Rodr\u00edguez Hidalgo y Amelia Fern\u00e1ndez L\u00f3pez, Alcaldesa de Carre\u00f1o","inLanguage":"es-ES","isPartOf":{"@id":"https:\/\/candas365.es\/noticias\/#website"},"breadcrumb":{"@id":"https:\/\/candas365.es\/noticias\/el-ayuntamiento-suscribe-un-convenio-de-colaboracion-con-la-coral-aires-de-candas\/#breadcrumblist"},"author":{"@id":"https:\/\/candas365.es\/noticias\/author\/admin\/#author"},"creator":{"@id":"https:\/\/candas365.es\/noticias\/author\/admin\/#author"},"image":{"@type":"ImageObject","url":"https:\/\/candas365.es\/noticias\/wp-content\/uploads\/2020\/12\/Coral-Aires-de-Candas.jpg","@id":"https:\/\/candas365.es\/noticias\/el-ayuntamiento-suscribe-un-convenio-de-colaboracion-con-la-coral-aires-de-candas\/#mainImage","width":712,"height":402,"caption":"Coral Aires de Candas"},"primaryImageOfPage":{"@id":"https:\/\/candas365.es\/noticias\/el-ayuntamiento-suscribe-un-convenio-de-colaboracion-con-la-coral-aires-de-candas\/#mainImage"},"datePublished":"2020-12-04T15:24:24+01:00","dateModified":"2020-12-04T15:24:24+01:00"},{"@type":"WebSite","@id":"https:\/\/candas365.es\/noticias\/#website","url":"https:\/\/candas365.es\/noticias\/","name":"Cand\u00e1s 365","alternateName":"Cand\u00e1s 365 Noticias","description":"Actualidad desde Carre\u00f1o para el mundo","inLanguage":"es-ES","publisher":{"@id":"https:\/\/candas365.es\/noticias\/#organization"}}]},"og:locale":"es_ES","og:site_name":"Cand\u00e1s 365","og:type":"article","og:title":"El Ayuntamiento suscribe un convenio de colaboraci\u00f3n con la Coral \u201cAires de Cand\u00e1s\u201d | Cand\u00e1s 365","og:description":"Dicho acuerdo se firm\u00f3 telem\u00e1ticamente por la Presidenta de la coral \u201cAires de Cand\u00e1s\u201d, Carmen Rodr\u00edguez Hidalgo y Amelia Fern\u00e1ndez L\u00f3pez, Alcaldesa de Carre\u00f1o","og:url":"https:\/\/candas365.es\/noticias\/el-ayuntamiento-suscribe-un-convenio-de-colaboracion-con-la-coral-aires-de-candas\/","og:image":"https:\/\/candas365.es\/noticias\/wp-content\/uploads\/2020\/12\/Coral-Aires-de-Candas.jpg","og:image:secure_url":"https:\/\/candas365.es\/noticias\/wp-content\/uploads\/2020\/12\/Coral-Aires-de-Candas.jpg","og:image:width":712,"og:image:height":402,"article:published_time":"2020-12-04T15:24:24+00:00","article:modified_time":"2020-12-04T15:24:24+00:00","article:publisher":"https:\/\/www.facebook.com\/Nachofdezber","article:author":"https:\/\/www.facebook.com\/carrenoactualidad","twitter:card":"summary_large_image","twitter:site":"@NabercoDigital","twitter:title":"El Ayuntamiento suscribe un convenio de colaboraci\u00f3n con la Coral \u201cAires de Cand\u00e1s\u201d | Cand\u00e1s 365","twitter:description":"Dicho acuerdo se firm\u00f3 telem\u00e1ticamente por la Presidenta de la coral \u201cAires de Cand\u00e1s\u201d, Carmen Rodr\u00edguez Hidalgo y Amelia Fern\u00e1ndez L\u00f3pez, Alcaldesa de Carre\u00f1o","twitter:creator":"@nbasturias","twitter:image":"https:\/\/candas365.es\/noticias\/wp-content\/uploads\/2020\/12\/Coral-Aires-de-Candas.jpg","twitter:label1":"Escrito por","twitter:data1":"Cand\u00e1s 365","twitter:label2":"Tiempo de lectura estimado","twitter:data2":"3 minutos"},"aioseo_meta_data":{"post_id":"149295","title":"El Ayuntamiento suscribe un convenio de colaboraci\u00f3n con la Coral \u201cAires de Cand\u00e1s\u201d | #site_title","description":"Dicho acuerdo se firm\u00f3 telem\u00e1ticamente por la Presidenta de la coral \u201cAires de Cand\u00e1s\u201d, Carmen Rodr\u00edguez Hidalgo y Amelia Fern\u00e1ndez L\u00f3pez, Alcaldesa de Carre\u00f1o","keywords":[{"label":"Noticias Cand\u00e1s","value":"Noticias Cand\u00e1s"},{"label":"Carre\u00f1o","value":"Carre\u00f1o"}],"keyphrases":null,"primary_term":null,"canonical_url":"","og_title":null,"og_description":null,"og_object_type":"default","og_image_type":"default","og_image_url":null,"og_image_width":null,"og_image_height":null,"og_image_custom_url":null,"og_image_custom_fields":null,"og_video":null,"og_custom_url":null,"og_article_section":null,"og_article_tags":null,"twitter_use_og":false,"twitter_card":"default","twitter_image_type":"default","twitter_image_url":null,"twitter_image_custom_url":null,"twitter_image_custom_fields":null,"twitter_title":null,"twitter_description":null,"schema":{"blockGraphs":[],"customGraphs":[],"default":{"data":{"Article":[],"Course":[],"Dataset":[],"FAQPage":[],"Movie":[],"Person":[],"Product":[],"ProductReview":[],"Car":[],"Recipe":[],"Service":[],"SoftwareApplication":[],"WebPage":[]},"graphName":"","isEnabled":true},"graphs":[],"defaultGraph":"","defaultPostTypeGraph":""},"schema_type":null,"schema_type_options":null,"pillar_content":false,"robots_default":true,"robots_noindex":false,"robots_noarchive":false,"robots_nosnippet":false,"robots_nofollow":false,"robots_noimageindex":false,"robots_noodp":false,"robots_notranslate":false,"robots_max_snippet":null,"robots_max_videopreview":null,"robots_max_imagepreview":"large","priority":null,"frequency":null,"location":null,"local_seo":null,"seo_analyzer_scan_date":"2025-08-31 14:38:12","breadcrumb_settings":null,"limit_modified_date":false,"reviewed_by":null,"open_ai":null,"ai":null,"created":"2020-12-21 10:37:45","updated":"2025-08-31 14:38:12"},"aioseo_breadcrumb":"<div class=\"aioseo-breadcrumbs\"><span class=\"aioseo-breadcrumb\">\n\t<a href=\"https:\/\/candas365.es\/noticias\" title=\"Home\">Home<\/a>\n<\/span><span class=\"aioseo-breadcrumb-separator\">&ndash;<\/span><span class=\"aioseo-breadcrumb\">\n\t<a href=\"https:\/\/candas365.es\/noticias\/category\/noticias-carreno\/\" title=\"Noticias Carre\u00f1o\">Noticias Carre\u00f1o<\/a>\n<\/span><span class=\"aioseo-breadcrumb-separator\">&ndash;<\/span><span class=\"aioseo-breadcrumb\">\n\tEl Ayuntamiento suscribe un convenio de colaboraci\u00f3n con la Coral \u201cAires de Cand\u00e1s\u201d\n<\/span><\/div>","aioseo_breadcrumb_json":[{"label":"Home","link":"https:\/\/candas365.es\/noticias"},{"label":"Noticias Carre\u00f1o","link":"https:\/\/candas365.es\/noticias\/category\/noticias-carreno\/"},{"label":"El Ayuntamiento suscribe un convenio de colaboraci\u00f3n con la Coral \u201cAires de Cand\u00e1s\u201d","link":"https:\/\/candas365.es\/noticias\/el-ayuntamiento-suscribe-un-convenio-de-colaboracion-con-la-coral-aires-de-candas\/"}],"_links":{"self":[{"href":"https:\/\/candas365.es\/noticias\/wp-json\/wp\/v2\/posts\/149295","targetHints":{"allow":["GET"]}}],"collection":[{"href":"https:\/\/candas365.es\/noticias\/wp-json\/wp\/v2\/posts"}],"about":[{"href":"https:\/\/candas365.es\/noticias\/wp-json\/wp\/v2\/types\/post"}],"author":[{"embeddable":true,"href":"https:\/\/candas365.es\/noticias\/wp-json\/wp\/v2\/users\/1"}],"replies":[{"embeddable":true,"href":"https:\/\/candas365.es\/noticias\/wp-json\/wp\/v2\/comments?post=149295"}],"version-history":[{"count":0,"href":"https:\/\/candas365.es\/noticias\/wp-json\/wp\/v2\/posts\/149295\/revisions"}],"wp:featuredmedia":[{"embeddable":true,"href":"https:\/\/candas365.es\/noticias\/wp-json\/wp\/v2\/media\/149296"}],"wp:attachment":[{"href":"https:\/\/candas365.es\/noticias\/wp-json\/wp\/v2\/media?parent=149295"}],"wp:term":[{"taxonomy":"category","embeddable":true,"href":"https:\/\/candas365.es\/noticias\/wp-json\/wp\/v2\/categories?post=149295"},{"taxonomy":"post_tag","embeddable":true,"href":"https:\/\/candas365.es\/noticias\/wp-json\/wp\/v2\/tags?post=149295"}],"curies":[{"name":"wp","href":"https:\/\/api.w.org\/{rel}","templated":true}]}}