{"id":149285,"date":"2020-12-04T14:53:43","date_gmt":"2020-12-04T14:53:43","guid":{"rendered":"http:\/\/candas365.es\/noticias\/?p=149285"},"modified":"2020-12-04T14:53:43","modified_gmt":"2020-12-04T14:53:43","slug":"carreno-se-beneficiara-del-plan-de-ordenacion-de-las-escuelas-de-0-a-3-anos","status":"publish","type":"post","link":"https:\/\/candas365.es\/noticias\/carreno-se-beneficiara-del-plan-de-ordenacion-de-las-escuelas-de-0-a-3-anos\/","title":{"rendered":"Carre\u00f1o se beneficiar\u00e1 del Plan de ordenaci\u00f3n de las escuelas de 0 a 3 a\u00f1os"},"content":{"rendered":"<p><img fetchpriority=\"high\" decoding=\"async\" class=\"alignleft size-medium wp-image-15610\" src=\"https:\/\/candas365.es\/noticias\/wp-content\/uploads\/2015\/09\/aula-360x198.jpg\" alt=\"\" width=\"360\" height=\"198\" srcset=\"https:\/\/candas365.es\/noticias\/wp-content\/uploads\/2015\/09\/aula-360x198.jpg 360w, https:\/\/candas365.es\/noticias\/wp-content\/uploads\/2015\/09\/aula-650x357.jpg 650w, https:\/\/candas365.es\/noticias\/wp-content\/uploads\/2015\/09\/aula-150x82.jpg 150w, https:\/\/candas365.es\/noticias\/wp-content\/uploads\/2015\/09\/aula-450x247.jpg 450w, https:\/\/candas365.es\/noticias\/wp-content\/uploads\/2015\/09\/aula.jpg 655w\" sizes=\"(max-width: 360px) 100vw, 360px\" \/>El Consejo de Gobierno del Principado de Asturias ha autorizado la celebraci\u00f3n de adendas a los convenios que la Consejer\u00eda de Educaci\u00f3n mantiene con 43 ayuntamientos titulares de escuelas de primer ciclo de Educaci\u00f3n Infantil (0-3 a\u00f1os) para el desarrollo del plan de ordenaci\u00f3n del curso 2020-2021. Los acuerdos conllevan subvenciones del Principado por un total de 16.831.746 euros para afrontar los gastos de personal.<\/p>\n<p>Los municipios que recibir\u00e1n fondos son Aller, Avil\u00e9s, Bimenes, Candamo, Cangas del Narcea, Cangas de On\u00eds, Carre\u00f1o, Castrill\u00f3n, Castropol, Coa\u00f1a, Colunga, Corvera, Cudillero, El Franco, Gij\u00f3n, Goz\u00f3n, Grado, Langreo, Laviana, Lena, Llanera, Llanes, Mieres, Morc\u00edn, Nava, Navia, Nore\u00f1a, Oviedo, Pilo\u00f1a, Pravia, Proaza, Ribadesella, Salas, San Mart\u00edn del Rey Aurelio, Siero, Sobrescobio, Taramundi, Teverga, Tineo, Vald\u00e9s, Vegadeo, Villanueva de Oscos y Villaviciosa.<\/p>\n<p>En Concejo de Carre\u00f1o recibir\u00e1 un total 251.683 euros, seg\u00fan ha informado el Gobierno del Principado de Asturias<\/p>\n","protected":false},"excerpt":{"rendered":"<p>El Consejo de Gobierno del Principado de Asturias ha autorizado la celebraci\u00f3n de adendas a los convenios que la Consejer\u00eda de Educaci\u00f3n mantiene con 43 ayuntamientos titulares de escuelas de primer ciclo de Educaci\u00f3n Infantil (0-3 a\u00f1os) para el desarrollo del plan de ordenaci\u00f3n del curso 2020-2021. Los acuerdos conllevan subvenciones del Principado por un<\/p>\n","protected":false},"author":1,"featured_media":149200,"comment_status":"closed","ping_status":"closed","sticky":false,"template":"","format":"standard","meta":{"footnotes":""},"categories":[2],"tags":[],"class_list":{"0":"post-149285","1":"post","2":"type-post","3":"status-publish","4":"format-standard","5":"has-post-thumbnail","7":"category-noticias-carreno"},"aioseo_notices":[],"aioseo_head":"\n\t\t<!-- All in One SEO Pro 4.9.6.2 - aioseo.com -->\n\t<meta name=\"description\" content=\"En Concejo de Carre\u00f1o recibir\u00e1 un total 251.683 euros, seg\u00fan ha informado el Gobierno del Principado de Asturias\" \/>\n\t<meta name=\"robots\" content=\"max-image-preview:large\" \/>\n\t<meta name=\"author\" content=\"Cand\u00e1s 365\"\/>\n\t<meta name=\"google-site-verification\" content=\"UA-32230408-1\" \/>\n\t<meta name=\"msvalidate.01\" content=\"354F3CDFB2DA171B47FBE9ABF1F88D5\" \/>\n\t<meta name=\"keywords\" content=\"noticias cand\u00e1s,carre\u00f1o,educaci\u00f3n,noticias carre\u00f1o\" \/>\n\t<link rel=\"canonical\" href=\"https:\/\/candas365.es\/noticias\/carreno-se-beneficiara-del-plan-de-ordenacion-de-las-escuelas-de-0-a-3-anos\/\" \/>\n\t<meta name=\"generator\" content=\"All in One SEO Pro (AIOSEO) 4.9.6.2\" \/>\n\t\t<meta property=\"og:locale\" content=\"es_ES\" \/>\n\t\t<meta property=\"og:site_name\" content=\"Cand\u00e1s 365\" \/>\n\t\t<meta property=\"og:type\" content=\"article\" \/>\n\t\t<meta property=\"og:title\" content=\"Carre\u00f1o se beneficiar\u00e1 del Plan de ordenaci\u00f3n de las escuelas de 0 a 3 a\u00f1os | Cand\u00e1s 365\" \/>\n\t\t<meta property=\"og:description\" content=\"En Concejo de Carre\u00f1o recibir\u00e1 un total 251.683 euros, seg\u00fan ha informado el Gobierno del Principado de Asturias\" \/>\n\t\t<meta property=\"og:url\" content=\"https:\/\/candas365.es\/noticias\/carreno-se-beneficiara-del-plan-de-ordenacion-de-las-escuelas-de-0-a-3-anos\/\" \/>\n\t\t<meta property=\"og:image\" content=\"https:\/\/candas365.es\/noticias\/wp-content\/uploads\/2020\/12\/Notis.jpg\" \/>\n\t\t<meta property=\"og:image:secure_url\" content=\"https:\/\/candas365.es\/noticias\/wp-content\/uploads\/2020\/12\/Notis.jpg\" \/>\n\t\t<meta property=\"og:image:width\" content=\"640\" \/>\n\t\t<meta property=\"og:image:height\" content=\"426\" \/>\n\t\t<meta property=\"article:published_time\" content=\"2020-12-04T14:53:43+00:00\" \/>\n\t\t<meta property=\"article:modified_time\" content=\"2020-12-04T14:53:43+00:00\" \/>\n\t\t<meta property=\"article:publisher\" content=\"https:\/\/www.facebook.com\/Nachofdezber\" \/>\n\t\t<meta property=\"article:author\" content=\"https:\/\/www.facebook.com\/carrenoactualidad\" \/>\n\t\t<meta name=\"twitter:card\" content=\"summary_large_image\" \/>\n\t\t<meta name=\"twitter:site\" content=\"@NabercoDigital\" \/>\n\t\t<meta name=\"twitter:title\" content=\"Carre\u00f1o se beneficiar\u00e1 del Plan de ordenaci\u00f3n de las escuelas de 0 a 3 a\u00f1os | Cand\u00e1s 365\" \/>\n\t\t<meta name=\"twitter:description\" content=\"En Concejo de Carre\u00f1o recibir\u00e1 un total 251.683 euros, seg\u00fan ha informado el Gobierno del Principado de Asturias\" \/>\n\t\t<meta name=\"twitter:creator\" content=\"@nbasturias\" \/>\n\t\t<meta name=\"twitter:image\" content=\"https:\/\/candas365.es\/noticias\/wp-content\/uploads\/2020\/12\/Notis.jpg\" \/>\n\t\t<meta name=\"twitter:label1\" content=\"Escrito por\" \/>\n\t\t<meta name=\"twitter:data1\" content=\"Cand\u00e1s 365\" \/>\n\t\t<meta name=\"twitter:label2\" content=\"Tiempo de lectura estimado\" \/>\n\t\t<meta name=\"twitter:data2\" content=\"1 minuto\" \/>\n\t\t<script type=\"application\/ld+json\" class=\"aioseo-schema\">\n\t\t\t{\"@context\":\"https:\\\/\\\/schema.org\",\"@graph\":[{\"@type\":\"BreadcrumbList\",\"@id\":\"https:\\\/\\\/candas365.es\\\/noticias\\\/carreno-se-beneficiara-del-plan-de-ordenacion-de-las-escuelas-de-0-a-3-anos\\\/#breadcrumblist\",\"itemListElement\":[{\"@type\":\"ListItem\",\"@id\":\"https:\\\/\\\/candas365.es\\\/noticias#listItem\",\"position\":1,\"name\":\"Home\",\"item\":\"https:\\\/\\\/candas365.es\\\/noticias\",\"nextItem\":{\"@type\":\"ListItem\",\"@id\":\"https:\\\/\\\/candas365.es\\\/noticias\\\/category\\\/noticias-carreno\\\/#listItem\",\"name\":\"Noticias Carre\\u00f1o\"}},{\"@type\":\"ListItem\",\"@id\":\"https:\\\/\\\/candas365.es\\\/noticias\\\/category\\\/noticias-carreno\\\/#listItem\",\"position\":2,\"name\":\"Noticias Carre\\u00f1o\",\"item\":\"https:\\\/\\\/candas365.es\\\/noticias\\\/category\\\/noticias-carreno\\\/\",\"nextItem\":{\"@type\":\"ListItem\",\"@id\":\"https:\\\/\\\/candas365.es\\\/noticias\\\/carreno-se-beneficiara-del-plan-de-ordenacion-de-las-escuelas-de-0-a-3-anos\\\/#listItem\",\"name\":\"Carre\\u00f1o se beneficiar\\u00e1 del Plan de ordenaci\\u00f3n de las escuelas de 0 a 3 a\\u00f1os\"},\"previousItem\":{\"@type\":\"ListItem\",\"@id\":\"https:\\\/\\\/candas365.es\\\/noticias#listItem\",\"name\":\"Home\"}},{\"@type\":\"ListItem\",\"@id\":\"https:\\\/\\\/candas365.es\\\/noticias\\\/carreno-se-beneficiara-del-plan-de-ordenacion-de-las-escuelas-de-0-a-3-anos\\\/#listItem\",\"position\":3,\"name\":\"Carre\\u00f1o se beneficiar\\u00e1 del Plan de ordenaci\\u00f3n de las escuelas de 0 a 3 a\\u00f1os\",\"previousItem\":{\"@type\":\"ListItem\",\"@id\":\"https:\\\/\\\/candas365.es\\\/noticias\\\/category\\\/noticias-carreno\\\/#listItem\",\"name\":\"Noticias Carre\\u00f1o\"}}]},{\"@type\":\"NewsArticle\",\"@id\":\"https:\\\/\\\/candas365.es\\\/noticias\\\/carreno-se-beneficiara-del-plan-de-ordenacion-de-las-escuelas-de-0-a-3-anos\\\/#newsarticle\",\"name\":\"Carre\\u00f1o se beneficiar\\u00e1 del Plan de ordenaci\\u00f3n de las escuelas de 0 a 3 a\\u00f1os | Cand\\u00e1s 365\",\"headline\":\"Carre\\u00f1o se beneficiar\\u00e1 del Plan de ordenaci\\u00f3n de las escuelas de 0 a 3 a\\u00f1os\",\"author\":{\"@id\":\"https:\\\/\\\/candas365.es\\\/noticias\\\/author\\\/admin\\\/#author\"},\"publisher\":{\"@id\":\"https:\\\/\\\/candas365.es\\\/noticias\\\/#organization\"},\"image\":{\"@type\":\"ImageObject\",\"url\":\"https:\\\/\\\/candas365.es\\\/noticias\\\/wp-content\\\/uploads\\\/2020\\\/12\\\/Notis.jpg\",\"width\":640,\"height\":426},\"datePublished\":\"2020-12-04T14:53:43+01:00\",\"dateModified\":\"2020-12-04T14:53:43+01:00\",\"inLanguage\":\"es-ES\",\"mainEntityOfPage\":{\"@id\":\"https:\\\/\\\/candas365.es\\\/noticias\\\/carreno-se-beneficiara-del-plan-de-ordenacion-de-las-escuelas-de-0-a-3-anos\\\/#webpage\"},\"isPartOf\":{\"@id\":\"https:\\\/\\\/candas365.es\\\/noticias\\\/carreno-se-beneficiara-del-plan-de-ordenacion-de-las-escuelas-de-0-a-3-anos\\\/#webpage\"},\"articleSection\":\"Noticias Carre\\u00f1o\",\"dateline\":\"Publicado el diciembre 4, 2020.\"},{\"@type\":\"Organization\",\"@id\":\"https:\\\/\\\/candas365.es\\\/noticias\\\/#organization\",\"name\":\"Cand\\u00e1s 365\",\"description\":\"Cand\\u00e1s 365 es un diario digital independiente, fundado en 2012, con base en Asturias. Informamos con rigor sobre actualidad, sociedad, cultura y ocio, con una mirada local y global.\",\"url\":\"https:\\\/\\\/candas365.es\\\/noticias\\\/\",\"email\":\"info@candas365.es\",\"telephone\":\"+34652131393\",\"foundingDate\":\"2012-06-10\",\"logo\":{\"@type\":\"ImageObject\",\"url\":\"https:\\\/\\\/candas365.es\\\/noticias\\\/wp-content\\\/uploads\\\/2024\\\/09\\\/Candas-365-Redes.jpg\",\"@id\":\"https:\\\/\\\/candas365.es\\\/noticias\\\/carreno-se-beneficiara-del-plan-de-ordenacion-de-las-escuelas-de-0-a-3-anos\\\/#organizationLogo\",\"width\":1152,\"height\":864,\"caption\":\"Cand\\u00e1s 365 Redes\"},\"image\":{\"@id\":\"https:\\\/\\\/candas365.es\\\/noticias\\\/carreno-se-beneficiara-del-plan-de-ordenacion-de-las-escuelas-de-0-a-3-anos\\\/#organizationLogo\"},\"sameAs\":[\"https:\\\/\\\/www.facebook.com\\\/Nachofdezber\",\"https:\\\/\\\/x.com\\\/NabercoDigital\",\"https:\\\/\\\/www.instagram.com\\\/nachofdezber\\\/\",\"https:\\\/\\\/www.youtube.com\\\/channel\\\/UCZP-2wLEB9Rv6erhFmqVnvg\"],\"address\":{\"@id\":\"https:\\\/\\\/candas365.es\\\/noticias\\\/#postaladdress\",\"@type\":\"PostalAddress\",\"streetAddress\":\"san antonio 4, san antonio 4\",\"postalCode\":\"33430\",\"addressLocality\":\"Cand\\u00e1s\",\"addressRegion\":\"Asturias\",\"addressCountry\":\"ES\"}},{\"@type\":\"Person\",\"@id\":\"https:\\\/\\\/candas365.es\\\/noticias\\\/author\\\/admin\\\/#author\",\"url\":\"https:\\\/\\\/candas365.es\\\/noticias\\\/author\\\/admin\\\/\",\"name\":\"Cand\\u00e1s 365\",\"image\":{\"@type\":\"ImageObject\",\"@id\":\"https:\\\/\\\/candas365.es\\\/noticias\\\/carreno-se-beneficiara-del-plan-de-ordenacion-de-las-escuelas-de-0-a-3-anos\\\/#authorImage\",\"url\":\"https:\\\/\\\/secure.gravatar.com\\\/avatar\\\/496a8e03d0c493ede1718b7934145dbdf8d89be1036b0eec9544e1094c9de390?s=96&d=mm&r=g\",\"width\":96,\"height\":96,\"caption\":\"Cand\\u00e1s 365\"},\"sameAs\":[\"https:\\\/\\\/www.facebook.com\\\/carrenoactualidad\",\"https:\\\/\\\/twitter.com\\\/nbasturias\",\"https:\\\/\\\/www.instagram.com\\\/nachofdezber\\\/\",\"https:\\\/\\\/www.youtube.com\\\/channel\\\/UCZP-2wLEB9Rv6erhFmqVnvg\"]},{\"@type\":\"WebPage\",\"@id\":\"https:\\\/\\\/candas365.es\\\/noticias\\\/carreno-se-beneficiara-del-plan-de-ordenacion-de-las-escuelas-de-0-a-3-anos\\\/#webpage\",\"url\":\"https:\\\/\\\/candas365.es\\\/noticias\\\/carreno-se-beneficiara-del-plan-de-ordenacion-de-las-escuelas-de-0-a-3-anos\\\/\",\"name\":\"Carre\\u00f1o se beneficiar\\u00e1 del Plan de ordenaci\\u00f3n de las escuelas de 0 a 3 a\\u00f1os | Cand\\u00e1s 365\",\"description\":\"En Concejo de Carre\\u00f1o recibir\\u00e1 un total 251.683 euros, seg\\u00fan ha informado el Gobierno del Principado de Asturias\",\"inLanguage\":\"es-ES\",\"isPartOf\":{\"@id\":\"https:\\\/\\\/candas365.es\\\/noticias\\\/#website\"},\"breadcrumb\":{\"@id\":\"https:\\\/\\\/candas365.es\\\/noticias\\\/carreno-se-beneficiara-del-plan-de-ordenacion-de-las-escuelas-de-0-a-3-anos\\\/#breadcrumblist\"},\"author\":{\"@id\":\"https:\\\/\\\/candas365.es\\\/noticias\\\/author\\\/admin\\\/#author\"},\"creator\":{\"@id\":\"https:\\\/\\\/candas365.es\\\/noticias\\\/author\\\/admin\\\/#author\"},\"image\":{\"@type\":\"ImageObject\",\"url\":\"https:\\\/\\\/candas365.es\\\/noticias\\\/wp-content\\\/uploads\\\/2020\\\/12\\\/Notis.jpg\",\"@id\":\"https:\\\/\\\/candas365.es\\\/noticias\\\/carreno-se-beneficiara-del-plan-de-ordenacion-de-las-escuelas-de-0-a-3-anos\\\/#mainImage\",\"width\":640,\"height\":426},\"primaryImageOfPage\":{\"@id\":\"https:\\\/\\\/candas365.es\\\/noticias\\\/carreno-se-beneficiara-del-plan-de-ordenacion-de-las-escuelas-de-0-a-3-anos\\\/#mainImage\"},\"datePublished\":\"2020-12-04T14:53:43+01:00\",\"dateModified\":\"2020-12-04T14:53:43+01:00\"},{\"@type\":\"WebSite\",\"@id\":\"https:\\\/\\\/candas365.es\\\/noticias\\\/#website\",\"url\":\"https:\\\/\\\/candas365.es\\\/noticias\\\/\",\"name\":\"Cand\\u00e1s 365\",\"alternateName\":\"Cand\\u00e1s 365 Noticias\",\"description\":\"Actualidad desde Carre\\u00f1o para el mundo\",\"inLanguage\":\"es-ES\",\"publisher\":{\"@id\":\"https:\\\/\\\/candas365.es\\\/noticias\\\/#organization\"}}]}\n\t\t<\/script>\n\t\t<!-- All in One SEO Pro -->\r\n\t\t<title>Carre\u00f1o se beneficiar\u00e1 del Plan de ordenaci\u00f3n de las escuelas de 0 a 3 a\u00f1os | Cand\u00e1s 365<\/title>\n\n","aioseo_head_json":{"title":"Carre\u00f1o se beneficiar\u00e1 del Plan de ordenaci\u00f3n de las escuelas de 0 a 3 a\u00f1os | Cand\u00e1s 365","description":"En Concejo de Carre\u00f1o recibir\u00e1 un total 251.683 euros, seg\u00fan ha informado el Gobierno del Principado de Asturias","canonical_url":"https:\/\/candas365.es\/noticias\/carreno-se-beneficiara-del-plan-de-ordenacion-de-las-escuelas-de-0-a-3-anos\/","robots":"max-image-preview:large","keywords":"noticias cand\u00e1s,carre\u00f1o,educaci\u00f3n,noticias carre\u00f1o","webmasterTools":{"google-site-verification":"UA-32230408-1","msvalidate.01":"354F3CDFB2DA171B47FBE9ABF1F88D5","miscellaneous":""},"schema":{"@context":"https:\/\/schema.org","@graph":[{"@type":"BreadcrumbList","@id":"https:\/\/candas365.es\/noticias\/carreno-se-beneficiara-del-plan-de-ordenacion-de-las-escuelas-de-0-a-3-anos\/#breadcrumblist","itemListElement":[{"@type":"ListItem","@id":"https:\/\/candas365.es\/noticias#listItem","position":1,"name":"Home","item":"https:\/\/candas365.es\/noticias","nextItem":{"@type":"ListItem","@id":"https:\/\/candas365.es\/noticias\/category\/noticias-carreno\/#listItem","name":"Noticias Carre\u00f1o"}},{"@type":"ListItem","@id":"https:\/\/candas365.es\/noticias\/category\/noticias-carreno\/#listItem","position":2,"name":"Noticias Carre\u00f1o","item":"https:\/\/candas365.es\/noticias\/category\/noticias-carreno\/","nextItem":{"@type":"ListItem","@id":"https:\/\/candas365.es\/noticias\/carreno-se-beneficiara-del-plan-de-ordenacion-de-las-escuelas-de-0-a-3-anos\/#listItem","name":"Carre\u00f1o se beneficiar\u00e1 del Plan de ordenaci\u00f3n de las escuelas de 0 a 3 a\u00f1os"},"previousItem":{"@type":"ListItem","@id":"https:\/\/candas365.es\/noticias#listItem","name":"Home"}},{"@type":"ListItem","@id":"https:\/\/candas365.es\/noticias\/carreno-se-beneficiara-del-plan-de-ordenacion-de-las-escuelas-de-0-a-3-anos\/#listItem","position":3,"name":"Carre\u00f1o se beneficiar\u00e1 del Plan de ordenaci\u00f3n de las escuelas de 0 a 3 a\u00f1os","previousItem":{"@type":"ListItem","@id":"https:\/\/candas365.es\/noticias\/category\/noticias-carreno\/#listItem","name":"Noticias Carre\u00f1o"}}]},{"@type":"NewsArticle","@id":"https:\/\/candas365.es\/noticias\/carreno-se-beneficiara-del-plan-de-ordenacion-de-las-escuelas-de-0-a-3-anos\/#newsarticle","name":"Carre\u00f1o se beneficiar\u00e1 del Plan de ordenaci\u00f3n de las escuelas de 0 a 3 a\u00f1os | Cand\u00e1s 365","headline":"Carre\u00f1o se beneficiar\u00e1 del Plan de ordenaci\u00f3n de las escuelas de 0 a 3 a\u00f1os","author":{"@id":"https:\/\/candas365.es\/noticias\/author\/admin\/#author"},"publisher":{"@id":"https:\/\/candas365.es\/noticias\/#organization"},"image":{"@type":"ImageObject","url":"https:\/\/candas365.es\/noticias\/wp-content\/uploads\/2020\/12\/Notis.jpg","width":640,"height":426},"datePublished":"2020-12-04T14:53:43+01:00","dateModified":"2020-12-04T14:53:43+01:00","inLanguage":"es-ES","mainEntityOfPage":{"@id":"https:\/\/candas365.es\/noticias\/carreno-se-beneficiara-del-plan-de-ordenacion-de-las-escuelas-de-0-a-3-anos\/#webpage"},"isPartOf":{"@id":"https:\/\/candas365.es\/noticias\/carreno-se-beneficiara-del-plan-de-ordenacion-de-las-escuelas-de-0-a-3-anos\/#webpage"},"articleSection":"Noticias Carre\u00f1o","dateline":"Publicado el diciembre 4, 2020."},{"@type":"Organization","@id":"https:\/\/candas365.es\/noticias\/#organization","name":"Cand\u00e1s 365","description":"Cand\u00e1s 365 es un diario digital independiente, fundado en 2012, con base en Asturias. Informamos con rigor sobre actualidad, sociedad, cultura y ocio, con una mirada local y global.","url":"https:\/\/candas365.es\/noticias\/","email":"info@candas365.es","telephone":"+34652131393","foundingDate":"2012-06-10","logo":{"@type":"ImageObject","url":"https:\/\/candas365.es\/noticias\/wp-content\/uploads\/2024\/09\/Candas-365-Redes.jpg","@id":"https:\/\/candas365.es\/noticias\/carreno-se-beneficiara-del-plan-de-ordenacion-de-las-escuelas-de-0-a-3-anos\/#organizationLogo","width":1152,"height":864,"caption":"Cand\u00e1s 365 Redes"},"image":{"@id":"https:\/\/candas365.es\/noticias\/carreno-se-beneficiara-del-plan-de-ordenacion-de-las-escuelas-de-0-a-3-anos\/#organizationLogo"},"sameAs":["https:\/\/www.facebook.com\/Nachofdezber","https:\/\/x.com\/NabercoDigital","https:\/\/www.instagram.com\/nachofdezber\/","https:\/\/www.youtube.com\/channel\/UCZP-2wLEB9Rv6erhFmqVnvg"],"address":{"@id":"https:\/\/candas365.es\/noticias\/#postaladdress","@type":"PostalAddress","streetAddress":"san antonio 4, san antonio 4","postalCode":"33430","addressLocality":"Cand\u00e1s","addressRegion":"Asturias","addressCountry":"ES"}},{"@type":"Person","@id":"https:\/\/candas365.es\/noticias\/author\/admin\/#author","url":"https:\/\/candas365.es\/noticias\/author\/admin\/","name":"Cand\u00e1s 365","image":{"@type":"ImageObject","@id":"https:\/\/candas365.es\/noticias\/carreno-se-beneficiara-del-plan-de-ordenacion-de-las-escuelas-de-0-a-3-anos\/#authorImage","url":"https:\/\/secure.gravatar.com\/avatar\/496a8e03d0c493ede1718b7934145dbdf8d89be1036b0eec9544e1094c9de390?s=96&d=mm&r=g","width":96,"height":96,"caption":"Cand\u00e1s 365"},"sameAs":["https:\/\/www.facebook.com\/carrenoactualidad","https:\/\/twitter.com\/nbasturias","https:\/\/www.instagram.com\/nachofdezber\/","https:\/\/www.youtube.com\/channel\/UCZP-2wLEB9Rv6erhFmqVnvg"]},{"@type":"WebPage","@id":"https:\/\/candas365.es\/noticias\/carreno-se-beneficiara-del-plan-de-ordenacion-de-las-escuelas-de-0-a-3-anos\/#webpage","url":"https:\/\/candas365.es\/noticias\/carreno-se-beneficiara-del-plan-de-ordenacion-de-las-escuelas-de-0-a-3-anos\/","name":"Carre\u00f1o se beneficiar\u00e1 del Plan de ordenaci\u00f3n de las escuelas de 0 a 3 a\u00f1os | Cand\u00e1s 365","description":"En Concejo de Carre\u00f1o recibir\u00e1 un total 251.683 euros, seg\u00fan ha informado el Gobierno del Principado de Asturias","inLanguage":"es-ES","isPartOf":{"@id":"https:\/\/candas365.es\/noticias\/#website"},"breadcrumb":{"@id":"https:\/\/candas365.es\/noticias\/carreno-se-beneficiara-del-plan-de-ordenacion-de-las-escuelas-de-0-a-3-anos\/#breadcrumblist"},"author":{"@id":"https:\/\/candas365.es\/noticias\/author\/admin\/#author"},"creator":{"@id":"https:\/\/candas365.es\/noticias\/author\/admin\/#author"},"image":{"@type":"ImageObject","url":"https:\/\/candas365.es\/noticias\/wp-content\/uploads\/2020\/12\/Notis.jpg","@id":"https:\/\/candas365.es\/noticias\/carreno-se-beneficiara-del-plan-de-ordenacion-de-las-escuelas-de-0-a-3-anos\/#mainImage","width":640,"height":426},"primaryImageOfPage":{"@id":"https:\/\/candas365.es\/noticias\/carreno-se-beneficiara-del-plan-de-ordenacion-de-las-escuelas-de-0-a-3-anos\/#mainImage"},"datePublished":"2020-12-04T14:53:43+01:00","dateModified":"2020-12-04T14:53:43+01:00"},{"@type":"WebSite","@id":"https:\/\/candas365.es\/noticias\/#website","url":"https:\/\/candas365.es\/noticias\/","name":"Cand\u00e1s 365","alternateName":"Cand\u00e1s 365 Noticias","description":"Actualidad desde Carre\u00f1o para el mundo","inLanguage":"es-ES","publisher":{"@id":"https:\/\/candas365.es\/noticias\/#organization"}}]},"og:locale":"es_ES","og:site_name":"Cand\u00e1s 365","og:type":"article","og:title":"Carre\u00f1o se beneficiar\u00e1 del Plan de ordenaci\u00f3n de las escuelas de 0 a 3 a\u00f1os | Cand\u00e1s 365","og:description":"En Concejo de Carre\u00f1o recibir\u00e1 un total 251.683 euros, seg\u00fan ha informado el Gobierno del Principado de Asturias","og:url":"https:\/\/candas365.es\/noticias\/carreno-se-beneficiara-del-plan-de-ordenacion-de-las-escuelas-de-0-a-3-anos\/","og:image":"https:\/\/candas365.es\/noticias\/wp-content\/uploads\/2020\/12\/Notis.jpg","og:image:secure_url":"https:\/\/candas365.es\/noticias\/wp-content\/uploads\/2020\/12\/Notis.jpg","og:image:width":640,"og:image:height":426,"article:published_time":"2020-12-04T14:53:43+00:00","article:modified_time":"2020-12-04T14:53:43+00:00","article:publisher":"https:\/\/www.facebook.com\/Nachofdezber","article:author":"https:\/\/www.facebook.com\/carrenoactualidad","twitter:card":"summary_large_image","twitter:site":"@NabercoDigital","twitter:title":"Carre\u00f1o se beneficiar\u00e1 del Plan de ordenaci\u00f3n de las escuelas de 0 a 3 a\u00f1os | Cand\u00e1s 365","twitter:description":"En Concejo de Carre\u00f1o recibir\u00e1 un total 251.683 euros, seg\u00fan ha informado el Gobierno del Principado de Asturias","twitter:creator":"@nbasturias","twitter:image":"https:\/\/candas365.es\/noticias\/wp-content\/uploads\/2020\/12\/Notis.jpg","twitter:label1":"Escrito por","twitter:data1":"Cand\u00e1s 365","twitter:label2":"Tiempo de lectura estimado","twitter:data2":"1 minuto"},"aioseo_meta_data":{"post_id":"149285","title":"Carre\u00f1o se beneficiar\u00e1 del Plan de ordenaci\u00f3n de las escuelas de 0 a 3 a\u00f1os | #site_title","description":"En Concejo de Carre\u00f1o recibir\u00e1 un total 251.683 euros, seg\u00fan ha informado el Gobierno del Principado de Asturias","keywords":[{"label":"Noticias Cand\u00e1s","value":"Noticias Cand\u00e1s"},{"label":"Carre\u00f1o","value":"Carre\u00f1o"},{"label":"educaci\u00f3n","value":"educaci\u00f3n"}],"keyphrases":null,"primary_term":null,"canonical_url":"","og_title":null,"og_description":null,"og_object_type":"default","og_image_type":"default","og_image_url":null,"og_image_width":null,"og_image_height":null,"og_image_custom_url":null,"og_image_custom_fields":null,"og_video":null,"og_custom_url":null,"og_article_section":null,"og_article_tags":null,"twitter_use_og":false,"twitter_card":"default","twitter_image_type":"default","twitter_image_url":null,"twitter_image_custom_url":null,"twitter_image_custom_fields":null,"twitter_title":null,"twitter_description":null,"schema":{"blockGraphs":[],"customGraphs":[],"default":{"data":{"Article":[],"Course":[],"Dataset":[],"FAQPage":[],"Movie":[],"Person":[],"Product":[],"ProductReview":[],"Car":[],"Recipe":[],"Service":[],"SoftwareApplication":[],"WebPage":[]},"graphName":"","isEnabled":true},"graphs":[]},"schema_type":null,"schema_type_options":null,"pillar_content":false,"robots_default":true,"robots_noindex":false,"robots_noarchive":false,"robots_nosnippet":false,"robots_nofollow":false,"robots_noimageindex":false,"robots_noodp":false,"robots_notranslate":false,"robots_max_snippet":null,"robots_max_videopreview":null,"robots_max_imagepreview":"large","priority":null,"frequency":null,"location":null,"local_seo":null,"seo_analyzer_scan_date":"2025-08-31 14:36:23","breadcrumb_settings":null,"limit_modified_date":false,"reviewed_by":null,"open_ai":null,"ai":null,"created":"2020-12-21 10:37:45","updated":"2025-08-31 14:36:23"},"aioseo_breadcrumb":"<div class=\"aioseo-breadcrumbs\"><span class=\"aioseo-breadcrumb\">\n\t<a href=\"https:\/\/candas365.es\/noticias\" title=\"Home\">Home<\/a>\n<\/span><span class=\"aioseo-breadcrumb-separator\">&ndash;<\/span><span class=\"aioseo-breadcrumb\">\n\t<a href=\"https:\/\/candas365.es\/noticias\/category\/noticias-carreno\/\" title=\"Noticias Carre\u00f1o\">Noticias Carre\u00f1o<\/a>\n<\/span><span class=\"aioseo-breadcrumb-separator\">&ndash;<\/span><span class=\"aioseo-breadcrumb\">\n\tCarre\u00f1o se beneficiar\u00e1 del Plan de ordenaci\u00f3n de las escuelas de 0 a 3 a\u00f1os\n<\/span><\/div>","aioseo_breadcrumb_json":[{"label":"Home","link":"https:\/\/candas365.es\/noticias"},{"label":"Noticias Carre\u00f1o","link":"https:\/\/candas365.es\/noticias\/category\/noticias-carreno\/"},{"label":"Carre\u00f1o se beneficiar\u00e1 del Plan de ordenaci\u00f3n de las escuelas de 0 a 3 a\u00f1os","link":"https:\/\/candas365.es\/noticias\/carreno-se-beneficiara-del-plan-de-ordenacion-de-las-escuelas-de-0-a-3-anos\/"}],"_links":{"self":[{"href":"https:\/\/candas365.es\/noticias\/wp-json\/wp\/v2\/posts\/149285","targetHints":{"allow":["GET"]}}],"collection":[{"href":"https:\/\/candas365.es\/noticias\/wp-json\/wp\/v2\/posts"}],"about":[{"href":"https:\/\/candas365.es\/noticias\/wp-json\/wp\/v2\/types\/post"}],"author":[{"embeddable":true,"href":"https:\/\/candas365.es\/noticias\/wp-json\/wp\/v2\/users\/1"}],"replies":[{"embeddable":true,"href":"https:\/\/candas365.es\/noticias\/wp-json\/wp\/v2\/comments?post=149285"}],"version-history":[{"count":0,"href":"https:\/\/candas365.es\/noticias\/wp-json\/wp\/v2\/posts\/149285\/revisions"}],"wp:featuredmedia":[{"embeddable":true,"href":"https:\/\/candas365.es\/noticias\/wp-json\/wp\/v2\/media\/149200"}],"wp:attachment":[{"href":"https:\/\/candas365.es\/noticias\/wp-json\/wp\/v2\/media?parent=149285"}],"wp:term":[{"taxonomy":"category","embeddable":true,"href":"https:\/\/candas365.es\/noticias\/wp-json\/wp\/v2\/categories?post=149285"},{"taxonomy":"post_tag","embeddable":true,"href":"https:\/\/candas365.es\/noticias\/wp-json\/wp\/v2\/tags?post=149285"}],"curies":[{"name":"wp","href":"https:\/\/api.w.org\/{rel}","templated":true}]}}