{"id":149258,"date":"2020-12-04T09:51:59","date_gmt":"2020-12-04T09:51:59","guid":{"rendered":"http:\/\/candas365.es\/noticias\/?p=149258"},"modified":"2020-12-04T09:51:59","modified_gmt":"2020-12-04T09:51:59","slug":"beyond-the-glacier-y-un-coche-cualquiera-preseleccionados-para-los-goya-2021","status":"publish","type":"post","link":"https:\/\/candas365.es\/noticias\/beyond-the-glacier-y-un-coche-cualquiera-preseleccionados-para-los-goya-2021\/","title":{"rendered":"\u00abBeyond the glacier\u00bb y \u00abUn coche cualquiera\u00bb preseleccionados para los Goya 2021"},"content":{"rendered":"<p><img fetchpriority=\"high\" decoding=\"async\" class=\"alignleft size-medium wp-image-102150\" src=\"https:\/\/candas365.es\/noticias\/wp-content\/uploads\/2018\/08\/film-3057394_960_720-360x203.jpg\" alt=\"\" width=\"360\" height=\"203\" srcset=\"https:\/\/candas365.es\/noticias\/wp-content\/uploads\/2018\/08\/film-3057394_960_720-360x203.jpg 360w, https:\/\/candas365.es\/noticias\/wp-content\/uploads\/2018\/08\/film-3057394_960_720-768x432.jpg 768w, https:\/\/candas365.es\/noticias\/wp-content\/uploads\/2018\/08\/film-3057394_960_720-655x368.jpg 655w, https:\/\/candas365.es\/noticias\/wp-content\/uploads\/2018\/08\/film-3057394_960_720-696x392.jpg 696w, https:\/\/candas365.es\/noticias\/wp-content\/uploads\/2018\/08\/film-3057394_960_720-747x420.jpg 747w, https:\/\/candas365.es\/noticias\/wp-content\/uploads\/2018\/08\/film-3057394_960_720.jpg 960w\" sizes=\"(max-width: 360px) 100vw, 360px\" \/>Los cortometrajes Beyond the glacier de David Rodr\u00edguez Mu\u00f1iz y Un coche cualquiera de David P. Sa\u00f1udo, que distribuye Laboral Cinemateca, han sido preseleccionados para competir en la 35 edici\u00f3n de los Premios Goya en las categor\u00edas de documental y ficci\u00f3n, respectivamente. Entran as\u00ed en la lista de trabajos que han de valorar los miembros de la Academia de las Artes y las Ciencias Cinematogr\u00e1ficas de Espa\u00f1a que, en las pr\u00f3ximas semanas, deber\u00e1n elegir los que, finalmente, optar\u00e1n a los Goya 2021.<\/p>\n<p>De cara a promocionar estos cortometrajes, Laboral Cinemateca ha programado un pase especial que contar\u00e1 con la presencia de ambos directores. Esta proyecci\u00f3n exclusiva para acad\u00e9micos tendr\u00e1 lugar el pr\u00f3ximo mi\u00e9rcoles 9 de diciembre a las 14:00 horas en la sala de proyecciones de la Academia de Cine en Madrid.<\/p>\n<p>Beyond the glacier es un emotivo documental con visi\u00f3n comprometida, ecol\u00f3gica, valiente y de extrema belleza, seleccionado en m\u00e1s de 50 festivales y ganador de los Premios al Mejor Documental en Contra el Silencio Todas las Voces (M\u00e9xico), en el Festival Internacional de Cine de Sax (Alicante) o en el Festival Internacional de Cine de Patagonia (Argentina), o del Premio Uno de los Nuestros del Certamen Internacional de Cine Ciudad de Soria o a Mejor Corto Asturiano en el Avil\u00e9s Acci\u00f3n Film Festival.<\/p>\n<p>Por su parte, Un coche cualquiera, que aproxima al espectador a la Espa\u00f1a de los 90 y que est\u00e1 protagonizado por \u00c1lvaro Cervantes, est\u00e1 considerado entre los quince t\u00edtulos de ficci\u00f3n m\u00e1s importantes del a\u00f1o y son numerosas las selecciones y premios en su haber: Gij\u00f3n\/Xix\u00f3n, Brest, ZINEBI, Bogoshorts (uno de los cert\u00e1menes m\u00e1s relevantes de Latinoam\u00e9rica), Medina del Campo\u2026<\/p>\n<h2>Nuevo trabajo en el cat\u00e1logo de Laboral Cinemateca Cortos<\/h2>\n<p>El cat\u00e1logo de cortometrajes Laboral Cinemateca Cortos incorpora para su distribuci\u00f3n el trabajo Still Hungry del cineasta gijon\u00e9s Elmer Guevara, que se alz\u00f3 con el premio que Laboral Cinemateca concede en el marco de la celebraci\u00f3n del Festival Internacional de Cine de Gij\u00f3n\/Xix\u00f3n. Esta pel\u00edcula, de 19 minutos de duraci\u00f3n, es una breve historia sobre la evoluci\u00f3n del skateboarding que nace en las calles de Gij\u00f3n\/Xix\u00f3n, en la que el director narra la historia de c\u00f3mo era la escena en la ciudad a finales de los a\u00f1os 80 y 90 hasta descubrir c\u00f3mo es en la actualidad.<\/p>\n<p>Los cortometrajes del cat\u00e1logo siguen su recorrido por diferentes festivales nacionales e internacionales y cosechando premios. Es el caso del \u00faltimo trabajo de Imanol Ortiz, Moda, que se ha alzado con el premio a Mejor Cortometraje Vasco en el Festival de Cine Fant\u00e1stico de Bilbao, Fant Bilbao, o de La sonrisa de los maniqu\u00eds de Asur Fuente, elegido Mejor Corto Internacional en el Festival Internacional de Cine de Suspenso, Terror y Sci-Fi SUSTEFEST de M\u00e9xico.<\/p>\n<p>Adem\u00e1s, tras su paso por los festivales de Gij\u00f3n\/Xix\u00f3n, M\u00e1laga o el Alcances de C\u00e1diz, Un fantasma recorre [\u2026], un cortometraje de Tito Montero, podr\u00e1 verse este mes en la secci\u00f3n oficial del Festival de Cine y Cortometrajes Cortogenial de Puente Genil (C\u00f3rdoba).<\/p>\n","protected":false},"excerpt":{"rendered":"<p>Los cortometrajes Beyond the glacier de David Rodr\u00edguez Mu\u00f1iz y Un coche cualquiera de David P. Sa\u00f1udo, que distribuye Laboral Cinemateca, han sido preseleccionados para competir en la 35 edici\u00f3n de los Premios Goya en las categor\u00edas de documental y ficci\u00f3n, respectivamente. Entran as\u00ed en la lista de trabajos que han de valorar los miembros<\/p>\n","protected":false},"author":1,"featured_media":102150,"comment_status":"closed","ping_status":"closed","sticky":false,"template":"","format":"standard","meta":{"footnotes":""},"categories":[142],"tags":[],"class_list":{"0":"post-149258","1":"post","2":"type-post","3":"status-publish","4":"format-standard","5":"has-post-thumbnail","7":"category-revista"},"aioseo_notices":[],"aioseo_head":"\n\t\t<!-- All in One SEO Pro 4.9.6.2 - aioseo.com -->\n\t<meta name=\"description\" content=\"Los cortometrajes Beyond the glacier de David Rodr\u00edguez Mu\u00f1iz y Un coche cualquiera han sido preseleccionados para la 35 edici\u00f3n de los Premios Goya\" \/>\n\t<meta name=\"robots\" content=\"max-image-preview:large\" \/>\n\t<meta name=\"author\" content=\"Cand\u00e1s 365\"\/>\n\t<meta name=\"google-site-verification\" content=\"UA-32230408-1\" \/>\n\t<meta name=\"msvalidate.01\" content=\"354F3CDFB2DA171B47FBE9ABF1F88D5\" \/>\n\t<meta name=\"keywords\" content=\"ocio,cine,premios,revista\" \/>\n\t<link rel=\"canonical\" href=\"https:\/\/candas365.es\/noticias\/beyond-the-glacier-y-un-coche-cualquiera-preseleccionados-para-los-goya-2021\/\" \/>\n\t<meta name=\"generator\" content=\"All in One SEO Pro (AIOSEO) 4.9.6.2\" \/>\n\t\t<meta property=\"og:locale\" content=\"es_ES\" \/>\n\t\t<meta property=\"og:site_name\" content=\"Cand\u00e1s 365\" \/>\n\t\t<meta property=\"og:type\" content=\"article\" \/>\n\t\t<meta property=\"og:title\" content=\"&quot;Beyond the glacier&quot; y &quot;Un coche cualquiera&quot; preseleccionados para los Goya 2021 | Cand\u00e1s 365\" \/>\n\t\t<meta property=\"og:description\" content=\"Los cortometrajes Beyond the glacier de David Rodr\u00edguez Mu\u00f1iz y Un coche cualquiera han sido preseleccionados para la 35 edici\u00f3n de los Premios Goya\" \/>\n\t\t<meta property=\"og:url\" content=\"https:\/\/candas365.es\/noticias\/beyond-the-glacier-y-un-coche-cualquiera-preseleccionados-para-los-goya-2021\/\" \/>\n\t\t<meta property=\"og:image\" content=\"https:\/\/candas365.es\/noticias\/wp-content\/uploads\/2018\/08\/film-3057394_960_720.jpg\" \/>\n\t\t<meta property=\"og:image:secure_url\" content=\"https:\/\/candas365.es\/noticias\/wp-content\/uploads\/2018\/08\/film-3057394_960_720.jpg\" \/>\n\t\t<meta property=\"og:image:width\" content=\"960\" \/>\n\t\t<meta property=\"og:image:height\" content=\"540\" \/>\n\t\t<meta property=\"article:published_time\" content=\"2020-12-04T09:51:59+00:00\" \/>\n\t\t<meta property=\"article:modified_time\" content=\"2020-12-04T09:51:59+00:00\" \/>\n\t\t<meta property=\"article:publisher\" content=\"https:\/\/www.facebook.com\/Nachofdezber\" \/>\n\t\t<meta property=\"article:author\" content=\"https:\/\/www.facebook.com\/carrenoactualidad\" \/>\n\t\t<meta name=\"twitter:card\" content=\"summary_large_image\" \/>\n\t\t<meta name=\"twitter:site\" content=\"@NabercoDigital\" \/>\n\t\t<meta name=\"twitter:title\" content=\"&quot;Beyond the glacier&quot; y &quot;Un coche cualquiera&quot; preseleccionados para los Goya 2021 | Cand\u00e1s 365\" \/>\n\t\t<meta name=\"twitter:description\" content=\"Los cortometrajes Beyond the glacier de David Rodr\u00edguez Mu\u00f1iz y Un coche cualquiera han sido preseleccionados para la 35 edici\u00f3n de los Premios Goya\" \/>\n\t\t<meta name=\"twitter:creator\" content=\"@nbasturias\" \/>\n\t\t<meta name=\"twitter:image\" content=\"https:\/\/candas365.es\/noticias\/wp-content\/uploads\/2018\/08\/film-3057394_960_720.jpg\" \/>\n\t\t<meta name=\"twitter:label1\" content=\"Escrito por\" \/>\n\t\t<meta name=\"twitter:data1\" content=\"Cand\u00e1s 365\" \/>\n\t\t<meta name=\"twitter:label2\" content=\"Tiempo de lectura estimado\" \/>\n\t\t<meta name=\"twitter:data2\" content=\"3 minutos\" \/>\n\t\t<script type=\"application\/ld+json\" class=\"aioseo-schema\">\n\t\t\t{\"@context\":\"https:\\\/\\\/schema.org\",\"@graph\":[{\"@type\":\"BreadcrumbList\",\"@id\":\"https:\\\/\\\/candas365.es\\\/noticias\\\/beyond-the-glacier-y-un-coche-cualquiera-preseleccionados-para-los-goya-2021\\\/#breadcrumblist\",\"itemListElement\":[{\"@type\":\"ListItem\",\"@id\":\"https:\\\/\\\/candas365.es\\\/noticias#listItem\",\"position\":1,\"name\":\"Home\",\"item\":\"https:\\\/\\\/candas365.es\\\/noticias\",\"nextItem\":{\"@type\":\"ListItem\",\"@id\":\"https:\\\/\\\/candas365.es\\\/noticias\\\/category\\\/revista\\\/#listItem\",\"name\":\"Revista\"}},{\"@type\":\"ListItem\",\"@id\":\"https:\\\/\\\/candas365.es\\\/noticias\\\/category\\\/revista\\\/#listItem\",\"position\":2,\"name\":\"Revista\",\"item\":\"https:\\\/\\\/candas365.es\\\/noticias\\\/category\\\/revista\\\/\",\"nextItem\":{\"@type\":\"ListItem\",\"@id\":\"https:\\\/\\\/candas365.es\\\/noticias\\\/beyond-the-glacier-y-un-coche-cualquiera-preseleccionados-para-los-goya-2021\\\/#listItem\",\"name\":\"\\u00abBeyond the glacier\\u00bb y \\u00abUn coche cualquiera\\u00bb preseleccionados para los Goya 2021\"},\"previousItem\":{\"@type\":\"ListItem\",\"@id\":\"https:\\\/\\\/candas365.es\\\/noticias#listItem\",\"name\":\"Home\"}},{\"@type\":\"ListItem\",\"@id\":\"https:\\\/\\\/candas365.es\\\/noticias\\\/beyond-the-glacier-y-un-coche-cualquiera-preseleccionados-para-los-goya-2021\\\/#listItem\",\"position\":3,\"name\":\"\\u00abBeyond the glacier\\u00bb y \\u00abUn coche cualquiera\\u00bb preseleccionados para los Goya 2021\",\"previousItem\":{\"@type\":\"ListItem\",\"@id\":\"https:\\\/\\\/candas365.es\\\/noticias\\\/category\\\/revista\\\/#listItem\",\"name\":\"Revista\"}}]},{\"@type\":\"NewsArticle\",\"@id\":\"https:\\\/\\\/candas365.es\\\/noticias\\\/beyond-the-glacier-y-un-coche-cualquiera-preseleccionados-para-los-goya-2021\\\/#newsarticle\",\"name\":\"\\\"Beyond the glacier\\\" y \\\"Un coche cualquiera\\\" preseleccionados para los Goya 2021 | Cand\\u00e1s 365\",\"headline\":\"\\u00abBeyond the glacier\\u00bb y \\u00abUn coche cualquiera\\u00bb preseleccionados para los Goya 2021\",\"author\":{\"@id\":\"https:\\\/\\\/candas365.es\\\/noticias\\\/author\\\/admin\\\/#author\"},\"publisher\":{\"@id\":\"https:\\\/\\\/candas365.es\\\/noticias\\\/#organization\"},\"image\":{\"@type\":\"ImageObject\",\"url\":\"https:\\\/\\\/candas365.es\\\/noticias\\\/wp-content\\\/uploads\\\/2018\\\/08\\\/film-3057394_960_720.jpg\",\"width\":960,\"height\":540},\"datePublished\":\"2020-12-04T09:51:59+01:00\",\"dateModified\":\"2020-12-04T09:51:59+01:00\",\"inLanguage\":\"es-ES\",\"mainEntityOfPage\":{\"@id\":\"https:\\\/\\\/candas365.es\\\/noticias\\\/beyond-the-glacier-y-un-coche-cualquiera-preseleccionados-para-los-goya-2021\\\/#webpage\"},\"isPartOf\":{\"@id\":\"https:\\\/\\\/candas365.es\\\/noticias\\\/beyond-the-glacier-y-un-coche-cualquiera-preseleccionados-para-los-goya-2021\\\/#webpage\"},\"articleSection\":\"Revista\",\"dateline\":\"Publicado el diciembre 4, 2020.\"},{\"@type\":\"Organization\",\"@id\":\"https:\\\/\\\/candas365.es\\\/noticias\\\/#organization\",\"name\":\"Cand\\u00e1s 365\",\"description\":\"Cand\\u00e1s 365 es un diario digital independiente, fundado en 2012, con base en Asturias. Informamos con rigor sobre actualidad, sociedad, cultura y ocio, con una mirada local y global.\",\"url\":\"https:\\\/\\\/candas365.es\\\/noticias\\\/\",\"email\":\"info@candas365.es\",\"telephone\":\"+34652131393\",\"foundingDate\":\"2012-06-10\",\"logo\":{\"@type\":\"ImageObject\",\"url\":\"https:\\\/\\\/candas365.es\\\/noticias\\\/wp-content\\\/uploads\\\/2024\\\/09\\\/Candas-365-Redes.jpg\",\"@id\":\"https:\\\/\\\/candas365.es\\\/noticias\\\/beyond-the-glacier-y-un-coche-cualquiera-preseleccionados-para-los-goya-2021\\\/#organizationLogo\",\"width\":1152,\"height\":864,\"caption\":\"Cand\\u00e1s 365 Redes\"},\"image\":{\"@id\":\"https:\\\/\\\/candas365.es\\\/noticias\\\/beyond-the-glacier-y-un-coche-cualquiera-preseleccionados-para-los-goya-2021\\\/#organizationLogo\"},\"sameAs\":[\"https:\\\/\\\/www.facebook.com\\\/Nachofdezber\",\"https:\\\/\\\/x.com\\\/NabercoDigital\",\"https:\\\/\\\/www.instagram.com\\\/nachofdezber\\\/\",\"https:\\\/\\\/www.youtube.com\\\/channel\\\/UCZP-2wLEB9Rv6erhFmqVnvg\"],\"address\":{\"@id\":\"https:\\\/\\\/candas365.es\\\/noticias\\\/#postaladdress\",\"@type\":\"PostalAddress\",\"streetAddress\":\"san antonio 4, san antonio 4\",\"postalCode\":\"33430\",\"addressLocality\":\"Cand\\u00e1s\",\"addressRegion\":\"Asturias\",\"addressCountry\":\"ES\"}},{\"@type\":\"Person\",\"@id\":\"https:\\\/\\\/candas365.es\\\/noticias\\\/author\\\/admin\\\/#author\",\"url\":\"https:\\\/\\\/candas365.es\\\/noticias\\\/author\\\/admin\\\/\",\"name\":\"Cand\\u00e1s 365\",\"image\":{\"@type\":\"ImageObject\",\"@id\":\"https:\\\/\\\/candas365.es\\\/noticias\\\/beyond-the-glacier-y-un-coche-cualquiera-preseleccionados-para-los-goya-2021\\\/#authorImage\",\"url\":\"https:\\\/\\\/secure.gravatar.com\\\/avatar\\\/496a8e03d0c493ede1718b7934145dbdf8d89be1036b0eec9544e1094c9de390?s=96&d=mm&r=g\",\"width\":96,\"height\":96,\"caption\":\"Cand\\u00e1s 365\"},\"sameAs\":[\"https:\\\/\\\/www.facebook.com\\\/carrenoactualidad\",\"https:\\\/\\\/twitter.com\\\/nbasturias\",\"https:\\\/\\\/www.instagram.com\\\/nachofdezber\\\/\",\"https:\\\/\\\/www.youtube.com\\\/channel\\\/UCZP-2wLEB9Rv6erhFmqVnvg\"]},{\"@type\":\"WebPage\",\"@id\":\"https:\\\/\\\/candas365.es\\\/noticias\\\/beyond-the-glacier-y-un-coche-cualquiera-preseleccionados-para-los-goya-2021\\\/#webpage\",\"url\":\"https:\\\/\\\/candas365.es\\\/noticias\\\/beyond-the-glacier-y-un-coche-cualquiera-preseleccionados-para-los-goya-2021\\\/\",\"name\":\"\\\"Beyond the glacier\\\" y \\\"Un coche cualquiera\\\" preseleccionados para los Goya 2021 | Cand\\u00e1s 365\",\"description\":\"Los cortometrajes Beyond the glacier de David Rodr\\u00edguez Mu\\u00f1iz y Un coche cualquiera han sido preseleccionados para la 35 edici\\u00f3n de los Premios Goya\",\"inLanguage\":\"es-ES\",\"isPartOf\":{\"@id\":\"https:\\\/\\\/candas365.es\\\/noticias\\\/#website\"},\"breadcrumb\":{\"@id\":\"https:\\\/\\\/candas365.es\\\/noticias\\\/beyond-the-glacier-y-un-coche-cualquiera-preseleccionados-para-los-goya-2021\\\/#breadcrumblist\"},\"author\":{\"@id\":\"https:\\\/\\\/candas365.es\\\/noticias\\\/author\\\/admin\\\/#author\"},\"creator\":{\"@id\":\"https:\\\/\\\/candas365.es\\\/noticias\\\/author\\\/admin\\\/#author\"},\"image\":{\"@type\":\"ImageObject\",\"url\":\"https:\\\/\\\/candas365.es\\\/noticias\\\/wp-content\\\/uploads\\\/2018\\\/08\\\/film-3057394_960_720.jpg\",\"@id\":\"https:\\\/\\\/candas365.es\\\/noticias\\\/beyond-the-glacier-y-un-coche-cualquiera-preseleccionados-para-los-goya-2021\\\/#mainImage\",\"width\":960,\"height\":540},\"primaryImageOfPage\":{\"@id\":\"https:\\\/\\\/candas365.es\\\/noticias\\\/beyond-the-glacier-y-un-coche-cualquiera-preseleccionados-para-los-goya-2021\\\/#mainImage\"},\"datePublished\":\"2020-12-04T09:51:59+01:00\",\"dateModified\":\"2020-12-04T09:51:59+01:00\"},{\"@type\":\"WebSite\",\"@id\":\"https:\\\/\\\/candas365.es\\\/noticias\\\/#website\",\"url\":\"https:\\\/\\\/candas365.es\\\/noticias\\\/\",\"name\":\"Cand\\u00e1s 365\",\"alternateName\":\"Cand\\u00e1s 365 Noticias\",\"description\":\"Actualidad desde Carre\\u00f1o para el mundo\",\"inLanguage\":\"es-ES\",\"publisher\":{\"@id\":\"https:\\\/\\\/candas365.es\\\/noticias\\\/#organization\"}}]}\n\t\t<\/script>\n\t\t<!-- All in One SEO Pro -->\r\n\t\t<title>&quot;Beyond the glacier&quot; y &quot;Un coche cualquiera&quot; preseleccionados para los Goya 2021 | Cand\u00e1s 365<\/title>\n\n","aioseo_head_json":{"title":"\"Beyond the glacier\" y \"Un coche cualquiera\" preseleccionados para los Goya 2021 | Cand\u00e1s 365","description":"Los cortometrajes Beyond the glacier de David Rodr\u00edguez Mu\u00f1iz y Un coche cualquiera han sido preseleccionados para la 35 edici\u00f3n de los Premios Goya","canonical_url":"https:\/\/candas365.es\/noticias\/beyond-the-glacier-y-un-coche-cualquiera-preseleccionados-para-los-goya-2021\/","robots":"max-image-preview:large","keywords":"ocio,cine,premios,revista","webmasterTools":{"google-site-verification":"UA-32230408-1","msvalidate.01":"354F3CDFB2DA171B47FBE9ABF1F88D5","miscellaneous":""},"schema":{"@context":"https:\/\/schema.org","@graph":[{"@type":"BreadcrumbList","@id":"https:\/\/candas365.es\/noticias\/beyond-the-glacier-y-un-coche-cualquiera-preseleccionados-para-los-goya-2021\/#breadcrumblist","itemListElement":[{"@type":"ListItem","@id":"https:\/\/candas365.es\/noticias#listItem","position":1,"name":"Home","item":"https:\/\/candas365.es\/noticias","nextItem":{"@type":"ListItem","@id":"https:\/\/candas365.es\/noticias\/category\/revista\/#listItem","name":"Revista"}},{"@type":"ListItem","@id":"https:\/\/candas365.es\/noticias\/category\/revista\/#listItem","position":2,"name":"Revista","item":"https:\/\/candas365.es\/noticias\/category\/revista\/","nextItem":{"@type":"ListItem","@id":"https:\/\/candas365.es\/noticias\/beyond-the-glacier-y-un-coche-cualquiera-preseleccionados-para-los-goya-2021\/#listItem","name":"\u00abBeyond the glacier\u00bb y \u00abUn coche cualquiera\u00bb preseleccionados para los Goya 2021"},"previousItem":{"@type":"ListItem","@id":"https:\/\/candas365.es\/noticias#listItem","name":"Home"}},{"@type":"ListItem","@id":"https:\/\/candas365.es\/noticias\/beyond-the-glacier-y-un-coche-cualquiera-preseleccionados-para-los-goya-2021\/#listItem","position":3,"name":"\u00abBeyond the glacier\u00bb y \u00abUn coche cualquiera\u00bb preseleccionados para los Goya 2021","previousItem":{"@type":"ListItem","@id":"https:\/\/candas365.es\/noticias\/category\/revista\/#listItem","name":"Revista"}}]},{"@type":"NewsArticle","@id":"https:\/\/candas365.es\/noticias\/beyond-the-glacier-y-un-coche-cualquiera-preseleccionados-para-los-goya-2021\/#newsarticle","name":"\"Beyond the glacier\" y \"Un coche cualquiera\" preseleccionados para los Goya 2021 | Cand\u00e1s 365","headline":"\u00abBeyond the glacier\u00bb y \u00abUn coche cualquiera\u00bb preseleccionados para los Goya 2021","author":{"@id":"https:\/\/candas365.es\/noticias\/author\/admin\/#author"},"publisher":{"@id":"https:\/\/candas365.es\/noticias\/#organization"},"image":{"@type":"ImageObject","url":"https:\/\/candas365.es\/noticias\/wp-content\/uploads\/2018\/08\/film-3057394_960_720.jpg","width":960,"height":540},"datePublished":"2020-12-04T09:51:59+01:00","dateModified":"2020-12-04T09:51:59+01:00","inLanguage":"es-ES","mainEntityOfPage":{"@id":"https:\/\/candas365.es\/noticias\/beyond-the-glacier-y-un-coche-cualquiera-preseleccionados-para-los-goya-2021\/#webpage"},"isPartOf":{"@id":"https:\/\/candas365.es\/noticias\/beyond-the-glacier-y-un-coche-cualquiera-preseleccionados-para-los-goya-2021\/#webpage"},"articleSection":"Revista","dateline":"Publicado el diciembre 4, 2020."},{"@type":"Organization","@id":"https:\/\/candas365.es\/noticias\/#organization","name":"Cand\u00e1s 365","description":"Cand\u00e1s 365 es un diario digital independiente, fundado en 2012, con base en Asturias. Informamos con rigor sobre actualidad, sociedad, cultura y ocio, con una mirada local y global.","url":"https:\/\/candas365.es\/noticias\/","email":"info@candas365.es","telephone":"+34652131393","foundingDate":"2012-06-10","logo":{"@type":"ImageObject","url":"https:\/\/candas365.es\/noticias\/wp-content\/uploads\/2024\/09\/Candas-365-Redes.jpg","@id":"https:\/\/candas365.es\/noticias\/beyond-the-glacier-y-un-coche-cualquiera-preseleccionados-para-los-goya-2021\/#organizationLogo","width":1152,"height":864,"caption":"Cand\u00e1s 365 Redes"},"image":{"@id":"https:\/\/candas365.es\/noticias\/beyond-the-glacier-y-un-coche-cualquiera-preseleccionados-para-los-goya-2021\/#organizationLogo"},"sameAs":["https:\/\/www.facebook.com\/Nachofdezber","https:\/\/x.com\/NabercoDigital","https:\/\/www.instagram.com\/nachofdezber\/","https:\/\/www.youtube.com\/channel\/UCZP-2wLEB9Rv6erhFmqVnvg"],"address":{"@id":"https:\/\/candas365.es\/noticias\/#postaladdress","@type":"PostalAddress","streetAddress":"san antonio 4, san antonio 4","postalCode":"33430","addressLocality":"Cand\u00e1s","addressRegion":"Asturias","addressCountry":"ES"}},{"@type":"Person","@id":"https:\/\/candas365.es\/noticias\/author\/admin\/#author","url":"https:\/\/candas365.es\/noticias\/author\/admin\/","name":"Cand\u00e1s 365","image":{"@type":"ImageObject","@id":"https:\/\/candas365.es\/noticias\/beyond-the-glacier-y-un-coche-cualquiera-preseleccionados-para-los-goya-2021\/#authorImage","url":"https:\/\/secure.gravatar.com\/avatar\/496a8e03d0c493ede1718b7934145dbdf8d89be1036b0eec9544e1094c9de390?s=96&d=mm&r=g","width":96,"height":96,"caption":"Cand\u00e1s 365"},"sameAs":["https:\/\/www.facebook.com\/carrenoactualidad","https:\/\/twitter.com\/nbasturias","https:\/\/www.instagram.com\/nachofdezber\/","https:\/\/www.youtube.com\/channel\/UCZP-2wLEB9Rv6erhFmqVnvg"]},{"@type":"WebPage","@id":"https:\/\/candas365.es\/noticias\/beyond-the-glacier-y-un-coche-cualquiera-preseleccionados-para-los-goya-2021\/#webpage","url":"https:\/\/candas365.es\/noticias\/beyond-the-glacier-y-un-coche-cualquiera-preseleccionados-para-los-goya-2021\/","name":"\"Beyond the glacier\" y \"Un coche cualquiera\" preseleccionados para los Goya 2021 | Cand\u00e1s 365","description":"Los cortometrajes Beyond the glacier de David Rodr\u00edguez Mu\u00f1iz y Un coche cualquiera han sido preseleccionados para la 35 edici\u00f3n de los Premios Goya","inLanguage":"es-ES","isPartOf":{"@id":"https:\/\/candas365.es\/noticias\/#website"},"breadcrumb":{"@id":"https:\/\/candas365.es\/noticias\/beyond-the-glacier-y-un-coche-cualquiera-preseleccionados-para-los-goya-2021\/#breadcrumblist"},"author":{"@id":"https:\/\/candas365.es\/noticias\/author\/admin\/#author"},"creator":{"@id":"https:\/\/candas365.es\/noticias\/author\/admin\/#author"},"image":{"@type":"ImageObject","url":"https:\/\/candas365.es\/noticias\/wp-content\/uploads\/2018\/08\/film-3057394_960_720.jpg","@id":"https:\/\/candas365.es\/noticias\/beyond-the-glacier-y-un-coche-cualquiera-preseleccionados-para-los-goya-2021\/#mainImage","width":960,"height":540},"primaryImageOfPage":{"@id":"https:\/\/candas365.es\/noticias\/beyond-the-glacier-y-un-coche-cualquiera-preseleccionados-para-los-goya-2021\/#mainImage"},"datePublished":"2020-12-04T09:51:59+01:00","dateModified":"2020-12-04T09:51:59+01:00"},{"@type":"WebSite","@id":"https:\/\/candas365.es\/noticias\/#website","url":"https:\/\/candas365.es\/noticias\/","name":"Cand\u00e1s 365","alternateName":"Cand\u00e1s 365 Noticias","description":"Actualidad desde Carre\u00f1o para el mundo","inLanguage":"es-ES","publisher":{"@id":"https:\/\/candas365.es\/noticias\/#organization"}}]},"og:locale":"es_ES","og:site_name":"Cand\u00e1s 365","og:type":"article","og:title":"&quot;Beyond the glacier&quot; y &quot;Un coche cualquiera&quot; preseleccionados para los Goya 2021 | Cand\u00e1s 365","og:description":"Los cortometrajes Beyond the glacier de David Rodr\u00edguez Mu\u00f1iz y Un coche cualquiera han sido preseleccionados para la 35 edici\u00f3n de los Premios Goya","og:url":"https:\/\/candas365.es\/noticias\/beyond-the-glacier-y-un-coche-cualquiera-preseleccionados-para-los-goya-2021\/","og:image":"https:\/\/candas365.es\/noticias\/wp-content\/uploads\/2018\/08\/film-3057394_960_720.jpg","og:image:secure_url":"https:\/\/candas365.es\/noticias\/wp-content\/uploads\/2018\/08\/film-3057394_960_720.jpg","og:image:width":960,"og:image:height":540,"article:published_time":"2020-12-04T09:51:59+00:00","article:modified_time":"2020-12-04T09:51:59+00:00","article:publisher":"https:\/\/www.facebook.com\/Nachofdezber","article:author":"https:\/\/www.facebook.com\/carrenoactualidad","twitter:card":"summary_large_image","twitter:site":"@NabercoDigital","twitter:title":"&quot;Beyond the glacier&quot; y &quot;Un coche cualquiera&quot; preseleccionados para los Goya 2021 | Cand\u00e1s 365","twitter:description":"Los cortometrajes Beyond the glacier de David Rodr\u00edguez Mu\u00f1iz y Un coche cualquiera han sido preseleccionados para la 35 edici\u00f3n de los Premios Goya","twitter:creator":"@nbasturias","twitter:image":"https:\/\/candas365.es\/noticias\/wp-content\/uploads\/2018\/08\/film-3057394_960_720.jpg","twitter:label1":"Escrito por","twitter:data1":"Cand\u00e1s 365","twitter:label2":"Tiempo de lectura estimado","twitter:data2":"3 minutos"},"aioseo_meta_data":{"post_id":"149258","title":"&quot;Beyond the glacier&quot; y &quot;Un coche cualquiera&quot; preseleccionados para los Goya 2021 | #site_title","description":"Los cortometrajes Beyond the glacier de David Rodr\u00edguez Mu\u00f1iz y Un coche cualquiera han sido preseleccionados para la 35 edici\u00f3n de los Premios Goya","keywords":[{"label":"Ocio","value":"Ocio"},{"label":"cine","value":"cine"},{"label":"premios","value":"premios"}],"keyphrases":null,"primary_term":null,"canonical_url":"","og_title":null,"og_description":null,"og_object_type":"default","og_image_type":"default","og_image_url":null,"og_image_width":null,"og_image_height":null,"og_image_custom_url":null,"og_image_custom_fields":null,"og_video":null,"og_custom_url":null,"og_article_section":null,"og_article_tags":null,"twitter_use_og":false,"twitter_card":"default","twitter_image_type":"default","twitter_image_url":null,"twitter_image_custom_url":null,"twitter_image_custom_fields":null,"twitter_title":null,"twitter_description":null,"schema":{"blockGraphs":[],"customGraphs":[],"default":{"data":{"Article":[],"Course":[],"Dataset":[],"FAQPage":[],"Movie":[],"Person":[],"Product":[],"ProductReview":[],"Car":[],"Recipe":[],"Service":[],"SoftwareApplication":[],"WebPage":[]},"graphName":"","isEnabled":true},"graphs":[],"defaultGraph":"","defaultPostTypeGraph":""},"schema_type":null,"schema_type_options":null,"pillar_content":false,"robots_default":true,"robots_noindex":false,"robots_noarchive":false,"robots_nosnippet":false,"robots_nofollow":false,"robots_noimageindex":false,"robots_noodp":false,"robots_notranslate":false,"robots_max_snippet":null,"robots_max_videopreview":null,"robots_max_imagepreview":"large","priority":null,"frequency":null,"location":null,"local_seo":null,"seo_analyzer_scan_date":"2025-08-31 14:35:12","breadcrumb_settings":null,"limit_modified_date":false,"reviewed_by":null,"open_ai":null,"ai":null,"created":"2020-12-21 10:37:56","updated":"2025-08-31 14:35:12"},"aioseo_breadcrumb":"<div class=\"aioseo-breadcrumbs\"><span class=\"aioseo-breadcrumb\">\n\t<a href=\"https:\/\/candas365.es\/noticias\" title=\"Home\">Home<\/a>\n<\/span><span class=\"aioseo-breadcrumb-separator\">&ndash;<\/span><span class=\"aioseo-breadcrumb\">\n\t<a href=\"https:\/\/candas365.es\/noticias\/category\/revista\/\" title=\"Revista\">Revista<\/a>\n<\/span><span class=\"aioseo-breadcrumb-separator\">&ndash;<\/span><span class=\"aioseo-breadcrumb\">\n\t\u00abBeyond the glacier\u00bb y \u00abUn coche cualquiera\u00bb preseleccionados para los Goya 2021\n<\/span><\/div>","aioseo_breadcrumb_json":[{"label":"Home","link":"https:\/\/candas365.es\/noticias"},{"label":"Revista","link":"https:\/\/candas365.es\/noticias\/category\/revista\/"},{"label":"\u00abBeyond the glacier\u00bb y \u00abUn coche cualquiera\u00bb preseleccionados para los Goya 2021","link":"https:\/\/candas365.es\/noticias\/beyond-the-glacier-y-un-coche-cualquiera-preseleccionados-para-los-goya-2021\/"}],"_links":{"self":[{"href":"https:\/\/candas365.es\/noticias\/wp-json\/wp\/v2\/posts\/149258","targetHints":{"allow":["GET"]}}],"collection":[{"href":"https:\/\/candas365.es\/noticias\/wp-json\/wp\/v2\/posts"}],"about":[{"href":"https:\/\/candas365.es\/noticias\/wp-json\/wp\/v2\/types\/post"}],"author":[{"embeddable":true,"href":"https:\/\/candas365.es\/noticias\/wp-json\/wp\/v2\/users\/1"}],"replies":[{"embeddable":true,"href":"https:\/\/candas365.es\/noticias\/wp-json\/wp\/v2\/comments?post=149258"}],"version-history":[{"count":0,"href":"https:\/\/candas365.es\/noticias\/wp-json\/wp\/v2\/posts\/149258\/revisions"}],"wp:featuredmedia":[{"embeddable":true,"href":"https:\/\/candas365.es\/noticias\/wp-json\/wp\/v2\/media\/102150"}],"wp:attachment":[{"href":"https:\/\/candas365.es\/noticias\/wp-json\/wp\/v2\/media?parent=149258"}],"wp:term":[{"taxonomy":"category","embeddable":true,"href":"https:\/\/candas365.es\/noticias\/wp-json\/wp\/v2\/categories?post=149258"},{"taxonomy":"post_tag","embeddable":true,"href":"https:\/\/candas365.es\/noticias\/wp-json\/wp\/v2\/tags?post=149258"}],"curies":[{"name":"wp","href":"https:\/\/api.w.org\/{rel}","templated":true}]}}