{"id":149196,"date":"2020-12-03T15:18:13","date_gmt":"2020-12-03T15:18:13","guid":{"rendered":"http:\/\/candas365.es\/noticias\/?p=149196"},"modified":"2020-12-03T15:18:13","modified_gmt":"2020-12-03T15:18:13","slug":"candas-luce-bien-campana-de-poda","status":"publish","type":"post","link":"https:\/\/candas365.es\/noticias\/candas-luce-bien-campana-de-poda\/","title":{"rendered":"Cand\u00e1s luce bien: Campa\u00f1a de poda"},"content":{"rendered":"<figure id=\"attachment_149197\" aria-describedby=\"caption-attachment-149197\" style=\"width: 360px\" class=\"wp-caption alignleft\"><img fetchpriority=\"high\" decoding=\"async\" class=\"size-medium wp-image-149197\" src=\"https:\/\/candas365.es\/noticias\/wp-content\/uploads\/2020\/12\/Candas-Pasein-360x244.jpg\" alt=\"\" width=\"360\" height=\"244\" srcset=\"https:\/\/candas365.es\/noticias\/wp-content\/uploads\/2020\/12\/Candas-Pasein-360x244.jpg 360w, https:\/\/candas365.es\/noticias\/wp-content\/uploads\/2020\/12\/Candas-Pasein-650x440.jpg 650w, https:\/\/candas365.es\/noticias\/wp-content\/uploads\/2020\/12\/Candas-Pasein-768x520.jpg 768w, https:\/\/candas365.es\/noticias\/wp-content\/uploads\/2020\/12\/Candas-Pasein.jpg 980w\" sizes=\"(max-width: 360px) 100vw, 360px\" \/><figcaption id=\"caption-attachment-149197\" class=\"wp-caption-text\">Foto: Ayuntamiento de Carre\u00f1o<\/figcaption><\/figure>\n<p>El cambio de color en las hojas de los \u00e1rboles, de verdes pasan en unos casos a un tono rojizo y en otros amarillento nos recuerda que es tiempo de poda. Una \u00e9poca en la que la vegetaci\u00f3n se acerca al final de su ciclo y en algunos casos es necesario acometer una serie de labores con las que preparar a los \u00e1rboles para afrontar las g\u00e9lidas temperaturas del invierno.<\/p>\n<p>En los \u00e1rboles ornamentales existen tres tipos de poda: formaci\u00f3n, la que se hace durante los primeros a\u00f1os tras la plantaci\u00f3n; excepcional, aquella que sirve para reducir el volumen de la copa; y de mantenimiento, la que se hace durante toda la vida del ejemplar para eliminar aquellos elementos indeseables. Siendo este \u00faltimo tipo de poda la que se lleva a cabo estos d\u00edas por los servicios municipales.<\/p>\n<p>\u201cUn equipo formado por cuatro personas pertenecientes al servicio municipal de parques y jardines es el encargado de realizar esta tarea. Unos trabajos que se hacen de forma manual y en el que, con el objetivo de dotar al personal de los medios necesarios para tal fin, siguiendo las indicaciones de la Jefatura del Servicio, se adquirieron una mini podadoras el\u00e9ctricas que facilitar\u00e1n ese trabajo manual\u201d explic\u00f3 se\u00f1al\u00f3 Jes\u00fas Varela, concejal de obras.<\/p>\n<p>\u201cLos trabajos a realizar consisten en la eliminaci\u00f3n de los elementos indeseables de las plantas como ramas secas o muertas, tocones, ramas en riesgo de roturas o demasiadas largas,\u2026 Dos son las especies sobre las que se realiza este saneamiento, los \u201cpl\u00e1tanos londinenses\u201d o de \u201csombra\u201d y los \u201cmagnolios\u201d con los que contribuir a alargar su vida\u201d prosigui\u00f3 Varela.<\/p>\n<p>\u201cEl \u201cpl\u00e1tano londinense\u201d es un \u00e1rbol de ramas abiertas y amplia copa. Es un \u00e1rbol muy longevo y resistente, siendo uno de los \u00e1rboles de parques y jardines m\u00e1s utilizados por la sombra que proporcionan. Mientras que el \u201cmagnolio\u201d es una especie tambi\u00e9n muy longeva, adem\u00e1s de decorativo por su follaje ovalado, grande, lustroso y de color verde. Ejemplos de estas dos especies arb\u00f3reas las tenemos en la arboleda de El Pase\u00edn para el \u201cpl\u00e1tano londinense\u201d o el \u201cmagnolio\u201d que se encuentra en la Plazoleta de El Nodo\u201d relat\u00f3 el responsable del \u00e1rea.<\/p>\n<p>\u201cSiguiendo el plan de poda anual, hoy se concluir\u00e1 con la poda de la arboleda de El Pase\u00edn. Una vez finalizada esta zona, el equipo de poda iniciar\u00e1 los trabajos en la arboleda de la calle Bernardo Alfageme para a continuaci\u00f3n proseguir por las diferentes calles y plazas de las Villa: Carlos Albo, Parque Santar\u00faa y Conserveres, Pardies,\u2026\u201d finaliz\u00f3 el Concejal.<\/p>\n<p>&nbsp;<\/p>\n","protected":false},"excerpt":{"rendered":"<p>El cambio de color en las hojas de los \u00e1rboles, de verdes pasan en unos casos a un tono rojizo y en otros amarillento nos recuerda que es tiempo de poda. Una \u00e9poca en la que la vegetaci\u00f3n se acerca al final de su ciclo y en algunos casos es necesario acometer una serie de<\/p>\n","protected":false},"author":1,"featured_media":149197,"comment_status":"closed","ping_status":"closed","sticky":false,"template":"","format":"standard","meta":{"footnotes":""},"categories":[2],"tags":[],"class_list":{"0":"post-149196","1":"post","2":"type-post","3":"status-publish","4":"format-standard","5":"has-post-thumbnail","7":"category-noticias-carreno"},"aioseo_notices":[],"aioseo_head":"\n\t\t<!-- All in One SEO Pro 4.9.6.2 - aioseo.com -->\n\t<meta name=\"description\" content=\"Los trabajos a realizar consisten en la eliminaci\u00f3n de los elementos indeseables de las plantas como ramas secas o muertas\" \/>\n\t<meta name=\"robots\" content=\"max-image-preview:large\" \/>\n\t<meta name=\"author\" content=\"Cand\u00e1s 365\"\/>\n\t<meta name=\"google-site-verification\" content=\"UA-32230408-1\" \/>\n\t<meta name=\"msvalidate.01\" content=\"354F3CDFB2DA171B47FBE9ABF1F88D5\" \/>\n\t<meta name=\"keywords\" content=\"noticias cand\u00e1s,carre\u00f1o,noticias carre\u00f1o\" \/>\n\t<link rel=\"canonical\" href=\"https:\/\/candas365.es\/noticias\/candas-luce-bien-campana-de-poda\/\" \/>\n\t<meta name=\"generator\" content=\"All in One SEO Pro (AIOSEO) 4.9.6.2\" \/>\n\t\t<meta property=\"og:locale\" content=\"es_ES\" \/>\n\t\t<meta property=\"og:site_name\" content=\"Cand\u00e1s 365\" \/>\n\t\t<meta property=\"og:type\" content=\"article\" \/>\n\t\t<meta property=\"og:title\" content=\"Cand\u00e1s luce bien: Campa\u00f1a de poda | Cand\u00e1s 365\" \/>\n\t\t<meta property=\"og:description\" content=\"Los trabajos a realizar consisten en la eliminaci\u00f3n de los elementos indeseables de las plantas como ramas secas o muertas\" \/>\n\t\t<meta property=\"og:url\" content=\"https:\/\/candas365.es\/noticias\/candas-luce-bien-campana-de-poda\/\" \/>\n\t\t<meta property=\"og:image\" content=\"https:\/\/candas365.es\/noticias\/wp-content\/uploads\/2020\/12\/Candas-Pasein.jpg\" \/>\n\t\t<meta property=\"og:image:secure_url\" content=\"https:\/\/candas365.es\/noticias\/wp-content\/uploads\/2020\/12\/Candas-Pasein.jpg\" \/>\n\t\t<meta property=\"og:image:width\" content=\"980\" \/>\n\t\t<meta property=\"og:image:height\" content=\"663\" \/>\n\t\t<meta property=\"article:published_time\" content=\"2020-12-03T15:18:13+00:00\" \/>\n\t\t<meta property=\"article:modified_time\" content=\"2020-12-03T15:18:13+00:00\" \/>\n\t\t<meta property=\"article:publisher\" content=\"https:\/\/www.facebook.com\/Nachofdezber\" \/>\n\t\t<meta property=\"article:author\" content=\"https:\/\/www.facebook.com\/carrenoactualidad\" \/>\n\t\t<meta name=\"twitter:card\" content=\"summary_large_image\" \/>\n\t\t<meta name=\"twitter:site\" content=\"@NabercoDigital\" \/>\n\t\t<meta name=\"twitter:title\" content=\"Cand\u00e1s luce bien: Campa\u00f1a de poda | Cand\u00e1s 365\" \/>\n\t\t<meta name=\"twitter:description\" content=\"Los trabajos a realizar consisten en la eliminaci\u00f3n de los elementos indeseables de las plantas como ramas secas o muertas\" \/>\n\t\t<meta name=\"twitter:creator\" content=\"@nbasturias\" \/>\n\t\t<meta name=\"twitter:image\" content=\"https:\/\/candas365.es\/noticias\/wp-content\/uploads\/2020\/12\/Candas-Pasein.jpg\" \/>\n\t\t<meta name=\"twitter:label1\" content=\"Escrito por\" \/>\n\t\t<meta name=\"twitter:data1\" content=\"Cand\u00e1s 365\" \/>\n\t\t<meta name=\"twitter:label2\" content=\"Tiempo de lectura estimado\" \/>\n\t\t<meta name=\"twitter:data2\" content=\"2 minutos\" \/>\n\t\t<script type=\"application\/ld+json\" class=\"aioseo-schema\">\n\t\t\t{\"@context\":\"https:\\\/\\\/schema.org\",\"@graph\":[{\"@type\":\"BreadcrumbList\",\"@id\":\"https:\\\/\\\/candas365.es\\\/noticias\\\/candas-luce-bien-campana-de-poda\\\/#breadcrumblist\",\"itemListElement\":[{\"@type\":\"ListItem\",\"@id\":\"https:\\\/\\\/candas365.es\\\/noticias#listItem\",\"position\":1,\"name\":\"Home\",\"item\":\"https:\\\/\\\/candas365.es\\\/noticias\",\"nextItem\":{\"@type\":\"ListItem\",\"@id\":\"https:\\\/\\\/candas365.es\\\/noticias\\\/category\\\/noticias-carreno\\\/#listItem\",\"name\":\"Noticias Carre\\u00f1o\"}},{\"@type\":\"ListItem\",\"@id\":\"https:\\\/\\\/candas365.es\\\/noticias\\\/category\\\/noticias-carreno\\\/#listItem\",\"position\":2,\"name\":\"Noticias Carre\\u00f1o\",\"item\":\"https:\\\/\\\/candas365.es\\\/noticias\\\/category\\\/noticias-carreno\\\/\",\"nextItem\":{\"@type\":\"ListItem\",\"@id\":\"https:\\\/\\\/candas365.es\\\/noticias\\\/candas-luce-bien-campana-de-poda\\\/#listItem\",\"name\":\"Cand\\u00e1s luce bien: Campa\\u00f1a de poda\"},\"previousItem\":{\"@type\":\"ListItem\",\"@id\":\"https:\\\/\\\/candas365.es\\\/noticias#listItem\",\"name\":\"Home\"}},{\"@type\":\"ListItem\",\"@id\":\"https:\\\/\\\/candas365.es\\\/noticias\\\/candas-luce-bien-campana-de-poda\\\/#listItem\",\"position\":3,\"name\":\"Cand\\u00e1s luce bien: Campa\\u00f1a de poda\",\"previousItem\":{\"@type\":\"ListItem\",\"@id\":\"https:\\\/\\\/candas365.es\\\/noticias\\\/category\\\/noticias-carreno\\\/#listItem\",\"name\":\"Noticias Carre\\u00f1o\"}}]},{\"@type\":\"NewsArticle\",\"@id\":\"https:\\\/\\\/candas365.es\\\/noticias\\\/candas-luce-bien-campana-de-poda\\\/#newsarticle\",\"name\":\"Cand\\u00e1s luce bien: Campa\\u00f1a de poda | Cand\\u00e1s 365\",\"headline\":\"Cand\\u00e1s luce bien: Campa\\u00f1a de poda\",\"author\":{\"@id\":\"https:\\\/\\\/candas365.es\\\/noticias\\\/author\\\/admin\\\/#author\"},\"publisher\":{\"@id\":\"https:\\\/\\\/candas365.es\\\/noticias\\\/#organization\"},\"image\":{\"@type\":\"ImageObject\",\"url\":\"https:\\\/\\\/candas365.es\\\/noticias\\\/wp-content\\\/uploads\\\/2020\\\/12\\\/Candas-Pasein.jpg\",\"width\":980,\"height\":663,\"caption\":\"Foto: Ayuntamiento de Carre\\u00f1o\"},\"datePublished\":\"2020-12-03T15:18:13+01:00\",\"dateModified\":\"2020-12-03T15:18:13+01:00\",\"inLanguage\":\"es-ES\",\"mainEntityOfPage\":{\"@id\":\"https:\\\/\\\/candas365.es\\\/noticias\\\/candas-luce-bien-campana-de-poda\\\/#webpage\"},\"isPartOf\":{\"@id\":\"https:\\\/\\\/candas365.es\\\/noticias\\\/candas-luce-bien-campana-de-poda\\\/#webpage\"},\"articleSection\":\"Noticias Carre\\u00f1o\",\"dateline\":\"Publicado el diciembre 3, 2020.\"},{\"@type\":\"Organization\",\"@id\":\"https:\\\/\\\/candas365.es\\\/noticias\\\/#organization\",\"name\":\"Cand\\u00e1s 365\",\"description\":\"Cand\\u00e1s 365 es un diario digital independiente, fundado en 2012, con base en Asturias. Informamos con rigor sobre actualidad, sociedad, cultura y ocio, con una mirada local y global.\",\"url\":\"https:\\\/\\\/candas365.es\\\/noticias\\\/\",\"email\":\"info@candas365.es\",\"telephone\":\"+34652131393\",\"foundingDate\":\"2012-06-10\",\"logo\":{\"@type\":\"ImageObject\",\"url\":\"https:\\\/\\\/candas365.es\\\/noticias\\\/wp-content\\\/uploads\\\/2024\\\/09\\\/Candas-365-Redes.jpg\",\"@id\":\"https:\\\/\\\/candas365.es\\\/noticias\\\/candas-luce-bien-campana-de-poda\\\/#organizationLogo\",\"width\":1152,\"height\":864,\"caption\":\"Cand\\u00e1s 365 Redes\"},\"image\":{\"@id\":\"https:\\\/\\\/candas365.es\\\/noticias\\\/candas-luce-bien-campana-de-poda\\\/#organizationLogo\"},\"sameAs\":[\"https:\\\/\\\/www.facebook.com\\\/Nachofdezber\",\"https:\\\/\\\/x.com\\\/NabercoDigital\",\"https:\\\/\\\/www.instagram.com\\\/nachofdezber\\\/\",\"https:\\\/\\\/www.youtube.com\\\/channel\\\/UCZP-2wLEB9Rv6erhFmqVnvg\"],\"address\":{\"@id\":\"https:\\\/\\\/candas365.es\\\/noticias\\\/#postaladdress\",\"@type\":\"PostalAddress\",\"streetAddress\":\"san antonio 4, san antonio 4\",\"postalCode\":\"33430\",\"addressLocality\":\"Cand\\u00e1s\",\"addressRegion\":\"Asturias\",\"addressCountry\":\"ES\"}},{\"@type\":\"Person\",\"@id\":\"https:\\\/\\\/candas365.es\\\/noticias\\\/author\\\/admin\\\/#author\",\"url\":\"https:\\\/\\\/candas365.es\\\/noticias\\\/author\\\/admin\\\/\",\"name\":\"Cand\\u00e1s 365\",\"image\":{\"@type\":\"ImageObject\",\"@id\":\"https:\\\/\\\/candas365.es\\\/noticias\\\/candas-luce-bien-campana-de-poda\\\/#authorImage\",\"url\":\"https:\\\/\\\/secure.gravatar.com\\\/avatar\\\/496a8e03d0c493ede1718b7934145dbdf8d89be1036b0eec9544e1094c9de390?s=96&d=mm&r=g\",\"width\":96,\"height\":96,\"caption\":\"Cand\\u00e1s 365\"},\"sameAs\":[\"https:\\\/\\\/www.facebook.com\\\/carrenoactualidad\",\"https:\\\/\\\/twitter.com\\\/nbasturias\",\"https:\\\/\\\/www.instagram.com\\\/nachofdezber\\\/\",\"https:\\\/\\\/www.youtube.com\\\/channel\\\/UCZP-2wLEB9Rv6erhFmqVnvg\"]},{\"@type\":\"WebPage\",\"@id\":\"https:\\\/\\\/candas365.es\\\/noticias\\\/candas-luce-bien-campana-de-poda\\\/#webpage\",\"url\":\"https:\\\/\\\/candas365.es\\\/noticias\\\/candas-luce-bien-campana-de-poda\\\/\",\"name\":\"Cand\\u00e1s luce bien: Campa\\u00f1a de poda | Cand\\u00e1s 365\",\"description\":\"Los trabajos a realizar consisten en la eliminaci\\u00f3n de los elementos indeseables de las plantas como ramas secas o muertas\",\"inLanguage\":\"es-ES\",\"isPartOf\":{\"@id\":\"https:\\\/\\\/candas365.es\\\/noticias\\\/#website\"},\"breadcrumb\":{\"@id\":\"https:\\\/\\\/candas365.es\\\/noticias\\\/candas-luce-bien-campana-de-poda\\\/#breadcrumblist\"},\"author\":{\"@id\":\"https:\\\/\\\/candas365.es\\\/noticias\\\/author\\\/admin\\\/#author\"},\"creator\":{\"@id\":\"https:\\\/\\\/candas365.es\\\/noticias\\\/author\\\/admin\\\/#author\"},\"image\":{\"@type\":\"ImageObject\",\"url\":\"https:\\\/\\\/candas365.es\\\/noticias\\\/wp-content\\\/uploads\\\/2020\\\/12\\\/Candas-Pasein.jpg\",\"@id\":\"https:\\\/\\\/candas365.es\\\/noticias\\\/candas-luce-bien-campana-de-poda\\\/#mainImage\",\"width\":980,\"height\":663,\"caption\":\"Foto: Ayuntamiento de Carre\\u00f1o\"},\"primaryImageOfPage\":{\"@id\":\"https:\\\/\\\/candas365.es\\\/noticias\\\/candas-luce-bien-campana-de-poda\\\/#mainImage\"},\"datePublished\":\"2020-12-03T15:18:13+01:00\",\"dateModified\":\"2020-12-03T15:18:13+01:00\"},{\"@type\":\"WebSite\",\"@id\":\"https:\\\/\\\/candas365.es\\\/noticias\\\/#website\",\"url\":\"https:\\\/\\\/candas365.es\\\/noticias\\\/\",\"name\":\"Cand\\u00e1s 365\",\"alternateName\":\"Cand\\u00e1s 365 Noticias\",\"description\":\"Actualidad desde Carre\\u00f1o para el mundo\",\"inLanguage\":\"es-ES\",\"publisher\":{\"@id\":\"https:\\\/\\\/candas365.es\\\/noticias\\\/#organization\"}}]}\n\t\t<\/script>\n\t\t<!-- All in One SEO Pro -->\r\n\t\t<title>Cand\u00e1s luce bien: Campa\u00f1a de poda | Cand\u00e1s 365<\/title>\n\n","aioseo_head_json":{"title":"Cand\u00e1s luce bien: Campa\u00f1a de poda | Cand\u00e1s 365","description":"Los trabajos a realizar consisten en la eliminaci\u00f3n de los elementos indeseables de las plantas como ramas secas o muertas","canonical_url":"https:\/\/candas365.es\/noticias\/candas-luce-bien-campana-de-poda\/","robots":"max-image-preview:large","keywords":"noticias cand\u00e1s,carre\u00f1o,noticias carre\u00f1o","webmasterTools":{"google-site-verification":"UA-32230408-1","msvalidate.01":"354F3CDFB2DA171B47FBE9ABF1F88D5","miscellaneous":""},"schema":{"@context":"https:\/\/schema.org","@graph":[{"@type":"BreadcrumbList","@id":"https:\/\/candas365.es\/noticias\/candas-luce-bien-campana-de-poda\/#breadcrumblist","itemListElement":[{"@type":"ListItem","@id":"https:\/\/candas365.es\/noticias#listItem","position":1,"name":"Home","item":"https:\/\/candas365.es\/noticias","nextItem":{"@type":"ListItem","@id":"https:\/\/candas365.es\/noticias\/category\/noticias-carreno\/#listItem","name":"Noticias Carre\u00f1o"}},{"@type":"ListItem","@id":"https:\/\/candas365.es\/noticias\/category\/noticias-carreno\/#listItem","position":2,"name":"Noticias Carre\u00f1o","item":"https:\/\/candas365.es\/noticias\/category\/noticias-carreno\/","nextItem":{"@type":"ListItem","@id":"https:\/\/candas365.es\/noticias\/candas-luce-bien-campana-de-poda\/#listItem","name":"Cand\u00e1s luce bien: Campa\u00f1a de poda"},"previousItem":{"@type":"ListItem","@id":"https:\/\/candas365.es\/noticias#listItem","name":"Home"}},{"@type":"ListItem","@id":"https:\/\/candas365.es\/noticias\/candas-luce-bien-campana-de-poda\/#listItem","position":3,"name":"Cand\u00e1s luce bien: Campa\u00f1a de poda","previousItem":{"@type":"ListItem","@id":"https:\/\/candas365.es\/noticias\/category\/noticias-carreno\/#listItem","name":"Noticias Carre\u00f1o"}}]},{"@type":"NewsArticle","@id":"https:\/\/candas365.es\/noticias\/candas-luce-bien-campana-de-poda\/#newsarticle","name":"Cand\u00e1s luce bien: Campa\u00f1a de poda | Cand\u00e1s 365","headline":"Cand\u00e1s luce bien: Campa\u00f1a de poda","author":{"@id":"https:\/\/candas365.es\/noticias\/author\/admin\/#author"},"publisher":{"@id":"https:\/\/candas365.es\/noticias\/#organization"},"image":{"@type":"ImageObject","url":"https:\/\/candas365.es\/noticias\/wp-content\/uploads\/2020\/12\/Candas-Pasein.jpg","width":980,"height":663,"caption":"Foto: Ayuntamiento de Carre\u00f1o"},"datePublished":"2020-12-03T15:18:13+01:00","dateModified":"2020-12-03T15:18:13+01:00","inLanguage":"es-ES","mainEntityOfPage":{"@id":"https:\/\/candas365.es\/noticias\/candas-luce-bien-campana-de-poda\/#webpage"},"isPartOf":{"@id":"https:\/\/candas365.es\/noticias\/candas-luce-bien-campana-de-poda\/#webpage"},"articleSection":"Noticias Carre\u00f1o","dateline":"Publicado el diciembre 3, 2020."},{"@type":"Organization","@id":"https:\/\/candas365.es\/noticias\/#organization","name":"Cand\u00e1s 365","description":"Cand\u00e1s 365 es un diario digital independiente, fundado en 2012, con base en Asturias. Informamos con rigor sobre actualidad, sociedad, cultura y ocio, con una mirada local y global.","url":"https:\/\/candas365.es\/noticias\/","email":"info@candas365.es","telephone":"+34652131393","foundingDate":"2012-06-10","logo":{"@type":"ImageObject","url":"https:\/\/candas365.es\/noticias\/wp-content\/uploads\/2024\/09\/Candas-365-Redes.jpg","@id":"https:\/\/candas365.es\/noticias\/candas-luce-bien-campana-de-poda\/#organizationLogo","width":1152,"height":864,"caption":"Cand\u00e1s 365 Redes"},"image":{"@id":"https:\/\/candas365.es\/noticias\/candas-luce-bien-campana-de-poda\/#organizationLogo"},"sameAs":["https:\/\/www.facebook.com\/Nachofdezber","https:\/\/x.com\/NabercoDigital","https:\/\/www.instagram.com\/nachofdezber\/","https:\/\/www.youtube.com\/channel\/UCZP-2wLEB9Rv6erhFmqVnvg"],"address":{"@id":"https:\/\/candas365.es\/noticias\/#postaladdress","@type":"PostalAddress","streetAddress":"san antonio 4, san antonio 4","postalCode":"33430","addressLocality":"Cand\u00e1s","addressRegion":"Asturias","addressCountry":"ES"}},{"@type":"Person","@id":"https:\/\/candas365.es\/noticias\/author\/admin\/#author","url":"https:\/\/candas365.es\/noticias\/author\/admin\/","name":"Cand\u00e1s 365","image":{"@type":"ImageObject","@id":"https:\/\/candas365.es\/noticias\/candas-luce-bien-campana-de-poda\/#authorImage","url":"https:\/\/secure.gravatar.com\/avatar\/496a8e03d0c493ede1718b7934145dbdf8d89be1036b0eec9544e1094c9de390?s=96&d=mm&r=g","width":96,"height":96,"caption":"Cand\u00e1s 365"},"sameAs":["https:\/\/www.facebook.com\/carrenoactualidad","https:\/\/twitter.com\/nbasturias","https:\/\/www.instagram.com\/nachofdezber\/","https:\/\/www.youtube.com\/channel\/UCZP-2wLEB9Rv6erhFmqVnvg"]},{"@type":"WebPage","@id":"https:\/\/candas365.es\/noticias\/candas-luce-bien-campana-de-poda\/#webpage","url":"https:\/\/candas365.es\/noticias\/candas-luce-bien-campana-de-poda\/","name":"Cand\u00e1s luce bien: Campa\u00f1a de poda | Cand\u00e1s 365","description":"Los trabajos a realizar consisten en la eliminaci\u00f3n de los elementos indeseables de las plantas como ramas secas o muertas","inLanguage":"es-ES","isPartOf":{"@id":"https:\/\/candas365.es\/noticias\/#website"},"breadcrumb":{"@id":"https:\/\/candas365.es\/noticias\/candas-luce-bien-campana-de-poda\/#breadcrumblist"},"author":{"@id":"https:\/\/candas365.es\/noticias\/author\/admin\/#author"},"creator":{"@id":"https:\/\/candas365.es\/noticias\/author\/admin\/#author"},"image":{"@type":"ImageObject","url":"https:\/\/candas365.es\/noticias\/wp-content\/uploads\/2020\/12\/Candas-Pasein.jpg","@id":"https:\/\/candas365.es\/noticias\/candas-luce-bien-campana-de-poda\/#mainImage","width":980,"height":663,"caption":"Foto: Ayuntamiento de Carre\u00f1o"},"primaryImageOfPage":{"@id":"https:\/\/candas365.es\/noticias\/candas-luce-bien-campana-de-poda\/#mainImage"},"datePublished":"2020-12-03T15:18:13+01:00","dateModified":"2020-12-03T15:18:13+01:00"},{"@type":"WebSite","@id":"https:\/\/candas365.es\/noticias\/#website","url":"https:\/\/candas365.es\/noticias\/","name":"Cand\u00e1s 365","alternateName":"Cand\u00e1s 365 Noticias","description":"Actualidad desde Carre\u00f1o para el mundo","inLanguage":"es-ES","publisher":{"@id":"https:\/\/candas365.es\/noticias\/#organization"}}]},"og:locale":"es_ES","og:site_name":"Cand\u00e1s 365","og:type":"article","og:title":"Cand\u00e1s luce bien: Campa\u00f1a de poda | Cand\u00e1s 365","og:description":"Los trabajos a realizar consisten en la eliminaci\u00f3n de los elementos indeseables de las plantas como ramas secas o muertas","og:url":"https:\/\/candas365.es\/noticias\/candas-luce-bien-campana-de-poda\/","og:image":"https:\/\/candas365.es\/noticias\/wp-content\/uploads\/2020\/12\/Candas-Pasein.jpg","og:image:secure_url":"https:\/\/candas365.es\/noticias\/wp-content\/uploads\/2020\/12\/Candas-Pasein.jpg","og:image:width":980,"og:image:height":663,"article:published_time":"2020-12-03T15:18:13+00:00","article:modified_time":"2020-12-03T15:18:13+00:00","article:publisher":"https:\/\/www.facebook.com\/Nachofdezber","article:author":"https:\/\/www.facebook.com\/carrenoactualidad","twitter:card":"summary_large_image","twitter:site":"@NabercoDigital","twitter:title":"Cand\u00e1s luce bien: Campa\u00f1a de poda | Cand\u00e1s 365","twitter:description":"Los trabajos a realizar consisten en la eliminaci\u00f3n de los elementos indeseables de las plantas como ramas secas o muertas","twitter:creator":"@nbasturias","twitter:image":"https:\/\/candas365.es\/noticias\/wp-content\/uploads\/2020\/12\/Candas-Pasein.jpg","twitter:label1":"Escrito por","twitter:data1":"Cand\u00e1s 365","twitter:label2":"Tiempo de lectura estimado","twitter:data2":"2 minutos"},"aioseo_meta_data":{"post_id":"149196","title":"Cand\u00e1s luce bien: Campa\u00f1a de poda | #site_title","description":"Los trabajos a realizar consisten en la eliminaci\u00f3n de los elementos indeseables de las plantas como ramas secas o muertas","keywords":[{"label":"Noticias Cand\u00e1s","value":"Noticias Cand\u00e1s"},{"label":"Carre\u00f1o","value":"Carre\u00f1o"}],"keyphrases":null,"primary_term":null,"canonical_url":"","og_title":null,"og_description":null,"og_object_type":"default","og_image_type":"default","og_image_url":null,"og_image_width":null,"og_image_height":null,"og_image_custom_url":null,"og_image_custom_fields":null,"og_video":null,"og_custom_url":null,"og_article_section":null,"og_article_tags":null,"twitter_use_og":false,"twitter_card":"default","twitter_image_type":"default","twitter_image_url":null,"twitter_image_custom_url":null,"twitter_image_custom_fields":null,"twitter_title":null,"twitter_description":null,"schema":{"blockGraphs":[],"customGraphs":[],"default":{"data":{"Article":[],"Course":[],"Dataset":[],"FAQPage":[],"Movie":[],"Person":[],"Product":[],"ProductReview":[],"Car":[],"Recipe":[],"Service":[],"SoftwareApplication":[],"WebPage":[]},"graphName":"","isEnabled":true},"graphs":[]},"schema_type":null,"schema_type_options":null,"pillar_content":false,"robots_default":true,"robots_noindex":false,"robots_noarchive":false,"robots_nosnippet":false,"robots_nofollow":false,"robots_noimageindex":false,"robots_noodp":false,"robots_notranslate":false,"robots_max_snippet":null,"robots_max_videopreview":null,"robots_max_imagepreview":"large","priority":null,"frequency":null,"location":null,"local_seo":null,"seo_analyzer_scan_date":"2025-08-31 14:29:13","breadcrumb_settings":null,"limit_modified_date":false,"reviewed_by":null,"open_ai":null,"ai":null,"created":"2020-12-21 10:37:57","updated":"2025-08-31 14:29:13"},"aioseo_breadcrumb":"<div class=\"aioseo-breadcrumbs\"><span class=\"aioseo-breadcrumb\">\n\t<a href=\"https:\/\/candas365.es\/noticias\" title=\"Home\">Home<\/a>\n<\/span><span class=\"aioseo-breadcrumb-separator\">&ndash;<\/span><span class=\"aioseo-breadcrumb\">\n\t<a href=\"https:\/\/candas365.es\/noticias\/category\/noticias-carreno\/\" title=\"Noticias Carre\u00f1o\">Noticias Carre\u00f1o<\/a>\n<\/span><span class=\"aioseo-breadcrumb-separator\">&ndash;<\/span><span class=\"aioseo-breadcrumb\">\n\tCand\u00e1s luce bien: Campa\u00f1a de poda\n<\/span><\/div>","aioseo_breadcrumb_json":[{"label":"Home","link":"https:\/\/candas365.es\/noticias"},{"label":"Noticias Carre\u00f1o","link":"https:\/\/candas365.es\/noticias\/category\/noticias-carreno\/"},{"label":"Cand\u00e1s luce bien: Campa\u00f1a de poda","link":"https:\/\/candas365.es\/noticias\/candas-luce-bien-campana-de-poda\/"}],"_links":{"self":[{"href":"https:\/\/candas365.es\/noticias\/wp-json\/wp\/v2\/posts\/149196","targetHints":{"allow":["GET"]}}],"collection":[{"href":"https:\/\/candas365.es\/noticias\/wp-json\/wp\/v2\/posts"}],"about":[{"href":"https:\/\/candas365.es\/noticias\/wp-json\/wp\/v2\/types\/post"}],"author":[{"embeddable":true,"href":"https:\/\/candas365.es\/noticias\/wp-json\/wp\/v2\/users\/1"}],"replies":[{"embeddable":true,"href":"https:\/\/candas365.es\/noticias\/wp-json\/wp\/v2\/comments?post=149196"}],"version-history":[{"count":0,"href":"https:\/\/candas365.es\/noticias\/wp-json\/wp\/v2\/posts\/149196\/revisions"}],"wp:featuredmedia":[{"embeddable":true,"href":"https:\/\/candas365.es\/noticias\/wp-json\/wp\/v2\/media\/149197"}],"wp:attachment":[{"href":"https:\/\/candas365.es\/noticias\/wp-json\/wp\/v2\/media?parent=149196"}],"wp:term":[{"taxonomy":"category","embeddable":true,"href":"https:\/\/candas365.es\/noticias\/wp-json\/wp\/v2\/categories?post=149196"},{"taxonomy":"post_tag","embeddable":true,"href":"https:\/\/candas365.es\/noticias\/wp-json\/wp\/v2\/tags?post=149196"}],"curies":[{"name":"wp","href":"https:\/\/api.w.org\/{rel}","templated":true}]}}