{"id":149188,"date":"2020-12-03T14:51:55","date_gmt":"2020-12-03T14:51:55","guid":{"rendered":"http:\/\/candas365.es\/noticias\/?p=149188"},"modified":"2020-12-03T14:51:55","modified_gmt":"2020-12-03T14:51:55","slug":"carles-tusquets-economicamente-yo-habria-vendido-a-messi","status":"publish","type":"post","link":"https:\/\/candas365.es\/noticias\/carles-tusquets-economicamente-yo-habria-vendido-a-messi\/","title":{"rendered":"Carles Tusquets: \u00abEcon\u00f3micamente, yo habr\u00eda vendido a Messi\u00bb"},"content":{"rendered":"<figure id=\"attachment_149189\" aria-describedby=\"caption-attachment-149189\" style=\"width: 360px\" class=\"wp-caption alignleft\"><img fetchpriority=\"high\" decoding=\"async\" class=\"size-medium wp-image-149189\" src=\"https:\/\/candas365.es\/noticias\/wp-content\/uploads\/2020\/12\/Carles-Tusquets-360x272.jpg\" alt=\"Carles Tusquets\" width=\"360\" height=\"272\" srcset=\"https:\/\/candas365.es\/noticias\/wp-content\/uploads\/2020\/12\/Carles-Tusquets-360x272.jpg 360w, https:\/\/candas365.es\/noticias\/wp-content\/uploads\/2020\/12\/Carles-Tusquets-634x480.jpg 634w, https:\/\/candas365.es\/noticias\/wp-content\/uploads\/2020\/12\/Carles-Tusquets-768x581.jpg 768w, https:\/\/candas365.es\/noticias\/wp-content\/uploads\/2020\/12\/Carles-Tusquets.jpg 883w\" sizes=\"(max-width: 360px) 100vw, 360px\" \/><figcaption id=\"caption-attachment-149189\" class=\"wp-caption-text\">Foto: RAC1 \/ Europa Press<\/figcaption><\/figure>\n<p>(Europa Press) &#8211;\u00a0El presidente de la Comisi\u00f3n Gestora del FC Barcelona, Carles Tusquets, ha asegurado que \u00e9l habr\u00eda tomado la decisi\u00f3n de dejar salir, el verano pasado, a Leo Messi y venderlo para atenuar la \u00abhorrible\u00bb situaci\u00f3n financiera de la entidad blaugrana.<\/p>\n<p>\u00abEcon\u00f3micamente, yo habr\u00eda vendido a Messi. Habr\u00eda sido lo m\u00e1s deseable, y m\u00e1s teniendo en cuenta los l\u00edmites salariales que establece LaLiga\u00bb, asegur\u00f3 en una entrevista en &#8216;El M\u00f3n a RAC1&#8242; recogida por Europa Press.<\/p>\n<p>Por negativa del expresidente Josep Maria Bartomeu, Messi se qued\u00f3 y, ahora, forma parte de un vestuario que se ha rebajado el sueldo, y futuros variables, en un acuerdo salarial realizado a medias entre la Junta de Bartomeu, que lo inici\u00f3, y la Gestora.<\/p>\n<p>\u00abHubo una parte de la rebaja salarial con la Junta de Bartomeu. Nosotros hemos pospuesto la parte m\u00e1s grande que cobrar\u00e1n en los pr\u00f3ximos cuatro a\u00f1os\u00bb, apunt\u00f3 Tusquets.<\/p>\n<p>Eso s\u00ed, la situaci\u00f3n sigue siendo mala. \u00abTener el Camp Nou cerrado supone ingresar 320 millones menos. La situaci\u00f3n es horrible, p\u00e9sima, pero cuando se reabra mejorar\u00e1 de golpe, as\u00ed que hay esperanza\u00bb, matiz\u00f3.<\/p>\n<p>\u00abSi Neymar viene gratis, se podr\u00eda plantear. Si no, no hay dinero para pagar. A no ser que un nuevo presidente venga con un milagro en la mano. Si se vende y el cuerpo t\u00e9cnico est\u00e1 de acuerdo, \u00bf&#8217;why not&#8217;?\u00bb, se pregunt\u00f3 sobre un hipot\u00e9tico regreso del jugador brasile\u00f1o.<\/p>\n<p>Y es que, la realidad, es que la Gestora no quiere pagar ciertas facturas. \u00abHan llegado facturas que no firmaremos, las pasaremos al nuevo presidente. No las vemos claras, no entendemos de d\u00f3nde vienen y no queremos tener responsabilidad. No est\u00e1n perfectamente formuladas y entendemos que el precio no es de mercado\u00bb, comunic\u00f3.<\/p>\n","protected":false},"excerpt":{"rendered":"<p>(Europa Press) &#8211;\u00a0El presidente de la Comisi\u00f3n Gestora del FC Barcelona, Carles Tusquets, ha asegurado que \u00e9l habr\u00eda tomado la decisi\u00f3n de dejar salir, el verano pasado, a Leo Messi y venderlo para atenuar la \u00abhorrible\u00bb situaci\u00f3n financiera de la entidad blaugrana. \u00abEcon\u00f3micamente, yo habr\u00eda vendido a Messi. Habr\u00eda sido lo m\u00e1s deseable, y m\u00e1s<\/p>\n","protected":false},"author":1,"featured_media":149189,"comment_status":"closed","ping_status":"closed","sticky":false,"template":"","format":"standard","meta":{"footnotes":""},"categories":[319],"tags":[],"class_list":{"0":"post-149188","1":"post","2":"type-post","3":"status-publish","4":"format-standard","5":"has-post-thumbnail","7":"category-deporte"},"aioseo_notices":[],"aioseo_head":"\n\t\t<!-- All in One SEO Pro 4.9.6.2 - aioseo.com -->\n\t<meta name=\"description\" content=\"Carles Tusquets ha asegurado que \u00e9l habr\u00eda tomado la decisi\u00f3n de dejar salir, el verano pasado, a Leo Messi y venderlo\" \/>\n\t<meta name=\"robots\" content=\"max-image-preview:large\" \/>\n\t<meta name=\"author\" content=\"Cand\u00e1s 365\"\/>\n\t<meta name=\"google-site-verification\" content=\"UA-32230408-1\" \/>\n\t<meta name=\"msvalidate.01\" content=\"354F3CDFB2DA171B47FBE9ABF1F88D5\" \/>\n\t<meta name=\"keywords\" content=\"deportes,f\u00fatbol,deporte\" \/>\n\t<link rel=\"canonical\" href=\"https:\/\/candas365.es\/noticias\/carles-tusquets-economicamente-yo-habria-vendido-a-messi\/\" \/>\n\t<meta name=\"generator\" content=\"All in One SEO Pro (AIOSEO) 4.9.6.2\" \/>\n\t\t<meta property=\"og:locale\" content=\"es_ES\" \/>\n\t\t<meta property=\"og:site_name\" content=\"Cand\u00e1s 365\" \/>\n\t\t<meta property=\"og:type\" content=\"article\" \/>\n\t\t<meta property=\"og:title\" content=\"Carles Tusquets: &quot;Econ\u00f3micamente, yo habr\u00eda vendido a Messi&quot; | Cand\u00e1s 365\" \/>\n\t\t<meta property=\"og:description\" content=\"Carles Tusquets ha asegurado que \u00e9l habr\u00eda tomado la decisi\u00f3n de dejar salir, el verano pasado, a Leo Messi y venderlo\" \/>\n\t\t<meta property=\"og:url\" content=\"https:\/\/candas365.es\/noticias\/carles-tusquets-economicamente-yo-habria-vendido-a-messi\/\" \/>\n\t\t<meta property=\"og:image\" content=\"https:\/\/candas365.es\/noticias\/wp-content\/uploads\/2020\/12\/Carles-Tusquets.jpg\" \/>\n\t\t<meta property=\"og:image:secure_url\" content=\"https:\/\/candas365.es\/noticias\/wp-content\/uploads\/2020\/12\/Carles-Tusquets.jpg\" \/>\n\t\t<meta property=\"og:image:width\" content=\"883\" \/>\n\t\t<meta property=\"og:image:height\" content=\"668\" \/>\n\t\t<meta property=\"article:published_time\" content=\"2020-12-03T14:51:55+00:00\" \/>\n\t\t<meta property=\"article:modified_time\" content=\"2020-12-03T14:51:55+00:00\" \/>\n\t\t<meta property=\"article:publisher\" content=\"https:\/\/www.facebook.com\/Nachofdezber\" \/>\n\t\t<meta property=\"article:author\" content=\"https:\/\/www.facebook.com\/carrenoactualidad\" \/>\n\t\t<meta name=\"twitter:card\" content=\"summary_large_image\" \/>\n\t\t<meta name=\"twitter:site\" content=\"@NabercoDigital\" \/>\n\t\t<meta name=\"twitter:title\" content=\"Carles Tusquets: &quot;Econ\u00f3micamente, yo habr\u00eda vendido a Messi&quot; | Cand\u00e1s 365\" \/>\n\t\t<meta name=\"twitter:description\" content=\"Carles Tusquets ha asegurado que \u00e9l habr\u00eda tomado la decisi\u00f3n de dejar salir, el verano pasado, a Leo Messi y venderlo\" \/>\n\t\t<meta name=\"twitter:creator\" content=\"@nbasturias\" \/>\n\t\t<meta name=\"twitter:image\" content=\"https:\/\/candas365.es\/noticias\/wp-content\/uploads\/2020\/12\/Carles-Tusquets.jpg\" \/>\n\t\t<meta name=\"twitter:label1\" content=\"Escrito por\" \/>\n\t\t<meta name=\"twitter:data1\" content=\"Cand\u00e1s 365\" \/>\n\t\t<meta name=\"twitter:label2\" content=\"Tiempo de lectura estimado\" \/>\n\t\t<meta name=\"twitter:data2\" content=\"2 minutos\" \/>\n\t\t<script type=\"application\/ld+json\" class=\"aioseo-schema\">\n\t\t\t{\"@context\":\"https:\\\/\\\/schema.org\",\"@graph\":[{\"@type\":\"BreadcrumbList\",\"@id\":\"https:\\\/\\\/candas365.es\\\/noticias\\\/carles-tusquets-economicamente-yo-habria-vendido-a-messi\\\/#breadcrumblist\",\"itemListElement\":[{\"@type\":\"ListItem\",\"@id\":\"https:\\\/\\\/candas365.es\\\/noticias#listItem\",\"position\":1,\"name\":\"Home\",\"item\":\"https:\\\/\\\/candas365.es\\\/noticias\",\"nextItem\":{\"@type\":\"ListItem\",\"@id\":\"https:\\\/\\\/candas365.es\\\/noticias\\\/category\\\/deporte\\\/#listItem\",\"name\":\"Deporte\"}},{\"@type\":\"ListItem\",\"@id\":\"https:\\\/\\\/candas365.es\\\/noticias\\\/category\\\/deporte\\\/#listItem\",\"position\":2,\"name\":\"Deporte\",\"item\":\"https:\\\/\\\/candas365.es\\\/noticias\\\/category\\\/deporte\\\/\",\"nextItem\":{\"@type\":\"ListItem\",\"@id\":\"https:\\\/\\\/candas365.es\\\/noticias\\\/carles-tusquets-economicamente-yo-habria-vendido-a-messi\\\/#listItem\",\"name\":\"Carles Tusquets: \\u00abEcon\\u00f3micamente, yo habr\\u00eda vendido a Messi\\u00bb\"},\"previousItem\":{\"@type\":\"ListItem\",\"@id\":\"https:\\\/\\\/candas365.es\\\/noticias#listItem\",\"name\":\"Home\"}},{\"@type\":\"ListItem\",\"@id\":\"https:\\\/\\\/candas365.es\\\/noticias\\\/carles-tusquets-economicamente-yo-habria-vendido-a-messi\\\/#listItem\",\"position\":3,\"name\":\"Carles Tusquets: \\u00abEcon\\u00f3micamente, yo habr\\u00eda vendido a Messi\\u00bb\",\"previousItem\":{\"@type\":\"ListItem\",\"@id\":\"https:\\\/\\\/candas365.es\\\/noticias\\\/category\\\/deporte\\\/#listItem\",\"name\":\"Deporte\"}}]},{\"@type\":\"NewsArticle\",\"@id\":\"https:\\\/\\\/candas365.es\\\/noticias\\\/carles-tusquets-economicamente-yo-habria-vendido-a-messi\\\/#newsarticle\",\"name\":\"Carles Tusquets: \\\"Econ\\u00f3micamente, yo habr\\u00eda vendido a Messi\\\" | Cand\\u00e1s 365\",\"headline\":\"Carles Tusquets: \\u00abEcon\\u00f3micamente, yo habr\\u00eda vendido a Messi\\u00bb\",\"author\":{\"@id\":\"https:\\\/\\\/candas365.es\\\/noticias\\\/author\\\/admin\\\/#author\"},\"publisher\":{\"@id\":\"https:\\\/\\\/candas365.es\\\/noticias\\\/#organization\"},\"image\":{\"@type\":\"ImageObject\",\"url\":\"https:\\\/\\\/candas365.es\\\/noticias\\\/wp-content\\\/uploads\\\/2020\\\/12\\\/Carles-Tusquets.jpg\",\"width\":883,\"height\":668,\"caption\":\"Foto: RAC1 \\\/ Europa Press\"},\"datePublished\":\"2020-12-03T14:51:55+01:00\",\"dateModified\":\"2020-12-03T14:51:55+01:00\",\"inLanguage\":\"es-ES\",\"mainEntityOfPage\":{\"@id\":\"https:\\\/\\\/candas365.es\\\/noticias\\\/carles-tusquets-economicamente-yo-habria-vendido-a-messi\\\/#webpage\"},\"isPartOf\":{\"@id\":\"https:\\\/\\\/candas365.es\\\/noticias\\\/carles-tusquets-economicamente-yo-habria-vendido-a-messi\\\/#webpage\"},\"articleSection\":\"Deporte\",\"dateline\":\"Publicado el diciembre 3, 2020.\"},{\"@type\":\"Organization\",\"@id\":\"https:\\\/\\\/candas365.es\\\/noticias\\\/#organization\",\"name\":\"Cand\\u00e1s 365\",\"description\":\"Cand\\u00e1s 365 es un diario digital independiente, fundado en 2012, con base en Asturias. Informamos con rigor sobre actualidad, sociedad, cultura y ocio, con una mirada local y global.\",\"url\":\"https:\\\/\\\/candas365.es\\\/noticias\\\/\",\"email\":\"info@candas365.es\",\"telephone\":\"+34652131393\",\"foundingDate\":\"2012-06-10\",\"logo\":{\"@type\":\"ImageObject\",\"url\":\"https:\\\/\\\/candas365.es\\\/noticias\\\/wp-content\\\/uploads\\\/2024\\\/09\\\/Candas-365-Redes.jpg\",\"@id\":\"https:\\\/\\\/candas365.es\\\/noticias\\\/carles-tusquets-economicamente-yo-habria-vendido-a-messi\\\/#organizationLogo\",\"width\":1152,\"height\":864,\"caption\":\"Cand\\u00e1s 365 Redes\"},\"image\":{\"@id\":\"https:\\\/\\\/candas365.es\\\/noticias\\\/carles-tusquets-economicamente-yo-habria-vendido-a-messi\\\/#organizationLogo\"},\"sameAs\":[\"https:\\\/\\\/www.facebook.com\\\/Nachofdezber\",\"https:\\\/\\\/x.com\\\/NabercoDigital\",\"https:\\\/\\\/www.instagram.com\\\/nachofdezber\\\/\",\"https:\\\/\\\/www.youtube.com\\\/channel\\\/UCZP-2wLEB9Rv6erhFmqVnvg\"],\"address\":{\"@id\":\"https:\\\/\\\/candas365.es\\\/noticias\\\/#postaladdress\",\"@type\":\"PostalAddress\",\"streetAddress\":\"san antonio 4, san antonio 4\",\"postalCode\":\"33430\",\"addressLocality\":\"Cand\\u00e1s\",\"addressRegion\":\"Asturias\",\"addressCountry\":\"ES\"}},{\"@type\":\"Person\",\"@id\":\"https:\\\/\\\/candas365.es\\\/noticias\\\/author\\\/admin\\\/#author\",\"url\":\"https:\\\/\\\/candas365.es\\\/noticias\\\/author\\\/admin\\\/\",\"name\":\"Cand\\u00e1s 365\",\"image\":{\"@type\":\"ImageObject\",\"@id\":\"https:\\\/\\\/candas365.es\\\/noticias\\\/carles-tusquets-economicamente-yo-habria-vendido-a-messi\\\/#authorImage\",\"url\":\"https:\\\/\\\/secure.gravatar.com\\\/avatar\\\/496a8e03d0c493ede1718b7934145dbdf8d89be1036b0eec9544e1094c9de390?s=96&d=mm&r=g\",\"width\":96,\"height\":96,\"caption\":\"Cand\\u00e1s 365\"},\"sameAs\":[\"https:\\\/\\\/www.facebook.com\\\/carrenoactualidad\",\"https:\\\/\\\/twitter.com\\\/nbasturias\",\"https:\\\/\\\/www.instagram.com\\\/nachofdezber\\\/\",\"https:\\\/\\\/www.youtube.com\\\/channel\\\/UCZP-2wLEB9Rv6erhFmqVnvg\"]},{\"@type\":\"WebPage\",\"@id\":\"https:\\\/\\\/candas365.es\\\/noticias\\\/carles-tusquets-economicamente-yo-habria-vendido-a-messi\\\/#webpage\",\"url\":\"https:\\\/\\\/candas365.es\\\/noticias\\\/carles-tusquets-economicamente-yo-habria-vendido-a-messi\\\/\",\"name\":\"Carles Tusquets: \\\"Econ\\u00f3micamente, yo habr\\u00eda vendido a Messi\\\" | Cand\\u00e1s 365\",\"description\":\"Carles Tusquets ha asegurado que \\u00e9l habr\\u00eda tomado la decisi\\u00f3n de dejar salir, el verano pasado, a Leo Messi y venderlo\",\"inLanguage\":\"es-ES\",\"isPartOf\":{\"@id\":\"https:\\\/\\\/candas365.es\\\/noticias\\\/#website\"},\"breadcrumb\":{\"@id\":\"https:\\\/\\\/candas365.es\\\/noticias\\\/carles-tusquets-economicamente-yo-habria-vendido-a-messi\\\/#breadcrumblist\"},\"author\":{\"@id\":\"https:\\\/\\\/candas365.es\\\/noticias\\\/author\\\/admin\\\/#author\"},\"creator\":{\"@id\":\"https:\\\/\\\/candas365.es\\\/noticias\\\/author\\\/admin\\\/#author\"},\"image\":{\"@type\":\"ImageObject\",\"url\":\"https:\\\/\\\/candas365.es\\\/noticias\\\/wp-content\\\/uploads\\\/2020\\\/12\\\/Carles-Tusquets.jpg\",\"@id\":\"https:\\\/\\\/candas365.es\\\/noticias\\\/carles-tusquets-economicamente-yo-habria-vendido-a-messi\\\/#mainImage\",\"width\":883,\"height\":668,\"caption\":\"Foto: RAC1 \\\/ Europa Press\"},\"primaryImageOfPage\":{\"@id\":\"https:\\\/\\\/candas365.es\\\/noticias\\\/carles-tusquets-economicamente-yo-habria-vendido-a-messi\\\/#mainImage\"},\"datePublished\":\"2020-12-03T14:51:55+01:00\",\"dateModified\":\"2020-12-03T14:51:55+01:00\"},{\"@type\":\"WebSite\",\"@id\":\"https:\\\/\\\/candas365.es\\\/noticias\\\/#website\",\"url\":\"https:\\\/\\\/candas365.es\\\/noticias\\\/\",\"name\":\"Cand\\u00e1s 365\",\"alternateName\":\"Cand\\u00e1s 365 Noticias\",\"description\":\"Actualidad desde Carre\\u00f1o para el mundo\",\"inLanguage\":\"es-ES\",\"publisher\":{\"@id\":\"https:\\\/\\\/candas365.es\\\/noticias\\\/#organization\"}}]}\n\t\t<\/script>\n\t\t<!-- All in One SEO Pro -->\r\n\t\t<title>Carles Tusquets: &quot;Econ\u00f3micamente, yo habr\u00eda vendido a Messi&quot; | Cand\u00e1s 365<\/title>\n\n","aioseo_head_json":{"title":"Carles Tusquets: \"Econ\u00f3micamente, yo habr\u00eda vendido a Messi\" | Cand\u00e1s 365","description":"Carles Tusquets ha asegurado que \u00e9l habr\u00eda tomado la decisi\u00f3n de dejar salir, el verano pasado, a Leo Messi y venderlo","canonical_url":"https:\/\/candas365.es\/noticias\/carles-tusquets-economicamente-yo-habria-vendido-a-messi\/","robots":"max-image-preview:large","keywords":"deportes,f\u00fatbol,deporte","webmasterTools":{"google-site-verification":"UA-32230408-1","msvalidate.01":"354F3CDFB2DA171B47FBE9ABF1F88D5","miscellaneous":""},"schema":{"@context":"https:\/\/schema.org","@graph":[{"@type":"BreadcrumbList","@id":"https:\/\/candas365.es\/noticias\/carles-tusquets-economicamente-yo-habria-vendido-a-messi\/#breadcrumblist","itemListElement":[{"@type":"ListItem","@id":"https:\/\/candas365.es\/noticias#listItem","position":1,"name":"Home","item":"https:\/\/candas365.es\/noticias","nextItem":{"@type":"ListItem","@id":"https:\/\/candas365.es\/noticias\/category\/deporte\/#listItem","name":"Deporte"}},{"@type":"ListItem","@id":"https:\/\/candas365.es\/noticias\/category\/deporte\/#listItem","position":2,"name":"Deporte","item":"https:\/\/candas365.es\/noticias\/category\/deporte\/","nextItem":{"@type":"ListItem","@id":"https:\/\/candas365.es\/noticias\/carles-tusquets-economicamente-yo-habria-vendido-a-messi\/#listItem","name":"Carles Tusquets: \u00abEcon\u00f3micamente, yo habr\u00eda vendido a Messi\u00bb"},"previousItem":{"@type":"ListItem","@id":"https:\/\/candas365.es\/noticias#listItem","name":"Home"}},{"@type":"ListItem","@id":"https:\/\/candas365.es\/noticias\/carles-tusquets-economicamente-yo-habria-vendido-a-messi\/#listItem","position":3,"name":"Carles Tusquets: \u00abEcon\u00f3micamente, yo habr\u00eda vendido a Messi\u00bb","previousItem":{"@type":"ListItem","@id":"https:\/\/candas365.es\/noticias\/category\/deporte\/#listItem","name":"Deporte"}}]},{"@type":"NewsArticle","@id":"https:\/\/candas365.es\/noticias\/carles-tusquets-economicamente-yo-habria-vendido-a-messi\/#newsarticle","name":"Carles Tusquets: \"Econ\u00f3micamente, yo habr\u00eda vendido a Messi\" | Cand\u00e1s 365","headline":"Carles Tusquets: \u00abEcon\u00f3micamente, yo habr\u00eda vendido a Messi\u00bb","author":{"@id":"https:\/\/candas365.es\/noticias\/author\/admin\/#author"},"publisher":{"@id":"https:\/\/candas365.es\/noticias\/#organization"},"image":{"@type":"ImageObject","url":"https:\/\/candas365.es\/noticias\/wp-content\/uploads\/2020\/12\/Carles-Tusquets.jpg","width":883,"height":668,"caption":"Foto: RAC1 \/ Europa Press"},"datePublished":"2020-12-03T14:51:55+01:00","dateModified":"2020-12-03T14:51:55+01:00","inLanguage":"es-ES","mainEntityOfPage":{"@id":"https:\/\/candas365.es\/noticias\/carles-tusquets-economicamente-yo-habria-vendido-a-messi\/#webpage"},"isPartOf":{"@id":"https:\/\/candas365.es\/noticias\/carles-tusquets-economicamente-yo-habria-vendido-a-messi\/#webpage"},"articleSection":"Deporte","dateline":"Publicado el diciembre 3, 2020."},{"@type":"Organization","@id":"https:\/\/candas365.es\/noticias\/#organization","name":"Cand\u00e1s 365","description":"Cand\u00e1s 365 es un diario digital independiente, fundado en 2012, con base en Asturias. Informamos con rigor sobre actualidad, sociedad, cultura y ocio, con una mirada local y global.","url":"https:\/\/candas365.es\/noticias\/","email":"info@candas365.es","telephone":"+34652131393","foundingDate":"2012-06-10","logo":{"@type":"ImageObject","url":"https:\/\/candas365.es\/noticias\/wp-content\/uploads\/2024\/09\/Candas-365-Redes.jpg","@id":"https:\/\/candas365.es\/noticias\/carles-tusquets-economicamente-yo-habria-vendido-a-messi\/#organizationLogo","width":1152,"height":864,"caption":"Cand\u00e1s 365 Redes"},"image":{"@id":"https:\/\/candas365.es\/noticias\/carles-tusquets-economicamente-yo-habria-vendido-a-messi\/#organizationLogo"},"sameAs":["https:\/\/www.facebook.com\/Nachofdezber","https:\/\/x.com\/NabercoDigital","https:\/\/www.instagram.com\/nachofdezber\/","https:\/\/www.youtube.com\/channel\/UCZP-2wLEB9Rv6erhFmqVnvg"],"address":{"@id":"https:\/\/candas365.es\/noticias\/#postaladdress","@type":"PostalAddress","streetAddress":"san antonio 4, san antonio 4","postalCode":"33430","addressLocality":"Cand\u00e1s","addressRegion":"Asturias","addressCountry":"ES"}},{"@type":"Person","@id":"https:\/\/candas365.es\/noticias\/author\/admin\/#author","url":"https:\/\/candas365.es\/noticias\/author\/admin\/","name":"Cand\u00e1s 365","image":{"@type":"ImageObject","@id":"https:\/\/candas365.es\/noticias\/carles-tusquets-economicamente-yo-habria-vendido-a-messi\/#authorImage","url":"https:\/\/secure.gravatar.com\/avatar\/496a8e03d0c493ede1718b7934145dbdf8d89be1036b0eec9544e1094c9de390?s=96&d=mm&r=g","width":96,"height":96,"caption":"Cand\u00e1s 365"},"sameAs":["https:\/\/www.facebook.com\/carrenoactualidad","https:\/\/twitter.com\/nbasturias","https:\/\/www.instagram.com\/nachofdezber\/","https:\/\/www.youtube.com\/channel\/UCZP-2wLEB9Rv6erhFmqVnvg"]},{"@type":"WebPage","@id":"https:\/\/candas365.es\/noticias\/carles-tusquets-economicamente-yo-habria-vendido-a-messi\/#webpage","url":"https:\/\/candas365.es\/noticias\/carles-tusquets-economicamente-yo-habria-vendido-a-messi\/","name":"Carles Tusquets: \"Econ\u00f3micamente, yo habr\u00eda vendido a Messi\" | Cand\u00e1s 365","description":"Carles Tusquets ha asegurado que \u00e9l habr\u00eda tomado la decisi\u00f3n de dejar salir, el verano pasado, a Leo Messi y venderlo","inLanguage":"es-ES","isPartOf":{"@id":"https:\/\/candas365.es\/noticias\/#website"},"breadcrumb":{"@id":"https:\/\/candas365.es\/noticias\/carles-tusquets-economicamente-yo-habria-vendido-a-messi\/#breadcrumblist"},"author":{"@id":"https:\/\/candas365.es\/noticias\/author\/admin\/#author"},"creator":{"@id":"https:\/\/candas365.es\/noticias\/author\/admin\/#author"},"image":{"@type":"ImageObject","url":"https:\/\/candas365.es\/noticias\/wp-content\/uploads\/2020\/12\/Carles-Tusquets.jpg","@id":"https:\/\/candas365.es\/noticias\/carles-tusquets-economicamente-yo-habria-vendido-a-messi\/#mainImage","width":883,"height":668,"caption":"Foto: RAC1 \/ Europa Press"},"primaryImageOfPage":{"@id":"https:\/\/candas365.es\/noticias\/carles-tusquets-economicamente-yo-habria-vendido-a-messi\/#mainImage"},"datePublished":"2020-12-03T14:51:55+01:00","dateModified":"2020-12-03T14:51:55+01:00"},{"@type":"WebSite","@id":"https:\/\/candas365.es\/noticias\/#website","url":"https:\/\/candas365.es\/noticias\/","name":"Cand\u00e1s 365","alternateName":"Cand\u00e1s 365 Noticias","description":"Actualidad desde Carre\u00f1o para el mundo","inLanguage":"es-ES","publisher":{"@id":"https:\/\/candas365.es\/noticias\/#organization"}}]},"og:locale":"es_ES","og:site_name":"Cand\u00e1s 365","og:type":"article","og:title":"Carles Tusquets: &quot;Econ\u00f3micamente, yo habr\u00eda vendido a Messi&quot; | Cand\u00e1s 365","og:description":"Carles Tusquets ha asegurado que \u00e9l habr\u00eda tomado la decisi\u00f3n de dejar salir, el verano pasado, a Leo Messi y venderlo","og:url":"https:\/\/candas365.es\/noticias\/carles-tusquets-economicamente-yo-habria-vendido-a-messi\/","og:image":"https:\/\/candas365.es\/noticias\/wp-content\/uploads\/2020\/12\/Carles-Tusquets.jpg","og:image:secure_url":"https:\/\/candas365.es\/noticias\/wp-content\/uploads\/2020\/12\/Carles-Tusquets.jpg","og:image:width":883,"og:image:height":668,"article:published_time":"2020-12-03T14:51:55+00:00","article:modified_time":"2020-12-03T14:51:55+00:00","article:publisher":"https:\/\/www.facebook.com\/Nachofdezber","article:author":"https:\/\/www.facebook.com\/carrenoactualidad","twitter:card":"summary_large_image","twitter:site":"@NabercoDigital","twitter:title":"Carles Tusquets: &quot;Econ\u00f3micamente, yo habr\u00eda vendido a Messi&quot; | Cand\u00e1s 365","twitter:description":"Carles Tusquets ha asegurado que \u00e9l habr\u00eda tomado la decisi\u00f3n de dejar salir, el verano pasado, a Leo Messi y venderlo","twitter:creator":"@nbasturias","twitter:image":"https:\/\/candas365.es\/noticias\/wp-content\/uploads\/2020\/12\/Carles-Tusquets.jpg","twitter:label1":"Escrito por","twitter:data1":"Cand\u00e1s 365","twitter:label2":"Tiempo de lectura estimado","twitter:data2":"2 minutos"},"aioseo_meta_data":{"post_id":"149188","title":"Carles Tusquets: &quot;Econ\u00f3micamente, yo habr\u00eda vendido a Messi&quot; | #site_title","description":"Carles Tusquets ha asegurado que \u00e9l habr\u00eda tomado la decisi\u00f3n de dejar salir, el verano pasado, a Leo Messi y venderlo","keywords":[{"label":"Deportes","value":"Deportes"},{"label":"F\u00fatbol","value":"F\u00fatbol"}],"keyphrases":null,"primary_term":null,"canonical_url":"","og_title":null,"og_description":null,"og_object_type":"default","og_image_type":"default","og_image_url":null,"og_image_width":null,"og_image_height":null,"og_image_custom_url":null,"og_image_custom_fields":null,"og_video":null,"og_custom_url":null,"og_article_section":null,"og_article_tags":null,"twitter_use_og":false,"twitter_card":"default","twitter_image_type":"default","twitter_image_url":null,"twitter_image_custom_url":null,"twitter_image_custom_fields":null,"twitter_title":null,"twitter_description":null,"schema":{"blockGraphs":[],"customGraphs":[],"default":{"data":{"Article":[],"Course":[],"Dataset":[],"FAQPage":[],"Movie":[],"Person":[],"Product":[],"ProductReview":[],"Car":[],"Recipe":[],"Service":[],"SoftwareApplication":[],"WebPage":[]},"graphName":"","isEnabled":true},"graphs":[],"defaultGraph":"","defaultPostTypeGraph":""},"schema_type":null,"schema_type_options":null,"pillar_content":false,"robots_default":true,"robots_noindex":false,"robots_noarchive":false,"robots_nosnippet":false,"robots_nofollow":false,"robots_noimageindex":false,"robots_noodp":false,"robots_notranslate":false,"robots_max_snippet":null,"robots_max_videopreview":null,"robots_max_imagepreview":"large","priority":null,"frequency":null,"location":null,"local_seo":null,"seo_analyzer_scan_date":"2025-08-31 14:29:10","breadcrumb_settings":null,"limit_modified_date":false,"reviewed_by":null,"open_ai":null,"ai":null,"created":"2020-12-21 10:37:57","updated":"2025-08-31 14:29:10"},"aioseo_breadcrumb":"<div class=\"aioseo-breadcrumbs\"><span class=\"aioseo-breadcrumb\">\n\t<a href=\"https:\/\/candas365.es\/noticias\" title=\"Home\">Home<\/a>\n<\/span><span class=\"aioseo-breadcrumb-separator\">&ndash;<\/span><span class=\"aioseo-breadcrumb\">\n\t<a href=\"https:\/\/candas365.es\/noticias\/category\/deporte\/\" title=\"Deporte\">Deporte<\/a>\n<\/span><span class=\"aioseo-breadcrumb-separator\">&ndash;<\/span><span class=\"aioseo-breadcrumb\">\n\tCarles Tusquets: \u00abEcon\u00f3micamente, yo habr\u00eda vendido a Messi\u00bb\n<\/span><\/div>","aioseo_breadcrumb_json":[{"label":"Home","link":"https:\/\/candas365.es\/noticias"},{"label":"Deporte","link":"https:\/\/candas365.es\/noticias\/category\/deporte\/"},{"label":"Carles Tusquets: \u00abEcon\u00f3micamente, yo habr\u00eda vendido a Messi\u00bb","link":"https:\/\/candas365.es\/noticias\/carles-tusquets-economicamente-yo-habria-vendido-a-messi\/"}],"_links":{"self":[{"href":"https:\/\/candas365.es\/noticias\/wp-json\/wp\/v2\/posts\/149188","targetHints":{"allow":["GET"]}}],"collection":[{"href":"https:\/\/candas365.es\/noticias\/wp-json\/wp\/v2\/posts"}],"about":[{"href":"https:\/\/candas365.es\/noticias\/wp-json\/wp\/v2\/types\/post"}],"author":[{"embeddable":true,"href":"https:\/\/candas365.es\/noticias\/wp-json\/wp\/v2\/users\/1"}],"replies":[{"embeddable":true,"href":"https:\/\/candas365.es\/noticias\/wp-json\/wp\/v2\/comments?post=149188"}],"version-history":[{"count":0,"href":"https:\/\/candas365.es\/noticias\/wp-json\/wp\/v2\/posts\/149188\/revisions"}],"wp:featuredmedia":[{"embeddable":true,"href":"https:\/\/candas365.es\/noticias\/wp-json\/wp\/v2\/media\/149189"}],"wp:attachment":[{"href":"https:\/\/candas365.es\/noticias\/wp-json\/wp\/v2\/media?parent=149188"}],"wp:term":[{"taxonomy":"category","embeddable":true,"href":"https:\/\/candas365.es\/noticias\/wp-json\/wp\/v2\/categories?post=149188"},{"taxonomy":"post_tag","embeddable":true,"href":"https:\/\/candas365.es\/noticias\/wp-json\/wp\/v2\/tags?post=149188"}],"curies":[{"name":"wp","href":"https:\/\/api.w.org\/{rel}","templated":true}]}}