{"id":149165,"date":"2020-12-03T10:06:12","date_gmt":"2020-12-03T10:06:12","guid":{"rendered":"http:\/\/candas365.es\/noticias\/?p=149165"},"modified":"2020-12-03T10:06:12","modified_gmt":"2020-12-03T10:06:12","slug":"las-nuevas-reglas-para-los-estudiantes-de-carreno","status":"publish","type":"post","link":"https:\/\/candas365.es\/noticias\/las-nuevas-reglas-para-los-estudiantes-de-carreno\/","title":{"rendered":"Las nuevas \u201creglas\u201d para los estudiantes de Carre\u00f1o"},"content":{"rendered":"<p><img fetchpriority=\"high\" decoding=\"async\" class=\"alignleft size-medium wp-image-149166\" src=\"https:\/\/candas365.es\/noticias\/wp-content\/uploads\/2020\/12\/workshop-2209239_640-360x240.jpg\" alt=\"\" width=\"360\" height=\"240\" srcset=\"https:\/\/candas365.es\/noticias\/wp-content\/uploads\/2020\/12\/workshop-2209239_640-360x240.jpg 360w, https:\/\/candas365.es\/noticias\/wp-content\/uploads\/2020\/12\/workshop-2209239_640.jpg 640w\" sizes=\"(max-width: 360px) 100vw, 360px\" \/>La Consejer\u00eda de Educaci\u00f3n ha mantenido reuniones telem\u00e1ticas con los equipos directivos de los institutos p\u00fablicos y de los Centros Integrados de Formaci\u00f3n Profesional (CIFP) para trasladarles una propuesta sobre los criterios de evaluaci\u00f3n, promoci\u00f3n y titulaci\u00f3n para este curso, que tiene como referente el Real Decreto Ley 31\/2020, de 29 de septiembre, de medidas urgentes en el \u00e1mbito de la educaci\u00f3n no universitaria para adaptarse a la crisis sanitaria.<\/p>\n<p>La directora general de Ordenaci\u00f3n Acad\u00e9mica, Evaluaci\u00f3n y Equidad Educativa, Paula Garc\u00eda; el director general de Ense\u00f1anzas Profesionales, Javier Cueli, y miembros del Servicio de Inspecci\u00f3n han informado a los centros de estos planteamientos.<strong> Las decisiones sobre la evaluaci\u00f3n han de ser colegiadas, adoptadas por el equipo docente, con una valoraci\u00f3n por competencias, flexibles y que tengan en cuenta la situaci\u00f3n excepcional de la pandemia<\/strong>. El objetivo es analizar el aprendizaje del alumnado con una perspectiva global.<\/p>\n<p>El marco se atiene a lo que establecen los decretos auton\u00f3micos que regulan los curr\u00edculos de Secundaria y Bachillerato. Los \u00f3rganos y equipos de coordinaci\u00f3n y docentes podr\u00e1n proponer la adecuaci\u00f3n de los criterios de evaluaci\u00f3n para garantizar la continuidad de los procesos educativos, de acuerdo con las adaptaciones de las programaciones realizadas en el inicio del curso actual.<\/p>\n<p><strong>El alumnado pasar\u00e1 de curso u obtendr\u00e1 la titulaci\u00f3n en la ESO con dos materias suspensas y, de manera extraordinaria, con tres.<\/strong> La repetici\u00f3n ser\u00e1 una medida de car\u00e1cter excepcional y deber\u00e1 estar fundamentada debidamente. La decisi\u00f3n sobre la titulaci\u00f3n se adoptar\u00e1 en funci\u00f3n del grado de cumplimiento de los objetivos de la etapa y el desarrollo de competencias. Para obtener el t\u00edtulo de Bachillerato ser\u00e1 necesaria una calificaci\u00f3n media igual o superior a un cinco.<\/p>\n<p>La propuesta trasladada hoy a las direcciones incide en que los equipos docentes deber\u00e1n adoptar las decisiones que resulten m\u00e1s favorables al alumnado, sin que el contexto en que se est\u00e1 desarrollando el curso, la organizaci\u00f3n lectiva o una posible suspensi\u00f3n de la actividad por motivos sanitarios puedan influir de manera negativa.<\/p>\n<p>En el \u00e1mbito de la Formaci\u00f3n Profesional (FP), se permitir\u00e1 al alumnado matricularse en m\u00f3dulos de segundo curso si la carga horaria de los superados en primero es superior al 50% y si el horario es compatible con el primer curso.<\/p>\n<p>Tambi\u00e9n se han adoptado medidas de flexibilizaci\u00f3n de la Formaci\u00f3n en Centros de Trabajo (FCT). <strong>Cuando no sea posible la estancia en empresas, se sustituir\u00e1 por una propuesta de actividades asociadas al entorno laboral<\/strong>, que se podr\u00e1n realizar de forma no presencial si las condiciones sanitarias lo exigen.<\/p>\n<p>La Consejer\u00eda de Educaci\u00f3n tambi\u00e9n tiene previsto organizar en los pr\u00f3ximos d\u00edas reuniones de trabajo con los equipos directivos de los centros de Infantil y Primaria.<\/p>\n","protected":false},"excerpt":{"rendered":"<p>La Consejer\u00eda de Educaci\u00f3n ha mantenido reuniones telem\u00e1ticas con los equipos directivos de los institutos p\u00fablicos y de los Centros Integrados de Formaci\u00f3n Profesional (CIFP) para trasladarles una propuesta sobre los criterios de evaluaci\u00f3n, promoci\u00f3n y titulaci\u00f3n para este curso, que tiene como referente el Real Decreto Ley 31\/2020, de 29 de septiembre, de medidas<\/p>\n","protected":false},"author":1,"featured_media":149166,"comment_status":"closed","ping_status":"closed","sticky":false,"template":"","format":"standard","meta":{"footnotes":""},"categories":[2],"tags":[],"class_list":{"0":"post-149165","1":"post","2":"type-post","3":"status-publish","4":"format-standard","5":"has-post-thumbnail","7":"category-noticias-carreno"},"aioseo_notices":[],"aioseo_head":"\n\t\t<!-- All in One SEO Pro 4.9.6.2 - aioseo.com -->\n\t<meta name=\"description\" content=\"El alumnado pasar\u00e1 de curso u obtendr\u00e1 la titulaci\u00f3n en la ESO con dos materias suspensas y, de manera extraordinaria, con tres.\" \/>\n\t<meta name=\"robots\" content=\"max-image-preview:large\" \/>\n\t<meta name=\"author\" content=\"Cand\u00e1s 365\"\/>\n\t<meta name=\"google-site-verification\" content=\"UA-32230408-1\" \/>\n\t<meta name=\"msvalidate.01\" content=\"354F3CDFB2DA171B47FBE9ABF1F88D5\" \/>\n\t<meta name=\"keywords\" content=\"noticias carre\u00f1o,actualidad cand\u00e1s\" \/>\n\t<link rel=\"canonical\" href=\"https:\/\/candas365.es\/noticias\/las-nuevas-reglas-para-los-estudiantes-de-carreno\/\" \/>\n\t<meta name=\"generator\" content=\"All in One SEO Pro (AIOSEO) 4.9.6.2\" \/>\n\t\t<meta property=\"og:locale\" content=\"es_ES\" \/>\n\t\t<meta property=\"og:site_name\" content=\"Cand\u00e1s 365\" \/>\n\t\t<meta property=\"og:type\" content=\"article\" \/>\n\t\t<meta property=\"og:title\" content=\"Las nuevas \u201creglas\u201d para los estudiantes de Carre\u00f1o | Cand\u00e1s 365\" \/>\n\t\t<meta property=\"og:description\" content=\"El alumnado pasar\u00e1 de curso u obtendr\u00e1 la titulaci\u00f3n en la ESO con dos materias suspensas y, de manera extraordinaria, con tres.\" \/>\n\t\t<meta property=\"og:url\" content=\"https:\/\/candas365.es\/noticias\/las-nuevas-reglas-para-los-estudiantes-de-carreno\/\" \/>\n\t\t<meta property=\"og:image\" content=\"https:\/\/candas365.es\/noticias\/wp-content\/uploads\/2020\/12\/workshop-2209239_640.jpg\" \/>\n\t\t<meta property=\"og:image:secure_url\" content=\"https:\/\/candas365.es\/noticias\/wp-content\/uploads\/2020\/12\/workshop-2209239_640.jpg\" \/>\n\t\t<meta property=\"og:image:width\" content=\"640\" \/>\n\t\t<meta property=\"og:image:height\" content=\"427\" \/>\n\t\t<meta property=\"article:published_time\" content=\"2020-12-03T10:06:12+00:00\" \/>\n\t\t<meta property=\"article:modified_time\" content=\"2020-12-03T10:06:12+00:00\" \/>\n\t\t<meta property=\"article:publisher\" content=\"https:\/\/www.facebook.com\/Nachofdezber\" \/>\n\t\t<meta property=\"article:author\" content=\"https:\/\/www.facebook.com\/carrenoactualidad\" \/>\n\t\t<meta name=\"twitter:card\" content=\"summary_large_image\" \/>\n\t\t<meta name=\"twitter:site\" content=\"@NabercoDigital\" \/>\n\t\t<meta name=\"twitter:title\" content=\"Las nuevas \u201creglas\u201d para los estudiantes de Carre\u00f1o | Cand\u00e1s 365\" \/>\n\t\t<meta name=\"twitter:description\" content=\"El alumnado pasar\u00e1 de curso u obtendr\u00e1 la titulaci\u00f3n en la ESO con dos materias suspensas y, de manera extraordinaria, con tres.\" \/>\n\t\t<meta name=\"twitter:creator\" content=\"@nbasturias\" \/>\n\t\t<meta name=\"twitter:image\" content=\"https:\/\/candas365.es\/noticias\/wp-content\/uploads\/2020\/12\/workshop-2209239_640.jpg\" \/>\n\t\t<meta name=\"twitter:label1\" content=\"Escrito por\" \/>\n\t\t<meta name=\"twitter:data1\" content=\"Cand\u00e1s 365\" \/>\n\t\t<meta name=\"twitter:label2\" content=\"Tiempo de lectura estimado\" \/>\n\t\t<meta name=\"twitter:data2\" content=\"2 minutos\" \/>\n\t\t<script type=\"application\/ld+json\" class=\"aioseo-schema\">\n\t\t\t{\"@context\":\"https:\\\/\\\/schema.org\",\"@graph\":[{\"@type\":\"BreadcrumbList\",\"@id\":\"https:\\\/\\\/candas365.es\\\/noticias\\\/las-nuevas-reglas-para-los-estudiantes-de-carreno\\\/#breadcrumblist\",\"itemListElement\":[{\"@type\":\"ListItem\",\"@id\":\"https:\\\/\\\/candas365.es\\\/noticias#listItem\",\"position\":1,\"name\":\"Home\",\"item\":\"https:\\\/\\\/candas365.es\\\/noticias\",\"nextItem\":{\"@type\":\"ListItem\",\"@id\":\"https:\\\/\\\/candas365.es\\\/noticias\\\/category\\\/noticias-carreno\\\/#listItem\",\"name\":\"Noticias Carre\\u00f1o\"}},{\"@type\":\"ListItem\",\"@id\":\"https:\\\/\\\/candas365.es\\\/noticias\\\/category\\\/noticias-carreno\\\/#listItem\",\"position\":2,\"name\":\"Noticias Carre\\u00f1o\",\"item\":\"https:\\\/\\\/candas365.es\\\/noticias\\\/category\\\/noticias-carreno\\\/\",\"nextItem\":{\"@type\":\"ListItem\",\"@id\":\"https:\\\/\\\/candas365.es\\\/noticias\\\/las-nuevas-reglas-para-los-estudiantes-de-carreno\\\/#listItem\",\"name\":\"Las nuevas \\u201creglas\\u201d para los estudiantes de Carre\\u00f1o\"},\"previousItem\":{\"@type\":\"ListItem\",\"@id\":\"https:\\\/\\\/candas365.es\\\/noticias#listItem\",\"name\":\"Home\"}},{\"@type\":\"ListItem\",\"@id\":\"https:\\\/\\\/candas365.es\\\/noticias\\\/las-nuevas-reglas-para-los-estudiantes-de-carreno\\\/#listItem\",\"position\":3,\"name\":\"Las nuevas \\u201creglas\\u201d para los estudiantes de Carre\\u00f1o\",\"previousItem\":{\"@type\":\"ListItem\",\"@id\":\"https:\\\/\\\/candas365.es\\\/noticias\\\/category\\\/noticias-carreno\\\/#listItem\",\"name\":\"Noticias Carre\\u00f1o\"}}]},{\"@type\":\"NewsArticle\",\"@id\":\"https:\\\/\\\/candas365.es\\\/noticias\\\/las-nuevas-reglas-para-los-estudiantes-de-carreno\\\/#newsarticle\",\"name\":\"Las nuevas \\u201creglas\\u201d para los estudiantes de Carre\\u00f1o | Cand\\u00e1s 365\",\"headline\":\"Las nuevas \\u201creglas\\u201d para los estudiantes de Carre\\u00f1o\",\"author\":{\"@id\":\"https:\\\/\\\/candas365.es\\\/noticias\\\/author\\\/admin\\\/#author\"},\"publisher\":{\"@id\":\"https:\\\/\\\/candas365.es\\\/noticias\\\/#organization\"},\"image\":{\"@type\":\"ImageObject\",\"url\":\"https:\\\/\\\/candas365.es\\\/noticias\\\/wp-content\\\/uploads\\\/2020\\\/12\\\/workshop-2209239_640.jpg\",\"width\":640,\"height\":427},\"datePublished\":\"2020-12-03T10:06:12+01:00\",\"dateModified\":\"2020-12-03T10:06:12+01:00\",\"inLanguage\":\"es-ES\",\"mainEntityOfPage\":{\"@id\":\"https:\\\/\\\/candas365.es\\\/noticias\\\/las-nuevas-reglas-para-los-estudiantes-de-carreno\\\/#webpage\"},\"isPartOf\":{\"@id\":\"https:\\\/\\\/candas365.es\\\/noticias\\\/las-nuevas-reglas-para-los-estudiantes-de-carreno\\\/#webpage\"},\"articleSection\":\"Noticias Carre\\u00f1o\",\"dateline\":\"Publicado el diciembre 3, 2020.\"},{\"@type\":\"Organization\",\"@id\":\"https:\\\/\\\/candas365.es\\\/noticias\\\/#organization\",\"name\":\"Cand\\u00e1s 365\",\"description\":\"Cand\\u00e1s 365 es un diario digital independiente, fundado en 2012, con base en Asturias. Informamos con rigor sobre actualidad, sociedad, cultura y ocio, con una mirada local y global.\",\"url\":\"https:\\\/\\\/candas365.es\\\/noticias\\\/\",\"email\":\"info@candas365.es\",\"telephone\":\"+34652131393\",\"foundingDate\":\"2012-06-10\",\"logo\":{\"@type\":\"ImageObject\",\"url\":\"https:\\\/\\\/candas365.es\\\/noticias\\\/wp-content\\\/uploads\\\/2024\\\/09\\\/Candas-365-Redes.jpg\",\"@id\":\"https:\\\/\\\/candas365.es\\\/noticias\\\/las-nuevas-reglas-para-los-estudiantes-de-carreno\\\/#organizationLogo\",\"width\":1152,\"height\":864,\"caption\":\"Cand\\u00e1s 365 Redes\"},\"image\":{\"@id\":\"https:\\\/\\\/candas365.es\\\/noticias\\\/las-nuevas-reglas-para-los-estudiantes-de-carreno\\\/#organizationLogo\"},\"sameAs\":[\"https:\\\/\\\/www.facebook.com\\\/Nachofdezber\",\"https:\\\/\\\/x.com\\\/NabercoDigital\",\"https:\\\/\\\/www.instagram.com\\\/nachofdezber\\\/\",\"https:\\\/\\\/www.youtube.com\\\/channel\\\/UCZP-2wLEB9Rv6erhFmqVnvg\"],\"address\":{\"@id\":\"https:\\\/\\\/candas365.es\\\/noticias\\\/#postaladdress\",\"@type\":\"PostalAddress\",\"streetAddress\":\"san antonio 4, san antonio 4\",\"postalCode\":\"33430\",\"addressLocality\":\"Cand\\u00e1s\",\"addressRegion\":\"Asturias\",\"addressCountry\":\"ES\"}},{\"@type\":\"Person\",\"@id\":\"https:\\\/\\\/candas365.es\\\/noticias\\\/author\\\/admin\\\/#author\",\"url\":\"https:\\\/\\\/candas365.es\\\/noticias\\\/author\\\/admin\\\/\",\"name\":\"Cand\\u00e1s 365\",\"image\":{\"@type\":\"ImageObject\",\"@id\":\"https:\\\/\\\/candas365.es\\\/noticias\\\/las-nuevas-reglas-para-los-estudiantes-de-carreno\\\/#authorImage\",\"url\":\"https:\\\/\\\/secure.gravatar.com\\\/avatar\\\/496a8e03d0c493ede1718b7934145dbdf8d89be1036b0eec9544e1094c9de390?s=96&d=mm&r=g\",\"width\":96,\"height\":96,\"caption\":\"Cand\\u00e1s 365\"},\"sameAs\":[\"https:\\\/\\\/www.facebook.com\\\/carrenoactualidad\",\"https:\\\/\\\/twitter.com\\\/nbasturias\",\"https:\\\/\\\/www.instagram.com\\\/nachofdezber\\\/\",\"https:\\\/\\\/www.youtube.com\\\/channel\\\/UCZP-2wLEB9Rv6erhFmqVnvg\"]},{\"@type\":\"WebPage\",\"@id\":\"https:\\\/\\\/candas365.es\\\/noticias\\\/las-nuevas-reglas-para-los-estudiantes-de-carreno\\\/#webpage\",\"url\":\"https:\\\/\\\/candas365.es\\\/noticias\\\/las-nuevas-reglas-para-los-estudiantes-de-carreno\\\/\",\"name\":\"Las nuevas \\u201creglas\\u201d para los estudiantes de Carre\\u00f1o | Cand\\u00e1s 365\",\"description\":\"El alumnado pasar\\u00e1 de curso u obtendr\\u00e1 la titulaci\\u00f3n en la ESO con dos materias suspensas y, de manera extraordinaria, con tres.\",\"inLanguage\":\"es-ES\",\"isPartOf\":{\"@id\":\"https:\\\/\\\/candas365.es\\\/noticias\\\/#website\"},\"breadcrumb\":{\"@id\":\"https:\\\/\\\/candas365.es\\\/noticias\\\/las-nuevas-reglas-para-los-estudiantes-de-carreno\\\/#breadcrumblist\"},\"author\":{\"@id\":\"https:\\\/\\\/candas365.es\\\/noticias\\\/author\\\/admin\\\/#author\"},\"creator\":{\"@id\":\"https:\\\/\\\/candas365.es\\\/noticias\\\/author\\\/admin\\\/#author\"},\"image\":{\"@type\":\"ImageObject\",\"url\":\"https:\\\/\\\/candas365.es\\\/noticias\\\/wp-content\\\/uploads\\\/2020\\\/12\\\/workshop-2209239_640.jpg\",\"@id\":\"https:\\\/\\\/candas365.es\\\/noticias\\\/las-nuevas-reglas-para-los-estudiantes-de-carreno\\\/#mainImage\",\"width\":640,\"height\":427},\"primaryImageOfPage\":{\"@id\":\"https:\\\/\\\/candas365.es\\\/noticias\\\/las-nuevas-reglas-para-los-estudiantes-de-carreno\\\/#mainImage\"},\"datePublished\":\"2020-12-03T10:06:12+01:00\",\"dateModified\":\"2020-12-03T10:06:12+01:00\"},{\"@type\":\"WebSite\",\"@id\":\"https:\\\/\\\/candas365.es\\\/noticias\\\/#website\",\"url\":\"https:\\\/\\\/candas365.es\\\/noticias\\\/\",\"name\":\"Cand\\u00e1s 365\",\"alternateName\":\"Cand\\u00e1s 365 Noticias\",\"description\":\"Actualidad desde Carre\\u00f1o para el mundo\",\"inLanguage\":\"es-ES\",\"publisher\":{\"@id\":\"https:\\\/\\\/candas365.es\\\/noticias\\\/#organization\"}}]}\n\t\t<\/script>\n\t\t<!-- All in One SEO Pro -->\r\n\t\t<title>Las nuevas \u201creglas\u201d para los estudiantes de Carre\u00f1o | Cand\u00e1s 365<\/title>\n\n","aioseo_head_json":{"title":"Las nuevas \u201creglas\u201d para los estudiantes de Carre\u00f1o | Cand\u00e1s 365","description":"El alumnado pasar\u00e1 de curso u obtendr\u00e1 la titulaci\u00f3n en la ESO con dos materias suspensas y, de manera extraordinaria, con tres.","canonical_url":"https:\/\/candas365.es\/noticias\/las-nuevas-reglas-para-los-estudiantes-de-carreno\/","robots":"max-image-preview:large","keywords":"noticias carre\u00f1o,actualidad cand\u00e1s","webmasterTools":{"google-site-verification":"UA-32230408-1","msvalidate.01":"354F3CDFB2DA171B47FBE9ABF1F88D5","miscellaneous":""},"schema":{"@context":"https:\/\/schema.org","@graph":[{"@type":"BreadcrumbList","@id":"https:\/\/candas365.es\/noticias\/las-nuevas-reglas-para-los-estudiantes-de-carreno\/#breadcrumblist","itemListElement":[{"@type":"ListItem","@id":"https:\/\/candas365.es\/noticias#listItem","position":1,"name":"Home","item":"https:\/\/candas365.es\/noticias","nextItem":{"@type":"ListItem","@id":"https:\/\/candas365.es\/noticias\/category\/noticias-carreno\/#listItem","name":"Noticias Carre\u00f1o"}},{"@type":"ListItem","@id":"https:\/\/candas365.es\/noticias\/category\/noticias-carreno\/#listItem","position":2,"name":"Noticias Carre\u00f1o","item":"https:\/\/candas365.es\/noticias\/category\/noticias-carreno\/","nextItem":{"@type":"ListItem","@id":"https:\/\/candas365.es\/noticias\/las-nuevas-reglas-para-los-estudiantes-de-carreno\/#listItem","name":"Las nuevas \u201creglas\u201d para los estudiantes de Carre\u00f1o"},"previousItem":{"@type":"ListItem","@id":"https:\/\/candas365.es\/noticias#listItem","name":"Home"}},{"@type":"ListItem","@id":"https:\/\/candas365.es\/noticias\/las-nuevas-reglas-para-los-estudiantes-de-carreno\/#listItem","position":3,"name":"Las nuevas \u201creglas\u201d para los estudiantes de Carre\u00f1o","previousItem":{"@type":"ListItem","@id":"https:\/\/candas365.es\/noticias\/category\/noticias-carreno\/#listItem","name":"Noticias Carre\u00f1o"}}]},{"@type":"NewsArticle","@id":"https:\/\/candas365.es\/noticias\/las-nuevas-reglas-para-los-estudiantes-de-carreno\/#newsarticle","name":"Las nuevas \u201creglas\u201d para los estudiantes de Carre\u00f1o | Cand\u00e1s 365","headline":"Las nuevas \u201creglas\u201d para los estudiantes de Carre\u00f1o","author":{"@id":"https:\/\/candas365.es\/noticias\/author\/admin\/#author"},"publisher":{"@id":"https:\/\/candas365.es\/noticias\/#organization"},"image":{"@type":"ImageObject","url":"https:\/\/candas365.es\/noticias\/wp-content\/uploads\/2020\/12\/workshop-2209239_640.jpg","width":640,"height":427},"datePublished":"2020-12-03T10:06:12+01:00","dateModified":"2020-12-03T10:06:12+01:00","inLanguage":"es-ES","mainEntityOfPage":{"@id":"https:\/\/candas365.es\/noticias\/las-nuevas-reglas-para-los-estudiantes-de-carreno\/#webpage"},"isPartOf":{"@id":"https:\/\/candas365.es\/noticias\/las-nuevas-reglas-para-los-estudiantes-de-carreno\/#webpage"},"articleSection":"Noticias Carre\u00f1o","dateline":"Publicado el diciembre 3, 2020."},{"@type":"Organization","@id":"https:\/\/candas365.es\/noticias\/#organization","name":"Cand\u00e1s 365","description":"Cand\u00e1s 365 es un diario digital independiente, fundado en 2012, con base en Asturias. Informamos con rigor sobre actualidad, sociedad, cultura y ocio, con una mirada local y global.","url":"https:\/\/candas365.es\/noticias\/","email":"info@candas365.es","telephone":"+34652131393","foundingDate":"2012-06-10","logo":{"@type":"ImageObject","url":"https:\/\/candas365.es\/noticias\/wp-content\/uploads\/2024\/09\/Candas-365-Redes.jpg","@id":"https:\/\/candas365.es\/noticias\/las-nuevas-reglas-para-los-estudiantes-de-carreno\/#organizationLogo","width":1152,"height":864,"caption":"Cand\u00e1s 365 Redes"},"image":{"@id":"https:\/\/candas365.es\/noticias\/las-nuevas-reglas-para-los-estudiantes-de-carreno\/#organizationLogo"},"sameAs":["https:\/\/www.facebook.com\/Nachofdezber","https:\/\/x.com\/NabercoDigital","https:\/\/www.instagram.com\/nachofdezber\/","https:\/\/www.youtube.com\/channel\/UCZP-2wLEB9Rv6erhFmqVnvg"],"address":{"@id":"https:\/\/candas365.es\/noticias\/#postaladdress","@type":"PostalAddress","streetAddress":"san antonio 4, san antonio 4","postalCode":"33430","addressLocality":"Cand\u00e1s","addressRegion":"Asturias","addressCountry":"ES"}},{"@type":"Person","@id":"https:\/\/candas365.es\/noticias\/author\/admin\/#author","url":"https:\/\/candas365.es\/noticias\/author\/admin\/","name":"Cand\u00e1s 365","image":{"@type":"ImageObject","@id":"https:\/\/candas365.es\/noticias\/las-nuevas-reglas-para-los-estudiantes-de-carreno\/#authorImage","url":"https:\/\/secure.gravatar.com\/avatar\/496a8e03d0c493ede1718b7934145dbdf8d89be1036b0eec9544e1094c9de390?s=96&d=mm&r=g","width":96,"height":96,"caption":"Cand\u00e1s 365"},"sameAs":["https:\/\/www.facebook.com\/carrenoactualidad","https:\/\/twitter.com\/nbasturias","https:\/\/www.instagram.com\/nachofdezber\/","https:\/\/www.youtube.com\/channel\/UCZP-2wLEB9Rv6erhFmqVnvg"]},{"@type":"WebPage","@id":"https:\/\/candas365.es\/noticias\/las-nuevas-reglas-para-los-estudiantes-de-carreno\/#webpage","url":"https:\/\/candas365.es\/noticias\/las-nuevas-reglas-para-los-estudiantes-de-carreno\/","name":"Las nuevas \u201creglas\u201d para los estudiantes de Carre\u00f1o | Cand\u00e1s 365","description":"El alumnado pasar\u00e1 de curso u obtendr\u00e1 la titulaci\u00f3n en la ESO con dos materias suspensas y, de manera extraordinaria, con tres.","inLanguage":"es-ES","isPartOf":{"@id":"https:\/\/candas365.es\/noticias\/#website"},"breadcrumb":{"@id":"https:\/\/candas365.es\/noticias\/las-nuevas-reglas-para-los-estudiantes-de-carreno\/#breadcrumblist"},"author":{"@id":"https:\/\/candas365.es\/noticias\/author\/admin\/#author"},"creator":{"@id":"https:\/\/candas365.es\/noticias\/author\/admin\/#author"},"image":{"@type":"ImageObject","url":"https:\/\/candas365.es\/noticias\/wp-content\/uploads\/2020\/12\/workshop-2209239_640.jpg","@id":"https:\/\/candas365.es\/noticias\/las-nuevas-reglas-para-los-estudiantes-de-carreno\/#mainImage","width":640,"height":427},"primaryImageOfPage":{"@id":"https:\/\/candas365.es\/noticias\/las-nuevas-reglas-para-los-estudiantes-de-carreno\/#mainImage"},"datePublished":"2020-12-03T10:06:12+01:00","dateModified":"2020-12-03T10:06:12+01:00"},{"@type":"WebSite","@id":"https:\/\/candas365.es\/noticias\/#website","url":"https:\/\/candas365.es\/noticias\/","name":"Cand\u00e1s 365","alternateName":"Cand\u00e1s 365 Noticias","description":"Actualidad desde Carre\u00f1o para el mundo","inLanguage":"es-ES","publisher":{"@id":"https:\/\/candas365.es\/noticias\/#organization"}}]},"og:locale":"es_ES","og:site_name":"Cand\u00e1s 365","og:type":"article","og:title":"Las nuevas \u201creglas\u201d para los estudiantes de Carre\u00f1o | Cand\u00e1s 365","og:description":"El alumnado pasar\u00e1 de curso u obtendr\u00e1 la titulaci\u00f3n en la ESO con dos materias suspensas y, de manera extraordinaria, con tres.","og:url":"https:\/\/candas365.es\/noticias\/las-nuevas-reglas-para-los-estudiantes-de-carreno\/","og:image":"https:\/\/candas365.es\/noticias\/wp-content\/uploads\/2020\/12\/workshop-2209239_640.jpg","og:image:secure_url":"https:\/\/candas365.es\/noticias\/wp-content\/uploads\/2020\/12\/workshop-2209239_640.jpg","og:image:width":640,"og:image:height":427,"article:published_time":"2020-12-03T10:06:12+00:00","article:modified_time":"2020-12-03T10:06:12+00:00","article:publisher":"https:\/\/www.facebook.com\/Nachofdezber","article:author":"https:\/\/www.facebook.com\/carrenoactualidad","twitter:card":"summary_large_image","twitter:site":"@NabercoDigital","twitter:title":"Las nuevas \u201creglas\u201d para los estudiantes de Carre\u00f1o | Cand\u00e1s 365","twitter:description":"El alumnado pasar\u00e1 de curso u obtendr\u00e1 la titulaci\u00f3n en la ESO con dos materias suspensas y, de manera extraordinaria, con tres.","twitter:creator":"@nbasturias","twitter:image":"https:\/\/candas365.es\/noticias\/wp-content\/uploads\/2020\/12\/workshop-2209239_640.jpg","twitter:label1":"Escrito por","twitter:data1":"Cand\u00e1s 365","twitter:label2":"Tiempo de lectura estimado","twitter:data2":"2 minutos"},"aioseo_meta_data":{"post_id":"149165","title":"Las nuevas \u201creglas\u201d para los estudiantes de Carre\u00f1o | #site_title","description":"El alumnado pasar\u00e1 de curso u obtendr\u00e1 la titulaci\u00f3n en la ESO con dos materias suspensas y, de manera extraordinaria, con tres.","keywords":[{"label":"Noticias Carre\u00f1o","value":"Noticias Carre\u00f1o"},{"label":"Actualidad Cand\u00e1s","value":"Actualidad Cand\u00e1s"}],"keyphrases":null,"primary_term":null,"canonical_url":"","og_title":null,"og_description":null,"og_object_type":"default","og_image_type":"default","og_image_url":null,"og_image_width":null,"og_image_height":null,"og_image_custom_url":null,"og_image_custom_fields":null,"og_video":null,"og_custom_url":null,"og_article_section":null,"og_article_tags":null,"twitter_use_og":false,"twitter_card":"default","twitter_image_type":"default","twitter_image_url":null,"twitter_image_custom_url":null,"twitter_image_custom_fields":null,"twitter_title":null,"twitter_description":null,"schema":{"blockGraphs":[],"customGraphs":[],"default":{"data":{"Article":[],"Course":[],"Dataset":[],"FAQPage":[],"Movie":[],"Person":[],"Product":[],"ProductReview":[],"Car":[],"Recipe":[],"Service":[],"SoftwareApplication":[],"WebPage":[]},"graphName":"","isEnabled":true},"graphs":[]},"schema_type":null,"schema_type_options":null,"pillar_content":false,"robots_default":true,"robots_noindex":false,"robots_noarchive":false,"robots_nosnippet":false,"robots_nofollow":false,"robots_noimageindex":false,"robots_noodp":false,"robots_notranslate":false,"robots_max_snippet":null,"robots_max_videopreview":null,"robots_max_imagepreview":"large","priority":null,"frequency":null,"location":null,"local_seo":null,"seo_analyzer_scan_date":"2025-08-31 14:27:24","breadcrumb_settings":null,"limit_modified_date":false,"reviewed_by":null,"open_ai":null,"ai":null,"created":"2020-12-21 10:37:57","updated":"2025-08-31 14:27:24"},"aioseo_breadcrumb":"<div class=\"aioseo-breadcrumbs\"><span class=\"aioseo-breadcrumb\">\n\t<a href=\"https:\/\/candas365.es\/noticias\" title=\"Home\">Home<\/a>\n<\/span><span class=\"aioseo-breadcrumb-separator\">&ndash;<\/span><span class=\"aioseo-breadcrumb\">\n\t<a href=\"https:\/\/candas365.es\/noticias\/category\/noticias-carreno\/\" title=\"Noticias Carre\u00f1o\">Noticias Carre\u00f1o<\/a>\n<\/span><span class=\"aioseo-breadcrumb-separator\">&ndash;<\/span><span class=\"aioseo-breadcrumb\">\n\tLas nuevas \u201creglas\u201d para los estudiantes de Carre\u00f1o\n<\/span><\/div>","aioseo_breadcrumb_json":[{"label":"Home","link":"https:\/\/candas365.es\/noticias"},{"label":"Noticias Carre\u00f1o","link":"https:\/\/candas365.es\/noticias\/category\/noticias-carreno\/"},{"label":"Las nuevas \u201creglas\u201d para los estudiantes de Carre\u00f1o","link":"https:\/\/candas365.es\/noticias\/las-nuevas-reglas-para-los-estudiantes-de-carreno\/"}],"_links":{"self":[{"href":"https:\/\/candas365.es\/noticias\/wp-json\/wp\/v2\/posts\/149165","targetHints":{"allow":["GET"]}}],"collection":[{"href":"https:\/\/candas365.es\/noticias\/wp-json\/wp\/v2\/posts"}],"about":[{"href":"https:\/\/candas365.es\/noticias\/wp-json\/wp\/v2\/types\/post"}],"author":[{"embeddable":true,"href":"https:\/\/candas365.es\/noticias\/wp-json\/wp\/v2\/users\/1"}],"replies":[{"embeddable":true,"href":"https:\/\/candas365.es\/noticias\/wp-json\/wp\/v2\/comments?post=149165"}],"version-history":[{"count":0,"href":"https:\/\/candas365.es\/noticias\/wp-json\/wp\/v2\/posts\/149165\/revisions"}],"wp:featuredmedia":[{"embeddable":true,"href":"https:\/\/candas365.es\/noticias\/wp-json\/wp\/v2\/media\/149166"}],"wp:attachment":[{"href":"https:\/\/candas365.es\/noticias\/wp-json\/wp\/v2\/media?parent=149165"}],"wp:term":[{"taxonomy":"category","embeddable":true,"href":"https:\/\/candas365.es\/noticias\/wp-json\/wp\/v2\/categories?post=149165"},{"taxonomy":"post_tag","embeddable":true,"href":"https:\/\/candas365.es\/noticias\/wp-json\/wp\/v2\/tags?post=149165"}],"curies":[{"name":"wp","href":"https:\/\/api.w.org\/{rel}","templated":true}]}}