{"id":149120,"date":"2020-12-02T20:12:05","date_gmt":"2020-12-02T20:12:05","guid":{"rendered":"http:\/\/candas365.es\/noticias\/?p=149120"},"modified":"2020-12-02T20:12:05","modified_gmt":"2020-12-02T20:12:05","slug":"proyecto-participativo-diagnostico-joven-en-carreno","status":"publish","type":"post","link":"https:\/\/candas365.es\/noticias\/proyecto-participativo-diagnostico-joven-en-carreno\/","title":{"rendered":"Proyecto participativo \u201cDiagn\u00f3stico Joven\u201d, en Carre\u00f1o"},"content":{"rendered":"<p><img fetchpriority=\"high\" decoding=\"async\" class=\"alignleft size-medium wp-image-149121\" src=\"https:\/\/candas365.es\/noticias\/wp-content\/uploads\/2020\/12\/whatsapp-1789194_640-360x240.jpg\" alt=\"\" width=\"360\" height=\"240\" srcset=\"https:\/\/candas365.es\/noticias\/wp-content\/uploads\/2020\/12\/whatsapp-1789194_640-360x240.jpg 360w, https:\/\/candas365.es\/noticias\/wp-content\/uploads\/2020\/12\/whatsapp-1789194_640.jpg 640w\" sizes=\"(max-width: 360px) 100vw, 360px\" \/>El consistorio local inici\u00f3, el pasado seis de noviembre, su primer encuentro online con j\u00f3venes del concejo dentro del proyecto participativo \u201cDiagn\u00f3stico Joven\u201d cuyo objetivo es desarrollar un diagn\u00f3stico participativo con la poblaci\u00f3n juvenil de Carre\u00f1o que sirva como medio para el desarrollo posterior de un programa de ocio alternativo para la juventud del municipio.<\/p>\n<p>En los primeros encuentros han participado un total de 15 chicos y chicas con edades comprendidas entre los 12 y 23 a\u00f1os.<\/p>\n<p>Los y las j\u00f3venes asistentes han planteado sus primeras propuestas y deseado que \u00abSe nos escuche, que somos j\u00f3venes, que estamos aqu\u00ed y queremos decir algo sobre lo que se haga en Carre\u00f1o\u00bb.<\/p>\n<p>\u201cUna de las propuestas formuladas por el grupo de participaci\u00f3n juvenil fue el hacer una encuesta. La decisi\u00f3n adoptada por los\/as j\u00f3venes de hacer una encuesta para consultar al resto de j\u00f3venes de Carre\u00f1o nos pareci\u00f3 muy interesante. La han dise\u00f1ado y las est\u00e1n difundiendo para que les digan qu\u00e9 pasa en Carre\u00f1o, qu\u00e9 les gusta, qu\u00e9 no les gusta y que les gustar\u00eda que hubiese en el municipio. El propio grupo de participaci\u00f3n particip\u00f3 el dise\u00f1o del cuestionario en formato online\u201d \u2013 explic\u00f3 Paula Cuervo, concejala de Participaci\u00f3n ciudadana.<\/p>\n<p>El enlace para participar en la encuesta sobre ocio en Carre\u00f1o est\u00e1 ya disponible y en \u00e9l podr\u00e1n participar j\u00f3venes del municipio con edades comprendidas entre los 13 y 30 a\u00f1os. Desde la Oficina Joven se dar\u00e1 difusi\u00f3n en redes sociales, as\u00ed como grupos de WhatsApp y el grupo de participaci\u00f3n juvenil lo difundir\u00e1 entre sus iguales.<\/p>\n<p><a href=\"https:\/\/docs.google.com\/forms\/d\/e\/1FAIpQLSc-DZa6FSHBhO04mW86BIUzjQohEf4HsRCeMJyU1I3V4yGuAQ\/viewform\" rel=\"nofollow \"><span style=\"color: #ff6600;\">https:\/\/docs.google.com\/forms\/d\/e\/1FAIpQLSc-DZa6FSHBhO04mW86BIUzjQohEf4HsRCeMJyU1I3V4yGuAQ\/viewform<\/span><\/a><\/p>\n<p>\u201cEl Ayuntamiento de Carre\u00f1o quiere conocer las inquietudes de sus j\u00f3venes, c\u00f3mo son, c\u00f3mo viven, qu\u00e9 les preocupa y qu\u00e9 nos proponen desarrollar para impulsar actividades de ocio alternativo y saludable. Aquellas personas que lo deseen, con edades comprendidas entre 13 y 30 a\u00f1os, pueden participar en esta consulta respondiendo al cuestionario on line. Todo lo que nos digan va a ser importante para poder perfilar propuestas y alternativas para el colectivo. La informaci\u00f3n suministrada al rellenar el cuestionario ser\u00e1 tratada de forma confidencial y s\u00f3lo ser\u00e1 utilizada para la finalidad anteriormente descrita\u201d \u2013 detall\u00f3 la edil.<\/p>\n<p>\u201c Imponerles actividades nunca es una buena opci\u00f3n, por eso pretendemos dise\u00f1ar y definir propuestas concretas para un programa de ocio y tiempo libre alternativo y saludable, donde descubran actividades atractivas alejadas del consumo de alcohol o del uso abusivo de la tecnolog\u00eda\u201d \u2013 afirm\u00f3 Cuervo.<\/p>\n<p>\u201c Desde las \u00e1reas de juventud y participaci\u00f3n nuestra labor es guiarles y fomentar dicha participaci\u00f3n a trav\u00e9s de actividades de ocio planificadas. Contamos con un equipo multidisciplinar coordinado por la Informadora Juvenil y que cuenta con profesionales de la animaci\u00f3n sociocultural, educadoras y educadores, y monitores\/as de ocio y tiempo libre titulados\/as para que les acompa\u00f1en y supervisar a los y las m\u00e1s j\u00f3venes en este proceso\u201d \u2013 detall\u00f3 Paula Cuervo.<\/p>\n<p>\u201c Queremos contar con su participaci\u00f3n e implicaci\u00f3n. Si a\u00fan no se han unido a las sesiones telem\u00e1ticas est\u00e1n a tiempo de participar. A tal fin, pueden contactar a trav\u00e9s de WhatsApp o e-mail con la Oficina Joven Mancomunidad Cabo Pe\u00f1as en el n\u00famero de tel\u00e9fono 606 89 52 47 y e-mail: oij@cabop.com\u201d concluy\u00f3 la concejala.<\/p>\n<p>&nbsp;<\/p>\n","protected":false},"excerpt":{"rendered":"<p>El consistorio local inici\u00f3, el pasado seis de noviembre, su primer encuentro online con j\u00f3venes del concejo dentro del proyecto participativo \u201cDiagn\u00f3stico Joven\u201d cuyo objetivo es desarrollar un diagn\u00f3stico participativo con la poblaci\u00f3n juvenil de Carre\u00f1o que sirva como medio para el desarrollo posterior de un programa de ocio alternativo para la juventud del municipio.<\/p>\n","protected":false},"author":1,"featured_media":149121,"comment_status":"closed","ping_status":"closed","sticky":false,"template":"","format":"standard","meta":{"footnotes":""},"categories":[2],"tags":[],"class_list":{"0":"post-149120","1":"post","2":"type-post","3":"status-publish","4":"format-standard","5":"has-post-thumbnail","7":"category-noticias-carreno"},"aioseo_notices":[],"aioseo_head":"\n\t\t<!-- All in One SEO Pro 4.9.6.2 - aioseo.com -->\n\t<meta name=\"description\" content=\"El enlace para participar en la encuesta sobre ocio en Carre\u00f1o est\u00e1 ya disponible y podr\u00e1n participar j\u00f3venes del municipio con edades entre los 13 y 30 a\u00f1os\" \/>\n\t<meta name=\"robots\" content=\"max-image-preview:large\" \/>\n\t<meta name=\"author\" content=\"Cand\u00e1s 365\"\/>\n\t<meta name=\"google-site-verification\" content=\"UA-32230408-1\" \/>\n\t<meta name=\"msvalidate.01\" content=\"354F3CDFB2DA171B47FBE9ABF1F88D5\" \/>\n\t<meta name=\"keywords\" content=\"carre\u00f1o,noticias cand\u00e1s,juventud,noticias carre\u00f1o\" \/>\n\t<link rel=\"canonical\" href=\"https:\/\/candas365.es\/noticias\/proyecto-participativo-diagnostico-joven-en-carreno\/\" \/>\n\t<meta name=\"generator\" content=\"All in One SEO Pro (AIOSEO) 4.9.6.2\" \/>\n\t\t<meta property=\"og:locale\" content=\"es_ES\" \/>\n\t\t<meta property=\"og:site_name\" content=\"Cand\u00e1s 365\" \/>\n\t\t<meta property=\"og:type\" content=\"article\" \/>\n\t\t<meta property=\"og:title\" content=\"Proyecto participativo \u201cDiagn\u00f3stico Joven\u201d, en Carre\u00f1o | Cand\u00e1s 365\" \/>\n\t\t<meta property=\"og:description\" content=\"El enlace para participar en la encuesta sobre ocio en Carre\u00f1o est\u00e1 ya disponible y podr\u00e1n participar j\u00f3venes del municipio con edades entre los 13 y 30 a\u00f1os\" \/>\n\t\t<meta property=\"og:url\" content=\"https:\/\/candas365.es\/noticias\/proyecto-participativo-diagnostico-joven-en-carreno\/\" \/>\n\t\t<meta property=\"og:image\" content=\"https:\/\/candas365.es\/noticias\/wp-content\/uploads\/2020\/12\/whatsapp-1789194_640.jpg\" \/>\n\t\t<meta property=\"og:image:secure_url\" content=\"https:\/\/candas365.es\/noticias\/wp-content\/uploads\/2020\/12\/whatsapp-1789194_640.jpg\" \/>\n\t\t<meta property=\"og:image:width\" content=\"640\" \/>\n\t\t<meta property=\"og:image:height\" content=\"426\" \/>\n\t\t<meta property=\"article:published_time\" content=\"2020-12-02T20:12:05+00:00\" \/>\n\t\t<meta property=\"article:modified_time\" content=\"2020-12-02T20:12:05+00:00\" \/>\n\t\t<meta property=\"article:publisher\" content=\"https:\/\/www.facebook.com\/Nachofdezber\" \/>\n\t\t<meta property=\"article:author\" content=\"https:\/\/www.facebook.com\/carrenoactualidad\" \/>\n\t\t<meta name=\"twitter:card\" content=\"summary_large_image\" \/>\n\t\t<meta name=\"twitter:site\" content=\"@NabercoDigital\" \/>\n\t\t<meta name=\"twitter:title\" content=\"Proyecto participativo \u201cDiagn\u00f3stico Joven\u201d, en Carre\u00f1o | Cand\u00e1s 365\" \/>\n\t\t<meta name=\"twitter:description\" content=\"El enlace para participar en la encuesta sobre ocio en Carre\u00f1o est\u00e1 ya disponible y podr\u00e1n participar j\u00f3venes del municipio con edades entre los 13 y 30 a\u00f1os\" \/>\n\t\t<meta name=\"twitter:creator\" content=\"@nbasturias\" \/>\n\t\t<meta name=\"twitter:image\" content=\"https:\/\/candas365.es\/noticias\/wp-content\/uploads\/2020\/12\/whatsapp-1789194_640.jpg\" \/>\n\t\t<meta name=\"twitter:label1\" content=\"Escrito por\" \/>\n\t\t<meta name=\"twitter:data1\" content=\"Cand\u00e1s 365\" \/>\n\t\t<meta name=\"twitter:label2\" content=\"Tiempo de lectura estimado\" \/>\n\t\t<meta name=\"twitter:data2\" content=\"3 minutos\" \/>\n\t\t<script type=\"application\/ld+json\" class=\"aioseo-schema\">\n\t\t\t{\"@context\":\"https:\\\/\\\/schema.org\",\"@graph\":[{\"@type\":\"BreadcrumbList\",\"@id\":\"https:\\\/\\\/candas365.es\\\/noticias\\\/proyecto-participativo-diagnostico-joven-en-carreno\\\/#breadcrumblist\",\"itemListElement\":[{\"@type\":\"ListItem\",\"@id\":\"https:\\\/\\\/candas365.es\\\/noticias#listItem\",\"position\":1,\"name\":\"Home\",\"item\":\"https:\\\/\\\/candas365.es\\\/noticias\",\"nextItem\":{\"@type\":\"ListItem\",\"@id\":\"https:\\\/\\\/candas365.es\\\/noticias\\\/category\\\/noticias-carreno\\\/#listItem\",\"name\":\"Noticias Carre\\u00f1o\"}},{\"@type\":\"ListItem\",\"@id\":\"https:\\\/\\\/candas365.es\\\/noticias\\\/category\\\/noticias-carreno\\\/#listItem\",\"position\":2,\"name\":\"Noticias Carre\\u00f1o\",\"item\":\"https:\\\/\\\/candas365.es\\\/noticias\\\/category\\\/noticias-carreno\\\/\",\"nextItem\":{\"@type\":\"ListItem\",\"@id\":\"https:\\\/\\\/candas365.es\\\/noticias\\\/proyecto-participativo-diagnostico-joven-en-carreno\\\/#listItem\",\"name\":\"Proyecto participativo \\u201cDiagn\\u00f3stico Joven\\u201d, en Carre\\u00f1o\"},\"previousItem\":{\"@type\":\"ListItem\",\"@id\":\"https:\\\/\\\/candas365.es\\\/noticias#listItem\",\"name\":\"Home\"}},{\"@type\":\"ListItem\",\"@id\":\"https:\\\/\\\/candas365.es\\\/noticias\\\/proyecto-participativo-diagnostico-joven-en-carreno\\\/#listItem\",\"position\":3,\"name\":\"Proyecto participativo \\u201cDiagn\\u00f3stico Joven\\u201d, en Carre\\u00f1o\",\"previousItem\":{\"@type\":\"ListItem\",\"@id\":\"https:\\\/\\\/candas365.es\\\/noticias\\\/category\\\/noticias-carreno\\\/#listItem\",\"name\":\"Noticias Carre\\u00f1o\"}}]},{\"@type\":\"NewsArticle\",\"@id\":\"https:\\\/\\\/candas365.es\\\/noticias\\\/proyecto-participativo-diagnostico-joven-en-carreno\\\/#newsarticle\",\"name\":\"Proyecto participativo \\u201cDiagn\\u00f3stico Joven\\u201d, en Carre\\u00f1o | Cand\\u00e1s 365\",\"headline\":\"Proyecto participativo \\u201cDiagn\\u00f3stico Joven\\u201d, en Carre\\u00f1o\",\"author\":{\"@id\":\"https:\\\/\\\/candas365.es\\\/noticias\\\/author\\\/admin\\\/#author\"},\"publisher\":{\"@id\":\"https:\\\/\\\/candas365.es\\\/noticias\\\/#organization\"},\"image\":{\"@type\":\"ImageObject\",\"url\":\"https:\\\/\\\/candas365.es\\\/noticias\\\/wp-content\\\/uploads\\\/2020\\\/12\\\/whatsapp-1789194_640.jpg\",\"width\":640,\"height\":426},\"datePublished\":\"2020-12-02T20:12:05+01:00\",\"dateModified\":\"2020-12-02T20:12:05+01:00\",\"inLanguage\":\"es-ES\",\"mainEntityOfPage\":{\"@id\":\"https:\\\/\\\/candas365.es\\\/noticias\\\/proyecto-participativo-diagnostico-joven-en-carreno\\\/#webpage\"},\"isPartOf\":{\"@id\":\"https:\\\/\\\/candas365.es\\\/noticias\\\/proyecto-participativo-diagnostico-joven-en-carreno\\\/#webpage\"},\"articleSection\":\"Noticias Carre\\u00f1o\",\"dateline\":\"Publicado el diciembre 2, 2020.\"},{\"@type\":\"Organization\",\"@id\":\"https:\\\/\\\/candas365.es\\\/noticias\\\/#organization\",\"name\":\"Cand\\u00e1s 365\",\"description\":\"Cand\\u00e1s 365 es un diario digital independiente, fundado en 2012, con base en Asturias. Informamos con rigor sobre actualidad, sociedad, cultura y ocio, con una mirada local y global.\",\"url\":\"https:\\\/\\\/candas365.es\\\/noticias\\\/\",\"email\":\"info@candas365.es\",\"telephone\":\"+34652131393\",\"foundingDate\":\"2012-06-10\",\"logo\":{\"@type\":\"ImageObject\",\"url\":\"https:\\\/\\\/candas365.es\\\/noticias\\\/wp-content\\\/uploads\\\/2024\\\/09\\\/Candas-365-Redes.jpg\",\"@id\":\"https:\\\/\\\/candas365.es\\\/noticias\\\/proyecto-participativo-diagnostico-joven-en-carreno\\\/#organizationLogo\",\"width\":1152,\"height\":864,\"caption\":\"Cand\\u00e1s 365 Redes\"},\"image\":{\"@id\":\"https:\\\/\\\/candas365.es\\\/noticias\\\/proyecto-participativo-diagnostico-joven-en-carreno\\\/#organizationLogo\"},\"sameAs\":[\"https:\\\/\\\/www.facebook.com\\\/Nachofdezber\",\"https:\\\/\\\/x.com\\\/NabercoDigital\",\"https:\\\/\\\/www.instagram.com\\\/nachofdezber\\\/\",\"https:\\\/\\\/www.youtube.com\\\/channel\\\/UCZP-2wLEB9Rv6erhFmqVnvg\"],\"address\":{\"@id\":\"https:\\\/\\\/candas365.es\\\/noticias\\\/#postaladdress\",\"@type\":\"PostalAddress\",\"streetAddress\":\"san antonio 4, san antonio 4\",\"postalCode\":\"33430\",\"addressLocality\":\"Cand\\u00e1s\",\"addressRegion\":\"Asturias\",\"addressCountry\":\"ES\"}},{\"@type\":\"Person\",\"@id\":\"https:\\\/\\\/candas365.es\\\/noticias\\\/author\\\/admin\\\/#author\",\"url\":\"https:\\\/\\\/candas365.es\\\/noticias\\\/author\\\/admin\\\/\",\"name\":\"Cand\\u00e1s 365\",\"image\":{\"@type\":\"ImageObject\",\"@id\":\"https:\\\/\\\/candas365.es\\\/noticias\\\/proyecto-participativo-diagnostico-joven-en-carreno\\\/#authorImage\",\"url\":\"https:\\\/\\\/secure.gravatar.com\\\/avatar\\\/496a8e03d0c493ede1718b7934145dbdf8d89be1036b0eec9544e1094c9de390?s=96&d=mm&r=g\",\"width\":96,\"height\":96,\"caption\":\"Cand\\u00e1s 365\"},\"sameAs\":[\"https:\\\/\\\/www.facebook.com\\\/carrenoactualidad\",\"https:\\\/\\\/twitter.com\\\/nbasturias\",\"https:\\\/\\\/www.instagram.com\\\/nachofdezber\\\/\",\"https:\\\/\\\/www.youtube.com\\\/channel\\\/UCZP-2wLEB9Rv6erhFmqVnvg\"]},{\"@type\":\"WebPage\",\"@id\":\"https:\\\/\\\/candas365.es\\\/noticias\\\/proyecto-participativo-diagnostico-joven-en-carreno\\\/#webpage\",\"url\":\"https:\\\/\\\/candas365.es\\\/noticias\\\/proyecto-participativo-diagnostico-joven-en-carreno\\\/\",\"name\":\"Proyecto participativo \\u201cDiagn\\u00f3stico Joven\\u201d, en Carre\\u00f1o | Cand\\u00e1s 365\",\"description\":\"El enlace para participar en la encuesta sobre ocio en Carre\\u00f1o est\\u00e1 ya disponible y podr\\u00e1n participar j\\u00f3venes del municipio con edades entre los 13 y 30 a\\u00f1os\",\"inLanguage\":\"es-ES\",\"isPartOf\":{\"@id\":\"https:\\\/\\\/candas365.es\\\/noticias\\\/#website\"},\"breadcrumb\":{\"@id\":\"https:\\\/\\\/candas365.es\\\/noticias\\\/proyecto-participativo-diagnostico-joven-en-carreno\\\/#breadcrumblist\"},\"author\":{\"@id\":\"https:\\\/\\\/candas365.es\\\/noticias\\\/author\\\/admin\\\/#author\"},\"creator\":{\"@id\":\"https:\\\/\\\/candas365.es\\\/noticias\\\/author\\\/admin\\\/#author\"},\"image\":{\"@type\":\"ImageObject\",\"url\":\"https:\\\/\\\/candas365.es\\\/noticias\\\/wp-content\\\/uploads\\\/2020\\\/12\\\/whatsapp-1789194_640.jpg\",\"@id\":\"https:\\\/\\\/candas365.es\\\/noticias\\\/proyecto-participativo-diagnostico-joven-en-carreno\\\/#mainImage\",\"width\":640,\"height\":426},\"primaryImageOfPage\":{\"@id\":\"https:\\\/\\\/candas365.es\\\/noticias\\\/proyecto-participativo-diagnostico-joven-en-carreno\\\/#mainImage\"},\"datePublished\":\"2020-12-02T20:12:05+01:00\",\"dateModified\":\"2020-12-02T20:12:05+01:00\"},{\"@type\":\"WebSite\",\"@id\":\"https:\\\/\\\/candas365.es\\\/noticias\\\/#website\",\"url\":\"https:\\\/\\\/candas365.es\\\/noticias\\\/\",\"name\":\"Cand\\u00e1s 365\",\"alternateName\":\"Cand\\u00e1s 365 Noticias\",\"description\":\"Actualidad desde Carre\\u00f1o para el mundo\",\"inLanguage\":\"es-ES\",\"publisher\":{\"@id\":\"https:\\\/\\\/candas365.es\\\/noticias\\\/#organization\"}}]}\n\t\t<\/script>\n\t\t<!-- All in One SEO Pro -->\r\n\t\t<title>Proyecto participativo \u201cDiagn\u00f3stico Joven\u201d, en Carre\u00f1o | Cand\u00e1s 365<\/title>\n\n","aioseo_head_json":{"title":"Proyecto participativo \u201cDiagn\u00f3stico Joven\u201d, en Carre\u00f1o | Cand\u00e1s 365","description":"El enlace para participar en la encuesta sobre ocio en Carre\u00f1o est\u00e1 ya disponible y podr\u00e1n participar j\u00f3venes del municipio con edades entre los 13 y 30 a\u00f1os","canonical_url":"https:\/\/candas365.es\/noticias\/proyecto-participativo-diagnostico-joven-en-carreno\/","robots":"max-image-preview:large","keywords":"carre\u00f1o,noticias cand\u00e1s,juventud,noticias carre\u00f1o","webmasterTools":{"google-site-verification":"UA-32230408-1","msvalidate.01":"354F3CDFB2DA171B47FBE9ABF1F88D5","miscellaneous":""},"schema":{"@context":"https:\/\/schema.org","@graph":[{"@type":"BreadcrumbList","@id":"https:\/\/candas365.es\/noticias\/proyecto-participativo-diagnostico-joven-en-carreno\/#breadcrumblist","itemListElement":[{"@type":"ListItem","@id":"https:\/\/candas365.es\/noticias#listItem","position":1,"name":"Home","item":"https:\/\/candas365.es\/noticias","nextItem":{"@type":"ListItem","@id":"https:\/\/candas365.es\/noticias\/category\/noticias-carreno\/#listItem","name":"Noticias Carre\u00f1o"}},{"@type":"ListItem","@id":"https:\/\/candas365.es\/noticias\/category\/noticias-carreno\/#listItem","position":2,"name":"Noticias Carre\u00f1o","item":"https:\/\/candas365.es\/noticias\/category\/noticias-carreno\/","nextItem":{"@type":"ListItem","@id":"https:\/\/candas365.es\/noticias\/proyecto-participativo-diagnostico-joven-en-carreno\/#listItem","name":"Proyecto participativo \u201cDiagn\u00f3stico Joven\u201d, en Carre\u00f1o"},"previousItem":{"@type":"ListItem","@id":"https:\/\/candas365.es\/noticias#listItem","name":"Home"}},{"@type":"ListItem","@id":"https:\/\/candas365.es\/noticias\/proyecto-participativo-diagnostico-joven-en-carreno\/#listItem","position":3,"name":"Proyecto participativo \u201cDiagn\u00f3stico Joven\u201d, en Carre\u00f1o","previousItem":{"@type":"ListItem","@id":"https:\/\/candas365.es\/noticias\/category\/noticias-carreno\/#listItem","name":"Noticias Carre\u00f1o"}}]},{"@type":"NewsArticle","@id":"https:\/\/candas365.es\/noticias\/proyecto-participativo-diagnostico-joven-en-carreno\/#newsarticle","name":"Proyecto participativo \u201cDiagn\u00f3stico Joven\u201d, en Carre\u00f1o | Cand\u00e1s 365","headline":"Proyecto participativo \u201cDiagn\u00f3stico Joven\u201d, en Carre\u00f1o","author":{"@id":"https:\/\/candas365.es\/noticias\/author\/admin\/#author"},"publisher":{"@id":"https:\/\/candas365.es\/noticias\/#organization"},"image":{"@type":"ImageObject","url":"https:\/\/candas365.es\/noticias\/wp-content\/uploads\/2020\/12\/whatsapp-1789194_640.jpg","width":640,"height":426},"datePublished":"2020-12-02T20:12:05+01:00","dateModified":"2020-12-02T20:12:05+01:00","inLanguage":"es-ES","mainEntityOfPage":{"@id":"https:\/\/candas365.es\/noticias\/proyecto-participativo-diagnostico-joven-en-carreno\/#webpage"},"isPartOf":{"@id":"https:\/\/candas365.es\/noticias\/proyecto-participativo-diagnostico-joven-en-carreno\/#webpage"},"articleSection":"Noticias Carre\u00f1o","dateline":"Publicado el diciembre 2, 2020."},{"@type":"Organization","@id":"https:\/\/candas365.es\/noticias\/#organization","name":"Cand\u00e1s 365","description":"Cand\u00e1s 365 es un diario digital independiente, fundado en 2012, con base en Asturias. Informamos con rigor sobre actualidad, sociedad, cultura y ocio, con una mirada local y global.","url":"https:\/\/candas365.es\/noticias\/","email":"info@candas365.es","telephone":"+34652131393","foundingDate":"2012-06-10","logo":{"@type":"ImageObject","url":"https:\/\/candas365.es\/noticias\/wp-content\/uploads\/2024\/09\/Candas-365-Redes.jpg","@id":"https:\/\/candas365.es\/noticias\/proyecto-participativo-diagnostico-joven-en-carreno\/#organizationLogo","width":1152,"height":864,"caption":"Cand\u00e1s 365 Redes"},"image":{"@id":"https:\/\/candas365.es\/noticias\/proyecto-participativo-diagnostico-joven-en-carreno\/#organizationLogo"},"sameAs":["https:\/\/www.facebook.com\/Nachofdezber","https:\/\/x.com\/NabercoDigital","https:\/\/www.instagram.com\/nachofdezber\/","https:\/\/www.youtube.com\/channel\/UCZP-2wLEB9Rv6erhFmqVnvg"],"address":{"@id":"https:\/\/candas365.es\/noticias\/#postaladdress","@type":"PostalAddress","streetAddress":"san antonio 4, san antonio 4","postalCode":"33430","addressLocality":"Cand\u00e1s","addressRegion":"Asturias","addressCountry":"ES"}},{"@type":"Person","@id":"https:\/\/candas365.es\/noticias\/author\/admin\/#author","url":"https:\/\/candas365.es\/noticias\/author\/admin\/","name":"Cand\u00e1s 365","image":{"@type":"ImageObject","@id":"https:\/\/candas365.es\/noticias\/proyecto-participativo-diagnostico-joven-en-carreno\/#authorImage","url":"https:\/\/secure.gravatar.com\/avatar\/496a8e03d0c493ede1718b7934145dbdf8d89be1036b0eec9544e1094c9de390?s=96&d=mm&r=g","width":96,"height":96,"caption":"Cand\u00e1s 365"},"sameAs":["https:\/\/www.facebook.com\/carrenoactualidad","https:\/\/twitter.com\/nbasturias","https:\/\/www.instagram.com\/nachofdezber\/","https:\/\/www.youtube.com\/channel\/UCZP-2wLEB9Rv6erhFmqVnvg"]},{"@type":"WebPage","@id":"https:\/\/candas365.es\/noticias\/proyecto-participativo-diagnostico-joven-en-carreno\/#webpage","url":"https:\/\/candas365.es\/noticias\/proyecto-participativo-diagnostico-joven-en-carreno\/","name":"Proyecto participativo \u201cDiagn\u00f3stico Joven\u201d, en Carre\u00f1o | Cand\u00e1s 365","description":"El enlace para participar en la encuesta sobre ocio en Carre\u00f1o est\u00e1 ya disponible y podr\u00e1n participar j\u00f3venes del municipio con edades entre los 13 y 30 a\u00f1os","inLanguage":"es-ES","isPartOf":{"@id":"https:\/\/candas365.es\/noticias\/#website"},"breadcrumb":{"@id":"https:\/\/candas365.es\/noticias\/proyecto-participativo-diagnostico-joven-en-carreno\/#breadcrumblist"},"author":{"@id":"https:\/\/candas365.es\/noticias\/author\/admin\/#author"},"creator":{"@id":"https:\/\/candas365.es\/noticias\/author\/admin\/#author"},"image":{"@type":"ImageObject","url":"https:\/\/candas365.es\/noticias\/wp-content\/uploads\/2020\/12\/whatsapp-1789194_640.jpg","@id":"https:\/\/candas365.es\/noticias\/proyecto-participativo-diagnostico-joven-en-carreno\/#mainImage","width":640,"height":426},"primaryImageOfPage":{"@id":"https:\/\/candas365.es\/noticias\/proyecto-participativo-diagnostico-joven-en-carreno\/#mainImage"},"datePublished":"2020-12-02T20:12:05+01:00","dateModified":"2020-12-02T20:12:05+01:00"},{"@type":"WebSite","@id":"https:\/\/candas365.es\/noticias\/#website","url":"https:\/\/candas365.es\/noticias\/","name":"Cand\u00e1s 365","alternateName":"Cand\u00e1s 365 Noticias","description":"Actualidad desde Carre\u00f1o para el mundo","inLanguage":"es-ES","publisher":{"@id":"https:\/\/candas365.es\/noticias\/#organization"}}]},"og:locale":"es_ES","og:site_name":"Cand\u00e1s 365","og:type":"article","og:title":"Proyecto participativo \u201cDiagn\u00f3stico Joven\u201d, en Carre\u00f1o | Cand\u00e1s 365","og:description":"El enlace para participar en la encuesta sobre ocio en Carre\u00f1o est\u00e1 ya disponible y podr\u00e1n participar j\u00f3venes del municipio con edades entre los 13 y 30 a\u00f1os","og:url":"https:\/\/candas365.es\/noticias\/proyecto-participativo-diagnostico-joven-en-carreno\/","og:image":"https:\/\/candas365.es\/noticias\/wp-content\/uploads\/2020\/12\/whatsapp-1789194_640.jpg","og:image:secure_url":"https:\/\/candas365.es\/noticias\/wp-content\/uploads\/2020\/12\/whatsapp-1789194_640.jpg","og:image:width":640,"og:image:height":426,"article:published_time":"2020-12-02T20:12:05+00:00","article:modified_time":"2020-12-02T20:12:05+00:00","article:publisher":"https:\/\/www.facebook.com\/Nachofdezber","article:author":"https:\/\/www.facebook.com\/carrenoactualidad","twitter:card":"summary_large_image","twitter:site":"@NabercoDigital","twitter:title":"Proyecto participativo \u201cDiagn\u00f3stico Joven\u201d, en Carre\u00f1o | Cand\u00e1s 365","twitter:description":"El enlace para participar en la encuesta sobre ocio en Carre\u00f1o est\u00e1 ya disponible y podr\u00e1n participar j\u00f3venes del municipio con edades entre los 13 y 30 a\u00f1os","twitter:creator":"@nbasturias","twitter:image":"https:\/\/candas365.es\/noticias\/wp-content\/uploads\/2020\/12\/whatsapp-1789194_640.jpg","twitter:label1":"Escrito por","twitter:data1":"Cand\u00e1s 365","twitter:label2":"Tiempo de lectura estimado","twitter:data2":"3 minutos"},"aioseo_meta_data":{"post_id":"149120","title":"Proyecto participativo \u201cDiagn\u00f3stico Joven\u201d, en Carre\u00f1o | #site_title","description":"El enlace para participar en la encuesta sobre ocio en Carre\u00f1o est\u00e1 ya disponible y podr\u00e1n participar j\u00f3venes del municipio con edades entre los 13 y 30 a\u00f1os","keywords":[{"label":"Carre\u00f1o","value":"Carre\u00f1o"},{"label":"Noticias Cand\u00e1s","value":"Noticias Cand\u00e1s"},{"label":"juventud","value":"juventud"}],"keyphrases":null,"primary_term":null,"canonical_url":"","og_title":null,"og_description":null,"og_object_type":"default","og_image_type":"default","og_image_url":null,"og_image_width":null,"og_image_height":null,"og_image_custom_url":null,"og_image_custom_fields":null,"og_video":null,"og_custom_url":null,"og_article_section":null,"og_article_tags":null,"twitter_use_og":false,"twitter_card":"default","twitter_image_type":"default","twitter_image_url":null,"twitter_image_custom_url":null,"twitter_image_custom_fields":null,"twitter_title":null,"twitter_description":null,"schema":{"blockGraphs":[],"customGraphs":[],"default":{"data":{"Article":[],"Course":[],"Dataset":[],"FAQPage":[],"Movie":[],"Person":[],"Product":[],"ProductReview":[],"Car":[],"Recipe":[],"Service":[],"SoftwareApplication":[],"WebPage":[]},"graphName":"","isEnabled":true},"graphs":[]},"schema_type":null,"schema_type_options":null,"pillar_content":false,"robots_default":true,"robots_noindex":false,"robots_noarchive":false,"robots_nosnippet":false,"robots_nofollow":false,"robots_noimageindex":false,"robots_noodp":false,"robots_notranslate":false,"robots_max_snippet":null,"robots_max_videopreview":null,"robots_max_imagepreview":"large","priority":null,"frequency":null,"location":null,"local_seo":null,"seo_analyzer_scan_date":"2025-08-31 14:25:15","breadcrumb_settings":null,"limit_modified_date":false,"reviewed_by":null,"open_ai":null,"ai":null,"created":"2020-12-21 10:37:57","updated":"2025-08-31 14:25:15"},"aioseo_breadcrumb":"<div class=\"aioseo-breadcrumbs\"><span class=\"aioseo-breadcrumb\">\n\t<a href=\"https:\/\/candas365.es\/noticias\" title=\"Home\">Home<\/a>\n<\/span><span class=\"aioseo-breadcrumb-separator\">&ndash;<\/span><span class=\"aioseo-breadcrumb\">\n\t<a href=\"https:\/\/candas365.es\/noticias\/category\/noticias-carreno\/\" title=\"Noticias Carre\u00f1o\">Noticias Carre\u00f1o<\/a>\n<\/span><span class=\"aioseo-breadcrumb-separator\">&ndash;<\/span><span class=\"aioseo-breadcrumb\">\n\tProyecto participativo \u201cDiagn\u00f3stico Joven\u201d, en Carre\u00f1o\n<\/span><\/div>","aioseo_breadcrumb_json":[{"label":"Home","link":"https:\/\/candas365.es\/noticias"},{"label":"Noticias Carre\u00f1o","link":"https:\/\/candas365.es\/noticias\/category\/noticias-carreno\/"},{"label":"Proyecto participativo \u201cDiagn\u00f3stico Joven\u201d, en Carre\u00f1o","link":"https:\/\/candas365.es\/noticias\/proyecto-participativo-diagnostico-joven-en-carreno\/"}],"_links":{"self":[{"href":"https:\/\/candas365.es\/noticias\/wp-json\/wp\/v2\/posts\/149120","targetHints":{"allow":["GET"]}}],"collection":[{"href":"https:\/\/candas365.es\/noticias\/wp-json\/wp\/v2\/posts"}],"about":[{"href":"https:\/\/candas365.es\/noticias\/wp-json\/wp\/v2\/types\/post"}],"author":[{"embeddable":true,"href":"https:\/\/candas365.es\/noticias\/wp-json\/wp\/v2\/users\/1"}],"replies":[{"embeddable":true,"href":"https:\/\/candas365.es\/noticias\/wp-json\/wp\/v2\/comments?post=149120"}],"version-history":[{"count":0,"href":"https:\/\/candas365.es\/noticias\/wp-json\/wp\/v2\/posts\/149120\/revisions"}],"wp:featuredmedia":[{"embeddable":true,"href":"https:\/\/candas365.es\/noticias\/wp-json\/wp\/v2\/media\/149121"}],"wp:attachment":[{"href":"https:\/\/candas365.es\/noticias\/wp-json\/wp\/v2\/media?parent=149120"}],"wp:term":[{"taxonomy":"category","embeddable":true,"href":"https:\/\/candas365.es\/noticias\/wp-json\/wp\/v2\/categories?post=149120"},{"taxonomy":"post_tag","embeddable":true,"href":"https:\/\/candas365.es\/noticias\/wp-json\/wp\/v2\/tags?post=149120"}],"curies":[{"name":"wp","href":"https:\/\/api.w.org\/{rel}","templated":true}]}}